{"id":65816,"date":"2024-09-13T21:28:33","date_gmt":"2024-09-14T00:28:33","guid":{"rendered":"https:\/\/ismaelcolosi.com.br\/index.php\/2024\/09\/13\/com-tres-a-menos-novorizontino-vence-o-botafogo-por-2-a-0\/"},"modified":"2024-09-13T21:28:33","modified_gmt":"2024-09-14T00:28:33","slug":"com-tres-a-menos-novorizontino-vence-o-botafogo-por-2-a-0","status":"publish","type":"post","link":"https:\/\/ismaelcolosi.com.br\/index.php\/2024\/09\/13\/com-tres-a-menos-novorizontino-vence-o-botafogo-por-2-a-0\/","title":{"rendered":"Com tr\u00eas a menos, Novorizontino vence o Botafogo por 2 a 0"},"content":{"rendered":"<p> <br \/>\n<\/p>\n<div data-td-block-uid=\"tdi_106\">\n<div class=\"tdb-block-inner td-fix-index\">\n<p>O <strong>Botafogo <\/strong>perdeu por 2 a 0 para o <strong>Novorizontino<\/strong>, na noite desta sexta-feira (13), pela <strong>26\u00aa rodada da S\u00e9rie B do Campeonato Brasileiro<\/strong>. A partida foi realizada no est\u00e1dio Jorge Ismael de Biasi, em <strong>Novo Horizonte<\/strong>.<\/p>\n<p>Quem abriu o placar para o<strong> Tigre do Vale<\/strong> foi o lateral Waguininho, aos 10 minutos do primeiro tempo. <mark style=\"background-color:#fcb900\" class=\"has-inline-color\">O jogador repetiu o feito e marcou mais um aos 45 minutos.<\/mark><\/p>\n<p><strong>Quatro jogadores foram expulsos<\/strong> durante a partida, sendo <strong>tr\u00eas dos donos da casa<\/strong> e <strong>um do visitante<\/strong>:<\/p>\n<ul>\n<li>O zagueiro <strong>Luis\u00e3o <\/strong>foi expulso da partida aos 25 minutos. J\u00e1 no segundo tempo, o atacante <strong>Neto <\/strong>e o respons\u00e1vel pelos gols da partida, <strong>Waguininho<\/strong>, foram expulsos aos 18 e 36 minutos, respectivamente.<\/li>\n<\/ul>\n<ul>\n<li>Ap\u00f3s dois cart\u00f5es amarelos, <strong>Wallison<\/strong>, lateral do <strong>Tricolor<\/strong>, foi expulso aos 35 minutos do primeiro tempo.<\/li>\n<\/ul>\n<h3 class=\"wp-block-heading\"><strong>Como fica?<\/strong><\/h3>\n<p>Com o resultado, o <strong>Botafogo <\/strong>se mantem na <strong>13\u00ba posi\u00e7\u00e3o na tabela<\/strong>, com <strong>30 pontos<\/strong>. J\u00e1 o <strong>Novorizontino <\/strong>segue na <strong>lideran\u00e7a da S\u00e9rie B<\/strong>, com <strong>47 pontos<\/strong>.<\/p>\n<p>O <strong>Tricolor <\/strong>encara o <strong>Santos<\/strong> na quinta-feira (19), a partir das 21h30, no est\u00e1dio Santa Cruz, em <strong>Ribeir\u00e3o Preto.<\/strong> Os ingressos para a disputa j\u00e1 est\u00e3o dispon\u00edveis.<\/p>\n<hr class=\"wp-block-separator has-alpha-channel-opacity\"\/>\n<p>SAIBA MAIS<\/p>\n<p>USP de Ribeir\u00e3o Preto tem vagas para aulas gratuitas de nata\u00e7\u00e3o para crian\u00e7as<\/p>\n<h4 class=\"wp-block-heading\"><strong>FIQUE ON<\/strong><\/h4>\n<p>Fique ligado em tudo que acontece em Ribeir\u00e3o Preto e regi\u00e3o. Siga os perfis do<strong>\u00a0acidade on\u00a0<\/strong>no\u00a0<a href=\"https:\/\/www.instagram.com\/acidadeonribeirao\" target=\"_blank\" rel=\"noreferrer noopener\">Instagram<\/a>\u00a0e no\u00a0<a href=\"https:\/\/www.facebook.com\/acidadeonribeirao\/\" target=\"_blank\" rel=\"noreferrer noopener\">Facebook.<\/a><\/p>\n<p>Receba not\u00edcias do<strong>\u00a0acidade on<\/strong>\u00a0no WhatsApp.\u00a0<a href=\"https:\/\/chat.whatsapp.com\/Dtv9mxhy6V5BJBotM2OQ5k\" target=\"_blank\" rel=\"noreferrer noopener\">Para entrar no grupo, basta clicar aqui.<\/a><\/p>\n<p>Fa\u00e7a uma den\u00fancia ou sugira uma reportagem sobre Ribeir\u00e3o Preto e regi\u00e3o pelo WhatsApp: 16 99117 7802.<\/p>\n<p>VEJA TAMB\u00c9M<\/p>\n<p>Quando Memphis Depay estreia no Corinthians?<\/p>\n<p><!-- CONTENT END 1 -->\n<\/div>\n<\/div>\n<p><script async src=\"\/\/www.instagram.com\/embed.js\"><\/script><br \/>\n<br \/><br \/>\n<br \/><a href=\"https:\/\/www.acidadeon.com\/ribeiraopreto\/esportes\/com-tres-a-menos-novorizontino-vence-o-botafogo-por-2-a-0\/\">Source link <\/a><\/p>\n","protected":false},"excerpt":{"rendered":"<p>O Botafogo perdeu por 2 a 0 para o Novorizontino, na noite desta sexta-feira (13), pela 26\u00aa rodada da S\u00e9rie B do Campeonato Brasileiro. A&#8230;<\/p>\n","protected":false},"author":1,"featured_media":65817,"comment_status":"open","ping_status":"open","sticky":false,"template":"","format":"standard","meta":{"_uag_custom_page_level_css":"","advanced_seo_description":"","jetpack_seo_html_title":"","jetpack_seo_noindex":false,"jetpack_post_was_ever_published":false,"_jetpack_newsletter_access":"","_jetpack_dont_email_post_to_subs":false,"_jetpack_newsletter_tier_id":0,"_jetpack_memberships_contains_paywalled_content":false,"_jetpack_memberships_contains_paid_content":false,"footnotes":"","jetpack_publicize_message":"","jetpack_publicize_feature_enabled":true,"jetpack_social_post_already_shared":true,"jetpack_social_options":{"image_generator_settings":{"template":"highway","default_image_id":0,"font":"","enabled":false},"version":2}},"categories":[11],"tags":[],"class_list":["post-65816","post","type-post","status-publish","format-standard","has-post-thumbnail","hentry","category-noticias-de-ribeirao-preto-sp-e-regiao-ismael-colosi"],"jetpack_publicize_connections":[],"jetpack_featured_media_url":"https:\/\/i0.wp.com\/ismaelcolosi.com.br\/wp-content\/uploads\/2024\/09\/WhatsApp-Image-2024-09-13-at-19.58.57_2024-09-13_23-53-29_jpeg_2024-09-13_23-53-29.webp.webp?fit=1600%2C1066&ssl=1","uagb_featured_image_src":{"full":["https:\/\/i0.wp.com\/ismaelcolosi.com.br\/wp-content\/uploads\/2024\/09\/WhatsApp-Image-2024-09-13-at-19.58.57_2024-09-13_23-53-29_jpeg_2024-09-13_23-53-29.webp.webp?fit=1600%2C1066&ssl=1",1600,1066,false],"thumbnail":["https:\/\/i0.wp.com\/ismaelcolosi.com.br\/wp-content\/uploads\/2024\/09\/WhatsApp-Image-2024-09-13-at-19.58.57_2024-09-13_23-53-29_jpeg_2024-09-13_23-53-29.webp.webp?resize=150%2C150&ssl=1",150,150,true],"medium":["https:\/\/i0.wp.com\/ismaelcolosi.com.br\/wp-content\/uploads\/2024\/09\/WhatsApp-Image-2024-09-13-at-19.58.57_2024-09-13_23-53-29_jpeg_2024-09-13_23-53-29.webp.webp?fit=300%2C200&ssl=1",300,200,true],"medium_large":["https:\/\/i0.wp.com\/ismaelcolosi.com.br\/wp-content\/uploads\/2024\/09\/WhatsApp-Image-2024-09-13-at-19.58.57_2024-09-13_23-53-29_jpeg_2024-09-13_23-53-29.webp.webp?fit=768%2C512&ssl=1",768,512,true],"large":["https:\/\/i0.wp.com\/ismaelcolosi.com.br\/wp-content\/uploads\/2024\/09\/WhatsApp-Image-2024-09-13-at-19.58.57_2024-09-13_23-53-29_jpeg_2024-09-13_23-53-29.webp.webp?fit=1024%2C682&ssl=1",1024,682,true],"1536x1536":["https:\/\/i0.wp.com\/ismaelcolosi.com.br\/wp-content\/uploads\/2024\/09\/WhatsApp-Image-2024-09-13-at-19.58.57_2024-09-13_23-53-29_jpeg_2024-09-13_23-53-29.webp.webp?fit=1536%2C1023&ssl=1",1536,1023,true],"2048x2048":["https:\/\/i0.wp.com\/ismaelcolosi.com.br\/wp-content\/uploads\/2024\/09\/WhatsApp-Image-2024-09-13-at-19.58.57_2024-09-13_23-53-29_jpeg_2024-09-13_23-53-29.webp.webp?fit=1600%2C1066&ssl=1",1600,1066,true],"really-simple-thumb":["https:\/\/i0.wp.com\/ismaelcolosi.com.br\/wp-content\/uploads\/2024\/09\/WhatsApp-Image-2024-09-13-at-19.58.57_2024-09-13_23-53-29_jpeg_2024-09-13_23-53-29.webp.webp?resize=370%2C247&ssl=1",370,247,true]},"uagb_author_info":{"display_name":"ismaelcolosi.com.br","author_link":"https:\/\/ismaelcolosi.com.br\/index.php\/author\/vidareal-online\/"},"uagb_comment_info":0,"uagb_excerpt":"O Botafogo perdeu por 2 a 0 para o Novorizontino, na noite desta sexta-feira (13), pela 26\u00aa rodada da S\u00e9rie B do Campeonato Brasileiro. A...","jetpack-related-posts":[{"id":36770,"url":"https:\/\/ismaelcolosi.com.br\/index.php\/2024\/02\/12\/botafogo-perde-para-inter-de-limeira-e-chega-a-tres-partidas-sem-vencer\/","url_meta":{"origin":65816,"position":0},"title":"Botafogo perde para Inter de Limeira e chega a tr\u00eas partidas sem vencer","author":"ismaelcolosi.com.br","date":"12 de February de 2024","format":false,"excerpt":"O Botafogo perdeu por 2 a 0 para Inter de Limeira na tarde deste domingo (11), no est\u00e1dio Major Levy Sobrinho, em Limeira. A partida foi v\u00e1lida pela s\u00e9tima rodada da primeira fase do Campeonato Paulista 2024. A equipe de Ribeir\u00e3o Preto n\u00e3o vence h\u00e1 tr\u00eas partidas. Os gols da\u2026","rel":"","context":"In &quot;Not\u00edcias de Ribeir\u00e3o Preto-SP e Regi\u00e3o&quot;","block_context":{"text":"Not\u00edcias de Ribeir\u00e3o Preto-SP e Regi\u00e3o","link":"https:\/\/ismaelcolosi.com.br\/index.php\/category\/noticias-de-ribeirao-preto-sp-e-regiao-ismael-colosi\/"},"img":{"alt_text":"","src":"https:\/\/i0.wp.com\/ismaelcolosi.com.br\/wp-content\/uploads\/2024\/02\/botafogo-inter.jpeg?fit=1200%2C800&ssl=1&resize=350%2C200","width":350,"height":200,"srcset":"https:\/\/i0.wp.com\/ismaelcolosi.com.br\/wp-content\/uploads\/2024\/02\/botafogo-inter.jpeg?fit=1200%2C800&ssl=1&resize=350%2C200 1x, https:\/\/i0.wp.com\/ismaelcolosi.com.br\/wp-content\/uploads\/2024\/02\/botafogo-inter.jpeg?fit=1200%2C800&ssl=1&resize=525%2C300 1.5x, https:\/\/i0.wp.com\/ismaelcolosi.com.br\/wp-content\/uploads\/2024\/02\/botafogo-inter.jpeg?fit=1200%2C800&ssl=1&resize=700%2C400 2x, https:\/\/i0.wp.com\/ismaelcolosi.com.br\/wp-content\/uploads\/2024\/02\/botafogo-inter.jpeg?fit=1200%2C800&ssl=1&resize=1050%2C600 3x"},"classes":[]},{"id":51439,"url":"https:\/\/ismaelcolosi.com.br\/index.php\/2024\/05\/27\/botafogo-perde-para-o-novorizontino-com-gol-contra-em-ribeirao-preto\/","url_meta":{"origin":65816,"position":1},"title":"Botafogo perde para o Novorizontino com gol contra em Ribeir\u00e3o Preto","author":"ismaelcolosi.com.br","date":"27 de May de 2024","format":false,"excerpt":"O Botafogo perdeu para o Novorizontino por 1 x 0, em partida realizada na noite desta segunda-feira (27), no est\u00e1dio Santa Cruz Arena Nicnet, em Ribeir\u00e3o Preto. Essa foi a 7\u00aa rodada do Campeonato Brasileiro da S\u00e9rie B. O volante Carlos Emanuel marcou um gol contra aos 43 minutos do\u2026","rel":"","context":"In &quot;Not\u00edcias de Ribeir\u00e3o Preto-SP e Regi\u00e3o&quot;","block_context":{"text":"Not\u00edcias de Ribeir\u00e3o Preto-SP e Regi\u00e3o","link":"https:\/\/ismaelcolosi.com.br\/index.php\/category\/noticias-de-ribeirao-preto-sp-e-regiao-ismael-colosi\/"},"img":{"alt_text":"","src":"https:\/\/i0.wp.com\/ismaelcolosi.com.br\/wp-content\/uploads\/2024\/05\/4bcf6887-4d56-4500-828b-163502cfbaa6_2024-05-28_01-00-14_jpeg_2024-05-28_01-00-14.webp.webp?fit=1200%2C800&ssl=1&resize=350%2C200","width":350,"height":200,"srcset":"https:\/\/i0.wp.com\/ismaelcolosi.com.br\/wp-content\/uploads\/2024\/05\/4bcf6887-4d56-4500-828b-163502cfbaa6_2024-05-28_01-00-14_jpeg_2024-05-28_01-00-14.webp.webp?fit=1200%2C800&ssl=1&resize=350%2C200 1x, https:\/\/i0.wp.com\/ismaelcolosi.com.br\/wp-content\/uploads\/2024\/05\/4bcf6887-4d56-4500-828b-163502cfbaa6_2024-05-28_01-00-14_jpeg_2024-05-28_01-00-14.webp.webp?fit=1200%2C800&ssl=1&resize=525%2C300 1.5x, https:\/\/i0.wp.com\/ismaelcolosi.com.br\/wp-content\/uploads\/2024\/05\/4bcf6887-4d56-4500-828b-163502cfbaa6_2024-05-28_01-00-14_jpeg_2024-05-28_01-00-14.webp.webp?fit=1200%2C800&ssl=1&resize=700%2C400 2x, https:\/\/i0.wp.com\/ismaelcolosi.com.br\/wp-content\/uploads\/2024\/05\/4bcf6887-4d56-4500-828b-163502cfbaa6_2024-05-28_01-00-14_jpeg_2024-05-28_01-00-14.webp.webp?fit=1200%2C800&ssl=1&resize=1050%2C600 3x"},"classes":[]},{"id":34394,"url":"https:\/\/ismaelcolosi.com.br\/index.php\/2024\/02\/01\/botafogo-sofre-com-um-a-menos-mas-vence-santo-andre\/","url_meta":{"origin":65816,"position":2},"title":"Botafogo sofre com um a menos, mas vence Santo Andr\u00e9","author":"ismaelcolosi.com.br","date":"1 de February de 2024","format":false,"excerpt":"O Botafogo conquistou sua segunda vit\u00f3ria no Paulist\u00e3o 2024, ap\u00f3s suar a camisa para defender o resultado. O gol de Alex Sandro trouxe tranquilidade para o Tricolor na partida, mas a expuls\u00e3o de F\u00e1bio Sanches, aos 23 minutos do segundo tempo, animou o Santo Andr\u00e9, que pressionou o Pantera at\u00e9\u2026","rel":"","context":"In &quot;Not\u00edcias de Ribeir\u00e3o Preto-SP e Regi\u00e3o&quot;","block_context":{"text":"Not\u00edcias de Ribeir\u00e3o Preto-SP e Regi\u00e3o","link":"https:\/\/ismaelcolosi.com.br\/index.php\/category\/noticias-de-ribeirao-preto-sp-e-regiao-ismael-colosi\/"},"img":{"alt_text":"","src":"https:\/\/i0.wp.com\/ismaelcolosi.com.br\/wp-content\/uploads\/2024\/02\/1706827424113-scaled.jpg?fit=967%2C645&ssl=1&resize=350%2C200","width":350,"height":200,"srcset":"https:\/\/i0.wp.com\/ismaelcolosi.com.br\/wp-content\/uploads\/2024\/02\/1706827424113-scaled.jpg?fit=967%2C645&ssl=1&resize=350%2C200 1x, https:\/\/i0.wp.com\/ismaelcolosi.com.br\/wp-content\/uploads\/2024\/02\/1706827424113-scaled.jpg?fit=967%2C645&ssl=1&resize=525%2C300 1.5x, https:\/\/i0.wp.com\/ismaelcolosi.com.br\/wp-content\/uploads\/2024\/02\/1706827424113-scaled.jpg?fit=967%2C645&ssl=1&resize=700%2C400 2x"},"classes":[]},{"id":36730,"url":"https:\/\/ismaelcolosi.com.br\/index.php\/2024\/02\/11\/botafogo-perde-em-limeira\/","url_meta":{"origin":65816,"position":3},"title":"Botafogo perde em Limeira &#8211; Jornal Tribuna Ribeir\u00e3o","author":"ismaelcolosi.com.br","date":"11 de February de 2024","format":false,"excerpt":"11 de fevereiro de 2024 | 18:23 0O Botafogo perdeu para a Internacional de Limeira na tarde deste domingo (11), por 2 a 0, pela s\u00e9tima rodada do Campeonato Paulista. O confronto foi realizado no est\u00e1dio Major Levy Sobrinho, em Limeira.Os dois gols da partida foram marcados na primeira etapa.\u2026","rel":"","context":"In &quot;Not\u00edcias de Ribeir\u00e3o Preto-SP e Regi\u00e3o&quot;","block_context":{"text":"Not\u00edcias de Ribeir\u00e3o Preto-SP e Regi\u00e3o","link":"https:\/\/ismaelcolosi.com.br\/index.php\/category\/noticias-de-ribeirao-preto-sp-e-regiao-ismael-colosi\/"},"img":{"alt_text":"","src":"https:\/\/i0.wp.com\/ismaelcolosi.com.br\/wp-content\/uploads\/2024\/02\/bota_inter-scaled.jpg?fit=968%2C645&ssl=1&resize=350%2C200","width":350,"height":200,"srcset":"https:\/\/i0.wp.com\/ismaelcolosi.com.br\/wp-content\/uploads\/2024\/02\/bota_inter-scaled.jpg?fit=968%2C645&ssl=1&resize=350%2C200 1x, https:\/\/i0.wp.com\/ismaelcolosi.com.br\/wp-content\/uploads\/2024\/02\/bota_inter-scaled.jpg?fit=968%2C645&ssl=1&resize=525%2C300 1.5x, https:\/\/i0.wp.com\/ismaelcolosi.com.br\/wp-content\/uploads\/2024\/02\/bota_inter-scaled.jpg?fit=968%2C645&ssl=1&resize=700%2C400 2x"},"classes":[]},{"id":42515,"url":"https:\/\/ismaelcolosi.com.br\/index.php\/2024\/03\/15\/na-raca-botafogo-vence-e-se-classifica-na-copa-do-brasil\/","url_meta":{"origin":65816,"position":4},"title":"Na ra\u00e7a, Botafogo vence e se classifica na Copa do Brasil","author":"ismaelcolosi.com.br","date":"15 de March de 2024","format":false,"excerpt":"O Botafogo avan\u00e7ou mais uma vez na Copa do Brasil. Em jogo acirrado no Santa Cruz, o Tricolor buscou a virada e segurou a press\u00e3o do time do An\u00e1polis, que contou tamb\u00e9m com grande defesa de Michael em penalidade no final do segundo tempo.Os gols da partida foram marcados por\u2026","rel":"","context":"In &quot;Not\u00edcias de Ribeir\u00e3o Preto-SP e Regi\u00e3o&quot;","block_context":{"text":"Not\u00edcias de Ribeir\u00e3o Preto-SP e Regi\u00e3o","link":"https:\/\/ismaelcolosi.com.br\/index.php\/category\/noticias-de-ribeirao-preto-sp-e-regiao-ismael-colosi\/"},"img":{"alt_text":"","src":"https:\/\/i0.wp.com\/ismaelcolosi.com.br\/wp-content\/uploads\/2024\/03\/1710465782690-scaled.jpg?fit=967%2C645&ssl=1&resize=350%2C200","width":350,"height":200,"srcset":"https:\/\/i0.wp.com\/ismaelcolosi.com.br\/wp-content\/uploads\/2024\/03\/1710465782690-scaled.jpg?fit=967%2C645&ssl=1&resize=350%2C200 1x, https:\/\/i0.wp.com\/ismaelcolosi.com.br\/wp-content\/uploads\/2024\/03\/1710465782690-scaled.jpg?fit=967%2C645&ssl=1&resize=525%2C300 1.5x, https:\/\/i0.wp.com\/ismaelcolosi.com.br\/wp-content\/uploads\/2024\/03\/1710465782690-scaled.jpg?fit=967%2C645&ssl=1&resize=700%2C400 2x"},"classes":[]},{"id":58440,"url":"https:\/\/ismaelcolosi.com.br\/index.php\/2024\/07\/30\/botafogo-empata-com-avai-nos-acrescimos-do-segundo-tempo\/","url_meta":{"origin":65816,"position":5},"title":"Botafogo empata com Ava\u00ed nos acr\u00e9scimos do segundo tempo","author":"ismaelcolosi.com.br","date":"30 de July de 2024","format":false,"excerpt":"O Botafogo empatou, aos 52 minutos do segundo tempo, com o Ava\u00ed em 1 a 1 pela 18\u00aa rodada da S\u00e9rie B do Campeonato Brasileiro. O jogo aconteceu na noite desta ter\u00e7a-feira (30), no est\u00e1dio da Ressacada em Florian\u00f3polis. Mesmo com o empate, o Pantera segue na zona de rebaixamento.\u2026","rel":"","context":"In &quot;Not\u00edcias de Ribeir\u00e3o Preto-SP e Regi\u00e3o&quot;","block_context":{"text":"Not\u00edcias de Ribeir\u00e3o Preto-SP e Regi\u00e3o","link":"https:\/\/ismaelcolosi.com.br\/index.php\/category\/noticias-de-ribeirao-preto-sp-e-regiao-ismael-colosi\/"},"img":{"alt_text":"","src":"https:\/\/i0.wp.com\/ismaelcolosi.com.br\/wp-content\/uploads\/2024\/07\/Copia-de-Copia-de-TAMANHO-EXATO-PARA-FOTOS-NO-SISTEMA-NOVO_2024-07-31_02-28-20_png_2024-07-31_02-28-21.webp.webp?fit=1200%2C675&ssl=1&resize=350%2C200","width":350,"height":200,"srcset":"https:\/\/i0.wp.com\/ismaelcolosi.com.br\/wp-content\/uploads\/2024\/07\/Copia-de-Copia-de-TAMANHO-EXATO-PARA-FOTOS-NO-SISTEMA-NOVO_2024-07-31_02-28-20_png_2024-07-31_02-28-21.webp.webp?fit=1200%2C675&ssl=1&resize=350%2C200 1x, https:\/\/i0.wp.com\/ismaelcolosi.com.br\/wp-content\/uploads\/2024\/07\/Copia-de-Copia-de-TAMANHO-EXATO-PARA-FOTOS-NO-SISTEMA-NOVO_2024-07-31_02-28-20_png_2024-07-31_02-28-21.webp.webp?fit=1200%2C675&ssl=1&resize=525%2C300 1.5x, https:\/\/i0.wp.com\/ismaelcolosi.com.br\/wp-content\/uploads\/2024\/07\/Copia-de-Copia-de-TAMANHO-EXATO-PARA-FOTOS-NO-SISTEMA-NOVO_2024-07-31_02-28-20_png_2024-07-31_02-28-21.webp.webp?fit=1200%2C675&ssl=1&resize=700%2C400 2x, https:\/\/i0.wp.com\/ismaelcolosi.com.br\/wp-content\/uploads\/2024\/07\/Copia-de-Copia-de-TAMANHO-EXATO-PARA-FOTOS-NO-SISTEMA-NOVO_2024-07-31_02-28-20_png_2024-07-31_02-28-21.webp.webp?fit=1200%2C675&ssl=1&resize=1050%2C600 3x"},"classes":[]}],"jetpack_sharing_enabled":true,"jetpack_shortlink":"https:\/\/wp.me\/pfMlyK-h7y","_links":{"self":[{"href":"https:\/\/ismaelcolosi.com.br\/index.php\/wp-json\/wp\/v2\/posts\/65816","targetHints":{"allow":["GET"]}}],"collection":[{"href":"https:\/\/ismaelcolosi.com.br\/index.php\/wp-json\/wp\/v2\/posts"}],"about":[{"href":"https:\/\/ismaelcolosi.com.br\/index.php\/wp-json\/wp\/v2\/types\/post"}],"author":[{"embeddable":true,"href":"https:\/\/ismaelcolosi.com.br\/index.php\/wp-json\/wp\/v2\/users\/1"}],"replies":[{"embeddable":true,"href":"https:\/\/ismaelcolosi.com.br\/index.php\/wp-json\/wp\/v2\/comments?post=65816"}],"version-history":[{"count":0,"href":"https:\/\/ismaelcolosi.com.br\/index.php\/wp-json\/wp\/v2\/posts\/65816\/revisions"}],"wp:featuredmedia":[{"embeddable":true,"href":"https:\/\/ismaelcolosi.com.br\/index.php\/wp-json\/wp\/v2\/media\/65817"}],"wp:attachment":[{"href":"https:\/\/ismaelcolosi.com.br\/index.php\/wp-json\/wp\/v2\/media?parent=65816"}],"wp:term":[{"taxonomy":"category","embeddable":true,"href":"https:\/\/ismaelcolosi.com.br\/index.php\/wp-json\/wp\/v2\/categories?post=65816"},{"taxonomy":"post_tag","embeddable":true,"href":"https:\/\/ismaelcolosi.com.br\/index.php\/wp-json\/wp\/v2\/tags?post=65816"}],"curies":[{"name":"wp","href":"https:\/\/api.w.org\/{rel}","templated":true}]}}