{"id":65778,"date":"2024-09-13T17:22:05","date_gmt":"2024-09-13T20:22:05","guid":{"rendered":"https:\/\/ismaelcolosi.com.br\/index.php\/2024\/09\/13\/confira-o-que-mariana-negri-disse-na-entrevista-da-serie-entre-os-candidatos-a-prefeitura-de-franca\/"},"modified":"2024-09-13T17:22:05","modified_gmt":"2024-09-13T20:22:05","slug":"confira-o-que-mariana-negri-disse-na-entrevista-da-serie-entre-os-candidatos-a-prefeitura-de-franca","status":"publish","type":"post","link":"https:\/\/ismaelcolosi.com.br\/index.php\/2024\/09\/13\/confira-o-que-mariana-negri-disse-na-entrevista-da-serie-entre-os-candidatos-a-prefeitura-de-franca\/","title":{"rendered":"Confira o que Mariana Negri disse na entrevista da s\u00e9rie entre os candidatos \u00e0 Prefeitura de Franca"},"content":{"rendered":"<p> <br \/>\n<\/p>\n<div>\n<figure class=\"wp-block-embed is-type-video is-provider-youtube wp-block-embed-youtube wp-embed-aspect-4-3 wp-has-aspect-ratio\">\n<div class=\"wp-block-embed__wrapper\">\n<p><iframe loading=\"lazy\" title=\"Entrevista com o candidato \u00e0 Prefeitura de Franca Mariana Negri  (PT)\" width=\"500\" height=\"281\" src=\"https:\/\/www.youtube.com\/embed\/ccgr9fKy9hw?feature=oembed\" frameborder=\"0\" allow=\"accelerometer; autoplay; clipboard-write; encrypted-media; gyroscope; picture-in-picture; web-share\" referrerpolicy=\"strict-origin-when-cross-origin\" allowfullscreen><\/iframe><\/p>\n<\/div>\n<\/figure>\n<p>O <strong>acidade on Ribeir\u00e3o<\/strong> realiza nesta semana uma s\u00e9rie de entrevistas com os candidatos \u00e0 <strong>Prefeitura de Franca <\/strong>nas <strong>elei\u00e7\u00f5es 2024<\/strong>. Nesta sexta-feira (13) a entrevistada foi a advogada e servidora p\u00fablica <strong>Mariana Negri (PT) <\/strong>\u2013 veja o player acima.<\/p>\n<p>A sequ\u00eancia de entrevistas foi definida por ordem alfab\u00e9tica. Cinco candidatos ser\u00e3o sabatinados por 12 minutos. No s\u00e1bado (14), o candidato ter\u00e1 8 minutos de entrevista ao vivo. Outros candidatos na disputa ter\u00e3o entrevistas de 2 minutos veiculadas.<\/p>\n<p><strong>O seu programa de governo cita a implanta\u00e7\u00e3o da telemedicina, com a realiza\u00e7\u00e3o das consultas m\u00e9dicas virtuais na sa\u00fade p\u00fablica de Franca. Como seria isso e, na sua avalia\u00e7\u00e3o, \u00e9 uma medida eficaz?<\/strong><\/p>\n<ul>\n<li>\u00c9 uma medida que n\u00e3o atende as urg\u00eancias que o munic\u00edpio de Franca tem. N\u00f3s temos problemas grav\u00edssimos na sa\u00fade pra resolver imediatamente. Mas a telemedicina, para as consultas b\u00e1sicas, ela \u00e9 muito eficiente e muito econ\u00f4mica. A rede particular utiliza desde a pandemia, passou a pandemia e as redes particulares de Franca continuam ofertando a telemedicina e o estado pode ofertar tamb\u00e9m com um custo muito baixo, com uma comodidade imensa para popula\u00e7\u00e3o, com pequenas consultas, dor de garganta, sintomas gripais, coisas que inclusive ocupam as UPAs e os prontos socorros poderiam ser atendidos pela telemedicina nos moldes que os hospitais particulares j\u00e1 fazem com bastante sucesso. Eu sou usu\u00e1ria da telemedicina, eu tenho tr\u00eas filhos, ent\u00e3o a gente est\u00e1 sempre com alguma demanda dos filhos. Eu utilizo muito e eu acho que \u00e9 muito vi\u00e1vel que a gente oferte para a popula\u00e7\u00e3o. Ningu\u00e9m vai deixar de ter UBS com m\u00e9dico presencial, ele vai continuar l\u00e1, mas s\u00e3o para casos simples, para desafogar l\u00e1 na frente com custo baixo, estrutura baixa.<\/li>\n<\/ul>\n<p><strong>No seu plano est\u00e1 a constru\u00e7\u00e3o de uma UPA na regi\u00e3o Leste de Franca. Tem uma previs\u00e3o de qual bairro ela seria feia e quando seria entregue para a popula\u00e7\u00e3o?<\/strong><\/p>\n<ul>\n<li>O bairro a gente precisa ainda avaliar o melhor local, mas a regi\u00e3o Leste n\u00e3o \u00e9 atendida por uma UPA nas proximidades. Tem uma na zona Sul, uma na zona Oeste e o pronto socorro na zona Norte. E a zona Leste precisa de mais um equipamento, n\u00e3o s\u00f3 pela proximidade dos moradores de todo o entorno, mas para desafogar as outras UPAs que est\u00e3o trabalhando no limite. Eu estive duas vezes no Minist\u00e9rio da Sa\u00fade este ano justamente para conversar sobre a constru\u00e7\u00e3o dessa UPA e existe a demanda para Franca e existe um programa do Governo Federal para constru\u00e7\u00e3o da UPA. Acredito que a gente consiga liberar a constru\u00e7\u00e3o da UPA atrav\u00e9s do PAC j\u00e1 em 2025 e finalizar em 2026. Isso \u00e9 um prazo bastante razo\u00e1vel.<\/li>\n<\/ul>\n<p><strong>Na educa\u00e7\u00e3o, a sua proposta \u00e9 trazer uma unidade do Instituto Federal para Franca. H\u00e1 alguma \u00e1rea j\u00e1 destinada para abrigar a unidade e quais os cursos seriam pleiteados?<\/strong><\/p>\n<ul>\n<li>Alguns anos atr\u00e1s, quase foi um Instituto Federal para Franca, veio para Ribeir\u00e3o Preto. Foi justamente um problema do terreno que a prefeitura n\u00e3o conseguiu viabilizar uma \u00e1rea. Essa \u00e1rea tem que ser tamb\u00e9m estudada. Assumindo a prefeitura, a gente precisa fazer um grande estudo, inclusive de pr\u00e9dios e espa\u00e7os municipais, inclusive de vazios urbanos ali que a gente precisa da fun\u00e7\u00e3o social. Mas a gente, sem duvida nenhuma, precisa sentar, fazer estudo, fazer projeto. Existem muitas verbas do Governo Federal e a\u00ed eu posso dizer, porque \u00e9 do meu partido, s\u00f3 que precisa de projeto. Franca deixa de ter muito dinheiro por falta de projeto e a\u00ed seria leviano da minha parte dizer que eu tenho projeto para todos. A gente precisa fazer uma coordenadoria de projetos, vai ter um setor da prefeitura respons\u00e1vel por estudo e por propor projetos e por acompanhar a execu\u00e7\u00e3o desses projetos. Mas a gente precisa ser respons\u00e1vel e sentar com os n\u00fameros da prefeitura e fazer um estudo. O Instituto Federal ele traz cursos t\u00e9cnicos e superiores. Eu acredito que a gente precisa trabalhar nas nossas maiores for\u00e7as do empreendedorismo. Na \u00e1rea do sapato, na \u00e1rea do caf\u00e9, mas tamb\u00e9m Franca agora na \u00e1rea de tecnologia. A gente est\u00e1 virando um polo do e-commerce, um polo de T.I e h\u00e1 muitos cursos t\u00e9cnicos e superiores no Instituto Federal que vai ser muito bom para essa diversifica\u00e7\u00e3o econ\u00f4mica que a gente busca em Franca.<\/li>\n<\/ul>\n<p><strong>O seu plano de governo tamb\u00e9m prev\u00ea a implanta\u00e7\u00e3o de pelo menos um restaurante popular por regi\u00e3o da cidade. Como isso seria realizado e como seria o seu funcionamento?<\/strong><\/p>\n<ul>\n<li>N\u00f3s j\u00e1 temos um no Centro, que \u00e9 o Bom Prato, com parceria do governo estadual. E a\u00ed \u00e9 por parceria, volta a quest\u00e3o do projeto. Parece repetitivo, mas a gente precisa buscar tamb\u00e9m, n\u00e3o s\u00f3 ao Governo Federal, mas ao governo estadual, parcerias para colocar mais Bons Pratos nos outros bairros. Al\u00e9m disso, a gente quer investir muito na agricultura familiar na regi\u00e3o. Existem muitas fam\u00edlias produzindo e ela precisa de apoio para produzir, ent\u00e3o os restaurantes populares, bem como a merenda escolar, a prefeitura pode adquirir desses agricultores familiares. O que faz com que o dinheiro fique em Franca. No caso, o que a gente tem hoje l\u00e1 que \u00e9 o Bom Prato \u00e9 muito importante. Est\u00e1 sempre lotado aquele restaurante e Franca tem 400 mil habitantes quase. A gente precisa de mais de um restaurante popular e incluir essas fam\u00edlias que produzem alimentos tamb\u00e9m na renda. Ent\u00e3o a gente trabalha gera\u00e7\u00e3o de renda, a gente trabalha alimenta\u00e7\u00e3o saud\u00e1vel, que economiza no SUS l\u00e1 na frente, e trabalha seguran\u00e7a alimentar que \u00e9 um direito de todo cidad\u00e3o.<\/li>\n<\/ul>\n<p><strong>Na \u00e1rea da cultura, a senhora pretende restaurar o pr\u00e9dio centen\u00e1rio do antigo Col\u00e9gio Champagnat, que \u00e9 tombado como patrim\u00f4nio hist\u00f3rico. De onde viriam os recursos?<\/strong><\/p>\n<ul>\n<li>A gente tem algumas fontes que podem ser financiadas. Existiu um caso que a Petrobr\u00e1s tinha linha de cr\u00e9dito para repara\u00e7\u00e3o de patrim\u00f4nio hist\u00f3rico, e de novo, Franca n\u00e3o apresentou um projeto. Ent\u00e3o, n\u00e3o s\u00f3 no Governo Federal e no governo estadual, a iniciativa privada tamb\u00e9m oferta linhas de cr\u00e9dito para preserva\u00e7\u00e3o de patrim\u00f4nio e n\u00f3s vamos buscar. Agora, se nada disso vier, a gente precisa fazer com recurso pr\u00f3prio, n\u00e3o da para deixar um patrim\u00f4nio como o Champagnat literalmente caindo aos peda\u00e7os. Eu estive l\u00e1 essa semana para fazer um v\u00eddeo e ele est\u00e1, realmente, caindo. E \u00e9 triste. Porque \u00e9 muita hist\u00f3ria ali, \u00e9 um bem tombado. Existem verbas pr\u00f3prias pra preserva\u00e7\u00e3o de bem tombado, mas se nada disso ocorrer a gente tem que sentar com a iniciativa privada, tem que sentar com a popula\u00e7\u00e3o e resolver, ver o que pode fazer. O que n\u00e3o d\u00e1 \u00e9 para deixar cair do jeito que est\u00e1. E n\u00e3o \u00e9 s\u00f3 l\u00e1 no pr\u00e9dio do Champagnat, tem muito pr\u00e9dio hist\u00f3rico desabando, literalmente, em Franca.<\/li>\n<\/ul>\n<p><strong>No esporte, a senhora quer transformar o est\u00e1dio Municipal Doutor Lancha Filho, o Lanch\u00e3o, em uma arena multiuso. Com quais recursos e como isso seria feito?<\/strong><\/p>\n<ul>\n<li>Nesse caso, exclusivamente, da iniciativa privada. Seria porque muitas cidades fizeram esse modelo. Gera renda um est\u00e1dio que tenha v\u00e1rios eventos, n\u00e3o precisa ser s\u00f3 o futebol. Inclusive, quando a gente pensa numa cidade pr\u00f3spera no esporte, a gente quer que tenha mais esportes acontecendo, e trazer pessoas para Franca para fazer esses esportes. Trazer at\u00e9 turismo para Franca. Mas a\u00ed \u00e9 iniciativa privada. Sem d\u00favida nenhuma que o munic\u00edpio tem que cuidar do esporte, o esporte de base, o esporte de alto rendimento. Porque a gente v\u00ea muito atleta\u2026 Tem atleta francano de Olimp\u00edadas disputando por outras cidades porque Franca n\u00e3o consegue absorver esses atletas. Ent\u00e3o, sem d\u00favidas, o munic\u00edpio investir\u00e1 no esporte. Mas, com rela\u00e7\u00e3o ao Lanch\u00e3o, \u00e9 a parceria com a iniciativa privada que eu acho que vai ser uma solu\u00e7\u00e3o muito interessante para cidade.<\/li>\n<\/ul>\n<p><strong>Na \u00e1rea do transporte p\u00fablico, h\u00e1 projeto para a tarifa zero nos \u00f4nibus. Como seria isso e de onde viriam os recursos?<\/strong><\/p>\n<ul>\n<li>Ent\u00e3o, a gente colocou com responsabilidade fiscal, a gente at\u00e9 usou essa palavra no plano de governo e paulatino. O que acontece \u00e9 o seguinte: o transporte p\u00fablico ele \u00e9 um direito social previsto na Constitui\u00e7\u00e3o, tal como a sa\u00fade, educa\u00e7\u00e3o e seguran\u00e7a. Ent\u00e3o, o estado precisa ofertar condi\u00e7\u00f5es para que esse servi\u00e7o seja bem feito. E est\u00e1 cada vez pior. Cada vez menos usu\u00e1rios, o que gera cada vez menos linha, cada vez menos qualidade no servi\u00e7o. Um ciclo vicioso. E essas pessoas utilizando ve\u00edculo pr\u00f3prio, est\u00e3o poluindo meio ambiente, est\u00e3o causando um tr\u00e2nsito. O tr\u00e2nsito de Franca est\u00e1 ca\u00f3tico. O n\u00famero de acidentes est\u00e1 muito alto, o que impacta na sa\u00fade. Estive com a dire\u00e7\u00e3o da Santa Casa e eles me disseram que o mais grave na falta de vaga pra interna\u00e7\u00e3o \u00e9 o n\u00famero alto de acidentados que ocupam uma vaga por muito tempo. A gente precisa cuidar do transito e pra cuidar de transito, precisa investir no transporte coletivo. Ent\u00e3o, a tarifa zero para alguns setores, por exemplo, para estudantes. Hoje j\u00e1 paga meio passe o estudante. A gente consegue subsidiar 100% com verba do Fundeb, existe essa op\u00e7\u00e3o. E a\u00ed, ir trabalhando aos poucos para n\u00e3o aumentar tarifa para o trabalhador e ir trabalhando aos poucos trazendo gratuidade, aumentando o n\u00famero de usu\u00e1rios para que a gente consiga manter esse servi\u00e7o funcionando e funcionando bem.<\/li>\n<\/ul>\n<p><strong>Regras das entrevistas<\/strong><\/p>\n<p>Foram convidados para as entrevistas presenciais os candidatos com partidos que t\u00eam representa\u00e7\u00e3o na C\u00e2mara dos Deputados, como s\u00e3o os casos do MDB, PSOL, PL, PSB e PT, que ter\u00e3o 12 minutos nas entrevistas. O Novo tamb\u00e9m tem representa\u00e7\u00e3o, mas \u00e9 um dos partidos que n\u00e3o alcan\u00e7aram a cl\u00e1usula de barreira, e ter\u00e1 8 minutos na entrevista.<\/p>\n<p>J\u00e1 o PCO, Mobiliza e PCB n\u00e3o t\u00eam representatividade na C\u00e2mara dos Deputados. O espa\u00e7o tamb\u00e9m ser\u00e1 aberto para essas legendas, mas em entrevistas gravadas de 2 minutos.<\/p>\n<p><strong>Pr\u00f3ximas entrevistas<\/strong><\/p>\n<p>14\/9 \u2013 Alexandre Tabah (Novo)<\/p>\n<p>SAIBA MAIS<br \/><a href=\"https:\/\/acidadeon.com\/ribeiraopreto\/politica\/eleicoes\/veja-as-propostas-para-infraestrutura-e-transporte-publico-dos-candidatos-a-prefeito-em-ribeirao-preto\/\" target=\"_blank\" rel=\"noreferrer noopener nofollow\">Veja as propostas para infraestrutura e transporte p\u00fablico dos candidatos a prefeito em Ribeir\u00e3o Preto<\/a><\/p>\n<p>FIQUE ON<\/p>\n<p>Fique ligado em tudo que acontece em Ribeir\u00e3o Preto e regi\u00e3o. Siga os perfis do <strong>acidade on<\/strong> no <a href=\"https:\/\/www.instagram.com\/acidadeonribeirao\" target=\"_blank\" rel=\"noreferrer noopener nofollow\">Instagram<\/a> e no <a href=\"https:\/\/www.facebook.com\/acidadeonribeirao\/\" target=\"_blank\" rel=\"noreferrer noopener nofollow\">Facebook<\/a>.<\/p>\n<p>Receba not\u00edcias do <strong>acidade on<\/strong> no WhatsApp. <a href=\"https:\/\/chat.whatsapp.com\/Dtv9mxhy6V5BJBotM2OQ5k\" target=\"_blank\" rel=\"noreferrer noopener nofollow\">Para entrar no grupo, basta clicar aqui.<\/a><\/p>\n<p>Fa\u00e7a uma den\u00fancia ou sugira uma reportagem sobre Ribeir\u00e3o Preto e regi\u00e3o pelo WhatsApp: 16 99117 7802.<\/p>\n<p>VEJA TAMB\u00c9M<br \/>Por que o X e a Starlink foram multados?<\/p>\n<p><!-- CONTENT END 1 -->\n<\/div>\n<p><script async src=\"\/\/www.instagram.com\/embed.js\"><\/script><br \/>\n<br \/><br \/>\n<br \/><a href=\"https:\/\/www.acidadeon.com\/ribeiraopreto\/politica\/eleicoes\/confira-o-que-mariana-negri-disse-na-entrevista-da-serie-entre-os-candidatos-a-prefeitura-de-franca\/\">Source link <\/a><\/p>\n","protected":false},"excerpt":{"rendered":"<p>O acidade on Ribeir\u00e3o realiza nesta semana uma s\u00e9rie de entrevistas com os candidatos \u00e0 Prefeitura de Franca nas elei\u00e7\u00f5es 2024. Nesta sexta-feira (13) a&#8230;<\/p>\n","protected":false},"author":1,"featured_media":65779,"comment_status":"open","ping_status":"open","sticky":false,"template":"","format":"standard","meta":{"_uag_custom_page_level_css":"","jetpack_post_was_ever_published":false,"_jetpack_newsletter_access":"","_jetpack_dont_email_post_to_subs":false,"_jetpack_newsletter_tier_id":0,"_jetpack_memberships_contains_paywalled_content":false,"_jetpack_memberships_contains_paid_content":false,"footnotes":"","jetpack_publicize_message":"","jetpack_publicize_feature_enabled":true,"jetpack_social_post_already_shared":true,"jetpack_social_options":{"image_generator_settings":{"template":"highway","default_image_id":0,"font":"","enabled":false},"version":2}},"categories":[11],"tags":[],"class_list":["post-65778","post","type-post","status-publish","format-standard","has-post-thumbnail","hentry","category-noticias-de-ribeirao-preto-sp-e-regiao-ismael-colosi"],"aioseo_notices":[],"jetpack_publicize_connections":[],"jetpack_featured_media_url":"https:\/\/i0.wp.com\/ismaelcolosi.com.br\/wp-content\/uploads\/2024\/09\/mariana-negri_2024-09-13_20-09-27_jpeg_2024-09-13_20-09-27.webp.webp?fit=1280%2C960&ssl=1","uagb_featured_image_src":{"full":["https:\/\/i0.wp.com\/ismaelcolosi.com.br\/wp-content\/uploads\/2024\/09\/mariana-negri_2024-09-13_20-09-27_jpeg_2024-09-13_20-09-27.webp.webp?fit=1280%2C960&ssl=1",1280,960,false],"thumbnail":["https:\/\/i0.wp.com\/ismaelcolosi.com.br\/wp-content\/uploads\/2024\/09\/mariana-negri_2024-09-13_20-09-27_jpeg_2024-09-13_20-09-27.webp.webp?resize=150%2C150&ssl=1",150,150,true],"medium":["https:\/\/i0.wp.com\/ismaelcolosi.com.br\/wp-content\/uploads\/2024\/09\/mariana-negri_2024-09-13_20-09-27_jpeg_2024-09-13_20-09-27.webp.webp?fit=300%2C225&ssl=1",300,225,true],"medium_large":["https:\/\/i0.wp.com\/ismaelcolosi.com.br\/wp-content\/uploads\/2024\/09\/mariana-negri_2024-09-13_20-09-27_jpeg_2024-09-13_20-09-27.webp.webp?fit=768%2C576&ssl=1",768,576,true],"large":["https:\/\/i0.wp.com\/ismaelcolosi.com.br\/wp-content\/uploads\/2024\/09\/mariana-negri_2024-09-13_20-09-27_jpeg_2024-09-13_20-09-27.webp.webp?fit=1024%2C768&ssl=1",1024,768,true],"1536x1536":["https:\/\/i0.wp.com\/ismaelcolosi.com.br\/wp-content\/uploads\/2024\/09\/mariana-negri_2024-09-13_20-09-27_jpeg_2024-09-13_20-09-27.webp.webp?fit=1280%2C960&ssl=1",1280,960,true],"2048x2048":["https:\/\/i0.wp.com\/ismaelcolosi.com.br\/wp-content\/uploads\/2024\/09\/mariana-negri_2024-09-13_20-09-27_jpeg_2024-09-13_20-09-27.webp.webp?fit=1280%2C960&ssl=1",1280,960,true],"really-simple-thumb":["https:\/\/i0.wp.com\/ismaelcolosi.com.br\/wp-content\/uploads\/2024\/09\/mariana-negri_2024-09-13_20-09-27_jpeg_2024-09-13_20-09-27.webp.webp?resize=370%2C247&ssl=1",370,247,true]},"uagb_author_info":{"display_name":"ismaelcolosi.com.br","author_link":"https:\/\/ismaelcolosi.com.br\/index.php\/author\/vidareal-online\/"},"uagb_comment_info":0,"uagb_excerpt":"O acidade on Ribeir\u00e3o realiza nesta semana uma s\u00e9rie de entrevistas com os candidatos \u00e0 Prefeitura de Franca nas elei\u00e7\u00f5es 2024. Nesta sexta-feira (13) a...","jetpack-related-posts":[{"id":65701,"url":"https:\/\/ismaelcolosi.com.br\/index.php\/2024\/09\/13\/mariana-negri-participa-nesta-sexta-da-serie-de-entrevistas-com-candidatos-a-prefeitura-de-franca\/","url_meta":{"origin":65778,"position":0},"title":"Mariana Negri participa nesta sexta da s\u00e9rie de entrevistas com candidatos \u00e0 Prefeitura de Franca","author":"ismaelcolosi.com.br","date":"13 de September de 2024","format":false,"excerpt":"O acidade on Ribeir\u00e3o realiza nesta semana uma s\u00e9rie de entrevistas com os candidatos \u00e0 Prefeitura de Franca nas elei\u00e7\u00f5es 2024. Nesta sexta-feira (13) \u00e9 a vez da sabatina da advogada Mariana Negri (PT) \u2013 veja o player acima. A entrevista vai ao ar, ao vivo, logo ap\u00f3s a sabatina\u2026","rel":"","context":"In &quot;Not\u00edcias de Ribeir\u00e3o Preto-SP e Regi\u00e3o&quot;","block_context":{"text":"Not\u00edcias de Ribeir\u00e3o Preto-SP e Regi\u00e3o","link":"https:\/\/ismaelcolosi.com.br\/index.php\/category\/noticias-de-ribeirao-preto-sp-e-regiao-ismael-colosi\/"},"img":{"alt_text":"","src":"https:\/\/i0.wp.com\/ismaelcolosi.com.br\/wp-content\/uploads\/2024\/09\/Mariana-Negri_2024-09-13_14-30-22_jpg_2024-09-13_14-30-22.webp.webp?fit=1199%2C933&ssl=1&resize=350%2C200","width":350,"height":200,"srcset":"https:\/\/i0.wp.com\/ismaelcolosi.com.br\/wp-content\/uploads\/2024\/09\/Mariana-Negri_2024-09-13_14-30-22_jpg_2024-09-13_14-30-22.webp.webp?fit=1199%2C933&ssl=1&resize=350%2C200 1x, https:\/\/i0.wp.com\/ismaelcolosi.com.br\/wp-content\/uploads\/2024\/09\/Mariana-Negri_2024-09-13_14-30-22_jpg_2024-09-13_14-30-22.webp.webp?fit=1199%2C933&ssl=1&resize=525%2C300 1.5x, https:\/\/i0.wp.com\/ismaelcolosi.com.br\/wp-content\/uploads\/2024\/09\/Mariana-Negri_2024-09-13_14-30-22_jpg_2024-09-13_14-30-22.webp.webp?fit=1199%2C933&ssl=1&resize=700%2C400 2x, https:\/\/i0.wp.com\/ismaelcolosi.com.br\/wp-content\/uploads\/2024\/09\/Mariana-Negri_2024-09-13_14-30-22_jpg_2024-09-13_14-30-22.webp.webp?fit=1199%2C933&ssl=1&resize=1050%2C600 3x"},"classes":[]},{"id":64527,"url":"https:\/\/ismaelcolosi.com.br\/index.php\/2024\/09\/08\/eleicoes-2024-acidade-on-realiza-serie-de-entrevistas-com-candidatos-a-prefeitura-de-franca\/","url_meta":{"origin":65778,"position":1},"title":"Elei\u00e7\u00f5es 2024: acidade on realiza s\u00e9rie de entrevistas com candidatos \u00e0 Prefeitura de Franca","author":"ismaelcolosi.com.br","date":"8 de September de 2024","format":false,"excerpt":"A partir desta segunda-feira (9), o acidade on Ribeir\u00e3o realiza uma s\u00e9rie de entrevistas com os candidatos \u00e0 Prefeitura de Franca. As entrevistas ser\u00e3o realizadas ao vivo e transmitidas pelo canal no YouTube e no portal acidade on Ribeir\u00e3o ap\u00f3s a participa\u00e7\u00e3o dos candidatos no telejornal EPTV 1 entre segunda-feira\u2026","rel":"","context":"In &quot;Not\u00edcias de Ribeir\u00e3o Preto-SP e Regi\u00e3o&quot;","block_context":{"text":"Not\u00edcias de Ribeir\u00e3o Preto-SP e Regi\u00e3o","link":"https:\/\/ismaelcolosi.com.br\/index.php\/category\/noticias-de-ribeirao-preto-sp-e-regiao-ismael-colosi\/"},"img":{"alt_text":"","src":"https:\/\/i0.wp.com\/ismaelcolosi.com.br\/wp-content\/uploads\/2024\/09\/urna_2024-09-06_19-24-20_jpg_2024-09-06_19-24-20.webp.webp?fit=1170%2C700&ssl=1&resize=350%2C200","width":350,"height":200,"srcset":"https:\/\/i0.wp.com\/ismaelcolosi.com.br\/wp-content\/uploads\/2024\/09\/urna_2024-09-06_19-24-20_jpg_2024-09-06_19-24-20.webp.webp?fit=1170%2C700&ssl=1&resize=350%2C200 1x, https:\/\/i0.wp.com\/ismaelcolosi.com.br\/wp-content\/uploads\/2024\/09\/urna_2024-09-06_19-24-20_jpg_2024-09-06_19-24-20.webp.webp?fit=1170%2C700&ssl=1&resize=525%2C300 1.5x, https:\/\/i0.wp.com\/ismaelcolosi.com.br\/wp-content\/uploads\/2024\/09\/urna_2024-09-06_19-24-20_jpg_2024-09-06_19-24-20.webp.webp?fit=1170%2C700&ssl=1&resize=700%2C400 2x, https:\/\/i0.wp.com\/ismaelcolosi.com.br\/wp-content\/uploads\/2024\/09\/urna_2024-09-06_19-24-20_jpg_2024-09-06_19-24-20.webp.webp?fit=1170%2C700&ssl=1&resize=1050%2C600 3x"},"classes":[]},{"id":65459,"url":"https:\/\/ismaelcolosi.com.br\/index.php\/2024\/09\/12\/ubiali-participa-nesta-quinta-da-serie-de-entrevistas-com-candidatos-a-prefeitura-de-franca\/","url_meta":{"origin":65778,"position":2},"title":"Ubiali participa nesta quinta da s\u00e9rie de entrevistas com candidatos \u00e0 Prefeitura de Franca","author":"ismaelcolosi.com.br","date":"12 de September de 2024","format":false,"excerpt":"O\u00a0acidade on Ribeir\u00e3o\u00a0realiza nesta semana uma s\u00e9rie de entrevistas com os candidatos \u00e0\u00a0Prefeitura de Franca\u00a0nas\u00a0elei\u00e7\u00f5es 2024. Nesta quinta-feira (12) \u00e9 a vez da sabatina do m\u00e9dico Marco Aur\u00e9lio Ubiali (PSB)\u00a0\u2013 veja o player acima. A entrevista vai ao ar, ao vivo, logo ap\u00f3s a sabatina do candidato no telejornal da\u00a0EPTV.\u2026","rel":"","context":"In &quot;Not\u00edcias de Ribeir\u00e3o Preto-SP e Regi\u00e3o&quot;","block_context":{"text":"Not\u00edcias de Ribeir\u00e3o Preto-SP e Regi\u00e3o","link":"https:\/\/ismaelcolosi.com.br\/index.php\/category\/noticias-de-ribeirao-preto-sp-e-regiao-ismael-colosi\/"},"img":{"alt_text":"","src":"https:\/\/i0.wp.com\/ismaelcolosi.com.br\/wp-content\/uploads\/2024\/09\/UBIALI_2024-09-12_13-56-13_jpg_2024-09-12_13-56-14.webp.webp?fit=1200%2C753&ssl=1&resize=350%2C200","width":350,"height":200,"srcset":"https:\/\/i0.wp.com\/ismaelcolosi.com.br\/wp-content\/uploads\/2024\/09\/UBIALI_2024-09-12_13-56-13_jpg_2024-09-12_13-56-14.webp.webp?fit=1200%2C753&ssl=1&resize=350%2C200 1x, https:\/\/i0.wp.com\/ismaelcolosi.com.br\/wp-content\/uploads\/2024\/09\/UBIALI_2024-09-12_13-56-13_jpg_2024-09-12_13-56-14.webp.webp?fit=1200%2C753&ssl=1&resize=525%2C300 1.5x, https:\/\/i0.wp.com\/ismaelcolosi.com.br\/wp-content\/uploads\/2024\/09\/UBIALI_2024-09-12_13-56-13_jpg_2024-09-12_13-56-14.webp.webp?fit=1200%2C753&ssl=1&resize=700%2C400 2x, https:\/\/i0.wp.com\/ismaelcolosi.com.br\/wp-content\/uploads\/2024\/09\/UBIALI_2024-09-12_13-56-13_jpg_2024-09-12_13-56-14.webp.webp?fit=1200%2C753&ssl=1&resize=1050%2C600 3x"},"classes":[]},{"id":64990,"url":"https:\/\/ismaelcolosi.com.br\/index.php\/2024\/09\/10\/guilherme-cortez-participa-nesta-terca-da-serie-de-entrevistas-com-candidatos-a-prefeitura-de-franca\/","url_meta":{"origin":65778,"position":3},"title":"Guilherme Cortez participa nesta ter\u00e7a da s\u00e9rie de entrevistas com candidatos \u00e0 Prefeitura de Franca","author":"ismaelcolosi.com.br","date":"10 de September de 2024","format":false,"excerpt":"O acidade on Ribeir\u00e3o realiza nesta semana uma s\u00e9rie de entrevistas com os candidatos \u00e0 Prefeitura de Franca nas elei\u00e7\u00f5es 2024. Nesta ter\u00e7a-feira (10) \u00e9 a vez da sabatina do deputado estadual Guilherme Cortez (PSOL) \u2013 veja o player acima. A entrevista vai ao ar, ao vivo, logo ap\u00f3s a\u2026","rel":"","context":"In &quot;Not\u00edcias de Ribeir\u00e3o Preto-SP e Regi\u00e3o&quot;","block_context":{"text":"Not\u00edcias de Ribeir\u00e3o Preto-SP e Regi\u00e3o","link":"https:\/\/ismaelcolosi.com.br\/index.php\/category\/noticias-de-ribeirao-preto-sp-e-regiao-ismael-colosi\/"},"img":{"alt_text":"","src":"https:\/\/i0.wp.com\/ismaelcolosi.com.br\/wp-content\/uploads\/2024\/09\/Guilherme-Cortez_2024-09-10_13-28-56_jpeg_2024-09-10_13-28-56.webp.webp?fit=1200%2C675&ssl=1&resize=350%2C200","width":350,"height":200,"srcset":"https:\/\/i0.wp.com\/ismaelcolosi.com.br\/wp-content\/uploads\/2024\/09\/Guilherme-Cortez_2024-09-10_13-28-56_jpeg_2024-09-10_13-28-56.webp.webp?fit=1200%2C675&ssl=1&resize=350%2C200 1x, https:\/\/i0.wp.com\/ismaelcolosi.com.br\/wp-content\/uploads\/2024\/09\/Guilherme-Cortez_2024-09-10_13-28-56_jpeg_2024-09-10_13-28-56.webp.webp?fit=1200%2C675&ssl=1&resize=525%2C300 1.5x, https:\/\/i0.wp.com\/ismaelcolosi.com.br\/wp-content\/uploads\/2024\/09\/Guilherme-Cortez_2024-09-10_13-28-56_jpeg_2024-09-10_13-28-56.webp.webp?fit=1200%2C675&ssl=1&resize=700%2C400 2x, https:\/\/i0.wp.com\/ismaelcolosi.com.br\/wp-content\/uploads\/2024\/09\/Guilherme-Cortez_2024-09-10_13-28-56_jpeg_2024-09-10_13-28-56.webp.webp?fit=1200%2C675&ssl=1&resize=1050%2C600 3x"},"classes":[]},{"id":65204,"url":"https:\/\/ismaelcolosi.com.br\/index.php\/2024\/09\/11\/joao-rocha-participa-nesta-quarta-da-serie-de-entrevistas-com-candidatos-a-prefeitura-de-franca\/","url_meta":{"origin":65778,"position":4},"title":"Jo\u00e3o Rocha participa nesta quarta da s\u00e9rie de entrevistas com candidatos \u00e0 Prefeitura de Franca","author":"ismaelcolosi.com.br","date":"11 de September de 2024","format":false,"excerpt":"O acidade on Ribeir\u00e3o realiza nesta semana uma s\u00e9rie de entrevistas com os candidatos \u00e0 Prefeitura de Franca nas elei\u00e7\u00f5es 2024. Nesta quarta-feira (11) \u00e9 a vez da sabatina do empres\u00e1rio Jo\u00e3o Rocha (PL) \u2013 veja o player acima. A entrevista vai ao ar, ao vivo, logo ap\u00f3s a sabatina\u2026","rel":"","context":"In &quot;Not\u00edcias de Ribeir\u00e3o Preto-SP e Regi\u00e3o&quot;","block_context":{"text":"Not\u00edcias de Ribeir\u00e3o Preto-SP e Regi\u00e3o","link":"https:\/\/ismaelcolosi.com.br\/index.php\/category\/noticias-de-ribeirao-preto-sp-e-regiao-ismael-colosi\/"},"img":{"alt_text":"","src":"https:\/\/i0.wp.com\/ismaelcolosi.com.br\/wp-content\/uploads\/2024\/09\/Joao-Rocha_2024-09-11_13-54-38_jpg_2024-09-11_13-54-38.webp.webp?fit=914%2C761&ssl=1&resize=350%2C200","width":350,"height":200,"srcset":"https:\/\/i0.wp.com\/ismaelcolosi.com.br\/wp-content\/uploads\/2024\/09\/Joao-Rocha_2024-09-11_13-54-38_jpg_2024-09-11_13-54-38.webp.webp?fit=914%2C761&ssl=1&resize=350%2C200 1x, https:\/\/i0.wp.com\/ismaelcolosi.com.br\/wp-content\/uploads\/2024\/09\/Joao-Rocha_2024-09-11_13-54-38_jpg_2024-09-11_13-54-38.webp.webp?fit=914%2C761&ssl=1&resize=525%2C300 1.5x, https:\/\/i0.wp.com\/ismaelcolosi.com.br\/wp-content\/uploads\/2024\/09\/Joao-Rocha_2024-09-11_13-54-38_jpg_2024-09-11_13-54-38.webp.webp?fit=914%2C761&ssl=1&resize=700%2C400 2x"},"classes":[]},{"id":64790,"url":"https:\/\/ismaelcolosi.com.br\/index.php\/2024\/09\/09\/alexandre-ferreira-abre-serie-de-entrevistas-com-candidatos-a-prefeitura-de-franca\/","url_meta":{"origin":65778,"position":5},"title":"Alexandre Ferreira abre s\u00e9rie de entrevistas com candidatos \u00e0 Prefeitura de Franca","author":"ismaelcolosi.com.br","date":"9 de September de 2024","format":false,"excerpt":"O acidade on Ribeir\u00e3o come\u00e7a nesta segunda-feira (9) uma s\u00e9rie de entrevistas com os candidatos \u00e0 Prefeitura de Franca nas elei\u00e7\u00f5es 2024. O primeiro entrevistado \u00e9 o atual prefeito de Franca, Alexandre Ferreira (MDB) \u2013 veja o player acima. A entrevista vai ao ar, ao vivo, logo ap\u00f3s a sabatina\u2026","rel":"","context":"In &quot;Not\u00edcias de Ribeir\u00e3o Preto-SP e Regi\u00e3o&quot;","block_context":{"text":"Not\u00edcias de Ribeir\u00e3o Preto-SP e Regi\u00e3o","link":"https:\/\/ismaelcolosi.com.br\/index.php\/category\/noticias-de-ribeirao-preto-sp-e-regiao-ismael-colosi\/"},"img":{"alt_text":"","src":"https:\/\/i0.wp.com\/ismaelcolosi.com.br\/wp-content\/uploads\/2024\/09\/alexandre-ferreira_2024-09-09_14-40-04_jpg_2024-09-09_14-40-04.webp.webp?fit=1079%2C845&ssl=1&resize=350%2C200","width":350,"height":200,"srcset":"https:\/\/i0.wp.com\/ismaelcolosi.com.br\/wp-content\/uploads\/2024\/09\/alexandre-ferreira_2024-09-09_14-40-04_jpg_2024-09-09_14-40-04.webp.webp?fit=1079%2C845&ssl=1&resize=350%2C200 1x, https:\/\/i0.wp.com\/ismaelcolosi.com.br\/wp-content\/uploads\/2024\/09\/alexandre-ferreira_2024-09-09_14-40-04_jpg_2024-09-09_14-40-04.webp.webp?fit=1079%2C845&ssl=1&resize=525%2C300 1.5x, https:\/\/i0.wp.com\/ismaelcolosi.com.br\/wp-content\/uploads\/2024\/09\/alexandre-ferreira_2024-09-09_14-40-04_jpg_2024-09-09_14-40-04.webp.webp?fit=1079%2C845&ssl=1&resize=700%2C400 2x, https:\/\/i0.wp.com\/ismaelcolosi.com.br\/wp-content\/uploads\/2024\/09\/alexandre-ferreira_2024-09-09_14-40-04_jpg_2024-09-09_14-40-04.webp.webp?fit=1079%2C845&ssl=1&resize=1050%2C600 3x"},"classes":[]}],"jetpack_sharing_enabled":true,"jetpack_shortlink":"https:\/\/wp.me\/pfMlyK-h6W","_links":{"self":[{"href":"https:\/\/ismaelcolosi.com.br\/index.php\/wp-json\/wp\/v2\/posts\/65778","targetHints":{"allow":["GET"]}}],"collection":[{"href":"https:\/\/ismaelcolosi.com.br\/index.php\/wp-json\/wp\/v2\/posts"}],"about":[{"href":"https:\/\/ismaelcolosi.com.br\/index.php\/wp-json\/wp\/v2\/types\/post"}],"author":[{"embeddable":true,"href":"https:\/\/ismaelcolosi.com.br\/index.php\/wp-json\/wp\/v2\/users\/1"}],"replies":[{"embeddable":true,"href":"https:\/\/ismaelcolosi.com.br\/index.php\/wp-json\/wp\/v2\/comments?post=65778"}],"version-history":[{"count":0,"href":"https:\/\/ismaelcolosi.com.br\/index.php\/wp-json\/wp\/v2\/posts\/65778\/revisions"}],"wp:featuredmedia":[{"embeddable":true,"href":"https:\/\/ismaelcolosi.com.br\/index.php\/wp-json\/wp\/v2\/media\/65779"}],"wp:attachment":[{"href":"https:\/\/ismaelcolosi.com.br\/index.php\/wp-json\/wp\/v2\/media?parent=65778"}],"wp:term":[{"taxonomy":"category","embeddable":true,"href":"https:\/\/ismaelcolosi.com.br\/index.php\/wp-json\/wp\/v2\/categories?post=65778"},{"taxonomy":"post_tag","embeddable":true,"href":"https:\/\/ismaelcolosi.com.br\/index.php\/wp-json\/wp\/v2\/tags?post=65778"}],"curies":[{"name":"wp","href":"https:\/\/api.w.org\/{rel}","templated":true}]}}