{"id":65767,"date":"2024-09-13T16:40:12","date_gmt":"2024-09-13T19:40:12","guid":{"rendered":"https:\/\/ismaelcolosi.com.br\/index.php\/2024\/09\/13\/carreta-furacao-anuncia-volta-do-fofao-apos-briga-na-justica\/"},"modified":"2024-09-13T16:40:12","modified_gmt":"2024-09-13T19:40:12","slug":"carreta-furacao-anuncia-volta-do-fofao-apos-briga-na-justica","status":"publish","type":"post","link":"https:\/\/ismaelcolosi.com.br\/index.php\/2024\/09\/13\/carreta-furacao-anuncia-volta-do-fofao-apos-briga-na-justica\/","title":{"rendered":"Carreta Furac\u00e3o anuncia volta do Fof\u00e3o ap\u00f3s briga na justi\u00e7a"},"content":{"rendered":"<p> <br \/>\n<\/p>\n<div data-td-block-uid=\"tdi_106\">\n<div class=\"tdb-block-inner td-fix-index\">\n<p><strong>Ap\u00f3s pagamento de multa e briga na justi\u00e7a<\/strong>, a <strong>Carreta Furac\u00e3o<\/strong>, original de <strong>Ribeir\u00e3o Preto<\/strong>, conseguiu o direito exclusivo de usar o <strong>personagem Fof\u00e3o<\/strong>. <mark style=\"background-color:#fcb900\" class=\"has-inline-color\">A confirma\u00e7\u00e3o foi feita pela empresa em sua p\u00e1gina no <strong>Instagram<\/strong>, na noite de quinta-feira (12).  <\/mark><\/p>\n<p><mark style=\"background-color:#fcb900\" class=\"has-inline-color\">\u201c<strong>Todos os direitos relacionados ao personagem Fof\u00e3o<\/strong>, incluindo seu uso em apresenta\u00e7\u00f5es, promo\u00e7\u00f5es, eventos e m\u00eddia, pertencem <strong>exclusivamente <\/strong>\u00e0 nossa empresa<strong> Carreta Furac\u00e3o.<\/strong>\u201c<\/mark> informou em nota. <\/p>\n<p>A empresa ainda menciona que <strong>qualquer uso do personagem fora do contexto da Carreta Furac\u00e3o<\/strong> <mark style=\"background-color:#fcb900\" class=\"has-inline-color\">n\u00e3o \u00e9 autorizado pelo grupo.<\/mark><\/p>\n<h4 class=\"wp-block-heading\">Relembre <\/h4>\n<p>O\u00a0<strong>Tribunal de Justi\u00e7a de S\u00e3o Paulo (TJ-SP)\u00a0<\/strong>manteve condena\u00e7\u00e3o de primeira inst\u00e2ncia para determinar que o grupo musical\u00a0<strong>Carreta Furac\u00e3o<\/strong>, de\u00a0<strong>Ribeir\u00e3o Preto<\/strong>, pare de usar o personagem\u00a0<strong>\u201cFon-fon\u201d<\/strong>\u00a0e pague\u00a0<strong>R$ 70 mil por danos morais<\/strong>\u00a0ao filho de Orival Pessini, criador do personagem\u00a0<strong>Fof\u00e3o<\/strong>.<\/p>\n<p>Em\u00a0<strong>setembro de 2023<\/strong>, o juiz\u00a0<strong>Thomaz Carvalhaes Ferreira<\/strong>, da\u00a0<strong>7\u00aa Vara C\u00edvel de Ribeir\u00e3o Preto<\/strong>,\u00a0j\u00e1 havia\u00a0<strong>condenado a empresa<\/strong>. Na \u00e9poca, a defesa informou que iria recorrer da decis\u00e3o.<\/p>\n<p>SAIBA MAIS<\/p>\n<p>Carro voador apresentado em Ribeir\u00e3o Preto ganha autoriza\u00e7\u00e3o para testes no Brasil<\/p>\n<h4 class=\"wp-block-heading\"><strong>FIQUE ON<\/strong><\/h4>\n<p>Fique ligado em tudo que acontece em Ribeir\u00e3o Preto e regi\u00e3o. Siga os perfis do\u00a0<strong>acidade on\u00a0<\/strong>no\u00a0<a href=\"https:\/\/www.instagram.com\/acidadeonribeirao\" target=\"_blank\" rel=\"noreferrer noopener\">Instagram<\/a>\u00a0e no\u00a0<a href=\"https:\/\/www.facebook.com\/acidadeonribeirao\/\" target=\"_blank\" rel=\"noreferrer noopener\">Facebook<\/a>.<\/p>\n<p>Receba not\u00edcias do\u00a0<strong>acidade on\u00a0<\/strong>no WhatsApp.\u00a0<a href=\"https:\/\/chat.whatsapp.com\/Dtv9mxhy6V5BJBotM2OQ5k\" target=\"_blank\" rel=\"noreferrer noopener\">Para entrar no grupo, basta clicar aqui.<\/a><\/p>\n<p>Fa\u00e7a uma den\u00fancia ou sugira uma reportagem sobre Ribeir\u00e3o Preto e regi\u00e3o pelo WhatsApp: 16 99117 7802.<\/p>\n<p>VEJA TAMB\u00c9M<\/p>\n<p>Quem canta hoje no Rock in Rio?<\/p>\n<p><!-- CONTENT END 1 -->\n<\/div>\n<\/div>\n<p><script async src=\"\/\/www.instagram.com\/embed.js\"><\/script><br \/>\n<br \/><br \/>\n<br \/><a href=\"https:\/\/www.acidadeon.com\/ribeiraopreto\/lazer-e-cultura\/carreta-furacao-anuncia-volta-do-fofao-apos-briga-na-justica\/\">Source link <\/a><\/p>\n","protected":false},"excerpt":{"rendered":"<p>Ap\u00f3s pagamento de multa e briga na justi\u00e7a, a Carreta Furac\u00e3o, original de Ribeir\u00e3o Preto, conseguiu o direito exclusivo de usar o personagem Fof\u00e3o. A&#8230;<\/p>\n","protected":false},"author":1,"featured_media":65768,"comment_status":"open","ping_status":"open","sticky":false,"template":"","format":"standard","meta":{"_uag_custom_page_level_css":"","advanced_seo_description":"","jetpack_seo_html_title":"","jetpack_seo_noindex":false,"jetpack_post_was_ever_published":false,"_jetpack_newsletter_access":"","_jetpack_dont_email_post_to_subs":false,"_jetpack_newsletter_tier_id":0,"_jetpack_memberships_contains_paywalled_content":false,"_jetpack_memberships_contains_paid_content":false,"footnotes":"","jetpack_publicize_message":"","jetpack_publicize_feature_enabled":true,"jetpack_social_post_already_shared":true,"jetpack_social_options":{"image_generator_settings":{"template":"highway","default_image_id":0,"font":"","enabled":false},"version":2}},"categories":[11],"tags":[],"class_list":["post-65767","post","type-post","status-publish","format-standard","has-post-thumbnail","hentry","category-noticias-de-ribeirao-preto-sp-e-regiao-ismael-colosi"],"jetpack_publicize_connections":[],"jetpack_featured_media_url":"https:\/\/i0.wp.com\/ismaelcolosi.com.br\/wp-content\/uploads\/2024\/09\/Copia-de-Copia-de-Copia-de-TAMANHO-EXATO-PARA-FOTOS-NO-SISTEMA-NOVO-17_2024-09-13_19-36-10_png_2024-09-13_19-36-10.webp.webp?fit=1200%2C675&ssl=1","uagb_featured_image_src":{"full":["https:\/\/i0.wp.com\/ismaelcolosi.com.br\/wp-content\/uploads\/2024\/09\/Copia-de-Copia-de-Copia-de-TAMANHO-EXATO-PARA-FOTOS-NO-SISTEMA-NOVO-17_2024-09-13_19-36-10_png_2024-09-13_19-36-10.webp.webp?fit=1200%2C675&ssl=1",1200,675,false],"thumbnail":["https:\/\/i0.wp.com\/ismaelcolosi.com.br\/wp-content\/uploads\/2024\/09\/Copia-de-Copia-de-Copia-de-TAMANHO-EXATO-PARA-FOTOS-NO-SISTEMA-NOVO-17_2024-09-13_19-36-10_png_2024-09-13_19-36-10.webp.webp?resize=150%2C150&ssl=1",150,150,true],"medium":["https:\/\/i0.wp.com\/ismaelcolosi.com.br\/wp-content\/uploads\/2024\/09\/Copia-de-Copia-de-Copia-de-TAMANHO-EXATO-PARA-FOTOS-NO-SISTEMA-NOVO-17_2024-09-13_19-36-10_png_2024-09-13_19-36-10.webp.webp?fit=300%2C169&ssl=1",300,169,true],"medium_large":["https:\/\/i0.wp.com\/ismaelcolosi.com.br\/wp-content\/uploads\/2024\/09\/Copia-de-Copia-de-Copia-de-TAMANHO-EXATO-PARA-FOTOS-NO-SISTEMA-NOVO-17_2024-09-13_19-36-10_png_2024-09-13_19-36-10.webp.webp?fit=768%2C432&ssl=1",768,432,true],"large":["https:\/\/i0.wp.com\/ismaelcolosi.com.br\/wp-content\/uploads\/2024\/09\/Copia-de-Copia-de-Copia-de-TAMANHO-EXATO-PARA-FOTOS-NO-SISTEMA-NOVO-17_2024-09-13_19-36-10_png_2024-09-13_19-36-10.webp.webp?fit=1024%2C576&ssl=1",1024,576,true],"1536x1536":["https:\/\/i0.wp.com\/ismaelcolosi.com.br\/wp-content\/uploads\/2024\/09\/Copia-de-Copia-de-Copia-de-TAMANHO-EXATO-PARA-FOTOS-NO-SISTEMA-NOVO-17_2024-09-13_19-36-10_png_2024-09-13_19-36-10.webp.webp?fit=1200%2C675&ssl=1",1200,675,true],"2048x2048":["https:\/\/i0.wp.com\/ismaelcolosi.com.br\/wp-content\/uploads\/2024\/09\/Copia-de-Copia-de-Copia-de-TAMANHO-EXATO-PARA-FOTOS-NO-SISTEMA-NOVO-17_2024-09-13_19-36-10_png_2024-09-13_19-36-10.webp.webp?fit=1200%2C675&ssl=1",1200,675,true],"really-simple-thumb":["https:\/\/i0.wp.com\/ismaelcolosi.com.br\/wp-content\/uploads\/2024\/09\/Copia-de-Copia-de-Copia-de-TAMANHO-EXATO-PARA-FOTOS-NO-SISTEMA-NOVO-17_2024-09-13_19-36-10_png_2024-09-13_19-36-10.webp.webp?resize=370%2C247&ssl=1",370,247,true]},"uagb_author_info":{"display_name":"ismaelcolosi.com.br","author_link":"https:\/\/ismaelcolosi.com.br\/index.php\/author\/vidareal-online\/"},"uagb_comment_info":0,"uagb_excerpt":"Ap\u00f3s pagamento de multa e briga na justi\u00e7a, a Carreta Furac\u00e3o, original de Ribeir\u00e3o Preto, conseguiu o direito exclusivo de usar o personagem Fof\u00e3o. A...","jetpack-related-posts":[{"id":65784,"url":"https:\/\/ismaelcolosi.com.br\/index.php\/2024\/09\/13\/carreta-furacao-anuncia-volta-do-fofao-apos-disputa-na-justica\/","url_meta":{"origin":65767,"position":0},"title":"Carreta Furac\u00e3o anuncia &#8216;volta&#8217; do Fof\u00e3o ap\u00f3s disputa na Justi\u00e7a","author":"ismaelcolosi.com.br","date":"13 de September de 2024","format":false,"excerpt":"Ap\u00f3s disputa na Justi\u00e7a em raz\u00e3o do uso da personagem \u2018Fonfon\u2019, a Carreta Furac\u00e3o, original de Ribeir\u00e3o Preto, anunciou que conseguiu o direito exclusivo de usar a personagem Fof\u00e3o. A confirma\u00e7\u00e3o foi feita pela empresa em sua p\u00e1gina no Instagram, na noite de quinta-feira (12). A chegada da personagem aconteceu\u2026","rel":"","context":"In &quot;Not\u00edcias de Ribeir\u00e3o Preto-SP e Regi\u00e3o&quot;","block_context":{"text":"Not\u00edcias de Ribeir\u00e3o Preto-SP e Regi\u00e3o","link":"https:\/\/ismaelcolosi.com.br\/index.php\/category\/noticias-de-ribeirao-preto-sp-e-regiao-ismael-colosi\/"},"img":{"alt_text":"","src":"https:\/\/i0.wp.com\/ismaelcolosi.com.br\/wp-content\/uploads\/2024\/09\/fofao-original_2024-09-13_19-56-45_jpg_2024-09-13_19-56-46.webp.webp?fit=1184%2C934&ssl=1&resize=350%2C200","width":350,"height":200,"srcset":"https:\/\/i0.wp.com\/ismaelcolosi.com.br\/wp-content\/uploads\/2024\/09\/fofao-original_2024-09-13_19-56-45_jpg_2024-09-13_19-56-46.webp.webp?fit=1184%2C934&ssl=1&resize=350%2C200 1x, https:\/\/i0.wp.com\/ismaelcolosi.com.br\/wp-content\/uploads\/2024\/09\/fofao-original_2024-09-13_19-56-45_jpg_2024-09-13_19-56-46.webp.webp?fit=1184%2C934&ssl=1&resize=525%2C300 1.5x, https:\/\/i0.wp.com\/ismaelcolosi.com.br\/wp-content\/uploads\/2024\/09\/fofao-original_2024-09-13_19-56-45_jpg_2024-09-13_19-56-46.webp.webp?fit=1184%2C934&ssl=1&resize=700%2C400 2x, https:\/\/i0.wp.com\/ismaelcolosi.com.br\/wp-content\/uploads\/2024\/09\/fofao-original_2024-09-13_19-56-45_jpg_2024-09-13_19-56-46.webp.webp?fit=1184%2C934&ssl=1&resize=1050%2C600 3x"},"classes":[]},{"id":56975,"url":"https:\/\/ismaelcolosi.com.br\/index.php\/2024\/07\/16\/tj-mantem-condenacao-da-carreta-furacao-de-ribeirao-preto-por-uso-indevido-de-fofao\/","url_meta":{"origin":65767,"position":1},"title":"TJ mant\u00e9m condena\u00e7\u00e3o da Carreta Furac\u00e3o, de Ribeir\u00e3o Preto, por uso indevido de &#8216;Fof\u00e3o&#8217;","author":"ismaelcolosi.com.br","date":"16 de July de 2024","format":false,"excerpt":"O Tribunal de Justi\u00e7a de S\u00e3o Paulo (TJ-SP) manteve condena\u00e7\u00e3o de primeira inst\u00e2ncia para determinar que o grupo musical Carreta Furac\u00e3o, de Ribeir\u00e3o Preto, pare de usar o personagem \u201cFon-fon\u201d e pague R$ 70 mil por danos morais ao filho de Orival Pessini, criador do personagem Fof\u00e3o. Em setembro de\u2026","rel":"","context":"In &quot;Not\u00edcias de Ribeir\u00e3o Preto-SP e Regi\u00e3o&quot;","block_context":{"text":"Not\u00edcias de Ribeir\u00e3o Preto-SP e Regi\u00e3o","link":"https:\/\/ismaelcolosi.com.br\/index.php\/category\/noticias-de-ribeirao-preto-sp-e-regiao-ismael-colosi\/"},"img":{"alt_text":"","src":"https:\/\/i0.wp.com\/ismaelcolosi.com.br\/wp-content\/uploads\/2024\/07\/fonfon-fofao.jpg?fit=1200%2C840&ssl=1&resize=350%2C200","width":350,"height":200,"srcset":"https:\/\/i0.wp.com\/ismaelcolosi.com.br\/wp-content\/uploads\/2024\/07\/fonfon-fofao.jpg?fit=1200%2C840&ssl=1&resize=350%2C200 1x, https:\/\/i0.wp.com\/ismaelcolosi.com.br\/wp-content\/uploads\/2024\/07\/fonfon-fofao.jpg?fit=1200%2C840&ssl=1&resize=525%2C300 1.5x, https:\/\/i0.wp.com\/ismaelcolosi.com.br\/wp-content\/uploads\/2024\/07\/fonfon-fofao.jpg?fit=1200%2C840&ssl=1&resize=700%2C400 2x, https:\/\/i0.wp.com\/ismaelcolosi.com.br\/wp-content\/uploads\/2024\/07\/fonfon-fofao.jpg?fit=1200%2C840&ssl=1&resize=1050%2C600 3x"},"classes":[]},{"id":26489,"url":"https:\/\/ismaelcolosi.com.br\/index.php\/2024\/01\/10\/crianca-franca-vestida-de-fofao-danca-em-trenzinho-e-video-viraliza-entenda\/","url_meta":{"origin":65767,"position":2},"title":"Crian\u00e7a de Franca vestida de Fof\u00e3o dan\u00e7a em trenzinho e v\u00eddeo viraliza; Entenda","author":"ismaelcolosi.com.br","date":"10 de January de 2024","format":false,"excerpt":"O v\u00eddeo do pequeno Gael, de apenas 2 anos, vestido de Fof\u00e3o dan\u00e7ando em um trenzinho da alegria viralizou na internet \u2013 Veja o v\u00eddeo abaixo. A crian\u00e7a \u00e9 de Franca, na regi\u00e3o de Ribeir\u00e3o Preto, e o v\u00eddeo foi publicado pela m\u00e3e do garoto nas redes sociais no \u00faltimo\u2026","rel":"","context":"In &quot;Not\u00edcias de Ribeir\u00e3o Preto-SP e Regi\u00e3o&quot;","block_context":{"text":"Not\u00edcias de Ribeir\u00e3o Preto-SP e Regi\u00e3o","link":"https:\/\/ismaelcolosi.com.br\/index.php\/category\/noticias-de-ribeirao-preto-sp-e-regiao-ismael-colosi\/"},"img":{"alt_text":"","src":"https:\/\/i0.wp.com\/ismaelcolosi.com.br\/wp-content\/uploads\/2024\/01\/FOFAO-FRANCA-STORIES.jpg?fit=516%2C564&ssl=1&resize=350%2C200","width":350,"height":200},"classes":[]},{"id":19502,"url":"https:\/\/ismaelcolosi.com.br\/index.php\/2023\/12\/22\/ao-som-de-funk-briga-de-integrantes-da-carreta-furacao-viraliza-na-web\/","url_meta":{"origin":65767,"position":3},"title":"Ao som de funk, briga de integrantes da Carreta Furac\u00e3o viraliza na web","author":"ismaelcolosi.com.br","date":"22 de December de 2023","format":false,"excerpt":"Entre os assuntos mais\u00a0f\u00e1ceis\u00a0de\u00a0viralizar nas\u00a0redes sociais, as\u00a0brigas\u00a0com\u00a0certeza ocupam\u00a0o p\u00f3dio\u00a0da classifica\u00e7\u00e3o dos\u00a0v\u00eddeos mais\u00a0vistos\u00a0e compartilhados.A jun\u00e7\u00e3o de alguns personagens de desenhos mais conhecidos da tv virou febre pelo Brasil \u00e0 fora. A Carreta Fura\u00e7\u00e3o \u00e9 uma das atra\u00e7\u00f5es mais famosas e divertidas da web.Acontece que nem s\u00f3 de muito gingado e correria\u2026","rel":"","context":"In &quot;Blog&quot;","block_context":{"text":"Blog","link":"https:\/\/ismaelcolosi.com.br\/index.php\/category\/blog\/"},"img":{"alt_text":"","src":"https:\/\/i0.wp.com\/ismaelcolosi.com.br\/wp-content\/uploads\/2023\/12\/postimg-6585ced0ddd088574.jpg?fit=1200%2C628&ssl=1&resize=350%2C200","width":350,"height":200,"srcset":"https:\/\/i0.wp.com\/ismaelcolosi.com.br\/wp-content\/uploads\/2023\/12\/postimg-6585ced0ddd088574.jpg?fit=1200%2C628&ssl=1&resize=350%2C200 1x, https:\/\/i0.wp.com\/ismaelcolosi.com.br\/wp-content\/uploads\/2023\/12\/postimg-6585ced0ddd088574.jpg?fit=1200%2C628&ssl=1&resize=525%2C300 1.5x, https:\/\/i0.wp.com\/ismaelcolosi.com.br\/wp-content\/uploads\/2023\/12\/postimg-6585ced0ddd088574.jpg?fit=1200%2C628&ssl=1&resize=700%2C400 2x, https:\/\/i0.wp.com\/ismaelcolosi.com.br\/wp-content\/uploads\/2023\/12\/postimg-6585ced0ddd088574.jpg?fit=1200%2C628&ssl=1&resize=1050%2C600 3x"},"classes":[]},{"id":56977,"url":"https:\/\/ismaelcolosi.com.br\/index.php\/2024\/07\/16\/apostadores-do-interior-de-sp-levam-premio-na-mega-sena-veja-os-numeros\/","url_meta":{"origin":65767,"position":4},"title":"Apostadores do interior de SP levam pr\u00eamio na Mega-Sena; Veja os n\u00fameros","author":"ismaelcolosi.com.br","date":"16 de July de 2024","format":false,"excerpt":"Uma aposta de Ribeir\u00e3o Preto acertou cinco n\u00fameros do concurso 2.749 da Mega-Sena e faturou mais de R$ 58 mil, na noite desta ter\u00e7a-feira (16). O sorteio foi realizado no Espa\u00e7o da Sorte, em S\u00e3o Paulo. Nenhum apostador acertou todas as dezenas e o pr\u00eamio principal acumulou em R$ 47\u2026","rel":"","context":"In &quot;Not\u00edcias de Ribeir\u00e3o Preto-SP e Regi\u00e3o&quot;","block_context":{"text":"Not\u00edcias de Ribeir\u00e3o Preto-SP e Regi\u00e3o","link":"https:\/\/ismaelcolosi.com.br\/index.php\/category\/noticias-de-ribeirao-preto-sp-e-regiao-ismael-colosi\/"},"img":{"alt_text":"","src":"https:\/\/i0.wp.com\/ismaelcolosi.com.br\/wp-content\/uploads\/2024\/07\/mega_sena_1024x576_24112020155229.jpg?fit=1024%2C575&ssl=1&resize=350%2C200","width":350,"height":200,"srcset":"https:\/\/i0.wp.com\/ismaelcolosi.com.br\/wp-content\/uploads\/2024\/07\/mega_sena_1024x576_24112020155229.jpg?fit=1024%2C575&ssl=1&resize=350%2C200 1x, https:\/\/i0.wp.com\/ismaelcolosi.com.br\/wp-content\/uploads\/2024\/07\/mega_sena_1024x576_24112020155229.jpg?fit=1024%2C575&ssl=1&resize=525%2C300 1.5x, https:\/\/i0.wp.com\/ismaelcolosi.com.br\/wp-content\/uploads\/2024\/07\/mega_sena_1024x576_24112020155229.jpg?fit=1024%2C575&ssl=1&resize=700%2C400 2x"},"classes":[]},{"id":70271,"url":"https:\/\/ismaelcolosi.com.br\/index.php\/2024\/10\/10\/furacao-milton-causa-destruicao-na-florida-ventos-chegam-a-205-km-h-2\/","url_meta":{"origin":65767,"position":5},"title":"Furac\u00e3o Milton causa destrui\u00e7\u00e3o na Fl\u00f3rida; Ventos chegam a 205 Km\/h","author":"ismaelcolosi.com.br","date":"10 de October de 2024","format":false,"excerpt":"O furac\u00e3o Milton chegou \u00e0 costa da Fl\u00f3rida \u00e0s 20h30 (21h30 no hor\u00e1rio de Bras\u00edlia) desta quarta-feira (9), tocando o solo de Siesta Key, perto da cidade de Sarasota, com categoria 3 e ventos de pico de 205 km\/h. Pelo menos, quatro pessoas perderam a vida durante a tempestade. Algumas\u2026","rel":"","context":"In &quot;Not\u00edcias de Ribeir\u00e3o Preto-SP e Regi\u00e3o&quot;","block_context":{"text":"Not\u00edcias de Ribeir\u00e3o Preto-SP e Regi\u00e3o","link":"https:\/\/ismaelcolosi.com.br\/index.php\/category\/noticias-de-ribeirao-preto-sp-e-regiao-ismael-colosi\/"},"img":{"alt_text":"","src":"https:\/\/i0.wp.com\/ismaelcolosi.com.br\/wp-content\/uploads\/2024\/10\/furacao-milton_2024-10-10_13-48-31_jpg_2024-10-10_13-48-31.webp.webp?fit=1200%2C717&ssl=1&resize=350%2C200","width":350,"height":200,"srcset":"https:\/\/i0.wp.com\/ismaelcolosi.com.br\/wp-content\/uploads\/2024\/10\/furacao-milton_2024-10-10_13-48-31_jpg_2024-10-10_13-48-31.webp.webp?fit=1200%2C717&ssl=1&resize=350%2C200 1x, https:\/\/i0.wp.com\/ismaelcolosi.com.br\/wp-content\/uploads\/2024\/10\/furacao-milton_2024-10-10_13-48-31_jpg_2024-10-10_13-48-31.webp.webp?fit=1200%2C717&ssl=1&resize=525%2C300 1.5x, https:\/\/i0.wp.com\/ismaelcolosi.com.br\/wp-content\/uploads\/2024\/10\/furacao-milton_2024-10-10_13-48-31_jpg_2024-10-10_13-48-31.webp.webp?fit=1200%2C717&ssl=1&resize=700%2C400 2x, https:\/\/i0.wp.com\/ismaelcolosi.com.br\/wp-content\/uploads\/2024\/10\/furacao-milton_2024-10-10_13-48-31_jpg_2024-10-10_13-48-31.webp.webp?fit=1200%2C717&ssl=1&resize=1050%2C600 3x"},"classes":[]}],"jetpack_sharing_enabled":true,"jetpack_shortlink":"https:\/\/wp.me\/pfMlyK-h6L","_links":{"self":[{"href":"https:\/\/ismaelcolosi.com.br\/index.php\/wp-json\/wp\/v2\/posts\/65767","targetHints":{"allow":["GET"]}}],"collection":[{"href":"https:\/\/ismaelcolosi.com.br\/index.php\/wp-json\/wp\/v2\/posts"}],"about":[{"href":"https:\/\/ismaelcolosi.com.br\/index.php\/wp-json\/wp\/v2\/types\/post"}],"author":[{"embeddable":true,"href":"https:\/\/ismaelcolosi.com.br\/index.php\/wp-json\/wp\/v2\/users\/1"}],"replies":[{"embeddable":true,"href":"https:\/\/ismaelcolosi.com.br\/index.php\/wp-json\/wp\/v2\/comments?post=65767"}],"version-history":[{"count":0,"href":"https:\/\/ismaelcolosi.com.br\/index.php\/wp-json\/wp\/v2\/posts\/65767\/revisions"}],"wp:featuredmedia":[{"embeddable":true,"href":"https:\/\/ismaelcolosi.com.br\/index.php\/wp-json\/wp\/v2\/media\/65768"}],"wp:attachment":[{"href":"https:\/\/ismaelcolosi.com.br\/index.php\/wp-json\/wp\/v2\/media?parent=65767"}],"wp:term":[{"taxonomy":"category","embeddable":true,"href":"https:\/\/ismaelcolosi.com.br\/index.php\/wp-json\/wp\/v2\/categories?post=65767"},{"taxonomy":"post_tag","embeddable":true,"href":"https:\/\/ismaelcolosi.com.br\/index.php\/wp-json\/wp\/v2\/tags?post=65767"}],"curies":[{"name":"wp","href":"https:\/\/api.w.org\/{rel}","templated":true}]}}