{"id":65738,"date":"2024-09-13T14:37:13","date_gmt":"2024-09-13T17:37:13","guid":{"rendered":"https:\/\/ismaelcolosi.com.br\/index.php\/2024\/09\/13\/veja-quando-ha-previsao-de-chuva-para-o-interior-de-sp\/"},"modified":"2024-09-13T14:37:13","modified_gmt":"2024-09-13T17:37:13","slug":"veja-quando-ha-previsao-de-chuva-para-o-interior-de-sp","status":"publish","type":"post","link":"https:\/\/ismaelcolosi.com.br\/index.php\/2024\/09\/13\/veja-quando-ha-previsao-de-chuva-para-o-interior-de-sp\/","title":{"rendered":"Veja quando h\u00e1 previs\u00e3o de chuva para o interior de SP"},"content":{"rendered":"<p> <br \/>\n<\/p>\n<div data-td-block-uid=\"tdi_106\">\n<div class=\"tdb-block-inner td-fix-index\">\n<p>A chegada de uma <strong>frente fria<\/strong> a partir deste fim de semana pode trazer <strong>chuva <\/strong>para o<strong> interior de S\u00e3o Paulo<\/strong>. Segundo a <strong><a href=\"https:\/\/www.climatempo.com.br\/previsao-do-tempo\/15-dias\/cidade\/530\/ribeiraopreto-sp\" target=\"_blank\" rel=\"noreferrer noopener nofollow\">Climatempo<\/a><\/strong>, a virada no tempo est\u00e1 prevista para acontecer entre domingo (15) e segunda-feira (16).<\/p>\n<p>Contudo, a chuva ainda deve demorar alguns dias para chegar em Ribeir\u00e3o Preto. Segundo a Climatempo, <mark style=\"background-color:#fcb900\" class=\"has-inline-color\">deve chover na cidade na pr\u00f3xima quarta-feira (18). S\u00e3o 39% de chances de chuva no per\u00edodo da tarde, com acumulado de at\u00e9 3,8 mil\u00edmetros.<\/mark><\/p>\n<p>J\u00e1 o servi\u00e7o Meteored aponta com que s\u00e3o 60% de chances de chover em Ribeir\u00e3o Preto.<\/p>\n<p>Os meteorologistas apontam que a mudan\u00e7a no tempo pode ser ocasionada pelo avan\u00e7o de um sistema sobre a costa do Estado de S\u00e3o Paulo, favorecebndo a invers\u00e3o dos ventos. No entando, ainda haver\u00e1 a sensa\u00e7\u00e3o de calor, principalmente no norte de S\u00e3o Paulo.<\/p>\n<h4 class=\"wp-block-heading\"><strong>Chuva preta<\/strong><\/h4>\n<p>A condi\u00e7\u00e3o clim\u00e1tica da chuva preta tende a ser observada pelo interior paulista, onde a quantidade de focos de fogo e de fuma\u00e7a \u00e9 muito maior do que na Grande S\u00e3o Paulo. Mesmo assim, outros Estados e at\u00e9 mesmo pa\u00edses vizinhos est\u00e3o vendo a queda dessa chuva escura<\/p>\n<p>\u201cNas \u00faltimas horas, com o deslocamento do sistema frontal pelas latitudes m\u00e9dias da Am\u00e9rica do Sul que estavam cobertas por densa fuma\u00e7a de queimadas, houve o registro de chuva preta em cidades do interior do Rio Grande do Sul\u201d, informa o Metsul (com informa\u00e7\u00f5es Estad\u00e3o Conte\u00fado).<\/p>\n<p>SAIBA MAIS<br \/>Thiaguinho confirma projeto \u2018Tardezinha 2025\u2019 em Ribeir\u00e3o Preto<\/p>\n<h4 class=\"wp-block-heading\"><strong>FIQUE ON<\/strong><\/h4>\n<p>Fique ligado em tudo que acontece em Ribeir\u00e3o Preto e regi\u00e3o. Siga os perfis do<strong> acidade on<\/strong> no <a href=\"https:\/\/www.instagram.com\/acidadeonribeirao\" target=\"_blank\" rel=\"noreferrer noopener nofollow\">Instagram<\/a> e no <a href=\"https:\/\/www.facebook.com\/acidadeonribeirao\/\" target=\"_blank\" rel=\"noreferrer noopener nofollow\">Facebook<\/a>.<\/p>\n<p>Receba not\u00edcias do <strong>acidade on<\/strong> no WhatsApp. <a href=\"https:\/\/chat.whatsapp.com\/Dtv9mxhy6V5BJBotM2OQ5k\" target=\"_blank\" rel=\"noreferrer noopener nofollow\">Para entrar no grupo, basta clicar aqui.<\/a><\/p>\n<p>Fa\u00e7a uma den\u00fancia ou sugira uma reportagem sobre Ribeir\u00e3o Preto e regi\u00e3o pelo WhatsApp: 16 99117 7802.<\/p>\n<p>VEJA TAMB\u00c9M<br \/>Chuvas irregulares podem atrasar o plantio da soja em SP\u00a0<\/p>\n<p><!-- CONTENT END 1 -->\n<\/div>\n<\/div>\n<p><script async src=\"\/\/www.instagram.com\/embed.js\"><\/script><br \/>\n<br \/><br \/>\n<br \/><a href=\"https:\/\/www.acidadeon.com\/ribeiraopreto\/cotidiano\/veja-quando-ha-previsao-de-chuva-para-o-interior-de-sp\/\">Source link <\/a><\/p>\n","protected":false},"excerpt":{"rendered":"<p>A chegada de uma frente fria a partir deste fim de semana pode trazer chuva para o interior de S\u00e3o Paulo. Segundo a Climatempo, a&#8230;<\/p>\n","protected":false},"author":1,"featured_media":65739,"comment_status":"open","ping_status":"open","sticky":false,"template":"","format":"standard","meta":{"_uag_custom_page_level_css":"","jetpack_post_was_ever_published":false,"_jetpack_newsletter_access":"","_jetpack_dont_email_post_to_subs":false,"_jetpack_newsletter_tier_id":0,"_jetpack_memberships_contains_paywalled_content":false,"_jetpack_memberships_contains_paid_content":false,"footnotes":"","jetpack_publicize_message":"","jetpack_publicize_feature_enabled":true,"jetpack_social_post_already_shared":true,"jetpack_social_options":{"image_generator_settings":{"template":"highway","default_image_id":0,"font":"","enabled":false},"version":2}},"categories":[11],"tags":[],"class_list":["post-65738","post","type-post","status-publish","format-standard","has-post-thumbnail","hentry","category-noticias-de-ribeirao-preto-sp-e-regiao-ismael-colosi"],"aioseo_notices":[],"jetpack_publicize_connections":[],"jetpack_featured_media_url":"https:\/\/i0.wp.com\/ismaelcolosi.com.br\/wp-content\/uploads\/2024\/09\/WhatsApp-Image-2023-12-23-at-18.39.14.jpeg?fit=1600%2C1125&ssl=1","uagb_featured_image_src":{"full":["https:\/\/i0.wp.com\/ismaelcolosi.com.br\/wp-content\/uploads\/2024\/09\/WhatsApp-Image-2023-12-23-at-18.39.14.jpeg?fit=1600%2C1125&ssl=1",1600,1125,false],"thumbnail":["https:\/\/i0.wp.com\/ismaelcolosi.com.br\/wp-content\/uploads\/2024\/09\/WhatsApp-Image-2023-12-23-at-18.39.14.jpeg?resize=150%2C150&ssl=1",150,150,true],"medium":["https:\/\/i0.wp.com\/ismaelcolosi.com.br\/wp-content\/uploads\/2024\/09\/WhatsApp-Image-2023-12-23-at-18.39.14.jpeg?fit=300%2C211&ssl=1",300,211,true],"medium_large":["https:\/\/i0.wp.com\/ismaelcolosi.com.br\/wp-content\/uploads\/2024\/09\/WhatsApp-Image-2023-12-23-at-18.39.14.jpeg?fit=768%2C540&ssl=1",768,540,true],"large":["https:\/\/i0.wp.com\/ismaelcolosi.com.br\/wp-content\/uploads\/2024\/09\/WhatsApp-Image-2023-12-23-at-18.39.14.jpeg?fit=1024%2C720&ssl=1",1024,720,true],"1536x1536":["https:\/\/i0.wp.com\/ismaelcolosi.com.br\/wp-content\/uploads\/2024\/09\/WhatsApp-Image-2023-12-23-at-18.39.14.jpeg?fit=1536%2C1080&ssl=1",1536,1080,true],"2048x2048":["https:\/\/i0.wp.com\/ismaelcolosi.com.br\/wp-content\/uploads\/2024\/09\/WhatsApp-Image-2023-12-23-at-18.39.14.jpeg?fit=1600%2C1125&ssl=1",1600,1125,true],"really-simple-thumb":["https:\/\/i0.wp.com\/ismaelcolosi.com.br\/wp-content\/uploads\/2024\/09\/WhatsApp-Image-2023-12-23-at-18.39.14.jpeg?resize=370%2C247&ssl=1",370,247,true]},"uagb_author_info":{"display_name":"ismaelcolosi.com.br","author_link":"https:\/\/ismaelcolosi.com.br\/index.php\/author\/vidareal-online\/"},"uagb_comment_info":0,"uagb_excerpt":"A chegada de uma frente fria a partir deste fim de semana pode trazer chuva para o interior de S\u00e3o Paulo. Segundo a Climatempo, a...","jetpack-related-posts":[{"id":49858,"url":"https:\/\/ismaelcolosi.com.br\/index.php\/2024\/05\/13\/ciclone-extratropical-e-nova-frente-fria-veja-onde-pode-chover-no-interior-de-sp\/","url_meta":{"origin":65738,"position":0},"title":"Ciclone extratropical e nova frente fria: Veja onde pode chover no interior de SP","author":"ismaelcolosi.com.br","date":"13 de May de 2024","format":false,"excerpt":"Uma nova frente fria come\u00e7ou se formar no Sul do Brasil, nesta segunda-feira (13), e deve aliviar o calor\u00e3o que atinge o estado de S\u00e3o Paulo desde o m\u00eas de abril, segundo a meteorologia. A chegada dessa frente fria tem influ\u00eancia de um ciclone extratropical em alto mar que provoca\u2026","rel":"","context":"In &quot;Not\u00edcias de Ribeir\u00e3o Preto-SP e Regi\u00e3o&quot;","block_context":{"text":"Not\u00edcias de Ribeir\u00e3o Preto-SP e Regi\u00e3o","link":"https:\/\/ismaelcolosi.com.br\/index.php\/category\/noticias-de-ribeirao-preto-sp-e-regiao-ismael-colosi\/"},"img":{"alt_text":"","src":"https:\/\/i0.wp.com\/ismaelcolosi.com.br\/wp-content\/uploads\/2024\/05\/chuva_forte_1024x576_06122019161537.jpg?fit=1024%2C575&ssl=1&resize=350%2C200","width":350,"height":200,"srcset":"https:\/\/i0.wp.com\/ismaelcolosi.com.br\/wp-content\/uploads\/2024\/05\/chuva_forte_1024x576_06122019161537.jpg?fit=1024%2C575&ssl=1&resize=350%2C200 1x, https:\/\/i0.wp.com\/ismaelcolosi.com.br\/wp-content\/uploads\/2024\/05\/chuva_forte_1024x576_06122019161537.jpg?fit=1024%2C575&ssl=1&resize=525%2C300 1.5x, https:\/\/i0.wp.com\/ismaelcolosi.com.br\/wp-content\/uploads\/2024\/05\/chuva_forte_1024x576_06122019161537.jpg?fit=1024%2C575&ssl=1&resize=700%2C400 2x"},"classes":[]},{"id":21140,"url":"https:\/\/ismaelcolosi.com.br\/index.php\/2023\/12\/27\/frente-fria-veja-se-ha-previsao-de-chuva-no-interior-de-sp\/","url_meta":{"origin":65738,"position":1},"title":"Frente fria? Veja se h\u00e1 previs\u00e3o de chuva no interior de SP","author":"ismaelcolosi.com.br","date":"27 de December de 2023","format":false,"excerpt":"A frente fria que chegou no in\u00edcio da semana come\u00e7ou a se afastar para alto mar, segundo a Climatempo. Por\u00e9m, a frente fria ainda pode provocar pancadas de chuva no interior de S\u00e3o Paulo nesta quarta-feira (27). De acordo com os meteorologistas, o dia come\u00e7a nublado em S\u00e3o Paulo, com\u2026","rel":"","context":"In &quot;Not\u00edcias de Ribeir\u00e3o Preto-SP e Regi\u00e3o&quot;","block_context":{"text":"Not\u00edcias de Ribeir\u00e3o Preto-SP e Regi\u00e3o","link":"https:\/\/ismaelcolosi.com.br\/index.php\/category\/noticias-de-ribeirao-preto-sp-e-regiao-ismael-colosi\/"},"img":{"alt_text":"","src":"https:\/\/i0.wp.com\/ismaelcolosi.com.br\/wp-content\/uploads\/2023\/12\/1703674916_WhatsApp-Image-2023-11-24-at-11.08.54.jpeg?fit=1200%2C523&ssl=1&resize=350%2C200","width":350,"height":200,"srcset":"https:\/\/i0.wp.com\/ismaelcolosi.com.br\/wp-content\/uploads\/2023\/12\/1703674916_WhatsApp-Image-2023-11-24-at-11.08.54.jpeg?fit=1200%2C523&ssl=1&resize=350%2C200 1x, https:\/\/i0.wp.com\/ismaelcolosi.com.br\/wp-content\/uploads\/2023\/12\/1703674916_WhatsApp-Image-2023-11-24-at-11.08.54.jpeg?fit=1200%2C523&ssl=1&resize=525%2C300 1.5x, https:\/\/i0.wp.com\/ismaelcolosi.com.br\/wp-content\/uploads\/2023\/12\/1703674916_WhatsApp-Image-2023-11-24-at-11.08.54.jpeg?fit=1200%2C523&ssl=1&resize=700%2C400 2x, https:\/\/i0.wp.com\/ismaelcolosi.com.br\/wp-content\/uploads\/2023\/12\/1703674916_WhatsApp-Image-2023-11-24-at-11.08.54.jpeg?fit=1200%2C523&ssl=1&resize=1050%2C600 3x"},"classes":[]},{"id":46472,"url":"https:\/\/ismaelcolosi.com.br\/index.php\/2024\/04\/11\/frente-fria-nao-derruba-temperatura-no-interior-de-sp-mas-pode-trazer-chuva-entenda\/","url_meta":{"origin":65738,"position":2},"title":"Frente fria n\u00e3o derruba temperatura no interior de SP mas pode trazer chuva; Entenda","author":"ismaelcolosi.com.br","date":"11 de April de 2024","format":false,"excerpt":"A frente fria que avan\u00e7ou da Argentina, se deslocou pelo alto mar em dire\u00e7\u00e3o ao Sudeste brasileiro, nesta quinta-feira (11), e causou chuva em algumas cidades do estado de S\u00e3o Paulo. No interior paulista, a chegada desse sistema n\u00e3o vai causar queda nas temperaturas, contudo, vai aumentar a umidade e\u2026","rel":"","context":"In &quot;Not\u00edcias de Ribeir\u00e3o Preto-SP e Regi\u00e3o&quot;","block_context":{"text":"Not\u00edcias de Ribeir\u00e3o Preto-SP e Regi\u00e3o","link":"https:\/\/ismaelcolosi.com.br\/index.php\/category\/noticias-de-ribeirao-preto-sp-e-regiao-ismael-colosi\/"},"img":{"alt_text":"","src":"https:\/\/i0.wp.com\/ismaelcolosi.com.br\/wp-content\/uploads\/2024\/04\/chuva.jpeg?fit=1200%2C903&ssl=1&resize=350%2C200","width":350,"height":200,"srcset":"https:\/\/i0.wp.com\/ismaelcolosi.com.br\/wp-content\/uploads\/2024\/04\/chuva.jpeg?fit=1200%2C903&ssl=1&resize=350%2C200 1x, https:\/\/i0.wp.com\/ismaelcolosi.com.br\/wp-content\/uploads\/2024\/04\/chuva.jpeg?fit=1200%2C903&ssl=1&resize=525%2C300 1.5x, https:\/\/i0.wp.com\/ismaelcolosi.com.br\/wp-content\/uploads\/2024\/04\/chuva.jpeg?fit=1200%2C903&ssl=1&resize=700%2C400 2x, https:\/\/i0.wp.com\/ismaelcolosi.com.br\/wp-content\/uploads\/2024\/04\/chuva.jpeg?fit=1200%2C903&ssl=1&resize=1050%2C600 3x"},"classes":[]},{"id":50613,"url":"https:\/\/ismaelcolosi.com.br\/index.php\/2024\/05\/17\/vai-chover-no-interior-de-sp-nos-proximos-dias-confira-a-previsao-do-tempo\/","url_meta":{"origin":65738,"position":3},"title":"Vai chover no interior de SP nos pr\u00f3ximos dias? Confira a previs\u00e3o do tempo","author":"ismaelcolosi.com.br","date":"17 de May de 2024","format":false,"excerpt":"O deslocamento de uma frente fria pode trazer chuva a parte do interior de S\u00e3o Paulo no pr\u00f3ximo domingo (19). Segundo a Climatempo, a chuva est\u00e1 prevista para Campinas e n\u00e3o mais em Ribeir\u00e3o Preto, conforme apontava a meteorologia. Na segunda-feira (20) tamb\u00e9m n\u00e3o h\u00e1 expectativa de chuva em Ribeir\u00e3o.\u2026","rel":"","context":"In &quot;Not\u00edcias de Ribeir\u00e3o Preto-SP e Regi\u00e3o&quot;","block_context":{"text":"Not\u00edcias de Ribeir\u00e3o Preto-SP e Regi\u00e3o","link":"https:\/\/ismaelcolosi.com.br\/index.php\/category\/noticias-de-ribeirao-preto-sp-e-regiao-ismael-colosi\/"},"img":{"alt_text":"","src":"https:\/\/i0.wp.com\/ismaelcolosi.com.br\/wp-content\/uploads\/2024\/05\/RIBEIRAO-PRETO-1.jpg?fit=1200%2C656&ssl=1&resize=350%2C200","width":350,"height":200,"srcset":"https:\/\/i0.wp.com\/ismaelcolosi.com.br\/wp-content\/uploads\/2024\/05\/RIBEIRAO-PRETO-1.jpg?fit=1200%2C656&ssl=1&resize=350%2C200 1x, https:\/\/i0.wp.com\/ismaelcolosi.com.br\/wp-content\/uploads\/2024\/05\/RIBEIRAO-PRETO-1.jpg?fit=1200%2C656&ssl=1&resize=525%2C300 1.5x, https:\/\/i0.wp.com\/ismaelcolosi.com.br\/wp-content\/uploads\/2024\/05\/RIBEIRAO-PRETO-1.jpg?fit=1200%2C656&ssl=1&resize=700%2C400 2x, https:\/\/i0.wp.com\/ismaelcolosi.com.br\/wp-content\/uploads\/2024\/05\/RIBEIRAO-PRETO-1.jpg?fit=1200%2C656&ssl=1&resize=1050%2C600 3x"},"classes":[]},{"id":46742,"url":"https:\/\/ismaelcolosi.com.br\/index.php\/2024\/04\/14\/confira-se-o-domingo-sera-de-sol-ou-chuva-em-ribeirao-preto\/","url_meta":{"origin":65738,"position":4},"title":"Confira se o domingo ser\u00e1 de sol ou chuva em Ribeir\u00e3o Preto","author":"ismaelcolosi.com.br","date":"14 de April de 2024","format":false,"excerpt":"O domingo (14) amanheceu em Ribeir\u00e3o Preto com o c\u00e9u coberto de nuvens, mas com o sol escondido entre elas. Segundo a Climatempo, a combina\u00e7\u00e3o de circula\u00e7\u00e3o de ventos e umidade favorece a forma\u00e7\u00e3o de nuvens carregadas sobre todo Estado de S\u00e3o Paulo. Ainda de acordo com a plataforma, pode\u2026","rel":"","context":"In &quot;Not\u00edcias de Ribeir\u00e3o Preto-SP e Regi\u00e3o&quot;","block_context":{"text":"Not\u00edcias de Ribeir\u00e3o Preto-SP e Regi\u00e3o","link":"https:\/\/ismaelcolosi.com.br\/index.php\/category\/noticias-de-ribeirao-preto-sp-e-regiao-ismael-colosi\/"},"img":{"alt_text":"","src":"https:\/\/i0.wp.com\/ismaelcolosi.com.br\/wp-content\/uploads\/2024\/04\/Copia-de-Copia-de-TAMANHO-EXATO-PARA-FOTOS-NO-SISTEMA-NOVO-30.webp.webp?fit=1200%2C675&ssl=1&resize=350%2C200","width":350,"height":200,"srcset":"https:\/\/i0.wp.com\/ismaelcolosi.com.br\/wp-content\/uploads\/2024\/04\/Copia-de-Copia-de-TAMANHO-EXATO-PARA-FOTOS-NO-SISTEMA-NOVO-30.webp.webp?fit=1200%2C675&ssl=1&resize=350%2C200 1x, https:\/\/i0.wp.com\/ismaelcolosi.com.br\/wp-content\/uploads\/2024\/04\/Copia-de-Copia-de-TAMANHO-EXATO-PARA-FOTOS-NO-SISTEMA-NOVO-30.webp.webp?fit=1200%2C675&ssl=1&resize=525%2C300 1.5x, https:\/\/i0.wp.com\/ismaelcolosi.com.br\/wp-content\/uploads\/2024\/04\/Copia-de-Copia-de-TAMANHO-EXATO-PARA-FOTOS-NO-SISTEMA-NOVO-30.webp.webp?fit=1200%2C675&ssl=1&resize=700%2C400 2x, https:\/\/i0.wp.com\/ismaelcolosi.com.br\/wp-content\/uploads\/2024\/04\/Copia-de-Copia-de-TAMANHO-EXATO-PARA-FOTOS-NO-SISTEMA-NOVO-30.webp.webp?fit=1200%2C675&ssl=1&resize=1050%2C600 3x"},"classes":[]},{"id":23382,"url":"https:\/\/ismaelcolosi.com.br\/index.php\/2024\/01\/02\/zona-de-convergencia-pode-provocar-chuvas-no-interior-de-sp-entenda\/","url_meta":{"origin":65738,"position":5},"title":"Zona de Converg\u00eancia pode provocar chuvas no interior de SP; Entenda","author":"ismaelcolosi.com.br","date":"2 de January de 2024","format":false,"excerpt":"A forma\u00e7\u00e3o de uma zona de converg\u00eancia do Atl\u00e2ntico Sul pode provocar chuvas frequentes no interior de S\u00e3o Paulo nesta ter\u00e7a-feira (2). Segundo a Climatempo, o Sol deve aparecer na maior parte do dia, mas tem previs\u00e3o de pancadas de chuva \u00e0 tarde e \u00e0 noite. \u201cH\u00e1 risco de chuva\u2026","rel":"","context":"In &quot;Not\u00edcias de Ribeir\u00e3o Preto-SP e Regi\u00e3o&quot;","block_context":{"text":"Not\u00edcias de Ribeir\u00e3o Preto-SP e Regi\u00e3o","link":"https:\/\/ismaelcolosi.com.br\/index.php\/category\/noticias-de-ribeirao-preto-sp-e-regiao-ismael-colosi\/"},"img":{"alt_text":"","src":"https:\/\/i0.wp.com\/ismaelcolosi.com.br\/wp-content\/uploads\/2024\/01\/chuva_tempo_1200x675_24092021181335-2.jpg?fit=1200%2C675&ssl=1&resize=350%2C200","width":350,"height":200,"srcset":"https:\/\/i0.wp.com\/ismaelcolosi.com.br\/wp-content\/uploads\/2024\/01\/chuva_tempo_1200x675_24092021181335-2.jpg?fit=1200%2C675&ssl=1&resize=350%2C200 1x, https:\/\/i0.wp.com\/ismaelcolosi.com.br\/wp-content\/uploads\/2024\/01\/chuva_tempo_1200x675_24092021181335-2.jpg?fit=1200%2C675&ssl=1&resize=525%2C300 1.5x, https:\/\/i0.wp.com\/ismaelcolosi.com.br\/wp-content\/uploads\/2024\/01\/chuva_tempo_1200x675_24092021181335-2.jpg?fit=1200%2C675&ssl=1&resize=700%2C400 2x, https:\/\/i0.wp.com\/ismaelcolosi.com.br\/wp-content\/uploads\/2024\/01\/chuva_tempo_1200x675_24092021181335-2.jpg?fit=1200%2C675&ssl=1&resize=1050%2C600 3x"},"classes":[]}],"jetpack_sharing_enabled":true,"jetpack_shortlink":"https:\/\/wp.me\/pfMlyK-h6i","_links":{"self":[{"href":"https:\/\/ismaelcolosi.com.br\/index.php\/wp-json\/wp\/v2\/posts\/65738","targetHints":{"allow":["GET"]}}],"collection":[{"href":"https:\/\/ismaelcolosi.com.br\/index.php\/wp-json\/wp\/v2\/posts"}],"about":[{"href":"https:\/\/ismaelcolosi.com.br\/index.php\/wp-json\/wp\/v2\/types\/post"}],"author":[{"embeddable":true,"href":"https:\/\/ismaelcolosi.com.br\/index.php\/wp-json\/wp\/v2\/users\/1"}],"replies":[{"embeddable":true,"href":"https:\/\/ismaelcolosi.com.br\/index.php\/wp-json\/wp\/v2\/comments?post=65738"}],"version-history":[{"count":0,"href":"https:\/\/ismaelcolosi.com.br\/index.php\/wp-json\/wp\/v2\/posts\/65738\/revisions"}],"wp:featuredmedia":[{"embeddable":true,"href":"https:\/\/ismaelcolosi.com.br\/index.php\/wp-json\/wp\/v2\/media\/65739"}],"wp:attachment":[{"href":"https:\/\/ismaelcolosi.com.br\/index.php\/wp-json\/wp\/v2\/media?parent=65738"}],"wp:term":[{"taxonomy":"category","embeddable":true,"href":"https:\/\/ismaelcolosi.com.br\/index.php\/wp-json\/wp\/v2\/categories?post=65738"},{"taxonomy":"post_tag","embeddable":true,"href":"https:\/\/ismaelcolosi.com.br\/index.php\/wp-json\/wp\/v2\/tags?post=65738"}],"curies":[{"name":"wp","href":"https:\/\/api.w.org\/{rel}","templated":true}]}}