{"id":65725,"date":"2024-09-13T13:20:32","date_gmt":"2024-09-13T16:20:32","guid":{"rendered":"https:\/\/ismaelcolosi.com.br\/index.php\/2024\/09\/13\/thiaguinho-confirma-projeto-tardezinha-2025-em-ribeirao-preto\/"},"modified":"2024-09-13T13:20:32","modified_gmt":"2024-09-13T16:20:32","slug":"thiaguinho-confirma-projeto-tardezinha-2025-em-ribeirao-preto","status":"publish","type":"post","link":"https:\/\/ismaelcolosi.com.br\/index.php\/2024\/09\/13\/thiaguinho-confirma-projeto-tardezinha-2025-em-ribeirao-preto\/","title":{"rendered":"Thiaguinho confirma projeto &#8216;Tardezinha 2025&#8217; em Ribeir\u00e3o Preto"},"content":{"rendered":"<p> <br \/>\n<\/p>\n<div data-td-block-uid=\"tdi_106\">\n<div class=\"tdb-block-inner td-fix-index\">\n<p>Em coletiva de imprensa realizada na <strong>quinta-feira (12)<\/strong>, o cantor <strong>Thiaguinho<\/strong> anunciou as novas datas do sucesso \u201c<strong>Tardezinha<\/strong>\u201c. A turn\u00ea vai passar por 26 cidades, no Brasil e exterior. <mark style=\"background-color:#fcb900\" class=\"has-inline-color\"><strong>Em Ribeir\u00e3o Preto, o show est\u00e1 marcado para o dia 06 de dezembro<\/strong><\/mark>, na <strong>Arena NICNET<\/strong>.<\/p>\n<p><mark style=\"background-color:#fcb900\" class=\"has-inline-color\">O projeto comemora 10 anos, em 2025<\/mark>, e vai ganhar <mark style=\"background-color:#fcb900\" class=\"has-inline-color\">roupagem especial<\/mark> e uma <mark style=\"background-color:#fcb900\" class=\"has-inline-color\">mega estrutura<\/mark>. <\/p>\n<blockquote class=\"wp-block-quote\">\n<p>\u201c\u00c9 uma festa gigante, mas que a gente se esfor\u00e7a pra ficar cada vez maior, e \u00e9 isso que vai ser Tardezinha 10 anos.\u201d afirmou o pagodeiro. <\/p>\n<\/blockquote>\n<p><strong>A abertura das vendas<\/strong> <strong>est\u00e1 programada para o dia 4 de novembro de 2024<\/strong> e ser\u00e1 exclusivamente pelo site da <a href=\"https:\/\/www.bilheteriadigital.com\/\">Bilheteria Digital<\/a>. <\/p>\n<p>SAIBA MAIS<br \/>USP de Ribeir\u00e3o Preto abre concurso p\u00fablico com sal\u00e1rios de R$ 15 mil<\/p>\n<h4 class=\"wp-block-heading\"><strong>FIQUE ON<\/strong><\/h4>\n<p>Fique ligado em tudo que acontece em Ribeir\u00e3o Preto e regi\u00e3o. Siga os perfis do\u00a0<strong>acidade on\u00a0<\/strong>no\u00a0<a href=\"https:\/\/www.instagram.com\/acidadeonribeirao\" target=\"_blank\" rel=\"noreferrer noopener\">Instagram<\/a>\u00a0e no\u00a0<a href=\"https:\/\/www.facebook.com\/acidadeonribeirao\/\" target=\"_blank\" rel=\"noreferrer noopener\">Facebook<\/a>.<\/p>\n<p>Receba not\u00edcias do\u00a0<strong>acidade on\u00a0<\/strong>no WhatsApp.\u00a0<a href=\"https:\/\/chat.whatsapp.com\/Dtv9mxhy6V5BJBotM2OQ5k\" target=\"_blank\" rel=\"noreferrer noopener\">Para entrar no grupo, basta clicar aqui.<\/a><\/p>\n<p>Fa\u00e7a uma den\u00fancia ou sugira uma reportagem sobre Ribeir\u00e3o Preto e regi\u00e3o pelo WhatsApp: 16 99117 7802.<\/p>\n<p>VEJA TAMB\u00c9M<br \/>M\u00e5neskin vai acabar?<\/p>\n<p><!-- CONTENT END 1 -->\n<\/div>\n<\/div>\n<p><script async src=\"\/\/www.instagram.com\/embed.js\"><\/script><br \/>\n<br \/><br \/>\n<br \/><a href=\"https:\/\/www.acidadeon.com\/ribeiraopreto\/lazer-e-cultura\/thiaguinho-confirma-projeto-tardezinha-2025-em-ribeirao-preto\/\">Source link <\/a><\/p>\n","protected":false},"excerpt":{"rendered":"<p>Em coletiva de imprensa realizada na quinta-feira (12), o cantor Thiaguinho anunciou as novas datas do sucesso \u201cTardezinha\u201c. A turn\u00ea vai passar por 26 cidades,&#8230;<\/p>\n","protected":false},"author":1,"featured_media":65726,"comment_status":"open","ping_status":"open","sticky":false,"template":"","format":"standard","meta":{"_uag_custom_page_level_css":"","jetpack_post_was_ever_published":false,"_jetpack_newsletter_access":"","_jetpack_dont_email_post_to_subs":false,"_jetpack_newsletter_tier_id":0,"_jetpack_memberships_contains_paywalled_content":false,"_jetpack_memberships_contains_paid_content":false,"footnotes":"","jetpack_publicize_message":"","jetpack_publicize_feature_enabled":true,"jetpack_social_post_already_shared":true,"jetpack_social_options":{"image_generator_settings":{"template":"highway","default_image_id":0,"font":"","enabled":false},"version":2}},"categories":[11],"tags":[],"class_list":["post-65725","post","type-post","status-publish","format-standard","has-post-thumbnail","hentry","category-noticias-de-ribeirao-preto-sp-e-regiao-ismael-colosi"],"aioseo_notices":[],"jetpack_publicize_connections":[],"jetpack_featured_media_url":"https:\/\/i0.wp.com\/ismaelcolosi.com.br\/wp-content\/uploads\/2024\/09\/Copia-de-Copia-de-Copia-de-TAMANHO-EXATO-PARA-FOTOS-NO-SISTEMA-NOVO-16_2024-09-13_15-19-34_png_2024-09-13_15-19-34.webp.webp?fit=1200%2C675&ssl=1","uagb_featured_image_src":{"full":["https:\/\/i0.wp.com\/ismaelcolosi.com.br\/wp-content\/uploads\/2024\/09\/Copia-de-Copia-de-Copia-de-TAMANHO-EXATO-PARA-FOTOS-NO-SISTEMA-NOVO-16_2024-09-13_15-19-34_png_2024-09-13_15-19-34.webp.webp?fit=1200%2C675&ssl=1",1200,675,false],"thumbnail":["https:\/\/i0.wp.com\/ismaelcolosi.com.br\/wp-content\/uploads\/2024\/09\/Copia-de-Copia-de-Copia-de-TAMANHO-EXATO-PARA-FOTOS-NO-SISTEMA-NOVO-16_2024-09-13_15-19-34_png_2024-09-13_15-19-34.webp.webp?resize=150%2C150&ssl=1",150,150,true],"medium":["https:\/\/i0.wp.com\/ismaelcolosi.com.br\/wp-content\/uploads\/2024\/09\/Copia-de-Copia-de-Copia-de-TAMANHO-EXATO-PARA-FOTOS-NO-SISTEMA-NOVO-16_2024-09-13_15-19-34_png_2024-09-13_15-19-34.webp.webp?fit=300%2C169&ssl=1",300,169,true],"medium_large":["https:\/\/i0.wp.com\/ismaelcolosi.com.br\/wp-content\/uploads\/2024\/09\/Copia-de-Copia-de-Copia-de-TAMANHO-EXATO-PARA-FOTOS-NO-SISTEMA-NOVO-16_2024-09-13_15-19-34_png_2024-09-13_15-19-34.webp.webp?fit=768%2C432&ssl=1",768,432,true],"large":["https:\/\/i0.wp.com\/ismaelcolosi.com.br\/wp-content\/uploads\/2024\/09\/Copia-de-Copia-de-Copia-de-TAMANHO-EXATO-PARA-FOTOS-NO-SISTEMA-NOVO-16_2024-09-13_15-19-34_png_2024-09-13_15-19-34.webp.webp?fit=1024%2C576&ssl=1",1024,576,true],"1536x1536":["https:\/\/i0.wp.com\/ismaelcolosi.com.br\/wp-content\/uploads\/2024\/09\/Copia-de-Copia-de-Copia-de-TAMANHO-EXATO-PARA-FOTOS-NO-SISTEMA-NOVO-16_2024-09-13_15-19-34_png_2024-09-13_15-19-34.webp.webp?fit=1200%2C675&ssl=1",1200,675,true],"2048x2048":["https:\/\/i0.wp.com\/ismaelcolosi.com.br\/wp-content\/uploads\/2024\/09\/Copia-de-Copia-de-Copia-de-TAMANHO-EXATO-PARA-FOTOS-NO-SISTEMA-NOVO-16_2024-09-13_15-19-34_png_2024-09-13_15-19-34.webp.webp?fit=1200%2C675&ssl=1",1200,675,true],"really-simple-thumb":["https:\/\/i0.wp.com\/ismaelcolosi.com.br\/wp-content\/uploads\/2024\/09\/Copia-de-Copia-de-Copia-de-TAMANHO-EXATO-PARA-FOTOS-NO-SISTEMA-NOVO-16_2024-09-13_15-19-34_png_2024-09-13_15-19-34.webp.webp?resize=370%2C247&ssl=1",370,247,true]},"uagb_author_info":{"display_name":"ismaelcolosi.com.br","author_link":"https:\/\/ismaelcolosi.com.br\/index.php\/author\/vidareal-online\/"},"uagb_comment_info":0,"uagb_excerpt":"Em coletiva de imprensa realizada na quinta-feira (12), o cantor Thiaguinho anunciou as novas datas do sucesso \u201cTardezinha\u201c. A turn\u00ea vai passar por 26 cidades,...","jetpack-related-posts":[{"id":7146,"url":"https:\/\/ismaelcolosi.com.br\/index.php\/2023\/11\/27\/vai-chover-veja-a-previsao-do-tempo-para-a-tardezinha-do-thiaguinho-em-ribeirao\/","url_meta":{"origin":65725,"position":0},"title":"Vai chover? Veja a previs\u00e3o do tempo para a \u2018Tardezinha\u2019 do Thiaguinho em Ribeir\u00e3o","author":"ismaelcolosi.com.br","date":"27 de November de 2023","format":false,"excerpt":"Ribeir\u00e3o Preto recebe, neste s\u00e1bado (2), a turn\u00ea \u201cTardezinha\u201d do cantor Thiaguinho, \u00e0s 14h. De acordo com a plataforma Climatempo, quem for curtir o show na Arena Eurobike, deve se prevenir e levar uma capa de chuva. Criado h\u00e1 mais de 6 anos, o evento conquistou quase um milh\u00e3o de\u2026","rel":"","context":"In &quot;Not\u00edcias de Ribeir\u00e3o Preto-SP e Regi\u00e3o&quot;","block_context":{"text":"Not\u00edcias de Ribeir\u00e3o Preto-SP e Regi\u00e3o","link":"https:\/\/ismaelcolosi.com.br\/index.php\/category\/noticias-de-ribeirao-preto-sp-e-regiao-ismael-colosi\/"},"img":{"alt_text":"","src":"https:\/\/i0.wp.com\/ismaelcolosi.com.br\/wp-content\/uploads\/2023\/11\/sao-paulo-sp-156-e1701110797107.webp.webp?fit=1200%2C839&ssl=1&resize=350%2C200","width":350,"height":200,"srcset":"https:\/\/i0.wp.com\/ismaelcolosi.com.br\/wp-content\/uploads\/2023\/11\/sao-paulo-sp-156-e1701110797107.webp.webp?fit=1200%2C839&ssl=1&resize=350%2C200 1x, https:\/\/i0.wp.com\/ismaelcolosi.com.br\/wp-content\/uploads\/2023\/11\/sao-paulo-sp-156-e1701110797107.webp.webp?fit=1200%2C839&ssl=1&resize=525%2C300 1.5x, https:\/\/i0.wp.com\/ismaelcolosi.com.br\/wp-content\/uploads\/2023\/11\/sao-paulo-sp-156-e1701110797107.webp.webp?fit=1200%2C839&ssl=1&resize=700%2C400 2x, https:\/\/i0.wp.com\/ismaelcolosi.com.br\/wp-content\/uploads\/2023\/11\/sao-paulo-sp-156-e1701110797107.webp.webp?fit=1200%2C839&ssl=1&resize=1050%2C600 3x"},"classes":[]},{"id":1338,"url":"https:\/\/ismaelcolosi.com.br\/index.php\/2023\/11\/11\/ainda-ha-ingressos-para-o-show-tardezinha-do-thiaguinho-em-ribeirao-preto\/","url_meta":{"origin":65725,"position":1},"title":"Ainda h\u00e1 ingressos para o show \u2018Tardezinha\u2019 do Thiaguinho em Ribeir\u00e3o Preto\u00a0","author":"ismaelcolosi.com.br","date":"11 de November de 2023","format":false,"excerpt":"Ainda h\u00e1 ingressos para o show \u2018Tardezinha\u2019 do cantor Thiaguinho, que acontece no dia 2 de dezembro, na Arena Eurobike, em Ribeir\u00e3o Preto. O in\u00edcio do evento \u00e9 \u00e0s 14h. \u00a0 Criado h\u00e1 mais de seis anos, o projeto j\u00e1 teve a participa\u00e7\u00e3o de P\u00e9ricles, IZA, Alexandre Pires, Ludmilla, Rael,\u2026","rel":"","context":"In &quot;Not\u00edcias de Ribeir\u00e3o Preto-SP e Regi\u00e3o&quot;","block_context":{"text":"Not\u00edcias de Ribeir\u00e3o Preto-SP e Regi\u00e3o","link":"https:\/\/ismaelcolosi.com.br\/index.php\/category\/noticias-de-ribeirao-preto-sp-e-regiao-ismael-colosi\/"},"img":{"alt_text":"","src":"https:\/\/i0.wp.com\/ismaelcolosi.com.br\/wp-content\/uploads\/2023\/11\/thiaguinho.jpg?fit=1200%2C800&ssl=1&resize=350%2C200","width":350,"height":200,"srcset":"https:\/\/i0.wp.com\/ismaelcolosi.com.br\/wp-content\/uploads\/2023\/11\/thiaguinho.jpg?fit=1200%2C800&ssl=1&resize=350%2C200 1x, https:\/\/i0.wp.com\/ismaelcolosi.com.br\/wp-content\/uploads\/2023\/11\/thiaguinho.jpg?fit=1200%2C800&ssl=1&resize=525%2C300 1.5x, https:\/\/i0.wp.com\/ismaelcolosi.com.br\/wp-content\/uploads\/2023\/11\/thiaguinho.jpg?fit=1200%2C800&ssl=1&resize=700%2C400 2x, https:\/\/i0.wp.com\/ismaelcolosi.com.br\/wp-content\/uploads\/2023\/11\/thiaguinho.jpg?fit=1200%2C800&ssl=1&resize=1050%2C600 3x"},"classes":[]},{"id":12010,"url":"https:\/\/ismaelcolosi.com.br\/index.php\/2023\/12\/07\/thiaguinho-apresenta-tardezinha-para-20-mil-pessoas-em-rp\/","url_meta":{"origin":65725,"position":2},"title":"Thiaguinho apresenta Tardezinha para 20 mil pessoas em RP","author":"ismaelcolosi.com.br","date":"7 de December de 2023","format":false,"excerpt":"7 de dezembro de 2023 | 9:036 de dezembro de 2023 | 12:04 0A Arena Eurobike foi palco do projeto Tardezinha,\u00a0liderado pelo cantor e compositor Thiaguinho\u00a020.000 pessoas estiveram no evento e cantaram do in\u00edcio ao fim grandes hits do samba e do pagode, como \u201cT\u00e1 Vendo Aquela Lua\u201d e \u201cSou\u2026","rel":"","context":"In &quot;Not\u00edcias de Ribeir\u00e3o Preto-SP e Regi\u00e3o&quot;","block_context":{"text":"Not\u00edcias de Ribeir\u00e3o Preto-SP e Regi\u00e3o","link":"https:\/\/ismaelcolosi.com.br\/index.php\/category\/noticias-de-ribeirao-preto-sp-e-regiao-ismael-colosi\/"},"img":{"alt_text":"","src":"https:\/\/i0.wp.com\/ismaelcolosi.com.br\/wp-content\/uploads\/2023\/12\/link.png?fit=886%2C591&ssl=1&resize=350%2C200","width":350,"height":200,"srcset":"https:\/\/i0.wp.com\/ismaelcolosi.com.br\/wp-content\/uploads\/2023\/12\/link.png?fit=886%2C591&ssl=1&resize=350%2C200 1x, https:\/\/i0.wp.com\/ismaelcolosi.com.br\/wp-content\/uploads\/2023\/12\/link.png?fit=886%2C591&ssl=1&resize=525%2C300 1.5x, https:\/\/i0.wp.com\/ismaelcolosi.com.br\/wp-content\/uploads\/2023\/12\/link.png?fit=886%2C591&ssl=1&resize=700%2C400 2x"},"classes":[]},{"id":17273,"url":"https:\/\/ismaelcolosi.com.br\/index.php\/2023\/12\/18\/colunista-expoe-suposto-motivo-pelo-qual-thiaguinho-encerra-projeto-tardezinha\/","url_meta":{"origin":65725,"position":3},"title":"Colunista exp\u00f5e suposto motivo pelo qual Thiaguinho encerra projeto Tardezinha","author":"ismaelcolosi.com.br","date":"18 de December de 2023","format":false,"excerpt":"Neste domingo (17\/12), a colunista F\u00e1bia Oliveira revelou ter descoberto o motivo pelo qual o cantor Thiaguinho vai encerrar o projeto \u201cTardezinha\u201d. Segundo as informa\u00e7\u00f5es, o cantor tem novos projetos para o pr\u00f3ximo ano.O cantor fez hoje (17\/12) o \u00faltimo show da turn\u00ea 2023 do projeto. No entanto, a Tardezinha\u2026","rel":"","context":"In &quot;Blog&quot;","block_context":{"text":"Blog","link":"https:\/\/ismaelcolosi.com.br\/index.php\/category\/blog\/"},"img":{"alt_text":"","src":"https:\/\/i0.wp.com\/ismaelcolosi.com.br\/wp-content\/uploads\/2023\/12\/postimg-657fae929814e5550.jpg?fit=1200%2C628&ssl=1&resize=350%2C200","width":350,"height":200,"srcset":"https:\/\/i0.wp.com\/ismaelcolosi.com.br\/wp-content\/uploads\/2023\/12\/postimg-657fae929814e5550.jpg?fit=1200%2C628&ssl=1&resize=350%2C200 1x, https:\/\/i0.wp.com\/ismaelcolosi.com.br\/wp-content\/uploads\/2023\/12\/postimg-657fae929814e5550.jpg?fit=1200%2C628&ssl=1&resize=525%2C300 1.5x, https:\/\/i0.wp.com\/ismaelcolosi.com.br\/wp-content\/uploads\/2023\/12\/postimg-657fae929814e5550.jpg?fit=1200%2C628&ssl=1&resize=700%2C400 2x, https:\/\/i0.wp.com\/ismaelcolosi.com.br\/wp-content\/uploads\/2023\/12\/postimg-657fae929814e5550.jpg?fit=1200%2C628&ssl=1&resize=1050%2C600 3x"},"classes":[]},{"id":71167,"url":"https:\/\/ismaelcolosi.com.br\/index.php\/2024\/10\/15\/quando-comecam-as-vendas-para-a-turne-tardezinha\/","url_meta":{"origin":65725,"position":4},"title":"Quando come\u00e7am as vendas para a turn\u00ea \u2018Tardezinha\u2019?","author":"ismaelcolosi.com.br","date":"15 de October de 2024","format":false,"excerpt":"O cantor Thiaguinho traz para Ribeir\u00e3o Preto uma turn\u00ea especial que celebra os 10 anos do projeto \u201cTardezinha\u201d, no dia 6 de dezembro de 2025. A abertura das vendas dos ingressos, no entanto, acontece a partir do dia 4 de novembro \u2013 veja abaixo. Al\u00e9m do munic\u00edpio no interior paulista,\u2026","rel":"","context":"In &quot;Not\u00edcias de Ribeir\u00e3o Preto-SP e Regi\u00e3o&quot;","block_context":{"text":"Not\u00edcias de Ribeir\u00e3o Preto-SP e Regi\u00e3o","link":"https:\/\/ismaelcolosi.com.br\/index.php\/category\/noticias-de-ribeirao-preto-sp-e-regiao-ismael-colosi\/"},"img":{"alt_text":"","src":"https:\/\/i0.wp.com\/ismaelcolosi.com.br\/wp-content\/uploads\/2023\/11\/sao-paulo-sp-156-e1701110797107.webp.webp?fit=1200%2C839&ssl=1&resize=350%2C200","width":350,"height":200,"srcset":"https:\/\/i0.wp.com\/ismaelcolosi.com.br\/wp-content\/uploads\/2023\/11\/sao-paulo-sp-156-e1701110797107.webp.webp?fit=1200%2C839&ssl=1&resize=350%2C200 1x, https:\/\/i0.wp.com\/ismaelcolosi.com.br\/wp-content\/uploads\/2023\/11\/sao-paulo-sp-156-e1701110797107.webp.webp?fit=1200%2C839&ssl=1&resize=525%2C300 1.5x, https:\/\/i0.wp.com\/ismaelcolosi.com.br\/wp-content\/uploads\/2023\/11\/sao-paulo-sp-156-e1701110797107.webp.webp?fit=1200%2C839&ssl=1&resize=700%2C400 2x, https:\/\/i0.wp.com\/ismaelcolosi.com.br\/wp-content\/uploads\/2023\/11\/sao-paulo-sp-156-e1701110797107.webp.webp?fit=1200%2C839&ssl=1&resize=1050%2C600 3x"},"classes":[]},{"id":9306,"url":"https:\/\/ismaelcolosi.com.br\/index.php\/2023\/12\/01\/tudo-sobre-o-show-tardezinha-do-thiaguinho-em-ribeirao-preto\/","url_meta":{"origin":65725,"position":5},"title":"Tudo sobre o show Tardezinha do Thiaguinho em Ribeir\u00e3o Preto","author":"ismaelcolosi.com.br","date":"1 de December de 2023","format":false,"excerpt":"O cantor Thiaguinho se apresenta com o Tardezinha neste s\u00e1bado (2), na Arena Nicnet Eurobike, em Ribeir\u00e3o Preto. A abertura dos port\u00f5es do evento acontece \u00e0s 15h e o in\u00edcio do show est\u00e1 marcado para \u00e0s 17h30. Confira tudo o que voc\u00ea precisa saber sobre o show: Ingressos Ainda h\u00e1\u2026","rel":"","context":"In &quot;Not\u00edcias de Ribeir\u00e3o Preto-SP e Regi\u00e3o&quot;","block_context":{"text":"Not\u00edcias de Ribeir\u00e3o Preto-SP e Regi\u00e3o","link":"https:\/\/ismaelcolosi.com.br\/index.php\/category\/noticias-de-ribeirao-preto-sp-e-regiao-ismael-colosi\/"},"img":{"alt_text":"","src":"https:\/\/i0.wp.com\/ismaelcolosi.com.br\/wp-content\/uploads\/2023\/12\/thiaguinho-tardezinha-2.jpg?fit=1197%2C839&ssl=1&resize=350%2C200","width":350,"height":200,"srcset":"https:\/\/i0.wp.com\/ismaelcolosi.com.br\/wp-content\/uploads\/2023\/12\/thiaguinho-tardezinha-2.jpg?fit=1197%2C839&ssl=1&resize=350%2C200 1x, https:\/\/i0.wp.com\/ismaelcolosi.com.br\/wp-content\/uploads\/2023\/12\/thiaguinho-tardezinha-2.jpg?fit=1197%2C839&ssl=1&resize=525%2C300 1.5x, https:\/\/i0.wp.com\/ismaelcolosi.com.br\/wp-content\/uploads\/2023\/12\/thiaguinho-tardezinha-2.jpg?fit=1197%2C839&ssl=1&resize=700%2C400 2x, https:\/\/i0.wp.com\/ismaelcolosi.com.br\/wp-content\/uploads\/2023\/12\/thiaguinho-tardezinha-2.jpg?fit=1197%2C839&ssl=1&resize=1050%2C600 3x"},"classes":[]}],"jetpack_sharing_enabled":true,"jetpack_shortlink":"https:\/\/wp.me\/pfMlyK-h65","_links":{"self":[{"href":"https:\/\/ismaelcolosi.com.br\/index.php\/wp-json\/wp\/v2\/posts\/65725","targetHints":{"allow":["GET"]}}],"collection":[{"href":"https:\/\/ismaelcolosi.com.br\/index.php\/wp-json\/wp\/v2\/posts"}],"about":[{"href":"https:\/\/ismaelcolosi.com.br\/index.php\/wp-json\/wp\/v2\/types\/post"}],"author":[{"embeddable":true,"href":"https:\/\/ismaelcolosi.com.br\/index.php\/wp-json\/wp\/v2\/users\/1"}],"replies":[{"embeddable":true,"href":"https:\/\/ismaelcolosi.com.br\/index.php\/wp-json\/wp\/v2\/comments?post=65725"}],"version-history":[{"count":0,"href":"https:\/\/ismaelcolosi.com.br\/index.php\/wp-json\/wp\/v2\/posts\/65725\/revisions"}],"wp:featuredmedia":[{"embeddable":true,"href":"https:\/\/ismaelcolosi.com.br\/index.php\/wp-json\/wp\/v2\/media\/65726"}],"wp:attachment":[{"href":"https:\/\/ismaelcolosi.com.br\/index.php\/wp-json\/wp\/v2\/media?parent=65725"}],"wp:term":[{"taxonomy":"category","embeddable":true,"href":"https:\/\/ismaelcolosi.com.br\/index.php\/wp-json\/wp\/v2\/categories?post=65725"},{"taxonomy":"post_tag","embeddable":true,"href":"https:\/\/ismaelcolosi.com.br\/index.php\/wp-json\/wp\/v2\/tags?post=65725"}],"curies":[{"name":"wp","href":"https:\/\/api.w.org\/{rel}","templated":true}]}}