{"id":65720,"date":"2024-09-13T13:05:31","date_gmt":"2024-09-13T16:05:31","guid":{"rendered":"https:\/\/ismaelcolosi.com.br\/index.php\/2024\/09\/13\/rp-folia-festival-de-cerveja-e-shows-de-comedia-veja-a-programacao-do-fim-de-semana-em-ribeirao\/"},"modified":"2024-09-13T13:05:31","modified_gmt":"2024-09-13T16:05:31","slug":"rp-folia-festival-de-cerveja-e-shows-de-comedia-veja-a-programacao-do-fim-de-semana-em-ribeirao","status":"publish","type":"post","link":"https:\/\/ismaelcolosi.com.br\/index.php\/2024\/09\/13\/rp-folia-festival-de-cerveja-e-shows-de-comedia-veja-a-programacao-do-fim-de-semana-em-ribeirao\/","title":{"rendered":"RP Folia, festival de cerveja e shows de com\u00e9dia: Veja a programa\u00e7\u00e3o do fim de semana em Ribeir\u00e3o"},"content":{"rendered":"<p> <br \/>\n<\/p>\n<div>\n<p>Para quem n\u00e3o gosta de ficar parado no fim de semana, <strong>Ribeir\u00e3o Preto<\/strong> conta com uma programa\u00e7\u00e3o agitada. Entre os destaques est\u00e3o A micareta fora de \u00e9poca com<strong> RP Folia<\/strong>, show de <strong>F\u00e1bio Jr<\/strong>, a primeira edi\u00e7\u00e3o do festival de rock <strong>Tribos Rock Fest<\/strong>, festival de cerveja e shows de com\u00e9dia. <mark style=\"background-color:#fcb900\" class=\"has-inline-color has-black-color\">Confira a agenda cultural completa:<\/mark><\/p>\n<h4 class=\"wp-block-heading\"><strong>RP Folia <\/strong><strong\/><\/h4>\n<p>A <strong>2\u00aa edi\u00e7\u00e3o<\/strong> do evento acontece este <strong>s\u00e1bado (14)<\/strong>, \u00e0s <strong>19h<\/strong>, no <strong>est\u00e1dio Palma Travassos <\/strong>e conta com dois trios el\u00e9tricos e nove horas de m\u00fasica. Em cima do trio, v\u00e3o se apresentar <mark style=\"background-color:#fcb900\" class=\"has-inline-color has-black-color\">Tati Romero, Jana Lima, Bell Marques, Tomate e Jammil.<\/mark> Os ingressos podem ser adquiridos <strong>on-line<\/strong> pelo site\u00a0<a href=\"https:\/\/www.blueticket.com.br\/evento\/35113\/rp-folia-2024-2o-edicao\" target=\"_blank\" rel=\"noreferrer noopener\"><strong>Blue Ticket<\/strong><\/a>\u00a0e na loja <strong>Bodytech<\/strong>, no <strong>Shopping Iguatemi<\/strong>. Valores a partir de <strong>R$ 200<\/strong>.<\/p>\n<h4 class=\"wp-block-heading\"><strong>F\u00e1bio Junior<\/strong><\/h4>\n<p>Em comemora\u00e7\u00e3o aos seus <strong>70 anos<\/strong>, neste <strong>s\u00e1bado (14)<\/strong>, no <strong>Multiplan Hall<\/strong>, a partir das <strong>19h<\/strong>, o cantor<strong> F\u00e1bio Jr <\/strong>preparou uma nova turn\u00ea: \u201c<strong>Bem Mais que os Meus 20 e Poucos Anos<\/strong>\u201d, que faz uma leitura de sua carreira. Os <strong>ingressos<\/strong> ainda podem ser adquiridos on-line<strong> (<a href=\"https:\/\/www.ticketmaster.com.br\/event\/fabiojr-ribeirao-preto\">clique aqui<\/a>)<\/strong>, a partir de <strong>R$211,60<\/strong> (meia-entrada).<\/p>\n<h4 class=\"wp-block-heading\"><strong>Afonso Padilha<\/strong><\/h4>\n<p>O humorista <strong>Afonso Padilha<\/strong> promete muitas risadas com a apresenta\u00e7\u00e3o do <em>stand-up<\/em> \u201c<strong>Ningu\u00e9m se Importa<\/strong>\u201d,\u00a0no\u00a0<strong>Theatro Pedro II<\/strong>, \u00e0s\u00a0<strong>21h<\/strong>, neste <strong>s\u00e1bado (14). <\/strong>Os ingressos podem ser adquiridos\u00a0<strong>on-line<\/strong>, na plataforma\u00a0<strong>Sympla<\/strong>\u00a0(<a href=\"https:\/\/ingressodigital.com\/ingresso\" target=\"_blank\" rel=\"noreferrer noopener\">clique aqui<\/a>), a partir de <strong>R$ 50<\/strong> (meia-entrada).<\/p>\n<h4 class=\"wp-block-heading\"><strong>Roupa Nova<\/strong><\/h4>\n<p>A banda se apresenta neste<strong> s\u00e1bado (14)<\/strong>, \u00e0s<strong> 22h<\/strong>, no <strong>Taiwan Safira<\/strong>, com sua turn\u00ea comemorativa de <strong>40 anos<\/strong>, trazendo um repert\u00f3rio que inclui cl\u00e1ssicos como \u201c<strong>Whisky a Go Go<\/strong>\u201d, \u201c<strong>Dona<\/strong>\u201d, \u201c<strong>Os Cora\u00e7\u00f5es N\u00e3o S\u00e3o Iguais<\/strong>\u201d e muitos outros. Os ingressos podem ser adquiridos <strong>on-line (<a href=\"https:\/\/www.eventim.com.br\/event\/shows-virazom-2024-taiwan-safira-18730560\/\" target=\"_blank\" rel=\"noreferrer noopener\">clique aqui<\/a>)<\/strong>, a partir de <strong>R$ 280<\/strong>.<\/p>\n<h4 class=\"wp-block-heading\"><strong>Tribos Rock Fest<\/strong><\/h4>\n<p>A <strong>primeira edi\u00e7\u00e3o<\/strong> do Tribos Rock Fest conta com <strong>dois dias de evento <\/strong>e <strong>16 bandas<\/strong> em sua programa\u00e7\u00e3o. No <strong>s\u00e1bado (14)<\/strong>, o festival come\u00e7a \u00e0s <strong>15h<\/strong>, e no <strong>domingo (15)<\/strong>, \u00e0s <strong>13h<\/strong>. Al\u00e9m dos shows, o evento que acontece na <strong>F\u00e1brica de Chope Klaro <\/strong>conta com pra\u00e7a de alimenta\u00e7\u00e3o e espa\u00e7o <em>kids<\/em>. Os ingressos podem ser adquiridos <strong>on-line<\/strong> (<a href=\"https:\/\/www.sympla.com.br\/evento\/1-tribos-rock-fest\/2618520?referrer=www.google.com\" target=\"_blank\" rel=\"noreferrer noopener\">clique aqui<\/a>), a partir de <strong>R$ 15<\/strong>.<\/p>\n<h4 class=\"wp-block-heading\"><strong>Contos de P\u00e1ssaros e Borboletas<\/strong><\/h4>\n<p>O <strong>Grupo Tr\u00eas Marias e um Jo\u00e3o<\/strong> apresenta no<strong> Sesi Ribeir\u00e3o Preto<\/strong> uma narra\u00e7\u00e3o de tr\u00eas contos que falam sobre liberdade, transforma\u00e7\u00e3o e sobre se aventurar nas alturas dos c\u00e9us, sendo eles \u201c<strong>A jornada da lagarta<\/strong>\u201d, \u201c<strong>A andorinha m\u00e1gica<\/strong>\u201d e \u201c<strong>A \u00e1guia e a galinha<\/strong>\u201d. A <mark style=\"background-color:#fcb900\" class=\"has-inline-color has-black-color\">apresenta\u00e7\u00e3o \u00e9 gratuita<\/mark>, por\u00e9m \u00e9 necess\u00e1rio reservar os ingressos (<a href=\"https:\/\/www.sesisp.org.br\/evento\/62d0dd3f-1c71-4d7f-b4f7-af265d1134d4\/feitos-para-voar-contos-de-passaros-e-borboletas\">clique aqui<\/a>). O espet\u00e1culo acontece neste <strong>domingo (15)<\/strong>, \u00e0s <strong>16h<\/strong>.<\/p>\n<figure class=\"wp-block-image size-large is-resized\"><img data-recalc-dims=\"1\" loading=\"lazy\" decoding=\"async\" src=\"https:\/\/i0.wp.com\/www.acidadeon.com\/ribeiraopreto\/wp-content\/uploads\/sites\/3\/2024\/09\/tres-marias-e-um-joao_2024-09-13_11-44-06_png_2024-09-13_11-44-06-1024x576.webp?resize=763%2C429&#038;ssl=1\" alt=\"\" class=\"wp-image-93228\" width=\"763\" height=\"429\" srcset=\"https:\/\/www.acidadeon.com\/ribeiraopreto\/wp-content\/uploads\/sites\/3\/2024\/09\/tres-marias-e-um-joao_2024-09-13_11-44-06_png_2024-09-13_11-44-06-1024x576.webp 1024w, https:\/\/www.acidadeon.com\/ribeiraopreto\/wp-content\/uploads\/sites\/3\/2024\/09\/tres-marias-e-um-joao_2024-09-13_11-44-06_png_2024-09-13_11-44-06-300x169.webp 300w, https:\/\/www.acidadeon.com\/ribeiraopreto\/wp-content\/uploads\/sites\/3\/2024\/09\/tres-marias-e-um-joao_2024-09-13_11-44-06_png_2024-09-13_11-44-06-768x432.webp 768w, https:\/\/www.acidadeon.com\/ribeiraopreto\/wp-content\/uploads\/sites\/3\/2024\/09\/tres-marias-e-um-joao_2024-09-13_11-44-06_png_2024-09-13_11-44-06-696x392.webp 696w, https:\/\/www.acidadeon.com\/ribeiraopreto\/wp-content\/uploads\/sites\/3\/2024\/09\/tres-marias-e-um-joao_2024-09-13_11-44-06_png_2024-09-13_11-44-06.webp 1066w\" sizes=\"auto, (max-width: 763px) 100vw, 763px\"\/><figcaption class=\"wp-element-caption\">Tr\u00eas Marias e um Jo\u00e3o \u2013 Divulga\u00e7\u00e3o<\/figcaption><\/figure>\n<h4 class=\"wp-block-heading\"><strong>Diogo Portugal<\/strong><\/h4>\n<p>O humorista traz ao palco do <strong>Teatro Santarosa<\/strong> o <em>stand-up <\/em>\u201c<strong>Burrice Artificial<\/strong>\u201d nesta\u00a0<strong>sexta-feira (13)<\/strong>, a partir das\u00a0<strong>20h<\/strong>. Os ingressos podem ser adquiridos\u00a0<strong>on-line<\/strong>\u00a0(<a href=\"https:\/\/bileto.sympla.com.br\/event\/96596\/d\/269285\/s\/1839281\" target=\"_blank\" rel=\"noreferrer noopener\">clique aqui<\/a>), a partir de <strong>R$ 30\u00a0<\/strong>(meia-entrada). O show convida o p\u00fablico a refletir sobre a depend\u00eancia na intelig\u00eancia artificial, com uma pitada de humor. <\/p>\n<h4 class=\"wp-block-heading\"><strong>Champions Beer<\/strong><\/h4>\n<p>Neste fim de semana, segue a programa\u00e7\u00e3o do<strong> maior festival de<\/strong>\u00a0<strong>cerveja artesanal<\/strong>\u00a0<strong>do estado de S\u00e3o Paulo<\/strong>, o \u201c<strong>Champions Beer<\/strong>\u201d, no estacionamento do\u00a0<strong>shopping Iguatemi<\/strong>. O espa\u00e7o conta com \u00e1rea<em>\u00a0kids<\/em>, pra\u00e7a de alimenta\u00e7\u00e3o, espa\u00e7o\u00a0<em>pet-friendly<\/em>. Na programa\u00e7\u00e3o musical s\u00e3o\u00a0<strong>18 shows<\/strong>\u00a0de bandas covers da regi\u00e3o. Na<strong> sexta-feira (13)<\/strong>, o inicio \u00e9 \u00e0s <strong>17h<\/strong>, no <strong>s\u00e1bado (14) <\/strong>e no <strong>domingo (15)<\/strong>, \u00e0s <strong>12h<\/strong>.<\/p>\n<h4 class=\"wp-block-heading\"><strong>Sextas Sonoras<\/strong><\/h4>\n<p>O projeto recebe neste final de semana, o guitarrista, compositor e vocalista <strong>Fred Sunwalk<\/strong>, um dos nomes conhecidos do <strong><em>Blues Rock e Jazz<\/em><\/strong>. Al\u00e9m dele, <strong>Beto Braz<\/strong>, <strong>Rafael Adorono<\/strong> e <strong>Will Storti<\/strong> sobem ao palco. Antes, a abertura da casa fica por conta de <strong>DJ Lampi\u00e3o<\/strong>. O evento acontece na <strong>sexta-feira (13)<\/strong>, a partir das <strong>19h<\/strong>, no <strong>Cine Caium<\/strong>. Os<strong> ingressos <\/strong>podem ser adquiridos na <strong>bilheteria<\/strong> do evento, por <strong>R$ 20<\/strong> e <mark style=\"background-color:#fcb900\" class=\"has-inline-color has-black-color\">d\u00e1 direito a um chope.<\/mark><\/p>\n<h4 class=\"wp-block-heading\"><strong>Cultura em Todo Lugar<\/strong><\/h4>\n<p>Os moradores do bairro <strong>Jardim Heitor Rigon<\/strong>, na<strong> zona Norte<\/strong> de<strong> Ribeir\u00e3o Preto<\/strong> receber\u00e1 uma edi\u00e7\u00e3o do \u201c<strong>Cultura em Todo Lugar<\/strong>\u201d, que acontece neste<strong> s\u00e1bado (14)<\/strong>, das <strong>9h \u00e0s 12h<\/strong>, na <strong>EMEF Professor Paulo Freire<\/strong>. A programa\u00e7\u00e3o conta com oficinas de desenho, pintura facial, dan\u00e7a, intera\u00e7\u00e3o com \u201c<strong>Viajando com as Hist\u00f3rias<\/strong>\u201d, distribui\u00e7\u00e3o de pipoca e brinquedos. <mark style=\"background-color:#fcb900\" class=\"has-inline-color has-black-color\">A entrada \u00e9 gratuita.<\/mark><\/p>\n<h4 class=\"wp-block-heading\"><strong>Chorinho na 7<\/strong><\/h4>\n<p>A <strong>pra\u00e7a Sete de Setembro <\/strong>recebe o grupo <strong>Sexteto Colibri<\/strong> para mais uma edi\u00e7\u00e3o de \u201c<strong>Chorinho na 7<\/strong>\u201d, nesta <strong>sexta-feira (13)<\/strong>, \u00e0s <strong>19h<\/strong>. O repert\u00f3rio traz obras de Altamiro Carrilho, Ernesto Nazareth, Jacob Bandolim, Pixinguinha, Paulo Moura e mais.<mark style=\"background-color:#fcb900\" class=\"has-inline-color has-black-color\"> A entrada \u00e9 gratuita.<\/mark><\/p>\n<h4 class=\"wp-block-heading\"><strong>Minha Futura Ex<\/strong><\/h4>\n<p>Nesta <strong>sexta-feira (13)<\/strong>, <strong>Andr\u00e9 Mattos<\/strong> e <strong>Lis Luciddi<\/strong> interpretam <strong>Marcos <\/strong>e <strong>Ethel<\/strong>, na pe\u00e7a \u201c<strong>Minha Futura Ex<\/strong>\u201d, que narra a hist\u00f3ria de um casal que se reencontra para assinar os pap\u00e9is do div\u00f3rcio, mas acabam presos no elevador do pr\u00e9dio de seu advogado. A apresenta\u00e7\u00e3o acontece \u00e0s <strong>20h<\/strong>, no <strong>Teatro Municipal<\/strong> e os ingressos podem ser adquiridos <strong>on-line (<a href=\"https:\/\/www.bilheteriaexpress.com.br\/ingressos-para-minha-futura-ex-em-ribeirao-preto-teatro-municipal-de-ribeirao-preto-comedia-268097262895499.html\" target=\"_blank\" rel=\"noreferrer noopener\">clique aqui<\/a>)<\/strong>, a partir de <strong>R$ 25<\/strong>.<\/p>\n<p>SAIBA MAIS<br \/>Inc\u00eandio atinge \u00e1rea ao lado do Anel Vi\u00e1rio Norte de Ribeir\u00e3o; V\u00eddeo<\/p>\n<h4 class=\"wp-block-heading\"><strong>FIQUE ON<\/strong><\/h4>\n<p>Fique ligado em tudo que acontece em Ribeir\u00e3o Preto e regi\u00e3o. Siga os perfis do <strong>acidade on <\/strong>no <a href=\"https:\/\/www.instagram.com\/acidadeonribeirao\" target=\"_blank\" rel=\"noreferrer noopener\">Instagram<\/a> e no <a href=\"https:\/\/www.facebook.com\/acidadeonribeirao\" target=\"_blank\" rel=\"noreferrer noopener\">Facebook<\/a>.<\/p>\n<p>Receba not\u00edcias do acidade on no WhatsApp. Para entrar no grupo, basta <a href=\"https:\/\/chat.whatsapp.com\/Dtv9mxhy6V5BJBotM2OQ5k\" target=\"_blank\" rel=\"noreferrer noopener\">clicar aqui<\/a>.<\/p>\n<p>Fa\u00e7a uma den\u00fancia ou sugira uma reportagem sobre Ribeir\u00e3o Preto e regi\u00e3o pelo WhatsApp: 16 99117 7802.<\/p>\n<p>VEJA TAMB\u00c9M<br \/>Rock in Rio: o que n\u00e3o pode levar?<\/p>\n<p><!-- CONTENT END 1 -->\n<\/div>\n<p><script async src=\"\/\/www.instagram.com\/embed.js\"><\/script><br \/>\n<br \/><br \/>\n<br \/><a href=\"https:\/\/www.acidadeon.com\/ribeiraopreto\/lazer-e-cultura\/rp-folia-festival-de-cerveja-e-shows-de-comedia-veja-a-programacao-do-fim-de-semana-em-ribeirao\/\">Source link <\/a><\/p>\n","protected":false},"excerpt":{"rendered":"<p>Para quem n\u00e3o gosta de ficar parado no fim de semana, Ribeir\u00e3o Preto conta com uma programa\u00e7\u00e3o agitada. Entre os destaques est\u00e3o A micareta fora&#8230;<\/p>\n","protected":false},"author":1,"featured_media":65721,"comment_status":"open","ping_status":"open","sticky":false,"template":"","format":"standard","meta":{"_uag_custom_page_level_css":"","jetpack_post_was_ever_published":false,"_jetpack_newsletter_access":"","_jetpack_dont_email_post_to_subs":false,"_jetpack_newsletter_tier_id":0,"_jetpack_memberships_contains_paywalled_content":false,"_jetpack_memberships_contains_paid_content":false,"footnotes":"","jetpack_publicize_message":"","jetpack_publicize_feature_enabled":true,"jetpack_social_post_already_shared":true,"jetpack_social_options":{"image_generator_settings":{"template":"highway","default_image_id":0,"font":"","enabled":false},"version":2}},"categories":[11],"tags":[],"class_list":["post-65720","post","type-post","status-publish","format-standard","has-post-thumbnail","hentry","category-noticias-de-ribeirao-preto-sp-e-regiao-ismael-colosi"],"aioseo_notices":[],"jetpack_publicize_connections":[],"jetpack_featured_media_url":"https:\/\/i0.wp.com\/ismaelcolosi.com.br\/wp-content\/uploads\/2024\/09\/bell-marques_2024-09-13_15-25-54_jpg_2024-09-13_15-25-54.webp.webp?fit=1200%2C874&ssl=1","uagb_featured_image_src":{"full":["https:\/\/i0.wp.com\/ismaelcolosi.com.br\/wp-content\/uploads\/2024\/09\/bell-marques_2024-09-13_15-25-54_jpg_2024-09-13_15-25-54.webp.webp?fit=1200%2C874&ssl=1",1200,874,false],"thumbnail":["https:\/\/i0.wp.com\/ismaelcolosi.com.br\/wp-content\/uploads\/2024\/09\/bell-marques_2024-09-13_15-25-54_jpg_2024-09-13_15-25-54.webp.webp?resize=150%2C150&ssl=1",150,150,true],"medium":["https:\/\/i0.wp.com\/ismaelcolosi.com.br\/wp-content\/uploads\/2024\/09\/bell-marques_2024-09-13_15-25-54_jpg_2024-09-13_15-25-54.webp.webp?fit=300%2C219&ssl=1",300,219,true],"medium_large":["https:\/\/i0.wp.com\/ismaelcolosi.com.br\/wp-content\/uploads\/2024\/09\/bell-marques_2024-09-13_15-25-54_jpg_2024-09-13_15-25-54.webp.webp?fit=768%2C559&ssl=1",768,559,true],"large":["https:\/\/i0.wp.com\/ismaelcolosi.com.br\/wp-content\/uploads\/2024\/09\/bell-marques_2024-09-13_15-25-54_jpg_2024-09-13_15-25-54.webp.webp?fit=1024%2C746&ssl=1",1024,746,true],"1536x1536":["https:\/\/i0.wp.com\/ismaelcolosi.com.br\/wp-content\/uploads\/2024\/09\/bell-marques_2024-09-13_15-25-54_jpg_2024-09-13_15-25-54.webp.webp?fit=1200%2C874&ssl=1",1200,874,true],"2048x2048":["https:\/\/i0.wp.com\/ismaelcolosi.com.br\/wp-content\/uploads\/2024\/09\/bell-marques_2024-09-13_15-25-54_jpg_2024-09-13_15-25-54.webp.webp?fit=1200%2C874&ssl=1",1200,874,true],"really-simple-thumb":["https:\/\/i0.wp.com\/ismaelcolosi.com.br\/wp-content\/uploads\/2024\/09\/bell-marques_2024-09-13_15-25-54_jpg_2024-09-13_15-25-54.webp.webp?resize=370%2C247&ssl=1",370,247,true]},"uagb_author_info":{"display_name":"ismaelcolosi.com.br","author_link":"https:\/\/ismaelcolosi.com.br\/index.php\/author\/vidareal-online\/"},"uagb_comment_info":0,"uagb_excerpt":"Para quem n\u00e3o gosta de ficar parado no fim de semana, Ribeir\u00e3o Preto conta com uma programa\u00e7\u00e3o agitada. Entre os destaques est\u00e3o A micareta fora...","jetpack-related-posts":[{"id":64233,"url":"https:\/\/ismaelcolosi.com.br\/index.php\/2024\/09\/06\/desfile-de-7-de-setembro-samba-cerveja-e-morango-veja-programacao-do-fim-de-semana-em-ribeirao\/","url_meta":{"origin":65720,"position":0},"title":"Desfile de 7 de Setembro, samba, cerveja e morango: Veja programa\u00e7\u00e3o do fim de semana em Ribeir\u00e3o","author":"ismaelcolosi.com.br","date":"6 de September de 2024","format":false,"excerpt":"A agenda cultural deste fim de semana est\u00e1 recheada de atividades para curtir com os amigos e fam\u00edlia, afinal, este s\u00e1bado \u00e9 feriado em todo territ\u00f3rio nacional. Os destaques da programa\u00e7\u00e3o s\u00e3o o desfile c\u00edvico de 7 de Setembro, Champions Beer, Festa do Morango, feira de vinil no Sesc Ribeir\u00e3o\u2026","rel":"","context":"In &quot;Not\u00edcias de Ribeir\u00e3o Preto-SP e Regi\u00e3o&quot;","block_context":{"text":"Not\u00edcias de Ribeir\u00e3o Preto-SP e Regi\u00e3o","link":"https:\/\/ismaelcolosi.com.br\/index.php\/category\/noticias-de-ribeirao-preto-sp-e-regiao-ismael-colosi\/"},"img":{"alt_text":"","src":"https:\/\/i0.wp.com\/ismaelcolosi.com.br\/wp-content\/uploads\/2024\/09\/agenda-fim-de-semana_2024-09-06_13-50-46_jpeg_2024-09-06_13-50-46.webp.webp?fit=1200%2C675&ssl=1&resize=350%2C200","width":350,"height":200,"srcset":"https:\/\/i0.wp.com\/ismaelcolosi.com.br\/wp-content\/uploads\/2024\/09\/agenda-fim-de-semana_2024-09-06_13-50-46_jpeg_2024-09-06_13-50-46.webp.webp?fit=1200%2C675&ssl=1&resize=350%2C200 1x, https:\/\/i0.wp.com\/ismaelcolosi.com.br\/wp-content\/uploads\/2024\/09\/agenda-fim-de-semana_2024-09-06_13-50-46_jpeg_2024-09-06_13-50-46.webp.webp?fit=1200%2C675&ssl=1&resize=525%2C300 1.5x, https:\/\/i0.wp.com\/ismaelcolosi.com.br\/wp-content\/uploads\/2024\/09\/agenda-fim-de-semana_2024-09-06_13-50-46_jpeg_2024-09-06_13-50-46.webp.webp?fit=1200%2C675&ssl=1&resize=700%2C400 2x, https:\/\/i0.wp.com\/ismaelcolosi.com.br\/wp-content\/uploads\/2024\/09\/agenda-fim-de-semana_2024-09-06_13-50-46_jpeg_2024-09-06_13-50-46.webp.webp?fit=1200%2C675&ssl=1&resize=1050%2C600 3x"},"classes":[]},{"id":54108,"url":"https:\/\/ismaelcolosi.com.br\/index.php\/2024\/06\/21\/ribeirao-recebe-festival-de-cerveja-artesanal-com-shows-de-rock-entrada-e-gratuita\/","url_meta":{"origin":65720,"position":1},"title":"Ribeir\u00e3o recebe festival de cerveja artesanal com shows de rock; entrada \u00e9 gratuita","author":"ismaelcolosi.com.br","date":"21 de June de 2024","format":false,"excerpt":"O Palco Orgulho RP, no estacionamento do Teatro Municipal, no Morro do S\u00e3o Bento, recebe neste s\u00e1bado (22), a partir das 14h, o \u201cRibeir\u00e3o Beer Festival\u201d, um festival de cerveja artesanal com shows de rock ao vivo e com entrada gratuita. O evento celebra os 168 anos de Ribeir\u00e3o Preto.\u2026","rel":"","context":"In &quot;Not\u00edcias de Ribeir\u00e3o Preto-SP e Regi\u00e3o&quot;","block_context":{"text":"Not\u00edcias de Ribeir\u00e3o Preto-SP e Regi\u00e3o","link":"https:\/\/ismaelcolosi.com.br\/index.php\/category\/noticias-de-ribeirao-preto-sp-e-regiao-ismael-colosi\/"},"img":{"alt_text":"","src":"https:\/\/i0.wp.com\/ismaelcolosi.com.br\/wp-content\/uploads\/2024\/06\/pexels-elevate-1269043_2024-06-21_14-40-13_jpg_2024-06-21_14-40-16-scaled.webp.webp?fit=1200%2C801&ssl=1&resize=350%2C200","width":350,"height":200,"srcset":"https:\/\/i0.wp.com\/ismaelcolosi.com.br\/wp-content\/uploads\/2024\/06\/pexels-elevate-1269043_2024-06-21_14-40-13_jpg_2024-06-21_14-40-16-scaled.webp.webp?fit=1200%2C801&ssl=1&resize=350%2C200 1x, https:\/\/i0.wp.com\/ismaelcolosi.com.br\/wp-content\/uploads\/2024\/06\/pexels-elevate-1269043_2024-06-21_14-40-13_jpg_2024-06-21_14-40-16-scaled.webp.webp?fit=1200%2C801&ssl=1&resize=525%2C300 1.5x, https:\/\/i0.wp.com\/ismaelcolosi.com.br\/wp-content\/uploads\/2024\/06\/pexels-elevate-1269043_2024-06-21_14-40-13_jpg_2024-06-21_14-40-16-scaled.webp.webp?fit=1200%2C801&ssl=1&resize=700%2C400 2x, https:\/\/i0.wp.com\/ismaelcolosi.com.br\/wp-content\/uploads\/2024\/06\/pexels-elevate-1269043_2024-06-21_14-40-13_jpg_2024-06-21_14-40-16-scaled.webp.webp?fit=1200%2C801&ssl=1&resize=1050%2C600 3x"},"classes":[]},{"id":1115,"url":"https:\/\/ismaelcolosi.com.br\/index.php\/2023\/11\/10\/bloco-california-em-ribeirao-preto-anuncia-a-data-da-folia-em-2024\/","url_meta":{"origin":65720,"position":2},"title":"Bloco Calif\u00f3rnia em Ribeir\u00e3o Preto anuncia a data da folia em 2024\u00a0","author":"ismaelcolosi.com.br","date":"10 de November de 2023","format":false,"excerpt":"A 7\u00b0 edi\u00e7\u00e3o do Bloco Calif\u00f3rnia, festa de pr\u00e9-carnaval de Ribeir\u00e3o Preto, est\u00e1 prevista para acontecer no dia 3 de fevereiro de 2024, no est\u00e1dio Palma Travassos, na zona Leste. \u00a0 Segundo a organiza\u00e7\u00e3o do evento, a programa\u00e7\u00e3o ter\u00e1 novidades e, uma delas, a estreia de um camarote no circuito\u2026","rel":"","context":"In &quot;Not\u00edcias de Ribeir\u00e3o Preto-SP e Regi\u00e3o&quot;","block_context":{"text":"Not\u00edcias de Ribeir\u00e3o Preto-SP e Regi\u00e3o","link":"https:\/\/ismaelcolosi.com.br\/index.php\/category\/noticias-de-ribeirao-preto-sp-e-regiao-ismael-colosi\/"},"img":{"alt_text":"","src":"https:\/\/i0.wp.com\/ismaelcolosi.com.br\/wp-content\/uploads\/2023\/11\/bloco-california-credito-divulgacao.jpeg?fit=800%2C534&ssl=1&resize=350%2C200","width":350,"height":200,"srcset":"https:\/\/i0.wp.com\/ismaelcolosi.com.br\/wp-content\/uploads\/2023\/11\/bloco-california-credito-divulgacao.jpeg?fit=800%2C534&ssl=1&resize=350%2C200 1x, https:\/\/i0.wp.com\/ismaelcolosi.com.br\/wp-content\/uploads\/2023\/11\/bloco-california-credito-divulgacao.jpeg?fit=800%2C534&ssl=1&resize=525%2C300 1.5x, https:\/\/i0.wp.com\/ismaelcolosi.com.br\/wp-content\/uploads\/2023\/11\/bloco-california-credito-divulgacao.jpeg?fit=800%2C534&ssl=1&resize=700%2C400 2x"},"classes":[]},{"id":54050,"url":"https:\/\/ismaelcolosi.com.br\/index.php\/2024\/06\/21\/raimundos-e-encontro-de-fuscas-veja-a-programacao-do-fim-de-semana-em-ribeirao\/","url_meta":{"origin":65720,"position":3},"title":"Raimundos e Encontro de Fuscas: Veja a programa\u00e7\u00e3o do fim de semana em Ribeir\u00e3o","author":"ismaelcolosi.com.br","date":"21 de June de 2024","format":false,"excerpt":"A programa\u00e7\u00e3o cultural deste fim de semana em Ribeir\u00e3o Preto recebe atividades para toda curtir com a fam\u00edlia e amigos, al\u00e9m de diversos eventos gratuitos. Entre os destaques est\u00e3o: Show do Raimundos e Encontro de Fuscas. Confira o que fazer neste fim de semana em Ribeir\u00e3o Preto: Raimundos A banda\u2026","rel":"","context":"In &quot;Not\u00edcias de Ribeir\u00e3o Preto-SP e Regi\u00e3o&quot;","block_context":{"text":"Not\u00edcias de Ribeir\u00e3o Preto-SP e Regi\u00e3o","link":"https:\/\/ismaelcolosi.com.br\/index.php\/category\/noticias-de-ribeirao-preto-sp-e-regiao-ismael-colosi\/"},"img":{"alt_text":"","src":"https:\/\/i0.wp.com\/ismaelcolosi.com.br\/wp-content\/uploads\/2024\/06\/Copia-de-Copia-de-TAMANHO-EXATO-PARA-FOTOS-NO-SISTEMA-NOVO-15_2024-06-21_12-55-47_jpg_2024-06-21_12-55-47.webp.webp?fit=1200%2C675&ssl=1&resize=350%2C200","width":350,"height":200,"srcset":"https:\/\/i0.wp.com\/ismaelcolosi.com.br\/wp-content\/uploads\/2024\/06\/Copia-de-Copia-de-TAMANHO-EXATO-PARA-FOTOS-NO-SISTEMA-NOVO-15_2024-06-21_12-55-47_jpg_2024-06-21_12-55-47.webp.webp?fit=1200%2C675&ssl=1&resize=350%2C200 1x, https:\/\/i0.wp.com\/ismaelcolosi.com.br\/wp-content\/uploads\/2024\/06\/Copia-de-Copia-de-TAMANHO-EXATO-PARA-FOTOS-NO-SISTEMA-NOVO-15_2024-06-21_12-55-47_jpg_2024-06-21_12-55-47.webp.webp?fit=1200%2C675&ssl=1&resize=525%2C300 1.5x, https:\/\/i0.wp.com\/ismaelcolosi.com.br\/wp-content\/uploads\/2024\/06\/Copia-de-Copia-de-TAMANHO-EXATO-PARA-FOTOS-NO-SISTEMA-NOVO-15_2024-06-21_12-55-47_jpg_2024-06-21_12-55-47.webp.webp?fit=1200%2C675&ssl=1&resize=700%2C400 2x, https:\/\/i0.wp.com\/ismaelcolosi.com.br\/wp-content\/uploads\/2024\/06\/Copia-de-Copia-de-TAMANHO-EXATO-PARA-FOTOS-NO-SISTEMA-NOVO-15_2024-06-21_12-55-47_jpg_2024-06-21_12-55-47.webp.webp?fit=1200%2C675&ssl=1&resize=1050%2C600 3x"},"classes":[]},{"id":64292,"url":"https:\/\/ismaelcolosi.com.br\/index.php\/2024\/09\/06\/champions-beer-ribeirao-preto-recebe-festival-de-cervejas-artesanais\/","url_meta":{"origin":65720,"position":4},"title":"Champions Beer: Ribeir\u00e3o Preto recebe festival de cervejas artesanais","author":"ismaelcolosi.com.br","date":"6 de September de 2024","format":false,"excerpt":"Acontece neste final de semana o festival de cervejas artesanais Champions Beer, no Shopping Iguatemi, em Ribeir\u00e3o Preto. A abertura do festival acontece nesta sexta-feira (6), a partir das 17h. No s\u00e1bado (7) e no domingo (8) a abertura ser\u00e1 \u00e0s 12h. O evento ser\u00e1 retomado entre os dias 13\u2026","rel":"","context":"In &quot;Not\u00edcias de Ribeir\u00e3o Preto-SP e Regi\u00e3o&quot;","block_context":{"text":"Not\u00edcias de Ribeir\u00e3o Preto-SP e Regi\u00e3o","link":"https:\/\/ismaelcolosi.com.br\/index.php\/category\/noticias-de-ribeirao-preto-sp-e-regiao-ismael-colosi\/"},"img":{"alt_text":"","src":"https:\/\/i0.wp.com\/ismaelcolosi.com.br\/wp-content\/uploads\/2024\/09\/champions-beer_2024-09-06_17-47-35_jpeg_2024-09-06_17-47-35.webp.webp?fit=1200%2C675&ssl=1&resize=350%2C200","width":350,"height":200,"srcset":"https:\/\/i0.wp.com\/ismaelcolosi.com.br\/wp-content\/uploads\/2024\/09\/champions-beer_2024-09-06_17-47-35_jpeg_2024-09-06_17-47-35.webp.webp?fit=1200%2C675&ssl=1&resize=350%2C200 1x, https:\/\/i0.wp.com\/ismaelcolosi.com.br\/wp-content\/uploads\/2024\/09\/champions-beer_2024-09-06_17-47-35_jpeg_2024-09-06_17-47-35.webp.webp?fit=1200%2C675&ssl=1&resize=525%2C300 1.5x, https:\/\/i0.wp.com\/ismaelcolosi.com.br\/wp-content\/uploads\/2024\/09\/champions-beer_2024-09-06_17-47-35_jpeg_2024-09-06_17-47-35.webp.webp?fit=1200%2C675&ssl=1&resize=700%2C400 2x, https:\/\/i0.wp.com\/ismaelcolosi.com.br\/wp-content\/uploads\/2024\/09\/champions-beer_2024-09-06_17-47-35_jpeg_2024-09-06_17-47-35.webp.webp?fit=1200%2C675&ssl=1&resize=1050%2C600 3x"},"classes":[]},{"id":47510,"url":"https:\/\/ismaelcolosi.com.br\/index.php\/2024\/04\/26\/bell-marques-tomate-e-jammil-sao-as-atracoes-do-rp-folia-em-14-de-setembro\/","url_meta":{"origin":65720,"position":5},"title":"Bell Marques, Tomate e Jammil s\u00e3o as atra\u00e7\u00f5es do RP Folia em 14 de setembro","author":"ismaelcolosi.com.br","date":"26 de April de 2024","format":false,"excerpt":"Bell Marques, Tomate e Jammil s\u00e3o as atra\u00e7\u00f5es do RP Folia em 14 de setembroO RP Folia nasceu com o objetivo de colocar Ribeir\u00e3o Preto no circuito das grandes micaretas do pa\u00eds. O evento anuncia uma grade que mostra a grandeza do carnaval fora de \u00e9poca, que vai acontecer no\u2026","rel":"","context":"In &quot;Not\u00edcias de Ribeir\u00e3o Preto-SP e Regi\u00e3o&quot;","block_context":{"text":"Not\u00edcias de Ribeir\u00e3o Preto-SP e Regi\u00e3o","link":"https:\/\/ismaelcolosi.com.br\/index.php\/category\/noticias-de-ribeirao-preto-sp-e-regiao-ismael-colosi\/"},"img":{"alt_text":"","src":"https:\/\/i0.wp.com\/popito.com.br\/wp-content\/uploads\/2024\/04\/703d4a6c92897bd4c025a575313b4bb2-scaled.jpeg?resize=350%2C200&ssl=1","width":350,"height":200,"srcset":"https:\/\/i0.wp.com\/popito.com.br\/wp-content\/uploads\/2024\/04\/703d4a6c92897bd4c025a575313b4bb2-scaled.jpeg?resize=350%2C200&ssl=1 1x, https:\/\/i0.wp.com\/popito.com.br\/wp-content\/uploads\/2024\/04\/703d4a6c92897bd4c025a575313b4bb2-scaled.jpeg?resize=525%2C300&ssl=1 1.5x, https:\/\/i0.wp.com\/popito.com.br\/wp-content\/uploads\/2024\/04\/703d4a6c92897bd4c025a575313b4bb2-scaled.jpeg?resize=700%2C400&ssl=1 2x, https:\/\/i0.wp.com\/popito.com.br\/wp-content\/uploads\/2024\/04\/703d4a6c92897bd4c025a575313b4bb2-scaled.jpeg?resize=1050%2C600&ssl=1 3x, https:\/\/i0.wp.com\/popito.com.br\/wp-content\/uploads\/2024\/04\/703d4a6c92897bd4c025a575313b4bb2-scaled.jpeg?resize=1400%2C800&ssl=1 4x"},"classes":[]}],"jetpack_sharing_enabled":true,"jetpack_shortlink":"https:\/\/wp.me\/pfMlyK-h60","_links":{"self":[{"href":"https:\/\/ismaelcolosi.com.br\/index.php\/wp-json\/wp\/v2\/posts\/65720","targetHints":{"allow":["GET"]}}],"collection":[{"href":"https:\/\/ismaelcolosi.com.br\/index.php\/wp-json\/wp\/v2\/posts"}],"about":[{"href":"https:\/\/ismaelcolosi.com.br\/index.php\/wp-json\/wp\/v2\/types\/post"}],"author":[{"embeddable":true,"href":"https:\/\/ismaelcolosi.com.br\/index.php\/wp-json\/wp\/v2\/users\/1"}],"replies":[{"embeddable":true,"href":"https:\/\/ismaelcolosi.com.br\/index.php\/wp-json\/wp\/v2\/comments?post=65720"}],"version-history":[{"count":0,"href":"https:\/\/ismaelcolosi.com.br\/index.php\/wp-json\/wp\/v2\/posts\/65720\/revisions"}],"wp:featuredmedia":[{"embeddable":true,"href":"https:\/\/ismaelcolosi.com.br\/index.php\/wp-json\/wp\/v2\/media\/65721"}],"wp:attachment":[{"href":"https:\/\/ismaelcolosi.com.br\/index.php\/wp-json\/wp\/v2\/media?parent=65720"}],"wp:term":[{"taxonomy":"category","embeddable":true,"href":"https:\/\/ismaelcolosi.com.br\/index.php\/wp-json\/wp\/v2\/categories?post=65720"},{"taxonomy":"post_tag","embeddable":true,"href":"https:\/\/ismaelcolosi.com.br\/index.php\/wp-json\/wp\/v2\/tags?post=65720"}],"curies":[{"name":"wp","href":"https:\/\/api.w.org\/{rel}","templated":true}]}}