{"id":65691,"date":"2024-09-13T11:23:07","date_gmt":"2024-09-13T14:23:07","guid":{"rendered":"https:\/\/ismaelcolosi.com.br\/index.php\/2024\/09\/13\/carro-voador-apresentado-em-ribeirao-preto-ganha-autorizacao-para-testes-no-brasil\/"},"modified":"2024-09-13T11:23:07","modified_gmt":"2024-09-13T14:23:07","slug":"carro-voador-apresentado-em-ribeirao-preto-ganha-autorizacao-para-testes-no-brasil","status":"publish","type":"post","link":"https:\/\/ismaelcolosi.com.br\/index.php\/2024\/09\/13\/carro-voador-apresentado-em-ribeirao-preto-ganha-autorizacao-para-testes-no-brasil\/","title":{"rendered":"Carro voador apresentado em Ribeir\u00e3o Preto ganha autoriza\u00e7\u00e3o para testes no Brasil"},"content":{"rendered":"<p> <br \/>\n<\/p>\n<div>\n<p>A <strong><a href=\"https:\/\/www.gov.br\/anac\/pt-br\/noticias\/2024\/anac-emite-autorizacao-de-voo-para-equipamento-da-ehang\" target=\"_blank\" rel=\"noreferrer noopener nofollow\">Anac (Ag\u00eancia Nacional de Avia\u00e7\u00e3o Civil) <\/a><\/strong>emitiu uma autoriza\u00e7\u00e3o de voo experimental para o carro voador apresentado na \u00faltima edi\u00e7\u00e3o da <strong>Agrishow<\/strong>, em<strong> Ribeir\u00e3o Preto<\/strong>. Segundo a ag\u00eancia, a autoriza\u00e7\u00e3o permite \u00e0 empresa que trouxe o ve\u00edculo para o Brasil em executar testes e ensaios para avaliar as caracter\u00edsticas operacionais do equipamento.\u00a0\u00a0<\/p>\n<p>A licen\u00e7a foi emitida para Gohobby Future Technology Ltda, aplic\u00e1vel ao modelo<strong> EHang EH216<\/strong>, fabricado na China.<\/p>\n<p>A Anac tomou como base o Regulamento Brasileiro de Avia\u00e7\u00e3o Civil Especial, equiparando a opera\u00e7\u00e3o do modeloao drone de Classe 1. \u201cAssim, durante a an\u00e1lise, o foco da Ag\u00eancia foi a avalia\u00e7\u00e3o da seguran\u00e7a da opera\u00e7\u00e3o, principalmente no que se refere \u00e0 prote\u00e7\u00e3o de terceiros\u201d, informa.<\/p>\n<p>Contudo, a ag\u00eancia informou que foram impostas algumas limita\u00e7\u00f5es para opera\u00e7\u00e3o do equipamento, como a <mark style=\"background-color:#fcb900\" class=\"has-inline-color has-black-color\">proibi\u00e7\u00e3o de transportar pessoas, voos em linha de visada visual (em ingl\u00eas <em>VLOS<\/em>) e a implementa\u00e7\u00e3o de \u00e1reas fixas para testes.<\/mark><\/p>\n<h4 class=\"wp-block-heading\"><strong>Sem previs\u00e3o de uso<\/strong><\/h4>\n<p>Em comunicado, a Anac refor\u00e7ou que, no momento, n\u00e3o h\u00e1 perspectiva, a curto prazo, de certifica\u00e7\u00e3o dessa aeronave no Brasil, pois atualmente n\u00e3o existe padr\u00e3o de seguran\u00e7a reconhecido internacionalmente para a aprova\u00e7\u00e3o de aeronaves desse tipo e sua opera\u00e7\u00e3o.<\/p>\n<p>SAIBA MAIS<br \/>USP de Ribeir\u00e3o Preto abre concurso p\u00fablico com sal\u00e1rios de R$ 15 mil<\/p>\n<h4 class=\"wp-block-heading\"><strong>FIQUE ON<\/strong><\/h4>\n<p>Fique ligado em tudo que acontece em Ribeir\u00e3o Preto e regi\u00e3o. Siga os perfis do <strong>acidade on <\/strong>no <a href=\"https:\/\/www.instagram.com\/acidadeonribeirao\" target=\"_blank\" rel=\"noreferrer noopener nofollow\">Instagram<\/a> e no <a href=\"https:\/\/www.facebook.com\/acidadeonribeirao\/\" target=\"_blank\" rel=\"noreferrer noopener nofollow\">Facebook<\/a>.<\/p>\n<p>Receba not\u00edcias do <strong>acidade on <\/strong>no WhatsApp. <a href=\"https:\/\/chat.whatsapp.com\/Dtv9mxhy6V5BJBotM2OQ5k\" target=\"_blank\" rel=\"noreferrer noopener nofollow\">Para entrar no grupo, basta clicar aqui.<\/a><\/p>\n<p>Fa\u00e7a uma den\u00fancia ou sugira uma reportagem sobre Ribeir\u00e3o Preto e regi\u00e3o pelo WhatsApp: 16 99117 7802.<\/p>\n<p>VEJA TAMB\u00c9M<br \/>M\u00e5neskin vai acabar?<\/p>\n<p><!-- CONTENT END 1 -->\n<\/div>\n<p><script async src=\"\/\/www.instagram.com\/embed.js\"><\/script><br \/>\n<br \/><br \/>\n<br \/><a href=\"https:\/\/www.acidadeon.com\/ribeiraopreto\/economia\/carro-voador-apresentado-ribeirao-preto-ganha-autorizacao-para-testes-de-voo\/\">Source link <\/a><\/p>\n","protected":false},"excerpt":{"rendered":"<p>A Anac (Ag\u00eancia Nacional de Avia\u00e7\u00e3o Civil) emitiu uma autoriza\u00e7\u00e3o de voo experimental para o carro voador apresentado na \u00faltima edi\u00e7\u00e3o da Agrishow, em Ribeir\u00e3o&#8230;<\/p>\n","protected":false},"author":1,"featured_media":65692,"comment_status":"open","ping_status":"open","sticky":false,"template":"","format":"standard","meta":{"_uag_custom_page_level_css":"","advanced_seo_description":"","jetpack_seo_html_title":"","jetpack_seo_noindex":false,"jetpack_post_was_ever_published":false,"_jetpack_newsletter_access":"","_jetpack_dont_email_post_to_subs":false,"_jetpack_newsletter_tier_id":0,"_jetpack_memberships_contains_paywalled_content":false,"_jetpack_memberships_contains_paid_content":false,"footnotes":"","jetpack_publicize_message":"","jetpack_publicize_feature_enabled":true,"jetpack_social_post_already_shared":true,"jetpack_social_options":{"image_generator_settings":{"template":"highway","default_image_id":0,"font":"","enabled":false},"version":2}},"categories":[11],"tags":[],"class_list":["post-65691","post","type-post","status-publish","format-standard","has-post-thumbnail","hentry","category-noticias-de-ribeirao-preto-sp-e-regiao-ismael-colosi"],"jetpack_publicize_connections":[],"jetpack_featured_media_url":"https:\/\/i0.wp.com\/ismaelcolosi.com.br\/wp-content\/uploads\/2024\/09\/carro-voador-interna_2024-09-13_13-42-57_jpg_2024-09-13_13-42-57.webp.webp?fit=1200%2C676&ssl=1","uagb_featured_image_src":{"full":["https:\/\/i0.wp.com\/ismaelcolosi.com.br\/wp-content\/uploads\/2024\/09\/carro-voador-interna_2024-09-13_13-42-57_jpg_2024-09-13_13-42-57.webp.webp?fit=1200%2C676&ssl=1",1200,676,false],"thumbnail":["https:\/\/i0.wp.com\/ismaelcolosi.com.br\/wp-content\/uploads\/2024\/09\/carro-voador-interna_2024-09-13_13-42-57_jpg_2024-09-13_13-42-57.webp.webp?resize=150%2C150&ssl=1",150,150,true],"medium":["https:\/\/i0.wp.com\/ismaelcolosi.com.br\/wp-content\/uploads\/2024\/09\/carro-voador-interna_2024-09-13_13-42-57_jpg_2024-09-13_13-42-57.webp.webp?fit=300%2C169&ssl=1",300,169,true],"medium_large":["https:\/\/i0.wp.com\/ismaelcolosi.com.br\/wp-content\/uploads\/2024\/09\/carro-voador-interna_2024-09-13_13-42-57_jpg_2024-09-13_13-42-57.webp.webp?fit=768%2C433&ssl=1",768,433,true],"large":["https:\/\/i0.wp.com\/ismaelcolosi.com.br\/wp-content\/uploads\/2024\/09\/carro-voador-interna_2024-09-13_13-42-57_jpg_2024-09-13_13-42-57.webp.webp?fit=1024%2C577&ssl=1",1024,577,true],"1536x1536":["https:\/\/i0.wp.com\/ismaelcolosi.com.br\/wp-content\/uploads\/2024\/09\/carro-voador-interna_2024-09-13_13-42-57_jpg_2024-09-13_13-42-57.webp.webp?fit=1200%2C676&ssl=1",1200,676,true],"2048x2048":["https:\/\/i0.wp.com\/ismaelcolosi.com.br\/wp-content\/uploads\/2024\/09\/carro-voador-interna_2024-09-13_13-42-57_jpg_2024-09-13_13-42-57.webp.webp?fit=1200%2C676&ssl=1",1200,676,true],"really-simple-thumb":["https:\/\/i0.wp.com\/ismaelcolosi.com.br\/wp-content\/uploads\/2024\/09\/carro-voador-interna_2024-09-13_13-42-57_jpg_2024-09-13_13-42-57.webp.webp?resize=370%2C247&ssl=1",370,247,true]},"uagb_author_info":{"display_name":"ismaelcolosi.com.br","author_link":"https:\/\/ismaelcolosi.com.br\/index.php\/author\/vidareal-online\/"},"uagb_comment_info":0,"uagb_excerpt":"A Anac (Ag\u00eancia Nacional de Avia\u00e7\u00e3o Civil) emitiu uma autoriza\u00e7\u00e3o de voo experimental para o carro voador apresentado na \u00faltima edi\u00e7\u00e3o da Agrishow, em Ribeir\u00e3o...","jetpack-related-posts":[{"id":67047,"url":"https:\/\/ismaelcolosi.com.br\/index.php\/2024\/09\/20\/carro-voador-decola-pela-primeira-vez-no-interior-de-sp-veja-o-video\/","url_meta":{"origin":65691,"position":0},"title":"Carro voador decola pela primeira vez no interior de SP; Veja o v\u00eddeo","author":"ismaelcolosi.com.br","date":"20 de September de 2024","format":false,"excerpt":"O primeiro voo de um carro voador no interior de S\u00e3o Paulo foi realizado na manh\u00e3 desta sexta-feira (20). O voo do ve\u00edculo fabricado pela chinesa EHang foi realizado em Quadra, munic\u00edpio a 160 quil\u00f4metros de S\u00e3o Paulo. O voo experimental do carro voador foi autorizado pela Anac (Ag\u00eancia Nacional\u2026","rel":"","context":"In &quot;Not\u00edcias de Ribeir\u00e3o Preto-SP e Regi\u00e3o&quot;","block_context":{"text":"Not\u00edcias de Ribeir\u00e3o Preto-SP e Regi\u00e3o","link":"https:\/\/ismaelcolosi.com.br\/index.php\/category\/noticias-de-ribeirao-preto-sp-e-regiao-ismael-colosi\/"},"img":{"alt_text":"","src":"https:\/\/i0.wp.com\/ismaelcolosi.com.br\/wp-content\/uploads\/2024\/09\/Carro-voador_2024-09-20_17-08-48_jpg_2024-09-20_17-08-48.webp.webp?fit=1200%2C686&ssl=1&resize=350%2C200","width":350,"height":200,"srcset":"https:\/\/i0.wp.com\/ismaelcolosi.com.br\/wp-content\/uploads\/2024\/09\/Carro-voador_2024-09-20_17-08-48_jpg_2024-09-20_17-08-48.webp.webp?fit=1200%2C686&ssl=1&resize=350%2C200 1x, https:\/\/i0.wp.com\/ismaelcolosi.com.br\/wp-content\/uploads\/2024\/09\/Carro-voador_2024-09-20_17-08-48_jpg_2024-09-20_17-08-48.webp.webp?fit=1200%2C686&ssl=1&resize=525%2C300 1.5x, https:\/\/i0.wp.com\/ismaelcolosi.com.br\/wp-content\/uploads\/2024\/09\/Carro-voador_2024-09-20_17-08-48_jpg_2024-09-20_17-08-48.webp.webp?fit=1200%2C686&ssl=1&resize=700%2C400 2x, https:\/\/i0.wp.com\/ismaelcolosi.com.br\/wp-content\/uploads\/2024\/09\/Carro-voador_2024-09-20_17-08-48_jpg_2024-09-20_17-08-48.webp.webp?fit=1200%2C686&ssl=1&resize=1050%2C600 3x"},"classes":[]},{"id":48582,"url":"https:\/\/ismaelcolosi.com.br\/index.php\/2024\/05\/03\/o-que-falta-esclarecer-sobre-o-acidente-com-feridos-na-agrishow-em-ribeirao-preto\/","url_meta":{"origin":65691,"position":1},"title":"O que falta esclarecer sobre o acidente com feridos na Agrishow em Ribeir\u00e3o Preto","author":"ismaelcolosi.com.br","date":"3 de May de 2024","format":false,"excerpt":"*Com informa\u00e7\u00f5es da EPTV A Pol\u00edcia Civil investiga quais foram os motivos do acidente pr\u00f3ximo a regi\u00e3o do heliponto da Agrishow, que aconteceu na manh\u00e3 desta quinta-feira (2), em Ribeir\u00e3o Preto. Duas pessoas ficaram feridas ap\u00f3s a tenda de um estande desabar devido \u00e0 for\u00e7a do vento da h\u00e9lice de\u2026","rel":"","context":"In &quot;Not\u00edcias de Ribeir\u00e3o Preto-SP e Regi\u00e3o&quot;","block_context":{"text":"Not\u00edcias de Ribeir\u00e3o Preto-SP e Regi\u00e3o","link":"https:\/\/ismaelcolosi.com.br\/index.php\/category\/noticias-de-ribeirao-preto-sp-e-regiao-ismael-colosi\/"},"img":{"alt_text":"","src":"https:\/\/i0.wp.com\/ismaelcolosi.com.br\/wp-content\/uploads\/2024\/05\/Copia-de-Copia-de-TAMANHO-EXATO-PARA-FOTOS-NO-SISTEMA-NOVO-25_2024-05-03_22-53-03_png_2024-05-03_22-53-04.webp.webp?fit=1200%2C675&ssl=1&resize=350%2C200","width":350,"height":200,"srcset":"https:\/\/i0.wp.com\/ismaelcolosi.com.br\/wp-content\/uploads\/2024\/05\/Copia-de-Copia-de-TAMANHO-EXATO-PARA-FOTOS-NO-SISTEMA-NOVO-25_2024-05-03_22-53-03_png_2024-05-03_22-53-04.webp.webp?fit=1200%2C675&ssl=1&resize=350%2C200 1x, https:\/\/i0.wp.com\/ismaelcolosi.com.br\/wp-content\/uploads\/2024\/05\/Copia-de-Copia-de-TAMANHO-EXATO-PARA-FOTOS-NO-SISTEMA-NOVO-25_2024-05-03_22-53-03_png_2024-05-03_22-53-04.webp.webp?fit=1200%2C675&ssl=1&resize=525%2C300 1.5x, https:\/\/i0.wp.com\/ismaelcolosi.com.br\/wp-content\/uploads\/2024\/05\/Copia-de-Copia-de-TAMANHO-EXATO-PARA-FOTOS-NO-SISTEMA-NOVO-25_2024-05-03_22-53-03_png_2024-05-03_22-53-04.webp.webp?fit=1200%2C675&ssl=1&resize=700%2C400 2x, https:\/\/i0.wp.com\/ismaelcolosi.com.br\/wp-content\/uploads\/2024\/05\/Copia-de-Copia-de-TAMANHO-EXATO-PARA-FOTOS-NO-SISTEMA-NOVO-25_2024-05-03_22-53-03_png_2024-05-03_22-53-04.webp.webp?fit=1200%2C675&ssl=1&resize=1050%2C600 3x"},"classes":[]},{"id":48017,"url":"https:\/\/ismaelcolosi.com.br\/index.php\/2024\/04\/30\/avioes-helicopteros-drones-e-carro-voador-invadem-a-agrishow\/","url_meta":{"origin":65691,"position":2},"title":"Avi\u00f5es, helic\u00f3pteros, drones e carro-voador &#8216;invadem&#8217; a Agrishow","author":"ismaelcolosi.com.br","date":"30 de April de 2024","format":false,"excerpt":"Al\u00e9m dos tratores super tecnol\u00f3gicos destaques da Agrishow, que come\u00e7ou em Ribeir\u00e3o Preto na \u00faltima segunda-feira (29), o c\u00e9u tamb\u00e9m est\u00e1 bem representado com avi\u00f5es, helic\u00f3pteros, drones e at\u00e9 carro-voador. Os passeios panor\u00e2micos de helic\u00f3ptero na Agrishow j\u00e1 s\u00e3o tradicionais na feira e acontecem durante todo o evento \u2013 que\u2026","rel":"","context":"In &quot;Not\u00edcias de Ribeir\u00e3o Preto-SP e Regi\u00e3o&quot;","block_context":{"text":"Not\u00edcias de Ribeir\u00e3o Preto-SP e Regi\u00e3o","link":"https:\/\/ismaelcolosi.com.br\/index.php\/category\/noticias-de-ribeirao-preto-sp-e-regiao-ismael-colosi\/"},"img":{"alt_text":"","src":"https:\/\/i0.wp.com\/ismaelcolosi.com.br\/wp-content\/uploads\/2024\/04\/AnyConv.com__aviao-drone-carro-voador-agrishow.webp.webp?fit=1200%2C675&ssl=1&resize=350%2C200","width":350,"height":200,"srcset":"https:\/\/i0.wp.com\/ismaelcolosi.com.br\/wp-content\/uploads\/2024\/04\/AnyConv.com__aviao-drone-carro-voador-agrishow.webp.webp?fit=1200%2C675&ssl=1&resize=350%2C200 1x, https:\/\/i0.wp.com\/ismaelcolosi.com.br\/wp-content\/uploads\/2024\/04\/AnyConv.com__aviao-drone-carro-voador-agrishow.webp.webp?fit=1200%2C675&ssl=1&resize=525%2C300 1.5x, https:\/\/i0.wp.com\/ismaelcolosi.com.br\/wp-content\/uploads\/2024\/04\/AnyConv.com__aviao-drone-carro-voador-agrishow.webp.webp?fit=1200%2C675&ssl=1&resize=700%2C400 2x, https:\/\/i0.wp.com\/ismaelcolosi.com.br\/wp-content\/uploads\/2024\/04\/AnyConv.com__aviao-drone-carro-voador-agrishow.webp.webp?fit=1200%2C675&ssl=1&resize=1050%2C600 3x"},"classes":[]},{"id":33208,"url":"https:\/\/ismaelcolosi.com.br\/index.php\/2024\/01\/28\/aviao-se-desintegra-no-ar-em-cai-no-sul-de-minas\/","url_meta":{"origin":65691,"position":3},"title":"Avi\u00e3o se desintegra no ar em cai no Sul de Minas","author":"ismaelcolosi.com.br","date":"28 de January de 2024","format":false,"excerpt":"28 de janeiro de 2024 | 15:12 0Uma aeronave caiu no Bairro Monjolinho, uma \u00e1rea rural de Itapeva, Sul de Minas, na manh\u00e3 deste domingo (28). O Corpo de Bombeiros relatou que cinco indiv\u00edduos perderam a vida e outros dois, incluindo uma crian\u00e7a, est\u00e3o desaparecidos.O acidente ocorreu por volta das\u2026","rel":"","context":"In &quot;Not\u00edcias de Ribeir\u00e3o Preto-SP e Regi\u00e3o&quot;","block_context":{"text":"Not\u00edcias de Ribeir\u00e3o Preto-SP e Regi\u00e3o","link":"https:\/\/ismaelcolosi.com.br\/index.php\/category\/noticias-de-ribeirao-preto-sp-e-regiao-ismael-colosi\/"},"img":{"alt_text":"","src":"https:\/\/i0.wp.com\/ismaelcolosi.com.br\/wp-content\/uploads\/2024\/01\/aviaoqueda.jpg?fit=730%2C425&ssl=1&resize=350%2C200","width":350,"height":200,"srcset":"https:\/\/i0.wp.com\/ismaelcolosi.com.br\/wp-content\/uploads\/2024\/01\/aviaoqueda.jpg?fit=730%2C425&ssl=1&resize=350%2C200 1x, https:\/\/i0.wp.com\/ismaelcolosi.com.br\/wp-content\/uploads\/2024\/01\/aviaoqueda.jpg?fit=730%2C425&ssl=1&resize=525%2C300 1.5x, https:\/\/i0.wp.com\/ismaelcolosi.com.br\/wp-content\/uploads\/2024\/01\/aviaoqueda.jpg?fit=730%2C425&ssl=1&resize=700%2C400 2x"},"classes":[]},{"id":65767,"url":"https:\/\/ismaelcolosi.com.br\/index.php\/2024\/09\/13\/carreta-furacao-anuncia-volta-do-fofao-apos-briga-na-justica\/","url_meta":{"origin":65691,"position":4},"title":"Carreta Furac\u00e3o anuncia volta do Fof\u00e3o ap\u00f3s briga na justi\u00e7a","author":"ismaelcolosi.com.br","date":"13 de September de 2024","format":false,"excerpt":"Ap\u00f3s pagamento de multa e briga na justi\u00e7a, a Carreta Furac\u00e3o, original de Ribeir\u00e3o Preto, conseguiu o direito exclusivo de usar o personagem Fof\u00e3o. A confirma\u00e7\u00e3o foi feita pela empresa em sua p\u00e1gina no Instagram, na noite de quinta-feira (12). \u201cTodos os direitos relacionados ao personagem Fof\u00e3o, incluindo seu uso\u2026","rel":"","context":"In &quot;Not\u00edcias de Ribeir\u00e3o Preto-SP e Regi\u00e3o&quot;","block_context":{"text":"Not\u00edcias de Ribeir\u00e3o Preto-SP e Regi\u00e3o","link":"https:\/\/ismaelcolosi.com.br\/index.php\/category\/noticias-de-ribeirao-preto-sp-e-regiao-ismael-colosi\/"},"img":{"alt_text":"","src":"https:\/\/i0.wp.com\/ismaelcolosi.com.br\/wp-content\/uploads\/2024\/09\/Copia-de-Copia-de-Copia-de-TAMANHO-EXATO-PARA-FOTOS-NO-SISTEMA-NOVO-17_2024-09-13_19-36-10_png_2024-09-13_19-36-10.webp.webp?fit=1200%2C675&ssl=1&resize=350%2C200","width":350,"height":200,"srcset":"https:\/\/i0.wp.com\/ismaelcolosi.com.br\/wp-content\/uploads\/2024\/09\/Copia-de-Copia-de-Copia-de-TAMANHO-EXATO-PARA-FOTOS-NO-SISTEMA-NOVO-17_2024-09-13_19-36-10_png_2024-09-13_19-36-10.webp.webp?fit=1200%2C675&ssl=1&resize=350%2C200 1x, https:\/\/i0.wp.com\/ismaelcolosi.com.br\/wp-content\/uploads\/2024\/09\/Copia-de-Copia-de-Copia-de-TAMANHO-EXATO-PARA-FOTOS-NO-SISTEMA-NOVO-17_2024-09-13_19-36-10_png_2024-09-13_19-36-10.webp.webp?fit=1200%2C675&ssl=1&resize=525%2C300 1.5x, https:\/\/i0.wp.com\/ismaelcolosi.com.br\/wp-content\/uploads\/2024\/09\/Copia-de-Copia-de-Copia-de-TAMANHO-EXATO-PARA-FOTOS-NO-SISTEMA-NOVO-17_2024-09-13_19-36-10_png_2024-09-13_19-36-10.webp.webp?fit=1200%2C675&ssl=1&resize=700%2C400 2x, https:\/\/i0.wp.com\/ismaelcolosi.com.br\/wp-content\/uploads\/2024\/09\/Copia-de-Copia-de-Copia-de-TAMANHO-EXATO-PARA-FOTOS-NO-SISTEMA-NOVO-17_2024-09-13_19-36-10_png_2024-09-13_19-36-10.webp.webp?fit=1200%2C675&ssl=1&resize=1050%2C600 3x"},"classes":[]},{"id":65784,"url":"https:\/\/ismaelcolosi.com.br\/index.php\/2024\/09\/13\/carreta-furacao-anuncia-volta-do-fofao-apos-disputa-na-justica\/","url_meta":{"origin":65691,"position":5},"title":"Carreta Furac\u00e3o anuncia &#8216;volta&#8217; do Fof\u00e3o ap\u00f3s disputa na Justi\u00e7a","author":"ismaelcolosi.com.br","date":"13 de September de 2024","format":false,"excerpt":"Ap\u00f3s disputa na Justi\u00e7a em raz\u00e3o do uso da personagem \u2018Fonfon\u2019, a Carreta Furac\u00e3o, original de Ribeir\u00e3o Preto, anunciou que conseguiu o direito exclusivo de usar a personagem Fof\u00e3o. A confirma\u00e7\u00e3o foi feita pela empresa em sua p\u00e1gina no Instagram, na noite de quinta-feira (12). A chegada da personagem aconteceu\u2026","rel":"","context":"In &quot;Not\u00edcias de Ribeir\u00e3o Preto-SP e Regi\u00e3o&quot;","block_context":{"text":"Not\u00edcias de Ribeir\u00e3o Preto-SP e Regi\u00e3o","link":"https:\/\/ismaelcolosi.com.br\/index.php\/category\/noticias-de-ribeirao-preto-sp-e-regiao-ismael-colosi\/"},"img":{"alt_text":"","src":"https:\/\/i0.wp.com\/ismaelcolosi.com.br\/wp-content\/uploads\/2024\/09\/fofao-original_2024-09-13_19-56-45_jpg_2024-09-13_19-56-46.webp.webp?fit=1184%2C934&ssl=1&resize=350%2C200","width":350,"height":200,"srcset":"https:\/\/i0.wp.com\/ismaelcolosi.com.br\/wp-content\/uploads\/2024\/09\/fofao-original_2024-09-13_19-56-45_jpg_2024-09-13_19-56-46.webp.webp?fit=1184%2C934&ssl=1&resize=350%2C200 1x, https:\/\/i0.wp.com\/ismaelcolosi.com.br\/wp-content\/uploads\/2024\/09\/fofao-original_2024-09-13_19-56-45_jpg_2024-09-13_19-56-46.webp.webp?fit=1184%2C934&ssl=1&resize=525%2C300 1.5x, https:\/\/i0.wp.com\/ismaelcolosi.com.br\/wp-content\/uploads\/2024\/09\/fofao-original_2024-09-13_19-56-45_jpg_2024-09-13_19-56-46.webp.webp?fit=1184%2C934&ssl=1&resize=700%2C400 2x, https:\/\/i0.wp.com\/ismaelcolosi.com.br\/wp-content\/uploads\/2024\/09\/fofao-original_2024-09-13_19-56-45_jpg_2024-09-13_19-56-46.webp.webp?fit=1184%2C934&ssl=1&resize=1050%2C600 3x"},"classes":[]}],"jetpack_sharing_enabled":true,"jetpack_shortlink":"https:\/\/wp.me\/pfMlyK-h5x","_links":{"self":[{"href":"https:\/\/ismaelcolosi.com.br\/index.php\/wp-json\/wp\/v2\/posts\/65691","targetHints":{"allow":["GET"]}}],"collection":[{"href":"https:\/\/ismaelcolosi.com.br\/index.php\/wp-json\/wp\/v2\/posts"}],"about":[{"href":"https:\/\/ismaelcolosi.com.br\/index.php\/wp-json\/wp\/v2\/types\/post"}],"author":[{"embeddable":true,"href":"https:\/\/ismaelcolosi.com.br\/index.php\/wp-json\/wp\/v2\/users\/1"}],"replies":[{"embeddable":true,"href":"https:\/\/ismaelcolosi.com.br\/index.php\/wp-json\/wp\/v2\/comments?post=65691"}],"version-history":[{"count":0,"href":"https:\/\/ismaelcolosi.com.br\/index.php\/wp-json\/wp\/v2\/posts\/65691\/revisions"}],"wp:featuredmedia":[{"embeddable":true,"href":"https:\/\/ismaelcolosi.com.br\/index.php\/wp-json\/wp\/v2\/media\/65692"}],"wp:attachment":[{"href":"https:\/\/ismaelcolosi.com.br\/index.php\/wp-json\/wp\/v2\/media?parent=65691"}],"wp:term":[{"taxonomy":"category","embeddable":true,"href":"https:\/\/ismaelcolosi.com.br\/index.php\/wp-json\/wp\/v2\/categories?post=65691"},{"taxonomy":"post_tag","embeddable":true,"href":"https:\/\/ismaelcolosi.com.br\/index.php\/wp-json\/wp\/v2\/tags?post=65691"}],"curies":[{"name":"wp","href":"https:\/\/api.w.org\/{rel}","templated":true}]}}