{"id":65396,"date":"2024-09-12T06:53:44","date_gmt":"2024-09-12T09:53:44","guid":{"rendered":"https:\/\/ismaelcolosi.com.br\/index.php\/2024\/09\/12\/mesmo-podendo-perder-empregos-brasileiros-sao-otimistas-com-a-ia-3\/"},"modified":"2024-09-12T06:53:44","modified_gmt":"2024-09-12T09:53:44","slug":"mesmo-podendo-perder-empregos-brasileiros-sao-otimistas-com-a-ia-3","status":"publish","type":"post","link":"https:\/\/ismaelcolosi.com.br\/index.php\/2024\/09\/12\/mesmo-podendo-perder-empregos-brasileiros-sao-otimistas-com-a-ia-3\/","title":{"rendered":"Mesmo podendo perder empregos, brasileiros s\u00e3o otimistas com a IA"},"content":{"rendered":"<p> <br \/>\n<\/p>\n<div>\n<div id=\"attachment_613305\" class=\"wp-caption alignnone style=\" max-width:=\"\"><img data-recalc-dims=\"1\" decoding=\"async\" class=\"alignnone wp-image-613305 size-full\" loading=\"lazy\" src=\"https:\/\/i0.wp.com\/forbes.com.br\/wp-content\/uploads\/2024\/05\/carreira-inteligencia-artificial-trabalho-768x512.jpg?resize=678%2C452&#038;ssl=1\" alt=\"Getty Images\" width=\"678\" height=\"452\"\/><\/p>\n<p>Getty Images<\/p><div class='code-block code-block-8' style='margin: 8px auto; text-align: center; display: block; clear: both;'>\n<script>\n  atOptions = {\n    'key' : '66e2e2111ca34da796271819fc334058',\n    'format' : 'iframe',\n    'height' : 250,\n    'width' : 300,\n    'params' : {}\n  };\n<\/script>\n<script src=\"https:\/\/www.highperformanceformat.com\/66e2e2111ca34da796271819fc334058\/invoke.js\"><\/script>\n<\/div>\n\n<p class=\"wp-caption-text\">54% dos participantes da pesquisa acreditam que a IA vai ajud\u00e1-los no dia a dia, melhorando a produtividade.<\/p>\n<\/div>\n<div class=\"accessibility\">\n<p>Acessibilidade<\/p>\n<p>\n<button onclick=\"alterFont1()\" id=\"btn1\" class=\"btn\">L<\/button><br \/>\n<button onclick=\"alterFont2()\" id=\"btn2\" class=\"btn\" style=\"font-family: Merriweather\">L<\/button><br \/>\n<button onclick=\"alterFontSmallerSize()\" id=\"btn3\" class=\"btn\">A-<\/button><br \/>\n<button onclick=\"alterFontBiggerSize()\" id=\"btn4\" class=\"btn\">A+<\/button><\/p>\n<p><button onclick=\"alterBackground()\" id=\"btn6\" class=\"btn\">\u25d0<\/button><\/p>\n<\/div>\n<p>A rela\u00e7\u00e3o entre intelig\u00eancia artificial e perda de empregos sempre foi intensa e, em muitos casos, repleta de inverdades. Uma pesquisa da MindMiners, empresa de tecnologia especializada em consumer insights, intitulada \u201cIA: Problema ou Solu\u00e7\u00e3o?\u201d, mapeou esse e outros desafios no entorno da tecnologia.<\/p>\n<p>O estudo se prop\u00f4s a identificar a transforma\u00e7\u00e3o que a IA tem feito na vida das pessoas e empresas. Dentre os resultados est\u00e3o o fato de que 56% dos entrevistados acreditam que a IA j\u00e1 est\u00e1 gerando impactos na sociedade. Enquanto 12% esperam ver essas mudan\u00e7as em um ano, outros 20% preveem impactos em cinco anos, e 7% em dez anos. Apenas 4% n\u00e3o acreditam que a IA trar\u00e1 impactos.<\/p>\n<h2>Leia tamb\u00e9m<\/h2>\n<p>Os resultados revelam que a maioria da popula\u00e7\u00e3o j\u00e1 percebe a influ\u00eancia da IA em suas vidas, destacando a import\u00e2ncia crescente dessa tecnologia. \u201cA Intelig\u00eancia Artificial n\u00e3o \u00e9 apenas um conceito futurista, ela est\u00e1 moldando a maneira como vivemos e trabalhamos hoje\u201d, refor\u00e7a Renato Chu, CEO da MindMiners. \u201cOs dados da pesquisa demonstram que os brasileiros est\u00e3o conscientes das mudan\u00e7as, e a maioria espera que a IA continue a evoluir e a trazer benef\u00edcios concretos.\u201d<\/p>\n<p>Al\u00e9m disso, a pesquisa identificou os principais sentimentos em rela\u00e7\u00e3o \u00e0s mudan\u00e7as que j\u00e1 observaram e \u00e0s que ainda est\u00e3o por vir com o avan\u00e7o dessa tecnologia: 25% curiosidade, 15% inseguran\u00e7a, 13% receio, 12% otimismo e 8% medo. Em outras palavras, as pessoas t\u00eam percebido as mudan\u00e7as e demonstrado interesse pelo tema. No entanto, as mudan\u00e7as que a tecnologia pode trazer ainda n\u00e3o s\u00e3o claras, gerando sentimentos de desconforto.<\/p>\n<p>O estudo da MindMiners ainda destaca que 56% interagem com alguma ferramenta, aplicativo, sistemas ou servi\u00e7os que tenham intelig\u00eancia artificial, e 54% acreditam que a IA vai ajud\u00e1-los no dia a dia, melhorando a produtividade. Quando questionadas as \u00e1reas de atua\u00e7\u00e3o daqueles que utilizam a IA no trabalho, 21% s\u00e3o da \u00e1rea de tecnologia, 10% educa\u00e7\u00e3o e 8% vendas e atendimento ao cliente.<\/p>\n<p>Ainda no ambiente corporativo, a introdu\u00e7\u00e3o massiva da IA tamb\u00e9m traz preocupa\u00e7\u00f5es leg\u00edtimas. O receio de que a automa\u00e7\u00e3o possa substituir empregos \u00e9 uma preocupa\u00e7\u00e3o real para muitos trabalhadores. Conforme a pesquisa, 33% dos respondentes t\u00eam medo de perder seus empregos para a IA. Este \u00e9 um sentimento que n\u00e3o pode ser ignorado, ao refletir uma ansiedade sobre a estabilidade e seguran\u00e7a no emprego. Por outro lado, 40% discordam dessa ideia, o que sugere que uma parte significativa da popula\u00e7\u00e3o v\u00ea a IA como uma aliada que pode complementar suas habilidades, em vez de substitu\u00ed-las.<\/p>\n<h2>Escolhas do editor<\/h2>\n<\/div>\n<p><script type=\"rocketlazyloadscript\">\n\t\t\t\t(function(d, s, id){\n\t\t\t\t\tvar js, fjs = d.getElementsByTagName(s)[0];\n\t\t\t\t\tif (d.getElementById(id)) return;\n\t\t\t\t\tjs = d.createElement(s); js.id = id;\n\t\t\t\t\tjs.src = \"\/\/connect.facebook.net\/pt_BR\/sdk.js#xfbml=1&version=v2.9\";\n\t\t\t\t\tfjs.parentNode.insertBefore(js, fjs);\n\t\t\t\t}(document, 'script', 'facebook-jssdk'));\n\t\t\t<\/script><br \/>\n<br \/><br \/>\n<br \/><a href=\"https:\/\/forbes.com.br\/carreira\/2024\/08\/mesmo-podendo-perder-empregos-brasileiros-sao-otimistas-com-a-ia\/\">Source link <\/a><\/p>\n<div class='code-block code-block-4' style='margin: 8px auto 8px 0; text-align: left; display: block; clear: both;'>\n\ud83d\udce2 Aviso Legal\n\nO site ismaelcolosi.com.br atua apenas como um canal de divulga\u00e7\u00e3o de oportunidades de emprego e n\u00e3o se responsabiliza pelo processo seletivo, contrata\u00e7\u00e3o ou qualquer outra etapa relacionada \u00e0s vagas publicadas. Todas as informa\u00e7\u00f5es s\u00e3o de responsabilidade dos anunciantes.\n\n\u26a0\ufe0f Aten\u00e7\u00e3o! Nunca pague por promessas de emprego nem compre cursos que garantam contrata\u00e7\u00e3o. Desconfie de qualquer cobran\u00e7a para participar de sele\u00e7\u00f5es.\n\n\n\n<\/div>\n<!-- CONTENT END 1 -->\n","protected":false},"excerpt":{"rendered":"<p>Getty Images 54% dos participantes da pesquisa acreditam que a IA vai ajud\u00e1-los no dia a dia, melhorando a produtividade. Acessibilidade L L A- A+&#8230;<\/p>\n","protected":false},"author":1,"featured_media":65397,"comment_status":"open","ping_status":"open","sticky":false,"template":"","format":"standard","meta":{"_uag_custom_page_level_css":"","advanced_seo_description":"","jetpack_seo_html_title":"","jetpack_seo_noindex":false,"jetpack_post_was_ever_published":false,"_jetpack_newsletter_access":"","_jetpack_dont_email_post_to_subs":false,"_jetpack_newsletter_tier_id":0,"_jetpack_memberships_contains_paywalled_content":false,"_jetpack_memberships_contains_paid_content":false,"footnotes":"","jetpack_publicize_message":"","jetpack_publicize_feature_enabled":true,"jetpack_social_post_already_shared":true,"jetpack_social_options":{"image_generator_settings":{"template":"highway","default_image_id":0,"font":"","enabled":false},"version":2}},"categories":[1964],"tags":[],"class_list":["post-65396","post","type-post","status-publish","format-standard","has-post-thumbnail","hentry","category-carreira-e-sucesso-dicas-para-carreira"],"jetpack_publicize_connections":[],"jetpack_featured_media_url":"https:\/\/i0.wp.com\/ismaelcolosi.com.br\/wp-content\/uploads\/2024\/09\/carreira-inteligencia-artificial-trabalho-1024x683.jpg?fit=1024%2C683&ssl=1","uagb_featured_image_src":{"full":["https:\/\/i0.wp.com\/ismaelcolosi.com.br\/wp-content\/uploads\/2024\/09\/carreira-inteligencia-artificial-trabalho-1024x683.jpg?fit=1024%2C683&ssl=1",1024,683,false],"thumbnail":["https:\/\/i0.wp.com\/ismaelcolosi.com.br\/wp-content\/uploads\/2024\/09\/carreira-inteligencia-artificial-trabalho-1024x683.jpg?resize=150%2C150&ssl=1",150,150,true],"medium":["https:\/\/i0.wp.com\/ismaelcolosi.com.br\/wp-content\/uploads\/2024\/09\/carreira-inteligencia-artificial-trabalho-1024x683.jpg?fit=300%2C200&ssl=1",300,200,true],"medium_large":["https:\/\/i0.wp.com\/ismaelcolosi.com.br\/wp-content\/uploads\/2024\/09\/carreira-inteligencia-artificial-trabalho-1024x683.jpg?fit=768%2C512&ssl=1",768,512,true],"large":["https:\/\/i0.wp.com\/ismaelcolosi.com.br\/wp-content\/uploads\/2024\/09\/carreira-inteligencia-artificial-trabalho-1024x683.jpg?fit=1024%2C683&ssl=1",1024,683,true],"1536x1536":["https:\/\/i0.wp.com\/ismaelcolosi.com.br\/wp-content\/uploads\/2024\/09\/carreira-inteligencia-artificial-trabalho-1024x683.jpg?fit=1024%2C683&ssl=1",1024,683,true],"2048x2048":["https:\/\/i0.wp.com\/ismaelcolosi.com.br\/wp-content\/uploads\/2024\/09\/carreira-inteligencia-artificial-trabalho-1024x683.jpg?fit=1024%2C683&ssl=1",1024,683,true],"really-simple-thumb":["https:\/\/i0.wp.com\/ismaelcolosi.com.br\/wp-content\/uploads\/2024\/09\/carreira-inteligencia-artificial-trabalho-1024x683.jpg?resize=370%2C247&ssl=1",370,247,true]},"uagb_author_info":{"display_name":"ismaelcolosi.com.br","author_link":"https:\/\/ismaelcolosi.com.br\/index.php\/author\/vidareal-online\/"},"uagb_comment_info":0,"uagb_excerpt":"Getty Images 54% dos participantes da pesquisa acreditam que a IA vai ajud\u00e1-los no dia a dia, melhorando a produtividade. Acessibilidade L L A- A+...","jetpack-related-posts":[{"id":61070,"url":"https:\/\/ismaelcolosi.com.br\/index.php\/2024\/08\/20\/mesmo-podendo-perder-empregos-brasileiros-sao-otimistas-com-a-ia\/","url_meta":{"origin":65396,"position":0},"title":"Mesmo podendo perder empregos, brasileiros s\u00e3o otimistas com a IA","author":"ismaelcolosi.com.br","date":"20 de August de 2024","format":false,"excerpt":"Getty Images54% dos participantes da pesquisa acreditam que a IA vai ajud\u00e1-los no dia a dia, melhorando a produtividade. Acessibilidade L L A- A+ \u25d0 A rela\u00e7\u00e3o entre intelig\u00eancia artificial e perda de empregos sempre foi intensa e, em muitos casos, repleta de inverdades. Uma pesquisa da MindMiners, empresa de\u2026","rel":"","context":"In &quot;Carreira e Sucesso&quot;","block_context":{"text":"Carreira e Sucesso","link":"https:\/\/ismaelcolosi.com.br\/index.php\/category\/carreira-e-sucesso-dicas-para-carreira\/"},"img":{"alt_text":"","src":"https:\/\/i0.wp.com\/ismaelcolosi.com.br\/wp-content\/uploads\/2024\/08\/carreira-inteligencia-artificial-trabalho-1024x683.jpg?fit=1024%2C683&ssl=1&resize=350%2C200","width":350,"height":200,"srcset":"https:\/\/i0.wp.com\/ismaelcolosi.com.br\/wp-content\/uploads\/2024\/08\/carreira-inteligencia-artificial-trabalho-1024x683.jpg?fit=1024%2C683&ssl=1&resize=350%2C200 1x, https:\/\/i0.wp.com\/ismaelcolosi.com.br\/wp-content\/uploads\/2024\/08\/carreira-inteligencia-artificial-trabalho-1024x683.jpg?fit=1024%2C683&ssl=1&resize=525%2C300 1.5x, https:\/\/i0.wp.com\/ismaelcolosi.com.br\/wp-content\/uploads\/2024\/08\/carreira-inteligencia-artificial-trabalho-1024x683.jpg?fit=1024%2C683&ssl=1&resize=700%2C400 2x"},"classes":[]},{"id":61285,"url":"https:\/\/ismaelcolosi.com.br\/index.php\/2024\/08\/21\/mesmo-podendo-perder-empregos-brasileiros-sao-otimistas-com-a-ia-2\/","url_meta":{"origin":65396,"position":1},"title":"Mesmo podendo perder empregos, brasileiros s\u00e3o otimistas com a IA","author":"ismaelcolosi.com.br","date":"21 de August de 2024","format":false,"excerpt":"Getty Images54% dos participantes da pesquisa acreditam que a IA vai ajud\u00e1-los no dia a dia, melhorando a produtividade. Acessibilidade L L A- A+ \u25d0 A rela\u00e7\u00e3o entre intelig\u00eancia artificial e perda de empregos sempre foi intensa e, em muitos casos, repleta de inverdades. Uma pesquisa da MindMiners, empresa de\u2026","rel":"","context":"In &quot;Carreira e Sucesso&quot;","block_context":{"text":"Carreira e Sucesso","link":"https:\/\/ismaelcolosi.com.br\/index.php\/category\/carreira-e-sucesso-dicas-para-carreira\/"},"img":{"alt_text":"","src":"https:\/\/i0.wp.com\/ismaelcolosi.com.br\/wp-content\/uploads\/2024\/08\/1724234521_carreira-inteligencia-artificial-trabalho-1024x683.jpg?fit=1024%2C683&ssl=1&resize=350%2C200","width":350,"height":200,"srcset":"https:\/\/i0.wp.com\/ismaelcolosi.com.br\/wp-content\/uploads\/2024\/08\/1724234521_carreira-inteligencia-artificial-trabalho-1024x683.jpg?fit=1024%2C683&ssl=1&resize=350%2C200 1x, https:\/\/i0.wp.com\/ismaelcolosi.com.br\/wp-content\/uploads\/2024\/08\/1724234521_carreira-inteligencia-artificial-trabalho-1024x683.jpg?fit=1024%2C683&ssl=1&resize=525%2C300 1.5x, https:\/\/i0.wp.com\/ismaelcolosi.com.br\/wp-content\/uploads\/2024\/08\/1724234521_carreira-inteligencia-artificial-trabalho-1024x683.jpg?fit=1024%2C683&ssl=1&resize=700%2C400 2x"},"classes":[]},{"id":85446,"url":"https:\/\/ismaelcolosi.com.br\/index.php\/2025\/05\/21\/ia-representa-ameaca-maior-para-mulheres-do-que-para-homens\/","url_meta":{"origin":65396,"position":2},"title":"IA Representa Amea\u00e7a Maior para Mulheres do Que para Homens","author":"ismaelcolosi.com.br","date":"21 de May de 2025","format":false,"excerpt":"\r \r \r \r Relat\u00f3rio apontou que 9,6% dos empregos tradicionalmente femininos dever\u00e3o ser transformados, em compara\u00e7\u00e3o com 3,5% dos empregos realizados por homens \r \r \r \r Reuters\r Empregos nas \u00e1reas de m\u00eddia, software e finan\u00e7as est\u00e3o na vanguarda da mudan\u00e7a, \u00e0 medida que a IA generativa expande suas\u2026","rel":"","context":"In &quot;Carreira e Sucesso&quot;","block_context":{"text":"Carreira e Sucesso","link":"https:\/\/ismaelcolosi.com.br\/index.php\/category\/carreira-e-sucesso-dicas-para-carreira\/"},"img":{"alt_text":"","src":"https:\/\/i0.wp.com\/ismaelcolosi.com.br\/wp-content\/uploads\/2025\/05\/forbes-empregos-ia-mulheres-homens-1200x675.jpg?fit=1200%2C675&ssl=1&resize=350%2C200","width":350,"height":200,"srcset":"https:\/\/i0.wp.com\/ismaelcolosi.com.br\/wp-content\/uploads\/2025\/05\/forbes-empregos-ia-mulheres-homens-1200x675.jpg?fit=1200%2C675&ssl=1&resize=350%2C200 1x, https:\/\/i0.wp.com\/ismaelcolosi.com.br\/wp-content\/uploads\/2025\/05\/forbes-empregos-ia-mulheres-homens-1200x675.jpg?fit=1200%2C675&ssl=1&resize=525%2C300 1.5x, https:\/\/i0.wp.com\/ismaelcolosi.com.br\/wp-content\/uploads\/2025\/05\/forbes-empregos-ia-mulheres-homens-1200x675.jpg?fit=1200%2C675&ssl=1&resize=700%2C400 2x, https:\/\/i0.wp.com\/ismaelcolosi.com.br\/wp-content\/uploads\/2025\/05\/forbes-empregos-ia-mulheres-homens-1200x675.jpg?fit=1200%2C675&ssl=1&resize=1050%2C600 3x"},"classes":[]},{"id":15673,"url":"https:\/\/ismaelcolosi.com.br\/index.php\/2023\/12\/14\/profissionais-se-candidatam-a-mais-empregos-usando-ia\/","url_meta":{"origin":65396,"position":3},"title":"Profissionais se candidatam a mais empregos usando IA","author":"ismaelcolosi.com.br","date":"14 de December de 2023","format":false,"excerpt":"Dados do LinkedIn mostram que trabalhadores nos EUA e no Reino Unido est\u00e3o se candidatando a cerca de 15% mais cargos em 2023 do que no ano anterior Durante meses, Anshita Verma se candidatava a algumas vagas de emprego por dia. Agora, a cientista de dados de 26 anos consegue\u2026","rel":"","context":"In &quot;Carreira e Sucesso&quot;","block_context":{"text":"Carreira e Sucesso","link":"https:\/\/ismaelcolosi.com.br\/index.php\/category\/carreira-e-sucesso-dicas-para-carreira\/"},"img":{"alt_text":"","src":"https:\/\/i0.wp.com\/ismaelcolosi.com.br\/wp-content\/uploads\/2023\/12\/carreira-candidaturas-inteligencia-artificial-1-1024x683.jpg?fit=1024%2C683&ssl=1&resize=350%2C200","width":350,"height":200,"srcset":"https:\/\/i0.wp.com\/ismaelcolosi.com.br\/wp-content\/uploads\/2023\/12\/carreira-candidaturas-inteligencia-artificial-1-1024x683.jpg?fit=1024%2C683&ssl=1&resize=350%2C200 1x, https:\/\/i0.wp.com\/ismaelcolosi.com.br\/wp-content\/uploads\/2023\/12\/carreira-candidaturas-inteligencia-artificial-1-1024x683.jpg?fit=1024%2C683&ssl=1&resize=525%2C300 1.5x, https:\/\/i0.wp.com\/ismaelcolosi.com.br\/wp-content\/uploads\/2023\/12\/carreira-candidaturas-inteligencia-artificial-1-1024x683.jpg?fit=1024%2C683&ssl=1&resize=700%2C400 2x"},"classes":[]},{"id":48704,"url":"https:\/\/ismaelcolosi.com.br\/index.php\/2024\/05\/06\/como-se-preparar-para-trabalhar-com-inteligencia-artificial\/","url_meta":{"origin":65396,"position":4},"title":"Como se preparar para trabalhar com intelig\u00eancia artificial","author":"ismaelcolosi.com.br","date":"6 de May de 2024","format":false,"excerpt":"Getty ImagesTer uma base t\u00e9cnica s\u00f3lida e se manter atualizado das novidades do setor s\u00e3o passos importantes para trabalhar com intelig\u00eancia artificial \u00c0 medida que a intelig\u00eancia artificial continua a transformar diferentes ind\u00fastrias em todo o mundo, a procura por talentos em IA disparou. De acordo com o F\u00f3rum Econ\u00f4mico\u2026","rel":"","context":"In &quot;Carreira e Sucesso&quot;","block_context":{"text":"Carreira e Sucesso","link":"https:\/\/ismaelcolosi.com.br\/index.php\/category\/carreira-e-sucesso-dicas-para-carreira\/"},"img":{"alt_text":"","src":"https:\/\/i0.wp.com\/ismaelcolosi.com.br\/wp-content\/uploads\/2024\/05\/carreira-inteligencia-artificial-1024x683.jpg?fit=1024%2C683&ssl=1&resize=350%2C200","width":350,"height":200,"srcset":"https:\/\/i0.wp.com\/ismaelcolosi.com.br\/wp-content\/uploads\/2024\/05\/carreira-inteligencia-artificial-1024x683.jpg?fit=1024%2C683&ssl=1&resize=350%2C200 1x, https:\/\/i0.wp.com\/ismaelcolosi.com.br\/wp-content\/uploads\/2024\/05\/carreira-inteligencia-artificial-1024x683.jpg?fit=1024%2C683&ssl=1&resize=525%2C300 1.5x, https:\/\/i0.wp.com\/ismaelcolosi.com.br\/wp-content\/uploads\/2024\/05\/carreira-inteligencia-artificial-1024x683.jpg?fit=1024%2C683&ssl=1&resize=700%2C400 2x"},"classes":[]},{"id":55153,"url":"https:\/\/ismaelcolosi.com.br\/index.php\/2024\/07\/01\/quais-carreiras-estao-seguras-contra-a-ia\/","url_meta":{"origin":65396,"position":5},"title":"Quais carreiras est\u00e3o seguras contra a IA?","author":"ismaelcolosi.com.br","date":"1 de July de 2024","format":false,"excerpt":"\u00c0 medida que a intelig\u00eancia artificial transforma ind\u00fastrias, entender quais empregos permanecem seguros \u00e9 crucial. Embora o impacto da IA no mercado de trabalho seja ineg\u00e1vel, nem todos os pap\u00e9is s\u00e3o igualmente vulner\u00e1veis. Acessibilidade L L A- A+ \u25d0 Os empregos que envolvem emo\u00e7\u00f5es humanas complexas, decis\u00f5es avan\u00e7adas e criatividade\u2026","rel":"","context":"In &quot;Carreira e Sucesso&quot;","block_context":{"text":"Carreira e Sucesso","link":"https:\/\/ismaelcolosi.com.br\/index.php\/category\/carreira-e-sucesso-dicas-para-carreira\/"},"img":{"alt_text":"","src":"https:\/\/i0.wp.com\/ismaelcolosi.com.br\/wp-content\/uploads\/2024\/07\/1500-x-1000-1024x683.png?fit=1024%2C683&ssl=1&resize=350%2C200","width":350,"height":200,"srcset":"https:\/\/i0.wp.com\/ismaelcolosi.com.br\/wp-content\/uploads\/2024\/07\/1500-x-1000-1024x683.png?fit=1024%2C683&ssl=1&resize=350%2C200 1x, https:\/\/i0.wp.com\/ismaelcolosi.com.br\/wp-content\/uploads\/2024\/07\/1500-x-1000-1024x683.png?fit=1024%2C683&ssl=1&resize=525%2C300 1.5x, https:\/\/i0.wp.com\/ismaelcolosi.com.br\/wp-content\/uploads\/2024\/07\/1500-x-1000-1024x683.png?fit=1024%2C683&ssl=1&resize=700%2C400 2x"},"classes":[]}],"jetpack_sharing_enabled":true,"jetpack_shortlink":"https:\/\/wp.me\/pfMlyK-h0M","_links":{"self":[{"href":"https:\/\/ismaelcolosi.com.br\/index.php\/wp-json\/wp\/v2\/posts\/65396","targetHints":{"allow":["GET"]}}],"collection":[{"href":"https:\/\/ismaelcolosi.com.br\/index.php\/wp-json\/wp\/v2\/posts"}],"about":[{"href":"https:\/\/ismaelcolosi.com.br\/index.php\/wp-json\/wp\/v2\/types\/post"}],"author":[{"embeddable":true,"href":"https:\/\/ismaelcolosi.com.br\/index.php\/wp-json\/wp\/v2\/users\/1"}],"replies":[{"embeddable":true,"href":"https:\/\/ismaelcolosi.com.br\/index.php\/wp-json\/wp\/v2\/comments?post=65396"}],"version-history":[{"count":0,"href":"https:\/\/ismaelcolosi.com.br\/index.php\/wp-json\/wp\/v2\/posts\/65396\/revisions"}],"wp:featuredmedia":[{"embeddable":true,"href":"https:\/\/ismaelcolosi.com.br\/index.php\/wp-json\/wp\/v2\/media\/65397"}],"wp:attachment":[{"href":"https:\/\/ismaelcolosi.com.br\/index.php\/wp-json\/wp\/v2\/media?parent=65396"}],"wp:term":[{"taxonomy":"category","embeddable":true,"href":"https:\/\/ismaelcolosi.com.br\/index.php\/wp-json\/wp\/v2\/categories?post=65396"},{"taxonomy":"post_tag","embeddable":true,"href":"https:\/\/ismaelcolosi.com.br\/index.php\/wp-json\/wp\/v2\/tags?post=65396"}],"curies":[{"name":"wp","href":"https:\/\/api.w.org\/{rel}","templated":true}]}}