{"id":65391,"date":"2024-09-12T06:36:41","date_gmt":"2024-09-12T09:36:41","guid":{"rendered":"https:\/\/ismaelcolosi.com.br\/index.php\/2024\/09\/12\/emily-em-paris-traz-licoes-que-podem-transformar-sua-carreira\/"},"modified":"2024-09-12T06:36:41","modified_gmt":"2024-09-12T09:36:41","slug":"emily-em-paris-traz-licoes-que-podem-transformar-sua-carreira","status":"publish","type":"post","link":"https:\/\/ismaelcolosi.com.br\/index.php\/2024\/09\/12\/emily-em-paris-traz-licoes-que-podem-transformar-sua-carreira\/","title":{"rendered":"&#8220;Emily em Paris&#8221; traz li\u00e7\u00f5es que podem transformar sua carreira"},"content":{"rendered":"<p> <br \/>\n<\/p>\n<div>\n<div id=\"attachment_634377\" class=\"wp-caption alignnone style=\" max-width:=\"\"><img data-recalc-dims=\"1\" decoding=\"async\" class=\"alignnone wp-image-634377 size-medium\" loading=\"lazy\" src=\"https:\/\/i0.wp.com\/forbes.com.br\/wp-content\/uploads\/2024\/09\/Lily-Collins-Emily-in-Paris-768x512.jpg?resize=678%2C452&#038;ssl=1\" alt=\"Emily in Paris\" width=\"678\" height=\"452\"\/><\/p>\n<p>Divulga\u00e7\u00e3o\/Netflix<\/p>\n<p class=\"wp-caption-text\">Lily Collins \u00e9 a protagonista da s\u00e9rie \u201cEmily em Paris\u201d, que estreou em 2020 como a com\u00e9dia mais assistida do ano na Netflix<\/p>\n<\/div>\n<div class=\"accessibility\">\n<p>Acessibilidade<\/p>\n<p>\n<button onclick=\"alterFont1()\" id=\"btn1\" class=\"btn\">L<\/button><br \/>\n<button onclick=\"alterFont2()\" id=\"btn2\" class=\"btn\" style=\"font-family: Merriweather\">L<\/button><br \/>\n<button onclick=\"alterFontSmallerSize()\" id=\"btn3\" class=\"btn\">A-<\/button><br \/>\n<button onclick=\"alterFontBiggerSize()\" id=\"btn4\" class=\"btn\">A+<\/button><\/p>\n<p><button onclick=\"alterBackground()\" id=\"btn6\" class=\"btn\">\u25d0<\/button><\/p>\n<\/div>\n<p>Com o retorno de \u201c<strong>Emily em Paris<\/strong>\u201d para a segunda parte da quarta temporada nesta quinta-feira (12), a jornada de Emily e seus desafios e sucessos no trabalho voltam a conquistar os espectadores. A s\u00e9rie ficou t\u00e3o popular que at\u00e9 especialistas passaram a tra\u00e7ar paralelos entre o enredo e os personagens e como construir sua marca pessoal.<\/p>\n<p>De acordo com <strong>Nadya Movchan<\/strong>, especialista em marca pessoal e fundadora da ag\u00eancia de comunica\u00e7\u00e3o e crescimento Movchan Agency, o sucesso de Emily n\u00e3o se deve apenas ao seu charme ou criatividade; \u00e9 uma li\u00e7\u00e3o de como uma marca pessoal forte pode impulsionar tanto o sucesso profissional quanto pessoal.<\/p>\n<h2>Leia tamb\u00e9m<\/h2>\n<p>No mundo de hoje, onde sua marca pessoal pode criar ou afastar oportunidades, Movchan acredita que as aventuras de Emily oferecem dicas valiosas que todos podem aplicar em suas vidas e carreiras. Ela compartilhou cinco principais li\u00e7\u00f5es para aprender com \u201cEmily em Paris.\u201d<\/p>\n<h3>1. Abrace sua singularidade<\/h3>\n<p>Em um mundo globalizado, trabalhamos frequentemente com pessoas de diferentes pa\u00edses e culturas, o que nos permite aprender v\u00e1rias abordagens de trabalho e aspectos da vida corporativa. A especialista aconselha que voc\u00ea n\u00e3o tenha medo de mostrar seus pensamentos, j\u00e1 que a sua experi\u00eancia pode agregar para os outros.<\/p>\n<p>Na s\u00e9rie, Emily est\u00e1 em Paris e usa sua identidade americana a seu favor ao introduzir t\u00e1ticas de marketing estadunidenses para seus colegas franceses, o que os ajudou a realizar campanhas bem-sucedidas.<\/p>\n<h3>2. Fa\u00e7a networking sem medo<\/h3>\n<p>Embora a comunica\u00e7\u00e3o de Emily pare\u00e7a irritar seus colegas de trabalho, ela tem um bom senso de networking. \u201cEmily participa de eventos sociais, desfiles de moda e festas do setor, sempre buscando expandir sua rede de contatos. Sua disposi\u00e7\u00e3o em interagir com os outros a ajuda a construir relacionamentos valiosos e criar oportunidades\u201d, afirma Movchan.<\/p>\n<p>N\u00e3o seja t\u00edmido, saia e socialize. Se um evento de networking parecer assustador e desconfort\u00e1vel, v\u00e1 com calma. Tente conhecer genuinamente as pessoas com quem voc\u00ea trabalha fora da sua equipe.<\/p>\n<h3>3. Desenvolva um estilo pr\u00f3prio<\/h3>\n<p>Todos lembram de Emily por seu estilo: uma combina\u00e7\u00e3o de cores brilhantes, estampas, saltos altos e joias e acess\u00f3rios extravagantes. \u201cCom certeza \u00e9 controverso e foi muito zombado, mas sem d\u00favida \u00e9 um diferencial de Emily\u201d, diz a especialista. Essa conversa n\u00e3o \u00e9 apenas sobre moda. \u201cEstilo pessoal n\u00e3o se trata apenas de roupas, especialmente no mundo digital de hoje.\u201d<\/p>\n<h3>4. Aceite seus erros<\/h3>\n<p>O caminho de Emily em Paris \u00e9 repleto de erros, mas ela os enfrenta com eleg\u00e2ncia e aprende com eles. N\u00e3o tenha medo de correr riscos e cometer erros (todos cometem, de qualquer maneira) \u2014 \u00e9 assim que voc\u00ea aprende. Reconhe\u00e7a seus erros, pe\u00e7a desculpas, se necess\u00e1rio, e siga em frente com as li\u00e7\u00f5es aprendidas.<\/p>\n<h3>5. Mantenha-se positivo e resiliente<\/h3>\n<p>Apesar de muitos desafios, Movchan explica que Emily mant\u00e9m uma atitude positiva e resiliente. \u201cIsso permite que ela gerencie circunst\u00e2ncias desafiadoras enquanto tamb\u00e9m a faz parecer mais acess\u00edvel\u201d, diz. Ao construir uma marca pessoal, priorize essas caracter\u00edsticas diante das adversidades.<\/p>\n<p>Isso n\u00e3o significa que voc\u00ea sempre deve se mostrar forte e reprimir suas emo\u00e7\u00f5es. \u201cLembre-se de que voc\u00ea \u00e9 humano, ent\u00e3o mostre um pouco de leveza nos momentos em que n\u00e3o puder ser forte e resiliente.\u201d<\/p>\n<ul>\n<li>\n<h4>Siga a <a href=\"https:\/\/whatsapp.com\/channel\/0029Va9gQKwBFLgM96cJnu0u&gt;\" target=\"_blank\" rel=\"noopener\">Forbes<\/a> no WhatsApp e receba as principais not\u00edcias sobre neg\u00f3cios, carreira, tecnologia e estilo de vida<\/h4>\n<\/li>\n<\/ul>\n<p><em>*Bryan Robinson \u00e9 colaborador da Forbes US. Ele \u00e9 autor de 40 livros de n\u00e3o-fic\u00e7\u00e3o traduzidos para 15 idiomas. Tamb\u00e9m \u00e9 professor em\u00e9rito da Universidade da Carolina do Norte, onde conduziu os primeiros estudos sobre filhos de workaholics e os efeitos do trabalho no casamento.<\/em><\/p>\n<h2>Escolhas do editor<\/h2>\n<\/div>\n<p><script type=\"rocketlazyloadscript\">\n\t\t\t\t(function(d, s, id){\n\t\t\t\t\tvar js, fjs = d.getElementsByTagName(s)[0];\n\t\t\t\t\tif (d.getElementById(id)) return;\n\t\t\t\t\tjs = d.createElement(s); js.id = id;\n\t\t\t\t\tjs.src = \"\/\/connect.facebook.net\/pt_BR\/sdk.js#xfbml=1&version=v2.9\";\n\t\t\t\t\tfjs.parentNode.insertBefore(js, fjs);\n\t\t\t\t}(document, 'script', 'facebook-jssdk'));\n\t\t\t<\/script><br \/>\n<br \/><br \/>\n<br \/><a href=\"https:\/\/forbes.com.br\/carreira\/2024\/09\/5-licoes-de-marca-pessoal-de-emily-em-paris-que-podem-transformar-sua-carreira\/\">Source link <\/a><\/p>\n<div class='code-block code-block-4' style='margin: 8px auto 8px 0; text-align: left; display: block; clear: both;'>\n\ud83d\udce2 Aviso Legal\n\nO site ismaelcolosi.com.br atua apenas como um canal de divulga\u00e7\u00e3o de oportunidades de emprego e n\u00e3o se responsabiliza pelo processo seletivo, contrata\u00e7\u00e3o ou qualquer outra etapa relacionada \u00e0s vagas publicadas. Todas as informa\u00e7\u00f5es s\u00e3o de responsabilidade dos anunciantes.\n\n\u26a0\ufe0f Aten\u00e7\u00e3o! Nunca pague por promessas de emprego nem compre cursos que garantam contrata\u00e7\u00e3o. Desconfie de qualquer cobran\u00e7a para participar de sele\u00e7\u00f5es.\n\n\n\n<\/div>\n<!-- CONTENT END 1 -->\n","protected":false},"excerpt":{"rendered":"<p>Divulga\u00e7\u00e3o\/Netflix Lily Collins \u00e9 a protagonista da s\u00e9rie \u201cEmily em Paris\u201d, que estreou em 2020 como a com\u00e9dia mais assistida do ano na Netflix Acessibilidade&#8230;<\/p>\n","protected":false},"author":1,"featured_media":65392,"comment_status":"open","ping_status":"open","sticky":false,"template":"","format":"standard","meta":{"_uag_custom_page_level_css":"","advanced_seo_description":"","jetpack_seo_html_title":"","jetpack_seo_noindex":false,"jetpack_post_was_ever_published":false,"_jetpack_newsletter_access":"","_jetpack_dont_email_post_to_subs":false,"_jetpack_newsletter_tier_id":0,"_jetpack_memberships_contains_paywalled_content":false,"_jetpack_memberships_contains_paid_content":false,"footnotes":"","jetpack_publicize_message":"","jetpack_publicize_feature_enabled":true,"jetpack_social_post_already_shared":true,"jetpack_social_options":{"image_generator_settings":{"template":"highway","default_image_id":0,"font":"","enabled":false},"version":2}},"categories":[1964],"tags":[],"class_list":["post-65391","post","type-post","status-publish","format-standard","has-post-thumbnail","hentry","category-carreira-e-sucesso-dicas-para-carreira"],"jetpack_publicize_connections":[],"jetpack_featured_media_url":"https:\/\/i0.wp.com\/ismaelcolosi.com.br\/wp-content\/uploads\/2024\/09\/Lily-Collins-Emily-in-Paris-1024x683.jpg?fit=1024%2C683&ssl=1","uagb_featured_image_src":{"full":["https:\/\/i0.wp.com\/ismaelcolosi.com.br\/wp-content\/uploads\/2024\/09\/Lily-Collins-Emily-in-Paris-1024x683.jpg?fit=1024%2C683&ssl=1",1024,683,false],"thumbnail":["https:\/\/i0.wp.com\/ismaelcolosi.com.br\/wp-content\/uploads\/2024\/09\/Lily-Collins-Emily-in-Paris-1024x683.jpg?resize=150%2C150&ssl=1",150,150,true],"medium":["https:\/\/i0.wp.com\/ismaelcolosi.com.br\/wp-content\/uploads\/2024\/09\/Lily-Collins-Emily-in-Paris-1024x683.jpg?fit=300%2C200&ssl=1",300,200,true],"medium_large":["https:\/\/i0.wp.com\/ismaelcolosi.com.br\/wp-content\/uploads\/2024\/09\/Lily-Collins-Emily-in-Paris-1024x683.jpg?fit=768%2C512&ssl=1",768,512,true],"large":["https:\/\/i0.wp.com\/ismaelcolosi.com.br\/wp-content\/uploads\/2024\/09\/Lily-Collins-Emily-in-Paris-1024x683.jpg?fit=1024%2C683&ssl=1",1024,683,true],"1536x1536":["https:\/\/i0.wp.com\/ismaelcolosi.com.br\/wp-content\/uploads\/2024\/09\/Lily-Collins-Emily-in-Paris-1024x683.jpg?fit=1024%2C683&ssl=1",1024,683,true],"2048x2048":["https:\/\/i0.wp.com\/ismaelcolosi.com.br\/wp-content\/uploads\/2024\/09\/Lily-Collins-Emily-in-Paris-1024x683.jpg?fit=1024%2C683&ssl=1",1024,683,true],"really-simple-thumb":["https:\/\/i0.wp.com\/ismaelcolosi.com.br\/wp-content\/uploads\/2024\/09\/Lily-Collins-Emily-in-Paris-1024x683.jpg?resize=370%2C247&ssl=1",370,247,true]},"uagb_author_info":{"display_name":"ismaelcolosi.com.br","author_link":"https:\/\/ismaelcolosi.com.br\/index.php\/author\/vidareal-online\/"},"uagb_comment_info":0,"uagb_excerpt":"Divulga\u00e7\u00e3o\/Netflix Lily Collins \u00e9 a protagonista da s\u00e9rie \u201cEmily em Paris\u201d, que estreou em 2020 como a com\u00e9dia mais assistida do ano na Netflix Acessibilidade...","jetpack-related-posts":[{"id":75829,"url":"https:\/\/ismaelcolosi.com.br\/index.php\/2024\/11\/08\/3-licoes-da-serie-da-atleta-na-netflix\/","url_meta":{"origin":65391,"position":0},"title":"3 Li\u00e7\u00f5es da S\u00e9rie da Atleta na Netflix","author":"ismaelcolosi.com.br","date":"8 de November de 2024","format":false,"excerpt":"Getty ImagesCom todos os olhos nela, Simone Biles levou mais quatro medalhas ol\u00edmpicas nos Jogos de Paris deste ano Acessibilidade \r L\r L\r A-\r A+\r \r \u25d0\r \r A segunda parte da s\u00e9rie documental de Simone Biles chegou \u00e0 Netflix h\u00e1 pouco, encerrando a jornada de bastidores da atleta em\u2026","rel":"","context":"In &quot;Carreira e Sucesso&quot;","block_context":{"text":"Carreira e Sucesso","link":"https:\/\/ismaelcolosi.com.br\/index.php\/category\/carreira-e-sucesso-dicas-para-carreira\/"},"img":{"alt_text":"","src":"https:\/\/i0.wp.com\/ismaelcolosi.com.br\/wp-content\/uploads\/2024\/11\/mulher-simone-biles-getty-1030x438.jpg?fit=1030%2C438&ssl=1&resize=350%2C200","width":350,"height":200,"srcset":"https:\/\/i0.wp.com\/ismaelcolosi.com.br\/wp-content\/uploads\/2024\/11\/mulher-simone-biles-getty-1030x438.jpg?fit=1030%2C438&ssl=1&resize=350%2C200 1x, https:\/\/i0.wp.com\/ismaelcolosi.com.br\/wp-content\/uploads\/2024\/11\/mulher-simone-biles-getty-1030x438.jpg?fit=1030%2C438&ssl=1&resize=525%2C300 1.5x, https:\/\/i0.wp.com\/ismaelcolosi.com.br\/wp-content\/uploads\/2024\/11\/mulher-simone-biles-getty-1030x438.jpg?fit=1030%2C438&ssl=1&resize=700%2C400 2x"},"classes":[]},{"id":85668,"url":"https:\/\/ismaelcolosi.com.br\/index.php\/2025\/05\/23\/10-frases-que-o-fotografo-deixa-de-legado\/","url_meta":{"origin":65391,"position":1},"title":"10 Frases Que o Fot\u00f3grafo Deixa de Legado","author":"ismaelcolosi.com.br","date":"23 de May de 2025","format":false,"excerpt":"\r Fernando Fraz\u00e3o\/Ag\u00eancia Brasil\r Sebasti\u00e3o Salgado estava aposentado desde fevereiro de 2024\r Acessibilidade \r L\r L\r A-\r A+\r \r \u25d0\r \r \u00a0 Um dos maiores nomes da fotografia mundial, Sebasti\u00e3o Salgado morreu nesta sexta-feira (23), em Paris, aos 81 anos. O fot\u00f3grafo enfrentava problemas de sa\u00fade desde que contraiu mal\u00e1ria\u2026","rel":"","context":"In &quot;Carreira e Sucesso&quot;","block_context":{"text":"Carreira e Sucesso","link":"https:\/\/ismaelcolosi.com.br\/index.php\/category\/carreira-e-sucesso-dicas-para-carreira\/"},"img":{"alt_text":"","src":"https:\/\/i0.wp.com\/ismaelcolosi.com.br\/wp-content\/uploads\/2025\/05\/forbes-sebastiao-salgado-1200x675.jpg?fit=1200%2C675&ssl=1&resize=350%2C200","width":350,"height":200,"srcset":"https:\/\/i0.wp.com\/ismaelcolosi.com.br\/wp-content\/uploads\/2025\/05\/forbes-sebastiao-salgado-1200x675.jpg?fit=1200%2C675&ssl=1&resize=350%2C200 1x, https:\/\/i0.wp.com\/ismaelcolosi.com.br\/wp-content\/uploads\/2025\/05\/forbes-sebastiao-salgado-1200x675.jpg?fit=1200%2C675&ssl=1&resize=525%2C300 1.5x, https:\/\/i0.wp.com\/ismaelcolosi.com.br\/wp-content\/uploads\/2025\/05\/forbes-sebastiao-salgado-1200x675.jpg?fit=1200%2C675&ssl=1&resize=700%2C400 2x, https:\/\/i0.wp.com\/ismaelcolosi.com.br\/wp-content\/uploads\/2025\/05\/forbes-sebastiao-salgado-1200x675.jpg?fit=1200%2C675&ssl=1&resize=1050%2C600 3x"},"classes":[]},{"id":66668,"url":"https:\/\/ismaelcolosi.com.br\/index.php\/2024\/09\/18\/agentes-acham-buraco-em-cela-e-frustram-fuga-em-cadeia-na-regiao-de-ribeirao\/","url_meta":{"origin":65391,"position":2},"title":"Agentes acham buraco em cela e frustram fuga em cadeia na regi\u00e3o de Ribeir\u00e3o","author":"ismaelcolosi.com.br","date":"18 de September de 2024","format":false,"excerpt":"Na manh\u00e3 desta ter\u00e7a-feira (17), agentes penitenci\u00e1rios encontraram um buraco feito por presos, em uma cela da cadeia de\u00a0Prad\u00f3polis, na regi\u00e3o de Ribeir\u00e3o Preto. Um dos detentos\u00a0confessou aos agentes que a abertura na parede seria usada para eles fugirem do local. A suspeita come\u00e7ou quando os carcereiros perceberam que, durante\u2026","rel":"","context":"In &quot;Not\u00edcias de Ribeir\u00e3o Preto-SP e Regi\u00e3o&quot;","block_context":{"text":"Not\u00edcias de Ribeir\u00e3o Preto-SP e Regi\u00e3o","link":"https:\/\/ismaelcolosi.com.br\/index.php\/category\/noticias-de-ribeirao-preto-sp-e-regiao-ismael-colosi\/"},"img":{"alt_text":"","src":"https:\/\/i0.wp.com\/ismaelcolosi.com.br\/wp-content\/uploads\/2024\/09\/cadeia_2024-09-18_20-01-04_png_2024-09-18_20-01-04.webp.webp?fit=980%2C547&ssl=1&resize=350%2C200","width":350,"height":200,"srcset":"https:\/\/i0.wp.com\/ismaelcolosi.com.br\/wp-content\/uploads\/2024\/09\/cadeia_2024-09-18_20-01-04_png_2024-09-18_20-01-04.webp.webp?fit=980%2C547&ssl=1&resize=350%2C200 1x, https:\/\/i0.wp.com\/ismaelcolosi.com.br\/wp-content\/uploads\/2024\/09\/cadeia_2024-09-18_20-01-04_png_2024-09-18_20-01-04.webp.webp?fit=980%2C547&ssl=1&resize=525%2C300 1.5x, https:\/\/i0.wp.com\/ismaelcolosi.com.br\/wp-content\/uploads\/2024\/09\/cadeia_2024-09-18_20-01-04_png_2024-09-18_20-01-04.webp.webp?fit=980%2C547&ssl=1&resize=700%2C400 2x"},"classes":[]},{"id":86378,"url":"https:\/\/ismaelcolosi.com.br\/index.php\/2025\/06\/27\/quem-e-cintia-moreira-a-nova-ceo-da-dengo\/","url_meta":{"origin":65391,"position":3},"title":"Quem \u00c9 C\u00edntia Moreira, a Nova CEO da Dengo","author":"ismaelcolosi.com.br","date":"27 de June de 2025","format":false,"excerpt":"\r Divulga\u00e7\u00e3o\/Dengo\r \r Acessibilidade \r L\r L\r A-\r A+\r \r \u25d0\r \r Depois de atuar como diretora comercial da Dengo, contribuindo para a expans\u00e3o da marca, hoje com mais de 50 lojas f\u00edsicas no Brasil e 2 em Paris, C\u00edntia Moreira assume a presid\u00eancia da empresa de chocolates bean-to-bar. \u201cMais\u2026","rel":"","context":"In &quot;Carreira e Sucesso&quot;","block_context":{"text":"Carreira e Sucesso","link":"https:\/\/ismaelcolosi.com.br\/index.php\/category\/carreira-e-sucesso-dicas-para-carreira\/"},"img":{"alt_text":"","src":"https:\/\/i0.wp.com\/ismaelcolosi.com.br\/wp-content\/uploads\/2025\/06\/mulher-cintia-moreira-ceo-dengo-1200x675.jpg?fit=1200%2C675&ssl=1&resize=350%2C200","width":350,"height":200,"srcset":"https:\/\/i0.wp.com\/ismaelcolosi.com.br\/wp-content\/uploads\/2025\/06\/mulher-cintia-moreira-ceo-dengo-1200x675.jpg?fit=1200%2C675&ssl=1&resize=350%2C200 1x, https:\/\/i0.wp.com\/ismaelcolosi.com.br\/wp-content\/uploads\/2025\/06\/mulher-cintia-moreira-ceo-dengo-1200x675.jpg?fit=1200%2C675&ssl=1&resize=525%2C300 1.5x, https:\/\/i0.wp.com\/ismaelcolosi.com.br\/wp-content\/uploads\/2025\/06\/mulher-cintia-moreira-ceo-dengo-1200x675.jpg?fit=1200%2C675&ssl=1&resize=700%2C400 2x, https:\/\/i0.wp.com\/ismaelcolosi.com.br\/wp-content\/uploads\/2025\/06\/mulher-cintia-moreira-ceo-dengo-1200x675.jpg?fit=1200%2C675&ssl=1&resize=1050%2C600 3x"},"classes":[]},{"id":66659,"url":"https:\/\/ismaelcolosi.com.br\/index.php\/2024\/09\/18\/turista-de-24-anos-de-ribeirao-preto-desaparece-em-praia-de-sp\/","url_meta":{"origin":65391,"position":4},"title":"Turista de 24 anos de Ribeir\u00e3o Preto desaparece em praia de SP","author":"ismaelcolosi.com.br","date":"18 de September de 2024","format":false,"excerpt":"Um jovem de 24 anos, morador de Ribeir\u00e3o Preto, est\u00e1 desaparecido na Praia de Pernambuco, no Guaruj\u00e1, desde o domingo (15). Conforme as informa\u00e7\u00f5es, Alexssander Gregorio da Silva teria sa\u00eddo com alguns amigos em uma excurs\u00e3o na noite de s\u00e1bado (14), de Ribeir\u00e3o Preto at\u00e9 o litoral de SP. Alexssander\u2026","rel":"","context":"In &quot;Not\u00edcias de Ribeir\u00e3o Preto-SP e Regi\u00e3o&quot;","block_context":{"text":"Not\u00edcias de Ribeir\u00e3o Preto-SP e Regi\u00e3o","link":"https:\/\/ismaelcolosi.com.br\/index.php\/category\/noticias-de-ribeirao-preto-sp-e-regiao-ismael-colosi\/"},"img":{"alt_text":"","src":"https:\/\/i0.wp.com\/ismaelcolosi.com.br\/wp-content\/uploads\/2024\/09\/Copia-de-Copia-de-Copia-de-TAMANHO-EXATO-PARA-FOTOS-NO-SISTEMA-NOVO-54_2024-09-18_18-42-40_png_2024-09-18_18-42-40.webp.webp?fit=1200%2C675&ssl=1&resize=350%2C200","width":350,"height":200,"srcset":"https:\/\/i0.wp.com\/ismaelcolosi.com.br\/wp-content\/uploads\/2024\/09\/Copia-de-Copia-de-Copia-de-TAMANHO-EXATO-PARA-FOTOS-NO-SISTEMA-NOVO-54_2024-09-18_18-42-40_png_2024-09-18_18-42-40.webp.webp?fit=1200%2C675&ssl=1&resize=350%2C200 1x, https:\/\/i0.wp.com\/ismaelcolosi.com.br\/wp-content\/uploads\/2024\/09\/Copia-de-Copia-de-Copia-de-TAMANHO-EXATO-PARA-FOTOS-NO-SISTEMA-NOVO-54_2024-09-18_18-42-40_png_2024-09-18_18-42-40.webp.webp?fit=1200%2C675&ssl=1&resize=525%2C300 1.5x, https:\/\/i0.wp.com\/ismaelcolosi.com.br\/wp-content\/uploads\/2024\/09\/Copia-de-Copia-de-Copia-de-TAMANHO-EXATO-PARA-FOTOS-NO-SISTEMA-NOVO-54_2024-09-18_18-42-40_png_2024-09-18_18-42-40.webp.webp?fit=1200%2C675&ssl=1&resize=700%2C400 2x, https:\/\/i0.wp.com\/ismaelcolosi.com.br\/wp-content\/uploads\/2024\/09\/Copia-de-Copia-de-Copia-de-TAMANHO-EXATO-PARA-FOTOS-NO-SISTEMA-NOVO-54_2024-09-18_18-42-40_png_2024-09-18_18-42-40.webp.webp?fit=1200%2C675&ssl=1&resize=1050%2C600 3x"},"classes":[]},{"id":70280,"url":"https:\/\/ismaelcolosi.com.br\/index.php\/2024\/10\/10\/nadal-anuncia-aposentadoria-de-carreira-estelar-no-tenis\/","url_meta":{"origin":65391,"position":5},"title":"Nadal Anuncia Aposentadoria de Carreira Estelar no T\u00eanis","author":"ismaelcolosi.com.br","date":"10 de October de 2024","format":false,"excerpt":"Yves Herman\/ReutersRafael Nadal comemorando conquista do Aberto da Fran\u00e7a de 2022 em Roland Garros Acessibilidade L L A- A+ \u25d0 O espanhol Rafael Nadal, que ganhou 22 t\u00edtulos de simples do Grand Slam, anunciou nesta quinta-feira (10) que est\u00e1 colocando um ponto final em sua carreira, uma decis\u00e3o que ter\u00e1\u2026","rel":"","context":"In &quot;Carreira e Sucesso&quot;","block_context":{"text":"Carreira e Sucesso","link":"https:\/\/ismaelcolosi.com.br\/index.php\/category\/carreira-e-sucesso-dicas-para-carreira\/"},"img":{"alt_text":"","src":"https:\/\/i0.wp.com\/ismaelcolosi.com.br\/wp-content\/uploads\/2024\/10\/life-nadal-1024x683.jpg?fit=1024%2C683&ssl=1&resize=350%2C200","width":350,"height":200,"srcset":"https:\/\/i0.wp.com\/ismaelcolosi.com.br\/wp-content\/uploads\/2024\/10\/life-nadal-1024x683.jpg?fit=1024%2C683&ssl=1&resize=350%2C200 1x, https:\/\/i0.wp.com\/ismaelcolosi.com.br\/wp-content\/uploads\/2024\/10\/life-nadal-1024x683.jpg?fit=1024%2C683&ssl=1&resize=525%2C300 1.5x, https:\/\/i0.wp.com\/ismaelcolosi.com.br\/wp-content\/uploads\/2024\/10\/life-nadal-1024x683.jpg?fit=1024%2C683&ssl=1&resize=700%2C400 2x"},"classes":[]}],"jetpack_sharing_enabled":true,"jetpack_shortlink":"https:\/\/wp.me\/pfMlyK-h0H","_links":{"self":[{"href":"https:\/\/ismaelcolosi.com.br\/index.php\/wp-json\/wp\/v2\/posts\/65391","targetHints":{"allow":["GET"]}}],"collection":[{"href":"https:\/\/ismaelcolosi.com.br\/index.php\/wp-json\/wp\/v2\/posts"}],"about":[{"href":"https:\/\/ismaelcolosi.com.br\/index.php\/wp-json\/wp\/v2\/types\/post"}],"author":[{"embeddable":true,"href":"https:\/\/ismaelcolosi.com.br\/index.php\/wp-json\/wp\/v2\/users\/1"}],"replies":[{"embeddable":true,"href":"https:\/\/ismaelcolosi.com.br\/index.php\/wp-json\/wp\/v2\/comments?post=65391"}],"version-history":[{"count":0,"href":"https:\/\/ismaelcolosi.com.br\/index.php\/wp-json\/wp\/v2\/posts\/65391\/revisions"}],"wp:featuredmedia":[{"embeddable":true,"href":"https:\/\/ismaelcolosi.com.br\/index.php\/wp-json\/wp\/v2\/media\/65392"}],"wp:attachment":[{"href":"https:\/\/ismaelcolosi.com.br\/index.php\/wp-json\/wp\/v2\/media?parent=65391"}],"wp:term":[{"taxonomy":"category","embeddable":true,"href":"https:\/\/ismaelcolosi.com.br\/index.php\/wp-json\/wp\/v2\/categories?post=65391"},{"taxonomy":"post_tag","embeddable":true,"href":"https:\/\/ismaelcolosi.com.br\/index.php\/wp-json\/wp\/v2\/tags?post=65391"}],"curies":[{"name":"wp","href":"https:\/\/api.w.org\/{rel}","templated":true}]}}