{"id":65358,"date":"2024-09-11T22:45:47","date_gmt":"2024-09-12T01:45:47","guid":{"rendered":"https:\/\/ismaelcolosi.com.br\/index.php\/2024\/09\/11\/entenda-o-que-e-a-chuva-preta-que-pode-atingir-o-interior-de-sp\/"},"modified":"2024-09-11T22:45:47","modified_gmt":"2024-09-12T01:45:47","slug":"entenda-o-que-e-a-chuva-preta-que-pode-atingir-o-interior-de-sp","status":"publish","type":"post","link":"https:\/\/ismaelcolosi.com.br\/index.php\/2024\/09\/11\/entenda-o-que-e-a-chuva-preta-que-pode-atingir-o-interior-de-sp\/","title":{"rendered":"Entenda o que \u00e9 a chuva preta que pode atingir o interior de SP"},"content":{"rendered":"<p> <br \/>\n<\/p>\n<div>\n<p>Uma nova<strong> frente fria<\/strong> chegou ao Rio Grande do Sul nesta quarta-feira (11) e, conforme os <strong>meteorologistas<\/strong>, deve atingir o <strong>estado de SP <\/strong>nos pr\u00f3ximos dias. <span style=\"background-color:#f7cc62\" class=\"td_text_highlight_marker\"><mark style=\"background-color:rgba(0, 0, 0, 0)\" class=\"has-inline-color has-black-color\">Isso pode provocar um <strong>al\u00edvio tempor\u00e1rio nas altas temperaturas<\/strong> e <strong>chuva preta<\/strong> \u2013 entenda baixo.<\/mark><\/span><\/p>\n<p>Os <strong>ventos <\/strong>ganham um pouco mais de <strong>intensidade <\/strong>devido \u00e0 circula\u00e7\u00e3o atmosf\u00e9rica pelo interior do pa\u00eds, inclusive no <strong>interior de SP<\/strong>. Contudo, podem favorecer o espalhamento dos <strong>focos de queimada<\/strong>.<\/p>\n<h2 class=\"wp-block-heading\"><strong>O que \u00e9 a chuva preta que pode atingir o interior de SP?<\/strong><\/h2>\n<p>Conforme explica\u00e7\u00e3o da <strong><a href=\"https:\/\/www.climatempo.com.br\/\" target=\"_blank\" rel=\"noreferrer noopener\">Climatempo<\/a><\/strong>, <span style=\"background-color:#f7cc62\" class=\"td_text_highlight_marker\"><mark style=\"background-color:rgba(0, 0, 0, 0)\" class=\"has-inline-color has-black-color\">a <strong>chuva preta<\/strong> ocorre quando a <strong>fuligem das queimadas se mistura \u00e0s gotas de chuva<\/strong>.<\/mark><\/span> Isso resulta em <strong>precipita\u00e7\u00f5es carregadas de part\u00edculas escuras<\/strong> \u2013 veja o v\u00eddeo explicativo abaixo.<\/p>\n<p>Esse fen\u00f4meno, comum em <strong>\u00e1reas afetadas por inc\u00eandios<\/strong> e poder\u00e1 ser observado nos pr\u00f3ximos dias, principalmente no <strong>Sul <\/strong>e <strong>Sudeste do Brasil<\/strong>, onde a <strong>fuma\u00e7a <\/strong>e as <strong>chuvas <\/strong>se encontram.<\/p>\n<figure class=\"wp-block-pullquote\">\n<blockquote>\n<p>\u00a0N\u00f3s temos uma situa\u00e7\u00e3o muito excepcional de uma nuvem de fuma\u00e7a muito extensa e densa espalhada por quase todo o Brasil [\u2026] isso j\u00e1 aconteceu neste ano, em S\u00e3o Paulo e em v\u00e1rios outros locais, at\u00e9 mesmo no Sul do Brasil, e pode voltar a acontecer novamente nesses pr\u00f3ximos dias<\/p>\n<p><cite> Jos\u00e9lia Pegorim, meteorologista da Climatempo<\/cite><\/p><\/blockquote>\n<\/figure>\n<p>Ainda segundo a meteorologista <strong>Jos\u00e9lia Pegorim<\/strong>, cidades do Norte do <strong>Uruguai <\/strong>j\u00e1 come\u00e7aram a registrar <strong>chuva preta<\/strong> nesta quarta-feira, devido \u00e0 chegada dessa <strong>nova frente fria<\/strong>.<\/p>\n<p>O fen\u00f4meno vai se deslocar pelo Sul do Brasil em dire\u00e7\u00e3o ao <strong>estado de S\u00e3o Paulo<\/strong> nos pr\u00f3ximos dias e, conforme a meteorologista, <span style=\"background-color:#f7cc62\" class=\"td_text_highlight_marker\"><mark style=\"background-color:rgba(0, 0, 0, 0)\" class=\"has-inline-color has-black-color\">pode provocar <strong>chuva preta<\/strong> na semana que vem<\/mark><\/span>.<\/p>\n<figure class=\"wp-block-pullquote\">\n<blockquote>\n<p>No pr\u00f3ximo final de semana esses eventos de chuva preta podem voltar a ser observados na grande S\u00e3o Paulo e em outras \u00e1reas pelo interior do Estado de S\u00e3o Paulo, e tamb\u00e9m em \u00e1reas do Mato Grosso do Sul<\/p>\n<p><cite> Jos\u00e9lia Pegorim, meteorologista da Climatempo<\/cite><\/p><\/blockquote>\n<\/figure>\n<h3 class=\"wp-block-heading\"><strong>Previs\u00e3o estendida para Ribeir\u00e3o Preto<\/strong><\/h3>\n<p>A previs\u00e3o estendida da <strong>Climatempo <\/strong>diz que a partir do dia <strong>21 de setembro<\/strong>, existe a chance de a <strong>chuva <\/strong>atingir <strong>Ribeir\u00e3o Preto<\/strong>. Por\u00e9m, as <strong>temperaturas <\/strong>continuam <strong>elevadas<\/strong>. Confira:<\/p>\n<figure class=\"wp-block-image size-full is-resized\"><img data-recalc-dims=\"1\" loading=\"lazy\" decoding=\"async\" src=\"https:\/\/i0.wp.com\/www.acidadeon.com\/ribeiraopreto\/wp-content\/uploads\/sites\/3\/2024\/09\/climatempo-previsao-estendida_2024-09-12_00-32-47_png_2024-09-12_00-32-47.webp?resize=504%2C469&#038;ssl=1\" alt=\"\" class=\"wp-image-93100\" width=\"504\" height=\"469\"\/><figcaption class=\"wp-element-caption\">Previs\u00e3o estendida da Climatempo. (Foto: reprodu\u00e7\u00e3o\/ Climatempo) <\/figcaption><\/figure>\n<h4 class=\"wp-block-heading\"><strong>Qualidade do ar vai melhorar?<\/strong><\/h4>\n<p>Ainda de acordo com a previs\u00e3o do servi\u00e7o de meteorologia, o <strong>avan\u00e7o da frente fria<\/strong> ajudar\u00e1 a limpar a atmosfera no Sul do pa\u00eds, contudo, redirecionar\u00e1 e concentrar\u00e1 a <strong>fuma\u00e7a <\/strong>nas regi\u00f5es <strong>Sudeste <\/strong>e <strong>Centro-Oeste<\/strong>.<\/p>\n<p>\u201cInfelizmente, n\u00e3o h\u00e1 uma previs\u00e3o concreta de melhora significativa na qualidade do ar, j\u00e1 que as queimadas devem continuar intensas\u201d, explicou a Climatempo.<\/p>\n<blockquote class=\"instagram-media\" data-instgrm-permalink=\"https:\/\/www.instagram.com\/reel\/C_zEZ3bu3ou\/?utm_source=ig_embed&amp;utm_campaign=loading\" data-instgrm-version=\"14\" style=\" background:#FFF; border:0; border-radius:3px; box-shadow:0 0 1px 0 rgba(0,0,0,0.5),0 1px 10px 0 rgba(0,0,0,0.15); margin: 1px; max-width:540px; min-width:326px; padding:0; width:99.375%; width:-webkit-calc(100% - 2px); width:calc(100% - 2px);\"\/>\n<hr class=\"wp-block-separator has-alpha-channel-opacity\"\/>\n<p>SAIBA MAIS<\/p>\n<p>Suspeito de ataque a carro-forte j\u00e1 foi preso com arsenal de guerra<\/p>\n<h4 class=\"wp-block-heading\"><strong>FIQUE ON<\/strong><\/h4>\n<p>Fique ligado em tudo que acontece em Ribeir\u00e3o Preto e regi\u00e3o. Siga os perfis do\u00a0<strong>acidade on<\/strong>\u00a0no\u00a0<a href=\"https:\/\/www.instagram.com\/acidadeonribeirao\" target=\"_blank\" rel=\"noreferrer noopener\">Instagram<\/a>\u00a0e no\u00a0<a href=\"https:\/\/www.facebook.com\/acidadeonribeirao\/\" target=\"_blank\" rel=\"noreferrer noopener\">Facebook<\/a>.<\/p>\n<p>Receba not\u00edcias do<strong>\u00a0acidade on<\/strong>\u00a0no WhatsApp.\u00a0<a href=\"https:\/\/chat.whatsapp.com\/Dtv9mxhy6V5BJBotM2OQ5k\" target=\"_blank\" rel=\"noreferrer noopener\">Para entrar no grupo, basta clicar aqui.<\/a><\/p>\n<p>Fa\u00e7a uma den\u00fancia ou sugira uma reportagem sobre Ribeir\u00e3o Preto e regi\u00e3o pelo WhatsApp: 16 99117 7802.<\/p>\n<p>VEJA TAMB\u00c9M<\/p>\n<p>Seu celular grava suas conversas?<\/p>\n<p><!-- CONTENT END 1 -->\n<\/div>\n<p><script async src=\"\/\/www.instagram.com\/embed.js\"><\/script><br \/>\n<br \/><br \/>\n<br \/><a href=\"https:\/\/www.acidadeon.com\/ribeiraopreto\/cotidiano\/entenda-o-que-e-a-chuva-preta-que-pode-atingir-o-interior-de-sp\/\">Source link <\/a><\/p>\n","protected":false},"excerpt":{"rendered":"<p>Uma nova frente fria chegou ao Rio Grande do Sul nesta quarta-feira (11) e, conforme os meteorologistas, deve atingir o estado de SP nos pr\u00f3ximos&#8230;<\/p>\n","protected":false},"author":1,"featured_media":65359,"comment_status":"open","ping_status":"open","sticky":false,"template":"","format":"standard","meta":{"_uag_custom_page_level_css":"","advanced_seo_description":"","jetpack_seo_html_title":"","jetpack_seo_noindex":false,"jetpack_post_was_ever_published":false,"_jetpack_newsletter_access":"","_jetpack_dont_email_post_to_subs":false,"_jetpack_newsletter_tier_id":0,"_jetpack_memberships_contains_paywalled_content":false,"_jetpack_memberships_contains_paid_content":false,"footnotes":"","jetpack_publicize_message":"","jetpack_publicize_feature_enabled":true,"jetpack_social_post_already_shared":true,"jetpack_social_options":{"image_generator_settings":{"template":"highway","default_image_id":0,"font":"","enabled":false},"version":2}},"categories":[11],"tags":[],"class_list":["post-65358","post","type-post","status-publish","format-standard","has-post-thumbnail","hentry","category-noticias-de-ribeirao-preto-sp-e-regiao-ismael-colosi"],"jetpack_publicize_connections":[],"jetpack_featured_media_url":"https:\/\/i0.wp.com\/ismaelcolosi.com.br\/wp-content\/uploads\/2024\/09\/chuva_guardachuva_500x320_12022019150254.jpg?fit=500%2C322&ssl=1","uagb_featured_image_src":{"full":["https:\/\/i0.wp.com\/ismaelcolosi.com.br\/wp-content\/uploads\/2024\/09\/chuva_guardachuva_500x320_12022019150254.jpg?fit=500%2C322&ssl=1",500,322,false],"thumbnail":["https:\/\/i0.wp.com\/ismaelcolosi.com.br\/wp-content\/uploads\/2024\/09\/chuva_guardachuva_500x320_12022019150254.jpg?resize=150%2C150&ssl=1",150,150,true],"medium":["https:\/\/i0.wp.com\/ismaelcolosi.com.br\/wp-content\/uploads\/2024\/09\/chuva_guardachuva_500x320_12022019150254.jpg?fit=300%2C193&ssl=1",300,193,true],"medium_large":["https:\/\/i0.wp.com\/ismaelcolosi.com.br\/wp-content\/uploads\/2024\/09\/chuva_guardachuva_500x320_12022019150254.jpg?fit=500%2C322&ssl=1",500,322,true],"large":["https:\/\/i0.wp.com\/ismaelcolosi.com.br\/wp-content\/uploads\/2024\/09\/chuva_guardachuva_500x320_12022019150254.jpg?fit=500%2C322&ssl=1",500,322,true],"1536x1536":["https:\/\/i0.wp.com\/ismaelcolosi.com.br\/wp-content\/uploads\/2024\/09\/chuva_guardachuva_500x320_12022019150254.jpg?fit=500%2C322&ssl=1",500,322,true],"2048x2048":["https:\/\/i0.wp.com\/ismaelcolosi.com.br\/wp-content\/uploads\/2024\/09\/chuva_guardachuva_500x320_12022019150254.jpg?fit=500%2C322&ssl=1",500,322,true],"really-simple-thumb":["https:\/\/i0.wp.com\/ismaelcolosi.com.br\/wp-content\/uploads\/2024\/09\/chuva_guardachuva_500x320_12022019150254.jpg?resize=370%2C247&ssl=1",370,247,true]},"uagb_author_info":{"display_name":"ismaelcolosi.com.br","author_link":"https:\/\/ismaelcolosi.com.br\/index.php\/author\/vidareal-online\/"},"uagb_comment_info":0,"uagb_excerpt":"Uma nova frente fria chegou ao Rio Grande do Sul nesta quarta-feira (11) e, conforme os meteorologistas, deve atingir o estado de SP nos pr\u00f3ximos...","jetpack-related-posts":[{"id":65097,"url":"https:\/\/ismaelcolosi.com.br\/index.php\/2024\/09\/10\/frente-fria-se-aproxima-e-deve-trazer-chuva-preta-ao-interior-de-sp-veja-previsao\/","url_meta":{"origin":65358,"position":0},"title":"Frente fria se aproxima e deve trazer chuva preta ao interior de SP; Veja previs\u00e3o","author":"ismaelcolosi.com.br","date":"10 de September de 2024","format":false,"excerpt":"Uma nova frente fria se desloca em dire\u00e7\u00e3o \u00e0 regi\u00e3o central do pa\u00eds nesta semana e pode provocar chuva preta em diversas regi\u00f5es do interior de S\u00e3o Paulo. Conforme a meteorologia, esse sistema pode trazer um al\u00edvio tempor\u00e1rio para algumas regi\u00f5es afetadas pelo calor extremo e fuma\u00e7a densa, contudo, n\u00e3o\u2026","rel":"","context":"In &quot;Not\u00edcias de Ribeir\u00e3o Preto-SP e Regi\u00e3o&quot;","block_context":{"text":"Not\u00edcias de Ribeir\u00e3o Preto-SP e Regi\u00e3o","link":"https:\/\/ismaelcolosi.com.br\/index.php\/category\/noticias-de-ribeirao-preto-sp-e-regiao-ismael-colosi\/"},"img":{"alt_text":"","src":"https:\/\/i0.wp.com\/ismaelcolosi.com.br\/wp-content\/uploads\/2024\/08\/NUVEM-POEIRA_2024-08-24_20-57-24_jpg_2024-08-24_20-57-24.webp.webp?fit=1200%2C913&ssl=1&resize=350%2C200","width":350,"height":200,"srcset":"https:\/\/i0.wp.com\/ismaelcolosi.com.br\/wp-content\/uploads\/2024\/08\/NUVEM-POEIRA_2024-08-24_20-57-24_jpg_2024-08-24_20-57-24.webp.webp?fit=1200%2C913&ssl=1&resize=350%2C200 1x, https:\/\/i0.wp.com\/ismaelcolosi.com.br\/wp-content\/uploads\/2024\/08\/NUVEM-POEIRA_2024-08-24_20-57-24_jpg_2024-08-24_20-57-24.webp.webp?fit=1200%2C913&ssl=1&resize=525%2C300 1.5x, https:\/\/i0.wp.com\/ismaelcolosi.com.br\/wp-content\/uploads\/2024\/08\/NUVEM-POEIRA_2024-08-24_20-57-24_jpg_2024-08-24_20-57-24.webp.webp?fit=1200%2C913&ssl=1&resize=700%2C400 2x, https:\/\/i0.wp.com\/ismaelcolosi.com.br\/wp-content\/uploads\/2024\/08\/NUVEM-POEIRA_2024-08-24_20-57-24_jpg_2024-08-24_20-57-24.webp.webp?fit=1200%2C913&ssl=1&resize=1050%2C600 3x"},"classes":[]},{"id":65738,"url":"https:\/\/ismaelcolosi.com.br\/index.php\/2024\/09\/13\/veja-quando-ha-previsao-de-chuva-para-o-interior-de-sp\/","url_meta":{"origin":65358,"position":1},"title":"Veja quando h\u00e1 previs\u00e3o de chuva para o interior de SP","author":"ismaelcolosi.com.br","date":"13 de September de 2024","format":false,"excerpt":"A chegada de uma frente fria a partir deste fim de semana pode trazer chuva para o interior de S\u00e3o Paulo. Segundo a Climatempo, a virada no tempo est\u00e1 prevista para acontecer entre domingo (15) e segunda-feira (16). Contudo, a chuva ainda deve demorar alguns dias para chegar em Ribeir\u00e3o\u2026","rel":"","context":"In &quot;Not\u00edcias de Ribeir\u00e3o Preto-SP e Regi\u00e3o&quot;","block_context":{"text":"Not\u00edcias de Ribeir\u00e3o Preto-SP e Regi\u00e3o","link":"https:\/\/ismaelcolosi.com.br\/index.php\/category\/noticias-de-ribeirao-preto-sp-e-regiao-ismael-colosi\/"},"img":{"alt_text":"","src":"https:\/\/i0.wp.com\/ismaelcolosi.com.br\/wp-content\/uploads\/2024\/09\/WhatsApp-Image-2023-12-23-at-18.39.14.jpeg?fit=1200%2C844&ssl=1&resize=350%2C200","width":350,"height":200,"srcset":"https:\/\/i0.wp.com\/ismaelcolosi.com.br\/wp-content\/uploads\/2024\/09\/WhatsApp-Image-2023-12-23-at-18.39.14.jpeg?fit=1200%2C844&ssl=1&resize=350%2C200 1x, https:\/\/i0.wp.com\/ismaelcolosi.com.br\/wp-content\/uploads\/2024\/09\/WhatsApp-Image-2023-12-23-at-18.39.14.jpeg?fit=1200%2C844&ssl=1&resize=525%2C300 1.5x, https:\/\/i0.wp.com\/ismaelcolosi.com.br\/wp-content\/uploads\/2024\/09\/WhatsApp-Image-2023-12-23-at-18.39.14.jpeg?fit=1200%2C844&ssl=1&resize=700%2C400 2x, https:\/\/i0.wp.com\/ismaelcolosi.com.br\/wp-content\/uploads\/2024\/09\/WhatsApp-Image-2023-12-23-at-18.39.14.jpeg?fit=1200%2C844&ssl=1&resize=1050%2C600 3x"},"classes":[]},{"id":65451,"url":"https:\/\/ismaelcolosi.com.br\/index.php\/2024\/09\/12\/receita-federal-apreende-mais-de-110-kg-de-cigarros-eletronicos-em-ribeirao\/","url_meta":{"origin":65358,"position":2},"title":"Receita Federal apreende mais de 110 kg de cigarros eletr\u00f4nicos em Ribeir\u00e3o","author":"ismaelcolosi.com.br","date":"12 de September de 2024","format":false,"excerpt":"A Equipe de Vigil\u00e2ncia e Repress\u00e3o (EVR) da Receita Federal, em Ribeir\u00e3o Preto, apreendeu na quarta-feira (11), mais de 110 kg de cigarros eletr\u00f4nicos. A produ\u00e7\u00e3o e comercializa\u00e7\u00e3o desses produtos \u00e9 proibida pela Ag\u00eancia Nacional de Vigil\u00e2ncia Sanit\u00e1ria (Anvisa). A opera\u00e7\u00e3o aconteceu em uma transportadora de Ribeir\u00e3o Preto. Foram apreendidos\u2026","rel":"","context":"In &quot;Not\u00edcias de Ribeir\u00e3o Preto-SP e Regi\u00e3o&quot;","block_context":{"text":"Not\u00edcias de Ribeir\u00e3o Preto-SP e Regi\u00e3o","link":"https:\/\/ismaelcolosi.com.br\/index.php\/category\/noticias-de-ribeirao-preto-sp-e-regiao-ismael-colosi\/"},"img":{"alt_text":"","src":"https:\/\/i0.wp.com\/ismaelcolosi.com.br\/wp-content\/uploads\/2024\/09\/Copia-de-Copia-de-Copia-de-TAMANHO-EXATO-PARA-FOTOS-NO-SISTEMA-NOVO-13_2024-09-12_13-44-45_png_2024-09-12_13-44-45.webp.webp?fit=1200%2C675&ssl=1&resize=350%2C200","width":350,"height":200,"srcset":"https:\/\/i0.wp.com\/ismaelcolosi.com.br\/wp-content\/uploads\/2024\/09\/Copia-de-Copia-de-Copia-de-TAMANHO-EXATO-PARA-FOTOS-NO-SISTEMA-NOVO-13_2024-09-12_13-44-45_png_2024-09-12_13-44-45.webp.webp?fit=1200%2C675&ssl=1&resize=350%2C200 1x, https:\/\/i0.wp.com\/ismaelcolosi.com.br\/wp-content\/uploads\/2024\/09\/Copia-de-Copia-de-Copia-de-TAMANHO-EXATO-PARA-FOTOS-NO-SISTEMA-NOVO-13_2024-09-12_13-44-45_png_2024-09-12_13-44-45.webp.webp?fit=1200%2C675&ssl=1&resize=525%2C300 1.5x, https:\/\/i0.wp.com\/ismaelcolosi.com.br\/wp-content\/uploads\/2024\/09\/Copia-de-Copia-de-Copia-de-TAMANHO-EXATO-PARA-FOTOS-NO-SISTEMA-NOVO-13_2024-09-12_13-44-45_png_2024-09-12_13-44-45.webp.webp?fit=1200%2C675&ssl=1&resize=700%2C400 2x, https:\/\/i0.wp.com\/ismaelcolosi.com.br\/wp-content\/uploads\/2024\/09\/Copia-de-Copia-de-Copia-de-TAMANHO-EXATO-PARA-FOTOS-NO-SISTEMA-NOVO-13_2024-09-12_13-44-45_png_2024-09-12_13-44-45.webp.webp?fit=1200%2C675&ssl=1&resize=1050%2C600 3x"},"classes":[]},{"id":58072,"url":"https:\/\/ismaelcolosi.com.br\/index.php\/2024\/07\/26\/saiba-locais-que-a-frente-fria-vai-atingir-no-interior-de-sp-na-proxima-semana\/","url_meta":{"origin":65358,"position":3},"title":"Saiba locais que a frente fria vai atingir no interior de SP na pr\u00f3xima semana","author":"ismaelcolosi.com.br","date":"26 de July de 2024","format":false,"excerpt":"A frente fria que chega ao estado na pr\u00f3xima semana deve derrubar as temperaturas no interior de S\u00e3o Paulo a partir de ter\u00e7a-feira (30), de acordo com a Climatempo. Contudo, \u00e9 de apenas 1% a possibilidade de chuva em Ribeir\u00e3o Preto. O site especializado Meteored aponta que a parte leste\u2026","rel":"","context":"In &quot;Not\u00edcias de Ribeir\u00e3o Preto-SP e Regi\u00e3o&quot;","block_context":{"text":"Not\u00edcias de Ribeir\u00e3o Preto-SP e Regi\u00e3o","link":"https:\/\/ismaelcolosi.com.br\/index.php\/category\/noticias-de-ribeirao-preto-sp-e-regiao-ismael-colosi\/"},"img":{"alt_text":"","src":"https:\/\/i0.wp.com\/ismaelcolosi.com.br\/wp-content\/uploads\/2024\/07\/WhatsApp-Image-2024-02-21-at-07.07.05.jpeg?fit=1200%2C623&ssl=1&resize=350%2C200","width":350,"height":200,"srcset":"https:\/\/i0.wp.com\/ismaelcolosi.com.br\/wp-content\/uploads\/2024\/07\/WhatsApp-Image-2024-02-21-at-07.07.05.jpeg?fit=1200%2C623&ssl=1&resize=350%2C200 1x, https:\/\/i0.wp.com\/ismaelcolosi.com.br\/wp-content\/uploads\/2024\/07\/WhatsApp-Image-2024-02-21-at-07.07.05.jpeg?fit=1200%2C623&ssl=1&resize=525%2C300 1.5x, https:\/\/i0.wp.com\/ismaelcolosi.com.br\/wp-content\/uploads\/2024\/07\/WhatsApp-Image-2024-02-21-at-07.07.05.jpeg?fit=1200%2C623&ssl=1&resize=700%2C400 2x, https:\/\/i0.wp.com\/ismaelcolosi.com.br\/wp-content\/uploads\/2024\/07\/WhatsApp-Image-2024-02-21-at-07.07.05.jpeg?fit=1200%2C623&ssl=1&resize=1050%2C600 3x"},"classes":[]},{"id":65799,"url":"https:\/\/ismaelcolosi.com.br\/index.php\/2024\/09\/13\/rajadas-de-vento-de-ate-65-km-h-podem-atingir-o-interior-de-sp-veja-regioes\/","url_meta":{"origin":65358,"position":4},"title":"Rajadas de vento de at\u00e9 65 km\/h podem atingir o interior de SP; Veja regi\u00f5es","author":"ismaelcolosi.com.br","date":"13 de September de 2024","format":false,"excerpt":"A Defesa Civil do Estado de S\u00e3o Paulo alertou para a possibilidade de rajadas de vento de at\u00e9 65 km\/h no interior paulista. O comunicado foi realizado no come\u00e7o da noite desta sexta-feira (13) e \u00e9 v\u00e1lido para todo o final de semana \u2013 veja abaixo as cidades afetadas pelas\u2026","rel":"","context":"In &quot;Not\u00edcias de Ribeir\u00e3o Preto-SP e Regi\u00e3o&quot;","block_context":{"text":"Not\u00edcias de Ribeir\u00e3o Preto-SP e Regi\u00e3o","link":"https:\/\/ismaelcolosi.com.br\/index.php\/category\/noticias-de-ribeirao-preto-sp-e-regiao-ismael-colosi\/"},"img":{"alt_text":"","src":"https:\/\/i0.wp.com\/ismaelcolosi.com.br\/wp-content\/uploads\/2024\/09\/NY_1764_2024-08-24_20-32-38_jpg_2024-08-24_20-32-39-1068x712-1_2024-09-13_21-37-09.webp.webp?fit=1068%2C712&ssl=1&resize=350%2C200","width":350,"height":200,"srcset":"https:\/\/i0.wp.com\/ismaelcolosi.com.br\/wp-content\/uploads\/2024\/09\/NY_1764_2024-08-24_20-32-38_jpg_2024-08-24_20-32-39-1068x712-1_2024-09-13_21-37-09.webp.webp?fit=1068%2C712&ssl=1&resize=350%2C200 1x, https:\/\/i0.wp.com\/ismaelcolosi.com.br\/wp-content\/uploads\/2024\/09\/NY_1764_2024-08-24_20-32-38_jpg_2024-08-24_20-32-39-1068x712-1_2024-09-13_21-37-09.webp.webp?fit=1068%2C712&ssl=1&resize=525%2C300 1.5x, https:\/\/i0.wp.com\/ismaelcolosi.com.br\/wp-content\/uploads\/2024\/09\/NY_1764_2024-08-24_20-32-38_jpg_2024-08-24_20-32-39-1068x712-1_2024-09-13_21-37-09.webp.webp?fit=1068%2C712&ssl=1&resize=700%2C400 2x, https:\/\/i0.wp.com\/ismaelcolosi.com.br\/wp-content\/uploads\/2024\/09\/NY_1764_2024-08-24_20-32-38_jpg_2024-08-24_20-32-39-1068x712-1_2024-09-13_21-37-09.webp.webp?fit=1068%2C712&ssl=1&resize=1050%2C600 3x"},"classes":[]},{"id":65984,"url":"https:\/\/ismaelcolosi.com.br\/index.php\/2024\/09\/15\/interior-de-sp-tem-alerta-de-tempestade-veja-previsao-para-ribeirao\/","url_meta":{"origin":65358,"position":5},"title":"Interior de SP tem alerta de tempestade; Veja previs\u00e3o para Ribeir\u00e3o","author":"ismaelcolosi.com.br","date":"15 de September de 2024","format":false,"excerpt":"Um novo alerta foi emitido para o interior de S\u00e3o Paulo neste domingo (15). De acordo com o Instituto Nacional de Meteorologia (Inmet), chuva entre 20 e 30 mm\/h ou at\u00e9 50 mm\/dia podem acontecer no interior de S\u00e3o Paulo. Em Ribeir\u00e3o Preto, a chuva n\u00e3o deve chegar hoje. Segundo\u2026","rel":"","context":"In &quot;Not\u00edcias de Ribeir\u00e3o Preto-SP e Regi\u00e3o&quot;","block_context":{"text":"Not\u00edcias de Ribeir\u00e3o Preto-SP e Regi\u00e3o","link":"https:\/\/ismaelcolosi.com.br\/index.php\/category\/noticias-de-ribeirao-preto-sp-e-regiao-ismael-colosi\/"},"img":{"alt_text":"","src":"https:\/\/i0.wp.com\/ismaelcolosi.com.br\/wp-content\/uploads\/2024\/09\/Copia-de-Copia-de-Copia-de-TAMANHO-EXATO-PARA-FOTOS-NO-SISTEMA-NOVO-18_2024-09-15_12-35-12_png_2024-09-15_12-35-12.webp.webp?fit=1200%2C675&ssl=1&resize=350%2C200","width":350,"height":200,"srcset":"https:\/\/i0.wp.com\/ismaelcolosi.com.br\/wp-content\/uploads\/2024\/09\/Copia-de-Copia-de-Copia-de-TAMANHO-EXATO-PARA-FOTOS-NO-SISTEMA-NOVO-18_2024-09-15_12-35-12_png_2024-09-15_12-35-12.webp.webp?fit=1200%2C675&ssl=1&resize=350%2C200 1x, https:\/\/i0.wp.com\/ismaelcolosi.com.br\/wp-content\/uploads\/2024\/09\/Copia-de-Copia-de-Copia-de-TAMANHO-EXATO-PARA-FOTOS-NO-SISTEMA-NOVO-18_2024-09-15_12-35-12_png_2024-09-15_12-35-12.webp.webp?fit=1200%2C675&ssl=1&resize=525%2C300 1.5x, https:\/\/i0.wp.com\/ismaelcolosi.com.br\/wp-content\/uploads\/2024\/09\/Copia-de-Copia-de-Copia-de-TAMANHO-EXATO-PARA-FOTOS-NO-SISTEMA-NOVO-18_2024-09-15_12-35-12_png_2024-09-15_12-35-12.webp.webp?fit=1200%2C675&ssl=1&resize=700%2C400 2x, https:\/\/i0.wp.com\/ismaelcolosi.com.br\/wp-content\/uploads\/2024\/09\/Copia-de-Copia-de-Copia-de-TAMANHO-EXATO-PARA-FOTOS-NO-SISTEMA-NOVO-18_2024-09-15_12-35-12_png_2024-09-15_12-35-12.webp.webp?fit=1200%2C675&ssl=1&resize=1050%2C600 3x"},"classes":[]}],"jetpack_sharing_enabled":true,"jetpack_shortlink":"https:\/\/wp.me\/pfMlyK-h0a","_links":{"self":[{"href":"https:\/\/ismaelcolosi.com.br\/index.php\/wp-json\/wp\/v2\/posts\/65358","targetHints":{"allow":["GET"]}}],"collection":[{"href":"https:\/\/ismaelcolosi.com.br\/index.php\/wp-json\/wp\/v2\/posts"}],"about":[{"href":"https:\/\/ismaelcolosi.com.br\/index.php\/wp-json\/wp\/v2\/types\/post"}],"author":[{"embeddable":true,"href":"https:\/\/ismaelcolosi.com.br\/index.php\/wp-json\/wp\/v2\/users\/1"}],"replies":[{"embeddable":true,"href":"https:\/\/ismaelcolosi.com.br\/index.php\/wp-json\/wp\/v2\/comments?post=65358"}],"version-history":[{"count":0,"href":"https:\/\/ismaelcolosi.com.br\/index.php\/wp-json\/wp\/v2\/posts\/65358\/revisions"}],"wp:featuredmedia":[{"embeddable":true,"href":"https:\/\/ismaelcolosi.com.br\/index.php\/wp-json\/wp\/v2\/media\/65359"}],"wp:attachment":[{"href":"https:\/\/ismaelcolosi.com.br\/index.php\/wp-json\/wp\/v2\/media?parent=65358"}],"wp:term":[{"taxonomy":"category","embeddable":true,"href":"https:\/\/ismaelcolosi.com.br\/index.php\/wp-json\/wp\/v2\/categories?post=65358"},{"taxonomy":"post_tag","embeddable":true,"href":"https:\/\/ismaelcolosi.com.br\/index.php\/wp-json\/wp\/v2\/tags?post=65358"}],"curies":[{"name":"wp","href":"https:\/\/api.w.org\/{rel}","templated":true}]}}