{"id":65346,"date":"2024-09-11T20:26:02","date_gmt":"2024-09-11T23:26:02","guid":{"rendered":"https:\/\/ismaelcolosi.com.br\/index.php\/2024\/09\/11\/confira-o-que-joao-rocha-disse-na-entrevista-da-serie-entre-os-candidatos-a-prefeitura-de-franca\/"},"modified":"2024-09-11T20:26:02","modified_gmt":"2024-09-11T23:26:02","slug":"confira-o-que-joao-rocha-disse-na-entrevista-da-serie-entre-os-candidatos-a-prefeitura-de-franca","status":"publish","type":"post","link":"https:\/\/ismaelcolosi.com.br\/index.php\/2024\/09\/11\/confira-o-que-joao-rocha-disse-na-entrevista-da-serie-entre-os-candidatos-a-prefeitura-de-franca\/","title":{"rendered":"Confira o que Jo\u00e3o Rocha disse na entrevista da s\u00e9rie entre os candidatos \u00e0 Prefeitura de Franca"},"content":{"rendered":"<p> <br \/>\n<\/p>\n<div>\n<iframe loading=\"lazy\" title=\"Entrevista com o candidato \u00e0 Prefeitura de Franca Jo\u00e3o Rocha (PL)\" width=\"500\" height=\"375\" src=\"https:\/\/www.youtube.com\/embed\/M_CC-h1tZUc?feature=oembed\" frameborder=\"0\" allow=\"accelerometer; autoplay; clipboard-write; encrypted-media; gyroscope; picture-in-picture; web-share\" referrerpolicy=\"strict-origin-when-cross-origin\" allowfullscreen><\/iframe><\/p>\n<p>O<strong> acidade on Ribeir\u00e3o<\/strong> realiza nesta semana uma s\u00e9rie de entrevistas com os candidatos \u00e0 <strong>Prefeitura de Franca<\/strong> nas elei\u00e7\u00f5es 2024. Nesta quarta-feira (11) o entrevistado foi o <strong>empres\u00e1rio Jo\u00e3o Rocha (PL)<\/strong> \u2013 veja o player acima.<\/p>\n<p>A sequ\u00eancia de entrevistas foi definida por ordem alfab\u00e9tica. Cinco candidatos ser\u00e3o sabatinados por 12 minutos. No s\u00e1bado (14), o candidato ter\u00e1 8 minutos de entrevista ao vivo. Outros candidatos na disputa ter\u00e3o entrevistas de 2 minutos veiculadas.<\/p>\n<p><strong>Entre as propostas para a habita\u00e7\u00e3o, est\u00e1 a de desenvolver n\u00facleos habitacionais nos chamados vazios urbanos. Como seria isso e com quais recursos?<\/strong><\/p>\n<ul>\n<li>Essa proposta \u00e9 uma proposta simples e voc\u00ea vai ver que todas as nossas propostas de governo n\u00f3s estamos chamando sempre as parcerias de empres\u00e1rios, as parcerias de todas as institui\u00e7\u00f5es que possam estar envolvidas. J\u00e1 existe h\u00e1 muito tempo uma legisla\u00e7\u00e3o que n\u00f3s podemos mudar a destina\u00e7\u00e3o de \u00e1reas vazias na cidade. \u00c1reas que s\u00e3o ociosas, que est\u00e3o paradas. Franca, para quem n\u00e3o sabe, deve ter hoje cerca de vinte alqueires de \u00e1reas p\u00fablicas desocupadas, sujas, desleixadas e sem zeladoria. Essas \u00e1reas est\u00e3o dentro de bairros bons que podem o qu\u00ea? Serem transformadas em \u00e1reas que n\u00f3s podemos transformar, comercializar, chamar numa parceria o empres\u00e1rio que queira vir conosco. Para qu\u00ea? Para entender a necessidade, o anseio da casa pr\u00f3pria que hoje temos na nossa cidade. E vou dizer que j\u00e1 fizemos isso. Na \u00e9poca que eu era vice-prefeito e assumi a prefeitura algumas vezes, duas \u00e1reas n\u00f3s constru\u00edmos: uma no Jardim No\u00eamia e outra no Jardim Primavera. N\u00f3s constru\u00edmos nessas \u00e1reas cerca de 40 casas e entregamos essas casas com 60 dias. Ao inv\u00e9s de fazer um n\u00facleo habitacional de mil casas, que a primeira fica pronta hoje a \u00faltima com 6 anos, com 60 dias n\u00f3s vamos est\u00e1 entregando casas, chamando o empres\u00e1rio para participar conosco e dando ao pessoal que aspira a casa pr\u00f3pria a chance de morar bem e morar de forma digna.<\/li>\n<\/ul>\n<p><strong>O recurso, ent\u00e3o, viria da iniciativa privada?<\/strong><\/p>\n<ul>\n<li>Tamb\u00e9m, sim. A prefeitura disponibiliza, pode at\u00e9 vender as \u00e1reas, n\u00f3s temos empres\u00e1rios que querem investir na cidade. O que n\u00f3s precisamos \u00e9 chamar esse empres\u00e1rio, n\u00e3o podemos empurrar o empres\u00e1rio para fora, n\u00f3s temos que trazer o empres\u00e1rio para dentro. Esse \u00e9 o prop\u00f3sito nosso com o plano de governo.<\/li>\n<\/ul>\n<p><strong>Para a seguran\u00e7a p\u00fablica, o seu plano e governo cita \u201cpriorizar aten\u00e7\u00e3o \u00e0 microcriminalidade, geralmente associada ao tr\u00e1fico de drogas\u201d. Como seria? Quem seria o respons\u00e1vel por gerir essa a\u00e7\u00e3o?<\/strong><\/p>\n<ul>\n<li>E hoje j\u00e1 n\u00e3o \u00e9 em Franca, desculpa, a microcriminalidade. J\u00e1 virou macrocriminalidade. N\u00f3s temos visto l\u00e1 para todo lado assaltos de toda natureza, o pessoal do com\u00e9rcio central, das \u00e1reas onde n\u00f3s temos com\u00e9rcio. Temos comerciantes l\u00e1 que j\u00e1 foram assaltados seis, sete vezes num curto per\u00edodo. Ent\u00e3o n\u00f3s temos que reprimir isso, apertar a vadiagem, apertar a criminalidade, ir pra cima do pessoal da recepta\u00e7\u00e3o, porque o produto do crime ele s\u00f3 \u00e9 comercializado se algu\u00e9m receptar. Ent\u00e3o temos que apertar isso e n\u00e3o ter d\u00favida de fazer isso n\u00e3o. Por exemplo, no centro da cidade n\u00f3s temos uma \u00e1rea que \u00e9 ocupada hoje pela Esac, n\u00f3s vamos tirar a Esac de l\u00e1, para ficar num lugar decente e vamos por ali uma base da Pol\u00edcia Militar. O nosso centro virou um inferno. A popula\u00e7\u00e3o que convive ali j\u00e1 n\u00e3o vai mais a nossa pra\u00e7a central, os comerciantes n\u00e3o t\u00eam paz e n\u00e3o \u00e9 s\u00f3 l\u00e1 n\u00e3o, \u00e9 na esta\u00e7\u00e3o, \u00e9 na avenida Brasil, \u00e9 em todas as \u00e1reas que a vadiagem e a criminalidade est\u00e1 ampliando e n\u00f3s n\u00e3o temos d\u00favidas, vamos chamar o pessoal da Pol\u00edcia Militar, o comando, vamos melhorar as condi\u00e7\u00f5es da nossa Guarda Municipal e vamos apertar sim a vadiagem e a criminalidade.<\/li>\n<\/ul>\n<p><strong>A Guarda Municipal seria respons\u00e1vel por gerir esse combate \u00e0 criminalidade?<\/strong><\/p>\n<ul>\n<li>N\u00e3o, a gest\u00e3o seria uma gest\u00e3o conjunta, certo? Claro que n\u00f3s n\u00e3o podemos dispensar a a\u00e7\u00e3o da nossa Pol\u00edcia Civil, da nossa Pol\u00edcia Militar e, claro, somar com a nossa Guarda Municipal, um secretario de Seguran\u00e7a nosso que vai ter que falar a nossa linguagem e que vai ter que fazer aquilo que a cidade precisa que seja feito.<\/li>\n<\/ul>\n<p><strong>O seu plano de governo cita \u201cacolher, apoiar, e incentivar\u201d o programa de escolas c\u00edvico-militares, que por enquanto est\u00e1 suspenso no estado de S\u00e3o Paulo. Como seria isso na pr\u00e1tica?<\/strong><\/p>\n<ul>\n<li>Na verdade, teve um momento desses que o governo do estado, esse programa que voc\u00ea est\u00e1 dizendo suspenso, em que foi indicado a possibilidade de uma escola para Franca. E, eu vou dizer, \u00e9 um modelo de escola. E tudo que for educa\u00e7\u00e3o, para n\u00f3s que entendemos, eu que fui professor muito tempo, tudo que for educa\u00e7\u00e3o n\u00f3s queremos de trazer para Franca. Se ela for escola c\u00edvico-militar, se for escola religiosa, se for escola de qualquer natureza, se for educa\u00e7\u00e3o de qualidade e n\u00f3s pudermos oferecer para nossa popula\u00e7\u00e3o, n\u00f3s vamos buscar. Vamos somar esfor\u00e7os. Se n\u00f3s tivermos empres\u00e1rios da educa\u00e7\u00e3o, vamos dizer, particular, que queira estar trabalhando em Franca, por que n\u00e3o fazer? De toda natureza, n\u00f3s temos que trabalhar e claro, n\u00f3s temos o nosso funcion\u00e1rio publico, a nossa educa\u00e7\u00e3o pr\u00f3pria, a nossa creche e vamos olhar isso com carinho e incentivar os nossos professores e dar aos nossos alunos da nossa rede, o que? Uma melhor merenda, uma melhor condi\u00e7\u00e3o de escola para que n\u00f3s tenhamos no futuro uma popula\u00e7\u00e3o que n\u00e3o v\u00e1 para criminalidade, uma popula\u00e7\u00e3o que n\u00e3o v\u00e1 para vadiagem. \u00c9 o aspecto que n\u00f3s falamos, vamos preparara nossa cidade em todos os sentidos para uma cidade de 600, 700 mil habitantes.<\/li>\n<\/ul>\n<p><strong>Na \u00e1rea de promo\u00e7\u00e3o social, est\u00e1 prevista uma readequa\u00e7\u00e3o do Centro Pop de Franca. Por que ele seria readequado e como isso dever\u00e1 ocorrer?<\/strong><\/p>\n<ul>\n<li>Na verdade \u00e9 o seguinte. Para aqueles que n\u00e3o sabem, o Centro POP \u00e9 um porograma do Governo Federal em parceria com o governo municipal. No modelo em que est\u00e1 l\u00e1, isso n\u00e3o interessa para n\u00f3s. N\u00f3s vamos romper esse programa com o Governo Federal. Por qu\u00ea? Ali est\u00e1 instalado o qu\u00ea? O que eu acabei de dizer. A vadiagem, a criminalidade, porque j\u00e1 tivemos crime l\u00e1 do lado, tentativa de homic\u00eddio, j\u00e1 temos boletim de ocorr\u00eancia, porque n\u00f3s temos um dossi\u00ea sobre o Centro POP, dizendo que l\u00e1 dentro foi encontrado material roubado. L\u00e1, do lado de fora do Centro Pop, n\u00f3s temos fogueiras \u00e0s 2h para frente, imensas. Um cheiro danado de borracha. Sabe por qu\u00ea? Porque l\u00e1 est\u00e3o queimando a fia\u00e7\u00e3o, que roubaram da meia-noite \u00e0s 2h, para fazer o cobre e vender na biqueira no dia seguinte. Ent\u00e3o, essa vadiagem n\u00f3s n\u00e3o podemos. N\u00f3s temos que tirar essa pessoal do assistencialismo e levar para uma situa\u00e7\u00e3o de promo\u00e7\u00e3o social.<\/li>\n<\/ul>\n<p><strong>Como seria isso?<\/strong><\/p>\n<ul>\n<li>N\u00f3s vamos criar um programa, se for o caso, municipal, de fazer que isso aconte\u00e7a de forma efetiva. Continuar mantendo o assistencialismo? No nosso governo n\u00e3o ter. E a popula\u00e7\u00e3o j\u00e1 entendeu isso, e a popula\u00e7\u00e3o est\u00e1 do nosso lado e n\u00f3s vamos ganhar a elei\u00e7\u00e3o.<\/li>\n<\/ul>\n<p><strong>Na \u00e1rea da sa\u00fade, a sua proposta \u00e9 realizar parcerias com pequenas cl\u00ednicas para reduzir as filas de espera. Como seria essa parceria e quais \u00e1reas da sa\u00fade seriam contempladas?<\/strong><\/p>\n<ul>\n<li>A sa\u00fade hoje \u00e9 dividida em dois grandes campos. N\u00f3s temos a sa\u00fade b\u00e1sica, que \u00e9 o cuidado do munic\u00edpio. Seria as nossas UBSs, as nossas UPAs, os nossos pronto-socorros, que vai cuidar daquelas situa\u00e7\u00f5es menos complexas. E n\u00f3s temos a sa\u00fade de alta complexidade, que s\u00e3o as cirurgias, as interna\u00e7\u00f5es, que \u00e9 problema do SUS, que \u00e9 administrado pelo SUS. E o SUS hoje compra esses servi\u00e7os do Grupo Santa Casa, que seriam os leitos, as interna\u00e7\u00f5es, as cirurgias. Para voc\u00ea ter ideia hoje, quando eu falo das parcerias, isso \u00e9 muito importante. O prefeito tem uma briga instalada com a Santa Casa. Ou seja, ele n\u00e3o est\u00e1 buscando parceria. Ele est\u00e1 buscando o embate, ele est\u00e1 buscando uma discuss\u00e3o que n\u00e3o leva ningu\u00e9m a nada. Ele est\u00e1 deixando gente nossa l\u00e1 com cinco dias, seis dias, deitada na cama esperando por uma interna\u00e7\u00e3o. Agora a nossa deputada Graciela, que \u00e9 minha parceira na campanha, conseguiu R$ 3 milh\u00f5es para compras de cirurgias eletivas. Ele est\u00e1 comprando cirurgia eletiva fora de Franca. Uma pessoa que j\u00e1 n\u00e3o tem condi\u00e7\u00e3o de fazer uma cirurgia eletiva, ele tem que sair da cidade para fazer essa cirurgia, levar um acompanhante, que situa\u00e7\u00e3o \u00e9 essa? Eu tenho que buscar o parceiro dentro da cidade. E esse parceiro pode ser o Hospital Regional, pode ser a Unimed, pode ser as cl\u00ednicas menores, vai ser tamb\u00e9m a Santa Casa, o que eu preciso e a administra\u00e7\u00e3o precisa \u00e9 resolver o problema de sa\u00fade. E isso n\u00f3s vamos resolver na nossa administra\u00e7\u00e3o. \u00a0<\/li>\n<\/ul>\n<p><strong>Voc\u00ea j\u00e1 fez algum tipo de tratativas com essas entidades?<\/strong><\/p>\n<ul>\n<li>Se tem uma coisa que n\u00f3s sabemos fazer, gra\u00e7as a Deus, \u00e9 conversar e ouvir. N\u00f3s vamos, j\u00e1 estamos fazendo e vamos continuar fazendo, n\u00e3o s\u00f3 com essas entidades. Eu n\u00e3o sei se voc\u00ea percebeu, todas as nossas a\u00e7\u00f5es, seja elas na \u00e1rea de cultura, na \u00e1rea de educa\u00e7\u00e3o, n\u00f3s vamos envolver a cidade como um todo, vamos envolver o funcionalismo, vamos envolver os nossos deputados, para que n\u00f3s tenhamos um resultado efetivo em termos de administra\u00e7\u00e3o.<\/li>\n<\/ul>\n<p><strong>Entre as propostas, tamb\u00e9m est\u00e1 a de implantar um Parque Tecnol\u00f3gico em Franca? De onde viriam os recursos e em quanto tempo \u00e9 a previs\u00e3o para in\u00edcio das atividades?<\/strong><\/p>\n<ul>\n<li>N\u00f3s temos que olhar a nossa economia como um todo. N\u00f3s temos um problema s\u00e9rio l\u00e1 com a nossa ind\u00fastria cal\u00e7adista, que n\u00f3s t\u00ednhamos cerca de 33 mil empregos diretos, agora temos cerca de 13 mil. Mas, gra\u00e7as a Deus, n\u00f3s temos outros setores. Por exemplo: como a lingerie, como a ind\u00fastria aliment\u00edcia, ind\u00fastria de T.I., a ind\u00fastria de cosm\u00e9ticos, isso tem desenvolvido muito na nossa cidade e junto com a ind\u00fastria de tecnologia. O que que n\u00f3s temos que fazer? Temos l\u00e1 um pavilh\u00e3o, que \u00e9 o antigo pavilh\u00e3o da Francal, que a \u00faltima reforma foi feita na nossa administra\u00e7\u00e3o, em 1992, vamos reform\u00e1-lo, vamos instalar l\u00e1 um pavilh\u00e3o de feiras, e ter l\u00e1 \u00e1reas para que esse pessoal da tecnologia possa trabalhar, desenvolver e trazer para Franca, n\u00e3o s\u00f3 gera\u00e7\u00e3o de empregos, trazer gera\u00e7\u00e3o de tecnologia, trazer riquezas, trazer aquilo o que a cidade precisa para avan\u00e7ar e ser, de verdade, cidade grande.<\/li>\n<\/ul>\n<h3 class=\"wp-block-heading\"><strong>Regras das entrevistas<\/strong><\/h3>\n<p>Foram convidados para as entrevistas presenciais os candidatos com partidos que t\u00eam representa\u00e7\u00e3o na C\u00e2mara dos Deputados, como s\u00e3o os casos do MDB, PSOL, PL, PSB e PT, que ter\u00e3o 12 minutos nas entrevistas. O Novo tamb\u00e9m tem representa\u00e7\u00e3o, mas \u00e9 um dos partidos que n\u00e3o alcan\u00e7aram a cl\u00e1usula de barreira, e ter\u00e1 8 minutos na entrevista.<\/p>\n<p>J\u00e1 o PCO, Mobiliza e PCB n\u00e3o t\u00eam representatividade na C\u00e2mara dos Deputados. O espa\u00e7o tamb\u00e9m ser\u00e1 aberto para essas legendas, mas em entrevistas gravadas de 2 minutos.<\/p>\n<h4 class=\"wp-block-heading\"><strong>Pr\u00f3ximas entrevistas<\/strong><\/h4>\n<ul>\n<li>12\/9 \u2013 Marco Aur\u00e9lio Ubiali (PSB)<\/li>\n<\/ul>\n<ul>\n<li>13\/9 \u2013 Mariana Negri (PT)<\/li>\n<\/ul>\n<ul>\n<li>14\/9 \u2013 Alexandre Tabah (Novo)<\/li>\n<\/ul>\n<hr class=\"wp-block-separator has-alpha-channel-opacity\"\/>\n<p>SAIBA MAIS<\/p>\n<p>Veja o que os candidatos \u00e0 Prefeitura de Barretos falaram sobre o debate<\/p>\n<h4 class=\"wp-block-heading\"><strong>FIQUE ON<\/strong><\/h4>\n<p>Fique ligado em tudo que acontece em Ribeir\u00e3o Preto e regi\u00e3o. Siga os perfis do\u00a0<strong>acidade on<\/strong>\u00a0no\u00a0<a href=\"https:\/\/www.instagram.com\/acidadeonribeirao\" target=\"_blank\" rel=\"noreferrer noopener\">Instagram<\/a>\u00a0e no<a href=\"https:\/\/www.facebook.com\/acidadeonribeirao\/\" target=\"_blank\" rel=\"noreferrer noopener\">\u00a0Facebook<\/a>.<\/p>\n<p>Receba not\u00edcias do\u00a0<strong>acidade on<\/strong>\u00a0no WhatsApp.\u00a0<a href=\"https:\/\/chat.whatsapp.com\/Dtv9mxhy6V5BJBotM2OQ5k\" target=\"_blank\" rel=\"noreferrer noopener\">Para entrar no grupo, basta clicar aqui.<\/a><\/p>\n<p>Fa\u00e7a uma den\u00fancia ou sugira uma reportagem sobre Ribeir\u00e3o Preto e regi\u00e3o pelo WhatsApp: 16 99117 7802.<\/p>\n<p>VEJA TAMB\u00c9M<\/p>\n<p>O que aconteceu com Rosane Gofman?<\/p>\n<p><!-- CONTENT END 1 -->\n<\/div>\n<p><script async src=\"\/\/www.instagram.com\/embed.js\"><\/script><br \/>\n<br \/><br \/>\n<br \/><a href=\"https:\/\/www.acidadeon.com\/ribeiraopreto\/politica\/eleicoes\/confira-o-que-joao-rocha-disse-na-entrevista-da-serie-entre-os-candidatos-a-prefeitura-de-franca\/\">Source link <\/a><\/p>\n","protected":false},"excerpt":{"rendered":"<p>O acidade on Ribeir\u00e3o realiza nesta semana uma s\u00e9rie de entrevistas com os candidatos \u00e0 Prefeitura de Franca nas elei\u00e7\u00f5es 2024. Nesta quarta-feira (11) o&#8230;<\/p>\n","protected":false},"author":1,"featured_media":65347,"comment_status":"open","ping_status":"open","sticky":false,"template":"","format":"standard","meta":{"_uag_custom_page_level_css":"","advanced_seo_description":"","jetpack_seo_html_title":"","jetpack_seo_noindex":false,"jetpack_post_was_ever_published":false,"_jetpack_newsletter_access":"","_jetpack_dont_email_post_to_subs":false,"_jetpack_newsletter_tier_id":0,"_jetpack_memberships_contains_paywalled_content":false,"_jetpack_memberships_contains_paid_content":false,"footnotes":"","jetpack_publicize_message":"","jetpack_publicize_feature_enabled":true,"jetpack_social_post_already_shared":true,"jetpack_social_options":{"image_generator_settings":{"template":"highway","default_image_id":0,"font":"","enabled":false},"version":2}},"categories":[11],"tags":[],"class_list":["post-65346","post","type-post","status-publish","format-standard","has-post-thumbnail","hentry","category-noticias-de-ribeirao-preto-sp-e-regiao-ismael-colosi"],"jetpack_publicize_connections":[],"jetpack_featured_media_url":"https:\/\/i0.wp.com\/ismaelcolosi.com.br\/wp-content\/uploads\/2024\/09\/WhatsApp-Image-2024-09-11-at-20.10.00_2024-09-11_23-15-27_jpeg_2024-09-11_23-15-27.webp.webp?fit=1600%2C1200&ssl=1","uagb_featured_image_src":{"full":["https:\/\/i0.wp.com\/ismaelcolosi.com.br\/wp-content\/uploads\/2024\/09\/WhatsApp-Image-2024-09-11-at-20.10.00_2024-09-11_23-15-27_jpeg_2024-09-11_23-15-27.webp.webp?fit=1600%2C1200&ssl=1",1600,1200,false],"thumbnail":["https:\/\/i0.wp.com\/ismaelcolosi.com.br\/wp-content\/uploads\/2024\/09\/WhatsApp-Image-2024-09-11-at-20.10.00_2024-09-11_23-15-27_jpeg_2024-09-11_23-15-27.webp.webp?resize=150%2C150&ssl=1",150,150,true],"medium":["https:\/\/i0.wp.com\/ismaelcolosi.com.br\/wp-content\/uploads\/2024\/09\/WhatsApp-Image-2024-09-11-at-20.10.00_2024-09-11_23-15-27_jpeg_2024-09-11_23-15-27.webp.webp?fit=300%2C225&ssl=1",300,225,true],"medium_large":["https:\/\/i0.wp.com\/ismaelcolosi.com.br\/wp-content\/uploads\/2024\/09\/WhatsApp-Image-2024-09-11-at-20.10.00_2024-09-11_23-15-27_jpeg_2024-09-11_23-15-27.webp.webp?fit=768%2C576&ssl=1",768,576,true],"large":["https:\/\/i0.wp.com\/ismaelcolosi.com.br\/wp-content\/uploads\/2024\/09\/WhatsApp-Image-2024-09-11-at-20.10.00_2024-09-11_23-15-27_jpeg_2024-09-11_23-15-27.webp.webp?fit=1024%2C768&ssl=1",1024,768,true],"1536x1536":["https:\/\/i0.wp.com\/ismaelcolosi.com.br\/wp-content\/uploads\/2024\/09\/WhatsApp-Image-2024-09-11-at-20.10.00_2024-09-11_23-15-27_jpeg_2024-09-11_23-15-27.webp.webp?fit=1536%2C1152&ssl=1",1536,1152,true],"2048x2048":["https:\/\/i0.wp.com\/ismaelcolosi.com.br\/wp-content\/uploads\/2024\/09\/WhatsApp-Image-2024-09-11-at-20.10.00_2024-09-11_23-15-27_jpeg_2024-09-11_23-15-27.webp.webp?fit=1600%2C1200&ssl=1",1600,1200,true],"really-simple-thumb":["https:\/\/i0.wp.com\/ismaelcolosi.com.br\/wp-content\/uploads\/2024\/09\/WhatsApp-Image-2024-09-11-at-20.10.00_2024-09-11_23-15-27_jpeg_2024-09-11_23-15-27.webp.webp?resize=370%2C247&ssl=1",370,247,true]},"uagb_author_info":{"display_name":"ismaelcolosi.com.br","author_link":"https:\/\/ismaelcolosi.com.br\/index.php\/author\/vidareal-online\/"},"uagb_comment_info":0,"uagb_excerpt":"O acidade on Ribeir\u00e3o realiza nesta semana uma s\u00e9rie de entrevistas com os candidatos \u00e0 Prefeitura de Franca nas elei\u00e7\u00f5es 2024. Nesta quarta-feira (11) o...","jetpack-related-posts":[{"id":65204,"url":"https:\/\/ismaelcolosi.com.br\/index.php\/2024\/09\/11\/joao-rocha-participa-nesta-quarta-da-serie-de-entrevistas-com-candidatos-a-prefeitura-de-franca\/","url_meta":{"origin":65346,"position":0},"title":"Jo\u00e3o Rocha participa nesta quarta da s\u00e9rie de entrevistas com candidatos \u00e0 Prefeitura de Franca","author":"ismaelcolosi.com.br","date":"11 de September de 2024","format":false,"excerpt":"O acidade on Ribeir\u00e3o realiza nesta semana uma s\u00e9rie de entrevistas com os candidatos \u00e0 Prefeitura de Franca nas elei\u00e7\u00f5es 2024. Nesta quarta-feira (11) \u00e9 a vez da sabatina do empres\u00e1rio Jo\u00e3o Rocha (PL) \u2013 veja o player acima. A entrevista vai ao ar, ao vivo, logo ap\u00f3s a sabatina\u2026","rel":"","context":"In &quot;Not\u00edcias de Ribeir\u00e3o Preto-SP e Regi\u00e3o&quot;","block_context":{"text":"Not\u00edcias de Ribeir\u00e3o Preto-SP e Regi\u00e3o","link":"https:\/\/ismaelcolosi.com.br\/index.php\/category\/noticias-de-ribeirao-preto-sp-e-regiao-ismael-colosi\/"},"img":{"alt_text":"","src":"https:\/\/i0.wp.com\/ismaelcolosi.com.br\/wp-content\/uploads\/2024\/09\/Joao-Rocha_2024-09-11_13-54-38_jpg_2024-09-11_13-54-38.webp.webp?fit=914%2C761&ssl=1&resize=350%2C200","width":350,"height":200,"srcset":"https:\/\/i0.wp.com\/ismaelcolosi.com.br\/wp-content\/uploads\/2024\/09\/Joao-Rocha_2024-09-11_13-54-38_jpg_2024-09-11_13-54-38.webp.webp?fit=914%2C761&ssl=1&resize=350%2C200 1x, https:\/\/i0.wp.com\/ismaelcolosi.com.br\/wp-content\/uploads\/2024\/09\/Joao-Rocha_2024-09-11_13-54-38_jpg_2024-09-11_13-54-38.webp.webp?fit=914%2C761&ssl=1&resize=525%2C300 1.5x, https:\/\/i0.wp.com\/ismaelcolosi.com.br\/wp-content\/uploads\/2024\/09\/Joao-Rocha_2024-09-11_13-54-38_jpg_2024-09-11_13-54-38.webp.webp?fit=914%2C761&ssl=1&resize=700%2C400 2x"},"classes":[]},{"id":64527,"url":"https:\/\/ismaelcolosi.com.br\/index.php\/2024\/09\/08\/eleicoes-2024-acidade-on-realiza-serie-de-entrevistas-com-candidatos-a-prefeitura-de-franca\/","url_meta":{"origin":65346,"position":1},"title":"Elei\u00e7\u00f5es 2024: acidade on realiza s\u00e9rie de entrevistas com candidatos \u00e0 Prefeitura de Franca","author":"ismaelcolosi.com.br","date":"8 de September de 2024","format":false,"excerpt":"A partir desta segunda-feira (9), o acidade on Ribeir\u00e3o realiza uma s\u00e9rie de entrevistas com os candidatos \u00e0 Prefeitura de Franca. As entrevistas ser\u00e3o realizadas ao vivo e transmitidas pelo canal no YouTube e no portal acidade on Ribeir\u00e3o ap\u00f3s a participa\u00e7\u00e3o dos candidatos no telejornal EPTV 1 entre segunda-feira\u2026","rel":"","context":"In &quot;Not\u00edcias de Ribeir\u00e3o Preto-SP e Regi\u00e3o&quot;","block_context":{"text":"Not\u00edcias de Ribeir\u00e3o Preto-SP e Regi\u00e3o","link":"https:\/\/ismaelcolosi.com.br\/index.php\/category\/noticias-de-ribeirao-preto-sp-e-regiao-ismael-colosi\/"},"img":{"alt_text":"","src":"https:\/\/i0.wp.com\/ismaelcolosi.com.br\/wp-content\/uploads\/2024\/09\/urna_2024-09-06_19-24-20_jpg_2024-09-06_19-24-20.webp.webp?fit=1170%2C700&ssl=1&resize=350%2C200","width":350,"height":200,"srcset":"https:\/\/i0.wp.com\/ismaelcolosi.com.br\/wp-content\/uploads\/2024\/09\/urna_2024-09-06_19-24-20_jpg_2024-09-06_19-24-20.webp.webp?fit=1170%2C700&ssl=1&resize=350%2C200 1x, https:\/\/i0.wp.com\/ismaelcolosi.com.br\/wp-content\/uploads\/2024\/09\/urna_2024-09-06_19-24-20_jpg_2024-09-06_19-24-20.webp.webp?fit=1170%2C700&ssl=1&resize=525%2C300 1.5x, https:\/\/i0.wp.com\/ismaelcolosi.com.br\/wp-content\/uploads\/2024\/09\/urna_2024-09-06_19-24-20_jpg_2024-09-06_19-24-20.webp.webp?fit=1170%2C700&ssl=1&resize=700%2C400 2x, https:\/\/i0.wp.com\/ismaelcolosi.com.br\/wp-content\/uploads\/2024\/09\/urna_2024-09-06_19-24-20_jpg_2024-09-06_19-24-20.webp.webp?fit=1170%2C700&ssl=1&resize=1050%2C600 3x"},"classes":[]},{"id":65459,"url":"https:\/\/ismaelcolosi.com.br\/index.php\/2024\/09\/12\/ubiali-participa-nesta-quinta-da-serie-de-entrevistas-com-candidatos-a-prefeitura-de-franca\/","url_meta":{"origin":65346,"position":2},"title":"Ubiali participa nesta quinta da s\u00e9rie de entrevistas com candidatos \u00e0 Prefeitura de Franca","author":"ismaelcolosi.com.br","date":"12 de September de 2024","format":false,"excerpt":"O\u00a0acidade on Ribeir\u00e3o\u00a0realiza nesta semana uma s\u00e9rie de entrevistas com os candidatos \u00e0\u00a0Prefeitura de Franca\u00a0nas\u00a0elei\u00e7\u00f5es 2024. Nesta quinta-feira (12) \u00e9 a vez da sabatina do m\u00e9dico Marco Aur\u00e9lio Ubiali (PSB)\u00a0\u2013 veja o player acima. A entrevista vai ao ar, ao vivo, logo ap\u00f3s a sabatina do candidato no telejornal da\u00a0EPTV.\u2026","rel":"","context":"In &quot;Not\u00edcias de Ribeir\u00e3o Preto-SP e Regi\u00e3o&quot;","block_context":{"text":"Not\u00edcias de Ribeir\u00e3o Preto-SP e Regi\u00e3o","link":"https:\/\/ismaelcolosi.com.br\/index.php\/category\/noticias-de-ribeirao-preto-sp-e-regiao-ismael-colosi\/"},"img":{"alt_text":"","src":"https:\/\/i0.wp.com\/ismaelcolosi.com.br\/wp-content\/uploads\/2024\/09\/UBIALI_2024-09-12_13-56-13_jpg_2024-09-12_13-56-14.webp.webp?fit=1200%2C753&ssl=1&resize=350%2C200","width":350,"height":200,"srcset":"https:\/\/i0.wp.com\/ismaelcolosi.com.br\/wp-content\/uploads\/2024\/09\/UBIALI_2024-09-12_13-56-13_jpg_2024-09-12_13-56-14.webp.webp?fit=1200%2C753&ssl=1&resize=350%2C200 1x, https:\/\/i0.wp.com\/ismaelcolosi.com.br\/wp-content\/uploads\/2024\/09\/UBIALI_2024-09-12_13-56-13_jpg_2024-09-12_13-56-14.webp.webp?fit=1200%2C753&ssl=1&resize=525%2C300 1.5x, https:\/\/i0.wp.com\/ismaelcolosi.com.br\/wp-content\/uploads\/2024\/09\/UBIALI_2024-09-12_13-56-13_jpg_2024-09-12_13-56-14.webp.webp?fit=1200%2C753&ssl=1&resize=700%2C400 2x, https:\/\/i0.wp.com\/ismaelcolosi.com.br\/wp-content\/uploads\/2024\/09\/UBIALI_2024-09-12_13-56-13_jpg_2024-09-12_13-56-14.webp.webp?fit=1200%2C753&ssl=1&resize=1050%2C600 3x"},"classes":[]},{"id":64990,"url":"https:\/\/ismaelcolosi.com.br\/index.php\/2024\/09\/10\/guilherme-cortez-participa-nesta-terca-da-serie-de-entrevistas-com-candidatos-a-prefeitura-de-franca\/","url_meta":{"origin":65346,"position":3},"title":"Guilherme Cortez participa nesta ter\u00e7a da s\u00e9rie de entrevistas com candidatos \u00e0 Prefeitura de Franca","author":"ismaelcolosi.com.br","date":"10 de September de 2024","format":false,"excerpt":"O acidade on Ribeir\u00e3o realiza nesta semana uma s\u00e9rie de entrevistas com os candidatos \u00e0 Prefeitura de Franca nas elei\u00e7\u00f5es 2024. Nesta ter\u00e7a-feira (10) \u00e9 a vez da sabatina do deputado estadual Guilherme Cortez (PSOL) \u2013 veja o player acima. A entrevista vai ao ar, ao vivo, logo ap\u00f3s a\u2026","rel":"","context":"In &quot;Not\u00edcias de Ribeir\u00e3o Preto-SP e Regi\u00e3o&quot;","block_context":{"text":"Not\u00edcias de Ribeir\u00e3o Preto-SP e Regi\u00e3o","link":"https:\/\/ismaelcolosi.com.br\/index.php\/category\/noticias-de-ribeirao-preto-sp-e-regiao-ismael-colosi\/"},"img":{"alt_text":"","src":"https:\/\/i0.wp.com\/ismaelcolosi.com.br\/wp-content\/uploads\/2024\/09\/Guilherme-Cortez_2024-09-10_13-28-56_jpeg_2024-09-10_13-28-56.webp.webp?fit=1200%2C675&ssl=1&resize=350%2C200","width":350,"height":200,"srcset":"https:\/\/i0.wp.com\/ismaelcolosi.com.br\/wp-content\/uploads\/2024\/09\/Guilherme-Cortez_2024-09-10_13-28-56_jpeg_2024-09-10_13-28-56.webp.webp?fit=1200%2C675&ssl=1&resize=350%2C200 1x, https:\/\/i0.wp.com\/ismaelcolosi.com.br\/wp-content\/uploads\/2024\/09\/Guilherme-Cortez_2024-09-10_13-28-56_jpeg_2024-09-10_13-28-56.webp.webp?fit=1200%2C675&ssl=1&resize=525%2C300 1.5x, https:\/\/i0.wp.com\/ismaelcolosi.com.br\/wp-content\/uploads\/2024\/09\/Guilherme-Cortez_2024-09-10_13-28-56_jpeg_2024-09-10_13-28-56.webp.webp?fit=1200%2C675&ssl=1&resize=700%2C400 2x, https:\/\/i0.wp.com\/ismaelcolosi.com.br\/wp-content\/uploads\/2024\/09\/Guilherme-Cortez_2024-09-10_13-28-56_jpeg_2024-09-10_13-28-56.webp.webp?fit=1200%2C675&ssl=1&resize=1050%2C600 3x"},"classes":[]},{"id":65701,"url":"https:\/\/ismaelcolosi.com.br\/index.php\/2024\/09\/13\/mariana-negri-participa-nesta-sexta-da-serie-de-entrevistas-com-candidatos-a-prefeitura-de-franca\/","url_meta":{"origin":65346,"position":4},"title":"Mariana Negri participa nesta sexta da s\u00e9rie de entrevistas com candidatos \u00e0 Prefeitura de Franca","author":"ismaelcolosi.com.br","date":"13 de September de 2024","format":false,"excerpt":"O acidade on Ribeir\u00e3o realiza nesta semana uma s\u00e9rie de entrevistas com os candidatos \u00e0 Prefeitura de Franca nas elei\u00e7\u00f5es 2024. Nesta sexta-feira (13) \u00e9 a vez da sabatina da advogada Mariana Negri (PT) \u2013 veja o player acima. A entrevista vai ao ar, ao vivo, logo ap\u00f3s a sabatina\u2026","rel":"","context":"In &quot;Not\u00edcias de Ribeir\u00e3o Preto-SP e Regi\u00e3o&quot;","block_context":{"text":"Not\u00edcias de Ribeir\u00e3o Preto-SP e Regi\u00e3o","link":"https:\/\/ismaelcolosi.com.br\/index.php\/category\/noticias-de-ribeirao-preto-sp-e-regiao-ismael-colosi\/"},"img":{"alt_text":"","src":"https:\/\/i0.wp.com\/ismaelcolosi.com.br\/wp-content\/uploads\/2024\/09\/Mariana-Negri_2024-09-13_14-30-22_jpg_2024-09-13_14-30-22.webp.webp?fit=1199%2C933&ssl=1&resize=350%2C200","width":350,"height":200,"srcset":"https:\/\/i0.wp.com\/ismaelcolosi.com.br\/wp-content\/uploads\/2024\/09\/Mariana-Negri_2024-09-13_14-30-22_jpg_2024-09-13_14-30-22.webp.webp?fit=1199%2C933&ssl=1&resize=350%2C200 1x, https:\/\/i0.wp.com\/ismaelcolosi.com.br\/wp-content\/uploads\/2024\/09\/Mariana-Negri_2024-09-13_14-30-22_jpg_2024-09-13_14-30-22.webp.webp?fit=1199%2C933&ssl=1&resize=525%2C300 1.5x, https:\/\/i0.wp.com\/ismaelcolosi.com.br\/wp-content\/uploads\/2024\/09\/Mariana-Negri_2024-09-13_14-30-22_jpg_2024-09-13_14-30-22.webp.webp?fit=1199%2C933&ssl=1&resize=700%2C400 2x, https:\/\/i0.wp.com\/ismaelcolosi.com.br\/wp-content\/uploads\/2024\/09\/Mariana-Negri_2024-09-13_14-30-22_jpg_2024-09-13_14-30-22.webp.webp?fit=1199%2C933&ssl=1&resize=1050%2C600 3x"},"classes":[]},{"id":64790,"url":"https:\/\/ismaelcolosi.com.br\/index.php\/2024\/09\/09\/alexandre-ferreira-abre-serie-de-entrevistas-com-candidatos-a-prefeitura-de-franca\/","url_meta":{"origin":65346,"position":5},"title":"Alexandre Ferreira abre s\u00e9rie de entrevistas com candidatos \u00e0 Prefeitura de Franca","author":"ismaelcolosi.com.br","date":"9 de September de 2024","format":false,"excerpt":"O acidade on Ribeir\u00e3o come\u00e7a nesta segunda-feira (9) uma s\u00e9rie de entrevistas com os candidatos \u00e0 Prefeitura de Franca nas elei\u00e7\u00f5es 2024. O primeiro entrevistado \u00e9 o atual prefeito de Franca, Alexandre Ferreira (MDB) \u2013 veja o player acima. A entrevista vai ao ar, ao vivo, logo ap\u00f3s a sabatina\u2026","rel":"","context":"In &quot;Not\u00edcias de Ribeir\u00e3o Preto-SP e Regi\u00e3o&quot;","block_context":{"text":"Not\u00edcias de Ribeir\u00e3o Preto-SP e Regi\u00e3o","link":"https:\/\/ismaelcolosi.com.br\/index.php\/category\/noticias-de-ribeirao-preto-sp-e-regiao-ismael-colosi\/"},"img":{"alt_text":"","src":"https:\/\/i0.wp.com\/ismaelcolosi.com.br\/wp-content\/uploads\/2024\/09\/alexandre-ferreira_2024-09-09_14-40-04_jpg_2024-09-09_14-40-04.webp.webp?fit=1079%2C845&ssl=1&resize=350%2C200","width":350,"height":200,"srcset":"https:\/\/i0.wp.com\/ismaelcolosi.com.br\/wp-content\/uploads\/2024\/09\/alexandre-ferreira_2024-09-09_14-40-04_jpg_2024-09-09_14-40-04.webp.webp?fit=1079%2C845&ssl=1&resize=350%2C200 1x, https:\/\/i0.wp.com\/ismaelcolosi.com.br\/wp-content\/uploads\/2024\/09\/alexandre-ferreira_2024-09-09_14-40-04_jpg_2024-09-09_14-40-04.webp.webp?fit=1079%2C845&ssl=1&resize=525%2C300 1.5x, https:\/\/i0.wp.com\/ismaelcolosi.com.br\/wp-content\/uploads\/2024\/09\/alexandre-ferreira_2024-09-09_14-40-04_jpg_2024-09-09_14-40-04.webp.webp?fit=1079%2C845&ssl=1&resize=700%2C400 2x, https:\/\/i0.wp.com\/ismaelcolosi.com.br\/wp-content\/uploads\/2024\/09\/alexandre-ferreira_2024-09-09_14-40-04_jpg_2024-09-09_14-40-04.webp.webp?fit=1079%2C845&ssl=1&resize=1050%2C600 3x"},"classes":[]}],"jetpack_sharing_enabled":true,"jetpack_shortlink":"https:\/\/wp.me\/pfMlyK-gZY","_links":{"self":[{"href":"https:\/\/ismaelcolosi.com.br\/index.php\/wp-json\/wp\/v2\/posts\/65346","targetHints":{"allow":["GET"]}}],"collection":[{"href":"https:\/\/ismaelcolosi.com.br\/index.php\/wp-json\/wp\/v2\/posts"}],"about":[{"href":"https:\/\/ismaelcolosi.com.br\/index.php\/wp-json\/wp\/v2\/types\/post"}],"author":[{"embeddable":true,"href":"https:\/\/ismaelcolosi.com.br\/index.php\/wp-json\/wp\/v2\/users\/1"}],"replies":[{"embeddable":true,"href":"https:\/\/ismaelcolosi.com.br\/index.php\/wp-json\/wp\/v2\/comments?post=65346"}],"version-history":[{"count":0,"href":"https:\/\/ismaelcolosi.com.br\/index.php\/wp-json\/wp\/v2\/posts\/65346\/revisions"}],"wp:featuredmedia":[{"embeddable":true,"href":"https:\/\/ismaelcolosi.com.br\/index.php\/wp-json\/wp\/v2\/media\/65347"}],"wp:attachment":[{"href":"https:\/\/ismaelcolosi.com.br\/index.php\/wp-json\/wp\/v2\/media?parent=65346"}],"wp:term":[{"taxonomy":"category","embeddable":true,"href":"https:\/\/ismaelcolosi.com.br\/index.php\/wp-json\/wp\/v2\/categories?post=65346"},{"taxonomy":"post_tag","embeddable":true,"href":"https:\/\/ismaelcolosi.com.br\/index.php\/wp-json\/wp\/v2\/tags?post=65346"}],"curies":[{"name":"wp","href":"https:\/\/api.w.org\/{rel}","templated":true}]}}