{"id":65343,"date":"2024-09-11T19:56:57","date_gmt":"2024-09-11T22:56:57","guid":{"rendered":"https:\/\/ismaelcolosi.com.br\/index.php\/2024\/09\/11\/suspeito-de-ataque-a-carro-forte-ja-foi-preso-com-arsenal-de-guerra\/"},"modified":"2024-09-11T19:56:57","modified_gmt":"2024-09-11T22:56:57","slug":"suspeito-de-ataque-a-carro-forte-ja-foi-preso-com-arsenal-de-guerra","status":"publish","type":"post","link":"https:\/\/ismaelcolosi.com.br\/index.php\/2024\/09\/11\/suspeito-de-ataque-a-carro-forte-ja-foi-preso-com-arsenal-de-guerra\/","title":{"rendered":"Suspeito de ataque a carro-forte j\u00e1 foi preso com arsenal de guerra"},"content":{"rendered":"<p> <br \/>\n<\/p>\n<div>\n<p><strong>Roberto Marques Trov\u00e3o Lafaeff<\/strong>, preso na ter\u00e7a-feira (10), pela suspeita de envolvimento no <strong>ataque a carro-forte na regi\u00e3o de Ribeir\u00e3o Preto<\/strong>, j\u00e1 era conhecido pelos policiais do <strong>Departamento Estadual de Investiga\u00e7\u00f5es Criminais (Deic)<\/strong>.<\/p>\n<p>Conforme a <strong>Secretaria de Seguran\u00e7a P\u00fablica de S\u00e3o Paulo (SSP-SP)<\/strong>, <strong>Lafaeff <\/strong>teria sido <a href=\"https:\/\/www.ssp.sp.gov.br\/noticia\/56421\" target=\"_blank\" rel=\"noreferrer noopener\">preso em flagrante em dezembro de 2023<\/a>, <span style=\"background-color:#f7cc62\" class=\"td_text_highlight_marker\"><mark style=\"background-color:rgba(0, 0, 0, 0)\" class=\"has-inline-color has-black-color\">por <strong>porte ilegal de arma de fogo<\/strong> em sua resid\u00eancia, localizada em <strong>Jundia\u00ed<\/strong>.<\/mark><\/span><\/p>\n<p>Ele foi encontrado com um <strong>arsenal de guerra<\/strong>. Segundo as informa\u00e7\u00f5es, foram apreendidas <strong>duas Barret .50 \u2013 fuzil semiautom\u00e1tico<\/strong> \u2013 e um <strong>fuzil 7.62<\/strong>, al\u00e9m de <strong>muni\u00e7\u00f5es<\/strong>, <strong>explosivos<\/strong>, <strong>coletes bal\u00edsticos <\/strong>e outros materiais.<\/p>\n<p>Na \u00e9poca, a <strong>SSP <\/strong>informou que o homem foi localizado ap\u00f3s uma <strong>investiga\u00e7\u00e3o <\/strong>que tinha o objetivo de <strong><span style=\"background-color:#f7cc62\" class=\"td_text_highlight_marker\"><mark style=\"background-color:rgba(0, 0, 0, 0)\" class=\"has-inline-color has-black-color\">identificar uma quadrilha especializada em roubos de bases de guarda de valores<\/mark><\/span><\/strong>.<\/p>\n<figure class=\"wp-block-pullquote\">\n<blockquote>\n<p>Os agentes receberam informa\u00e7\u00f5es de que o grupo armazenava armas para realiza\u00e7\u00e3o de um novo assalto. A partir destas informa\u00e7\u00f5es, a equipe policial realizou campana na resid\u00eancia indicada<\/p>\n<p><cite>diz nota da Secretaria de Seguran\u00e7a P\u00fablica<\/cite><\/p><\/blockquote>\n<\/figure>\n<p>Ap\u00f3s a pris\u00e3o desta ter\u00e7a-feira, <strong>Lafaeff <\/strong>foi encaminhado para <strong>Franca<\/strong>, onde dever\u00e1 prestar depoimento.<\/p>\n<h3 class=\"wp-block-heading\"><strong>Assalto a carro-forte na regi\u00e3o de Ribeir\u00e3o Preto<\/strong><\/h3>\n<p>O homem de 36 anos foi preso ap\u00f3s <strong>procurar atendimento m\u00e9dico<\/strong> em uma UPA (Unidade de Pronto Atendimento) de Valinhos, no interior de S\u00e3o Paulo. Ele apresentava um ferimento no p\u00e9 que seria condizente com arma de fogo.<\/p>\n<p>Estima-se que ao menos <strong>16 assaltantes participaram do ataque ao carro-forte<\/strong>, que aconteceu no quil\u00f4metro 381 da rodovia C\u00e2ndido Portinari (SP-334), em <strong>Franca<\/strong>, na segunda-feira (9).<\/p>\n<p>Eles n\u00e3o conseguiram abrir os tr\u00eas cofres do ve\u00edculo de transporte de valores e todo o dinheiro foi queimado na a\u00e7\u00e3o com uso de explosivo. Cinco v\u00edtimas foram registradas, entre as quais tr\u00eas baleadas.<\/p>\n<p>Nesta quarta-feira (11), um grupo suspeito de participar da a\u00e7\u00e3o trocou tiros com a pol\u00edcia na\u00a0<strong>rodovia Joaquim Ferreira (SP-338)<\/strong>, pr\u00f3ximo ao trevo que liga\u00a0<strong>Cajuru\u00a0<\/strong>e\u00a0<strong>Altin\u00f3polis<\/strong>. O sargento Marcio Ribeiro, do\u00a0<strong>Baep (Batalh\u00e3o de A\u00e7\u00f5es Especiais de Pol\u00edcia) de Ribeir\u00e3o Preto<\/strong> morreu durante a a\u00e7\u00e3o. <\/p>\n<hr class=\"wp-block-separator has-alpha-channel-opacity\"\/>\n<p>SAIBA MAIS<\/p>\n<p>Policial foi morto durante a\u00e7\u00e3o de criminosos em rodovia na regi\u00e3o de Ribeir\u00e3o<\/p>\n<h4 class=\"wp-block-heading\"><strong>FIQUE ON<\/strong><\/h4>\n<p>Fique ligado em tudo que acontece em Ribeir\u00e3o Preto e regi\u00e3o. Siga os perfis do\u00a0<strong>acidade on<\/strong>\u00a0no\u00a0<a href=\"https:\/\/www.instagram.com\/acidadeonribeirao\" target=\"_blank\" rel=\"noreferrer noopener\">Instagram<\/a>\u00a0e no\u00a0<a href=\"https:\/\/www.facebook.com\/acidadeonribeirao\/\" target=\"_blank\" rel=\"noreferrer noopener\">Facebook<\/a>.<\/p>\n<p>Receba not\u00edcias do<strong>\u00a0acidade on<\/strong>\u00a0no WhatsApp.\u00a0<a href=\"https:\/\/chat.whatsapp.com\/Dtv9mxhy6V5BJBotM2OQ5k\" target=\"_blank\" rel=\"noreferrer noopener\">Para entrar no grupo, basta clicar aqui.<\/a><\/p>\n<p>Fa\u00e7a uma den\u00fancia ou sugira uma reportagem sobre Ribeir\u00e3o Preto e regi\u00e3o pelo WhatsApp: 16 99117 7802.<\/p>\n<p>VEJA TAMB\u00c9M<\/p>\n<p>Como ouvir o novo \u00e1lbum de Matu\u00ea?<\/p>\n<p><!-- CONTENT END 1 -->\n<\/div>\n<p><script async src=\"\/\/www.instagram.com\/embed.js\"><\/script><br \/>\n<br \/><br \/>\n<br \/><a href=\"https:\/\/www.acidadeon.com\/ribeiraopreto\/cotidiano\/suspeito-de-ataque-a-carro-forte-ja-foi-preso-com-arsenal-de-guerra-no-interior-de-sp\/\">Source link <\/a><\/p>\n","protected":false},"excerpt":{"rendered":"<p>Roberto Marques Trov\u00e3o Lafaeff, preso na ter\u00e7a-feira (10), pela suspeita de envolvimento no ataque a carro-forte na regi\u00e3o de Ribeir\u00e3o Preto, j\u00e1 era conhecido pelos&#8230;<\/p>\n","protected":false},"author":1,"featured_media":65344,"comment_status":"open","ping_status":"open","sticky":false,"template":"","format":"standard","meta":{"_uag_custom_page_level_css":"","advanced_seo_description":"","jetpack_seo_html_title":"","jetpack_seo_noindex":false,"jetpack_post_was_ever_published":false,"_jetpack_newsletter_access":"","_jetpack_dont_email_post_to_subs":false,"_jetpack_newsletter_tier_id":0,"_jetpack_memberships_contains_paywalled_content":false,"_jetpack_memberships_contains_paid_content":false,"footnotes":"","jetpack_publicize_message":"","jetpack_publicize_feature_enabled":true,"jetpack_social_post_already_shared":true,"jetpack_social_options":{"image_generator_settings":{"template":"highway","default_image_id":0,"font":"","enabled":false},"version":2}},"categories":[11],"tags":[],"class_list":["post-65343","post","type-post","status-publish","format-standard","has-post-thumbnail","hentry","category-noticias-de-ribeirao-preto-sp-e-regiao-ismael-colosi"],"jetpack_publicize_connections":[],"jetpack_featured_media_url":"https:\/\/i0.wp.com\/ismaelcolosi.com.br\/wp-content\/uploads\/2024\/09\/Copia-de-Copia-de-Copia-de-TAMANHO-EXATO-PARA-FOTOS-NO-SISTEMA-NOVO-49_2024-09-11_22-30-14_png_2024-09-11_22-30-15.webp.webp?fit=1200%2C675&ssl=1","uagb_featured_image_src":{"full":["https:\/\/i0.wp.com\/ismaelcolosi.com.br\/wp-content\/uploads\/2024\/09\/Copia-de-Copia-de-Copia-de-TAMANHO-EXATO-PARA-FOTOS-NO-SISTEMA-NOVO-49_2024-09-11_22-30-14_png_2024-09-11_22-30-15.webp.webp?fit=1200%2C675&ssl=1",1200,675,false],"thumbnail":["https:\/\/i0.wp.com\/ismaelcolosi.com.br\/wp-content\/uploads\/2024\/09\/Copia-de-Copia-de-Copia-de-TAMANHO-EXATO-PARA-FOTOS-NO-SISTEMA-NOVO-49_2024-09-11_22-30-14_png_2024-09-11_22-30-15.webp.webp?resize=150%2C150&ssl=1",150,150,true],"medium":["https:\/\/i0.wp.com\/ismaelcolosi.com.br\/wp-content\/uploads\/2024\/09\/Copia-de-Copia-de-Copia-de-TAMANHO-EXATO-PARA-FOTOS-NO-SISTEMA-NOVO-49_2024-09-11_22-30-14_png_2024-09-11_22-30-15.webp.webp?fit=300%2C169&ssl=1",300,169,true],"medium_large":["https:\/\/i0.wp.com\/ismaelcolosi.com.br\/wp-content\/uploads\/2024\/09\/Copia-de-Copia-de-Copia-de-TAMANHO-EXATO-PARA-FOTOS-NO-SISTEMA-NOVO-49_2024-09-11_22-30-14_png_2024-09-11_22-30-15.webp.webp?fit=768%2C432&ssl=1",768,432,true],"large":["https:\/\/i0.wp.com\/ismaelcolosi.com.br\/wp-content\/uploads\/2024\/09\/Copia-de-Copia-de-Copia-de-TAMANHO-EXATO-PARA-FOTOS-NO-SISTEMA-NOVO-49_2024-09-11_22-30-14_png_2024-09-11_22-30-15.webp.webp?fit=1024%2C576&ssl=1",1024,576,true],"1536x1536":["https:\/\/i0.wp.com\/ismaelcolosi.com.br\/wp-content\/uploads\/2024\/09\/Copia-de-Copia-de-Copia-de-TAMANHO-EXATO-PARA-FOTOS-NO-SISTEMA-NOVO-49_2024-09-11_22-30-14_png_2024-09-11_22-30-15.webp.webp?fit=1200%2C675&ssl=1",1200,675,true],"2048x2048":["https:\/\/i0.wp.com\/ismaelcolosi.com.br\/wp-content\/uploads\/2024\/09\/Copia-de-Copia-de-Copia-de-TAMANHO-EXATO-PARA-FOTOS-NO-SISTEMA-NOVO-49_2024-09-11_22-30-14_png_2024-09-11_22-30-15.webp.webp?fit=1200%2C675&ssl=1",1200,675,true],"really-simple-thumb":["https:\/\/i0.wp.com\/ismaelcolosi.com.br\/wp-content\/uploads\/2024\/09\/Copia-de-Copia-de-Copia-de-TAMANHO-EXATO-PARA-FOTOS-NO-SISTEMA-NOVO-49_2024-09-11_22-30-14_png_2024-09-11_22-30-15.webp.webp?resize=370%2C247&ssl=1",370,247,true]},"uagb_author_info":{"display_name":"ismaelcolosi.com.br","author_link":"https:\/\/ismaelcolosi.com.br\/index.php\/author\/vidareal-online\/"},"uagb_comment_info":0,"uagb_excerpt":"Roberto Marques Trov\u00e3o Lafaeff, preso na ter\u00e7a-feira (10), pela suspeita de envolvimento no ataque a carro-forte na regi\u00e3o de Ribeir\u00e3o Preto, j\u00e1 era conhecido pelos...","jetpack-related-posts":[{"id":77788,"url":"https:\/\/ismaelcolosi.com.br\/index.php\/2024\/11\/28\/homem-preso-apos-ataque-a-carro-forte-e-denunciado-pelo-mp\/","url_meta":{"origin":65343,"position":0},"title":"Homem preso ap\u00f3s ataque a carro-forte \u00e9 denunciado pelo MP","author":"ismaelcolosi.com.br","date":"28 de November de 2024","format":false,"excerpt":"Por: Adalberto Luque O Minist\u00e9rio P\u00fablico de S\u00e3o Paulo (MPSP) denunciou Roberto Marques Trov\u00e3o Lafaeff, de 36 anos, por roubo e falsidade ideol\u00f3gica, relativos ao ataque a um carro-forte ocorrido na Rodovia C\u00e2ndido Portinari (SP-334) no dia 9 de setembro deste ano. Lafaeff foi preso quando procurou atendimento m\u00e9dico em\u2026","rel":"","context":"In &quot;Not\u00edcias de Ribeir\u00e3o Preto-SP e Regi\u00e3o&quot;","block_context":{"text":"Not\u00edcias de Ribeir\u00e3o Preto-SP e Regi\u00e3o","link":"https:\/\/ismaelcolosi.com.br\/index.php\/category\/noticias-de-ribeirao-preto-sp-e-regiao-ismael-colosi\/"},"img":{"alt_text":"","src":"https:\/\/i0.wp.com\/ismaelcolosi.com.br\/wp-content\/uploads\/2024\/11\/13set2024suspeitovalinhos-scaled.jpg?fit=800%2C400&ssl=1&resize=350%2C200","width":350,"height":200,"srcset":"https:\/\/i0.wp.com\/ismaelcolosi.com.br\/wp-content\/uploads\/2024\/11\/13set2024suspeitovalinhos-scaled.jpg?fit=800%2C400&ssl=1&resize=350%2C200 1x, https:\/\/i0.wp.com\/ismaelcolosi.com.br\/wp-content\/uploads\/2024\/11\/13set2024suspeitovalinhos-scaled.jpg?fit=800%2C400&ssl=1&resize=525%2C300 1.5x, https:\/\/i0.wp.com\/ismaelcolosi.com.br\/wp-content\/uploads\/2024\/11\/13set2024suspeitovalinhos-scaled.jpg?fit=800%2C400&ssl=1&resize=700%2C400 2x"},"classes":[]},{"id":65241,"url":"https:\/\/ismaelcolosi.com.br\/index.php\/2024\/09\/11\/policia-detem-suspeito-por-ataque-a-carro-forte-na-regiao-de-ribeirao-preto\/","url_meta":{"origin":65343,"position":1},"title":"Pol\u00edcia det\u00e9m suspeito por ataque a carro-forte na regi\u00e3o de Ribeir\u00e3o Preto","author":"ismaelcolosi.com.br","date":"11 de September de 2024","format":false,"excerpt":"A pol\u00edcia deteve um homem suspeito de envolvimento no ataque a carro-forte na regi\u00e3o de Ribeir\u00e3o Preto. O suspeito \u00e9 Roberto Marques Trov\u00e3o Lafaeff, de 36 anos, que havia procurado atendimento m\u00e9dico na UPA (Unidade de Pronto Atendimento) de Valinhos, na regi\u00e3o de Campinas, na \u00faltima ter\u00e7a-feira (10). Ele apresentava\u2026","rel":"","context":"In &quot;Not\u00edcias de Ribeir\u00e3o Preto-SP e Regi\u00e3o&quot;","block_context":{"text":"Not\u00edcias de Ribeir\u00e3o Preto-SP e Regi\u00e3o","link":"https:\/\/ismaelcolosi.com.br\/index.php\/category\/noticias-de-ribeirao-preto-sp-e-regiao-ismael-colosi\/"},"img":{"alt_text":"","src":"https:\/\/i0.wp.com\/ismaelcolosi.com.br\/wp-content\/uploads\/2024\/09\/roberto_2024-09-11_16-51-22_jpeg_2024-09-11_16-51-22.webp.webp?fit=1200%2C674&ssl=1&resize=350%2C200","width":350,"height":200,"srcset":"https:\/\/i0.wp.com\/ismaelcolosi.com.br\/wp-content\/uploads\/2024\/09\/roberto_2024-09-11_16-51-22_jpeg_2024-09-11_16-51-22.webp.webp?fit=1200%2C674&ssl=1&resize=350%2C200 1x, https:\/\/i0.wp.com\/ismaelcolosi.com.br\/wp-content\/uploads\/2024\/09\/roberto_2024-09-11_16-51-22_jpeg_2024-09-11_16-51-22.webp.webp?fit=1200%2C674&ssl=1&resize=525%2C300 1.5x, https:\/\/i0.wp.com\/ismaelcolosi.com.br\/wp-content\/uploads\/2024\/09\/roberto_2024-09-11_16-51-22_jpeg_2024-09-11_16-51-22.webp.webp?fit=1200%2C674&ssl=1&resize=700%2C400 2x, https:\/\/i0.wp.com\/ismaelcolosi.com.br\/wp-content\/uploads\/2024\/09\/roberto_2024-09-11_16-51-22_jpeg_2024-09-11_16-51-22.webp.webp?fit=1200%2C674&ssl=1&resize=1050%2C600 3x"},"classes":[]},{"id":69279,"url":"https:\/\/ismaelcolosi.com.br\/index.php\/2024\/10\/04\/suspeito-de-ataque-a-carro-forte-na-regiao-de-ribeirao-morre-em-confronto-com-a-policia\/","url_meta":{"origin":65343,"position":2},"title":"Suspeito de ataque a carro-forte na regi\u00e3o de Ribeir\u00e3o morre em confronto com a pol\u00edcia","author":"ismaelcolosi.com.br","date":"4 de October de 2024","format":false,"excerpt":"Agentes da Pol\u00edcia Civil e Pol\u00edcia Militar junto com o Minist\u00e9rio P\u00fablico realizaram, na manh\u00e3 desta sexta-feira (4), uma opera\u00e7\u00e3o para prender ladr\u00f5es que tentaram roubar um carro-forte, no m\u00eas passado, na regi\u00e3o de Ribeir\u00e3o. Um suspeito foi morto durante o confronto, outro foi preso e um fuzil foi apreendido.\u2026","rel":"","context":"In &quot;Not\u00edcias de Ribeir\u00e3o Preto-SP e Regi\u00e3o&quot;","block_context":{"text":"Not\u00edcias de Ribeir\u00e3o Preto-SP e Regi\u00e3o","link":"https:\/\/ismaelcolosi.com.br\/index.php\/category\/noticias-de-ribeirao-preto-sp-e-regiao-ismael-colosi\/"},"img":{"alt_text":"","src":"https:\/\/i0.wp.com\/ismaelcolosi.com.br\/wp-content\/uploads\/2024\/10\/Sem-titulo_2024-10-04_16-11-05_png_2024-10-04_16-11-05.webp.webp?fit=1200%2C645&ssl=1&resize=350%2C200","width":350,"height":200,"srcset":"https:\/\/i0.wp.com\/ismaelcolosi.com.br\/wp-content\/uploads\/2024\/10\/Sem-titulo_2024-10-04_16-11-05_png_2024-10-04_16-11-05.webp.webp?fit=1200%2C645&ssl=1&resize=350%2C200 1x, https:\/\/i0.wp.com\/ismaelcolosi.com.br\/wp-content\/uploads\/2024\/10\/Sem-titulo_2024-10-04_16-11-05_png_2024-10-04_16-11-05.webp.webp?fit=1200%2C645&ssl=1&resize=525%2C300 1.5x, https:\/\/i0.wp.com\/ismaelcolosi.com.br\/wp-content\/uploads\/2024\/10\/Sem-titulo_2024-10-04_16-11-05_png_2024-10-04_16-11-05.webp.webp?fit=1200%2C645&ssl=1&resize=700%2C400 2x, https:\/\/i0.wp.com\/ismaelcolosi.com.br\/wp-content\/uploads\/2024\/10\/Sem-titulo_2024-10-04_16-11-05_png_2024-10-04_16-11-05.webp.webp?fit=1200%2C645&ssl=1&resize=1050%2C600 3x"},"classes":[]},{"id":52796,"url":"https:\/\/ismaelcolosi.com.br\/index.php\/2024\/06\/10\/criminosos-atacam-carro-forte-com-explosivos-e-metralhadora-em-rodovia-no-interior-de-sp\/","url_meta":{"origin":65343,"position":3},"title":"Criminosos atacam carro-forte com explosivos e metralhadora em rodovia no interior de SP","author":"ismaelcolosi.com.br","date":"10 de June de 2024","format":false,"excerpt":"Criminosos tentaram assaltar um carro-forte, na noite desta segunda-feira (10), na rodovia Engenheiro Thales de Lorena Peixoto Junior (SP-318), em um trecho que liga S\u00e3o Carlos a Ribeir\u00e3o Preto. De acordo com a apura\u00e7\u00e3o do portal acidade on S\u00e3o Carlos, a tentativa de assalto aconteceu pr\u00f3ximo ao ped\u00e1gio, no km\u2026","rel":"","context":"In &quot;Not\u00edcias de Ribeir\u00e3o Preto-SP e Regi\u00e3o&quot;","block_context":{"text":"Not\u00edcias de Ribeir\u00e3o Preto-SP e Regi\u00e3o","link":"https:\/\/ismaelcolosi.com.br\/index.php\/category\/noticias-de-ribeirao-preto-sp-e-regiao-ismael-colosi\/"},"img":{"alt_text":"","src":"https:\/\/i0.wp.com\/ismaelcolosi.com.br\/wp-content\/uploads\/2024\/06\/Copia-de-Copia-de-TAMANHO-EXATO-PARA-FOTOS-NO-SISTEMA-NOVO-74_2024-06-11_00-51-29_png_2024-06-11_00-51-29.webp.webp?fit=1200%2C675&ssl=1&resize=350%2C200","width":350,"height":200,"srcset":"https:\/\/i0.wp.com\/ismaelcolosi.com.br\/wp-content\/uploads\/2024\/06\/Copia-de-Copia-de-TAMANHO-EXATO-PARA-FOTOS-NO-SISTEMA-NOVO-74_2024-06-11_00-51-29_png_2024-06-11_00-51-29.webp.webp?fit=1200%2C675&ssl=1&resize=350%2C200 1x, https:\/\/i0.wp.com\/ismaelcolosi.com.br\/wp-content\/uploads\/2024\/06\/Copia-de-Copia-de-TAMANHO-EXATO-PARA-FOTOS-NO-SISTEMA-NOVO-74_2024-06-11_00-51-29_png_2024-06-11_00-51-29.webp.webp?fit=1200%2C675&ssl=1&resize=525%2C300 1.5x, https:\/\/i0.wp.com\/ismaelcolosi.com.br\/wp-content\/uploads\/2024\/06\/Copia-de-Copia-de-TAMANHO-EXATO-PARA-FOTOS-NO-SISTEMA-NOVO-74_2024-06-11_00-51-29_png_2024-06-11_00-51-29.webp.webp?fit=1200%2C675&ssl=1&resize=700%2C400 2x, https:\/\/i0.wp.com\/ismaelcolosi.com.br\/wp-content\/uploads\/2024\/06\/Copia-de-Copia-de-TAMANHO-EXATO-PARA-FOTOS-NO-SISTEMA-NOVO-74_2024-06-11_00-51-29_png_2024-06-11_00-51-29.webp.webp?fit=1200%2C675&ssl=1&resize=1050%2C600 3x"},"classes":[]},{"id":64985,"url":"https:\/\/ismaelcolosi.com.br\/index.php\/2024\/09\/10\/policia-diz-que-todo-dinheiro-foi-queimado-em-ataque-a-carro-forte-no-interior-de-sp\/","url_meta":{"origin":65343,"position":4},"title":"Pol\u00edcia diz que todo dinheiro foi queimado em ataque a carro-forte no interior de SP","author":"ismaelcolosi.com.br","date":"10 de September de 2024","format":false,"excerpt":"Os assaltantes que atacaram um carro-forte no in\u00edcio da noite desta segunda-feira (9), na rodovia C\u00e2ndido Portinari (SP-334), em Franca, cidade a aproximadamente 80 quil\u00f4metros de Ribeir\u00e3o Preto, n\u00e3o conseguiram abrir os tr\u00eas cofres do ve\u00edculo de transporte de valores e todo o conte\u00fado foi queimado na a\u00e7\u00e3o com uso\u2026","rel":"","context":"In &quot;Not\u00edcias de Ribeir\u00e3o Preto-SP e Regi\u00e3o&quot;","block_context":{"text":"Not\u00edcias de Ribeir\u00e3o Preto-SP e Regi\u00e3o","link":"https:\/\/ismaelcolosi.com.br\/index.php\/category\/noticias-de-ribeirao-preto-sp-e-regiao-ismael-colosi\/"},"img":{"alt_text":"","src":"https:\/\/i0.wp.com\/ismaelcolosi.com.br\/wp-content\/uploads\/2024\/09\/WhatsApp-Image-2024-09-09-at-21.18.01_2024-09-10_13-04-30_jpeg_2024-09-10_13-04-31-scaled.webp.webp?fit=1200%2C675&ssl=1&resize=350%2C200","width":350,"height":200,"srcset":"https:\/\/i0.wp.com\/ismaelcolosi.com.br\/wp-content\/uploads\/2024\/09\/WhatsApp-Image-2024-09-09-at-21.18.01_2024-09-10_13-04-30_jpeg_2024-09-10_13-04-31-scaled.webp.webp?fit=1200%2C675&ssl=1&resize=350%2C200 1x, https:\/\/i0.wp.com\/ismaelcolosi.com.br\/wp-content\/uploads\/2024\/09\/WhatsApp-Image-2024-09-09-at-21.18.01_2024-09-10_13-04-30_jpeg_2024-09-10_13-04-31-scaled.webp.webp?fit=1200%2C675&ssl=1&resize=525%2C300 1.5x, https:\/\/i0.wp.com\/ismaelcolosi.com.br\/wp-content\/uploads\/2024\/09\/WhatsApp-Image-2024-09-09-at-21.18.01_2024-09-10_13-04-30_jpeg_2024-09-10_13-04-31-scaled.webp.webp?fit=1200%2C675&ssl=1&resize=700%2C400 2x, https:\/\/i0.wp.com\/ismaelcolosi.com.br\/wp-content\/uploads\/2024\/09\/WhatsApp-Image-2024-09-09-at-21.18.01_2024-09-10_13-04-30_jpeg_2024-09-10_13-04-31-scaled.webp.webp?fit=1200%2C675&ssl=1&resize=1050%2C600 3x"},"classes":[]},{"id":64927,"url":"https:\/\/ismaelcolosi.com.br\/index.php\/2024\/09\/09\/o-que-se-sabe-sobre-ataque-a-carro-forte-no-interior-de-sp\/","url_meta":{"origin":65343,"position":5},"title":"O que se sabe sobre ataque a carro-forte no interior de SP","author":"ismaelcolosi.com.br","date":"9 de September de 2024","format":false,"excerpt":"Uma tentativa de assalto a carro-forte foi registrada no in\u00edcio da noite desta segunda-feira (9), pr\u00f3ximo ao quil\u00f4metro 384 da rodovia C\u00e2ndido Portinari (SP-334), em Restinga, cidade na regi\u00e3o de Ribeir\u00e3o Preto. Os criminosos abordaram um caminh\u00e3o na rodovia e atravessaram o ve\u00edculo na pista. O crime aconteceu por volta\u2026","rel":"","context":"In &quot;Not\u00edcias de Ribeir\u00e3o Preto-SP e Regi\u00e3o&quot;","block_context":{"text":"Not\u00edcias de Ribeir\u00e3o Preto-SP e Regi\u00e3o","link":"https:\/\/ismaelcolosi.com.br\/index.php\/category\/noticias-de-ribeirao-preto-sp-e-regiao-ismael-colosi\/"},"img":{"alt_text":"","src":"https:\/\/i0.wp.com\/ismaelcolosi.com.br\/wp-content\/uploads\/2024\/09\/Copia-de-Copia-de-Copia-de-TAMANHO-EXATO-PARA-FOTOS-NO-SISTEMA-NOVO-43_2024-09-10_01-41-49_png_2024-09-10_01-41-49.webp.webp?fit=1200%2C675&ssl=1&resize=350%2C200","width":350,"height":200,"srcset":"https:\/\/i0.wp.com\/ismaelcolosi.com.br\/wp-content\/uploads\/2024\/09\/Copia-de-Copia-de-Copia-de-TAMANHO-EXATO-PARA-FOTOS-NO-SISTEMA-NOVO-43_2024-09-10_01-41-49_png_2024-09-10_01-41-49.webp.webp?fit=1200%2C675&ssl=1&resize=350%2C200 1x, https:\/\/i0.wp.com\/ismaelcolosi.com.br\/wp-content\/uploads\/2024\/09\/Copia-de-Copia-de-Copia-de-TAMANHO-EXATO-PARA-FOTOS-NO-SISTEMA-NOVO-43_2024-09-10_01-41-49_png_2024-09-10_01-41-49.webp.webp?fit=1200%2C675&ssl=1&resize=525%2C300 1.5x, https:\/\/i0.wp.com\/ismaelcolosi.com.br\/wp-content\/uploads\/2024\/09\/Copia-de-Copia-de-Copia-de-TAMANHO-EXATO-PARA-FOTOS-NO-SISTEMA-NOVO-43_2024-09-10_01-41-49_png_2024-09-10_01-41-49.webp.webp?fit=1200%2C675&ssl=1&resize=700%2C400 2x, https:\/\/i0.wp.com\/ismaelcolosi.com.br\/wp-content\/uploads\/2024\/09\/Copia-de-Copia-de-Copia-de-TAMANHO-EXATO-PARA-FOTOS-NO-SISTEMA-NOVO-43_2024-09-10_01-41-49_png_2024-09-10_01-41-49.webp.webp?fit=1200%2C675&ssl=1&resize=1050%2C600 3x"},"classes":[]}],"jetpack_sharing_enabled":true,"jetpack_shortlink":"https:\/\/wp.me\/pfMlyK-gZV","_links":{"self":[{"href":"https:\/\/ismaelcolosi.com.br\/index.php\/wp-json\/wp\/v2\/posts\/65343","targetHints":{"allow":["GET"]}}],"collection":[{"href":"https:\/\/ismaelcolosi.com.br\/index.php\/wp-json\/wp\/v2\/posts"}],"about":[{"href":"https:\/\/ismaelcolosi.com.br\/index.php\/wp-json\/wp\/v2\/types\/post"}],"author":[{"embeddable":true,"href":"https:\/\/ismaelcolosi.com.br\/index.php\/wp-json\/wp\/v2\/users\/1"}],"replies":[{"embeddable":true,"href":"https:\/\/ismaelcolosi.com.br\/index.php\/wp-json\/wp\/v2\/comments?post=65343"}],"version-history":[{"count":0,"href":"https:\/\/ismaelcolosi.com.br\/index.php\/wp-json\/wp\/v2\/posts\/65343\/revisions"}],"wp:featuredmedia":[{"embeddable":true,"href":"https:\/\/ismaelcolosi.com.br\/index.php\/wp-json\/wp\/v2\/media\/65344"}],"wp:attachment":[{"href":"https:\/\/ismaelcolosi.com.br\/index.php\/wp-json\/wp\/v2\/media?parent=65343"}],"wp:term":[{"taxonomy":"category","embeddable":true,"href":"https:\/\/ismaelcolosi.com.br\/index.php\/wp-json\/wp\/v2\/categories?post=65343"},{"taxonomy":"post_tag","embeddable":true,"href":"https:\/\/ismaelcolosi.com.br\/index.php\/wp-json\/wp\/v2\/tags?post=65343"}],"curies":[{"name":"wp","href":"https:\/\/api.w.org\/{rel}","templated":true}]}}