{"id":65336,"date":"2024-09-11T19:25:39","date_gmt":"2024-09-11T22:25:39","guid":{"rendered":"https:\/\/ismaelcolosi.com.br\/index.php\/2024\/09\/11\/policial-foi-morto-durante-acao-de-criminosos-em-rodovia-na-regiao-de-ribeirao\/"},"modified":"2024-09-11T19:25:39","modified_gmt":"2024-09-11T22:25:39","slug":"policial-foi-morto-durante-acao-de-criminosos-em-rodovia-na-regiao-de-ribeirao","status":"publish","type":"post","link":"https:\/\/ismaelcolosi.com.br\/index.php\/2024\/09\/11\/policial-foi-morto-durante-acao-de-criminosos-em-rodovia-na-regiao-de-ribeirao\/","title":{"rendered":"Policial foi morto durante a\u00e7\u00e3o de criminosos em rodovia na regi\u00e3o de Ribeir\u00e3o"},"content":{"rendered":"<p> <br \/>\n<\/p>\n<div data-td-block-uid=\"tdi_106\">\n<div class=\"tdb-block-inner td-fix-index\">\n<p>O sargento Marcio Ribeiro, do <strong>Baep (Batalh\u00e3o de A\u00e7\u00f5es Especiais de Pol\u00edcia) de Ribeir\u00e3o Preto<\/strong>, morreu durante a a\u00e7\u00e3o de criminosos na tarde desta quarta-feira (11), entre Cajuru e Altin\u00f3polis.<\/p>\n<p>De acordo com a<strong> SSP-SP (Secretaria de Seguran\u00e7a P\u00fablica de S\u00e3o Paulo)<\/strong>, o policial e sua equipe realizavam patrulhamento na rodovia Joaquim Ferreira (SP-338) quando se depararam com um carro ocupado por tr\u00eas suspeitos de participa\u00e7\u00e3o no ataque a um carro forte em Franca, na \u00faltima segunda-feira (9).<\/p>\n<p><mark style=\"background-color:#fcb900\" class=\"has-inline-color has-black-color\">A pasta informou que ao perceberem a presen\u00e7a da pol\u00edcia, os criminosos desembarcaram e dispararam contra a equipe<\/mark>, que interveio. Na a\u00e7\u00e3o, tr\u00eas criminosos e o sargento do Baep foram baleados e n\u00e3o resistiram aos ferimentos.<\/p>\n<p>Com a quadrilha, foram apreendidos quatro fuzis, coletes bal\u00edsticos e muni\u00e7\u00f5es. A per\u00edcia foi acionada e os fatos ser\u00e3o registrados na Deic (Divis\u00e3o Especializada de Investiga\u00e7\u00f5es Criminais) de Ribeir\u00e3o Preto.<\/p>\n<p>SAIBA MAIS<br \/>Depois da Recra: clube e hotel v\u00e3o a leil\u00e3o em Ribeir\u00e3o Preto<\/p>\n<h4 class=\"wp-block-heading\"><strong>FIQUE ON<\/strong><\/h4>\n<p>Fique ligado em tudo que acontece em Ribeir\u00e3o Preto e regi\u00e3o. Siga os perfis do <strong>acidade on<\/strong> no <a href=\"https:\/\/www.instagram.com\/acidadeonribeirao\" target=\"_blank\" rel=\"noreferrer noopener nofollow\">Instagram<\/a> e no <a href=\"https:\/\/www.facebook.com\/acidadeonribeirao\/\" target=\"_blank\" rel=\"noreferrer noopener nofollow\">Facebook<\/a>.<\/p>\n<p>Receba not\u00edcias do<strong> acidade on<\/strong> no WhatsApp. <a href=\"https:\/\/chat.whatsapp.com\/Dtv9mxhy6V5BJBotM2OQ5k\" target=\"_blank\" rel=\"noreferrer noopener nofollow\">Para entrar no grupo, basta clicar aqui.<\/a><\/p>\n<p>Fa\u00e7a uma den\u00fancia ou sugira uma reportagem sobre Ribeir\u00e3o Preto e regi\u00e3o pelo WhatsApp: 16 99117 7802.<\/p>\n<p>VEJA TAMB\u00c9M<br \/>O hor\u00e1rio de ver\u00e3o vai voltar?<\/p>\n<p><!-- CONTENT END 1 -->\n<\/div>\n<\/div>\n<p><script async src=\"\/\/www.instagram.com\/embed.js\"><\/script><br \/>\n<br \/><br \/>\n<br \/><a href=\"https:\/\/www.acidadeon.com\/ribeiraopreto\/cotidiano\/policial-foi-morto-durante-acao-de-criminosos-em-rodovia-na-regiao-de-ribeirao\/\">Source link <\/a><\/p>\n","protected":false},"excerpt":{"rendered":"<p>O sargento Marcio Ribeiro, do Baep (Batalh\u00e3o de A\u00e7\u00f5es Especiais de Pol\u00edcia) de Ribeir\u00e3o Preto, morreu durante a a\u00e7\u00e3o de criminosos na tarde desta quarta-feira&#8230;<\/p>\n","protected":false},"author":1,"featured_media":65337,"comment_status":"open","ping_status":"open","sticky":false,"template":"","format":"standard","meta":{"_uag_custom_page_level_css":"","advanced_seo_description":"","jetpack_seo_html_title":"","jetpack_seo_noindex":false,"jetpack_post_was_ever_published":false,"_jetpack_newsletter_access":"","_jetpack_dont_email_post_to_subs":false,"_jetpack_newsletter_tier_id":0,"_jetpack_memberships_contains_paywalled_content":false,"_jetpack_memberships_contains_paid_content":false,"footnotes":"","jetpack_publicize_message":"","jetpack_publicize_feature_enabled":true,"jetpack_social_post_already_shared":true,"jetpack_social_options":{"image_generator_settings":{"template":"highway","default_image_id":0,"font":"","enabled":false},"version":2}},"categories":[11],"tags":[],"class_list":["post-65336","post","type-post","status-publish","format-standard","has-post-thumbnail","hentry","category-noticias-de-ribeirao-preto-sp-e-regiao-ismael-colosi"],"jetpack_publicize_connections":[],"jetpack_featured_media_url":"https:\/\/i0.wp.com\/ismaelcolosi.com.br\/wp-content\/uploads\/2024\/09\/marcio-carcara_2024-09-11_21-50-59_jpg_2024-09-11_21-50-59.webp.webp?fit=1200%2C864&ssl=1","uagb_featured_image_src":{"full":["https:\/\/i0.wp.com\/ismaelcolosi.com.br\/wp-content\/uploads\/2024\/09\/marcio-carcara_2024-09-11_21-50-59_jpg_2024-09-11_21-50-59.webp.webp?fit=1200%2C864&ssl=1",1200,864,false],"thumbnail":["https:\/\/i0.wp.com\/ismaelcolosi.com.br\/wp-content\/uploads\/2024\/09\/marcio-carcara_2024-09-11_21-50-59_jpg_2024-09-11_21-50-59.webp.webp?resize=150%2C150&ssl=1",150,150,true],"medium":["https:\/\/i0.wp.com\/ismaelcolosi.com.br\/wp-content\/uploads\/2024\/09\/marcio-carcara_2024-09-11_21-50-59_jpg_2024-09-11_21-50-59.webp.webp?fit=300%2C216&ssl=1",300,216,true],"medium_large":["https:\/\/i0.wp.com\/ismaelcolosi.com.br\/wp-content\/uploads\/2024\/09\/marcio-carcara_2024-09-11_21-50-59_jpg_2024-09-11_21-50-59.webp.webp?fit=768%2C553&ssl=1",768,553,true],"large":["https:\/\/i0.wp.com\/ismaelcolosi.com.br\/wp-content\/uploads\/2024\/09\/marcio-carcara_2024-09-11_21-50-59_jpg_2024-09-11_21-50-59.webp.webp?fit=1024%2C737&ssl=1",1024,737,true],"1536x1536":["https:\/\/i0.wp.com\/ismaelcolosi.com.br\/wp-content\/uploads\/2024\/09\/marcio-carcara_2024-09-11_21-50-59_jpg_2024-09-11_21-50-59.webp.webp?fit=1200%2C864&ssl=1",1200,864,true],"2048x2048":["https:\/\/i0.wp.com\/ismaelcolosi.com.br\/wp-content\/uploads\/2024\/09\/marcio-carcara_2024-09-11_21-50-59_jpg_2024-09-11_21-50-59.webp.webp?fit=1200%2C864&ssl=1",1200,864,true],"really-simple-thumb":["https:\/\/i0.wp.com\/ismaelcolosi.com.br\/wp-content\/uploads\/2024\/09\/marcio-carcara_2024-09-11_21-50-59_jpg_2024-09-11_21-50-59.webp.webp?resize=370%2C247&ssl=1",370,247,true]},"uagb_author_info":{"display_name":"ismaelcolosi.com.br","author_link":"https:\/\/ismaelcolosi.com.br\/index.php\/author\/vidareal-online\/"},"uagb_comment_info":0,"uagb_excerpt":"O sargento Marcio Ribeiro, do Baep (Batalh\u00e3o de A\u00e7\u00f5es Especiais de Pol\u00edcia) de Ribeir\u00e3o Preto, morreu durante a a\u00e7\u00e3o de criminosos na tarde desta quarta-feira...","jetpack-related-posts":[{"id":65343,"url":"https:\/\/ismaelcolosi.com.br\/index.php\/2024\/09\/11\/suspeito-de-ataque-a-carro-forte-ja-foi-preso-com-arsenal-de-guerra\/","url_meta":{"origin":65336,"position":0},"title":"Suspeito de ataque a carro-forte j\u00e1 foi preso com arsenal de guerra","author":"ismaelcolosi.com.br","date":"11 de September de 2024","format":false,"excerpt":"Roberto Marques Trov\u00e3o Lafaeff, preso na ter\u00e7a-feira (10), pela suspeita de envolvimento no ataque a carro-forte na regi\u00e3o de Ribeir\u00e3o Preto, j\u00e1 era conhecido pelos policiais do Departamento Estadual de Investiga\u00e7\u00f5es Criminais (Deic). Conforme a Secretaria de Seguran\u00e7a P\u00fablica de S\u00e3o Paulo (SSP-SP), Lafaeff teria sido preso em flagrante em\u2026","rel":"","context":"In &quot;Not\u00edcias de Ribeir\u00e3o Preto-SP e Regi\u00e3o&quot;","block_context":{"text":"Not\u00edcias de Ribeir\u00e3o Preto-SP e Regi\u00e3o","link":"https:\/\/ismaelcolosi.com.br\/index.php\/category\/noticias-de-ribeirao-preto-sp-e-regiao-ismael-colosi\/"},"img":{"alt_text":"","src":"https:\/\/i0.wp.com\/ismaelcolosi.com.br\/wp-content\/uploads\/2024\/09\/Copia-de-Copia-de-Copia-de-TAMANHO-EXATO-PARA-FOTOS-NO-SISTEMA-NOVO-49_2024-09-11_22-30-14_png_2024-09-11_22-30-15.webp.webp?fit=1200%2C675&ssl=1&resize=350%2C200","width":350,"height":200,"srcset":"https:\/\/i0.wp.com\/ismaelcolosi.com.br\/wp-content\/uploads\/2024\/09\/Copia-de-Copia-de-Copia-de-TAMANHO-EXATO-PARA-FOTOS-NO-SISTEMA-NOVO-49_2024-09-11_22-30-14_png_2024-09-11_22-30-15.webp.webp?fit=1200%2C675&ssl=1&resize=350%2C200 1x, https:\/\/i0.wp.com\/ismaelcolosi.com.br\/wp-content\/uploads\/2024\/09\/Copia-de-Copia-de-Copia-de-TAMANHO-EXATO-PARA-FOTOS-NO-SISTEMA-NOVO-49_2024-09-11_22-30-14_png_2024-09-11_22-30-15.webp.webp?fit=1200%2C675&ssl=1&resize=525%2C300 1.5x, https:\/\/i0.wp.com\/ismaelcolosi.com.br\/wp-content\/uploads\/2024\/09\/Copia-de-Copia-de-Copia-de-TAMANHO-EXATO-PARA-FOTOS-NO-SISTEMA-NOVO-49_2024-09-11_22-30-14_png_2024-09-11_22-30-15.webp.webp?fit=1200%2C675&ssl=1&resize=700%2C400 2x, https:\/\/i0.wp.com\/ismaelcolosi.com.br\/wp-content\/uploads\/2024\/09\/Copia-de-Copia-de-Copia-de-TAMANHO-EXATO-PARA-FOTOS-NO-SISTEMA-NOVO-49_2024-09-11_22-30-14_png_2024-09-11_22-30-15.webp.webp?fit=1200%2C675&ssl=1&resize=1050%2C600 3x"},"classes":[]},{"id":65433,"url":"https:\/\/ismaelcolosi.com.br\/index.php\/2024\/09\/12\/policial-militar-morto-em-confronto-e-velado-em-ribeirao-preto\/","url_meta":{"origin":65336,"position":1},"title":"Policial militar morto em confronto \u00e9 velado em Ribeir\u00e3o Preto","author":"ismaelcolosi.com.br","date":"12 de September de 2024","format":false,"excerpt":"O vel\u00f3rio do sargento da PM (Pol\u00edcia Militar) Marcio Ribeiro \u00e9 realizado nesta quinta-feira (12), na sede do Comando de Policiamento do Interior (CPI) 3, na zona Norte de Ribeir\u00e3o Preto. O policial, que pertencia ao 11\u00ba Baep (Batalh\u00e3o de A\u00e7\u00f5es Especiais de Pol\u00edcia), foi morto nesta quarta-feira (11), durante\u2026","rel":"","context":"In &quot;Not\u00edcias de Ribeir\u00e3o Preto-SP e Regi\u00e3o&quot;","block_context":{"text":"Not\u00edcias de Ribeir\u00e3o Preto-SP e Regi\u00e3o","link":"https:\/\/ismaelcolosi.com.br\/index.php\/category\/noticias-de-ribeirao-preto-sp-e-regiao-ismael-colosi\/"},"img":{"alt_text":"","src":"https:\/\/i0.wp.com\/ismaelcolosi.com.br\/wp-content\/uploads\/2024\/09\/marcio-carcara_2024-09-11_21-50-59_jpg_2024-09-11_21-50-59.webp.webp?fit=1200%2C864&ssl=1&resize=350%2C200","width":350,"height":200,"srcset":"https:\/\/i0.wp.com\/ismaelcolosi.com.br\/wp-content\/uploads\/2024\/09\/marcio-carcara_2024-09-11_21-50-59_jpg_2024-09-11_21-50-59.webp.webp?fit=1200%2C864&ssl=1&resize=350%2C200 1x, https:\/\/i0.wp.com\/ismaelcolosi.com.br\/wp-content\/uploads\/2024\/09\/marcio-carcara_2024-09-11_21-50-59_jpg_2024-09-11_21-50-59.webp.webp?fit=1200%2C864&ssl=1&resize=525%2C300 1.5x, https:\/\/i0.wp.com\/ismaelcolosi.com.br\/wp-content\/uploads\/2024\/09\/marcio-carcara_2024-09-11_21-50-59_jpg_2024-09-11_21-50-59.webp.webp?fit=1200%2C864&ssl=1&resize=700%2C400 2x, https:\/\/i0.wp.com\/ismaelcolosi.com.br\/wp-content\/uploads\/2024\/09\/marcio-carcara_2024-09-11_21-50-59_jpg_2024-09-11_21-50-59.webp.webp?fit=1200%2C864&ssl=1&resize=1050%2C600 3x"},"classes":[]},{"id":64927,"url":"https:\/\/ismaelcolosi.com.br\/index.php\/2024\/09\/09\/o-que-se-sabe-sobre-ataque-a-carro-forte-no-interior-de-sp\/","url_meta":{"origin":65336,"position":2},"title":"O que se sabe sobre ataque a carro-forte no interior de SP","author":"ismaelcolosi.com.br","date":"9 de September de 2024","format":false,"excerpt":"Uma tentativa de assalto a carro-forte foi registrada no in\u00edcio da noite desta segunda-feira (9), pr\u00f3ximo ao quil\u00f4metro 384 da rodovia C\u00e2ndido Portinari (SP-334), em Restinga, cidade na regi\u00e3o de Ribeir\u00e3o Preto. Os criminosos abordaram um caminh\u00e3o na rodovia e atravessaram o ve\u00edculo na pista. O crime aconteceu por volta\u2026","rel":"","context":"In &quot;Not\u00edcias de Ribeir\u00e3o Preto-SP e Regi\u00e3o&quot;","block_context":{"text":"Not\u00edcias de Ribeir\u00e3o Preto-SP e Regi\u00e3o","link":"https:\/\/ismaelcolosi.com.br\/index.php\/category\/noticias-de-ribeirao-preto-sp-e-regiao-ismael-colosi\/"},"img":{"alt_text":"","src":"https:\/\/i0.wp.com\/ismaelcolosi.com.br\/wp-content\/uploads\/2024\/09\/Copia-de-Copia-de-Copia-de-TAMANHO-EXATO-PARA-FOTOS-NO-SISTEMA-NOVO-43_2024-09-10_01-41-49_png_2024-09-10_01-41-49.webp.webp?fit=1200%2C675&ssl=1&resize=350%2C200","width":350,"height":200,"srcset":"https:\/\/i0.wp.com\/ismaelcolosi.com.br\/wp-content\/uploads\/2024\/09\/Copia-de-Copia-de-Copia-de-TAMANHO-EXATO-PARA-FOTOS-NO-SISTEMA-NOVO-43_2024-09-10_01-41-49_png_2024-09-10_01-41-49.webp.webp?fit=1200%2C675&ssl=1&resize=350%2C200 1x, https:\/\/i0.wp.com\/ismaelcolosi.com.br\/wp-content\/uploads\/2024\/09\/Copia-de-Copia-de-Copia-de-TAMANHO-EXATO-PARA-FOTOS-NO-SISTEMA-NOVO-43_2024-09-10_01-41-49_png_2024-09-10_01-41-49.webp.webp?fit=1200%2C675&ssl=1&resize=525%2C300 1.5x, https:\/\/i0.wp.com\/ismaelcolosi.com.br\/wp-content\/uploads\/2024\/09\/Copia-de-Copia-de-Copia-de-TAMANHO-EXATO-PARA-FOTOS-NO-SISTEMA-NOVO-43_2024-09-10_01-41-49_png_2024-09-10_01-41-49.webp.webp?fit=1200%2C675&ssl=1&resize=700%2C400 2x, https:\/\/i0.wp.com\/ismaelcolosi.com.br\/wp-content\/uploads\/2024\/09\/Copia-de-Copia-de-Copia-de-TAMANHO-EXATO-PARA-FOTOS-NO-SISTEMA-NOVO-43_2024-09-10_01-41-49_png_2024-09-10_01-41-49.webp.webp?fit=1200%2C675&ssl=1&resize=1050%2C600 3x"},"classes":[]},{"id":64985,"url":"https:\/\/ismaelcolosi.com.br\/index.php\/2024\/09\/10\/policia-diz-que-todo-dinheiro-foi-queimado-em-ataque-a-carro-forte-no-interior-de-sp\/","url_meta":{"origin":65336,"position":3},"title":"Pol\u00edcia diz que todo dinheiro foi queimado em ataque a carro-forte no interior de SP","author":"ismaelcolosi.com.br","date":"10 de September de 2024","format":false,"excerpt":"Os assaltantes que atacaram um carro-forte no in\u00edcio da noite desta segunda-feira (9), na rodovia C\u00e2ndido Portinari (SP-334), em Franca, cidade a aproximadamente 80 quil\u00f4metros de Ribeir\u00e3o Preto, n\u00e3o conseguiram abrir os tr\u00eas cofres do ve\u00edculo de transporte de valores e todo o conte\u00fado foi queimado na a\u00e7\u00e3o com uso\u2026","rel":"","context":"In &quot;Not\u00edcias de Ribeir\u00e3o Preto-SP e Regi\u00e3o&quot;","block_context":{"text":"Not\u00edcias de Ribeir\u00e3o Preto-SP e Regi\u00e3o","link":"https:\/\/ismaelcolosi.com.br\/index.php\/category\/noticias-de-ribeirao-preto-sp-e-regiao-ismael-colosi\/"},"img":{"alt_text":"","src":"https:\/\/i0.wp.com\/ismaelcolosi.com.br\/wp-content\/uploads\/2024\/09\/WhatsApp-Image-2024-09-09-at-21.18.01_2024-09-10_13-04-30_jpeg_2024-09-10_13-04-31-scaled.webp.webp?fit=1200%2C675&ssl=1&resize=350%2C200","width":350,"height":200,"srcset":"https:\/\/i0.wp.com\/ismaelcolosi.com.br\/wp-content\/uploads\/2024\/09\/WhatsApp-Image-2024-09-09-at-21.18.01_2024-09-10_13-04-30_jpeg_2024-09-10_13-04-31-scaled.webp.webp?fit=1200%2C675&ssl=1&resize=350%2C200 1x, https:\/\/i0.wp.com\/ismaelcolosi.com.br\/wp-content\/uploads\/2024\/09\/WhatsApp-Image-2024-09-09-at-21.18.01_2024-09-10_13-04-30_jpeg_2024-09-10_13-04-31-scaled.webp.webp?fit=1200%2C675&ssl=1&resize=525%2C300 1.5x, https:\/\/i0.wp.com\/ismaelcolosi.com.br\/wp-content\/uploads\/2024\/09\/WhatsApp-Image-2024-09-09-at-21.18.01_2024-09-10_13-04-30_jpeg_2024-09-10_13-04-31-scaled.webp.webp?fit=1200%2C675&ssl=1&resize=700%2C400 2x, https:\/\/i0.wp.com\/ismaelcolosi.com.br\/wp-content\/uploads\/2024\/09\/WhatsApp-Image-2024-09-09-at-21.18.01_2024-09-10_13-04-30_jpeg_2024-09-10_13-04-31-scaled.webp.webp?fit=1200%2C675&ssl=1&resize=1050%2C600 3x"},"classes":[]},{"id":52796,"url":"https:\/\/ismaelcolosi.com.br\/index.php\/2024\/06\/10\/criminosos-atacam-carro-forte-com-explosivos-e-metralhadora-em-rodovia-no-interior-de-sp\/","url_meta":{"origin":65336,"position":4},"title":"Criminosos atacam carro-forte com explosivos e metralhadora em rodovia no interior de SP","author":"ismaelcolosi.com.br","date":"10 de June de 2024","format":false,"excerpt":"Criminosos tentaram assaltar um carro-forte, na noite desta segunda-feira (10), na rodovia Engenheiro Thales de Lorena Peixoto Junior (SP-318), em um trecho que liga S\u00e3o Carlos a Ribeir\u00e3o Preto. De acordo com a apura\u00e7\u00e3o do portal acidade on S\u00e3o Carlos, a tentativa de assalto aconteceu pr\u00f3ximo ao ped\u00e1gio, no km\u2026","rel":"","context":"In &quot;Not\u00edcias de Ribeir\u00e3o Preto-SP e Regi\u00e3o&quot;","block_context":{"text":"Not\u00edcias de Ribeir\u00e3o Preto-SP e Regi\u00e3o","link":"https:\/\/ismaelcolosi.com.br\/index.php\/category\/noticias-de-ribeirao-preto-sp-e-regiao-ismael-colosi\/"},"img":{"alt_text":"","src":"https:\/\/i0.wp.com\/ismaelcolosi.com.br\/wp-content\/uploads\/2024\/06\/Copia-de-Copia-de-TAMANHO-EXATO-PARA-FOTOS-NO-SISTEMA-NOVO-74_2024-06-11_00-51-29_png_2024-06-11_00-51-29.webp.webp?fit=1200%2C675&ssl=1&resize=350%2C200","width":350,"height":200,"srcset":"https:\/\/i0.wp.com\/ismaelcolosi.com.br\/wp-content\/uploads\/2024\/06\/Copia-de-Copia-de-TAMANHO-EXATO-PARA-FOTOS-NO-SISTEMA-NOVO-74_2024-06-11_00-51-29_png_2024-06-11_00-51-29.webp.webp?fit=1200%2C675&ssl=1&resize=350%2C200 1x, https:\/\/i0.wp.com\/ismaelcolosi.com.br\/wp-content\/uploads\/2024\/06\/Copia-de-Copia-de-TAMANHO-EXATO-PARA-FOTOS-NO-SISTEMA-NOVO-74_2024-06-11_00-51-29_png_2024-06-11_00-51-29.webp.webp?fit=1200%2C675&ssl=1&resize=525%2C300 1.5x, https:\/\/i0.wp.com\/ismaelcolosi.com.br\/wp-content\/uploads\/2024\/06\/Copia-de-Copia-de-TAMANHO-EXATO-PARA-FOTOS-NO-SISTEMA-NOVO-74_2024-06-11_00-51-29_png_2024-06-11_00-51-29.webp.webp?fit=1200%2C675&ssl=1&resize=700%2C400 2x, https:\/\/i0.wp.com\/ismaelcolosi.com.br\/wp-content\/uploads\/2024\/06\/Copia-de-Copia-de-TAMANHO-EXATO-PARA-FOTOS-NO-SISTEMA-NOVO-74_2024-06-11_00-51-29_png_2024-06-11_00-51-29.webp.webp?fit=1200%2C675&ssl=1&resize=1050%2C600 3x"},"classes":[]},{"id":65282,"url":"https:\/\/ismaelcolosi.com.br\/index.php\/2024\/09\/11\/acao-de-bandidos-movimenta-policia-na-regiao-de-ribeirao-preto\/","url_meta":{"origin":65336,"position":5},"title":"A\u00e7\u00e3o de bandidos movimenta pol\u00edcia na regi\u00e3o de Ribeir\u00e3o Preto","author":"ismaelcolosi.com.br","date":"11 de September de 2024","format":false,"excerpt":"Agentes do Batalh\u00e3o de A\u00e7\u00f5es Especiais de Pol\u00edcia (BAEP) atendem uma ocorr\u00eancia envolvendo troca de tiros pr\u00f3ximo ao trevo de Altin\u00f3polis, na rodovia Joaquim Ferreira (SP-338), entre Cajuru e Altin\u00f3polis, cidades na regi\u00e3o de Ribeir\u00e3o Preto. De acordo com as primeiras informa\u00e7\u00f5es, tr\u00eas pessoas foram baleadas: um policial, um criminoso\u2026","rel":"","context":"In &quot;Not\u00edcias de Ribeir\u00e3o Preto-SP e Regi\u00e3o&quot;","block_context":{"text":"Not\u00edcias de Ribeir\u00e3o Preto-SP e Regi\u00e3o","link":"https:\/\/ismaelcolosi.com.br\/index.php\/category\/noticias-de-ribeirao-preto-sp-e-regiao-ismael-colosi\/"},"img":{"alt_text":"","src":"https:\/\/i0.wp.com\/ismaelcolosi.com.br\/wp-content\/uploads\/2024\/09\/novo-ataque_2024-09-11_18-42-26_jpg_2024-09-11_18-42-26.webp.webp?fit=1200%2C985&ssl=1&resize=350%2C200","width":350,"height":200,"srcset":"https:\/\/i0.wp.com\/ismaelcolosi.com.br\/wp-content\/uploads\/2024\/09\/novo-ataque_2024-09-11_18-42-26_jpg_2024-09-11_18-42-26.webp.webp?fit=1200%2C985&ssl=1&resize=350%2C200 1x, https:\/\/i0.wp.com\/ismaelcolosi.com.br\/wp-content\/uploads\/2024\/09\/novo-ataque_2024-09-11_18-42-26_jpg_2024-09-11_18-42-26.webp.webp?fit=1200%2C985&ssl=1&resize=525%2C300 1.5x, https:\/\/i0.wp.com\/ismaelcolosi.com.br\/wp-content\/uploads\/2024\/09\/novo-ataque_2024-09-11_18-42-26_jpg_2024-09-11_18-42-26.webp.webp?fit=1200%2C985&ssl=1&resize=700%2C400 2x, https:\/\/i0.wp.com\/ismaelcolosi.com.br\/wp-content\/uploads\/2024\/09\/novo-ataque_2024-09-11_18-42-26_jpg_2024-09-11_18-42-26.webp.webp?fit=1200%2C985&ssl=1&resize=1050%2C600 3x"},"classes":[]}],"jetpack_sharing_enabled":true,"jetpack_shortlink":"https:\/\/wp.me\/pfMlyK-gZO","_links":{"self":[{"href":"https:\/\/ismaelcolosi.com.br\/index.php\/wp-json\/wp\/v2\/posts\/65336","targetHints":{"allow":["GET"]}}],"collection":[{"href":"https:\/\/ismaelcolosi.com.br\/index.php\/wp-json\/wp\/v2\/posts"}],"about":[{"href":"https:\/\/ismaelcolosi.com.br\/index.php\/wp-json\/wp\/v2\/types\/post"}],"author":[{"embeddable":true,"href":"https:\/\/ismaelcolosi.com.br\/index.php\/wp-json\/wp\/v2\/users\/1"}],"replies":[{"embeddable":true,"href":"https:\/\/ismaelcolosi.com.br\/index.php\/wp-json\/wp\/v2\/comments?post=65336"}],"version-history":[{"count":0,"href":"https:\/\/ismaelcolosi.com.br\/index.php\/wp-json\/wp\/v2\/posts\/65336\/revisions"}],"wp:featuredmedia":[{"embeddable":true,"href":"https:\/\/ismaelcolosi.com.br\/index.php\/wp-json\/wp\/v2\/media\/65337"}],"wp:attachment":[{"href":"https:\/\/ismaelcolosi.com.br\/index.php\/wp-json\/wp\/v2\/media?parent=65336"}],"wp:term":[{"taxonomy":"category","embeddable":true,"href":"https:\/\/ismaelcolosi.com.br\/index.php\/wp-json\/wp\/v2\/categories?post=65336"},{"taxonomy":"post_tag","embeddable":true,"href":"https:\/\/ismaelcolosi.com.br\/index.php\/wp-json\/wp\/v2\/tags?post=65336"}],"curies":[{"name":"wp","href":"https:\/\/api.w.org\/{rel}","templated":true}]}}