{"id":65321,"date":"2024-09-11T18:06:03","date_gmt":"2024-09-11T21:06:03","guid":{"rendered":"https:\/\/ismaelcolosi.com.br\/index.php\/2024\/09\/11\/veja-o-que-os-candidatos-a-prefeitura-de-barretos-falaram-sobre-o-debate\/"},"modified":"2024-09-11T18:06:03","modified_gmt":"2024-09-11T21:06:03","slug":"veja-o-que-os-candidatos-a-prefeitura-de-barretos-falaram-sobre-o-debate","status":"publish","type":"post","link":"https:\/\/ismaelcolosi.com.br\/index.php\/2024\/09\/11\/veja-o-que-os-candidatos-a-prefeitura-de-barretos-falaram-sobre-o-debate\/","title":{"rendered":"Veja o que os candidatos \u00e0 Prefeitura de Barretos falaram sobre o debate"},"content":{"rendered":"<p> <br \/>\n<\/p>\n<div>\n<figure class=\"wp-block-embed is-type-video is-provider-youtube wp-block-embed-youtube wp-embed-aspect-4-3 wp-has-aspect-ratio\">\n<div class=\"wp-block-embed__wrapper\">\n<p><iframe loading=\"lazy\" title=\"DEBATE DOS CANDIDATOS A PREFEITURA DE BARRETOS\" width=\"500\" height=\"375\" src=\"https:\/\/www.youtube.com\/embed\/UGfh6PgS4oI?feature=oembed\" frameborder=\"0\" allow=\"accelerometer; autoplay; clipboard-write; encrypted-media; gyroscope; picture-in-picture; web-share\" referrerpolicy=\"strict-origin-when-cross-origin\" allowfullscreen><\/iframe><\/p>\n<\/div>\n<\/figure>\n<p>Os candidatos \u00e0 <strong>Prefeitura de Barretos<\/strong> participaram do debate realizado pelo <strong>Grupo EP<\/strong>, na tarde desta quarta-feira (11). O embate foi transmitido ao vivo pelo portal e canal no YouTube do <strong>acidade on Ribeir\u00e3o<\/strong>, pelo portal <a href=\"https:\/\/g1.globo.com\/sp\/ribeirao-preto-franca\/\" target=\"_blank\" rel=\"noreferrer noopener nofollow\"><strong>g1 Ribeir\u00e3o Preto e Franca<\/strong><\/a> e pela r\u00e1dio <strong><a href=\"https:\/\/www.cbnribeirao.com.br\/\" target=\"_blank\" rel=\"noreferrer noopener nofollow\">CBN Ribeir\u00e3o Preto<\/a><\/strong> (r\u00e1dio FM e canal no YouTube).<\/p>\n<p>Todos os tr\u00eas candidatos anunciados ap\u00f3s as conven\u00e7\u00f5es partid\u00e1rias foram convidados. S\u00e3o eles: <strong>Dr.<\/strong> <strong>Raphael Oliveira (Progressistas)<\/strong>, <strong>Odair Silva (Republicanos)<\/strong> e <strong>Tatiane Muzetti (PSDB)<\/strong>.<\/p>\n<p><mark style=\"background-color:#fcb900\" class=\"has-inline-color has-black-color\">A \u00edntegra do debate pode ser conferida no player no topo da reportagem.<\/mark><\/p>\n<h4 class=\"wp-block-heading\"><strong>Veja o que disseram:<\/strong><\/h4>\n<p><strong>Dr. Raphael Oliveira (Progressistas)<\/strong><\/p>\n<p>\u201cO debate foi muito bom. O debate foi produtivo de ideias novas e de id\u00e9ias renovadas. A popula\u00e7\u00e3o de Barretos tem que entender que \u00e9 que Barretos vai mudar no nosso governo. \u00c9 por isso que quero pedir a todo mundo para votar no 11, votar no Progressistas, votar no Raphael Oliveira, na Mariangela, por uma nova era em Barretos e por uma mudan\u00e7a de mentalidade, porque Barretos vai se desenvolver como nunca antes foi feito\u201d.<\/p>\n<p><strong>Odair Silva (Republicanos)<\/strong><\/p>\n<p>\u201c\u00c9 um momento extremamente oportuno para que a cidade possa conhecer as inten\u00e7\u00f5es de cada candidato. E ficou muito claro que n\u00f3s temos um plano para o desenvolvimento de Barretos. Esse desenvolvimento est\u00e1 nas m\u00e3os do eleitor agora. Tem que ser uma decis\u00e3o s\u00e1bia, positiva, porque a hist\u00f3ria de Barretos vai mudar a partir de 1\u00ba de janeiro nesse projeto que n\u00f3s criamos juntos no setor de desenvolvimento do Governo de S\u00e3o Paulo\u201d.<\/p>\n<p><strong>Tatiane Muzetti (PSDB)<\/strong><\/p>\n<p>\u201cAcho que o debate foi \u00f3timo. Eu acho que deu para cada candidato demonstrar quais s\u00e3o os objetivos, os prop\u00f3sitos, os intuitos deles para a cidade de Barretos. Eu venho a\u00ed demonstrar que realmente eu venho pelo povo de Barretos para fazer as mudan\u00e7as que precisam ser feitas. N\u00e3o fa\u00e7o parte da verean\u00e7a, n\u00e3o fa\u00e7o parte de grupos pol\u00edticos, venho, realmente, livre, desimpedida para fazer o que precisa ser feito na nossa cidade de Barretos\u201d.<\/p>\n<p>SAIBA MAIS<\/p>\n<p>Depois da Recra: clube e hotel v\u00e3o a leil\u00e3o em Ribeir\u00e3o Preto<\/p>\n<h4 class=\"wp-block-heading\"><strong>FIQUE ON<\/strong><\/h4>\n<p>Fique ligado em tudo que acontece em Ribeir\u00e3o Preto e regi\u00e3o. Siga os perfis do\u00a0<strong>acidade on<\/strong>\u00a0no\u00a0<a href=\"https:\/\/www.instagram.com\/acidadeonribeirao\" target=\"_blank\" rel=\"noreferrer noopener\">Instagram<\/a>\u00a0e no<a href=\"https:\/\/www.facebook.com\/acidadeonribeirao\/\" target=\"_blank\" rel=\"noreferrer noopener\">\u00a0Facebook<\/a>.<\/p>\n<p>Receba not\u00edcias do\u00a0<strong>acidade on<\/strong>\u00a0no WhatsApp.\u00a0<a href=\"https:\/\/chat.whatsapp.com\/Dtv9mxhy6V5BJBotM2OQ5k\" target=\"_blank\" rel=\"noreferrer noopener\">Para entrar no grupo, basta clicar aqui.<\/a><\/p>\n<p>Fa\u00e7a uma den\u00fancia ou sugira uma reportagem sobre Ribeir\u00e3o Preto e regi\u00e3o pelo WhatsApp: 16 99117 7802.<\/p>\n<p>VEJA TAMB\u00c9M<\/p>\n<p>Como pagar multa eleitoral?<\/p>\n<p><!-- CONTENT END 1 -->\n<\/div>\n<p><script async src=\"\/\/www.instagram.com\/embed.js\"><\/script><br \/>\n<br \/><br \/>\n<br \/><a href=\"https:\/\/www.acidadeon.com\/ribeiraopreto\/politica\/eleicoes\/veja-o-que-os-candidatos-a-prefeitura-de-barretos-falaram-sobre-o-debate\/\">Source link <\/a><\/p>\n","protected":false},"excerpt":{"rendered":"<p>Os candidatos \u00e0 Prefeitura de Barretos participaram do debate realizado pelo Grupo EP, na tarde desta quarta-feira (11). O embate foi transmitido ao vivo pelo&#8230;<\/p>\n","protected":false},"author":1,"featured_media":65322,"comment_status":"open","ping_status":"open","sticky":false,"template":"","format":"standard","meta":{"_uag_custom_page_level_css":"","advanced_seo_description":"","jetpack_seo_html_title":"","jetpack_seo_noindex":false,"jetpack_post_was_ever_published":false,"_jetpack_newsletter_access":"","_jetpack_dont_email_post_to_subs":false,"_jetpack_newsletter_tier_id":0,"_jetpack_memberships_contains_paywalled_content":false,"_jetpack_memberships_contains_paid_content":false,"footnotes":"","jetpack_publicize_message":"","jetpack_publicize_feature_enabled":true,"jetpack_social_post_already_shared":true,"jetpack_social_options":{"image_generator_settings":{"template":"highway","default_image_id":0,"font":"","enabled":false},"version":2}},"categories":[11],"tags":[],"class_list":["post-65321","post","type-post","status-publish","format-standard","has-post-thumbnail","hentry","category-noticias-de-ribeirao-preto-sp-e-regiao-ismael-colosi"],"jetpack_publicize_connections":[],"jetpack_featured_media_url":"https:\/\/i0.wp.com\/ismaelcolosi.com.br\/wp-content\/uploads\/2024\/09\/debate-barretos_2024-09-11_20-28-18_jpeg_2024-09-11_20-28-18.webp.webp?fit=1600%2C719&ssl=1","uagb_featured_image_src":{"full":["https:\/\/i0.wp.com\/ismaelcolosi.com.br\/wp-content\/uploads\/2024\/09\/debate-barretos_2024-09-11_20-28-18_jpeg_2024-09-11_20-28-18.webp.webp?fit=1600%2C719&ssl=1",1600,719,false],"thumbnail":["https:\/\/i0.wp.com\/ismaelcolosi.com.br\/wp-content\/uploads\/2024\/09\/debate-barretos_2024-09-11_20-28-18_jpeg_2024-09-11_20-28-18.webp.webp?resize=150%2C150&ssl=1",150,150,true],"medium":["https:\/\/i0.wp.com\/ismaelcolosi.com.br\/wp-content\/uploads\/2024\/09\/debate-barretos_2024-09-11_20-28-18_jpeg_2024-09-11_20-28-18.webp.webp?fit=300%2C135&ssl=1",300,135,true],"medium_large":["https:\/\/i0.wp.com\/ismaelcolosi.com.br\/wp-content\/uploads\/2024\/09\/debate-barretos_2024-09-11_20-28-18_jpeg_2024-09-11_20-28-18.webp.webp?fit=768%2C345&ssl=1",768,345,true],"large":["https:\/\/i0.wp.com\/ismaelcolosi.com.br\/wp-content\/uploads\/2024\/09\/debate-barretos_2024-09-11_20-28-18_jpeg_2024-09-11_20-28-18.webp.webp?fit=1024%2C460&ssl=1",1024,460,true],"1536x1536":["https:\/\/i0.wp.com\/ismaelcolosi.com.br\/wp-content\/uploads\/2024\/09\/debate-barretos_2024-09-11_20-28-18_jpeg_2024-09-11_20-28-18.webp.webp?fit=1536%2C690&ssl=1",1536,690,true],"2048x2048":["https:\/\/i0.wp.com\/ismaelcolosi.com.br\/wp-content\/uploads\/2024\/09\/debate-barretos_2024-09-11_20-28-18_jpeg_2024-09-11_20-28-18.webp.webp?fit=1600%2C719&ssl=1",1600,719,true],"really-simple-thumb":["https:\/\/i0.wp.com\/ismaelcolosi.com.br\/wp-content\/uploads\/2024\/09\/debate-barretos_2024-09-11_20-28-18_jpeg_2024-09-11_20-28-18.webp.webp?resize=370%2C247&ssl=1",370,247,true]},"uagb_author_info":{"display_name":"ismaelcolosi.com.br","author_link":"https:\/\/ismaelcolosi.com.br\/index.php\/author\/vidareal-online\/"},"uagb_comment_info":0,"uagb_excerpt":"Os candidatos \u00e0 Prefeitura de Barretos participaram do debate realizado pelo Grupo EP, na tarde desta quarta-feira (11). O embate foi transmitido ao vivo pelo...","jetpack-related-posts":[{"id":65221,"url":"https:\/\/ismaelcolosi.com.br\/index.php\/2024\/09\/11\/acompanhe-o-debate-entre-os-candidatos-a-prefeitura-de-barretos\/","url_meta":{"origin":65321,"position":0},"title":"Acompanhe o debate entre os candidatos \u00e0 Prefeitura de Barretos","author":"ismaelcolosi.com.br","date":"11 de September de 2024","format":false,"excerpt":"Nesta quarta-feira (11), a partir das 14h30, os candidatos \u00e0 Prefeitura de Barretos participam do debate realizado pelo Grupo EP. O embate ser\u00e1 transmitido ao vivo pelo portal e canal no YouTube do acidade on Ribeir\u00e3o, pelo portal g1 Ribeir\u00e3o Preto e Franca e pela r\u00e1dio CBN Ribeir\u00e3o Preto (r\u00e1dio\u2026","rel":"","context":"In &quot;Not\u00edcias de Ribeir\u00e3o Preto-SP e Regi\u00e3o&quot;","block_context":{"text":"Not\u00edcias de Ribeir\u00e3o Preto-SP e Regi\u00e3o","link":"https:\/\/ismaelcolosi.com.br\/index.php\/category\/noticias-de-ribeirao-preto-sp-e-regiao-ismael-colosi\/"},"img":{"alt_text":"","src":"https:\/\/i0.wp.com\/ismaelcolosi.com.br\/wp-content\/uploads\/2024\/09\/barretos_2024-09-10_22-06-18_jpeg_2024-09-10_22-06-19.webp.webp?fit=1200%2C674&ssl=1&resize=350%2C200","width":350,"height":200,"srcset":"https:\/\/i0.wp.com\/ismaelcolosi.com.br\/wp-content\/uploads\/2024\/09\/barretos_2024-09-10_22-06-18_jpeg_2024-09-10_22-06-19.webp.webp?fit=1200%2C674&ssl=1&resize=350%2C200 1x, https:\/\/i0.wp.com\/ismaelcolosi.com.br\/wp-content\/uploads\/2024\/09\/barretos_2024-09-10_22-06-18_jpeg_2024-09-10_22-06-19.webp.webp?fit=1200%2C674&ssl=1&resize=525%2C300 1.5x, https:\/\/i0.wp.com\/ismaelcolosi.com.br\/wp-content\/uploads\/2024\/09\/barretos_2024-09-10_22-06-18_jpeg_2024-09-10_22-06-19.webp.webp?fit=1200%2C674&ssl=1&resize=700%2C400 2x, https:\/\/i0.wp.com\/ismaelcolosi.com.br\/wp-content\/uploads\/2024\/09\/barretos_2024-09-10_22-06-18_jpeg_2024-09-10_22-06-19.webp.webp?fit=1200%2C674&ssl=1&resize=1050%2C600 3x"},"classes":[]},{"id":65252,"url":"https:\/\/ismaelcolosi.com.br\/index.php\/2024\/09\/11\/ao-vivo-acompanhe-o-debate-entre-os-candidatos-a-prefeitura-de-barretos\/","url_meta":{"origin":65321,"position":1},"title":"AO VIVO: Acompanhe o debate entre os candidatos \u00e0 Prefeitura de Barretos","author":"ismaelcolosi.com.br","date":"11 de September de 2024","format":false,"excerpt":"Nesta quarta-feira (11), a partir das 14h30, os candidatos \u00e0 Prefeitura de Barretos participam do debate realizado pelo Grupo EP. O embate ser\u00e1 transmitido ao vivo pelo portal e canal no YouTube do acidade on Ribeir\u00e3o, pelo portal g1 Ribeir\u00e3o Preto e Franca e pela r\u00e1dio CBN Ribeir\u00e3o Preto (r\u00e1dio\u2026","rel":"","context":"In &quot;Not\u00edcias de Ribeir\u00e3o Preto-SP e Regi\u00e3o&quot;","block_context":{"text":"Not\u00edcias de Ribeir\u00e3o Preto-SP e Regi\u00e3o","link":"https:\/\/ismaelcolosi.com.br\/index.php\/category\/noticias-de-ribeirao-preto-sp-e-regiao-ismael-colosi\/"},"img":{"alt_text":"","src":"https:\/\/i0.wp.com\/ismaelcolosi.com.br\/wp-content\/uploads\/2024\/09\/barretos_2024-09-10_22-06-18_jpeg_2024-09-10_22-06-19.webp.webp?fit=1200%2C674&ssl=1&resize=350%2C200","width":350,"height":200,"srcset":"https:\/\/i0.wp.com\/ismaelcolosi.com.br\/wp-content\/uploads\/2024\/09\/barretos_2024-09-10_22-06-18_jpeg_2024-09-10_22-06-19.webp.webp?fit=1200%2C674&ssl=1&resize=350%2C200 1x, https:\/\/i0.wp.com\/ismaelcolosi.com.br\/wp-content\/uploads\/2024\/09\/barretos_2024-09-10_22-06-18_jpeg_2024-09-10_22-06-19.webp.webp?fit=1200%2C674&ssl=1&resize=525%2C300 1.5x, https:\/\/i0.wp.com\/ismaelcolosi.com.br\/wp-content\/uploads\/2024\/09\/barretos_2024-09-10_22-06-18_jpeg_2024-09-10_22-06-19.webp.webp?fit=1200%2C674&ssl=1&resize=700%2C400 2x, https:\/\/i0.wp.com\/ismaelcolosi.com.br\/wp-content\/uploads\/2024\/09\/barretos_2024-09-10_22-06-18_jpeg_2024-09-10_22-06-19.webp.webp?fit=1200%2C674&ssl=1&resize=1050%2C600 3x"},"classes":[]},{"id":65099,"url":"https:\/\/ismaelcolosi.com.br\/index.php\/2024\/09\/10\/barretos-tera-debate-de-candidatos-a-prefeito-em-evento-promovido-pelo-grupo-ep\/","url_meta":{"origin":65321,"position":2},"title":"Barretos ter\u00e1 debate de candidatos a prefeito em evento promovido pelo Grupo EP","author":"ismaelcolosi.com.br","date":"10 de September de 2024","format":false,"excerpt":"O Grupo EP realiza, como parte de sua maior cobertura eleitoral, um debate entre os candidatos \u00e0 Prefeitura de Barretos, no dia 11 de setembro, \u00e0s 14h30. O embate ser\u00e1 transmitido ao vivo pelo portal g1 Ribeir\u00e3o Preto e Franca, CBN Ribeir\u00e3o Preto (r\u00e1dio FM e canal de YouTube) e\u2026","rel":"","context":"In &quot;Not\u00edcias de Ribeir\u00e3o Preto-SP e Regi\u00e3o&quot;","block_context":{"text":"Not\u00edcias de Ribeir\u00e3o Preto-SP e Regi\u00e3o","link":"https:\/\/ismaelcolosi.com.br\/index.php\/category\/noticias-de-ribeirao-preto-sp-e-regiao-ismael-colosi\/"},"img":{"alt_text":"","src":"https:\/\/i0.wp.com\/ismaelcolosi.com.br\/wp-content\/uploads\/2024\/09\/barretos_2024-09-10_22-06-18_jpeg_2024-09-10_22-06-19.webp.webp?fit=1200%2C674&ssl=1&resize=350%2C200","width":350,"height":200,"srcset":"https:\/\/i0.wp.com\/ismaelcolosi.com.br\/wp-content\/uploads\/2024\/09\/barretos_2024-09-10_22-06-18_jpeg_2024-09-10_22-06-19.webp.webp?fit=1200%2C674&ssl=1&resize=350%2C200 1x, https:\/\/i0.wp.com\/ismaelcolosi.com.br\/wp-content\/uploads\/2024\/09\/barretos_2024-09-10_22-06-18_jpeg_2024-09-10_22-06-19.webp.webp?fit=1200%2C674&ssl=1&resize=525%2C300 1.5x, https:\/\/i0.wp.com\/ismaelcolosi.com.br\/wp-content\/uploads\/2024\/09\/barretos_2024-09-10_22-06-18_jpeg_2024-09-10_22-06-19.webp.webp?fit=1200%2C674&ssl=1&resize=700%2C400 2x, https:\/\/i0.wp.com\/ismaelcolosi.com.br\/wp-content\/uploads\/2024\/09\/barretos_2024-09-10_22-06-18_jpeg_2024-09-10_22-06-19.webp.webp?fit=1200%2C674&ssl=1&resize=1050%2C600 3x"},"classes":[]},{"id":66617,"url":"https:\/\/ismaelcolosi.com.br\/index.php\/2024\/09\/18\/ao-vivo-acompanhe-o-debate-entre-os-candidatos-a-prefeitura-de-sertaozinho\/","url_meta":{"origin":65321,"position":3},"title":"AO VIVO: Acompanhe o debate entre os candidatos \u00e0 Prefeitura de Sert\u00e3ozinho","author":"ismaelcolosi.com.br","date":"18 de September de 2024","format":false,"excerpt":"Os candidatos \u00e0 Prefeitura de Sert\u00e3ozinho participam, nesta quarta-feira (18), a partir das 14h30, do debate realizado pelo Grupo EP. O embate ser\u00e1 transmitido ao vivo pelo portal e canal no YouTube do acidade on Ribeir\u00e3o, pelo portal g1 Ribeir\u00e3o Preto e Franca e pela r\u00e1dio CBN Ribeir\u00e3o Preto. Todos\u2026","rel":"","context":"In &quot;Not\u00edcias de Ribeir\u00e3o Preto-SP e Regi\u00e3o&quot;","block_context":{"text":"Not\u00edcias de Ribeir\u00e3o Preto-SP e Regi\u00e3o","link":"https:\/\/ismaelcolosi.com.br\/index.php\/category\/noticias-de-ribeirao-preto-sp-e-regiao-ismael-colosi\/"},"img":{"alt_text":"","src":"https:\/\/i0.wp.com\/ismaelcolosi.com.br\/wp-content\/uploads\/2024\/09\/debate-sertaozinho_2024-09-17_19-39-49_jpeg_2024-09-17_19-39-49.webp.webp?fit=1200%2C674&ssl=1&resize=350%2C200","width":350,"height":200,"srcset":"https:\/\/i0.wp.com\/ismaelcolosi.com.br\/wp-content\/uploads\/2024\/09\/debate-sertaozinho_2024-09-17_19-39-49_jpeg_2024-09-17_19-39-49.webp.webp?fit=1200%2C674&ssl=1&resize=350%2C200 1x, https:\/\/i0.wp.com\/ismaelcolosi.com.br\/wp-content\/uploads\/2024\/09\/debate-sertaozinho_2024-09-17_19-39-49_jpeg_2024-09-17_19-39-49.webp.webp?fit=1200%2C674&ssl=1&resize=525%2C300 1.5x, https:\/\/i0.wp.com\/ismaelcolosi.com.br\/wp-content\/uploads\/2024\/09\/debate-sertaozinho_2024-09-17_19-39-49_jpeg_2024-09-17_19-39-49.webp.webp?fit=1200%2C674&ssl=1&resize=700%2C400 2x, https:\/\/i0.wp.com\/ismaelcolosi.com.br\/wp-content\/uploads\/2024\/09\/debate-sertaozinho_2024-09-17_19-39-49_jpeg_2024-09-17_19-39-49.webp.webp?fit=1200%2C674&ssl=1&resize=1050%2C600 3x"},"classes":[]},{"id":66655,"url":"https:\/\/ismaelcolosi.com.br\/index.php\/2024\/09\/18\/confira-o-debate-entre-os-candidatos-a-prefeitura-de-sertaozinho-video\/","url_meta":{"origin":65321,"position":4},"title":"Confira o debate entre os candidatos \u00e0 Prefeitura de Sert\u00e3ozinho; V\u00eddeo","author":"ismaelcolosi.com.br","date":"18 de September de 2024","format":false,"excerpt":"Os candidatos \u00e0 Prefeitura de Sert\u00e3ozinho participam, nesta quarta-feira (18), a partir das 14h30, do debate realizado pelo Grupo EP. O embate ser\u00e1 transmitido ao vivo pelo portal e canal no YouTube do acidade on Ribeir\u00e3o, pelo portal g1 Ribeir\u00e3o Preto e Franca e pela r\u00e1dio CBN Ribeir\u00e3o Preto. Todos\u2026","rel":"","context":"In &quot;Not\u00edcias de Ribeir\u00e3o Preto-SP e Regi\u00e3o&quot;","block_context":{"text":"Not\u00edcias de Ribeir\u00e3o Preto-SP e Regi\u00e3o","link":"https:\/\/ismaelcolosi.com.br\/index.php\/category\/noticias-de-ribeirao-preto-sp-e-regiao-ismael-colosi\/"},"img":{"alt_text":"","src":"https:\/\/i0.wp.com\/ismaelcolosi.com.br\/wp-content\/uploads\/2024\/09\/debate-sertaozinho_2024-09-17_19-39-49_jpeg_2024-09-17_19-39-49.webp.webp?fit=1200%2C674&ssl=1&resize=350%2C200","width":350,"height":200,"srcset":"https:\/\/i0.wp.com\/ismaelcolosi.com.br\/wp-content\/uploads\/2024\/09\/debate-sertaozinho_2024-09-17_19-39-49_jpeg_2024-09-17_19-39-49.webp.webp?fit=1200%2C674&ssl=1&resize=350%2C200 1x, https:\/\/i0.wp.com\/ismaelcolosi.com.br\/wp-content\/uploads\/2024\/09\/debate-sertaozinho_2024-09-17_19-39-49_jpeg_2024-09-17_19-39-49.webp.webp?fit=1200%2C674&ssl=1&resize=525%2C300 1.5x, https:\/\/i0.wp.com\/ismaelcolosi.com.br\/wp-content\/uploads\/2024\/09\/debate-sertaozinho_2024-09-17_19-39-49_jpeg_2024-09-17_19-39-49.webp.webp?fit=1200%2C674&ssl=1&resize=700%2C400 2x, https:\/\/i0.wp.com\/ismaelcolosi.com.br\/wp-content\/uploads\/2024\/09\/debate-sertaozinho_2024-09-17_19-39-49_jpeg_2024-09-17_19-39-49.webp.webp?fit=1200%2C674&ssl=1&resize=1050%2C600 3x"},"classes":[]},{"id":63870,"url":"https:\/\/ismaelcolosi.com.br\/index.php\/2024\/09\/04\/ao-vivo-acompanhe-o-debate-entre-os-candidatos-a-prefeitura-de-bebedouro\/","url_meta":{"origin":65321,"position":5},"title":"AO VIVO: Acompanhe o debate entre os candidatos \u00e0 Prefeitura de Bebedouro","author":"ismaelcolosi.com.br","date":"4 de September de 2024","format":false,"excerpt":"Os candidatos \u00e0 Prefeitura de Bebedouro participam, nesta quarta-feira (4), a partir das 14h30, do debate realizado pelo Grupo EP. O embate ser\u00e1 transmitido ao vivo pelo portal e canal no YouTube do acidade on Ribeir\u00e3o, pelo portal g1 Ribeir\u00e3o Preto e Franca e pela r\u00e1dio CBN Ribeir\u00e3o Preto (r\u00e1dio\u2026","rel":"","context":"In &quot;Not\u00edcias de Ribeir\u00e3o Preto-SP e Regi\u00e3o&quot;","block_context":{"text":"Not\u00edcias de Ribeir\u00e3o Preto-SP e Regi\u00e3o","link":"https:\/\/ismaelcolosi.com.br\/index.php\/category\/noticias-de-ribeirao-preto-sp-e-regiao-ismael-colosi\/"},"img":{"alt_text":"","src":"https:\/\/i0.wp.com\/ismaelcolosi.com.br\/wp-content\/uploads\/2024\/09\/debate-bebedouro_2024-09-03_13-48-58_jpeg_2024-09-03_13-48-58.webp.webp?fit=1200%2C674&ssl=1&resize=350%2C200","width":350,"height":200,"srcset":"https:\/\/i0.wp.com\/ismaelcolosi.com.br\/wp-content\/uploads\/2024\/09\/debate-bebedouro_2024-09-03_13-48-58_jpeg_2024-09-03_13-48-58.webp.webp?fit=1200%2C674&ssl=1&resize=350%2C200 1x, https:\/\/i0.wp.com\/ismaelcolosi.com.br\/wp-content\/uploads\/2024\/09\/debate-bebedouro_2024-09-03_13-48-58_jpeg_2024-09-03_13-48-58.webp.webp?fit=1200%2C674&ssl=1&resize=525%2C300 1.5x, https:\/\/i0.wp.com\/ismaelcolosi.com.br\/wp-content\/uploads\/2024\/09\/debate-bebedouro_2024-09-03_13-48-58_jpeg_2024-09-03_13-48-58.webp.webp?fit=1200%2C674&ssl=1&resize=700%2C400 2x, https:\/\/i0.wp.com\/ismaelcolosi.com.br\/wp-content\/uploads\/2024\/09\/debate-bebedouro_2024-09-03_13-48-58_jpeg_2024-09-03_13-48-58.webp.webp?fit=1200%2C674&ssl=1&resize=1050%2C600 3x"},"classes":[]}],"jetpack_sharing_enabled":true,"jetpack_shortlink":"https:\/\/wp.me\/pfMlyK-gZz","_links":{"self":[{"href":"https:\/\/ismaelcolosi.com.br\/index.php\/wp-json\/wp\/v2\/posts\/65321","targetHints":{"allow":["GET"]}}],"collection":[{"href":"https:\/\/ismaelcolosi.com.br\/index.php\/wp-json\/wp\/v2\/posts"}],"about":[{"href":"https:\/\/ismaelcolosi.com.br\/index.php\/wp-json\/wp\/v2\/types\/post"}],"author":[{"embeddable":true,"href":"https:\/\/ismaelcolosi.com.br\/index.php\/wp-json\/wp\/v2\/users\/1"}],"replies":[{"embeddable":true,"href":"https:\/\/ismaelcolosi.com.br\/index.php\/wp-json\/wp\/v2\/comments?post=65321"}],"version-history":[{"count":0,"href":"https:\/\/ismaelcolosi.com.br\/index.php\/wp-json\/wp\/v2\/posts\/65321\/revisions"}],"wp:featuredmedia":[{"embeddable":true,"href":"https:\/\/ismaelcolosi.com.br\/index.php\/wp-json\/wp\/v2\/media\/65322"}],"wp:attachment":[{"href":"https:\/\/ismaelcolosi.com.br\/index.php\/wp-json\/wp\/v2\/media?parent=65321"}],"wp:term":[{"taxonomy":"category","embeddable":true,"href":"https:\/\/ismaelcolosi.com.br\/index.php\/wp-json\/wp\/v2\/categories?post=65321"},{"taxonomy":"post_tag","embeddable":true,"href":"https:\/\/ismaelcolosi.com.br\/index.php\/wp-json\/wp\/v2\/tags?post=65321"}],"curies":[{"name":"wp","href":"https:\/\/api.w.org\/{rel}","templated":true}]}}