{"id":65316,"date":"2024-09-11T17:51:34","date_gmt":"2024-09-11T20:51:34","guid":{"rendered":"https:\/\/ismaelcolosi.com.br\/index.php\/2024\/09\/11\/o-que-se-sabe-sobre-troca-de-tiros-e-perseguicao-policial-na-regiao-de-ribeirao\/"},"modified":"2024-09-11T17:51:34","modified_gmt":"2024-09-11T20:51:34","slug":"o-que-se-sabe-sobre-troca-de-tiros-e-perseguicao-policial-na-regiao-de-ribeirao","status":"publish","type":"post","link":"https:\/\/ismaelcolosi.com.br\/index.php\/2024\/09\/11\/o-que-se-sabe-sobre-troca-de-tiros-e-perseguicao-policial-na-regiao-de-ribeirao\/","title":{"rendered":"O que se sabe sobre troca de tiros e persegui\u00e7\u00e3o policial na regi\u00e3o de Ribeir\u00e3o"},"content":{"rendered":"<p> <br \/>\n<\/p>\n<div data-td-block-uid=\"tdi_106\">\n<div class=\"tdb-block-inner td-fix-index\">\n<p>Uma troca de tiros deixou pelo menos um policial morto e outro ferido na tarde desta quarta-feira (11), na rodovia Joaquim Ferreira (SP-338), pr\u00f3ximo ao trevo que liga Cajuru e Altin\u00f3polis, cidades na regi\u00e3o de Ribeir\u00e3o Preto.<\/p>\n<p>De acordo com as primeiras informa\u00e7\u00f5es da pol\u00edcia, equipes do Batalh\u00e3o de A\u00e7\u00f5es Especiais de Pol\u00edcia (Baep) estavam em patrulhamento pela rodovia Altino Arantes (SP-351) quando se depararam com um ve\u00edculo suspeito e decidiram realizar a abordagem.<\/p>\n<p>Os ocupantes do carro n\u00e3o teriam respeitado a ordem dos policiais e come\u00e7ado uma persegui\u00e7\u00e3o em dire\u00e7\u00e3o \u00e0 rodovia Joaquim Ferreira, local onde foi houve uma troca de tiros \u2013 veja o v\u00eddeo abaixo.<\/p>\n<p>Conforme as informa\u00e7\u00f5es, tr\u00eas ocupantes do ve\u00edculo foram baleados e morreram no local. Dentro do carro foram encontrados fuzis calibre ponto 50 e 762.<\/p>\n<p><strong><em>*Mat\u00e9ria em atualiza\u00e7\u00e3o<\/em><\/strong><\/p>\n<p><!-- CONTENT END 1 -->\n<\/div>\n<\/div>\n<p><br \/>\n<br \/><a href=\"https:\/\/www.acidadeon.com\/ribeiraopreto\/cotidiano\/o-que-se-sabe-sobre-troca-de-tiros-e-perseguicao-policial-na-regiao-de-ribeirao\/\">Source link <\/a><\/p>\n","protected":false},"excerpt":{"rendered":"<p>Uma troca de tiros deixou pelo menos um policial morto e outro ferido na tarde desta quarta-feira (11), na rodovia Joaquim Ferreira (SP-338), pr\u00f3ximo ao&#8230;<\/p>\n","protected":false},"author":1,"featured_media":65317,"comment_status":"open","ping_status":"open","sticky":false,"template":"","format":"standard","meta":{"_uag_custom_page_level_css":"","advanced_seo_description":"","jetpack_seo_html_title":"","jetpack_seo_noindex":false,"jetpack_post_was_ever_published":false,"_jetpack_newsletter_access":"","_jetpack_dont_email_post_to_subs":false,"_jetpack_newsletter_tier_id":0,"_jetpack_memberships_contains_paywalled_content":false,"_jetpack_memberships_contains_paid_content":false,"footnotes":"","jetpack_publicize_message":"","jetpack_publicize_feature_enabled":true,"jetpack_social_post_already_shared":true,"jetpack_social_options":{"image_generator_settings":{"template":"highway","default_image_id":0,"font":"","enabled":false},"version":2}},"categories":[11],"tags":[],"class_list":["post-65316","post","type-post","status-publish","format-standard","has-post-thumbnail","hentry","category-noticias-de-ribeirao-preto-sp-e-regiao-ismael-colosi"],"jetpack_publicize_connections":[],"jetpack_featured_media_url":"https:\/\/i0.wp.com\/ismaelcolosi.com.br\/wp-content\/uploads\/2024\/09\/WhatsApp-Image-2024-09-11-at-16.34.25_2024-09-11_20-39-55_jpeg_2024-09-11_20-39-55.webp.webp?fit=1600%2C1200&ssl=1","uagb_featured_image_src":{"full":["https:\/\/i0.wp.com\/ismaelcolosi.com.br\/wp-content\/uploads\/2024\/09\/WhatsApp-Image-2024-09-11-at-16.34.25_2024-09-11_20-39-55_jpeg_2024-09-11_20-39-55.webp.webp?fit=1600%2C1200&ssl=1",1600,1200,false],"thumbnail":["https:\/\/i0.wp.com\/ismaelcolosi.com.br\/wp-content\/uploads\/2024\/09\/WhatsApp-Image-2024-09-11-at-16.34.25_2024-09-11_20-39-55_jpeg_2024-09-11_20-39-55.webp.webp?resize=150%2C150&ssl=1",150,150,true],"medium":["https:\/\/i0.wp.com\/ismaelcolosi.com.br\/wp-content\/uploads\/2024\/09\/WhatsApp-Image-2024-09-11-at-16.34.25_2024-09-11_20-39-55_jpeg_2024-09-11_20-39-55.webp.webp?fit=300%2C225&ssl=1",300,225,true],"medium_large":["https:\/\/i0.wp.com\/ismaelcolosi.com.br\/wp-content\/uploads\/2024\/09\/WhatsApp-Image-2024-09-11-at-16.34.25_2024-09-11_20-39-55_jpeg_2024-09-11_20-39-55.webp.webp?fit=768%2C576&ssl=1",768,576,true],"large":["https:\/\/i0.wp.com\/ismaelcolosi.com.br\/wp-content\/uploads\/2024\/09\/WhatsApp-Image-2024-09-11-at-16.34.25_2024-09-11_20-39-55_jpeg_2024-09-11_20-39-55.webp.webp?fit=1024%2C768&ssl=1",1024,768,true],"1536x1536":["https:\/\/i0.wp.com\/ismaelcolosi.com.br\/wp-content\/uploads\/2024\/09\/WhatsApp-Image-2024-09-11-at-16.34.25_2024-09-11_20-39-55_jpeg_2024-09-11_20-39-55.webp.webp?fit=1536%2C1152&ssl=1",1536,1152,true],"2048x2048":["https:\/\/i0.wp.com\/ismaelcolosi.com.br\/wp-content\/uploads\/2024\/09\/WhatsApp-Image-2024-09-11-at-16.34.25_2024-09-11_20-39-55_jpeg_2024-09-11_20-39-55.webp.webp?fit=1600%2C1200&ssl=1",1600,1200,true],"really-simple-thumb":["https:\/\/i0.wp.com\/ismaelcolosi.com.br\/wp-content\/uploads\/2024\/09\/WhatsApp-Image-2024-09-11-at-16.34.25_2024-09-11_20-39-55_jpeg_2024-09-11_20-39-55.webp.webp?resize=370%2C247&ssl=1",370,247,true]},"uagb_author_info":{"display_name":"ismaelcolosi.com.br","author_link":"https:\/\/ismaelcolosi.com.br\/index.php\/author\/vidareal-online\/"},"uagb_comment_info":0,"uagb_excerpt":"Uma troca de tiros deixou pelo menos um policial morto e outro ferido na tarde desta quarta-feira (11), na rodovia Joaquim Ferreira (SP-338), pr\u00f3ximo ao...","jetpack-related-posts":[{"id":59199,"url":"https:\/\/ismaelcolosi.com.br\/index.php\/2024\/08\/06\/homem-morre-apos-perseguicao-policial-e-troca-de-tiros-na-regiao-de-ribeirao\/","url_meta":{"origin":65316,"position":0},"title":"Homem morre ap\u00f3s persegui\u00e7\u00e3o policial e troca de tiros na regi\u00e3o de Ribeir\u00e3o","author":"ismaelcolosi.com.br","date":"6 de August de 2024","format":false,"excerpt":"*Mat\u00e9ria em atualiza\u00e7\u00e3oUm homem morreu ap\u00f3s uma persegui\u00e7\u00e3o policial e troca de tiros em Sert\u00e3ozinho, cidade na regi\u00e3o de Ribeir\u00e3o Preto, na noite desta ter\u00e7a-feira (6). De acordo com as primeiras informa\u00e7\u00f5es, a suspeita \u00e9 de que o homem teria roubado um carro em uma avenida da cidade. As equipes\u2026","rel":"","context":"In &quot;Not\u00edcias de Ribeir\u00e3o Preto-SP e Regi\u00e3o&quot;","block_context":{"text":"Not\u00edcias de Ribeir\u00e3o Preto-SP e Regi\u00e3o","link":"https:\/\/ismaelcolosi.com.br\/index.php\/category\/noticias-de-ribeirao-preto-sp-e-regiao-ismael-colosi\/"},"img":{"alt_text":"","src":"https:\/\/i0.wp.com\/ismaelcolosi.com.br\/wp-content\/uploads\/2024\/08\/IMG_3567_2024-08-07_01-09-49_jpeg_2024-08-07_01-09-51-scaled.webp.webp?fit=1200%2C900&ssl=1&resize=350%2C200","width":350,"height":200,"srcset":"https:\/\/i0.wp.com\/ismaelcolosi.com.br\/wp-content\/uploads\/2024\/08\/IMG_3567_2024-08-07_01-09-49_jpeg_2024-08-07_01-09-51-scaled.webp.webp?fit=1200%2C900&ssl=1&resize=350%2C200 1x, https:\/\/i0.wp.com\/ismaelcolosi.com.br\/wp-content\/uploads\/2024\/08\/IMG_3567_2024-08-07_01-09-49_jpeg_2024-08-07_01-09-51-scaled.webp.webp?fit=1200%2C900&ssl=1&resize=525%2C300 1.5x, https:\/\/i0.wp.com\/ismaelcolosi.com.br\/wp-content\/uploads\/2024\/08\/IMG_3567_2024-08-07_01-09-49_jpeg_2024-08-07_01-09-51-scaled.webp.webp?fit=1200%2C900&ssl=1&resize=700%2C400 2x, https:\/\/i0.wp.com\/ismaelcolosi.com.br\/wp-content\/uploads\/2024\/08\/IMG_3567_2024-08-07_01-09-49_jpeg_2024-08-07_01-09-51-scaled.webp.webp?fit=1200%2C900&ssl=1&resize=1050%2C600 3x"},"classes":[]},{"id":59293,"url":"https:\/\/ismaelcolosi.com.br\/index.php\/2024\/08\/07\/o-que-se-sabe-sobre-troca-de-tiros-que-terminou-com-morte-na-regiao-de-ribeirao\/","url_meta":{"origin":65316,"position":1},"title":"O que se sabe sobre troca de tiros que terminou com morte na regi\u00e3o de Ribeir\u00e3o","author":"ismaelcolosi.com.br","date":"7 de August de 2024","format":false,"excerpt":"Um homem morreu ap\u00f3s troca de tiros com a pol\u00edcia no bairro Jardim Porto Seguro, em Sert\u00e3ozinho, cidade na regi\u00e3o de Ribeir\u00e3o Preto, no come\u00e7o da noite desta ter\u00e7a-feira (6). De acordo com as informa\u00e7\u00f5es do boletim de ocorr\u00eancia (BO), o criminoso teria roubado o carro de uma mulher que\u2026","rel":"","context":"In &quot;Not\u00edcias de Ribeir\u00e3o Preto-SP e Regi\u00e3o&quot;","block_context":{"text":"Not\u00edcias de Ribeir\u00e3o Preto-SP e Regi\u00e3o","link":"https:\/\/ismaelcolosi.com.br\/index.php\/category\/noticias-de-ribeirao-preto-sp-e-regiao-ismael-colosi\/"},"img":{"alt_text":"","src":"https:\/\/i0.wp.com\/ismaelcolosi.com.br\/wp-content\/uploads\/2024\/08\/Copia-de-Copia-de-TAMANHO-EXATO-PARA-FOTOS-NO-SISTEMA-NOVO-2024-08-07T134753.436_2024-08-07_16-48-11_png_2024-08-07_16-48-11.webp.webp?fit=1200%2C675&ssl=1&resize=350%2C200","width":350,"height":200,"srcset":"https:\/\/i0.wp.com\/ismaelcolosi.com.br\/wp-content\/uploads\/2024\/08\/Copia-de-Copia-de-TAMANHO-EXATO-PARA-FOTOS-NO-SISTEMA-NOVO-2024-08-07T134753.436_2024-08-07_16-48-11_png_2024-08-07_16-48-11.webp.webp?fit=1200%2C675&ssl=1&resize=350%2C200 1x, https:\/\/i0.wp.com\/ismaelcolosi.com.br\/wp-content\/uploads\/2024\/08\/Copia-de-Copia-de-TAMANHO-EXATO-PARA-FOTOS-NO-SISTEMA-NOVO-2024-08-07T134753.436_2024-08-07_16-48-11_png_2024-08-07_16-48-11.webp.webp?fit=1200%2C675&ssl=1&resize=525%2C300 1.5x, https:\/\/i0.wp.com\/ismaelcolosi.com.br\/wp-content\/uploads\/2024\/08\/Copia-de-Copia-de-TAMANHO-EXATO-PARA-FOTOS-NO-SISTEMA-NOVO-2024-08-07T134753.436_2024-08-07_16-48-11_png_2024-08-07_16-48-11.webp.webp?fit=1200%2C675&ssl=1&resize=700%2C400 2x, https:\/\/i0.wp.com\/ismaelcolosi.com.br\/wp-content\/uploads\/2024\/08\/Copia-de-Copia-de-TAMANHO-EXATO-PARA-FOTOS-NO-SISTEMA-NOVO-2024-08-07T134753.436_2024-08-07_16-48-11_png_2024-08-07_16-48-11.webp.webp?fit=1200%2C675&ssl=1&resize=1050%2C600 3x"},"classes":[]},{"id":65282,"url":"https:\/\/ismaelcolosi.com.br\/index.php\/2024\/09\/11\/acao-de-bandidos-movimenta-policia-na-regiao-de-ribeirao-preto\/","url_meta":{"origin":65316,"position":2},"title":"A\u00e7\u00e3o de bandidos movimenta pol\u00edcia na regi\u00e3o de Ribeir\u00e3o Preto","author":"ismaelcolosi.com.br","date":"11 de September de 2024","format":false,"excerpt":"Agentes do Batalh\u00e3o de A\u00e7\u00f5es Especiais de Pol\u00edcia (BAEP) atendem uma ocorr\u00eancia envolvendo troca de tiros pr\u00f3ximo ao trevo de Altin\u00f3polis, na rodovia Joaquim Ferreira (SP-338), entre Cajuru e Altin\u00f3polis, cidades na regi\u00e3o de Ribeir\u00e3o Preto. De acordo com as primeiras informa\u00e7\u00f5es, tr\u00eas pessoas foram baleadas: um policial, um criminoso\u2026","rel":"","context":"In &quot;Not\u00edcias de Ribeir\u00e3o Preto-SP e Regi\u00e3o&quot;","block_context":{"text":"Not\u00edcias de Ribeir\u00e3o Preto-SP e Regi\u00e3o","link":"https:\/\/ismaelcolosi.com.br\/index.php\/category\/noticias-de-ribeirao-preto-sp-e-regiao-ismael-colosi\/"},"img":{"alt_text":"","src":"https:\/\/i0.wp.com\/ismaelcolosi.com.br\/wp-content\/uploads\/2024\/09\/novo-ataque_2024-09-11_18-42-26_jpg_2024-09-11_18-42-26.webp.webp?fit=1200%2C985&ssl=1&resize=350%2C200","width":350,"height":200,"srcset":"https:\/\/i0.wp.com\/ismaelcolosi.com.br\/wp-content\/uploads\/2024\/09\/novo-ataque_2024-09-11_18-42-26_jpg_2024-09-11_18-42-26.webp.webp?fit=1200%2C985&ssl=1&resize=350%2C200 1x, https:\/\/i0.wp.com\/ismaelcolosi.com.br\/wp-content\/uploads\/2024\/09\/novo-ataque_2024-09-11_18-42-26_jpg_2024-09-11_18-42-26.webp.webp?fit=1200%2C985&ssl=1&resize=525%2C300 1.5x, https:\/\/i0.wp.com\/ismaelcolosi.com.br\/wp-content\/uploads\/2024\/09\/novo-ataque_2024-09-11_18-42-26_jpg_2024-09-11_18-42-26.webp.webp?fit=1200%2C985&ssl=1&resize=700%2C400 2x, https:\/\/i0.wp.com\/ismaelcolosi.com.br\/wp-content\/uploads\/2024\/09\/novo-ataque_2024-09-11_18-42-26_jpg_2024-09-11_18-42-26.webp.webp?fit=1200%2C985&ssl=1&resize=1050%2C600 3x"},"classes":[]},{"id":72320,"url":"https:\/\/ismaelcolosi.com.br\/index.php\/2024\/10\/21\/trio-e-preso-apos-roubo-em-ribeirao-e-perseguicao-em-sao-paulo-video\/","url_meta":{"origin":65316,"position":3},"title":"Trio \u00e9 preso ap\u00f3s roubo em Ribeir\u00e3o e persegui\u00e7\u00e3o em S\u00e3o Paulo; V\u00eddeo","author":"ismaelcolosi.com.br","date":"21 de October de 2024","format":false,"excerpt":"A PM (Pol\u00edcia Militar) prendeu neste domingo (20), na Capital, tr\u00eas homens suspeitos de assaltar uma casa na Ribeir\u00e2nia, zona Leste de Ribeir\u00e3o Preto. Houve persegui\u00e7\u00e3o a um carro por 40 quil\u00f4metros em rodovias com apoio do helic\u00f3ptero \u00c1guia. Um quarto suspeito conseguiu fugir. Assista ao v\u00eddeo abaixo. Segundo o\u2026","rel":"","context":"In &quot;Not\u00edcias de Ribeir\u00e3o Preto-SP e Regi\u00e3o&quot;","block_context":{"text":"Not\u00edcias de Ribeir\u00e3o Preto-SP e Regi\u00e3o","link":"https:\/\/ismaelcolosi.com.br\/index.php\/category\/noticias-de-ribeirao-preto-sp-e-regiao-ismael-colosi\/"},"img":{"alt_text":"","src":"https:\/\/i0.wp.com\/ismaelcolosi.com.br\/wp-content\/uploads\/2024\/10\/WhatsApp-Image-2024-10-21-at-10.52.53_2024-10-21_13-54-05_jpeg_2024-10-21_13-54-05.webp.webp?fit=354%2C258&ssl=1&resize=350%2C200","width":350,"height":200},"classes":[]},{"id":65343,"url":"https:\/\/ismaelcolosi.com.br\/index.php\/2024\/09\/11\/suspeito-de-ataque-a-carro-forte-ja-foi-preso-com-arsenal-de-guerra\/","url_meta":{"origin":65316,"position":4},"title":"Suspeito de ataque a carro-forte j\u00e1 foi preso com arsenal de guerra","author":"ismaelcolosi.com.br","date":"11 de September de 2024","format":false,"excerpt":"Roberto Marques Trov\u00e3o Lafaeff, preso na ter\u00e7a-feira (10), pela suspeita de envolvimento no ataque a carro-forte na regi\u00e3o de Ribeir\u00e3o Preto, j\u00e1 era conhecido pelos policiais do Departamento Estadual de Investiga\u00e7\u00f5es Criminais (Deic). Conforme a Secretaria de Seguran\u00e7a P\u00fablica de S\u00e3o Paulo (SSP-SP), Lafaeff teria sido preso em flagrante em\u2026","rel":"","context":"In &quot;Not\u00edcias de Ribeir\u00e3o Preto-SP e Regi\u00e3o&quot;","block_context":{"text":"Not\u00edcias de Ribeir\u00e3o Preto-SP e Regi\u00e3o","link":"https:\/\/ismaelcolosi.com.br\/index.php\/category\/noticias-de-ribeirao-preto-sp-e-regiao-ismael-colosi\/"},"img":{"alt_text":"","src":"https:\/\/i0.wp.com\/ismaelcolosi.com.br\/wp-content\/uploads\/2024\/09\/Copia-de-Copia-de-Copia-de-TAMANHO-EXATO-PARA-FOTOS-NO-SISTEMA-NOVO-49_2024-09-11_22-30-14_png_2024-09-11_22-30-15.webp.webp?fit=1200%2C675&ssl=1&resize=350%2C200","width":350,"height":200,"srcset":"https:\/\/i0.wp.com\/ismaelcolosi.com.br\/wp-content\/uploads\/2024\/09\/Copia-de-Copia-de-Copia-de-TAMANHO-EXATO-PARA-FOTOS-NO-SISTEMA-NOVO-49_2024-09-11_22-30-14_png_2024-09-11_22-30-15.webp.webp?fit=1200%2C675&ssl=1&resize=350%2C200 1x, https:\/\/i0.wp.com\/ismaelcolosi.com.br\/wp-content\/uploads\/2024\/09\/Copia-de-Copia-de-Copia-de-TAMANHO-EXATO-PARA-FOTOS-NO-SISTEMA-NOVO-49_2024-09-11_22-30-14_png_2024-09-11_22-30-15.webp.webp?fit=1200%2C675&ssl=1&resize=525%2C300 1.5x, https:\/\/i0.wp.com\/ismaelcolosi.com.br\/wp-content\/uploads\/2024\/09\/Copia-de-Copia-de-Copia-de-TAMANHO-EXATO-PARA-FOTOS-NO-SISTEMA-NOVO-49_2024-09-11_22-30-14_png_2024-09-11_22-30-15.webp.webp?fit=1200%2C675&ssl=1&resize=700%2C400 2x, https:\/\/i0.wp.com\/ismaelcolosi.com.br\/wp-content\/uploads\/2024\/09\/Copia-de-Copia-de-Copia-de-TAMANHO-EXATO-PARA-FOTOS-NO-SISTEMA-NOVO-49_2024-09-11_22-30-14_png_2024-09-11_22-30-15.webp.webp?fit=1200%2C675&ssl=1&resize=1050%2C600 3x"},"classes":[]},{"id":64985,"url":"https:\/\/ismaelcolosi.com.br\/index.php\/2024\/09\/10\/policia-diz-que-todo-dinheiro-foi-queimado-em-ataque-a-carro-forte-no-interior-de-sp\/","url_meta":{"origin":65316,"position":5},"title":"Pol\u00edcia diz que todo dinheiro foi queimado em ataque a carro-forte no interior de SP","author":"ismaelcolosi.com.br","date":"10 de September de 2024","format":false,"excerpt":"Os assaltantes que atacaram um carro-forte no in\u00edcio da noite desta segunda-feira (9), na rodovia C\u00e2ndido Portinari (SP-334), em Franca, cidade a aproximadamente 80 quil\u00f4metros de Ribeir\u00e3o Preto, n\u00e3o conseguiram abrir os tr\u00eas cofres do ve\u00edculo de transporte de valores e todo o conte\u00fado foi queimado na a\u00e7\u00e3o com uso\u2026","rel":"","context":"In &quot;Not\u00edcias de Ribeir\u00e3o Preto-SP e Regi\u00e3o&quot;","block_context":{"text":"Not\u00edcias de Ribeir\u00e3o Preto-SP e Regi\u00e3o","link":"https:\/\/ismaelcolosi.com.br\/index.php\/category\/noticias-de-ribeirao-preto-sp-e-regiao-ismael-colosi\/"},"img":{"alt_text":"","src":"https:\/\/i0.wp.com\/ismaelcolosi.com.br\/wp-content\/uploads\/2024\/09\/WhatsApp-Image-2024-09-09-at-21.18.01_2024-09-10_13-04-30_jpeg_2024-09-10_13-04-31-scaled.webp.webp?fit=1200%2C675&ssl=1&resize=350%2C200","width":350,"height":200,"srcset":"https:\/\/i0.wp.com\/ismaelcolosi.com.br\/wp-content\/uploads\/2024\/09\/WhatsApp-Image-2024-09-09-at-21.18.01_2024-09-10_13-04-30_jpeg_2024-09-10_13-04-31-scaled.webp.webp?fit=1200%2C675&ssl=1&resize=350%2C200 1x, https:\/\/i0.wp.com\/ismaelcolosi.com.br\/wp-content\/uploads\/2024\/09\/WhatsApp-Image-2024-09-09-at-21.18.01_2024-09-10_13-04-30_jpeg_2024-09-10_13-04-31-scaled.webp.webp?fit=1200%2C675&ssl=1&resize=525%2C300 1.5x, https:\/\/i0.wp.com\/ismaelcolosi.com.br\/wp-content\/uploads\/2024\/09\/WhatsApp-Image-2024-09-09-at-21.18.01_2024-09-10_13-04-30_jpeg_2024-09-10_13-04-31-scaled.webp.webp?fit=1200%2C675&ssl=1&resize=700%2C400 2x, https:\/\/i0.wp.com\/ismaelcolosi.com.br\/wp-content\/uploads\/2024\/09\/WhatsApp-Image-2024-09-09-at-21.18.01_2024-09-10_13-04-30_jpeg_2024-09-10_13-04-31-scaled.webp.webp?fit=1200%2C675&ssl=1&resize=1050%2C600 3x"},"classes":[]}],"jetpack_sharing_enabled":true,"jetpack_shortlink":"https:\/\/wp.me\/pfMlyK-gZu","_links":{"self":[{"href":"https:\/\/ismaelcolosi.com.br\/index.php\/wp-json\/wp\/v2\/posts\/65316","targetHints":{"allow":["GET"]}}],"collection":[{"href":"https:\/\/ismaelcolosi.com.br\/index.php\/wp-json\/wp\/v2\/posts"}],"about":[{"href":"https:\/\/ismaelcolosi.com.br\/index.php\/wp-json\/wp\/v2\/types\/post"}],"author":[{"embeddable":true,"href":"https:\/\/ismaelcolosi.com.br\/index.php\/wp-json\/wp\/v2\/users\/1"}],"replies":[{"embeddable":true,"href":"https:\/\/ismaelcolosi.com.br\/index.php\/wp-json\/wp\/v2\/comments?post=65316"}],"version-history":[{"count":0,"href":"https:\/\/ismaelcolosi.com.br\/index.php\/wp-json\/wp\/v2\/posts\/65316\/revisions"}],"wp:featuredmedia":[{"embeddable":true,"href":"https:\/\/ismaelcolosi.com.br\/index.php\/wp-json\/wp\/v2\/media\/65317"}],"wp:attachment":[{"href":"https:\/\/ismaelcolosi.com.br\/index.php\/wp-json\/wp\/v2\/media?parent=65316"}],"wp:term":[{"taxonomy":"category","embeddable":true,"href":"https:\/\/ismaelcolosi.com.br\/index.php\/wp-json\/wp\/v2\/categories?post=65316"},{"taxonomy":"post_tag","embeddable":true,"href":"https:\/\/ismaelcolosi.com.br\/index.php\/wp-json\/wp\/v2\/tags?post=65316"}],"curies":[{"name":"wp","href":"https:\/\/api.w.org\/{rel}","templated":true}]}}