{"id":65303,"date":"2024-09-11T17:10:57","date_gmt":"2024-09-11T20:10:57","guid":{"rendered":"https:\/\/ismaelcolosi.com.br\/index.php\/2024\/09\/11\/vunesp-divulga-concurso-para-o-interior-de-sp-com-salario-ate-r-11-mil\/"},"modified":"2024-09-11T17:10:57","modified_gmt":"2024-09-11T20:10:57","slug":"vunesp-divulga-concurso-para-o-interior-de-sp-com-salario-ate-r-11-mil","status":"publish","type":"post","link":"https:\/\/ismaelcolosi.com.br\/index.php\/2024\/09\/11\/vunesp-divulga-concurso-para-o-interior-de-sp-com-salario-ate-r-11-mil\/","title":{"rendered":"Vunesp divulga concurso para o interior de SP com sal\u00e1rio at\u00e9 R$ 11 mil"},"content":{"rendered":"<p> <br \/>\n<\/p>\n<div data-td-block-uid=\"tdi_106\">\n<div class=\"tdb-block-inner td-fix-index\">\n<p>A <strong><a href=\"https:\/\/www.vunesp.com.br\/\" target=\"_blank\" rel=\"noreferrer noopener nofollow\">Funda\u00e7\u00e3o para o Vestibular da Universidade Estadual Paulista (Vunesp)<\/a><\/strong> divulgou, nesta quarta-feira (11), <mark style=\"background-color:#fcb900\" class=\"has-inline-color\">cinco editais de concurso p\u00fablico<\/mark> com sal\u00e1rios que variam entre <strong>R$\u00a03.843,57<\/strong> a R$\u00a0<strong>11.243,46<\/strong>. <mark style=\"background-color:#fcb900\" class=\"has-inline-color\">As vagas s\u00e3o de n\u00edvel fundamental, m\u00e9dio e superior.<\/mark><\/p>\n<p><strong>As inscri\u00e7\u00f5es<\/strong> come\u00e7am na <strong>pr\u00f3xima segunda-feira (16)<\/strong> e seguem <strong>at\u00e9 dia 15 de outubro<\/strong>. <\/p>\n<p><mark style=\"background-color:#fcb900\" class=\"has-inline-color\">A taxa de inscri\u00e7\u00e3o varia entre R$ R$ 91,00 a R$ 194,00<\/mark>.<\/p>\n<p>As vagas s\u00e3o para <strong>Assistente Operacional II<\/strong>, <strong>Assistente de Inform\u00e1tica II<\/strong>, <strong>Assistente Operacional III na \u00e1rea de conserva\u00e7\u00e3o e manuten\u00e7\u00e3o<\/strong>, <strong>Analista de Inform\u00e1tica II na \u00e1rea de redes e infraestrutura<\/strong>, <strong>Assistente de Suporte Aad\u00eamico IV<\/strong>, <strong>Assistente T\u00e9cnico Administrativo<\/strong>, <strong>Contador <\/strong>e <strong>Enfermeiro<\/strong>. <\/p>\n<p>SAIBA MAIS<\/p>\n<p>Apostas do interior de S\u00e3o Paulo ganham pr\u00eamio na Mega-Sena; Veja os n\u00fameros<\/p>\n<h4 class=\"wp-block-heading\"><strong>FIQUE ON<\/strong><\/h4>\n<p>Fique ligado em tudo que acontece em Ribeir\u00e3o Preto e regi\u00e3o. Siga os perfis do\u00a0<strong>acidade on<\/strong>\u00a0no\u00a0<a href=\"https:\/\/www.instagram.com\/acidadeonribeirao\" target=\"_blank\" rel=\"noreferrer noopener\">Instagram<\/a>\u00a0e no<a href=\"https:\/\/www.facebook.com\/acidadeonribeirao\/\" target=\"_blank\" rel=\"noreferrer noopener\">\u00a0Facebook<\/a>.<\/p>\n<p>Receba not\u00edcias do\u00a0<strong>acidade on<\/strong>\u00a0no WhatsApp.\u00a0<a href=\"https:\/\/chat.whatsapp.com\/Dtv9mxhy6V5BJBotM2OQ5k\" target=\"_blank\" rel=\"noreferrer noopener\">Para entrar no grupo, basta clicar aqui.<\/a><\/p>\n<p>Fa\u00e7a uma den\u00fancia ou sugira uma reportagem sobre Ribeir\u00e3o Preto e regi\u00e3o pelo WhatsApp: 16 99117 7802.<\/p>\n<p>VEJA TAMB\u00c9M<\/p>\n<p>O que significa alerta vermelho de onda de calor de grande perigo?<\/p>\n<p><!-- CONTENT END 1 -->\n<\/div>\n<\/div>\n<p><script async src=\"\/\/www.instagram.com\/embed.js\"><\/script><br \/>\n<br \/><br \/>\n<br \/><a href=\"https:\/\/www.acidadeon.com\/ribeiraopreto\/economia\/vunesp-divulga-concurso-para-o-interior-de-sp-com-salario-ate-r-11-mil\/\">Source link <\/a><\/p>\n","protected":false},"excerpt":{"rendered":"<p>A Funda\u00e7\u00e3o para o Vestibular da Universidade Estadual Paulista (Vunesp) divulgou, nesta quarta-feira (11), cinco editais de concurso p\u00fablico com sal\u00e1rios que variam entre R$\u00a03.843,57&#8230;<\/p>\n","protected":false},"author":1,"featured_media":52824,"comment_status":"open","ping_status":"open","sticky":false,"template":"","format":"standard","meta":{"_uag_custom_page_level_css":"","advanced_seo_description":"","jetpack_seo_html_title":"","jetpack_seo_noindex":false,"jetpack_post_was_ever_published":false,"_jetpack_newsletter_access":"","_jetpack_dont_email_post_to_subs":false,"_jetpack_newsletter_tier_id":0,"_jetpack_memberships_contains_paywalled_content":false,"_jetpack_memberships_contains_paid_content":false,"footnotes":"","jetpack_publicize_message":"","jetpack_publicize_feature_enabled":true,"jetpack_social_post_already_shared":true,"jetpack_social_options":{"image_generator_settings":{"template":"highway","default_image_id":0,"font":"","enabled":false},"version":2}},"categories":[11],"tags":[],"class_list":["post-65303","post","type-post","status-publish","format-standard","has-post-thumbnail","hentry","category-noticias-de-ribeirao-preto-sp-e-regiao-ismael-colosi"],"jetpack_publicize_connections":[],"jetpack_featured_media_url":"https:\/\/i0.wp.com\/ismaelcolosi.com.br\/wp-content\/uploads\/2024\/06\/Copia-de-Copia-de-TAMANHO-EXATO-PARA-FOTOS-NO-SISTEMA-NOVO-6_2024-06-11_13-40-15_jpg_2024-06-11_13-40-15.webp.webp?fit=1200%2C675&ssl=1","uagb_featured_image_src":{"full":["https:\/\/i0.wp.com\/ismaelcolosi.com.br\/wp-content\/uploads\/2024\/06\/Copia-de-Copia-de-TAMANHO-EXATO-PARA-FOTOS-NO-SISTEMA-NOVO-6_2024-06-11_13-40-15_jpg_2024-06-11_13-40-15.webp.webp?fit=1200%2C675&ssl=1",1200,675,false],"thumbnail":["https:\/\/i0.wp.com\/ismaelcolosi.com.br\/wp-content\/uploads\/2024\/06\/Copia-de-Copia-de-TAMANHO-EXATO-PARA-FOTOS-NO-SISTEMA-NOVO-6_2024-06-11_13-40-15_jpg_2024-06-11_13-40-15.webp.webp?resize=150%2C150&ssl=1",150,150,true],"medium":["https:\/\/i0.wp.com\/ismaelcolosi.com.br\/wp-content\/uploads\/2024\/06\/Copia-de-Copia-de-TAMANHO-EXATO-PARA-FOTOS-NO-SISTEMA-NOVO-6_2024-06-11_13-40-15_jpg_2024-06-11_13-40-15.webp.webp?fit=300%2C169&ssl=1",300,169,true],"medium_large":["https:\/\/i0.wp.com\/ismaelcolosi.com.br\/wp-content\/uploads\/2024\/06\/Copia-de-Copia-de-TAMANHO-EXATO-PARA-FOTOS-NO-SISTEMA-NOVO-6_2024-06-11_13-40-15_jpg_2024-06-11_13-40-15.webp.webp?fit=768%2C432&ssl=1",768,432,true],"large":["https:\/\/i0.wp.com\/ismaelcolosi.com.br\/wp-content\/uploads\/2024\/06\/Copia-de-Copia-de-TAMANHO-EXATO-PARA-FOTOS-NO-SISTEMA-NOVO-6_2024-06-11_13-40-15_jpg_2024-06-11_13-40-15.webp.webp?fit=1024%2C576&ssl=1",1024,576,true],"1536x1536":["https:\/\/i0.wp.com\/ismaelcolosi.com.br\/wp-content\/uploads\/2024\/06\/Copia-de-Copia-de-TAMANHO-EXATO-PARA-FOTOS-NO-SISTEMA-NOVO-6_2024-06-11_13-40-15_jpg_2024-06-11_13-40-15.webp.webp?fit=1200%2C675&ssl=1",1200,675,true],"2048x2048":["https:\/\/i0.wp.com\/ismaelcolosi.com.br\/wp-content\/uploads\/2024\/06\/Copia-de-Copia-de-TAMANHO-EXATO-PARA-FOTOS-NO-SISTEMA-NOVO-6_2024-06-11_13-40-15_jpg_2024-06-11_13-40-15.webp.webp?fit=1200%2C675&ssl=1",1200,675,true],"really-simple-thumb":["https:\/\/i0.wp.com\/ismaelcolosi.com.br\/wp-content\/uploads\/2024\/06\/Copia-de-Copia-de-TAMANHO-EXATO-PARA-FOTOS-NO-SISTEMA-NOVO-6_2024-06-11_13-40-15_jpg_2024-06-11_13-40-15.webp.webp?resize=370%2C247&ssl=1",370,247,true]},"uagb_author_info":{"display_name":"ismaelcolosi.com.br","author_link":"https:\/\/ismaelcolosi.com.br\/index.php\/author\/vidareal-online\/"},"uagb_comment_info":0,"uagb_excerpt":"A Funda\u00e7\u00e3o para o Vestibular da Universidade Estadual Paulista (Vunesp) divulgou, nesta quarta-feira (11), cinco editais de concurso p\u00fablico com sal\u00e1rios que variam entre R$\u00a03.843,57...","jetpack-related-posts":[{"id":43448,"url":"https:\/\/ismaelcolosi.com.br\/index.php\/2024\/03\/21\/unesp-tem-26-vagas-em-concurso-publico-com-salarios-de-ate-r-10-mil\/","url_meta":{"origin":65303,"position":0},"title":"Unesp tem 26 vagas em concurso p\u00fablico com sal\u00e1rios de at\u00e9 R$ 10 mil","author":"ismaelcolosi.com.br","date":"21 de March de 2024","format":false,"excerpt":"A Unesp (Universidade Estadual Paulista) abriu concurso p\u00fablico com 26 vagas para diversos campi na capital e no interior de S\u00e3o Paulo \u2013 h\u00e1 vagas para Jaboticabal, na regi\u00e3o de Ribeir\u00e3o Preto. As vagas s\u00e3o de n\u00edvel m\u00e9dio e e superior e os sal\u00e1rios variam entre R$ 3.486,23 e R$\u2026","rel":"","context":"In &quot;Not\u00edcias de Ribeir\u00e3o Preto-SP e Regi\u00e3o&quot;","block_context":{"text":"Not\u00edcias de Ribeir\u00e3o Preto-SP e Regi\u00e3o","link":"https:\/\/ismaelcolosi.com.br\/index.php\/category\/noticias-de-ribeirao-preto-sp-e-regiao-ismael-colosi\/"},"img":{"alt_text":"","src":"https:\/\/i0.wp.com\/ismaelcolosi.com.br\/wp-content\/uploads\/2024\/03\/1711033790_concurso-publico.jpg?fit=1200%2C800&ssl=1&resize=350%2C200","width":350,"height":200,"srcset":"https:\/\/i0.wp.com\/ismaelcolosi.com.br\/wp-content\/uploads\/2024\/03\/1711033790_concurso-publico.jpg?fit=1200%2C800&ssl=1&resize=350%2C200 1x, https:\/\/i0.wp.com\/ismaelcolosi.com.br\/wp-content\/uploads\/2024\/03\/1711033790_concurso-publico.jpg?fit=1200%2C800&ssl=1&resize=525%2C300 1.5x, https:\/\/i0.wp.com\/ismaelcolosi.com.br\/wp-content\/uploads\/2024\/03\/1711033790_concurso-publico.jpg?fit=1200%2C800&ssl=1&resize=700%2C400 2x, https:\/\/i0.wp.com\/ismaelcolosi.com.br\/wp-content\/uploads\/2024\/03\/1711033790_concurso-publico.jpg?fit=1200%2C800&ssl=1&resize=1050%2C600 3x"},"classes":[]},{"id":50344,"url":"https:\/\/ismaelcolosi.com.br\/index.php\/2024\/05\/15\/unesp-tem-concurso-publico-no-interior-de-sp-com-salarios-de-ate-r-10-mil\/","url_meta":{"origin":65303,"position":1},"title":"Unesp tem concurso p\u00fablico no interior de SP com sal\u00e1rios de at\u00e9 R$ 10 mil","author":"ismaelcolosi.com.br","date":"15 de May de 2024","format":false,"excerpt":"A Universidade Estadual Paulista (Unesp) abriu concurso p\u00fablico com seis vagas para diversos campi no estado de S\u00e3o Paulo. No interior, h\u00e1 vagas para Franca e Jaboticabal, cidades na regi\u00e3o de Ribeir\u00e3o Preto. Existem oportunidades para n\u00edvel fundamental, m\u00e9dio e superior e os sal\u00e1rios variam entre R$ 3.486,23 e R$\u2026","rel":"","context":"In &quot;Not\u00edcias de Ribeir\u00e3o Preto-SP e Regi\u00e3o&quot;","block_context":{"text":"Not\u00edcias de Ribeir\u00e3o Preto-SP e Regi\u00e3o","link":"https:\/\/ismaelcolosi.com.br\/index.php\/category\/noticias-de-ribeirao-preto-sp-e-regiao-ismael-colosi\/"},"img":{"alt_text":"","src":"https:\/\/i0.wp.com\/ismaelcolosi.com.br\/wp-content\/uploads\/2024\/05\/AnyConv.com__concurso-publico-5.webp.webp?fit=1200%2C800&ssl=1&resize=350%2C200","width":350,"height":200,"srcset":"https:\/\/i0.wp.com\/ismaelcolosi.com.br\/wp-content\/uploads\/2024\/05\/AnyConv.com__concurso-publico-5.webp.webp?fit=1200%2C800&ssl=1&resize=350%2C200 1x, https:\/\/i0.wp.com\/ismaelcolosi.com.br\/wp-content\/uploads\/2024\/05\/AnyConv.com__concurso-publico-5.webp.webp?fit=1200%2C800&ssl=1&resize=525%2C300 1.5x, https:\/\/i0.wp.com\/ismaelcolosi.com.br\/wp-content\/uploads\/2024\/05\/AnyConv.com__concurso-publico-5.webp.webp?fit=1200%2C800&ssl=1&resize=700%2C400 2x, https:\/\/i0.wp.com\/ismaelcolosi.com.br\/wp-content\/uploads\/2024\/05\/AnyConv.com__concurso-publico-5.webp.webp?fit=1200%2C800&ssl=1&resize=1050%2C600 3x"},"classes":[]},{"id":84321,"url":"https:\/\/ismaelcolosi.com.br\/index.php\/2025\/04\/07\/ultimos-dias-para-garantir-vagas-no-concurso-publico-em-ribeirao-preto-salarios-de-ate-r-13-mil\/","url_meta":{"origin":65303,"position":2},"title":"\u00daltimos dias para garantir vagas no concurso p\u00fablico em Ribeir\u00e3o Preto: sal\u00e1rios de at\u00e9 R$ 13 mil!","author":"Arthur Tijolo","date":"7 de April de 2025","format":false,"excerpt":"O concurso p\u00fablico da Ares-PCJ oferece 10 vagas de emprego em cidades como Ribeir\u00e3o Preto, Americana e S\u00e3o Jos\u00e9 do Rio Preto. As inscri\u00e7\u00f5es est\u00e3o abertas at\u00e9 o dia 9 de abril de 2025 e devem ser realizadas no site da Funda\u00e7\u00e3o Vunesp. Os sal\u00e1rios variam entre R$ 1.802,13 e\u2026","rel":"","context":"In &quot;Not\u00edcias de Ribeir\u00e3o Preto-SP e Regi\u00e3o&quot;","block_context":{"text":"Not\u00edcias de Ribeir\u00e3o Preto-SP e Regi\u00e3o","link":"https:\/\/ismaelcolosi.com.br\/index.php\/category\/noticias-de-ribeirao-preto-sp-e-regiao-ismael-colosi\/"},"img":{"alt_text":"","src":"https:\/\/i0.wp.com\/ismaelcolosi.com.br\/wp-content\/uploads\/2025\/04\/WhatsApp-Image-2025-04-07-at-12.27.37.jpeg?fit=1024%2C683&ssl=1&resize=350%2C200","width":350,"height":200,"srcset":"https:\/\/i0.wp.com\/ismaelcolosi.com.br\/wp-content\/uploads\/2025\/04\/WhatsApp-Image-2025-04-07-at-12.27.37.jpeg?fit=1024%2C683&ssl=1&resize=350%2C200 1x, https:\/\/i0.wp.com\/ismaelcolosi.com.br\/wp-content\/uploads\/2025\/04\/WhatsApp-Image-2025-04-07-at-12.27.37.jpeg?fit=1024%2C683&ssl=1&resize=525%2C300 1.5x, https:\/\/i0.wp.com\/ismaelcolosi.com.br\/wp-content\/uploads\/2025\/04\/WhatsApp-Image-2025-04-07-at-12.27.37.jpeg?fit=1024%2C683&ssl=1&resize=700%2C400 2x"},"classes":[]},{"id":83684,"url":"https:\/\/ismaelcolosi.com.br\/index.php\/2025\/03\/11\/ares-pcj-abre-inscricoes-para-as-vagas-em-ribeirao-e-regiao-com-salarios-que-vao-de-r-1-8-mil-ate-r-13-mil\/","url_meta":{"origin":65303,"position":3},"title":"Ares-PCJ abre inscri\u00e7\u00f5es para as vagas em Ribeir\u00e3o e Regi\u00e3o, com sal\u00e1rios que v\u00e3o de R$ 1.8 mil at\u00e9 R$ 13 mil","author":"Arthur Tijolo","date":"11 de March de 2025","format":false,"excerpt":"As inscri\u00e7\u00f5es para o concurso p\u00fablico da Ares-PCJ come\u00e7am nesta ter\u00e7a-feira (11) e oferecem 10 vagas com sal\u00e1rios que variam entre R$ 1.802,13 e R$ 13.056,00. As oportunidades est\u00e3o dispon\u00edveis nas cidades de Ribeir\u00e3o Preto, Americana e S\u00e3o Jos\u00e9 do Rio Preto. Os interessados devem se inscrever no site da\u2026","rel":"","context":"In &quot;Vagas de Emprego em Ribeir\u00e3o Preto-SP&quot;","block_context":{"text":"Vagas de Emprego em Ribeir\u00e3o Preto-SP","link":"https:\/\/ismaelcolosi.com.br\/index.php\/category\/empregos-classificados-vagas-trabalho\/vagas-de-empregos-em-ribeirao-preto-regiao-brasil\/"},"img":{"alt_text":"","src":"https:\/\/i0.wp.com\/ismaelcolosi.com.br\/wp-content\/uploads\/2025\/03\/hand-with-pen-writing-paper-scaled.jpg?fit=1200%2C800&ssl=1&resize=350%2C200","width":350,"height":200,"srcset":"https:\/\/i0.wp.com\/ismaelcolosi.com.br\/wp-content\/uploads\/2025\/03\/hand-with-pen-writing-paper-scaled.jpg?fit=1200%2C800&ssl=1&resize=350%2C200 1x, https:\/\/i0.wp.com\/ismaelcolosi.com.br\/wp-content\/uploads\/2025\/03\/hand-with-pen-writing-paper-scaled.jpg?fit=1200%2C800&ssl=1&resize=525%2C300 1.5x, https:\/\/i0.wp.com\/ismaelcolosi.com.br\/wp-content\/uploads\/2025\/03\/hand-with-pen-writing-paper-scaled.jpg?fit=1200%2C800&ssl=1&resize=700%2C400 2x, https:\/\/i0.wp.com\/ismaelcolosi.com.br\/wp-content\/uploads\/2025\/03\/hand-with-pen-writing-paper-scaled.jpg?fit=1200%2C800&ssl=1&resize=1050%2C600 3x"},"classes":[]},{"id":55486,"url":"https:\/\/ismaelcolosi.com.br\/index.php\/2024\/07\/03\/inscricoes-para-concurso-publico-da-unesp-com-salario-de-ate-r-10-mil-terminam-amanha\/","url_meta":{"origin":65303,"position":4},"title":"Inscri\u00e7\u00f5es para concurso p\u00fablico da Unesp com sal\u00e1rio de at\u00e9 R$ 10 mil\u00a0terminam amanh\u00e3","author":"ismaelcolosi.com.br","date":"3 de July de 2024","format":false,"excerpt":"A Unesp (Universidade Estadual Paulista) est\u00e1 com inscri\u00e7\u00f5es abertas at\u00e9 \u00e0s 23h59 desta quinta-feira (4), em seis campus no estado de S\u00e3o Paulo, entre eles, em Franca e Jaboticabal, na regi\u00e3o de Ribeir\u00e3o Preto. Os sal\u00e1rios v\u00e3o de R$ 3.486,23 a R$ 10.198,15. Os interessados podem se inscrever no site\u2026","rel":"","context":"In &quot;Not\u00edcias de Ribeir\u00e3o Preto-SP e Regi\u00e3o&quot;","block_context":{"text":"Not\u00edcias de Ribeir\u00e3o Preto-SP e Regi\u00e3o","link":"https:\/\/ismaelcolosi.com.br\/index.php\/category\/noticias-de-ribeirao-preto-sp-e-regiao-ismael-colosi\/"},"img":{"alt_text":"","src":"https:\/\/i0.wp.com\/ismaelcolosi.com.br\/wp-content\/uploads\/2024\/07\/Copia-de-Copia-de-TAMANHO-EXATO-PARA-FOTOS-NO-SISTEMA-NOVO-3_2024-07-03_15-28-29_jpg_2024-07-03_15-28-29.webp.webp?fit=1200%2C675&ssl=1&resize=350%2C200","width":350,"height":200,"srcset":"https:\/\/i0.wp.com\/ismaelcolosi.com.br\/wp-content\/uploads\/2024\/07\/Copia-de-Copia-de-TAMANHO-EXATO-PARA-FOTOS-NO-SISTEMA-NOVO-3_2024-07-03_15-28-29_jpg_2024-07-03_15-28-29.webp.webp?fit=1200%2C675&ssl=1&resize=350%2C200 1x, https:\/\/i0.wp.com\/ismaelcolosi.com.br\/wp-content\/uploads\/2024\/07\/Copia-de-Copia-de-TAMANHO-EXATO-PARA-FOTOS-NO-SISTEMA-NOVO-3_2024-07-03_15-28-29_jpg_2024-07-03_15-28-29.webp.webp?fit=1200%2C675&ssl=1&resize=525%2C300 1.5x, https:\/\/i0.wp.com\/ismaelcolosi.com.br\/wp-content\/uploads\/2024\/07\/Copia-de-Copia-de-TAMANHO-EXATO-PARA-FOTOS-NO-SISTEMA-NOVO-3_2024-07-03_15-28-29_jpg_2024-07-03_15-28-29.webp.webp?fit=1200%2C675&ssl=1&resize=700%2C400 2x, https:\/\/i0.wp.com\/ismaelcolosi.com.br\/wp-content\/uploads\/2024\/07\/Copia-de-Copia-de-TAMANHO-EXATO-PARA-FOTOS-NO-SISTEMA-NOVO-3_2024-07-03_15-28-29_jpg_2024-07-03_15-28-29.webp.webp?fit=1200%2C675&ssl=1&resize=1050%2C600 3x"},"classes":[]},{"id":16842,"url":"https:\/\/ismaelcolosi.com.br\/index.php\/2023\/12\/16\/inscricoes-para-concurso-publico-com-salarios-de-r-5-mil-comecam-na-proxima-segunda\/","url_meta":{"origin":65303,"position":5},"title":"Inscri\u00e7\u00f5es para concurso p\u00fablico com sal\u00e1rios de R$ 5 mil come\u00e7am na pr\u00f3xima segunda","author":"ismaelcolosi.com.br","date":"16 de December de 2023","format":false,"excerpt":"Come\u00e7a na pr\u00f3xima segunda-feira (18), a partir das 10h, o prazo para as inscri\u00e7\u00f5es do concurso p\u00fablico da C\u00e2mara Municipal de Jaboticabal, no interior de S\u00e3o Paulo. S\u00e3o cinco vagas de n\u00edvel m\u00e9dio e superior com sal\u00e1rios de R$ 5.452,93. As vagas dispon\u00edveis s\u00e3o para assistente (3 vagas), operador audiovisual\u2026","rel":"","context":"In &quot;Not\u00edcias de Ribeir\u00e3o Preto-SP e Regi\u00e3o&quot;","block_context":{"text":"Not\u00edcias de Ribeir\u00e3o Preto-SP e Regi\u00e3o","link":"https:\/\/ismaelcolosi.com.br\/index.php\/category\/noticias-de-ribeirao-preto-sp-e-regiao-ismael-colosi\/"},"img":{"alt_text":"","src":"https:\/\/i0.wp.com\/ismaelcolosi.com.br\/wp-content\/uploads\/2023\/12\/concurso-publico-11.jpg?fit=1200%2C801&ssl=1&resize=350%2C200","width":350,"height":200,"srcset":"https:\/\/i0.wp.com\/ismaelcolosi.com.br\/wp-content\/uploads\/2023\/12\/concurso-publico-11.jpg?fit=1200%2C801&ssl=1&resize=350%2C200 1x, https:\/\/i0.wp.com\/ismaelcolosi.com.br\/wp-content\/uploads\/2023\/12\/concurso-publico-11.jpg?fit=1200%2C801&ssl=1&resize=525%2C300 1.5x, https:\/\/i0.wp.com\/ismaelcolosi.com.br\/wp-content\/uploads\/2023\/12\/concurso-publico-11.jpg?fit=1200%2C801&ssl=1&resize=700%2C400 2x, https:\/\/i0.wp.com\/ismaelcolosi.com.br\/wp-content\/uploads\/2023\/12\/concurso-publico-11.jpg?fit=1200%2C801&ssl=1&resize=1050%2C600 3x"},"classes":[]}],"jetpack_sharing_enabled":true,"jetpack_shortlink":"https:\/\/wp.me\/pfMlyK-gZh","_links":{"self":[{"href":"https:\/\/ismaelcolosi.com.br\/index.php\/wp-json\/wp\/v2\/posts\/65303","targetHints":{"allow":["GET"]}}],"collection":[{"href":"https:\/\/ismaelcolosi.com.br\/index.php\/wp-json\/wp\/v2\/posts"}],"about":[{"href":"https:\/\/ismaelcolosi.com.br\/index.php\/wp-json\/wp\/v2\/types\/post"}],"author":[{"embeddable":true,"href":"https:\/\/ismaelcolosi.com.br\/index.php\/wp-json\/wp\/v2\/users\/1"}],"replies":[{"embeddable":true,"href":"https:\/\/ismaelcolosi.com.br\/index.php\/wp-json\/wp\/v2\/comments?post=65303"}],"version-history":[{"count":0,"href":"https:\/\/ismaelcolosi.com.br\/index.php\/wp-json\/wp\/v2\/posts\/65303\/revisions"}],"wp:featuredmedia":[{"embeddable":true,"href":"https:\/\/ismaelcolosi.com.br\/index.php\/wp-json\/wp\/v2\/media\/52824"}],"wp:attachment":[{"href":"https:\/\/ismaelcolosi.com.br\/index.php\/wp-json\/wp\/v2\/media?parent=65303"}],"wp:term":[{"taxonomy":"category","embeddable":true,"href":"https:\/\/ismaelcolosi.com.br\/index.php\/wp-json\/wp\/v2\/categories?post=65303"},{"taxonomy":"post_tag","embeddable":true,"href":"https:\/\/ismaelcolosi.com.br\/index.php\/wp-json\/wp\/v2\/tags?post=65303"}],"curies":[{"name":"wp","href":"https:\/\/api.w.org\/{rel}","templated":true}]}}