{"id":65282,"date":"2024-09-11T16:17:09","date_gmt":"2024-09-11T19:17:09","guid":{"rendered":"https:\/\/ismaelcolosi.com.br\/index.php\/2024\/09\/11\/acao-de-bandidos-movimenta-policia-na-regiao-de-ribeirao-preto\/"},"modified":"2024-09-11T16:17:09","modified_gmt":"2024-09-11T19:17:09","slug":"acao-de-bandidos-movimenta-policia-na-regiao-de-ribeirao-preto","status":"publish","type":"post","link":"https:\/\/ismaelcolosi.com.br\/index.php\/2024\/09\/11\/acao-de-bandidos-movimenta-policia-na-regiao-de-ribeirao-preto\/","title":{"rendered":"A\u00e7\u00e3o de bandidos movimenta pol\u00edcia na regi\u00e3o de Ribeir\u00e3o Preto"},"content":{"rendered":"<p> <br \/>\n<\/p>\n<p><strong>Agentes do Batalh\u00e3o de A\u00e7\u00f5es Especiais de Pol\u00edcia (BAEP)<\/strong> atendem uma ocorr\u00eancia envolvendo <strong>troca de tiros <\/strong>pr\u00f3ximo ao trevo de Altin\u00f3polis, na <strong>rodovia Joaquim Ferreira (SP-338)<\/strong>, entre <strong>Cajuru <\/strong>e <strong>Altin\u00f3polis<\/strong>, cidades na<strong> regi\u00e3o de Ribeir\u00e3o Preto<\/strong>.<\/p>\n<p>De acordo com as primeiras informa\u00e7\u00f5es, <span style=\"background-color:#f7cc62\" class=\"td_text_highlight_marker\"><mark class=\"has-inline-color has-black-color\"><strong>tr\u00eas pessoas foram baleadas<\/strong>: um policial, um criminoso e um trabalhador rural.<\/mark><\/span><\/p>\n<p>A <strong>suspeita <\/strong>\u00e9 de que a a\u00e7\u00e3o envolva <strong>os participantes <\/strong>do <strong>ataque a um carro-forte<\/strong> na segunda-feira (9), no km 381 da rodovia C\u00e2ndido Portinari (SP-334), em <strong>Franca<\/strong><\/p>\n<p>A ocorr\u00eancia <strong>est\u00e1 em andamento<\/strong>. O portal <strong>acidade on<\/strong> acompanha o caso.<\/p>\n<p><strong>*Mat\u00e9ria em atualiza\u00e7\u00e3o<\/strong><\/p>\n<hr class=\"wp-block-separator has-alpha-channel-opacity\" \/>\n<p>SAIBA MAIS<\/p>\n<p>Quando ser\u00e1 a nova prova do concurso do TJSP?<\/p>\n<h4 class=\"wp-block-heading\"><strong>FIQUE ON<\/strong><\/h4>\n<p>Fique ligado em tudo que acontece em Ribeir\u00e3o Preto e regi\u00e3o. Siga os perfis do&nbsp;<strong>acidade on<\/strong>&nbsp;no&nbsp;<a href=\"https:\/\/www.instagram.com\/acidadeonribeirao\" target=\"_blank\" rel=\"noreferrer noopener\">Instagram<\/a>&nbsp;e no<a href=\"https:\/\/www.facebook.com\/acidadeonribeirao\/\" target=\"_blank\" rel=\"noreferrer noopener\">&nbsp;Facebook<\/a>.<\/p>\n<p>Receba not\u00edcias do&nbsp;<strong>acidade on<\/strong>&nbsp;no WhatsApp.&nbsp;<a href=\"https:\/\/chat.whatsapp.com\/Dtv9mxhy6V5BJBotM2OQ5k\" target=\"_blank\" rel=\"noreferrer noopener\">Para entrar no grupo, basta clicar aqui.<\/a><\/p>\n<p>Fa\u00e7a uma den\u00fancia ou sugira uma reportagem sobre Ribeir\u00e3o Preto e regi\u00e3o pelo WhatsApp: 16 99117 7802.<\/p>\n<p>VEJA TAMB\u00c9M<\/p>\n<p>O que significa alerta vermelho de onda de calor de grande perig<\/p>\n<p>O post A\u00e7\u00e3o de bandidos movimenta pol\u00edcia na regi\u00e3o de Ribeir\u00e3o Preto apareceu primeiro em ACidade ON Ribeir\u00e3o Preto.<\/p>\n<p><script async src=\"\/\/www.instagram.com\/embed.js\"><\/script><br \/>\n<br \/><br \/>\n<br \/><a href=\"https:\/\/www.acidadeon.com\/ribeiraopreto\/cotidiano\/acao-de-bandidos-movimenta-policia-na-regiao-de-ribeirao-preto\/\">Source link <\/a><\/p>\n<div class='code-block code-block-4' style='margin: 8px auto 8px 0; text-align: left; display: block; clear: both;'>\n\ud83d\udce2 Aviso Legal\n\nO site ismaelcolosi.com.br atua apenas como um canal de divulga\u00e7\u00e3o de oportunidades de emprego e n\u00e3o se responsabiliza pelo processo seletivo, contrata\u00e7\u00e3o ou qualquer outra etapa relacionada \u00e0s vagas publicadas. Todas as informa\u00e7\u00f5es s\u00e3o de responsabilidade dos anunciantes.\n\n\u26a0\ufe0f Aten\u00e7\u00e3o! Nunca pague por promessas de emprego nem compre cursos que garantam contrata\u00e7\u00e3o. Desconfie de qualquer cobran\u00e7a para participar de sele\u00e7\u00f5es.\n\n\n\n<\/div>\n<!-- CONTENT END 1 -->\n","protected":false},"excerpt":{"rendered":"<p>Agentes do Batalh\u00e3o de A\u00e7\u00f5es Especiais de Pol\u00edcia (BAEP) atendem uma ocorr\u00eancia envolvendo troca de tiros pr\u00f3ximo ao trevo de Altin\u00f3polis, na rodovia Joaquim Ferreira&#8230;<\/p>\n","protected":false},"author":1,"featured_media":65283,"comment_status":"open","ping_status":"open","sticky":false,"template":"","format":"standard","meta":{"_uag_custom_page_level_css":"","advanced_seo_description":"","jetpack_seo_html_title":"","jetpack_seo_noindex":false,"jetpack_post_was_ever_published":false,"_jetpack_newsletter_access":"","_jetpack_dont_email_post_to_subs":false,"_jetpack_newsletter_tier_id":0,"_jetpack_memberships_contains_paywalled_content":false,"_jetpack_memberships_contains_paid_content":false,"footnotes":"","jetpack_publicize_message":"","jetpack_publicize_feature_enabled":true,"jetpack_social_post_already_shared":true,"jetpack_social_options":{"image_generator_settings":{"template":"highway","default_image_id":0,"font":"","enabled":false},"version":2}},"categories":[11],"tags":[],"class_list":["post-65282","post","type-post","status-publish","format-standard","has-post-thumbnail","hentry","category-noticias-de-ribeirao-preto-sp-e-regiao-ismael-colosi"],"jetpack_publicize_connections":[],"jetpack_featured_media_url":"https:\/\/i0.wp.com\/ismaelcolosi.com.br\/wp-content\/uploads\/2024\/09\/novo-ataque_2024-09-11_18-42-26_jpg_2024-09-11_18-42-26.webp.webp?fit=1200%2C985&ssl=1","uagb_featured_image_src":{"full":["https:\/\/i0.wp.com\/ismaelcolosi.com.br\/wp-content\/uploads\/2024\/09\/novo-ataque_2024-09-11_18-42-26_jpg_2024-09-11_18-42-26.webp.webp?fit=1200%2C985&ssl=1",1200,985,false],"thumbnail":["https:\/\/i0.wp.com\/ismaelcolosi.com.br\/wp-content\/uploads\/2024\/09\/novo-ataque_2024-09-11_18-42-26_jpg_2024-09-11_18-42-26.webp.webp?resize=150%2C150&ssl=1",150,150,true],"medium":["https:\/\/i0.wp.com\/ismaelcolosi.com.br\/wp-content\/uploads\/2024\/09\/novo-ataque_2024-09-11_18-42-26_jpg_2024-09-11_18-42-26.webp.webp?fit=300%2C246&ssl=1",300,246,true],"medium_large":["https:\/\/i0.wp.com\/ismaelcolosi.com.br\/wp-content\/uploads\/2024\/09\/novo-ataque_2024-09-11_18-42-26_jpg_2024-09-11_18-42-26.webp.webp?fit=768%2C630&ssl=1",768,630,true],"large":["https:\/\/i0.wp.com\/ismaelcolosi.com.br\/wp-content\/uploads\/2024\/09\/novo-ataque_2024-09-11_18-42-26_jpg_2024-09-11_18-42-26.webp.webp?fit=1024%2C841&ssl=1",1024,841,true],"1536x1536":["https:\/\/i0.wp.com\/ismaelcolosi.com.br\/wp-content\/uploads\/2024\/09\/novo-ataque_2024-09-11_18-42-26_jpg_2024-09-11_18-42-26.webp.webp?fit=1200%2C985&ssl=1",1200,985,true],"2048x2048":["https:\/\/i0.wp.com\/ismaelcolosi.com.br\/wp-content\/uploads\/2024\/09\/novo-ataque_2024-09-11_18-42-26_jpg_2024-09-11_18-42-26.webp.webp?fit=1200%2C985&ssl=1",1200,985,true],"really-simple-thumb":["https:\/\/i0.wp.com\/ismaelcolosi.com.br\/wp-content\/uploads\/2024\/09\/novo-ataque_2024-09-11_18-42-26_jpg_2024-09-11_18-42-26.webp.webp?resize=370%2C247&ssl=1",370,247,true]},"uagb_author_info":{"display_name":"ismaelcolosi.com.br","author_link":"https:\/\/ismaelcolosi.com.br\/index.php\/author\/vidareal-online\/"},"uagb_comment_info":0,"uagb_excerpt":"Agentes do Batalh\u00e3o de A\u00e7\u00f5es Especiais de Pol\u00edcia (BAEP) atendem uma ocorr\u00eancia envolvendo troca de tiros pr\u00f3ximo ao trevo de Altin\u00f3polis, na rodovia Joaquim Ferreira...","jetpack-related-posts":[{"id":65336,"url":"https:\/\/ismaelcolosi.com.br\/index.php\/2024\/09\/11\/policial-foi-morto-durante-acao-de-criminosos-em-rodovia-na-regiao-de-ribeirao\/","url_meta":{"origin":65282,"position":0},"title":"Policial foi morto durante a\u00e7\u00e3o de criminosos em rodovia na regi\u00e3o de Ribeir\u00e3o","author":"ismaelcolosi.com.br","date":"11 de September de 2024","format":false,"excerpt":"O sargento Marcio Ribeiro, do Baep (Batalh\u00e3o de A\u00e7\u00f5es Especiais de Pol\u00edcia) de Ribeir\u00e3o Preto, morreu durante a a\u00e7\u00e3o de criminosos na tarde desta quarta-feira (11), entre Cajuru e Altin\u00f3polis. De acordo com a SSP-SP (Secretaria de Seguran\u00e7a P\u00fablica de S\u00e3o Paulo), o policial e sua equipe realizavam patrulhamento na\u2026","rel":"","context":"In &quot;Not\u00edcias de Ribeir\u00e3o Preto-SP e Regi\u00e3o&quot;","block_context":{"text":"Not\u00edcias de Ribeir\u00e3o Preto-SP e Regi\u00e3o","link":"https:\/\/ismaelcolosi.com.br\/index.php\/category\/noticias-de-ribeirao-preto-sp-e-regiao-ismael-colosi\/"},"img":{"alt_text":"","src":"https:\/\/i0.wp.com\/ismaelcolosi.com.br\/wp-content\/uploads\/2024\/09\/marcio-carcara_2024-09-11_21-50-59_jpg_2024-09-11_21-50-59.webp.webp?fit=1200%2C864&ssl=1&resize=350%2C200","width":350,"height":200,"srcset":"https:\/\/i0.wp.com\/ismaelcolosi.com.br\/wp-content\/uploads\/2024\/09\/marcio-carcara_2024-09-11_21-50-59_jpg_2024-09-11_21-50-59.webp.webp?fit=1200%2C864&ssl=1&resize=350%2C200 1x, https:\/\/i0.wp.com\/ismaelcolosi.com.br\/wp-content\/uploads\/2024\/09\/marcio-carcara_2024-09-11_21-50-59_jpg_2024-09-11_21-50-59.webp.webp?fit=1200%2C864&ssl=1&resize=525%2C300 1.5x, https:\/\/i0.wp.com\/ismaelcolosi.com.br\/wp-content\/uploads\/2024\/09\/marcio-carcara_2024-09-11_21-50-59_jpg_2024-09-11_21-50-59.webp.webp?fit=1200%2C864&ssl=1&resize=700%2C400 2x, https:\/\/i0.wp.com\/ismaelcolosi.com.br\/wp-content\/uploads\/2024\/09\/marcio-carcara_2024-09-11_21-50-59_jpg_2024-09-11_21-50-59.webp.webp?fit=1200%2C864&ssl=1&resize=1050%2C600 3x"},"classes":[]},{"id":77122,"url":"https:\/\/ismaelcolosi.com.br\/index.php\/2024\/11\/21\/dois-morrem-em-acidente-na-regiao\/","url_meta":{"origin":65282,"position":1},"title":"Dois morrem em acidente na regi\u00e3o","author":"ismaelcolosi.com.br","date":"21 de November de 2024","format":false,"excerpt":"Por: Adalberto Luque Um grave acidente deixou duas pessoas mortas e cinco feridas, nesta quarta-feira (20). A colis\u00e3o ocorreu na Rodovia Arlindo Vicentini (SPV-048), entre as cidades de Altin\u00f3polis e Serrana, ambas na regi\u00e3o metropolitana de Ribeir\u00e3o Preto. Segundo informa\u00e7\u00f5es, um Fiat Uno de uma empresa de Cabre\u00fava, cidade da\u2026","rel":"","context":"In &quot;Not\u00edcias de Ribeir\u00e3o Preto-SP e Regi\u00e3o&quot;","block_context":{"text":"Not\u00edcias de Ribeir\u00e3o Preto-SP e Regi\u00e3o","link":"https:\/\/ismaelcolosi.com.br\/index.php\/category\/noticias-de-ribeirao-preto-sp-e-regiao-ismael-colosi\/"},"img":{"alt_text":"","src":"https:\/\/i0.wp.com\/ismaelcolosi.com.br\/wp-content\/uploads\/2024\/11\/21nov2024-acidenteserrana1-scaled.jpg?fit=800%2C447&ssl=1&resize=350%2C200","width":350,"height":200,"srcset":"https:\/\/i0.wp.com\/ismaelcolosi.com.br\/wp-content\/uploads\/2024\/11\/21nov2024-acidenteserrana1-scaled.jpg?fit=800%2C447&ssl=1&resize=350%2C200 1x, https:\/\/i0.wp.com\/ismaelcolosi.com.br\/wp-content\/uploads\/2024\/11\/21nov2024-acidenteserrana1-scaled.jpg?fit=800%2C447&ssl=1&resize=525%2C300 1.5x, https:\/\/i0.wp.com\/ismaelcolosi.com.br\/wp-content\/uploads\/2024\/11\/21nov2024-acidenteserrana1-scaled.jpg?fit=800%2C447&ssl=1&resize=700%2C400 2x"},"classes":[]},{"id":66340,"url":"https:\/\/ismaelcolosi.com.br\/index.php\/2024\/09\/17\/homem-de-51-anos-e-morto-a-pauladas-na-regiao-de-ribeirao-preto\/","url_meta":{"origin":65282,"position":2},"title":"Homem de 51 anos \u00e9 morto a pauladas na regi\u00e3o de Ribeir\u00e3o Preto","author":"ismaelcolosi.com.br","date":"17 de September de 2024","format":false,"excerpt":"Um homem de 51 anos foi morto a pauladas no in\u00edcio da noite desta segunda-feira (16), em Altin\u00f3polis, cidade a aproximadamente 60 quil\u00f4metros de Ribeir\u00e3o Preto. Um suspeito, que tem 36 anos e estaria em situa\u00e7\u00e3o de rua, foi preso pelo crime. Segundo o boletim de ocorr\u00eancia (BO), a v\u00edtima,\u2026","rel":"","context":"In &quot;Not\u00edcias de Ribeir\u00e3o Preto-SP e Regi\u00e3o&quot;","block_context":{"text":"Not\u00edcias de Ribeir\u00e3o Preto-SP e Regi\u00e3o","link":"https:\/\/ismaelcolosi.com.br\/index.php\/category\/noticias-de-ribeirao-preto-sp-e-regiao-ismael-colosi\/"},"img":{"alt_text":"","src":"https:\/\/i0.wp.com\/ismaelcolosi.com.br\/wp-content\/uploads\/2024\/09\/policia_qru_1024x576_05012021162009.jpg?fit=1024%2C576&ssl=1&resize=350%2C200","width":350,"height":200,"srcset":"https:\/\/i0.wp.com\/ismaelcolosi.com.br\/wp-content\/uploads\/2024\/09\/policia_qru_1024x576_05012021162009.jpg?fit=1024%2C576&ssl=1&resize=350%2C200 1x, https:\/\/i0.wp.com\/ismaelcolosi.com.br\/wp-content\/uploads\/2024\/09\/policia_qru_1024x576_05012021162009.jpg?fit=1024%2C576&ssl=1&resize=525%2C300 1.5x, https:\/\/i0.wp.com\/ismaelcolosi.com.br\/wp-content\/uploads\/2024\/09\/policia_qru_1024x576_05012021162009.jpg?fit=1024%2C576&ssl=1&resize=700%2C400 2x"},"classes":[]},{"id":65343,"url":"https:\/\/ismaelcolosi.com.br\/index.php\/2024\/09\/11\/suspeito-de-ataque-a-carro-forte-ja-foi-preso-com-arsenal-de-guerra\/","url_meta":{"origin":65282,"position":3},"title":"Suspeito de ataque a carro-forte j\u00e1 foi preso com arsenal de guerra","author":"ismaelcolosi.com.br","date":"11 de September de 2024","format":false,"excerpt":"Roberto Marques Trov\u00e3o Lafaeff, preso na ter\u00e7a-feira (10), pela suspeita de envolvimento no ataque a carro-forte na regi\u00e3o de Ribeir\u00e3o Preto, j\u00e1 era conhecido pelos policiais do Departamento Estadual de Investiga\u00e7\u00f5es Criminais (Deic). Conforme a Secretaria de Seguran\u00e7a P\u00fablica de S\u00e3o Paulo (SSP-SP), Lafaeff teria sido preso em flagrante em\u2026","rel":"","context":"In &quot;Not\u00edcias de Ribeir\u00e3o Preto-SP e Regi\u00e3o&quot;","block_context":{"text":"Not\u00edcias de Ribeir\u00e3o Preto-SP e Regi\u00e3o","link":"https:\/\/ismaelcolosi.com.br\/index.php\/category\/noticias-de-ribeirao-preto-sp-e-regiao-ismael-colosi\/"},"img":{"alt_text":"","src":"https:\/\/i0.wp.com\/ismaelcolosi.com.br\/wp-content\/uploads\/2024\/09\/Copia-de-Copia-de-Copia-de-TAMANHO-EXATO-PARA-FOTOS-NO-SISTEMA-NOVO-49_2024-09-11_22-30-14_png_2024-09-11_22-30-15.webp.webp?fit=1200%2C675&ssl=1&resize=350%2C200","width":350,"height":200,"srcset":"https:\/\/i0.wp.com\/ismaelcolosi.com.br\/wp-content\/uploads\/2024\/09\/Copia-de-Copia-de-Copia-de-TAMANHO-EXATO-PARA-FOTOS-NO-SISTEMA-NOVO-49_2024-09-11_22-30-14_png_2024-09-11_22-30-15.webp.webp?fit=1200%2C675&ssl=1&resize=350%2C200 1x, https:\/\/i0.wp.com\/ismaelcolosi.com.br\/wp-content\/uploads\/2024\/09\/Copia-de-Copia-de-Copia-de-TAMANHO-EXATO-PARA-FOTOS-NO-SISTEMA-NOVO-49_2024-09-11_22-30-14_png_2024-09-11_22-30-15.webp.webp?fit=1200%2C675&ssl=1&resize=525%2C300 1.5x, https:\/\/i0.wp.com\/ismaelcolosi.com.br\/wp-content\/uploads\/2024\/09\/Copia-de-Copia-de-Copia-de-TAMANHO-EXATO-PARA-FOTOS-NO-SISTEMA-NOVO-49_2024-09-11_22-30-14_png_2024-09-11_22-30-15.webp.webp?fit=1200%2C675&ssl=1&resize=700%2C400 2x, https:\/\/i0.wp.com\/ismaelcolosi.com.br\/wp-content\/uploads\/2024\/09\/Copia-de-Copia-de-Copia-de-TAMANHO-EXATO-PARA-FOTOS-NO-SISTEMA-NOVO-49_2024-09-11_22-30-14_png_2024-09-11_22-30-15.webp.webp?fit=1200%2C675&ssl=1&resize=1050%2C600 3x"},"classes":[]},{"id":64985,"url":"https:\/\/ismaelcolosi.com.br\/index.php\/2024\/09\/10\/policia-diz-que-todo-dinheiro-foi-queimado-em-ataque-a-carro-forte-no-interior-de-sp\/","url_meta":{"origin":65282,"position":4},"title":"Pol\u00edcia diz que todo dinheiro foi queimado em ataque a carro-forte no interior de SP","author":"ismaelcolosi.com.br","date":"10 de September de 2024","format":false,"excerpt":"Os assaltantes que atacaram um carro-forte no in\u00edcio da noite desta segunda-feira (9), na rodovia C\u00e2ndido Portinari (SP-334), em Franca, cidade a aproximadamente 80 quil\u00f4metros de Ribeir\u00e3o Preto, n\u00e3o conseguiram abrir os tr\u00eas cofres do ve\u00edculo de transporte de valores e todo o conte\u00fado foi queimado na a\u00e7\u00e3o com uso\u2026","rel":"","context":"In &quot;Not\u00edcias de Ribeir\u00e3o Preto-SP e Regi\u00e3o&quot;","block_context":{"text":"Not\u00edcias de Ribeir\u00e3o Preto-SP e Regi\u00e3o","link":"https:\/\/ismaelcolosi.com.br\/index.php\/category\/noticias-de-ribeirao-preto-sp-e-regiao-ismael-colosi\/"},"img":{"alt_text":"","src":"https:\/\/i0.wp.com\/ismaelcolosi.com.br\/wp-content\/uploads\/2024\/09\/WhatsApp-Image-2024-09-09-at-21.18.01_2024-09-10_13-04-30_jpeg_2024-09-10_13-04-31-scaled.webp.webp?fit=1200%2C675&ssl=1&resize=350%2C200","width":350,"height":200,"srcset":"https:\/\/i0.wp.com\/ismaelcolosi.com.br\/wp-content\/uploads\/2024\/09\/WhatsApp-Image-2024-09-09-at-21.18.01_2024-09-10_13-04-30_jpeg_2024-09-10_13-04-31-scaled.webp.webp?fit=1200%2C675&ssl=1&resize=350%2C200 1x, https:\/\/i0.wp.com\/ismaelcolosi.com.br\/wp-content\/uploads\/2024\/09\/WhatsApp-Image-2024-09-09-at-21.18.01_2024-09-10_13-04-30_jpeg_2024-09-10_13-04-31-scaled.webp.webp?fit=1200%2C675&ssl=1&resize=525%2C300 1.5x, https:\/\/i0.wp.com\/ismaelcolosi.com.br\/wp-content\/uploads\/2024\/09\/WhatsApp-Image-2024-09-09-at-21.18.01_2024-09-10_13-04-30_jpeg_2024-09-10_13-04-31-scaled.webp.webp?fit=1200%2C675&ssl=1&resize=700%2C400 2x, https:\/\/i0.wp.com\/ismaelcolosi.com.br\/wp-content\/uploads\/2024\/09\/WhatsApp-Image-2024-09-09-at-21.18.01_2024-09-10_13-04-30_jpeg_2024-09-10_13-04-31-scaled.webp.webp?fit=1200%2C675&ssl=1&resize=1050%2C600 3x"},"classes":[]},{"id":52777,"url":"https:\/\/ismaelcolosi.com.br\/index.php\/2024\/06\/10\/identificados-jovens-que-morreram-em-capotamento-na-regiao-de-ribeirao-preto\/","url_meta":{"origin":65282,"position":5},"title":"Identificados jovens que morreram em capotamento na regi\u00e3o de Ribeir\u00e3o Preto","author":"ismaelcolosi.com.br","date":"10 de June de 2024","format":false,"excerpt":"Os dois jovens que morreram ap\u00f3s se envolverem em um acidente no quil\u00f4metro 47, na zona Rural de Batatais, na regi\u00e3o de Ribeir\u00e3o Preto, foram identificados como Mateus Silva Francisco, de 22 anos e Patrick Leonardo Marques Martins, de 24 anos. As v\u00edtimas eram amigas e moravam em Altin\u00f3polis. O\u2026","rel":"","context":"In &quot;Not\u00edcias de Ribeir\u00e3o Preto-SP e Regi\u00e3o&quot;","block_context":{"text":"Not\u00edcias de Ribeir\u00e3o Preto-SP e Regi\u00e3o","link":"https:\/\/ismaelcolosi.com.br\/index.php\/category\/noticias-de-ribeirao-preto-sp-e-regiao-ismael-colosi\/"},"img":{"alt_text":"","src":"https:\/\/i0.wp.com\/ismaelcolosi.com.br\/wp-content\/uploads\/2024\/06\/Copia-de-Copia-de-TAMANHO-EXATO-PARA-FOTOS-NO-SISTEMA-NOVO-5_2024-06-10_20-19-48_jpg_2024-06-10_20-19-48.webp.webp?fit=1200%2C675&ssl=1&resize=350%2C200","width":350,"height":200,"srcset":"https:\/\/i0.wp.com\/ismaelcolosi.com.br\/wp-content\/uploads\/2024\/06\/Copia-de-Copia-de-TAMANHO-EXATO-PARA-FOTOS-NO-SISTEMA-NOVO-5_2024-06-10_20-19-48_jpg_2024-06-10_20-19-48.webp.webp?fit=1200%2C675&ssl=1&resize=350%2C200 1x, https:\/\/i0.wp.com\/ismaelcolosi.com.br\/wp-content\/uploads\/2024\/06\/Copia-de-Copia-de-TAMANHO-EXATO-PARA-FOTOS-NO-SISTEMA-NOVO-5_2024-06-10_20-19-48_jpg_2024-06-10_20-19-48.webp.webp?fit=1200%2C675&ssl=1&resize=525%2C300 1.5x, https:\/\/i0.wp.com\/ismaelcolosi.com.br\/wp-content\/uploads\/2024\/06\/Copia-de-Copia-de-TAMANHO-EXATO-PARA-FOTOS-NO-SISTEMA-NOVO-5_2024-06-10_20-19-48_jpg_2024-06-10_20-19-48.webp.webp?fit=1200%2C675&ssl=1&resize=700%2C400 2x, https:\/\/i0.wp.com\/ismaelcolosi.com.br\/wp-content\/uploads\/2024\/06\/Copia-de-Copia-de-TAMANHO-EXATO-PARA-FOTOS-NO-SISTEMA-NOVO-5_2024-06-10_20-19-48_jpg_2024-06-10_20-19-48.webp.webp?fit=1200%2C675&ssl=1&resize=1050%2C600 3x"},"classes":[]}],"jetpack_sharing_enabled":true,"jetpack_shortlink":"https:\/\/wp.me\/pfMlyK-gYW","_links":{"self":[{"href":"https:\/\/ismaelcolosi.com.br\/index.php\/wp-json\/wp\/v2\/posts\/65282","targetHints":{"allow":["GET"]}}],"collection":[{"href":"https:\/\/ismaelcolosi.com.br\/index.php\/wp-json\/wp\/v2\/posts"}],"about":[{"href":"https:\/\/ismaelcolosi.com.br\/index.php\/wp-json\/wp\/v2\/types\/post"}],"author":[{"embeddable":true,"href":"https:\/\/ismaelcolosi.com.br\/index.php\/wp-json\/wp\/v2\/users\/1"}],"replies":[{"embeddable":true,"href":"https:\/\/ismaelcolosi.com.br\/index.php\/wp-json\/wp\/v2\/comments?post=65282"}],"version-history":[{"count":0,"href":"https:\/\/ismaelcolosi.com.br\/index.php\/wp-json\/wp\/v2\/posts\/65282\/revisions"}],"wp:featuredmedia":[{"embeddable":true,"href":"https:\/\/ismaelcolosi.com.br\/index.php\/wp-json\/wp\/v2\/media\/65283"}],"wp:attachment":[{"href":"https:\/\/ismaelcolosi.com.br\/index.php\/wp-json\/wp\/v2\/media?parent=65282"}],"wp:term":[{"taxonomy":"category","embeddable":true,"href":"https:\/\/ismaelcolosi.com.br\/index.php\/wp-json\/wp\/v2\/categories?post=65282"},{"taxonomy":"post_tag","embeddable":true,"href":"https:\/\/ismaelcolosi.com.br\/index.php\/wp-json\/wp\/v2\/tags?post=65282"}],"curies":[{"name":"wp","href":"https:\/\/api.w.org\/{rel}","templated":true}]}}