{"id":65275,"date":"2024-09-11T15:56:38","date_gmt":"2024-09-11T18:56:38","guid":{"rendered":"https:\/\/ismaelcolosi.com.br\/index.php\/2024\/09\/11\/vagas-de-emprego-na-area-de-logistica-em-ribeirao-preto-sp-9\/"},"modified":"2024-09-11T15:56:38","modified_gmt":"2024-09-11T18:56:38","slug":"vagas-de-emprego-na-area-de-logistica-em-ribeirao-preto-sp-9","status":"publish","type":"post","link":"https:\/\/ismaelcolosi.com.br\/index.php\/2024\/09\/11\/vagas-de-emprego-na-area-de-logistica-em-ribeirao-preto-sp-9\/","title":{"rendered":"Vagas de emprego na \u00e1rea de log\u00edstica em Ribeir\u00e3o Preto-SP"},"content":{"rendered":"<p><a class=\"base-card__full-link absolute top-0 right-0 bottom-0 left-0 p-0 z-[2]\" href=\"https:\/\/br.linkedin.com\/jobs\/view\/operador-log%C3%ADstica-nortel%0Aribeir%C3%A3o-preto-sp%0Aefetivo-at-sonepar-brasil-3967727937?position=1&amp;pageNum=0&amp;refId=B3cEsSgOXfA7FFz3drxGSQ%3D%3D&amp;trackingId=34plmjeBFUxMl5AKQZVnkw%3D%3D&amp;trk=public_jobs_jserp-result_search-card\" data-tracking-control-name=\"public_jobs_jserp-result_search-card\" data-tracking-client-ingraph data-tracking-will-navigate><\/p>\n<p>          <span class=\"sr-only\"><\/p>\n<p>        Operador Log\u00edstica &#8211; Nortel<br \/>\nRibeir\u00e3o Preto &#8211; SP<br \/>\nEfetivo<\/p>\n<p>          <\/span><br \/>\n        <\/a><br \/>\n<a class=\"base-card__full-link absolute top-0 right-0 bottom-0 left-0 p-0 z-[2]\" href=\"https:\/\/br.linkedin.com\/jobs\/view\/assistente-de-log%C3%ADstica-pleno-at-pepsico-4015554350?position=2&amp;pageNum=0&amp;refId=B3cEsSgOXfA7FFz3drxGSQ%3D%3D&amp;trackingId=tL%2Be8qjH44PPtXCssG44vA%3D%3D&amp;trk=public_jobs_jserp-result_search-card\" data-tracking-control-name=\"public_jobs_jserp-result_search-card\" data-tracking-client-ingraph data-tracking-will-navigate><\/p>\n<p>          <span class=\"sr-only\"><\/p>\n<p>        Assistente de Log\u00edstica Pleno<\/p>\n<p>          <\/span><br \/>\n        <\/a><br \/>\n<a class=\"base-card__full-link absolute top-0 right-0 bottom-0 left-0 p-0 z-[2]\" href=\"https:\/\/br.linkedin.com\/jobs\/view\/morada-conferente-carga-fracionada%0Aribeir%C3%A3o-preto-sp%0Aefetivo-at-morada-transportes-3985654502?position=3&amp;pageNum=0&amp;refId=B3cEsSgOXfA7FFz3drxGSQ%3D%3D&amp;trackingId=ZkLYYy%2BXBGCuRK6i3%2FkhnQ%3D%3D&amp;trk=public_jobs_jserp-result_search-card\" data-tracking-control-name=\"public_jobs_jserp-result_search-card\" data-tracking-client-ingraph data-tracking-will-navigate><\/p>\n<p>          <span class=\"sr-only\"><\/p>\n<p>        Morada &#8211; Conferente &#8211; Carga Fracionada<br \/>\nRibeir\u00e3o Preto &#8211; SP<br \/>\nEfetivo<\/p>\n<p>          <\/span><br \/>\n        <\/a><br \/>\n<a class=\"base-card__full-link absolute top-0 right-0 bottom-0 left-0 p-0 z-[2]\" href=\"https:\/\/br.linkedin.com\/jobs\/view\/operador-de-estoque-ribeir%C3%A3o-preto-sp-at-grupo-autoglass-3995611082?position=4&amp;pageNum=0&amp;refId=B3cEsSgOXfA7FFz3drxGSQ%3D%3D&amp;trackingId=nkEOHevauLtVlNeCCLq8KA%3D%3D&amp;trk=public_jobs_jserp-result_search-card\" data-tracking-control-name=\"public_jobs_jserp-result_search-card\" data-tracking-client-ingraph data-tracking-will-navigate><\/p>\n<p>          <span class=\"sr-only\"><\/p>\n<p>        Operador de Estoque &#8211; Ribeir\u00e3o Preto\/SP<\/p>\n<p>          <\/span><br \/>\n        <\/a><br \/>\n<a class=\"base-card__full-link absolute top-0 right-0 bottom-0 left-0 p-0 z-[2]\" href=\"https:\/\/br.linkedin.com\/jobs\/view\/operador-de-estoque-ribeir%C3%A3o-preto-sp-at-grupo-autoglass-3995611082?position=4&amp;pageNum=0&amp;refId=B3cEsSgOXfA7FFz3drxGSQ%3D%3D&amp;trackingId=nkEOHevauLtVlNeCCLq8KA%3D%3D&amp;trk=public_jobs_jserp-result_search-card\" data-tracking-control-name=\"public_jobs_jserp-result_search-card\" data-tracking-client-ingraph data-tracking-will-navigate><\/p>\n<p>          <span class=\"sr-only\"><\/p>\n<p>        Operador de Estoque &#8211; Ribeir\u00e3o Preto\/SP<\/p>\n<p>          <\/span><br \/>\n        <\/a><br \/>\n<a class=\"base-card__full-link absolute top-0 right-0 bottom-0 left-0 p-0 z-[2]\" href=\"https:\/\/br.linkedin.com\/jobs\/view\/auxiliar-de-log%C3%ADstica-at-santiago-e-cintra-geotecnologias-4016224936?position=5&amp;pageNum=0&amp;refId=B3cEsSgOXfA7FFz3drxGSQ%3D%3D&amp;trackingId=d7DCwn4Z5D0HbP086MhXgQ%3D%3D&amp;trk=public_jobs_jserp-result_search-card\" data-tracking-control-name=\"public_jobs_jserp-result_search-card\" data-tracking-client-ingraph data-tracking-will-navigate><\/p>\n<p>          <span class=\"sr-only\"><\/p>\n<p>        Auxiliar de Log\u00edstica<\/p>\n<p>          <\/span><br \/>\n        <\/a><br \/>\n<a class=\"base-card__full-link absolute top-0 right-0 bottom-0 left-0 p-0 z-[2]\" href=\"https:\/\/br.linkedin.com\/jobs\/view\/auxiliar-de-log%C3%ADstica-at-stone-3988731662?position=10&amp;pageNum=0&amp;refId=B3cEsSgOXfA7FFz3drxGSQ%3D%3D&amp;trackingId=TbXXGufDRdEMAT%2BkI8vLqA%3D%3D&amp;trk=public_jobs_jserp-result_search-card\" data-tracking-control-name=\"public_jobs_jserp-result_search-card\" data-tracking-client-ingraph data-tracking-will-navigate><\/p>\n<p>          <span class=\"sr-only\"><\/p>\n<p>        Auxiliar de log\u00edstica<\/p>\n<p>          <\/span><br \/>\n        <\/a><br \/>\n<a class=\"base-card__full-link absolute top-0 right-0 bottom-0 left-0 p-0 z-[2]\" href=\"https:\/\/br.linkedin.com\/jobs\/view\/operador-log%C3%ADstica-nortel-at-sonepar-brasil-3970276076?position=9&amp;pageNum=0&amp;refId=B3cEsSgOXfA7FFz3drxGSQ%3D%3D&amp;trackingId=e6dhqj%2FaLQ3nPfa8CnC9LQ%3D%3D&amp;trk=public_jobs_jserp-result_search-card\" data-tracking-control-name=\"public_jobs_jserp-result_search-card\" data-tracking-client-ingraph data-tracking-will-navigate><\/p>\n<p>          <span class=\"sr-only\"><\/p>\n<p>        Operador Log\u00edstica &#8211; Nortel<\/p>\n<p>          <\/span><br \/>\n        <\/a><br \/>\n<main id=\"main-content\" class=\"two-pane-serp-page__results\" role=\"main\"><\/p>\n<section class=\"two-pane-serp-page__search-header\">\n<p><!----><\/p>\n<section class=\"job-alert-redirect-section job-alert-redirect-section--jserp\">\n      <icon class=\"job-alert-redirect-section__icon\" data-delayed-url=\"https:\/\/static.licdn.com\/aero-v1\/sc\/h\/dd4yq8pu9gycnw9c7p5uro8qn\"><\/icon><\/p>\n<div class=\"job-alert-redirect-section__container\">\n<p>\n           Get notified about new <span class=\"break-words t-bold\">Log\u00edstica<\/span> jobs in <strong>Ribeir\u00e3o Preto<\/strong>.\n        <\/p>\n<p>        <a class=\"job-alert-redirect-section__cta\" href=\"https:\/\/www.linkedin.com\/login?emailAddress=&amp;fromSignIn=&amp;session_redirect=https%3A%2F%2Fwww.linkedin.com%2Fjobs%2Fsearch%2F%3FcurrentJobId%3D3698141532%26geoId%3D100030857%26keywords%3Dlog%25C3%25ADstica%26location%3DRibeir%25C3%25A3o%2520Preto%252C%2520S%25C3%25A3o%2520Paulo%252C%2520Brasil%26origin%3DJOB_SEARCH_PAGE_LOCATION_AUTOCOMPLETE%26refresh%3Dtrue&amp;trk=public_jobs_job-alert-guest-redirect-cta\" data-impression-id=\"public_jobs_job-alert-guest-redirect-cta\" data-tracking-control-name=\"public_jobs_job-alert-guest-redirect-cta\" data-tracking-will-navigate><br \/>\n            Sign in to create job alert<br \/>\n        <\/a>\n      <\/div>\n<\/section>\n<\/section>\n<p><!----><\/p>\n<div class=\"results-context-header\">\n<h1 class=\"results-context-header__context\">\n          <span class=\"results-context-header__job-count\">417<\/span> <span class=\"results-context-header__query-search\">Log\u00edstica Jobs in Ribeir\u00e3o Preto<\/span><br \/>\n      <\/h1>\n<\/p><\/div>\n<section class=\"two-pane-serp-page__results-list\">\n<ul class=\"jobs-search__results-list\">\n<li>\n<div class=\"base-card relative w-full hover:no-underline focus:no-underline base-card--link base-search-card base-search-card--link job-search-card\" data-entity-urn=\"urn:li:jobPosting:3967727937\" data-impression-id=\"jobs-search-desktop-0\" data-reference-id=\"B3cEsSgOXfA7FFz3drxGSQ==\" data-tracking-id=\"34plmjeBFUxMl5AKQZVnkw==\" data-column=\"1\" data-row=\"1\">\n<p>        <a class=\"base-card__full-link absolute top-0 right-0 bottom-0 left-0 p-0 z-[2]\" href=\"https:\/\/br.linkedin.com\/jobs\/view\/operador-log%C3%ADstica-nortel%0Aribeir%C3%A3o-preto-sp%0Aefetivo-at-sonepar-brasil-3967727937?position=1&amp;pageNum=0&amp;refId=B3cEsSgOXfA7FFz3drxGSQ%3D%3D&amp;trackingId=34plmjeBFUxMl5AKQZVnkw%3D%3D&amp;trk=public_jobs_jserp-result_search-card\" data-tracking-control-name=\"public_jobs_jserp-result_search-card\" data-tracking-client-ingraph data-tracking-will-navigate><\/p>\n<p>          <span class=\"sr-only\"><\/p>\n<p>        Operador Log\u00edstica &#8211; Nortel<br \/>\nRibeir\u00e3o Preto &#8211; SP<br \/>\nEfetivo<\/p>\n<p>          <\/span><br \/>\n        <\/a><\/p>\n<div class=\"search-entity-media\">\n<p>      <img class=\"artdeco-entity-image artdeco-entity-image--square-4\n          \" data-delayed-url=\"https:\/\/media.licdn.com\/dms\/image\/v2\/D4D0BAQF_bPnNZTUltw\/company-logo_100_100\/company-logo_100_100\/0\/1721651936579\/soneparbrasil_logo?e=2147483647&amp;v=beta&amp;t=PnhJSYI17o0XWjJ8nQGxude8VDaxpLvrVIkxn58GM14\" data-ghost-classes=\"artdeco-entity-image--ghost\" data-ghost-url=\"https:\/\/static.licdn.com\/aero-v1\/sc\/h\/6puxblwmhnodu6fjircz4dn4h\" alt><\/p><\/div>\n<div class=\"base-search-card__info\">\n<h3 class=\"base-search-card__title\">\n<p>        Operador Log\u00edstica &#8211; Nortel<br \/>\nRibeir\u00e3o Preto &#8211; SP<br \/>\nEfetivo<\/p>\n<\/h3>\n<h4 class=\"base-search-card__subtitle\">\n<p>          <a class=\"hidden-nested-link\" data-tracking-client-ingraph data-tracking-control-name=\"public_jobs_jserp-result_job-search-card-subtitle\" data-tracking-will-navigate href=\"https:\/\/br.linkedin.com\/company\/soneparbrasil?trk=public_jobs_jserp-result_job-search-card-subtitle\"><br \/>\n            Sonepar Brasil<br \/>\n          <\/a><\/p>\n<\/h4>\n<p><!----><\/p>\n<div class=\"base-search-card__metadata\">\n<p>          <span class=\"job-search-card__location\"><br \/>\n            Ribeir\u00e3o Preto, S\u00e3o Paulo, Brazil<br \/>\n          <\/span><\/p>\n<p><!---->  <\/p>\n<p>          <time class=\"job-search-card__listdate\" datetime=\"2024-07-09\"><\/p>\n<p>      2 months ago<\/p>\n<p>          <\/time><\/p>\n<p><!---->\n            <\/div>\n<\/p><\/div>\n<p><!---->      <\/p><\/div>\n<\/li>\n<li>\n<div class=\"base-card relative w-full hover:no-underline focus:no-underline base-card--link base-search-card base-search-card--link job-search-card\" data-entity-urn=\"urn:li:jobPosting:4015554350\" data-impression-id=\"jobs-search-desktop-1\" data-reference-id=\"B3cEsSgOXfA7FFz3drxGSQ==\" data-tracking-id=\"tL+e8qjH44PPtXCssG44vA==\" data-column=\"1\" data-row=\"2\">\n<p>        <a class=\"base-card__full-link absolute top-0 right-0 bottom-0 left-0 p-0 z-[2]\" href=\"https:\/\/br.linkedin.com\/jobs\/view\/assistente-de-log%C3%ADstica-pleno-at-pepsico-4015554350?position=2&amp;pageNum=0&amp;refId=B3cEsSgOXfA7FFz3drxGSQ%3D%3D&amp;trackingId=tL%2Be8qjH44PPtXCssG44vA%3D%3D&amp;trk=public_jobs_jserp-result_search-card\" data-tracking-control-name=\"public_jobs_jserp-result_search-card\" data-tracking-client-ingraph data-tracking-will-navigate><\/p>\n<p>          <span class=\"sr-only\"><\/p>\n<p>        Assistente de Log\u00edstica Pleno<\/p>\n<p>          <\/span><br \/>\n        <\/a><\/p>\n<div class=\"search-entity-media\">\n<p>      <img class=\"artdeco-entity-image artdeco-entity-image--square-4\n          \" data-delayed-url=\"https:\/\/media.licdn.com\/dms\/image\/v2\/C4E0BAQES6SfNFl84wA\/company-logo_100_100\/company-logo_100_100\/0\/1679328336145\/pepsico_logo?e=2147483647&amp;v=beta&amp;t=QX3dz5aBayxwVkBeDfAqXsTrn2sudtvUskrVK9Fr7Hc\" data-ghost-classes=\"artdeco-entity-image--ghost\" data-ghost-url=\"https:\/\/static.licdn.com\/aero-v1\/sc\/h\/6puxblwmhnodu6fjircz4dn4h\" alt><\/p><\/div>\n<div class=\"base-search-card__info\">\n<h3 class=\"base-search-card__title\">\n<p>        Assistente de Log\u00edstica Pleno<\/p>\n<\/h3>\n<h4 class=\"base-search-card__subtitle\">\n<p>          <a class=\"hidden-nested-link\" data-tracking-client-ingraph data-tracking-control-name=\"public_jobs_jserp-result_job-search-card-subtitle\" data-tracking-will-navigate href=\"https:\/\/www.linkedin.com\/company\/pepsico?trk=public_jobs_jserp-result_job-search-card-subtitle\"><br \/>\n            PepsiCo<br \/>\n          <\/a><\/p>\n<\/h4>\n<p><!----><\/p>\n<div class=\"base-search-card__metadata\">\n<p>          <span class=\"job-search-card__location\"><br \/>\n            Ribeir\u00e3o Preto, S\u00e3o Paulo, Brazil<br \/>\n          <\/span><\/p>\n<div class=\"job-posting-benefits text-sm\">\n        <icon class=\"job-posting-benefits__icon\" data-delayed-url=\"https:\/\/static.licdn.com\/aero-v1\/sc\/h\/3p1v0uhy7uq0cm5zdvzp4eo18\" data-svg-class-name=\"job-posting-benefits__icon-svg\"><\/icon><br \/>\n        <span class=\"job-posting-benefits__text\"><br \/>\n          Actively Hiring<br \/>\n<!---->        <\/span>\n      <\/div>\n<p>          <time class=\"job-search-card__listdate\" datetime=\"2024-09-03\"><\/p>\n<p>      1 week ago<\/p>\n<p>          <\/time><\/p>\n<p><!---->\n            <\/div>\n<\/p><\/div>\n<p><!---->      <\/p><\/div>\n<\/li>\n<li>\n<div class=\"base-card relative w-full hover:no-underline focus:no-underline base-card--link base-search-card base-search-card--link job-search-card\" data-entity-urn=\"urn:li:jobPosting:3985654502\" data-impression-id=\"jobs-search-desktop-2\" data-reference-id=\"B3cEsSgOXfA7FFz3drxGSQ==\" data-tracking-id=\"ZkLYYy+XBGCuRK6i3\/khnQ==\" data-column=\"1\" data-row=\"3\">\n<p>        <a class=\"base-card__full-link absolute top-0 right-0 bottom-0 left-0 p-0 z-[2]\" href=\"https:\/\/br.linkedin.com\/jobs\/view\/morada-conferente-carga-fracionada%0Aribeir%C3%A3o-preto-sp%0Aefetivo-at-morada-transportes-3985654502?position=3&amp;pageNum=0&amp;refId=B3cEsSgOXfA7FFz3drxGSQ%3D%3D&amp;trackingId=ZkLYYy%2BXBGCuRK6i3%2FkhnQ%3D%3D&amp;trk=public_jobs_jserp-result_search-card\" data-tracking-control-name=\"public_jobs_jserp-result_search-card\" data-tracking-client-ingraph data-tracking-will-navigate><\/p>\n<p>          <span class=\"sr-only\"><\/p>\n<p>        Morada &#8211; Conferente &#8211; Carga Fracionada<br \/>\nRibeir\u00e3o Preto &#8211; SP<br \/>\nEfetivo<\/p>\n<p>          <\/span><br \/>\n        <\/a><\/p>\n<div class=\"search-entity-media\">\n<p>      <img class=\"artdeco-entity-image artdeco-entity-image--square-4\n          \" data-delayed-url=\"https:\/\/media.licdn.com\/dms\/image\/v2\/D4D0BAQH9XNUoH5OKiA\/company-logo_100_100\/company-logo_100_100\/0\/1701465310389?e=2147483647&amp;v=beta&amp;t=sM60kWUaAZnrpf0U9-ke5aCgzRslkWgR4rRFgpYhewE\" data-ghost-classes=\"artdeco-entity-image--ghost\" data-ghost-url=\"https:\/\/static.licdn.com\/aero-v1\/sc\/h\/6puxblwmhnodu6fjircz4dn4h\" alt><\/p><\/div>\n<div class=\"base-search-card__info\">\n<h3 class=\"base-search-card__title\">\n<p>        Morada &#8211; Conferente &#8211; Carga Fracionada<br \/>\nRibeir\u00e3o Preto &#8211; SP<br \/>\nEfetivo<\/p>\n<\/h3>\n<h4 class=\"base-search-card__subtitle\">\n<p>          <a class=\"hidden-nested-link\" data-tracking-client-ingraph data-tracking-control-name=\"public_jobs_jserp-result_job-search-card-subtitle\" data-tracking-will-navigate href=\"https:\/\/br.linkedin.com\/company\/moradalogistica?trk=public_jobs_jserp-result_job-search-card-subtitle\"><br \/>\n            Morada Transportes<br \/>\n          <\/a><\/p>\n<\/h4>\n<p><!----><\/p>\n<div class=\"base-search-card__metadata\">\n<p>          <span class=\"job-search-card__location\"><br \/>\n            Ribeir\u00e3o Preto, S\u00e3o Paulo, Brazil<br \/>\n          <\/span><\/p>\n<div class=\"job-posting-benefits text-sm\">\n        <icon class=\"job-posting-benefits__icon\" data-delayed-url=\"https:\/\/static.licdn.com\/aero-v1\/sc\/h\/8zmuwb93gzlb935fk4ao4z779\" data-svg-class-name=\"job-posting-benefits__icon-svg\"><\/icon><br \/>\n        <span class=\"job-posting-benefits__text\"><br \/>\n          Be an early applicant<br \/>\n<!---->        <\/span>\n      <\/div>\n<p>          <time class=\"job-search-card__listdate\" datetime=\"2024-07-30\"><\/p>\n<p>      1 month ago<\/p>\n<p>          <\/time><\/p>\n<p><!---->\n            <\/div>\n<\/p><\/div>\n<p><!---->      <\/p><\/div>\n<\/li>\n<li>\n<div class=\"base-card relative w-full hover:no-underline focus:no-underline base-card--link base-search-card base-search-card--link job-search-card\" data-entity-urn=\"urn:li:jobPosting:3995611082\" data-impression-id=\"jobs-search-desktop-3\" data-reference-id=\"B3cEsSgOXfA7FFz3drxGSQ==\" data-tracking-id=\"nkEOHevauLtVlNeCCLq8KA==\" data-column=\"1\" data-row=\"4\">\n<p>        <a class=\"base-card__full-link absolute top-0 right-0 bottom-0 left-0 p-0 z-[2]\" href=\"https:\/\/br.linkedin.com\/jobs\/view\/operador-de-estoque-ribeir%C3%A3o-preto-sp-at-grupo-autoglass-3995611082?position=4&amp;pageNum=0&amp;refId=B3cEsSgOXfA7FFz3drxGSQ%3D%3D&amp;trackingId=nkEOHevauLtVlNeCCLq8KA%3D%3D&amp;trk=public_jobs_jserp-result_search-card\" data-tracking-control-name=\"public_jobs_jserp-result_search-card\" data-tracking-client-ingraph data-tracking-will-navigate><\/p>\n<p>          <span class=\"sr-only\"><\/p>\n<p>        Operador de Estoque &#8211; Ribeir\u00e3o Preto\/SP<\/p>\n<p>          <\/span><br \/>\n        <\/a><\/p>\n<div class=\"search-entity-media\">\n<p>      <img class=\"artdeco-entity-image artdeco-entity-image--square-4\n          \" data-delayed-url=\"https:\/\/media.licdn.com\/dms\/image\/v2\/D4D0BAQHcQgvGfqADww\/company-logo_100_100\/company-logo_100_100\/0\/1711141521857\/autoglass___brasil_logo?e=2147483647&amp;v=beta&amp;t=F7Okawz_WTC8PE8nC62B9hht_XvTDSX5JVK7zdPg-_w\" data-ghost-classes=\"artdeco-entity-image--ghost\" data-ghost-url=\"https:\/\/static.licdn.com\/aero-v1\/sc\/h\/6puxblwmhnodu6fjircz4dn4h\" alt><\/p><\/div>\n<div class=\"base-search-card__info\">\n<h3 class=\"base-search-card__title\">\n<p>        Operador de Estoque &#8211; Ribeir\u00e3o Preto\/SP<\/p>\n<\/h3>\n<h4 class=\"base-search-card__subtitle\">\n<p>          <a class=\"hidden-nested-link\" data-tracking-client-ingraph data-tracking-control-name=\"public_jobs_jserp-result_job-search-card-subtitle\" data-tracking-will-navigate href=\"https:\/\/br.linkedin.com\/company\/grupoautoglass?trk=public_jobs_jserp-result_job-search-card-subtitle\"><br \/>\n            Grupo Autoglass<br \/>\n          <\/a><\/p>\n<\/h4>\n<p><!----><\/p>\n<div class=\"base-search-card__metadata\">\n<p>          <span class=\"job-search-card__location\"><br \/>\n            Ribeir\u00e3o Preto, S\u00e3o Paulo, Brazil<br \/>\n          <\/span><\/p>\n<div class=\"job-posting-benefits text-sm\">\n        <icon class=\"job-posting-benefits__icon\" data-delayed-url=\"https:\/\/static.licdn.com\/aero-v1\/sc\/h\/3p1v0uhy7uq0cm5zdvzp4eo18\" data-svg-class-name=\"job-posting-benefits__icon-svg\"><\/icon><br \/>\n        <span class=\"job-posting-benefits__text\"><br \/>\n          Actively Hiring<br \/>\n<!---->        <\/span>\n      <\/div>\n<p>          <time class=\"job-search-card__listdate\" datetime=\"2024-08-08\"><\/p>\n<p>      1 month ago<\/p>\n<p>          <\/time><\/p>\n<p><!---->\n            <\/div>\n<\/p><\/div>\n<p><!---->      <\/p><\/div>\n<\/li>\n<li>\n<div class=\"base-card relative w-full hover:no-underline focus:no-underline base-card--link base-search-card base-search-card--link job-search-card\" data-entity-urn=\"urn:li:jobPosting:4016224936\" data-impression-id=\"jobs-search-desktop-4\" data-reference-id=\"B3cEsSgOXfA7FFz3drxGSQ==\" data-tracking-id=\"d7DCwn4Z5D0HbP086MhXgQ==\" data-column=\"1\" data-row=\"5\">\n<p>        <a class=\"base-card__full-link absolute top-0 right-0 bottom-0 left-0 p-0 z-[2]\" href=\"https:\/\/br.linkedin.com\/jobs\/view\/auxiliar-de-log%C3%ADstica-at-santiago-e-cintra-geotecnologias-4016224936?position=5&amp;pageNum=0&amp;refId=B3cEsSgOXfA7FFz3drxGSQ%3D%3D&amp;trackingId=d7DCwn4Z5D0HbP086MhXgQ%3D%3D&amp;trk=public_jobs_jserp-result_search-card\" data-tracking-control-name=\"public_jobs_jserp-result_search-card\" data-tracking-client-ingraph data-tracking-will-navigate><\/p>\n<p>          <span class=\"sr-only\"><\/p>\n<p>        Auxiliar de Log\u00edstica<\/p>\n<p>          <\/span><br \/>\n        <\/a><\/p>\n<div class=\"search-entity-media\">\n<p>      <img class=\"artdeco-entity-image artdeco-entity-image--square-4\n          \" data-delayed-url=\"https:\/\/media.licdn.com\/dms\/image\/v2\/C4D0BAQHWETFv_340Uw\/company-logo_100_100\/company-logo_100_100\/0\/1633728105571\/santiago__cintra_imp_e_exp_ltda_logo?e=2147483647&amp;v=beta&amp;t=KW2tuVarfruzPAjqFiknwRrJq1bQwWEPs6pA-1ng_i4\" data-ghost-classes=\"artdeco-entity-image--ghost\" data-ghost-url=\"https:\/\/static.licdn.com\/aero-v1\/sc\/h\/6puxblwmhnodu6fjircz4dn4h\" alt><\/p><\/div>\n<div class=\"base-search-card__info\">\n<h3 class=\"base-search-card__title\">\n<p>        Auxiliar de Log\u00edstica<\/p>\n<\/h3>\n<h4 class=\"base-search-card__subtitle\">\n<p>          <a class=\"hidden-nested-link\" data-tracking-client-ingraph data-tracking-control-name=\"public_jobs_jserp-result_job-search-card-subtitle\" data-tracking-will-navigate href=\"https:\/\/br.linkedin.com\/company\/santiago-e-cintra?trk=public_jobs_jserp-result_job-search-card-subtitle\"><br \/>\n            Santiago e Cintra Geotecnologias<br \/>\n          <\/a><\/p>\n<\/h4>\n<p><!----><\/p>\n<div class=\"base-search-card__metadata\">\n<p>          <span class=\"job-search-card__location\"><br \/>\n            Ribeir\u00e3o Preto, S\u00e3o Paulo, Brazil<br \/>\n          <\/span><\/p>\n<p><!---->  <\/p>\n<p>          <time class=\"job-search-card__listdate\" datetime=\"2024-09-02\"><\/p>\n<p>      1 week ago<\/p>\n<p>          <\/time><\/p>\n<p><!---->\n            <\/div>\n<\/p><\/div>\n<p><!---->      <\/p><\/div>\n<\/li>\n<li>\n<div class=\"base-card relative w-full hover:no-underline focus:no-underline base-card--link base-search-card base-search-card--link job-search-card\" data-entity-urn=\"urn:li:jobPosting:4004297770\" data-impression-id=\"jobs-search-desktop-5\" data-reference-id=\"B3cEsSgOXfA7FFz3drxGSQ==\" data-tracking-id=\"42hRbP5816l4lkbJAqOLZQ==\" data-column=\"1\" data-row=\"6\">\n<p>        <a class=\"base-card__full-link absolute top-0 right-0 bottom-0 left-0 p-0 z-[2]\" href=\"https:\/\/br.linkedin.com\/jobs\/view\/ajudante-de-log%C3%ADstica-at-grupo-new-foco-4004297770?position=6&amp;pageNum=0&amp;refId=B3cEsSgOXfA7FFz3drxGSQ%3D%3D&amp;trackingId=42hRbP5816l4lkbJAqOLZQ%3D%3D&amp;trk=public_jobs_jserp-result_search-card\" data-tracking-control-name=\"public_jobs_jserp-result_search-card\" data-tracking-client-ingraph data-tracking-will-navigate><\/p>\n<p>          <span class=\"sr-only\"><\/p>\n<p>        Ajudante de Log\u00edstica<\/p>\n<p>          <\/span><br \/>\n        <\/a><\/p>\n<div class=\"search-entity-media\">\n<p>      <img class=\"artdeco-entity-image artdeco-entity-image--square-4\n          \" data-delayed-url=\"https:\/\/media.licdn.com\/dms\/image\/v2\/C4D0BAQEnZUVjdq1z4w\/company-logo_100_100\/company-logo_100_100\/0\/1631359633686?e=2147483647&amp;v=beta&amp;t=YkPy8Giinm1IGH6yNe4eNxqnyXe-835rKOPR4VV6GL0\" data-ghost-classes=\"artdeco-entity-image--ghost\" data-ghost-url=\"https:\/\/static.licdn.com\/aero-v1\/sc\/h\/6puxblwmhnodu6fjircz4dn4h\" alt><\/p><\/div>\n<div class=\"base-search-card__info\">\n<h3 class=\"base-search-card__title\">\n<p>        Ajudante de Log\u00edstica<\/p>\n<\/h3>\n<h4 class=\"base-search-card__subtitle\">\n<p>          <a class=\"hidden-nested-link\" data-tracking-client-ingraph data-tracking-control-name=\"public_jobs_jserp-result_job-search-card-subtitle\" data-tracking-will-navigate href=\"https:\/\/br.linkedin.com\/company\/grupo-new-foco?trk=public_jobs_jserp-result_job-search-card-subtitle\"><br \/>\n            Grupo New Foco<br \/>\n          <\/a><\/p>\n<\/h4>\n<p><!----><\/p>\n<div class=\"base-search-card__metadata\">\n<p>          <span class=\"job-search-card__location\"><br \/>\n            Ribeir\u00e3o Preto, S\u00e3o Paulo, Brazil<br \/>\n          <\/span><\/p>\n<div class=\"job-posting-benefits text-sm\">\n        <icon class=\"job-posting-benefits__icon\" data-delayed-url=\"https:\/\/static.licdn.com\/aero-v1\/sc\/h\/8zmuwb93gzlb935fk4ao4z779\" data-svg-class-name=\"job-posting-benefits__icon-svg\"><\/icon><br \/>\n        <span class=\"job-posting-benefits__text\"><br \/>\n          Be an early applicant<br \/>\n<!---->        <\/span>\n      <\/div>\n<p>          <time class=\"job-search-card__listdate\" datetime=\"2024-08-20\"><\/p>\n<p>      3 weeks ago<\/p>\n<p>          <\/time><\/p>\n<p><!---->\n            <\/div>\n<\/p><\/div>\n<p><!---->      <\/p><\/div>\n<\/li>\n<li>\n<div class=\"base-card relative w-full hover:no-underline focus:no-underline base-card--link base-search-card base-search-card--link job-search-card\" data-entity-urn=\"urn:li:jobPosting:4014032498\" data-impression-id=\"jobs-search-desktop-6\" data-reference-id=\"B3cEsSgOXfA7FFz3drxGSQ==\" data-tracking-id=\"muHeps7nuAFAT62zS60fPg==\" data-column=\"1\" data-row=\"7\">\n<p>        <a class=\"base-card__full-link absolute top-0 right-0 bottom-0 left-0 p-0 z-[2]\" href=\"https:\/\/br.linkedin.com\/jobs\/view\/operador-de-log%C3%ADstica-rp%0Aribeir%C3%A3o-preto-sp%0Aefetivo-at-takao-4014032498?position=7&amp;pageNum=0&amp;refId=B3cEsSgOXfA7FFz3drxGSQ%3D%3D&amp;trackingId=muHeps7nuAFAT62zS60fPg%3D%3D&amp;trk=public_jobs_jserp-result_search-card\" data-tracking-control-name=\"public_jobs_jserp-result_search-card\" data-tracking-client-ingraph data-tracking-will-navigate><\/p>\n<p>          <span class=\"sr-only\"><\/p>\n<p>        Operador de Log\u00edstica &#8211; RP<br \/>\nRibeir\u00e3o Preto &#8211; SP<br \/>\nEfetivo<\/p>\n<p>          <\/span><br \/>\n        <\/a><\/p>\n<div class=\"search-entity-media\">\n<p>      <img class=\"artdeco-entity-image artdeco-entity-image--square-4\n          \" data-delayed-url=\"https:\/\/media.licdn.com\/dms\/image\/v2\/D4D0BAQHYTi5Ezt8csw\/company-logo_100_100\/company-logo_100_100\/0\/1684441719853\/takao_motor_logo?e=2147483647&amp;v=beta&amp;t=cHVhZz1gAjM74Ic4UOXVj1bRj3D9Q6ABfZ412XB8CJ0\" data-ghost-classes=\"artdeco-entity-image--ghost\" data-ghost-url=\"https:\/\/static.licdn.com\/aero-v1\/sc\/h\/6puxblwmhnodu6fjircz4dn4h\" alt><\/p><\/div>\n<div class=\"base-search-card__info\">\n<h3 class=\"base-search-card__title\">\n<p>        Operador de Log\u00edstica &#8211; RP<br \/>\nRibeir\u00e3o Preto &#8211; SP<br \/>\nEfetivo<\/p>\n<\/h3>\n<h4 class=\"base-search-card__subtitle\">\n<p>          <a class=\"hidden-nested-link\" data-tracking-client-ingraph data-tracking-control-name=\"public_jobs_jserp-result_job-search-card-subtitle\" data-tracking-will-navigate href=\"https:\/\/br.linkedin.com\/company\/takao-motor?trk=public_jobs_jserp-result_job-search-card-subtitle\"><br \/>\n            Takao<br \/>\n          <\/a><\/p>\n<\/h4>\n<p><!----><\/p>\n<div class=\"base-search-card__metadata\">\n<p>          <span class=\"job-search-card__location\"><br \/>\n            Ribeir\u00e3o Preto, S\u00e3o Paulo, Brazil<br \/>\n          <\/span><\/p>\n<div class=\"job-posting-benefits text-sm\">\n        <icon class=\"job-posting-benefits__icon\" data-delayed-url=\"https:\/\/static.licdn.com\/aero-v1\/sc\/h\/8zmuwb93gzlb935fk4ao4z779\" data-svg-class-name=\"job-posting-benefits__icon-svg\"><\/icon><br \/>\n        <span class=\"job-posting-benefits__text\"><br \/>\n          Be an early applicant<br \/>\n<!---->        <\/span>\n      <\/div>\n<p>          <time class=\"job-search-card__listdate\" datetime=\"2024-08-30\"><\/p>\n<p>      1 week ago<\/p>\n<p>          <\/time><\/p>\n<p><!---->\n            <\/div>\n<\/p><\/div>\n<p><!---->      <\/p><\/div>\n<\/li>\n<li>\n<div class=\"base-card relative w-full hover:no-underline focus:no-underline base-card--link base-search-card base-search-card--link job-search-card\" data-entity-urn=\"urn:li:jobPosting:4002815799\" data-impression-id=\"jobs-search-desktop-7\" data-reference-id=\"B3cEsSgOXfA7FFz3drxGSQ==\" data-tracking-id=\"0rXIB2HFU2FwO9HWDiZGqA==\" data-column=\"1\" data-row=\"8\">\n<p>        <a class=\"base-card__full-link absolute top-0 right-0 bottom-0 left-0 p-0 z-[2]\" href=\"https:\/\/br.linkedin.com\/jobs\/view\/auxiliar-de-log%C3%ADstica-at-grupo-new-foco-4002815799?position=8&amp;pageNum=0&amp;refId=B3cEsSgOXfA7FFz3drxGSQ%3D%3D&amp;trackingId=0rXIB2HFU2FwO9HWDiZGqA%3D%3D&amp;trk=public_jobs_jserp-result_search-card\" data-tracking-control-name=\"public_jobs_jserp-result_search-card\" data-tracking-client-ingraph data-tracking-will-navigate><\/p>\n<p>          <span class=\"sr-only\"><\/p>\n<p>        Auxiliar de Log\u00edstica<\/p>\n<p>          <\/span><br \/>\n        <\/a><\/p>\n<div class=\"search-entity-media\">\n<p>      <img class=\"artdeco-entity-image artdeco-entity-image--square-4\n          \" data-delayed-url=\"https:\/\/media.licdn.com\/dms\/image\/v2\/C4D0BAQEnZUVjdq1z4w\/company-logo_100_100\/company-logo_100_100\/0\/1631359633686?e=2147483647&amp;v=beta&amp;t=YkPy8Giinm1IGH6yNe4eNxqnyXe-835rKOPR4VV6GL0\" data-ghost-classes=\"artdeco-entity-image--ghost\" data-ghost-url=\"https:\/\/static.licdn.com\/aero-v1\/sc\/h\/6puxblwmhnodu6fjircz4dn4h\" alt><\/p><\/div>\n<div class=\"base-search-card__info\">\n<h3 class=\"base-search-card__title\">\n<p>        Auxiliar de Log\u00edstica<\/p>\n<\/h3>\n<h4 class=\"base-search-card__subtitle\">\n<p>          <a class=\"hidden-nested-link\" data-tracking-client-ingraph data-tracking-control-name=\"public_jobs_jserp-result_job-search-card-subtitle\" data-tracking-will-navigate href=\"https:\/\/br.linkedin.com\/company\/grupo-new-foco?trk=public_jobs_jserp-result_job-search-card-subtitle\"><br \/>\n            Grupo New Foco<br \/>\n          <\/a><\/p>\n<\/h4>\n<p><!----><\/p>\n<div class=\"base-search-card__metadata\">\n<p>          <span class=\"job-search-card__location\"><br \/>\n            Greater Ribeir\u00e3o Preto<br \/>\n          <\/span><\/p>\n<p><!---->  <\/p>\n<p>          <time class=\"job-search-card__listdate\" datetime=\"2024-08-20\"><\/p>\n<p>      3 weeks ago<\/p>\n<p>          <\/time><\/p>\n<p><!---->\n            <\/div>\n<\/p><\/div>\n<p><!---->      <\/p><\/div>\n<\/li>\n<li>\n<div class=\"base-card relative w-full hover:no-underline focus:no-underline base-card--link base-search-card base-search-card--link job-search-card\" data-entity-urn=\"urn:li:jobPosting:3970276076\" data-impression-id=\"jobs-search-desktop-8\" data-reference-id=\"B3cEsSgOXfA7FFz3drxGSQ==\" data-tracking-id=\"e6dhqj\/aLQ3nPfa8CnC9LQ==\" data-column=\"1\" data-row=\"9\">\n<p>        <a class=\"base-card__full-link absolute top-0 right-0 bottom-0 left-0 p-0 z-[2]\" href=\"https:\/\/br.linkedin.com\/jobs\/view\/operador-log%C3%ADstica-nortel-at-sonepar-brasil-3970276076?position=9&amp;pageNum=0&amp;refId=B3cEsSgOXfA7FFz3drxGSQ%3D%3D&amp;trackingId=e6dhqj%2FaLQ3nPfa8CnC9LQ%3D%3D&amp;trk=public_jobs_jserp-result_search-card\" data-tracking-control-name=\"public_jobs_jserp-result_search-card\" data-tracking-client-ingraph data-tracking-will-navigate><\/p>\n<p>          <span class=\"sr-only\"><\/p>\n<p>        Operador Log\u00edstica &#8211; Nortel<\/p>\n<p>          <\/span><br \/>\n        <\/a><\/p>\n<div class=\"search-entity-media\">\n<p>      <img class=\"artdeco-entity-image artdeco-entity-image--square-4\n          \" data-delayed-url=\"https:\/\/media.licdn.com\/dms\/image\/v2\/D4D0BAQF_bPnNZTUltw\/company-logo_100_100\/company-logo_100_100\/0\/1721651936579\/soneparbrasil_logo?e=2147483647&amp;v=beta&amp;t=PnhJSYI17o0XWjJ8nQGxude8VDaxpLvrVIkxn58GM14\" data-ghost-classes=\"artdeco-entity-image--ghost\" data-ghost-url=\"https:\/\/static.licdn.com\/aero-v1\/sc\/h\/6puxblwmhnodu6fjircz4dn4h\" alt><\/p><\/div>\n<div class=\"base-search-card__info\">\n<h3 class=\"base-search-card__title\">\n<p>        Operador Log\u00edstica &#8211; Nortel<\/p>\n<\/h3>\n<h4 class=\"base-search-card__subtitle\">\n<p>          <a class=\"hidden-nested-link\" data-tracking-client-ingraph data-tracking-control-name=\"public_jobs_jserp-result_job-search-card-subtitle\" data-tracking-will-navigate href=\"https:\/\/br.linkedin.com\/company\/soneparbrasil?trk=public_jobs_jserp-result_job-search-card-subtitle\"><br \/>\n            Sonepar Brasil<br \/>\n          <\/a><\/p>\n<\/h4>\n<p><!----><\/p>\n<div class=\"base-search-card__metadata\">\n<p>          <span class=\"job-search-card__location\"><br \/>\n            Ribeir\u00e3o Preto, S\u00e3o Paulo, Brazil<br \/>\n          <\/span><\/p>\n<p><!---->  <\/p>\n<p>          <time class=\"job-search-card__listdate\" datetime=\"2024-07-09\"><\/p>\n<p>      2 months ago<\/p>\n<p>          <\/time><\/p>\n<p><!---->\n            <\/div>\n<\/p><\/div>\n<p><!---->      <\/p><\/div>\n<\/li>\n<li>\n<div class=\"base-card relative w-full hover:no-underline focus:no-underline base-card--link base-search-card base-search-card--link job-search-card\" data-entity-urn=\"urn:li:jobPosting:3988731662\" data-impression-id=\"jobs-search-desktop-9\" data-reference-id=\"B3cEsSgOXfA7FFz3drxGSQ==\" data-tracking-id=\"TbXXGufDRdEMAT+kI8vLqA==\" data-column=\"1\" data-row=\"10\">\n<p>        <a class=\"base-card__full-link absolute top-0 right-0 bottom-0 left-0 p-0 z-[2]\" href=\"https:\/\/br.linkedin.com\/jobs\/view\/auxiliar-de-log%C3%ADstica-at-stone-3988731662?position=10&amp;pageNum=0&amp;refId=B3cEsSgOXfA7FFz3drxGSQ%3D%3D&amp;trackingId=TbXXGufDRdEMAT%2BkI8vLqA%3D%3D&amp;trk=public_jobs_jserp-result_search-card\" data-tracking-control-name=\"public_jobs_jserp-result_search-card\" data-tracking-client-ingraph data-tracking-will-navigate><\/p>\n<p>          <span class=\"sr-only\"><\/p>\n<p>        Auxiliar de log\u00edstica<\/p>\n<p>          <\/span><br \/>\n        <\/a><\/p>\n<div class=\"search-entity-media\">\n<p>      <img class=\"artdeco-entity-image artdeco-entity-image--square-4\n          \" data-delayed-url=\"https:\/\/media.licdn.com\/dms\/image\/v2\/C4D0BAQGT_-yf7Xw9dw\/company-logo_100_100\/company-logo_100_100\/0\/1673960541253?e=2147483647&amp;v=beta&amp;t=iBKGZft7UC2p9RYwzeenCAzlpM_HOCTLEHXslqQim88\" data-ghost-classes=\"artdeco-entity-image--ghost\" data-ghost-url=\"https:\/\/static.licdn.com\/aero-v1\/sc\/h\/6puxblwmhnodu6fjircz4dn4h\" alt><\/p><\/div>\n<div class=\"base-search-card__info\">\n<h3 class=\"base-search-card__title\">\n<p>        Auxiliar de log\u00edstica<\/p>\n<\/h3>\n<h4 class=\"base-search-card__subtitle\">\n<p>          <a class=\"hidden-nested-link\" data-tracking-client-ingraph data-tracking-control-name=\"public_jobs_jserp-result_job-search-card-subtitle\" data-tracking-will-navigate href=\"https:\/\/br.linkedin.com\/company\/stone-co?trk=public_jobs_jserp-result_job-search-card-subtitle\"><br \/>\n            Stone<br \/>\n          <\/a><\/p>\n<\/h4>\n<p><!----><\/p>\n<div class=\"base-search-card__metadata\">\n<p>          <span class=\"job-search-card__location\"><br \/>\n            Ribeir\u00e3o Preto, S\u00e3o Paulo, Brazil<br \/>\n          <\/span><\/p>\n<div class=\"job-posting-benefits text-sm\">\n        <icon class=\"job-posting-benefits__icon\" data-delayed-url=\"https:\/\/static.licdn.com\/aero-v1\/sc\/h\/3p1v0uhy7uq0cm5zdvzp4eo18\" data-svg-class-name=\"job-posting-benefits__icon-svg\"><\/icon><br \/>\n        <span class=\"job-posting-benefits__text\"><br \/>\n          Actively Hiring<br \/>\n<!---->        <\/span>\n      <\/div>\n<p>          <time class=\"job-search-card__listdate\" datetime=\"2024-08-26\"><\/p>\n<p>      2 weeks ago<\/p>\n<p>          <\/time><\/p>\n<p><!---->\n            <\/div>\n<\/p><\/div>\n<p><!---->      <\/p><\/div>\n<\/li>\n<li>\n<div class=\"base-card relative w-full hover:no-underline focus:no-underline base-card--link base-search-card base-search-card--link job-search-card\" data-entity-urn=\"urn:li:jobPosting:3632788949\" data-impression-id=\"jobs-search-desktop-10\" data-reference-id=\"B3cEsSgOXfA7FFz3drxGSQ==\" data-tracking-id=\"mEo0WpTVJHPKi6UBGlgffg==\" data-column=\"1\" data-row=\"11\">\n<p>        <a class=\"base-card__full-link absolute top-0 right-0 bottom-0 left-0 p-0 z-[2]\" href=\"https:\/\/br.linkedin.com\/jobs\/view\/estoquista-sephora-ribeir%C3%A3o-preto-at-randstad-3632788949?position=11&amp;pageNum=0&amp;refId=B3cEsSgOXfA7FFz3drxGSQ%3D%3D&amp;trackingId=mEo0WpTVJHPKi6UBGlgffg%3D%3D&amp;trk=public_jobs_jserp-result_search-card\" data-tracking-control-name=\"public_jobs_jserp-result_search-card\" data-tracking-client-ingraph data-tracking-will-navigate><\/p>\n<p>          <span class=\"sr-only\"><\/p>\n<p>        Estoquista &#8211; Sephora Ribeir\u00e3o Preto<\/p>\n<p>          <\/span><br \/>\n        <\/a><\/p>\n<div class=\"search-entity-media\">\n<p>      <img class=\"artdeco-entity-image artdeco-entity-image--square-4\n          \" data-delayed-url=\"https:\/\/media.licdn.com\/dms\/image\/v2\/C4E0BAQFqC--DBWZjDA\/company-logo_100_100\/company-logo_100_100\/0\/1631305862414?e=2147483647&amp;v=beta&amp;t=74enXkXpnVLL6rVCI7Wol5iSZN3zi2axWT_8upX4h5k\" data-ghost-classes=\"artdeco-entity-image--ghost\" data-ghost-url=\"https:\/\/static.licdn.com\/aero-v1\/sc\/h\/6puxblwmhnodu6fjircz4dn4h\" alt><\/p><\/div>\n<div class=\"base-search-card__info\">\n<h3 class=\"base-search-card__title\">\n<p>        Estoquista &#8211; Sephora Ribeir\u00e3o Preto<\/p>\n<\/h3>\n<h4 class=\"base-search-card__subtitle\">\n<p>          <a class=\"hidden-nested-link\" data-tracking-client-ingraph data-tracking-control-name=\"public_jobs_jserp-result_job-search-card-subtitle\" data-tracking-will-navigate href=\"https:\/\/nl.linkedin.com\/company\/randstad?trk=public_jobs_jserp-result_job-search-card-subtitle\"><br \/>\n            Randstad<br \/>\n          <\/a><\/p>\n<\/h4>\n<p><!----><\/p>\n<div class=\"base-search-card__metadata\">\n<p>          <span class=\"job-search-card__location\"><br \/>\n            Ribeir\u00e3o Preto, S\u00e3o Paulo, Brazil<br \/>\n          <\/span><\/p>\n<div class=\"job-posting-benefits text-sm\">\n        <icon class=\"job-posting-benefits__icon\" data-delayed-url=\"https:\/\/static.licdn.com\/aero-v1\/sc\/h\/3p1v0uhy7uq0cm5zdvzp4eo18\" data-svg-class-name=\"job-posting-benefits__icon-svg\"><\/icon><br \/>\n        <span class=\"job-posting-benefits__text\"><br \/>\n          Actively Hiring<br \/>\n<!---->        <\/span>\n      <\/div>\n<p>          <time class=\"job-search-card__listdate\" datetime=\"2023-06-08\"><\/p>\n<p>      1 year ago<\/p>\n<p>          <\/time><\/p>\n<p><!---->\n            <\/div>\n<\/p><\/div>\n<p><!---->      <\/p><\/div>\n<\/li>\n<li>\n<div class=\"base-card relative w-full hover:no-underline focus:no-underline base-card--link base-search-card base-search-card--link job-search-card\" data-entity-urn=\"urn:li:jobPosting:4019399002\" data-impression-id=\"jobs-search-desktop-11\" data-reference-id=\"B3cEsSgOXfA7FFz3drxGSQ==\" data-tracking-id=\"Zj1+quo9EikdvoEz3yU87A==\" data-column=\"1\" data-row=\"12\">\n<p>        <a class=\"base-card__full-link absolute top-0 right-0 bottom-0 left-0 p-0 z-[2]\" href=\"https:\/\/br.linkedin.com\/jobs\/view\/auxiliar-de-armaz%C3%A9m-at-exclusiva-rh-4019399002?position=12&amp;pageNum=0&amp;refId=B3cEsSgOXfA7FFz3drxGSQ%3D%3D&amp;trackingId=Zj1%2Bquo9EikdvoEz3yU87A%3D%3D&amp;trk=public_jobs_jserp-result_search-card\" data-tracking-control-name=\"public_jobs_jserp-result_search-card\" data-tracking-client-ingraph data-tracking-will-navigate><\/p>\n<p>          <span class=\"sr-only\"><\/p>\n<p>        Auxiliar de Armaz\u00e9m<\/p>\n<p>          <\/span><br \/>\n        <\/a><\/p>\n<div class=\"search-entity-media\">\n<p>      <img class=\"artdeco-entity-image artdeco-entity-image--square-4\n          \" data-delayed-url=\"https:\/\/media.licdn.com\/dms\/image\/v2\/C4D0BAQGke8nnpATU_Q\/company-logo_100_100\/company-logo_100_100\/0\/1649444311007?e=2147483647&amp;v=beta&amp;t=eqvFW4gM_igH4bzDS6ysFoBAQozBCeXlkjiuj5T5Ay8\" data-ghost-classes=\"artdeco-entity-image--ghost\" data-ghost-url=\"https:\/\/static.licdn.com\/aero-v1\/sc\/h\/6puxblwmhnodu6fjircz4dn4h\" alt><\/p><\/div>\n<div class=\"base-search-card__info\">\n<h3 class=\"base-search-card__title\">\n<p>        Auxiliar de Armaz\u00e9m<\/p>\n<\/h3>\n<h4 class=\"base-search-card__subtitle\">\n<p>          <a class=\"hidden-nested-link\" data-tracking-client-ingraph data-tracking-control-name=\"public_jobs_jserp-result_job-search-card-subtitle\" data-tracking-will-navigate href=\"https:\/\/br.linkedin.com\/company\/exclusiva-rh?trk=public_jobs_jserp-result_job-search-card-subtitle\"><br \/>\n            Exclusiva RH<br \/>\n          <\/a><\/p>\n<\/h4>\n<p><!----><\/p>\n<div class=\"base-search-card__metadata\">\n<p>          <span class=\"job-search-card__location\"><br \/>\n            Greater Ribeir\u00e3o Preto<br \/>\n          <\/span><\/p>\n<div class=\"job-posting-benefits text-sm\">\n        <icon class=\"job-posting-benefits__icon\" data-delayed-url=\"https:\/\/static.licdn.com\/aero-v1\/sc\/h\/8zmuwb93gzlb935fk4ao4z779\" data-svg-class-name=\"job-posting-benefits__icon-svg\"><\/icon><br \/>\n        <span class=\"job-posting-benefits__text\"><br \/>\n          Be an early applicant<br \/>\n<!---->        <\/span>\n      <\/div>\n<p>          <time class=\"job-search-card__listdate\" datetime=\"2024-09-06\"><\/p>\n<p>      5 days ago<\/p>\n<p>          <\/time><\/p>\n<p><!---->\n            <\/div>\n<\/p><\/div>\n<p><!---->      <\/p><\/div>\n<\/li>\n<li>\n<div class=\"base-card relative w-full hover:no-underline focus:no-underline base-card--link base-search-card base-search-card--link job-search-card\" data-entity-urn=\"urn:li:jobPosting:4017115907\" data-impression-id=\"jobs-search-desktop-12\" data-reference-id=\"B3cEsSgOXfA7FFz3drxGSQ==\" data-tracking-id=\"ZhXzFSyRWEsLQ4rQhcuYsQ==\" data-column=\"1\" data-row=\"13\">\n<p>        <a class=\"base-card__full-link absolute top-0 right-0 bottom-0 left-0 p-0 z-[2]\" href=\"https:\/\/br.linkedin.com\/jobs\/view\/analista-de-transportes-iii%0Aribeir%C3%A3o-preto-sp%0Aefetivo-at-cory-ind%C3%BAstria-de-produtos-aliment%C3%ADcios-4017115907?position=13&amp;pageNum=0&amp;refId=B3cEsSgOXfA7FFz3drxGSQ%3D%3D&amp;trackingId=ZhXzFSyRWEsLQ4rQhcuYsQ%3D%3D&amp;trk=public_jobs_jserp-result_search-card\" data-tracking-control-name=\"public_jobs_jserp-result_search-card\" data-tracking-client-ingraph data-tracking-will-navigate><\/p>\n<p>          <span class=\"sr-only\"><\/p>\n<p>        Analista de Transportes III<br \/>\nRibeir\u00e3o Preto &#8211; SP<br \/>\nEfetivo<\/p>\n<p>          <\/span><br \/>\n        <\/a><\/p>\n<div class=\"search-entity-media\">\n<p>      <img class=\"artdeco-entity-image artdeco-entity-image--square-4\n          \" data-delayed-url=\"https:\/\/media.licdn.com\/dms\/image\/v2\/C4D0BAQFoCd0Th4AVzA\/company-logo_100_100\/company-logo_100_100\/0\/1630480343813\/cory___ind_stria_de_produtos_aliment_cios_logo?e=2147483647&amp;v=beta&amp;t=iSyFEd6PaRL9KNpEMoc2IuTz3PBsynnfCUYwHL6Lkuo\" data-ghost-classes=\"artdeco-entity-image--ghost\" data-ghost-url=\"https:\/\/static.licdn.com\/aero-v1\/sc\/h\/6puxblwmhnodu6fjircz4dn4h\" alt><\/p><\/div>\n<div class=\"base-search-card__info\">\n<h3 class=\"base-search-card__title\">\n<p>        Analista de Transportes III<br \/>\nRibeir\u00e3o Preto &#8211; SP<br \/>\nEfetivo<\/p>\n<\/h3>\n<h4 class=\"base-search-card__subtitle\">\n<p>          <a class=\"hidden-nested-link\" data-tracking-client-ingraph data-tracking-control-name=\"public_jobs_jserp-result_job-search-card-subtitle\" data-tracking-will-navigate href=\"https:\/\/br.linkedin.com\/company\/cory---ind-stria-de-produtos-aliment-cios?trk=public_jobs_jserp-result_job-search-card-subtitle\"><br \/>\n            Cory Ind\u00fastria de Produtos Aliment\u00edcios<br \/>\n          <\/a><\/p>\n<\/h4>\n<p><!----><\/p>\n<div class=\"base-search-card__metadata\">\n<p>          <span class=\"job-search-card__location\"><br \/>\n            Ribeir\u00e3o Preto, S\u00e3o Paulo, Brazil<br \/>\n          <\/span><\/p>\n<p><!---->  <\/p>\n<p>          <time class=\"job-search-card__listdate\" datetime=\"2024-09-04\"><\/p>\n<p>      1 week ago<\/p>\n<p>          <\/time><\/p>\n<p><!---->\n            <\/div>\n<\/p><\/div>\n<p><!---->      <\/p><\/div>\n<\/li>\n<li>\n<div class=\"base-card relative w-full hover:no-underline focus:no-underline base-card--link base-search-card base-search-card--link job-search-card\" data-entity-urn=\"urn:li:jobPosting:4021607604\" data-impression-id=\"jobs-search-desktop-13\" data-reference-id=\"B3cEsSgOXfA7FFz3drxGSQ==\" data-tracking-id=\"Sg5oD\/13WLVFZrLEV8VKNA==\" data-column=\"1\" data-row=\"14\">\n<p>        <a class=\"base-card__full-link absolute top-0 right-0 bottom-0 left-0 p-0 z-[2]\" href=\"https:\/\/br.linkedin.com\/jobs\/view\/auxiliar-de-logistica-at-refrigera%C3%A7%C3%A3o-dufrio-4021607604?position=14&amp;pageNum=0&amp;refId=B3cEsSgOXfA7FFz3drxGSQ%3D%3D&amp;trackingId=Sg5oD%2F13WLVFZrLEV8VKNA%3D%3D&amp;trk=public_jobs_jserp-result_search-card\" data-tracking-control-name=\"public_jobs_jserp-result_search-card\" data-tracking-client-ingraph data-tracking-will-navigate><\/p>\n<p>          <span class=\"sr-only\"><\/p>\n<p>        AUXILIAR DE LOGISTICA<\/p>\n<p>          <\/span><br \/>\n        <\/a><\/p>\n<div class=\"search-entity-media\">\n<p>      <img class=\"artdeco-entity-image artdeco-entity-image--square-4\n          \" data-delayed-url=\"https:\/\/media.licdn.com\/dms\/image\/v2\/D560BAQEv456t9nSMrg\/company-logo_100_100\/company-logo_100_100\/0\/1706633512267\/dufriorefrigeracao_logo?e=2147483647&amp;v=beta&amp;t=yYKVoFqXvCe4lVkvonhKTNVu2vPQZTj0SBq2I2OzHF0\" data-ghost-classes=\"artdeco-entity-image--ghost\" data-ghost-url=\"https:\/\/static.licdn.com\/aero-v1\/sc\/h\/6puxblwmhnodu6fjircz4dn4h\" alt><\/p><\/div>\n<div class=\"base-search-card__info\">\n<h3 class=\"base-search-card__title\">\n<p>        AUXILIAR DE LOGISTICA<\/p>\n<\/h3>\n<h4 class=\"base-search-card__subtitle\">\n<p>          <a class=\"hidden-nested-link\" data-tracking-client-ingraph data-tracking-control-name=\"public_jobs_jserp-result_job-search-card-subtitle\" data-tracking-will-navigate href=\"https:\/\/br.linkedin.com\/company\/dufriorefrigeracao?trk=public_jobs_jserp-result_job-search-card-subtitle\"><br \/>\n            Refrigera\u00e7\u00e3o Dufrio<br \/>\n          <\/a><\/p>\n<\/h4>\n<p><!----><\/p>\n<div class=\"base-search-card__metadata\">\n<p>          <span class=\"job-search-card__location\"><br \/>\n            Ribeir\u00e3o Preto, S\u00e3o Paulo, Brazil<br \/>\n          <\/span><\/p>\n<div class=\"job-posting-benefits text-sm\">\n        <icon class=\"job-posting-benefits__icon\" data-delayed-url=\"https:\/\/static.licdn.com\/aero-v1\/sc\/h\/8zmuwb93gzlb935fk4ao4z779\" data-svg-class-name=\"job-posting-benefits__icon-svg\"><\/icon><br \/>\n        <span class=\"job-posting-benefits__text\"><br \/>\n          Be an early applicant<br \/>\n<!---->        <\/span>\n      <\/div>\n<p>          <time class=\"job-search-card__listdate\" datetime=\"2024-09-09\"><\/p>\n<p>      2 days ago<\/p>\n<p>          <\/time><\/p>\n<p><!---->\n            <\/div>\n<\/p><\/div>\n<p><!---->      <\/p><\/div>\n<\/li>\n<li>\n<div class=\"base-card relative w-full hover:no-underline focus:no-underline base-card--link base-search-card base-search-card--link job-search-card\" data-entity-urn=\"urn:li:jobPosting:3993870143\" data-impression-id=\"jobs-search-desktop-14\" data-reference-id=\"B3cEsSgOXfA7FFz3drxGSQ==\" data-tracking-id=\"LAlinRVIy5R2I7qPXev0ug==\" data-column=\"1\" data-row=\"15\">\n<p>        <a class=\"base-card__full-link absolute top-0 right-0 bottom-0 left-0 p-0 z-[2]\" href=\"https:\/\/br.linkedin.com\/jobs\/view\/analista-log%C3%ADstica-jr-at-base-qu%C3%ADmica-3993870143?position=15&amp;pageNum=0&amp;refId=B3cEsSgOXfA7FFz3drxGSQ%3D%3D&amp;trackingId=LAlinRVIy5R2I7qPXev0ug%3D%3D&amp;trk=public_jobs_jserp-result_search-card\" data-tracking-control-name=\"public_jobs_jserp-result_search-card\" data-tracking-client-ingraph data-tracking-will-navigate><\/p>\n<p>          <span class=\"sr-only\"><\/p>\n<p>        Analista Log\u00edstica Jr<\/p>\n<p>          <\/span><br \/>\n        <\/a><\/p>\n<div class=\"search-entity-media\">\n<p>      <img class=\"artdeco-entity-image artdeco-entity-image--square-4\n          \" data-delayed-url=\"https:\/\/media.licdn.com\/dms\/image\/v2\/C4D0BAQHTMlnRWDAAzg\/company-logo_100_100\/company-logo_100_100\/0\/1631358956998\/base_quimica_logo?e=2147483647&amp;v=beta&amp;t=Z3JTrig7wmQAkDZfzsyehe7nK9cnMpqSYAJgx5d0p8s\" data-ghost-classes=\"artdeco-entity-image--ghost\" data-ghost-url=\"https:\/\/static.licdn.com\/aero-v1\/sc\/h\/6puxblwmhnodu6fjircz4dn4h\" alt><\/p><\/div>\n<div class=\"base-search-card__info\">\n<h3 class=\"base-search-card__title\">\n<p>        Analista Log\u00edstica Jr<\/p>\n<\/h3>\n<h4 class=\"base-search-card__subtitle\">\n<p>          <a class=\"hidden-nested-link\" data-tracking-client-ingraph data-tracking-control-name=\"public_jobs_jserp-result_job-search-card-subtitle\" data-tracking-will-navigate href=\"https:\/\/br.linkedin.com\/company\/base-quimica?trk=public_jobs_jserp-result_job-search-card-subtitle\"><br \/>\n            Base Qu\u00edmica<br \/>\n          <\/a><\/p>\n<\/h4>\n<p><!----><\/p>\n<div class=\"base-search-card__metadata\">\n<p>          <span class=\"job-search-card__location\"><br \/>\n            Ribeir\u00e3o Preto, S\u00e3o Paulo, Brazil<br \/>\n          <\/span><\/p>\n<p><!---->  <\/p>\n<p>          <time class=\"job-search-card__listdate\" datetime=\"2024-08-05\"><\/p>\n<p>      1 month ago<\/p>\n<p>          <\/time><\/p>\n<p><!---->\n            <\/div>\n<\/p><\/div>\n<p><!---->      <\/p><\/div>\n<\/li>\n<li>\n<div class=\"base-card relative w-full hover:no-underline focus:no-underline base-card--link base-search-card base-search-card--link job-search-card\" data-entity-urn=\"urn:li:jobPosting:3772672113\" data-impression-id=\"jobs-search-desktop-15\" data-reference-id=\"B3cEsSgOXfA7FFz3drxGSQ==\" data-tracking-id=\"EVJ7Jt\/VyB14Tc9LolnJHw==\" data-column=\"1\" data-row=\"16\">\n<p>        <a class=\"base-card__full-link absolute top-0 right-0 bottom-0 left-0 p-0 z-[2]\" href=\"https:\/\/br.linkedin.com\/jobs\/view\/auxiliar-de-dep%C3%B3sito-banco-de-talentos-at-riberfoods-3772672113?position=16&amp;pageNum=0&amp;refId=B3cEsSgOXfA7FFz3drxGSQ%3D%3D&amp;trackingId=EVJ7Jt%2FVyB14Tc9LolnJHw%3D%3D&amp;trk=public_jobs_jserp-result_search-card\" data-tracking-control-name=\"public_jobs_jserp-result_search-card\" data-tracking-client-ingraph data-tracking-will-navigate><\/p>\n<p>          <span class=\"sr-only\"><\/p>\n<p>        AUXILIAR DE DEP\u00d3SITO &#8211; BANCO DE TALENTOS<\/p>\n<p>          <\/span><br \/>\n        <\/a><\/p>\n<div class=\"search-entity-media\">\n<p>      <img class=\"artdeco-entity-image artdeco-entity-image--square-4\n          \" data-delayed-url=\"https:\/\/media.licdn.com\/dms\/image\/v2\/C4E0BAQHexJh_WQV6aw\/company-logo_100_100\/company-logo_100_100\/0\/1630570276433\/riberdoces_logo?e=2147483647&amp;v=beta&amp;t=EJv7y7wega2jBTKfM01cNVwlZkY4p4KyLeTyt8PaxmQ\" data-ghost-classes=\"artdeco-entity-image--ghost\" data-ghost-url=\"https:\/\/static.licdn.com\/aero-v1\/sc\/h\/6puxblwmhnodu6fjircz4dn4h\" alt><\/p><\/div>\n<div class=\"base-search-card__info\">\n<h3 class=\"base-search-card__title\">\n<p>        AUXILIAR DE DEP\u00d3SITO &#8211; BANCO DE TALENTOS<\/p>\n<\/h3>\n<h4 class=\"base-search-card__subtitle\">\n<p>          <a class=\"hidden-nested-link\" data-tracking-client-ingraph data-tracking-control-name=\"public_jobs_jserp-result_job-search-card-subtitle\" data-tracking-will-navigate href=\"https:\/\/br.linkedin.com\/company\/riberfoods?trk=public_jobs_jserp-result_job-search-card-subtitle\"><br \/>\n            Riberfoods<br \/>\n          <\/a><\/p>\n<\/h4>\n<p><!----><\/p>\n<div class=\"base-search-card__metadata\">\n<p>          <span class=\"job-search-card__location\"><br \/>\n            Ribeir\u00e3o Preto, S\u00e3o Paulo, Brazil<br \/>\n          <\/span><\/p>\n<p><!---->  <\/p>\n<p>          <time class=\"job-search-card__listdate\" datetime=\"2023-11-03\"><\/p>\n<p>      10 months ago<\/p>\n<p>          <\/time><\/p>\n<p><!---->\n            <\/div>\n<\/p><\/div>\n<p><!---->      <\/p><\/div>\n<\/li>\n<li>\n<div class=\"base-card relative w-full hover:no-underline focus:no-underline base-card--link base-search-card base-search-card--link job-search-card\" data-entity-urn=\"urn:li:jobPosting:3959578185\" data-impression-id=\"jobs-search-desktop-16\" data-reference-id=\"B3cEsSgOXfA7FFz3drxGSQ==\" data-tracking-id=\"s0jkuJXvIu4eqDgDrLj3NQ==\" data-column=\"1\" data-row=\"17\">\n<p>        <a class=\"base-card__full-link absolute top-0 right-0 bottom-0 left-0 p-0 z-[2]\" href=\"https:\/\/br.linkedin.com\/jobs\/view\/auxiliar-de-logistica-repositor-at-idealize-gest%C3%A3o-de-pessoas-3959578185?position=17&amp;pageNum=0&amp;refId=B3cEsSgOXfA7FFz3drxGSQ%3D%3D&amp;trackingId=s0jkuJXvIu4eqDgDrLj3NQ%3D%3D&amp;trk=public_jobs_jserp-result_search-card\" data-tracking-control-name=\"public_jobs_jserp-result_search-card\" data-tracking-client-ingraph data-tracking-will-navigate><\/p>\n<p>          <span class=\"sr-only\"><\/p>\n<p>        Auxiliar de Logistica &#8211; Repositor<\/p>\n<p>          <\/span><br \/>\n        <\/a><\/p>\n<div class=\"search-entity-media\">\n<p>      <img class=\"artdeco-entity-image artdeco-entity-image--square-4\n          \" data-delayed-url=\"https:\/\/media.licdn.com\/dms\/image\/v2\/C4D0BAQH8J0kvWEJOnQ\/company-logo_100_100\/company-logo_100_100\/0\/1630563637160?e=2147483647&amp;v=beta&amp;t=TDK3MHsnkFjjd9-KhA9fPNnepkVPCCV60BI8oUw4bF4\" data-ghost-classes=\"artdeco-entity-image--ghost\" data-ghost-url=\"https:\/\/static.licdn.com\/aero-v1\/sc\/h\/6puxblwmhnodu6fjircz4dn4h\" alt><\/p><\/div>\n<div class=\"base-search-card__info\">\n<h3 class=\"base-search-card__title\">\n<p>        Auxiliar de Logistica &#8211; Repositor<\/p>\n<\/h3>\n<h4 class=\"base-search-card__subtitle\">\n<p>          <a class=\"hidden-nested-link\" data-tracking-client-ingraph data-tracking-control-name=\"public_jobs_jserp-result_job-search-card-subtitle\" data-tracking-will-navigate href=\"https:\/\/br.linkedin.com\/company\/idealize-gest%C3%A3o-de-pessoas?trk=public_jobs_jserp-result_job-search-card-subtitle\"><br \/>\n            Idealize Gest\u00e3o de Pessoas<br \/>\n          <\/a><\/p>\n<\/h4>\n<p><!----><\/p>\n<div class=\"base-search-card__metadata\">\n<p>          <span class=\"job-search-card__location\"><br \/>\n            Ribeir\u00e3o Preto, S\u00e3o Paulo, Brazil<br \/>\n          <\/span><\/p>\n<div class=\"job-posting-benefits text-sm\">\n        <icon class=\"job-posting-benefits__icon\" data-delayed-url=\"https:\/\/static.licdn.com\/aero-v1\/sc\/h\/8zmuwb93gzlb935fk4ao4z779\" data-svg-class-name=\"job-posting-benefits__icon-svg\"><\/icon><br \/>\n        <span class=\"job-posting-benefits__text\"><br \/>\n          Be an early applicant<br \/>\n<!---->        <\/span>\n      <\/div>\n<p>          <time class=\"job-search-card__listdate\" datetime=\"2024-06-26\"><\/p>\n<p>      2 months ago<\/p>\n<p>          <\/time><\/p>\n<p><!---->\n            <\/div>\n<\/p><\/div>\n<p><!---->      <\/p><\/div>\n<\/li>\n<li>\n<div class=\"base-card relative w-full hover:no-underline focus:no-underline base-card--link base-search-card base-search-card--link job-search-card\" data-entity-urn=\"urn:li:jobPosting:3807756458\" data-impression-id=\"jobs-search-desktop-17\" data-reference-id=\"B3cEsSgOXfA7FFz3drxGSQ==\" data-tracking-id=\"chvOoq9vgdSKUbxzEYt3kQ==\" data-column=\"1\" data-row=\"18\">\n<p>        <a class=\"base-card__full-link absolute top-0 right-0 bottom-0 left-0 p-0 z-[2]\" href=\"https:\/\/br.linkedin.com\/jobs\/view\/estoquista-assistente-at-jumori-comercio-de-auto-pecas-3807756458?position=18&amp;pageNum=0&amp;refId=B3cEsSgOXfA7FFz3drxGSQ%3D%3D&amp;trackingId=chvOoq9vgdSKUbxzEYt3kQ%3D%3D&amp;trk=public_jobs_jserp-result_search-card\" data-tracking-control-name=\"public_jobs_jserp-result_search-card\" data-tracking-client-ingraph data-tracking-will-navigate><\/p>\n<p>          <span class=\"sr-only\"><\/p>\n<p>        Estoquista Assistente<\/p>\n<p>          <\/span><br \/>\n        <\/a><\/p>\n<div class=\"search-entity-media\">\n<p>      <img class=\"artdeco-entity-image artdeco-entity-image--square-4\n          \" data-delayed-url=\"https:\/\/media.licdn.com\/dms\/image\/v2\/D4D0BAQEMREk59Ie6ow\/company-logo_100_100\/company-logo_100_100\/0\/1725470546173\/jumori_comercio_de_auto_pecas_logo?e=2147483647&amp;v=beta&amp;t=gq9zEnTaILegujSk4dSH-WLk-gxJZcr3hqYG6xkgWqg\" data-ghost-classes=\"artdeco-entity-image--ghost\" data-ghost-url=\"https:\/\/static.licdn.com\/aero-v1\/sc\/h\/6puxblwmhnodu6fjircz4dn4h\" alt><\/p><\/div>\n<div class=\"base-search-card__info\">\n<h3 class=\"base-search-card__title\">\n<p>        Estoquista Assistente<\/p>\n<\/h3>\n<h4 class=\"base-search-card__subtitle\">\n<p>          <a class=\"hidden-nested-link\" data-tracking-client-ingraph data-tracking-control-name=\"public_jobs_jserp-result_job-search-card-subtitle\" data-tracking-will-navigate href=\"https:\/\/br.linkedin.com\/company\/jumori-comercio-de-auto-pecas?trk=public_jobs_jserp-result_job-search-card-subtitle\"><br \/>\n            Jumori Comercio De Auto Pecas<br \/>\n          <\/a><\/p>\n<\/h4>\n<p><!----><\/p>\n<div class=\"base-search-card__metadata\">\n<p>          <span class=\"job-search-card__location\"><br \/>\n            Ribeir\u00e3o Preto, S\u00e3o Paulo, Brazil<br \/>\n          <\/span><\/p>\n<p><!---->  <\/p>\n<p>          <time class=\"job-search-card__listdate\" datetime=\"2024-01-16\"><\/p>\n<p>      7 months ago<\/p>\n<p>          <\/time><\/p>\n<p><!---->\n            <\/div>\n<\/p><\/div>\n<p><!---->      <\/p><\/div>\n<\/li>\n<li>\n<div class=\"base-card relative w-full hover:no-underline focus:no-underline base-card--link base-search-card base-search-card--link job-search-card\" data-entity-urn=\"urn:li:jobPosting:3958720329\" data-impression-id=\"jobs-search-desktop-18\" data-reference-id=\"B3cEsSgOXfA7FFz3drxGSQ==\" data-tracking-id=\"avvmjcOdSuQ1ZYMpjeMF0A==\" data-column=\"1\" data-row=\"19\">\n<p>        <a class=\"base-card__full-link absolute top-0 right-0 bottom-0 left-0 p-0 z-[2]\" href=\"https:\/\/br.linkedin.com\/jobs\/view\/ajudante-de-log%C3%ADstica-at-friato-alimentos-3958720329?position=19&amp;pageNum=0&amp;refId=B3cEsSgOXfA7FFz3drxGSQ%3D%3D&amp;trackingId=avvmjcOdSuQ1ZYMpjeMF0A%3D%3D&amp;trk=public_jobs_jserp-result_search-card\" data-tracking-control-name=\"public_jobs_jserp-result_search-card\" data-tracking-client-ingraph data-tracking-will-navigate><\/p>\n<p>          <span class=\"sr-only\"><\/p>\n<p>        Ajudante de Log\u00edstica<\/p>\n<p>          <\/span><br \/>\n        <\/a><\/p>\n<div class=\"search-entity-media\">\n<p>      <img class=\"artdeco-entity-image artdeco-entity-image--square-4\n          \" data-delayed-url=\"https:\/\/media.licdn.com\/dms\/image\/v2\/D4D0BAQEt-bnqwYekCg\/company-logo_100_100\/company-logo_100_100\/0\/1719865748032?e=2147483647&amp;v=beta&amp;t=Kf_56LZeGCKyLJRVno87OSmQUDZSObPB-ZDokvfv0nw\" data-ghost-classes=\"artdeco-entity-image--ghost\" data-ghost-url=\"https:\/\/static.licdn.com\/aero-v1\/sc\/h\/6puxblwmhnodu6fjircz4dn4h\" alt><\/p><\/div>\n<div class=\"base-search-card__info\">\n<h3 class=\"base-search-card__title\">\n<p>        Ajudante de Log\u00edstica<\/p>\n<\/h3>\n<h4 class=\"base-search-card__subtitle\">\n<p>          <a class=\"hidden-nested-link\" data-tracking-client-ingraph data-tracking-control-name=\"public_jobs_jserp-result_job-search-card-subtitle\" data-tracking-will-navigate href=\"https:\/\/br.linkedin.com\/company\/friato-alimentos?trk=public_jobs_jserp-result_job-search-card-subtitle\"><br \/>\n            Friato Alimentos<br \/>\n          <\/a><\/p>\n<\/h4>\n<p><!----><\/p>\n<div class=\"base-search-card__metadata\">\n<p>          <span class=\"job-search-card__location\"><br \/>\n            Ribeir\u00e3o Preto, S\u00e3o Paulo, Brazil<br \/>\n          <\/span><\/p>\n<p><!---->  <\/p>\n<p>          <time class=\"job-search-card__listdate\" datetime=\"2024-06-25\"><\/p>\n<p>      2 months ago<\/p>\n<p>          <\/time><\/p>\n<p><!---->\n            <\/div>\n<\/p><\/div>\n<p><!---->      <\/p><\/div>\n<\/li>\n<li>\n<div class=\"base-card relative w-full hover:no-underline focus:no-underline base-card--link base-search-card base-search-card--link job-search-card\" data-entity-urn=\"urn:li:jobPosting:4009386889\" data-impression-id=\"jobs-search-desktop-19\" data-reference-id=\"B3cEsSgOXfA7FFz3drxGSQ==\" data-tracking-id=\"qwJu4HPDBE0eTBpTLhMbNA==\" data-column=\"1\" data-row=\"20\">\n<p>        <a class=\"base-card__full-link absolute top-0 right-0 bottom-0 left-0 p-0 z-[2]\" href=\"https:\/\/br.linkedin.com\/jobs\/view\/assistente-de-log%C3%ADstica-at-makfil-4009386889?position=20&amp;pageNum=0&amp;refId=B3cEsSgOXfA7FFz3drxGSQ%3D%3D&amp;trackingId=qwJu4HPDBE0eTBpTLhMbNA%3D%3D&amp;trk=public_jobs_jserp-result_search-card\" data-tracking-control-name=\"public_jobs_jserp-result_search-card\" data-tracking-client-ingraph data-tracking-will-navigate><\/p>\n<p>          <span class=\"sr-only\"><\/p>\n<p>        Assistente de Log\u00edstica<\/p>\n<p>          <\/span><br \/>\n        <\/a><\/p>\n<div class=\"search-entity-media\">\n<p>      <img class=\"artdeco-entity-image artdeco-entity-image--square-4\n          \" data-delayed-url=\"https:\/\/media.licdn.com\/dms\/image\/v2\/C4D0BAQGqaZcPFYyIeg\/company-logo_100_100\/company-logo_100_100\/0\/1674471161145\/makfiloficial_logo?e=2147483647&amp;v=beta&amp;t=1NfM87nLOfthWcmcvQrPzbjLwJRBCSbWG0rWkhb7rZQ\" data-ghost-classes=\"artdeco-entity-image--ghost\" data-ghost-url=\"https:\/\/static.licdn.com\/aero-v1\/sc\/h\/6puxblwmhnodu6fjircz4dn4h\" alt><\/p><\/div>\n<div class=\"base-search-card__info\">\n<h3 class=\"base-search-card__title\">\n<p>        Assistente de Log\u00edstica<\/p>\n<\/h3>\n<h4 class=\"base-search-card__subtitle\">\n<p>          <a class=\"hidden-nested-link\" data-tracking-client-ingraph data-tracking-control-name=\"public_jobs_jserp-result_job-search-card-subtitle\" data-tracking-will-navigate href=\"https:\/\/br.linkedin.com\/company\/makfiloficial?trk=public_jobs_jserp-result_job-search-card-subtitle\"><br \/>\n            Makfil<br \/>\n          <\/a><\/p>\n<\/h4>\n<p><!----><\/p>\n<div class=\"base-search-card__metadata\">\n<p>          <span class=\"job-search-card__location\"><br \/>\n            Ribeir\u00e3o Preto, S\u00e3o Paulo, Brazil<br \/>\n          <\/span><\/p>\n<div class=\"job-posting-benefits text-sm\">\n        <icon class=\"job-posting-benefits__icon\" data-delayed-url=\"https:\/\/static.licdn.com\/aero-v1\/sc\/h\/8zmuwb93gzlb935fk4ao4z779\" data-svg-class-name=\"job-posting-benefits__icon-svg\"><\/icon><br \/>\n        <span class=\"job-posting-benefits__text\"><br \/>\n          Be an early applicant<br \/>\n<!---->        <\/span>\n      <\/div>\n<p>          <time class=\"job-search-card__listdate\" datetime=\"2024-08-28\"><\/p>\n<p>      2 weeks ago<\/p>\n<p>          <\/time><\/p>\n<p><!---->\n            <\/div>\n<\/p><\/div>\n<p><!---->      <\/p><\/div>\n<\/li>\n<li>\n<div class=\"base-card relative w-full hover:no-underline focus:no-underline base-card--link base-search-card base-search-card--link job-search-card\" data-entity-urn=\"urn:li:jobPosting:4006975390\" data-impression-id=\"jobs-search-desktop-20\" data-reference-id=\"B3cEsSgOXfA7FFz3drxGSQ==\" data-tracking-id=\"lLgQTzOW0GRpigKCt4ILgA==\" data-column=\"1\" data-row=\"21\">\n<p>        <a class=\"base-card__full-link absolute top-0 right-0 bottom-0 left-0 p-0 z-[2]\" href=\"https:\/\/br.linkedin.com\/jobs\/view\/conferente-ribeir%C3%A3o-shopping-at-fast-shop-s-a-4006975390?position=21&amp;pageNum=0&amp;refId=B3cEsSgOXfA7FFz3drxGSQ%3D%3D&amp;trackingId=lLgQTzOW0GRpigKCt4ILgA%3D%3D&amp;trk=public_jobs_jserp-result_search-card\" data-tracking-control-name=\"public_jobs_jserp-result_search-card\" data-tracking-client-ingraph data-tracking-will-navigate><\/p>\n<p>          <span class=\"sr-only\"><\/p>\n<p>        CONFERENTE &#8211; RIBEIR\u00c3O SHOPPING<\/p>\n<p>          <\/span><br \/>\n        <\/a><\/p>\n<div class=\"search-entity-media\">\n<p>      <img class=\"artdeco-entity-image artdeco-entity-image--square-4\n          \" data-delayed-url=\"https:\/\/media.licdn.com\/dms\/image\/v2\/C4D0BAQHN_tkr-1jKyA\/company-logo_100_100\/company-logo_100_100\/0\/1648218218486\/fast_shop_logo?e=2147483647&amp;v=beta&amp;t=juIuuSPdBwN4Zrnc86wa74kkWKtjgTtQFqPtuzDJ5RY\" data-ghost-classes=\"artdeco-entity-image--ghost\" data-ghost-url=\"https:\/\/static.licdn.com\/aero-v1\/sc\/h\/6puxblwmhnodu6fjircz4dn4h\" alt><\/p><\/div>\n<div class=\"base-search-card__info\">\n<h3 class=\"base-search-card__title\">\n<p>        CONFERENTE &#8211; RIBEIR\u00c3O SHOPPING<\/p>\n<\/h3>\n<h4 class=\"base-search-card__subtitle\">\n<p>          <a class=\"hidden-nested-link\" data-tracking-client-ingraph data-tracking-control-name=\"public_jobs_jserp-result_job-search-card-subtitle\" data-tracking-will-navigate href=\"https:\/\/br.linkedin.com\/company\/fast-shop?trk=public_jobs_jserp-result_job-search-card-subtitle\"><br \/>\n            Fast Shop S\/A<br \/>\n          <\/a><\/p>\n<\/h4>\n<p><!----><\/p>\n<div class=\"base-search-card__metadata\">\n<p>          <span class=\"job-search-card__location\"><br \/>\n            Ribeir\u00e3o Preto, S\u00e3o Paulo, Brazil<br \/>\n          <\/span><\/p>\n<div class=\"job-posting-benefits text-sm\">\n        <icon class=\"job-posting-benefits__icon\" data-delayed-url=\"https:\/\/static.licdn.com\/aero-v1\/sc\/h\/8zmuwb93gzlb935fk4ao4z779\" data-svg-class-name=\"job-posting-benefits__icon-svg\"><\/icon><br \/>\n        <span class=\"job-posting-benefits__text\"><br \/>\n          Be an early applicant<br \/>\n<!---->        <\/span>\n      <\/div>\n<p>          <time class=\"job-search-card__listdate\" datetime=\"2024-08-24\"><\/p>\n<p>      2 weeks ago<\/p>\n<p>          <\/time><\/p>\n<p><!---->\n            <\/div>\n<\/p><\/div>\n<p><!---->      <\/p><\/div>\n<\/li>\n<li>\n<div class=\"base-card relative w-full hover:no-underline focus:no-underline base-card--link base-search-card base-search-card--link job-search-card\" data-entity-urn=\"urn:li:jobPosting:3918524883\" data-impression-id=\"jobs-search-desktop-21\" data-reference-id=\"B3cEsSgOXfA7FFz3drxGSQ==\" data-tracking-id=\"xhYEI56Ag7JzdhvsIhfNLA==\" data-column=\"1\" data-row=\"22\">\n<p>        <a class=\"base-card__full-link absolute top-0 right-0 bottom-0 left-0 p-0 z-[2]\" href=\"https:\/\/br.linkedin.com\/jobs\/view\/auxiliar-operacional-de-log%C3%ADstica-at-amerinode-3918524883?position=22&amp;pageNum=0&amp;refId=B3cEsSgOXfA7FFz3drxGSQ%3D%3D&amp;trackingId=xhYEI56Ag7JzdhvsIhfNLA%3D%3D&amp;trk=public_jobs_jserp-result_search-card\" data-tracking-control-name=\"public_jobs_jserp-result_search-card\" data-tracking-client-ingraph data-tracking-will-navigate><\/p>\n<p>          <span class=\"sr-only\"><\/p>\n<p>        Auxiliar operacional de log\u00edstica<\/p>\n<p>          <\/span><br \/>\n        <\/a><\/p>\n<div class=\"search-entity-media\">\n<p>      <img class=\"artdeco-entity-image artdeco-entity-image--square-4\n          \" data-delayed-url=\"https:\/\/media.licdn.com\/dms\/image\/v2\/C4D0BAQETz0KhyT0Egg\/company-logo_100_100\/company-logo_100_100\/0\/1630498148634\/amerinode_logo?e=2147483647&amp;v=beta&amp;t=4ZO_pc7zK8--qkn_Th8VNHNKs7jJDSCm1lyPPXnfn7M\" data-ghost-classes=\"artdeco-entity-image--ghost\" data-ghost-url=\"https:\/\/static.licdn.com\/aero-v1\/sc\/h\/6puxblwmhnodu6fjircz4dn4h\" alt><\/p><\/div>\n<div class=\"base-search-card__info\">\n<h3 class=\"base-search-card__title\">\n<p>        Auxiliar operacional de log\u00edstica<\/p>\n<\/h3>\n<h4 class=\"base-search-card__subtitle\">\n<p>          <a class=\"hidden-nested-link\" data-tracking-client-ingraph data-tracking-control-name=\"public_jobs_jserp-result_job-search-card-subtitle\" data-tracking-will-navigate href=\"https:\/\/br.linkedin.com\/company\/amerinode?trk=public_jobs_jserp-result_job-search-card-subtitle\"><br \/>\n            Amerinode<br \/>\n          <\/a><\/p>\n<\/h4>\n<p><!----><\/p>\n<div class=\"base-search-card__metadata\">\n<p>          <span class=\"job-search-card__location\"><br \/>\n            Greater Ribeir\u00e3o Preto<br \/>\n          <\/span><\/p>\n<p><!---->  <\/p>\n<p>          <time class=\"job-search-card__listdate\" datetime=\"2024-05-09\"><\/p>\n<p>      4 months ago<\/p>\n<p>          <\/time><\/p>\n<p><!---->\n            <\/div>\n<\/p><\/div>\n<p><!---->      <\/p><\/div>\n<\/li>\n<li>\n<div class=\"base-card relative w-full hover:no-underline focus:no-underline base-card--link base-search-card base-search-card--link job-search-card\" data-entity-urn=\"urn:li:jobPosting:4014217796\" data-impression-id=\"jobs-search-desktop-22\" data-reference-id=\"B3cEsSgOXfA7FFz3drxGSQ==\" data-tracking-id=\"oJYIVj6yIfxmUCYqP+7AJw==\" data-column=\"1\" data-row=\"23\">\n<p>        <a class=\"base-card__full-link absolute top-0 right-0 bottom-0 left-0 p-0 z-[2]\" href=\"https:\/\/br.linkedin.com\/jobs\/view\/assistente-de-opera%C3%A7%C3%A3o-log%C3%ADstica-at-smartenvios-4014217796?position=23&amp;pageNum=0&amp;refId=B3cEsSgOXfA7FFz3drxGSQ%3D%3D&amp;trackingId=oJYIVj6yIfxmUCYqP%2B7AJw%3D%3D&amp;trk=public_jobs_jserp-result_search-card\" data-tracking-control-name=\"public_jobs_jserp-result_search-card\" data-tracking-client-ingraph data-tracking-will-navigate><\/p>\n<p>          <span class=\"sr-only\"><\/p>\n<p>        Assistente de Opera\u00e7\u00e3o (Log\u00edstica)<\/p>\n<p>          <\/span><br \/>\n        <\/a><\/p>\n<div class=\"search-entity-media\">\n<p>      <img class=\"artdeco-entity-image artdeco-entity-image--square-4\n          \" data-delayed-url=\"https:\/\/media.licdn.com\/dms\/image\/v2\/D4D0BAQGPjmkQFr6OJQ\/company-logo_100_100\/company-logo_100_100\/0\/1708960095539\/smartenvios_logo?e=2147483647&amp;v=beta&amp;t=yanC00nZAgJQdlAMbb560oqb2uP8c_UcXHtRWFfqVyw\" data-ghost-classes=\"artdeco-entity-image--ghost\" data-ghost-url=\"https:\/\/static.licdn.com\/aero-v1\/sc\/h\/6puxblwmhnodu6fjircz4dn4h\" alt><\/p><\/div>\n<div class=\"base-search-card__info\">\n<h3 class=\"base-search-card__title\">\n<p>        Assistente de Opera\u00e7\u00e3o (Log\u00edstica)<\/p>\n<\/h3>\n<h4 class=\"base-search-card__subtitle\">\n<p>          <a class=\"hidden-nested-link\" data-tracking-client-ingraph data-tracking-control-name=\"public_jobs_jserp-result_job-search-card-subtitle\" data-tracking-will-navigate href=\"https:\/\/br.linkedin.com\/company\/smartenvios?trk=public_jobs_jserp-result_job-search-card-subtitle\"><br \/>\n            SmartEnvios<br \/>\n          <\/a><\/p>\n<\/h4>\n<p><!----><\/p>\n<div class=\"base-search-card__metadata\">\n<p>          <span class=\"job-search-card__location\"><br \/>\n            Ribeir\u00e3o Preto, S\u00e3o Paulo, Brazil<br \/>\n          <\/span><\/p>\n<p><!---->  <\/p>\n<p>          <time class=\"job-search-card__listdate\" datetime=\"2024-08-31\"><\/p>\n<p>      1 week ago<\/p>\n<p>          <\/time><\/p>\n<p><!---->\n            <\/div>\n<\/p><\/div>\n<p><!---->      <\/p><\/div>\n<\/li>\n<li>\n<div class=\"base-card relative w-full hover:no-underline focus:no-underline base-card--link base-search-card base-search-card--link job-search-card\" data-entity-urn=\"urn:li:jobPosting:3953171418\" data-impression-id=\"jobs-search-desktop-23\" data-reference-id=\"B3cEsSgOXfA7FFz3drxGSQ==\" data-tracking-id=\"nKameZ7i1kszclsHiyvKBA==\" data-column=\"1\" data-row=\"24\">\n<p>        <a class=\"base-card__full-link absolute top-0 right-0 bottom-0 left-0 p-0 z-[2]\" href=\"https:\/\/br.linkedin.com\/jobs\/view\/operador-de-log%C3%ADstica-transporte-at-amerinode-3953171418?position=24&amp;pageNum=0&amp;refId=B3cEsSgOXfA7FFz3drxGSQ%3D%3D&amp;trackingId=nKameZ7i1kszclsHiyvKBA%3D%3D&amp;trk=public_jobs_jserp-result_search-card\" data-tracking-control-name=\"public_jobs_jserp-result_search-card\" data-tracking-client-ingraph data-tracking-will-navigate><\/p>\n<p>          <span class=\"sr-only\"><\/p>\n<p>        Operador de log\u00edstica \/ transporte<\/p>\n<p>          <\/span><br \/>\n        <\/a><\/p>\n<div class=\"search-entity-media\">\n<p>      <img class=\"artdeco-entity-image artdeco-entity-image--square-4\n          \" data-delayed-url=\"https:\/\/media.licdn.com\/dms\/image\/v2\/C4D0BAQETz0KhyT0Egg\/company-logo_100_100\/company-logo_100_100\/0\/1630498148634\/amerinode_logo?e=2147483647&amp;v=beta&amp;t=4ZO_pc7zK8--qkn_Th8VNHNKs7jJDSCm1lyPPXnfn7M\" data-ghost-classes=\"artdeco-entity-image--ghost\" data-ghost-url=\"https:\/\/static.licdn.com\/aero-v1\/sc\/h\/6puxblwmhnodu6fjircz4dn4h\" alt><\/p><\/div>\n<div class=\"base-search-card__info\">\n<h3 class=\"base-search-card__title\">\n<p>        Operador de log\u00edstica \/ transporte<\/p>\n<\/h3>\n<h4 class=\"base-search-card__subtitle\">\n<p>          <a class=\"hidden-nested-link\" data-tracking-client-ingraph data-tracking-control-name=\"public_jobs_jserp-result_job-search-card-subtitle\" data-tracking-will-navigate href=\"https:\/\/br.linkedin.com\/company\/amerinode?trk=public_jobs_jserp-result_job-search-card-subtitle\"><br \/>\n            Amerinode<br \/>\n          <\/a><\/p>\n<\/h4>\n<p><!----><\/p>\n<div class=\"base-search-card__metadata\">\n<p>          <span class=\"job-search-card__location\"><br \/>\n            Ribeir\u00e3o Preto, S\u00e3o Paulo, Brazil<br \/>\n          <\/span><\/p>\n<div class=\"job-posting-benefits text-sm\">\n        <icon class=\"job-posting-benefits__icon\" data-delayed-url=\"https:\/\/static.licdn.com\/aero-v1\/sc\/h\/8zmuwb93gzlb935fk4ao4z779\" data-svg-class-name=\"job-posting-benefits__icon-svg\"><\/icon><br \/>\n        <span class=\"job-posting-benefits__text\"><br \/>\n          Be an early applicant<br \/>\n<!---->        <\/span>\n      <\/div>\n<p>          <time class=\"job-search-card__listdate\" datetime=\"2024-06-19\"><\/p>\n<p>      2 months ago<\/p>\n<p>          <\/time><\/p>\n<p><!---->\n            <\/div>\n<\/p><\/div>\n<p><!---->      <\/p><\/div>\n<\/li>\n<li>\n<div class=\"base-card relative w-full hover:no-underline focus:no-underline base-card--link base-search-card base-search-card--link job-search-card\" data-entity-urn=\"urn:li:jobPosting:4006976301\" data-impression-id=\"jobs-search-desktop-24\" data-reference-id=\"B3cEsSgOXfA7FFz3drxGSQ==\" data-tracking-id=\"Bo8Jr4bFE9ZkkU8t0P3QSw==\" data-column=\"1\" data-row=\"25\">\n<p>        <a class=\"base-card__full-link absolute top-0 right-0 bottom-0 left-0 p-0 z-[2]\" href=\"https:\/\/br.linkedin.com\/jobs\/view\/auxiliar-de-log%C3%ADstica-at-ebeg-4006976301?position=25&amp;pageNum=0&amp;refId=B3cEsSgOXfA7FFz3drxGSQ%3D%3D&amp;trackingId=Bo8Jr4bFE9ZkkU8t0P3QSw%3D%3D&amp;trk=public_jobs_jserp-result_search-card\" data-tracking-control-name=\"public_jobs_jserp-result_search-card\" data-tracking-client-ingraph data-tracking-will-navigate><\/p>\n<p>          <span class=\"sr-only\"><\/p>\n<p>        Auxiliar de Log\u00edstica<\/p>\n<p>          <\/span><br \/>\n        <\/a><\/p>\n<div class=\"search-entity-media\">\n<p>      <img class=\"artdeco-entity-image artdeco-entity-image--square-4\n          \" data-delayed-url=\"https:\/\/media.licdn.com\/dms\/image\/v2\/D4D0BAQF_FMfzXjjltQ\/company-logo_100_100\/company-logo_100_100\/0\/1698852476805\/ebeg_logo?e=2147483647&amp;v=beta&amp;t=PE3Cg86ham9akLx9l4mQX7ini-jDdRHA2hWSXaoDxXQ\" data-ghost-classes=\"artdeco-entity-image--ghost\" data-ghost-url=\"https:\/\/static.licdn.com\/aero-v1\/sc\/h\/6puxblwmhnodu6fjircz4dn4h\" alt><\/p><\/div>\n<div class=\"base-search-card__info\">\n<h3 class=\"base-search-card__title\">\n<p>        Auxiliar de Log\u00edstica<\/p>\n<\/h3>\n<h4 class=\"base-search-card__subtitle\">\n<p>          <a class=\"hidden-nested-link\" data-tracking-client-ingraph data-tracking-control-name=\"public_jobs_jserp-result_job-search-card-subtitle\" data-tracking-will-navigate href=\"https:\/\/www.linkedin.com\/company\/ebeg?trk=public_jobs_jserp-result_job-search-card-subtitle\"><br \/>\n            EBEG<br \/>\n          <\/a><\/p>\n<\/h4>\n<p><!----><\/p>\n<div class=\"base-search-card__metadata\">\n<p>          <span class=\"job-search-card__location\"><br \/>\n            Ribeir\u00e3o Preto, S\u00e3o Paulo, Brazil<br \/>\n          <\/span><\/p>\n<div class=\"job-posting-benefits text-sm\">\n        <icon class=\"job-posting-benefits__icon\" data-delayed-url=\"https:\/\/static.licdn.com\/aero-v1\/sc\/h\/3p1v0uhy7uq0cm5zdvzp4eo18\" data-svg-class-name=\"job-posting-benefits__icon-svg\"><\/icon><br \/>\n        <span class=\"job-posting-benefits__text\"><br \/>\n          Actively Hiring<br \/>\n<!---->        <\/span>\n      <\/div>\n<p>          <time class=\"job-search-card__listdate\" datetime=\"2024-08-24\"><\/p>\n<p>      2 weeks ago<\/p>\n<p>          <\/time><\/p>\n<p><!---->\n            <\/div>\n<\/p><\/div>\n<p><!---->      <\/p><\/div>\n<\/li>\n<li>\n<div class=\"base-card relative w-full hover:no-underline focus:no-underline base-card--link base-search-card base-search-card--link job-search-card\" data-entity-urn=\"urn:li:jobPosting:4010626106\" data-impression-id=\"jobs-search-desktop-25\" data-reference-id=\"B3cEsSgOXfA7FFz3drxGSQ==\" data-tracking-id=\"8GRvjDQ+tO2Ei+vNmDcF0A==\" data-column=\"1\" data-row=\"26\">\n<p>        <a class=\"base-card__full-link absolute top-0 right-0 bottom-0 left-0 p-0 z-[2]\" href=\"https:\/\/br.linkedin.com\/jobs\/view\/assistente-de-log%C3%ADstica-at-makfil-4010626106?position=26&amp;pageNum=0&amp;refId=B3cEsSgOXfA7FFz3drxGSQ%3D%3D&amp;trackingId=8GRvjDQ%2BtO2Ei%2BvNmDcF0A%3D%3D&amp;trk=public_jobs_jserp-result_search-card\" data-tracking-control-name=\"public_jobs_jserp-result_search-card\" data-tracking-client-ingraph data-tracking-will-navigate><\/p>\n<p>          <span class=\"sr-only\"><\/p>\n<p>        Assistente de Log\u00edstica<\/p>\n<p>          <\/span><br \/>\n        <\/a><\/p>\n<div class=\"search-entity-media\">\n<p>      <img class=\"artdeco-entity-image artdeco-entity-image--square-4\n          \" data-delayed-url=\"https:\/\/media.licdn.com\/dms\/image\/v2\/C4D0BAQGqaZcPFYyIeg\/company-logo_100_100\/company-logo_100_100\/0\/1674471161145\/makfiloficial_logo?e=2147483647&amp;v=beta&amp;t=1NfM87nLOfthWcmcvQrPzbjLwJRBCSbWG0rWkhb7rZQ\" data-ghost-classes=\"artdeco-entity-image--ghost\" data-ghost-url=\"https:\/\/static.licdn.com\/aero-v1\/sc\/h\/6puxblwmhnodu6fjircz4dn4h\" alt><\/p><\/div>\n<div class=\"base-search-card__info\">\n<h3 class=\"base-search-card__title\">\n<p>        Assistente de Log\u00edstica<\/p>\n<\/h3>\n<h4 class=\"base-search-card__subtitle\">\n<p>          <a class=\"hidden-nested-link\" data-tracking-client-ingraph data-tracking-control-name=\"public_jobs_jserp-result_job-search-card-subtitle\" data-tracking-will-navigate href=\"https:\/\/br.linkedin.com\/company\/makfiloficial?trk=public_jobs_jserp-result_job-search-card-subtitle\"><br \/>\n            Makfil<br \/>\n          <\/a><\/p>\n<\/h4>\n<p><!----><\/p>\n<div class=\"base-search-card__metadata\">\n<p>          <span class=\"job-search-card__location\"><br \/>\n            Greater Ribeir\u00e3o Preto<br \/>\n          <\/span><\/p>\n<p><!---->  <\/p>\n<p>          <time class=\"job-search-card__listdate\" datetime=\"2024-08-28\"><\/p>\n<p>      2 weeks ago<\/p>\n<p>          <\/time><\/p>\n<p><!---->\n            <\/div>\n<\/p><\/div>\n<p><!---->      <\/p><\/div>\n<\/li>\n<li>\n<div class=\"base-card relative w-full hover:no-underline focus:no-underline base-card--link base-search-card base-search-card--link job-search-card\" data-entity-urn=\"urn:li:jobPosting:3994745891\" data-impression-id=\"jobs-search-desktop-26\" data-reference-id=\"B3cEsSgOXfA7FFz3drxGSQ==\" data-tracking-id=\"9Qh474r3M0z7CnI8fmTghg==\" data-column=\"1\" data-row=\"27\">\n<p>        <a class=\"base-card__full-link absolute top-0 right-0 bottom-0 left-0 p-0 z-[2]\" href=\"https:\/\/br.linkedin.com\/jobs\/view\/estoquista-at-dg-consultoria-de-rh-e-treinamentos-3994745891?position=27&amp;pageNum=0&amp;refId=B3cEsSgOXfA7FFz3drxGSQ%3D%3D&amp;trackingId=9Qh474r3M0z7CnI8fmTghg%3D%3D&amp;trk=public_jobs_jserp-result_search-card\" data-tracking-control-name=\"public_jobs_jserp-result_search-card\" data-tracking-client-ingraph data-tracking-will-navigate><\/p>\n<p>          <span class=\"sr-only\"><\/p>\n<p>        Estoquista<\/p>\n<p>          <\/span><br \/>\n        <\/a><\/p>\n<div class=\"search-entity-media\">\n<p>      <img class=\"artdeco-entity-image artdeco-entity-image--square-4\n          \" data-delayed-url=\"https:\/\/media.licdn.com\/dms\/image\/v2\/C4E0BAQFDc4dll-BAoQ\/company-logo_100_100\/company-logo_100_100\/0\/1655842051927?e=2147483647&amp;v=beta&amp;t=4jlYY13AGXrTGbFbcvYtOlugCdtk7EtCrdjtKfc70L8\" data-ghost-classes=\"artdeco-entity-image--ghost\" data-ghost-url=\"https:\/\/static.licdn.com\/aero-v1\/sc\/h\/6puxblwmhnodu6fjircz4dn4h\" alt><\/p><\/div>\n<div class=\"base-search-card__info\">\n<h3 class=\"base-search-card__title\">\n<p>        Estoquista<\/p>\n<\/h3>\n<h4 class=\"base-search-card__subtitle\">\n<p>          <a class=\"hidden-nested-link\" data-tracking-client-ingraph data-tracking-control-name=\"public_jobs_jserp-result_job-search-card-subtitle\" data-tracking-will-navigate href=\"https:\/\/www.linkedin.com\/company\/dg-consultoria-de-rh-e-treinamentos?trk=public_jobs_jserp-result_job-search-card-subtitle\"><br \/>\n            DG Consultoria de Rh e Treinamentos<br \/>\n          <\/a><\/p>\n<\/h4>\n<p><!----><\/p>\n<div class=\"base-search-card__metadata\">\n<p>          <span class=\"job-search-card__location\"><br \/>\n            Ribeir\u00e3o Preto, S\u00e3o Paulo, Brazil<br \/>\n          <\/span><\/p>\n<div class=\"job-posting-benefits text-sm\">\n        <icon class=\"job-posting-benefits__icon\" data-delayed-url=\"https:\/\/static.licdn.com\/aero-v1\/sc\/h\/8zmuwb93gzlb935fk4ao4z779\" data-svg-class-name=\"job-posting-benefits__icon-svg\"><\/icon><br \/>\n        <span class=\"job-posting-benefits__text\"><br \/>\n          Be an early applicant<br \/>\n<!---->        <\/span>\n      <\/div>\n<p>          <time class=\"job-search-card__listdate\" datetime=\"2024-08-06\"><\/p>\n<p>      1 month ago<\/p>\n<p>          <\/time><\/p>\n<p><!---->\n            <\/div>\n<\/p><\/div>\n<p><!---->      <\/p><\/div>\n<\/li>\n<li>\n<div class=\"base-card relative w-full hover:no-underline focus:no-underline base-card--link base-search-card base-search-card--link job-search-card\" data-entity-urn=\"urn:li:jobPosting:4006443802\" data-impression-id=\"jobs-search-desktop-27\" data-reference-id=\"B3cEsSgOXfA7FFz3drxGSQ==\" data-tracking-id=\"sCNPtGxjnm5JsQOI5ZS4Wg==\" data-column=\"1\" data-row=\"28\">\n<p>        <a class=\"base-card__full-link absolute top-0 right-0 bottom-0 left-0 p-0 z-[2]\" href=\"https:\/\/br.linkedin.com\/jobs\/view\/assistente-de-log%C3%ADstica-at-makfil-4006443802?position=28&amp;pageNum=0&amp;refId=B3cEsSgOXfA7FFz3drxGSQ%3D%3D&amp;trackingId=sCNPtGxjnm5JsQOI5ZS4Wg%3D%3D&amp;trk=public_jobs_jserp-result_search-card\" data-tracking-control-name=\"public_jobs_jserp-result_search-card\" data-tracking-client-ingraph data-tracking-will-navigate><\/p>\n<p>          <span class=\"sr-only\"><\/p>\n<p>        Assistente de Log\u00edstica<\/p>\n<p>          <\/span><br \/>\n        <\/a><\/p>\n<div class=\"search-entity-media\">\n<p>      <img class=\"artdeco-entity-image artdeco-entity-image--square-4\n          \" data-delayed-url=\"https:\/\/media.licdn.com\/dms\/image\/v2\/C4D0BAQGqaZcPFYyIeg\/company-logo_100_100\/company-logo_100_100\/0\/1674471161145\/makfiloficial_logo?e=2147483647&amp;v=beta&amp;t=1NfM87nLOfthWcmcvQrPzbjLwJRBCSbWG0rWkhb7rZQ\" data-ghost-classes=\"artdeco-entity-image--ghost\" data-ghost-url=\"https:\/\/static.licdn.com\/aero-v1\/sc\/h\/6puxblwmhnodu6fjircz4dn4h\" alt><\/p><\/div>\n<div class=\"base-search-card__info\">\n<h3 class=\"base-search-card__title\">\n<p>        Assistente de Log\u00edstica<\/p>\n<\/h3>\n<h4 class=\"base-search-card__subtitle\">\n<p>          <a class=\"hidden-nested-link\" data-tracking-client-ingraph data-tracking-control-name=\"public_jobs_jserp-result_job-search-card-subtitle\" data-tracking-will-navigate href=\"https:\/\/br.linkedin.com\/company\/makfiloficial?trk=public_jobs_jserp-result_job-search-card-subtitle\"><br \/>\n            Makfil<br \/>\n          <\/a><\/p>\n<\/h4>\n<p><!----><\/p>\n<div class=\"base-search-card__metadata\">\n<p>          <span class=\"job-search-card__location\"><br \/>\n            Greater Ribeir\u00e3o Preto<br \/>\n          <\/span><\/p>\n<div class=\"job-posting-benefits text-sm\">\n        <icon class=\"job-posting-benefits__icon\" data-delayed-url=\"https:\/\/static.licdn.com\/aero-v1\/sc\/h\/8zmuwb93gzlb935fk4ao4z779\" data-svg-class-name=\"job-posting-benefits__icon-svg\"><\/icon><br \/>\n        <span class=\"job-posting-benefits__text\"><br \/>\n          Be an early applicant<br \/>\n<!---->        <\/span>\n      <\/div>\n<p>          <time class=\"job-search-card__listdate\" datetime=\"2024-08-23\"><\/p>\n<p>      2 weeks ago<\/p>\n<p>          <\/time><\/p>\n<p><!---->\n            <\/div>\n<\/p><\/div>\n<p><!---->      <\/p><\/div>\n<\/li>\n<li>\n<div class=\"base-card relative w-full hover:no-underline focus:no-underline base-card--link base-search-card base-search-card--link job-search-card\" data-entity-urn=\"urn:li:jobPosting:4012047943\" data-impression-id=\"jobs-search-desktop-28\" data-reference-id=\"B3cEsSgOXfA7FFz3drxGSQ==\" data-tracking-id=\"Srkd9\/B7LBPjJkWpbdE3UQ==\" data-column=\"1\" data-row=\"29\">\n<p>        <a class=\"base-card__full-link absolute top-0 right-0 bottom-0 left-0 p-0 z-[2]\" href=\"https:\/\/br.linkedin.com\/jobs\/view\/operador-de-log%C3%ADstica-rp-at-goop-4012047943?position=29&amp;pageNum=0&amp;refId=B3cEsSgOXfA7FFz3drxGSQ%3D%3D&amp;trackingId=Srkd9%2FB7LBPjJkWpbdE3UQ%3D%3D&amp;trk=public_jobs_jserp-result_search-card\" data-tracking-control-name=\"public_jobs_jserp-result_search-card\" data-tracking-client-ingraph data-tracking-will-navigate><\/p>\n<p>          <span class=\"sr-only\"><\/p>\n<p>        Operador de Log\u00edstica &#8211; RP<\/p>\n<p>          <\/span><br \/>\n        <\/a><\/p>\n<div class=\"search-entity-media\">\n<p>      <img class=\"artdeco-entity-image artdeco-entity-image--square-4\n          \" data-delayed-url=\"https:\/\/media.licdn.com\/dms\/image\/v2\/D4D0BAQHfwgW_UOPr7g\/company-logo_100_100\/company-logo_100_100\/0\/1704398288402\/goop_distribuidora_automotiva_ltda_logo?e=2147483647&amp;v=beta&amp;t=pGoPYXX7Y8BOhl6gJHn15pHE5Tshm0rq9Mw2pz9jgPI\" data-ghost-classes=\"artdeco-entity-image--ghost\" data-ghost-url=\"https:\/\/static.licdn.com\/aero-v1\/sc\/h\/6puxblwmhnodu6fjircz4dn4h\" alt><\/p><\/div>\n<div class=\"base-search-card__info\">\n<h3 class=\"base-search-card__title\">\n<p>        Operador de Log\u00edstica &#8211; RP<\/p>\n<\/h3>\n<h4 class=\"base-search-card__subtitle\">\n<p>          <a class=\"hidden-nested-link\" data-tracking-client-ingraph data-tracking-control-name=\"public_jobs_jserp-result_job-search-card-subtitle\" data-tracking-will-navigate href=\"https:\/\/br.linkedin.com\/company\/goop-distribuidora-automotiva-ltda?trk=public_jobs_jserp-result_job-search-card-subtitle\"><br \/>\n            Goop<br \/>\n          <\/a><\/p>\n<\/h4>\n<p><!----><\/p>\n<div class=\"base-search-card__metadata\">\n<p>          <span class=\"job-search-card__location\"><br \/>\n            Ribeir\u00e3o Preto, S\u00e3o Paulo, Brazil<br \/>\n          <\/span><\/p>\n<div class=\"job-posting-benefits text-sm\">\n        <icon class=\"job-posting-benefits__icon\" data-delayed-url=\"https:\/\/static.licdn.com\/aero-v1\/sc\/h\/8zmuwb93gzlb935fk4ao4z779\" data-svg-class-name=\"job-posting-benefits__icon-svg\"><\/icon><br \/>\n        <span class=\"job-posting-benefits__text\"><br \/>\n          Be an early applicant<br \/>\n<!---->        <\/span>\n      <\/div>\n<p>          <time class=\"job-search-card__listdate\" datetime=\"2024-08-30\"><\/p>\n<p>      1 week ago<\/p>\n<p>          <\/time><\/p>\n<p><!---->\n            <\/div>\n<\/p><\/div>\n<p><!---->      <\/p><\/div>\n<\/li>\n<li>\n<div class=\"base-card relative w-full hover:no-underline focus:no-underline base-card--link base-search-card base-search-card--link job-search-card\" data-entity-urn=\"urn:li:jobPosting:3936634197\" data-impression-id=\"jobs-search-desktop-29\" data-reference-id=\"B3cEsSgOXfA7FFz3drxGSQ==\" data-tracking-id=\"PzLxIEwnKDlAUSbP4wF+cQ==\" data-column=\"1\" data-row=\"30\">\n<p>        <a class=\"base-card__full-link absolute top-0 right-0 bottom-0 left-0 p-0 z-[2]\" href=\"https:\/\/br.linkedin.com\/jobs\/view\/auxiliar-operacional-de-logistica-ribeir%C3%A3o-preto-sp-at-grupo-moura-3936634197?position=30&amp;pageNum=0&amp;refId=B3cEsSgOXfA7FFz3drxGSQ%3D%3D&amp;trackingId=PzLxIEwnKDlAUSbP4wF%2BcQ%3D%3D&amp;trk=public_jobs_jserp-result_search-card\" data-tracking-control-name=\"public_jobs_jserp-result_search-card\" data-tracking-client-ingraph data-tracking-will-navigate><\/p>\n<p>          <span class=\"sr-only\"><\/p>\n<p>        Auxiliar Operacional de Logistica &#8211; Ribeir\u00e3o Preto\/SP<\/p>\n<p>          <\/span><br \/>\n        <\/a><\/p>\n<div class=\"search-entity-media\">\n<p>      <img class=\"artdeco-entity-image artdeco-entity-image--square-4\n          \" data-delayed-url=\"https:\/\/media.licdn.com\/dms\/image\/v2\/C4D0BAQFTfjzTJeCJFQ\/company-logo_100_100\/company-logo_100_100\/0\/1660053169903\/grupo_moura_logo?e=2147483647&amp;v=beta&amp;t=8y3GmGNvIR1DljJv1UuC1dnjji6awJgvHPtbwAiVKg0\" data-ghost-classes=\"artdeco-entity-image--ghost\" data-ghost-url=\"https:\/\/static.licdn.com\/aero-v1\/sc\/h\/6puxblwmhnodu6fjircz4dn4h\" alt><\/p><\/div>\n<div class=\"base-search-card__info\">\n<h3 class=\"base-search-card__title\">\n<p>        Auxiliar Operacional de Logistica &#8211; Ribeir\u00e3o Preto\/SP<\/p>\n<\/h3>\n<h4 class=\"base-search-card__subtitle\">\n<p>          <a class=\"hidden-nested-link\" data-tracking-client-ingraph data-tracking-control-name=\"public_jobs_jserp-result_job-search-card-subtitle\" data-tracking-will-navigate href=\"https:\/\/br.linkedin.com\/company\/grupo-moura?trk=public_jobs_jserp-result_job-search-card-subtitle\"><br \/>\n            Grupo Moura<br \/>\n          <\/a><\/p>\n<\/h4>\n<p><!----><\/p>\n<div class=\"base-search-card__metadata\">\n<p>          <span class=\"job-search-card__location\"><br \/>\n            Ribeir\u00e3o Preto, S\u00e3o Paulo, Brazil<br \/>\n          <\/span><\/p>\n<div class=\"job-posting-benefits text-sm\">\n        <icon class=\"job-posting-benefits__icon\" data-delayed-url=\"https:\/\/static.licdn.com\/aero-v1\/sc\/h\/3p1v0uhy7uq0cm5zdvzp4eo18\" data-svg-class-name=\"job-posting-benefits__icon-svg\"><\/icon><br \/>\n        <span class=\"job-posting-benefits__text\"><br \/>\n          Actively Hiring<br \/>\n<!---->        <\/span>\n      <\/div>\n<p>          <time class=\"job-search-card__listdate\" datetime=\"2024-05-28\"><\/p>\n<p>      3 months ago<\/p>\n<p>          <\/time><\/p>\n<p><!---->\n            <\/div>\n<\/p><\/div>\n<p><!---->      <\/p><\/div>\n<\/li>\n<li>\n<div class=\"base-card relative w-full hover:no-underline focus:no-underline base-card--link base-search-card base-search-card--link job-search-card\" data-entity-urn=\"urn:li:jobPosting:3955401279\" data-impression-id=\"jobs-search-desktop-30\" data-reference-id=\"B3cEsSgOXfA7FFz3drxGSQ==\" data-tracking-id=\"lOzM+qVv0BYisw7\/NhTIpQ==\" data-column=\"1\" data-row=\"31\">\n<p>        <a class=\"base-card__full-link absolute top-0 right-0 bottom-0 left-0 p-0 z-[2]\" href=\"https:\/\/br.linkedin.com\/jobs\/view\/supervisor-de-opera%C3%A7%C3%B5es-ribeir%C3%A3o-preto-log%C3%ADstica-at-shopper-com-br-3955401279?position=31&amp;pageNum=0&amp;refId=B3cEsSgOXfA7FFz3drxGSQ%3D%3D&amp;trackingId=lOzM%2BqVv0BYisw7%2FNhTIpQ%3D%3D&amp;trk=public_jobs_jserp-result_search-card\" data-tracking-control-name=\"public_jobs_jserp-result_search-card\" data-tracking-client-ingraph data-tracking-will-navigate><\/p>\n<p>          <span class=\"sr-only\"><\/p>\n<p>        Supervisor de Opera\u00e7\u00f5es &#8211; Ribeir\u00e3o Preto (Log\u00edstica)<\/p>\n<p>          <\/span><br \/>\n        <\/a><\/p>\n<div class=\"search-entity-media\">\n<p>      <img class=\"artdeco-entity-image artdeco-entity-image--square-4\n          \" data-delayed-url=\"https:\/\/media.licdn.com\/dms\/image\/v2\/C4D0BAQFEJ0yrCSp-fw\/company-logo_100_100\/company-logo_100_100\/0\/1630494268935?e=2147483647&amp;v=beta&amp;t=pj7oMjkN9u4XlI1P9KvlOkyN3NAP6E_J-LfYoKHIH_8\" data-ghost-classes=\"artdeco-entity-image--ghost\" data-ghost-url=\"https:\/\/static.licdn.com\/aero-v1\/sc\/h\/6puxblwmhnodu6fjircz4dn4h\" alt><\/p><\/div>\n<div class=\"base-search-card__info\">\n<h3 class=\"base-search-card__title\">\n<p>        Supervisor de Opera\u00e7\u00f5es &#8211; Ribeir\u00e3o Preto (Log\u00edstica)<\/p>\n<\/h3>\n<h4 class=\"base-search-card__subtitle\">\n<p>          <a class=\"hidden-nested-link\" data-tracking-client-ingraph data-tracking-control-name=\"public_jobs_jserp-result_job-search-card-subtitle\" data-tracking-will-navigate href=\"https:\/\/br.linkedin.com\/company\/shopper.com.br?trk=public_jobs_jserp-result_job-search-card-subtitle\"><br \/>\n            Shopper.com.br<br \/>\n          <\/a><\/p>\n<\/h4>\n<p><!----><\/p>\n<div class=\"base-search-card__metadata\">\n<p>          <span class=\"job-search-card__location\"><br \/>\n            Ribeir\u00e3o Preto, S\u00e3o Paulo, Brazil<br \/>\n          <\/span><\/p>\n<p><!---->  <\/p>\n<p>          <time class=\"job-search-card__listdate\" datetime=\"2024-06-21\"><\/p>\n<p>      2 months ago<\/p>\n<p>          <\/time><\/p>\n<p><!---->\n            <\/div>\n<\/p><\/div>\n<p><!---->      <\/p><\/div>\n<\/li>\n<li>\n<div class=\"base-card relative w-full hover:no-underline focus:no-underline base-card--link base-search-card base-search-card--link job-search-card\" data-entity-urn=\"urn:li:jobPosting:3999058612\" data-impression-id=\"jobs-search-desktop-31\" data-reference-id=\"B3cEsSgOXfA7FFz3drxGSQ==\" data-tracking-id=\"QTpRySlO2zYQkZfd3le1Lw==\" data-column=\"1\" data-row=\"32\">\n<p>        <a class=\"base-card__full-link absolute top-0 right-0 bottom-0 left-0 p-0 z-[2]\" href=\"https:\/\/br.linkedin.com\/jobs\/view\/analista-de-estoque-at-gold-p%C3%A3o-3999058612?position=32&amp;pageNum=0&amp;refId=B3cEsSgOXfA7FFz3drxGSQ%3D%3D&amp;trackingId=QTpRySlO2zYQkZfd3le1Lw%3D%3D&amp;trk=public_jobs_jserp-result_search-card\" data-tracking-control-name=\"public_jobs_jserp-result_search-card\" data-tracking-client-ingraph data-tracking-will-navigate><\/p>\n<p>          <span class=\"sr-only\"><\/p>\n<p>        Analista de Estoque<\/p>\n<p>          <\/span><br \/>\n        <\/a><\/p>\n<div class=\"search-entity-media\">\n<p>      <img class=\"artdeco-entity-image artdeco-entity-image--square-4\n          \" data-delayed-url=\"https:\/\/media.licdn.com\/dms\/image\/v2\/C4D0BAQFVAyw_IQSysA\/company-logo_100_100\/company-logo_100_100\/0\/1669053683422\/goldpao_logo?e=2147483647&amp;v=beta&amp;t=eG5bHMfhQjruRApJVA4HYhJMr03bp3DGgE_yycrSRp8\" data-ghost-classes=\"artdeco-entity-image--ghost\" data-ghost-url=\"https:\/\/static.licdn.com\/aero-v1\/sc\/h\/6puxblwmhnodu6fjircz4dn4h\" alt><\/p><\/div>\n<div class=\"base-search-card__info\">\n<h3 class=\"base-search-card__title\">\n<p>        Analista de Estoque<\/p>\n<\/h3>\n<h4 class=\"base-search-card__subtitle\">\n<p>          <a class=\"hidden-nested-link\" data-tracking-client-ingraph data-tracking-control-name=\"public_jobs_jserp-result_job-search-card-subtitle\" data-tracking-will-navigate href=\"https:\/\/br.linkedin.com\/company\/goldpao?trk=public_jobs_jserp-result_job-search-card-subtitle\"><br \/>\n            Gold P\u00e3o<br \/>\n          <\/a><\/p>\n<\/h4>\n<p><!----><\/p>\n<div class=\"base-search-card__metadata\">\n<p>          <span class=\"job-search-card__location\"><br \/>\n            Ribeir\u00e3o Preto, S\u00e3o Paulo, Brazil<br \/>\n          <\/span><\/p>\n<p><!---->  <\/p>\n<p>          <time class=\"job-search-card__listdate\" datetime=\"2024-08-14\"><\/p>\n<p>      4 weeks ago<\/p>\n<p>          <\/time><\/p>\n<p><!---->\n            <\/div>\n<\/p><\/div>\n<p><!---->      <\/p><\/div>\n<\/li>\n<li>\n<div class=\"base-card relative w-full hover:no-underline focus:no-underline base-card--link base-search-card base-search-card--link job-search-card\" data-entity-urn=\"urn:li:jobPosting:4019854010\" data-impression-id=\"jobs-search-desktop-32\" data-reference-id=\"B3cEsSgOXfA7FFz3drxGSQ==\" data-tracking-id=\"fxvnWdeD8PmutH7AitGz4A==\" data-column=\"1\" data-row=\"33\">\n<p>        <a class=\"base-card__full-link absolute top-0 right-0 bottom-0 left-0 p-0 z-[2]\" href=\"https:\/\/br.linkedin.com\/jobs\/view\/l%C3%ADder-de-opera%C3%A7%C3%A3o-log%C3%ADstica-at-exclusiva-rh-4019854010?position=33&amp;pageNum=0&amp;refId=B3cEsSgOXfA7FFz3drxGSQ%3D%3D&amp;trackingId=fxvnWdeD8PmutH7AitGz4A%3D%3D&amp;trk=public_jobs_jserp-result_search-card\" data-tracking-control-name=\"public_jobs_jserp-result_search-card\" data-tracking-client-ingraph data-tracking-will-navigate><\/p>\n<p>          <span class=\"sr-only\"><\/p>\n<p>        L\u00edder de Opera\u00e7\u00e3o Log\u00edstica<\/p>\n<p>          <\/span><br \/>\n        <\/a><\/p>\n<div class=\"search-entity-media\">\n<p>      <img class=\"artdeco-entity-image artdeco-entity-image--square-4\n          \" data-delayed-url=\"https:\/\/media.licdn.com\/dms\/image\/v2\/C4D0BAQGke8nnpATU_Q\/company-logo_100_100\/company-logo_100_100\/0\/1649444311007?e=2147483647&amp;v=beta&amp;t=eqvFW4gM_igH4bzDS6ysFoBAQozBCeXlkjiuj5T5Ay8\" data-ghost-classes=\"artdeco-entity-image--ghost\" data-ghost-url=\"https:\/\/static.licdn.com\/aero-v1\/sc\/h\/6puxblwmhnodu6fjircz4dn4h\" alt><\/p><\/div>\n<div class=\"base-search-card__info\">\n<h3 class=\"base-search-card__title\">\n<p>        L\u00edder de Opera\u00e7\u00e3o Log\u00edstica<\/p>\n<\/h3>\n<h4 class=\"base-search-card__subtitle\">\n<p>          <a class=\"hidden-nested-link\" data-tracking-client-ingraph data-tracking-control-name=\"public_jobs_jserp-result_job-search-card-subtitle\" data-tracking-will-navigate href=\"https:\/\/br.linkedin.com\/company\/exclusiva-rh?trk=public_jobs_jserp-result_job-search-card-subtitle\"><br \/>\n            Exclusiva RH<br \/>\n          <\/a><\/p>\n<\/h4>\n<p><!----><\/p>\n<div class=\"base-search-card__metadata\">\n<p>          <span class=\"job-search-card__location\"><br \/>\n            Greater Ribeir\u00e3o Preto<br \/>\n          <\/span><\/p>\n<p><!---->  <\/p>\n<p>          <time class=\"job-search-card__listdate\" datetime=\"2024-09-07\"><\/p>\n<p>      4 days ago<\/p>\n<p>          <\/time><\/p>\n<p><!---->\n            <\/div>\n<\/p><\/div>\n<p><!---->      <\/p><\/div>\n<\/li>\n<li>\n<div class=\"base-card relative w-full hover:no-underline focus:no-underline base-card--link base-search-card base-search-card--link job-search-card\" data-entity-urn=\"urn:li:jobPosting:4014176704\" data-impression-id=\"jobs-search-desktop-33\" data-reference-id=\"B3cEsSgOXfA7FFz3drxGSQ==\" data-tracking-id=\"NNiGkgJXuNqNsHYDYO3UBg==\" data-column=\"1\" data-row=\"34\">\n<p>        <a class=\"base-card__full-link absolute top-0 right-0 bottom-0 left-0 p-0 z-[2]\" href=\"https:\/\/br.linkedin.com\/jobs\/view\/auxiliar-de-estoque-%E2%80%93-ribeir%C3%A3o-preto-sp-at-grupo-comolatti-4014176704?position=34&amp;pageNum=0&amp;refId=B3cEsSgOXfA7FFz3drxGSQ%3D%3D&amp;trackingId=NNiGkgJXuNqNsHYDYO3UBg%3D%3D&amp;trk=public_jobs_jserp-result_search-card\" data-tracking-control-name=\"public_jobs_jserp-result_search-card\" data-tracking-client-ingraph data-tracking-will-navigate><\/p>\n<p>          <span class=\"sr-only\"><\/p>\n<p>        AUXILIAR DE ESTOQUE \u2013 RIBEIR\u00c3O PRETO\/SP<\/p>\n<p>          <\/span><br \/>\n        <\/a><\/p>\n<div class=\"search-entity-media\">\n<p>      <img class=\"artdeco-entity-image artdeco-entity-image--square-4\n          \" data-delayed-url=\"https:\/\/media.licdn.com\/dms\/image\/v2\/D4D0BAQFX6gFy8kN-yw\/company-logo_100_100\/company-logo_100_100\/0\/1689789575541\/comolatti_grupo_logo?e=2147483647&amp;v=beta&amp;t=mK_P_YI9TIKpVA7FIoAajaZIIACPF446PM9waLqnYx4\" data-ghost-classes=\"artdeco-entity-image--ghost\" data-ghost-url=\"https:\/\/static.licdn.com\/aero-v1\/sc\/h\/6puxblwmhnodu6fjircz4dn4h\" alt><\/p><\/div>\n<div class=\"base-search-card__info\">\n<h3 class=\"base-search-card__title\">\n<p>        AUXILIAR DE ESTOQUE \u2013 RIBEIR\u00c3O PRETO\/SP<\/p>\n<\/h3>\n<h4 class=\"base-search-card__subtitle\">\n<p>          <a class=\"hidden-nested-link\" data-tracking-client-ingraph data-tracking-control-name=\"public_jobs_jserp-result_job-search-card-subtitle\" data-tracking-will-navigate href=\"https:\/\/br.linkedin.com\/company\/comolatti-grupo?trk=public_jobs_jserp-result_job-search-card-subtitle\"><br \/>\n            Grupo Comolatti<br \/>\n          <\/a><\/p>\n<\/h4>\n<p><!----><\/p>\n<div class=\"base-search-card__metadata\">\n<p>          <span class=\"job-search-card__location\"><br \/>\n            Ribeir\u00e3o Preto, S\u00e3o Paulo, Brazil<br \/>\n          <\/span><\/p>\n<div class=\"job-posting-benefits text-sm\">\n        <icon class=\"job-posting-benefits__icon\" data-delayed-url=\"https:\/\/static.licdn.com\/aero-v1\/sc\/h\/8zmuwb93gzlb935fk4ao4z779\" data-svg-class-name=\"job-posting-benefits__icon-svg\"><\/icon><br \/>\n        <span class=\"job-posting-benefits__text\"><br \/>\n          Be an early applicant<br \/>\n<!---->        <\/span>\n      <\/div>\n<p>          <time class=\"job-search-card__listdate\" datetime=\"2024-09-03\"><\/p>\n<p>      1 week ago<\/p>\n<p>          <\/time><\/p>\n<p><!---->\n            <\/div>\n<\/p><\/div>\n<p><!---->      <\/p><\/div>\n<\/li>\n<li>\n<div class=\"base-card relative w-full hover:no-underline focus:no-underline base-card--link base-search-card base-search-card--link job-search-card\" data-entity-urn=\"urn:li:jobPosting:4016376548\" data-impression-id=\"jobs-search-desktop-34\" data-reference-id=\"B3cEsSgOXfA7FFz3drxGSQ==\" data-tracking-id=\"uB1WGMR27SOBIqQm47neTg==\" data-column=\"1\" data-row=\"35\">\n<p>        <a class=\"base-card__full-link absolute top-0 right-0 bottom-0 left-0 p-0 z-[2]\" href=\"https:\/\/br.linkedin.com\/jobs\/view\/auxiliar-de-log%C3%ADstica-loja-at-ebeg-4016376548?position=35&amp;pageNum=0&amp;refId=B3cEsSgOXfA7FFz3drxGSQ%3D%3D&amp;trackingId=uB1WGMR27SOBIqQm47neTg%3D%3D&amp;trk=public_jobs_jserp-result_search-card\" data-tracking-control-name=\"public_jobs_jserp-result_search-card\" data-tracking-client-ingraph data-tracking-will-navigate><\/p>\n<p>          <span class=\"sr-only\"><\/p>\n<p>        Auxiliar de Log\u00edstica &#8211; Loja<\/p>\n<p>          <\/span><br \/>\n        <\/a><\/p>\n<div class=\"search-entity-media\">\n<p>      <img class=\"artdeco-entity-image artdeco-entity-image--square-4\n          \" data-delayed-url=\"https:\/\/media.licdn.com\/dms\/image\/v2\/D4D0BAQF_FMfzXjjltQ\/company-logo_100_100\/company-logo_100_100\/0\/1698852476805\/ebeg_logo?e=2147483647&amp;v=beta&amp;t=PE3Cg86ham9akLx9l4mQX7ini-jDdRHA2hWSXaoDxXQ\" data-ghost-classes=\"artdeco-entity-image--ghost\" data-ghost-url=\"https:\/\/static.licdn.com\/aero-v1\/sc\/h\/6puxblwmhnodu6fjircz4dn4h\" alt><\/p><\/div>\n<div class=\"base-search-card__info\">\n<h3 class=\"base-search-card__title\">\n<p>        Auxiliar de Log\u00edstica &#8211; Loja<\/p>\n<\/h3>\n<h4 class=\"base-search-card__subtitle\">\n<p>          <a class=\"hidden-nested-link\" data-tracking-client-ingraph data-tracking-control-name=\"public_jobs_jserp-result_job-search-card-subtitle\" data-tracking-will-navigate href=\"https:\/\/www.linkedin.com\/company\/ebeg?trk=public_jobs_jserp-result_job-search-card-subtitle\"><br \/>\n            EBEG<br \/>\n          <\/a><\/p>\n<\/h4>\n<p><!----><\/p>\n<div class=\"base-search-card__metadata\">\n<p>          <span class=\"job-search-card__location\"><br \/>\n            Ribeir\u00e3o Preto, S\u00e3o Paulo, Brazil<br \/>\n          <\/span><\/p>\n<div class=\"job-posting-benefits text-sm\">\n        <icon class=\"job-posting-benefits__icon\" data-delayed-url=\"https:\/\/static.licdn.com\/aero-v1\/sc\/h\/3p1v0uhy7uq0cm5zdvzp4eo18\" data-svg-class-name=\"job-posting-benefits__icon-svg\"><\/icon><br \/>\n        <span class=\"job-posting-benefits__text\"><br \/>\n          Actively Hiring<br \/>\n<!---->        <\/span>\n      <\/div>\n<p>          <time class=\"job-search-card__listdate\" datetime=\"2024-09-03\"><\/p>\n<p>      1 week ago<\/p>\n<p>          <\/time><\/p>\n<p><!---->\n            <\/div>\n<\/p><\/div>\n<p><!---->      <\/p><\/div>\n<\/li>\n<li>\n<div class=\"base-card relative w-full hover:no-underline focus:no-underline base-card--link base-search-card base-search-card--link job-search-card\" data-entity-urn=\"urn:li:jobPosting:3953493672\" data-impression-id=\"jobs-search-desktop-35\" data-reference-id=\"B3cEsSgOXfA7FFz3drxGSQ==\" data-tracking-id=\"NOptKmlExavwHx\/\/N8hRHA==\" data-column=\"1\" data-row=\"36\">\n<p>        <a class=\"base-card__full-link absolute top-0 right-0 bottom-0 left-0 p-0 z-[2]\" href=\"https:\/\/br.linkedin.com\/jobs\/view\/operador-de-log%C3%ADstica-at-amerinode-3953493672?position=36&amp;pageNum=0&amp;refId=B3cEsSgOXfA7FFz3drxGSQ%3D%3D&amp;trackingId=NOptKmlExavwHx%2F%2FN8hRHA%3D%3D&amp;trk=public_jobs_jserp-result_search-card\" data-tracking-control-name=\"public_jobs_jserp-result_search-card\" data-tracking-client-ingraph data-tracking-will-navigate><\/p>\n<p>          <span class=\"sr-only\"><\/p>\n<p>        Operador de log\u00edstica<\/p>\n<p>          <\/span><br \/>\n        <\/a><\/p>\n<div class=\"search-entity-media\">\n<p>      <img class=\"artdeco-entity-image artdeco-entity-image--square-4\n          \" data-delayed-url=\"https:\/\/media.licdn.com\/dms\/image\/v2\/C4D0BAQETz0KhyT0Egg\/company-logo_100_100\/company-logo_100_100\/0\/1630498148634\/amerinode_logo?e=2147483647&amp;v=beta&amp;t=4ZO_pc7zK8--qkn_Th8VNHNKs7jJDSCm1lyPPXnfn7M\" data-ghost-classes=\"artdeco-entity-image--ghost\" data-ghost-url=\"https:\/\/static.licdn.com\/aero-v1\/sc\/h\/6puxblwmhnodu6fjircz4dn4h\" alt><\/p><\/div>\n<div class=\"base-search-card__info\">\n<h3 class=\"base-search-card__title\">\n<p>        Operador de log\u00edstica<\/p>\n<\/h3>\n<h4 class=\"base-search-card__subtitle\">\n<p>          <a class=\"hidden-nested-link\" data-tracking-client-ingraph data-tracking-control-name=\"public_jobs_jserp-result_job-search-card-subtitle\" data-tracking-will-navigate href=\"https:\/\/br.linkedin.com\/company\/amerinode?trk=public_jobs_jserp-result_job-search-card-subtitle\"><br \/>\n            Amerinode<br \/>\n          <\/a><\/p>\n<\/h4>\n<p><!----><\/p>\n<div class=\"base-search-card__metadata\">\n<p>          <span class=\"job-search-card__location\"><br \/>\n            Greater Ribeir\u00e3o Preto<br \/>\n          <\/span><\/p>\n<div class=\"job-posting-benefits text-sm\">\n        <icon class=\"job-posting-benefits__icon\" data-delayed-url=\"https:\/\/static.licdn.com\/aero-v1\/sc\/h\/8zmuwb93gzlb935fk4ao4z779\" data-svg-class-name=\"job-posting-benefits__icon-svg\"><\/icon><br \/>\n        <span class=\"job-posting-benefits__text\"><br \/>\n          Be an early applicant<br \/>\n<!---->        <\/span>\n      <\/div>\n<p>          <time class=\"job-search-card__listdate\" datetime=\"2024-06-18\"><\/p>\n<p>      2 months ago<\/p>\n<p>          <\/time><\/p>\n<p><!---->\n            <\/div>\n<\/p><\/div>\n<p><!---->      <\/p><\/div>\n<\/li>\n<li>\n<div class=\"base-card relative w-full hover:no-underline focus:no-underline base-card--link base-search-card base-search-card--link job-search-card\" data-entity-urn=\"urn:li:jobPosting:3998244766\" data-impression-id=\"jobs-search-desktop-36\" data-reference-id=\"B3cEsSgOXfA7FFz3drxGSQ==\" data-tracking-id=\"+CGqe7T\/jdqejTiVkEtJOA==\" data-column=\"1\" data-row=\"37\">\n<p>        <a class=\"base-card__full-link absolute top-0 right-0 bottom-0 left-0 p-0 z-[2]\" href=\"https:\/\/br.linkedin.com\/jobs\/view\/sp-ribeir%C3%A3o-preto-ajudante-de-carga-e-descarga-at-grupo-los-3998244766?position=37&amp;pageNum=0&amp;refId=B3cEsSgOXfA7FFz3drxGSQ%3D%3D&amp;trackingId=%2BCGqe7T%2FjdqejTiVkEtJOA%3D%3D&amp;trk=public_jobs_jserp-result_search-card\" data-tracking-control-name=\"public_jobs_jserp-result_search-card\" data-tracking-client-ingraph data-tracking-will-navigate><\/p>\n<p>          <span class=\"sr-only\"><\/p>\n<p>        SP &#8211; Ribeir\u00e3o Preto | Ajudante de Carga e Descarga<\/p>\n<p>          <\/span><br \/>\n        <\/a><\/p>\n<div class=\"search-entity-media\">\n<p>      <img class=\"artdeco-entity-image artdeco-entity-image--square-4\n          \" data-delayed-url=\"https:\/\/media.licdn.com\/dms\/image\/v2\/D4D0BAQFsL_Gt5RG5vQ\/company-logo_100_100\/company-logo_100_100\/0\/1701440111296\/grupolostransportes_logo?e=2147483647&amp;v=beta&amp;t=jfg1fmJgZhGRrcDJX21NOnwz4eU2qGy63LUSpQSQiSU\" data-ghost-classes=\"artdeco-entity-image--ghost\" data-ghost-url=\"https:\/\/static.licdn.com\/aero-v1\/sc\/h\/6puxblwmhnodu6fjircz4dn4h\" alt><\/p><\/div>\n<div class=\"base-search-card__info\">\n<h3 class=\"base-search-card__title\">\n<p>        SP &#8211; Ribeir\u00e3o Preto | Ajudante de Carga e Descarga<\/p>\n<\/h3>\n<h4 class=\"base-search-card__subtitle\">\n<p>          <a class=\"hidden-nested-link\" data-tracking-client-ingraph data-tracking-control-name=\"public_jobs_jserp-result_job-search-card-subtitle\" data-tracking-will-navigate href=\"https:\/\/br.linkedin.com\/company\/grupolostransportes?trk=public_jobs_jserp-result_job-search-card-subtitle\"><br \/>\n            Grupo LOS<br \/>\n          <\/a><\/p>\n<\/h4>\n<p><!----><\/p>\n<div class=\"base-search-card__metadata\">\n<p>          <span class=\"job-search-card__location\"><br \/>\n            Ribeir\u00e3o Preto, S\u00e3o Paulo, Brazil<br \/>\n          <\/span><\/p>\n<div class=\"job-posting-benefits text-sm\">\n        <icon class=\"job-posting-benefits__icon\" data-delayed-url=\"https:\/\/static.licdn.com\/aero-v1\/sc\/h\/8zmuwb93gzlb935fk4ao4z779\" data-svg-class-name=\"job-posting-benefits__icon-svg\"><\/icon><br \/>\n        <span class=\"job-posting-benefits__text\"><br \/>\n          Be an early applicant<br \/>\n<!---->        <\/span>\n      <\/div>\n<p>          <time class=\"job-search-card__listdate\" datetime=\"2024-08-14\"><\/p>\n<p>      4 weeks ago<\/p>\n<p>          <\/time><\/p>\n<p><!---->\n            <\/div>\n<\/p><\/div>\n<p><!---->      <\/p><\/div>\n<\/li>\n<li>\n<div class=\"base-card relative w-full hover:no-underline focus:no-underline base-card--link base-search-card base-search-card--link job-search-card\" data-entity-urn=\"urn:li:jobPosting:4018898553\" data-impression-id=\"jobs-search-desktop-37\" data-reference-id=\"B3cEsSgOXfA7FFz3drxGSQ==\" data-tracking-id=\"LZ\/UlwDqtNs1V+HRjlvAjw==\" data-column=\"1\" data-row=\"38\">\n<p>        <a class=\"base-card__full-link absolute top-0 right-0 bottom-0 left-0 p-0 z-[2]\" href=\"https:\/\/br.linkedin.com\/jobs\/view\/212523-sertaozinho-almoxarife-at-weg-4018898553?position=38&amp;pageNum=0&amp;refId=B3cEsSgOXfA7FFz3drxGSQ%3D%3D&amp;trackingId=LZ%2FUlwDqtNs1V%2BHRjlvAjw%3D%3D&amp;trk=public_jobs_jserp-result_search-card\" data-tracking-control-name=\"public_jobs_jserp-result_search-card\" data-tracking-client-ingraph data-tracking-will-navigate><\/p>\n<p>          <span class=\"sr-only\"><\/p>\n<p>        212523 &#8211; SERTAOZINHO &#8211; ALMOXARIFE<\/p>\n<p>          <\/span><br \/>\n        <\/a><\/p>\n<div class=\"search-entity-media\">\n<p>      <img class=\"artdeco-entity-image artdeco-entity-image--square-4\n          \" data-delayed-url=\"https:\/\/media.licdn.com\/dms\/image\/v2\/C510BAQF7HSkqwJ_UxQ\/company-logo_100_100\/company-logo_100_100\/0\/1631329628675?e=2147483647&amp;v=beta&amp;t=guhNYI0yuTQZKhqxjIYIhNutLxr4g9hW068dOL7Pld8\" data-ghost-classes=\"artdeco-entity-image--ghost\" data-ghost-url=\"https:\/\/static.licdn.com\/aero-v1\/sc\/h\/6puxblwmhnodu6fjircz4dn4h\" alt><\/p><\/div>\n<div class=\"base-search-card__info\">\n<h3 class=\"base-search-card__title\">\n<p>        212523 &#8211; SERTAOZINHO &#8211; ALMOXARIFE<\/p>\n<\/h3>\n<h4 class=\"base-search-card__subtitle\">\n<p>          <a class=\"hidden-nested-link\" data-tracking-client-ingraph data-tracking-control-name=\"public_jobs_jserp-result_job-search-card-subtitle\" data-tracking-will-navigate href=\"https:\/\/br.linkedin.com\/company\/weg?trk=public_jobs_jserp-result_job-search-card-subtitle\"><br \/>\n            WEG<br \/>\n          <\/a><\/p>\n<\/h4>\n<p><!----><\/p>\n<div class=\"base-search-card__metadata\">\n<p>          <span class=\"job-search-card__location\"><br \/>\n            Sert\u00e3ozinho, S\u00e3o Paulo, Brazil<br \/>\n          <\/span><\/p>\n<div class=\"job-posting-benefits text-sm\">\n        <icon class=\"job-posting-benefits__icon\" data-delayed-url=\"https:\/\/static.licdn.com\/aero-v1\/sc\/h\/3p1v0uhy7uq0cm5zdvzp4eo18\" data-svg-class-name=\"job-posting-benefits__icon-svg\"><\/icon><br \/>\n        <span class=\"job-posting-benefits__text\"><br \/>\n          Actively Hiring<br \/>\n<!---->        <\/span>\n      <\/div>\n<p>          <time class=\"job-search-card__listdate\" datetime=\"2024-09-07\"><\/p>\n<p>      4 days ago<\/p>\n<p>          <\/time><\/p>\n<p><!---->\n            <\/div>\n<\/p><\/div>\n<p><!---->      <\/p><\/div>\n<\/li>\n<li>\n<p>      <a href=\"https:\/\/br.linkedin.com\/jobs\/view\/assistente-logistico-3987561861?position=39&amp;pageNum=0&amp;refId=B3cEsSgOXfA7FFz3drxGSQ%3D%3D&amp;trackingId=YF3jxF3a2u1slFG%2BNaMJEA%3D%3D&amp;trk=public_jobs_jserp-result_search-card\" target=\"_self\" data-impression-id=\"jobs-search-desktop-38\" data-tracking-control-name=\"public_jobs_jserp-result_search-card\" data-tracking-will-navigate class=\"base-card relative w-full hover:no-underline focus:no-underline base-card--link base-search-card base-search-card--link job-search-card\" data-tracking-client-ingraph data-entity-urn=\"urn:li:jobPosting:3987561861\" data-reference-id=\"B3cEsSgOXfA7FFz3drxGSQ==\" data-tracking-id=\"YF3jxF3a2u1slFG+NaMJEA==\" data-column=\"1\" data-row=\"39\" rel=\"noopener\"><\/p>\n<p><!----><\/p>\n<div class=\"search-entity-media\">\n<p>      <img class=\"artdeco-entity-image artdeco-entity-image--square-4\n          artdeco-entity-image--ghost\" data-delayed-url=\"https:\/\/static.licdn.com\/aero-v1\/sc\/h\/6puxblwmhnodu6fjircz4dn4h\" data-ghost-classes=\"artdeco-entity-image--ghost\" data-ghost-url=\"https:\/\/static.licdn.com\/aero-v1\/sc\/h\/6puxblwmhnodu6fjircz4dn4h\" alt><\/p><\/div>\n<div class=\"base-search-card__info\">\n<h3 class=\"base-search-card__title\">\n<p>        Assistente Logistico<\/p>\n<\/h3>\n<h4 class=\"base-search-card__subtitle\">\n<p>          IDEALIZE GEST\u00c3O<\/p>\n<\/h4>\n<p><!----><\/p>\n<div class=\"base-search-card__metadata\">\n<p>          <span class=\"job-search-card__location\"><br \/>\n            Ribeir\u00e3o Preto, S\u00e3o Paulo, Brazil<br \/>\n          <\/span><\/p>\n<p><!---->  <\/p>\n<p>          <time class=\"job-search-card__listdate\" datetime=\"2024-07-30\"><\/p>\n<p>      1 month ago<\/p>\n<p>          <\/time><\/p>\n<p><!---->\n            <\/div>\n<\/p><\/div>\n<p><!---->      <\/p>\n<p>      <\/a><\/p>\n<\/li>\n<li>\n<div class=\"base-card relative w-full hover:no-underline focus:no-underline base-card--link base-search-card base-search-card--link job-search-card\" data-entity-urn=\"urn:li:jobPosting:4018483251\" data-impression-id=\"jobs-search-desktop-39\" data-reference-id=\"B3cEsSgOXfA7FFz3drxGSQ==\" data-tracking-id=\"bBohwCdD6oXyRpnFEWsnNA==\" data-column=\"1\" data-row=\"40\">\n<p>        <a class=\"base-card__full-link absolute top-0 right-0 bottom-0 left-0 p-0 z-[2]\" href=\"https:\/\/br.linkedin.com\/jobs\/view\/conferente-ribeir%C3%A3o-preto-at-atacado-vila-nova-4018483251?position=40&amp;pageNum=0&amp;refId=B3cEsSgOXfA7FFz3drxGSQ%3D%3D&amp;trackingId=bBohwCdD6oXyRpnFEWsnNA%3D%3D&amp;trk=public_jobs_jserp-result_search-card\" data-tracking-control-name=\"public_jobs_jserp-result_search-card\" data-tracking-client-ingraph data-tracking-will-navigate><\/p>\n<p>          <span class=\"sr-only\"><\/p>\n<p>        Conferente &#8211; RIBEIR\u00c3O PRETO<\/p>\n<p>          <\/span><br \/>\n        <\/a><\/p>\n<div class=\"search-entity-media\">\n<p>      <img class=\"artdeco-entity-image artdeco-entity-image--square-4\n          \" data-delayed-url=\"https:\/\/media.licdn.com\/dms\/image\/v2\/D4D0BAQGQQQ1zaNxm5w\/company-logo_100_100\/company-logo_100_100\/0\/1725878065560\/grupovilanova_logo?e=2147483647&amp;v=beta&amp;t=It2t4-eZwH1ioSECoYxWO0mN2BEmWf0WVH380z8FPEY\" data-ghost-classes=\"artdeco-entity-image--ghost\" data-ghost-url=\"https:\/\/static.licdn.com\/aero-v1\/sc\/h\/6puxblwmhnodu6fjircz4dn4h\" alt><\/p><\/div>\n<div class=\"base-search-card__info\">\n<h3 class=\"base-search-card__title\">\n<p>        Conferente &#8211; RIBEIR\u00c3O PRETO<\/p>\n<\/h3>\n<h4 class=\"base-search-card__subtitle\">\n<p>          <a class=\"hidden-nested-link\" data-tracking-client-ingraph data-tracking-control-name=\"public_jobs_jserp-result_job-search-card-subtitle\" data-tracking-will-navigate href=\"https:\/\/br.linkedin.com\/company\/grupovilanova?trk=public_jobs_jserp-result_job-search-card-subtitle\"><br \/>\n            Atacado Vila Nova<br \/>\n          <\/a><\/p>\n<\/h4>\n<p><!----><\/p>\n<div class=\"base-search-card__metadata\">\n<p>          <span class=\"job-search-card__location\"><br \/>\n            Ribeir\u00e3o Preto, S\u00e3o Paulo, Brazil<br \/>\n          <\/span><\/p>\n<div class=\"job-posting-benefits text-sm\">\n        <icon class=\"job-posting-benefits__icon\" data-delayed-url=\"https:\/\/static.licdn.com\/aero-v1\/sc\/h\/8zmuwb93gzlb935fk4ao4z779\" data-svg-class-name=\"job-posting-benefits__icon-svg\"><\/icon><br \/>\n        <span class=\"job-posting-benefits__text\"><br \/>\n          Be an early applicant<br \/>\n<!---->        <\/span>\n      <\/div>\n<p>          <time class=\"job-search-card__listdate\" datetime=\"2024-09-06\"><\/p>\n<p>      4 days ago<\/p>\n<p>          <\/time><\/p>\n<p><!---->\n            <\/div>\n<\/p><\/div>\n<p><!---->      <\/p><\/div>\n<\/li>\n<li>\n<p>      <a href=\"https:\/\/br.linkedin.com\/jobs\/view\/operador-de-log%C3%ADstica-3957804084?position=41&amp;pageNum=0&amp;refId=B3cEsSgOXfA7FFz3drxGSQ%3D%3D&amp;trackingId=3pJH0d5okUEuPuFB%2BtSSAQ%3D%3D&amp;trk=public_jobs_jserp-result_search-card\" target=\"_self\" data-impression-id=\"jobs-search-desktop-40\" data-tracking-control-name=\"public_jobs_jserp-result_search-card\" data-tracking-will-navigate class=\"base-card relative w-full hover:no-underline focus:no-underline base-card--link base-search-card base-search-card--link job-search-card\" data-tracking-client-ingraph data-entity-urn=\"urn:li:jobPosting:3957804084\" data-reference-id=\"B3cEsSgOXfA7FFz3drxGSQ==\" data-tracking-id=\"3pJH0d5okUEuPuFB+tSSAQ==\" data-column=\"1\" data-row=\"41\" rel=\"noopener\"><\/p>\n<p><!----><\/p>\n<div class=\"search-entity-media\">\n<p>      <img class=\"artdeco-entity-image artdeco-entity-image--square-4\n          artdeco-entity-image--ghost\" data-delayed-url=\"https:\/\/static.licdn.com\/aero-v1\/sc\/h\/6puxblwmhnodu6fjircz4dn4h\" data-ghost-classes=\"artdeco-entity-image--ghost\" data-ghost-url=\"https:\/\/static.licdn.com\/aero-v1\/sc\/h\/6puxblwmhnodu6fjircz4dn4h\" alt><\/p><\/div>\n<div class=\"base-search-card__info\">\n<h3 class=\"base-search-card__title\">\n<p>        Operador de Log\u00edstica<\/p>\n<\/h3>\n<h4 class=\"base-search-card__subtitle\">\n<p>          GRUPO FORTBRAS AUTOPE\u00c7AS<\/p>\n<\/h4>\n<p><!----><\/p>\n<div class=\"base-search-card__metadata\">\n<p>          <span class=\"job-search-card__location\"><br \/>\n            Ribeir\u00e3o Preto, S\u00e3o Paulo, Brazil<br \/>\n          <\/span><\/p>\n<div class=\"job-posting-benefits text-sm\">\n        <icon class=\"job-posting-benefits__icon\" data-delayed-url=\"https:\/\/static.licdn.com\/aero-v1\/sc\/h\/8zmuwb93gzlb935fk4ao4z779\" data-svg-class-name=\"job-posting-benefits__icon-svg\"><\/icon><br \/>\n        <span class=\"job-posting-benefits__text\"><br \/>\n          Be an early applicant<br \/>\n<!---->        <\/span>\n      <\/div>\n<p>          <time class=\"job-search-card__listdate\" datetime=\"2024-06-24\"><\/p>\n<p>      2 months ago<\/p>\n<p>          <\/time><\/p>\n<p><!---->\n            <\/div>\n<\/p><\/div>\n<p><!---->      <\/p>\n<p>      <\/a><\/p>\n<\/li>\n<li>\n<div class=\"base-card relative w-full hover:no-underline focus:no-underline base-card--link base-search-card base-search-card--link job-search-card\" data-entity-urn=\"urn:li:jobPosting:4006973532\" data-impression-id=\"jobs-search-desktop-41\" data-reference-id=\"B3cEsSgOXfA7FFz3drxGSQ==\" data-tracking-id=\"hjZGsojWR9GdJUWQF+0Trw==\" data-column=\"1\" data-row=\"42\">\n<p>        <a class=\"base-card__full-link absolute top-0 right-0 bottom-0 left-0 p-0 z-[2]\" href=\"https:\/\/br.linkedin.com\/jobs\/view\/auxiliar-de-log%C3%ADstica-ribeir%C3%A3o-preto-at-r3-grupo-4006973532?position=42&amp;pageNum=0&amp;refId=B3cEsSgOXfA7FFz3drxGSQ%3D%3D&amp;trackingId=hjZGsojWR9GdJUWQF%2B0Trw%3D%3D&amp;trk=public_jobs_jserp-result_search-card\" data-tracking-control-name=\"public_jobs_jserp-result_search-card\" data-tracking-client-ingraph data-tracking-will-navigate><\/p>\n<p>          <span class=\"sr-only\"><\/p>\n<p>        Auxiliar de Log\u00edstica &#8211; Ribeir\u00e3o Preto<\/p>\n<p>          <\/span><br \/>\n        <\/a><\/p>\n<div class=\"search-entity-media\">\n<p>      <img class=\"artdeco-entity-image artdeco-entity-image--square-4\n          \" data-delayed-url=\"https:\/\/media.licdn.com\/dms\/image\/v2\/C4D0BAQFRnSEXni66_w\/company-logo_100_100\/company-logo_100_100\/0\/1637151836616?e=2147483647&amp;v=beta&amp;t=zjsyHbkVJQ0h568AybcFT_TRlqBqX95O7ye519aAerQ\" data-ghost-classes=\"artdeco-entity-image--ghost\" data-ghost-url=\"https:\/\/static.licdn.com\/aero-v1\/sc\/h\/6puxblwmhnodu6fjircz4dn4h\" alt><\/p><\/div>\n<div class=\"base-search-card__info\">\n<h3 class=\"base-search-card__title\">\n<p>        Auxiliar de Log\u00edstica &#8211; Ribeir\u00e3o Preto<\/p>\n<\/h3>\n<h4 class=\"base-search-card__subtitle\">\n<p>          <a class=\"hidden-nested-link\" data-tracking-client-ingraph data-tracking-control-name=\"public_jobs_jserp-result_job-search-card-subtitle\" data-tracking-will-navigate href=\"https:\/\/www.linkedin.com\/company\/r3-grupo?trk=public_jobs_jserp-result_job-search-card-subtitle\"><br \/>\n            R3 Grupo<br \/>\n          <\/a><\/p>\n<\/h4>\n<p><!----><\/p>\n<div class=\"base-search-card__metadata\">\n<p>          <span class=\"job-search-card__location\"><br \/>\n            Ribeir\u00e3o Preto, S\u00e3o Paulo, Brazil<br \/>\n          <\/span><\/p>\n<div class=\"job-posting-benefits text-sm\">\n        <icon class=\"job-posting-benefits__icon\" data-delayed-url=\"https:\/\/static.licdn.com\/aero-v1\/sc\/h\/8zmuwb93gzlb935fk4ao4z779\" data-svg-class-name=\"job-posting-benefits__icon-svg\"><\/icon><br \/>\n        <span class=\"job-posting-benefits__text\"><br \/>\n          Be an early applicant<br \/>\n<!---->        <\/span>\n      <\/div>\n<p>          <time class=\"job-search-card__listdate\" datetime=\"2024-08-24\"><\/p>\n<p>      2 weeks ago<\/p>\n<p>          <\/time><\/p>\n<p><!---->\n            <\/div>\n<\/p><\/div>\n<p><!---->      <\/p><\/div>\n<\/li>\n<li>\n<div class=\"base-card relative w-full hover:no-underline focus:no-underline base-card--link base-search-card base-search-card--link job-search-card\" data-entity-urn=\"urn:li:jobPosting:4016375518\" data-impression-id=\"jobs-search-desktop-42\" data-reference-id=\"B3cEsSgOXfA7FFz3drxGSQ==\" data-tracking-id=\"JbQfnx2PSrTd1Y1ogITSAQ==\" data-column=\"1\" data-row=\"43\">\n<p>        <a class=\"base-card__full-link absolute top-0 right-0 bottom-0 left-0 p-0 z-[2]\" href=\"https:\/\/br.linkedin.com\/jobs\/view\/auxiliar-de-log%C3%ADstica-ribeir%C3%A3o-preto-at-r3-grupo-4016375518?position=43&amp;pageNum=0&amp;refId=B3cEsSgOXfA7FFz3drxGSQ%3D%3D&amp;trackingId=JbQfnx2PSrTd1Y1ogITSAQ%3D%3D&amp;trk=public_jobs_jserp-result_search-card\" data-tracking-control-name=\"public_jobs_jserp-result_search-card\" data-tracking-client-ingraph data-tracking-will-navigate><\/p>\n<p>          <span class=\"sr-only\"><\/p>\n<p>        Auxiliar de Log\u00edstica &#8211; Ribeir\u00e3o Preto<\/p>\n<p>          <\/span><br \/>\n        <\/a><\/p>\n<div class=\"search-entity-media\">\n<p>      <img class=\"artdeco-entity-image artdeco-entity-image--square-4\n          \" data-delayed-url=\"https:\/\/media.licdn.com\/dms\/image\/v2\/C4D0BAQFRnSEXni66_w\/company-logo_100_100\/company-logo_100_100\/0\/1637151836616?e=2147483647&amp;v=beta&amp;t=zjsyHbkVJQ0h568AybcFT_TRlqBqX95O7ye519aAerQ\" data-ghost-classes=\"artdeco-entity-image--ghost\" data-ghost-url=\"https:\/\/static.licdn.com\/aero-v1\/sc\/h\/6puxblwmhnodu6fjircz4dn4h\" alt><\/p><\/div>\n<div class=\"base-search-card__info\">\n<h3 class=\"base-search-card__title\">\n<p>        Auxiliar de Log\u00edstica &#8211; Ribeir\u00e3o Preto<\/p>\n<\/h3>\n<h4 class=\"base-search-card__subtitle\">\n<p>          <a class=\"hidden-nested-link\" data-tracking-client-ingraph data-tracking-control-name=\"public_jobs_jserp-result_job-search-card-subtitle\" data-tracking-will-navigate href=\"https:\/\/www.linkedin.com\/company\/r3-grupo?trk=public_jobs_jserp-result_job-search-card-subtitle\"><br \/>\n            R3 Grupo<br \/>\n          <\/a><\/p>\n<\/h4>\n<p><!----><\/p>\n<div class=\"base-search-card__metadata\">\n<p>          <span class=\"job-search-card__location\"><br \/>\n            Ribeir\u00e3o Preto, S\u00e3o Paulo, Brazil<br \/>\n          <\/span><\/p>\n<div class=\"job-posting-benefits text-sm\">\n        <icon class=\"job-posting-benefits__icon\" data-delayed-url=\"https:\/\/static.licdn.com\/aero-v1\/sc\/h\/8zmuwb93gzlb935fk4ao4z779\" data-svg-class-name=\"job-posting-benefits__icon-svg\"><\/icon><br \/>\n        <span class=\"job-posting-benefits__text\"><br \/>\n          Be an early applicant<br \/>\n<!---->        <\/span>\n      <\/div>\n<p>          <time class=\"job-search-card__listdate\" datetime=\"2024-09-03\"><\/p>\n<p>      1 week ago<\/p>\n<p>          <\/time><\/p>\n<p><!---->\n            <\/div>\n<\/p><\/div>\n<p><!---->      <\/p><\/div>\n<\/li>\n<li>\n<div class=\"base-card relative w-full hover:no-underline focus:no-underline base-card--link base-search-card base-search-card--link job-search-card\" data-entity-urn=\"urn:li:jobPosting:3966042905\" data-impression-id=\"jobs-search-desktop-43\" data-reference-id=\"B3cEsSgOXfA7FFz3drxGSQ==\" data-tracking-id=\"5a4t6Nqb7rjDkXzatZDPyQ==\" data-column=\"1\" data-row=\"44\">\n<p>        <a class=\"base-card__full-link absolute top-0 right-0 bottom-0 left-0 p-0 z-[2]\" href=\"https:\/\/br.linkedin.com\/jobs\/view\/l%C3%ADder-de-almoxarifado-at-grapho-rh-3966042905?position=44&amp;pageNum=0&amp;refId=B3cEsSgOXfA7FFz3drxGSQ%3D%3D&amp;trackingId=5a4t6Nqb7rjDkXzatZDPyQ%3D%3D&amp;trk=public_jobs_jserp-result_search-card\" data-tracking-control-name=\"public_jobs_jserp-result_search-card\" data-tracking-client-ingraph data-tracking-will-navigate><\/p>\n<p>          <span class=\"sr-only\"><\/p>\n<p>        L\u00edder de Almoxarifado<\/p>\n<p>          <\/span><br \/>\n        <\/a><\/p>\n<div class=\"search-entity-media\">\n<p>      <img class=\"artdeco-entity-image artdeco-entity-image--square-4\n          \" data-delayed-url=\"https:\/\/media.licdn.com\/dms\/image\/v2\/C4E0BAQHecKKY-UGi2A\/company-logo_100_100\/company-logo_100_100\/0\/1630627140173\/graphorh_logo?e=2147483647&amp;v=beta&amp;t=puYIXcAjbvN0RmSgJH97A8gpWwr0Bj_QThScQUFEiAY\" data-ghost-classes=\"artdeco-entity-image--ghost\" data-ghost-url=\"https:\/\/static.licdn.com\/aero-v1\/sc\/h\/6puxblwmhnodu6fjircz4dn4h\" alt><\/p><\/div>\n<div class=\"base-search-card__info\">\n<h3 class=\"base-search-card__title\">\n<p>        L\u00edder de Almoxarifado<\/p>\n<\/h3>\n<h4 class=\"base-search-card__subtitle\">\n<p>          <a class=\"hidden-nested-link\" data-tracking-client-ingraph data-tracking-control-name=\"public_jobs_jserp-result_job-search-card-subtitle\" data-tracking-will-navigate href=\"https:\/\/br.linkedin.com\/company\/graphorh?trk=public_jobs_jserp-result_job-search-card-subtitle\"><br \/>\n            Grapho RH<br \/>\n          <\/a><\/p>\n<\/h4>\n<p><!----><\/p>\n<div class=\"base-search-card__metadata\">\n<p>          <span class=\"job-search-card__location\"><br \/>\n            Greater Ribeir\u00e3o Preto<br \/>\n          <\/span><\/p>\n<p><!---->  <\/p>\n<p>          <time class=\"job-search-card__listdate\" datetime=\"2024-07-03\"><\/p>\n<p>      2 months ago<\/p>\n<p>          <\/time><\/p>\n<p><!---->\n            <\/div>\n<\/p><\/div>\n<p><!---->      <\/p><\/div>\n<\/li>\n<li>\n<div class=\"base-card relative w-full hover:no-underline focus:no-underline base-card--link base-search-card base-search-card--link job-search-card\" data-entity-urn=\"urn:li:jobPosting:3632792368\" data-impression-id=\"jobs-search-desktop-44\" data-reference-id=\"B3cEsSgOXfA7FFz3drxGSQ==\" data-tracking-id=\"3E7XLoVsPr\/fRjUgq3b3\/A==\" data-column=\"1\" data-row=\"45\">\n<p>        <a class=\"base-card__full-link absolute top-0 right-0 bottom-0 left-0 p-0 z-[2]\" href=\"https:\/\/br.linkedin.com\/jobs\/view\/analista-de-atendimento-ao-cliente-log%C3%ADstica-at-randstad-3632792368?position=45&amp;pageNum=0&amp;refId=B3cEsSgOXfA7FFz3drxGSQ%3D%3D&amp;trackingId=3E7XLoVsPr%2FfRjUgq3b3%2FA%3D%3D&amp;trk=public_jobs_jserp-result_search-card\" data-tracking-control-name=\"public_jobs_jserp-result_search-card\" data-tracking-client-ingraph data-tracking-will-navigate><\/p>\n<p>          <span class=\"sr-only\"><\/p>\n<p>        Analista de atendimento ao cliente(Log\u00edstica)<\/p>\n<p>          <\/span><br \/>\n        <\/a><\/p>\n<div class=\"search-entity-media\">\n<p>      <img class=\"artdeco-entity-image artdeco-entity-image--square-4\n          \" data-delayed-url=\"https:\/\/media.licdn.com\/dms\/image\/v2\/C4E0BAQFqC--DBWZjDA\/company-logo_100_100\/company-logo_100_100\/0\/1631305862414?e=2147483647&amp;v=beta&amp;t=74enXkXpnVLL6rVCI7Wol5iSZN3zi2axWT_8upX4h5k\" data-ghost-classes=\"artdeco-entity-image--ghost\" data-ghost-url=\"https:\/\/static.licdn.com\/aero-v1\/sc\/h\/6puxblwmhnodu6fjircz4dn4h\" alt><\/p><\/div>\n<div class=\"base-search-card__info\">\n<h3 class=\"base-search-card__title\">\n<p>        Analista de atendimento ao cliente(Log\u00edstica)<\/p>\n<\/h3>\n<h4 class=\"base-search-card__subtitle\">\n<p>          <a class=\"hidden-nested-link\" data-tracking-client-ingraph data-tracking-control-name=\"public_jobs_jserp-result_job-search-card-subtitle\" data-tracking-will-navigate href=\"https:\/\/nl.linkedin.com\/company\/randstad?trk=public_jobs_jserp-result_job-search-card-subtitle\"><br \/>\n            Randstad<br \/>\n          <\/a><\/p>\n<\/h4>\n<p><!----><\/p>\n<div class=\"base-search-card__metadata\">\n<p>          <span class=\"job-search-card__location\"><br \/>\n            Ribeir\u00e3o Preto, S\u00e3o Paulo, Brazil<br \/>\n          <\/span><\/p>\n<div class=\"job-posting-benefits text-sm\">\n        <icon class=\"job-posting-benefits__icon\" data-delayed-url=\"https:\/\/static.licdn.com\/aero-v1\/sc\/h\/3p1v0uhy7uq0cm5zdvzp4eo18\" data-svg-class-name=\"job-posting-benefits__icon-svg\"><\/icon><br \/>\n        <span class=\"job-posting-benefits__text\"><br \/>\n          Actively Hiring<br \/>\n<!---->        <\/span>\n      <\/div>\n<p>          <time class=\"job-search-card__listdate\" datetime=\"2023-06-08\"><\/p>\n<p>      1 year ago<\/p>\n<p>          <\/time><\/p>\n<p><!---->\n            <\/div>\n<\/p><\/div>\n<p><!---->      <\/p><\/div>\n<\/li>\n<li>\n<div class=\"base-card relative w-full hover:no-underline focus:no-underline base-card--link base-search-card base-search-card--link job-search-card\" data-entity-urn=\"urn:li:jobPosting:4019853397\" data-impression-id=\"jobs-search-desktop-45\" data-reference-id=\"B3cEsSgOXfA7FFz3drxGSQ==\" data-tracking-id=\"THKLGzoJKJTFolW7oxZ4xg==\" data-column=\"1\" data-row=\"46\">\n<p>        <a class=\"base-card__full-link absolute top-0 right-0 bottom-0 left-0 p-0 z-[2]\" href=\"https:\/\/br.linkedin.com\/jobs\/view\/conferente-de-log%C3%ADstica-at-exclusiva-rh-4019853397?position=46&amp;pageNum=0&amp;refId=B3cEsSgOXfA7FFz3drxGSQ%3D%3D&amp;trackingId=THKLGzoJKJTFolW7oxZ4xg%3D%3D&amp;trk=public_jobs_jserp-result_search-card\" data-tracking-control-name=\"public_jobs_jserp-result_search-card\" data-tracking-client-ingraph data-tracking-will-navigate><\/p>\n<p>          <span class=\"sr-only\"><\/p>\n<p>        Conferente de Log\u00edstica<\/p>\n<p>          <\/span><br \/>\n        <\/a><\/p>\n<div class=\"search-entity-media\">\n<p>      <img class=\"artdeco-entity-image artdeco-entity-image--square-4\n          \" data-delayed-url=\"https:\/\/media.licdn.com\/dms\/image\/v2\/C4D0BAQGke8nnpATU_Q\/company-logo_100_100\/company-logo_100_100\/0\/1649444311007?e=2147483647&amp;v=beta&amp;t=eqvFW4gM_igH4bzDS6ysFoBAQozBCeXlkjiuj5T5Ay8\" data-ghost-classes=\"artdeco-entity-image--ghost\" data-ghost-url=\"https:\/\/static.licdn.com\/aero-v1\/sc\/h\/6puxblwmhnodu6fjircz4dn4h\" alt><\/p><\/div>\n<div class=\"base-search-card__info\">\n<h3 class=\"base-search-card__title\">\n<p>        Conferente de Log\u00edstica<\/p>\n<\/h3>\n<h4 class=\"base-search-card__subtitle\">\n<p>          <a class=\"hidden-nested-link\" data-tracking-client-ingraph data-tracking-control-name=\"public_jobs_jserp-result_job-search-card-subtitle\" data-tracking-will-navigate href=\"https:\/\/br.linkedin.com\/company\/exclusiva-rh?trk=public_jobs_jserp-result_job-search-card-subtitle\"><br \/>\n            Exclusiva RH<br \/>\n          <\/a><\/p>\n<\/h4>\n<p><!----><\/p>\n<div class=\"base-search-card__metadata\">\n<p>          <span class=\"job-search-card__location\"><br \/>\n            Greater Ribeir\u00e3o Preto<br \/>\n          <\/span><\/p>\n<div class=\"job-posting-benefits text-sm\">\n        <icon class=\"job-posting-benefits__icon\" data-delayed-url=\"https:\/\/static.licdn.com\/aero-v1\/sc\/h\/8zmuwb93gzlb935fk4ao4z779\" data-svg-class-name=\"job-posting-benefits__icon-svg\"><\/icon><br \/>\n        <span class=\"job-posting-benefits__text\"><br \/>\n          Be an early applicant<br \/>\n<!---->        <\/span>\n      <\/div>\n<p>          <time class=\"job-search-card__listdate\" datetime=\"2024-09-07\"><\/p>\n<p>      4 days ago<\/p>\n<p>          <\/time><\/p>\n<p><!---->\n            <\/div>\n<\/p><\/div>\n<p><!---->      <\/p><\/div>\n<\/li>\n<li>\n<div class=\"base-card relative w-full hover:no-underline focus:no-underline base-card--link base-search-card base-search-card--link job-search-card\" data-entity-urn=\"urn:li:jobPosting:3966485792\" data-impression-id=\"jobs-search-desktop-46\" data-reference-id=\"B3cEsSgOXfA7FFz3drxGSQ==\" data-tracking-id=\"zPGc5nEziMDiO83eHJBxIw==\" data-column=\"1\" data-row=\"47\">\n<p>        <a class=\"base-card__full-link absolute top-0 right-0 bottom-0 left-0 p-0 z-[2]\" href=\"https:\/\/br.linkedin.com\/jobs\/view\/analista-estoque-pl-at-santa-helena-ind%C3%BAstria-de-alimentos-s-a-3966485792?position=47&amp;pageNum=0&amp;refId=B3cEsSgOXfA7FFz3drxGSQ%3D%3D&amp;trackingId=zPGc5nEziMDiO83eHJBxIw%3D%3D&amp;trk=public_jobs_jserp-result_search-card\" data-tracking-control-name=\"public_jobs_jserp-result_search-card\" data-tracking-client-ingraph data-tracking-will-navigate><\/p>\n<p>          <span class=\"sr-only\"><\/p>\n<p>        Analista Estoque PL<\/p>\n<p>          <\/span><br \/>\n        <\/a><\/p>\n<div class=\"search-entity-media\">\n<p>      <img class=\"artdeco-entity-image artdeco-entity-image--square-4\n          \" data-delayed-url=\"https:\/\/media.licdn.com\/dms\/image\/v2\/C4D0BAQGZqJfOXOyWmA\/company-logo_100_100\/company-logo_100_100\/0\/1660136195346\/santahelenaalimentos_logo?e=2147483647&amp;v=beta&amp;t=Xl5Ja_frj5hTMsdg0_MRiZSUYZEx6z5-glvhcgSISIs\" data-ghost-classes=\"artdeco-entity-image--ghost\" data-ghost-url=\"https:\/\/static.licdn.com\/aero-v1\/sc\/h\/6puxblwmhnodu6fjircz4dn4h\" alt><\/p><\/div>\n<div class=\"base-search-card__info\">\n<h3 class=\"base-search-card__title\">\n<p>        Analista Estoque PL<\/p>\n<\/h3>\n<h4 class=\"base-search-card__subtitle\">\n<p>          <a class=\"hidden-nested-link\" data-tracking-client-ingraph data-tracking-control-name=\"public_jobs_jserp-result_job-search-card-subtitle\" data-tracking-will-navigate href=\"https:\/\/br.linkedin.com\/company\/santahelenaalimentos?trk=public_jobs_jserp-result_job-search-card-subtitle\"><br \/>\n            Santa Helena Ind\u00fastria de Alimentos S\/A<br \/>\n          <\/a><\/p>\n<\/h4>\n<p><!----><\/p>\n<div class=\"base-search-card__metadata\">\n<p>          <span class=\"job-search-card__location\"><br \/>\n            Ribeir\u00e3o Preto, S\u00e3o Paulo, Brazil<br \/>\n          <\/span><\/p>\n<p><!---->  <\/p>\n<p>          <time class=\"job-search-card__listdate\" datetime=\"2024-07-03\"><\/p>\n<p>      2 months ago<\/p>\n<p>          <\/time><\/p>\n<p><!---->\n            <\/div>\n<\/p><\/div>\n<p><!---->      <\/p><\/div>\n<\/li>\n<li>\n<div class=\"base-card relative w-full hover:no-underline focus:no-underline base-card--link base-search-card base-search-card--link job-search-card\" data-entity-urn=\"urn:li:jobPosting:4022732371\" data-impression-id=\"jobs-search-desktop-47\" data-reference-id=\"B3cEsSgOXfA7FFz3drxGSQ==\" data-tracking-id=\"+ypyf\/+XhwmZWp2zwlC4gg==\" data-column=\"1\" data-row=\"48\">\n<p>        <a class=\"base-card__full-link absolute top-0 right-0 bottom-0 left-0 p-0 z-[2]\" href=\"https:\/\/br.linkedin.com\/jobs\/view\/auxiliar-de-recebimento-de-mercadoria-loja-ribeir%C3%A3o-preto-at-tenda-atacado-4022732371?position=48&amp;pageNum=0&amp;refId=B3cEsSgOXfA7FFz3drxGSQ%3D%3D&amp;trackingId=%2Bypyf%2F%2BXhwmZWp2zwlC4gg%3D%3D&amp;trk=public_jobs_jserp-result_search-card\" data-tracking-control-name=\"public_jobs_jserp-result_search-card\" data-tracking-client-ingraph data-tracking-will-navigate><\/p>\n<p>          <span class=\"sr-only\"><\/p>\n<p>        Auxiliar de Recebimento de Mercadoria &#8211; Loja Ribeir\u00e3o Preto<\/p>\n<p>          <\/span><br \/>\n        <\/a><\/p>\n<div class=\"search-entity-media\">\n<p>      <img class=\"artdeco-entity-image artdeco-entity-image--square-4\n          \" data-delayed-url=\"https:\/\/media.licdn.com\/dms\/image\/v2\/C4D0BAQF3jSSwtcJCuA\/company-logo_100_100\/company-logo_100_100\/0\/1676059878942\/tendaatacadooficial_logo?e=2147483647&amp;v=beta&amp;t=KAMxMT0iPpB5ROXGsYojbMwpdqnqFFnIViTymBs_5Ls\" data-ghost-classes=\"artdeco-entity-image--ghost\" data-ghost-url=\"https:\/\/static.licdn.com\/aero-v1\/sc\/h\/6puxblwmhnodu6fjircz4dn4h\" alt><\/p><\/div>\n<div class=\"base-search-card__info\">\n<h3 class=\"base-search-card__title\">\n<p>        Auxiliar de Recebimento de Mercadoria &#8211; Loja Ribeir\u00e3o Preto<\/p>\n<\/h3>\n<h4 class=\"base-search-card__subtitle\">\n<p>          <a class=\"hidden-nested-link\" data-tracking-client-ingraph data-tracking-control-name=\"public_jobs_jserp-result_job-search-card-subtitle\" data-tracking-will-navigate href=\"https:\/\/br.linkedin.com\/company\/tendaatacadooficial?trk=public_jobs_jserp-result_job-search-card-subtitle\"><br \/>\n            Tenda Atacado<br \/>\n          <\/a><\/p>\n<\/h4>\n<p><!----><\/p>\n<div class=\"base-search-card__metadata\">\n<p>          <span class=\"job-search-card__location\"><br \/>\n            Ribeir\u00e3o Preto, S\u00e3o Paulo, Brazil<br \/>\n          <\/span><\/p>\n<div class=\"job-posting-benefits text-sm\">\n        <icon class=\"job-posting-benefits__icon\" data-delayed-url=\"https:\/\/static.licdn.com\/aero-v1\/sc\/h\/8zmuwb93gzlb935fk4ao4z779\" data-svg-class-name=\"job-posting-benefits__icon-svg\"><\/icon><br \/>\n        <span class=\"job-posting-benefits__text\"><br \/>\n          Be an early applicant<br \/>\n<!---->        <\/span>\n      <\/div>\n<p>          <time class=\"job-search-card__listdate--new\" datetime=\"2024-09-11\"><\/p>\n<p>      17 hours ago<\/p>\n<p>          <\/time><\/p>\n<p><!---->\n            <\/div>\n<\/p><\/div>\n<p><!---->      <\/p><\/div>\n<\/li>\n<li>\n<div class=\"base-card relative w-full hover:no-underline focus:no-underline base-card--link base-search-card base-search-card--link job-search-card\" data-entity-urn=\"urn:li:jobPosting:4017584559\" data-impression-id=\"jobs-search-desktop-48\" data-reference-id=\"B3cEsSgOXfA7FFz3drxGSQ==\" data-tracking-id=\"61ZSDuaY7poaxaLDQEMQ5Q==\" data-column=\"1\" data-row=\"49\">\n<p>        <a class=\"base-card__full-link absolute top-0 right-0 bottom-0 left-0 p-0 z-[2]\" href=\"https:\/\/br.linkedin.com\/jobs\/view\/757401-operador-a-de-e-commerce%0Aribeir%C3%A3o-preto-sp%0Aefetivo-at-gpa-4017584559?position=49&amp;pageNum=0&amp;refId=B3cEsSgOXfA7FFz3drxGSQ%3D%3D&amp;trackingId=61ZSDuaY7poaxaLDQEMQ5Q%3D%3D&amp;trk=public_jobs_jserp-result_search-card\" data-tracking-control-name=\"public_jobs_jserp-result_search-card\" data-tracking-client-ingraph data-tracking-will-navigate><\/p>\n<p>          <span class=\"sr-only\"><\/p>\n<p>        757401 &#8211; Operador(a) de E-commerce<br \/>\nRibeir\u00e3o Preto &#8211; SP<br \/>\nEfetivo<\/p>\n<p>          <\/span><br \/>\n        <\/a><\/p>\n<div class=\"search-entity-media\">\n<p>      <img class=\"artdeco-entity-image artdeco-entity-image--square-4\n          \" data-delayed-url=\"https:\/\/media.licdn.com\/dms\/image\/v2\/D4D0BAQFLUEbEvdNl7A\/company-logo_100_100\/company-logo_100_100\/0\/1709038205299\/gpabr_logo?e=2147483647&amp;v=beta&amp;t=-rQVecytxY9VWQFyPvCaLCSq9RaoeRnGMgiCHwO6rwg\" data-ghost-classes=\"artdeco-entity-image--ghost\" data-ghost-url=\"https:\/\/static.licdn.com\/aero-v1\/sc\/h\/6puxblwmhnodu6fjircz4dn4h\" alt><\/p><\/div>\n<div class=\"base-search-card__info\">\n<h3 class=\"base-search-card__title\">\n<p>        757401 &#8211; Operador(a) de E-commerce<br \/>\nRibeir\u00e3o Preto &#8211; SP<br \/>\nEfetivo<\/p>\n<\/h3>\n<h4 class=\"base-search-card__subtitle\">\n<p>          <a class=\"hidden-nested-link\" data-tracking-client-ingraph data-tracking-control-name=\"public_jobs_jserp-result_job-search-card-subtitle\" data-tracking-will-navigate href=\"https:\/\/br.linkedin.com\/company\/gpabr?trk=public_jobs_jserp-result_job-search-card-subtitle\"><br \/>\n            GPA<br \/>\n          <\/a><\/p>\n<\/h4>\n<p><!----><\/p>\n<div class=\"base-search-card__metadata\">\n<p>          <span class=\"job-search-card__location\"><br \/>\n            Ribeir\u00e3o Preto, S\u00e3o Paulo, Brazil<br \/>\n          <\/span><\/p>\n<div class=\"job-posting-benefits text-sm\">\n        <icon class=\"job-posting-benefits__icon\" data-delayed-url=\"https:\/\/static.licdn.com\/aero-v1\/sc\/h\/8zmuwb93gzlb935fk4ao4z779\" data-svg-class-name=\"job-posting-benefits__icon-svg\"><\/icon><br \/>\n        <span class=\"job-posting-benefits__text\"><br \/>\n          Be an early applicant<br \/>\n<!---->        <\/span>\n      <\/div>\n<p>          <time class=\"job-search-card__listdate\" datetime=\"2024-09-05\"><\/p>\n<p>      5 days ago<\/p>\n<p>          <\/time><\/p>\n<p><!---->\n            <\/div>\n<\/p><\/div>\n<p><!---->      <\/p><\/div>\n<\/li>\n<li>\n<div class=\"base-card relative w-full hover:no-underline focus:no-underline base-card--link base-search-card base-search-card--link job-search-card\" data-entity-urn=\"urn:li:jobPosting:4006975411\" data-impression-id=\"jobs-search-desktop-49\" data-reference-id=\"B3cEsSgOXfA7FFz3drxGSQ==\" data-tracking-id=\"mx\/acjKIe1d0Eo6FJrwJhw==\" data-column=\"1\" data-row=\"50\">\n<p>        <a class=\"base-card__full-link absolute top-0 right-0 bottom-0 left-0 p-0 z-[2]\" href=\"https:\/\/br.linkedin.com\/jobs\/view\/pulmer-auxiliar-administrativo-de-log%C3%ADstica-at-braveo-4006975411?position=50&amp;pageNum=0&amp;refId=B3cEsSgOXfA7FFz3drxGSQ%3D%3D&amp;trackingId=mx%2FacjKIe1d0Eo6FJrwJhw%3D%3D&amp;trk=public_jobs_jserp-result_search-card\" data-tracking-control-name=\"public_jobs_jserp-result_search-card\" data-tracking-client-ingraph data-tracking-will-navigate><\/p>\n<p>          <span class=\"sr-only\"><\/p>\n<p>        Pulmer- Auxiliar Administrativo de Log\u00edstica<\/p>\n<p>          <\/span><br \/>\n        <\/a><\/p>\n<div class=\"search-entity-media\">\n<p>      <img class=\"artdeco-entity-image artdeco-entity-image--square-4\n          \" data-delayed-url=\"https:\/\/media.licdn.com\/dms\/image\/v2\/C4D0BAQG1Blb0DH8aBw\/company-logo_100_100\/company-logo_100_100\/0\/1645466665527?e=2147483647&amp;v=beta&amp;t=W-jtZIDKABWqY_PNGeLzAzRs3h4lxOKPu7xzBtdvsHs\" data-ghost-classes=\"artdeco-entity-image--ghost\" data-ghost-url=\"https:\/\/static.licdn.com\/aero-v1\/sc\/h\/6puxblwmhnodu6fjircz4dn4h\" alt><\/p><\/div>\n<div class=\"base-search-card__info\">\n<h3 class=\"base-search-card__title\">\n<p>        Pulmer- Auxiliar Administrativo de Log\u00edstica<\/p>\n<\/h3>\n<h4 class=\"base-search-card__subtitle\">\n<p>          <a class=\"hidden-nested-link\" data-tracking-client-ingraph data-tracking-control-name=\"public_jobs_jserp-result_job-search-card-subtitle\" data-tracking-will-navigate href=\"https:\/\/br.linkedin.com\/company\/braveo-oficial?trk=public_jobs_jserp-result_job-search-card-subtitle\"><br \/>\n            Braveo<br \/>\n          <\/a><\/p>\n<\/h4>\n<p><!----><\/p>\n<div class=\"base-search-card__metadata\">\n<p>          <span class=\"job-search-card__location\"><br \/>\n            Ribeir\u00e3o Preto, S\u00e3o Paulo, Brazil<br \/>\n          <\/span><\/p>\n<div class=\"job-posting-benefits text-sm\">\n        <icon class=\"job-posting-benefits__icon\" data-delayed-url=\"https:\/\/static.licdn.com\/aero-v1\/sc\/h\/8zmuwb93gzlb935fk4ao4z779\" data-svg-class-name=\"job-posting-benefits__icon-svg\"><\/icon><br \/>\n        <span class=\"job-posting-benefits__text\"><br \/>\n          Be an early applicant<br \/>\n<!---->        <\/span>\n      <\/div>\n<p>          <time class=\"job-search-card__listdate\" datetime=\"2024-08-24\"><\/p>\n<p>      2 weeks ago<\/p>\n<p>          <\/time><\/p>\n<p><!---->\n            <\/div>\n<\/p><\/div>\n<p><!---->      <\/p><\/div>\n<\/li>\n<li>\n<div class=\"base-card relative w-full hover:no-underline focus:no-underline base-card--link base-search-card base-search-card--link job-search-card\" data-entity-urn=\"urn:li:jobPosting:4004871382\" data-impression-id=\"jobs-search-desktop-50\" data-reference-id=\"B3cEsSgOXfA7FFz3drxGSQ==\" data-tracking-id=\"9D2afieXDUZmkGEbTO59+A==\" data-column=\"1\" data-row=\"51\">\n<p>        <a class=\"base-card__full-link absolute top-0 right-0 bottom-0 left-0 p-0 z-[2]\" href=\"https:\/\/br.linkedin.com\/jobs\/view\/supervisor-de-armaz%C3%A9m-at-grupo-passalacqua-4004871382?position=51&amp;pageNum=0&amp;refId=B3cEsSgOXfA7FFz3drxGSQ%3D%3D&amp;trackingId=9D2afieXDUZmkGEbTO59%2BA%3D%3D&amp;trk=public_jobs_jserp-result_search-card\" data-tracking-control-name=\"public_jobs_jserp-result_search-card\" data-tracking-client-ingraph data-tracking-will-navigate><\/p>\n<p>          <span class=\"sr-only\"><\/p>\n<p>        Supervisor de Armaz\u00e9m<\/p>\n<p>          <\/span><br \/>\n        <\/a><\/p>\n<div class=\"search-entity-media\">\n<p>      <img class=\"artdeco-entity-image artdeco-entity-image--square-4\n          \" data-delayed-url=\"https:\/\/media.licdn.com\/dms\/image\/v2\/D4D0BAQGd2SP_4Jqe-w\/company-logo_100_100\/company-logo_100_100\/0\/1706796106140\/grupo_passalacqua_logo?e=2147483647&amp;v=beta&amp;t=G1dbWIB2C1gIdMaalMZ9F835m3-rLGRub4ATExmLq94\" data-ghost-classes=\"artdeco-entity-image--ghost\" data-ghost-url=\"https:\/\/static.licdn.com\/aero-v1\/sc\/h\/6puxblwmhnodu6fjircz4dn4h\" alt><\/p><\/div>\n<div class=\"base-search-card__info\">\n<h3 class=\"base-search-card__title\">\n<p>        Supervisor de Armaz\u00e9m<\/p>\n<\/h3>\n<h4 class=\"base-search-card__subtitle\">\n<p>          <a class=\"hidden-nested-link\" data-tracking-client-ingraph data-tracking-control-name=\"public_jobs_jserp-result_job-search-card-subtitle\" data-tracking-will-navigate href=\"https:\/\/br.linkedin.com\/company\/grupo-passalacqua?trk=public_jobs_jserp-result_job-search-card-subtitle\"><br \/>\n            Grupo Passalacqua<br \/>\n          <\/a><\/p>\n<\/h4>\n<p><!----><\/p>\n<div class=\"base-search-card__metadata\">\n<p>          <span class=\"job-search-card__location\"><br \/>\n            Ribeir\u00e3o Preto, S\u00e3o Paulo, Brazil<br \/>\n          <\/span><\/p>\n<p><!---->  <\/p>\n<p>          <time class=\"job-search-card__listdate\" datetime=\"2024-08-19\"><\/p>\n<p>      3 weeks ago<\/p>\n<p>          <\/time><\/p>\n<p><!---->\n            <\/div>\n<\/p><\/div>\n<p><!---->      <\/p><\/div>\n<\/li>\n<li>\n<div class=\"base-card relative w-full hover:no-underline focus:no-underline base-card--link base-search-card base-search-card--link job-search-card\" data-entity-urn=\"urn:li:jobPosting:4021457001\" data-impression-id=\"jobs-search-desktop-51\" data-reference-id=\"B3cEsSgOXfA7FFz3drxGSQ==\" data-tracking-id=\"VmZU2fZFb\/KcKmiSHpEq1A==\" data-column=\"1\" data-row=\"52\">\n<p>        <a class=\"base-card__full-link absolute top-0 right-0 bottom-0 left-0 p-0 z-[2]\" href=\"https:\/\/br.linkedin.com\/jobs\/view\/assistente-de-log%C3%ADstica-ribeir%C3%A3o-preto-at-premix-4021457001?position=52&amp;pageNum=0&amp;refId=B3cEsSgOXfA7FFz3drxGSQ%3D%3D&amp;trackingId=VmZU2fZFb%2FKcKmiSHpEq1A%3D%3D&amp;trk=public_jobs_jserp-result_search-card\" data-tracking-control-name=\"public_jobs_jserp-result_search-card\" data-tracking-client-ingraph data-tracking-will-navigate><\/p>\n<p>          <span class=\"sr-only\"><\/p>\n<p>        ASSISTENTE DE LOG\u00cdSTICA (RIBEIR\u00c3O PRETO)<\/p>\n<p>          <\/span><br \/>\n        <\/a><\/p>\n<div class=\"search-entity-media\">\n<p>      <img class=\"artdeco-entity-image artdeco-entity-image--square-4\n          \" data-delayed-url=\"https:\/\/media.licdn.com\/dms\/image\/v2\/D4D0BAQEFP4nJ4CSp_Q\/company-logo_100_100\/company-logo_100_100\/0\/1695818284884\/grupo_premix_logo?e=2147483647&amp;v=beta&amp;t=-GGBrZKTyXY_3tC65amrSXVUA_dJDjdqKCVhF4V03d8\" data-ghost-classes=\"artdeco-entity-image--ghost\" data-ghost-url=\"https:\/\/static.licdn.com\/aero-v1\/sc\/h\/6puxblwmhnodu6fjircz4dn4h\" alt><\/p><\/div>\n<div class=\"base-search-card__info\">\n<h3 class=\"base-search-card__title\">\n<p>        ASSISTENTE DE LOG\u00cdSTICA (RIBEIR\u00c3O PRETO)<\/p>\n<\/h3>\n<h4 class=\"base-search-card__subtitle\">\n<p>          <a class=\"hidden-nested-link\" data-tracking-client-ingraph data-tracking-control-name=\"public_jobs_jserp-result_job-search-card-subtitle\" data-tracking-will-navigate href=\"https:\/\/br.linkedin.com\/company\/grupo-premix?trk=public_jobs_jserp-result_job-search-card-subtitle\"><br \/>\n            Premix<br \/>\n          <\/a><\/p>\n<\/h4>\n<p><!----><\/p>\n<div class=\"base-search-card__metadata\">\n<p>          <span class=\"job-search-card__location\"><br \/>\n            Ribeir\u00e3o Preto, S\u00e3o Paulo, Brazil<br \/>\n          <\/span><\/p>\n<div class=\"job-posting-benefits text-sm\">\n        <icon class=\"job-posting-benefits__icon\" data-delayed-url=\"https:\/\/static.licdn.com\/aero-v1\/sc\/h\/8zmuwb93gzlb935fk4ao4z779\" data-svg-class-name=\"job-posting-benefits__icon-svg\"><\/icon><br \/>\n        <span class=\"job-posting-benefits__text\"><br \/>\n          Be an early applicant<br \/>\n<!---->        <\/span>\n      <\/div>\n<p>          <time class=\"job-search-card__listdate--new\" datetime=\"2024-09-11\"><\/p>\n<p>      8 hours ago<\/p>\n<p>          <\/time><\/p>\n<p><!---->\n            <\/div>\n<\/p><\/div>\n<p><!---->      <\/p><\/div>\n<\/li>\n<li>\n<div class=\"base-card relative w-full hover:no-underline focus:no-underline base-card--link base-search-card base-search-card--link job-search-card\" data-entity-urn=\"urn:li:jobPosting:4017701656\" data-impression-id=\"jobs-search-desktop-52\" data-reference-id=\"B3cEsSgOXfA7FFz3drxGSQ==\" data-tracking-id=\"ygHLmfwJnSjU20lQdIJrWw==\" data-column=\"1\" data-row=\"53\">\n<p>        <a class=\"base-card__full-link absolute top-0 right-0 bottom-0 left-0 p-0 z-[2]\" href=\"https:\/\/br.linkedin.com\/jobs\/view\/supervisor-de-despesas-e-viagens-at-adm-4017701656?position=53&amp;pageNum=0&amp;refId=B3cEsSgOXfA7FFz3drxGSQ%3D%3D&amp;trackingId=ygHLmfwJnSjU20lQdIJrWw%3D%3D&amp;trk=public_jobs_jserp-result_search-card\" data-tracking-control-name=\"public_jobs_jserp-result_search-card\" data-tracking-client-ingraph data-tracking-will-navigate><\/p>\n<p>          <span class=\"sr-only\"><\/p>\n<p>        Supervisor de Despesas e Viagens<\/p>\n<p>          <\/span><br \/>\n        <\/a><\/p>\n<div class=\"search-entity-media\">\n<p>      <img class=\"artdeco-entity-image artdeco-entity-image--square-4\n          \" data-delayed-url=\"https:\/\/media.licdn.com\/dms\/image\/v2\/C560BAQG0X_qChwy0vg\/company-logo_100_100\/company-logo_100_100\/0\/1656694101135\/adm_logo?e=2147483647&amp;v=beta&amp;t=f0QK4otPEW3pj6Np_rtYfMvaKkzVSn-1zQJB54Q1kHQ\" data-ghost-classes=\"artdeco-entity-image--ghost\" data-ghost-url=\"https:\/\/static.licdn.com\/aero-v1\/sc\/h\/6puxblwmhnodu6fjircz4dn4h\" alt><\/p><\/div>\n<div class=\"base-search-card__info\">\n<h3 class=\"base-search-card__title\">\n<p>        Supervisor de Despesas e Viagens<\/p>\n<\/h3>\n<h4 class=\"base-search-card__subtitle\">\n<p>          <a class=\"hidden-nested-link\" data-tracking-client-ingraph data-tracking-control-name=\"public_jobs_jserp-result_job-search-card-subtitle\" data-tracking-will-navigate href=\"https:\/\/www.linkedin.com\/company\/adm?trk=public_jobs_jserp-result_job-search-card-subtitle\"><br \/>\n            ADM<br \/>\n          <\/a><\/p>\n<\/h4>\n<p><!----><\/p>\n<div class=\"base-search-card__metadata\">\n<p>          <span class=\"job-search-card__location\"><br \/>\n            Ribeir\u00e3o Preto, S\u00e3o Paulo, Brazil<br \/>\n          <\/span><\/p>\n<div class=\"job-posting-benefits text-sm\">\n        <icon class=\"job-posting-benefits__icon\" data-delayed-url=\"https:\/\/static.licdn.com\/aero-v1\/sc\/h\/3p1v0uhy7uq0cm5zdvzp4eo18\" data-svg-class-name=\"job-posting-benefits__icon-svg\"><\/icon><br \/>\n        <span class=\"job-posting-benefits__text\"><br \/>\n          Actively Hiring<br \/>\n<!---->        <\/span>\n      <\/div>\n<p>          <time class=\"job-search-card__listdate\" datetime=\"2024-09-05\"><\/p>\n<p>      5 days ago<\/p>\n<p>          <\/time><\/p>\n<p><!---->\n            <\/div>\n<\/p><\/div>\n<p><!---->      <\/p><\/div>\n<\/li>\n<li>\n<div class=\"base-card relative w-full hover:no-underline focus:no-underline base-card--link base-search-card base-search-card--link job-search-card\" data-entity-urn=\"urn:li:jobPosting:4008715866\" data-impression-id=\"jobs-search-desktop-53\" data-reference-id=\"B3cEsSgOXfA7FFz3drxGSQ==\" data-tracking-id=\"41G3A0olkrcHWaXESI2MFw==\" data-column=\"1\" data-row=\"54\">\n<p>        <a class=\"base-card__full-link absolute top-0 right-0 bottom-0 left-0 p-0 z-[2]\" href=\"https:\/\/br.linkedin.com\/jobs\/view\/assistente-administrativo%0Aribeir%C3%A3o-preto-sp%0Aefetivo-at-hapvida-notredame-interm%C3%A9dica-4008715866?position=54&amp;pageNum=0&amp;refId=B3cEsSgOXfA7FFz3drxGSQ%3D%3D&amp;trackingId=41G3A0olkrcHWaXESI2MFw%3D%3D&amp;trk=public_jobs_jserp-result_search-card\" data-tracking-control-name=\"public_jobs_jserp-result_search-card\" data-tracking-client-ingraph data-tracking-will-navigate><\/p>\n<p>          <span class=\"sr-only\"><\/p>\n<p>        ASSISTENTE ADMINISTRATIVO<br \/>\nRibeir\u00e3o Preto &#8211; SP<br \/>\nEfetivo<\/p>\n<p>          <\/span><br \/>\n        <\/a><\/p>\n<div class=\"search-entity-media\">\n<p>      <img class=\"artdeco-entity-image artdeco-entity-image--square-4\n          \" data-delayed-url=\"https:\/\/media.licdn.com\/dms\/image\/v2\/D4D0BAQH24fg9zL_27A\/company-logo_100_100\/company-logo_100_100\/0\/1701433107333\/hapvidandi_logo?e=2147483647&amp;v=beta&amp;t=2oIwy9T9pdEDEaaF2pRFHxkmApypy__GUEUgTRQ2Jjg\" data-ghost-classes=\"artdeco-entity-image--ghost\" data-ghost-url=\"https:\/\/static.licdn.com\/aero-v1\/sc\/h\/6puxblwmhnodu6fjircz4dn4h\" alt><\/p><\/div>\n<div class=\"base-search-card__info\">\n<h3 class=\"base-search-card__title\">\n<p>        ASSISTENTE ADMINISTRATIVO<br \/>\nRibeir\u00e3o Preto &#8211; SP<br \/>\nEfetivo<\/p>\n<\/h3>\n<h4 class=\"base-search-card__subtitle\">\n<p>          <a class=\"hidden-nested-link\" data-tracking-client-ingraph data-tracking-control-name=\"public_jobs_jserp-result_job-search-card-subtitle\" data-tracking-will-navigate href=\"https:\/\/br.linkedin.com\/company\/hapvidandi?trk=public_jobs_jserp-result_job-search-card-subtitle\"><br \/>\n            Hapvida NotreDame Interm\u00e9dica<br \/>\n          <\/a><\/p>\n<\/h4>\n<p><!----><\/p>\n<div class=\"base-search-card__metadata\">\n<p>          <span class=\"job-search-card__location\"><br \/>\n            Ribeir\u00e3o Preto, S\u00e3o Paulo, Brazil<br \/>\n          <\/span><\/p>\n<div class=\"job-posting-benefits text-sm\">\n        <icon class=\"job-posting-benefits__icon\" data-delayed-url=\"https:\/\/static.licdn.com\/aero-v1\/sc\/h\/3p1v0uhy7uq0cm5zdvzp4eo18\" data-svg-class-name=\"job-posting-benefits__icon-svg\"><\/icon><br \/>\n        <span class=\"job-posting-benefits__text\"><br \/>\n          Actively Hiring<br \/>\n<!---->        <\/span>\n      <\/div>\n<p>          <time class=\"job-search-card__listdate\" datetime=\"2024-08-27\"><\/p>\n<p>      2 weeks ago<\/p>\n<p>          <\/time><\/p>\n<p><!---->\n            <\/div>\n<\/p><\/div>\n<p><!---->      <\/p><\/div>\n<\/li>\n<li>\n<p>      <a href=\"https:\/\/br.linkedin.com\/jobs\/view\/auxiliar-de-expedi%C3%A7%C3%A3o-sp-4020183049?position=55&amp;pageNum=0&amp;refId=B3cEsSgOXfA7FFz3drxGSQ%3D%3D&amp;trackingId=1lWvG790EzHUvDk%2FSyEvDQ%3D%3D&amp;trk=public_jobs_jserp-result_search-card\" target=\"_self\" data-impression-id=\"jobs-search-desktop-54\" data-tracking-control-name=\"public_jobs_jserp-result_search-card\" data-tracking-will-navigate class=\"base-card relative w-full hover:no-underline focus:no-underline base-card--link base-search-card base-search-card--link job-search-card\" data-tracking-client-ingraph data-entity-urn=\"urn:li:jobPosting:4020183049\" data-reference-id=\"B3cEsSgOXfA7FFz3drxGSQ==\" data-tracking-id=\"1lWvG790EzHUvDk\/SyEvDQ==\" data-column=\"1\" data-row=\"55\" rel=\"noopener\"><\/p>\n<p><!----><\/p>\n<div class=\"search-entity-media\">\n<p>      <img class=\"artdeco-entity-image artdeco-entity-image--square-4\n          artdeco-entity-image--ghost\" data-delayed-url=\"https:\/\/static.licdn.com\/aero-v1\/sc\/h\/6puxblwmhnodu6fjircz4dn4h\" data-ghost-classes=\"artdeco-entity-image--ghost\" data-ghost-url=\"https:\/\/static.licdn.com\/aero-v1\/sc\/h\/6puxblwmhnodu6fjircz4dn4h\" alt><\/p><\/div>\n<div class=\"base-search-card__info\">\n<h3 class=\"base-search-card__title\">\n<p>        Auxiliar de expedi\u00e7\u00e3o &#8211; SP<\/p>\n<\/h3>\n<h4 class=\"base-search-card__subtitle\">\n<p>          AGILIDADE GEST\u00c3O DE PESSOAS E SOLU\u00c7\u00d5ES<\/p>\n<\/h4>\n<p><!----><\/p>\n<div class=\"base-search-card__metadata\">\n<p>          <span class=\"job-search-card__location\"><br \/>\n            Greater Ribeir\u00e3o Preto<br \/>\n          <\/span><\/p>\n<div class=\"job-posting-benefits text-sm\">\n        <icon class=\"job-posting-benefits__icon\" data-delayed-url=\"https:\/\/static.licdn.com\/aero-v1\/sc\/h\/8zmuwb93gzlb935fk4ao4z779\" data-svg-class-name=\"job-posting-benefits__icon-svg\"><\/icon><br \/>\n        <span class=\"job-posting-benefits__text\"><br \/>\n          Be an early applicant<br \/>\n<!---->        <\/span>\n      <\/div>\n<p>          <time class=\"job-search-card__listdate\" datetime=\"2024-09-09\"><\/p>\n<p>      1 day ago<\/p>\n<p>          <\/time><\/p>\n<p><!---->\n            <\/div>\n<\/p><\/div>\n<p><!---->      <\/p>\n<p>      <\/a><\/p>\n<\/li>\n<li>\n<div class=\"base-card relative w-full hover:no-underline focus:no-underline base-card--link base-search-card base-search-card--link job-search-card\" data-entity-urn=\"urn:li:jobPosting:3978782040\" data-impression-id=\"jobs-search-desktop-55\" data-reference-id=\"B3cEsSgOXfA7FFz3drxGSQ==\" data-tracking-id=\"hWQfWnqWHPTNqQxVxwoMLQ==\" data-column=\"1\" data-row=\"56\">\n<p>        <a class=\"base-card__full-link absolute top-0 right-0 bottom-0 left-0 p-0 z-[2]\" href=\"https:\/\/br.linkedin.com\/jobs\/view\/estoquista-afirmativa-para-pcd-viveo-ribeir%C3%A3o-preto-sp-at-viveo-3978782040?position=56&amp;pageNum=0&amp;refId=B3cEsSgOXfA7FFz3drxGSQ%3D%3D&amp;trackingId=hWQfWnqWHPTNqQxVxwoMLQ%3D%3D&amp;trk=public_jobs_jserp-result_search-card\" data-tracking-control-name=\"public_jobs_jserp-result_search-card\" data-tracking-client-ingraph data-tracking-will-navigate><\/p>\n<p>          <span class=\"sr-only\"><\/p>\n<p>        Estoquista (Afirmativa para PCD) | Viveo &#8211; Ribeir\u00e3o Preto\/SP<\/p>\n<p>          <\/span><br \/>\n        <\/a><\/p>\n<div class=\"search-entity-media\">\n<p>      <img class=\"artdeco-entity-image artdeco-entity-image--square-4\n          \" data-delayed-url=\"https:\/\/media.licdn.com\/dms\/image\/v2\/C4D0BAQF7ti0nEPYEOQ\/company-logo_100_100\/company-logo_100_100\/0\/1630556268763\/viveosaude_logo?e=2147483647&amp;v=beta&amp;t=SdvY7j3veRVUDFtDwVbogCoiR-LaU1DfH5OuKL-4M8U\" data-ghost-classes=\"artdeco-entity-image--ghost\" data-ghost-url=\"https:\/\/static.licdn.com\/aero-v1\/sc\/h\/6puxblwmhnodu6fjircz4dn4h\" alt><\/p><\/div>\n<div class=\"base-search-card__info\">\n<h3 class=\"base-search-card__title\">\n<p>        Estoquista (Afirmativa para PCD) | Viveo &#8211; Ribeir\u00e3o Preto\/SP<\/p>\n<\/h3>\n<h4 class=\"base-search-card__subtitle\">\n<p>          <a class=\"hidden-nested-link\" data-tracking-client-ingraph data-tracking-control-name=\"public_jobs_jserp-result_job-search-card-subtitle\" data-tracking-will-navigate href=\"https:\/\/br.linkedin.com\/company\/viveooficial?trk=public_jobs_jserp-result_job-search-card-subtitle\"><br \/>\n            Viveo<br \/>\n          <\/a><\/p>\n<\/h4>\n<p><!----><\/p>\n<div class=\"base-search-card__metadata\">\n<p>          <span class=\"job-search-card__location\"><br \/>\n            Ribeir\u00e3o Preto, S\u00e3o Paulo, Brazil<br \/>\n          <\/span><\/p>\n<div class=\"job-posting-benefits text-sm\">\n        <icon class=\"job-posting-benefits__icon\" data-delayed-url=\"https:\/\/static.licdn.com\/aero-v1\/sc\/h\/8zmuwb93gzlb935fk4ao4z779\" data-svg-class-name=\"job-posting-benefits__icon-svg\"><\/icon><br \/>\n        <span class=\"job-posting-benefits__text\"><br \/>\n          Be an early applicant<br \/>\n<!---->        <\/span>\n      <\/div>\n<p>          <time class=\"job-search-card__listdate\" datetime=\"2024-07-19\"><\/p>\n<p>      1 month ago<\/p>\n<p>          <\/time><\/p>\n<p><!---->\n            <\/div>\n<\/p><\/div>\n<p><!---->      <\/p><\/div>\n<\/li>\n<li>\n<p>      <a href=\"https:\/\/br.linkedin.com\/jobs\/view\/auxiliar-de-log%C3%ADstica-3994744868?position=57&amp;pageNum=0&amp;refId=B3cEsSgOXfA7FFz3drxGSQ%3D%3D&amp;trackingId=RPbMFT4Y969QxONRJHgz9g%3D%3D&amp;trk=public_jobs_jserp-result_search-card\" target=\"_self\" data-impression-id=\"jobs-search-desktop-56\" data-tracking-control-name=\"public_jobs_jserp-result_search-card\" data-tracking-will-navigate class=\"base-card relative w-full hover:no-underline focus:no-underline base-card--link base-search-card base-search-card--link job-search-card\" data-tracking-client-ingraph data-entity-urn=\"urn:li:jobPosting:3994744868\" data-reference-id=\"B3cEsSgOXfA7FFz3drxGSQ==\" data-tracking-id=\"RPbMFT4Y969QxONRJHgz9g==\" data-column=\"1\" data-row=\"57\" rel=\"noopener\"><\/p>\n<p><!----><\/p>\n<div class=\"search-entity-media\">\n<p>      <img class=\"artdeco-entity-image artdeco-entity-image--square-4\n          artdeco-entity-image--ghost\" data-delayed-url=\"https:\/\/static.licdn.com\/aero-v1\/sc\/h\/6puxblwmhnodu6fjircz4dn4h\" data-ghost-classes=\"artdeco-entity-image--ghost\" data-ghost-url=\"https:\/\/static.licdn.com\/aero-v1\/sc\/h\/6puxblwmhnodu6fjircz4dn4h\" alt><\/p><\/div>\n<div class=\"base-search-card__info\">\n<h3 class=\"base-search-card__title\">\n<p>        Auxiliar de Log\u00edstica<\/p>\n<\/h3>\n<h4 class=\"base-search-card__subtitle\">\n<p>          RIMAPCS<\/p>\n<\/h4>\n<p><!----><\/p>\n<div class=\"base-search-card__metadata\">\n<p>          <span class=\"job-search-card__location\"><br \/>\n            Ribeir\u00e3o Preto, S\u00e3o Paulo, Brazil<br \/>\n          <\/span><\/p>\n<div class=\"job-posting-benefits text-sm\">\n        <icon class=\"job-posting-benefits__icon\" data-delayed-url=\"https:\/\/static.licdn.com\/aero-v1\/sc\/h\/8zmuwb93gzlb935fk4ao4z779\" data-svg-class-name=\"job-posting-benefits__icon-svg\"><\/icon><br \/>\n        <span class=\"job-posting-benefits__text\"><br \/>\n          Be an early applicant<br \/>\n<!---->        <\/span>\n      <\/div>\n<p>          <time class=\"job-search-card__listdate\" datetime=\"2024-08-06\"><\/p>\n<p>      1 month ago<\/p>\n<p>          <\/time><\/p>\n<p><!---->\n            <\/div>\n<\/p><\/div>\n<p><!---->      <\/p>\n<p>      <\/a><\/p>\n<\/li>\n<li>\n<div class=\"base-card relative w-full hover:no-underline focus:no-underline base-card--link base-search-card base-search-card--link job-search-card\" data-entity-urn=\"urn:li:jobPosting:3999956492\" data-impression-id=\"jobs-search-desktop-57\" data-reference-id=\"B3cEsSgOXfA7FFz3drxGSQ==\" data-tracking-id=\"JczjCuv2hLJRETTVaoUbFw==\" data-column=\"1\" data-row=\"58\">\n<p>        <a class=\"base-card__full-link absolute top-0 right-0 bottom-0 left-0 p-0 z-[2]\" href=\"https:\/\/br.linkedin.com\/jobs\/view\/assistente-administrativo%0Aribeir%C3%A3o-preto-sp%0Aefetivo-at-grupo-criar-3999956492?position=58&amp;pageNum=0&amp;refId=B3cEsSgOXfA7FFz3drxGSQ%3D%3D&amp;trackingId=JczjCuv2hLJRETTVaoUbFw%3D%3D&amp;trk=public_jobs_jserp-result_search-card\" data-tracking-control-name=\"public_jobs_jserp-result_search-card\" data-tracking-client-ingraph data-tracking-will-navigate><\/p>\n<p>          <span class=\"sr-only\"><\/p>\n<p>        Assistente Administrativo<br \/>\nRibeir\u00e3o Preto &#8211; SP<br \/>\nEfetivo<\/p>\n<p>          <\/span><br \/>\n        <\/a><\/p>\n<div class=\"search-entity-media\">\n<p>      <img class=\"artdeco-entity-image artdeco-entity-image--square-4\n          \" data-delayed-url=\"https:\/\/media.licdn.com\/dms\/image\/v2\/C4E0BAQHU-BvHmS52ZQ\/company-logo_100_100\/company-logo_100_100\/0\/1654083392169\/grupocriar_logo?e=2147483647&amp;v=beta&amp;t=6lvljaD6VLe4nTPU10eaJFNcBnDV2UTigsRSZ5_y5-Q\" data-ghost-classes=\"artdeco-entity-image--ghost\" data-ghost-url=\"https:\/\/static.licdn.com\/aero-v1\/sc\/h\/6puxblwmhnodu6fjircz4dn4h\" alt><\/p><\/div>\n<div class=\"base-search-card__info\">\n<h3 class=\"base-search-card__title\">\n<p>        Assistente Administrativo<br \/>\nRibeir\u00e3o Preto &#8211; SP<br \/>\nEfetivo<\/p>\n<\/h3>\n<h4 class=\"base-search-card__subtitle\">\n<p>          <a class=\"hidden-nested-link\" data-tracking-client-ingraph data-tracking-control-name=\"public_jobs_jserp-result_job-search-card-subtitle\" data-tracking-will-navigate href=\"https:\/\/br.linkedin.com\/company\/grupocriar?trk=public_jobs_jserp-result_job-search-card-subtitle\"><br \/>\n            GRUPO CRIAR<br \/>\n          <\/a><\/p>\n<\/h4>\n<p><!----><\/p>\n<div class=\"base-search-card__metadata\">\n<p>          <span class=\"job-search-card__location\"><br \/>\n            Ribeir\u00e3o Preto, S\u00e3o Paulo, Brazil<br \/>\n          <\/span><\/p>\n<p><!---->  <\/p>\n<p>          <time class=\"job-search-card__listdate\" datetime=\"2024-08-12\"><\/p>\n<p>      1 month ago<\/p>\n<p>          <\/time><\/p>\n<p><!---->\n            <\/div>\n<\/p><\/div>\n<p><!---->      <\/p><\/div>\n<\/li>\n<li>\n<div class=\"base-card relative w-full hover:no-underline focus:no-underline base-card--link base-search-card base-search-card--link job-search-card\" data-entity-urn=\"urn:li:jobPosting:4004448286\" data-impression-id=\"jobs-search-desktop-58\" data-reference-id=\"B3cEsSgOXfA7FFz3drxGSQ==\" data-tracking-id=\"VOQq32MF48wbGTFqOqhLSA==\" data-column=\"1\" data-row=\"59\">\n<p>        <a class=\"base-card__full-link absolute top-0 right-0 bottom-0 left-0 p-0 z-[2]\" href=\"https:\/\/br.linkedin.com\/jobs\/view\/analista-administrativo-jr-at-adm-4004448286?position=59&amp;pageNum=0&amp;refId=B3cEsSgOXfA7FFz3drxGSQ%3D%3D&amp;trackingId=VOQq32MF48wbGTFqOqhLSA%3D%3D&amp;trk=public_jobs_jserp-result_search-card\" data-tracking-control-name=\"public_jobs_jserp-result_search-card\" data-tracking-client-ingraph data-tracking-will-navigate><\/p>\n<p>          <span class=\"sr-only\"><\/p>\n<p>        Analista Administrativo JR<\/p>\n<p>          <\/span><br \/>\n        <\/a><\/p>\n<div class=\"search-entity-media\">\n<p>      <img class=\"artdeco-entity-image artdeco-entity-image--square-4\n          \" data-delayed-url=\"https:\/\/media.licdn.com\/dms\/image\/v2\/C560BAQG0X_qChwy0vg\/company-logo_100_100\/company-logo_100_100\/0\/1656694101135\/adm_logo?e=2147483647&amp;v=beta&amp;t=f0QK4otPEW3pj6Np_rtYfMvaKkzVSn-1zQJB54Q1kHQ\" data-ghost-classes=\"artdeco-entity-image--ghost\" data-ghost-url=\"https:\/\/static.licdn.com\/aero-v1\/sc\/h\/6puxblwmhnodu6fjircz4dn4h\" alt><\/p><\/div>\n<div class=\"base-search-card__info\">\n<h3 class=\"base-search-card__title\">\n<p>        Analista Administrativo JR<\/p>\n<\/h3>\n<h4 class=\"base-search-card__subtitle\">\n<p>          <a class=\"hidden-nested-link\" data-tracking-client-ingraph data-tracking-control-name=\"public_jobs_jserp-result_job-search-card-subtitle\" data-tracking-will-navigate href=\"https:\/\/www.linkedin.com\/company\/adm?trk=public_jobs_jserp-result_job-search-card-subtitle\"><br \/>\n            ADM<br \/>\n          <\/a><\/p>\n<\/h4>\n<p><!----><\/p>\n<div class=\"base-search-card__metadata\">\n<p>          <span class=\"job-search-card__location\"><br \/>\n            Ribeir\u00e3o Preto, S\u00e3o Paulo, Brazil<br \/>\n          <\/span><\/p>\n<div class=\"job-posting-benefits text-sm\">\n        <icon class=\"job-posting-benefits__icon\" data-delayed-url=\"https:\/\/static.licdn.com\/aero-v1\/sc\/h\/3p1v0uhy7uq0cm5zdvzp4eo18\" data-svg-class-name=\"job-posting-benefits__icon-svg\"><\/icon><br \/>\n        <span class=\"job-posting-benefits__text\"><br \/>\n          Actively Hiring<br \/>\n<!---->        <\/span>\n      <\/div>\n<p>          <time class=\"job-search-card__listdate\" datetime=\"2024-08-20\"><\/p>\n<p>      3 weeks ago<\/p>\n<p>          <\/time><\/p>\n<p><!---->\n            <\/div>\n<\/p><\/div>\n<p><!---->      <\/p><\/div>\n<\/li>\n<li>\n<p>      <a href=\"https:\/\/br.linkedin.com\/jobs\/view\/conferente-de-estoque-3877879595?position=60&amp;pageNum=0&amp;refId=B3cEsSgOXfA7FFz3drxGSQ%3D%3D&amp;trackingId=IoEp4S7V702TFP8WMEIb0A%3D%3D&amp;trk=public_jobs_jserp-result_search-card\" target=\"_self\" data-impression-id=\"jobs-search-desktop-59\" data-tracking-control-name=\"public_jobs_jserp-result_search-card\" data-tracking-will-navigate class=\"base-card relative w-full hover:no-underline focus:no-underline base-card--link base-search-card base-search-card--link job-search-card\" data-tracking-client-ingraph data-entity-urn=\"urn:li:jobPosting:3877879595\" data-reference-id=\"B3cEsSgOXfA7FFz3drxGSQ==\" data-tracking-id=\"IoEp4S7V702TFP8WMEIb0A==\" data-column=\"1\" data-row=\"60\" rel=\"noopener\"><\/p>\n<p><!----><\/p>\n<div class=\"search-entity-media\">\n<p>      <img class=\"artdeco-entity-image artdeco-entity-image--square-4\n          artdeco-entity-image--ghost\" data-delayed-url=\"https:\/\/static.licdn.com\/aero-v1\/sc\/h\/6puxblwmhnodu6fjircz4dn4h\" data-ghost-classes=\"artdeco-entity-image--ghost\" data-ghost-url=\"https:\/\/static.licdn.com\/aero-v1\/sc\/h\/6puxblwmhnodu6fjircz4dn4h\" alt><\/p><\/div>\n<div class=\"base-search-card__info\">\n<h3 class=\"base-search-card__title\">\n<p>        Conferente de Estoque<\/p>\n<\/h3>\n<h4 class=\"base-search-card__subtitle\">\n<p>          Della Volpe<\/p>\n<\/h4>\n<p><!----><\/p>\n<div class=\"base-search-card__metadata\">\n<p>          <span class=\"job-search-card__location\"><br \/>\n            Greater Ribeir\u00e3o Preto<br \/>\n          <\/span><\/p>\n<p><!---->  <\/p>\n<p>          <time class=\"job-search-card__listdate\" datetime=\"2024-04-02\"><\/p>\n<p>      5 months ago<\/p>\n<p>          <\/time><\/p>\n<p><!---->\n            <\/div>\n<\/p><\/div>\n<p><!---->      <\/p>\n<p>      <\/a><\/p>\n<\/li>\n<\/ul>\n<div class=\"loader\">\n<div class=\"loader__container mb-2 overflow-hidden\">\n        <icon class=\"loader__icon inline-block loader__icon--default text-color-progress-loading\" data-delayed-url=\"https:\/\/static.licdn.com\/aero-v1\/sc\/h\/ddi43qwelxeqjxdd45pe3fvs1\" data-svg-class-name=\"loader__icon-svg--small fill-currentColor h-[30px] min-h-[30px] w-[30px] min-w-[30px]\"><\/icon>\n      <\/div>\n<\/p><\/div>\n<p>      <button aria-label=\"See more jobs\" class=\"infinite-scroller__show-more-button\" data-tracking-control-name=\"infinite-scroller_show-more\"><\/p>\n<p>                See more jobs<\/p>\n<p>      <\/button><\/p>\n<div class=\"px-1.5 flex inline-notification hidden text-color-signal-positive see-more-jobs__viewed-all\" role=\"alert\" type=\"success\">\n      <icon class=\"inline-notification__icon w-[20px] h-[20px] shrink-0 mr-[10px] inline-block\" data-delayed-url=\"https:\/\/static.licdn.com\/aero-v1\/sc\/h\/5y10kyxw0tpa4rk80dkbjhk6b\"><\/icon><\/p>\n<p class=\"inline-notification__text text-sm leading-regular\">\n        You&#8217;ve viewed all jobs for this search<br \/>\n<!---->      <\/p>\n<\/p><\/div>\n<section class=\"similar-titles\">\n<h3 class=\"similar-titles__heading\">\n          Search similar titles<br \/>\n        <\/h3>\n<ul class=\"similar-titles__list\">\n<li class=\"similar-titles__title\">\n              <a class=\"similar-titles__link\" data-tracking-control-name=\"public_jobs_similar-title\" data-tracking-will-navigate href=\"https:\/\/www.linkedin.com\/jobs\/purchase-specialist-jobs?trk=public_jobs_similar-title\"><br \/>\n                Purchase Specialist jobs<br \/>\n              <\/a>\n            <\/li>\n<li class=\"similar-titles__title\">\n              <a class=\"similar-titles__link\" data-tracking-control-name=\"public_jobs_similar-title\" data-tracking-will-navigate href=\"https:\/\/www.linkedin.com\/jobs\/custom-broker-jobs?trk=public_jobs_similar-title\"><br \/>\n                Custom Broker jobs<br \/>\n              <\/a>\n            <\/li>\n<li class=\"similar-titles__title\">\n              <a class=\"similar-titles__link\" data-tracking-control-name=\"public_jobs_similar-title\" data-tracking-will-navigate href=\"https:\/\/www.linkedin.com\/jobs\/transportation-analyst-jobs?trk=public_jobs_similar-title\"><br \/>\n                Transportation Analyst jobs<br \/>\n              <\/a>\n            <\/li>\n<\/ul>\n<\/section>\n<\/section>\n<p>        <\/main><br \/>\n<a class=\"base-card__full-link absolute top-0 right-0 bottom-0 left-0 p-0 z-[2]\" href=\"https:\/\/br.linkedin.com\/jobs\/view\/assistente-de-log%C3%ADstica-pleno-at-pepsico-4015554350?position=2&amp;pageNum=0&amp;refId=B3cEsSgOXfA7FFz3drxGSQ%3D%3D&amp;trackingId=tL%2Be8qjH44PPtXCssG44vA%3D%3D&amp;trk=public_jobs_jserp-result_search-card\" data-tracking-control-name=\"public_jobs_jserp-result_search-card\" data-tracking-client-ingraph data-tracking-will-navigate><\/p>\n<p>          <span class=\"sr-only\"><\/p>\n<p>        Assistente de Log\u00edstica Pleno<\/p>\n<p>          <\/span><br \/>\n        <\/a><br \/>\n<a class=\"base-card__full-link absolute top-0 right-0 bottom-0 left-0 p-0 z-[2]\" href=\"https:\/\/br.linkedin.com\/jobs\/view\/estoquista-sephora-ribeir%C3%A3o-preto-at-randstad-3632788949?position=11&amp;pageNum=0&amp;refId=B3cEsSgOXfA7FFz3drxGSQ%3D%3D&amp;trackingId=mEo0WpTVJHPKi6UBGlgffg%3D%3D&amp;trk=public_jobs_jserp-result_search-card\" data-tracking-control-name=\"public_jobs_jserp-result_search-card\" data-tracking-client-ingraph data-tracking-will-navigate><\/p>\n<p>          <span class=\"sr-only\"><\/p>\n<p>        Estoquista &#8211; Sephora Ribeir\u00e3o Preto<\/p>\n<p>          <\/span><br \/>\n        <\/a><\/p>\n<div class='code-block code-block-4' style='margin: 8px auto 8px 0; text-align: left; display: block; clear: both;'>\n\ud83d\udce2 Aviso Legal\n\nO site ismaelcolosi.com.br atua apenas como um canal de divulga\u00e7\u00e3o de oportunidades de emprego e n\u00e3o se responsabiliza pelo processo seletivo, contrata\u00e7\u00e3o ou qualquer outra etapa relacionada \u00e0s vagas publicadas. Todas as informa\u00e7\u00f5es s\u00e3o de responsabilidade dos anunciantes.\n\n\u26a0\ufe0f Aten\u00e7\u00e3o! Nunca pague por promessas de emprego nem compre cursos que garantam contrata\u00e7\u00e3o. Desconfie de qualquer cobran\u00e7a para participar de sele\u00e7\u00f5es.\n\n\n\n<\/div>\n<!-- CONTENT END 1 -->\n","protected":false},"excerpt":{"rendered":"<p>Operador Log\u00edstica &#8211; Nortel Ribeir\u00e3o Preto &#8211; SP Efetivo Assistente de Log\u00edstica Pleno Morada &#8211; Conferente &#8211; Carga Fracionada Ribeir\u00e3o Preto &#8211; SP Efetivo Operador&#8230;<\/p>\n","protected":false},"author":1,"featured_media":65276,"comment_status":"open","ping_status":"open","sticky":false,"template":"","format":"standard","meta":{"_uag_custom_page_level_css":"","advanced_seo_description":"","jetpack_seo_html_title":"","jetpack_seo_noindex":false,"jetpack_post_was_ever_published":false,"_jetpack_newsletter_access":"","_jetpack_dont_email_post_to_subs":false,"_jetpack_newsletter_tier_id":0,"_jetpack_memberships_contains_paywalled_content":false,"_jetpack_memberships_contains_paid_content":false,"footnotes":"","jetpack_publicize_message":"","jetpack_publicize_feature_enabled":true,"jetpack_social_post_already_shared":true,"jetpack_social_options":{"image_generator_settings":{"template":"highway","default_image_id":0,"font":"","enabled":false},"version":2}},"categories":[7],"tags":[],"class_list":["post-65275","post","type-post","status-publish","format-standard","has-post-thumbnail","hentry","category-vagas-de-empregos-em-ribeirao-preto-regiao-brasil"],"jetpack_publicize_connections":[],"jetpack_featured_media_url":"https:\/\/i0.wp.com\/ismaelcolosi.com.br\/wp-content\/uploads\/2024\/09\/Novas-vagas-de-emprego-na-area-de-logistica-Saiba-como-enviar-seu-curriculo.jpg?fit=1199%2C675&ssl=1","uagb_featured_image_src":{"full":["https:\/\/i0.wp.com\/ismaelcolosi.com.br\/wp-content\/uploads\/2024\/09\/Novas-vagas-de-emprego-na-area-de-logistica-Saiba-como-enviar-seu-curriculo.jpg?fit=1199%2C675&ssl=1",1199,675,false],"thumbnail":["https:\/\/i0.wp.com\/ismaelcolosi.com.br\/wp-content\/uploads\/2024\/09\/Novas-vagas-de-emprego-na-area-de-logistica-Saiba-como-enviar-seu-curriculo.jpg?resize=150%2C150&ssl=1",150,150,true],"medium":["https:\/\/i0.wp.com\/ismaelcolosi.com.br\/wp-content\/uploads\/2024\/09\/Novas-vagas-de-emprego-na-area-de-logistica-Saiba-como-enviar-seu-curriculo.jpg?fit=300%2C169&ssl=1",300,169,true],"medium_large":["https:\/\/i0.wp.com\/ismaelcolosi.com.br\/wp-content\/uploads\/2024\/09\/Novas-vagas-de-emprego-na-area-de-logistica-Saiba-como-enviar-seu-curriculo.jpg?fit=768%2C432&ssl=1",768,432,true],"large":["https:\/\/i0.wp.com\/ismaelcolosi.com.br\/wp-content\/uploads\/2024\/09\/Novas-vagas-de-emprego-na-area-de-logistica-Saiba-como-enviar-seu-curriculo.jpg?fit=1024%2C576&ssl=1",1024,576,true],"1536x1536":["https:\/\/i0.wp.com\/ismaelcolosi.com.br\/wp-content\/uploads\/2024\/09\/Novas-vagas-de-emprego-na-area-de-logistica-Saiba-como-enviar-seu-curriculo.jpg?fit=1199%2C675&ssl=1",1199,675,true],"2048x2048":["https:\/\/i0.wp.com\/ismaelcolosi.com.br\/wp-content\/uploads\/2024\/09\/Novas-vagas-de-emprego-na-area-de-logistica-Saiba-como-enviar-seu-curriculo.jpg?fit=1199%2C675&ssl=1",1199,675,true],"really-simple-thumb":["https:\/\/i0.wp.com\/ismaelcolosi.com.br\/wp-content\/uploads\/2024\/09\/Novas-vagas-de-emprego-na-area-de-logistica-Saiba-como-enviar-seu-curriculo.jpg?resize=370%2C247&ssl=1",370,247,true]},"uagb_author_info":{"display_name":"ismaelcolosi.com.br","author_link":"https:\/\/ismaelcolosi.com.br\/index.php\/author\/vidareal-online\/"},"uagb_comment_info":0,"uagb_excerpt":"Operador Log\u00edstica &#8211; Nortel Ribeir\u00e3o Preto &#8211; SP Efetivo Assistente de Log\u00edstica Pleno Morada &#8211; Conferente &#8211; Carga Fracionada Ribeir\u00e3o Preto &#8211; SP Efetivo Operador...","jetpack-related-posts":[{"id":88711,"url":"https:\/\/ismaelcolosi.com.br\/index.php\/2026\/01\/02\/vagas-de-emprego-na-area-de-logistica-em-ribeirao-preto-sp-36\/","url_meta":{"origin":65275,"position":0},"title":"Vagas de emprego na \u00e1rea de log\u00edstica em Ribeir\u00e3o Preto-SP","author":"ismaelcolosi.com.br","date":"2 de January de 2026","format":false,"excerpt":"ESTOQUISTA AUXILIAR LOGISTICA Auxiliar de Estoque - Ribeir\u00e3o Preto\/SP Get notified about new Log\u00edstica jobs in Ribeir\u00e3o Preto. Sign in to create job alert 181 Log\u00edstica Jobs in Ribeir\u00e3o Preto ESTOQUISTA ESTOQUISTA Siqueira Campos Ribeir\u00e3o Preto, S\u00e3o Paulo, Brazil Be an early applicant 1 month ago AUXILIAR LOGISTICA AUXILIAR LOGISTICA\u2026","rel":"","context":"In &quot;Vagas de Emprego em Ribeir\u00e3o Preto-SP&quot;","block_context":{"text":"Vagas de Emprego em Ribeir\u00e3o Preto-SP","link":"https:\/\/ismaelcolosi.com.br\/index.php\/category\/empregos-classificados-vagas-trabalho\/vagas-de-empregos-em-ribeirao-preto-regiao-brasil\/"},"img":{"alt_text":"","src":"https:\/\/i0.wp.com\/ismaelcolosi.com.br\/wp-content\/uploads\/2026\/01\/Novas-vagas-de-emprego-na-area-de-logistica-Saiba-como-enviar-seu-curriculo.jpg?fit=1199%2C675&ssl=1&resize=350%2C200","width":350,"height":200,"srcset":"https:\/\/i0.wp.com\/ismaelcolosi.com.br\/wp-content\/uploads\/2026\/01\/Novas-vagas-de-emprego-na-area-de-logistica-Saiba-como-enviar-seu-curriculo.jpg?fit=1199%2C675&ssl=1&resize=350%2C200 1x, https:\/\/i0.wp.com\/ismaelcolosi.com.br\/wp-content\/uploads\/2026\/01\/Novas-vagas-de-emprego-na-area-de-logistica-Saiba-como-enviar-seu-curriculo.jpg?fit=1199%2C675&ssl=1&resize=525%2C300 1.5x, https:\/\/i0.wp.com\/ismaelcolosi.com.br\/wp-content\/uploads\/2026\/01\/Novas-vagas-de-emprego-na-area-de-logistica-Saiba-como-enviar-seu-curriculo.jpg?fit=1199%2C675&ssl=1&resize=700%2C400 2x, https:\/\/i0.wp.com\/ismaelcolosi.com.br\/wp-content\/uploads\/2026\/01\/Novas-vagas-de-emprego-na-area-de-logistica-Saiba-como-enviar-seu-curriculo.jpg?fit=1199%2C675&ssl=1&resize=1050%2C600 3x"},"classes":[]},{"id":83275,"url":"https:\/\/ismaelcolosi.com.br\/index.php\/2025\/02\/23\/vagas-de-emprego-na-area-de-logistica-em-ribeirao-preto-sp-16\/","url_meta":{"origin":65275,"position":1},"title":"Vagas de emprego na \u00e1rea de log\u00edstica em Ribeir\u00e3o Preto-SP","author":"ismaelcolosi.com.br","date":"23 de February de 2025","format":false,"excerpt":"ESTOQUISTA | Mafra - Ribeir\u00e3o Preto Auxiliar de Log\u00edstica Estoquista | Ribeir\u00e3o Preto - SP Get notified about new Log\u00edstica jobs in Ribeir\u00e3o Preto. Sign in to create job alert 377 Log\u00edstica Jobs in Ribeir\u00e3o Preto ESTOQUISTA | Mafra - Ribeir\u00e3o Preto ESTOQUISTA | Mafra - Ribeir\u00e3o Preto Viveo Ribeir\u00e3o\u2026","rel":"","context":"In &quot;Vagas de Emprego em Ribeir\u00e3o Preto-SP&quot;","block_context":{"text":"Vagas de Emprego em Ribeir\u00e3o Preto-SP","link":"https:\/\/ismaelcolosi.com.br\/index.php\/category\/empregos-classificados-vagas-trabalho\/vagas-de-empregos-em-ribeirao-preto-regiao-brasil\/"},"img":{"alt_text":"","src":"https:\/\/i0.wp.com\/ismaelcolosi.com.br\/wp-content\/uploads\/2025\/02\/1740341974_Novas-vagas-de-emprego-na-area-de-logistica-Saiba-como-enviar-seu-curriculo.jpg?fit=1199%2C675&ssl=1&resize=350%2C200","width":350,"height":200,"srcset":"https:\/\/i0.wp.com\/ismaelcolosi.com.br\/wp-content\/uploads\/2025\/02\/1740341974_Novas-vagas-de-emprego-na-area-de-logistica-Saiba-como-enviar-seu-curriculo.jpg?fit=1199%2C675&ssl=1&resize=350%2C200 1x, https:\/\/i0.wp.com\/ismaelcolosi.com.br\/wp-content\/uploads\/2025\/02\/1740341974_Novas-vagas-de-emprego-na-area-de-logistica-Saiba-como-enviar-seu-curriculo.jpg?fit=1199%2C675&ssl=1&resize=525%2C300 1.5x, https:\/\/i0.wp.com\/ismaelcolosi.com.br\/wp-content\/uploads\/2025\/02\/1740341974_Novas-vagas-de-emprego-na-area-de-logistica-Saiba-como-enviar-seu-curriculo.jpg?fit=1199%2C675&ssl=1&resize=700%2C400 2x, https:\/\/i0.wp.com\/ismaelcolosi.com.br\/wp-content\/uploads\/2025\/02\/1740341974_Novas-vagas-de-emprego-na-area-de-logistica-Saiba-como-enviar-seu-curriculo.jpg?fit=1199%2C675&ssl=1&resize=1050%2C600 3x"},"classes":[]},{"id":88575,"url":"https:\/\/ismaelcolosi.com.br\/index.php\/2025\/12\/18\/vagas-de-emprego-na-area-de-logistica-em-ribeirao-preto-sp-35\/","url_meta":{"origin":65275,"position":2},"title":"Vagas de emprego na \u00e1rea de log\u00edstica em Ribeir\u00e3o Preto-SP","author":"ismaelcolosi.com.br","date":"18 de December de 2025","format":false,"excerpt":"ESTOQUISTA AUXILIAR LOGISTICA Assistente de Logistica - Ribeir\u00e3o Preto Get notified about new Log\u00edstica jobs in Ribeir\u00e3o Preto. Sign in to create job alert 182 Log\u00edstica Jobs in Ribeir\u00e3o Preto ESTOQUISTA ESTOQUISTA Siqueira Campos Ribeir\u00e3o Preto, S\u00e3o Paulo, Brazil Be an early applicant 1 month ago AUXILIAR LOGISTICA AUXILIAR LOGISTICA\u2026","rel":"","context":"In &quot;Vagas de Emprego em Ribeir\u00e3o Preto-SP&quot;","block_context":{"text":"Vagas de Emprego em Ribeir\u00e3o Preto-SP","link":"https:\/\/ismaelcolosi.com.br\/index.php\/category\/empregos-classificados-vagas-trabalho\/vagas-de-empregos-em-ribeirao-preto-regiao-brasil\/"},"img":{"alt_text":"","src":"https:\/\/i0.wp.com\/ismaelcolosi.com.br\/wp-content\/uploads\/2025\/12\/1766060255_Novas-vagas-de-emprego-na-area-de-logistica-Saiba-como-enviar-seu-curriculo.jpg?fit=1199%2C675&ssl=1&resize=350%2C200","width":350,"height":200,"srcset":"https:\/\/i0.wp.com\/ismaelcolosi.com.br\/wp-content\/uploads\/2025\/12\/1766060255_Novas-vagas-de-emprego-na-area-de-logistica-Saiba-como-enviar-seu-curriculo.jpg?fit=1199%2C675&ssl=1&resize=350%2C200 1x, https:\/\/i0.wp.com\/ismaelcolosi.com.br\/wp-content\/uploads\/2025\/12\/1766060255_Novas-vagas-de-emprego-na-area-de-logistica-Saiba-como-enviar-seu-curriculo.jpg?fit=1199%2C675&ssl=1&resize=525%2C300 1.5x, https:\/\/i0.wp.com\/ismaelcolosi.com.br\/wp-content\/uploads\/2025\/12\/1766060255_Novas-vagas-de-emprego-na-area-de-logistica-Saiba-como-enviar-seu-curriculo.jpg?fit=1199%2C675&ssl=1&resize=700%2C400 2x, https:\/\/i0.wp.com\/ismaelcolosi.com.br\/wp-content\/uploads\/2025\/12\/1766060255_Novas-vagas-de-emprego-na-area-de-logistica-Saiba-como-enviar-seu-curriculo.jpg?fit=1199%2C675&ssl=1&resize=1050%2C600 3x"},"classes":[]},{"id":83635,"url":"https:\/\/ismaelcolosi.com.br\/index.php\/2025\/03\/10\/vagas-de-emprego-na-area-de-logistica-em-ribeirao-preto-sp-17\/","url_meta":{"origin":65275,"position":3},"title":"Vagas de emprego na \u00e1rea de log\u00edstica em Ribeir\u00e3o Preto-SP","author":"ismaelcolosi.com.br","date":"10 de March de 2025","format":false,"excerpt":"Auxiliar Opera\u00e7\u00f5es Log\u00edsticas Auxiliar de Log\u00edstica Estoquista | Ribeir\u00e3o Preto - SP Get notified about new Log\u00edstica jobs in Ribeir\u00e3o Preto. Sign in to create job alert 357 Log\u00edstica Jobs in Ribeir\u00e3o Preto Auxiliar Opera\u00e7\u00f5es Log\u00edsticas Auxiliar Opera\u00e7\u00f5es Log\u00edsticas GHT - Grupo Hidrau Torque Ribeir\u00e3o Preto, S\u00e3o Paulo, Brazil Actively\u2026","rel":"","context":"In &quot;Vagas de Emprego em Ribeir\u00e3o Preto-SP&quot;","block_context":{"text":"Vagas de Emprego em Ribeir\u00e3o Preto-SP","link":"https:\/\/ismaelcolosi.com.br\/index.php\/category\/empregos-classificados-vagas-trabalho\/vagas-de-empregos-em-ribeirao-preto-regiao-brasil\/"},"img":{"alt_text":"","src":"https:\/\/i0.wp.com\/ismaelcolosi.com.br\/wp-content\/uploads\/2025\/03\/Novas-vagas-de-emprego-na-area-de-logistica-Saiba-como-enviar-seu-curriculo.jpg?fit=1199%2C675&ssl=1&resize=350%2C200","width":350,"height":200,"srcset":"https:\/\/i0.wp.com\/ismaelcolosi.com.br\/wp-content\/uploads\/2025\/03\/Novas-vagas-de-emprego-na-area-de-logistica-Saiba-como-enviar-seu-curriculo.jpg?fit=1199%2C675&ssl=1&resize=350%2C200 1x, https:\/\/i0.wp.com\/ismaelcolosi.com.br\/wp-content\/uploads\/2025\/03\/Novas-vagas-de-emprego-na-area-de-logistica-Saiba-como-enviar-seu-curriculo.jpg?fit=1199%2C675&ssl=1&resize=525%2C300 1.5x, https:\/\/i0.wp.com\/ismaelcolosi.com.br\/wp-content\/uploads\/2025\/03\/Novas-vagas-de-emprego-na-area-de-logistica-Saiba-como-enviar-seu-curriculo.jpg?fit=1199%2C675&ssl=1&resize=700%2C400 2x, https:\/\/i0.wp.com\/ismaelcolosi.com.br\/wp-content\/uploads\/2025\/03\/Novas-vagas-de-emprego-na-area-de-logistica-Saiba-como-enviar-seu-curriculo.jpg?fit=1199%2C675&ssl=1&resize=1050%2C600 3x"},"classes":[]},{"id":86004,"url":"https:\/\/ismaelcolosi.com.br\/index.php\/2025\/06\/08\/vagas-de-emprego-na-area-de-logistica-em-ribeirao-preto-sp-23\/","url_meta":{"origin":65275,"position":4},"title":"Vagas de emprego na \u00e1rea de log\u00edstica em Ribeir\u00e3o Preto-SP","author":"ismaelcolosi.com.br","date":"8 de June de 2025","format":false,"excerpt":"Assistente de Log\u00edstica Pleno Estoquista | Mafra - Ribeir\u00e3o Preto Estoquista Get notified about new Log\u00edstica jobs in Ribeir\u00e3o Preto. Sign in to create job alert 280 Log\u00edstica Jobs in Ribeir\u00e3o Preto Assistente de Log\u00edstica Pleno Assistente de Log\u00edstica Pleno PepsiCo Ribeir\u00e3o Preto, S\u00e3o Paulo, Brazil Actively Hiring 2 weeks\u2026","rel":"","context":"In &quot;Vagas de Emprego em Ribeir\u00e3o Preto-SP&quot;","block_context":{"text":"Vagas de Emprego em Ribeir\u00e3o Preto-SP","link":"https:\/\/ismaelcolosi.com.br\/index.php\/category\/empregos-classificados-vagas-trabalho\/vagas-de-empregos-em-ribeirao-preto-regiao-brasil\/"},"img":{"alt_text":"","src":"https:\/\/i0.wp.com\/ismaelcolosi.com.br\/wp-content\/uploads\/2025\/06\/Novas-vagas-de-emprego-na-area-de-logistica-Saiba-como-enviar-seu-curriculo.jpg?fit=1199%2C675&ssl=1&resize=350%2C200","width":350,"height":200,"srcset":"https:\/\/i0.wp.com\/ismaelcolosi.com.br\/wp-content\/uploads\/2025\/06\/Novas-vagas-de-emprego-na-area-de-logistica-Saiba-como-enviar-seu-curriculo.jpg?fit=1199%2C675&ssl=1&resize=350%2C200 1x, https:\/\/i0.wp.com\/ismaelcolosi.com.br\/wp-content\/uploads\/2025\/06\/Novas-vagas-de-emprego-na-area-de-logistica-Saiba-como-enviar-seu-curriculo.jpg?fit=1199%2C675&ssl=1&resize=525%2C300 1.5x, https:\/\/i0.wp.com\/ismaelcolosi.com.br\/wp-content\/uploads\/2025\/06\/Novas-vagas-de-emprego-na-area-de-logistica-Saiba-como-enviar-seu-curriculo.jpg?fit=1199%2C675&ssl=1&resize=700%2C400 2x, https:\/\/i0.wp.com\/ismaelcolosi.com.br\/wp-content\/uploads\/2025\/06\/Novas-vagas-de-emprego-na-area-de-logistica-Saiba-como-enviar-seu-curriculo.jpg?fit=1199%2C675&ssl=1&resize=1050%2C600 3x"},"classes":[]},{"id":14874,"url":"https:\/\/ismaelcolosi.com.br\/index.php\/2023\/12\/12\/encontre-aqui-a-sua-oportunidade-de-emprego-2\/","url_meta":{"origin":65275,"position":5},"title":"Encontre aqui a sua oportunidade de emprego","author":"ismaelcolosi.com.br","date":"12 de December de 2023","format":false,"excerpt":"Confira mais de 570 vagas dispon\u00edveis.Vagas por cidadeTodas(498)Mat\u00e3o(203)Araras(201)Ribeir\u00e3o Preto(58)Cravinhos(14)Santos(9)Monte Alto(4)Vagas por \u00e1reaTodas(571)Industrial, Produ\u00e7\u00e3o...(223)Produ\u00e7\u00e3o\/Fabrica\u00e7\u00e3o(214)Transporte Terrestre(74)Industrial,Produ\u00e7\u00e3o...(10)Log\u00edstica(5)Log\u00edstica,Produ\u00e7\u00e3o...(3)Vagas por cargoTodas(571)Ajudante de Produ\u00e7\u00e3o -...(401)Motorista - V\u00e1rias...(72)Operador (a) de Processo...(13)Auxiliar de Produ\u00e7\u00e3o...(12)Operador de Produ\u00e7\u00e3o -...(9)Auxiliar de Expedi\u00e7\u00e3o(4) Vagas recentesVaga para Auxiliar Administrativo de Log\u00edstica em Ribeir\u00e3o Pretoh\u00e1 1 horaVaga para Analista de Garantia da Qualidade Jr.\u2026","rel":"","context":"In &quot;Vagas de Emprego em Ribeir\u00e3o Preto-SP&quot;","block_context":{"text":"Vagas de Emprego em Ribeir\u00e3o Preto-SP","link":"https:\/\/ismaelcolosi.com.br\/index.php\/category\/empregos-classificados-vagas-trabalho\/vagas-de-empregos-em-ribeirao-preto-regiao-brasil\/"},"img":{"alt_text":"","src":"https:\/\/i0.wp.com\/ismaelcolosi.com.br\/wp-content\/uploads\/2023\/12\/1702411085_maxresdefault.jpg?fit=1200%2C675&ssl=1&resize=350%2C200","width":350,"height":200,"srcset":"https:\/\/i0.wp.com\/ismaelcolosi.com.br\/wp-content\/uploads\/2023\/12\/1702411085_maxresdefault.jpg?fit=1200%2C675&ssl=1&resize=350%2C200 1x, https:\/\/i0.wp.com\/ismaelcolosi.com.br\/wp-content\/uploads\/2023\/12\/1702411085_maxresdefault.jpg?fit=1200%2C675&ssl=1&resize=525%2C300 1.5x, https:\/\/i0.wp.com\/ismaelcolosi.com.br\/wp-content\/uploads\/2023\/12\/1702411085_maxresdefault.jpg?fit=1200%2C675&ssl=1&resize=700%2C400 2x, https:\/\/i0.wp.com\/ismaelcolosi.com.br\/wp-content\/uploads\/2023\/12\/1702411085_maxresdefault.jpg?fit=1200%2C675&ssl=1&resize=1050%2C600 3x"},"classes":[]}],"jetpack_sharing_enabled":true,"jetpack_shortlink":"https:\/\/wp.me\/pfMlyK-gYP","_links":{"self":[{"href":"https:\/\/ismaelcolosi.com.br\/index.php\/wp-json\/wp\/v2\/posts\/65275","targetHints":{"allow":["GET"]}}],"collection":[{"href":"https:\/\/ismaelcolosi.com.br\/index.php\/wp-json\/wp\/v2\/posts"}],"about":[{"href":"https:\/\/ismaelcolosi.com.br\/index.php\/wp-json\/wp\/v2\/types\/post"}],"author":[{"embeddable":true,"href":"https:\/\/ismaelcolosi.com.br\/index.php\/wp-json\/wp\/v2\/users\/1"}],"replies":[{"embeddable":true,"href":"https:\/\/ismaelcolosi.com.br\/index.php\/wp-json\/wp\/v2\/comments?post=65275"}],"version-history":[{"count":0,"href":"https:\/\/ismaelcolosi.com.br\/index.php\/wp-json\/wp\/v2\/posts\/65275\/revisions"}],"wp:featuredmedia":[{"embeddable":true,"href":"https:\/\/ismaelcolosi.com.br\/index.php\/wp-json\/wp\/v2\/media\/65276"}],"wp:attachment":[{"href":"https:\/\/ismaelcolosi.com.br\/index.php\/wp-json\/wp\/v2\/media?parent=65275"}],"wp:term":[{"taxonomy":"category","embeddable":true,"href":"https:\/\/ismaelcolosi.com.br\/index.php\/wp-json\/wp\/v2\/categories?post=65275"},{"taxonomy":"post_tag","embeddable":true,"href":"https:\/\/ismaelcolosi.com.br\/index.php\/wp-json\/wp\/v2\/tags?post=65275"}],"curies":[{"name":"wp","href":"https:\/\/api.w.org\/{rel}","templated":true}]}}