{"id":65271,"date":"2024-09-11T15:46:28","date_gmt":"2024-09-11T18:46:28","guid":{"rendered":"https:\/\/ismaelcolosi.com.br\/index.php\/2024\/09\/11\/4-maneiras-de-proteger-seus-funcionarios-do-calor-extremo\/"},"modified":"2024-09-11T15:46:28","modified_gmt":"2024-09-11T18:46:28","slug":"4-maneiras-de-proteger-seus-funcionarios-do-calor-extremo","status":"publish","type":"post","link":"https:\/\/ismaelcolosi.com.br\/index.php\/2024\/09\/11\/4-maneiras-de-proteger-seus-funcionarios-do-calor-extremo\/","title":{"rendered":"4 maneiras de proteger seus funcion\u00e1rios do calor extremo"},"content":{"rendered":"<p> <br \/>\n<\/p>\n<div>\n<div id=\"attachment_634124\" class=\"wp-caption alignnone style=\" max-width:=\"\"><img data-recalc-dims=\"1\" fetchpriority=\"high\" decoding=\"async\" class=\"alignnone alignnone size-full wp-image-634124\" src=\"https:\/\/i0.wp.com\/forbes.com.br\/wp-content\/uploads\/2024\/09\/Carreira_funcionarios_calor-extremo-768x512.jpg?resize=678%2C452&#038;ssl=1\" alt=\"Getty Images\" width=\"678\" height=\"452\"\/><\/p>\n<p>Getty Images<\/p>\n<p class=\"wp-caption-text\">Calor extremo pode causar taquicardia, n\u00e1useas, fadiga extrema, tontura, dores de cabe\u00e7a e desmaios<\/p>\n<\/div>\n<div class=\"accessibility\">\n<p>Acessibilidade<\/p>\n<p>\n<button onclick=\"alterFont1()\" id=\"btn1\" class=\"btn\">L<\/button><br \/>\n<button onclick=\"alterFont2()\" id=\"btn2\" class=\"btn\" style=\"font-family: Merriweather\">L<\/button><br \/>\n<button onclick=\"alterFontSmallerSize()\" id=\"btn3\" class=\"btn\">A-<\/button><br \/>\n<button onclick=\"alterFontBiggerSize()\" id=\"btn4\" class=\"btn\">A+<\/button><\/p>\n<p><button onclick=\"alterBackground()\" id=\"btn6\" class=\"btn\">\u25d0<\/button><\/p>\n<\/div>\n<p>Os l\u00edderes C-Level devem ser capazes de enxergar o panorama geral e proteger suas empresas contra qualquer amea\u00e7a externa \u2014 como a concorr\u00eancia, falhas na cadeia de suprimentos ou disruptores de mercado imprevis\u00edveis. Agora \u00e9 hora de adicionar <strong>eventos clim\u00e1ticos extremos<\/strong> a essa lista.<\/p>\n<p>Qualquer l\u00edder empresarial ou autoridade\u00a0 que tenha d\u00favidas sobre isso s\u00f3 precisa sair na rua. Nesta segunda (9), por exemplo, S\u00e3o Paulo registrou o ar mais polu\u00eddo do mundo e o Brasil enfrenta uma onda de altas temperaturas. O calor extremo chegou, e tamb\u00e9m pode causar impactos financeiros.<\/p>\n<h2>Leia tamb\u00e9m<\/h2>\n<p>Pense no calor extremo como uma doen\u00e7a desenfreada que causa taquicardia, c\u00e3ibras musculares, pele fria e \u00famida, n\u00e1useas, v\u00f4mitos, fadiga extrema, tontura, dores de cabe\u00e7a e desmaios \u2014 uma doen\u00e7a que reduz a produtividade dos funcion\u00e1rios e diminui o poder de compra dos consumidores. \u00c9 poss\u00edvel.<\/p>\n<p>Sim, existe o ar-condicionado, mas n\u00e3o em todos os lugares. N\u00e3o l\u00e1 fora, onde milh\u00f5es de trabalhadores se esfor\u00e7am. Quanto tempo falta para que a Disney World n\u00e3o consiga abrir devido aos riscos relacionados ao calor para trabalhadores e visitantes ao ar livre? O que acontece quando equipes de constru\u00e7\u00e3o n\u00e3o conseguem trabalhar fora no ver\u00e3o ou os custos de m\u00e3o de obra aumentam porque os funcion\u00e1rios precisam de pausas mais frequentes durante ondas de calor intenso?<\/p>\n<p>Um relat\u00f3rio do ano passado do Center for American Progress analisou os efeitos do calor extremo no sistema de sa\u00fade \u2014 como dias muito quentes levaram pessoas para salas de emerg\u00eancia e hospitais com desidrata\u00e7\u00e3o, insola\u00e7\u00e3o, desmaios e outros problemas relacionados ao calor. O relat\u00f3rio examinou dados de seguros no estado americano da Virg\u00ednia, que tem cerca de 80 dias de \u201ceventos de calor\u201d\u2014 temperaturas extremas e alta umidade que duram um dia ou mais \u2014 todo ver\u00e3o. Extrapolando os dados da Virg\u00ednia para os EUA inteiro, o relat\u00f3rio estimou que esses eventos de calor poderiam ser respons\u00e1veis por \u201cquase 235 mil visitas a departamentos de emerg\u00eancia e mais de 56 mil interna\u00e7\u00f5es hospitalares por doen\u00e7as relacionadas ou agravadas pelo calor, adicionando aproximadamente US$ 1 bilh\u00e3o em custos de sa\u00fade a cada ver\u00e3o.\u201d<\/p>\n<p>Esses s\u00e3o apenas os efeitos imediatos e di\u00e1rios. Qualquer c\u00e1lculo de custos de sa\u00fade relacionados ao clima tamb\u00e9m deve incluir doen\u00e7as respirat\u00f3rias causadas pela fuma\u00e7a e fuligem dos inc\u00eandios florestais, um risco crescente em muitas partes de nosso planeta cada vez mais quente.<\/p>\n<p>O setor de sa\u00fade \u00e9 apenas um dos afetados pelo calor extremo. Ele tamb\u00e9m tem perturbado as ind\u00fastrias de viagens e turismo, contribu\u00eddo para a diminui\u00e7\u00e3o da disponibilidade de alimentos e o aumento de pre\u00e7os, al\u00e9m de desestabilizar redes el\u00e9tricas que lutam para atender \u00e0 demanda.<\/p>\n<p>Os inc\u00eandios florestais, os furac\u00f5es, o aumento do n\u00edvel e da temperatura dos oceanos e o desaparecimento de esp\u00e9cies podem parecer estar al\u00e9m do alcance de qualquer empresa ou executivo. Embora nenhum l\u00edder empresarial possa parar imediatamente os eventos clim\u00e1ticos extremos, eles podem proteger seus funcion\u00e1rios e se adaptar aos riscos de sa\u00fade relacionados ao calor, incorporando resili\u00eancia clim\u00e1tica em cada plano de neg\u00f3cios.<\/p>\n<p>Segundo uma pesquisa da PricewaterhouseCoopers, apenas 17% dos CEOs implementaram estrat\u00e9gias para proteger seus funcion\u00e1rios.<\/p>\n<p>A quest\u00e3o n\u00e3o \u00e9 se os CEOs sentir\u00e3o os efeitos das mudan\u00e7as clim\u00e1ticas, mas quando e qu\u00e3o rapidamente ser\u00e3o motivados a agir para enfrent\u00e1-los.<\/p>\n<h3>A seguir, veja 5 medidas sensatas que l\u00edderes podem adotar para ajudar seus funcion\u00e1rios no clima de calor extremo:<\/h3>\n<ol>\n<li>Informe-se sobre o que torna um ambiente de trabalho perigosamente quente. Os empregos e as condi\u00e7\u00f5es de trabalho variam amplamente, e os riscos nem sempre s\u00e3o \u00f3bvios s\u00f3 de olhar para um term\u00f4metro. A Administra\u00e7\u00e3o de Seguran\u00e7a e Sa\u00fade Ocupacional (OSHA) tem muitas informa\u00e7\u00f5es sobre como avaliar e reduzir os perigos do calor.<\/li>\n<li>Tome medidas pr\u00e1ticas de agendamento para tornar todos os trabalhos mais seguros. Permita intervalos mais frequentes e mais longos. Se poss\u00edvel, inicie os turnos mais cedo ou mais tarde no dia.<\/li>\n<li>Garanta que os trabalhadores \u2014 especialmente os novatos \u2014 tenham o que precisam para se proteger: uniformes leves ou c\u00f3digos de vestimenta da empresa que permitam roupas confort\u00e1veis para o clima quente, f\u00e1cil acesso a sombra e bastante \u00e1gua e bebidas energ\u00e9ticas refrescantes para manter a hidrata\u00e7\u00e3o.<\/li>\n<li>Busque treinamento para executivos e funcion\u00e1rios para que entendam os sinais e sintomas do estresse t\u00e9rmico e da doen\u00e7a relacionada ao calor, al\u00e9m de como prestar os primeiros socorros.<\/li>\n<\/ol>\n<h2>Escolhas do editor<\/h2>\n<\/div>\n<p><script type=\"rocketlazyloadscript\">\n\t\t\t\t(function(d, s, id){\n\t\t\t\t\tvar js, fjs = d.getElementsByTagName(s)[0];\n\t\t\t\t\tif (d.getElementById(id)) return;\n\t\t\t\t\tjs = d.createElement(s); js.id = id;\n\t\t\t\t\tjs.src = \"\/\/connect.facebook.net\/pt_BR\/sdk.js#xfbml=1&version=v2.9\";\n\t\t\t\t\tfjs.parentNode.insertBefore(js, fjs);\n\t\t\t\t}(document, 'script', 'facebook-jssdk'));\n\t\t\t<\/script><br \/>\n<br \/><br \/>\n<br \/><a href=\"https:\/\/forbes.com.br\/carreira\/2024\/09\/4-maneiras-de-proteger-seus-funcionarios-do-calor-extremo\/\">Source link <\/a><\/p>\n<div class='code-block code-block-4' style='margin: 8px auto 8px 0; text-align: left; display: block; clear: both;'>\n\ud83d\udce2 Aviso Legal\n\nO site ismaelcolosi.com.br atua apenas como um canal de divulga\u00e7\u00e3o de oportunidades de emprego e n\u00e3o se responsabiliza pelo processo seletivo, contrata\u00e7\u00e3o ou qualquer outra etapa relacionada \u00e0s vagas publicadas. Todas as informa\u00e7\u00f5es s\u00e3o de responsabilidade dos anunciantes.\n\n\u26a0\ufe0f Aten\u00e7\u00e3o! Nunca pague por promessas de emprego nem compre cursos que garantam contrata\u00e7\u00e3o. Desconfie de qualquer cobran\u00e7a para participar de sele\u00e7\u00f5es.\n\n\n\n<\/div>\n<!-- CONTENT END 1 -->\n","protected":false},"excerpt":{"rendered":"<p>Getty Images Calor extremo pode causar taquicardia, n\u00e1useas, fadiga extrema, tontura, dores de cabe\u00e7a e desmaios Acessibilidade L L A- A+ \u25d0 Os l\u00edderes C-Level&#8230;<\/p>\n","protected":false},"author":1,"featured_media":65272,"comment_status":"open","ping_status":"open","sticky":false,"template":"","format":"standard","meta":{"_uag_custom_page_level_css":"","advanced_seo_description":"","jetpack_seo_html_title":"","jetpack_seo_noindex":false,"jetpack_post_was_ever_published":false,"_jetpack_newsletter_access":"","_jetpack_dont_email_post_to_subs":false,"_jetpack_newsletter_tier_id":0,"_jetpack_memberships_contains_paywalled_content":false,"_jetpack_memberships_contains_paid_content":false,"footnotes":"","jetpack_publicize_message":"","jetpack_publicize_feature_enabled":true,"jetpack_social_post_already_shared":true,"jetpack_social_options":{"image_generator_settings":{"template":"highway","default_image_id":0,"font":"","enabled":false},"version":2}},"categories":[1964],"tags":[],"class_list":["post-65271","post","type-post","status-publish","format-standard","has-post-thumbnail","hentry","category-carreira-e-sucesso-dicas-para-carreira"],"jetpack_publicize_connections":[],"jetpack_featured_media_url":"https:\/\/i0.wp.com\/ismaelcolosi.com.br\/wp-content\/uploads\/2024\/09\/Carreira_funcionarios_calor-extremo-1024x683.jpg?fit=1024%2C683&ssl=1","uagb_featured_image_src":{"full":["https:\/\/i0.wp.com\/ismaelcolosi.com.br\/wp-content\/uploads\/2024\/09\/Carreira_funcionarios_calor-extremo-1024x683.jpg?fit=1024%2C683&ssl=1",1024,683,false],"thumbnail":["https:\/\/i0.wp.com\/ismaelcolosi.com.br\/wp-content\/uploads\/2024\/09\/Carreira_funcionarios_calor-extremo-1024x683.jpg?resize=150%2C150&ssl=1",150,150,true],"medium":["https:\/\/i0.wp.com\/ismaelcolosi.com.br\/wp-content\/uploads\/2024\/09\/Carreira_funcionarios_calor-extremo-1024x683.jpg?fit=300%2C200&ssl=1",300,200,true],"medium_large":["https:\/\/i0.wp.com\/ismaelcolosi.com.br\/wp-content\/uploads\/2024\/09\/Carreira_funcionarios_calor-extremo-1024x683.jpg?fit=768%2C512&ssl=1",768,512,true],"large":["https:\/\/i0.wp.com\/ismaelcolosi.com.br\/wp-content\/uploads\/2024\/09\/Carreira_funcionarios_calor-extremo-1024x683.jpg?fit=1024%2C683&ssl=1",1024,683,true],"1536x1536":["https:\/\/i0.wp.com\/ismaelcolosi.com.br\/wp-content\/uploads\/2024\/09\/Carreira_funcionarios_calor-extremo-1024x683.jpg?fit=1024%2C683&ssl=1",1024,683,true],"2048x2048":["https:\/\/i0.wp.com\/ismaelcolosi.com.br\/wp-content\/uploads\/2024\/09\/Carreira_funcionarios_calor-extremo-1024x683.jpg?fit=1024%2C683&ssl=1",1024,683,true],"really-simple-thumb":["https:\/\/i0.wp.com\/ismaelcolosi.com.br\/wp-content\/uploads\/2024\/09\/Carreira_funcionarios_calor-extremo-1024x683.jpg?resize=370%2C247&ssl=1",370,247,true]},"uagb_author_info":{"display_name":"ismaelcolosi.com.br","author_link":"https:\/\/ismaelcolosi.com.br\/index.php\/author\/vidareal-online\/"},"uagb_comment_info":0,"uagb_excerpt":"Getty Images Calor extremo pode causar taquicardia, n\u00e1useas, fadiga extrema, tontura, dores de cabe\u00e7a e desmaios Acessibilidade L L A- A+ \u25d0 Os l\u00edderes C-Level...","jetpack-related-posts":[{"id":19780,"url":"https:\/\/ismaelcolosi.com.br\/index.php\/2023\/12\/23\/quem-vai-sofrer-mais-com-as-altas-temperaturas-do-verao\/","url_meta":{"origin":65271,"position":0},"title":"Quem vai sofrer mais com as altas temperaturas do ver\u00e3o?","author":"ismaelcolosi.com.br","date":"23 de December de 2023","format":false,"excerpt":"Cr\u00e9ditos: Jorge Araujo\/Fotos PublicasAltas temperaturas: O calor mata 15 milh\u00f5es de pessoas ao ano, afirma OMS \u2013 Jorge Araujo\/ Fotos Publicas Com temperaturas acima dos 35\u00ba graus de Norte a Sul do pa\u00eds, os pr\u00f3ximos meses indicam que o Brasil passar\u00e1 por um dos ver\u00f5es mais quentes das \u00faltimas d\u00e9cadas.\u2026","rel":"","context":"In &quot;Variedades&quot;","block_context":{"text":"Variedades","link":"https:\/\/ismaelcolosi.com.br\/index.php\/category\/variedades\/"},"img":{"alt_text":"","src":"https:\/\/i0.wp.com\/ismaelcolosi.com.br\/wp-content\/uploads\/2023\/12\/mjjm.jpg?fit=1200%2C638&ssl=1&resize=350%2C200","width":350,"height":200,"srcset":"https:\/\/i0.wp.com\/ismaelcolosi.com.br\/wp-content\/uploads\/2023\/12\/mjjm.jpg?fit=1200%2C638&ssl=1&resize=350%2C200 1x, https:\/\/i0.wp.com\/ismaelcolosi.com.br\/wp-content\/uploads\/2023\/12\/mjjm.jpg?fit=1200%2C638&ssl=1&resize=525%2C300 1.5x, https:\/\/i0.wp.com\/ismaelcolosi.com.br\/wp-content\/uploads\/2023\/12\/mjjm.jpg?fit=1200%2C638&ssl=1&resize=700%2C400 2x, https:\/\/i0.wp.com\/ismaelcolosi.com.br\/wp-content\/uploads\/2023\/12\/mjjm.jpg?fit=1200%2C638&ssl=1&resize=1050%2C600 3x"},"classes":[]},{"id":995,"url":"https:\/\/ismaelcolosi.com.br\/index.php\/2023\/11\/09\/onda-de-calor-extremo-deve-alcancar-os-45oc-em-cidades-do-interior-de-sp-veja-a-previsao\/","url_meta":{"origin":65271,"position":1},"title":"Onda de calor extremo deve alcan\u00e7ar os 45\u00baC em cidades do interior de SP; Veja a previs\u00e3o","author":"ismaelcolosi.com.br","date":"9 de November de 2023","format":false,"excerpt":"O Inmet (Instituto Nacional de Meteorologia) emitiu um alerta amarelo, na quarta-feira (8), para a atua\u00e7\u00e3o de uma nova onda de calor no Brasil, no decorrer dos pr\u00f3ximos dias. O calor extremo deve fazer a temperatura chegar pr\u00f3ximo aos 45\u00baC no interior do estado de S\u00e3o Paulo \u2013 incluindo Ribeir\u00e3o\u2026","rel":"","context":"In &quot;Not\u00edcias de Ribeir\u00e3o Preto-SP e Regi\u00e3o&quot;","block_context":{"text":"Not\u00edcias de Ribeir\u00e3o Preto-SP e Regi\u00e3o","link":"https:\/\/ismaelcolosi.com.br\/index.php\/category\/noticias-de-ribeirao-preto-sp-e-regiao-ismael-colosi\/"},"img":{"alt_text":"","src":"https:\/\/i0.wp.com\/ismaelcolosi.com.br\/wp-content\/uploads\/2023\/11\/1699582530_WhatsApp-Image-2023-08-24-at-07.43.10.jpeg?fit=1200%2C675&ssl=1&resize=350%2C200","width":350,"height":200,"srcset":"https:\/\/i0.wp.com\/ismaelcolosi.com.br\/wp-content\/uploads\/2023\/11\/1699582530_WhatsApp-Image-2023-08-24-at-07.43.10.jpeg?fit=1200%2C675&ssl=1&resize=350%2C200 1x, https:\/\/i0.wp.com\/ismaelcolosi.com.br\/wp-content\/uploads\/2023\/11\/1699582530_WhatsApp-Image-2023-08-24-at-07.43.10.jpeg?fit=1200%2C675&ssl=1&resize=525%2C300 1.5x, https:\/\/i0.wp.com\/ismaelcolosi.com.br\/wp-content\/uploads\/2023\/11\/1699582530_WhatsApp-Image-2023-08-24-at-07.43.10.jpeg?fit=1200%2C675&ssl=1&resize=700%2C400 2x, https:\/\/i0.wp.com\/ismaelcolosi.com.br\/wp-content\/uploads\/2023\/11\/1699582530_WhatsApp-Image-2023-08-24-at-07.43.10.jpeg?fit=1200%2C675&ssl=1&resize=1050%2C600 3x"},"classes":[]},{"id":64740,"url":"https:\/\/ismaelcolosi.com.br\/index.php\/2024\/09\/09\/chuva-pode-atingir-o-estado-de-sp-nesta-semana-veja-regioes\/","url_meta":{"origin":65271,"position":2},"title":"Chuva pode atingir o estado de SP nesta semana; Veja regi\u00f5es","author":"ismaelcolosi.com.br","date":"9 de September de 2024","format":false,"excerpt":"A semana segue com tempo seco e a segunda-feira (9) tem previs\u00e3o de sol, calor e baixa umidade do ar. No entando, h\u00e1 expectativa de chuva em parte do estado de S\u00e3o Paulo no decorrer da semana. Segundo a Climatempo, a alta press\u00e3o ainda atua no interior do Brasil e\u2026","rel":"","context":"In &quot;Not\u00edcias de Ribeir\u00e3o Preto-SP e Regi\u00e3o&quot;","block_context":{"text":"Not\u00edcias de Ribeir\u00e3o Preto-SP e Regi\u00e3o","link":"https:\/\/ismaelcolosi.com.br\/index.php\/category\/noticias-de-ribeirao-preto-sp-e-regiao-ismael-colosi\/"},"img":{"alt_text":"","src":"https:\/\/i0.wp.com\/ismaelcolosi.com.br\/wp-content\/uploads\/2024\/07\/WhatsApp-Image-2024-07-13-at-19.42.17_2024-07-13_22-42-51_jpeg_2024-07-13_22-42-51.webp.webp?fit=1200%2C553&ssl=1&resize=350%2C200","width":350,"height":200,"srcset":"https:\/\/i0.wp.com\/ismaelcolosi.com.br\/wp-content\/uploads\/2024\/07\/WhatsApp-Image-2024-07-13-at-19.42.17_2024-07-13_22-42-51_jpeg_2024-07-13_22-42-51.webp.webp?fit=1200%2C553&ssl=1&resize=350%2C200 1x, https:\/\/i0.wp.com\/ismaelcolosi.com.br\/wp-content\/uploads\/2024\/07\/WhatsApp-Image-2024-07-13-at-19.42.17_2024-07-13_22-42-51_jpeg_2024-07-13_22-42-51.webp.webp?fit=1200%2C553&ssl=1&resize=525%2C300 1.5x, https:\/\/i0.wp.com\/ismaelcolosi.com.br\/wp-content\/uploads\/2024\/07\/WhatsApp-Image-2024-07-13-at-19.42.17_2024-07-13_22-42-51_jpeg_2024-07-13_22-42-51.webp.webp?fit=1200%2C553&ssl=1&resize=700%2C400 2x, https:\/\/i0.wp.com\/ismaelcolosi.com.br\/wp-content\/uploads\/2024\/07\/WhatsApp-Image-2024-07-13-at-19.42.17_2024-07-13_22-42-51_jpeg_2024-07-13_22-42-51.webp.webp?fit=1200%2C553&ssl=1&resize=1050%2C600 3x"},"classes":[]},{"id":16834,"url":"https:\/\/ismaelcolosi.com.br\/index.php\/2023\/12\/16\/botafogo-contrata-atacante-portugues-tiago-alves\/","url_meta":{"origin":65271,"position":3},"title":"Botafogo contrata atacante portugu\u00eas Tiago Alves\u00a0\u00a0","author":"ismaelcolosi.com.br","date":"16 de December de 2023","format":false,"excerpt":"16 de dezembro de 2023 | 16:0016 de dezembro de 2023 | 12:49 0O Botafogo tem mais um refor\u00e7o para o setor ofensivo. Trata-se do extremo portugu\u00eas Tiago Alves, de 27 anos, revelado nas categorias de base do Sporting (POR) e que atualmente veste a camisa do Montedio Yamagata, do\u2026","rel":"","context":"In &quot;Not\u00edcias de Ribeir\u00e3o Preto-SP e Regi\u00e3o&quot;","block_context":{"text":"Not\u00edcias de Ribeir\u00e3o Preto-SP e Regi\u00e3o","link":"https:\/\/ismaelcolosi.com.br\/index.php\/category\/noticias-de-ribeirao-preto-sp-e-regiao-ismael-colosi\/"},"img":{"alt_text":"","src":"https:\/\/i0.wp.com\/ismaelcolosi.com.br\/wp-content\/uploads\/2023\/12\/Botafogo-2-1-scaled.jpg?fit=957%2C645&ssl=1&resize=350%2C200","width":350,"height":200,"srcset":"https:\/\/i0.wp.com\/ismaelcolosi.com.br\/wp-content\/uploads\/2023\/12\/Botafogo-2-1-scaled.jpg?fit=957%2C645&ssl=1&resize=350%2C200 1x, https:\/\/i0.wp.com\/ismaelcolosi.com.br\/wp-content\/uploads\/2023\/12\/Botafogo-2-1-scaled.jpg?fit=957%2C645&ssl=1&resize=525%2C300 1.5x, https:\/\/i0.wp.com\/ismaelcolosi.com.br\/wp-content\/uploads\/2023\/12\/Botafogo-2-1-scaled.jpg?fit=957%2C645&ssl=1&resize=700%2C400 2x"},"classes":[]},{"id":12916,"url":"https:\/\/ismaelcolosi.com.br\/index.php\/2023\/12\/08\/vidente-realiza-suas-previsoes-para-2024-e-aponta-todas-as-situacoes-que-devemos-enfrentar-no-decorrer-do-ano-video\/","url_meta":{"origin":65271,"position":4},"title":"Vidente realiza suas previs\u00f5es para 2024; e aponta todas as situa\u00e7\u00f5es que devemos enfrentar no decorrer do ano; v\u00eddeo","author":"ismaelcolosi.com.br","date":"8 de December de 2023","format":false,"excerpt":"A cigana Sulamita, vidente bastante conhecida nas redes sociais, realizou suas previs\u00f5es sobre o que poderemos esperar para o pr\u00f3ximo ano que est\u00e1 chegando, 2024. Ela realizou previs\u00f5es sobre o Brasil e o mundo.E ap\u00f3s a leitura de tr\u00eas cartas, a vidente antecipou que n\u00e3o enxerga situa\u00e7\u00f5es muito boas para\u2026","rel":"","context":"In &quot;Blog&quot;","block_context":{"text":"Blog","link":"https:\/\/ismaelcolosi.com.br\/index.php\/category\/blog\/"},"img":{"alt_text":"","src":"https:\/\/i0.wp.com\/ismaelcolosi.com.br\/wp-content\/uploads\/2023\/12\/postimg-65739a3c0def17101.jpg?fit=1200%2C628&ssl=1&resize=350%2C200","width":350,"height":200,"srcset":"https:\/\/i0.wp.com\/ismaelcolosi.com.br\/wp-content\/uploads\/2023\/12\/postimg-65739a3c0def17101.jpg?fit=1200%2C628&ssl=1&resize=350%2C200 1x, https:\/\/i0.wp.com\/ismaelcolosi.com.br\/wp-content\/uploads\/2023\/12\/postimg-65739a3c0def17101.jpg?fit=1200%2C628&ssl=1&resize=525%2C300 1.5x, https:\/\/i0.wp.com\/ismaelcolosi.com.br\/wp-content\/uploads\/2023\/12\/postimg-65739a3c0def17101.jpg?fit=1200%2C628&ssl=1&resize=700%2C400 2x, https:\/\/i0.wp.com\/ismaelcolosi.com.br\/wp-content\/uploads\/2023\/12\/postimg-65739a3c0def17101.jpg?fit=1200%2C628&ssl=1&resize=1050%2C600 3x"},"classes":[]},{"id":78077,"url":"https:\/\/ismaelcolosi.com.br\/index.php\/2024\/12\/02\/casos-de-dengue-em-ribeirao-preto-alcancam-niveis-preocupantes-entenda-os-fatores\/","url_meta":{"origin":65271,"position":5},"title":"Casos de Dengue em Ribeir\u00e3o Preto Alcan\u00e7am N\u00edveis Preocupantes: Entenda os Fatores","author":"ismaelcolosi.com.br","date":"2 de December de 2024","format":false,"excerpt":"Ribeir\u00e3o Preto vive um aumento preocupante nos casos de dengue, que voltaram a atingir \u00edndices alarmantes. Segundo dados da Secretaria Municipal de Sa\u00fade, os n\u00fameros de infec\u00e7\u00f5es na cidade cresceram significativamente nos \u00faltimos meses, em um cen\u00e1rio agravado por fatores como as altas temperaturas, chuvas frequentes e a circula\u00e7\u00e3o de\u2026","rel":"","context":"In &quot;Not\u00edcias de Ribeir\u00e3o Preto-SP e Regi\u00e3o&quot;","block_context":{"text":"Not\u00edcias de Ribeir\u00e3o Preto-SP e Regi\u00e3o","link":"https:\/\/ismaelcolosi.com.br\/index.php\/category\/noticias-de-ribeirao-preto-sp-e-regiao-ismael-colosi\/"},"img":{"alt_text":"","src":"https:\/\/i0.wp.com\/ismaelcolosi.com.br\/wp-content\/uploads\/2024\/10\/combate-dengue_mcamgo_abr_29022024-15.webp.webp?fit=1170%2C700&ssl=1&resize=350%2C200","width":350,"height":200,"srcset":"https:\/\/i0.wp.com\/ismaelcolosi.com.br\/wp-content\/uploads\/2024\/10\/combate-dengue_mcamgo_abr_29022024-15.webp.webp?fit=1170%2C700&ssl=1&resize=350%2C200 1x, https:\/\/i0.wp.com\/ismaelcolosi.com.br\/wp-content\/uploads\/2024\/10\/combate-dengue_mcamgo_abr_29022024-15.webp.webp?fit=1170%2C700&ssl=1&resize=525%2C300 1.5x, https:\/\/i0.wp.com\/ismaelcolosi.com.br\/wp-content\/uploads\/2024\/10\/combate-dengue_mcamgo_abr_29022024-15.webp.webp?fit=1170%2C700&ssl=1&resize=700%2C400 2x, https:\/\/i0.wp.com\/ismaelcolosi.com.br\/wp-content\/uploads\/2024\/10\/combate-dengue_mcamgo_abr_29022024-15.webp.webp?fit=1170%2C700&ssl=1&resize=1050%2C600 3x"},"classes":[]}],"jetpack_sharing_enabled":true,"jetpack_shortlink":"https:\/\/wp.me\/pfMlyK-gYL","_links":{"self":[{"href":"https:\/\/ismaelcolosi.com.br\/index.php\/wp-json\/wp\/v2\/posts\/65271","targetHints":{"allow":["GET"]}}],"collection":[{"href":"https:\/\/ismaelcolosi.com.br\/index.php\/wp-json\/wp\/v2\/posts"}],"about":[{"href":"https:\/\/ismaelcolosi.com.br\/index.php\/wp-json\/wp\/v2\/types\/post"}],"author":[{"embeddable":true,"href":"https:\/\/ismaelcolosi.com.br\/index.php\/wp-json\/wp\/v2\/users\/1"}],"replies":[{"embeddable":true,"href":"https:\/\/ismaelcolosi.com.br\/index.php\/wp-json\/wp\/v2\/comments?post=65271"}],"version-history":[{"count":0,"href":"https:\/\/ismaelcolosi.com.br\/index.php\/wp-json\/wp\/v2\/posts\/65271\/revisions"}],"wp:featuredmedia":[{"embeddable":true,"href":"https:\/\/ismaelcolosi.com.br\/index.php\/wp-json\/wp\/v2\/media\/65272"}],"wp:attachment":[{"href":"https:\/\/ismaelcolosi.com.br\/index.php\/wp-json\/wp\/v2\/media?parent=65271"}],"wp:term":[{"taxonomy":"category","embeddable":true,"href":"https:\/\/ismaelcolosi.com.br\/index.php\/wp-json\/wp\/v2\/categories?post=65271"},{"taxonomy":"post_tag","embeddable":true,"href":"https:\/\/ismaelcolosi.com.br\/index.php\/wp-json\/wp\/v2\/tags?post=65271"}],"curies":[{"name":"wp","href":"https:\/\/api.w.org\/{rel}","templated":true}]}}