{"id":65263,"date":"2024-09-11T15:17:21","date_gmt":"2024-09-11T18:17:21","guid":{"rendered":"https:\/\/ismaelcolosi.com.br\/index.php\/2024\/09\/11\/11-de-setembro-de-2001-veja-o-que-era-noticia-no-interior-de-sao-paulo\/"},"modified":"2024-09-11T15:17:21","modified_gmt":"2024-09-11T18:17:21","slug":"11-de-setembro-de-2001-veja-o-que-era-noticia-no-interior-de-sao-paulo","status":"publish","type":"post","link":"https:\/\/ismaelcolosi.com.br\/index.php\/2024\/09\/11\/11-de-setembro-de-2001-veja-o-que-era-noticia-no-interior-de-sao-paulo\/","title":{"rendered":"11 de setembro de 2001: veja o que era not\u00edcia no interior de S\u00e3o Paulo"},"content":{"rendered":"<p> <br \/>\n<\/p>\n<div>\n<p>Nesta <strong>quarta-feira (11)<\/strong>, completam-se <strong>23 anos<\/strong> do atentado de <strong>11 de setembro de 2001<\/strong>, o ataque \u00e0s <strong>Torre G\u00eameas<\/strong>, em <strong>Nova York<\/strong>, nos <strong>Estados Unidos<\/strong>, coordenado pela <strong>Al-Qaeda<\/strong>. O atentado impactou o mundo, deixando cerca de <strong>tr\u00eas mil mortes<\/strong> \u2013 clique aqui. Veja o que tamb\u00e9m era not\u00edcia no <strong>Jornal A Cidade<\/strong>, na mesma data.<\/p>\n<p>Al\u00e9m das manchetes sobre o atentado aos <strong>Estados Unidos<\/strong>, o<strong> Jornal A Cidade<\/strong> informava a popula\u00e7\u00e3o sobre os detalhes da aut\u00f3psia do prefeito de<strong> Campinas<\/strong>, <strong>Ant\u00f4nio Costa dos Santos (PT)<\/strong>, o <strong>Toninho<\/strong>, morto aos<strong> 49 anos<\/strong>.<\/p>\n<p>O prefeito dirigia seu carro na sa\u00edda de um shopping da cidade, quando foi atingido por um <strong>tiro<\/strong> que perfurou o bra\u00e7o esquerdo e acertou o cora\u00e7\u00e3o. Na \u00e9poca, alguns suspeitos foram detidos, por\u00e9m o caso foi arquivado em <strong>2022<\/strong> e o <mark style=\"background-color:#fcb900\" class=\"has-inline-color has-black-color\">autor do assassinato n\u00e3o foi identificado.<\/mark><\/p>\n<h4 class=\"wp-block-heading\"><strong>Grupo de investiga\u00e7\u00e3o<\/strong><\/h4>\n<p>Ainda no jornal, era poss\u00edvel ver den\u00fancias sobre acontecidos na regi\u00e3o. Na \u00e9poca, a <strong>Secretaria da Seguran\u00e7a P\u00fablica <\/strong>havia criado algumas <strong>Delegacias Anti Sequestros<\/strong>. Por\u00e9m, em <strong>Ribeir\u00e3o Preto<\/strong> foi criado apenas um <strong>Grupo Anti Sequestro<\/strong>.<\/p>\n<p>Paralelo \u00e0 not\u00edcia, na mesma \u00e9poca, um <strong>m\u00e9dico<\/strong> foi sequestrado a caminho de um clube da cidade, para buscar seu filho. A v\u00edtima foi encontrada em um cativeiro pr\u00f3ximo ao Anel Vi\u00e1rio e todos os criminosos foram presos em flagrantes. Os sequestradores disseram que pretendiam passar mais tempo com o m\u00e9dico.<\/p>\n<p>Na <strong>Vila Tib\u00e9rio<\/strong>, funcionava o primeiro <strong>CID (Centro de Inclus\u00e3o Digital)<\/strong> da cidade. Que visava aulas <strong>gratuitas<\/strong> de <strong>inform\u00e1tica<\/strong> para todos, desde crian\u00e7as at\u00e9 idosos.<\/p>\n<h4 class=\"wp-block-heading\"><strong>Lazer e<\/strong> <strong>Cultura<\/strong><\/h4>\n<p>A cidade se preparava para receber a<strong> Feira Nacional do Livro de Ribeir\u00e3o Preto<\/strong> e comemorava a inaugura\u00e7\u00e3o do \u201c<strong>Sal\u00e3o de Id\u00e9ias<\/strong>\u201d, que <strong>segue at\u00e9 hoje<\/strong> em cada edi\u00e7\u00e3o da Feira. O Sal\u00e3o consiste em encontros, pensados para todos os p\u00fablicos e geralmente conta com a participa\u00e7\u00e3o de autor, jornalista ou cantor.<\/p>\n<p>No ano de <strong>2001<\/strong>, a <strong>Feira <\/strong>receberia os jornalistas<strong> Claudiney Ferreira e Jorge Vasconcellos<\/strong>, criadores do programa de <strong>r\u00e1dio Certas Palavras<\/strong> e tamb\u00e9m nomes da literatura nacional como <strong>Lygia Fagundes Telles<\/strong> e <strong>Ign\u00e1cio de Loyola Brand\u00e3o<\/strong>.<\/p>\n<p>Tamb\u00e9m era antecipada a divulga\u00e7\u00e3o do show do cantor sertanejo <strong>Jo\u00e3o Bosco<\/strong>, no <strong>Theatro Pedro II<\/strong>, com os sucessos do<strong> CD <\/strong>\u201c<strong>Na Esquina<\/strong>\u201d. Os valores de ingressos variavam entre <strong>R$50 a R$20<\/strong>.<\/p>\n<p>SAIBA MAIS<br \/>Santa Casa de Ribeir\u00e3o abre processo seletivo para resid\u00eancia m\u00e9dica<\/p>\n<h4 class=\"wp-block-heading\"><strong>FIQUE ON<\/strong><\/h4>\n<p>Fique ligado em tudo que acontece em Ribeir\u00e3o Preto e regi\u00e3o. Siga os perfis do <strong>acidade on <\/strong>no <a href=\"https:\/\/www.instagram.com\/acidadeonribeirao\" target=\"_blank\" rel=\"noreferrer noopener\">Instagram<\/a> e no <a href=\"https:\/\/www.facebook.com\/acidadeonribeirao\" target=\"_blank\" rel=\"noreferrer noopener\">Facebook<\/a>.<\/p>\n<p>Receba not\u00edcias do <strong>acidade on<\/strong> no WhatsApp. Para entrar no grupo, basta <a href=\"https:\/\/chat.whatsapp.com\/Dtv9mxhy6V5BJBotM2OQ5k\" target=\"_blank\" rel=\"noreferrer noopener\">clicar aqui<\/a>.<\/p>\n<p>Fa\u00e7a uma den\u00fancia ou sugira uma reportagem sobre Ribeir\u00e3o Preto e regi\u00e3o pelo WhatsApp: 16 99117 7802.<\/p>\n<p>VEJA TAMB\u00c9M<br \/>Por que Chaves ficou fora do ar por 4 anos?<\/p>\n<p><!-- CONTENT END 1 -->\n<\/div>\n<p><script async src=\"\/\/www.instagram.com\/embed.js\"><\/script><br \/>\n<br \/><br \/>\n<br \/><a href=\"https:\/\/www.acidadeon.com\/ribeiraopreto\/cotidiano\/11-de-setembro-de-2001-veja-o-que-era-noticia-no-interior-de-sao-paulo\/\">Source link <\/a><\/p>\n","protected":false},"excerpt":{"rendered":"<p>Nesta quarta-feira (11), completam-se 23 anos do atentado de 11 de setembro de 2001, o ataque \u00e0s Torre G\u00eameas, em Nova York, nos Estados Unidos,&#8230;<\/p>\n","protected":false},"author":1,"featured_media":65264,"comment_status":"open","ping_status":"open","sticky":false,"template":"","format":"standard","meta":{"_uag_custom_page_level_css":"","advanced_seo_description":"","jetpack_seo_html_title":"","jetpack_seo_noindex":false,"jetpack_post_was_ever_published":false,"_jetpack_newsletter_access":"","_jetpack_dont_email_post_to_subs":false,"_jetpack_newsletter_tier_id":0,"_jetpack_memberships_contains_paywalled_content":false,"_jetpack_memberships_contains_paid_content":false,"footnotes":"","jetpack_publicize_message":"","jetpack_publicize_feature_enabled":true,"jetpack_social_post_already_shared":true,"jetpack_social_options":{"image_generator_settings":{"template":"highway","default_image_id":0,"font":"","enabled":false},"version":2}},"categories":[11],"tags":[],"class_list":["post-65263","post","type-post","status-publish","format-standard","has-post-thumbnail","hentry","category-noticias-de-ribeirao-preto-sp-e-regiao-ismael-colosi"],"jetpack_publicize_connections":[],"jetpack_featured_media_url":"https:\/\/i0.wp.com\/ismaelcolosi.com.br\/wp-content\/uploads\/2024\/09\/Copia-de-Copia-de-Copia-de-TAMANHO-EXATO-PARA-FOTOS-NO-SISTEMA-NOVO-5_2024-09-11_16-31-19_jpg_2024-09-11_16-31-19.webp.webp?fit=1200%2C675&ssl=1","uagb_featured_image_src":{"full":["https:\/\/i0.wp.com\/ismaelcolosi.com.br\/wp-content\/uploads\/2024\/09\/Copia-de-Copia-de-Copia-de-TAMANHO-EXATO-PARA-FOTOS-NO-SISTEMA-NOVO-5_2024-09-11_16-31-19_jpg_2024-09-11_16-31-19.webp.webp?fit=1200%2C675&ssl=1",1200,675,false],"thumbnail":["https:\/\/i0.wp.com\/ismaelcolosi.com.br\/wp-content\/uploads\/2024\/09\/Copia-de-Copia-de-Copia-de-TAMANHO-EXATO-PARA-FOTOS-NO-SISTEMA-NOVO-5_2024-09-11_16-31-19_jpg_2024-09-11_16-31-19.webp.webp?resize=150%2C150&ssl=1",150,150,true],"medium":["https:\/\/i0.wp.com\/ismaelcolosi.com.br\/wp-content\/uploads\/2024\/09\/Copia-de-Copia-de-Copia-de-TAMANHO-EXATO-PARA-FOTOS-NO-SISTEMA-NOVO-5_2024-09-11_16-31-19_jpg_2024-09-11_16-31-19.webp.webp?fit=300%2C169&ssl=1",300,169,true],"medium_large":["https:\/\/i0.wp.com\/ismaelcolosi.com.br\/wp-content\/uploads\/2024\/09\/Copia-de-Copia-de-Copia-de-TAMANHO-EXATO-PARA-FOTOS-NO-SISTEMA-NOVO-5_2024-09-11_16-31-19_jpg_2024-09-11_16-31-19.webp.webp?fit=768%2C432&ssl=1",768,432,true],"large":["https:\/\/i0.wp.com\/ismaelcolosi.com.br\/wp-content\/uploads\/2024\/09\/Copia-de-Copia-de-Copia-de-TAMANHO-EXATO-PARA-FOTOS-NO-SISTEMA-NOVO-5_2024-09-11_16-31-19_jpg_2024-09-11_16-31-19.webp.webp?fit=1024%2C576&ssl=1",1024,576,true],"1536x1536":["https:\/\/i0.wp.com\/ismaelcolosi.com.br\/wp-content\/uploads\/2024\/09\/Copia-de-Copia-de-Copia-de-TAMANHO-EXATO-PARA-FOTOS-NO-SISTEMA-NOVO-5_2024-09-11_16-31-19_jpg_2024-09-11_16-31-19.webp.webp?fit=1200%2C675&ssl=1",1200,675,true],"2048x2048":["https:\/\/i0.wp.com\/ismaelcolosi.com.br\/wp-content\/uploads\/2024\/09\/Copia-de-Copia-de-Copia-de-TAMANHO-EXATO-PARA-FOTOS-NO-SISTEMA-NOVO-5_2024-09-11_16-31-19_jpg_2024-09-11_16-31-19.webp.webp?fit=1200%2C675&ssl=1",1200,675,true],"really-simple-thumb":["https:\/\/i0.wp.com\/ismaelcolosi.com.br\/wp-content\/uploads\/2024\/09\/Copia-de-Copia-de-Copia-de-TAMANHO-EXATO-PARA-FOTOS-NO-SISTEMA-NOVO-5_2024-09-11_16-31-19_jpg_2024-09-11_16-31-19.webp.webp?resize=370%2C247&ssl=1",370,247,true]},"uagb_author_info":{"display_name":"ismaelcolosi.com.br","author_link":"https:\/\/ismaelcolosi.com.br\/index.php\/author\/vidareal-online\/"},"uagb_comment_info":0,"uagb_excerpt":"Nesta quarta-feira (11), completam-se 23 anos do atentado de 11 de setembro de 2001, o ataque \u00e0s Torre G\u00eameas, em Nova York, nos Estados Unidos,...","jetpack-related-posts":[{"id":24103,"url":"https:\/\/ismaelcolosi.com.br\/index.php\/2024\/01\/03\/video-mostra-caos-apos-explosoes-atingirem-procissao-no-ira\/","url_meta":{"origin":65263,"position":0},"title":"video mostra caos ap\u00f3s explos\u00f5es atingirem prociss\u00e3o no Ir\u00e3","author":"ismaelcolosi.com.br","date":"3 de January de 2024","format":false,"excerpt":"Nesta quarta-feira (03\/01), autoridades do Ir\u00e3 confirmaram a morte de dezenas de civis ap\u00f3s um atentado com bombas atingir a regi\u00e3o central do pa\u00eds, na cidade de Kerman.A explos\u00f5es tinham como alvo a \u00e1rea pr\u00f3xima ao cemit\u00e9rio onde esta enterrado o general Qasem Soleimani, que foi uma das pessoas mais\u2026","rel":"","context":"In &quot;Blog&quot;","block_context":{"text":"Blog","link":"https:\/\/ismaelcolosi.com.br\/index.php\/category\/blog\/"},"img":{"alt_text":"","src":"https:\/\/i0.wp.com\/ismaelcolosi.com.br\/wp-content\/uploads\/2024\/01\/postimg-65959b336a3144859.jpg?fit=1200%2C628&ssl=1&resize=350%2C200","width":350,"height":200,"srcset":"https:\/\/i0.wp.com\/ismaelcolosi.com.br\/wp-content\/uploads\/2024\/01\/postimg-65959b336a3144859.jpg?fit=1200%2C628&ssl=1&resize=350%2C200 1x, https:\/\/i0.wp.com\/ismaelcolosi.com.br\/wp-content\/uploads\/2024\/01\/postimg-65959b336a3144859.jpg?fit=1200%2C628&ssl=1&resize=525%2C300 1.5x, https:\/\/i0.wp.com\/ismaelcolosi.com.br\/wp-content\/uploads\/2024\/01\/postimg-65959b336a3144859.jpg?fit=1200%2C628&ssl=1&resize=700%2C400 2x, https:\/\/i0.wp.com\/ismaelcolosi.com.br\/wp-content\/uploads\/2024\/01\/postimg-65959b336a3144859.jpg?fit=1200%2C628&ssl=1&resize=1050%2C600 3x"},"classes":[]},{"id":6471,"url":"https:\/\/ismaelcolosi.com.br\/index.php\/2023\/11\/25\/ex-policial-preso-pela-morte-de-george-floyd-sofre-atentado-na-prisao\/","url_meta":{"origin":65263,"position":1},"title":"Ex-policial preso pela morte de George Floyd sofre atentado na pris\u00e3o","author":"ismaelcolosi.com.br","date":"25 de November de 2023","format":false,"excerpt":"Neste s\u00e1bado (25\/11) foi confirmada a informa\u00e7\u00e3o de que Derek Chauvin, ex-policial condenado pela homic\u00eddio de George Floyd, nos Estados Unidos, foi alvo de um atentado.Chauvin esta cumprindo pena na Institui\u00e7\u00e3o Correcional Federal de Tucson, onde foi atacado. Segundo informa\u00e7\u00f5es do pa\u00eds, ele recebeu atendimento m\u00e9dico prontamente ap\u00f3s o ataque.De\u2026","rel":"","context":"In &quot;Blog&quot;","block_context":{"text":"Blog","link":"https:\/\/ismaelcolosi.com.br\/index.php\/category\/blog\/"},"img":{"alt_text":"","src":"https:\/\/i0.wp.com\/ismaelcolosi.com.br\/wp-content\/uploads\/2023\/11\/postimg-6562a086560c47859.jpg?fit=1200%2C628&ssl=1&resize=350%2C200","width":350,"height":200,"srcset":"https:\/\/i0.wp.com\/ismaelcolosi.com.br\/wp-content\/uploads\/2023\/11\/postimg-6562a086560c47859.jpg?fit=1200%2C628&ssl=1&resize=350%2C200 1x, https:\/\/i0.wp.com\/ismaelcolosi.com.br\/wp-content\/uploads\/2023\/11\/postimg-6562a086560c47859.jpg?fit=1200%2C628&ssl=1&resize=525%2C300 1.5x, https:\/\/i0.wp.com\/ismaelcolosi.com.br\/wp-content\/uploads\/2023\/11\/postimg-6562a086560c47859.jpg?fit=1200%2C628&ssl=1&resize=700%2C400 2x, https:\/\/i0.wp.com\/ismaelcolosi.com.br\/wp-content\/uploads\/2023\/11\/postimg-6562a086560c47859.jpg?fit=1200%2C628&ssl=1&resize=1050%2C600 3x"},"classes":[]},{"id":24092,"url":"https:\/\/ismaelcolosi.com.br\/index.php\/2024\/01\/03\/explosoes-no-ira-deixam-cerca-de-100-mortos-e-tensao-na-regiao-aumenta\/","url_meta":{"origin":65263,"position":2},"title":"Explos\u00f5es no Ir\u00e3 deixam cerca de 100 mortos e tens\u00e3o na regi\u00e3o aumenta","author":"ismaelcolosi.com.br","date":"3 de January de 2024","format":false,"excerpt":"Autoridades iranianas confirmaram a morte de dezenas de civis ap\u00f3s explos\u00f5es serem registradas na cidade de Kerman, na regi\u00e3o central do pa\u00eds. O caso \u00e9 tratado pelas autoridades locais como um atentado terrorista.As explos\u00f5es aconteceram nas proximidades do t\u00famulo de Qassem Soleimani. No momento do atentado, centenas de pessoas participavam\u2026","rel":"","context":"In &quot;Blog&quot;","block_context":{"text":"Blog","link":"https:\/\/ismaelcolosi.com.br\/index.php\/category\/blog\/"},"img":{"alt_text":"","src":"https:\/\/i0.wp.com\/ismaelcolosi.com.br\/wp-content\/uploads\/2024\/01\/postimg-659593a66bf902774.jpg?fit=1200%2C628&ssl=1&resize=350%2C200","width":350,"height":200,"srcset":"https:\/\/i0.wp.com\/ismaelcolosi.com.br\/wp-content\/uploads\/2024\/01\/postimg-659593a66bf902774.jpg?fit=1200%2C628&ssl=1&resize=350%2C200 1x, https:\/\/i0.wp.com\/ismaelcolosi.com.br\/wp-content\/uploads\/2024\/01\/postimg-659593a66bf902774.jpg?fit=1200%2C628&ssl=1&resize=525%2C300 1.5x, https:\/\/i0.wp.com\/ismaelcolosi.com.br\/wp-content\/uploads\/2024\/01\/postimg-659593a66bf902774.jpg?fit=1200%2C628&ssl=1&resize=700%2C400 2x, https:\/\/i0.wp.com\/ismaelcolosi.com.br\/wp-content\/uploads\/2024\/01\/postimg-659593a66bf902774.jpg?fit=1200%2C628&ssl=1&resize=1050%2C600 3x"},"classes":[]},{"id":28680,"url":"https:\/\/ismaelcolosi.com.br\/index.php\/2024\/01\/16\/quem-e-o-medico-encontrado-em-obito-dentro-de-hospital-ha-suspeita-que-ele-tenha-atentado-contra-a-propria-vida\/","url_meta":{"origin":65263,"position":3},"title":"Quem \u00e9 o m\u00e9dico encontrado em \u00f3bito dentro de hospital, h\u00e1 suspeita que ele tenha atentado contra a pr\u00f3pria vida","author":"ismaelcolosi.com.br","date":"16 de January de 2024","format":false,"excerpt":"Na manh\u00e3 desta segunda-feira (15), foi localizado sem vida, em uma unidade hospitalar, em Natal, capital do Rio Grande do Norte, o corpo de Igor de Oliveira Sim\u00f5es, m\u00e9dico de 30 anos.Igor n\u00e3o fazia parte do corpo de funcion\u00e1rios da SSP do Rio Grande do Norte, mas atuava atrav\u00e9s de\u2026","rel":"","context":"In &quot;Blog&quot;","block_context":{"text":"Blog","link":"https:\/\/ismaelcolosi.com.br\/index.php\/category\/blog\/"},"img":{"alt_text":"","src":"https:\/\/i0.wp.com\/ismaelcolosi.com.br\/wp-content\/uploads\/2024\/01\/postimg-65a69dcc6335a7904.jpg?fit=1200%2C628&ssl=1&resize=350%2C200","width":350,"height":200,"srcset":"https:\/\/i0.wp.com\/ismaelcolosi.com.br\/wp-content\/uploads\/2024\/01\/postimg-65a69dcc6335a7904.jpg?fit=1200%2C628&ssl=1&resize=350%2C200 1x, https:\/\/i0.wp.com\/ismaelcolosi.com.br\/wp-content\/uploads\/2024\/01\/postimg-65a69dcc6335a7904.jpg?fit=1200%2C628&ssl=1&resize=525%2C300 1.5x, https:\/\/i0.wp.com\/ismaelcolosi.com.br\/wp-content\/uploads\/2024\/01\/postimg-65a69dcc6335a7904.jpg?fit=1200%2C628&ssl=1&resize=700%2C400 2x, https:\/\/i0.wp.com\/ismaelcolosi.com.br\/wp-content\/uploads\/2024\/01\/postimg-65a69dcc6335a7904.jpg?fit=1200%2C628&ssl=1&resize=1050%2C600 3x"},"classes":[]},{"id":49144,"url":"https:\/\/ismaelcolosi.com.br\/index.php\/2024\/05\/08\/prefeito-de-ribeirao-preto-viaja-aos-estados-unidos-saiba-o-motivo\/","url_meta":{"origin":65263,"position":4},"title":"Prefeito de Ribeir\u00e3o Preto viaja aos Estados Unidos; Saiba o motivo","author":"ismaelcolosi.com.br","date":"8 de May de 2024","format":false,"excerpt":"O prefeito de Ribeir\u00e3o Preto, Duarte Nogueira, encaminhou um of\u00edcio \u00e0 C\u00e2mara Municipal informando que de 3 a 10 de maio estar\u00e1 nos Estados Unidos para \u201ctratativas internacionais\u201d. De acordo com a prefeitura, Nogueira est\u00e1 participando de uma confer\u00eancia internacional em Nova York. O prefeito foi a convite da Datagro\u2026","rel":"","context":"In &quot;Not\u00edcias de Ribeir\u00e3o Preto-SP e Regi\u00e3o&quot;","block_context":{"text":"Not\u00edcias de Ribeir\u00e3o Preto-SP e Regi\u00e3o","link":"https:\/\/ismaelcolosi.com.br\/index.php\/category\/noticias-de-ribeirao-preto-sp-e-regiao-ismael-colosi\/"},"img":{"alt_text":"","src":"https:\/\/i0.wp.com\/ismaelcolosi.com.br\/wp-content\/uploads\/2024\/05\/prefeito_ny_1_2024-05-08_21-00-23_jpg_2024-05-08_21-00-23.webp.webp?fit=1200%2C900&ssl=1&resize=350%2C200","width":350,"height":200,"srcset":"https:\/\/i0.wp.com\/ismaelcolosi.com.br\/wp-content\/uploads\/2024\/05\/prefeito_ny_1_2024-05-08_21-00-23_jpg_2024-05-08_21-00-23.webp.webp?fit=1200%2C900&ssl=1&resize=350%2C200 1x, https:\/\/i0.wp.com\/ismaelcolosi.com.br\/wp-content\/uploads\/2024\/05\/prefeito_ny_1_2024-05-08_21-00-23_jpg_2024-05-08_21-00-23.webp.webp?fit=1200%2C900&ssl=1&resize=525%2C300 1.5x, https:\/\/i0.wp.com\/ismaelcolosi.com.br\/wp-content\/uploads\/2024\/05\/prefeito_ny_1_2024-05-08_21-00-23_jpg_2024-05-08_21-00-23.webp.webp?fit=1200%2C900&ssl=1&resize=700%2C400 2x, https:\/\/i0.wp.com\/ismaelcolosi.com.br\/wp-content\/uploads\/2024\/05\/prefeito_ny_1_2024-05-08_21-00-23_jpg_2024-05-08_21-00-23.webp.webp?fit=1200%2C900&ssl=1&resize=1050%2C600 3x"},"classes":[]},{"id":76189,"url":"https:\/\/ismaelcolosi.com.br\/index.php\/2024\/11\/11\/preso-ex-vereador-foragido-tribuna-ribeirao\/","url_meta":{"origin":65263,"position":5},"title":"Preso ex-vereador foragido &#8211; Tribuna Ribeir\u00e3o","author":"ismaelcolosi.com.br","date":"11 de November de 2024","format":false,"excerpt":"O ex-vereador de Ribeir\u00e3o Preto Oliveira Junior foi preso no dia 6 de novembro, na cidade de Olinda (PE). Ele estava foragido da Justi\u00e7a desde 2017 ap\u00f3s ter sido condenado em 2015, h\u00e1 vinte ano de pris\u00e3o, pela morte de um advogado e por um atentado contra um radialista no\u2026","rel":"","context":"In &quot;Not\u00edcias de Ribeir\u00e3o Preto-SP e Regi\u00e3o&quot;","block_context":{"text":"Not\u00edcias de Ribeir\u00e3o Preto-SP e Regi\u00e3o","link":"https:\/\/ismaelcolosi.com.br\/index.php\/category\/noticias-de-ribeirao-preto-sp-e-regiao-ismael-colosi\/"},"img":{"alt_text":"","src":"https:\/\/i0.wp.com\/ismaelcolosi.com.br\/wp-content\/uploads\/2024\/11\/b514300b-fb82-46ed-bd5a-da52b966fdc2-scaled.jpeg?fit=680%2C500&ssl=1&resize=350%2C200","width":350,"height":200,"srcset":"https:\/\/i0.wp.com\/ismaelcolosi.com.br\/wp-content\/uploads\/2024\/11\/b514300b-fb82-46ed-bd5a-da52b966fdc2-scaled.jpeg?fit=680%2C500&ssl=1&resize=350%2C200 1x, https:\/\/i0.wp.com\/ismaelcolosi.com.br\/wp-content\/uploads\/2024\/11\/b514300b-fb82-46ed-bd5a-da52b966fdc2-scaled.jpeg?fit=680%2C500&ssl=1&resize=525%2C300 1.5x"},"classes":[]}],"jetpack_sharing_enabled":true,"jetpack_shortlink":"https:\/\/wp.me\/pfMlyK-gYD","_links":{"self":[{"href":"https:\/\/ismaelcolosi.com.br\/index.php\/wp-json\/wp\/v2\/posts\/65263","targetHints":{"allow":["GET"]}}],"collection":[{"href":"https:\/\/ismaelcolosi.com.br\/index.php\/wp-json\/wp\/v2\/posts"}],"about":[{"href":"https:\/\/ismaelcolosi.com.br\/index.php\/wp-json\/wp\/v2\/types\/post"}],"author":[{"embeddable":true,"href":"https:\/\/ismaelcolosi.com.br\/index.php\/wp-json\/wp\/v2\/users\/1"}],"replies":[{"embeddable":true,"href":"https:\/\/ismaelcolosi.com.br\/index.php\/wp-json\/wp\/v2\/comments?post=65263"}],"version-history":[{"count":0,"href":"https:\/\/ismaelcolosi.com.br\/index.php\/wp-json\/wp\/v2\/posts\/65263\/revisions"}],"wp:featuredmedia":[{"embeddable":true,"href":"https:\/\/ismaelcolosi.com.br\/index.php\/wp-json\/wp\/v2\/media\/65264"}],"wp:attachment":[{"href":"https:\/\/ismaelcolosi.com.br\/index.php\/wp-json\/wp\/v2\/media?parent=65263"}],"wp:term":[{"taxonomy":"category","embeddable":true,"href":"https:\/\/ismaelcolosi.com.br\/index.php\/wp-json\/wp\/v2\/categories?post=65263"},{"taxonomy":"post_tag","embeddable":true,"href":"https:\/\/ismaelcolosi.com.br\/index.php\/wp-json\/wp\/v2\/tags?post=65263"}],"curies":[{"name":"wp","href":"https:\/\/api.w.org\/{rel}","templated":true}]}}