{"id":65260,"date":"2024-09-11T15:04:00","date_gmt":"2024-09-11T18:04:00","guid":{"rendered":"https:\/\/ismaelcolosi.com.br\/index.php\/2024\/09\/11\/incendio-de-grandes-proporcoes-atinge-area-na-regiao-de-ribeirao-preto-video\/"},"modified":"2024-09-11T15:04:00","modified_gmt":"2024-09-11T18:04:00","slug":"incendio-de-grandes-proporcoes-atinge-area-na-regiao-de-ribeirao-preto-video","status":"publish","type":"post","link":"https:\/\/ismaelcolosi.com.br\/index.php\/2024\/09\/11\/incendio-de-grandes-proporcoes-atinge-area-na-regiao-de-ribeirao-preto-video\/","title":{"rendered":"Inc\u00eandio de grandes propor\u00e7\u00f5es atinge \u00e1rea na regi\u00e3o de Ribeir\u00e3o Preto; V\u00eddeo"},"content":{"rendered":"<p> <br \/>\n<\/p>\n<p><strong>Um inc\u00eandio de grandes propor\u00e7\u00f5es atinge <strong>nesta quarta-feira (11)<\/strong> uma \u00e1rea entre Serrana e Altin\u00f3polis, na regi\u00e3o de Ribeir\u00e3o Preto.<\/strong><\/p>\n<p>Um <strong>v\u00eddeo<\/strong> mostra uma <strong>intensa fuma\u00e7a <\/strong>perto da <strong>estrada vicinal <\/strong>na <strong>ponte <\/strong>sobre o<strong> rio Pardo<\/strong>. <strong>Veja <\/strong>as <strong>imagens <\/strong>abaixo.<\/p>\n<p><strong>Equipes <\/strong>atuam no <strong>combate<\/strong> \u00e0s <strong>chamas<\/strong>.<\/p>\n<p>N\u00e3o h\u00e1, por\u00e9m, informa\u00e7\u00f5es sobre <strong>v\u00edtimas<\/strong>.<\/p>\n<p>Aos <strong>motoristas<\/strong>, \u00e9 importante <strong>redobrar <\/strong>a <strong>aten\u00e7\u00e3o <\/strong>ao passar pelo <strong>trecho<\/strong>.<\/p>\n<p>As <strong>causas <\/strong>ainda dever\u00e3o ser <strong>apuradas<\/strong>.<\/p>\n<blockquote class=\"instagram-media\" data-instgrm-permalink=\"https:\/\/www.instagram.com\/reel\/C_yRbUzOa0W\/?utm_source=ig_embed&amp;utm_campaign=loading\" data-instgrm-version=\"14\" style=\"background:#FFF;border:0;border-radius:3px;margin: 1px;max-width:540px;min-width:326px;padding:0;width:99.375%;width:-webkit-calc(100% - 2px);width:calc(100% - 2px)\">\n<div style=\"padding:16px\"> <a href=\"https:\/\/www.instagram.com\/reel\/C_yRbUzOa0W\/?utm_source=ig_embed&amp;utm_campaign=loading\" style=\"background:#FFFFFF;line-height:0;padding:0 0;text-align:center;text-decoration:none;width:100%\" target=\"_blank\" rel=\"noopener\"> <\/p>\n<div style=\"flex-direction: row;align-items: center\">\n<div style=\"background-color: #F4F4F4;border-radius: 50%;flex-grow: 0;height: 40px;margin-right: 14px;width: 40px\"><\/div>\n<div style=\"flex-direction: column;flex-grow: 1;justify-content: center\">\n<div style=\"background-color: #F4F4F4;border-radius: 4px;flex-grow: 0;height: 14px;margin-bottom: 6px;width: 100px\"><\/div>\n<div style=\"background-color: #F4F4F4;border-radius: 4px;flex-grow: 0;height: 14px;width: 60px\"><\/div>\n<\/div>\n<\/div>\n<div style=\"padding: 19% 0\"><\/div>\n<div style=\"height:50px;margin:0 auto 12px;width:50px\"><\/div>\n<div style=\"padding-top: 8px\">\n<div style=\"color:#3897f0;font-family:Arial,sans-serif;font-size:14px;font-style:normal;font-weight:550;line-height:18px\">Ver essa foto no Instagram<\/div>\n<\/div>\n<div style=\"padding: 12.5% 0\"><\/div>\n<div style=\"flex-direction: row;margin-bottom: 14px;align-items: center\">\n<div>\n<div style=\"background-color: #F4F4F4;border-radius: 50%;height: 12.5px;width: 12.5px\"><\/div>\n<div style=\"background-color: #F4F4F4;height: 12.5px;width: 12.5px;flex-grow: 0;margin-right: 14px;margin-left: 2px\"><\/div>\n<div style=\"background-color: #F4F4F4;border-radius: 50%;height: 12.5px;width: 12.5px\"><\/div>\n<\/div>\n<div style=\"margin-left: 8px\">\n<div style=\"background-color: #F4F4F4;border-radius: 50%;flex-grow: 0;height: 20px;width: 20px\"><\/div>\n<div style=\"width: 0;height: 0;border-top: 2px solid transparent;border-left: 6px solid #f4f4f4;border-bottom: 2px solid transparent\"><\/div>\n<\/div>\n<div style=\"margin-left: auto\">\n<div style=\"width: 0px;border-top: 8px solid #F4F4F4;border-right: 8px solid transparent\"><\/div>\n<div style=\"background-color: #F4F4F4;flex-grow: 0;height: 12px;width: 16px\"><\/div>\n<div style=\"width: 0;height: 0;border-top: 8px solid #F4F4F4;border-left: 8px solid transparent\"><\/div>\n<\/div>\n<\/div>\n<div style=\"flex-direction: column;flex-grow: 1;justify-content: center;margin-bottom: 24px\">\n<div style=\"background-color: #F4F4F4;border-radius: 4px;flex-grow: 0;height: 14px;margin-bottom: 6px;width: 224px\"><\/div>\n<div style=\"background-color: #F4F4F4;border-radius: 4px;flex-grow: 0;height: 14px;width: 144px\"><\/div>\n<\/div>\n<p><\/a><\/p>\n<p style=\"color:#c9c8cd;font-family:Arial,sans-serif;font-size:14px;line-height:17px;margin-bottom:0;margin-top:8px;overflow:hidden;padding:8px 0 7px;text-align:center\"><a href=\"https:\/\/www.instagram.com\/reel\/C_yRbUzOa0W\/?utm_source=ig_embed&amp;utm_campaign=loading\" style=\"color:#c9c8cd;font-family:Arial,sans-serif;font-size:14px;font-style:normal;font-weight:normal;line-height:17px;text-decoration:none\" target=\"_blank\" rel=\"noopener\">Uma publica\u00e7\u00e3o compartilhada por acidade on Ribeir\u00e3o (@acidadeonribeirao)<\/a><\/p>\n<\/div>\n<\/blockquote>\n<p>SAIBA MAIS<\/p>\n<p>SAIBA MAIS<\/p>\n<p>Apostas do interior de S\u00e3o Paulo ganham pr\u00eamio na Mega-Sena; Veja os n\u00fameros<\/p>\n<h4 class=\"wp-block-heading\"><strong>FIQUE ON<\/strong><\/h4>\n<p>Fique ligado em tudo que acontece em Ribeir\u00e3o Preto e regi\u00e3o. Siga os perfis do&nbsp;<strong>acidade on<\/strong>&nbsp;no&nbsp;<a href=\"https:\/\/www.instagram.com\/acidadeonribeirao\" target=\"_blank\" rel=\"noreferrer noopener\">Instagram<\/a>&nbsp;e no<a href=\"https:\/\/www.facebook.com\/acidadeonribeirao\/\" target=\"_blank\" rel=\"noreferrer noopener\">&nbsp;Facebook<\/a>.<\/p>\n<p>Receba not\u00edcias do&nbsp;<strong>acidade on<\/strong>&nbsp;no WhatsApp.&nbsp;<a href=\"https:\/\/chat.whatsapp.com\/Dtv9mxhy6V5BJBotM2OQ5k\" target=\"_blank\" rel=\"noreferrer noopener\">Para entrar no grupo, basta clicar aqui.<\/a><\/p>\n<p>Fa\u00e7a uma den\u00fancia ou sugira uma reportagem sobre Ribeir\u00e3o Preto e regi\u00e3o pelo WhatsApp: 16 99117 7802.<\/p>\n<p>VEJA TAMB\u00c9M<\/p>\n<p>O que significa alerta vermelho de onda de calor de grande perigo?<\/p>\n<p>O post Inc\u00eandio de grandes propor\u00e7\u00f5es atinge \u00e1rea na regi\u00e3o de Ribeir\u00e3o Preto; V\u00eddeo apareceu primeiro em ACidade ON Ribeir\u00e3o Preto.<\/p>\n<p><script async src=\"\/\/www.instagram.com\/embed.js\"><\/script><br \/>\n<br \/><br \/>\n<br \/><a href=\"https:\/\/www.acidadeon.com\/ribeiraopreto\/cotidiano\/incendio-de-grandes-proporcoes-atinge-area-na-regiao-de-ribeirao-preto-video\/\">Source link <\/a><\/p>\n<div class='code-block code-block-4' style='margin: 8px auto 8px 0; text-align: left; display: block; clear: both;'>\n\ud83d\udce2 Aviso Legal\n\nO site ismaelcolosi.com.br atua apenas como um canal de divulga\u00e7\u00e3o de oportunidades de emprego e n\u00e3o se responsabiliza pelo processo seletivo, contrata\u00e7\u00e3o ou qualquer outra etapa relacionada \u00e0s vagas publicadas. Todas as informa\u00e7\u00f5es s\u00e3o de responsabilidade dos anunciantes.\n\n\u26a0\ufe0f Aten\u00e7\u00e3o! Nunca pague por promessas de emprego nem compre cursos que garantam contrata\u00e7\u00e3o. Desconfie de qualquer cobran\u00e7a para participar de sele\u00e7\u00f5es.\n\n\n\n<\/div>\n<!-- CONTENT END 1 -->\n","protected":false},"excerpt":{"rendered":"<p>Um inc\u00eandio de grandes propor\u00e7\u00f5es atinge nesta quarta-feira (11) uma \u00e1rea entre Serrana e Altin\u00f3polis, na regi\u00e3o de Ribeir\u00e3o Preto. Um v\u00eddeo mostra uma intensa&#8230;<\/p>\n","protected":false},"author":1,"featured_media":65261,"comment_status":"open","ping_status":"open","sticky":false,"template":"","format":"standard","meta":{"_uag_custom_page_level_css":"","advanced_seo_description":"","jetpack_seo_html_title":"","jetpack_seo_noindex":false,"jetpack_post_was_ever_published":false,"_jetpack_newsletter_access":"","_jetpack_dont_email_post_to_subs":false,"_jetpack_newsletter_tier_id":0,"_jetpack_memberships_contains_paywalled_content":false,"_jetpack_memberships_contains_paid_content":false,"footnotes":"","jetpack_publicize_message":"","jetpack_publicize_feature_enabled":true,"jetpack_social_post_already_shared":true,"jetpack_social_options":{"image_generator_settings":{"template":"highway","default_image_id":0,"font":"","enabled":false},"version":2}},"categories":[11],"tags":[],"class_list":["post-65260","post","type-post","status-publish","format-standard","has-post-thumbnail","hentry","category-noticias-de-ribeirao-preto-sp-e-regiao-ismael-colosi"],"jetpack_publicize_connections":[],"jetpack_featured_media_url":"https:\/\/i0.wp.com\/ismaelcolosi.com.br\/wp-content\/uploads\/2024\/09\/WhatsApp-Image-2024-09-11-at-14.50.52_2024-09-11_17-55-49_jpeg_2024-09-11_17-55-50.webp.webp?fit=1599%2C1462&ssl=1","uagb_featured_image_src":{"full":["https:\/\/i0.wp.com\/ismaelcolosi.com.br\/wp-content\/uploads\/2024\/09\/WhatsApp-Image-2024-09-11-at-14.50.52_2024-09-11_17-55-49_jpeg_2024-09-11_17-55-50.webp.webp?fit=1599%2C1462&ssl=1",1599,1462,false],"thumbnail":["https:\/\/i0.wp.com\/ismaelcolosi.com.br\/wp-content\/uploads\/2024\/09\/WhatsApp-Image-2024-09-11-at-14.50.52_2024-09-11_17-55-49_jpeg_2024-09-11_17-55-50.webp.webp?resize=150%2C150&ssl=1",150,150,true],"medium":["https:\/\/i0.wp.com\/ismaelcolosi.com.br\/wp-content\/uploads\/2024\/09\/WhatsApp-Image-2024-09-11-at-14.50.52_2024-09-11_17-55-49_jpeg_2024-09-11_17-55-50.webp.webp?fit=300%2C274&ssl=1",300,274,true],"medium_large":["https:\/\/i0.wp.com\/ismaelcolosi.com.br\/wp-content\/uploads\/2024\/09\/WhatsApp-Image-2024-09-11-at-14.50.52_2024-09-11_17-55-49_jpeg_2024-09-11_17-55-50.webp.webp?fit=768%2C702&ssl=1",768,702,true],"large":["https:\/\/i0.wp.com\/ismaelcolosi.com.br\/wp-content\/uploads\/2024\/09\/WhatsApp-Image-2024-09-11-at-14.50.52_2024-09-11_17-55-49_jpeg_2024-09-11_17-55-50.webp.webp?fit=1024%2C936&ssl=1",1024,936,true],"1536x1536":["https:\/\/i0.wp.com\/ismaelcolosi.com.br\/wp-content\/uploads\/2024\/09\/WhatsApp-Image-2024-09-11-at-14.50.52_2024-09-11_17-55-49_jpeg_2024-09-11_17-55-50.webp.webp?fit=1536%2C1404&ssl=1",1536,1404,true],"2048x2048":["https:\/\/i0.wp.com\/ismaelcolosi.com.br\/wp-content\/uploads\/2024\/09\/WhatsApp-Image-2024-09-11-at-14.50.52_2024-09-11_17-55-49_jpeg_2024-09-11_17-55-50.webp.webp?fit=1599%2C1462&ssl=1",1599,1462,true],"really-simple-thumb":["https:\/\/i0.wp.com\/ismaelcolosi.com.br\/wp-content\/uploads\/2024\/09\/WhatsApp-Image-2024-09-11-at-14.50.52_2024-09-11_17-55-49_jpeg_2024-09-11_17-55-50.webp.webp?resize=370%2C247&ssl=1",370,247,true]},"uagb_author_info":{"display_name":"ismaelcolosi.com.br","author_link":"https:\/\/ismaelcolosi.com.br\/index.php\/author\/vidareal-online\/"},"uagb_comment_info":0,"uagb_excerpt":"Um inc\u00eandio de grandes propor\u00e7\u00f5es atinge nesta quarta-feira (11) uma \u00e1rea entre Serrana e Altin\u00f3polis, na regi\u00e3o de Ribeir\u00e3o Preto. Um v\u00eddeo mostra uma intensa...","jetpack-related-posts":[{"id":53543,"url":"https:\/\/ismaelcolosi.com.br\/index.php\/2024\/06\/17\/incendio-de-grandes-proporcoes-atinge-area-proximo-a-rodovia-de-ribeirao-veja-o-video\/","url_meta":{"origin":65260,"position":0},"title":"Inc\u00eandio de grandes propor\u00e7\u00f5es atinge \u00e1rea pr\u00f3ximo a rodovia de Ribeir\u00e3o; Veja o v\u00eddeo","author":"ismaelcolosi.com.br","date":"17 de June de 2024","format":false,"excerpt":"Um inc\u00eandio de grandes propor\u00e7\u00f5es atingiu um canavial \u00e0s margens do Anel Vi\u00e1rio Norte \u2013 rodovia Alexandre Balbo (SP-328), em Ribeir\u00e3o Preto, na tarde desta segunda-feira (17). Devido a fuma\u00e7a no local, foi necess\u00e1rio interditar os dois sentidos da via. De acordo com a Entrevias, concession\u00e1ria que administra o trecho,\u2026","rel":"","context":"In &quot;Not\u00edcias de Ribeir\u00e3o Preto-SP e Regi\u00e3o&quot;","block_context":{"text":"Not\u00edcias de Ribeir\u00e3o Preto-SP e Regi\u00e3o","link":"https:\/\/ismaelcolosi.com.br\/index.php\/category\/noticias-de-ribeirao-preto-sp-e-regiao-ismael-colosi\/"},"img":{"alt_text":"","src":"https:\/\/i0.wp.com\/ismaelcolosi.com.br\/wp-content\/uploads\/2024\/06\/Copia-de-Copia-de-TAMANHO-EXATO-PARA-FOTOS-NO-SISTEMA-NOVO-80_2024-06-17_18-43-20_png_2024-06-17_18-43-20.webp.webp?fit=1200%2C675&ssl=1&resize=350%2C200","width":350,"height":200,"srcset":"https:\/\/i0.wp.com\/ismaelcolosi.com.br\/wp-content\/uploads\/2024\/06\/Copia-de-Copia-de-TAMANHO-EXATO-PARA-FOTOS-NO-SISTEMA-NOVO-80_2024-06-17_18-43-20_png_2024-06-17_18-43-20.webp.webp?fit=1200%2C675&ssl=1&resize=350%2C200 1x, https:\/\/i0.wp.com\/ismaelcolosi.com.br\/wp-content\/uploads\/2024\/06\/Copia-de-Copia-de-TAMANHO-EXATO-PARA-FOTOS-NO-SISTEMA-NOVO-80_2024-06-17_18-43-20_png_2024-06-17_18-43-20.webp.webp?fit=1200%2C675&ssl=1&resize=525%2C300 1.5x, https:\/\/i0.wp.com\/ismaelcolosi.com.br\/wp-content\/uploads\/2024\/06\/Copia-de-Copia-de-TAMANHO-EXATO-PARA-FOTOS-NO-SISTEMA-NOVO-80_2024-06-17_18-43-20_png_2024-06-17_18-43-20.webp.webp?fit=1200%2C675&ssl=1&resize=700%2C400 2x, https:\/\/i0.wp.com\/ismaelcolosi.com.br\/wp-content\/uploads\/2024\/06\/Copia-de-Copia-de-TAMANHO-EXATO-PARA-FOTOS-NO-SISTEMA-NOVO-80_2024-06-17_18-43-20_png_2024-06-17_18-43-20.webp.webp?fit=1200%2C675&ssl=1&resize=1050%2C600 3x"},"classes":[]},{"id":53842,"url":"https:\/\/ismaelcolosi.com.br\/index.php\/2024\/06\/19\/incendio-de-grandes-proporcoes-atinge-area-na-zona-leste-de-ribeirao-preto\/","url_meta":{"origin":65260,"position":1},"title":"Inc\u00eandio de grandes propor\u00e7\u00f5es atinge \u00e1rea na zona Leste de Ribeir\u00e3o Preto","author":"ismaelcolosi.com.br","date":"19 de June de 2024","format":false,"excerpt":"Um inc\u00eandio de grandes propor\u00e7\u00f5es atingiu uma \u00e1rea na Fazenda da Barra, zona Leste de Ribeir\u00e3o Preto, na tarde desta quarta-feira (19). Moradores registraram uma grande quantidade de fuma\u00e7a no c\u00e9u da regi\u00e3o \u2013 veja abaixo. Equipes do Corpo de Bombeiros foram acionadas para a ocorr\u00eancia. Al\u00e9m da corpora\u00e7\u00e3o, a\u2026","rel":"","context":"In &quot;Not\u00edcias de Ribeir\u00e3o Preto-SP e Regi\u00e3o&quot;","block_context":{"text":"Not\u00edcias de Ribeir\u00e3o Preto-SP e Regi\u00e3o","link":"https:\/\/ismaelcolosi.com.br\/index.php\/category\/noticias-de-ribeirao-preto-sp-e-regiao-ismael-colosi\/"},"img":{"alt_text":"","src":"https:\/\/i0.wp.com\/ismaelcolosi.com.br\/wp-content\/uploads\/2024\/06\/WhatsApp-Image-2024-06-19-at-16.42.33_2024-06-19_21-07-17_jpeg_2024-06-19_21-07-17.webp.webp?fit=1200%2C675&ssl=1&resize=350%2C200","width":350,"height":200,"srcset":"https:\/\/i0.wp.com\/ismaelcolosi.com.br\/wp-content\/uploads\/2024\/06\/WhatsApp-Image-2024-06-19-at-16.42.33_2024-06-19_21-07-17_jpeg_2024-06-19_21-07-17.webp.webp?fit=1200%2C675&ssl=1&resize=350%2C200 1x, https:\/\/i0.wp.com\/ismaelcolosi.com.br\/wp-content\/uploads\/2024\/06\/WhatsApp-Image-2024-06-19-at-16.42.33_2024-06-19_21-07-17_jpeg_2024-06-19_21-07-17.webp.webp?fit=1200%2C675&ssl=1&resize=525%2C300 1.5x, https:\/\/i0.wp.com\/ismaelcolosi.com.br\/wp-content\/uploads\/2024\/06\/WhatsApp-Image-2024-06-19-at-16.42.33_2024-06-19_21-07-17_jpeg_2024-06-19_21-07-17.webp.webp?fit=1200%2C675&ssl=1&resize=700%2C400 2x, https:\/\/i0.wp.com\/ismaelcolosi.com.br\/wp-content\/uploads\/2024\/06\/WhatsApp-Image-2024-06-19-at-16.42.33_2024-06-19_21-07-17_jpeg_2024-06-19_21-07-17.webp.webp?fit=1200%2C675&ssl=1&resize=1050%2C600 3x"},"classes":[]},{"id":61591,"url":"https:\/\/ismaelcolosi.com.br\/index.php\/2024\/08\/22\/incendio-de-grandes-proporcoes-provoca-bloqueio-de-rodovia-na-regiao-de-ribeirao-video\/","url_meta":{"origin":65260,"position":2},"title":"Inc\u00eandio de grandes propor\u00e7\u00f5es provoca bloqueio de rodovia na regi\u00e3o de Ribeir\u00e3o; V\u00eddeo","author":"ismaelcolosi.com.br","date":"22 de August de 2024","format":false,"excerpt":"Um inc\u00eandio de grandes propor\u00e7\u00f5es foi registrado no in\u00edcio da tarde desta quinta-feira (22), \u00e0s margens da rodovia Armando de Salles Oliveira, entre Pitangueiras e Bebedouro, na regi\u00e3o de Ribeir\u00e3o Preto. Segundo o Corpo de Bombeiros, por conta do inc\u00eandio, aconteceu um engavetamento com 7 ve\u00edculos. A rodovia est\u00e1 fechada\u2026","rel":"","context":"In &quot;Not\u00edcias de Ribeir\u00e3o Preto-SP e Regi\u00e3o&quot;","block_context":{"text":"Not\u00edcias de Ribeir\u00e3o Preto-SP e Regi\u00e3o","link":"https:\/\/ismaelcolosi.com.br\/index.php\/category\/noticias-de-ribeirao-preto-sp-e-regiao-ismael-colosi\/"},"img":{"alt_text":"","src":"https:\/\/i0.wp.com\/ismaelcolosi.com.br\/wp-content\/uploads\/2024\/08\/fogo-armando-sales3_2024-08-22_16-22-05_jpg_2024-08-22_16-22-06.webp.webp?fit=1200%2C674&ssl=1&resize=350%2C200","width":350,"height":200,"srcset":"https:\/\/i0.wp.com\/ismaelcolosi.com.br\/wp-content\/uploads\/2024\/08\/fogo-armando-sales3_2024-08-22_16-22-05_jpg_2024-08-22_16-22-06.webp.webp?fit=1200%2C674&ssl=1&resize=350%2C200 1x, https:\/\/i0.wp.com\/ismaelcolosi.com.br\/wp-content\/uploads\/2024\/08\/fogo-armando-sales3_2024-08-22_16-22-05_jpg_2024-08-22_16-22-06.webp.webp?fit=1200%2C674&ssl=1&resize=525%2C300 1.5x, https:\/\/i0.wp.com\/ismaelcolosi.com.br\/wp-content\/uploads\/2024\/08\/fogo-armando-sales3_2024-08-22_16-22-05_jpg_2024-08-22_16-22-06.webp.webp?fit=1200%2C674&ssl=1&resize=700%2C400 2x, https:\/\/i0.wp.com\/ismaelcolosi.com.br\/wp-content\/uploads\/2024\/08\/fogo-armando-sales3_2024-08-22_16-22-05_jpg_2024-08-22_16-22-06.webp.webp?fit=1200%2C674&ssl=1&resize=1050%2C600 3x"},"classes":[]},{"id":50048,"url":"https:\/\/ismaelcolosi.com.br\/index.php\/2024\/05\/14\/incendio-atinge-area-de-vegetacao-e-provoca-muita-fumaca-na-regiao-de-ribeirao-video\/","url_meta":{"origin":65260,"position":3},"title":"Inc\u00eandio atinge \u00e1rea de vegeta\u00e7\u00e3o e provoca muita fuma\u00e7a na regi\u00e3o de Ribeir\u00e3o; V\u00eddeo","author":"ismaelcolosi.com.br","date":"14 de May de 2024","format":false,"excerpt":"Um inc\u00eandio de grandes propor\u00e7\u00f5es atingiu uma \u00e1rea de vegeta\u00e7\u00e3o, em Franca, na regi\u00e3o de Ribeir\u00e3o Preto, na tarde desta ter\u00e7a-feira (14) \u2013 veja o v\u00eddeo abaixo. O caso foi registrado na Vila Imperador, na zona Norte de Franca. N\u00e3o h\u00e1 informa\u00e7\u00f5es sobre feridos. De acordo com a EPTV, o\u2026","rel":"","context":"In &quot;Not\u00edcias de Ribeir\u00e3o Preto-SP e Regi\u00e3o&quot;","block_context":{"text":"Not\u00edcias de Ribeir\u00e3o Preto-SP e Regi\u00e3o","link":"https:\/\/ismaelcolosi.com.br\/index.php\/category\/noticias-de-ribeirao-preto-sp-e-regiao-ismael-colosi\/"},"img":{"alt_text":"","src":"https:\/\/i0.wp.com\/ismaelcolosi.com.br\/wp-content\/uploads\/2024\/05\/AnyConv.com__incendio-franca_2024-05-14_17-27-10.webp.webp?fit=1200%2C672&ssl=1&resize=350%2C200","width":350,"height":200,"srcset":"https:\/\/i0.wp.com\/ismaelcolosi.com.br\/wp-content\/uploads\/2024\/05\/AnyConv.com__incendio-franca_2024-05-14_17-27-10.webp.webp?fit=1200%2C672&ssl=1&resize=350%2C200 1x, https:\/\/i0.wp.com\/ismaelcolosi.com.br\/wp-content\/uploads\/2024\/05\/AnyConv.com__incendio-franca_2024-05-14_17-27-10.webp.webp?fit=1200%2C672&ssl=1&resize=525%2C300 1.5x, https:\/\/i0.wp.com\/ismaelcolosi.com.br\/wp-content\/uploads\/2024\/05\/AnyConv.com__incendio-franca_2024-05-14_17-27-10.webp.webp?fit=1200%2C672&ssl=1&resize=700%2C400 2x, https:\/\/i0.wp.com\/ismaelcolosi.com.br\/wp-content\/uploads\/2024\/05\/AnyConv.com__incendio-franca_2024-05-14_17-27-10.webp.webp?fit=1200%2C672&ssl=1&resize=1050%2C600 3x"},"classes":[]},{"id":67304,"url":"https:\/\/ismaelcolosi.com.br\/index.php\/2024\/09\/22\/moradores-registram-incendio-de-grandes-proporcoes-em-ribeirao-preto-video\/","url_meta":{"origin":65260,"position":4},"title":"Moradores registram inc\u00eandio de grandes propor\u00e7\u00f5es em Ribeir\u00e3o Preto; V\u00eddeo","author":"ismaelcolosi.com.br","date":"22 de September de 2024","format":false,"excerpt":"Um inc\u00eandio de grandes propor\u00e7\u00f5es assustou moradores dos bairros C\u00e2ndido Portinari e Jardim Ouro Branco, na zona Leste de Ribeir\u00e3o Preto, na noite do \u00faltimo s\u00e1bado (21). O fogo atingiu uma \u00e1rea de vegeta\u00e7\u00e3o \u2013 veja o v\u00eddeo abaixo. VEJA O V\u00cdDEO Ver essa foto no Instagram Uma publica\u00e7\u00e3o compartilhada\u2026","rel":"","context":"In &quot;Not\u00edcias de Ribeir\u00e3o Preto-SP e Regi\u00e3o&quot;","block_context":{"text":"Not\u00edcias de Ribeir\u00e3o Preto-SP e Regi\u00e3o","link":"https:\/\/ismaelcolosi.com.br\/index.php\/category\/noticias-de-ribeirao-preto-sp-e-regiao-ismael-colosi\/"},"img":{"alt_text":"","src":"https:\/\/i0.wp.com\/ismaelcolosi.com.br\/wp-content\/uploads\/2024\/09\/incendio-ribeirao-preto_2024-09-22_15-26-54_jpg_2024-09-22_15-26-55.webp.webp?fit=1200%2C775&ssl=1&resize=350%2C200","width":350,"height":200,"srcset":"https:\/\/i0.wp.com\/ismaelcolosi.com.br\/wp-content\/uploads\/2024\/09\/incendio-ribeirao-preto_2024-09-22_15-26-54_jpg_2024-09-22_15-26-55.webp.webp?fit=1200%2C775&ssl=1&resize=350%2C200 1x, https:\/\/i0.wp.com\/ismaelcolosi.com.br\/wp-content\/uploads\/2024\/09\/incendio-ribeirao-preto_2024-09-22_15-26-54_jpg_2024-09-22_15-26-55.webp.webp?fit=1200%2C775&ssl=1&resize=525%2C300 1.5x, https:\/\/i0.wp.com\/ismaelcolosi.com.br\/wp-content\/uploads\/2024\/09\/incendio-ribeirao-preto_2024-09-22_15-26-54_jpg_2024-09-22_15-26-55.webp.webp?fit=1200%2C775&ssl=1&resize=700%2C400 2x, https:\/\/i0.wp.com\/ismaelcolosi.com.br\/wp-content\/uploads\/2024\/09\/incendio-ribeirao-preto_2024-09-22_15-26-54_jpg_2024-09-22_15-26-55.webp.webp?fit=1200%2C775&ssl=1&resize=1050%2C600 3x"},"classes":[]},{"id":67991,"url":"https:\/\/ismaelcolosi.com.br\/index.php\/2024\/09\/26\/incendio-atinge-ferro-velho-na-zona-norte-de-ribeirao-preto-veja-video\/","url_meta":{"origin":65260,"position":5},"title":"Inc\u00eandio atinge ferro velho na zona Norte de Ribeir\u00e3o Preto; Veja v\u00eddeo","author":"ismaelcolosi.com.br","date":"26 de September de 2024","format":false,"excerpt":"Um inc\u00eandio de grandes propor\u00e7\u00f5es destruiu um ferro velho na rua Orlando Gabriello, no Jardim Jandaia, zona Norte de Ribeir\u00e3o Preto, na tarde desta quinta-feira (26) \u2013 veja o v\u00eddeo abaixo. Nas imagens \u00e9 poss\u00edvel ver muito papel\u00e3o queimado e ferro retorcido. Uma caminhonete utilizada pelo ferro velho tamb\u00e9m foi\u2026","rel":"","context":"In &quot;Not\u00edcias de Ribeir\u00e3o Preto-SP e Regi\u00e3o&quot;","block_context":{"text":"Not\u00edcias de Ribeir\u00e3o Preto-SP e Regi\u00e3o","link":"https:\/\/ismaelcolosi.com.br\/index.php\/category\/noticias-de-ribeirao-preto-sp-e-regiao-ismael-colosi\/"},"img":{"alt_text":"","src":"https:\/\/i0.wp.com\/ismaelcolosi.com.br\/wp-content\/uploads\/2024\/09\/WhatsApp-Image-2024-09-26-at-13.40.14-3_2024-09-26_18-01-32_jpeg_2024-09-26_18-01-34-scaled.webp.webp?fit=1200%2C900&ssl=1&resize=350%2C200","width":350,"height":200,"srcset":"https:\/\/i0.wp.com\/ismaelcolosi.com.br\/wp-content\/uploads\/2024\/09\/WhatsApp-Image-2024-09-26-at-13.40.14-3_2024-09-26_18-01-32_jpeg_2024-09-26_18-01-34-scaled.webp.webp?fit=1200%2C900&ssl=1&resize=350%2C200 1x, https:\/\/i0.wp.com\/ismaelcolosi.com.br\/wp-content\/uploads\/2024\/09\/WhatsApp-Image-2024-09-26-at-13.40.14-3_2024-09-26_18-01-32_jpeg_2024-09-26_18-01-34-scaled.webp.webp?fit=1200%2C900&ssl=1&resize=525%2C300 1.5x, https:\/\/i0.wp.com\/ismaelcolosi.com.br\/wp-content\/uploads\/2024\/09\/WhatsApp-Image-2024-09-26-at-13.40.14-3_2024-09-26_18-01-32_jpeg_2024-09-26_18-01-34-scaled.webp.webp?fit=1200%2C900&ssl=1&resize=700%2C400 2x, https:\/\/i0.wp.com\/ismaelcolosi.com.br\/wp-content\/uploads\/2024\/09\/WhatsApp-Image-2024-09-26-at-13.40.14-3_2024-09-26_18-01-32_jpeg_2024-09-26_18-01-34-scaled.webp.webp?fit=1200%2C900&ssl=1&resize=1050%2C600 3x"},"classes":[]}],"jetpack_sharing_enabled":true,"jetpack_shortlink":"https:\/\/wp.me\/pfMlyK-gYA","_links":{"self":[{"href":"https:\/\/ismaelcolosi.com.br\/index.php\/wp-json\/wp\/v2\/posts\/65260","targetHints":{"allow":["GET"]}}],"collection":[{"href":"https:\/\/ismaelcolosi.com.br\/index.php\/wp-json\/wp\/v2\/posts"}],"about":[{"href":"https:\/\/ismaelcolosi.com.br\/index.php\/wp-json\/wp\/v2\/types\/post"}],"author":[{"embeddable":true,"href":"https:\/\/ismaelcolosi.com.br\/index.php\/wp-json\/wp\/v2\/users\/1"}],"replies":[{"embeddable":true,"href":"https:\/\/ismaelcolosi.com.br\/index.php\/wp-json\/wp\/v2\/comments?post=65260"}],"version-history":[{"count":0,"href":"https:\/\/ismaelcolosi.com.br\/index.php\/wp-json\/wp\/v2\/posts\/65260\/revisions"}],"wp:featuredmedia":[{"embeddable":true,"href":"https:\/\/ismaelcolosi.com.br\/index.php\/wp-json\/wp\/v2\/media\/65261"}],"wp:attachment":[{"href":"https:\/\/ismaelcolosi.com.br\/index.php\/wp-json\/wp\/v2\/media?parent=65260"}],"wp:term":[{"taxonomy":"category","embeddable":true,"href":"https:\/\/ismaelcolosi.com.br\/index.php\/wp-json\/wp\/v2\/categories?post=65260"},{"taxonomy":"post_tag","embeddable":true,"href":"https:\/\/ismaelcolosi.com.br\/index.php\/wp-json\/wp\/v2\/tags?post=65260"}],"curies":[{"name":"wp","href":"https:\/\/api.w.org\/{rel}","templated":true}]}}