{"id":65241,"date":"2024-09-11T14:03:23","date_gmt":"2024-09-11T17:03:23","guid":{"rendered":"https:\/\/ismaelcolosi.com.br\/index.php\/2024\/09\/11\/policia-detem-suspeito-por-ataque-a-carro-forte-na-regiao-de-ribeirao-preto\/"},"modified":"2024-09-11T14:03:23","modified_gmt":"2024-09-11T17:03:23","slug":"policia-detem-suspeito-por-ataque-a-carro-forte-na-regiao-de-ribeirao-preto","status":"publish","type":"post","link":"https:\/\/ismaelcolosi.com.br\/index.php\/2024\/09\/11\/policia-detem-suspeito-por-ataque-a-carro-forte-na-regiao-de-ribeirao-preto\/","title":{"rendered":"Pol\u00edcia det\u00e9m suspeito por ataque a carro-forte na regi\u00e3o de Ribeir\u00e3o Preto"},"content":{"rendered":"<p> <br \/>\n<\/p>\n<div>\n<p>A pol\u00edcia deteve um homem suspeito de envolvimento no ataque a<strong> carro-forte<\/strong> na regi\u00e3o de <strong>Ribeir\u00e3o Preto<\/strong>. O suspeito \u00e9 <strong>Roberto Marques Trov\u00e3o Lafaeff<\/strong>, de 36 anos, que havia procurado atendimento m\u00e9dico na <strong>UPA (Unidade de Pronto Atendimento) de Valinhos<\/strong>, na regi\u00e3o de <strong>Campinas<\/strong>, na \u00faltima ter\u00e7a-feira (10).<\/p>\n<p><mark style=\"background-color:#fcb900\" class=\"has-inline-color has-black-color\">Ele apresentava um ferimento no p\u00e9 que seria condizente com arma de fogo. <\/mark>Segundo<strong> BO (boletim de ocorr\u00eancia)<\/strong>, Roberto teria dito que o ferimento foi causado por um vergalh\u00e3o de constru\u00e7\u00e3o civil. Com ele, foram encontrados dois aparelhos celulares.<\/p>\n<p>Segundo outro m\u00e9dico que atendeu a v\u00edtima, o ferimento poderia ser decorrente de muni\u00e7\u00e3o de fuzil. O homem foi deixado na unidade de sa\u00fade por uma mulher, que estava em um ve\u00edculo Jeep\/Renegade.<\/p>\n<p>O homem teria fornecido um documento com nome diferente pelo qual foi identificado pelo sistema Muralha Paulista.<\/p>\n<h4 class=\"wp-block-heading\"><strong>O crime<\/strong><\/h4>\n<p>Os assaltantes que atacaram um carro-forte no in\u00edcio da noite da \u00faltima segunda-feira (9), no km 381 da rodovia C\u00e2ndido Portinari (SP-334), em Franca. Os criminosos n\u00e3o conseguiram abrir os tr\u00eas cofres do ve\u00edculo de transporte de valores e todo o dinheiro foi queimado na a\u00e7\u00e3o com uso de explosivo. Cinco v\u00edtimas foram registradas, entre as quais tr\u00eas baleadas.<\/p>\n<p>O motorista do carro-forte disse \u00e0 pol\u00edcia que seguia para Ribeir\u00e3o Preto com o dinheiro recolhido em Franca, quando um caminhonete emparelhou com o ve\u00edculo de transporte de valores e os criminosos come\u00e7aram a atirar.<\/p>\n<p>Estima-se que ao menos 16 assaltantes participaram do ataque ao carro-forte. At\u00e9 um caminh\u00e3o foi utilizado para bloquear a pista e impedir o acesso de outros ve\u00edculos.<\/p>\n<p>Foram apreendidos quatro rev\u00f3lveres calibre 38 e duas espingardas calibre 12, que pertencem \u00e0 empresa de transporte de valores e ficaram queimados, al\u00e9m de tr\u00eas carregadores.<\/p>\n<p>A Pol\u00edcia Cient\u00edfica encontrou dezenas de estojos de muni\u00e7\u00f5es calibre .50 e de calibres aparentando 5.56 e 7.62 (com informa\u00e7\u00f5es EPTV).<\/p>\n<p>SAIBA MAIS<br \/>Cinema, troca de livros e conta\u00e7\u00e3o de hist\u00f3rias: Sesi Ribeir\u00e3o tem programa\u00e7\u00e3o gratuita<\/p>\n<h4 class=\"wp-block-heading\"><strong>FIQUE ON<\/strong><\/h4>\n<p>Fique ligado em tudo que acontece em Ribeir\u00e3o Preto e regi\u00e3o. Siga os perfis do<strong>\u00a0acidade on\u00a0<\/strong>no\u00a0<a href=\"https:\/\/www.instagram.com\/acidadeonribeirao\" target=\"_blank\" rel=\"noreferrer noopener\">Instagram\u00a0<\/a>e no\u00a0<a href=\"https:\/\/www.facebook.com\/acidadeonribeirao\/\" target=\"_blank\" rel=\"noreferrer noopener\">Facebook<\/a>.<\/p>\n<p>Receba not\u00edcias do\u00a0<strong>acidade on<\/strong>\u00a0no WhatsApp.<a href=\"https:\/\/chat.whatsapp.com\/Dtv9mxhy6V5BJBotM2OQ5k\" target=\"_blank\" rel=\"noreferrer noopener\">\u00a0Para entrar no grupo, basta clicar aqui.<\/a><\/p>\n<p>Fa\u00e7a uma den\u00fancia ou sugira uma reportagem sobre Ribeir\u00e3o Preto e regi\u00e3o pelo WhatsApp: 16 99117 7802.<\/p>\n<p>VEJA TAMB\u00c9M<br \/>Por que o doce se chama brigadeiro?<\/p>\n<p><!-- CONTENT END 1 -->\n<\/div>\n<p><script async src=\"\/\/www.instagram.com\/embed.js\"><\/script><br \/>\n<br \/><br \/>\n<br \/><a href=\"https:\/\/www.acidadeon.com\/ribeiraopreto\/cotidiano\/policia-detem-suspeito-por-ataque-carro-forte-na-regiao-de-ribeirao-preto\/\">Source link <\/a><\/p>\n","protected":false},"excerpt":{"rendered":"<p>A pol\u00edcia deteve um homem suspeito de envolvimento no ataque a carro-forte na regi\u00e3o de Ribeir\u00e3o Preto. O suspeito \u00e9 Roberto Marques Trov\u00e3o Lafaeff, de&#8230;<\/p>\n","protected":false},"author":1,"featured_media":65242,"comment_status":"open","ping_status":"open","sticky":false,"template":"","format":"standard","meta":{"_uag_custom_page_level_css":"","advanced_seo_description":"","jetpack_seo_html_title":"","jetpack_seo_noindex":false,"jetpack_post_was_ever_published":false,"_jetpack_newsletter_access":"","_jetpack_dont_email_post_to_subs":false,"_jetpack_newsletter_tier_id":0,"_jetpack_memberships_contains_paywalled_content":false,"_jetpack_memberships_contains_paid_content":false,"footnotes":"","jetpack_publicize_message":"","jetpack_publicize_feature_enabled":true,"jetpack_social_post_already_shared":true,"jetpack_social_options":{"image_generator_settings":{"template":"highway","default_image_id":0,"font":"","enabled":false},"version":2}},"categories":[11],"tags":[],"class_list":["post-65241","post","type-post","status-publish","format-standard","has-post-thumbnail","hentry","category-noticias-de-ribeirao-preto-sp-e-regiao-ismael-colosi"],"jetpack_publicize_connections":[],"jetpack_featured_media_url":"https:\/\/i0.wp.com\/ismaelcolosi.com.br\/wp-content\/uploads\/2024\/09\/roberto_2024-09-11_16-51-22_jpeg_2024-09-11_16-51-22.webp.webp?fit=1600%2C899&ssl=1","uagb_featured_image_src":{"full":["https:\/\/i0.wp.com\/ismaelcolosi.com.br\/wp-content\/uploads\/2024\/09\/roberto_2024-09-11_16-51-22_jpeg_2024-09-11_16-51-22.webp.webp?fit=1600%2C899&ssl=1",1600,899,false],"thumbnail":["https:\/\/i0.wp.com\/ismaelcolosi.com.br\/wp-content\/uploads\/2024\/09\/roberto_2024-09-11_16-51-22_jpeg_2024-09-11_16-51-22.webp.webp?resize=150%2C150&ssl=1",150,150,true],"medium":["https:\/\/i0.wp.com\/ismaelcolosi.com.br\/wp-content\/uploads\/2024\/09\/roberto_2024-09-11_16-51-22_jpeg_2024-09-11_16-51-22.webp.webp?fit=300%2C169&ssl=1",300,169,true],"medium_large":["https:\/\/i0.wp.com\/ismaelcolosi.com.br\/wp-content\/uploads\/2024\/09\/roberto_2024-09-11_16-51-22_jpeg_2024-09-11_16-51-22.webp.webp?fit=768%2C432&ssl=1",768,432,true],"large":["https:\/\/i0.wp.com\/ismaelcolosi.com.br\/wp-content\/uploads\/2024\/09\/roberto_2024-09-11_16-51-22_jpeg_2024-09-11_16-51-22.webp.webp?fit=1024%2C575&ssl=1",1024,575,true],"1536x1536":["https:\/\/i0.wp.com\/ismaelcolosi.com.br\/wp-content\/uploads\/2024\/09\/roberto_2024-09-11_16-51-22_jpeg_2024-09-11_16-51-22.webp.webp?fit=1536%2C863&ssl=1",1536,863,true],"2048x2048":["https:\/\/i0.wp.com\/ismaelcolosi.com.br\/wp-content\/uploads\/2024\/09\/roberto_2024-09-11_16-51-22_jpeg_2024-09-11_16-51-22.webp.webp?fit=1600%2C899&ssl=1",1600,899,true],"really-simple-thumb":["https:\/\/i0.wp.com\/ismaelcolosi.com.br\/wp-content\/uploads\/2024\/09\/roberto_2024-09-11_16-51-22_jpeg_2024-09-11_16-51-22.webp.webp?resize=370%2C247&ssl=1",370,247,true]},"uagb_author_info":{"display_name":"ismaelcolosi.com.br","author_link":"https:\/\/ismaelcolosi.com.br\/index.php\/author\/vidareal-online\/"},"uagb_comment_info":0,"uagb_excerpt":"A pol\u00edcia deteve um homem suspeito de envolvimento no ataque a carro-forte na regi\u00e3o de Ribeir\u00e3o Preto. O suspeito \u00e9 Roberto Marques Trov\u00e3o Lafaeff, de...","jetpack-related-posts":[{"id":65343,"url":"https:\/\/ismaelcolosi.com.br\/index.php\/2024\/09\/11\/suspeito-de-ataque-a-carro-forte-ja-foi-preso-com-arsenal-de-guerra\/","url_meta":{"origin":65241,"position":0},"title":"Suspeito de ataque a carro-forte j\u00e1 foi preso com arsenal de guerra","author":"ismaelcolosi.com.br","date":"11 de September de 2024","format":false,"excerpt":"Roberto Marques Trov\u00e3o Lafaeff, preso na ter\u00e7a-feira (10), pela suspeita de envolvimento no ataque a carro-forte na regi\u00e3o de Ribeir\u00e3o Preto, j\u00e1 era conhecido pelos policiais do Departamento Estadual de Investiga\u00e7\u00f5es Criminais (Deic). Conforme a Secretaria de Seguran\u00e7a P\u00fablica de S\u00e3o Paulo (SSP-SP), Lafaeff teria sido preso em flagrante em\u2026","rel":"","context":"In &quot;Not\u00edcias de Ribeir\u00e3o Preto-SP e Regi\u00e3o&quot;","block_context":{"text":"Not\u00edcias de Ribeir\u00e3o Preto-SP e Regi\u00e3o","link":"https:\/\/ismaelcolosi.com.br\/index.php\/category\/noticias-de-ribeirao-preto-sp-e-regiao-ismael-colosi\/"},"img":{"alt_text":"","src":"https:\/\/i0.wp.com\/ismaelcolosi.com.br\/wp-content\/uploads\/2024\/09\/Copia-de-Copia-de-Copia-de-TAMANHO-EXATO-PARA-FOTOS-NO-SISTEMA-NOVO-49_2024-09-11_22-30-14_png_2024-09-11_22-30-15.webp.webp?fit=1200%2C675&ssl=1&resize=350%2C200","width":350,"height":200,"srcset":"https:\/\/i0.wp.com\/ismaelcolosi.com.br\/wp-content\/uploads\/2024\/09\/Copia-de-Copia-de-Copia-de-TAMANHO-EXATO-PARA-FOTOS-NO-SISTEMA-NOVO-49_2024-09-11_22-30-14_png_2024-09-11_22-30-15.webp.webp?fit=1200%2C675&ssl=1&resize=350%2C200 1x, https:\/\/i0.wp.com\/ismaelcolosi.com.br\/wp-content\/uploads\/2024\/09\/Copia-de-Copia-de-Copia-de-TAMANHO-EXATO-PARA-FOTOS-NO-SISTEMA-NOVO-49_2024-09-11_22-30-14_png_2024-09-11_22-30-15.webp.webp?fit=1200%2C675&ssl=1&resize=525%2C300 1.5x, https:\/\/i0.wp.com\/ismaelcolosi.com.br\/wp-content\/uploads\/2024\/09\/Copia-de-Copia-de-Copia-de-TAMANHO-EXATO-PARA-FOTOS-NO-SISTEMA-NOVO-49_2024-09-11_22-30-14_png_2024-09-11_22-30-15.webp.webp?fit=1200%2C675&ssl=1&resize=700%2C400 2x, https:\/\/i0.wp.com\/ismaelcolosi.com.br\/wp-content\/uploads\/2024\/09\/Copia-de-Copia-de-Copia-de-TAMANHO-EXATO-PARA-FOTOS-NO-SISTEMA-NOVO-49_2024-09-11_22-30-14_png_2024-09-11_22-30-15.webp.webp?fit=1200%2C675&ssl=1&resize=1050%2C600 3x"},"classes":[]},{"id":77788,"url":"https:\/\/ismaelcolosi.com.br\/index.php\/2024\/11\/28\/homem-preso-apos-ataque-a-carro-forte-e-denunciado-pelo-mp\/","url_meta":{"origin":65241,"position":1},"title":"Homem preso ap\u00f3s ataque a carro-forte \u00e9 denunciado pelo MP","author":"ismaelcolosi.com.br","date":"28 de November de 2024","format":false,"excerpt":"Por: Adalberto Luque O Minist\u00e9rio P\u00fablico de S\u00e3o Paulo (MPSP) denunciou Roberto Marques Trov\u00e3o Lafaeff, de 36 anos, por roubo e falsidade ideol\u00f3gica, relativos ao ataque a um carro-forte ocorrido na Rodovia C\u00e2ndido Portinari (SP-334) no dia 9 de setembro deste ano. Lafaeff foi preso quando procurou atendimento m\u00e9dico em\u2026","rel":"","context":"In &quot;Not\u00edcias de Ribeir\u00e3o Preto-SP e Regi\u00e3o&quot;","block_context":{"text":"Not\u00edcias de Ribeir\u00e3o Preto-SP e Regi\u00e3o","link":"https:\/\/ismaelcolosi.com.br\/index.php\/category\/noticias-de-ribeirao-preto-sp-e-regiao-ismael-colosi\/"},"img":{"alt_text":"","src":"https:\/\/i0.wp.com\/ismaelcolosi.com.br\/wp-content\/uploads\/2024\/11\/13set2024suspeitovalinhos-scaled.jpg?fit=800%2C400&ssl=1&resize=350%2C200","width":350,"height":200,"srcset":"https:\/\/i0.wp.com\/ismaelcolosi.com.br\/wp-content\/uploads\/2024\/11\/13set2024suspeitovalinhos-scaled.jpg?fit=800%2C400&ssl=1&resize=350%2C200 1x, https:\/\/i0.wp.com\/ismaelcolosi.com.br\/wp-content\/uploads\/2024\/11\/13set2024suspeitovalinhos-scaled.jpg?fit=800%2C400&ssl=1&resize=525%2C300 1.5x, https:\/\/i0.wp.com\/ismaelcolosi.com.br\/wp-content\/uploads\/2024\/11\/13set2024suspeitovalinhos-scaled.jpg?fit=800%2C400&ssl=1&resize=700%2C400 2x"},"classes":[]},{"id":45776,"url":"https:\/\/ismaelcolosi.com.br\/index.php\/2024\/04\/07\/homem-e-preso-por-embriaguez-apos-provocar-dois-acidentes-em-ribeirao-preto\/","url_meta":{"origin":65241,"position":2},"title":"Homem \u00e9 preso por embriaguez ap\u00f3s provocar dois acidentes em Ribeir\u00e3o Preto","author":"ismaelcolosi.com.br","date":"7 de April de 2024","format":false,"excerpt":"Um homem de 26 anos foi preso em flagrante depois de bater em dois carros em Ribeir\u00e3o Preto na madrugada de domingo (7). De acordo com a Pol\u00edcia Civil, o motorista estava embriagado. Segundo apura\u00e7\u00e3o da EPTV, o primeiro acidente aconteceu no cruzamento das avenidas Quito Junqueira com a Paschoal\u2026","rel":"","context":"In &quot;Not\u00edcias de Ribeir\u00e3o Preto-SP e Regi\u00e3o&quot;","block_context":{"text":"Not\u00edcias de Ribeir\u00e3o Preto-SP e Regi\u00e3o","link":"https:\/\/ismaelcolosi.com.br\/index.php\/category\/noticias-de-ribeirao-preto-sp-e-regiao-ismael-colosi\/"},"img":{"alt_text":"","src":"https:\/\/i0.wp.com\/ismaelcolosi.com.br\/wp-content\/uploads\/2024\/04\/cpj_1024x576_04082020121137.jpg?fit=1024%2C575&ssl=1&resize=350%2C200","width":350,"height":200,"srcset":"https:\/\/i0.wp.com\/ismaelcolosi.com.br\/wp-content\/uploads\/2024\/04\/cpj_1024x576_04082020121137.jpg?fit=1024%2C575&ssl=1&resize=350%2C200 1x, https:\/\/i0.wp.com\/ismaelcolosi.com.br\/wp-content\/uploads\/2024\/04\/cpj_1024x576_04082020121137.jpg?fit=1024%2C575&ssl=1&resize=525%2C300 1.5x, https:\/\/i0.wp.com\/ismaelcolosi.com.br\/wp-content\/uploads\/2024\/04\/cpj_1024x576_04082020121137.jpg?fit=1024%2C575&ssl=1&resize=700%2C400 2x"},"classes":[]},{"id":41774,"url":"https:\/\/ismaelcolosi.com.br\/index.php\/2024\/03\/11\/homem-e-baleado-na-cabeca-em-sitio-de-bonfim-paulista\/","url_meta":{"origin":65241,"position":3},"title":"Homem \u00e9 baleado na cabe\u00e7a em s\u00edtio de Bonfim Paulista","author":"ismaelcolosi.com.br","date":"11 de March de 2024","format":false,"excerpt":"Um homem de 27 anos foi baleado na cabe\u00e7a em um s\u00edtio no distrito de Bonfim Paulista, em Ribeir\u00e3o Preto. De acordo com o B.O. (boletim de ocorr\u00eancia), o caso aconteceu na noite do \u00faltimo domingo (10), por volta das 21h30. O registro aponta que a v\u00edtima estava no s\u00edtio\u2026","rel":"","context":"In &quot;Not\u00edcias de Ribeir\u00e3o Preto-SP e Regi\u00e3o&quot;","block_context":{"text":"Not\u00edcias de Ribeir\u00e3o Preto-SP e Regi\u00e3o","link":"https:\/\/ismaelcolosi.com.br\/index.php\/category\/noticias-de-ribeirao-preto-sp-e-regiao-ismael-colosi\/"},"img":{"alt_text":"","src":"https:\/\/i0.wp.com\/ismaelcolosi.com.br\/wp-content\/uploads\/2024\/03\/AnyConv.com__hc-ue-ribeirao-preto.gif?fit=1200%2C900&ssl=1&resize=350%2C200","width":350,"height":200,"srcset":"https:\/\/i0.wp.com\/ismaelcolosi.com.br\/wp-content\/uploads\/2024\/03\/AnyConv.com__hc-ue-ribeirao-preto.gif?fit=1200%2C900&ssl=1&resize=350%2C200 1x, https:\/\/i0.wp.com\/ismaelcolosi.com.br\/wp-content\/uploads\/2024\/03\/AnyConv.com__hc-ue-ribeirao-preto.gif?fit=1200%2C900&ssl=1&resize=525%2C300 1.5x, https:\/\/i0.wp.com\/ismaelcolosi.com.br\/wp-content\/uploads\/2024\/03\/AnyConv.com__hc-ue-ribeirao-preto.gif?fit=1200%2C900&ssl=1&resize=700%2C400 2x, https:\/\/i0.wp.com\/ismaelcolosi.com.br\/wp-content\/uploads\/2024\/03\/AnyConv.com__hc-ue-ribeirao-preto.gif?fit=1200%2C900&ssl=1&resize=1050%2C600 3x"},"classes":[]},{"id":58029,"url":"https:\/\/ismaelcolosi.com.br\/index.php\/2024\/07\/26\/homem-e-preso-suspeito-de-atirar-pedra-e-quebrar-vidro-de-carro-funerario-em-ribeirao\/","url_meta":{"origin":65241,"position":4},"title":"Homem \u00e9 preso suspeito de atirar pedra e quebrar vidro de carro funer\u00e1rio em Ribeir\u00e3o","author":"ismaelcolosi.com.br","date":"26 de July de 2024","format":false,"excerpt":"Um homem de 45 anos foi preso na tarde desta quarta-feira (25), suspeito de jogar uma pedra grande e quebrar o vidro lateral de um carro funer\u00e1rio ao lado da CPJ (Central de Pol\u00edcia Judici\u00e1ria) Permanente, no Centro de Ribeir\u00e3o Preto. Segundo o boletim de ocorr\u00eancia (BO), um agente funer\u00e1rio\u2026","rel":"","context":"In &quot;Not\u00edcias de Ribeir\u00e3o Preto-SP e Regi\u00e3o&quot;","block_context":{"text":"Not\u00edcias de Ribeir\u00e3o Preto-SP e Regi\u00e3o","link":"https:\/\/ismaelcolosi.com.br\/index.php\/category\/noticias-de-ribeirao-preto-sp-e-regiao-ismael-colosi\/"},"img":{"alt_text":"","src":"https:\/\/ismaelcolosi.com.br\/wp-content\/uploads\/2024\/02\/whatsapp_image_2022-08-14_at_12_10_03.jpe","width":350,"height":200,"srcset":"https:\/\/ismaelcolosi.com.br\/wp-content\/uploads\/2024\/02\/whatsapp_image_2022-08-14_at_12_10_03.jpe 1x, https:\/\/ismaelcolosi.com.br\/wp-content\/uploads\/2024\/02\/whatsapp_image_2022-08-14_at_12_10_03.jpe 1.5x, https:\/\/ismaelcolosi.com.br\/wp-content\/uploads\/2024\/02\/whatsapp_image_2022-08-14_at_12_10_03.jpe 2x, https:\/\/ismaelcolosi.com.br\/wp-content\/uploads\/2024\/02\/whatsapp_image_2022-08-14_at_12_10_03.jpe 3x"},"classes":[]},{"id":5089,"url":"https:\/\/ismaelcolosi.com.br\/index.php\/2023\/11\/22\/utm_sourcerssutm_mediumrssutm_campaignhomem-e-preso-apos-esfaquear-ex-na-vila-tiberio\/","url_meta":{"origin":65241,"position":5},"title":"Homem \u00e9 preso ap\u00f3s esfaquear ex na Vila Tib\u00e9rio \u2013 X Tudo Ribeir\u00e3o","author":"ismaelcolosi.com.br","date":"22 de November de 2023","format":false,"excerpt":"Um homem de 55 anos foi preso, na noite desta ter\u00e7a-feira (21), suspeito de ter esfaqueado a ex-companheira ap\u00f3s uma discuss\u00e3o. A briga do casal ocorreu na Rua Padre Feij\u00f3, Vila Tib\u00e9rio, zona Oeste de Ribeir\u00e3o Preto. Segundo testemunhas, o casal estaria discutindo na cal\u00e7ada quando o homem teria apanhado\u2026","rel":"","context":"In &quot;Not\u00edcias de Ribeir\u00e3o Preto-SP e Regi\u00e3o&quot;","block_context":{"text":"Not\u00edcias de Ribeir\u00e3o Preto-SP e Regi\u00e3o","link":"https:\/\/ismaelcolosi.com.br\/index.php\/category\/noticias-de-ribeirao-preto-sp-e-regiao-ismael-colosi\/"},"img":{"alt_text":"","src":"https:\/\/i0.wp.com\/ismaelcolosi.com.br\/wp-content\/uploads\/2023\/11\/00-26-out-2023-prisao-lei-protetiva-foto-gcm.jpg?fit=679%2C645&ssl=1&resize=350%2C200","width":350,"height":200,"srcset":"https:\/\/i0.wp.com\/ismaelcolosi.com.br\/wp-content\/uploads\/2023\/11\/00-26-out-2023-prisao-lei-protetiva-foto-gcm.jpg?fit=679%2C645&ssl=1&resize=350%2C200 1x, https:\/\/i0.wp.com\/ismaelcolosi.com.br\/wp-content\/uploads\/2023\/11\/00-26-out-2023-prisao-lei-protetiva-foto-gcm.jpg?fit=679%2C645&ssl=1&resize=525%2C300 1.5x"},"classes":[]}],"jetpack_sharing_enabled":true,"jetpack_shortlink":"https:\/\/wp.me\/pfMlyK-gYh","_links":{"self":[{"href":"https:\/\/ismaelcolosi.com.br\/index.php\/wp-json\/wp\/v2\/posts\/65241","targetHints":{"allow":["GET"]}}],"collection":[{"href":"https:\/\/ismaelcolosi.com.br\/index.php\/wp-json\/wp\/v2\/posts"}],"about":[{"href":"https:\/\/ismaelcolosi.com.br\/index.php\/wp-json\/wp\/v2\/types\/post"}],"author":[{"embeddable":true,"href":"https:\/\/ismaelcolosi.com.br\/index.php\/wp-json\/wp\/v2\/users\/1"}],"replies":[{"embeddable":true,"href":"https:\/\/ismaelcolosi.com.br\/index.php\/wp-json\/wp\/v2\/comments?post=65241"}],"version-history":[{"count":0,"href":"https:\/\/ismaelcolosi.com.br\/index.php\/wp-json\/wp\/v2\/posts\/65241\/revisions"}],"wp:featuredmedia":[{"embeddable":true,"href":"https:\/\/ismaelcolosi.com.br\/index.php\/wp-json\/wp\/v2\/media\/65242"}],"wp:attachment":[{"href":"https:\/\/ismaelcolosi.com.br\/index.php\/wp-json\/wp\/v2\/media?parent=65241"}],"wp:term":[{"taxonomy":"category","embeddable":true,"href":"https:\/\/ismaelcolosi.com.br\/index.php\/wp-json\/wp\/v2\/categories?post=65241"},{"taxonomy":"post_tag","embeddable":true,"href":"https:\/\/ismaelcolosi.com.br\/index.php\/wp-json\/wp\/v2\/tags?post=65241"}],"curies":[{"name":"wp","href":"https:\/\/api.w.org\/{rel}","templated":true}]}}