{"id":65228,"date":"2024-09-11T13:00:09","date_gmt":"2024-09-11T16:00:09","guid":{"rendered":"https:\/\/ismaelcolosi.com.br\/index.php\/2024\/09\/11\/santa-casa-de-ribeirao-abre-processo-seletivo-para-residencia-medica\/"},"modified":"2024-09-11T13:00:09","modified_gmt":"2024-09-11T16:00:09","slug":"santa-casa-de-ribeirao-abre-processo-seletivo-para-residencia-medica","status":"publish","type":"post","link":"https:\/\/ismaelcolosi.com.br\/index.php\/2024\/09\/11\/santa-casa-de-ribeirao-abre-processo-seletivo-para-residencia-medica\/","title":{"rendered":"Santa Casa de Ribeir\u00e3o abre processo seletivo para resid\u00eancia m\u00e9dica"},"content":{"rendered":"<p> <br \/>\n<\/p>\n<div data-td-block-uid=\"tdi_106\">\n<div class=\"tdb-block-inner td-fix-index\">\n<p>A <a href=\"https:\/\/santacasarp.com.br\/\" target=\"_blank\" rel=\"noreferrer noopener nofollow\">Santa Casa de Ribeir\u00e3o Preto<\/a> abriu inscri\u00e7\u00f5es para o <strong>processo seletivo de resid\u00eancia m\u00e9dica<\/strong> 2025. Ao todo, s\u00e3o 15 especialidades dispon\u00edveis. <\/p>\n<p>Interessados devem se inscrever <strong>at\u00e9 o dia 2 de outubro de 2024<\/strong>, <mark style=\"background-color:#fcb900\" class=\"has-inline-color\">exclusivamente no site<\/mark> da <a href=\"http:\/\/vunesp.com.br\/\" target=\"_blank\" rel=\"noreferrer noopener nofollow\">Vunesp<\/a>. O valor da taxa de inscri\u00e7\u00e3o \u00e9 de R$700. <\/p>\n<h4 class=\"wp-block-heading\">Confira as especialidades<\/h4>\n<p><strong>Anestesiologia<\/strong>, <strong>Cirurgia Geral<\/strong>, <strong>Cl\u00ednica M\u00e9dica<\/strong>, <strong>Medicina Intensiva<\/strong>, <strong>Neurocirurgia<\/strong>, <strong>Obstetr\u00edcia e Ginecologia<\/strong>, <strong>Oftalmologia<\/strong>, <strong>Ortopedia<\/strong>, <strong>Otorrinolaringologia<\/strong> e <strong>Pediatria<\/strong>.<\/p>\n<p>As especialidades de <strong>Cardiologia<\/strong>, <strong>Nefrologia <\/strong>e <strong>Oncologia Cl\u00ednica<\/strong> <mark style=\"background-color:#fcb900\" class=\"has-inline-color\">exigem pr\u00e9-requisito em Cl\u00ednica M\u00e9dica.<\/mark><\/p>\n<p>Para <strong>Cirurgia Vascular <\/strong>e <strong>Urologia<\/strong>, \u00e9<strong> pr\u00e9-requisito<\/strong> ter <strong>tr\u00eas anos<\/strong> em <strong>Cirurgia Geral <\/strong>ou <strong>dois anos<\/strong> em Cirurgia B\u00e1sica.<\/p>\n<p>Para mais informa\u00e7\u00f5es, acesse o <a href=\"https:\/\/coremesantacasarp.com\/wp-content\/uploads\/2024\/08\/edital-abertura-inscricoes-rm-2025-versao-14_08-definitivo_publicado.pdf\" target=\"_blank\" rel=\"noreferrer noopener\">edital<\/a>. <\/p>\n<p>SAIBA MAIS<br \/>Cinema, troca de livros e conta\u00e7\u00e3o de hist\u00f3rias: Sesi Ribeir\u00e3o tem programa\u00e7\u00e3o gratuita<\/p>\n<h4 class=\"wp-block-heading\"><strong>FIQUE ON<\/strong><\/h4>\n<p>Fique ligado em tudo que acontece em Ribeir\u00e3o Preto e regi\u00e3o. Siga os perfis do<strong> acidade on <\/strong>no <a href=\"https:\/\/www.instagram.com\/acidadeonribeirao\" target=\"_blank\" rel=\"noreferrer noopener nofollow\">Instagram <\/a>e no <a href=\"https:\/\/www.facebook.com\/acidadeonribeirao\/\" target=\"_blank\" rel=\"noreferrer noopener nofollow\">Facebook<\/a>.<\/p>\n<p>Receba not\u00edcias do <strong>acidade on<\/strong> no WhatsApp.<a href=\"https:\/\/chat.whatsapp.com\/Dtv9mxhy6V5BJBotM2OQ5k\" target=\"_blank\" rel=\"noreferrer noopener nofollow\"> Para entrar no grupo, basta clicar aqui.<\/a><\/p>\n<p>Fa\u00e7a uma den\u00fancia ou sugira uma reportagem sobre Ribeir\u00e3o Preto e regi\u00e3o pelo WhatsApp: 16 99117 7802.<\/p>\n<p>VEJA TAMB\u00c9M<br \/>Por que o doce se chama brigadeiro?<\/p>\n<p><!-- CONTENT END 1 -->\n<\/div>\n<\/div>\n<p><script async src=\"\/\/www.instagram.com\/embed.js\"><\/script><br \/>\n<br \/><br \/>\n<br \/><a href=\"https:\/\/www.acidadeon.com\/ribeiraopreto\/economia\/santa-casa-de-ribeirao-abre-processo-seletivo-para-residencia-medica\/\">Source link <\/a><\/p>\n","protected":false},"excerpt":{"rendered":"<p>A Santa Casa de Ribeir\u00e3o Preto abriu inscri\u00e7\u00f5es para o processo seletivo de resid\u00eancia m\u00e9dica 2025. Ao todo, s\u00e3o 15 especialidades dispon\u00edveis. Interessados devem se&#8230;<\/p>\n","protected":false},"author":1,"featured_media":53197,"comment_status":"open","ping_status":"open","sticky":false,"template":"","format":"standard","meta":{"_uag_custom_page_level_css":"","advanced_seo_description":"","jetpack_seo_html_title":"","jetpack_seo_noindex":false,"jetpack_post_was_ever_published":false,"_jetpack_newsletter_access":"","_jetpack_dont_email_post_to_subs":false,"_jetpack_newsletter_tier_id":0,"_jetpack_memberships_contains_paywalled_content":false,"_jetpack_memberships_contains_paid_content":false,"footnotes":"","jetpack_publicize_message":"","jetpack_publicize_feature_enabled":true,"jetpack_social_post_already_shared":true,"jetpack_social_options":{"image_generator_settings":{"template":"highway","default_image_id":0,"font":"","enabled":false},"version":2}},"categories":[11],"tags":[],"class_list":["post-65228","post","type-post","status-publish","format-standard","has-post-thumbnail","hentry","category-noticias-de-ribeirao-preto-sp-e-regiao-ismael-colosi"],"jetpack_publicize_connections":[],"jetpack_featured_media_url":"https:\/\/i0.wp.com\/ismaelcolosi.com.br\/wp-content\/uploads\/2024\/06\/WhatsApp-Image-2024-06-14-at-09.49.08_2024-06-14_13-55-07_jpeg_2024-06-14_13-55-08.webp.webp?fit=1600%2C1172&ssl=1","uagb_featured_image_src":{"full":["https:\/\/i0.wp.com\/ismaelcolosi.com.br\/wp-content\/uploads\/2024\/06\/WhatsApp-Image-2024-06-14-at-09.49.08_2024-06-14_13-55-07_jpeg_2024-06-14_13-55-08.webp.webp?fit=1600%2C1172&ssl=1",1600,1172,false],"thumbnail":["https:\/\/i0.wp.com\/ismaelcolosi.com.br\/wp-content\/uploads\/2024\/06\/WhatsApp-Image-2024-06-14-at-09.49.08_2024-06-14_13-55-07_jpeg_2024-06-14_13-55-08.webp.webp?resize=150%2C150&ssl=1",150,150,true],"medium":["https:\/\/i0.wp.com\/ismaelcolosi.com.br\/wp-content\/uploads\/2024\/06\/WhatsApp-Image-2024-06-14-at-09.49.08_2024-06-14_13-55-07_jpeg_2024-06-14_13-55-08.webp.webp?fit=300%2C220&ssl=1",300,220,true],"medium_large":["https:\/\/i0.wp.com\/ismaelcolosi.com.br\/wp-content\/uploads\/2024\/06\/WhatsApp-Image-2024-06-14-at-09.49.08_2024-06-14_13-55-07_jpeg_2024-06-14_13-55-08.webp.webp?fit=768%2C563&ssl=1",768,563,true],"large":["https:\/\/i0.wp.com\/ismaelcolosi.com.br\/wp-content\/uploads\/2024\/06\/WhatsApp-Image-2024-06-14-at-09.49.08_2024-06-14_13-55-07_jpeg_2024-06-14_13-55-08.webp.webp?fit=1024%2C750&ssl=1",1024,750,true],"1536x1536":["https:\/\/i0.wp.com\/ismaelcolosi.com.br\/wp-content\/uploads\/2024\/06\/WhatsApp-Image-2024-06-14-at-09.49.08_2024-06-14_13-55-07_jpeg_2024-06-14_13-55-08.webp.webp?fit=1536%2C1125&ssl=1",1536,1125,true],"2048x2048":["https:\/\/i0.wp.com\/ismaelcolosi.com.br\/wp-content\/uploads\/2024\/06\/WhatsApp-Image-2024-06-14-at-09.49.08_2024-06-14_13-55-07_jpeg_2024-06-14_13-55-08.webp.webp?fit=1600%2C1172&ssl=1",1600,1172,true],"really-simple-thumb":["https:\/\/i0.wp.com\/ismaelcolosi.com.br\/wp-content\/uploads\/2024\/06\/WhatsApp-Image-2024-06-14-at-09.49.08_2024-06-14_13-55-07_jpeg_2024-06-14_13-55-08.webp.webp?resize=370%2C247&ssl=1",370,247,true]},"uagb_author_info":{"display_name":"ismaelcolosi.com.br","author_link":"https:\/\/ismaelcolosi.com.br\/index.php\/author\/vidareal-online\/"},"uagb_comment_info":0,"uagb_excerpt":"A Santa Casa de Ribeir\u00e3o Preto abriu inscri\u00e7\u00f5es para o processo seletivo de resid\u00eancia m\u00e9dica 2025. Ao todo, s\u00e3o 15 especialidades dispon\u00edveis. Interessados devem se...","jetpack-related-posts":[{"id":51857,"url":"https:\/\/ismaelcolosi.com.br\/index.php\/2024\/05\/31\/veja-ate-quando-vao-as-inscricoes-para-o-processo-seletivo-da-faepa-ribeirao-preto\/","url_meta":{"origin":65228,"position":0},"title":"Veja at\u00e9 quando v\u00e3o as inscri\u00e7\u00f5es para o processo seletivo da Faepa Ribeir\u00e3o Preto","author":"ismaelcolosi.com.br","date":"31 de May de 2024","format":false,"excerpt":"As inscri\u00e7\u00f5es para o processo seletivo da Faepa (Funda\u00e7\u00e3o de Apoio ao Ensino, Pesquisa e Assist\u00eancia do Hospital das Cl\u00ednicas) de Ribeir\u00e3o Preto terminam na segunda-feira (3) para os cargos de pedreiro, biologista, m\u00e9dico e fisioterapeuta. J\u00e1 para f\u00edsicos, o prazo \u00e9 at\u00e9 sexta-feira (7). Os interessados devem se inscrever\u2026","rel":"","context":"In &quot;Not\u00edcias de Ribeir\u00e3o Preto-SP e Regi\u00e3o&quot;","block_context":{"text":"Not\u00edcias de Ribeir\u00e3o Preto-SP e Regi\u00e3o","link":"https:\/\/ismaelcolosi.com.br\/index.php\/category\/noticias-de-ribeirao-preto-sp-e-regiao-ismael-colosi\/"},"img":{"alt_text":"","src":"https:\/\/i0.wp.com\/ismaelcolosi.com.br\/wp-content\/uploads\/2024\/05\/Capturar_2024-05-10_20-51-42_jpg_2024-05-10_20-51-42.webp.webp?fit=830%2C371&ssl=1&resize=350%2C200","width":350,"height":200,"srcset":"https:\/\/i0.wp.com\/ismaelcolosi.com.br\/wp-content\/uploads\/2024\/05\/Capturar_2024-05-10_20-51-42_jpg_2024-05-10_20-51-42.webp.webp?fit=830%2C371&ssl=1&resize=350%2C200 1x, https:\/\/i0.wp.com\/ismaelcolosi.com.br\/wp-content\/uploads\/2024\/05\/Capturar_2024-05-10_20-51-42_jpg_2024-05-10_20-51-42.webp.webp?fit=830%2C371&ssl=1&resize=525%2C300 1.5x, https:\/\/i0.wp.com\/ismaelcolosi.com.br\/wp-content\/uploads\/2024\/05\/Capturar_2024-05-10_20-51-42_jpg_2024-05-10_20-51-42.webp.webp?fit=830%2C371&ssl=1&resize=700%2C400 2x"},"classes":[]},{"id":33451,"url":"https:\/\/ismaelcolosi.com.br\/index.php\/2024\/01\/29\/hemocentro-de-ribeirao-abre-processo-seletivo-com-salarios-de-quase-r-3-mil\/","url_meta":{"origin":65228,"position":1},"title":"Hemocentro de Ribeir\u00e3o abre processo seletivo com sal\u00e1rios de quase R$ 3 mil","author":"ismaelcolosi.com.br","date":"29 de January de 2024","format":false,"excerpt":"O Hemocentro de Ribeir\u00e3o Preto abriu processo seletivo para o cargo de assistente de laborat\u00f3rio J\u00fanior. Os sal\u00e1rios para fun\u00e7\u00e3o s\u00e3o de R$ 2.972, al\u00e9m dos benef\u00edcios, como o vale-alimenta\u00e7\u00e3o de R$ 1 mil mensais. As inscri\u00e7\u00f5es podem ser realizadas at\u00e9 as 23h59 do dia 1\u00ba de fevereiro de 2024\u2026","rel":"","context":"In &quot;Not\u00edcias de Ribeir\u00e3o Preto-SP e Regi\u00e3o&quot;","block_context":{"text":"Not\u00edcias de Ribeir\u00e3o Preto-SP e Regi\u00e3o","link":"https:\/\/ismaelcolosi.com.br\/index.php\/category\/noticias-de-ribeirao-preto-sp-e-regiao-ismael-colosi\/"},"img":{"alt_text":"","src":"https:\/\/i0.wp.com\/ismaelcolosi.com.br\/wp-content\/uploads\/2024\/01\/1706558168_hemocentro.png?fit=800%2C420&ssl=1&resize=350%2C200","width":350,"height":200,"srcset":"https:\/\/i0.wp.com\/ismaelcolosi.com.br\/wp-content\/uploads\/2024\/01\/1706558168_hemocentro.png?fit=800%2C420&ssl=1&resize=350%2C200 1x, https:\/\/i0.wp.com\/ismaelcolosi.com.br\/wp-content\/uploads\/2024\/01\/1706558168_hemocentro.png?fit=800%2C420&ssl=1&resize=525%2C300 1.5x, https:\/\/i0.wp.com\/ismaelcolosi.com.br\/wp-content\/uploads\/2024\/01\/1706558168_hemocentro.png?fit=800%2C420&ssl=1&resize=700%2C400 2x"},"classes":[]},{"id":32600,"url":"https:\/\/ismaelcolosi.com.br\/index.php\/2024\/01\/25\/usp-tem-concurso-publico-com-34-vagas-e-salarios-de-r-10-mil\/","url_meta":{"origin":65228,"position":2},"title":"USP tem concurso p\u00fablico com 34 vagas e sal\u00e1rios de R$ 10 mil","author":"ismaelcolosi.com.br","date":"25 de January de 2024","format":false,"excerpt":"A USP (Universidade de S\u00e3o Paulo) est\u00e1 com 34 vagas abertas para diversas especialidades e sal\u00e1rios de R$ 10.231,05. As oportunidades s\u00e3o para os campi de Ribeir\u00e3o Preto, S\u00e3o Paulo e Pirassununga. As inscri\u00e7\u00f5es podem ser realizadas at\u00e9 \u00e0s 12h do dia 8 de fevereiro, no site da Fuvest (clique\u2026","rel":"","context":"In &quot;Not\u00edcias de Ribeir\u00e3o Preto-SP e Regi\u00e3o&quot;","block_context":{"text":"Not\u00edcias de Ribeir\u00e3o Preto-SP e Regi\u00e3o","link":"https:\/\/ismaelcolosi.com.br\/index.php\/category\/noticias-de-ribeirao-preto-sp-e-regiao-ismael-colosi\/"},"img":{"alt_text":"","src":"https:\/\/i0.wp.com\/ismaelcolosi.com.br\/wp-content\/uploads\/2024\/01\/usp_ribeirao_1024x576_30032021153451.jpg?fit=1024%2C576&ssl=1&resize=350%2C200","width":350,"height":200,"srcset":"https:\/\/i0.wp.com\/ismaelcolosi.com.br\/wp-content\/uploads\/2024\/01\/usp_ribeirao_1024x576_30032021153451.jpg?fit=1024%2C576&ssl=1&resize=350%2C200 1x, https:\/\/i0.wp.com\/ismaelcolosi.com.br\/wp-content\/uploads\/2024\/01\/usp_ribeirao_1024x576_30032021153451.jpg?fit=1024%2C576&ssl=1&resize=525%2C300 1.5x, https:\/\/i0.wp.com\/ismaelcolosi.com.br\/wp-content\/uploads\/2024\/01\/usp_ribeirao_1024x576_30032021153451.jpg?fit=1024%2C576&ssl=1&resize=700%2C400 2x"},"classes":[]},{"id":51570,"url":"https:\/\/ismaelcolosi.com.br\/index.php\/2024\/05\/28\/faepa-ribeirao-preto-abre-novo-processo-seletivo-com-salario-de-ate-r-9-mil\/","url_meta":{"origin":65228,"position":3},"title":"Faepa Ribeir\u00e3o Preto abre novo processo seletivo com sal\u00e1rio de at\u00e9 R$ 9 mil","author":"ismaelcolosi.com.br","date":"28 de May de 2024","format":false,"excerpt":"A Faepa (Funda\u00e7\u00e3o de Apoio ao Ensino, Pesquisa e Assist\u00eancia do Hospital das Cl\u00ednicas) de Ribeir\u00e3o Preto est\u00e1 com inscri\u00e7\u00f5es abertas para novos processos seletivos com vagas para pedreiro, f\u00edsicos, biologista, m\u00e9dico e fisioterapeuta. Os sal\u00e1rios v\u00e3o de R$ 2.096,07 a R$ 9.118,97. Os interessados devem se inscrever pelo site\u2026","rel":"","context":"In &quot;Not\u00edcias de Ribeir\u00e3o Preto-SP e Regi\u00e3o&quot;","block_context":{"text":"Not\u00edcias de Ribeir\u00e3o Preto-SP e Regi\u00e3o","link":"https:\/\/ismaelcolosi.com.br\/index.php\/category\/noticias-de-ribeirao-preto-sp-e-regiao-ismael-colosi\/"},"img":{"alt_text":"","src":"https:\/\/i0.wp.com\/ismaelcolosi.com.br\/wp-content\/uploads\/2024\/05\/Copia-de-Copia-de-TAMANHO-EXATO-PARA-FOTOS-NO-SISTEMA-NOVO-14-1.webp.webp?fit=1200%2C675&ssl=1&resize=350%2C200","width":350,"height":200,"srcset":"https:\/\/i0.wp.com\/ismaelcolosi.com.br\/wp-content\/uploads\/2024\/05\/Copia-de-Copia-de-TAMANHO-EXATO-PARA-FOTOS-NO-SISTEMA-NOVO-14-1.webp.webp?fit=1200%2C675&ssl=1&resize=350%2C200 1x, https:\/\/i0.wp.com\/ismaelcolosi.com.br\/wp-content\/uploads\/2024\/05\/Copia-de-Copia-de-TAMANHO-EXATO-PARA-FOTOS-NO-SISTEMA-NOVO-14-1.webp.webp?fit=1200%2C675&ssl=1&resize=525%2C300 1.5x, https:\/\/i0.wp.com\/ismaelcolosi.com.br\/wp-content\/uploads\/2024\/05\/Copia-de-Copia-de-TAMANHO-EXATO-PARA-FOTOS-NO-SISTEMA-NOVO-14-1.webp.webp?fit=1200%2C675&ssl=1&resize=700%2C400 2x, https:\/\/i0.wp.com\/ismaelcolosi.com.br\/wp-content\/uploads\/2024\/05\/Copia-de-Copia-de-TAMANHO-EXATO-PARA-FOTOS-NO-SISTEMA-NOVO-14-1.webp.webp?fit=1200%2C675&ssl=1&resize=1050%2C600 3x"},"classes":[]},{"id":54736,"url":"https:\/\/ismaelcolosi.com.br\/index.php\/2024\/06\/27\/itau-abre-processo-seletivo-para-vagas-no-interior-de-sao-paulo\/","url_meta":{"origin":65228,"position":4},"title":"Ita\u00fa abre processo seletivo para vagas no interior de S\u00e3o Paulo","author":"ismaelcolosi.com.br","date":"27 de June de 2024","format":false,"excerpt":"O Ita\u00fa Unibanco, por meio da empresa de pagamento Rede, est\u00e1 com processo seletivo aberto para mais de 40 vagas. As oportunidades s\u00e3o para a capital e o interior de S\u00e3o Paulo. As vagas s\u00e3o para o cargo de executivo de meios de pagamento e tem como requisito ter experi\u00eancia\u2026","rel":"","context":"In &quot;Not\u00edcias de Ribeir\u00e3o Preto-SP e Regi\u00e3o&quot;","block_context":{"text":"Not\u00edcias de Ribeir\u00e3o Preto-SP e Regi\u00e3o","link":"https:\/\/ismaelcolosi.com.br\/index.php\/category\/noticias-de-ribeirao-preto-sp-e-regiao-ismael-colosi\/"},"img":{"alt_text":"","src":"https:\/\/i0.wp.com\/ismaelcolosi.com.br\/wp-content\/uploads\/2024\/06\/Copia-de-Copia-de-TAMANHO-EXATO-PARA-FOTOS-NO-SISTEMA-NOVO-19_2024-06-27_15-02-11_jpg_2024-06-27_15-02-11.webp.webp?fit=1200%2C675&ssl=1&resize=350%2C200","width":350,"height":200,"srcset":"https:\/\/i0.wp.com\/ismaelcolosi.com.br\/wp-content\/uploads\/2024\/06\/Copia-de-Copia-de-TAMANHO-EXATO-PARA-FOTOS-NO-SISTEMA-NOVO-19_2024-06-27_15-02-11_jpg_2024-06-27_15-02-11.webp.webp?fit=1200%2C675&ssl=1&resize=350%2C200 1x, https:\/\/i0.wp.com\/ismaelcolosi.com.br\/wp-content\/uploads\/2024\/06\/Copia-de-Copia-de-TAMANHO-EXATO-PARA-FOTOS-NO-SISTEMA-NOVO-19_2024-06-27_15-02-11_jpg_2024-06-27_15-02-11.webp.webp?fit=1200%2C675&ssl=1&resize=525%2C300 1.5x, https:\/\/i0.wp.com\/ismaelcolosi.com.br\/wp-content\/uploads\/2024\/06\/Copia-de-Copia-de-TAMANHO-EXATO-PARA-FOTOS-NO-SISTEMA-NOVO-19_2024-06-27_15-02-11_jpg_2024-06-27_15-02-11.webp.webp?fit=1200%2C675&ssl=1&resize=700%2C400 2x, https:\/\/i0.wp.com\/ismaelcolosi.com.br\/wp-content\/uploads\/2024\/06\/Copia-de-Copia-de-TAMANHO-EXATO-PARA-FOTOS-NO-SISTEMA-NOVO-19_2024-06-27_15-02-11_jpg_2024-06-27_15-02-11.webp.webp?fit=1200%2C675&ssl=1&resize=1050%2C600 3x"},"classes":[]},{"id":71278,"url":"https:\/\/ismaelcolosi.com.br\/index.php\/2024\/10\/15\/faepa-abre-processo-seletivo-com-salarios-de-r-10-mil-em-ribeirao-preto\/","url_meta":{"origin":65228,"position":5},"title":"Faepa abre processo seletivo com sal\u00e1rios de R$ 10 mil em Ribeir\u00e3o Preto","author":"ismaelcolosi.com.br","date":"15 de October de 2024","format":false,"excerpt":"A Faepa (Funda\u00e7\u00e3o de Apoio ao Ensino, Pesquisa e Assist\u00eancia do Hospital das Cl\u00ednicas de Ribeir\u00e3o Preto) est\u00e1 com as inscri\u00e7\u00f5es abertas para processo seletivo com uma vaga para o cargo de m\u00e9dico de fam\u00edlia e comunidade. Os sal\u00e1rios para o cargo s\u00e3o de R$ 10.526,47. As vagas s\u00e3o tempor\u00e1rias\u2026","rel":"","context":"In &quot;Not\u00edcias de Ribeir\u00e3o Preto-SP e Regi\u00e3o&quot;","block_context":{"text":"Not\u00edcias de Ribeir\u00e3o Preto-SP e Regi\u00e3o","link":"https:\/\/ismaelcolosi.com.br\/index.php\/category\/noticias-de-ribeirao-preto-sp-e-regiao-ismael-colosi\/"},"img":{"alt_text":"","src":"https:\/\/i0.wp.com\/ismaelcolosi.com.br\/wp-content\/uploads\/2024\/10\/entrevista-de-emprego.jpg?fit=1200%2C800&ssl=1&resize=350%2C200","width":350,"height":200,"srcset":"https:\/\/i0.wp.com\/ismaelcolosi.com.br\/wp-content\/uploads\/2024\/10\/entrevista-de-emprego.jpg?fit=1200%2C800&ssl=1&resize=350%2C200 1x, https:\/\/i0.wp.com\/ismaelcolosi.com.br\/wp-content\/uploads\/2024\/10\/entrevista-de-emprego.jpg?fit=1200%2C800&ssl=1&resize=525%2C300 1.5x, https:\/\/i0.wp.com\/ismaelcolosi.com.br\/wp-content\/uploads\/2024\/10\/entrevista-de-emprego.jpg?fit=1200%2C800&ssl=1&resize=700%2C400 2x, https:\/\/i0.wp.com\/ismaelcolosi.com.br\/wp-content\/uploads\/2024\/10\/entrevista-de-emprego.jpg?fit=1200%2C800&ssl=1&resize=1050%2C600 3x"},"classes":[]}],"jetpack_sharing_enabled":true,"jetpack_shortlink":"https:\/\/wp.me\/pfMlyK-gY4","_links":{"self":[{"href":"https:\/\/ismaelcolosi.com.br\/index.php\/wp-json\/wp\/v2\/posts\/65228","targetHints":{"allow":["GET"]}}],"collection":[{"href":"https:\/\/ismaelcolosi.com.br\/index.php\/wp-json\/wp\/v2\/posts"}],"about":[{"href":"https:\/\/ismaelcolosi.com.br\/index.php\/wp-json\/wp\/v2\/types\/post"}],"author":[{"embeddable":true,"href":"https:\/\/ismaelcolosi.com.br\/index.php\/wp-json\/wp\/v2\/users\/1"}],"replies":[{"embeddable":true,"href":"https:\/\/ismaelcolosi.com.br\/index.php\/wp-json\/wp\/v2\/comments?post=65228"}],"version-history":[{"count":0,"href":"https:\/\/ismaelcolosi.com.br\/index.php\/wp-json\/wp\/v2\/posts\/65228\/revisions"}],"wp:featuredmedia":[{"embeddable":true,"href":"https:\/\/ismaelcolosi.com.br\/index.php\/wp-json\/wp\/v2\/media\/53197"}],"wp:attachment":[{"href":"https:\/\/ismaelcolosi.com.br\/index.php\/wp-json\/wp\/v2\/media?parent=65228"}],"wp:term":[{"taxonomy":"category","embeddable":true,"href":"https:\/\/ismaelcolosi.com.br\/index.php\/wp-json\/wp\/v2\/categories?post=65228"},{"taxonomy":"post_tag","embeddable":true,"href":"https:\/\/ismaelcolosi.com.br\/index.php\/wp-json\/wp\/v2\/tags?post=65228"}],"curies":[{"name":"wp","href":"https:\/\/api.w.org\/{rel}","templated":true}]}}