{"id":65213,"date":"2024-09-11T11:57:24","date_gmt":"2024-09-11T14:57:24","guid":{"rendered":"https:\/\/ismaelcolosi.com.br\/index.php\/2024\/09\/11\/policia-mira-quadrilha-do-golpe-do-falso-perfil-em-ribeirao-preto\/"},"modified":"2024-09-11T11:57:24","modified_gmt":"2024-09-11T14:57:24","slug":"policia-mira-quadrilha-do-golpe-do-falso-perfil-em-ribeirao-preto","status":"publish","type":"post","link":"https:\/\/ismaelcolosi.com.br\/index.php\/2024\/09\/11\/policia-mira-quadrilha-do-golpe-do-falso-perfil-em-ribeirao-preto\/","title":{"rendered":"Pol\u00edcia mira quadrilha do &#8216;golpe do falso perfil&#8217; em Ribeir\u00e3o Preto"},"content":{"rendered":"<p> <br \/>\n<\/p>\n<div data-td-block-uid=\"tdi_106\">\n<div class=\"tdb-block-inner td-fix-index\">\n<p>O <strong>Setor Especializado de Combate aos Crimes de Corrup\u00e7\u00e3o, Crime Organizado e Lavagem de Dinheiro (Seccold) <\/strong>investiga, em <strong>Ribeir\u00e3o Preto<\/strong>, pessoas envolvidas no conhecido <mark style=\"background-color:#fcb900\" class=\"has-inline-color\">\u201cgolpe do n\u00famero novo ou golpe do falso perfil\u201d.<\/mark> <strong>A opera\u00e7\u00e3o foi deflagrada na manh\u00e3 desta quarta-feira (11)<\/strong>.<\/p>\n<p><strong>At\u00e9 o momento<\/strong>, foram efetuadas <mark style=\"background-color:#fcb900\" class=\"has-inline-color\">oito pris\u00f5es tempor\u00e1rias<\/mark>, <mark style=\"background-color:#fcb900\" class=\"has-inline-color\">sete mandados de busca e apreens\u00e3o<\/mark>, <mark style=\"background-color:#fcb900\" class=\"has-inline-color\">quebras dos sigilos telef\u00f4nicos<\/mark> al\u00e9m do <mark style=\"background-color:#fcb900\" class=\"has-inline-color\">acesso integral ao conte\u00fado dos objetos apreendidos<\/mark>. Esta \u00e9 a <strong>segunda fase da opera\u00e7\u00e3o<\/strong>. <\/p>\n<p>Na <strong>primeira fase<\/strong>, as investiga\u00e7\u00f5es apontaram que <strong>alguns correntistas cederam<\/strong> ou <strong>alugaram <\/strong>suas <mark style=\"background-color:#fcb900\" class=\"has-inline-color\">contas banc\u00e1ria para saques ou transfer\u00eancias dos valores recebidos<\/mark>. Os suspeitos podem responder pelo crime de <strong>estelionato <\/strong>e <strong>associa\u00e7\u00e3o criminosa<\/strong>.<\/p>\n<p>Nesse tipo de golpe, <strong>o criminoso cria um perfil no aplicativo com fotos roubadas de redes sociais<\/strong> e come\u00e7a a conversar com parentes e amigos se passando pelo usu\u00e1rio fingindo que trocou de n\u00famero e que o antigo deve ser apagado. Em seguida, <strong>come\u00e7a a pedir dinheiro usando desculpas que justifiquem as transfer\u00eancias.<\/strong><\/p>\n<p>SAIBA MAIS<br \/>Cinema, troca de livros e conta\u00e7\u00e3o de hist\u00f3rias: Sesi Ribeir\u00e3o tem programa\u00e7\u00e3o gratuita<\/p>\n<h4 class=\"wp-block-heading\"><strong>FIQUE ON<\/strong><\/h4>\n<p>Fique ligado em tudo que acontece em Ribeir\u00e3o Preto e regi\u00e3o. Siga os perfis do<strong> acidade on <\/strong>no <a href=\"https:\/\/www.instagram.com\/acidadeonribeirao\" target=\"_blank\" rel=\"noreferrer noopener nofollow\">Instagram <\/a>e no <a href=\"https:\/\/www.facebook.com\/acidadeonribeirao\/\" target=\"_blank\" rel=\"noreferrer noopener nofollow\">Facebook<\/a>.<\/p>\n<p>Receba not\u00edcias do <strong>acidade on<\/strong> no WhatsApp.<a href=\"https:\/\/chat.whatsapp.com\/Dtv9mxhy6V5BJBotM2OQ5k\" target=\"_blank\" rel=\"noreferrer noopener nofollow\"> Para entrar no grupo, basta clicar aqui.<\/a><\/p>\n<p>Fa\u00e7a uma den\u00fancia ou sugira uma reportagem sobre Ribeir\u00e3o Preto e regi\u00e3o pelo WhatsApp: 16 99117 7802.<\/p>\n<p>VEJA TAMB\u00c9M<br \/>Por que o doce se chama brigadeiro?<\/p>\n<p><!-- CONTENT END 1 -->\n<\/div>\n<\/div>\n<p><script async src=\"\/\/www.instagram.com\/embed.js\"><\/script><br \/>\n<br \/><br \/>\n<br \/><a href=\"https:\/\/www.acidadeon.com\/ribeiraopreto\/cotidiano\/policia-mira-quadrilha-do-golpe-do-falso-perfil-em-ribeirao-preto\/\">Source link <\/a><\/p>\n","protected":false},"excerpt":{"rendered":"<p>O Setor Especializado de Combate aos Crimes de Corrup\u00e7\u00e3o, Crime Organizado e Lavagem de Dinheiro (Seccold) investiga, em Ribeir\u00e3o Preto, pessoas envolvidas no conhecido \u201cgolpe&#8230;<\/p>\n","protected":false},"author":1,"featured_media":65214,"comment_status":"open","ping_status":"open","sticky":false,"template":"","format":"standard","meta":{"_uag_custom_page_level_css":"","advanced_seo_description":"","jetpack_seo_html_title":"","jetpack_seo_noindex":false,"jetpack_post_was_ever_published":false,"_jetpack_newsletter_access":"","_jetpack_dont_email_post_to_subs":false,"_jetpack_newsletter_tier_id":0,"_jetpack_memberships_contains_paywalled_content":false,"_jetpack_memberships_contains_paid_content":false,"footnotes":"","jetpack_publicize_message":"","jetpack_publicize_feature_enabled":true,"jetpack_social_post_already_shared":true,"jetpack_social_options":{"image_generator_settings":{"template":"highway","default_image_id":0,"font":"","enabled":false},"version":2}},"categories":[11],"tags":[],"class_list":["post-65213","post","type-post","status-publish","format-standard","has-post-thumbnail","hentry","category-noticias-de-ribeirao-preto-sp-e-regiao-ismael-colosi"],"jetpack_publicize_connections":[],"jetpack_featured_media_url":"https:\/\/i0.wp.com\/ismaelcolosi.com.br\/wp-content\/uploads\/2024\/09\/woman-hand-holding-smart-phone-blank-screen-copy-space-hand-holding-smartphone-isolated-white-background_2024-09-11_14-25-23_jpg_2024-09-11_14-25-24-scaled.webp.webp?fit=2560%2C1707&ssl=1","uagb_featured_image_src":{"full":["https:\/\/i0.wp.com\/ismaelcolosi.com.br\/wp-content\/uploads\/2024\/09\/woman-hand-holding-smart-phone-blank-screen-copy-space-hand-holding-smartphone-isolated-white-background_2024-09-11_14-25-23_jpg_2024-09-11_14-25-24-scaled.webp.webp?fit=2560%2C1707&ssl=1",2560,1707,false],"thumbnail":["https:\/\/i0.wp.com\/ismaelcolosi.com.br\/wp-content\/uploads\/2024\/09\/woman-hand-holding-smart-phone-blank-screen-copy-space-hand-holding-smartphone-isolated-white-background_2024-09-11_14-25-23_jpg_2024-09-11_14-25-24-scaled.webp.webp?resize=150%2C150&ssl=1",150,150,true],"medium":["https:\/\/i0.wp.com\/ismaelcolosi.com.br\/wp-content\/uploads\/2024\/09\/woman-hand-holding-smart-phone-blank-screen-copy-space-hand-holding-smartphone-isolated-white-background_2024-09-11_14-25-23_jpg_2024-09-11_14-25-24-scaled.webp.webp?fit=300%2C200&ssl=1",300,200,true],"medium_large":["https:\/\/i0.wp.com\/ismaelcolosi.com.br\/wp-content\/uploads\/2024\/09\/woman-hand-holding-smart-phone-blank-screen-copy-space-hand-holding-smartphone-isolated-white-background_2024-09-11_14-25-23_jpg_2024-09-11_14-25-24-scaled.webp.webp?fit=768%2C512&ssl=1",768,512,true],"large":["https:\/\/i0.wp.com\/ismaelcolosi.com.br\/wp-content\/uploads\/2024\/09\/woman-hand-holding-smart-phone-blank-screen-copy-space-hand-holding-smartphone-isolated-white-background_2024-09-11_14-25-23_jpg_2024-09-11_14-25-24-scaled.webp.webp?fit=1024%2C683&ssl=1",1024,683,true],"1536x1536":["https:\/\/i0.wp.com\/ismaelcolosi.com.br\/wp-content\/uploads\/2024\/09\/woman-hand-holding-smart-phone-blank-screen-copy-space-hand-holding-smartphone-isolated-white-background_2024-09-11_14-25-23_jpg_2024-09-11_14-25-24-scaled.webp.webp?fit=1536%2C1024&ssl=1",1536,1024,true],"2048x2048":["https:\/\/i0.wp.com\/ismaelcolosi.com.br\/wp-content\/uploads\/2024\/09\/woman-hand-holding-smart-phone-blank-screen-copy-space-hand-holding-smartphone-isolated-white-background_2024-09-11_14-25-23_jpg_2024-09-11_14-25-24-scaled.webp.webp?fit=2048%2C1366&ssl=1",2048,1366,true],"really-simple-thumb":["https:\/\/i0.wp.com\/ismaelcolosi.com.br\/wp-content\/uploads\/2024\/09\/woman-hand-holding-smart-phone-blank-screen-copy-space-hand-holding-smartphone-isolated-white-background_2024-09-11_14-25-23_jpg_2024-09-11_14-25-24-scaled.webp.webp?resize=370%2C247&ssl=1",370,247,true]},"uagb_author_info":{"display_name":"ismaelcolosi.com.br","author_link":"https:\/\/ismaelcolosi.com.br\/index.php\/author\/vidareal-online\/"},"uagb_comment_info":0,"uagb_excerpt":"O Setor Especializado de Combate aos Crimes de Corrup\u00e7\u00e3o, Crime Organizado e Lavagem de Dinheiro (Seccold) investiga, em Ribeir\u00e3o Preto, pessoas envolvidas no conhecido \u201cgolpe...","jetpack-related-posts":[{"id":72595,"url":"https:\/\/ismaelcolosi.com.br\/index.php\/2024\/10\/22\/o-que-se-sabe-sobre-quadrilha-do-golpe-do-falso-precatorio-em-ribeirao-preto\/","url_meta":{"origin":65213,"position":0},"title":"O que se sabe sobre quadrilha do golpe do falso precat\u00f3rio em Ribeir\u00e3o Preto","author":"ismaelcolosi.com.br","date":"22 de October de 2024","format":false,"excerpt":"O homem de 48 anos, apontado como l\u00edder de uma quadrilha que foi alvo de uma opera\u00e7\u00e3o da Pol\u00edcia Civil de Ribeir\u00e3o Preto e de Porto Alegre (RS), na manh\u00e3 desta ter\u00e7a-feira (22), zombava das v\u00edtimas ao cometer o crime. Durante coletiva de imprensa, o delegado Juliano Ferreira, da Pol\u00edcia\u2026","rel":"","context":"In &quot;Not\u00edcias de Ribeir\u00e3o Preto-SP e Regi\u00e3o&quot;","block_context":{"text":"Not\u00edcias de Ribeir\u00e3o Preto-SP e Regi\u00e3o","link":"https:\/\/ismaelcolosi.com.br\/index.php\/category\/noticias-de-ribeirao-preto-sp-e-regiao-ismael-colosi\/"},"img":{"alt_text":"","src":"https:\/\/i0.wp.com\/ismaelcolosi.com.br\/wp-content\/uploads\/2024\/10\/Copia-de-Copia-de-Copia-de-TAMANHO-EXATO-PARA-FOTOS-NO-SISTEMA-NOVO-2024-10-22T131243.492_2024-10-22_16-12-51_png_2024-10-22_16-12-52.webp.webp?fit=1200%2C675&ssl=1&resize=350%2C200","width":350,"height":200,"srcset":"https:\/\/i0.wp.com\/ismaelcolosi.com.br\/wp-content\/uploads\/2024\/10\/Copia-de-Copia-de-Copia-de-TAMANHO-EXATO-PARA-FOTOS-NO-SISTEMA-NOVO-2024-10-22T131243.492_2024-10-22_16-12-51_png_2024-10-22_16-12-52.webp.webp?fit=1200%2C675&ssl=1&resize=350%2C200 1x, https:\/\/i0.wp.com\/ismaelcolosi.com.br\/wp-content\/uploads\/2024\/10\/Copia-de-Copia-de-Copia-de-TAMANHO-EXATO-PARA-FOTOS-NO-SISTEMA-NOVO-2024-10-22T131243.492_2024-10-22_16-12-51_png_2024-10-22_16-12-52.webp.webp?fit=1200%2C675&ssl=1&resize=525%2C300 1.5x, https:\/\/i0.wp.com\/ismaelcolosi.com.br\/wp-content\/uploads\/2024\/10\/Copia-de-Copia-de-Copia-de-TAMANHO-EXATO-PARA-FOTOS-NO-SISTEMA-NOVO-2024-10-22T131243.492_2024-10-22_16-12-51_png_2024-10-22_16-12-52.webp.webp?fit=1200%2C675&ssl=1&resize=700%2C400 2x, https:\/\/i0.wp.com\/ismaelcolosi.com.br\/wp-content\/uploads\/2024\/10\/Copia-de-Copia-de-Copia-de-TAMANHO-EXATO-PARA-FOTOS-NO-SISTEMA-NOVO-2024-10-22T131243.492_2024-10-22_16-12-51_png_2024-10-22_16-12-52.webp.webp?fit=1200%2C675&ssl=1&resize=1050%2C600 3x"},"classes":[]},{"id":41290,"url":"https:\/\/ismaelcolosi.com.br\/index.php\/2024\/03\/07\/empresaria-de-ribeirao-preto-e-vitima-do-golpe-do-falso-sequestro\/","url_meta":{"origin":65213,"position":1},"title":"Empres\u00e1ria de Ribeir\u00e3o Preto \u00e9 v\u00edtima do golpe do falso sequestro","author":"ismaelcolosi.com.br","date":"7 de March de 2024","format":false,"excerpt":"Uma empres\u00e1ria de Ribeir\u00e3o Preto caiu no golpe do falso sequestro no \u00faltimo m\u00eas de fevereiro. Nesta quinta-feira (7), a Pol\u00edcia Civil deflagrou a segunda-feira da Opera\u00e7\u00e3o Repetundarum, que investiga os acusados de envolvimento com a quadrilha que pratica estelionatos na regi\u00e3o. Um motorista de aplicativo foi interrogado pela Pol\u00edcia\u2026","rel":"","context":"In &quot;Not\u00edcias de Ribeir\u00e3o Preto-SP e Regi\u00e3o&quot;","block_context":{"text":"Not\u00edcias de Ribeir\u00e3o Preto-SP e Regi\u00e3o","link":"https:\/\/ismaelcolosi.com.br\/index.php\/category\/noticias-de-ribeirao-preto-sp-e-regiao-ismael-colosi\/"},"img":{"alt_text":"","src":"https:\/\/ismaelcolosi.com.br\/wp-content\/uploads\/2023\/11\/whatsapp_image_2022-08-14_at_12_10_03.jpe","width":350,"height":200,"srcset":"https:\/\/ismaelcolosi.com.br\/wp-content\/uploads\/2023\/11\/whatsapp_image_2022-08-14_at_12_10_03.jpe 1x, https:\/\/ismaelcolosi.com.br\/wp-content\/uploads\/2023\/11\/whatsapp_image_2022-08-14_at_12_10_03.jpe 1.5x, https:\/\/ismaelcolosi.com.br\/wp-content\/uploads\/2023\/11\/whatsapp_image_2022-08-14_at_12_10_03.jpe 2x, https:\/\/ismaelcolosi.com.br\/wp-content\/uploads\/2023\/11\/whatsapp_image_2022-08-14_at_12_10_03.jpe 3x"},"classes":[]},{"id":72519,"url":"https:\/\/ismaelcolosi.com.br\/index.php\/2024\/10\/22\/forca-tarefa-mira-quadrilha-do-golpe-do-falso-precatorio-em-ribeirao-preto\/","url_meta":{"origin":65213,"position":2},"title":"For\u00e7a-tarefa mira quadrilha do golpe do falso precat\u00f3rio em Ribeir\u00e3o Preto","author":"ismaelcolosi.com.br","date":"22 de October de 2024","format":false,"excerpt":"Uma for\u00e7a-tarefa com policiais civis de Ribeir\u00e3o Preto e do Rio Grande do Sul realiza, na manh\u00e3 desta ter\u00e7a-feira (22), uma opera\u00e7\u00e3o contra uma quadrilha apontada por envolvimento em um golpe que promete o pagamento de precat\u00f3rios. Segundo as informa\u00e7\u00f5es, as v\u00edtimas podem chegar a 300 pessoas em todo o\u2026","rel":"","context":"In &quot;Not\u00edcias de Ribeir\u00e3o Preto-SP e Regi\u00e3o&quot;","block_context":{"text":"Not\u00edcias de Ribeir\u00e3o Preto-SP e Regi\u00e3o","link":"https:\/\/ismaelcolosi.com.br\/index.php\/category\/noticias-de-ribeirao-preto-sp-e-regiao-ismael-colosi\/"},"img":{"alt_text":"","src":"https:\/\/i0.wp.com\/ismaelcolosi.com.br\/wp-content\/uploads\/2024\/10\/WhatsApp-Image-2024-10-22-at-08.03.55_2024-10-22_11-06-00_jpeg_2024-10-22_11-06-00.webp.webp?fit=1200%2C675&ssl=1&resize=350%2C200","width":350,"height":200,"srcset":"https:\/\/i0.wp.com\/ismaelcolosi.com.br\/wp-content\/uploads\/2024\/10\/WhatsApp-Image-2024-10-22-at-08.03.55_2024-10-22_11-06-00_jpeg_2024-10-22_11-06-00.webp.webp?fit=1200%2C675&ssl=1&resize=350%2C200 1x, https:\/\/i0.wp.com\/ismaelcolosi.com.br\/wp-content\/uploads\/2024\/10\/WhatsApp-Image-2024-10-22-at-08.03.55_2024-10-22_11-06-00_jpeg_2024-10-22_11-06-00.webp.webp?fit=1200%2C675&ssl=1&resize=525%2C300 1.5x, https:\/\/i0.wp.com\/ismaelcolosi.com.br\/wp-content\/uploads\/2024\/10\/WhatsApp-Image-2024-10-22-at-08.03.55_2024-10-22_11-06-00_jpeg_2024-10-22_11-06-00.webp.webp?fit=1200%2C675&ssl=1&resize=700%2C400 2x, https:\/\/i0.wp.com\/ismaelcolosi.com.br\/wp-content\/uploads\/2024\/10\/WhatsApp-Image-2024-10-22-at-08.03.55_2024-10-22_11-06-00_jpeg_2024-10-22_11-06-00.webp.webp?fit=1200%2C675&ssl=1&resize=1050%2C600 3x"},"classes":[]},{"id":16010,"url":"https:\/\/ismaelcolosi.com.br\/index.php\/2023\/12\/14\/utm_sourcerssutm_mediumrssutm_campaigndeic-rp-deflagra-operacao-noel-23-contra-quadrilha-que-promovia-falsos-leiloes-do-detran-no-estado-de-sp\/","url_meta":{"origin":65213,"position":3},"title":"DEIC RP deflagra Opera\u00e7\u00e3o Noel 23 contra quadrilha que promovia falsos leil\u00f5es do Detran no estado de SP \u2013 X Tudo Ribeir\u00e3o","author":"ismaelcolosi.com.br","date":"14 de December de 2023","format":false,"excerpt":"A Divis\u00e3o Especial de Investiga\u00e7\u00f5es Criminais (DEIC) de Ribeir\u00e3o Preto deflagrou, na madrugada desta quinta-feira (14), a \u201cOpera\u00e7\u00e3o Noel 23\u201d, contra uma quadrilha que promovia falsos leil\u00f5es, supostamente de ve\u00edculos apreendidos pelo Detran-SP. A opera\u00e7\u00e3o foi realizada nas cidades de Santo Andr\u00e9 e S\u00e3o Bernardo do Campo, na Grande S\u00e3o\u2026","rel":"","context":"In &quot;Not\u00edcias de Ribeir\u00e3o Preto-SP e Regi\u00e3o&quot;","block_context":{"text":"Not\u00edcias de Ribeir\u00e3o Preto-SP e Regi\u00e3o","link":"https:\/\/ismaelcolosi.com.br\/index.php\/category\/noticias-de-ribeirao-preto-sp-e-regiao-ismael-colosi\/"},"img":{"alt_text":"","src":"https:\/\/i0.wp.com\/ismaelcolosi.com.br\/wp-content\/uploads\/2023\/12\/00-14-dez-2023-operacao-noel-23-00-foto-deic-scaled-1.jpg?fit=1000%2C525&ssl=1&resize=350%2C200","width":350,"height":200,"srcset":"https:\/\/i0.wp.com\/ismaelcolosi.com.br\/wp-content\/uploads\/2023\/12\/00-14-dez-2023-operacao-noel-23-00-foto-deic-scaled-1.jpg?fit=1000%2C525&ssl=1&resize=350%2C200 1x, https:\/\/i0.wp.com\/ismaelcolosi.com.br\/wp-content\/uploads\/2023\/12\/00-14-dez-2023-operacao-noel-23-00-foto-deic-scaled-1.jpg?fit=1000%2C525&ssl=1&resize=525%2C300 1.5x, https:\/\/i0.wp.com\/ismaelcolosi.com.br\/wp-content\/uploads\/2023\/12\/00-14-dez-2023-operacao-noel-23-00-foto-deic-scaled-1.jpg?fit=1000%2C525&ssl=1&resize=700%2C400 2x"},"classes":[]},{"id":3840,"url":"https:\/\/ismaelcolosi.com.br\/index.php\/2023\/11\/20\/morador-de-ribeirao-preto-perde-r-2-mil-em-golpe-do-falso-emprego\/","url_meta":{"origin":65213,"position":4},"title":"Morador de Ribeir\u00e3o Preto perde R$ 2 mil em golpe do falso emprego","author":"ismaelcolosi.com.br","date":"20 de November de 2023","format":false,"excerpt":"Um morador de Ribeir\u00e3o Preto foi v\u00edtima do golpe do falso emprego, aplicado nas redes sociais. Neste crime, os golpistas pedem que a v\u00edtima, interessada pela vaga, fa\u00e7a o dep\u00f3sito de uma quantia que seria a cau\u00e7\u00e3o do aluguel de um carro que seria oferecido pela empresa. A v\u00edtima de\u2026","rel":"","context":"In &quot;Not\u00edcias de Ribeir\u00e3o Preto-SP e Regi\u00e3o&quot;","block_context":{"text":"Not\u00edcias de Ribeir\u00e3o Preto-SP e Regi\u00e3o","link":"https:\/\/ismaelcolosi.com.br\/index.php\/category\/noticias-de-ribeirao-preto-sp-e-regiao-ismael-colosi\/"},"img":{"alt_text":"","src":"https:\/\/i0.wp.com\/ismaelcolosi.com.br\/wp-content\/uploads\/2023\/11\/pexels-sora-shimazaki-5935794.jpg?fit=1200%2C800&ssl=1&resize=350%2C200","width":350,"height":200,"srcset":"https:\/\/i0.wp.com\/ismaelcolosi.com.br\/wp-content\/uploads\/2023\/11\/pexels-sora-shimazaki-5935794.jpg?fit=1200%2C800&ssl=1&resize=350%2C200 1x, https:\/\/i0.wp.com\/ismaelcolosi.com.br\/wp-content\/uploads\/2023\/11\/pexels-sora-shimazaki-5935794.jpg?fit=1200%2C800&ssl=1&resize=525%2C300 1.5x, https:\/\/i0.wp.com\/ismaelcolosi.com.br\/wp-content\/uploads\/2023\/11\/pexels-sora-shimazaki-5935794.jpg?fit=1200%2C800&ssl=1&resize=700%2C400 2x, https:\/\/i0.wp.com\/ismaelcolosi.com.br\/wp-content\/uploads\/2023\/11\/pexels-sora-shimazaki-5935794.jpg?fit=1200%2C800&ssl=1&resize=1050%2C600 3x"},"classes":[]},{"id":33513,"url":"https:\/\/ismaelcolosi.com.br\/index.php\/2024\/01\/29\/utm_sourcerssutm_mediumrssutm_campaignmotoqueiro-e-investigado-apos-buscar-joias-de-idosa-que-caiu-no-golpe-do-falso-sequestro\/","url_meta":{"origin":65213,"position":5},"title":"Motoqueiro \u00e9 investigado ap\u00f3s buscar joias de idosa que caiu no golpe do falso sequestro \u2013 X Tudo Ribeir\u00e3o","author":"ismaelcolosi.com.br","date":"29 de January de 2024","format":false,"excerpt":"A Pol\u00edcia Civil atrav\u00e9s do DEIC (Divis\u00e3o Especializada de Investiga\u00e7\u00f5es Criminais) est\u00e1 a procura de um motoqueiro suspeito de integrar uma quadrilha que aplicou o golpe do falso sequestro em uma idosa em um condom\u00ednio no \u00faltimo s\u00e1bado (27\/1), em Bonfim Paulista. Segundo informa\u00e7\u00f5es apuradas com a Pol\u00edcia Civil, no\u2026","rel":"","context":"In &quot;Not\u00edcias de Ribeir\u00e3o Preto-SP e Regi\u00e3o&quot;","block_context":{"text":"Not\u00edcias de Ribeir\u00e3o Preto-SP e Regi\u00e3o","link":"https:\/\/ismaelcolosi.com.br\/index.php\/category\/noticias-de-ribeirao-preto-sp-e-regiao-ismael-colosi\/"},"img":{"alt_text":"","src":"https:\/\/i0.wp.com\/ismaelcolosi.com.br\/wp-content\/uploads\/2024\/01\/x-tudo-ribeirao.png?fit=554%2C554&ssl=1&resize=350%2C200","width":350,"height":200,"srcset":"https:\/\/i0.wp.com\/ismaelcolosi.com.br\/wp-content\/uploads\/2024\/01\/x-tudo-ribeirao.png?fit=554%2C554&ssl=1&resize=350%2C200 1x, https:\/\/i0.wp.com\/ismaelcolosi.com.br\/wp-content\/uploads\/2024\/01\/x-tudo-ribeirao.png?fit=554%2C554&ssl=1&resize=525%2C300 1.5x"},"classes":[]}],"jetpack_sharing_enabled":true,"jetpack_shortlink":"https:\/\/wp.me\/pfMlyK-gXP","_links":{"self":[{"href":"https:\/\/ismaelcolosi.com.br\/index.php\/wp-json\/wp\/v2\/posts\/65213","targetHints":{"allow":["GET"]}}],"collection":[{"href":"https:\/\/ismaelcolosi.com.br\/index.php\/wp-json\/wp\/v2\/posts"}],"about":[{"href":"https:\/\/ismaelcolosi.com.br\/index.php\/wp-json\/wp\/v2\/types\/post"}],"author":[{"embeddable":true,"href":"https:\/\/ismaelcolosi.com.br\/index.php\/wp-json\/wp\/v2\/users\/1"}],"replies":[{"embeddable":true,"href":"https:\/\/ismaelcolosi.com.br\/index.php\/wp-json\/wp\/v2\/comments?post=65213"}],"version-history":[{"count":0,"href":"https:\/\/ismaelcolosi.com.br\/index.php\/wp-json\/wp\/v2\/posts\/65213\/revisions"}],"wp:featuredmedia":[{"embeddable":true,"href":"https:\/\/ismaelcolosi.com.br\/index.php\/wp-json\/wp\/v2\/media\/65214"}],"wp:attachment":[{"href":"https:\/\/ismaelcolosi.com.br\/index.php\/wp-json\/wp\/v2\/media?parent=65213"}],"wp:term":[{"taxonomy":"category","embeddable":true,"href":"https:\/\/ismaelcolosi.com.br\/index.php\/wp-json\/wp\/v2\/categories?post=65213"},{"taxonomy":"post_tag","embeddable":true,"href":"https:\/\/ismaelcolosi.com.br\/index.php\/wp-json\/wp\/v2\/tags?post=65213"}],"curies":[{"name":"wp","href":"https:\/\/api.w.org\/{rel}","templated":true}]}}