{"id":65204,"date":"2024-09-11T11:40:18","date_gmt":"2024-09-11T14:40:18","guid":{"rendered":"https:\/\/ismaelcolosi.com.br\/index.php\/2024\/09\/11\/joao-rocha-participa-nesta-quarta-da-serie-de-entrevistas-com-candidatos-a-prefeitura-de-franca\/"},"modified":"2024-09-11T11:40:18","modified_gmt":"2024-09-11T14:40:18","slug":"joao-rocha-participa-nesta-quarta-da-serie-de-entrevistas-com-candidatos-a-prefeitura-de-franca","status":"publish","type":"post","link":"https:\/\/ismaelcolosi.com.br\/index.php\/2024\/09\/11\/joao-rocha-participa-nesta-quarta-da-serie-de-entrevistas-com-candidatos-a-prefeitura-de-franca\/","title":{"rendered":"Jo\u00e3o Rocha participa nesta quarta da s\u00e9rie de entrevistas com candidatos \u00e0 Prefeitura de Franca"},"content":{"rendered":"<p> <br \/>\n<\/p>\n<div>\n<figure class=\"wp-block-embed is-type-video is-provider-youtube wp-block-embed-youtube wp-embed-aspect-4-3 wp-has-aspect-ratio\">\n<div class=\"wp-block-embed__wrapper\">\n<p><iframe loading=\"lazy\" title=\"Entrevista com o candidato \u00e0 Prefeitura de Franca Jo\u00e3o Rocha (PL)\" width=\"500\" height=\"375\" src=\"https:\/\/www.youtube.com\/embed\/M_CC-h1tZUc?feature=oembed\" frameborder=\"0\" allow=\"accelerometer; autoplay; clipboard-write; encrypted-media; gyroscope; picture-in-picture; web-share\" referrerpolicy=\"strict-origin-when-cross-origin\" allowfullscreen><\/iframe><\/p>\n<\/div>\n<\/figure>\n<p>O <strong>acidade on Ribeir\u00e3o <\/strong>realiza nesta semana uma s\u00e9rie de entrevistas com os candidatos \u00e0 <strong>Prefeitura de Franca<\/strong> nas <strong>elei\u00e7\u00f5es 2024<\/strong>. Nesta quarta-feira (11) \u00e9 a vez da sabatina do empres\u00e1rio <strong>Jo\u00e3o Rocha (PL) <\/strong>\u2013 veja o player acima. A entrevista vai ao ar, ao vivo, logo ap\u00f3s a sabatina do candidato no telejornal da <strong>EPTV<\/strong>.<\/p>\n<p>Jo\u00e3o Rocha faz parte da coliga\u00e7\u00e3o \u201cFranca Vai Mudar\u201d. O candidato a vice na chapa \u00e9 Ilton Ferreira, do Uni\u00e3o Brasil.<\/p>\n<p>A sequ\u00eancia de entrevistas foi definida por ordem alfab\u00e9tica. Cinco candidatos ser\u00e3o sabatinados por 12 minutos. No s\u00e1bado (14), o candidato da vez ter\u00e1 8 minutos de entrevista ao vivo. Outros candidatos na disputa ter\u00e3o entrevistas de 2 minutos veiculadas.<\/p>\n<h4 class=\"wp-block-heading\"><strong>Quem \u00e9 Jo\u00e3o Rocha?<\/strong><\/h4>\n<p>Jo\u00e3o Batista Rocha tem 67 anos e \u00e9 empres\u00e1rio nas \u00e1reas cal\u00e7adista, constru\u00e7\u00e3o civil e autom\u00f3veis. Ele j\u00e1 foi vice-prefeito de Franca entre 1989 e 1992.<\/p>\n<p>Jo\u00e3o \u00e9 professor de hist\u00f3ria de forma\u00e7\u00e3o e nasceu em Passos-MG.<\/p>\n<h4 class=\"wp-block-heading\"><strong>Regras das entrevistas<\/strong><\/h4>\n<p>Foram convidados para as entrevistas presenciais os candidatos com partidos que t\u00eam representa\u00e7\u00e3o na C\u00e2mara dos Deputados, como s\u00e3o os casos do MDB, PSOL, PL, PSB e PT, que ter\u00e3o 12 minutos nas entrevistas. O Novo tamb\u00e9m tem representa\u00e7\u00e3o, mas \u00e9 um dos partidos que n\u00e3o alcan\u00e7aram a cl\u00e1usula de barreira, e ter\u00e1 8 minutos na entrevista.<\/p>\n<p>J\u00e1 o PCO, Mobiliza e PCB n\u00e3o t\u00eam representatividade na C\u00e2mara dos Deputados. O espa\u00e7o tamb\u00e9m ser\u00e1 aberto para essas legendas, mas em entrevistas gravadas de 2 minutos.<\/p>\n<p>SAIBA MAIS<br \/>Apostas do interior de S\u00e3o Paulo ganham pr\u00eamio na Mega-Sena; Veja os n\u00fameros<\/p>\n<h4 class=\"wp-block-heading\"><strong>FIQUE ON<\/strong><\/h4>\n<p>Fique ligado em tudo que acontece em Ribeir\u00e3o Preto e regi\u00e3o. Siga os perfis do\u00a0<strong>acidade on<\/strong>\u00a0no\u00a0<a href=\"https:\/\/www.instagram.com\/acidadeonribeirao\" target=\"_blank\" rel=\"noreferrer noopener\">Instagram<\/a>\u00a0e no<a href=\"https:\/\/www.facebook.com\/acidadeonribeirao\/\" target=\"_blank\" rel=\"noreferrer noopener\">\u00a0Facebook<\/a>.<\/p>\n<p>Receba not\u00edcias do\u00a0<strong>acidade on<\/strong>\u00a0no WhatsApp.\u00a0<a href=\"https:\/\/chat.whatsapp.com\/Dtv9mxhy6V5BJBotM2OQ5k\" target=\"_blank\" rel=\"noreferrer noopener\">Para entrar no grupo, basta clicar aqui.<\/a><\/p>\n<p>Fa\u00e7a uma den\u00fancia ou sugira uma reportagem sobre Ribeir\u00e3o Preto e regi\u00e3o pelo WhatsApp: 16 99117 7802.<\/p>\n<p>VEJA TAMB\u00c9M<br \/>O que significa alerta vermelho de onda de calor de grande perigo?<\/p>\n<p><!-- CONTENT END 1 -->\n<\/div>\n<p><script async src=\"\/\/www.instagram.com\/embed.js\"><\/script><br \/>\n<br \/><br \/>\n<br \/><a href=\"https:\/\/www.acidadeon.com\/ribeiraopreto\/politica\/eleicoes\/joao-rocha-participa-nesta-quarta-serie-de-entrevistas-com-candidatos-a-prefeitura-de-franca\/\">Source link <\/a><\/p>\n","protected":false},"excerpt":{"rendered":"<p>O acidade on Ribeir\u00e3o realiza nesta semana uma s\u00e9rie de entrevistas com os candidatos \u00e0 Prefeitura de Franca nas elei\u00e7\u00f5es 2024. Nesta quarta-feira (11) \u00e9&#8230;<\/p>\n","protected":false},"author":1,"featured_media":65205,"comment_status":"open","ping_status":"open","sticky":false,"template":"","format":"standard","meta":{"_uag_custom_page_level_css":"","advanced_seo_description":"","jetpack_seo_html_title":"","jetpack_seo_noindex":false,"jetpack_post_was_ever_published":false,"_jetpack_newsletter_access":"","_jetpack_dont_email_post_to_subs":false,"_jetpack_newsletter_tier_id":0,"_jetpack_memberships_contains_paywalled_content":false,"_jetpack_memberships_contains_paid_content":false,"footnotes":"","jetpack_publicize_message":"","jetpack_publicize_feature_enabled":true,"jetpack_social_post_already_shared":true,"jetpack_social_options":{"image_generator_settings":{"template":"highway","default_image_id":0,"font":"","enabled":false},"version":2}},"categories":[11],"tags":[],"class_list":["post-65204","post","type-post","status-publish","format-standard","has-post-thumbnail","hentry","category-noticias-de-ribeirao-preto-sp-e-regiao-ismael-colosi"],"jetpack_publicize_connections":[],"jetpack_featured_media_url":"https:\/\/i0.wp.com\/ismaelcolosi.com.br\/wp-content\/uploads\/2024\/09\/Joao-Rocha_2024-09-11_13-54-38_jpg_2024-09-11_13-54-38.webp.webp?fit=914%2C761&ssl=1","uagb_featured_image_src":{"full":["https:\/\/i0.wp.com\/ismaelcolosi.com.br\/wp-content\/uploads\/2024\/09\/Joao-Rocha_2024-09-11_13-54-38_jpg_2024-09-11_13-54-38.webp.webp?fit=914%2C761&ssl=1",914,761,false],"thumbnail":["https:\/\/i0.wp.com\/ismaelcolosi.com.br\/wp-content\/uploads\/2024\/09\/Joao-Rocha_2024-09-11_13-54-38_jpg_2024-09-11_13-54-38.webp.webp?resize=150%2C150&ssl=1",150,150,true],"medium":["https:\/\/i0.wp.com\/ismaelcolosi.com.br\/wp-content\/uploads\/2024\/09\/Joao-Rocha_2024-09-11_13-54-38_jpg_2024-09-11_13-54-38.webp.webp?fit=300%2C250&ssl=1",300,250,true],"medium_large":["https:\/\/i0.wp.com\/ismaelcolosi.com.br\/wp-content\/uploads\/2024\/09\/Joao-Rocha_2024-09-11_13-54-38_jpg_2024-09-11_13-54-38.webp.webp?fit=768%2C639&ssl=1",768,639,true],"large":["https:\/\/i0.wp.com\/ismaelcolosi.com.br\/wp-content\/uploads\/2024\/09\/Joao-Rocha_2024-09-11_13-54-38_jpg_2024-09-11_13-54-38.webp.webp?fit=914%2C761&ssl=1",914,761,true],"1536x1536":["https:\/\/i0.wp.com\/ismaelcolosi.com.br\/wp-content\/uploads\/2024\/09\/Joao-Rocha_2024-09-11_13-54-38_jpg_2024-09-11_13-54-38.webp.webp?fit=914%2C761&ssl=1",914,761,true],"2048x2048":["https:\/\/i0.wp.com\/ismaelcolosi.com.br\/wp-content\/uploads\/2024\/09\/Joao-Rocha_2024-09-11_13-54-38_jpg_2024-09-11_13-54-38.webp.webp?fit=914%2C761&ssl=1",914,761,true],"really-simple-thumb":["https:\/\/i0.wp.com\/ismaelcolosi.com.br\/wp-content\/uploads\/2024\/09\/Joao-Rocha_2024-09-11_13-54-38_jpg_2024-09-11_13-54-38.webp.webp?resize=370%2C247&ssl=1",370,247,true]},"uagb_author_info":{"display_name":"ismaelcolosi.com.br","author_link":"https:\/\/ismaelcolosi.com.br\/index.php\/author\/vidareal-online\/"},"uagb_comment_info":0,"uagb_excerpt":"O acidade on Ribeir\u00e3o realiza nesta semana uma s\u00e9rie de entrevistas com os candidatos \u00e0 Prefeitura de Franca nas elei\u00e7\u00f5es 2024. Nesta quarta-feira (11) \u00e9...","jetpack-related-posts":[{"id":65459,"url":"https:\/\/ismaelcolosi.com.br\/index.php\/2024\/09\/12\/ubiali-participa-nesta-quinta-da-serie-de-entrevistas-com-candidatos-a-prefeitura-de-franca\/","url_meta":{"origin":65204,"position":0},"title":"Ubiali participa nesta quinta da s\u00e9rie de entrevistas com candidatos \u00e0 Prefeitura de Franca","author":"ismaelcolosi.com.br","date":"12 de September de 2024","format":false,"excerpt":"O\u00a0acidade on Ribeir\u00e3o\u00a0realiza nesta semana uma s\u00e9rie de entrevistas com os candidatos \u00e0\u00a0Prefeitura de Franca\u00a0nas\u00a0elei\u00e7\u00f5es 2024. Nesta quinta-feira (12) \u00e9 a vez da sabatina do m\u00e9dico Marco Aur\u00e9lio Ubiali (PSB)\u00a0\u2013 veja o player acima. A entrevista vai ao ar, ao vivo, logo ap\u00f3s a sabatina do candidato no telejornal da\u00a0EPTV.\u2026","rel":"","context":"In &quot;Not\u00edcias de Ribeir\u00e3o Preto-SP e Regi\u00e3o&quot;","block_context":{"text":"Not\u00edcias de Ribeir\u00e3o Preto-SP e Regi\u00e3o","link":"https:\/\/ismaelcolosi.com.br\/index.php\/category\/noticias-de-ribeirao-preto-sp-e-regiao-ismael-colosi\/"},"img":{"alt_text":"","src":"https:\/\/i0.wp.com\/ismaelcolosi.com.br\/wp-content\/uploads\/2024\/09\/UBIALI_2024-09-12_13-56-13_jpg_2024-09-12_13-56-14.webp.webp?fit=1200%2C753&ssl=1&resize=350%2C200","width":350,"height":200,"srcset":"https:\/\/i0.wp.com\/ismaelcolosi.com.br\/wp-content\/uploads\/2024\/09\/UBIALI_2024-09-12_13-56-13_jpg_2024-09-12_13-56-14.webp.webp?fit=1200%2C753&ssl=1&resize=350%2C200 1x, https:\/\/i0.wp.com\/ismaelcolosi.com.br\/wp-content\/uploads\/2024\/09\/UBIALI_2024-09-12_13-56-13_jpg_2024-09-12_13-56-14.webp.webp?fit=1200%2C753&ssl=1&resize=525%2C300 1.5x, https:\/\/i0.wp.com\/ismaelcolosi.com.br\/wp-content\/uploads\/2024\/09\/UBIALI_2024-09-12_13-56-13_jpg_2024-09-12_13-56-14.webp.webp?fit=1200%2C753&ssl=1&resize=700%2C400 2x, https:\/\/i0.wp.com\/ismaelcolosi.com.br\/wp-content\/uploads\/2024\/09\/UBIALI_2024-09-12_13-56-13_jpg_2024-09-12_13-56-14.webp.webp?fit=1200%2C753&ssl=1&resize=1050%2C600 3x"},"classes":[]},{"id":65701,"url":"https:\/\/ismaelcolosi.com.br\/index.php\/2024\/09\/13\/mariana-negri-participa-nesta-sexta-da-serie-de-entrevistas-com-candidatos-a-prefeitura-de-franca\/","url_meta":{"origin":65204,"position":1},"title":"Mariana Negri participa nesta sexta da s\u00e9rie de entrevistas com candidatos \u00e0 Prefeitura de Franca","author":"ismaelcolosi.com.br","date":"13 de September de 2024","format":false,"excerpt":"O acidade on Ribeir\u00e3o realiza nesta semana uma s\u00e9rie de entrevistas com os candidatos \u00e0 Prefeitura de Franca nas elei\u00e7\u00f5es 2024. Nesta sexta-feira (13) \u00e9 a vez da sabatina da advogada Mariana Negri (PT) \u2013 veja o player acima. A entrevista vai ao ar, ao vivo, logo ap\u00f3s a sabatina\u2026","rel":"","context":"In &quot;Not\u00edcias de Ribeir\u00e3o Preto-SP e Regi\u00e3o&quot;","block_context":{"text":"Not\u00edcias de Ribeir\u00e3o Preto-SP e Regi\u00e3o","link":"https:\/\/ismaelcolosi.com.br\/index.php\/category\/noticias-de-ribeirao-preto-sp-e-regiao-ismael-colosi\/"},"img":{"alt_text":"","src":"https:\/\/i0.wp.com\/ismaelcolosi.com.br\/wp-content\/uploads\/2024\/09\/Mariana-Negri_2024-09-13_14-30-22_jpg_2024-09-13_14-30-22.webp.webp?fit=1199%2C933&ssl=1&resize=350%2C200","width":350,"height":200,"srcset":"https:\/\/i0.wp.com\/ismaelcolosi.com.br\/wp-content\/uploads\/2024\/09\/Mariana-Negri_2024-09-13_14-30-22_jpg_2024-09-13_14-30-22.webp.webp?fit=1199%2C933&ssl=1&resize=350%2C200 1x, https:\/\/i0.wp.com\/ismaelcolosi.com.br\/wp-content\/uploads\/2024\/09\/Mariana-Negri_2024-09-13_14-30-22_jpg_2024-09-13_14-30-22.webp.webp?fit=1199%2C933&ssl=1&resize=525%2C300 1.5x, https:\/\/i0.wp.com\/ismaelcolosi.com.br\/wp-content\/uploads\/2024\/09\/Mariana-Negri_2024-09-13_14-30-22_jpg_2024-09-13_14-30-22.webp.webp?fit=1199%2C933&ssl=1&resize=700%2C400 2x, https:\/\/i0.wp.com\/ismaelcolosi.com.br\/wp-content\/uploads\/2024\/09\/Mariana-Negri_2024-09-13_14-30-22_jpg_2024-09-13_14-30-22.webp.webp?fit=1199%2C933&ssl=1&resize=1050%2C600 3x"},"classes":[]},{"id":64990,"url":"https:\/\/ismaelcolosi.com.br\/index.php\/2024\/09\/10\/guilherme-cortez-participa-nesta-terca-da-serie-de-entrevistas-com-candidatos-a-prefeitura-de-franca\/","url_meta":{"origin":65204,"position":2},"title":"Guilherme Cortez participa nesta ter\u00e7a da s\u00e9rie de entrevistas com candidatos \u00e0 Prefeitura de Franca","author":"ismaelcolosi.com.br","date":"10 de September de 2024","format":false,"excerpt":"O acidade on Ribeir\u00e3o realiza nesta semana uma s\u00e9rie de entrevistas com os candidatos \u00e0 Prefeitura de Franca nas elei\u00e7\u00f5es 2024. Nesta ter\u00e7a-feira (10) \u00e9 a vez da sabatina do deputado estadual Guilherme Cortez (PSOL) \u2013 veja o player acima. A entrevista vai ao ar, ao vivo, logo ap\u00f3s a\u2026","rel":"","context":"In &quot;Not\u00edcias de Ribeir\u00e3o Preto-SP e Regi\u00e3o&quot;","block_context":{"text":"Not\u00edcias de Ribeir\u00e3o Preto-SP e Regi\u00e3o","link":"https:\/\/ismaelcolosi.com.br\/index.php\/category\/noticias-de-ribeirao-preto-sp-e-regiao-ismael-colosi\/"},"img":{"alt_text":"","src":"https:\/\/i0.wp.com\/ismaelcolosi.com.br\/wp-content\/uploads\/2024\/09\/Guilherme-Cortez_2024-09-10_13-28-56_jpeg_2024-09-10_13-28-56.webp.webp?fit=1200%2C675&ssl=1&resize=350%2C200","width":350,"height":200,"srcset":"https:\/\/i0.wp.com\/ismaelcolosi.com.br\/wp-content\/uploads\/2024\/09\/Guilherme-Cortez_2024-09-10_13-28-56_jpeg_2024-09-10_13-28-56.webp.webp?fit=1200%2C675&ssl=1&resize=350%2C200 1x, https:\/\/i0.wp.com\/ismaelcolosi.com.br\/wp-content\/uploads\/2024\/09\/Guilherme-Cortez_2024-09-10_13-28-56_jpeg_2024-09-10_13-28-56.webp.webp?fit=1200%2C675&ssl=1&resize=525%2C300 1.5x, https:\/\/i0.wp.com\/ismaelcolosi.com.br\/wp-content\/uploads\/2024\/09\/Guilherme-Cortez_2024-09-10_13-28-56_jpeg_2024-09-10_13-28-56.webp.webp?fit=1200%2C675&ssl=1&resize=700%2C400 2x, https:\/\/i0.wp.com\/ismaelcolosi.com.br\/wp-content\/uploads\/2024\/09\/Guilherme-Cortez_2024-09-10_13-28-56_jpeg_2024-09-10_13-28-56.webp.webp?fit=1200%2C675&ssl=1&resize=1050%2C600 3x"},"classes":[]},{"id":65871,"url":"https:\/\/ismaelcolosi.com.br\/index.php\/2024\/09\/14\/alexandre-tabah-participa-neste-sabado-da-serie-de-entrevistas-com-candidatos-a-prefeitura-de-franca\/","url_meta":{"origin":65204,"position":3},"title":"Alexandre Tabah participa neste s\u00e1bado da s\u00e9rie de entrevistas com candidatos \u00e0 Prefeitura de Franca","author":"ismaelcolosi.com.br","date":"14 de September de 2024","format":false,"excerpt":"O acidade on Ribeir\u00e3o realiza nesta semana uma s\u00e9rie de entrevistas com os candidatos \u00e0 Prefeitura de Franca nas elei\u00e7\u00f5es 2024. Neste s\u00e1bado (14) \u00e9 a vez da sabatina com o empres\u00e1rio Alexandre Tabah (Novo) \u2013 veja o player acima. A entrevista vai ao ar, ao vivo, logo ap\u00f3s a\u2026","rel":"","context":"In &quot;Not\u00edcias de Ribeir\u00e3o Preto-SP e Regi\u00e3o&quot;","block_context":{"text":"Not\u00edcias de Ribeir\u00e3o Preto-SP e Regi\u00e3o","link":"https:\/\/ismaelcolosi.com.br\/index.php\/category\/noticias-de-ribeirao-preto-sp-e-regiao-ismael-colosi\/"},"img":{"alt_text":"","src":"https:\/\/i0.wp.com\/ismaelcolosi.com.br\/wp-content\/uploads\/2024\/09\/alexandre-tabah_2024-09-14_13-54-19_jpg_2024-09-14_13-54-19.webp.webp?fit=1080%2C833&ssl=1&resize=350%2C200","width":350,"height":200,"srcset":"https:\/\/i0.wp.com\/ismaelcolosi.com.br\/wp-content\/uploads\/2024\/09\/alexandre-tabah_2024-09-14_13-54-19_jpg_2024-09-14_13-54-19.webp.webp?fit=1080%2C833&ssl=1&resize=350%2C200 1x, https:\/\/i0.wp.com\/ismaelcolosi.com.br\/wp-content\/uploads\/2024\/09\/alexandre-tabah_2024-09-14_13-54-19_jpg_2024-09-14_13-54-19.webp.webp?fit=1080%2C833&ssl=1&resize=525%2C300 1.5x, https:\/\/i0.wp.com\/ismaelcolosi.com.br\/wp-content\/uploads\/2024\/09\/alexandre-tabah_2024-09-14_13-54-19_jpg_2024-09-14_13-54-19.webp.webp?fit=1080%2C833&ssl=1&resize=700%2C400 2x, https:\/\/i0.wp.com\/ismaelcolosi.com.br\/wp-content\/uploads\/2024\/09\/alexandre-tabah_2024-09-14_13-54-19_jpg_2024-09-14_13-54-19.webp.webp?fit=1080%2C833&ssl=1&resize=1050%2C600 3x"},"classes":[]},{"id":64790,"url":"https:\/\/ismaelcolosi.com.br\/index.php\/2024\/09\/09\/alexandre-ferreira-abre-serie-de-entrevistas-com-candidatos-a-prefeitura-de-franca\/","url_meta":{"origin":65204,"position":4},"title":"Alexandre Ferreira abre s\u00e9rie de entrevistas com candidatos \u00e0 Prefeitura de Franca","author":"ismaelcolosi.com.br","date":"9 de September de 2024","format":false,"excerpt":"O acidade on Ribeir\u00e3o come\u00e7a nesta segunda-feira (9) uma s\u00e9rie de entrevistas com os candidatos \u00e0 Prefeitura de Franca nas elei\u00e7\u00f5es 2024. O primeiro entrevistado \u00e9 o atual prefeito de Franca, Alexandre Ferreira (MDB) \u2013 veja o player acima. A entrevista vai ao ar, ao vivo, logo ap\u00f3s a sabatina\u2026","rel":"","context":"In &quot;Not\u00edcias de Ribeir\u00e3o Preto-SP e Regi\u00e3o&quot;","block_context":{"text":"Not\u00edcias de Ribeir\u00e3o Preto-SP e Regi\u00e3o","link":"https:\/\/ismaelcolosi.com.br\/index.php\/category\/noticias-de-ribeirao-preto-sp-e-regiao-ismael-colosi\/"},"img":{"alt_text":"","src":"https:\/\/i0.wp.com\/ismaelcolosi.com.br\/wp-content\/uploads\/2024\/09\/alexandre-ferreira_2024-09-09_14-40-04_jpg_2024-09-09_14-40-04.webp.webp?fit=1079%2C845&ssl=1&resize=350%2C200","width":350,"height":200,"srcset":"https:\/\/i0.wp.com\/ismaelcolosi.com.br\/wp-content\/uploads\/2024\/09\/alexandre-ferreira_2024-09-09_14-40-04_jpg_2024-09-09_14-40-04.webp.webp?fit=1079%2C845&ssl=1&resize=350%2C200 1x, https:\/\/i0.wp.com\/ismaelcolosi.com.br\/wp-content\/uploads\/2024\/09\/alexandre-ferreira_2024-09-09_14-40-04_jpg_2024-09-09_14-40-04.webp.webp?fit=1079%2C845&ssl=1&resize=525%2C300 1.5x, https:\/\/i0.wp.com\/ismaelcolosi.com.br\/wp-content\/uploads\/2024\/09\/alexandre-ferreira_2024-09-09_14-40-04_jpg_2024-09-09_14-40-04.webp.webp?fit=1079%2C845&ssl=1&resize=700%2C400 2x, https:\/\/i0.wp.com\/ismaelcolosi.com.br\/wp-content\/uploads\/2024\/09\/alexandre-ferreira_2024-09-09_14-40-04_jpg_2024-09-09_14-40-04.webp.webp?fit=1079%2C845&ssl=1&resize=1050%2C600 3x"},"classes":[]},{"id":67749,"url":"https:\/\/ismaelcolosi.com.br\/index.php\/2024\/09\/25\/marco-aurelio-participa-nesta-quarta-da-serie-de-entrevistas-com-candidatos-a-prefeitura-de-ribeirao-preto\/","url_meta":{"origin":65204,"position":5},"title":"Marco Aur\u00e9lio participa nesta quarta da s\u00e9rie de entrevistas com candidatos \u00e0 Prefeitura de Ribeir\u00e3o Preto","author":"ismaelcolosi.com.br","date":"25 de September de 2024","format":false,"excerpt":"O acidade on Ribeir\u00e3o realiza nesta semana uma s\u00e9rie de entrevistas com os candidatos \u00e0 Prefeitura de Ribeir\u00e3o Preto nas elei\u00e7\u00f5es 2024. Nesta quarta-feira (25) \u00e9 a vez da sabatina do empres\u00e1rio Marco Aur\u00e9lio (Novo) \u2013 veja o player acima. A entrevista ter\u00e1 12 minutos e vai ao ar, ao\u2026","rel":"","context":"In &quot;Not\u00edcias de Ribeir\u00e3o Preto-SP e Regi\u00e3o&quot;","block_context":{"text":"Not\u00edcias de Ribeir\u00e3o Preto-SP e Regi\u00e3o","link":"https:\/\/ismaelcolosi.com.br\/index.php\/category\/noticias-de-ribeirao-preto-sp-e-regiao-ismael-colosi\/"},"img":{"alt_text":"","src":"https:\/\/i0.wp.com\/ismaelcolosi.com.br\/wp-content\/uploads\/2024\/09\/marco-aurelio_2024-09-19_21-26-57_jpg_2024-09-19_21-26-57.webp.webp?fit=1200%2C755&ssl=1&resize=350%2C200","width":350,"height":200,"srcset":"https:\/\/i0.wp.com\/ismaelcolosi.com.br\/wp-content\/uploads\/2024\/09\/marco-aurelio_2024-09-19_21-26-57_jpg_2024-09-19_21-26-57.webp.webp?fit=1200%2C755&ssl=1&resize=350%2C200 1x, https:\/\/i0.wp.com\/ismaelcolosi.com.br\/wp-content\/uploads\/2024\/09\/marco-aurelio_2024-09-19_21-26-57_jpg_2024-09-19_21-26-57.webp.webp?fit=1200%2C755&ssl=1&resize=525%2C300 1.5x, https:\/\/i0.wp.com\/ismaelcolosi.com.br\/wp-content\/uploads\/2024\/09\/marco-aurelio_2024-09-19_21-26-57_jpg_2024-09-19_21-26-57.webp.webp?fit=1200%2C755&ssl=1&resize=700%2C400 2x, https:\/\/i0.wp.com\/ismaelcolosi.com.br\/wp-content\/uploads\/2024\/09\/marco-aurelio_2024-09-19_21-26-57_jpg_2024-09-19_21-26-57.webp.webp?fit=1200%2C755&ssl=1&resize=1050%2C600 3x"},"classes":[]}],"jetpack_sharing_enabled":true,"jetpack_shortlink":"https:\/\/wp.me\/pfMlyK-gXG","_links":{"self":[{"href":"https:\/\/ismaelcolosi.com.br\/index.php\/wp-json\/wp\/v2\/posts\/65204","targetHints":{"allow":["GET"]}}],"collection":[{"href":"https:\/\/ismaelcolosi.com.br\/index.php\/wp-json\/wp\/v2\/posts"}],"about":[{"href":"https:\/\/ismaelcolosi.com.br\/index.php\/wp-json\/wp\/v2\/types\/post"}],"author":[{"embeddable":true,"href":"https:\/\/ismaelcolosi.com.br\/index.php\/wp-json\/wp\/v2\/users\/1"}],"replies":[{"embeddable":true,"href":"https:\/\/ismaelcolosi.com.br\/index.php\/wp-json\/wp\/v2\/comments?post=65204"}],"version-history":[{"count":0,"href":"https:\/\/ismaelcolosi.com.br\/index.php\/wp-json\/wp\/v2\/posts\/65204\/revisions"}],"wp:featuredmedia":[{"embeddable":true,"href":"https:\/\/ismaelcolosi.com.br\/index.php\/wp-json\/wp\/v2\/media\/65205"}],"wp:attachment":[{"href":"https:\/\/ismaelcolosi.com.br\/index.php\/wp-json\/wp\/v2\/media?parent=65204"}],"wp:term":[{"taxonomy":"category","embeddable":true,"href":"https:\/\/ismaelcolosi.com.br\/index.php\/wp-json\/wp\/v2\/categories?post=65204"},{"taxonomy":"post_tag","embeddable":true,"href":"https:\/\/ismaelcolosi.com.br\/index.php\/wp-json\/wp\/v2\/tags?post=65204"}],"curies":[{"name":"wp","href":"https:\/\/api.w.org\/{rel}","templated":true}]}}