{"id":65181,"date":"2024-09-11T10:18:00","date_gmt":"2024-09-11T13:18:00","guid":{"rendered":"https:\/\/ismaelcolosi.com.br\/index.php\/2024\/09\/11\/motociclista-e-preso-por-embriaguez-apos-cair-de-moto-em-fuga-da-policia\/"},"modified":"2024-09-11T10:18:00","modified_gmt":"2024-09-11T13:18:00","slug":"motociclista-e-preso-por-embriaguez-apos-cair-de-moto-em-fuga-da-policia","status":"publish","type":"post","link":"https:\/\/ismaelcolosi.com.br\/index.php\/2024\/09\/11\/motociclista-e-preso-por-embriaguez-apos-cair-de-moto-em-fuga-da-policia\/","title":{"rendered":"Motociclista \u00e9 preso por embriaguez ap\u00f3s cair de moto em fuga da pol\u00edcia"},"content":{"rendered":"<p> <br \/>\n<\/p>\n<div data-td-block-uid=\"tdi_106\">\n<div class=\"tdb-block-inner td-fix-index\">\n<p><strong>Um motociclista de 30 anos foi preso por embriaguez na madrugada desta quarta-feira (11), depois de tentar fugir da PM (Pol\u00edcia Militar), na zona Norte de Ribeir\u00e3o Preto.<\/strong><\/p>\n<p>Segundo o boletim de ocorr\u00eancia (BO), os policiais solicitaram que o motociclista parasse, mas ele seguiu com a moto por aproximadamente dois quil\u00f4metros, quando sofreu queda ao virar na rua \u00c1lvaro de Lacerda Chaves para a acessar a rua Javari, no Ipiranga.<\/p>\n<p>Ainda conforme o BO, o resultado do baf\u00f4metro apontou 0,95 miligramas\u00a0de\u00a0\u00e1lcool\u00a0por\u00a0litro\u00a0de ar. O motociclista, por\u00e9m, se recusou a assinar o teste do etil\u00f4metro.<\/p>\n<p>Ele foi encaminhado para a UPA Norte devido \u00e1 queda da moto.<\/p>\n<p>Foi arbitrada fian\u00e7a no valor de R$ 1.500, que foi paga pelo motociclista e ele responder\u00e1 em liberdade pelo crime de embriaguez ao volante.<\/p>\n<p>SAIBA MAIS<\/p>\n<p>Carro fica com rodas suspensas ap\u00f3s batida na zona Oeste de Ribeir\u00e3o Preto<\/p>\n<h4 class=\"wp-block-heading\"><strong>FIQUE ON<\/strong><\/h4>\n<p>Fique ligado em tudo que acontece em Ribeir\u00e3o Preto e regi\u00e3o. Siga os perfis do<strong>\u00a0acidade on<\/strong>\u00a0no\u00a0<a href=\"https:\/\/www.instagram.com\/acidadeonribeirao\" target=\"_blank\" rel=\"noreferrer noopener\">Instagram\u00a0<\/a>e no\u00a0<a href=\"https:\/\/www.facebook.com\/acidadeonribeirao\/\" target=\"_blank\" rel=\"noreferrer noopener\">Facebook<\/a>.<\/p>\n<p>Receba not\u00edcias do\u00a0<strong>acidade on<\/strong>\u00a0no WhatsApp.\u00a0<a href=\"https:\/\/chat.whatsapp.com\/Dtv9mxhy6V5BJBotM2OQ5k\" target=\"_blank\" rel=\"noreferrer noopener\">Para entrar no grupo, basta clicar aqui.<\/a><\/p>\n<p>Fa\u00e7a uma den\u00fancia ou sugira uma reportagem sobre Ribeir\u00e3o Preto e regi\u00e3o pelo WhatsApp: 16 99117 7802.<\/p>\n<p>VEJA TAMB\u00c9M<\/p>\n<p>Onde Suzane von Richthofen estuda?<\/p>\n<p><!-- CONTENT END 3 -->\n<\/div>\n<\/div>\n<p><script async src=\"\/\/www.instagram.com\/embed.js\"><\/script><br \/>\n<br \/><br \/>\n<br \/><a href=\"https:\/\/www.acidadeon.com\/ribeiraopreto\/cotidiano\/motociclista-e-preso-por-embriaguez-apos-cair-de-moto-em-fuga-da-policia\/\">Source link <\/a><\/p>\n","protected":false},"excerpt":{"rendered":"<p>Um motociclista de 30 anos foi preso por embriaguez na madrugada desta quarta-feira (11), depois de tentar fugir da PM (Pol\u00edcia Militar), na zona Norte&#8230;<\/p>\n","protected":false},"author":1,"featured_media":65182,"comment_status":"open","ping_status":"open","sticky":false,"template":"","format":"standard","meta":{"_uag_custom_page_level_css":"","advanced_seo_description":"","jetpack_seo_html_title":"","jetpack_seo_noindex":false,"jetpack_post_was_ever_published":false,"_jetpack_newsletter_access":"","_jetpack_dont_email_post_to_subs":false,"_jetpack_newsletter_tier_id":0,"_jetpack_memberships_contains_paywalled_content":false,"_jetpack_memberships_contains_paid_content":false,"footnotes":"","jetpack_publicize_message":"","jetpack_publicize_feature_enabled":true,"jetpack_social_post_already_shared":true,"jetpack_social_options":{"image_generator_settings":{"template":"highway","default_image_id":0,"font":"","enabled":false},"version":2}},"categories":[11],"tags":[],"class_list":["post-65181","post","type-post","status-publish","format-standard","has-post-thumbnail","hentry","category-noticias-de-ribeirao-preto-sp-e-regiao-ismael-colosi"],"jetpack_publicize_connections":[],"jetpack_featured_media_url":"https:\/\/i0.wp.com\/ismaelcolosi.com.br\/wp-content\/uploads\/2024\/09\/WhatsApp-Image-2023-12-23-at-12.01.31.jpeg?fit=480%2C245&ssl=1","uagb_featured_image_src":{"full":["https:\/\/i0.wp.com\/ismaelcolosi.com.br\/wp-content\/uploads\/2024\/09\/WhatsApp-Image-2023-12-23-at-12.01.31.jpeg?fit=480%2C245&ssl=1",480,245,false],"thumbnail":["https:\/\/i0.wp.com\/ismaelcolosi.com.br\/wp-content\/uploads\/2024\/09\/WhatsApp-Image-2023-12-23-at-12.01.31.jpeg?resize=150%2C150&ssl=1",150,150,true],"medium":["https:\/\/i0.wp.com\/ismaelcolosi.com.br\/wp-content\/uploads\/2024\/09\/WhatsApp-Image-2023-12-23-at-12.01.31.jpeg?fit=300%2C153&ssl=1",300,153,true],"medium_large":["https:\/\/i0.wp.com\/ismaelcolosi.com.br\/wp-content\/uploads\/2024\/09\/WhatsApp-Image-2023-12-23-at-12.01.31.jpeg?fit=480%2C245&ssl=1",480,245,true],"large":["https:\/\/i0.wp.com\/ismaelcolosi.com.br\/wp-content\/uploads\/2024\/09\/WhatsApp-Image-2023-12-23-at-12.01.31.jpeg?fit=480%2C245&ssl=1",480,245,true],"1536x1536":["https:\/\/i0.wp.com\/ismaelcolosi.com.br\/wp-content\/uploads\/2024\/09\/WhatsApp-Image-2023-12-23-at-12.01.31.jpeg?fit=480%2C245&ssl=1",480,245,true],"2048x2048":["https:\/\/i0.wp.com\/ismaelcolosi.com.br\/wp-content\/uploads\/2024\/09\/WhatsApp-Image-2023-12-23-at-12.01.31.jpeg?fit=480%2C245&ssl=1",480,245,true],"really-simple-thumb":["https:\/\/i0.wp.com\/ismaelcolosi.com.br\/wp-content\/uploads\/2024\/09\/WhatsApp-Image-2023-12-23-at-12.01.31.jpeg?resize=370%2C245&ssl=1",370,245,true]},"uagb_author_info":{"display_name":"ismaelcolosi.com.br","author_link":"https:\/\/ismaelcolosi.com.br\/index.php\/author\/vidareal-online\/"},"uagb_comment_info":0,"uagb_excerpt":"Um motociclista de 30 anos foi preso por embriaguez na madrugada desta quarta-feira (11), depois de tentar fugir da PM (Pol\u00edcia Militar), na zona Norte...","jetpack-related-posts":[{"id":39462,"url":"https:\/\/ismaelcolosi.com.br\/index.php\/2024\/02\/26\/motorista-e-preso-por-embriaguez-apos-atropelar-motociclista-em-rp\/","url_meta":{"origin":65181,"position":0},"title":"Motorista \u00e9 preso por embriaguez ap\u00f3s atropelar motociclista em RP","author":"ismaelcolosi.com.br","date":"26 de February de 2024","format":false,"excerpt":"Entregador foi socorrido inconsciente ap\u00f3s acidente onde motorista fugiu do local e teria jogado garrafas de cerveja pela janela do carro 26 de fevereiro de 2024 | 12:25 0Por: Adalberto LuqueUm homem de 44 anos foi preso, na madrugada desta segunda-feira (26), ap\u00f3s atropelar um motociclista que fazia entregas. O\u2026","rel":"","context":"In &quot;Not\u00edcias de Ribeir\u00e3o Preto-SP e Regi\u00e3o&quot;","block_context":{"text":"Not\u00edcias de Ribeir\u00e3o Preto-SP e Regi\u00e3o","link":"https:\/\/ismaelcolosi.com.br\/index.php\/category\/noticias-de-ribeirao-preto-sp-e-regiao-ismael-colosi\/"},"img":{"alt_text":"","src":"https:\/\/i0.wp.com\/ismaelcolosi.com.br\/wp-content\/uploads\/2024\/02\/1708961597_hcemergencia.jpg?fit=800%2C500&ssl=1&resize=350%2C200","width":350,"height":200,"srcset":"https:\/\/i0.wp.com\/ismaelcolosi.com.br\/wp-content\/uploads\/2024\/02\/1708961597_hcemergencia.jpg?fit=800%2C500&ssl=1&resize=350%2C200 1x, https:\/\/i0.wp.com\/ismaelcolosi.com.br\/wp-content\/uploads\/2024\/02\/1708961597_hcemergencia.jpg?fit=800%2C500&ssl=1&resize=525%2C300 1.5x, https:\/\/i0.wp.com\/ismaelcolosi.com.br\/wp-content\/uploads\/2024\/02\/1708961597_hcemergencia.jpg?fit=800%2C500&ssl=1&resize=700%2C400 2x"},"classes":[]},{"id":49754,"url":"https:\/\/ismaelcolosi.com.br\/index.php\/2024\/05\/13\/professor-e-preso-por-embriaguez-apos-dirigir-na-contramao-no-centro-de-ribeirao-preto\/","url_meta":{"origin":65181,"position":1},"title":"Professor \u00e9 preso por embriaguez ap\u00f3s dirigir na contram\u00e3o no Centro de Ribeir\u00e3o Preto","author":"ismaelcolosi.com.br","date":"13 de May de 2024","format":false,"excerpt":"Na madrugada de domingo (12), um professor de 55 anos foi preso por embriaguez ao volante ap\u00f3s dirigir na contram\u00e3o na rua Bar\u00e3o do Amazonas, no Centro de Ribeir\u00e3o Preto. Segundo o BO (boletim de ocorr\u00eancia),\u00a0os policiais militares foram acionados e quando chegaram no local, encontraram o motorista dentro do\u2026","rel":"","context":"In &quot;Not\u00edcias de Ribeir\u00e3o Preto-SP e Regi\u00e3o&quot;","block_context":{"text":"Not\u00edcias de Ribeir\u00e3o Preto-SP e Regi\u00e3o","link":"https:\/\/ismaelcolosi.com.br\/index.php\/category\/noticias-de-ribeirao-preto-sp-e-regiao-ismael-colosi\/"},"img":{"alt_text":"","src":"https:\/\/i0.wp.com\/ismaelcolosi.com.br\/wp-content\/uploads\/2024\/05\/WhatsApp-Image-2023-12-23-at-12.01.31.jpeg?fit=480%2C245&ssl=1&resize=350%2C200","width":350,"height":200},"classes":[]},{"id":51376,"url":"https:\/\/ismaelcolosi.com.br\/index.php\/2024\/05\/27\/identificado-motociclista-morto-apos-batida-na-avenida-dom-pedro-i-em-ribeirao-preto\/","url_meta":{"origin":65181,"position":2},"title":"Identificado motociclista morto ap\u00f3s batida na avenida Dom Pedro I em Ribeir\u00e3o Preto","author":"ismaelcolosi.com.br","date":"27 de May de 2024","format":false,"excerpt":"A Pol\u00edcia Civil identificou o motociclista que morreu na tarde deste domingo (26), depois de ter a moto atingida por um carro na avenida Dom Pedro I, no bairro Ipiranga, zona Norte de Ribeir\u00e3o Preto. \u00a0 Segundo o boletim de ocorr\u00eancia (BO), Manoel Neris de Oliveira tinha 48 anos e\u2026","rel":"","context":"In &quot;Not\u00edcias de Ribeir\u00e3o Preto-SP e Regi\u00e3o&quot;","block_context":{"text":"Not\u00edcias de Ribeir\u00e3o Preto-SP e Regi\u00e3o","link":"https:\/\/ismaelcolosi.com.br\/index.php\/category\/noticias-de-ribeirao-preto-sp-e-regiao-ismael-colosi\/"},"img":{"alt_text":"","src":"https:\/\/i0.wp.com\/ismaelcolosi.com.br\/wp-content\/uploads\/2024\/05\/ACIDENTE_2024-05-27_12-52-23_jpg_2024-05-27_12-52-24.webp.webp?fit=1200%2C737&ssl=1&resize=350%2C200","width":350,"height":200,"srcset":"https:\/\/i0.wp.com\/ismaelcolosi.com.br\/wp-content\/uploads\/2024\/05\/ACIDENTE_2024-05-27_12-52-23_jpg_2024-05-27_12-52-24.webp.webp?fit=1200%2C737&ssl=1&resize=350%2C200 1x, https:\/\/i0.wp.com\/ismaelcolosi.com.br\/wp-content\/uploads\/2024\/05\/ACIDENTE_2024-05-27_12-52-23_jpg_2024-05-27_12-52-24.webp.webp?fit=1200%2C737&ssl=1&resize=525%2C300 1.5x, https:\/\/i0.wp.com\/ismaelcolosi.com.br\/wp-content\/uploads\/2024\/05\/ACIDENTE_2024-05-27_12-52-23_jpg_2024-05-27_12-52-24.webp.webp?fit=1200%2C737&ssl=1&resize=700%2C400 2x, https:\/\/i0.wp.com\/ismaelcolosi.com.br\/wp-content\/uploads\/2024\/05\/ACIDENTE_2024-05-27_12-52-23_jpg_2024-05-27_12-52-24.webp.webp?fit=1200%2C737&ssl=1&resize=1050%2C600 3x"},"classes":[]},{"id":7162,"url":"https:\/\/ismaelcolosi.com.br\/index.php\/2023\/11\/27\/video-motociclista-bate-em-poste-na-zona-norte\/","url_meta":{"origin":65181,"position":3},"title":"V\u00cdDEO &#8211; Motociclista bate em poste na zona Norte","author":"ismaelcolosi.com.br","date":"27 de November de 2023","format":false,"excerpt":"V\u00edtima foi socorrida pelo Corpo de Bombeiros com ferimentos graves 27 de novembro de 2023 | 16:2127 de novembro de 2023 | 16:21 0Por: Adalberto LuqueUm motociclista ficou ferido com extrema gravidade, na madrugada desta segunda-feira (27). Ele teria colidido com sua moto contra um poste, na Rua General C\u00e2mara,\u2026","rel":"","context":"In &quot;Not\u00edcias de Ribeir\u00e3o Preto-SP e Regi\u00e3o&quot;","block_context":{"text":"Not\u00edcias de Ribeir\u00e3o Preto-SP e Regi\u00e3o","link":"https:\/\/ismaelcolosi.com.br\/index.php\/category\/noticias-de-ribeirao-preto-sp-e-regiao-ismael-colosi\/"},"img":{"alt_text":"","src":"https:\/\/i0.wp.com\/ismaelcolosi.com.br\/wp-content\/uploads\/2023\/11\/00-27-nov-2023-motociclista-poste-foto-x-tudo.jpg?fit=1200%2C624&ssl=1&resize=350%2C200","width":350,"height":200,"srcset":"https:\/\/i0.wp.com\/ismaelcolosi.com.br\/wp-content\/uploads\/2023\/11\/00-27-nov-2023-motociclista-poste-foto-x-tudo.jpg?fit=1200%2C624&ssl=1&resize=350%2C200 1x, https:\/\/i0.wp.com\/ismaelcolosi.com.br\/wp-content\/uploads\/2023\/11\/00-27-nov-2023-motociclista-poste-foto-x-tudo.jpg?fit=1200%2C624&ssl=1&resize=525%2C300 1.5x, https:\/\/i0.wp.com\/ismaelcolosi.com.br\/wp-content\/uploads\/2023\/11\/00-27-nov-2023-motociclista-poste-foto-x-tudo.jpg?fit=1200%2C624&ssl=1&resize=700%2C400 2x, https:\/\/i0.wp.com\/ismaelcolosi.com.br\/wp-content\/uploads\/2023\/11\/00-27-nov-2023-motociclista-poste-foto-x-tudo.jpg?fit=1200%2C624&ssl=1&resize=1050%2C600 3x"},"classes":[]},{"id":73919,"url":"https:\/\/ismaelcolosi.com.br\/index.php\/2024\/10\/29\/motociclista-e-rendido-no-transito-de-ribeirao-e-obrigado-a-fazer-pix\/","url_meta":{"origin":65181,"position":4},"title":"Motociclista \u00e9 rendido no tr\u00e2nsito de Ribeir\u00e3o e obrigado a fazer Pix","author":"ismaelcolosi.com.br","date":"29 de October de 2024","format":false,"excerpt":"Um motociclista foi rendido por assaltantes na noite desta segunda-feira (28), no tr\u00e2nsito de Ribeir\u00e3o Preto, e obrigado a fazer um Pix. A v\u00edtima, que tem 27 anos e atua como supervisor de seguran\u00e7a, disse \u00e0 pol\u00edcia que havia parado sua moto no tr\u00e2nsito da avenida Adelmo Perdizza, quando dois\u2026","rel":"","context":"In &quot;Not\u00edcias de Ribeir\u00e3o Preto-SP e Regi\u00e3o&quot;","block_context":{"text":"Not\u00edcias de Ribeir\u00e3o Preto-SP e Regi\u00e3o","link":"https:\/\/ismaelcolosi.com.br\/index.php\/category\/noticias-de-ribeirao-preto-sp-e-regiao-ismael-colosi\/"},"img":{"alt_text":"","src":"https:\/\/i0.wp.com\/ismaelcolosi.com.br\/wp-content\/uploads\/2024\/10\/POLICIA.jpg?fit=1200%2C748&ssl=1&resize=350%2C200","width":350,"height":200,"srcset":"https:\/\/i0.wp.com\/ismaelcolosi.com.br\/wp-content\/uploads\/2024\/10\/POLICIA.jpg?fit=1200%2C748&ssl=1&resize=350%2C200 1x, https:\/\/i0.wp.com\/ismaelcolosi.com.br\/wp-content\/uploads\/2024\/10\/POLICIA.jpg?fit=1200%2C748&ssl=1&resize=525%2C300 1.5x, https:\/\/i0.wp.com\/ismaelcolosi.com.br\/wp-content\/uploads\/2024\/10\/POLICIA.jpg?fit=1200%2C748&ssl=1&resize=700%2C400 2x, https:\/\/i0.wp.com\/ismaelcolosi.com.br\/wp-content\/uploads\/2024\/10\/POLICIA.jpg?fit=1200%2C748&ssl=1&resize=1050%2C600 3x"},"classes":[]},{"id":49798,"url":"https:\/\/ismaelcolosi.com.br\/index.php\/2024\/05\/13\/motociclista-morre-em-acidente-na-anhanguera\/","url_meta":{"origin":65181,"position":5},"title":"Motociclista morre em acidente na Anhanguera","author":"ismaelcolosi.com.br","date":"13 de May de 2024","format":false,"excerpt":"Ap\u00f3s bater com sua moto, v\u00edtima caiu e foi atropelada por v\u00e1rios ve\u00edculos 13 de maio de 202413 Compartilhar2 Por: Adalberto Luque Um homem de 41 anos morreu, na noite deste domingo (12), depois de se envolver em um acidente com sua moto. Ele seguia pela Rodovia Anhanguera (SP-330), na\u2026","rel":"","context":"In &quot;Not\u00edcias de Ribeir\u00e3o Preto-SP e Regi\u00e3o&quot;","block_context":{"text":"Not\u00edcias de Ribeir\u00e3o Preto-SP e Regi\u00e3o","link":"https:\/\/ismaelcolosi.com.br\/index.php\/category\/noticias-de-ribeirao-preto-sp-e-regiao-ismael-colosi\/"},"img":{"alt_text":"","src":"https:\/\/i0.wp.com\/ismaelcolosi.com.br\/wp-content\/uploads\/2024\/05\/dupla_anhanguera-scaled-1.jpeg?fit=700%2C524&ssl=1&resize=350%2C200","width":350,"height":200,"srcset":"https:\/\/i0.wp.com\/ismaelcolosi.com.br\/wp-content\/uploads\/2024\/05\/dupla_anhanguera-scaled-1.jpeg?fit=700%2C524&ssl=1&resize=350%2C200 1x, https:\/\/i0.wp.com\/ismaelcolosi.com.br\/wp-content\/uploads\/2024\/05\/dupla_anhanguera-scaled-1.jpeg?fit=700%2C524&ssl=1&resize=525%2C300 1.5x, https:\/\/i0.wp.com\/ismaelcolosi.com.br\/wp-content\/uploads\/2024\/05\/dupla_anhanguera-scaled-1.jpeg?fit=700%2C524&ssl=1&resize=700%2C400 2x"},"classes":[]}],"jetpack_sharing_enabled":true,"jetpack_shortlink":"https:\/\/wp.me\/pfMlyK-gXj","_links":{"self":[{"href":"https:\/\/ismaelcolosi.com.br\/index.php\/wp-json\/wp\/v2\/posts\/65181","targetHints":{"allow":["GET"]}}],"collection":[{"href":"https:\/\/ismaelcolosi.com.br\/index.php\/wp-json\/wp\/v2\/posts"}],"about":[{"href":"https:\/\/ismaelcolosi.com.br\/index.php\/wp-json\/wp\/v2\/types\/post"}],"author":[{"embeddable":true,"href":"https:\/\/ismaelcolosi.com.br\/index.php\/wp-json\/wp\/v2\/users\/1"}],"replies":[{"embeddable":true,"href":"https:\/\/ismaelcolosi.com.br\/index.php\/wp-json\/wp\/v2\/comments?post=65181"}],"version-history":[{"count":0,"href":"https:\/\/ismaelcolosi.com.br\/index.php\/wp-json\/wp\/v2\/posts\/65181\/revisions"}],"wp:featuredmedia":[{"embeddable":true,"href":"https:\/\/ismaelcolosi.com.br\/index.php\/wp-json\/wp\/v2\/media\/65182"}],"wp:attachment":[{"href":"https:\/\/ismaelcolosi.com.br\/index.php\/wp-json\/wp\/v2\/media?parent=65181"}],"wp:term":[{"taxonomy":"category","embeddable":true,"href":"https:\/\/ismaelcolosi.com.br\/index.php\/wp-json\/wp\/v2\/categories?post=65181"},{"taxonomy":"post_tag","embeddable":true,"href":"https:\/\/ismaelcolosi.com.br\/index.php\/wp-json\/wp\/v2\/tags?post=65181"}],"curies":[{"name":"wp","href":"https:\/\/api.w.org\/{rel}","templated":true}]}}