{"id":65169,"date":"2024-09-11T09:30:31","date_gmt":"2024-09-11T12:30:31","guid":{"rendered":"https:\/\/ismaelcolosi.com.br\/index.php\/2024\/09\/11\/cinema-troca-de-livros-e-contacao-de-historias-sesi-ribeirao-tem-programacao-gratuita\/"},"modified":"2024-09-11T09:30:31","modified_gmt":"2024-09-11T12:30:31","slug":"cinema-troca-de-livros-e-contacao-de-historias-sesi-ribeirao-tem-programacao-gratuita","status":"publish","type":"post","link":"https:\/\/ismaelcolosi.com.br\/index.php\/2024\/09\/11\/cinema-troca-de-livros-e-contacao-de-historias-sesi-ribeirao-tem-programacao-gratuita\/","title":{"rendered":"Cinema, troca de livros e conta\u00e7\u00e3o de hist\u00f3rias: Sesi Ribeir\u00e3o tem programa\u00e7\u00e3o gratuita"},"content":{"rendered":"<p> <br \/>\n<\/p>\n<div data-td-block-uid=\"tdi_106\">\n<div class=\"tdb-block-inner td-fix-index\">\n<p>O<strong> Sesi Ribeir\u00e3o Preto<\/strong> oferece uma <strong>programa\u00e7\u00e3o cultural<\/strong> com cinema, feira para troca de livros e conta\u00e7\u00e3o de hist\u00f3rias. As atividades t\u00eam inicio nesta <strong>quarta-feira (11)<\/strong>, a partir das <strong>19h30<\/strong>. Embora as atividades sejam\u00a0<strong>gratuitas<\/strong>, ainda \u00e9 necess\u00e1rio\u00a0<strong>reservar os ingressos<\/strong>\u00a0on-line atrav\u00e9s do sistema\u00a0<strong>Meu Sesi<\/strong>.<\/p>\n<h4 class=\"wp-block-heading\"><strong>Confira a programa\u00e7\u00e3o cultural completa:<\/strong><\/h4>\n<ul>\n<li><strong>Mostra Cine Sesi-SP no Mundo \u2013 Filme \u201cA Bela Am\u00e9rica\u201d<\/strong><\/li>\n<\/ul>\n<p>O projeto <strong>Cine Sesi-SP<\/strong> <strong>no Mundo<\/strong> traz nesta <strong>quarta-feira (11)<\/strong>, as <strong>19h30<\/strong>, o filme que conta a hist\u00f3ria de <strong>Lucas<\/strong>, um cozinheiro que seduz <strong>Am\u00e9rica<\/strong>, a estrela da televis\u00e3o e candidata a presidente com suas refei\u00e7\u00f5es extraordin\u00e1rias.<\/p>\n<p>A mostra de filmes segue at\u00e9 dia <strong>29 de setembro <\/strong>no <strong>Sesi Ribeir\u00e3o Preto<\/strong> e traz ao p\u00fablico quatro filmes internacionais rec\u00e9m-lan\u00e7ados no circuito nacional. Para participar, reserve seu ingresso aqui (<a href=\"https:\/\/www.sesisp.org.br\/evento\/d1fa5765-6b24-40af-a22f-0ce83ca477f2\/mostra-cine-sesi-sp-no-mundo-filme-a-bela-america\" target=\"_blank\" rel=\"noreferrer noopener\">clique aqui<\/a>).<\/p>\n<p>A Feira de Troca de Livros acontece no domingo (15), \u00e0s 14h. No evento, a pessoa traz um livro e pega outro. A participa\u00e7\u00e3o \u00e9 gratuita e n\u00e3o h\u00e1 necessidade de reservar ingressos.<\/p>\n<ul>\n<li><strong>Feitos Para Voar \u2013 Conto de P\u00e1ssaros e Borboletas<\/strong><\/li>\n<\/ul>\n<p>Mais tarde no domingo (18), \u00e0s 16h, o Grupo Tr\u00eas Marias e um Jo\u00e3o apresenta uma narra\u00e7\u00e3o de tr\u00eas contos que falam sobre liberdade, transforma\u00e7\u00e3o e sobre se aventurar nas alturas dos c\u00e9us, sendo eles \u201cA jornada da lagarta\u201d, \u201cA andorinha m\u00e1gica\u201d e \u201cA \u00e1guia e a galinha\u201d. A apresenta\u00e7\u00e3o \u00e9 gratuita, por\u00e9m \u00e9 necess\u00e1rio reservar os ingressos (<a href=\"https:\/\/www.sesisp.org.br\/evento\/62d0dd3f-1c71-4d7f-b4f7-af265d1134d4\/feitos-para-voar-contos-de-passaros-e-borboletas\">clique aqui<\/a>).<\/p>\n<p>SAIBA MAIS<br \/>Carro fica com rodas suspensas ap\u00f3s batida na zona Oeste de Ribeir\u00e3o Preto<\/p>\n<h4 class=\"wp-block-heading\"><strong>FIQUE ON<\/strong><\/h4>\n<p>Fique ligado em tudo que acontece em Ribeir\u00e3o Preto e regi\u00e3o. Siga os perfis do <strong>acidade on <\/strong>no <a href=\"https:\/\/www.instagram.com\/acidadeonribeirao\" target=\"_blank\" rel=\"noreferrer noopener\">Instagram<\/a> e no <a href=\"https:\/\/www.facebook.com\/acidadeonribeirao\" target=\"_blank\" rel=\"noreferrer noopener\">Facebook<\/a>.<\/p>\n<p>Receba not\u00edcias do acidade on no WhatsApp. Para entrar no grupo, basta <a href=\"https:\/\/chat.whatsapp.com\/Dtv9mxhy6V5BJBotM2OQ5k\" target=\"_blank\" rel=\"noreferrer noopener\">clicar aqui<\/a>.<\/p>\n<p>Fa\u00e7a uma den\u00fancia ou sugira uma reportagem sobre Ribeir\u00e3o Preto e regi\u00e3o pelo WhatsApp: 16 99117 7802.<\/p>\n<p>VEJA TAMB\u00c9M<br \/>Qual o line up do Lollapalooza por dia?<\/p>\n<p><!-- CONTENT END 1 -->\n<\/div>\n<\/div>\n<p><script async src=\"\/\/www.instagram.com\/embed.js\"><\/script><br \/>\n<br \/><br \/>\n<br \/><a href=\"https:\/\/www.acidadeon.com\/ribeiraopreto\/lazer-e-cultura\/cinema-troca-de-livros-e-contacao-de-historias-sesi-ribeirao-tem-programacao-gratuita\/\">Source link <\/a><\/p>\n","protected":false},"excerpt":{"rendered":"<p>O Sesi Ribeir\u00e3o Preto oferece uma programa\u00e7\u00e3o cultural com cinema, feira para troca de livros e conta\u00e7\u00e3o de hist\u00f3rias. As atividades t\u00eam inicio nesta quarta-feira&#8230;<\/p>\n","protected":false},"author":1,"featured_media":65170,"comment_status":"open","ping_status":"open","sticky":false,"template":"","format":"standard","meta":{"_uag_custom_page_level_css":"","advanced_seo_description":"","jetpack_seo_html_title":"","jetpack_seo_noindex":false,"jetpack_post_was_ever_published":false,"_jetpack_newsletter_access":"","_jetpack_dont_email_post_to_subs":false,"_jetpack_newsletter_tier_id":0,"_jetpack_memberships_contains_paywalled_content":false,"_jetpack_memberships_contains_paid_content":false,"footnotes":"","jetpack_publicize_message":"","jetpack_publicize_feature_enabled":true,"jetpack_social_post_already_shared":true,"jetpack_social_options":{"image_generator_settings":{"template":"highway","default_image_id":0,"font":"","enabled":false},"version":2}},"categories":[11],"tags":[],"class_list":["post-65169","post","type-post","status-publish","format-standard","has-post-thumbnail","hentry","category-noticias-de-ribeirao-preto-sp-e-regiao-ismael-colosi"],"jetpack_publicize_connections":[],"jetpack_featured_media_url":"https:\/\/i0.wp.com\/ismaelcolosi.com.br\/wp-content\/uploads\/2024\/09\/b1485220-e35f-41ef-ba0a-ac1a202d66f9_2024-09-11_12-14-48_png_2024-09-11_12-14-48.webp.webp?fit=1066%2C600&ssl=1","uagb_featured_image_src":{"full":["https:\/\/i0.wp.com\/ismaelcolosi.com.br\/wp-content\/uploads\/2024\/09\/b1485220-e35f-41ef-ba0a-ac1a202d66f9_2024-09-11_12-14-48_png_2024-09-11_12-14-48.webp.webp?fit=1066%2C600&ssl=1",1066,600,false],"thumbnail":["https:\/\/i0.wp.com\/ismaelcolosi.com.br\/wp-content\/uploads\/2024\/09\/b1485220-e35f-41ef-ba0a-ac1a202d66f9_2024-09-11_12-14-48_png_2024-09-11_12-14-48.webp.webp?resize=150%2C150&ssl=1",150,150,true],"medium":["https:\/\/i0.wp.com\/ismaelcolosi.com.br\/wp-content\/uploads\/2024\/09\/b1485220-e35f-41ef-ba0a-ac1a202d66f9_2024-09-11_12-14-48_png_2024-09-11_12-14-48.webp.webp?fit=300%2C169&ssl=1",300,169,true],"medium_large":["https:\/\/i0.wp.com\/ismaelcolosi.com.br\/wp-content\/uploads\/2024\/09\/b1485220-e35f-41ef-ba0a-ac1a202d66f9_2024-09-11_12-14-48_png_2024-09-11_12-14-48.webp.webp?fit=768%2C432&ssl=1",768,432,true],"large":["https:\/\/i0.wp.com\/ismaelcolosi.com.br\/wp-content\/uploads\/2024\/09\/b1485220-e35f-41ef-ba0a-ac1a202d66f9_2024-09-11_12-14-48_png_2024-09-11_12-14-48.webp.webp?fit=1024%2C576&ssl=1",1024,576,true],"1536x1536":["https:\/\/i0.wp.com\/ismaelcolosi.com.br\/wp-content\/uploads\/2024\/09\/b1485220-e35f-41ef-ba0a-ac1a202d66f9_2024-09-11_12-14-48_png_2024-09-11_12-14-48.webp.webp?fit=1066%2C600&ssl=1",1066,600,true],"2048x2048":["https:\/\/i0.wp.com\/ismaelcolosi.com.br\/wp-content\/uploads\/2024\/09\/b1485220-e35f-41ef-ba0a-ac1a202d66f9_2024-09-11_12-14-48_png_2024-09-11_12-14-48.webp.webp?fit=1066%2C600&ssl=1",1066,600,true],"really-simple-thumb":["https:\/\/i0.wp.com\/ismaelcolosi.com.br\/wp-content\/uploads\/2024\/09\/b1485220-e35f-41ef-ba0a-ac1a202d66f9_2024-09-11_12-14-48_png_2024-09-11_12-14-48.webp.webp?resize=370%2C247&ssl=1",370,247,true]},"uagb_author_info":{"display_name":"ismaelcolosi.com.br","author_link":"https:\/\/ismaelcolosi.com.br\/index.php\/author\/vidareal-online\/"},"uagb_comment_info":0,"uagb_excerpt":"O Sesi Ribeir\u00e3o Preto oferece uma programa\u00e7\u00e3o cultural com cinema, feira para troca de livros e conta\u00e7\u00e3o de hist\u00f3rias. As atividades t\u00eam inicio nesta quarta-feira...","jetpack-related-posts":[{"id":63875,"url":"https:\/\/ismaelcolosi.com.br\/index.php\/2024\/09\/04\/shows-e-mostra-cinematografica-veja-a-programacao-gratuita-do-sesi-ribeirao\/","url_meta":{"origin":65169,"position":0},"title":"Shows e mostra cinematogr\u00e1fica: veja a programa\u00e7\u00e3o gratuita do Sesi Ribeir\u00e3o","author":"ismaelcolosi.com.br","date":"4 de September de 2024","format":false,"excerpt":"A programa\u00e7\u00e3o cultural gratuita do Sesi Ribeir\u00e3o Preto come\u00e7a nesta quarta-feira (4) e segue at\u00e9 domingo (8). Embora as atividades sejam gratuitas, ainda \u00e9 necess\u00e1rio reservar os ingressos on-line atrav\u00e9s do sistema Meu Sesi. Confira a programa\u00e7\u00e3o completa do Sesi Ribeir\u00e3o Preto: O Melhor Est\u00e1 Por Vir | Il sol\u2026","rel":"","context":"In &quot;Not\u00edcias de Ribeir\u00e3o Preto-SP e Regi\u00e3o&quot;","block_context":{"text":"Not\u00edcias de Ribeir\u00e3o Preto-SP e Regi\u00e3o","link":"https:\/\/ismaelcolosi.com.br\/index.php\/category\/noticias-de-ribeirao-preto-sp-e-regiao-ismael-colosi\/"},"img":{"alt_text":"","src":"https:\/\/i0.wp.com\/ismaelcolosi.com.br\/wp-content\/uploads\/2024\/09\/55122355-0702-4156-8254-7540069ba906_2024-09-04_14-24-48_png_2024-09-04_14-24-48.webp.webp?fit=1066%2C600&ssl=1&resize=350%2C200","width":350,"height":200,"srcset":"https:\/\/i0.wp.com\/ismaelcolosi.com.br\/wp-content\/uploads\/2024\/09\/55122355-0702-4156-8254-7540069ba906_2024-09-04_14-24-48_png_2024-09-04_14-24-48.webp.webp?fit=1066%2C600&ssl=1&resize=350%2C200 1x, https:\/\/i0.wp.com\/ismaelcolosi.com.br\/wp-content\/uploads\/2024\/09\/55122355-0702-4156-8254-7540069ba906_2024-09-04_14-24-48_png_2024-09-04_14-24-48.webp.webp?fit=1066%2C600&ssl=1&resize=525%2C300 1.5x, https:\/\/i0.wp.com\/ismaelcolosi.com.br\/wp-content\/uploads\/2024\/09\/55122355-0702-4156-8254-7540069ba906_2024-09-04_14-24-48_png_2024-09-04_14-24-48.webp.webp?fit=1066%2C600&ssl=1&resize=700%2C400 2x, https:\/\/i0.wp.com\/ismaelcolosi.com.br\/wp-content\/uploads\/2024\/09\/55122355-0702-4156-8254-7540069ba906_2024-09-04_14-24-48_png_2024-09-04_14-24-48.webp.webp?fit=1066%2C600&ssl=1&resize=1050%2C600 3x"},"classes":[]},{"id":47299,"url":"https:\/\/ismaelcolosi.com.br\/index.php\/2024\/04\/25\/ribeirao-preto-tem-show-de-viola-caipira-gratuito-confira-a-programacao-do-sesi\/","url_meta":{"origin":65169,"position":1},"title":"Ribeir\u00e3o Preto tem show de viola caipira gratuito; Confira a programa\u00e7\u00e3o do Sesi","author":"ismaelcolosi.com.br","date":"25 de April de 2024","format":false,"excerpt":"Nesta sexta-feira (24), o Sesi Ribeir\u00e3o Preto recebe o show de viola caipira gratuito com o m\u00fasico Cl\u00e1udio Lacerda. Al\u00e9m disso, a programa\u00e7\u00e3o do Sesi no final de semana conta com exposi\u00e7\u00e3o de fotografias e feira para troca de livros. Show Olhos d\u2019\u00e1gua Cl\u00e1udio Lacerda se apresenta \u00e0s 20h com\u2026","rel":"","context":"In &quot;Not\u00edcias de Ribeir\u00e3o Preto-SP e Regi\u00e3o&quot;","block_context":{"text":"Not\u00edcias de Ribeir\u00e3o Preto-SP e Regi\u00e3o","link":"https:\/\/ismaelcolosi.com.br\/index.php\/category\/noticias-de-ribeirao-preto-sp-e-regiao-ismael-colosi\/"},"img":{"alt_text":"","src":"https:\/\/i0.wp.com\/ismaelcolosi.com.br\/wp-content\/uploads\/2024\/04\/Cl-udio-Lacerda-por-Aline-Grego_2024-04-24_13-20-57_jpg-scaled.webp.webp?fit=1200%2C803&ssl=1&resize=350%2C200","width":350,"height":200,"srcset":"https:\/\/i0.wp.com\/ismaelcolosi.com.br\/wp-content\/uploads\/2024\/04\/Cl-udio-Lacerda-por-Aline-Grego_2024-04-24_13-20-57_jpg-scaled.webp.webp?fit=1200%2C803&ssl=1&resize=350%2C200 1x, https:\/\/i0.wp.com\/ismaelcolosi.com.br\/wp-content\/uploads\/2024\/04\/Cl-udio-Lacerda-por-Aline-Grego_2024-04-24_13-20-57_jpg-scaled.webp.webp?fit=1200%2C803&ssl=1&resize=525%2C300 1.5x, https:\/\/i0.wp.com\/ismaelcolosi.com.br\/wp-content\/uploads\/2024\/04\/Cl-udio-Lacerda-por-Aline-Grego_2024-04-24_13-20-57_jpg-scaled.webp.webp?fit=1200%2C803&ssl=1&resize=700%2C400 2x, https:\/\/i0.wp.com\/ismaelcolosi.com.br\/wp-content\/uploads\/2024\/04\/Cl-udio-Lacerda-por-Aline-Grego_2024-04-24_13-20-57_jpg-scaled.webp.webp?fit=1200%2C803&ssl=1&resize=1050%2C600 3x"},"classes":[]},{"id":44239,"url":"https:\/\/ismaelcolosi.com.br\/index.php\/2024\/03\/26\/musica-teatro-e-troca-de-livros-confira-a-programacao-do-sesi-ribeirao-preto\/","url_meta":{"origin":65169,"position":2},"title":"M\u00fasica, teatro e troca de livros: Confira a programa\u00e7\u00e3o do Sesi Ribeir\u00e3o Preto","author":"ismaelcolosi.com.br","date":"26 de March de 2024","format":false,"excerpt":"Neste fim de semana, o Sesi Ribeir\u00e3o Preto conta com uma programa\u00e7\u00e3o para toda fam\u00edlia. Entre as atra\u00e7\u00f5es est\u00e3o m\u00fasica, teatro \u201clambe-lambe\u201d, feira de troca de livros e at\u00e9 hora do lanche para o p\u00fablico. No s\u00e1bado (30), das 9h \u00e0s 16h acontece \u00e0 quarta edi\u00e7\u00e3o da \u201cLivro por Livro\u201d\u2026","rel":"","context":"In &quot;Not\u00edcias de Ribeir\u00e3o Preto-SP e Regi\u00e3o&quot;","block_context":{"text":"Not\u00edcias de Ribeir\u00e3o Preto-SP e Regi\u00e3o","link":"https:\/\/ismaelcolosi.com.br\/index.php\/category\/noticias-de-ribeirao-preto-sp-e-regiao-ismael-colosi\/"},"img":{"alt_text":"","src":"https:\/\/i0.wp.com\/ismaelcolosi.com.br\/wp-content\/uploads\/2024\/03\/Copia-de-Copia-de-TAMANHO-EXATO-PARA-FOTOS-NO-SISTEMA-NOVO-5-1.jpg?fit=1200%2C675&ssl=1&resize=350%2C200","width":350,"height":200,"srcset":"https:\/\/i0.wp.com\/ismaelcolosi.com.br\/wp-content\/uploads\/2024\/03\/Copia-de-Copia-de-TAMANHO-EXATO-PARA-FOTOS-NO-SISTEMA-NOVO-5-1.jpg?fit=1200%2C675&ssl=1&resize=350%2C200 1x, https:\/\/i0.wp.com\/ismaelcolosi.com.br\/wp-content\/uploads\/2024\/03\/Copia-de-Copia-de-TAMANHO-EXATO-PARA-FOTOS-NO-SISTEMA-NOVO-5-1.jpg?fit=1200%2C675&ssl=1&resize=525%2C300 1.5x, https:\/\/i0.wp.com\/ismaelcolosi.com.br\/wp-content\/uploads\/2024\/03\/Copia-de-Copia-de-TAMANHO-EXATO-PARA-FOTOS-NO-SISTEMA-NOVO-5-1.jpg?fit=1200%2C675&ssl=1&resize=700%2C400 2x, https:\/\/i0.wp.com\/ismaelcolosi.com.br\/wp-content\/uploads\/2024\/03\/Copia-de-Copia-de-TAMANHO-EXATO-PARA-FOTOS-NO-SISTEMA-NOVO-5-1.jpg?fit=1200%2C675&ssl=1&resize=1050%2C600 3x"},"classes":[]},{"id":65213,"url":"https:\/\/ismaelcolosi.com.br\/index.php\/2024\/09\/11\/policia-mira-quadrilha-do-golpe-do-falso-perfil-em-ribeirao-preto\/","url_meta":{"origin":65169,"position":3},"title":"Pol\u00edcia mira quadrilha do &#8216;golpe do falso perfil&#8217; em Ribeir\u00e3o Preto","author":"ismaelcolosi.com.br","date":"11 de September de 2024","format":false,"excerpt":"O Setor Especializado de Combate aos Crimes de Corrup\u00e7\u00e3o, Crime Organizado e Lavagem de Dinheiro (Seccold) investiga, em Ribeir\u00e3o Preto, pessoas envolvidas no conhecido \u201cgolpe do n\u00famero novo ou golpe do falso perfil\u201d. A opera\u00e7\u00e3o foi deflagrada na manh\u00e3 desta quarta-feira (11). At\u00e9 o momento, foram efetuadas oito pris\u00f5es tempor\u00e1rias,\u2026","rel":"","context":"In &quot;Not\u00edcias de Ribeir\u00e3o Preto-SP e Regi\u00e3o&quot;","block_context":{"text":"Not\u00edcias de Ribeir\u00e3o Preto-SP e Regi\u00e3o","link":"https:\/\/ismaelcolosi.com.br\/index.php\/category\/noticias-de-ribeirao-preto-sp-e-regiao-ismael-colosi\/"},"img":{"alt_text":"","src":"https:\/\/i0.wp.com\/ismaelcolosi.com.br\/wp-content\/uploads\/2024\/09\/woman-hand-holding-smart-phone-blank-screen-copy-space-hand-holding-smartphone-isolated-white-background_2024-09-11_14-25-23_jpg_2024-09-11_14-25-24-scaled.webp.webp?fit=1200%2C800&ssl=1&resize=350%2C200","width":350,"height":200,"srcset":"https:\/\/i0.wp.com\/ismaelcolosi.com.br\/wp-content\/uploads\/2024\/09\/woman-hand-holding-smart-phone-blank-screen-copy-space-hand-holding-smartphone-isolated-white-background_2024-09-11_14-25-23_jpg_2024-09-11_14-25-24-scaled.webp.webp?fit=1200%2C800&ssl=1&resize=350%2C200 1x, https:\/\/i0.wp.com\/ismaelcolosi.com.br\/wp-content\/uploads\/2024\/09\/woman-hand-holding-smart-phone-blank-screen-copy-space-hand-holding-smartphone-isolated-white-background_2024-09-11_14-25-23_jpg_2024-09-11_14-25-24-scaled.webp.webp?fit=1200%2C800&ssl=1&resize=525%2C300 1.5x, https:\/\/i0.wp.com\/ismaelcolosi.com.br\/wp-content\/uploads\/2024\/09\/woman-hand-holding-smart-phone-blank-screen-copy-space-hand-holding-smartphone-isolated-white-background_2024-09-11_14-25-23_jpg_2024-09-11_14-25-24-scaled.webp.webp?fit=1200%2C800&ssl=1&resize=700%2C400 2x, https:\/\/i0.wp.com\/ismaelcolosi.com.br\/wp-content\/uploads\/2024\/09\/woman-hand-holding-smart-phone-blank-screen-copy-space-hand-holding-smartphone-isolated-white-background_2024-09-11_14-25-23_jpg_2024-09-11_14-25-24-scaled.webp.webp?fit=1200%2C800&ssl=1&resize=1050%2C600 3x"},"classes":[]},{"id":32964,"url":"https:\/\/ismaelcolosi.com.br\/index.php\/2024\/01\/27\/sesi-rp-tera-troca-de-livros\/","url_meta":{"origin":65169,"position":4},"title":"Sesi-RP ter\u00e1 troca de livros\u00a0","author":"ismaelcolosi.com.br","date":"27 de January de 2024","format":false,"excerpt":"26 de janeiro de 2024 | 15:0025 de janeiro de 2024 | 20:15 0Em um convite \u00e0 celebra\u00e7\u00e3o da leitura e da cultura, o Sesi Ribeir\u00e3o Preto tem a honra de apresentar a 1\u00aa Feira de Troca de Livros. Este evento liter\u00e1rio inovador visa promover a troca de conhecimento e\u2026","rel":"","context":"In &quot;Not\u00edcias de Ribeir\u00e3o Preto-SP e Regi\u00e3o&quot;","block_context":{"text":"Not\u00edcias de Ribeir\u00e3o Preto-SP e Regi\u00e3o","link":"https:\/\/ismaelcolosi.com.br\/index.php\/category\/noticias-de-ribeirao-preto-sp-e-regiao-ismael-colosi\/"},"img":{"alt_text":"","src":"https:\/\/i0.wp.com\/ismaelcolosi.com.br\/wp-content\/uploads\/2024\/01\/Livro-Rovena-Rosa-Ag.Br_.d-scaled.jpg?fit=1000%2C598&ssl=1&resize=350%2C200","width":350,"height":200,"srcset":"https:\/\/i0.wp.com\/ismaelcolosi.com.br\/wp-content\/uploads\/2024\/01\/Livro-Rovena-Rosa-Ag.Br_.d-scaled.jpg?fit=1000%2C598&ssl=1&resize=350%2C200 1x, https:\/\/i0.wp.com\/ismaelcolosi.com.br\/wp-content\/uploads\/2024\/01\/Livro-Rovena-Rosa-Ag.Br_.d-scaled.jpg?fit=1000%2C598&ssl=1&resize=525%2C300 1.5x, https:\/\/i0.wp.com\/ismaelcolosi.com.br\/wp-content\/uploads\/2024\/01\/Livro-Rovena-Rosa-Ag.Br_.d-scaled.jpg?fit=1000%2C598&ssl=1&resize=700%2C400 2x"},"classes":[]},{"id":72404,"url":"https:\/\/ismaelcolosi.com.br\/index.php\/2024\/10\/21\/sesi-ribeirao-tem-programacao-com-shows-de-rock-jazz-viola-caipira-forro-e-ritmos-africanos\/","url_meta":{"origin":65169,"position":5},"title":"Sesi Ribeir\u00e3o tem programa\u00e7\u00e3o com shows de rock, jazz, viola caipira, forr\u00f3 e ritmos africanos","author":"ismaelcolosi.com.br","date":"21 de October de 2024","format":false,"excerpt":"O Sesi Ribeir\u00e3o Preto oferece uma programa\u00e7\u00e3o cultural com muita diversidade musical, passando pelos g\u00eaneros de jazz, rock, viola caipira, forr\u00f3 e ritmos africanos. Ao todo s\u00e3o cinco atra\u00e7\u00f5es para todas as idades. A entrada \u00e9 gratuita. Confira a programa\u00e7\u00e3o Nesta quinta-feira (24), \u00e0s 19h30, a banda Pitoresco promete um\u2026","rel":"","context":"In &quot;Not\u00edcias de Ribeir\u00e3o Preto-SP e Regi\u00e3o&quot;","block_context":{"text":"Not\u00edcias de Ribeir\u00e3o Preto-SP e Regi\u00e3o","link":"https:\/\/ismaelcolosi.com.br\/index.php\/category\/noticias-de-ribeirao-preto-sp-e-regiao-ismael-colosi\/"},"img":{"alt_text":"","src":"https:\/\/i0.wp.com\/ismaelcolosi.com.br\/wp-content\/uploads\/2024\/10\/ae451ad3-3ad9-49dc-8d23-6ba32dc0e266_2024-10-21_15-52-48_jpg_2024-10-21_15-52-48.webp.webp?fit=1200%2C800&ssl=1&resize=350%2C200","width":350,"height":200,"srcset":"https:\/\/i0.wp.com\/ismaelcolosi.com.br\/wp-content\/uploads\/2024\/10\/ae451ad3-3ad9-49dc-8d23-6ba32dc0e266_2024-10-21_15-52-48_jpg_2024-10-21_15-52-48.webp.webp?fit=1200%2C800&ssl=1&resize=350%2C200 1x, https:\/\/i0.wp.com\/ismaelcolosi.com.br\/wp-content\/uploads\/2024\/10\/ae451ad3-3ad9-49dc-8d23-6ba32dc0e266_2024-10-21_15-52-48_jpg_2024-10-21_15-52-48.webp.webp?fit=1200%2C800&ssl=1&resize=525%2C300 1.5x, https:\/\/i0.wp.com\/ismaelcolosi.com.br\/wp-content\/uploads\/2024\/10\/ae451ad3-3ad9-49dc-8d23-6ba32dc0e266_2024-10-21_15-52-48_jpg_2024-10-21_15-52-48.webp.webp?fit=1200%2C800&ssl=1&resize=700%2C400 2x, https:\/\/i0.wp.com\/ismaelcolosi.com.br\/wp-content\/uploads\/2024\/10\/ae451ad3-3ad9-49dc-8d23-6ba32dc0e266_2024-10-21_15-52-48_jpg_2024-10-21_15-52-48.webp.webp?fit=1200%2C800&ssl=1&resize=1050%2C600 3x"},"classes":[]}],"jetpack_sharing_enabled":true,"jetpack_shortlink":"https:\/\/wp.me\/pfMlyK-gX7","_links":{"self":[{"href":"https:\/\/ismaelcolosi.com.br\/index.php\/wp-json\/wp\/v2\/posts\/65169","targetHints":{"allow":["GET"]}}],"collection":[{"href":"https:\/\/ismaelcolosi.com.br\/index.php\/wp-json\/wp\/v2\/posts"}],"about":[{"href":"https:\/\/ismaelcolosi.com.br\/index.php\/wp-json\/wp\/v2\/types\/post"}],"author":[{"embeddable":true,"href":"https:\/\/ismaelcolosi.com.br\/index.php\/wp-json\/wp\/v2\/users\/1"}],"replies":[{"embeddable":true,"href":"https:\/\/ismaelcolosi.com.br\/index.php\/wp-json\/wp\/v2\/comments?post=65169"}],"version-history":[{"count":0,"href":"https:\/\/ismaelcolosi.com.br\/index.php\/wp-json\/wp\/v2\/posts\/65169\/revisions"}],"wp:featuredmedia":[{"embeddable":true,"href":"https:\/\/ismaelcolosi.com.br\/index.php\/wp-json\/wp\/v2\/media\/65170"}],"wp:attachment":[{"href":"https:\/\/ismaelcolosi.com.br\/index.php\/wp-json\/wp\/v2\/media?parent=65169"}],"wp:term":[{"taxonomy":"category","embeddable":true,"href":"https:\/\/ismaelcolosi.com.br\/index.php\/wp-json\/wp\/v2\/categories?post=65169"},{"taxonomy":"post_tag","embeddable":true,"href":"https:\/\/ismaelcolosi.com.br\/index.php\/wp-json\/wp\/v2\/tags?post=65169"}],"curies":[{"name":"wp","href":"https:\/\/api.w.org\/{rel}","templated":true}]}}