{"id":65151,"date":"2024-09-11T08:25:20","date_gmt":"2024-09-11T11:25:20","guid":{"rendered":"https:\/\/ismaelcolosi.com.br\/index.php\/2024\/09\/11\/carro-fica-com-rodas-suspensas-apos-batida-na-zona-oeste-de-ribeirao-preto\/"},"modified":"2024-09-11T08:25:20","modified_gmt":"2024-09-11T11:25:20","slug":"carro-fica-com-rodas-suspensas-apos-batida-na-zona-oeste-de-ribeirao-preto","status":"publish","type":"post","link":"https:\/\/ismaelcolosi.com.br\/index.php\/2024\/09\/11\/carro-fica-com-rodas-suspensas-apos-batida-na-zona-oeste-de-ribeirao-preto\/","title":{"rendered":"Carro fica com rodas suspensas ap\u00f3s batida na zona Oeste de Ribeir\u00e3o Preto"},"content":{"rendered":"<p> <br \/>\n<\/p>\n<p><strong>Um carro atingiu uma placa de sinaliza\u00e7\u00e3o e uma \u00e1vore na manh\u00e3 desta quarta-feira (11), na zona Oeste de Ribeir\u00e3o Preto.<\/strong><\/p>\n<p>Uma <strong>moto <\/strong>tamb\u00e9m teria sido <strong>envolvida <\/strong>na <strong>colis\u00e3o<\/strong>, no <strong>cruzamento das ruas Benedito Fernandes Pereira e Valeriano R\u00e9is<\/strong>, no <strong>Parque Ribeir\u00e3o<\/strong>.<\/p>\n<p>Ainda n\u00e3o h\u00e1 informa\u00e7\u00f5es sobre <strong>v\u00edtimas<\/strong>. <\/p>\n<p>O <strong>tr\u00e2nsito <\/strong>n\u00e3o sofreu <strong>interdi\u00e7\u00e3o<\/strong>.<\/p>\n<p>As <strong>causas <\/strong>dever\u00e3o se <strong>apuradas<\/strong>.<\/p>\n<blockquote class=\"instagram-media\" data-instgrm-permalink=\"https:\/\/www.instagram.com\/reel\/C_xjNQCuV2O\/?utm_source=ig_embed&amp;utm_campaign=loading\" data-instgrm-version=\"14\" style=\"background:#FFF;border:0;border-radius:3px;margin: 1px;max-width:540px;min-width:326px;padding:0;width:99.375%;width:-webkit-calc(100% - 2px);width:calc(100% - 2px)\">\n<div style=\"padding:16px\"> <a href=\"https:\/\/www.instagram.com\/reel\/C_xjNQCuV2O\/?utm_source=ig_embed&amp;utm_campaign=loading\" style=\"background:#FFFFFF;line-height:0;padding:0 0;text-align:center;text-decoration:none;width:100%\" target=\"_blank\" rel=\"noopener\"> <\/p>\n<div style=\"flex-direction: row;align-items: center\">\n<div style=\"background-color: #F4F4F4;border-radius: 50%;flex-grow: 0;height: 40px;margin-right: 14px;width: 40px\"><\/div>\n<div style=\"flex-direction: column;flex-grow: 1;justify-content: center\">\n<div style=\"background-color: #F4F4F4;border-radius: 4px;flex-grow: 0;height: 14px;margin-bottom: 6px;width: 100px\"><\/div>\n<div style=\"background-color: #F4F4F4;border-radius: 4px;flex-grow: 0;height: 14px;width: 60px\"><\/div>\n<\/div>\n<\/div>\n<div style=\"padding: 19% 0\"><\/div>\n<div style=\"height:50px;margin:0 auto 12px;width:50px\"><\/div>\n<div style=\"padding-top: 8px\">\n<div style=\"color:#3897f0;font-family:Arial,sans-serif;font-size:14px;font-style:normal;font-weight:550;line-height:18px\">Ver essa foto no Instagram<\/div>\n<\/div>\n<div style=\"padding: 12.5% 0\"><\/div>\n<div style=\"flex-direction: row;margin-bottom: 14px;align-items: center\">\n<div>\n<div style=\"background-color: #F4F4F4;border-radius: 50%;height: 12.5px;width: 12.5px\"><\/div>\n<div style=\"background-color: #F4F4F4;height: 12.5px;width: 12.5px;flex-grow: 0;margin-right: 14px;margin-left: 2px\"><\/div>\n<div style=\"background-color: #F4F4F4;border-radius: 50%;height: 12.5px;width: 12.5px\"><\/div>\n<\/div>\n<div style=\"margin-left: 8px\">\n<div style=\"background-color: #F4F4F4;border-radius: 50%;flex-grow: 0;height: 20px;width: 20px\"><\/div>\n<div style=\"width: 0;height: 0;border-top: 2px solid transparent;border-left: 6px solid #f4f4f4;border-bottom: 2px solid transparent\"><\/div>\n<\/div>\n<div style=\"margin-left: auto\">\n<div style=\"width: 0px;border-top: 8px solid #F4F4F4;border-right: 8px solid transparent\"><\/div>\n<div style=\"background-color: #F4F4F4;flex-grow: 0;height: 12px;width: 16px\"><\/div>\n<div style=\"width: 0;height: 0;border-top: 8px solid #F4F4F4;border-left: 8px solid transparent\"><\/div>\n<\/div>\n<\/div>\n<div style=\"flex-direction: column;flex-grow: 1;justify-content: center;margin-bottom: 24px\">\n<div style=\"background-color: #F4F4F4;border-radius: 4px;flex-grow: 0;height: 14px;margin-bottom: 6px;width: 224px\"><\/div>\n<div style=\"background-color: #F4F4F4;border-radius: 4px;flex-grow: 0;height: 14px;width: 144px\"><\/div>\n<\/div>\n<p><\/a><\/p>\n<p style=\"color:#c9c8cd;font-family:Arial,sans-serif;font-size:14px;line-height:17px;margin-bottom:0;margin-top:8px;overflow:hidden;padding:8px 0 7px;text-align:center\"><a href=\"https:\/\/www.instagram.com\/reel\/C_xjNQCuV2O\/?utm_source=ig_embed&amp;utm_campaign=loading\" style=\"color:#c9c8cd;font-family:Arial,sans-serif;font-size:14px;font-style:normal;font-weight:normal;line-height:17px;text-decoration:none\" target=\"_blank\" rel=\"noopener\">Uma publica\u00e7\u00e3o compartilhada por acidade on Ribeir\u00e3o (@acidadeonribeirao)<\/a><\/p>\n<\/div>\n<\/blockquote>\n<p>SAIBA MAIS<\/p>\n<p>Confira a agenda dos candidatos \u00e0 Prefeitura de Ribeir\u00e3o Preto nesta quarta-feira (11)<\/p>\n<h4 class=\"wp-block-heading\"><strong>FIQUE ON<\/strong><\/h4>\n<p>Fique ligado em tudo que acontece em Ribeir\u00e3o Preto e regi\u00e3o. Siga os perfis do<strong>&nbsp;acidade on<\/strong>&nbsp;no&nbsp;<a href=\"https:\/\/www.instagram.com\/acidadeonribeirao\" target=\"_blank\" rel=\"noreferrer noopener\">Instagram&nbsp;<\/a>e no&nbsp;<a href=\"https:\/\/www.facebook.com\/acidadeonribeirao\/\" target=\"_blank\" rel=\"noreferrer noopener\">Facebook<\/a>.<\/p>\n<p>Receba not\u00edcias do&nbsp;<strong>acidade on<\/strong>&nbsp;no WhatsApp.&nbsp;<a href=\"https:\/\/chat.whatsapp.com\/Dtv9mxhy6V5BJBotM2OQ5k\" target=\"_blank\" rel=\"noreferrer noopener\">Para entrar no grupo, basta clicar aqui.<\/a><\/p>\n<p>Fa\u00e7a uma den\u00fancia ou sugira uma reportagem sobre Ribeir\u00e3o Preto e regi\u00e3o pelo WhatsApp: 16 99117 7802.<\/p>\n<p>VEJA TAMB\u00c9M<\/p>\n<p>Onde Suzane von Richthofen estuda?<\/p>\n<p>O post Carro fica com rodas suspensas ap\u00f3s batida na zona Oeste de Ribeir\u00e3o Preto apareceu primeiro em ACidade ON Ribeir\u00e3o Preto.<\/p>\n<p><script async src=\"\/\/www.instagram.com\/embed.js\"><\/script><br \/>\n<br \/><br \/>\n<br \/><a href=\"https:\/\/www.acidadeon.com\/ribeiraopreto\/cotidiano\/carro-fica-com-rodas-suspensas-apos-batida-zona-oeste-de-ribeirao-preto\/\">Source link <\/a><\/p>\n<div class='code-block code-block-4' style='margin: 8px auto 8px 0; text-align: left; display: block; clear: both;'>\n\ud83d\udce2 Aviso Legal\n\nO site ismaelcolosi.com.br atua apenas como um canal de divulga\u00e7\u00e3o de oportunidades de emprego e n\u00e3o se responsabiliza pelo processo seletivo, contrata\u00e7\u00e3o ou qualquer outra etapa relacionada \u00e0s vagas publicadas. Todas as informa\u00e7\u00f5es s\u00e3o de responsabilidade dos anunciantes.\n\n\u26a0\ufe0f Aten\u00e7\u00e3o! Nunca pague por promessas de emprego nem compre cursos que garantam contrata\u00e7\u00e3o. Desconfie de qualquer cobran\u00e7a para participar de sele\u00e7\u00f5es.\n\n\n\n<\/div>\n<!-- CONTENT END 1 -->\n","protected":false},"excerpt":{"rendered":"<p>Um carro atingiu uma placa de sinaliza\u00e7\u00e3o e uma \u00e1vore na manh\u00e3 desta quarta-feira (11), na zona Oeste de Ribeir\u00e3o Preto. Uma moto tamb\u00e9m teria&#8230;<\/p>\n","protected":false},"author":1,"featured_media":65152,"comment_status":"open","ping_status":"open","sticky":false,"template":"","format":"standard","meta":{"_uag_custom_page_level_css":"","advanced_seo_description":"","jetpack_seo_html_title":"","jetpack_seo_noindex":false,"jetpack_post_was_ever_published":false,"_jetpack_newsletter_access":"","_jetpack_dont_email_post_to_subs":false,"_jetpack_newsletter_tier_id":0,"_jetpack_memberships_contains_paywalled_content":false,"_jetpack_memberships_contains_paid_content":false,"footnotes":"","jetpack_publicize_message":"","jetpack_publicize_feature_enabled":true,"jetpack_social_post_already_shared":true,"jetpack_social_options":{"image_generator_settings":{"template":"highway","default_image_id":0,"font":"","enabled":false},"version":2}},"categories":[11],"tags":[],"class_list":["post-65151","post","type-post","status-publish","format-standard","has-post-thumbnail","hentry","category-noticias-de-ribeirao-preto-sp-e-regiao-ismael-colosi"],"jetpack_publicize_connections":[],"jetpack_featured_media_url":"https:\/\/i0.wp.com\/ismaelcolosi.com.br\/wp-content\/uploads\/2024\/09\/ACIDENTE_2024-09-11_11-09-32_jpg_2024-09-11_11-09-32.webp.webp?fit=2000%2C1325&ssl=1","uagb_featured_image_src":{"full":["https:\/\/i0.wp.com\/ismaelcolosi.com.br\/wp-content\/uploads\/2024\/09\/ACIDENTE_2024-09-11_11-09-32_jpg_2024-09-11_11-09-32.webp.webp?fit=2000%2C1325&ssl=1",2000,1325,false],"thumbnail":["https:\/\/i0.wp.com\/ismaelcolosi.com.br\/wp-content\/uploads\/2024\/09\/ACIDENTE_2024-09-11_11-09-32_jpg_2024-09-11_11-09-32.webp.webp?resize=150%2C150&ssl=1",150,150,true],"medium":["https:\/\/i0.wp.com\/ismaelcolosi.com.br\/wp-content\/uploads\/2024\/09\/ACIDENTE_2024-09-11_11-09-32_jpg_2024-09-11_11-09-32.webp.webp?fit=300%2C199&ssl=1",300,199,true],"medium_large":["https:\/\/i0.wp.com\/ismaelcolosi.com.br\/wp-content\/uploads\/2024\/09\/ACIDENTE_2024-09-11_11-09-32_jpg_2024-09-11_11-09-32.webp.webp?fit=768%2C509&ssl=1",768,509,true],"large":["https:\/\/i0.wp.com\/ismaelcolosi.com.br\/wp-content\/uploads\/2024\/09\/ACIDENTE_2024-09-11_11-09-32_jpg_2024-09-11_11-09-32.webp.webp?fit=1024%2C678&ssl=1",1024,678,true],"1536x1536":["https:\/\/i0.wp.com\/ismaelcolosi.com.br\/wp-content\/uploads\/2024\/09\/ACIDENTE_2024-09-11_11-09-32_jpg_2024-09-11_11-09-32.webp.webp?fit=1536%2C1018&ssl=1",1536,1018,true],"2048x2048":["https:\/\/i0.wp.com\/ismaelcolosi.com.br\/wp-content\/uploads\/2024\/09\/ACIDENTE_2024-09-11_11-09-32_jpg_2024-09-11_11-09-32.webp.webp?fit=2000%2C1325&ssl=1",2000,1325,true],"really-simple-thumb":["https:\/\/i0.wp.com\/ismaelcolosi.com.br\/wp-content\/uploads\/2024\/09\/ACIDENTE_2024-09-11_11-09-32_jpg_2024-09-11_11-09-32.webp.webp?resize=370%2C247&ssl=1",370,247,true]},"uagb_author_info":{"display_name":"ismaelcolosi.com.br","author_link":"https:\/\/ismaelcolosi.com.br\/index.php\/author\/vidareal-online\/"},"uagb_comment_info":0,"uagb_excerpt":"Um carro atingiu uma placa de sinaliza\u00e7\u00e3o e uma \u00e1vore na manh\u00e3 desta quarta-feira (11), na zona Oeste de Ribeir\u00e3o Preto. Uma moto tamb\u00e9m teria...","jetpack-related-posts":[{"id":46342,"url":"https:\/\/ismaelcolosi.com.br\/index.php\/2024\/04\/11\/carro-pega-fogo-em-avenida-da-zona-oeste-de-ribeirao-preto-assista-ao-video\/","url_meta":{"origin":65151,"position":0},"title":"Carro pega fogo em avenida da zona Oeste de Ribeir\u00e3o Preto; Assista ao v\u00eddeo","author":"ismaelcolosi.com.br","date":"11 de April de 2024","format":false,"excerpt":"Um carro pegou fogo na manh\u00e3 desta quinta-feira (11), na avenida Ant\u00f4nio e Helena Zerrener, zona Oeste de Ribeir\u00e3o Preto. Segundo o Corpo de Bombeiros, n\u00e3o h\u00e1 feridos no inc\u00eandio, que ocorreu no cruzamento da avenida com a rua Coronel Luiz da Cunha. As causas, contudo, ainda dever\u00e3o ser apuradas.\u2026","rel":"","context":"In &quot;Not\u00edcias de Ribeir\u00e3o Preto-SP e Regi\u00e3o&quot;","block_context":{"text":"Not\u00edcias de Ribeir\u00e3o Preto-SP e Regi\u00e3o","link":"https:\/\/ismaelcolosi.com.br\/index.php\/category\/noticias-de-ribeirao-preto-sp-e-regiao-ismael-colosi\/"},"img":{"alt_text":"","src":"https:\/\/i0.wp.com\/ismaelcolosi.com.br\/wp-content\/uploads\/2024\/04\/FOGO.jpg?fit=1200%2C745&ssl=1&resize=350%2C200","width":350,"height":200,"srcset":"https:\/\/i0.wp.com\/ismaelcolosi.com.br\/wp-content\/uploads\/2024\/04\/FOGO.jpg?fit=1200%2C745&ssl=1&resize=350%2C200 1x, https:\/\/i0.wp.com\/ismaelcolosi.com.br\/wp-content\/uploads\/2024\/04\/FOGO.jpg?fit=1200%2C745&ssl=1&resize=525%2C300 1.5x, https:\/\/i0.wp.com\/ismaelcolosi.com.br\/wp-content\/uploads\/2024\/04\/FOGO.jpg?fit=1200%2C745&ssl=1&resize=700%2C400 2x, https:\/\/i0.wp.com\/ismaelcolosi.com.br\/wp-content\/uploads\/2024\/04\/FOGO.jpg?fit=1200%2C745&ssl=1&resize=1050%2C600 3x"},"classes":[]},{"id":56257,"url":"https:\/\/ismaelcolosi.com.br\/index.php\/2024\/07\/10\/serralheiro-acelera-carro-e-escapa-de-roubo-na-zona-oeste-de-ribeirao-preto-veja-video\/","url_meta":{"origin":65151,"position":1},"title":"Serralheiro acelera carro e escapa de roubo na zona Oeste de Ribeir\u00e3o Preto; Veja v\u00eddeo","author":"ismaelcolosi.com.br","date":"10 de July de 2024","format":false,"excerpt":"Um serralheiro escapou de um assalto ao acelerar o carro na noite desta ter\u00e7a-feira (9), ap\u00f3s perceber a chegada de dois criminosos, um dos quais armado, na Travessa Macei\u00f3, na Vila Am\u00e9lia, zona Oeste de Ribeir\u00e3o Preto. Assista ao v\u00eddeo abaixo. A esposa da v\u00edtima havia acabado de entrar no\u2026","rel":"","context":"In &quot;Not\u00edcias de Ribeir\u00e3o Preto-SP e Regi\u00e3o&quot;","block_context":{"text":"Not\u00edcias de Ribeir\u00e3o Preto-SP e Regi\u00e3o","link":"https:\/\/ismaelcolosi.com.br\/index.php\/category\/noticias-de-ribeirao-preto-sp-e-regiao-ismael-colosi\/"},"img":{"alt_text":"","src":"https:\/\/i0.wp.com\/ismaelcolosi.com.br\/wp-content\/uploads\/2024\/07\/CARRO_2024-07-10_14-56-35_jpg_2024-07-10_14-56-35.webp.webp?fit=1200%2C701&ssl=1&resize=350%2C200","width":350,"height":200,"srcset":"https:\/\/i0.wp.com\/ismaelcolosi.com.br\/wp-content\/uploads\/2024\/07\/CARRO_2024-07-10_14-56-35_jpg_2024-07-10_14-56-35.webp.webp?fit=1200%2C701&ssl=1&resize=350%2C200 1x, https:\/\/i0.wp.com\/ismaelcolosi.com.br\/wp-content\/uploads\/2024\/07\/CARRO_2024-07-10_14-56-35_jpg_2024-07-10_14-56-35.webp.webp?fit=1200%2C701&ssl=1&resize=525%2C300 1.5x, https:\/\/i0.wp.com\/ismaelcolosi.com.br\/wp-content\/uploads\/2024\/07\/CARRO_2024-07-10_14-56-35_jpg_2024-07-10_14-56-35.webp.webp?fit=1200%2C701&ssl=1&resize=700%2C400 2x, https:\/\/i0.wp.com\/ismaelcolosi.com.br\/wp-content\/uploads\/2024\/07\/CARRO_2024-07-10_14-56-35_jpg_2024-07-10_14-56-35.webp.webp?fit=1200%2C701&ssl=1&resize=1050%2C600 3x"},"classes":[]},{"id":68278,"url":"https:\/\/ismaelcolosi.com.br\/index.php\/2024\/09\/28\/carro-pega-fogo-apos-bater-em-arvore-na-zona-oeste-de-ribeirao-veja-video\/","url_meta":{"origin":65151,"position":2},"title":"Carro pega fogo ap\u00f3s bater em \u00e1rvore na zona Oeste de Ribeir\u00e3o; veja v\u00eddeo","author":"ismaelcolosi.com.br","date":"28 de September de 2024","format":false,"excerpt":"Um carro ficou totalmente destru\u00eddo ap\u00f3s bater em uma \u00e1rvore e pegar fogo, no come\u00e7o da tarde deste s\u00e1bado (28), no bairro Parque Ribeir\u00e3o, na zona Oeste de Ribeir\u00e3o Preto. Segundo os moradores, o ve\u00edculo pertence ao dono de uma oficina. Ele teria esquecido de puxar o freio de m\u00e3o\u2026","rel":"","context":"In &quot;Not\u00edcias de Ribeir\u00e3o Preto-SP e Regi\u00e3o&quot;","block_context":{"text":"Not\u00edcias de Ribeir\u00e3o Preto-SP e Regi\u00e3o","link":"https:\/\/ismaelcolosi.com.br\/index.php\/category\/noticias-de-ribeirao-preto-sp-e-regiao-ismael-colosi\/"},"img":{"alt_text":"","src":"https:\/\/i0.wp.com\/ismaelcolosi.com.br\/wp-content\/uploads\/2024\/09\/Copia-de-Copia-de-Copia-de-TAMANHO-EXATO-PARA-FOTOS-NO-SISTEMA-NOVO-52_2024-09-28_16-18-01_png_2024-09-28_16-18-01.webp.webp?fit=1200%2C675&ssl=1&resize=350%2C200","width":350,"height":200,"srcset":"https:\/\/i0.wp.com\/ismaelcolosi.com.br\/wp-content\/uploads\/2024\/09\/Copia-de-Copia-de-Copia-de-TAMANHO-EXATO-PARA-FOTOS-NO-SISTEMA-NOVO-52_2024-09-28_16-18-01_png_2024-09-28_16-18-01.webp.webp?fit=1200%2C675&ssl=1&resize=350%2C200 1x, https:\/\/i0.wp.com\/ismaelcolosi.com.br\/wp-content\/uploads\/2024\/09\/Copia-de-Copia-de-Copia-de-TAMANHO-EXATO-PARA-FOTOS-NO-SISTEMA-NOVO-52_2024-09-28_16-18-01_png_2024-09-28_16-18-01.webp.webp?fit=1200%2C675&ssl=1&resize=525%2C300 1.5x, https:\/\/i0.wp.com\/ismaelcolosi.com.br\/wp-content\/uploads\/2024\/09\/Copia-de-Copia-de-Copia-de-TAMANHO-EXATO-PARA-FOTOS-NO-SISTEMA-NOVO-52_2024-09-28_16-18-01_png_2024-09-28_16-18-01.webp.webp?fit=1200%2C675&ssl=1&resize=700%2C400 2x, https:\/\/i0.wp.com\/ismaelcolosi.com.br\/wp-content\/uploads\/2024\/09\/Copia-de-Copia-de-Copia-de-TAMANHO-EXATO-PARA-FOTOS-NO-SISTEMA-NOVO-52_2024-09-28_16-18-01_png_2024-09-28_16-18-01.webp.webp?fit=1200%2C675&ssl=1&resize=1050%2C600 3x"},"classes":[]},{"id":63662,"url":"https:\/\/ismaelcolosi.com.br\/index.php\/2024\/09\/03\/acidente-entre-carro-e-onibus-deixa-uma-mulher-ferida-em-ribeirao\/","url_meta":{"origin":65151,"position":3},"title":"Acidente entre carro e \u00f4nibus deixa uma mulher ferida em Ribeir\u00e3o","author":"ismaelcolosi.com.br","date":"3 de September de 2024","format":false,"excerpt":"Um acidente entre um \u00f4nibus e um carro, na manh\u00e3 desta ter\u00e7a-feira (3), deixou uma mulher ferida no bairro Ant\u00f4nio Palocci, zona Oeste de Ribeir\u00e3o Preto. A v\u00edtima, que n\u00e3o teve a identidade revelada, ficou presa nas ferragens. O Corpo de Bombeiros foi acionado e precisou cortar o ve\u00edculo para\u2026","rel":"","context":"In &quot;Not\u00edcias de Ribeir\u00e3o Preto-SP e Regi\u00e3o&quot;","block_context":{"text":"Not\u00edcias de Ribeir\u00e3o Preto-SP e Regi\u00e3o","link":"https:\/\/ismaelcolosi.com.br\/index.php\/category\/noticias-de-ribeirao-preto-sp-e-regiao-ismael-colosi\/"},"img":{"alt_text":"","src":"https:\/\/i0.wp.com\/ismaelcolosi.com.br\/wp-content\/uploads\/2024\/09\/Imagem-do-WhatsApp-de-2024-09-03-as-12.03.56_7e869bb8_2024-09-03_15-12-14_jpg_2024-09-03_15-12-14.webp.webp?fit=1187%2C844&ssl=1&resize=350%2C200","width":350,"height":200,"srcset":"https:\/\/i0.wp.com\/ismaelcolosi.com.br\/wp-content\/uploads\/2024\/09\/Imagem-do-WhatsApp-de-2024-09-03-as-12.03.56_7e869bb8_2024-09-03_15-12-14_jpg_2024-09-03_15-12-14.webp.webp?fit=1187%2C844&ssl=1&resize=350%2C200 1x, https:\/\/i0.wp.com\/ismaelcolosi.com.br\/wp-content\/uploads\/2024\/09\/Imagem-do-WhatsApp-de-2024-09-03-as-12.03.56_7e869bb8_2024-09-03_15-12-14_jpg_2024-09-03_15-12-14.webp.webp?fit=1187%2C844&ssl=1&resize=525%2C300 1.5x, https:\/\/i0.wp.com\/ismaelcolosi.com.br\/wp-content\/uploads\/2024\/09\/Imagem-do-WhatsApp-de-2024-09-03-as-12.03.56_7e869bb8_2024-09-03_15-12-14_jpg_2024-09-03_15-12-14.webp.webp?fit=1187%2C844&ssl=1&resize=700%2C400 2x, https:\/\/i0.wp.com\/ismaelcolosi.com.br\/wp-content\/uploads\/2024\/09\/Imagem-do-WhatsApp-de-2024-09-03-as-12.03.56_7e869bb8_2024-09-03_15-12-14_jpg_2024-09-03_15-12-14.webp.webp?fit=1187%2C844&ssl=1&resize=1050%2C600 3x"},"classes":[]},{"id":47842,"url":"https:\/\/ismaelcolosi.com.br\/index.php\/2024\/04\/29\/homem-morre-apos-carro-capotar-em-avenida-na-zona-oeste-de-ribeirao\/","url_meta":{"origin":65151,"position":4},"title":"Homem morre ap\u00f3s carro capotar em avenida na zona Oeste de Ribeir\u00e3o","author":"ismaelcolosi.com.br","date":"29 de April de 2024","format":false,"excerpt":"Um homem morreu na madrugada desta segunda-feira (29), depois do capotamento de um carro na pista lateral da avenida Bandeirantes, na zona Oeste de Ribeir\u00e3o Preto. Segundo o boletim de ocorr\u00eancia (BO), a v\u00edtima, ainda sem identifica\u00e7\u00e3o, estava fora do ve\u00edculo \u2013 um Peugeot 207 prata \u2013 quando a equipe\u2026","rel":"","context":"In &quot;Not\u00edcias de Ribeir\u00e3o Preto-SP e Regi\u00e3o&quot;","block_context":{"text":"Not\u00edcias de Ribeir\u00e3o Preto-SP e Regi\u00e3o","link":"https:\/\/ismaelcolosi.com.br\/index.php\/category\/noticias-de-ribeirao-preto-sp-e-regiao-ismael-colosi\/"},"img":{"alt_text":"","src":"https:\/\/i0.wp.com\/ismaelcolosi.com.br\/wp-content\/uploads\/2024\/04\/1714391321_cpj_1024x576_21012021092745.jpg?fit=1024%2C575&ssl=1&resize=350%2C200","width":350,"height":200,"srcset":"https:\/\/i0.wp.com\/ismaelcolosi.com.br\/wp-content\/uploads\/2024\/04\/1714391321_cpj_1024x576_21012021092745.jpg?fit=1024%2C575&ssl=1&resize=350%2C200 1x, https:\/\/i0.wp.com\/ismaelcolosi.com.br\/wp-content\/uploads\/2024\/04\/1714391321_cpj_1024x576_21012021092745.jpg?fit=1024%2C575&ssl=1&resize=525%2C300 1.5x, https:\/\/i0.wp.com\/ismaelcolosi.com.br\/wp-content\/uploads\/2024\/04\/1714391321_cpj_1024x576_21012021092745.jpg?fit=1024%2C575&ssl=1&resize=700%2C400 2x"},"classes":[]},{"id":43074,"url":"https:\/\/ismaelcolosi.com.br\/index.php\/2024\/03\/19\/em-manha-de-acidentes-carro-capota-na-zona-oeste-de-ribeirao-preto\/","url_meta":{"origin":65151,"position":5},"title":"Em manh\u00e3 de acidentes, carro capota na zona Oeste de Ribeir\u00e3o Preto","author":"ismaelcolosi.com.br","date":"19 de March de 2024","format":false,"excerpt":"Um carro tombou em um acidente envolvendo dois ve\u00edculos no Jardim Maria Goretti, na zona Oeste de Ribeir\u00e3o Preto. O caso aconteceu na manh\u00e3 desta ter\u00e7a-feira (19) e ningu\u00e9m ficou ferido. O acidente aconteceu por volta das 8h, no cruzamento das ruas Jos\u00e9 Ver\u00edssimo com a Conde de Iraj\u00e1. Por\u2026","rel":"","context":"In &quot;Not\u00edcias de Ribeir\u00e3o Preto-SP e Regi\u00e3o&quot;","block_context":{"text":"Not\u00edcias de Ribeir\u00e3o Preto-SP e Regi\u00e3o","link":"https:\/\/ismaelcolosi.com.br\/index.php\/category\/noticias-de-ribeirao-preto-sp-e-regiao-ismael-colosi\/"},"img":{"alt_text":"","src":"https:\/\/i0.wp.com\/ismaelcolosi.com.br\/wp-content\/uploads\/2024\/03\/AnyConv.com__capotamento.webp.webp?fit=1200%2C756&ssl=1&resize=350%2C200","width":350,"height":200,"srcset":"https:\/\/i0.wp.com\/ismaelcolosi.com.br\/wp-content\/uploads\/2024\/03\/AnyConv.com__capotamento.webp.webp?fit=1200%2C756&ssl=1&resize=350%2C200 1x, https:\/\/i0.wp.com\/ismaelcolosi.com.br\/wp-content\/uploads\/2024\/03\/AnyConv.com__capotamento.webp.webp?fit=1200%2C756&ssl=1&resize=525%2C300 1.5x, https:\/\/i0.wp.com\/ismaelcolosi.com.br\/wp-content\/uploads\/2024\/03\/AnyConv.com__capotamento.webp.webp?fit=1200%2C756&ssl=1&resize=700%2C400 2x, https:\/\/i0.wp.com\/ismaelcolosi.com.br\/wp-content\/uploads\/2024\/03\/AnyConv.com__capotamento.webp.webp?fit=1200%2C756&ssl=1&resize=1050%2C600 3x"},"classes":[]}],"jetpack_sharing_enabled":true,"jetpack_shortlink":"https:\/\/wp.me\/pfMlyK-gWP","_links":{"self":[{"href":"https:\/\/ismaelcolosi.com.br\/index.php\/wp-json\/wp\/v2\/posts\/65151","targetHints":{"allow":["GET"]}}],"collection":[{"href":"https:\/\/ismaelcolosi.com.br\/index.php\/wp-json\/wp\/v2\/posts"}],"about":[{"href":"https:\/\/ismaelcolosi.com.br\/index.php\/wp-json\/wp\/v2\/types\/post"}],"author":[{"embeddable":true,"href":"https:\/\/ismaelcolosi.com.br\/index.php\/wp-json\/wp\/v2\/users\/1"}],"replies":[{"embeddable":true,"href":"https:\/\/ismaelcolosi.com.br\/index.php\/wp-json\/wp\/v2\/comments?post=65151"}],"version-history":[{"count":0,"href":"https:\/\/ismaelcolosi.com.br\/index.php\/wp-json\/wp\/v2\/posts\/65151\/revisions"}],"wp:featuredmedia":[{"embeddable":true,"href":"https:\/\/ismaelcolosi.com.br\/index.php\/wp-json\/wp\/v2\/media\/65152"}],"wp:attachment":[{"href":"https:\/\/ismaelcolosi.com.br\/index.php\/wp-json\/wp\/v2\/media?parent=65151"}],"wp:term":[{"taxonomy":"category","embeddable":true,"href":"https:\/\/ismaelcolosi.com.br\/index.php\/wp-json\/wp\/v2\/categories?post=65151"},{"taxonomy":"post_tag","embeddable":true,"href":"https:\/\/ismaelcolosi.com.br\/index.php\/wp-json\/wp\/v2\/tags?post=65151"}],"curies":[{"name":"wp","href":"https:\/\/api.w.org\/{rel}","templated":true}]}}