{"id":65144,"date":"2024-09-11T07:05:07","date_gmt":"2024-09-11T10:05:07","guid":{"rendered":"https:\/\/ismaelcolosi.com.br\/index.php\/2024\/09\/11\/empregado-da-geracao-z-espera-fazer-parte-das-decisoes-diz-ceo-do-top-employers-institute\/"},"modified":"2024-09-11T07:05:07","modified_gmt":"2024-09-11T10:05:07","slug":"empregado-da-geracao-z-espera-fazer-parte-das-decisoes-diz-ceo-do-top-employers-institute","status":"publish","type":"post","link":"https:\/\/ismaelcolosi.com.br\/index.php\/2024\/09\/11\/empregado-da-geracao-z-espera-fazer-parte-das-decisoes-diz-ceo-do-top-employers-institute\/","title":{"rendered":"\u2018Empregado da gera\u00e7\u00e3o Z espera fazer parte das decis\u00f5es\u2019, diz CEO do Top Employers Institute"},"content":{"rendered":"<p> <br \/>\n<\/p>\n<div id=\"\">\n<div class=\"content-infos\">\n<div class=\"texts\">\n<p class=\"author tooltip-comp\"> Alexandre In\u00e1cio &#8211; Editora tr\u00eas<span class=\"icon-i\">i<\/span><span class=\"tooltiptext\"> <span class=\"author\"><span>Alexandre In\u00e1cio &#8211; Editora tr\u00eas<\/span> <\/span><span class=\"desc\"\/> <\/span><\/p>\n<p>11\/09\/2024 &#8211; 7:00<\/p>\n<\/div>\n<div id=\"share-modal\" class=\"share-modal\"> <button class=\"box-close btn-share\"> <img decoding=\"async\" src=\"https:\/\/istoedinheiro.com.br\/wp-content\/themes\/dinheiro-wp-theme\/assets\/img\/svg\/closeIcon.svg?x46096\" alt=\"Close icon\" class=\"close-btn lazy\"\/> <\/button><\/div>\n<\/p><\/div>\n<p>O holand\u00eas David Plink, CEO do Top Employers Institute, esteve no Brasil na semana passada para participar de um evento voltado para a \u00e1rea de recursos humanos de empresas. Em sua palestra, falou sobre o futuro do mercado de trabalho e apresentou as principais tend\u00eancias envolvendo a rela\u00e7\u00e3o entre corpora\u00e7\u00f5es e seus funcion\u00e1rios, identificadas no relat\u00f3rio World of Work Trends 2024.<\/p>\n<p><strong>+ Semana de 4 dias no Brasil: empresas j\u00e1 podem se cadastrar na 2\u00aa edi\u00e7\u00e3o do projeto<\/strong><\/p>\n<p>Em entrevista \u00e0 DINHEIRO, o executivo apresentou os cinco principais t\u00f3picos que as maiores multinacionais do mundo est\u00e3o adotando em seu dia a dia.<\/p>\n<h3>Confira a entrevista<\/h3>\n<p><strong>Quais foram os principais insights que voc\u00eas identificaram no \u00faltimo relat\u00f3rio sobre as tend\u00eancias do mercado de trabalho no mundo?<\/strong><br \/>Bem, o que \u00e9 importante entender primeiro \u00e9 que o relat\u00f3rio \u00e9 baseado em auditorias que realizamos com as \u00e1reas de recursos humanos em cerca de 2.500 empresas anualmente em todo o mundo. Aqui no Brasil temos 71 participantes. A partir de todas essas conversas que temos na valida\u00e7\u00e3o, chegamos a conclus\u00f5es que levam ao relat\u00f3rio de tend\u00eancias do universo do trabalho.<\/p>\n<p>Agora, se olharmos para os principais pontos que surgiram este ano, percebemos uma esp\u00e9cie de aprofundamento de algumas tend\u00eancias que j\u00e1 vimos anteriormente. A primeira \u00e9 que as empresas est\u00e3o se empoderando e empoderando seus funcion\u00e1rios atrav\u00e9s da IA.<\/p>\n<p>A segunda \u00e9 avan\u00e7ar a empresa atrav\u00e9s de seu prop\u00f3sito. O prop\u00f3sito tem sido um fator importante ao longo do tempo, vem surgindo h\u00e1 muitas d\u00e9cadas. Mas agora voc\u00ea realmente v\u00ea que est\u00e3o se aprofundando, est\u00e3o se comunicando mais sobre isso e, essencialmente, incentivando seus funcion\u00e1rios a abra\u00e7arem o prop\u00f3sito e, assim, dar o melhor de si para a empresa.<\/p>\n<p>Em terceiro lugar, h\u00e1 uma tend\u00eancia em torno do bem-estar, em praticamente todas as \u00e1reas do trabalho, como emocional, mental, f\u00edsica, financeira, espiritual. Agora, as empresas est\u00e3o fazendo escolhas mais refinadas para garantir que ofere\u00e7am apenas aquelas pr\u00e1ticas de bem-estar que s\u00e3o realmente usadas e necess\u00e1rias.<\/p>\n<p><strong>E quais as outras duas tend\u00eancias?<\/strong><br \/>A quarta tend\u00eancia \u00e9 em torno da escuta, escutar seus funcion\u00e1rios. Mas isso est\u00e1 indo mais para um di\u00e1logo real. Ent\u00e3o, n\u00e3o \u00e9 apenas enviar uma pesquisa e ouvir, mas realmente entrar em di\u00e1logo tamb\u00e9m sobre a estrat\u00e9gia da empresa e seus valores.<\/p>\n<p>Portanto, h\u00e1 uma mudan\u00e7a de escuta para o di\u00e1logo. E, finalmente, a quinta tend\u00eancia \u00e9 a amplia\u00e7\u00e3o da diversidade, equidade e inclus\u00e3o. N\u00e3o \u00e9 apenas olhar para demografia, idade, g\u00eanero, orienta\u00e7\u00e3o sexual, defici\u00eancia e outros aspectos. Na verdade, \u00e9 ampliar isso e, por exemplo, olhar para elementos como neurodiversidade, como atrair pessoas que veem o mundo e processam informa\u00e7\u00f5es de maneira diferente. Ent\u00e3o, isso \u00e9 algo que tamb\u00e9m vemos com mais \u00eanfase.<\/p>\n<blockquote>\n<p style=\"text-align: center\"><span style=\"color: #993300\"><strong>\u201cA Intelig\u00eancia Artificial sozinha n\u00e3o vai substituir seu trabalho. Seu trabalho ser\u00e1 substitu\u00eddo por algu\u00e9m usando a Intelig\u00eancia Artificial. Sempre haver\u00e1 um componente humano nesse processo\u2019\u2019<\/strong><\/span><\/p>\n<\/blockquote>\n<p><strong>Entre todas essas tend\u00eancias, a IA talvez seja o mais novo dos t\u00f3picos. Ela pode ser considerada a que se desenvolve mais rapidamente?<\/strong><br \/>Acredito que a IA \u00e9 o t\u00f3pico mais recente, porque comunica\u00e7\u00e3o, inclus\u00e3o e diversidade tamb\u00e9m podem ser novos. Mas, sim, falando sobre tecnologia, a IA \u00e9 o nome. Definitivamente \u00e9 a novidade, o que tamb\u00e9m a torna um dos elementos mais empolgantes do ponto de vista de RH.<\/p>\n<p>O que vemos \u00e9 que as empresas est\u00e3o colocando mais estruturas \u00e9ticas em pr\u00e1tica. Ent\u00e3o, o que \u00e9 \u00e9tico? Moralmente certo em termos de IA? Sabemos que a IA muitas vezes tem vi\u00e9s de g\u00eanero, de etnia. Temos visto um esfor\u00e7o para garantir que a aplica\u00e7\u00e3o da IA seja feita de forma \u00e9tica.<\/p>\n<p>Al\u00e9m disso, algo que vemos \u00e9 o foco na experi\u00eancia do funcion\u00e1rio, porque se a tecnologia est\u00e1 substituindo alguns dos pap\u00e9is, tornando as coisas mais f\u00e1ceis, voc\u00ea tamb\u00e9m tira um senso essencial de realiza\u00e7\u00e3o. As melhores pessoas para julgar a IA s\u00e3o aquelas que a utilizam. Vemos isso acontecendo em muitos dos melhores empregadores. N\u00f3s mesmos incentivamos isso em nossa empresa, para que nossos funcion\u00e1rios, ao usarem essas ferramentas, sejam proficientes nela, a fim de entender o impacto e suas ramifica\u00e7\u00f5es.<\/p>\n<p>A IA pode ajudar as pessoas, mas voc\u00ea n\u00e3o pode acreditar que essa tecnologia funciona sozinha. \u00c9 necess\u00e1rio o contato humano para fazer essa sele\u00e7\u00e3o, para conversar com as pessoas. A IA n\u00e3o substituir\u00e1 seu trabalho. Algu\u00e9m usando IA substituir\u00e1 seu trabalho. Sempre haver\u00e1 um componente humano.<\/p>\n<p><strong>O relat\u00f3rio de voc\u00eas destaca a import\u00e2ncia das rela\u00e7\u00f5es humanas no trabalho, denominador que se perdeu um pouco com o chamado trabalho remoto. Caminhamos para um retorno ao presencial?<\/strong><br \/>Eu acho que h\u00e1 diferentes empresas que est\u00e3o voltando para um ambiente exclusivamente de escrit\u00f3rio. E vemos grandes casos e, \u00e0s vezes, exemplos muito ruins tamb\u00e9m de empresas que est\u00e3o aplicando isso. Acho que os benef\u00edcios do trabalho remoto n\u00e3o podem mais ser ignorados, mas \u00e9 preciso encontrar um equil\u00edbrio entre a intera\u00e7\u00e3o humana, a intera\u00e7\u00e3o face a face, que \u00e9 combinada com o trabalho remoto. Acho que sempre precisa haver um equil\u00edbrio e tamb\u00e9m, mais uma vez, justi\u00e7a.<\/p>\n<p>Na nossa empresa, empregamos quase 2.500 pessoas, e acho que cerca de 20% a 25% trabalham em um local bem distante de um dos nossos centros. Para tornar isso justo, precisamos dar a elas a oportunidade tamb\u00e9m de interagir com pessoas no mundo real.<\/p>\n<p>Uma coisa que vimos durante o primeiro ano e meio da pandemia \u00e9 que as pessoas que entraram na nossa empresa e trabalharam apenas remotamente tinham uma taxa de rotatividade maior. N\u00f3s as perdemos mais rapidamente porque havia menos conex\u00e3o.<\/p>\n<p>Se voc\u00ea trabalha online o tempo todo, tem menos conex\u00e3o com as pessoas. No final, acredito que temos que buscar um equil\u00edbrio saud\u00e1vel, e isso \u00e9 algo dif\u00edcil de alcan\u00e7ar. Por outro lado, encontramos \u00f3timas pessoas em locais que n\u00e3o consider\u00e1vamos antes. Passamos a ter um pool adicional de talentos. Mas tamb\u00e9m cabe a n\u00f3s garantir que elas sintam esse mesmo senso de pertencimento. N\u00f3s, como humanos, somos criaturas sociais, gostamos de estar juntos.<\/p>\n<p><strong>Voc\u00ea falou em prop\u00f3sito. Encontrar pessoas que tenham o mesmo prop\u00f3sito que a empresa \u00e9 ut\u00f3pico?<\/strong><br \/>As pessoas hoje em dia esperam que a empresa tenha um prop\u00f3sito aut\u00eantico e incr\u00edvel. Que n\u00e3o seja apenas um slogan na parede, no relat\u00f3rio anual, em seu site. Quando o prop\u00f3sito come\u00e7ou a se tornar mais relevante, a Apple foi boa nisso com o \u201cThink Different\u201d. Era a campanha deles, mas tamb\u00e9m o prop\u00f3sito da empresa: ser realmente diferente. E eles garantiram que isso fosse vivido por todos, que fosse vis\u00edvel. Isso atraiu certas pessoas, e a\u00ed os dois prop\u00f3sitos, o pessoal e o da empresa, come\u00e7aram a se sobrepor.<\/p>\n<p>N\u00e3o acho que voc\u00ea deva dizer \u00e0s pessoas: \u201cEi, este \u00e9 o nosso prop\u00f3sito, voc\u00ea tem que adot\u00e1-lo e segui-lo\u201d. Acho que se voc\u00ea for claro sobre o seu prop\u00f3sito, se ele \u00e9 aut\u00eantico, isso \u00e9 comunicado por l\u00edderes, gerentes e todos na empresa. Isso atrai pessoas.<\/p>\n<p>Vimos isso em nossa pr\u00f3pria experi\u00eancia ao longo do tempo, quando nos tornamos mais vocais sobre o nosso prop\u00f3sito. Atra\u00edmos um tipo diferente de pessoas, de maior qualidade, que vieram de grandes organiza\u00e7\u00f5es e que, na verdade, disseram: \u201cN\u00e3o quero trabalhar apenas para aumentar o valor para os acionistas, quero fazer algo que realmente ressoe comigo, e por isso quero me juntar\u201d.<\/p>\n<blockquote>\n<p style=\"text-align: center\"><span style=\"color: #993300\"><strong>\u201cVoc\u00ea v\u00ea que os jovens empregados da gera\u00e7\u00e3o Z esperam fazer parte das decis\u00f5es. L\u00e1 atras, quando n\u00f3s entrav\u00e1mos nas empresas, n\u00e3o havia como influenciar a pol\u00edtica e a estrat\u00e9gia da companhia\u2019\u2019<\/strong><\/span><\/p>\n<\/blockquote>\n<p><strong>Recentemente, grandes empresas anunciaram mudan\u00e7as em suas pol\u00edticas ESG, revendo alguns aspectos relacionados especialmente \u00e0 inclus\u00e3o. Existe o risco de vermos retrocessos nessa \u00e1rea?<\/strong><br \/>Elas receberam uma rea\u00e7\u00e3o negativa de seus clientes fi\u00e9is, que as acusaram de serem \u201cwoke\u201d e estarem ficando diversificadas demais. Acho que \u00e9 uma din\u00e2mica estranha. Isso se encaixa na tend\u00eancia que vemos, em que as empresas est\u00e3o mais preocupadas em n\u00e3o fazer algo errado do que inclinadas a fazer algo certo. Isso, na discuss\u00e3o sobre diversidade e inclus\u00e3o, \u00e9 bastante arriscado, porque as empresas est\u00e3o realmente focadas em \u201cprecisamos ter um banheiro neutro em termos de g\u00eanero, porque, caso contr\u00e1rio, estamos fazendo algo errado\u201d.<\/p>\n<p>Precisam marcar caixinhas em vez de realmente abra\u00e7ar o senso de pertencimento e inclus\u00e3o, independentemente de qual seja a orienta\u00e7\u00e3o sexual ou qualquer outra caracter\u00edstica demogr\u00e1fica envolvida. No passado, os funcion\u00e1rios estavam mais inclinados a aceitar a cultura e as regras da empresa e simplesmente seguir em frente. Mas agora, com mais op\u00e7\u00f5es de trabalho, especialmente com o trabalho remoto, os funcion\u00e1rios est\u00e3o mais propensos a exigir que as empresas atendam \u00e0s suas necessidades e valores. E isso inclui diversidade, flexibilidade e equil\u00edbrio entre vida pessoal e profissional.<\/p>\n<p>As empresas que n\u00e3o se adaptarem a isso ver\u00e3o uma diminui\u00e7\u00e3o na reten\u00e7\u00e3o de talentos. Aquelas que optarem por n\u00e3o promover essas pr\u00e1ticas podem enfrentar uma rea\u00e7\u00e3o negativa dos clientes e, eventualmente, isso pode afetar suas vendas. No entanto, o impacto exato disso pode variar dependendo de muitos fatores, como o tipo de produto que oferecem e o perfil dos seus clientes.<\/p>\n<p><strong>\u00c9 poss\u00edvel dizer que a express\u00e3o \u201creter talentos\u201d est\u00e1 superada, que o foco agora seja fazer esse talento \u201cpertencer\u201d?<\/strong><br \/>Acho que \u00e9 importante lembrar que as mudan\u00e7as culturais nas empresas levam tempo. N\u00e3o \u00e9 algo que acontece da noite para o dia. Com o tempo, as empresas que se dedicam a essas mudan\u00e7as ver\u00e3o os benef\u00edcios em termos de engajamento dos funcion\u00e1rios, inova\u00e7\u00e3o e, eventualmente, sucesso comercial. E para fazer isso da maneira certa, voc\u00ea precisa manter o indiv\u00edduo empoderado para fazer suas pr\u00f3prias escolhas.<\/p>\n<p>Acho que esse senso de pertencimento, novamente impulsionado pelo prop\u00f3sito, vai ser algo muito importante nos pr\u00f3ximos anos. Voc\u00ea v\u00ea que os jovens empregados da gera\u00e7\u00e3o Z esperam fazer parte das decis\u00f5es. Quando n\u00f3s entramos nas empresas para as quais trabalhamos, quando eu entrei no mercado de trabalho, n\u00e3o havia como eu influenciar a pol\u00edtica e a estrat\u00e9gia da empresa. Tinha que ouvir e executar.<\/p>\n<p>Mas, agora, as gera\u00e7\u00f5es mais jovens esperam fazer parte dessa conversa. E o fato \u00e9 que elas provavelmente tornar\u00e3o a estrat\u00e9gia mais eficaz, a inova\u00e7\u00e3o mais r\u00e1pida e o processo melhor. Mas isso requer um estilo de lideran\u00e7a diferente.<\/p>\n<div id=\"share-modal\" class=\"share-modal\"> <button class=\"box-close btn-share\"> <img decoding=\"async\" src=\"https:\/\/istoedinheiro.com.br\/wp-content\/themes\/dinheiro-wp-theme\/assets\/img\/svg\/closeIcon.svg?x46096\" alt=\"Close icon\" class=\"close-btn lazy\"\/> <\/button><\/div>\n<\/p><\/div>\n<p><script>!function(f,b,e,v,n,t,s){if(f.fbq)return;n=f.fbq=function(){n.callMethod?n.callMethod.apply(n,arguments):n.queue.push(arguments)};if(!f._fbq)f._fbq=n;n.push=n;n.loaded=!0;n.version='2.0';n.queue=[];t=b.createElement(e);t.async=!0;t.src=v;s=b.getElementsByTagName(e)[0];s.parentNode.insertBefore(t,s)}(window,document,'script','<\/script><br \/>\n<br \/><br \/>\n<br \/><a href=\"https:\/\/istoedinheiro.com.br\/empregado-da-geracao-z-espera-fazer-parte-das-decisoes-diz-ceo-do-top-employers-institute\/\">Source link <\/a><\/p>\n<div class='code-block code-block-4' style='margin: 8px auto 8px 0; text-align: left; display: block; clear: both;'>\n\ud83d\udce2 Aviso Legal\n\nO site ismaelcolosi.com.br atua apenas como um canal de divulga\u00e7\u00e3o de oportunidades de emprego e n\u00e3o se responsabiliza pelo processo seletivo, contrata\u00e7\u00e3o ou qualquer outra etapa relacionada \u00e0s vagas publicadas. Todas as informa\u00e7\u00f5es s\u00e3o de responsabilidade dos anunciantes.\n\n\u26a0\ufe0f Aten\u00e7\u00e3o! Nunca pague por promessas de emprego nem compre cursos que garantam contrata\u00e7\u00e3o. Desconfie de qualquer cobran\u00e7a para participar de sele\u00e7\u00f5es.\n\n\n\n<\/div>\n<!-- CONTENT END 1 -->\n","protected":false},"excerpt":{"rendered":"<p>Alexandre In\u00e1cio &#8211; Editora tr\u00easi Alexandre In\u00e1cio &#8211; Editora tr\u00eas 11\/09\/2024 &#8211; 7:00 O holand\u00eas David Plink, CEO do Top Employers Institute, esteve no Brasil&#8230;<\/p>\n","protected":false},"author":1,"featured_media":65145,"comment_status":"open","ping_status":"open","sticky":false,"template":"","format":"standard","meta":{"_uag_custom_page_level_css":"","advanced_seo_description":"","jetpack_seo_html_title":"","jetpack_seo_noindex":false,"jetpack_post_was_ever_published":false,"_jetpack_newsletter_access":"","_jetpack_dont_email_post_to_subs":false,"_jetpack_newsletter_tier_id":0,"_jetpack_memberships_contains_paywalled_content":false,"_jetpack_memberships_contains_paid_content":false,"footnotes":"","jetpack_publicize_message":"","jetpack_publicize_feature_enabled":true,"jetpack_social_post_already_shared":true,"jetpack_social_options":{"image_generator_settings":{"template":"highway","default_image_id":0,"font":"","enabled":false},"version":2}},"categories":[3598],"tags":[],"class_list":["post-65144","post","type-post","status-publish","format-standard","has-post-thumbnail","hentry","category-empregos-classificados-vagas-trabalho"],"jetpack_publicize_connections":[],"jetpack_featured_media_url":"https:\/\/i0.wp.com\/ismaelcolosi.com.br\/wp-content\/uploads\/2024\/09\/david-plink-ceo-do-top-employers-institute-as-pessoas-hoje-em-dia-esperam-que-a-empresa-tenha-um-proposito-autentico-e-incrivel-creditoandre-lessa.jpg?fit=1024%2C576&ssl=1","uagb_featured_image_src":{"full":["https:\/\/i0.wp.com\/ismaelcolosi.com.br\/wp-content\/uploads\/2024\/09\/david-plink-ceo-do-top-employers-institute-as-pessoas-hoje-em-dia-esperam-que-a-empresa-tenha-um-proposito-autentico-e-incrivel-creditoandre-lessa.jpg?fit=1024%2C576&ssl=1",1024,576,false],"thumbnail":["https:\/\/i0.wp.com\/ismaelcolosi.com.br\/wp-content\/uploads\/2024\/09\/david-plink-ceo-do-top-employers-institute-as-pessoas-hoje-em-dia-esperam-que-a-empresa-tenha-um-proposito-autentico-e-incrivel-creditoandre-lessa.jpg?resize=150%2C150&ssl=1",150,150,true],"medium":["https:\/\/i0.wp.com\/ismaelcolosi.com.br\/wp-content\/uploads\/2024\/09\/david-plink-ceo-do-top-employers-institute-as-pessoas-hoje-em-dia-esperam-que-a-empresa-tenha-um-proposito-autentico-e-incrivel-creditoandre-lessa.jpg?fit=300%2C169&ssl=1",300,169,true],"medium_large":["https:\/\/i0.wp.com\/ismaelcolosi.com.br\/wp-content\/uploads\/2024\/09\/david-plink-ceo-do-top-employers-institute-as-pessoas-hoje-em-dia-esperam-que-a-empresa-tenha-um-proposito-autentico-e-incrivel-creditoandre-lessa.jpg?fit=768%2C432&ssl=1",768,432,true],"large":["https:\/\/i0.wp.com\/ismaelcolosi.com.br\/wp-content\/uploads\/2024\/09\/david-plink-ceo-do-top-employers-institute-as-pessoas-hoje-em-dia-esperam-que-a-empresa-tenha-um-proposito-autentico-e-incrivel-creditoandre-lessa.jpg?fit=1024%2C576&ssl=1",1024,576,true],"1536x1536":["https:\/\/i0.wp.com\/ismaelcolosi.com.br\/wp-content\/uploads\/2024\/09\/david-plink-ceo-do-top-employers-institute-as-pessoas-hoje-em-dia-esperam-que-a-empresa-tenha-um-proposito-autentico-e-incrivel-creditoandre-lessa.jpg?fit=1024%2C576&ssl=1",1024,576,true],"2048x2048":["https:\/\/i0.wp.com\/ismaelcolosi.com.br\/wp-content\/uploads\/2024\/09\/david-plink-ceo-do-top-employers-institute-as-pessoas-hoje-em-dia-esperam-que-a-empresa-tenha-um-proposito-autentico-e-incrivel-creditoandre-lessa.jpg?fit=1024%2C576&ssl=1",1024,576,true],"really-simple-thumb":["https:\/\/i0.wp.com\/ismaelcolosi.com.br\/wp-content\/uploads\/2024\/09\/david-plink-ceo-do-top-employers-institute-as-pessoas-hoje-em-dia-esperam-que-a-empresa-tenha-um-proposito-autentico-e-incrivel-creditoandre-lessa.jpg?resize=370%2C247&ssl=1",370,247,true]},"uagb_author_info":{"display_name":"ismaelcolosi.com.br","author_link":"https:\/\/ismaelcolosi.com.br\/index.php\/author\/vidareal-online\/"},"uagb_comment_info":0,"uagb_excerpt":"Alexandre In\u00e1cio &#8211; Editora tr\u00easi Alexandre In\u00e1cio &#8211; Editora tr\u00eas 11\/09\/2024 &#8211; 7:00 O holand\u00eas David Plink, CEO do Top Employers Institute, esteve no Brasil...","jetpack-related-posts":[{"id":75423,"url":"https:\/\/ismaelcolosi.com.br\/index.php\/2024\/11\/06\/o-que-a-geracao-z-busca-no-ambiente-de-trabalho-alem-de-saude-mental\/","url_meta":{"origin":65144,"position":0},"title":"O que a gera\u00e7\u00e3o Z busca no ambiente de trabalho al\u00e9m de sa\u00fade mental?","author":"ismaelcolosi.com.br","date":"6 de November de 2024","format":false,"excerpt":"Aline Almeida e Hugo Cilo - da Editora 3i Aline Almeida e Hugo Cilo - da Editora 3 06\/11\/2024 - 7:30 RESUMO\u2022\u00a0Gera\u00e7\u00e3o Z j\u00e1 ocupa posi\u00e7\u00f5es de lideran\u00e7a e representa 9% das empresas certificadas pelo Instituto Top Employers, com previs\u00e3o de se tornar 27% da for\u00e7a de trabalho nos pa\u00edses\u2026","rel":"","context":"In &quot;Empregos - Classificados&quot;","block_context":{"text":"Empregos - Classificados","link":"https:\/\/ismaelcolosi.com.br\/index.php\/category\/empregos-classificados-vagas-trabalho\/"},"img":{"alt_text":"","src":"https:\/\/i0.wp.com\/ismaelcolosi.com.br\/wp-content\/uploads\/2024\/11\/geracao-z-mais-do-que-buscar-ascensao-rapida-jovens-priorizam-qualidade-de-vida-e-uma-abordagem-humanizada-na-lideranca-credito-caia-imagescience-photo-library.jpg?fit=1024%2C576&ssl=1&resize=350%2C200","width":350,"height":200,"srcset":"https:\/\/i0.wp.com\/ismaelcolosi.com.br\/wp-content\/uploads\/2024\/11\/geracao-z-mais-do-que-buscar-ascensao-rapida-jovens-priorizam-qualidade-de-vida-e-uma-abordagem-humanizada-na-lideranca-credito-caia-imagescience-photo-library.jpg?fit=1024%2C576&ssl=1&resize=350%2C200 1x, https:\/\/i0.wp.com\/ismaelcolosi.com.br\/wp-content\/uploads\/2024\/11\/geracao-z-mais-do-que-buscar-ascensao-rapida-jovens-priorizam-qualidade-de-vida-e-uma-abordagem-humanizada-na-lideranca-credito-caia-imagescience-photo-library.jpg?fit=1024%2C576&ssl=1&resize=525%2C300 1.5x, https:\/\/i0.wp.com\/ismaelcolosi.com.br\/wp-content\/uploads\/2024\/11\/geracao-z-mais-do-que-buscar-ascensao-rapida-jovens-priorizam-qualidade-de-vida-e-uma-abordagem-humanizada-na-lideranca-credito-caia-imagescience-photo-library.jpg?fit=1024%2C576&ssl=1&resize=700%2C400 2x"},"classes":[]},{"id":67969,"url":"https:\/\/ismaelcolosi.com.br\/index.php\/2024\/09\/26\/quem-sao-os-10-melhores-ceos-do-brasil\/","url_meta":{"origin":65144,"position":1},"title":"Quem S\u00e3o os 10 Melhores CEOs do Brasil","author":"ismaelcolosi.com.br","date":"26 de September de 2024","format":false,"excerpt":"Victor AffaroAlexandre Birman \u00e9 capa da edi\u00e7\u00e3o 123 da Forbes Brasil, que traz lista de Melhores CEOs Acessibilidade L L A- A+ \u25d0 A Lista Forbes Melhores CEOs do Brasil\u00a0traz uma sele\u00e7\u00e3o de l\u00edderes que t\u00eam conduzido suas empresas de forma diferenciada, sejam eles donos do neg\u00f3cio ou executivos ou\u2026","rel":"","context":"In &quot;Carreira e Sucesso&quot;","block_context":{"text":"Carreira e Sucesso","link":"https:\/\/ismaelcolosi.com.br\/index.php\/category\/carreira-e-sucesso-dicas-para-carreira\/"},"img":{"alt_text":"","src":"https:\/\/i0.wp.com\/ismaelcolosi.com.br\/wp-content\/uploads\/2024\/09\/carreira-alexandre-birman-1-1024x683.jpg?fit=1024%2C683&ssl=1&resize=350%2C200","width":350,"height":200,"srcset":"https:\/\/i0.wp.com\/ismaelcolosi.com.br\/wp-content\/uploads\/2024\/09\/carreira-alexandre-birman-1-1024x683.jpg?fit=1024%2C683&ssl=1&resize=350%2C200 1x, https:\/\/i0.wp.com\/ismaelcolosi.com.br\/wp-content\/uploads\/2024\/09\/carreira-alexandre-birman-1-1024x683.jpg?fit=1024%2C683&ssl=1&resize=525%2C300 1.5x, https:\/\/i0.wp.com\/ismaelcolosi.com.br\/wp-content\/uploads\/2024\/09\/carreira-alexandre-birman-1-1024x683.jpg?fit=1024%2C683&ssl=1&resize=700%2C400 2x"},"classes":[]},{"id":44575,"url":"https:\/\/ismaelcolosi.com.br\/index.php\/2024\/03\/28\/alexandre-birman-dara-palestra-em-harvard-sobre-crescimento-e-expansao-da-arezzoco\/","url_meta":{"origin":65144,"position":2},"title":"Alexandre Birman dar\u00e1 palestra em Harvard sobre crescimento e expans\u00e3o da Arezzo&#038;Co","author":"ismaelcolosi.com.br","date":"28 de March de 2024","format":false,"excerpt":"Ale VirgilioAlexandre Birman, CEO e CCO da Arezzo&Co, dar\u00e1 palestra em Harvard Alexandre Birman ser\u00e1 um dos palestrantes da 10\u00aa edi\u00e7\u00e3o da Brazil Conference at Harvard & MIT, um dos eventos mais relevantes da \u00e1rea de educa\u00e7\u00e3o no calend\u00e1rio brasileiro, que acontece nos Estados Unidos. \u00c0 frente de um dos\u2026","rel":"","context":"In &quot;Carreira e Sucesso&quot;","block_context":{"text":"Carreira e Sucesso","link":"https:\/\/ismaelcolosi.com.br\/index.php\/category\/carreira-e-sucesso-dicas-para-carreira\/"},"img":{"alt_text":"","src":"https:\/\/i0.wp.com\/ismaelcolosi.com.br\/wp-content\/uploads\/2024\/03\/Alexandre-Birman-1024x683.jpg?fit=1024%2C683&ssl=1&resize=350%2C200","width":350,"height":200,"srcset":"https:\/\/i0.wp.com\/ismaelcolosi.com.br\/wp-content\/uploads\/2024\/03\/Alexandre-Birman-1024x683.jpg?fit=1024%2C683&ssl=1&resize=350%2C200 1x, https:\/\/i0.wp.com\/ismaelcolosi.com.br\/wp-content\/uploads\/2024\/03\/Alexandre-Birman-1024x683.jpg?fit=1024%2C683&ssl=1&resize=525%2C300 1.5x, https:\/\/i0.wp.com\/ismaelcolosi.com.br\/wp-content\/uploads\/2024\/03\/Alexandre-Birman-1024x683.jpg?fit=1024%2C683&ssl=1&resize=700%2C400 2x"},"classes":[]},{"id":42502,"url":"https:\/\/ismaelcolosi.com.br\/index.php\/2024\/03\/14\/lula-quer-mecanismos-para-baixar-preco-dos-alimentos\/","url_meta":{"origin":65144,"position":3},"title":"Lula quer mecanismos para baixar pre\u00e7o dos alimentos","author":"ismaelcolosi.com.br","date":"14 de March de 2024","format":false,"excerpt":"Por Sofia AguiarO presidente da Rep\u00fablica, Luiz In\u00e1cio Lula da Silva, afirmou que discutir\u00e1 com integrantes do governo mecanismos para a redu\u00e7\u00e3o do pre\u00e7o dos alimentos. Segundo o chefe do Executivo, a reuni\u00e3o ter\u00e1 como foco a produ\u00e7\u00e3o desses produtos.\u201cAgora pela manh\u00e3 vamos falar sobre a produ\u00e7\u00e3o de alimentos e\u2026","rel":"","context":"In &quot;Not\u00edcias de Ribeir\u00e3o Preto-SP e Regi\u00e3o&quot;","block_context":{"text":"Not\u00edcias de Ribeir\u00e3o Preto-SP e Regi\u00e3o","link":"https:\/\/ismaelcolosi.com.br\/index.php\/category\/noticias-de-ribeirao-preto-sp-e-regiao-ismael-colosi\/"},"img":{"alt_text":"","src":"https:\/\/i0.wp.com\/ismaelcolosi.com.br\/wp-content\/uploads\/2024\/03\/b186d49a-8259-11e9-b84a-00505697492c-wp-660x372-1.jpg?fit=660%2C372&ssl=1&resize=350%2C200","width":350,"height":200,"srcset":"https:\/\/i0.wp.com\/ismaelcolosi.com.br\/wp-content\/uploads\/2024\/03\/b186d49a-8259-11e9-b84a-00505697492c-wp-660x372-1.jpg?fit=660%2C372&ssl=1&resize=350%2C200 1x, https:\/\/i0.wp.com\/ismaelcolosi.com.br\/wp-content\/uploads\/2024\/03\/b186d49a-8259-11e9-b84a-00505697492c-wp-660x372-1.jpg?fit=660%2C372&ssl=1&resize=525%2C300 1.5x"},"classes":[]},{"id":1131,"url":"https:\/\/ismaelcolosi.com.br\/index.php\/2023\/11\/10\/jurado-do-jabuti-diz-que-nao-indicaria-livro-se-soubesse-que-ilustracao-foi-feita-por-ia\/","url_meta":{"origin":65144,"position":4},"title":"Jurado do Jabuti diz que n\u00e3o indicaria livro se soubesse que ilustra\u00e7\u00e3o foi feita por IA","author":"ismaelcolosi.com.br","date":"10 de November de 2023","format":false,"excerpt":"O Pr\u00eamio Jabuti, uma das mais importantes premia\u00e7\u00f5es da literatura brasileira, indicou um livro feito a partir de intelig\u00eancia artificial para a categoria de melhor ilustra\u00e7\u00e3o do ano. Os semifinalistas de 2023 foram anunciados nesta quinta-feira, 9.A obra em quest\u00e3o \u00e9 uma edi\u00e7\u00e3o do cl\u00e1ssico\u00a0Frankenstein, de Mary Shelley, lan\u00e7ado pela\u2026","rel":"","context":"In &quot;Not\u00edcias de Ribeir\u00e3o Preto-SP e Regi\u00e3o&quot;","block_context":{"text":"Not\u00edcias de Ribeir\u00e3o Preto-SP e Regi\u00e3o","link":"https:\/\/ismaelcolosi.com.br\/index.php\/category\/noticias-de-ribeirao-preto-sp-e-regiao-ismael-colosi\/"},"img":{"alt_text":"","src":"https:\/\/i0.wp.com\/ismaelcolosi.com.br\/wp-content\/uploads\/2023\/11\/inteligencia-artificial.jpg?fit=968%2C645&ssl=1&resize=350%2C200","width":350,"height":200,"srcset":"https:\/\/i0.wp.com\/ismaelcolosi.com.br\/wp-content\/uploads\/2023\/11\/inteligencia-artificial.jpg?fit=968%2C645&ssl=1&resize=350%2C200 1x, https:\/\/i0.wp.com\/ismaelcolosi.com.br\/wp-content\/uploads\/2023\/11\/inteligencia-artificial.jpg?fit=968%2C645&ssl=1&resize=525%2C300 1.5x, https:\/\/i0.wp.com\/ismaelcolosi.com.br\/wp-content\/uploads\/2023\/11\/inteligencia-artificial.jpg?fit=968%2C645&ssl=1&resize=700%2C400 2x"},"classes":[]},{"id":87768,"url":"https:\/\/ismaelcolosi.com.br\/index.php\/2025\/09\/30\/o-profissional-qualificado-pode-escolher-para-quem-e-de-onde-vai-trabalhar-diz-ceo-da-leao-group\/","url_meta":{"origin":65144,"position":5},"title":"\u201cO Profissional Qualificado Pode Escolher para Quem e de Onde Vai Trabalhar\u201d, Diz CEO da Le\u00e3o Group","author":"ismaelcolosi.com.br","date":"30 de September de 2025","format":false,"excerpt":"\r \r Leonardo Le\u00e3o, CEO e fundador da Le\u00e3o Group, durante participa\u00e7\u00e3o no ForbesCast\r Acessibilidade \r L\r L\r A-\r A+\r \r \u25d0\r \r O CEO e fundador da Le\u00e3o Group, Leonardo Le\u00e3o, participou do ForbesCast e conversou com Fernanda Almeida, editora de Forbes Mulher e Carreira, sobre mobilidade global e\u2026","rel":"","context":"In &quot;Carreira e Sucesso&quot;","block_context":{"text":"Carreira e Sucesso","link":"https:\/\/ismaelcolosi.com.br\/index.php\/category\/carreira-e-sucesso-dicas-para-carreira\/"},"img":{"alt_text":"","src":"https:\/\/i0.wp.com\/ismaelcolosi.com.br\/wp-content\/uploads\/2025\/09\/carreira-leonardo-leao-leao-group-1200x675.jpg?fit=1200%2C675&ssl=1&resize=350%2C200","width":350,"height":200,"srcset":"https:\/\/i0.wp.com\/ismaelcolosi.com.br\/wp-content\/uploads\/2025\/09\/carreira-leonardo-leao-leao-group-1200x675.jpg?fit=1200%2C675&ssl=1&resize=350%2C200 1x, https:\/\/i0.wp.com\/ismaelcolosi.com.br\/wp-content\/uploads\/2025\/09\/carreira-leonardo-leao-leao-group-1200x675.jpg?fit=1200%2C675&ssl=1&resize=525%2C300 1.5x, https:\/\/i0.wp.com\/ismaelcolosi.com.br\/wp-content\/uploads\/2025\/09\/carreira-leonardo-leao-leao-group-1200x675.jpg?fit=1200%2C675&ssl=1&resize=700%2C400 2x, https:\/\/i0.wp.com\/ismaelcolosi.com.br\/wp-content\/uploads\/2025\/09\/carreira-leonardo-leao-leao-group-1200x675.jpg?fit=1200%2C675&ssl=1&resize=1050%2C600 3x"},"classes":[]}],"jetpack_sharing_enabled":true,"jetpack_shortlink":"https:\/\/wp.me\/pfMlyK-gWI","_links":{"self":[{"href":"https:\/\/ismaelcolosi.com.br\/index.php\/wp-json\/wp\/v2\/posts\/65144","targetHints":{"allow":["GET"]}}],"collection":[{"href":"https:\/\/ismaelcolosi.com.br\/index.php\/wp-json\/wp\/v2\/posts"}],"about":[{"href":"https:\/\/ismaelcolosi.com.br\/index.php\/wp-json\/wp\/v2\/types\/post"}],"author":[{"embeddable":true,"href":"https:\/\/ismaelcolosi.com.br\/index.php\/wp-json\/wp\/v2\/users\/1"}],"replies":[{"embeddable":true,"href":"https:\/\/ismaelcolosi.com.br\/index.php\/wp-json\/wp\/v2\/comments?post=65144"}],"version-history":[{"count":0,"href":"https:\/\/ismaelcolosi.com.br\/index.php\/wp-json\/wp\/v2\/posts\/65144\/revisions"}],"wp:featuredmedia":[{"embeddable":true,"href":"https:\/\/ismaelcolosi.com.br\/index.php\/wp-json\/wp\/v2\/media\/65145"}],"wp:attachment":[{"href":"https:\/\/ismaelcolosi.com.br\/index.php\/wp-json\/wp\/v2\/media?parent=65144"}],"wp:term":[{"taxonomy":"category","embeddable":true,"href":"https:\/\/ismaelcolosi.com.br\/index.php\/wp-json\/wp\/v2\/categories?post=65144"},{"taxonomy":"post_tag","embeddable":true,"href":"https:\/\/ismaelcolosi.com.br\/index.php\/wp-json\/wp\/v2\/tags?post=65144"}],"curies":[{"name":"wp","href":"https:\/\/api.w.org\/{rel}","templated":true}]}}