{"id":65119,"date":"2024-09-10T22:37:19","date_gmt":"2024-09-11T01:37:19","guid":{"rendered":"https:\/\/ismaelcolosi.com.br\/index.php\/2024\/09\/10\/grande-redemoinho-de-poeira-e-registrado-na-regiao-de-ribeirao-veja-video\/"},"modified":"2024-09-10T22:37:19","modified_gmt":"2024-09-11T01:37:19","slug":"grande-redemoinho-de-poeira-e-registrado-na-regiao-de-ribeirao-veja-video","status":"publish","type":"post","link":"https:\/\/ismaelcolosi.com.br\/index.php\/2024\/09\/10\/grande-redemoinho-de-poeira-e-registrado-na-regiao-de-ribeirao-veja-video\/","title":{"rendered":"Grande redemoinho de poeira \u00e9 registrado na regi\u00e3o de Ribeir\u00e3o; Veja v\u00eddeo"},"content":{"rendered":"<p> <br \/>\n<\/p>\n<div data-td-block-uid=\"tdi_106\">\n<div class=\"tdb-block-inner td-fix-index\">\n<p>Um <strong>grande redemoinho de poeira<\/strong> foi registrado nesta ter\u00e7a-feira (10), pr\u00f3ximo \u00e0 rodovia Albano Baccega, que liga <strong>Sert\u00e3ozinho<\/strong> e <strong>Dumont<\/strong>, cidades na <strong>regi\u00e3o de Ribeir\u00e3o Preto<\/strong>.<\/p>\n<p>O fen\u00f4meno foi registrado pelo coordenador de produ\u00e7\u00e3o Rodrigo Lopes. Segundo ele, <span style=\"background-color:#f7cc62\" class=\"td_text_highlight_marker\"><mark style=\"background-color:rgba(0, 0, 0, 0)\" class=\"has-inline-color has-black-color\">\u00e9 <strong>comum a forma\u00e7\u00e3o de redemoinhos no local<\/strong>, contudo, <strong>s\u00e3o menores do que o filmado hoje<\/strong><\/mark><\/span> \u2013 veja o v\u00eddeo abaixo.<\/p>\n<figure class=\"wp-block-pullquote\">\n<blockquote>\n<p>Sempre tem uns, mas s\u00e3o menores. Da propor\u00e7\u00e3o que se formou hoje n\u00e3o foi normal<\/p>\n<p><cite>disse o coordenador<\/cite><\/p><\/blockquote>\n<\/figure>\n<h4 class=\"wp-block-heading\"><strong>O que \u00e9?<\/strong><\/h4>\n<p>De acordo com os meteorologistas, os redemoinhos de poeira est\u00e3o associados a uma <strong>regi\u00e3o de baixa press\u00e3o atmosf\u00e9rica<\/strong>, que gera o vento e forma uma coluna de ar com movimento circular de baixo para cima.<\/p>\n<p>O fim do <strong>inverno <\/strong>e a <strong>primavera <\/strong>s\u00e3o as \u00e9pocas mais comuns para ocorr\u00eancia do fen\u00f4meno.<span style=\"background-color:#f7cc62\" class=\"td_text_highlight_marker\"><mark style=\"background-color:rgba(0, 0, 0, 0)\" class=\"has-inline-color has-black-color\"> <strong>Por isso, tamb\u00e9m podem surgir em meio ao fogo de queimadas.<\/strong><\/mark><\/span><\/p>\n<blockquote class=\"instagram-media\" data-instgrm-permalink=\"https:\/\/www.instagram.com\/reel\/C_wZqCiO8N5\/?utm_source=ig_embed&amp;utm_campaign=loading\" data-instgrm-version=\"14\" style=\" background:#FFF; border:0; border-radius:3px; box-shadow:0 0 1px 0 rgba(0,0,0,0.5),0 1px 10px 0 rgba(0,0,0,0.15); margin: 1px; max-width:540px; min-width:326px; padding:0; width:99.375%; width:-webkit-calc(100% - 2px); width:calc(100% - 2px);\"\/>\n<hr class=\"wp-block-separator has-alpha-channel-opacity\"\/>\n<p>SAIBA MAIS<\/p>\n<p>Voepass suspende novos voos ap\u00f3s queda de avi\u00e3o no interior de SP<\/p>\n<h4 class=\"wp-block-heading\"><strong>FIQUE ON<\/strong><\/h4>\n<p>Fique ligado em tudo que acontece em Ribeir\u00e3o Preto e regi\u00e3o. Siga os perfis do<strong>\u00a0acidade on<\/strong>\u00a0no\u00a0<a href=\"https:\/\/www.instagram.com\/acidadeonribeirao\" target=\"_blank\" rel=\"noreferrer noopener\">Instagram\u00a0<\/a>e no\u00a0<a href=\"https:\/\/www.facebook.com\/acidadeonribeirao\/\" target=\"_blank\" rel=\"noreferrer noopener\">Facebook<\/a>.<\/p>\n<p>Receba not\u00edcias do\u00a0<strong>acidade on<\/strong>\u00a0no WhatsApp.\u00a0<a href=\"https:\/\/chat.whatsapp.com\/Dtv9mxhy6V5BJBotM2OQ5k\" target=\"_blank\" rel=\"noreferrer noopener\">Para entrar no grupo, basta clicar aqui.<\/a><\/p>\n<p>Fa\u00e7a uma den\u00fancia ou sugira uma reportagem sobre Ribeir\u00e3o Preto e regi\u00e3o pelo WhatsApp: 16 99117 7802.<\/p>\n<p>VEJA TAMB\u00c9M<\/p>\n<p>Onde assistir \u2018Beetlejuice\u2019?<\/p>\n<p><!-- CONTENT END 1 -->\n<\/div>\n<\/div>\n<p><script async src=\"\/\/www.instagram.com\/embed.js\"><\/script><br \/>\n<br \/><br \/>\n<br \/><a href=\"https:\/\/www.acidadeon.com\/ribeiraopreto\/cotidiano\/grande-redemoinho-de-poeira-e-registrado-na-regiao-de-ribeirao-veja-video\/\">Source link <\/a><\/p>\n","protected":false},"excerpt":{"rendered":"<p>Um grande redemoinho de poeira foi registrado nesta ter\u00e7a-feira (10), pr\u00f3ximo \u00e0 rodovia Albano Baccega, que liga Sert\u00e3ozinho e Dumont, cidades na regi\u00e3o de Ribeir\u00e3o&#8230;<\/p>\n","protected":false},"author":1,"featured_media":65120,"comment_status":"open","ping_status":"open","sticky":false,"template":"","format":"standard","meta":{"_uag_custom_page_level_css":"","advanced_seo_description":"","jetpack_seo_html_title":"","jetpack_seo_noindex":false,"jetpack_post_was_ever_published":false,"_jetpack_newsletter_access":"","_jetpack_dont_email_post_to_subs":false,"_jetpack_newsletter_tier_id":0,"_jetpack_memberships_contains_paywalled_content":false,"_jetpack_memberships_contains_paid_content":false,"footnotes":"","jetpack_publicize_message":"","jetpack_publicize_feature_enabled":true,"jetpack_social_post_already_shared":true,"jetpack_social_options":{"image_generator_settings":{"template":"highway","default_image_id":0,"font":"","enabled":false},"version":2}},"categories":[11],"tags":[],"class_list":["post-65119","post","type-post","status-publish","format-standard","has-post-thumbnail","hentry","category-noticias-de-ribeirao-preto-sp-e-regiao-ismael-colosi"],"jetpack_publicize_connections":[],"jetpack_featured_media_url":"https:\/\/i0.wp.com\/ismaelcolosi.com.br\/wp-content\/uploads\/2024\/09\/Copia-de-Copia-de-Copia-de-TAMANHO-EXATO-PARA-FOTOS-NO-SISTEMA-NOVO-46_2024-09-11_00-56-23_png_2024-09-11_00-56-23.webp.webp?fit=1200%2C675&ssl=1","uagb_featured_image_src":{"full":["https:\/\/i0.wp.com\/ismaelcolosi.com.br\/wp-content\/uploads\/2024\/09\/Copia-de-Copia-de-Copia-de-TAMANHO-EXATO-PARA-FOTOS-NO-SISTEMA-NOVO-46_2024-09-11_00-56-23_png_2024-09-11_00-56-23.webp.webp?fit=1200%2C675&ssl=1",1200,675,false],"thumbnail":["https:\/\/i0.wp.com\/ismaelcolosi.com.br\/wp-content\/uploads\/2024\/09\/Copia-de-Copia-de-Copia-de-TAMANHO-EXATO-PARA-FOTOS-NO-SISTEMA-NOVO-46_2024-09-11_00-56-23_png_2024-09-11_00-56-23.webp.webp?resize=150%2C150&ssl=1",150,150,true],"medium":["https:\/\/i0.wp.com\/ismaelcolosi.com.br\/wp-content\/uploads\/2024\/09\/Copia-de-Copia-de-Copia-de-TAMANHO-EXATO-PARA-FOTOS-NO-SISTEMA-NOVO-46_2024-09-11_00-56-23_png_2024-09-11_00-56-23.webp.webp?fit=300%2C169&ssl=1",300,169,true],"medium_large":["https:\/\/i0.wp.com\/ismaelcolosi.com.br\/wp-content\/uploads\/2024\/09\/Copia-de-Copia-de-Copia-de-TAMANHO-EXATO-PARA-FOTOS-NO-SISTEMA-NOVO-46_2024-09-11_00-56-23_png_2024-09-11_00-56-23.webp.webp?fit=768%2C432&ssl=1",768,432,true],"large":["https:\/\/i0.wp.com\/ismaelcolosi.com.br\/wp-content\/uploads\/2024\/09\/Copia-de-Copia-de-Copia-de-TAMANHO-EXATO-PARA-FOTOS-NO-SISTEMA-NOVO-46_2024-09-11_00-56-23_png_2024-09-11_00-56-23.webp.webp?fit=1024%2C576&ssl=1",1024,576,true],"1536x1536":["https:\/\/i0.wp.com\/ismaelcolosi.com.br\/wp-content\/uploads\/2024\/09\/Copia-de-Copia-de-Copia-de-TAMANHO-EXATO-PARA-FOTOS-NO-SISTEMA-NOVO-46_2024-09-11_00-56-23_png_2024-09-11_00-56-23.webp.webp?fit=1200%2C675&ssl=1",1200,675,true],"2048x2048":["https:\/\/i0.wp.com\/ismaelcolosi.com.br\/wp-content\/uploads\/2024\/09\/Copia-de-Copia-de-Copia-de-TAMANHO-EXATO-PARA-FOTOS-NO-SISTEMA-NOVO-46_2024-09-11_00-56-23_png_2024-09-11_00-56-23.webp.webp?fit=1200%2C675&ssl=1",1200,675,true],"really-simple-thumb":["https:\/\/i0.wp.com\/ismaelcolosi.com.br\/wp-content\/uploads\/2024\/09\/Copia-de-Copia-de-Copia-de-TAMANHO-EXATO-PARA-FOTOS-NO-SISTEMA-NOVO-46_2024-09-11_00-56-23_png_2024-09-11_00-56-23.webp.webp?resize=370%2C247&ssl=1",370,247,true]},"uagb_author_info":{"display_name":"ismaelcolosi.com.br","author_link":"https:\/\/ismaelcolosi.com.br\/index.php\/author\/vidareal-online\/"},"uagb_comment_info":0,"uagb_excerpt":"Um grande redemoinho de poeira foi registrado nesta ter\u00e7a-feira (10), pr\u00f3ximo \u00e0 rodovia Albano Baccega, que liga Sert\u00e3ozinho e Dumont, cidades na regi\u00e3o de Ribeir\u00e3o...","jetpack-related-posts":[{"id":64078,"url":"https:\/\/ismaelcolosi.com.br\/index.php\/2024\/09\/05\/grande-redemoinho-de-poeira-e-flagrado-na-regiao-de-ribeirao-preto-veja-video\/","url_meta":{"origin":65119,"position":0},"title":"Grande redemoinho de poeira \u00e9 flagrado na regi\u00e3o de Ribeir\u00e3o Preto; Veja v\u00eddeo","author":"ismaelcolosi.com.br","date":"5 de September de 2024","format":false,"excerpt":"Um grande redemoinho de poeira foi registrado nesta quinta (5), na Fazenda Tr\u00eas Barras, em Pitangueiras, na regi\u00e3o de Ribeir\u00e3o Preto. Assista ao v\u00eddeo abaixo. Segundo a Climatempo, o calor intenso possibilita a ocorr\u00eancia deste fen\u00f4meno. O que \u00e9? Os redemoinhos de poeira est\u00e3o associados a uma regi\u00e3o de baixa\u2026","rel":"","context":"In &quot;Not\u00edcias de Ribeir\u00e3o Preto-SP e Regi\u00e3o&quot;","block_context":{"text":"Not\u00edcias de Ribeir\u00e3o Preto-SP e Regi\u00e3o","link":"https:\/\/ismaelcolosi.com.br\/index.php\/category\/noticias-de-ribeirao-preto-sp-e-regiao-ismael-colosi\/"},"img":{"alt_text":"","src":"https:\/\/i0.wp.com\/ismaelcolosi.com.br\/wp-content\/uploads\/2024\/09\/WhatsApp-Image-2024-09-05-at-12.01.16_2024-09-05_15-01-57_jpeg_2024-09-05_15-01-57.webp.webp?fit=1200%2C1084&ssl=1&resize=350%2C200","width":350,"height":200,"srcset":"https:\/\/i0.wp.com\/ismaelcolosi.com.br\/wp-content\/uploads\/2024\/09\/WhatsApp-Image-2024-09-05-at-12.01.16_2024-09-05_15-01-57_jpeg_2024-09-05_15-01-57.webp.webp?fit=1200%2C1084&ssl=1&resize=350%2C200 1x, https:\/\/i0.wp.com\/ismaelcolosi.com.br\/wp-content\/uploads\/2024\/09\/WhatsApp-Image-2024-09-05-at-12.01.16_2024-09-05_15-01-57_jpeg_2024-09-05_15-01-57.webp.webp?fit=1200%2C1084&ssl=1&resize=525%2C300 1.5x, https:\/\/i0.wp.com\/ismaelcolosi.com.br\/wp-content\/uploads\/2024\/09\/WhatsApp-Image-2024-09-05-at-12.01.16_2024-09-05_15-01-57_jpeg_2024-09-05_15-01-57.webp.webp?fit=1200%2C1084&ssl=1&resize=700%2C400 2x, https:\/\/i0.wp.com\/ismaelcolosi.com.br\/wp-content\/uploads\/2024\/09\/WhatsApp-Image-2024-09-05-at-12.01.16_2024-09-05_15-01-57_jpeg_2024-09-05_15-01-57.webp.webp?fit=1200%2C1084&ssl=1&resize=1050%2C600 3x"},"classes":[]},{"id":60568,"url":"https:\/\/ismaelcolosi.com.br\/index.php\/2024\/08\/16\/redemoinho-de-poeira-e-registrado-na-regiao-de-ribeirao-preto-veja-o-video\/","url_meta":{"origin":65119,"position":1},"title":"Redemoinho de poeira \u00e9 registrado na regi\u00e3o de Ribeir\u00e3o Preto; Veja o v\u00eddeo","author":"ismaelcolosi.com.br","date":"16 de August de 2024","format":false,"excerpt":"Um morador de S\u00e3o Joaquim da Barra, cidade na regi\u00e3o de Ribeir\u00e3o Preto, registrou um redemoinho de poeira pr\u00f3ximo \u00e0 rodovia Anhanguera (SP-330), no come\u00e7o da tarde desta sexta-feira (16) \u2013 veja o v\u00eddeo abaixo. De acordo com a meteorologia, a temperatura elevada do ar e do solo \u00e9 o\u2026","rel":"","context":"In &quot;Not\u00edcias de Ribeir\u00e3o Preto-SP e Regi\u00e3o&quot;","block_context":{"text":"Not\u00edcias de Ribeir\u00e3o Preto-SP e Regi\u00e3o","link":"https:\/\/ismaelcolosi.com.br\/index.php\/category\/noticias-de-ribeirao-preto-sp-e-regiao-ismael-colosi\/"},"img":{"alt_text":"","src":"https:\/\/i0.wp.com\/ismaelcolosi.com.br\/wp-content\/uploads\/2024\/08\/Copia-de-Copia-de-Copia-de-TAMANHO-EXATO-PARA-FOTOS-NO-SISTEMA-NOVO-8_2024-08-16_18-08-59_png_2024-08-16_18-08-59.webp.webp?fit=1200%2C675&ssl=1&resize=350%2C200","width":350,"height":200,"srcset":"https:\/\/i0.wp.com\/ismaelcolosi.com.br\/wp-content\/uploads\/2024\/08\/Copia-de-Copia-de-Copia-de-TAMANHO-EXATO-PARA-FOTOS-NO-SISTEMA-NOVO-8_2024-08-16_18-08-59_png_2024-08-16_18-08-59.webp.webp?fit=1200%2C675&ssl=1&resize=350%2C200 1x, https:\/\/i0.wp.com\/ismaelcolosi.com.br\/wp-content\/uploads\/2024\/08\/Copia-de-Copia-de-Copia-de-TAMANHO-EXATO-PARA-FOTOS-NO-SISTEMA-NOVO-8_2024-08-16_18-08-59_png_2024-08-16_18-08-59.webp.webp?fit=1200%2C675&ssl=1&resize=525%2C300 1.5x, https:\/\/i0.wp.com\/ismaelcolosi.com.br\/wp-content\/uploads\/2024\/08\/Copia-de-Copia-de-Copia-de-TAMANHO-EXATO-PARA-FOTOS-NO-SISTEMA-NOVO-8_2024-08-16_18-08-59_png_2024-08-16_18-08-59.webp.webp?fit=1200%2C675&ssl=1&resize=700%2C400 2x, https:\/\/i0.wp.com\/ismaelcolosi.com.br\/wp-content\/uploads\/2024\/08\/Copia-de-Copia-de-Copia-de-TAMANHO-EXATO-PARA-FOTOS-NO-SISTEMA-NOVO-8_2024-08-16_18-08-59_png_2024-08-16_18-08-59.webp.webp?fit=1200%2C675&ssl=1&resize=1050%2C600 3x"},"classes":[]},{"id":57386,"url":"https:\/\/ismaelcolosi.com.br\/index.php\/2024\/07\/20\/redemoinho-e-registrado-em-ribeirao-preto-veja-o-video\/","url_meta":{"origin":65119,"position":2},"title":"Redemoinho \u00e9 registrado em Ribeir\u00e3o Preto; Veja o v\u00eddeo","author":"ismaelcolosi.com.br","date":"20 de July de 2024","format":false,"excerpt":"Um redemoinho foi registrado por um morador no Jardim Olhos D\u2019\u00c1gua, na zona Sul de Ribeir\u00e3o Preto \u2013 veja o v\u00eddeo abaixo. O flagra foi registrado por Jos\u00e9 Gal\u00e3o, na tarde da \u00faltima sexta-feira (19). Segundo os meteorologistas, os redemoinhos s\u00e3o comuns quando h\u00e1 tempo quente e seco. VEJA O\u2026","rel":"","context":"In &quot;Not\u00edcias de Ribeir\u00e3o Preto-SP e Regi\u00e3o&quot;","block_context":{"text":"Not\u00edcias de Ribeir\u00e3o Preto-SP e Regi\u00e3o","link":"https:\/\/ismaelcolosi.com.br\/index.php\/category\/noticias-de-ribeirao-preto-sp-e-regiao-ismael-colosi\/"},"img":{"alt_text":"","src":"https:\/\/i0.wp.com\/ismaelcolosi.com.br\/wp-content\/uploads\/2024\/07\/AnyConv.com__redemoinho_2024-07-20_15-48-25.webp.webp?fit=1200%2C674&ssl=1&resize=350%2C200","width":350,"height":200,"srcset":"https:\/\/i0.wp.com\/ismaelcolosi.com.br\/wp-content\/uploads\/2024\/07\/AnyConv.com__redemoinho_2024-07-20_15-48-25.webp.webp?fit=1200%2C674&ssl=1&resize=350%2C200 1x, https:\/\/i0.wp.com\/ismaelcolosi.com.br\/wp-content\/uploads\/2024\/07\/AnyConv.com__redemoinho_2024-07-20_15-48-25.webp.webp?fit=1200%2C674&ssl=1&resize=525%2C300 1.5x, https:\/\/i0.wp.com\/ismaelcolosi.com.br\/wp-content\/uploads\/2024\/07\/AnyConv.com__redemoinho_2024-07-20_15-48-25.webp.webp?fit=1200%2C674&ssl=1&resize=700%2C400 2x, https:\/\/i0.wp.com\/ismaelcolosi.com.br\/wp-content\/uploads\/2024\/07\/AnyConv.com__redemoinho_2024-07-20_15-48-25.webp.webp?fit=1200%2C674&ssl=1&resize=1050%2C600 3x"},"classes":[]},{"id":65577,"url":"https:\/\/ismaelcolosi.com.br\/index.php\/2024\/09\/12\/com-qualidade-do-ar-ruim-ribeirao-e-cidades-da-regiao-ficam-encobertas-por-fumaca\/","url_meta":{"origin":65119,"position":3},"title":"Com qualidade do ar ruim, Ribeir\u00e3o e cidades da regi\u00e3o ficam encobertas por fuma\u00e7a","author":"ismaelcolosi.com.br","date":"12 de September de 2024","format":false,"excerpt":"Ribeir\u00e3o Preto e cidades da regi\u00e3o ficaram encobertas por fuma\u00e7a, poeira e fuligem na tarde desta quinta-feira (12) \u2013 veja o v\u00eddeo abaixo. Conforme a meteorologia, o tempo seco aliado \u00e0s queimadas e o vento provocado pela movimenta\u00e7\u00e3o de uma frente fria que contribuem para a forma\u00e7\u00e3o deste cen\u00e1rio. A\u2026","rel":"","context":"In &quot;Not\u00edcias de Ribeir\u00e3o Preto-SP e Regi\u00e3o&quot;","block_context":{"text":"Not\u00edcias de Ribeir\u00e3o Preto-SP e Regi\u00e3o","link":"https:\/\/ismaelcolosi.com.br\/index.php\/category\/noticias-de-ribeirao-preto-sp-e-regiao-ismael-colosi\/"},"img":{"alt_text":"","src":"https:\/\/i0.wp.com\/ismaelcolosi.com.br\/wp-content\/uploads\/2024\/09\/2_2024-09-12_21-04-26_png_2024-09-12_21-04-26.webp.webp?fit=1200%2C675&ssl=1&resize=350%2C200","width":350,"height":200,"srcset":"https:\/\/i0.wp.com\/ismaelcolosi.com.br\/wp-content\/uploads\/2024\/09\/2_2024-09-12_21-04-26_png_2024-09-12_21-04-26.webp.webp?fit=1200%2C675&ssl=1&resize=350%2C200 1x, https:\/\/i0.wp.com\/ismaelcolosi.com.br\/wp-content\/uploads\/2024\/09\/2_2024-09-12_21-04-26_png_2024-09-12_21-04-26.webp.webp?fit=1200%2C675&ssl=1&resize=525%2C300 1.5x, https:\/\/i0.wp.com\/ismaelcolosi.com.br\/wp-content\/uploads\/2024\/09\/2_2024-09-12_21-04-26_png_2024-09-12_21-04-26.webp.webp?fit=1200%2C675&ssl=1&resize=700%2C400 2x, https:\/\/i0.wp.com\/ismaelcolosi.com.br\/wp-content\/uploads\/2024\/09\/2_2024-09-12_21-04-26_png_2024-09-12_21-04-26.webp.webp?fit=1200%2C675&ssl=1&resize=1050%2C600 3x"},"classes":[]},{"id":62006,"url":"https:\/\/ismaelcolosi.com.br\/index.php\/2024\/08\/24\/nuvem-de-fumaca-e-poeira-faz-dia-virar-noite-em-ribeirao-preto-veja-video\/","url_meta":{"origin":65119,"position":4},"title":"Nuvem de fuma\u00e7a e poeira faz dia virar noite em Ribeir\u00e3o Preto; Veja v\u00eddeo","author":"ismaelcolosi.com.br","date":"24 de August de 2024","format":false,"excerpt":"Uma nuvem de fuma\u00e7a e poeira encobriu Ribeir\u00e3o Preto no fim da tarde deste s\u00e1bado (24). Assista ao v\u00eddeo abaixo. O tempo seco aliado \u00e0s queimadas e o vento provocado pela movimenta\u00e7\u00e3o de uma frente fria contribuem para a forma\u00e7\u00e3o deste cen\u00e1rio. As condi\u00e7\u00f5es desfavor\u00e1veis do clima levaram a Prefeitura\u2026","rel":"","context":"In &quot;Not\u00edcias de Ribeir\u00e3o Preto-SP e Regi\u00e3o&quot;","block_context":{"text":"Not\u00edcias de Ribeir\u00e3o Preto-SP e Regi\u00e3o","link":"https:\/\/ismaelcolosi.com.br\/index.php\/category\/noticias-de-ribeirao-preto-sp-e-regiao-ismael-colosi\/"},"img":{"alt_text":"","src":"https:\/\/i0.wp.com\/ismaelcolosi.com.br\/wp-content\/uploads\/2024\/08\/NUVEM-POEIRA_2024-08-24_20-57-24_jpg_2024-08-24_20-57-24.webp.webp?fit=1200%2C913&ssl=1&resize=350%2C200","width":350,"height":200,"srcset":"https:\/\/i0.wp.com\/ismaelcolosi.com.br\/wp-content\/uploads\/2024\/08\/NUVEM-POEIRA_2024-08-24_20-57-24_jpg_2024-08-24_20-57-24.webp.webp?fit=1200%2C913&ssl=1&resize=350%2C200 1x, https:\/\/i0.wp.com\/ismaelcolosi.com.br\/wp-content\/uploads\/2024\/08\/NUVEM-POEIRA_2024-08-24_20-57-24_jpg_2024-08-24_20-57-24.webp.webp?fit=1200%2C913&ssl=1&resize=525%2C300 1.5x, https:\/\/i0.wp.com\/ismaelcolosi.com.br\/wp-content\/uploads\/2024\/08\/NUVEM-POEIRA_2024-08-24_20-57-24_jpg_2024-08-24_20-57-24.webp.webp?fit=1200%2C913&ssl=1&resize=700%2C400 2x, https:\/\/i0.wp.com\/ismaelcolosi.com.br\/wp-content\/uploads\/2024\/08\/NUVEM-POEIRA_2024-08-24_20-57-24_jpg_2024-08-24_20-57-24.webp.webp?fit=1200%2C913&ssl=1&resize=1050%2C600 3x"},"classes":[]},{"id":2995,"url":"https:\/\/ismaelcolosi.com.br\/index.php\/2023\/11\/16\/apos-calorao-tempestade-de-terra-atinge-ribeirao-preto-sp-veja-video\/","url_meta":{"origin":65119,"position":5},"title":"Ap\u00f3s calor\u00e3o, tempestade de terra atinge Ribeir\u00e3o Preto (SP); veja v\u00eddeo","author":"ismaelcolosi.com.br","date":"16 de November de 2023","format":false,"excerpt":"Uma tempestade de terra tomou a cidade de Ribeir\u00e3o Preto, no interior de S\u00e3o Paulo, na tarde de quarta-feira (15). Imagens registradas por moradores mostram o c\u00e9u coberto de uma poeira avermelhada.Segundo a Defesa Civil do munic\u00edpio, as fortes rajadas de vento ocasionaram quedas de \u00e1rvores e a tempestade de\u2026","rel":"","context":"In &quot;Not\u00edcias de Ribeir\u00e3o Preto-SP e Regi\u00e3o&quot;","block_context":{"text":"Not\u00edcias de Ribeir\u00e3o Preto-SP e Regi\u00e3o","link":"https:\/\/ismaelcolosi.com.br\/index.php\/category\/noticias-de-ribeirao-preto-sp-e-regiao-ismael-colosi\/"},"img":{"alt_text":"","src":"https:\/\/i0.wp.com\/ismaelcolosi.com.br\/wp-content\/uploads\/2023\/11\/TEMPESTADE-AREIA.jpg?fit=1200%2C673&ssl=1&resize=350%2C200","width":350,"height":200,"srcset":"https:\/\/i0.wp.com\/ismaelcolosi.com.br\/wp-content\/uploads\/2023\/11\/TEMPESTADE-AREIA.jpg?fit=1200%2C673&ssl=1&resize=350%2C200 1x, https:\/\/i0.wp.com\/ismaelcolosi.com.br\/wp-content\/uploads\/2023\/11\/TEMPESTADE-AREIA.jpg?fit=1200%2C673&ssl=1&resize=525%2C300 1.5x, https:\/\/i0.wp.com\/ismaelcolosi.com.br\/wp-content\/uploads\/2023\/11\/TEMPESTADE-AREIA.jpg?fit=1200%2C673&ssl=1&resize=700%2C400 2x, https:\/\/i0.wp.com\/ismaelcolosi.com.br\/wp-content\/uploads\/2023\/11\/TEMPESTADE-AREIA.jpg?fit=1200%2C673&ssl=1&resize=1050%2C600 3x"},"classes":[]}],"jetpack_sharing_enabled":true,"jetpack_shortlink":"https:\/\/wp.me\/pfMlyK-gWj","_links":{"self":[{"href":"https:\/\/ismaelcolosi.com.br\/index.php\/wp-json\/wp\/v2\/posts\/65119","targetHints":{"allow":["GET"]}}],"collection":[{"href":"https:\/\/ismaelcolosi.com.br\/index.php\/wp-json\/wp\/v2\/posts"}],"about":[{"href":"https:\/\/ismaelcolosi.com.br\/index.php\/wp-json\/wp\/v2\/types\/post"}],"author":[{"embeddable":true,"href":"https:\/\/ismaelcolosi.com.br\/index.php\/wp-json\/wp\/v2\/users\/1"}],"replies":[{"embeddable":true,"href":"https:\/\/ismaelcolosi.com.br\/index.php\/wp-json\/wp\/v2\/comments?post=65119"}],"version-history":[{"count":0,"href":"https:\/\/ismaelcolosi.com.br\/index.php\/wp-json\/wp\/v2\/posts\/65119\/revisions"}],"wp:featuredmedia":[{"embeddable":true,"href":"https:\/\/ismaelcolosi.com.br\/index.php\/wp-json\/wp\/v2\/media\/65120"}],"wp:attachment":[{"href":"https:\/\/ismaelcolosi.com.br\/index.php\/wp-json\/wp\/v2\/media?parent=65119"}],"wp:term":[{"taxonomy":"category","embeddable":true,"href":"https:\/\/ismaelcolosi.com.br\/index.php\/wp-json\/wp\/v2\/categories?post=65119"},{"taxonomy":"post_tag","embeddable":true,"href":"https:\/\/ismaelcolosi.com.br\/index.php\/wp-json\/wp\/v2\/tags?post=65119"}],"curies":[{"name":"wp","href":"https:\/\/api.w.org\/{rel}","templated":true}]}}