{"id":65099,"date":"2024-09-10T19:28:37","date_gmt":"2024-09-10T22:28:37","guid":{"rendered":"https:\/\/ismaelcolosi.com.br\/index.php\/2024\/09\/10\/barretos-tera-debate-de-candidatos-a-prefeito-em-evento-promovido-pelo-grupo-ep\/"},"modified":"2024-09-10T19:28:37","modified_gmt":"2024-09-10T22:28:37","slug":"barretos-tera-debate-de-candidatos-a-prefeito-em-evento-promovido-pelo-grupo-ep","status":"publish","type":"post","link":"https:\/\/ismaelcolosi.com.br\/index.php\/2024\/09\/10\/barretos-tera-debate-de-candidatos-a-prefeito-em-evento-promovido-pelo-grupo-ep\/","title":{"rendered":"Barretos ter\u00e1 debate de candidatos a prefeito em evento promovido pelo Grupo EP"},"content":{"rendered":"<p> <br \/>\n<\/p>\n<div>\n<figure class=\"wp-block-embed is-type-video is-provider-youtube wp-block-embed-youtube wp-embed-aspect-4-3 wp-has-aspect-ratio\">\n<div class=\"wp-block-embed__wrapper\">\n<p><iframe loading=\"lazy\" title=\"DEBATE DOS CANDIDATOS A PREFEITURA DE BARRETOS\" width=\"500\" height=\"375\" src=\"https:\/\/www.youtube.com\/embed\/UGfh6PgS4oI?feature=oembed\" frameborder=\"0\" allow=\"accelerometer; autoplay; clipboard-write; encrypted-media; gyroscope; picture-in-picture; web-share\" referrerpolicy=\"strict-origin-when-cross-origin\" allowfullscreen><\/iframe><\/p>\n<\/div>\n<\/figure>\n<p>O <strong>Grupo EP<\/strong> realiza, como parte de sua maior cobertura eleitoral, um <mark style=\"background-color:#fcb900\" class=\"has-inline-color has-black-color\">debate entre os candidatos \u00e0 <strong>Prefeitura de Barretos<\/strong>, no dia 11 de setembro, \u00e0s 14h30. <\/mark>O embate ser\u00e1 transmitido ao vivo pelo portal <strong><a href=\"https:\/\/g1.globo.com\/sp\/ribeirao-preto-franca\/\" target=\"_blank\" rel=\"noreferrer noopener nofollow\">g1 Ribeir\u00e3o Preto e Franca<\/a><\/strong>, <strong><a href=\"https:\/\/www.cbnribeirao.com.br\/\" target=\"_blank\" rel=\"noreferrer noopener nofollow\">CBN Ribeir\u00e3o Preto<\/a><\/strong> (r\u00e1dio FM e canal de YouTube) e site e canal de<a href=\"https:\/\/www.youtube.com\/live\/UGfh6PgS4oI\" target=\"_blank\" rel=\"noreferrer noopener nofollow\"> YouTube <\/a>do portal acidade on Ribeir\u00e3o Preto.<\/p>\n<p>Todos os tr\u00eas candidatos anunciados ap\u00f3s as conven\u00e7\u00f5es foram convidados. S\u00e3o eles: <strong>Dr Emanoel (DC)<\/strong>, <strong>Raphael Oliveira (PP)<\/strong> e <strong>Odair Silva (Republicanos) <\/strong>\u2013 na \u00faltima semana, a Justi\u00e7a Eleitoral indeferiu o registro de candidatura de Dr Emanoel e ele <mark style=\"background-color:#fcb900\" class=\"has-inline-color has-black-color\">foi substitu\u00eddo pela ent\u00e3o candidata a vice na chapa <strong>Tatiane Muzetti (PSDB)<\/strong>.<\/mark><\/p>\n<p>Os debates ficar\u00e3o dispon\u00edveis na \u00edntegra nos portais<strong> g1<\/strong>, <strong>acidade on<\/strong> e canal do YouTube da r\u00e1dio <strong>CBN<\/strong> para aqueles que n\u00e3o conseguirem acompanhar ao vivo.<\/p>\n<p>Com apura\u00e7\u00e3o em tempo real e lives semanais e no dia da elei\u00e7\u00e3o, os ve\u00edculos do<strong> Grupo EP <\/strong>transmitir\u00e3o, ainda, 28 debates, das sete cidades com o maior n\u00famero de eleitores em cada regi\u00e3o de abrang\u00eancia: <strong>Campinas<\/strong>, <strong>S\u00e3o Carlos<\/strong>, <strong>Ribeir\u00e3o Preto <\/strong>e <strong>Varginha-MG<\/strong>.<\/p>\n<p>Neste ano, a cobertura das elei\u00e7\u00f5es do<strong> Grupo EP<\/strong> conta com o trabalho de uma extensa equipe de cerca de 400 jornalistas dos ve\u00edculos da empresa. Lana Torres, gerente de Jornalismo do portal g1, comenta a amplia\u00e7\u00e3o da cobertura.<\/p>\n<p>\u201cA realiza\u00e7\u00e3o dos debates para outras cidades por meio dos ve\u00edculos do <strong>Grupo EP<\/strong> significa, para n\u00f3s, ampliar o acesso a um subs\u00eddio importante e muitas vezes determinante para os eleitores na tomada de decis\u00e3o sobre quem merece assumir a gest\u00e3o municipal\u201d.<\/p>\n<p>Eliel Almeida, gerente de Jornalismo da<strong> CBN Campinas<\/strong>, tamb\u00e9m ressalta que transmitir o debate em todas as m\u00eddias de jornalismo do <strong>Grupo EP<\/strong>, democratiza o acesso \u00e0 informa\u00e7\u00e3o, pois, dessa forma, consegue alcan\u00e7ar o p\u00fablico onde quer que ele esteja.<\/p>\n<p>\u201cO debate \u00e9 uma ferramenta \u00fatil e que aproxima os candidatos da popula\u00e7\u00e3o. Conhecer as ideias, ver quais s\u00e3o os planos para cada \u00e1rea dos munic\u00edpios e, principalmente, a vis\u00e3o dos candidatos, coloca o eleitor em uma posi\u00e7\u00e3o confort\u00e1vel para analisar, pensar e fazer a escolha que achar mais segura para os rumos dos seus munic\u00edpios\u201d.<\/p>\n<p>\u201cO evento \u00e9 parte daquela que ser\u00e1 a maior cobertura eleitoral da hist\u00f3ria do grupo e contar\u00e1, ainda, com entrevistas, programas ao vivo, interatividade e verifica\u00e7\u00e3o de fatos\u201d, ressalta Marcelo Fontes, coordenador de Programa\u00e7\u00e3o e M\u00eddias Digitais da <strong>EPTV Ribeir\u00e3o Preto<\/strong>.<\/p>\n<p>O<strong> g1 Ribeir\u00e3o Preto e Franca<\/strong> transmite, \u00e0s 10h05, desde 2 de setembro, entrevistas com candidatos de Ribeir\u00e3o Preto. Na <strong>EPTV<\/strong> e no <strong>acidade on<\/strong>, as entrevistas de candidatos de Franca come\u00e7aram no dia 9 de setembro, \u00e0s 11h45, e de Ribeir\u00e3o Preto t\u00eam in\u00edcio a partir de 23 de setembro no mesmo hor\u00e1rio.<\/p>\n<h4 class=\"wp-block-heading\"><strong>Din\u00e2mica do debate<\/strong><\/h4>\n<p>A din\u00e2mica do debate de Bebedouro foi definida em reuni\u00e3o com representantes das candidaturas na sede da emissora, em Ribeir\u00e3o Preto. Com a concord\u00e2ncia de todas as candidaturas, o debate ser\u00e1 dividido em cinco blocos:<\/p>\n<p><strong>Bloco livre:<\/strong> candidato pergunta para candidato sem tema pr\u00e9-definido;<\/p>\n<p><strong>Bloco com jornalistas: <\/strong>jornalistas do <strong>Grupo EP <\/strong>formulam perguntas e os candidatos respondem e comentam;<\/p>\n<p><strong>Bloco tema \u00fanico: <\/strong>candidato pergunta para candidato com tema \u00fanico escolhido por internautas em enquete no <strong>g1<\/strong>;<\/p>\n<p><strong>Bloco livre: <\/strong>candidato pergunta para candidato sem tema pr\u00e9-definido;<\/p>\n<p><strong>Bloco tema \u00fanico e considera\u00e7\u00f5es finais:<\/strong> candidato pergunta para candidato com tema \u00fanico escolhido por internautas em enquete no<strong> g1<\/strong>. Ao final, ter\u00e3o um tempo para considera\u00e7\u00f5es finais.<\/p>\n<p>Nos blocos livre e tem\u00e1tico a divis\u00e3o do tempo ficou da seguinte forma:<\/p>\n<p><strong>Pergunta:<\/strong> 30 segundos<\/p>\n<p><strong>Resposta: <\/strong>1 minuto e 30 segundos<\/p>\n<p><strong>R\u00e9plica:<\/strong> 30 segundos<\/p>\n<p><strong>Tr\u00e9plica: <\/strong>30 segundos<\/p>\n<p>Por sua vez, no bloco com jornalistas, um candidato \u00e9 questionado e um segundo, a ser sorteado, comenta, com a seguinte divis\u00e3o de tempo:<\/p>\n<p><strong>Pergunta do jornalista: <\/strong>30 segundos<\/p>\n<p><strong>Resposta:<\/strong> 1 minuto e 30 segundos<\/p>\n<p><strong>Coment\u00e1rio de outro candidato:<\/strong> 30 segundos<\/p>\n<p><strong>R\u00e9plica do candidato que respondeu:<\/strong> 30 segundos<\/p>\n<p>Antes de encerrar o quinto bloco, os candidatos ainda ter\u00e3o 1 minuto, cada, para considera\u00e7\u00f5es finais.<\/p>\n<h4 class=\"wp-block-heading\"><strong>Servi\u00e7o \u2013 Debate Barretos<\/strong><\/h4>\n<p>Data: 11 de setembro<\/p>\n<p>Hora: 14h30<\/p>\n<p>Transmiss\u00e3o: portal<strong> g1 Ribeir\u00e3o Preto e Franca<\/strong>, <strong>CBN Ribeir\u00e3o Preto<\/strong> (r\u00e1dio e YouTube) e site e canal de YouTube do portal <strong>acidade on Ribeir\u00e3o Preto<\/strong><\/p>\n<p>SAIBA MAIS<br \/>Saiba o estado de sa\u00fade das v\u00edtimas do ataque a carro-forte na regi\u00e3o de Ribeir\u00e3o<\/p>\n<h4 class=\"wp-block-heading\"><strong>FIQUE ON<\/strong><\/h4>\n<p>Fique ligado em tudo que acontece em Ribeir\u00e3o Preto e regi\u00e3o. Siga os perfis do<strong>\u00a0acidade on<\/strong>\u00a0no\u00a0<a href=\"https:\/\/www.instagram.com\/acidadeonribeirao\" target=\"_blank\" rel=\"noreferrer noopener\">Instagram\u00a0<\/a>e no\u00a0<a href=\"https:\/\/www.facebook.com\/acidadeonribeirao\/\" target=\"_blank\" rel=\"noreferrer noopener\">Facebook<\/a>.<\/p>\n<p>Receba not\u00edcias do\u00a0<strong>acidade on<\/strong>\u00a0no WhatsApp.\u00a0<a href=\"https:\/\/chat.whatsapp.com\/Dtv9mxhy6V5BJBotM2OQ5k\" target=\"_blank\" rel=\"noreferrer noopener\">Para entrar no grupo, basta clicar aqui.<\/a><\/p>\n<p>Fa\u00e7a uma den\u00fancia ou sugira uma reportagem sobre Ribeir\u00e3o Preto e regi\u00e3o pelo WhatsApp: 16 99117 7802.<\/p>\n<p>VEJA TAMB\u00c9M<br \/>Quando vai chover em SP? Estado est\u00e1 em \u2018Alerta Vermelho\u2019<\/p>\n<p><!-- CONTENT END 1 -->\n<\/div>\n<p><script async src=\"\/\/www.instagram.com\/embed.js\"><\/script><br \/>\n<br \/><br \/>\n<br \/><a href=\"https:\/\/www.acidadeon.com\/ribeiraopreto\/politica\/eleicoes\/barretos-tera-debate-candidatos-a-prefeito-em-evento-promovido-pelo-grupo-ep\/\">Source link <\/a><\/p>\n","protected":false},"excerpt":{"rendered":"<p>O Grupo EP realiza, como parte de sua maior cobertura eleitoral, um debate entre os candidatos \u00e0 Prefeitura de Barretos, no dia 11 de setembro,&#8230;<\/p>\n","protected":false},"author":1,"featured_media":65100,"comment_status":"open","ping_status":"open","sticky":false,"template":"","format":"standard","meta":{"_uag_custom_page_level_css":"","advanced_seo_description":"","jetpack_seo_html_title":"","jetpack_seo_noindex":false,"jetpack_post_was_ever_published":false,"_jetpack_newsletter_access":"","_jetpack_dont_email_post_to_subs":false,"_jetpack_newsletter_tier_id":0,"_jetpack_memberships_contains_paywalled_content":false,"_jetpack_memberships_contains_paid_content":false,"footnotes":"","jetpack_publicize_message":"","jetpack_publicize_feature_enabled":true,"jetpack_social_post_already_shared":true,"jetpack_social_options":{"image_generator_settings":{"template":"highway","default_image_id":0,"font":"","enabled":false},"version":2}},"categories":[11],"tags":[],"class_list":["post-65099","post","type-post","status-publish","format-standard","has-post-thumbnail","hentry","category-noticias-de-ribeirao-preto-sp-e-regiao-ismael-colosi"],"jetpack_publicize_connections":[],"jetpack_featured_media_url":"https:\/\/i0.wp.com\/ismaelcolosi.com.br\/wp-content\/uploads\/2024\/09\/barretos_2024-09-10_22-06-18_jpeg_2024-09-10_22-06-19.webp.webp?fit=1600%2C899&ssl=1","uagb_featured_image_src":{"full":["https:\/\/i0.wp.com\/ismaelcolosi.com.br\/wp-content\/uploads\/2024\/09\/barretos_2024-09-10_22-06-18_jpeg_2024-09-10_22-06-19.webp.webp?fit=1600%2C899&ssl=1",1600,899,false],"thumbnail":["https:\/\/i0.wp.com\/ismaelcolosi.com.br\/wp-content\/uploads\/2024\/09\/barretos_2024-09-10_22-06-18_jpeg_2024-09-10_22-06-19.webp.webp?resize=150%2C150&ssl=1",150,150,true],"medium":["https:\/\/i0.wp.com\/ismaelcolosi.com.br\/wp-content\/uploads\/2024\/09\/barretos_2024-09-10_22-06-18_jpeg_2024-09-10_22-06-19.webp.webp?fit=300%2C169&ssl=1",300,169,true],"medium_large":["https:\/\/i0.wp.com\/ismaelcolosi.com.br\/wp-content\/uploads\/2024\/09\/barretos_2024-09-10_22-06-18_jpeg_2024-09-10_22-06-19.webp.webp?fit=768%2C432&ssl=1",768,432,true],"large":["https:\/\/i0.wp.com\/ismaelcolosi.com.br\/wp-content\/uploads\/2024\/09\/barretos_2024-09-10_22-06-18_jpeg_2024-09-10_22-06-19.webp.webp?fit=1024%2C575&ssl=1",1024,575,true],"1536x1536":["https:\/\/i0.wp.com\/ismaelcolosi.com.br\/wp-content\/uploads\/2024\/09\/barretos_2024-09-10_22-06-18_jpeg_2024-09-10_22-06-19.webp.webp?fit=1536%2C863&ssl=1",1536,863,true],"2048x2048":["https:\/\/i0.wp.com\/ismaelcolosi.com.br\/wp-content\/uploads\/2024\/09\/barretos_2024-09-10_22-06-18_jpeg_2024-09-10_22-06-19.webp.webp?fit=1600%2C899&ssl=1",1600,899,true],"really-simple-thumb":["https:\/\/i0.wp.com\/ismaelcolosi.com.br\/wp-content\/uploads\/2024\/09\/barretos_2024-09-10_22-06-18_jpeg_2024-09-10_22-06-19.webp.webp?resize=370%2C247&ssl=1",370,247,true]},"uagb_author_info":{"display_name":"ismaelcolosi.com.br","author_link":"https:\/\/ismaelcolosi.com.br\/index.php\/author\/vidareal-online\/"},"uagb_comment_info":0,"uagb_excerpt":"O Grupo EP realiza, como parte de sua maior cobertura eleitoral, um debate entre os candidatos \u00e0 Prefeitura de Barretos, no dia 11 de setembro,...","jetpack-related-posts":[{"id":65221,"url":"https:\/\/ismaelcolosi.com.br\/index.php\/2024\/09\/11\/acompanhe-o-debate-entre-os-candidatos-a-prefeitura-de-barretos\/","url_meta":{"origin":65099,"position":0},"title":"Acompanhe o debate entre os candidatos \u00e0 Prefeitura de Barretos","author":"ismaelcolosi.com.br","date":"11 de September de 2024","format":false,"excerpt":"Nesta quarta-feira (11), a partir das 14h30, os candidatos \u00e0 Prefeitura de Barretos participam do debate realizado pelo Grupo EP. O embate ser\u00e1 transmitido ao vivo pelo portal e canal no YouTube do acidade on Ribeir\u00e3o, pelo portal g1 Ribeir\u00e3o Preto e Franca e pela r\u00e1dio CBN Ribeir\u00e3o Preto (r\u00e1dio\u2026","rel":"","context":"In &quot;Not\u00edcias de Ribeir\u00e3o Preto-SP e Regi\u00e3o&quot;","block_context":{"text":"Not\u00edcias de Ribeir\u00e3o Preto-SP e Regi\u00e3o","link":"https:\/\/ismaelcolosi.com.br\/index.php\/category\/noticias-de-ribeirao-preto-sp-e-regiao-ismael-colosi\/"},"img":{"alt_text":"","src":"https:\/\/i0.wp.com\/ismaelcolosi.com.br\/wp-content\/uploads\/2024\/09\/barretos_2024-09-10_22-06-18_jpeg_2024-09-10_22-06-19.webp.webp?fit=1200%2C674&ssl=1&resize=350%2C200","width":350,"height":200,"srcset":"https:\/\/i0.wp.com\/ismaelcolosi.com.br\/wp-content\/uploads\/2024\/09\/barretos_2024-09-10_22-06-18_jpeg_2024-09-10_22-06-19.webp.webp?fit=1200%2C674&ssl=1&resize=350%2C200 1x, https:\/\/i0.wp.com\/ismaelcolosi.com.br\/wp-content\/uploads\/2024\/09\/barretos_2024-09-10_22-06-18_jpeg_2024-09-10_22-06-19.webp.webp?fit=1200%2C674&ssl=1&resize=525%2C300 1.5x, https:\/\/i0.wp.com\/ismaelcolosi.com.br\/wp-content\/uploads\/2024\/09\/barretos_2024-09-10_22-06-18_jpeg_2024-09-10_22-06-19.webp.webp?fit=1200%2C674&ssl=1&resize=700%2C400 2x, https:\/\/i0.wp.com\/ismaelcolosi.com.br\/wp-content\/uploads\/2024\/09\/barretos_2024-09-10_22-06-18_jpeg_2024-09-10_22-06-19.webp.webp?fit=1200%2C674&ssl=1&resize=1050%2C600 3x"},"classes":[]},{"id":65252,"url":"https:\/\/ismaelcolosi.com.br\/index.php\/2024\/09\/11\/ao-vivo-acompanhe-o-debate-entre-os-candidatos-a-prefeitura-de-barretos\/","url_meta":{"origin":65099,"position":1},"title":"AO VIVO: Acompanhe o debate entre os candidatos \u00e0 Prefeitura de Barretos","author":"ismaelcolosi.com.br","date":"11 de September de 2024","format":false,"excerpt":"Nesta quarta-feira (11), a partir das 14h30, os candidatos \u00e0 Prefeitura de Barretos participam do debate realizado pelo Grupo EP. O embate ser\u00e1 transmitido ao vivo pelo portal e canal no YouTube do acidade on Ribeir\u00e3o, pelo portal g1 Ribeir\u00e3o Preto e Franca e pela r\u00e1dio CBN Ribeir\u00e3o Preto (r\u00e1dio\u2026","rel":"","context":"In &quot;Not\u00edcias de Ribeir\u00e3o Preto-SP e Regi\u00e3o&quot;","block_context":{"text":"Not\u00edcias de Ribeir\u00e3o Preto-SP e Regi\u00e3o","link":"https:\/\/ismaelcolosi.com.br\/index.php\/category\/noticias-de-ribeirao-preto-sp-e-regiao-ismael-colosi\/"},"img":{"alt_text":"","src":"https:\/\/i0.wp.com\/ismaelcolosi.com.br\/wp-content\/uploads\/2024\/09\/barretos_2024-09-10_22-06-18_jpeg_2024-09-10_22-06-19.webp.webp?fit=1200%2C674&ssl=1&resize=350%2C200","width":350,"height":200,"srcset":"https:\/\/i0.wp.com\/ismaelcolosi.com.br\/wp-content\/uploads\/2024\/09\/barretos_2024-09-10_22-06-18_jpeg_2024-09-10_22-06-19.webp.webp?fit=1200%2C674&ssl=1&resize=350%2C200 1x, https:\/\/i0.wp.com\/ismaelcolosi.com.br\/wp-content\/uploads\/2024\/09\/barretos_2024-09-10_22-06-18_jpeg_2024-09-10_22-06-19.webp.webp?fit=1200%2C674&ssl=1&resize=525%2C300 1.5x, https:\/\/i0.wp.com\/ismaelcolosi.com.br\/wp-content\/uploads\/2024\/09\/barretos_2024-09-10_22-06-18_jpeg_2024-09-10_22-06-19.webp.webp?fit=1200%2C674&ssl=1&resize=700%2C400 2x, https:\/\/i0.wp.com\/ismaelcolosi.com.br\/wp-content\/uploads\/2024\/09\/barretos_2024-09-10_22-06-18_jpeg_2024-09-10_22-06-19.webp.webp?fit=1200%2C674&ssl=1&resize=1050%2C600 3x"},"classes":[]},{"id":65321,"url":"https:\/\/ismaelcolosi.com.br\/index.php\/2024\/09\/11\/veja-o-que-os-candidatos-a-prefeitura-de-barretos-falaram-sobre-o-debate\/","url_meta":{"origin":65099,"position":2},"title":"Veja o que os candidatos \u00e0 Prefeitura de Barretos falaram sobre o debate","author":"ismaelcolosi.com.br","date":"11 de September de 2024","format":false,"excerpt":"Os candidatos \u00e0 Prefeitura de Barretos participaram do debate realizado pelo Grupo EP, na tarde desta quarta-feira (11). O embate foi transmitido ao vivo pelo portal e canal no YouTube do acidade on Ribeir\u00e3o, pelo portal g1 Ribeir\u00e3o Preto e Franca e pela r\u00e1dio CBN Ribeir\u00e3o Preto (r\u00e1dio FM e\u2026","rel":"","context":"In &quot;Not\u00edcias de Ribeir\u00e3o Preto-SP e Regi\u00e3o&quot;","block_context":{"text":"Not\u00edcias de Ribeir\u00e3o Preto-SP e Regi\u00e3o","link":"https:\/\/ismaelcolosi.com.br\/index.php\/category\/noticias-de-ribeirao-preto-sp-e-regiao-ismael-colosi\/"},"img":{"alt_text":"","src":"https:\/\/i0.wp.com\/ismaelcolosi.com.br\/wp-content\/uploads\/2024\/09\/debate-barretos_2024-09-11_20-28-18_jpeg_2024-09-11_20-28-18.webp.webp?fit=1200%2C539&ssl=1&resize=350%2C200","width":350,"height":200,"srcset":"https:\/\/i0.wp.com\/ismaelcolosi.com.br\/wp-content\/uploads\/2024\/09\/debate-barretos_2024-09-11_20-28-18_jpeg_2024-09-11_20-28-18.webp.webp?fit=1200%2C539&ssl=1&resize=350%2C200 1x, https:\/\/i0.wp.com\/ismaelcolosi.com.br\/wp-content\/uploads\/2024\/09\/debate-barretos_2024-09-11_20-28-18_jpeg_2024-09-11_20-28-18.webp.webp?fit=1200%2C539&ssl=1&resize=525%2C300 1.5x, https:\/\/i0.wp.com\/ismaelcolosi.com.br\/wp-content\/uploads\/2024\/09\/debate-barretos_2024-09-11_20-28-18_jpeg_2024-09-11_20-28-18.webp.webp?fit=1200%2C539&ssl=1&resize=700%2C400 2x, https:\/\/i0.wp.com\/ismaelcolosi.com.br\/wp-content\/uploads\/2024\/09\/debate-barretos_2024-09-11_20-28-18_jpeg_2024-09-11_20-28-18.webp.webp?fit=1200%2C539&ssl=1&resize=1050%2C600 3x"},"classes":[]},{"id":63630,"url":"https:\/\/ismaelcolosi.com.br\/index.php\/2024\/09\/03\/bebedouro-tera-debate-de-candidatos-a-prefeito-em-evento-promovido-pelo-grupo-ep\/","url_meta":{"origin":65099,"position":3},"title":"Bebedouro ter\u00e1 debate de candidatos a prefeito em evento promovido pelo Grupo EP","author":"ismaelcolosi.com.br","date":"3 de September de 2024","format":false,"excerpt":"O Grupo EP realiza, como parte de sua maior cobertura eleitoral, um debate entre os candidatos \u00e0 Prefeitura de Bebedouro, no dia 4 de setembro, \u00e0s 14h30. O embate ser\u00e1 transmitido ao vivo pelo portal g1 Ribeir\u00e3o Preto e Franca, CBN Ribeir\u00e3o Preto (r\u00e1dio FM e canal de\u00a0 youtube) e\u2026","rel":"","context":"In &quot;Not\u00edcias de Ribeir\u00e3o Preto-SP e Regi\u00e3o&quot;","block_context":{"text":"Not\u00edcias de Ribeir\u00e3o Preto-SP e Regi\u00e3o","link":"https:\/\/ismaelcolosi.com.br\/index.php\/category\/noticias-de-ribeirao-preto-sp-e-regiao-ismael-colosi\/"},"img":{"alt_text":"","src":"https:\/\/i0.wp.com\/ismaelcolosi.com.br\/wp-content\/uploads\/2024\/09\/debate-bebedouro_2024-09-03_13-48-58_jpeg_2024-09-03_13-48-58.webp.webp?fit=1200%2C674&ssl=1&resize=350%2C200","width":350,"height":200,"srcset":"https:\/\/i0.wp.com\/ismaelcolosi.com.br\/wp-content\/uploads\/2024\/09\/debate-bebedouro_2024-09-03_13-48-58_jpeg_2024-09-03_13-48-58.webp.webp?fit=1200%2C674&ssl=1&resize=350%2C200 1x, https:\/\/i0.wp.com\/ismaelcolosi.com.br\/wp-content\/uploads\/2024\/09\/debate-bebedouro_2024-09-03_13-48-58_jpeg_2024-09-03_13-48-58.webp.webp?fit=1200%2C674&ssl=1&resize=525%2C300 1.5x, https:\/\/i0.wp.com\/ismaelcolosi.com.br\/wp-content\/uploads\/2024\/09\/debate-bebedouro_2024-09-03_13-48-58_jpeg_2024-09-03_13-48-58.webp.webp?fit=1200%2C674&ssl=1&resize=700%2C400 2x, https:\/\/i0.wp.com\/ismaelcolosi.com.br\/wp-content\/uploads\/2024\/09\/debate-bebedouro_2024-09-03_13-48-58_jpeg_2024-09-03_13-48-58.webp.webp?fit=1200%2C674&ssl=1&resize=1050%2C600 3x"},"classes":[]},{"id":62398,"url":"https:\/\/ismaelcolosi.com.br\/index.php\/2024\/08\/27\/jaboticabal-tera-debate-de-candidatos-em-evento-promovido-pelo-grupo-ep\/","url_meta":{"origin":65099,"position":4},"title":"Jaboticabal ter\u00e1 debate de candidatos em evento promovido pelo Grupo EP","author":"ismaelcolosi.com.br","date":"27 de August de 2024","format":false,"excerpt":"O Grupo EP realiza, como parte de sua maior cobertura eleitoral, um debate entre os candidatos \u00e0 Prefeitura de Jaboticabal, na quarta-feira, dia 28 de agosto, \u00e0s 14h30. O embate ser\u00e1 transmitido ao vivo pelo portal g1 Ribeir\u00e3o Preto e Franca, CBN Ribeir\u00e3o Preto (r\u00e1dio FM e canal de\u00a0 youtube)\u2026","rel":"","context":"In &quot;Not\u00edcias de Ribeir\u00e3o Preto-SP e Regi\u00e3o&quot;","block_context":{"text":"Not\u00edcias de Ribeir\u00e3o Preto-SP e Regi\u00e3o","link":"https:\/\/ismaelcolosi.com.br\/index.php\/category\/noticias-de-ribeirao-preto-sp-e-regiao-ismael-colosi\/"},"img":{"alt_text":"","src":"https:\/\/i0.wp.com\/ismaelcolosi.com.br\/wp-content\/uploads\/2024\/08\/debate-jaboticabal_2024-08-27_15-05-01_jpeg_2024-08-27_15-05-01.webp.webp?fit=1200%2C674&ssl=1&resize=350%2C200","width":350,"height":200,"srcset":"https:\/\/i0.wp.com\/ismaelcolosi.com.br\/wp-content\/uploads\/2024\/08\/debate-jaboticabal_2024-08-27_15-05-01_jpeg_2024-08-27_15-05-01.webp.webp?fit=1200%2C674&ssl=1&resize=350%2C200 1x, https:\/\/i0.wp.com\/ismaelcolosi.com.br\/wp-content\/uploads\/2024\/08\/debate-jaboticabal_2024-08-27_15-05-01_jpeg_2024-08-27_15-05-01.webp.webp?fit=1200%2C674&ssl=1&resize=525%2C300 1.5x, https:\/\/i0.wp.com\/ismaelcolosi.com.br\/wp-content\/uploads\/2024\/08\/debate-jaboticabal_2024-08-27_15-05-01_jpeg_2024-08-27_15-05-01.webp.webp?fit=1200%2C674&ssl=1&resize=700%2C400 2x, https:\/\/i0.wp.com\/ismaelcolosi.com.br\/wp-content\/uploads\/2024\/08\/debate-jaboticabal_2024-08-27_15-05-01_jpeg_2024-08-27_15-05-01.webp.webp?fit=1200%2C674&ssl=1&resize=1050%2C600 3x"},"classes":[]},{"id":66452,"url":"https:\/\/ismaelcolosi.com.br\/index.php\/2024\/09\/17\/sertaozinho-tera-debate-de-candidatos-a-prefeito-em-evento-promovido-pelo-grupo-ep\/","url_meta":{"origin":65099,"position":5},"title":"Sert\u00e3ozinho ter\u00e1 debate de candidatos a prefeito em evento promovido pelo Grupo EP","author":"ismaelcolosi.com.br","date":"17 de September de 2024","format":false,"excerpt":"O Grupo EP realiza, como parte de sua maior cobertura eleitoral, um debate entre os candidatos \u00e0 Prefeitura de Sert\u00e3ozinho, no dia 18 de setembro, \u00e0s 14h30. O embate ser\u00e1 transmitido ao vivo pelo portal g1 Ribeir\u00e3o Preto e Franca, CBN Ribeir\u00e3o Preto (r\u00e1dio FM) e site e canal de\u2026","rel":"","context":"In &quot;Not\u00edcias de Ribeir\u00e3o Preto-SP e Regi\u00e3o&quot;","block_context":{"text":"Not\u00edcias de Ribeir\u00e3o Preto-SP e Regi\u00e3o","link":"https:\/\/ismaelcolosi.com.br\/index.php\/category\/noticias-de-ribeirao-preto-sp-e-regiao-ismael-colosi\/"},"img":{"alt_text":"","src":"https:\/\/i0.wp.com\/ismaelcolosi.com.br\/wp-content\/uploads\/2024\/09\/debate-sertaozinho_2024-09-17_19-39-49_jpeg_2024-09-17_19-39-49.webp.webp?fit=1200%2C674&ssl=1&resize=350%2C200","width":350,"height":200,"srcset":"https:\/\/i0.wp.com\/ismaelcolosi.com.br\/wp-content\/uploads\/2024\/09\/debate-sertaozinho_2024-09-17_19-39-49_jpeg_2024-09-17_19-39-49.webp.webp?fit=1200%2C674&ssl=1&resize=350%2C200 1x, https:\/\/i0.wp.com\/ismaelcolosi.com.br\/wp-content\/uploads\/2024\/09\/debate-sertaozinho_2024-09-17_19-39-49_jpeg_2024-09-17_19-39-49.webp.webp?fit=1200%2C674&ssl=1&resize=525%2C300 1.5x, https:\/\/i0.wp.com\/ismaelcolosi.com.br\/wp-content\/uploads\/2024\/09\/debate-sertaozinho_2024-09-17_19-39-49_jpeg_2024-09-17_19-39-49.webp.webp?fit=1200%2C674&ssl=1&resize=700%2C400 2x, https:\/\/i0.wp.com\/ismaelcolosi.com.br\/wp-content\/uploads\/2024\/09\/debate-sertaozinho_2024-09-17_19-39-49_jpeg_2024-09-17_19-39-49.webp.webp?fit=1200%2C674&ssl=1&resize=1050%2C600 3x"},"classes":[]}],"jetpack_sharing_enabled":true,"jetpack_shortlink":"https:\/\/wp.me\/pfMlyK-gVZ","_links":{"self":[{"href":"https:\/\/ismaelcolosi.com.br\/index.php\/wp-json\/wp\/v2\/posts\/65099","targetHints":{"allow":["GET"]}}],"collection":[{"href":"https:\/\/ismaelcolosi.com.br\/index.php\/wp-json\/wp\/v2\/posts"}],"about":[{"href":"https:\/\/ismaelcolosi.com.br\/index.php\/wp-json\/wp\/v2\/types\/post"}],"author":[{"embeddable":true,"href":"https:\/\/ismaelcolosi.com.br\/index.php\/wp-json\/wp\/v2\/users\/1"}],"replies":[{"embeddable":true,"href":"https:\/\/ismaelcolosi.com.br\/index.php\/wp-json\/wp\/v2\/comments?post=65099"}],"version-history":[{"count":0,"href":"https:\/\/ismaelcolosi.com.br\/index.php\/wp-json\/wp\/v2\/posts\/65099\/revisions"}],"wp:featuredmedia":[{"embeddable":true,"href":"https:\/\/ismaelcolosi.com.br\/index.php\/wp-json\/wp\/v2\/media\/65100"}],"wp:attachment":[{"href":"https:\/\/ismaelcolosi.com.br\/index.php\/wp-json\/wp\/v2\/media?parent=65099"}],"wp:term":[{"taxonomy":"category","embeddable":true,"href":"https:\/\/ismaelcolosi.com.br\/index.php\/wp-json\/wp\/v2\/categories?post=65099"},{"taxonomy":"post_tag","embeddable":true,"href":"https:\/\/ismaelcolosi.com.br\/index.php\/wp-json\/wp\/v2\/tags?post=65099"}],"curies":[{"name":"wp","href":"https:\/\/api.w.org\/{rel}","templated":true}]}}