{"id":65097,"date":"2024-09-10T19:12:01","date_gmt":"2024-09-10T22:12:01","guid":{"rendered":"https:\/\/ismaelcolosi.com.br\/index.php\/2024\/09\/10\/frente-fria-se-aproxima-e-deve-trazer-chuva-preta-ao-interior-de-sp-veja-previsao\/"},"modified":"2024-09-10T19:12:01","modified_gmt":"2024-09-10T22:12:01","slug":"frente-fria-se-aproxima-e-deve-trazer-chuva-preta-ao-interior-de-sp-veja-previsao","status":"publish","type":"post","link":"https:\/\/ismaelcolosi.com.br\/index.php\/2024\/09\/10\/frente-fria-se-aproxima-e-deve-trazer-chuva-preta-ao-interior-de-sp-veja-previsao\/","title":{"rendered":"Frente fria se aproxima e deve trazer chuva preta ao interior de SP; Veja previs\u00e3o"},"content":{"rendered":"<p> <br \/>\n<\/p>\n<div>\n<p>Uma nova <strong>frente fria<\/strong> se desloca em dire\u00e7\u00e3o \u00e0 regi\u00e3o central do pa\u00eds <strong>nesta semana<\/strong> e pode provocar <strong>chuva preta<\/strong> em diversas regi\u00f5es do <strong>interior de S\u00e3o Paulo<\/strong>.<\/p>\n<p>Conforme a meteorologia, esse sistema pode trazer um <strong>al\u00edvio tempor\u00e1rio<\/strong> para algumas regi\u00f5es afetadas pelo <strong>calor extremo<\/strong> e <strong>fuma\u00e7a densa<\/strong>, contudo, <span style=\"background-color:#f7cc62\" class=\"td_text_highlight_marker\"><mark style=\"background-color:rgba(0, 0, 0, 0)\" class=\"has-inline-color has-black-color\">n\u00e3o ser\u00e1 capaz de dissipar completamente o <strong>bloqueio atmosf\u00e9rico<\/strong> respons\u00e1vel pela <strong>onda de calor<\/strong>.<\/mark><\/span> Entenda abaixo.<\/p>\n<h2 class=\"wp-block-heading\"><strong>Como vai ser a nova frente fria?<\/strong><\/h2>\n<p>De acordo com a previs\u00e3o da <strong><a href=\"https:\/\/www.climatempo.com.br\/noticia\/2024\/09\/10\/frente-fria-chega-ao-brasil-mas-calor-e-fumaca-ainda-persistem-6332\" target=\"_blank\" rel=\"noreferrer noopener\">Climatempo<\/a><\/strong>, o avan\u00e7o dessa <strong>frente fria<\/strong> come\u00e7a na <strong>sexta-feira (13)<\/strong> e trar\u00e1 <strong>chuva <\/strong>para o Sul, Centro-Oeste e <strong>Sudeste <\/strong>do Brasil.<\/p>\n<p>A previs\u00e3o indica que o Paran\u00e1, Santa Catarina e o norte do Rio Grande do Sul ser\u00e3o os estados mais afetados pela chegada dessa <strong>frente fria<\/strong>. <span style=\"background-color:#f7cc62\" class=\"td_text_highlight_marker\"><mark style=\"background-color:rgba(0, 0, 0, 0)\" class=\"has-inline-color has-black-color\">Por\u00e9m, <strong>S\u00e3o Paulo tamb\u00e9m ser\u00e1 afetado por esse cen\u00e1rio<\/strong>.<\/mark><\/span><\/p>\n<figure class=\"wp-block-pullquote\">\n<blockquote>\n<p>No Sudeste, o sistema favorecer\u00e1 a redu\u00e7\u00e3o do calor extremo, com \u00eanfase em S\u00e3o Paulo, Rio De Janeiro e sul de Minas Gerais, onde as temperaturas devem ficar mais amenas<\/p>\n<p><cite>Climatempo<\/cite><\/p><\/blockquote>\n<\/figure>\n<p>Contudo, apesar do fen\u00f4meno trazer um <strong>al\u00edvio para as altas temperaturas<\/strong>, o <strong>calor\u00e3o <\/strong>deve retornar <strong>ap\u00f3s a passagem dessa frente<\/strong>.<\/p>\n<h3 class=\"wp-block-heading\"><strong>Qualidade do ar vai melhorar?<\/strong><\/h3>\n<p>Ainda de acordo com a <strong>previs\u00e3o <\/strong>do servi\u00e7o de meteorologia, o avan\u00e7o da <strong>frente fria<\/strong> ajudar\u00e1 a limpar a atmosfera no Sul do pa\u00eds, contudo, <strong>redirecionar\u00e1 <\/strong>e <strong>concentrar\u00e1 <\/strong>a <strong>fuma\u00e7a nas regi\u00f5es Sudeste e Centro-Oeste<\/strong>.<\/p>\n<p>\u201cInfelizmente, n\u00e3o h\u00e1 uma previs\u00e3o concreta de melhora significativa na qualidade do ar, j\u00e1 que as queimadas devem continuar intensas\u201d, explicou a Climatempo.<\/p>\n<h4 class=\"wp-block-heading\"><strong>Chuva preta no interior de S\u00e3o Paulo<\/strong><\/h4>\n<p>Por conta dos <strong>inc\u00eandios <\/strong>que atingem o <strong>interior de S\u00e3o Paulo<\/strong> desde o final de agosto, os meteorologistas alertam para a <span style=\"background-color:#f7cc62\" class=\"td_text_highlight_marker\"><mark style=\"background-color:rgba(0, 0, 0, 0)\" class=\"has-inline-color has-black-color\">possibilidade de <strong>chuva preta<\/strong> em algumas regi\u00f5es<\/mark><\/span>.<\/p>\n<p>O fen\u00f4meno ocorre quando a <strong>fuligem das queimadas se mistura \u00e0s gotas de chuva<\/strong>, resultando em precipita\u00e7\u00f5es carregadas de <strong>part\u00edculas escuras<\/strong>.<\/p>\n<hr class=\"wp-block-separator has-alpha-channel-opacity\"\/>\n<p>SAIBA MAIS<\/p>\n<p>Inmet prolonga alerta vermelho \u00e9 no interior de SP; veja as cidades<\/p>\n<h4 class=\"wp-block-heading\"><strong>FIQUE ON<\/strong><\/h4>\n<p>Fique ligado em tudo que acontece em Ribeir\u00e3o Preto e regi\u00e3o. Siga os perfis do<strong>\u00a0acidade on<\/strong>\u00a0no\u00a0<a href=\"https:\/\/www.instagram.com\/acidadeonribeirao\" target=\"_blank\" rel=\"noreferrer noopener\">Instagram\u00a0<\/a>e no\u00a0<a href=\"https:\/\/www.facebook.com\/acidadeonribeirao\/\" target=\"_blank\" rel=\"noreferrer noopener\">Facebook<\/a>.<\/p>\n<p>Receba not\u00edcias do\u00a0<strong>acidade on<\/strong>\u00a0no WhatsApp.\u00a0<a href=\"https:\/\/chat.whatsapp.com\/Dtv9mxhy6V5BJBotM2OQ5k\" target=\"_blank\" rel=\"noreferrer noopener\">Para entrar no grupo, basta clicar aqui.<\/a><\/p>\n<p>Fa\u00e7a uma den\u00fancia ou sugira uma reportagem sobre Ribeir\u00e3o Preto e regi\u00e3o pelo WhatsApp: 16 99117 7802.<\/p>\n<p>VEJA TAMB\u00c9M<\/p>\n<p>Cachorro recebe direito a pens\u00e3o aliment\u00edcia em MG<\/p>\n<p><!-- CONTENT END 1 -->\n<\/div>\n<p><script async src=\"\/\/www.instagram.com\/embed.js\"><\/script><br \/>\n<br \/><br \/>\n<br \/><a href=\"https:\/\/www.acidadeon.com\/ribeiraopreto\/cotidiano\/frente-fria-se-aproxima-e-deve-trazer-chuva-preta-ao-interior-de-sp-veja-previsao\/\">Source link <\/a><\/p>\n","protected":false},"excerpt":{"rendered":"<p>Uma nova frente fria se desloca em dire\u00e7\u00e3o \u00e0 regi\u00e3o central do pa\u00eds nesta semana e pode provocar chuva preta em diversas regi\u00f5es do interior&#8230;<\/p>\n","protected":false},"author":1,"featured_media":62007,"comment_status":"open","ping_status":"open","sticky":false,"template":"","format":"standard","meta":{"_uag_custom_page_level_css":"","advanced_seo_description":"","jetpack_seo_html_title":"","jetpack_seo_noindex":false,"jetpack_post_was_ever_published":false,"_jetpack_newsletter_access":"","_jetpack_dont_email_post_to_subs":false,"_jetpack_newsletter_tier_id":0,"_jetpack_memberships_contains_paywalled_content":false,"_jetpack_memberships_contains_paid_content":false,"footnotes":"","jetpack_publicize_message":"","jetpack_publicize_feature_enabled":true,"jetpack_social_post_already_shared":true,"jetpack_social_options":{"image_generator_settings":{"template":"highway","default_image_id":0,"font":"","enabled":false},"version":2}},"categories":[11],"tags":[],"class_list":["post-65097","post","type-post","status-publish","format-standard","has-post-thumbnail","hentry","category-noticias-de-ribeirao-preto-sp-e-regiao-ismael-colosi"],"jetpack_publicize_connections":[],"jetpack_featured_media_url":"https:\/\/i0.wp.com\/ismaelcolosi.com.br\/wp-content\/uploads\/2024\/08\/NUVEM-POEIRA_2024-08-24_20-57-24_jpg_2024-08-24_20-57-24.webp.webp?fit=2000%2C1521&ssl=1","uagb_featured_image_src":{"full":["https:\/\/i0.wp.com\/ismaelcolosi.com.br\/wp-content\/uploads\/2024\/08\/NUVEM-POEIRA_2024-08-24_20-57-24_jpg_2024-08-24_20-57-24.webp.webp?fit=2000%2C1521&ssl=1",2000,1521,false],"thumbnail":["https:\/\/i0.wp.com\/ismaelcolosi.com.br\/wp-content\/uploads\/2024\/08\/NUVEM-POEIRA_2024-08-24_20-57-24_jpg_2024-08-24_20-57-24.webp.webp?resize=150%2C150&ssl=1",150,150,true],"medium":["https:\/\/i0.wp.com\/ismaelcolosi.com.br\/wp-content\/uploads\/2024\/08\/NUVEM-POEIRA_2024-08-24_20-57-24_jpg_2024-08-24_20-57-24.webp.webp?fit=300%2C228&ssl=1",300,228,true],"medium_large":["https:\/\/i0.wp.com\/ismaelcolosi.com.br\/wp-content\/uploads\/2024\/08\/NUVEM-POEIRA_2024-08-24_20-57-24_jpg_2024-08-24_20-57-24.webp.webp?fit=768%2C584&ssl=1",768,584,true],"large":["https:\/\/i0.wp.com\/ismaelcolosi.com.br\/wp-content\/uploads\/2024\/08\/NUVEM-POEIRA_2024-08-24_20-57-24_jpg_2024-08-24_20-57-24.webp.webp?fit=1024%2C779&ssl=1",1024,779,true],"1536x1536":["https:\/\/i0.wp.com\/ismaelcolosi.com.br\/wp-content\/uploads\/2024\/08\/NUVEM-POEIRA_2024-08-24_20-57-24_jpg_2024-08-24_20-57-24.webp.webp?fit=1536%2C1168&ssl=1",1536,1168,true],"2048x2048":["https:\/\/i0.wp.com\/ismaelcolosi.com.br\/wp-content\/uploads\/2024\/08\/NUVEM-POEIRA_2024-08-24_20-57-24_jpg_2024-08-24_20-57-24.webp.webp?fit=2000%2C1521&ssl=1",2000,1521,true],"really-simple-thumb":["https:\/\/i0.wp.com\/ismaelcolosi.com.br\/wp-content\/uploads\/2024\/08\/NUVEM-POEIRA_2024-08-24_20-57-24_jpg_2024-08-24_20-57-24.webp.webp?resize=370%2C247&ssl=1",370,247,true]},"uagb_author_info":{"display_name":"ismaelcolosi.com.br","author_link":"https:\/\/ismaelcolosi.com.br\/index.php\/author\/vidareal-online\/"},"uagb_comment_info":0,"uagb_excerpt":"Uma nova frente fria se desloca em dire\u00e7\u00e3o \u00e0 regi\u00e3o central do pa\u00eds nesta semana e pode provocar chuva preta em diversas regi\u00f5es do interior...","jetpack-related-posts":[{"id":54387,"url":"https:\/\/ismaelcolosi.com.br\/index.php\/2024\/06\/25\/frente-fria-pode-trazer-chuva-ao-estado-de-sp-nesta-terca-veja-as-regioes\/","url_meta":{"origin":65097,"position":0},"title":"Frente fria pode trazer chuva ao estado de SP nesta ter\u00e7a; Veja as regi\u00f5es","author":"ismaelcolosi.com.br","date":"25 de June de 2024","format":false,"excerpt":"A passagem de uma frente fria pode provocar uma virada no tempo nesta ter\u00e7a-feira (25) em parte do estado de S\u00e3o Paulo. Segundo a Climatempo, este sistema deixa o Litoral paulista em alerta para temporais. Para a Capital e a Grande S\u00e3o Paulo, a previs\u00e3o \u00e9 de tempo nublado e\u2026","rel":"","context":"In &quot;Not\u00edcias de Ribeir\u00e3o Preto-SP e Regi\u00e3o&quot;","block_context":{"text":"Not\u00edcias de Ribeir\u00e3o Preto-SP e Regi\u00e3o","link":"https:\/\/ismaelcolosi.com.br\/index.php\/category\/noticias-de-ribeirao-preto-sp-e-regiao-ismael-colosi\/"},"img":{"alt_text":"","src":"https:\/\/i0.wp.com\/ismaelcolosi.com.br\/wp-content\/uploads\/2024\/06\/chuva.jpeg?fit=1200%2C903&ssl=1&resize=350%2C200","width":350,"height":200,"srcset":"https:\/\/i0.wp.com\/ismaelcolosi.com.br\/wp-content\/uploads\/2024\/06\/chuva.jpeg?fit=1200%2C903&ssl=1&resize=350%2C200 1x, https:\/\/i0.wp.com\/ismaelcolosi.com.br\/wp-content\/uploads\/2024\/06\/chuva.jpeg?fit=1200%2C903&ssl=1&resize=525%2C300 1.5x, https:\/\/i0.wp.com\/ismaelcolosi.com.br\/wp-content\/uploads\/2024\/06\/chuva.jpeg?fit=1200%2C903&ssl=1&resize=700%2C400 2x, https:\/\/i0.wp.com\/ismaelcolosi.com.br\/wp-content\/uploads\/2024\/06\/chuva.jpeg?fit=1200%2C903&ssl=1&resize=1050%2C600 3x"},"classes":[]},{"id":49719,"url":"https:\/\/ismaelcolosi.com.br\/index.php\/2024\/05\/13\/frente-fria-pode-trazer-chuva-ao-interior-de-sp-nesta-semana-confira-a-previsao\/","url_meta":{"origin":65097,"position":1},"title":"Frente fria pode trazer chuva ao interior de SP nesta semana; Confira a previs\u00e3o","author":"ismaelcolosi.com.br","date":"13 de May de 2024","format":false,"excerpt":"O deslocamento de uma frente fria provoca o enfraquecimento do bloqueio atmosf\u00e9rico \u2013 que mant\u00e9m as temperaturas elevadas h\u00e1 tr\u00eas semanas \u2013 e pode trazer chuva ao interior de S\u00e3o Paulo nesta semana. Segundo a Climatempo, nesta segunda-feira (13), a condi\u00e7\u00e3o \u00e9 de calor pr\u00e9-frontal, mas ainda sem probabilidade de\u2026","rel":"","context":"In &quot;Not\u00edcias de Ribeir\u00e3o Preto-SP e Regi\u00e3o&quot;","block_context":{"text":"Not\u00edcias de Ribeir\u00e3o Preto-SP e Regi\u00e3o","link":"https:\/\/ismaelcolosi.com.br\/index.php\/category\/noticias-de-ribeirao-preto-sp-e-regiao-ismael-colosi\/"},"img":{"alt_text":"","src":"https:\/\/i0.wp.com\/ismaelcolosi.com.br\/wp-content\/uploads\/2024\/05\/RIBEIRAO-PRETO.jpg?fit=1200%2C708&ssl=1&resize=350%2C200","width":350,"height":200,"srcset":"https:\/\/i0.wp.com\/ismaelcolosi.com.br\/wp-content\/uploads\/2024\/05\/RIBEIRAO-PRETO.jpg?fit=1200%2C708&ssl=1&resize=350%2C200 1x, https:\/\/i0.wp.com\/ismaelcolosi.com.br\/wp-content\/uploads\/2024\/05\/RIBEIRAO-PRETO.jpg?fit=1200%2C708&ssl=1&resize=525%2C300 1.5x, https:\/\/i0.wp.com\/ismaelcolosi.com.br\/wp-content\/uploads\/2024\/05\/RIBEIRAO-PRETO.jpg?fit=1200%2C708&ssl=1&resize=700%2C400 2x, https:\/\/i0.wp.com\/ismaelcolosi.com.br\/wp-content\/uploads\/2024\/05\/RIBEIRAO-PRETO.jpg?fit=1200%2C708&ssl=1&resize=1050%2C600 3x"},"classes":[]},{"id":65358,"url":"https:\/\/ismaelcolosi.com.br\/index.php\/2024\/09\/11\/entenda-o-que-e-a-chuva-preta-que-pode-atingir-o-interior-de-sp\/","url_meta":{"origin":65097,"position":2},"title":"Entenda o que \u00e9 a chuva preta que pode atingir o interior de SP","author":"ismaelcolosi.com.br","date":"11 de September de 2024","format":false,"excerpt":"Uma nova frente fria chegou ao Rio Grande do Sul nesta quarta-feira (11) e, conforme os meteorologistas, deve atingir o estado de SP nos pr\u00f3ximos dias. Isso pode provocar um al\u00edvio tempor\u00e1rio nas altas temperaturas e chuva preta \u2013 entenda baixo. Os ventos ganham um pouco mais de intensidade devido\u2026","rel":"","context":"In &quot;Not\u00edcias de Ribeir\u00e3o Preto-SP e Regi\u00e3o&quot;","block_context":{"text":"Not\u00edcias de Ribeir\u00e3o Preto-SP e Regi\u00e3o","link":"https:\/\/ismaelcolosi.com.br\/index.php\/category\/noticias-de-ribeirao-preto-sp-e-regiao-ismael-colosi\/"},"img":{"alt_text":"","src":"https:\/\/i0.wp.com\/ismaelcolosi.com.br\/wp-content\/uploads\/2024\/09\/chuva_guardachuva_500x320_12022019150254.jpg?fit=500%2C322&ssl=1&resize=350%2C200","width":350,"height":200},"classes":[]},{"id":66494,"url":"https:\/\/ismaelcolosi.com.br\/index.php\/2024\/09\/17\/inverno-deve-terminar-com-frente-fria-e-chuva-no-estado-de-sp-veja-previsao\/","url_meta":{"origin":65097,"position":3},"title":"Inverno deve terminar com frente fria e chuva no estado de SP; Veja previs\u00e3o","author":"ismaelcolosi.com.br","date":"17 de September de 2024","format":false,"excerpt":"A \u00faltima semana do Inverno ser\u00e1 marcada por oscila\u00e7\u00f5es clim\u00e1ticas em diversas regi\u00f5es do Centro-Sul do Brasil, inclusive no estado de S\u00e3o Paulo. A primavera de 2024 come\u00e7a astronomicamente neste domingo (22), \u00e0s 9h44. A semana come\u00e7ou com o registro de chuva fraca, garoa e temperaturas mais amenas em algumas\u2026","rel":"","context":"In &quot;Not\u00edcias de Ribeir\u00e3o Preto-SP e Regi\u00e3o&quot;","block_context":{"text":"Not\u00edcias de Ribeir\u00e3o Preto-SP e Regi\u00e3o","link":"https:\/\/ismaelcolosi.com.br\/index.php\/category\/noticias-de-ribeirao-preto-sp-e-regiao-ismael-colosi\/"},"img":{"alt_text":"","src":"https:\/\/i0.wp.com\/ismaelcolosi.com.br\/wp-content\/uploads\/2024\/09\/chuva_na_cidade_de_campinas_sp_cxdigo_19_170676.jpg?fit=1200%2C800&ssl=1&resize=350%2C200","width":350,"height":200,"srcset":"https:\/\/i0.wp.com\/ismaelcolosi.com.br\/wp-content\/uploads\/2024\/09\/chuva_na_cidade_de_campinas_sp_cxdigo_19_170676.jpg?fit=1200%2C800&ssl=1&resize=350%2C200 1x, https:\/\/i0.wp.com\/ismaelcolosi.com.br\/wp-content\/uploads\/2024\/09\/chuva_na_cidade_de_campinas_sp_cxdigo_19_170676.jpg?fit=1200%2C800&ssl=1&resize=525%2C300 1.5x, https:\/\/i0.wp.com\/ismaelcolosi.com.br\/wp-content\/uploads\/2024\/09\/chuva_na_cidade_de_campinas_sp_cxdigo_19_170676.jpg?fit=1200%2C800&ssl=1&resize=700%2C400 2x, https:\/\/i0.wp.com\/ismaelcolosi.com.br\/wp-content\/uploads\/2024\/09\/chuva_na_cidade_de_campinas_sp_cxdigo_19_170676.jpg?fit=1200%2C800&ssl=1&resize=1050%2C600 3x"},"classes":[]},{"id":49858,"url":"https:\/\/ismaelcolosi.com.br\/index.php\/2024\/05\/13\/ciclone-extratropical-e-nova-frente-fria-veja-onde-pode-chover-no-interior-de-sp\/","url_meta":{"origin":65097,"position":4},"title":"Ciclone extratropical e nova frente fria: Veja onde pode chover no interior de SP","author":"ismaelcolosi.com.br","date":"13 de May de 2024","format":false,"excerpt":"Uma nova frente fria come\u00e7ou se formar no Sul do Brasil, nesta segunda-feira (13), e deve aliviar o calor\u00e3o que atinge o estado de S\u00e3o Paulo desde o m\u00eas de abril, segundo a meteorologia. A chegada dessa frente fria tem influ\u00eancia de um ciclone extratropical em alto mar que provoca\u2026","rel":"","context":"In &quot;Not\u00edcias de Ribeir\u00e3o Preto-SP e Regi\u00e3o&quot;","block_context":{"text":"Not\u00edcias de Ribeir\u00e3o Preto-SP e Regi\u00e3o","link":"https:\/\/ismaelcolosi.com.br\/index.php\/category\/noticias-de-ribeirao-preto-sp-e-regiao-ismael-colosi\/"},"img":{"alt_text":"","src":"https:\/\/i0.wp.com\/ismaelcolosi.com.br\/wp-content\/uploads\/2024\/05\/chuva_forte_1024x576_06122019161537.jpg?fit=1024%2C575&ssl=1&resize=350%2C200","width":350,"height":200,"srcset":"https:\/\/i0.wp.com\/ismaelcolosi.com.br\/wp-content\/uploads\/2024\/05\/chuva_forte_1024x576_06122019161537.jpg?fit=1024%2C575&ssl=1&resize=350%2C200 1x, https:\/\/i0.wp.com\/ismaelcolosi.com.br\/wp-content\/uploads\/2024\/05\/chuva_forte_1024x576_06122019161537.jpg?fit=1024%2C575&ssl=1&resize=525%2C300 1.5x, https:\/\/i0.wp.com\/ismaelcolosi.com.br\/wp-content\/uploads\/2024\/05\/chuva_forte_1024x576_06122019161537.jpg?fit=1024%2C575&ssl=1&resize=700%2C400 2x"},"classes":[]},{"id":69616,"url":"https:\/\/ismaelcolosi.com.br\/index.php\/2024\/10\/07\/frente-fria-chega-nesta-semana-e-interior-de-sp-tem-previsao-de-chuva-forte\/","url_meta":{"origin":65097,"position":5},"title":"Frente fria chega nesta semana e interior de SP tem previs\u00e3o de chuva forte","author":"ismaelcolosi.com.br","date":"7 de October de 2024","format":false,"excerpt":"A chegada de uma frente fria pode trazer chuva ao interior de S\u00e3o Paulo nesta semana. Segundo a Climatempo, a tend\u00eancia \u00e9 que a condi\u00e7\u00e3o de chuva aumente entre quarta-feira (9) e sexta-feira (11) na regi\u00e3o Sudeste. H\u00e1 risco de chuva forte nas regi\u00f5es de Ribeir\u00e3o Preto, S\u00e3o Carlos e\u2026","rel":"","context":"In &quot;Not\u00edcias de Ribeir\u00e3o Preto-SP e Regi\u00e3o&quot;","block_context":{"text":"Not\u00edcias de Ribeir\u00e3o Preto-SP e Regi\u00e3o","link":"https:\/\/ismaelcolosi.com.br\/index.php\/category\/noticias-de-ribeirao-preto-sp-e-regiao-ismael-colosi\/"},"img":{"alt_text":"","src":"https:\/\/i0.wp.com\/ismaelcolosi.com.br\/wp-content\/uploads\/2024\/07\/RIBEIRAO-PRETO_2024-07-29_16-25-16_jpg_2024-07-29_16-25-17.webp.webp?fit=1200%2C679&ssl=1&resize=350%2C200","width":350,"height":200,"srcset":"https:\/\/i0.wp.com\/ismaelcolosi.com.br\/wp-content\/uploads\/2024\/07\/RIBEIRAO-PRETO_2024-07-29_16-25-16_jpg_2024-07-29_16-25-17.webp.webp?fit=1200%2C679&ssl=1&resize=350%2C200 1x, https:\/\/i0.wp.com\/ismaelcolosi.com.br\/wp-content\/uploads\/2024\/07\/RIBEIRAO-PRETO_2024-07-29_16-25-16_jpg_2024-07-29_16-25-17.webp.webp?fit=1200%2C679&ssl=1&resize=525%2C300 1.5x, https:\/\/i0.wp.com\/ismaelcolosi.com.br\/wp-content\/uploads\/2024\/07\/RIBEIRAO-PRETO_2024-07-29_16-25-16_jpg_2024-07-29_16-25-17.webp.webp?fit=1200%2C679&ssl=1&resize=700%2C400 2x, https:\/\/i0.wp.com\/ismaelcolosi.com.br\/wp-content\/uploads\/2024\/07\/RIBEIRAO-PRETO_2024-07-29_16-25-16_jpg_2024-07-29_16-25-17.webp.webp?fit=1200%2C679&ssl=1&resize=1050%2C600 3x"},"classes":[]}],"jetpack_sharing_enabled":true,"jetpack_shortlink":"https:\/\/wp.me\/pfMlyK-gVX","_links":{"self":[{"href":"https:\/\/ismaelcolosi.com.br\/index.php\/wp-json\/wp\/v2\/posts\/65097","targetHints":{"allow":["GET"]}}],"collection":[{"href":"https:\/\/ismaelcolosi.com.br\/index.php\/wp-json\/wp\/v2\/posts"}],"about":[{"href":"https:\/\/ismaelcolosi.com.br\/index.php\/wp-json\/wp\/v2\/types\/post"}],"author":[{"embeddable":true,"href":"https:\/\/ismaelcolosi.com.br\/index.php\/wp-json\/wp\/v2\/users\/1"}],"replies":[{"embeddable":true,"href":"https:\/\/ismaelcolosi.com.br\/index.php\/wp-json\/wp\/v2\/comments?post=65097"}],"version-history":[{"count":0,"href":"https:\/\/ismaelcolosi.com.br\/index.php\/wp-json\/wp\/v2\/posts\/65097\/revisions"}],"wp:featuredmedia":[{"embeddable":true,"href":"https:\/\/ismaelcolosi.com.br\/index.php\/wp-json\/wp\/v2\/media\/62007"}],"wp:attachment":[{"href":"https:\/\/ismaelcolosi.com.br\/index.php\/wp-json\/wp\/v2\/media?parent=65097"}],"wp:term":[{"taxonomy":"category","embeddable":true,"href":"https:\/\/ismaelcolosi.com.br\/index.php\/wp-json\/wp\/v2\/categories?post=65097"},{"taxonomy":"post_tag","embeddable":true,"href":"https:\/\/ismaelcolosi.com.br\/index.php\/wp-json\/wp\/v2\/tags?post=65097"}],"curies":[{"name":"wp","href":"https:\/\/api.w.org\/{rel}","templated":true}]}}