{"id":65094,"date":"2024-09-10T18:57:48","date_gmt":"2024-09-10T21:57:48","guid":{"rendered":"https:\/\/ismaelcolosi.com.br\/index.php\/2024\/09\/10\/confira-o-que-guilherme-cortez-disse-na-entrevista-da-serie-entre-os-candidatos-a-prefeitura-de-franca\/"},"modified":"2024-09-10T18:57:48","modified_gmt":"2024-09-10T21:57:48","slug":"confira-o-que-guilherme-cortez-disse-na-entrevista-da-serie-entre-os-candidatos-a-prefeitura-de-franca","status":"publish","type":"post","link":"https:\/\/ismaelcolosi.com.br\/index.php\/2024\/09\/10\/confira-o-que-guilherme-cortez-disse-na-entrevista-da-serie-entre-os-candidatos-a-prefeitura-de-franca\/","title":{"rendered":"Confira o que Guilherme Cortez disse na entrevista da s\u00e9rie entre os candidatos \u00e0 Prefeitura de Franca"},"content":{"rendered":"<p> <br \/>\n<\/p>\n<div>\n<figure class=\"wp-block-embed is-type-video is-provider-youtube wp-block-embed-youtube wp-embed-aspect-4-3 wp-has-aspect-ratio\">\n<div class=\"wp-block-embed__wrapper\">\n<p><iframe loading=\"lazy\" title=\"Entrevista com o candidato \u00e0 Prefeitura de Franca Guilherme Cortez  (PSOL)\" width=\"500\" height=\"375\" src=\"https:\/\/www.youtube.com\/embed\/VsAVmKxGq4s?feature=oembed\" frameborder=\"0\" allow=\"accelerometer; autoplay; clipboard-write; encrypted-media; gyroscope; picture-in-picture; web-share\" referrerpolicy=\"strict-origin-when-cross-origin\" allowfullscreen><\/iframe><\/p>\n<\/div>\n<\/figure>\n<p>O <strong>acidade on Ribeir\u00e3o<\/strong> realiza nesta semana uma s\u00e9rie de entrevistas com os candidatos \u00e0 <strong>Prefeitura de Franca<\/strong> nas <strong>elei\u00e7\u00f5es 2024<\/strong>. Nesta ter\u00e7a-feira (10) o entrevistado foi o deputado estadual <strong>Guilherme Cortez (PSOL)<\/strong> \u2013 veja o player acima.<\/p>\n<p>A sequ\u00eancia de entrevistas foi definida por ordem alfab\u00e9tica. Cinco candidatos ser\u00e3o sabatinados por 12 minutos. No s\u00e1bado (14), o candidato ter\u00e1 8 minutos de entrevista ao vivo. Outros candidatos na disputa ter\u00e3o entrevistas de 2 minutos veiculadas.<\/p>\n<p><strong>Entre as suas propostas na economia est\u00e1 a de gerar empregos em carteira assinada e capacitar a m\u00e3o de obra em Franca. Qual a meta de empregos e qual \u00e9 o caminho?<\/strong><\/p>\n<ul>\n<li>Franca est\u00e1 se tornando a capital do subemprego. Isso por conta da reforma trabalhista, muitas coisas que v\u00e3o al\u00e9m, inclusive, da compet\u00eancia do pr\u00f3prio munic\u00edpio que depende de voc\u00ea rever legisla\u00e7\u00f5es estaduais ou legisla\u00e7\u00f5es federais. Eu, como deputado estadual, sou autor de algumas delas na Assembleia Legislativa para que voc\u00ea possa valorizar e incentivar o trabalho formal e garantir a prote\u00e7\u00e3o do trabalhador, sobretudo, da ind\u00fastria do cal\u00e7ado, que \u00e9 a principal ind\u00fastria da nossa cidade. A realidade \u00e9 que Franca hoje, como boa parte do nosso estado, est\u00e1 sofrendo com a desindustrializa\u00e7\u00e3o. Ent\u00e3o, a cidade que antes era conhecida como a Capital do Cal\u00e7ado, cada vez mais a gente v\u00ea as nossas grandes f\u00e1bricas indo embora, por conta da guerra fiscal, que agora, com a expectativa da reforma tribut\u00e1ria isso seja atenuado, e as pessoas, que antes trabalhavam com carteira assinada na ind\u00fastria, com dignidade para isso, agora elas t\u00eam que costurar sapado dentro da pr\u00f3pria garagem de casa, colar sola de sapato na garagem de casa, sem qualquer garantia de f\u00e9rias, 13\u00ba sal\u00e1rio. Voc\u00ea tem que mudar essa realidade. Ent\u00e3o, para isso, voc\u00ea tem dois caminhos. Retomar a ind\u00fastria da cidade, valorizar a ind\u00fastria da cidade, porque Franca tem um parque industrial invej\u00e1vel. Qual que \u00e9 a quest\u00e3o. Em um mundo com a guerra fiscal e em um mundo com a China competindo, voc\u00ea precisa repensar a nossa ind\u00fastria. Os pa\u00edses exportadores de cal\u00e7ados que conseguiram competir com a China, eles apostaram em o que? Em um produto mais refinado, com novas tecnologias, tecnologias sustent\u00e1veis, porque voc\u00ea n\u00e3o consegue competir em quantidade, em escala, com uma pot\u00eancia como \u00e9 a China. Ent\u00e3o, voc\u00ea tem que facilitar para a nossa ind\u00fastria o acesso a essas tecnologias, os incentivos necess\u00e1rios, porque sabe que a ind\u00fastria na cidade \u00e9 mais emprego para a popula\u00e7\u00e3o. Em segundo lugar, voc\u00ea n\u00e3o pode ficar dependente s\u00f3 da produ\u00e7\u00e3o do cal\u00e7ado, voc\u00ea precisa diversificar a economia. E, hoje, Franca tem v\u00e1rias empresas e projetos na \u00e1rea de tecnologia que s\u00e3o subaproveitados, porque n\u00e3o tem apoio da prefeitura. Eu, como deputado estive aqui em Ribeir\u00e3o Preto no Supera Parque, uma iniciativa muito interessante que voc\u00ea tem da prefeitura, que voc\u00ea oferece espa\u00e7o f\u00edsico, oferece condi\u00e7\u00e3o para que esses projetos possam se estruturar. A gente quer fazer o parque de inova\u00e7\u00e3o tecnol\u00f3gico de Franca. Para que voc\u00ea possa ter essa oportunidade para que a prefeitura possa dar esse apoio log\u00edstico, estrutural e financeiro tamb\u00e9m para que essas empresas possam se desenvolver. Voc\u00ea desenvolvendo esses dois p\u00f3los, movimenta a economia, aumenta a arrecada\u00e7\u00e3o do munic\u00edpio, e voc\u00ea gera mais emprego para a popula\u00e7\u00e3o.<\/li>\n<\/ul>\n<p><strong>No transporte p\u00fablico, o seu projeto \u00e9 criar o programa tarifa zero. Como isso funcionaria e de onde viriam os recursos?<\/strong><\/p>\n<ul>\n<li>Tarifa zero, em primeiro lugar, \u00e9 um avan\u00e7o. A primeira manifesta\u00e7\u00e3o que eu fui na minha vida foi l\u00e1 em 2013, do passe livre. E naquela \u00e9poca ningu\u00e9m achava que tarifa zero sequer era poss\u00edvel. Era considerado uma utopia por todo mundo. Hoje voc\u00ea tem em mais de 100 cidades do Brasil, boa parte aqui no Estado de S\u00e3o Paulo, que adotam a tarifa zero de alguma maneira. Voc\u00ea tem o prefeito de S\u00e3o Paulo, a maior cidade do Pa\u00eds, que prop\u00f5e a tarifa zero, come\u00e7ando pelos fins de semana. Ou seja, a tarifa zero vai se tornando uma realidade dentro do debate p\u00fablico. \u00c9 f\u00e1cil voc\u00ea fazer? N\u00e3o. Voc\u00ea faz de uma hora para outra, n\u00e3o faz. O primeiro passo para Franca \u00e9 revogar o contrato com a S\u00e3o Jos\u00e9. Porque enquanto aquela empresa estiver l\u00e1, voc\u00ea n\u00e3o vai ter tarifa zero de jeito nenhum. Pelo contr\u00e1rio, Franca tem uma das passagens de \u00f4nibus mais caras do Pa\u00eds, que oferece um p\u00e9ssimo servi\u00e7o e que cada vez cobra mais para manter o servi\u00e7o que presta para popula\u00e7\u00e3o. \u00c9 um disparate com a popula\u00e7\u00e3o. Como voc\u00ea vai fazer a tarifa zero? \u00c9 de uma hora para outra? N\u00e3o, \u00e9 em etapas. Voc\u00ea tem dentre essas mais de 100 cidades que implementam a tarifa zero, v\u00e1rios modais de financiamento. Voc\u00ea tem o caso de S\u00e3o Caetano do Sul, onde, por exemplo, a prefeitura criou um fundo municipal do transporte, que \u00e9 abastecido atrav\u00e9s do dinheiro que as empresas deixam de pagar com vale-transporte. Elas direcionam isso para prefeitura. Voc\u00ea tem casos de cidades que refaz o remanejamento or\u00e7ament\u00e1rio de outras \u00e1reas para custear a tarifa zero. Voc\u00ea tem casos de prefeituras que utilizam a verba que a prefeitura arrecada atrav\u00e9s de multas ou atrav\u00e9s de publicidade. Voc\u00ea tem v\u00e1rios modelos a serem estudados. Voc\u00ea tem programas de financiamento espec\u00edfico atrav\u00e9s do BNDES, por exemplo, eletrificar a frota, por exemplo, ent\u00e3o tem que estudar esses casos, ver o que se ad\u00e9qua a cidade e voc\u00ea tem que revogar o contrato com essa empresa. O que colocar no lugar da S\u00e3o Jos\u00e9? A gente quer adotar o modelo h\u00edbrido de transi\u00e7\u00e3o, como voc\u00ea tem em Porto Alegre, em que voc\u00ea tinha uma empresa municipal, a Carris, que administrava parte dos servi\u00e7os, e voc\u00ea abria a licita\u00e7\u00e3o para as empresas privadas administrarem a outra parte. A\u00ed, voc\u00ea consegue equilibrar entre o p\u00fablico e o privado e voc\u00ea consegue ter um per\u00edodo de teste, de transi\u00e7\u00e3o para ver o que funciona melhor, para fazer os remanejamentos or\u00e7ament\u00e1rios necess\u00e1rios. \u00c9 f\u00e1cil fazer tarifa zero? N\u00e3o \u00e9. Mas \u00e9 uma quest\u00e3o de concep\u00e7\u00e3o da gente entender que a popula\u00e7\u00e3o tem direito a um transporte p\u00fablico acess\u00edvel e de qualidade, de que em um momento de crise ambiental que a gente vive, voc\u00ea precisa retirar os autom\u00f3veis individuais da rua e incentivar que a popula\u00e7\u00e3o utilize o transporte coletivo, e \u00e9 um desafio que a gente n\u00e3o vai fugir.<\/li>\n<\/ul>\n<p><strong>Esse programa j\u00e1 seria aberto para toda a popula\u00e7\u00e3o?<\/strong><\/p>\n<ul>\n<li>A gente n\u00e3o pretende fazer a tarifa zero de uma hora para outra para toda a popula\u00e7\u00e3o, porque isso \u00e9 completamente invi\u00e1vel. Voc\u00ea tem que manter as gratuidades que existem hoje, e a gente quer ampliar gradualmente come\u00e7ando pelos estudantes, voc\u00ea tem v\u00e1rias cidades que t\u00eam meia-passagem, t\u00eam passe livre estudantil e quando eu era estudante do ensino m\u00e9dio e morava em S\u00e3o Paulo, tive passe livre estudantil, fruto das manifesta\u00e7\u00f5es de 2013, que \u00e9 muito importante para que o estudante possa usufruir da cidade, possa ir no cinema, ir no teatro, ir no museu, ir em uma exposi\u00e7\u00e3o e, para os professores, pelos trabalhos que eles prestam. A\u00ed, com base nisso, voc\u00ea vai expandindo gradualmente para o restante da popula\u00e7\u00e3o com a responsabilidade financeira e or\u00e7ament\u00e1ria devida.<\/li>\n<\/ul>\n<p><strong>Na educa\u00e7\u00e3o, o seu plano de governo cita a implanta\u00e7\u00e3o do ensino integral gradual em todas as escolas da rede municipal. Como isso seria realizado?<\/strong><\/p>\n<ul>\n<li>Voc\u00ea j\u00e1 tem escolas de tempo integral na cidade de Franca, assim como voc\u00ea tem um programa medianamente sucedido do governo estadual das PEI, das escolas em tempo integral. Ent\u00e3o escola em tempo integral tamb\u00e9m vai se tornando uma realidade. Claro que para isso voc\u00ea tem que preparar a escola para isso, preparar o contra-turno, porque n\u00e3o adianta a crian\u00e7a ficar em tempo integral na escola e voc\u00ea n\u00e3o ter atividade, voc\u00ea n\u00e3o ter servidor e professor. Voc\u00ea precisa preparar as escolas com mais concursos, melhorando a infraestrutura das escolas. Eu, como deputado, destinei cerca de R$ 1 milh\u00e3o das emendas parlamentares para educa\u00e7\u00e3o p\u00fablica, para que se pudesse fazer essas reformas. Agora, depende do prefeito fazer a parte das contrata\u00e7\u00f5es, fazer uma programa\u00e7\u00e3o dentro das escolas para o contra-turno das crian\u00e7as e, hoje, voc\u00ea acompanha muito bem como jornalista, que a situa\u00e7\u00e3o da educa\u00e7\u00e3o em Franca, est\u00e1 abandonada. Principalmente pelos casos de viol\u00eancia que os professores est\u00e3o submetidos. No ano passado, teve v\u00e1rios relatos de professores que foram agredidos dentro da sala de aula por pai de aluno. Isso \u00e9 um esc\u00e1rnio. Voc\u00ea imagina que o professor sai da casa dele para ir trabalhar, j\u00e1 recebendo um sal\u00e1rio abaixo do que ele merecia, e ainda tem medo de levar uma porrada, ser atacado por um pai, por um aluno, dentro da escola. Tem que garantir a seguran\u00e7a e a salubridade dentro do ambiente escolar. Isso voc\u00ea faz com infraestrutura, isso voc\u00ea faz com mais contrata\u00e7\u00f5es para combater a sobrecarga dos servidores, voc\u00ea faz com um plano de carreira. O plano de carreira dos trabalhadores da rede municipal de ensino est\u00e1 engavetado na prefeitura h\u00e1 anos e n\u00e3o avan\u00e7a. Porque da\u00ed, voc\u00ea d\u00e1 incentivo para o professor fazer o trabalho dele da melhor maneira poss\u00edvel, e com uma gest\u00e3o democr\u00e1tica. Sou o \u00fanico deputado que as pessoas veem em escola municipal, em escola p\u00fablica, visitando, ouvindo, e o que eu ou\u00e7o em 10 em cada 10 escolas \u00e9 a mesma coisa. A gest\u00e3o municipal tem uma postura autorit\u00e1ria, centralizadora, professor est\u00e1 sendo substitu\u00eddo pela planilha e por aplicativo. Voc\u00ea tem que rever essa forma de administrar a educa\u00e7\u00e3o, que \u00e9 hoje o maior investimento municipal em Franca.<\/li>\n<\/ul>\n<p><strong>O Poupatempo da sa\u00fade est\u00e1 entre as suas propostas, com objetivo de reduzir filas de espera para exames e consultas. Em quanto tempo \u00e9 a sua previs\u00e3o para acabar com as filas na sa\u00fade em Franca?<\/strong><\/p>\n<ul>\n<li>A situa\u00e7\u00e3o das filas na sa\u00fade, eu acho que \u00e9 a coisa mais hedionda que eu testemunho como deputado. Porque, como parlamentar, as pessoas semanalmente nos contatam pedindo ajuda, pedindo pelo amor de Deus, porque voc\u00ea tem o caso de idosos que est\u00e3o at\u00e9 3 anos esperando para fazer um procedimento simples de catarata, tem casos de mulheres que est\u00e3o esperando h\u00e1 anos para passar por um ginecologista, com cisto no ov\u00e1rio, que pode se desenvolver e virar um c\u00e2ncer. \u00c9 uma situa\u00e7\u00e3o assustadora. Um caos que voc\u00ea vive na sa\u00fade, porque as pessoas esperam meses, para n\u00e3o dizer, \u00e0s vezes anos, para conseguir fazer um exame simples, um procedimento simples, ou um especialista. Precisa primeiro contratar mais m\u00e9dicos especialistas. Como voc\u00ea faz isso? Abrindo concurso p\u00fablico e utilizando dos conv\u00eanios com o Governo Federal, com governo estadual. O Hospital P\u00fablico Regional vai resolver esse problema? Vai, mas vai ter que buscar outras maneiras para voc\u00ea garantir a sa\u00fade b\u00e1sica da popula\u00e7\u00e3o. Voc\u00ea tem o programa do Governo Federal Mais Acessos Aos Especialistas, que em v\u00e1rias cidades ajudou a voc\u00ea zerar a fila, atrav\u00e9s do teleatendimento, da telemedicina, que n\u00e3o \u00e9 o ideal, mas \u00e9 necess\u00e1rio para que voc\u00ea possa conter uma situa\u00e7\u00e3o de emerg\u00eancia. A nossa meta \u00e9 ao final dos nossos quatro anos de mandato a gente ter zerado as filas da sa\u00fade em Franca. O Poupatempo da Sa\u00fade \u00e9 uma experi\u00eancia que deu certo em Santo Andr\u00e9 e em outras cidades do Brasil e do mundo, que voc\u00ea consegue dentro de um \u00fanico espa\u00e7o de policl\u00ednicas, semelhante, mais ou menos, o que s\u00e3o as redes de AMEs, mas com outra proposta, voc\u00ea consegue no mesmo espa\u00e7o passar por especialista, fazer uma consulta, fazer um exame. Voc\u00ea agilizar em uma tacada s\u00f3, em uma tarde s\u00f3, uma s\u00e9rie de exames que se voc\u00ea tiver o sistema descentralizado, a popula\u00e7\u00e3o vai ter que se deslocar para outros bairros e vai demorar mais esse atendimento.<\/li>\n<\/ul>\n<h4 class=\"wp-block-heading\"><strong>Regras das entrevistas<\/strong><\/h4>\n<p>Foram convidados para as entrevistas presenciais os candidatos com partidos que t\u00eam representa\u00e7\u00e3o na C\u00e2mara dos Deputados, como s\u00e3o os casos do MDB, PSOL, PL, PSB e PT, que ter\u00e3o 12 minutos nas entrevistas. O Novo tamb\u00e9m tem representa\u00e7\u00e3o, mas \u00e9 um dos partidos que n\u00e3o alcan\u00e7aram a cl\u00e1usula de barreira, e ter\u00e1 8 minutos na entrevista.<\/p>\n<p>J\u00e1 o PCO, Mobiliza e PCB n\u00e3o t\u00eam representatividade na C\u00e2mara dos Deputados. O espa\u00e7o tamb\u00e9m ser\u00e1 aberto para essas legendas, mas em entrevistas gravadas de 2 minutos.<\/p>\n<h4 class=\"wp-block-heading\"><strong>Pr\u00f3ximas entrevistas<\/strong><\/h4>\n<p>11\/9 \u2013 Jo\u00e3o Rocha (PL)<\/p>\n<p>12\/9 \u2013 Marco Aur\u00e9lio Ubiali (PSB)<\/p>\n<p>13\/9 \u2013 Mariana Negri (PT)<\/p>\n<p>14\/9 \u2013 Alexandre Tabah (Novo)<\/p>\n<p>SAIBA MAIS<br \/>Saiba o estado de sa\u00fade das v\u00edtimas do ataque a carro-forte na regi\u00e3o de Ribeir\u00e3o<\/p>\n<h4 class=\"wp-block-heading\"><strong>FIQUE ON<\/strong><\/h4>\n<p>Fique ligado em tudo que acontece em Ribeir\u00e3o Preto e regi\u00e3o. Siga os perfis do<strong>\u00a0acidade on<\/strong>\u00a0no\u00a0<a href=\"https:\/\/www.instagram.com\/acidadeonribeirao\" target=\"_blank\" rel=\"noreferrer noopener\">Instagram\u00a0<\/a>e no\u00a0<a href=\"https:\/\/www.facebook.com\/acidadeonribeirao\/\" target=\"_blank\" rel=\"noreferrer noopener\">Facebook<\/a>.<\/p>\n<p>Receba not\u00edcias do\u00a0<strong>acidade on<\/strong>\u00a0no WhatsApp.\u00a0<a href=\"https:\/\/chat.whatsapp.com\/Dtv9mxhy6V5BJBotM2OQ5k\" target=\"_blank\" rel=\"noreferrer noopener\">Para entrar no grupo, basta clicar aqui.<\/a><\/p>\n<p>Fa\u00e7a uma den\u00fancia ou sugira uma reportagem sobre Ribeir\u00e3o Preto e regi\u00e3o pelo WhatsApp: 16 99117 7802.<\/p>\n<p>VEJA TAMB\u00c9M<br \/>Quando vai chover em SP? Estado est\u00e1 em \u2018Alerta Vermelho\u2019<\/p>\n<p><!-- CONTENT END 1 -->\n<\/div>\n<p><script async src=\"\/\/www.instagram.com\/embed.js\"><\/script><br \/>\n<br \/><br \/>\n<br \/><a href=\"https:\/\/www.acidadeon.com\/ribeiraopreto\/politica\/eleicoes\/confira-o-que-guilherme-cortez-disse-na-entrevista-da-serie-entre-os-candidatos-a-prefeitura-de-franca\/\">Source link <\/a><\/p>\n","protected":false},"excerpt":{"rendered":"<p>O acidade on Ribeir\u00e3o realiza nesta semana uma s\u00e9rie de entrevistas com os candidatos \u00e0 Prefeitura de Franca nas elei\u00e7\u00f5es 2024. Nesta ter\u00e7a-feira (10) o&#8230;<\/p>\n","protected":false},"author":1,"featured_media":65095,"comment_status":"open","ping_status":"open","sticky":false,"template":"","format":"standard","meta":{"_uag_custom_page_level_css":"","advanced_seo_description":"","jetpack_seo_html_title":"","jetpack_seo_noindex":false,"jetpack_post_was_ever_published":false,"_jetpack_newsletter_access":"","_jetpack_dont_email_post_to_subs":false,"_jetpack_newsletter_tier_id":0,"_jetpack_memberships_contains_paywalled_content":false,"_jetpack_memberships_contains_paid_content":false,"footnotes":"","jetpack_publicize_message":"","jetpack_publicize_feature_enabled":true,"jetpack_social_post_already_shared":true,"jetpack_social_options":{"image_generator_settings":{"template":"highway","default_image_id":0,"font":"","enabled":false},"version":2}},"categories":[11],"tags":[],"class_list":["post-65094","post","type-post","status-publish","format-standard","has-post-thumbnail","hentry","category-noticias-de-ribeirao-preto-sp-e-regiao-ismael-colosi"],"jetpack_publicize_connections":[],"jetpack_featured_media_url":"https:\/\/i0.wp.com\/ismaelcolosi.com.br\/wp-content\/uploads\/2024\/09\/guilherme-cortez-2_2024-09-10_21-41-49_jpeg_2024-09-10_21-41-49.webp.webp?fit=1280%2C960&ssl=1","uagb_featured_image_src":{"full":["https:\/\/i0.wp.com\/ismaelcolosi.com.br\/wp-content\/uploads\/2024\/09\/guilherme-cortez-2_2024-09-10_21-41-49_jpeg_2024-09-10_21-41-49.webp.webp?fit=1280%2C960&ssl=1",1280,960,false],"thumbnail":["https:\/\/i0.wp.com\/ismaelcolosi.com.br\/wp-content\/uploads\/2024\/09\/guilherme-cortez-2_2024-09-10_21-41-49_jpeg_2024-09-10_21-41-49.webp.webp?resize=150%2C150&ssl=1",150,150,true],"medium":["https:\/\/i0.wp.com\/ismaelcolosi.com.br\/wp-content\/uploads\/2024\/09\/guilherme-cortez-2_2024-09-10_21-41-49_jpeg_2024-09-10_21-41-49.webp.webp?fit=300%2C225&ssl=1",300,225,true],"medium_large":["https:\/\/i0.wp.com\/ismaelcolosi.com.br\/wp-content\/uploads\/2024\/09\/guilherme-cortez-2_2024-09-10_21-41-49_jpeg_2024-09-10_21-41-49.webp.webp?fit=768%2C576&ssl=1",768,576,true],"large":["https:\/\/i0.wp.com\/ismaelcolosi.com.br\/wp-content\/uploads\/2024\/09\/guilherme-cortez-2_2024-09-10_21-41-49_jpeg_2024-09-10_21-41-49.webp.webp?fit=1024%2C768&ssl=1",1024,768,true],"1536x1536":["https:\/\/i0.wp.com\/ismaelcolosi.com.br\/wp-content\/uploads\/2024\/09\/guilherme-cortez-2_2024-09-10_21-41-49_jpeg_2024-09-10_21-41-49.webp.webp?fit=1280%2C960&ssl=1",1280,960,true],"2048x2048":["https:\/\/i0.wp.com\/ismaelcolosi.com.br\/wp-content\/uploads\/2024\/09\/guilherme-cortez-2_2024-09-10_21-41-49_jpeg_2024-09-10_21-41-49.webp.webp?fit=1280%2C960&ssl=1",1280,960,true],"really-simple-thumb":["https:\/\/i0.wp.com\/ismaelcolosi.com.br\/wp-content\/uploads\/2024\/09\/guilherme-cortez-2_2024-09-10_21-41-49_jpeg_2024-09-10_21-41-49.webp.webp?resize=370%2C247&ssl=1",370,247,true]},"uagb_author_info":{"display_name":"ismaelcolosi.com.br","author_link":"https:\/\/ismaelcolosi.com.br\/index.php\/author\/vidareal-online\/"},"uagb_comment_info":0,"uagb_excerpt":"O acidade on Ribeir\u00e3o realiza nesta semana uma s\u00e9rie de entrevistas com os candidatos \u00e0 Prefeitura de Franca nas elei\u00e7\u00f5es 2024. Nesta ter\u00e7a-feira (10) o...","jetpack-related-posts":[{"id":64990,"url":"https:\/\/ismaelcolosi.com.br\/index.php\/2024\/09\/10\/guilherme-cortez-participa-nesta-terca-da-serie-de-entrevistas-com-candidatos-a-prefeitura-de-franca\/","url_meta":{"origin":65094,"position":0},"title":"Guilherme Cortez participa nesta ter\u00e7a da s\u00e9rie de entrevistas com candidatos \u00e0 Prefeitura de Franca","author":"ismaelcolosi.com.br","date":"10 de September de 2024","format":false,"excerpt":"O acidade on Ribeir\u00e3o realiza nesta semana uma s\u00e9rie de entrevistas com os candidatos \u00e0 Prefeitura de Franca nas elei\u00e7\u00f5es 2024. Nesta ter\u00e7a-feira (10) \u00e9 a vez da sabatina do deputado estadual Guilherme Cortez (PSOL) \u2013 veja o player acima. A entrevista vai ao ar, ao vivo, logo ap\u00f3s a\u2026","rel":"","context":"In &quot;Not\u00edcias de Ribeir\u00e3o Preto-SP e Regi\u00e3o&quot;","block_context":{"text":"Not\u00edcias de Ribeir\u00e3o Preto-SP e Regi\u00e3o","link":"https:\/\/ismaelcolosi.com.br\/index.php\/category\/noticias-de-ribeirao-preto-sp-e-regiao-ismael-colosi\/"},"img":{"alt_text":"","src":"https:\/\/i0.wp.com\/ismaelcolosi.com.br\/wp-content\/uploads\/2024\/09\/Guilherme-Cortez_2024-09-10_13-28-56_jpeg_2024-09-10_13-28-56.webp.webp?fit=1200%2C675&ssl=1&resize=350%2C200","width":350,"height":200,"srcset":"https:\/\/i0.wp.com\/ismaelcolosi.com.br\/wp-content\/uploads\/2024\/09\/Guilherme-Cortez_2024-09-10_13-28-56_jpeg_2024-09-10_13-28-56.webp.webp?fit=1200%2C675&ssl=1&resize=350%2C200 1x, https:\/\/i0.wp.com\/ismaelcolosi.com.br\/wp-content\/uploads\/2024\/09\/Guilherme-Cortez_2024-09-10_13-28-56_jpeg_2024-09-10_13-28-56.webp.webp?fit=1200%2C675&ssl=1&resize=525%2C300 1.5x, https:\/\/i0.wp.com\/ismaelcolosi.com.br\/wp-content\/uploads\/2024\/09\/Guilherme-Cortez_2024-09-10_13-28-56_jpeg_2024-09-10_13-28-56.webp.webp?fit=1200%2C675&ssl=1&resize=700%2C400 2x, https:\/\/i0.wp.com\/ismaelcolosi.com.br\/wp-content\/uploads\/2024\/09\/Guilherme-Cortez_2024-09-10_13-28-56_jpeg_2024-09-10_13-28-56.webp.webp?fit=1200%2C675&ssl=1&resize=1050%2C600 3x"},"classes":[]},{"id":64527,"url":"https:\/\/ismaelcolosi.com.br\/index.php\/2024\/09\/08\/eleicoes-2024-acidade-on-realiza-serie-de-entrevistas-com-candidatos-a-prefeitura-de-franca\/","url_meta":{"origin":65094,"position":1},"title":"Elei\u00e7\u00f5es 2024: acidade on realiza s\u00e9rie de entrevistas com candidatos \u00e0 Prefeitura de Franca","author":"ismaelcolosi.com.br","date":"8 de September de 2024","format":false,"excerpt":"A partir desta segunda-feira (9), o acidade on Ribeir\u00e3o realiza uma s\u00e9rie de entrevistas com os candidatos \u00e0 Prefeitura de Franca. As entrevistas ser\u00e3o realizadas ao vivo e transmitidas pelo canal no YouTube e no portal acidade on Ribeir\u00e3o ap\u00f3s a participa\u00e7\u00e3o dos candidatos no telejornal EPTV 1 entre segunda-feira\u2026","rel":"","context":"In &quot;Not\u00edcias de Ribeir\u00e3o Preto-SP e Regi\u00e3o&quot;","block_context":{"text":"Not\u00edcias de Ribeir\u00e3o Preto-SP e Regi\u00e3o","link":"https:\/\/ismaelcolosi.com.br\/index.php\/category\/noticias-de-ribeirao-preto-sp-e-regiao-ismael-colosi\/"},"img":{"alt_text":"","src":"https:\/\/i0.wp.com\/ismaelcolosi.com.br\/wp-content\/uploads\/2024\/09\/urna_2024-09-06_19-24-20_jpg_2024-09-06_19-24-20.webp.webp?fit=1170%2C700&ssl=1&resize=350%2C200","width":350,"height":200,"srcset":"https:\/\/i0.wp.com\/ismaelcolosi.com.br\/wp-content\/uploads\/2024\/09\/urna_2024-09-06_19-24-20_jpg_2024-09-06_19-24-20.webp.webp?fit=1170%2C700&ssl=1&resize=350%2C200 1x, https:\/\/i0.wp.com\/ismaelcolosi.com.br\/wp-content\/uploads\/2024\/09\/urna_2024-09-06_19-24-20_jpg_2024-09-06_19-24-20.webp.webp?fit=1170%2C700&ssl=1&resize=525%2C300 1.5x, https:\/\/i0.wp.com\/ismaelcolosi.com.br\/wp-content\/uploads\/2024\/09\/urna_2024-09-06_19-24-20_jpg_2024-09-06_19-24-20.webp.webp?fit=1170%2C700&ssl=1&resize=700%2C400 2x, https:\/\/i0.wp.com\/ismaelcolosi.com.br\/wp-content\/uploads\/2024\/09\/urna_2024-09-06_19-24-20_jpg_2024-09-06_19-24-20.webp.webp?fit=1170%2C700&ssl=1&resize=1050%2C600 3x"},"classes":[]},{"id":65459,"url":"https:\/\/ismaelcolosi.com.br\/index.php\/2024\/09\/12\/ubiali-participa-nesta-quinta-da-serie-de-entrevistas-com-candidatos-a-prefeitura-de-franca\/","url_meta":{"origin":65094,"position":2},"title":"Ubiali participa nesta quinta da s\u00e9rie de entrevistas com candidatos \u00e0 Prefeitura de Franca","author":"ismaelcolosi.com.br","date":"12 de September de 2024","format":false,"excerpt":"O\u00a0acidade on Ribeir\u00e3o\u00a0realiza nesta semana uma s\u00e9rie de entrevistas com os candidatos \u00e0\u00a0Prefeitura de Franca\u00a0nas\u00a0elei\u00e7\u00f5es 2024. Nesta quinta-feira (12) \u00e9 a vez da sabatina do m\u00e9dico Marco Aur\u00e9lio Ubiali (PSB)\u00a0\u2013 veja o player acima. A entrevista vai ao ar, ao vivo, logo ap\u00f3s a sabatina do candidato no telejornal da\u00a0EPTV.\u2026","rel":"","context":"In &quot;Not\u00edcias de Ribeir\u00e3o Preto-SP e Regi\u00e3o&quot;","block_context":{"text":"Not\u00edcias de Ribeir\u00e3o Preto-SP e Regi\u00e3o","link":"https:\/\/ismaelcolosi.com.br\/index.php\/category\/noticias-de-ribeirao-preto-sp-e-regiao-ismael-colosi\/"},"img":{"alt_text":"","src":"https:\/\/i0.wp.com\/ismaelcolosi.com.br\/wp-content\/uploads\/2024\/09\/UBIALI_2024-09-12_13-56-13_jpg_2024-09-12_13-56-14.webp.webp?fit=1200%2C753&ssl=1&resize=350%2C200","width":350,"height":200,"srcset":"https:\/\/i0.wp.com\/ismaelcolosi.com.br\/wp-content\/uploads\/2024\/09\/UBIALI_2024-09-12_13-56-13_jpg_2024-09-12_13-56-14.webp.webp?fit=1200%2C753&ssl=1&resize=350%2C200 1x, https:\/\/i0.wp.com\/ismaelcolosi.com.br\/wp-content\/uploads\/2024\/09\/UBIALI_2024-09-12_13-56-13_jpg_2024-09-12_13-56-14.webp.webp?fit=1200%2C753&ssl=1&resize=525%2C300 1.5x, https:\/\/i0.wp.com\/ismaelcolosi.com.br\/wp-content\/uploads\/2024\/09\/UBIALI_2024-09-12_13-56-13_jpg_2024-09-12_13-56-14.webp.webp?fit=1200%2C753&ssl=1&resize=700%2C400 2x, https:\/\/i0.wp.com\/ismaelcolosi.com.br\/wp-content\/uploads\/2024\/09\/UBIALI_2024-09-12_13-56-13_jpg_2024-09-12_13-56-14.webp.webp?fit=1200%2C753&ssl=1&resize=1050%2C600 3x"},"classes":[]},{"id":65204,"url":"https:\/\/ismaelcolosi.com.br\/index.php\/2024\/09\/11\/joao-rocha-participa-nesta-quarta-da-serie-de-entrevistas-com-candidatos-a-prefeitura-de-franca\/","url_meta":{"origin":65094,"position":3},"title":"Jo\u00e3o Rocha participa nesta quarta da s\u00e9rie de entrevistas com candidatos \u00e0 Prefeitura de Franca","author":"ismaelcolosi.com.br","date":"11 de September de 2024","format":false,"excerpt":"O acidade on Ribeir\u00e3o realiza nesta semana uma s\u00e9rie de entrevistas com os candidatos \u00e0 Prefeitura de Franca nas elei\u00e7\u00f5es 2024. Nesta quarta-feira (11) \u00e9 a vez da sabatina do empres\u00e1rio Jo\u00e3o Rocha (PL) \u2013 veja o player acima. A entrevista vai ao ar, ao vivo, logo ap\u00f3s a sabatina\u2026","rel":"","context":"In &quot;Not\u00edcias de Ribeir\u00e3o Preto-SP e Regi\u00e3o&quot;","block_context":{"text":"Not\u00edcias de Ribeir\u00e3o Preto-SP e Regi\u00e3o","link":"https:\/\/ismaelcolosi.com.br\/index.php\/category\/noticias-de-ribeirao-preto-sp-e-regiao-ismael-colosi\/"},"img":{"alt_text":"","src":"https:\/\/i0.wp.com\/ismaelcolosi.com.br\/wp-content\/uploads\/2024\/09\/Joao-Rocha_2024-09-11_13-54-38_jpg_2024-09-11_13-54-38.webp.webp?fit=914%2C761&ssl=1&resize=350%2C200","width":350,"height":200,"srcset":"https:\/\/i0.wp.com\/ismaelcolosi.com.br\/wp-content\/uploads\/2024\/09\/Joao-Rocha_2024-09-11_13-54-38_jpg_2024-09-11_13-54-38.webp.webp?fit=914%2C761&ssl=1&resize=350%2C200 1x, https:\/\/i0.wp.com\/ismaelcolosi.com.br\/wp-content\/uploads\/2024\/09\/Joao-Rocha_2024-09-11_13-54-38_jpg_2024-09-11_13-54-38.webp.webp?fit=914%2C761&ssl=1&resize=525%2C300 1.5x, https:\/\/i0.wp.com\/ismaelcolosi.com.br\/wp-content\/uploads\/2024\/09\/Joao-Rocha_2024-09-11_13-54-38_jpg_2024-09-11_13-54-38.webp.webp?fit=914%2C761&ssl=1&resize=700%2C400 2x"},"classes":[]},{"id":65701,"url":"https:\/\/ismaelcolosi.com.br\/index.php\/2024\/09\/13\/mariana-negri-participa-nesta-sexta-da-serie-de-entrevistas-com-candidatos-a-prefeitura-de-franca\/","url_meta":{"origin":65094,"position":4},"title":"Mariana Negri participa nesta sexta da s\u00e9rie de entrevistas com candidatos \u00e0 Prefeitura de Franca","author":"ismaelcolosi.com.br","date":"13 de September de 2024","format":false,"excerpt":"O acidade on Ribeir\u00e3o realiza nesta semana uma s\u00e9rie de entrevistas com os candidatos \u00e0 Prefeitura de Franca nas elei\u00e7\u00f5es 2024. Nesta sexta-feira (13) \u00e9 a vez da sabatina da advogada Mariana Negri (PT) \u2013 veja o player acima. A entrevista vai ao ar, ao vivo, logo ap\u00f3s a sabatina\u2026","rel":"","context":"In &quot;Not\u00edcias de Ribeir\u00e3o Preto-SP e Regi\u00e3o&quot;","block_context":{"text":"Not\u00edcias de Ribeir\u00e3o Preto-SP e Regi\u00e3o","link":"https:\/\/ismaelcolosi.com.br\/index.php\/category\/noticias-de-ribeirao-preto-sp-e-regiao-ismael-colosi\/"},"img":{"alt_text":"","src":"https:\/\/i0.wp.com\/ismaelcolosi.com.br\/wp-content\/uploads\/2024\/09\/Mariana-Negri_2024-09-13_14-30-22_jpg_2024-09-13_14-30-22.webp.webp?fit=1199%2C933&ssl=1&resize=350%2C200","width":350,"height":200,"srcset":"https:\/\/i0.wp.com\/ismaelcolosi.com.br\/wp-content\/uploads\/2024\/09\/Mariana-Negri_2024-09-13_14-30-22_jpg_2024-09-13_14-30-22.webp.webp?fit=1199%2C933&ssl=1&resize=350%2C200 1x, https:\/\/i0.wp.com\/ismaelcolosi.com.br\/wp-content\/uploads\/2024\/09\/Mariana-Negri_2024-09-13_14-30-22_jpg_2024-09-13_14-30-22.webp.webp?fit=1199%2C933&ssl=1&resize=525%2C300 1.5x, https:\/\/i0.wp.com\/ismaelcolosi.com.br\/wp-content\/uploads\/2024\/09\/Mariana-Negri_2024-09-13_14-30-22_jpg_2024-09-13_14-30-22.webp.webp?fit=1199%2C933&ssl=1&resize=700%2C400 2x, https:\/\/i0.wp.com\/ismaelcolosi.com.br\/wp-content\/uploads\/2024\/09\/Mariana-Negri_2024-09-13_14-30-22_jpg_2024-09-13_14-30-22.webp.webp?fit=1199%2C933&ssl=1&resize=1050%2C600 3x"},"classes":[]},{"id":64790,"url":"https:\/\/ismaelcolosi.com.br\/index.php\/2024\/09\/09\/alexandre-ferreira-abre-serie-de-entrevistas-com-candidatos-a-prefeitura-de-franca\/","url_meta":{"origin":65094,"position":5},"title":"Alexandre Ferreira abre s\u00e9rie de entrevistas com candidatos \u00e0 Prefeitura de Franca","author":"ismaelcolosi.com.br","date":"9 de September de 2024","format":false,"excerpt":"O acidade on Ribeir\u00e3o come\u00e7a nesta segunda-feira (9) uma s\u00e9rie de entrevistas com os candidatos \u00e0 Prefeitura de Franca nas elei\u00e7\u00f5es 2024. O primeiro entrevistado \u00e9 o atual prefeito de Franca, Alexandre Ferreira (MDB) \u2013 veja o player acima. A entrevista vai ao ar, ao vivo, logo ap\u00f3s a sabatina\u2026","rel":"","context":"In &quot;Not\u00edcias de Ribeir\u00e3o Preto-SP e Regi\u00e3o&quot;","block_context":{"text":"Not\u00edcias de Ribeir\u00e3o Preto-SP e Regi\u00e3o","link":"https:\/\/ismaelcolosi.com.br\/index.php\/category\/noticias-de-ribeirao-preto-sp-e-regiao-ismael-colosi\/"},"img":{"alt_text":"","src":"https:\/\/i0.wp.com\/ismaelcolosi.com.br\/wp-content\/uploads\/2024\/09\/alexandre-ferreira_2024-09-09_14-40-04_jpg_2024-09-09_14-40-04.webp.webp?fit=1079%2C845&ssl=1&resize=350%2C200","width":350,"height":200,"srcset":"https:\/\/i0.wp.com\/ismaelcolosi.com.br\/wp-content\/uploads\/2024\/09\/alexandre-ferreira_2024-09-09_14-40-04_jpg_2024-09-09_14-40-04.webp.webp?fit=1079%2C845&ssl=1&resize=350%2C200 1x, https:\/\/i0.wp.com\/ismaelcolosi.com.br\/wp-content\/uploads\/2024\/09\/alexandre-ferreira_2024-09-09_14-40-04_jpg_2024-09-09_14-40-04.webp.webp?fit=1079%2C845&ssl=1&resize=525%2C300 1.5x, https:\/\/i0.wp.com\/ismaelcolosi.com.br\/wp-content\/uploads\/2024\/09\/alexandre-ferreira_2024-09-09_14-40-04_jpg_2024-09-09_14-40-04.webp.webp?fit=1079%2C845&ssl=1&resize=700%2C400 2x, https:\/\/i0.wp.com\/ismaelcolosi.com.br\/wp-content\/uploads\/2024\/09\/alexandre-ferreira_2024-09-09_14-40-04_jpg_2024-09-09_14-40-04.webp.webp?fit=1079%2C845&ssl=1&resize=1050%2C600 3x"},"classes":[]}],"jetpack_sharing_enabled":true,"jetpack_shortlink":"https:\/\/wp.me\/pfMlyK-gVU","_links":{"self":[{"href":"https:\/\/ismaelcolosi.com.br\/index.php\/wp-json\/wp\/v2\/posts\/65094","targetHints":{"allow":["GET"]}}],"collection":[{"href":"https:\/\/ismaelcolosi.com.br\/index.php\/wp-json\/wp\/v2\/posts"}],"about":[{"href":"https:\/\/ismaelcolosi.com.br\/index.php\/wp-json\/wp\/v2\/types\/post"}],"author":[{"embeddable":true,"href":"https:\/\/ismaelcolosi.com.br\/index.php\/wp-json\/wp\/v2\/users\/1"}],"replies":[{"embeddable":true,"href":"https:\/\/ismaelcolosi.com.br\/index.php\/wp-json\/wp\/v2\/comments?post=65094"}],"version-history":[{"count":0,"href":"https:\/\/ismaelcolosi.com.br\/index.php\/wp-json\/wp\/v2\/posts\/65094\/revisions"}],"wp:featuredmedia":[{"embeddable":true,"href":"https:\/\/ismaelcolosi.com.br\/index.php\/wp-json\/wp\/v2\/media\/65095"}],"wp:attachment":[{"href":"https:\/\/ismaelcolosi.com.br\/index.php\/wp-json\/wp\/v2\/media?parent=65094"}],"wp:term":[{"taxonomy":"category","embeddable":true,"href":"https:\/\/ismaelcolosi.com.br\/index.php\/wp-json\/wp\/v2\/categories?post=65094"},{"taxonomy":"post_tag","embeddable":true,"href":"https:\/\/ismaelcolosi.com.br\/index.php\/wp-json\/wp\/v2\/tags?post=65094"}],"curies":[{"name":"wp","href":"https:\/\/api.w.org\/{rel}","templated":true}]}}