{"id":65089,"date":"2024-09-10T18:25:41","date_gmt":"2024-09-10T21:25:41","guid":{"rendered":"https:\/\/ismaelcolosi.com.br\/index.php\/2024\/09\/10\/hospital-santa-lydia-de-ribeirao-abre-selecao-com-salarios-de-ate-r-7-mil\/"},"modified":"2024-09-10T18:25:41","modified_gmt":"2024-09-10T21:25:41","slug":"hospital-santa-lydia-de-ribeirao-abre-selecao-com-salarios-de-ate-r-7-mil","status":"publish","type":"post","link":"https:\/\/ismaelcolosi.com.br\/index.php\/2024\/09\/10\/hospital-santa-lydia-de-ribeirao-abre-selecao-com-salarios-de-ate-r-7-mil\/","title":{"rendered":"Hospital Santa Lydia de Ribeir\u00e3o abre sele\u00e7\u00e3o com sal\u00e1rios de at\u00e9 R$ 7 mil"},"content":{"rendered":"<p> <br \/>\n<\/p>\n<div data-td-block-uid=\"tdi_106\">\n<div class=\"tdb-block-inner td-fix-index\">\n<p>A <a href=\"https:\/\/www.hospitalsantalydia.com.br\/\" target=\"_blank\" rel=\"noreferrer noopener\">Funda\u00e7\u00e3o Hospital Santa Lydia \u2013 FHSL<\/a>\u00a0anunciou, nesta ter\u00e7a-feira (10), a abertura de um novo processo seletivo com 13 vagas para profissionais de n\u00edveis fundamental, m\u00e9dio e superior, al\u00e9m de formar cadastro reserva. Os sal\u00e1rios variam de <strong>R$ 1.455,90<\/strong> a <strong>R$ 7.310,37.<\/strong><\/p>\n<p>De acordo com o <a href=\"https:\/\/www.hospitalsantalydia.com.br\/tag\/editais?do=showtag&amp;tag=editais\" target=\"_blank\" rel=\"noreferrer noopener nofollow\">edital<\/a>, as oportunidades s\u00e3o para os seguintes cargos: <strong>Auxiliar de Servi\u00e7os Gerais <\/strong>(1 vaga); <strong>Auxiliar de Cozinha<\/strong> (1 vaga); <strong>Auxiliar de Farm\u00e1cia<\/strong> (1 vaga); <strong>T\u00e9cnico de Enfermagem<\/strong> (1 vaga); <strong>Analista Administrativo<\/strong> (1 vaga); <strong>Analista Administrativo -Ci\u00eancias Cont\u00e1beis<\/strong> (1 vaga); <strong>Analista de Licita\u00e7\u00f5es e Contratos<\/strong> (1 vaga); <strong>Biologista <\/strong>(1 vaga); <strong>Farmac\u00eautico <\/strong>(1 vaga); <strong>Fisioterapeuta <\/strong>(1 vaga); <strong>M\u00e9dico Aten\u00e7\u00e3o B\u00e1sica \u2013 Pediatra<\/strong> (1 vaga); <strong>Nutricionista <\/strong>(1 vaga); <strong>Terapeuta Ocupacional <\/strong>(1 vaga).<\/p>\n<p>As inscri\u00e7\u00f5es come\u00e7am a partir das 13h do dia <strong>12 de setembro de 2024<\/strong> e seguem at\u00e9 \u00e0s 13h do dia <strong>23 de setembro de 2024<\/strong>, pelo site\u00a0<a href=\"https:\/\/portal.glconsultoria.com.br\/edital\/ver\/204\" target=\"_blank\" rel=\"noreferrer noopener\"><strong>GL Consultoria<\/strong><\/a>, com taxas de R$ 16,00 a R$ 21,50.<\/p>\n<p>O <strong>prazo de validade<\/strong> do certame ser\u00e1 de <strong>dois anos<\/strong>, contados a partir da data de homologa\u00e7\u00e3o, prorrog\u00e1vel automaticamente uma \u00fanica vez por igual per\u00edodo.<\/p>\n<p>SAIBA MAIS<br \/>Saiba o estado de sa\u00fade das v\u00edtimas do ataque a carro-forte na regi\u00e3o de Ribeir\u00e3o<\/p>\n<h4 class=\"wp-block-heading\"><strong>FIQUE ON<\/strong><\/h4>\n<p>Fique ligado em tudo que acontece em Ribeir\u00e3o Preto e regi\u00e3o. Siga os perfis do<strong>\u00a0acidade on<\/strong>\u00a0no\u00a0<a href=\"https:\/\/www.instagram.com\/acidadeonribeirao\" target=\"_blank\" rel=\"noreferrer noopener\">Instagram\u00a0<\/a>e no\u00a0<a href=\"https:\/\/www.facebook.com\/acidadeonribeirao\/\" target=\"_blank\" rel=\"noreferrer noopener\">Facebook<\/a>.<\/p>\n<p>Receba not\u00edcias do\u00a0<strong>acidade on<\/strong>\u00a0no WhatsApp.\u00a0<a href=\"https:\/\/chat.whatsapp.com\/Dtv9mxhy6V5BJBotM2OQ5k\" target=\"_blank\" rel=\"noreferrer noopener\">Para entrar no grupo, basta clicar aqui.<\/a><\/p>\n<p>Fa\u00e7a uma den\u00fancia ou sugira uma reportagem sobre Ribeir\u00e3o Preto e regi\u00e3o pelo WhatsApp: 16 99117 7802.<\/p>\n<p>VEJA TAMB\u00c9M<br \/>Quando vai chover em SP? Estado est\u00e1 em \u2018Alerta Vermelho\u2019<\/p>\n<p><!-- CONTENT END 1 -->\n<\/div>\n<\/div>\n<p><script async src=\"\/\/www.instagram.com\/embed.js\"><\/script><br \/>\n<br \/><br \/>\n<br \/><a href=\"https:\/\/www.acidadeon.com\/ribeiraopreto\/economia\/hospital-santa-lydia-de-ribeirao-abre-selecao-com-salarios-de-r-7-mil\/\">Source link <\/a><\/p>\n","protected":false},"excerpt":{"rendered":"<p>A Funda\u00e7\u00e3o Hospital Santa Lydia \u2013 FHSL\u00a0anunciou, nesta ter\u00e7a-feira (10), a abertura de um novo processo seletivo com 13 vagas para profissionais de n\u00edveis fundamental,&#8230;<\/p>\n","protected":false},"author":1,"featured_media":65090,"comment_status":"open","ping_status":"open","sticky":false,"template":"","format":"standard","meta":{"_uag_custom_page_level_css":"","advanced_seo_description":"","jetpack_seo_html_title":"","jetpack_seo_noindex":false,"jetpack_post_was_ever_published":false,"_jetpack_newsletter_access":"","_jetpack_dont_email_post_to_subs":false,"_jetpack_newsletter_tier_id":0,"_jetpack_memberships_contains_paywalled_content":false,"_jetpack_memberships_contains_paid_content":false,"footnotes":"","jetpack_publicize_message":"","jetpack_publicize_feature_enabled":true,"jetpack_social_post_already_shared":true,"jetpack_social_options":{"image_generator_settings":{"template":"highway","default_image_id":0,"font":"","enabled":false},"version":2}},"categories":[11],"tags":[],"class_list":["post-65089","post","type-post","status-publish","format-standard","has-post-thumbnail","hentry","category-noticias-de-ribeirao-preto-sp-e-regiao-ismael-colosi"],"jetpack_publicize_connections":[],"jetpack_featured_media_url":"https:\/\/i0.wp.com\/ismaelcolosi.com.br\/wp-content\/uploads\/2024\/09\/santa-lydia.jpg?fit=1620%2C1080&ssl=1","uagb_featured_image_src":{"full":["https:\/\/i0.wp.com\/ismaelcolosi.com.br\/wp-content\/uploads\/2024\/09\/santa-lydia.jpg?fit=1620%2C1080&ssl=1",1620,1080,false],"thumbnail":["https:\/\/i0.wp.com\/ismaelcolosi.com.br\/wp-content\/uploads\/2024\/09\/santa-lydia.jpg?resize=150%2C150&ssl=1",150,150,true],"medium":["https:\/\/i0.wp.com\/ismaelcolosi.com.br\/wp-content\/uploads\/2024\/09\/santa-lydia.jpg?fit=300%2C200&ssl=1",300,200,true],"medium_large":["https:\/\/i0.wp.com\/ismaelcolosi.com.br\/wp-content\/uploads\/2024\/09\/santa-lydia.jpg?fit=768%2C512&ssl=1",768,512,true],"large":["https:\/\/i0.wp.com\/ismaelcolosi.com.br\/wp-content\/uploads\/2024\/09\/santa-lydia.jpg?fit=1024%2C683&ssl=1",1024,683,true],"1536x1536":["https:\/\/i0.wp.com\/ismaelcolosi.com.br\/wp-content\/uploads\/2024\/09\/santa-lydia.jpg?fit=1536%2C1024&ssl=1",1536,1024,true],"2048x2048":["https:\/\/i0.wp.com\/ismaelcolosi.com.br\/wp-content\/uploads\/2024\/09\/santa-lydia.jpg?fit=1620%2C1080&ssl=1",1620,1080,true],"really-simple-thumb":["https:\/\/i0.wp.com\/ismaelcolosi.com.br\/wp-content\/uploads\/2024\/09\/santa-lydia.jpg?resize=370%2C247&ssl=1",370,247,true]},"uagb_author_info":{"display_name":"ismaelcolosi.com.br","author_link":"https:\/\/ismaelcolosi.com.br\/index.php\/author\/vidareal-online\/"},"uagb_comment_info":0,"uagb_excerpt":"A Funda\u00e7\u00e3o Hospital Santa Lydia \u2013 FHSL\u00a0anunciou, nesta ter\u00e7a-feira (10), a abertura de um novo processo seletivo com 13 vagas para profissionais de n\u00edveis fundamental,...","jetpack-related-posts":[{"id":67121,"url":"https:\/\/ismaelcolosi.com.br\/index.php\/2024\/09\/20\/ate-quando-vao-as-inscricoes-para-processo-seletivo-do-hospital-santa-lydia-em-ribeirao\/","url_meta":{"origin":65089,"position":0},"title":"At\u00e9 quando v\u00e3o as inscri\u00e7\u00f5es para processo seletivo do Hospital Santa Lydia em Ribeir\u00e3o?","author":"ismaelcolosi.com.br","date":"20 de September de 2024","format":false,"excerpt":"As inscri\u00e7\u00f5es para o novo processo seletivo da Funda\u00e7\u00e3o Hospital Santa Lydia de Ribeir\u00e3o Preto, com 13 vagas para profissionais de n\u00edveis fundamental, m\u00e9dio e superior, terminam na segunda-feira (23). Entre as oportunidades est\u00e3o vagas para os cargos de T\u00e9cnico de Enfermagem, Analista Administrativo e M\u00e9dico de Aten\u00e7\u00e3o B\u00e1sica \u2013\u2026","rel":"","context":"In &quot;Not\u00edcias de Ribeir\u00e3o Preto-SP e Regi\u00e3o&quot;","block_context":{"text":"Not\u00edcias de Ribeir\u00e3o Preto-SP e Regi\u00e3o","link":"https:\/\/ismaelcolosi.com.br\/index.php\/category\/noticias-de-ribeirao-preto-sp-e-regiao-ismael-colosi\/"},"img":{"alt_text":"","src":"https:\/\/i0.wp.com\/ismaelcolosi.com.br\/wp-content\/uploads\/2024\/09\/FundaoSantaLydiadeRibeiroPretoabreprocessoseletivoVejaasvagas_Tamanho_2_image.jpg?fit=1200%2C900&ssl=1&resize=350%2C200","width":350,"height":200,"srcset":"https:\/\/i0.wp.com\/ismaelcolosi.com.br\/wp-content\/uploads\/2024\/09\/FundaoSantaLydiadeRibeiroPretoabreprocessoseletivoVejaasvagas_Tamanho_2_image.jpg?fit=1200%2C900&ssl=1&resize=350%2C200 1x, https:\/\/i0.wp.com\/ismaelcolosi.com.br\/wp-content\/uploads\/2024\/09\/FundaoSantaLydiadeRibeiroPretoabreprocessoseletivoVejaasvagas_Tamanho_2_image.jpg?fit=1200%2C900&ssl=1&resize=525%2C300 1.5x, https:\/\/i0.wp.com\/ismaelcolosi.com.br\/wp-content\/uploads\/2024\/09\/FundaoSantaLydiadeRibeiroPretoabreprocessoseletivoVejaasvagas_Tamanho_2_image.jpg?fit=1200%2C900&ssl=1&resize=700%2C400 2x, https:\/\/i0.wp.com\/ismaelcolosi.com.br\/wp-content\/uploads\/2024\/09\/FundaoSantaLydiadeRibeiroPretoabreprocessoseletivoVejaasvagas_Tamanho_2_image.jpg?fit=1200%2C900&ssl=1&resize=1050%2C600 3x"},"classes":[]},{"id":46587,"url":"https:\/\/ismaelcolosi.com.br\/index.php\/2024\/04\/12\/hospital-santa-lydia-de-ribeirao-preto-tem-processo-seletivo-com-salarios-de-r-4-mil\/","url_meta":{"origin":65089,"position":1},"title":"Hospital Santa Lydia de Ribeir\u00e3o Preto tem processo seletivo com sal\u00e1rios de R$ 4 mil","author":"ismaelcolosi.com.br","date":"12 de April de 2024","format":false,"excerpt":"A Funda\u00e7\u00e3o Hospital Santa Lydia de Ribeir\u00e3o Preto abriu processo seletivo com seis vagas, al\u00e9m de oportunidades para o cadastro de reserva. As vagas s\u00e3o de n\u00edvel fundamental, m\u00e9dio e superior e os sal\u00e1rios variam entre R$ 1.426,98 e R$ 4.096,98. S\u00e3o dois editais e o valor da taxa de\u2026","rel":"","context":"In &quot;Not\u00edcias de Ribeir\u00e3o Preto-SP e Regi\u00e3o&quot;","block_context":{"text":"Not\u00edcias de Ribeir\u00e3o Preto-SP e Regi\u00e3o","link":"https:\/\/ismaelcolosi.com.br\/index.php\/category\/noticias-de-ribeirao-preto-sp-e-regiao-ismael-colosi\/"},"img":{"alt_text":"","src":"https:\/\/i0.wp.com\/ismaelcolosi.com.br\/wp-content\/uploads\/2024\/04\/santa-lydia.jpg?fit=1200%2C800&ssl=1&resize=350%2C200","width":350,"height":200,"srcset":"https:\/\/i0.wp.com\/ismaelcolosi.com.br\/wp-content\/uploads\/2024\/04\/santa-lydia.jpg?fit=1200%2C800&ssl=1&resize=350%2C200 1x, https:\/\/i0.wp.com\/ismaelcolosi.com.br\/wp-content\/uploads\/2024\/04\/santa-lydia.jpg?fit=1200%2C800&ssl=1&resize=525%2C300 1.5x, https:\/\/i0.wp.com\/ismaelcolosi.com.br\/wp-content\/uploads\/2024\/04\/santa-lydia.jpg?fit=1200%2C800&ssl=1&resize=700%2C400 2x, https:\/\/i0.wp.com\/ismaelcolosi.com.br\/wp-content\/uploads\/2024\/04\/santa-lydia.jpg?fit=1200%2C800&ssl=1&resize=1050%2C600 3x"},"classes":[]},{"id":35590,"url":"https:\/\/ismaelcolosi.com.br\/index.php\/2024\/02\/06\/hospital-santa-lydia-abre-processo-seletivo-em-ribeirao-preto-veja-as-vagas\/","url_meta":{"origin":65089,"position":2},"title":"Hospital Santa Lydia abre processo seletivo em Ribeir\u00e3o Preto; Veja as vagas","author":"ismaelcolosi.com.br","date":"6 de February de 2024","format":false,"excerpt":"A Funda\u00e7\u00e3o Hospital Santa Lydia de Ribeir\u00e3o Preto abriu um processo seletivo emergencial com quatro vagas de n\u00edvel m\u00e9dio e t\u00e9cnico com sal\u00e1rios que variam de R$ 1,4 mil e R$ 2,3 mil. As inscri\u00e7\u00f5es come\u00e7aram nesta ter\u00e7a-feira (6) e devem ser realizadas at\u00e9 as 16h do dia 15 de\u2026","rel":"","context":"In &quot;Not\u00edcias de Ribeir\u00e3o Preto-SP e Regi\u00e3o&quot;","block_context":{"text":"Not\u00edcias de Ribeir\u00e3o Preto-SP e Regi\u00e3o","link":"https:\/\/ismaelcolosi.com.br\/index.php\/category\/noticias-de-ribeirao-preto-sp-e-regiao-ismael-colosi\/"},"img":{"alt_text":"","src":"https:\/\/i0.wp.com\/ismaelcolosi.com.br\/wp-content\/uploads\/2024\/02\/hospital_santa_1200x675_10022022125527.jpg?fit=1200%2C675&ssl=1&resize=350%2C200","width":350,"height":200,"srcset":"https:\/\/i0.wp.com\/ismaelcolosi.com.br\/wp-content\/uploads\/2024\/02\/hospital_santa_1200x675_10022022125527.jpg?fit=1200%2C675&ssl=1&resize=350%2C200 1x, https:\/\/i0.wp.com\/ismaelcolosi.com.br\/wp-content\/uploads\/2024\/02\/hospital_santa_1200x675_10022022125527.jpg?fit=1200%2C675&ssl=1&resize=525%2C300 1.5x, https:\/\/i0.wp.com\/ismaelcolosi.com.br\/wp-content\/uploads\/2024\/02\/hospital_santa_1200x675_10022022125527.jpg?fit=1200%2C675&ssl=1&resize=700%2C400 2x, https:\/\/i0.wp.com\/ismaelcolosi.com.br\/wp-content\/uploads\/2024\/02\/hospital_santa_1200x675_10022022125527.jpg?fit=1200%2C675&ssl=1&resize=1050%2C600 3x"},"classes":[]},{"id":63568,"url":"https:\/\/ismaelcolosi.com.br\/index.php\/2024\/09\/02\/hospital-santa-lydia-de-ribeirao-tem-processo-seletivo-com-salarios-de-r-4-mil\/","url_meta":{"origin":65089,"position":3},"title":"Hospital Santa Lydia de Ribeir\u00e3o tem processo seletivo com sal\u00e1rios de R$ 4 mil","author":"ismaelcolosi.com.br","date":"2 de September de 2024","format":false,"excerpt":"A Funda\u00e7\u00e3o Hospital Santa Lydia de Ribeir\u00e3o Preto publicou edital de processo seletivo simplificado para contrata\u00e7\u00e3o de profissionais de n\u00edvel fundamental, m\u00e9dio e superior nesta segunda-feira (2). Conforme a publica\u00e7\u00e3o no Di\u00e1rio Oficial do Munic\u00edpio, os candidatos ser\u00e3o escolhidos atrav\u00e9s de an\u00e1lise curricular para preenchimento de vagas tempor\u00e1rias. Os sal\u00e1rios\u2026","rel":"","context":"In &quot;Not\u00edcias de Ribeir\u00e3o Preto-SP e Regi\u00e3o&quot;","block_context":{"text":"Not\u00edcias de Ribeir\u00e3o Preto-SP e Regi\u00e3o","link":"https:\/\/ismaelcolosi.com.br\/index.php\/category\/noticias-de-ribeirao-preto-sp-e-regiao-ismael-colosi\/"},"img":{"alt_text":"","src":"","width":0,"height":0},"classes":[]},{"id":48033,"url":"https:\/\/ismaelcolosi.com.br\/index.php\/2024\/04\/30\/hospital-santa-lydia-abre-processo-seletivo-emergencial-em-ribeirao-veja-as-vagas\/","url_meta":{"origin":65089,"position":4},"title":"Hospital Santa Lydia abre processo seletivo emergencial em Ribeir\u00e3o; Veja as vagas","author":"ismaelcolosi.com.br","date":"30 de April de 2024","format":false,"excerpt":"A Funda\u00e7\u00e3o Hospital Santa Lydia de Ribeir\u00e3o Preto abriu um processo seletivo emergencial com duas vagas de n\u00edvel m\u00e9dio e t\u00e9cnico com sal\u00e1rios que variam de R$ 1,4 mil e R$ 2,3 mil. Os interessados em participar da sele\u00e7\u00e3o devem se inscrever at\u00e9 \u00e0s 16h do dia 13 de maio\u2026","rel":"","context":"In &quot;Not\u00edcias de Ribeir\u00e3o Preto-SP e Regi\u00e3o&quot;","block_context":{"text":"Not\u00edcias de Ribeir\u00e3o Preto-SP e Regi\u00e3o","link":"https:\/\/ismaelcolosi.com.br\/index.php\/category\/noticias-de-ribeirao-preto-sp-e-regiao-ismael-colosi\/"},"img":{"alt_text":"","src":"https:\/\/i0.wp.com\/ismaelcolosi.com.br\/wp-content\/uploads\/2024\/04\/Hospital-Santa-Lydia.jpg?fit=1200%2C799&ssl=1&resize=350%2C200","width":350,"height":200,"srcset":"https:\/\/i0.wp.com\/ismaelcolosi.com.br\/wp-content\/uploads\/2024\/04\/Hospital-Santa-Lydia.jpg?fit=1200%2C799&ssl=1&resize=350%2C200 1x, https:\/\/i0.wp.com\/ismaelcolosi.com.br\/wp-content\/uploads\/2024\/04\/Hospital-Santa-Lydia.jpg?fit=1200%2C799&ssl=1&resize=525%2C300 1.5x, https:\/\/i0.wp.com\/ismaelcolosi.com.br\/wp-content\/uploads\/2024\/04\/Hospital-Santa-Lydia.jpg?fit=1200%2C799&ssl=1&resize=700%2C400 2x, https:\/\/i0.wp.com\/ismaelcolosi.com.br\/wp-content\/uploads\/2024\/04\/Hospital-Santa-Lydia.jpg?fit=1200%2C799&ssl=1&resize=1050%2C600 3x"},"classes":[]},{"id":47121,"url":"https:\/\/ismaelcolosi.com.br\/index.php\/2024\/04\/22\/ibee-divulga-433-vagas-de-emprego-em-ribeirao-preto\/","url_meta":{"origin":65089,"position":5},"title":"iBEE divulga 433 vagas de emprego em Ribeir\u00e3o Preto","author":"ismaelcolosi.com.br","date":"22 de April de 2024","format":false,"excerpt":"iBEE divulga 433 vagas de emprego em Ribeir\u00e3o Preto O iBEE \u2013 Instituto Brasileiro do Emprego e do Empreendedorismo, sediado em Ribeir\u00e3o Preto, est\u00e1 divulgando um total de 433 oportunidades de emprego, est\u00e1gio e programa de jovem aprendiz para a cidade . Essas vagas representam uma excelente oportunidade para os\u2026","rel":"","context":"In &quot;Blog&quot;","block_context":{"text":"Blog","link":"https:\/\/ismaelcolosi.com.br\/index.php\/category\/blog\/"},"img":{"alt_text":"","src":"","width":0,"height":0},"classes":[]}],"jetpack_sharing_enabled":true,"jetpack_shortlink":"https:\/\/wp.me\/pfMlyK-gVP","_links":{"self":[{"href":"https:\/\/ismaelcolosi.com.br\/index.php\/wp-json\/wp\/v2\/posts\/65089","targetHints":{"allow":["GET"]}}],"collection":[{"href":"https:\/\/ismaelcolosi.com.br\/index.php\/wp-json\/wp\/v2\/posts"}],"about":[{"href":"https:\/\/ismaelcolosi.com.br\/index.php\/wp-json\/wp\/v2\/types\/post"}],"author":[{"embeddable":true,"href":"https:\/\/ismaelcolosi.com.br\/index.php\/wp-json\/wp\/v2\/users\/1"}],"replies":[{"embeddable":true,"href":"https:\/\/ismaelcolosi.com.br\/index.php\/wp-json\/wp\/v2\/comments?post=65089"}],"version-history":[{"count":0,"href":"https:\/\/ismaelcolosi.com.br\/index.php\/wp-json\/wp\/v2\/posts\/65089\/revisions"}],"wp:featuredmedia":[{"embeddable":true,"href":"https:\/\/ismaelcolosi.com.br\/index.php\/wp-json\/wp\/v2\/media\/65090"}],"wp:attachment":[{"href":"https:\/\/ismaelcolosi.com.br\/index.php\/wp-json\/wp\/v2\/media?parent=65089"}],"wp:term":[{"taxonomy":"category","embeddable":true,"href":"https:\/\/ismaelcolosi.com.br\/index.php\/wp-json\/wp\/v2\/categories?post=65089"},{"taxonomy":"post_tag","embeddable":true,"href":"https:\/\/ismaelcolosi.com.br\/index.php\/wp-json\/wp\/v2\/tags?post=65089"}],"curies":[{"name":"wp","href":"https:\/\/api.w.org\/{rel}","templated":true}]}}