{"id":65082,"date":"2024-09-10T17:54:42","date_gmt":"2024-09-10T20:54:42","guid":{"rendered":"https:\/\/ismaelcolosi.com.br\/index.php\/2024\/09\/10\/veja-como-os-animais-do-bosque-de-ribeirao-preto-estao-se-refrescando-video\/"},"modified":"2024-09-10T17:54:42","modified_gmt":"2024-09-10T20:54:42","slug":"veja-como-os-animais-do-bosque-de-ribeirao-preto-estao-se-refrescando-video","status":"publish","type":"post","link":"https:\/\/ismaelcolosi.com.br\/index.php\/2024\/09\/10\/veja-como-os-animais-do-bosque-de-ribeirao-preto-estao-se-refrescando-video\/","title":{"rendered":"Veja como os animais do Bosque de Ribeir\u00e3o Preto est\u00e3o se refrescando; V\u00eddeo"},"content":{"rendered":"<p> <br \/>\n<\/p>\n<div>\n<p><strong>Sorvetes<\/strong>, <strong>frutas <\/strong>e <strong>banhos de mangueira<\/strong>. Essas s\u00e3o algumas das op\u00e7\u00f5es que est\u00e3o sendo oferecidas aos <strong>animais <\/strong>que vivem no <strong>Bosque Zool\u00f3gico de Ribeir\u00e3o Preto<\/strong>, devido \u00e0s <strong>altas temperaturas<\/strong> que est\u00e3o sendo registradas no munic\u00edpio \u2013 <mark style=\"background-color:#fcb900\" class=\"has-inline-color\"><strong>veja o v\u00eddeo abaixo.<\/strong><\/mark><\/p>\n<p>Desde o come\u00e7o de setembro, um <strong>forte bloqueio atmosf\u00e9rico<\/strong> est\u00e1 ativo no Centro-Norte do Brasil. As temperaturas seguem elevadas e podem se aproximar de<strong> 40\u00b0C em diversas regi\u00f5es, inclusive em Ribeir\u00e3o, at\u00e9 o dia 20 deste m\u00eas<\/strong>.<\/p>\n<figure class=\"wp-block-pullquote\">\n<blockquote>\n<p>Com o aumento das temperaturas, \u00e9 fundamental garantir o bem-estar dos animais durante os per\u00edodos de calor intenso. Diversas medidas ser\u00e3o adotadas para minimizar os efeitos do calor nos recintos e proporcionar um ambiente mais confort\u00e1vel para a fauna<\/p>\n<p><cite>informou a administra\u00e7\u00e3o do bosque<\/cite><\/p><\/blockquote>\n<\/figure>\n<h3 class=\"wp-block-heading\"><strong>Programa\u00e7\u00e3o especial<\/strong><\/h3>\n<p>Nos pr\u00f3ximos dias, o <strong>Bosque Zool\u00f3gico F\u00e1bio Barreto<\/strong> ter\u00e1 programa\u00e7\u00e3o especial, com atividades para todas as idades.<\/p>\n<p>Os interessados poder\u00e3o observar os animais e participar de \u2018momentos refrescantes\u2019. O <strong>Bosque <\/strong>funciona em um espa\u00e7o de <strong>\u00e1rea verde de 250.880 m\u00b2<\/strong>, onde vivem mais de <strong>700 animais de 180 esp\u00e9cies<\/strong>, entre aves, peixes, mam\u00edferos, r\u00e9pteis e anf\u00edbios.<\/p>\n<p>O espa\u00e7o concentra uma <strong>reserva de Mata Atl\u00e2ntica<\/strong> com \u00e1rvores centen\u00e1rias, como perobas, jequitib\u00e1s, ip\u00eas e jatob\u00e1s, al\u00e9m de abrigar animais amea\u00e7ados de extin\u00e7\u00e3o, como arara-azul, ararajuba, su\u00e7uarana, lobo-guar\u00e1, mutum-do-sudeste, entre outros.<\/p>\n<h3 class=\"wp-block-heading\"><strong>Confira a programa\u00e7\u00e3o completa:<\/strong><\/h3>\n<h4 class=\"wp-block-heading\"><strong>Quarta-feira (11)<\/strong><\/h4>\n<ul>\n<li>10h: Sorvete para os quatis<\/li>\n<\/ul>\n<ul>\n<li>11h: M\u00e3o Pelada saboreia um sorvete<\/li>\n<\/ul>\n<ul>\n<li>11h30: Hora do sorvete dos fur\u00f5es<\/li>\n<\/ul>\n<ul>\n<li>14h: Banho de chuva de mangueira para araras<\/li>\n<\/ul>\n<ul>\n<li>14h30:\u00a0 Banho de chuva Recanto das Aves<\/li>\n<\/ul>\n<ul>\n<li>15h: Banho de chuva de mangueira Pra\u00e7a das Aves<\/li>\n<\/ul>\n<ul>\n<li>16h: Banho de chuva para os queixadas<\/li>\n<\/ul>\n<h4 class=\"wp-block-heading\"><strong>Quinta-feira (12)<\/strong><\/h4>\n<ul>\n<li>9h30: Picol\u00e9 para as lhamas<\/li>\n<\/ul>\n<ul>\n<li>10h: Suco de melancia geladinho para a Mayson<\/li>\n<\/ul>\n<ul>\n<li>10h30: Sorvete para o moc\u00f3<\/li>\n<\/ul>\n<ul>\n<li>11h: Sorvete para as cachorras do mato<\/li>\n<\/ul>\n<ul>\n<li>14h: Sorvete especial para o Renan<\/li>\n<\/ul>\n<ul>\n<li>15h: Sorvete para antas e capivaras<\/li>\n<\/ul>\n<h4 class=\"wp-block-heading\"><strong>Sexta-feira (13)<\/strong><\/h4>\n<ul>\n<li>9h: Sorvete para o veado catingueiro<\/li>\n<\/ul>\n<ul>\n<li>10h: Sorvete com os pequenos primatas e micos<\/li>\n<\/ul>\n<ul>\n<li>11h: Sorvete para o lobo guar\u00e1<\/li>\n<\/ul>\n<ul>\n<li>14h: Sorvete para os pregos<\/li>\n<\/ul>\n<ul>\n<li>15h: Sorvete para os bugios<\/li>\n<\/ul>\n<ul>\n<li>15h30: Sorvete para o babu\u00edno<\/li>\n<\/ul>\n<blockquote class=\"instagram-media\" data-instgrm-permalink=\"https:\/\/www.instagram.com\/reel\/C_v9wLIyXin\/?utm_source=ig_embed&amp;utm_campaign=loading\" data-instgrm-version=\"14\" style=\" background:#FFF; border:0; border-radius:3px; box-shadow:0 0 1px 0 rgba(0,0,0,0.5),0 1px 10px 0 rgba(0,0,0,0.15); margin: 1px; max-width:540px; min-width:326px; padding:0; width:99.375%; width:-webkit-calc(100% - 2px); width:calc(100% - 2px);\"\/>\n<h4 class=\"wp-block-heading\"><strong>Servi\u00e7o<\/strong><\/h4>\n<p><em>Bosque Zool\u00f3gico Municipal Dr. F\u00e1bio Barreto<\/em><\/p>\n<p>Visita\u00e7\u00e3o: das 9h \u00e0s 16h30<\/p>\n<p>Endere\u00e7o: rua Liberdade s\/n\u00ba, Campos El\u00edsios<\/p>\n<p>Telefone para mais informa\u00e7\u00f5es: (16) 3636-2283<\/p>\n<p>Entrada Gratuita<\/p>\n<hr class=\"wp-block-separator has-alpha-channel-opacity\"\/>\n<p>SAIBA MAIS<\/p>\n<p>Quer virar bailarino? Companhia abre inscri\u00e7\u00f5es para contrata\u00e7\u00e3o em Ribeir\u00e3o Preto<\/p>\n<h4 class=\"wp-block-heading\"><strong>FIQUE ON<\/strong><\/h4>\n<p>Fique ligado em tudo que acontece em Ribeir\u00e3o Preto e regi\u00e3o. Siga os perfis do\u00a0<strong>acidade on\u00a0<\/strong>no\u00a0<a href=\"https:\/\/www.instagram.com\/acidadeonribeirao\" target=\"_blank\" rel=\"noreferrer noopener\">Instagram<\/a>\u00a0e no\u00a0<a href=\"https:\/\/www.facebook.com\/acidadeonribeirao\" target=\"_blank\" rel=\"noreferrer noopener\">Facebook<\/a>.<\/p>\n<p>Receba not\u00edcias do<strong>\u00a0acidade on\u00a0<\/strong>no WhatsApp. Para entrar no grupo, basta\u00a0<a href=\"https:\/\/chat.whatsapp.com\/Dtv9mxhy6V5BJBotM2OQ5k\" target=\"_blank\" rel=\"noreferrer noopener\">clicar aqui<\/a>.<\/p>\n<p>Fa\u00e7a uma den\u00fancia ou sugira uma reportagem sobre Ribeir\u00e3o Preto e regi\u00e3o pelo WhatsApp: 16 99117 7802.<\/p>\n<p>VEJA TAMB\u00c9M<\/p>\n<p>Qual a pena do ex-BBB Felipe Prior?<\/p>\n<p><!-- CONTENT END 1 -->\n<\/div>\n<p><script async src=\"\/\/www.instagram.com\/embed.js\"><\/script><br \/>\n<br \/><br \/>\n<br \/><a href=\"https:\/\/www.acidadeon.com\/ribeiraopreto\/cotidiano\/veja-como-os-animais-do-bosque-de-ribeirao-preto-estao-se-refrescando-video\/\">Source link <\/a><\/p>\n","protected":false},"excerpt":{"rendered":"<p>Sorvetes, frutas e banhos de mangueira. Essas s\u00e3o algumas das op\u00e7\u00f5es que est\u00e3o sendo oferecidas aos animais que vivem no Bosque Zool\u00f3gico de Ribeir\u00e3o Preto,&#8230;<\/p>\n","protected":false},"author":1,"featured_media":65083,"comment_status":"open","ping_status":"open","sticky":false,"template":"","format":"standard","meta":{"_uag_custom_page_level_css":"","advanced_seo_description":"","jetpack_seo_html_title":"","jetpack_seo_noindex":false,"jetpack_post_was_ever_published":false,"_jetpack_newsletter_access":"","_jetpack_dont_email_post_to_subs":false,"_jetpack_newsletter_tier_id":0,"_jetpack_memberships_contains_paywalled_content":false,"_jetpack_memberships_contains_paid_content":false,"footnotes":"","jetpack_publicize_message":"","jetpack_publicize_feature_enabled":true,"jetpack_social_post_already_shared":true,"jetpack_social_options":{"image_generator_settings":{"template":"highway","default_image_id":0,"font":"","enabled":false},"version":2}},"categories":[11],"tags":[],"class_list":["post-65082","post","type-post","status-publish","format-standard","has-post-thumbnail","hentry","category-noticias-de-ribeirao-preto-sp-e-regiao-ismael-colosi"],"jetpack_publicize_connections":[],"jetpack_featured_media_url":"https:\/\/i0.wp.com\/ismaelcolosi.com.br\/wp-content\/uploads\/2024\/09\/Copia-de-Copia-de-Copia-de-TAMANHO-EXATO-PARA-FOTOS-NO-SISTEMA-NOVO-44_2024-09-10_19-55-03_png_2024-09-10_19-55-03.webp.webp?fit=1200%2C675&ssl=1","uagb_featured_image_src":{"full":["https:\/\/i0.wp.com\/ismaelcolosi.com.br\/wp-content\/uploads\/2024\/09\/Copia-de-Copia-de-Copia-de-TAMANHO-EXATO-PARA-FOTOS-NO-SISTEMA-NOVO-44_2024-09-10_19-55-03_png_2024-09-10_19-55-03.webp.webp?fit=1200%2C675&ssl=1",1200,675,false],"thumbnail":["https:\/\/i0.wp.com\/ismaelcolosi.com.br\/wp-content\/uploads\/2024\/09\/Copia-de-Copia-de-Copia-de-TAMANHO-EXATO-PARA-FOTOS-NO-SISTEMA-NOVO-44_2024-09-10_19-55-03_png_2024-09-10_19-55-03.webp.webp?resize=150%2C150&ssl=1",150,150,true],"medium":["https:\/\/i0.wp.com\/ismaelcolosi.com.br\/wp-content\/uploads\/2024\/09\/Copia-de-Copia-de-Copia-de-TAMANHO-EXATO-PARA-FOTOS-NO-SISTEMA-NOVO-44_2024-09-10_19-55-03_png_2024-09-10_19-55-03.webp.webp?fit=300%2C169&ssl=1",300,169,true],"medium_large":["https:\/\/i0.wp.com\/ismaelcolosi.com.br\/wp-content\/uploads\/2024\/09\/Copia-de-Copia-de-Copia-de-TAMANHO-EXATO-PARA-FOTOS-NO-SISTEMA-NOVO-44_2024-09-10_19-55-03_png_2024-09-10_19-55-03.webp.webp?fit=768%2C432&ssl=1",768,432,true],"large":["https:\/\/i0.wp.com\/ismaelcolosi.com.br\/wp-content\/uploads\/2024\/09\/Copia-de-Copia-de-Copia-de-TAMANHO-EXATO-PARA-FOTOS-NO-SISTEMA-NOVO-44_2024-09-10_19-55-03_png_2024-09-10_19-55-03.webp.webp?fit=1024%2C576&ssl=1",1024,576,true],"1536x1536":["https:\/\/i0.wp.com\/ismaelcolosi.com.br\/wp-content\/uploads\/2024\/09\/Copia-de-Copia-de-Copia-de-TAMANHO-EXATO-PARA-FOTOS-NO-SISTEMA-NOVO-44_2024-09-10_19-55-03_png_2024-09-10_19-55-03.webp.webp?fit=1200%2C675&ssl=1",1200,675,true],"2048x2048":["https:\/\/i0.wp.com\/ismaelcolosi.com.br\/wp-content\/uploads\/2024\/09\/Copia-de-Copia-de-Copia-de-TAMANHO-EXATO-PARA-FOTOS-NO-SISTEMA-NOVO-44_2024-09-10_19-55-03_png_2024-09-10_19-55-03.webp.webp?fit=1200%2C675&ssl=1",1200,675,true],"really-simple-thumb":["https:\/\/i0.wp.com\/ismaelcolosi.com.br\/wp-content\/uploads\/2024\/09\/Copia-de-Copia-de-Copia-de-TAMANHO-EXATO-PARA-FOTOS-NO-SISTEMA-NOVO-44_2024-09-10_19-55-03_png_2024-09-10_19-55-03.webp.webp?resize=370%2C247&ssl=1",370,247,true]},"uagb_author_info":{"display_name":"ismaelcolosi.com.br","author_link":"https:\/\/ismaelcolosi.com.br\/index.php\/author\/vidareal-online\/"},"uagb_comment_info":0,"uagb_excerpt":"Sorvetes, frutas e banhos de mangueira. Essas s\u00e3o algumas das op\u00e7\u00f5es que est\u00e3o sendo oferecidas aos animais que vivem no Bosque Zool\u00f3gico de Ribeir\u00e3o Preto,...","jetpack-related-posts":[{"id":64846,"url":"https:\/\/ismaelcolosi.com.br\/index.php\/2024\/09\/09\/bosque-de-ribeirao-recebe-mais-dois-animais-atingidos-por-queimadas\/","url_meta":{"origin":65082,"position":0},"title":"Bosque de Ribeir\u00e3o recebe mais dois animais atingidos por queimadas","author":"ismaelcolosi.com.br","date":"9 de September de 2024","format":false,"excerpt":"O Bosque e Zool\u00f3gico F\u00e1bio Barreto em Ribeir\u00e3o Preto recebeu, neste final de semana, mais dois animais v\u00edtimas das queimadas na regi\u00e3o. Um tamandu\u00e1 bandeira, macho e de 23 kg e um filhote de lobo guar\u00e1, com 03 meses de idade. O tamandu\u00e1 foi encontrado em Batatais com queimaduras nas\u2026","rel":"","context":"In &quot;Not\u00edcias de Ribeir\u00e3o Preto-SP e Regi\u00e3o&quot;","block_context":{"text":"Not\u00edcias de Ribeir\u00e3o Preto-SP e Regi\u00e3o","link":"https:\/\/ismaelcolosi.com.br\/index.php\/category\/noticias-de-ribeirao-preto-sp-e-regiao-ismael-colosi\/"},"img":{"alt_text":"","src":"https:\/\/i0.wp.com\/ismaelcolosi.com.br\/wp-content\/uploads\/2024\/09\/Copia-de-Copia-de-Copia-de-TAMANHO-EXATO-PARA-FOTOS-NO-SISTEMA-NOVO-8_2024-09-09_18-10-53_png_2024-09-09_18-10-53.webp.webp?fit=1200%2C675&ssl=1&resize=350%2C200","width":350,"height":200,"srcset":"https:\/\/i0.wp.com\/ismaelcolosi.com.br\/wp-content\/uploads\/2024\/09\/Copia-de-Copia-de-Copia-de-TAMANHO-EXATO-PARA-FOTOS-NO-SISTEMA-NOVO-8_2024-09-09_18-10-53_png_2024-09-09_18-10-53.webp.webp?fit=1200%2C675&ssl=1&resize=350%2C200 1x, https:\/\/i0.wp.com\/ismaelcolosi.com.br\/wp-content\/uploads\/2024\/09\/Copia-de-Copia-de-Copia-de-TAMANHO-EXATO-PARA-FOTOS-NO-SISTEMA-NOVO-8_2024-09-09_18-10-53_png_2024-09-09_18-10-53.webp.webp?fit=1200%2C675&ssl=1&resize=525%2C300 1.5x, https:\/\/i0.wp.com\/ismaelcolosi.com.br\/wp-content\/uploads\/2024\/09\/Copia-de-Copia-de-Copia-de-TAMANHO-EXATO-PARA-FOTOS-NO-SISTEMA-NOVO-8_2024-09-09_18-10-53_png_2024-09-09_18-10-53.webp.webp?fit=1200%2C675&ssl=1&resize=700%2C400 2x, https:\/\/i0.wp.com\/ismaelcolosi.com.br\/wp-content\/uploads\/2024\/09\/Copia-de-Copia-de-Copia-de-TAMANHO-EXATO-PARA-FOTOS-NO-SISTEMA-NOVO-8_2024-09-09_18-10-53_png_2024-09-09_18-10-53.webp.webp?fit=1200%2C675&ssl=1&resize=1050%2C600 3x"},"classes":[]},{"id":12600,"url":"https:\/\/ismaelcolosi.com.br\/index.php\/2023\/12\/08\/em-manutencao-veja-quando-o-bosque-e-zoo-de-ribeirao-preto-vai-reabrir\/","url_meta":{"origin":65082,"position":1},"title":"Em manuten\u00e7\u00e3o: Veja quando o bosque e zoo de Ribeir\u00e3o Preto vai reabrir","author":"ismaelcolosi.com.br","date":"8 de December de 2023","format":false,"excerpt":"O bosque e zool\u00f3gico F\u00e1bio Barreto, em Ribeir\u00e3o Preto, est\u00e1 passando por manuten\u00e7\u00e3o. Segundo a Prefeitura, o local ser\u00e1 reaberto a partir deste s\u00e1bado (9). A obra \u00e9, principalmente, para a implanta\u00e7\u00e3o de asfalto novo. \u201cAs a\u00e7\u00f5es est\u00e3o sendo realizadas em toda a extens\u00e3o do equipamento, que n\u00e3o recebia servi\u00e7os\u2026","rel":"","context":"In &quot;Not\u00edcias de Ribeir\u00e3o Preto-SP e Regi\u00e3o&quot;","block_context":{"text":"Not\u00edcias de Ribeir\u00e3o Preto-SP e Regi\u00e3o","link":"https:\/\/ismaelcolosi.com.br\/index.php\/category\/noticias-de-ribeirao-preto-sp-e-regiao-ismael-colosi\/"},"img":{"alt_text":"","src":"https:\/\/i0.wp.com\/ismaelcolosi.com.br\/wp-content\/uploads\/2023\/12\/obras_bosque_-_foto_guilherme_sircili_30.jpg?fit=1200%2C800&ssl=1&resize=350%2C200","width":350,"height":200,"srcset":"https:\/\/i0.wp.com\/ismaelcolosi.com.br\/wp-content\/uploads\/2023\/12\/obras_bosque_-_foto_guilherme_sircili_30.jpg?fit=1200%2C800&ssl=1&resize=350%2C200 1x, https:\/\/i0.wp.com\/ismaelcolosi.com.br\/wp-content\/uploads\/2023\/12\/obras_bosque_-_foto_guilherme_sircili_30.jpg?fit=1200%2C800&ssl=1&resize=525%2C300 1.5x, https:\/\/i0.wp.com\/ismaelcolosi.com.br\/wp-content\/uploads\/2023\/12\/obras_bosque_-_foto_guilherme_sircili_30.jpg?fit=1200%2C800&ssl=1&resize=700%2C400 2x, https:\/\/i0.wp.com\/ismaelcolosi.com.br\/wp-content\/uploads\/2023\/12\/obras_bosque_-_foto_guilherme_sircili_30.jpg?fit=1200%2C800&ssl=1&resize=1050%2C600 3x"},"classes":[]},{"id":62367,"url":"https:\/\/ismaelcolosi.com.br\/index.php\/2024\/08\/27\/bosque-fabio-barreto-em-ribeirao-recebe-11-animais-atingidos-por-queimadas-video\/","url_meta":{"origin":65082,"position":2},"title":"Bosque F\u00e1bio Barreto em Ribeir\u00e3o recebe 11 animais atingidos por queimadas; V\u00eddeo","author":"ismaelcolosi.com.br","date":"27 de August de 2024","format":false,"excerpt":"O Bosque e Zool\u00f3gico F\u00e1bio Barreto, em Ribeir\u00e3o Preto, recebeu ao menos 11 animais v\u00edtimas das queimadas para atendimento veterin\u00e1rio. Assista ao v\u00eddeo. A equipe conta com mais de 20 profissionais que atuam no cuidado aos bichos atingidos pelos inc\u00eandios na regi\u00e3o, como um lagarto e um tamandu\u00e1. \u201cOs animais\u2026","rel":"","context":"In &quot;Not\u00edcias de Ribeir\u00e3o Preto-SP e Regi\u00e3o&quot;","block_context":{"text":"Not\u00edcias de Ribeir\u00e3o Preto-SP e Regi\u00e3o","link":"https:\/\/ismaelcolosi.com.br\/index.php\/category\/noticias-de-ribeirao-preto-sp-e-regiao-ismael-colosi\/"},"img":{"alt_text":"","src":"https:\/\/i0.wp.com\/ismaelcolosi.com.br\/wp-content\/uploads\/2024\/08\/LAGARTO_2024-08-27_13-10-14_jpg_2024-08-27_13-10-14.webp.webp?fit=1200%2C705&ssl=1&resize=350%2C200","width":350,"height":200,"srcset":"https:\/\/i0.wp.com\/ismaelcolosi.com.br\/wp-content\/uploads\/2024\/08\/LAGARTO_2024-08-27_13-10-14_jpg_2024-08-27_13-10-14.webp.webp?fit=1200%2C705&ssl=1&resize=350%2C200 1x, https:\/\/i0.wp.com\/ismaelcolosi.com.br\/wp-content\/uploads\/2024\/08\/LAGARTO_2024-08-27_13-10-14_jpg_2024-08-27_13-10-14.webp.webp?fit=1200%2C705&ssl=1&resize=525%2C300 1.5x, https:\/\/i0.wp.com\/ismaelcolosi.com.br\/wp-content\/uploads\/2024\/08\/LAGARTO_2024-08-27_13-10-14_jpg_2024-08-27_13-10-14.webp.webp?fit=1200%2C705&ssl=1&resize=700%2C400 2x, https:\/\/i0.wp.com\/ismaelcolosi.com.br\/wp-content\/uploads\/2024\/08\/LAGARTO_2024-08-27_13-10-14_jpg_2024-08-27_13-10-14.webp.webp?fit=1200%2C705&ssl=1&resize=1050%2C600 3x"},"classes":[]},{"id":13886,"url":"https:\/\/ismaelcolosi.com.br\/index.php\/2023\/12\/11\/apos-manutencao-bosque-e-zoologico-de-ribeirao-preto-vai-reabrir-veja-quando\/","url_meta":{"origin":65082,"position":3},"title":"Ap\u00f3s manuten\u00e7\u00e3o, Bosque e Zool\u00f3gico de Ribeir\u00e3o Preto vai reabrir; Veja quando\u00a0","author":"ismaelcolosi.com.br","date":"11 de December de 2023","format":false,"excerpt":"O Bosque e Zool\u00f3gico F\u00e1bio Barreto, localizado no Parque Municipal do Morro do S\u00e3o Bento, ser\u00e1 reaberto nesta quarta-feira (13). O local \u00e9 op\u00e7\u00e3o para as f\u00e9rias e para quem gosta de curtir a natureza. A entrada \u00e9 gratuita. Na \u00faltima semana o bosque recebeu a implanta\u00e7\u00e3o de um asfalto\u2026","rel":"","context":"In &quot;Not\u00edcias de Ribeir\u00e3o Preto-SP e Regi\u00e3o&quot;","block_context":{"text":"Not\u00edcias de Ribeir\u00e3o Preto-SP e Regi\u00e3o","link":"https:\/\/ismaelcolosi.com.br\/index.php\/category\/noticias-de-ribeirao-preto-sp-e-regiao-ismael-colosi\/"},"img":{"alt_text":"","src":"https:\/\/i0.wp.com\/ismaelcolosi.com.br\/wp-content\/uploads\/2023\/12\/obras_bosque_-_foto_guilherme_sircili_30-1068x712-1.jpg?fit=1068%2C712&ssl=1&resize=350%2C200","width":350,"height":200,"srcset":"https:\/\/i0.wp.com\/ismaelcolosi.com.br\/wp-content\/uploads\/2023\/12\/obras_bosque_-_foto_guilherme_sircili_30-1068x712-1.jpg?fit=1068%2C712&ssl=1&resize=350%2C200 1x, https:\/\/i0.wp.com\/ismaelcolosi.com.br\/wp-content\/uploads\/2023\/12\/obras_bosque_-_foto_guilherme_sircili_30-1068x712-1.jpg?fit=1068%2C712&ssl=1&resize=525%2C300 1.5x, https:\/\/i0.wp.com\/ismaelcolosi.com.br\/wp-content\/uploads\/2023\/12\/obras_bosque_-_foto_guilherme_sircili_30-1068x712-1.jpg?fit=1068%2C712&ssl=1&resize=700%2C400 2x, https:\/\/i0.wp.com\/ismaelcolosi.com.br\/wp-content\/uploads\/2023\/12\/obras_bosque_-_foto_guilherme_sircili_30-1068x712-1.jpg?fit=1068%2C712&ssl=1&resize=1050%2C600 3x"},"classes":[]},{"id":48097,"url":"https:\/\/ismaelcolosi.com.br\/index.php\/2024\/04\/30\/veja-piscinas-gratuitas-para-aproveitar-em-ribeirao-preto-durante-onda-de-calor\/","url_meta":{"origin":65082,"position":4},"title":"Veja piscinas gratuitas para aproveitar em Ribeir\u00e3o Preto durante onda de calor","author":"ismaelcolosi.com.br","date":"30 de April de 2024","format":false,"excerpt":"Uma onda de calor afeta Ribeir\u00e3o Preto desde o dia 22 de abril. De acordo com a meteorologia, um sistema de alta press\u00e3o est\u00e1 bloqueando o avan\u00e7o das chuvas, al\u00e9m de intensificar a circula\u00e7\u00e3o do ar na regi\u00e3o, o que impede a forma\u00e7\u00e3o de nuvens de chuva intensas e eleva\u2026","rel":"","context":"In &quot;Not\u00edcias de Ribeir\u00e3o Preto-SP e Regi\u00e3o&quot;","block_context":{"text":"Not\u00edcias de Ribeir\u00e3o Preto-SP e Regi\u00e3o","link":"https:\/\/ismaelcolosi.com.br\/index.php\/category\/noticias-de-ribeirao-preto-sp-e-regiao-ismael-colosi\/"},"img":{"alt_text":"","src":"https:\/\/i0.wp.com\/ismaelcolosi.com.br\/wp-content\/uploads\/2024\/04\/piscina_da_1200x675_19042022181010.jpg?fit=1200%2C675&ssl=1&resize=350%2C200","width":350,"height":200,"srcset":"https:\/\/i0.wp.com\/ismaelcolosi.com.br\/wp-content\/uploads\/2024\/04\/piscina_da_1200x675_19042022181010.jpg?fit=1200%2C675&ssl=1&resize=350%2C200 1x, https:\/\/i0.wp.com\/ismaelcolosi.com.br\/wp-content\/uploads\/2024\/04\/piscina_da_1200x675_19042022181010.jpg?fit=1200%2C675&ssl=1&resize=525%2C300 1.5x, https:\/\/i0.wp.com\/ismaelcolosi.com.br\/wp-content\/uploads\/2024\/04\/piscina_da_1200x675_19042022181010.jpg?fit=1200%2C675&ssl=1&resize=700%2C400 2x, https:\/\/i0.wp.com\/ismaelcolosi.com.br\/wp-content\/uploads\/2024\/04\/piscina_da_1200x675_19042022181010.jpg?fit=1200%2C675&ssl=1&resize=1050%2C600 3x"},"classes":[]},{"id":60421,"url":"https:\/\/ismaelcolosi.com.br\/index.php\/2024\/08\/15\/cidades-do-interior-de-sp-estao-em-alerta-de-perigo-potencial-para-onda-de-calor-veja-lista\/","url_meta":{"origin":65082,"position":5},"title":"Cidades do interior de SP est\u00e3o em alerta de perigo potencial para onda de calor; Veja lista","author":"ismaelcolosi.com.br","date":"15 de August de 2024","format":false,"excerpt":"Uma nova onda de calor deve atingir o interior de S\u00e3o Paulo e provocar altas temperaturas em diversas regi\u00f5es a partir deste domingo (18), de acordo com a meteorologia. O ar gelado provocado por uma forte massa de ar frio come\u00e7ou a se afastar nesta quinta-feira (15) e uma forte\u2026","rel":"","context":"In &quot;Not\u00edcias de Ribeir\u00e3o Preto-SP e Regi\u00e3o&quot;","block_context":{"text":"Not\u00edcias de Ribeir\u00e3o Preto-SP e Regi\u00e3o","link":"https:\/\/ismaelcolosi.com.br\/index.php\/category\/noticias-de-ribeirao-preto-sp-e-regiao-ismael-colosi\/"},"img":{"alt_text":"","src":"https:\/\/i0.wp.com\/ismaelcolosi.com.br\/wp-content\/uploads\/2024\/08\/20230824_153104-1.jpg?fit=1200%2C823&ssl=1&resize=350%2C200","width":350,"height":200,"srcset":"https:\/\/i0.wp.com\/ismaelcolosi.com.br\/wp-content\/uploads\/2024\/08\/20230824_153104-1.jpg?fit=1200%2C823&ssl=1&resize=350%2C200 1x, https:\/\/i0.wp.com\/ismaelcolosi.com.br\/wp-content\/uploads\/2024\/08\/20230824_153104-1.jpg?fit=1200%2C823&ssl=1&resize=525%2C300 1.5x, https:\/\/i0.wp.com\/ismaelcolosi.com.br\/wp-content\/uploads\/2024\/08\/20230824_153104-1.jpg?fit=1200%2C823&ssl=1&resize=700%2C400 2x, https:\/\/i0.wp.com\/ismaelcolosi.com.br\/wp-content\/uploads\/2024\/08\/20230824_153104-1.jpg?fit=1200%2C823&ssl=1&resize=1050%2C600 3x"},"classes":[]}],"jetpack_sharing_enabled":true,"jetpack_shortlink":"https:\/\/wp.me\/pfMlyK-gVI","_links":{"self":[{"href":"https:\/\/ismaelcolosi.com.br\/index.php\/wp-json\/wp\/v2\/posts\/65082","targetHints":{"allow":["GET"]}}],"collection":[{"href":"https:\/\/ismaelcolosi.com.br\/index.php\/wp-json\/wp\/v2\/posts"}],"about":[{"href":"https:\/\/ismaelcolosi.com.br\/index.php\/wp-json\/wp\/v2\/types\/post"}],"author":[{"embeddable":true,"href":"https:\/\/ismaelcolosi.com.br\/index.php\/wp-json\/wp\/v2\/users\/1"}],"replies":[{"embeddable":true,"href":"https:\/\/ismaelcolosi.com.br\/index.php\/wp-json\/wp\/v2\/comments?post=65082"}],"version-history":[{"count":0,"href":"https:\/\/ismaelcolosi.com.br\/index.php\/wp-json\/wp\/v2\/posts\/65082\/revisions"}],"wp:featuredmedia":[{"embeddable":true,"href":"https:\/\/ismaelcolosi.com.br\/index.php\/wp-json\/wp\/v2\/media\/65083"}],"wp:attachment":[{"href":"https:\/\/ismaelcolosi.com.br\/index.php\/wp-json\/wp\/v2\/media?parent=65082"}],"wp:term":[{"taxonomy":"category","embeddable":true,"href":"https:\/\/ismaelcolosi.com.br\/index.php\/wp-json\/wp\/v2\/categories?post=65082"},{"taxonomy":"post_tag","embeddable":true,"href":"https:\/\/ismaelcolosi.com.br\/index.php\/wp-json\/wp\/v2\/tags?post=65082"}],"curies":[{"name":"wp","href":"https:\/\/api.w.org\/{rel}","templated":true}]}}