{"id":65078,"date":"2024-09-10T17:40:19","date_gmt":"2024-09-10T20:40:19","guid":{"rendered":"https:\/\/ismaelcolosi.com.br\/index.php\/2024\/09\/10\/vaga-para-vendedor-de-produtos-quimicos-pj-em-ribeirao-preto-spha-2-horas\/"},"modified":"2024-09-10T17:40:19","modified_gmt":"2024-09-10T20:40:19","slug":"vaga-para-vendedor-de-produtos-quimicos-pj-em-ribeirao-preto-spha-2-horas","status":"publish","type":"post","link":"https:\/\/ismaelcolosi.com.br\/index.php\/2024\/09\/10\/vaga-para-vendedor-de-produtos-quimicos-pj-em-ribeirao-preto-spha-2-horas\/","title":{"rendered":"Vaga para Vendedor de Produtos Qu\u00edmicos PJ em Ribeir\u00e3o Preto &#8211; SPh\u00e1 2 horas"},"content":{"rendered":"<div class=\"box\"><span class=\"marker\"><\/span><a href=\"https:\/\/eventosrh.selecty.com.br\/vaga\/2200\/vaga-para-auxiliar-de-logistica-temporario-em-ribeirao-preto-sp\"><span>Vaga para <strong>Auxiliar de Log\u00edstica (tempor\u00e1rio)<\/strong> em Ribeir\u00e3o Preto &#8211; SP<\/span><\/a><\/div>\n<div class=\"box\"><span class=\"marker\"><\/span><a href=\"https:\/\/eventosrh.selecty.com.br\/vaga\/2199\/vaga-para-vendedor-de-produtos-quimicos-pj-em-ribeirao-preto-sp\"><span>Vaga para <strong>Vendedor de Produtos Qu\u00edmicos PJ<\/strong> em Ribeir\u00e3o Preto &#8211; SP<\/span><small title=\"10\/09\/2024 14:50:36\">h\u00e1 2 horas<\/small><\/a><\/div>\n<div class=\"box\"><span class=\"marker\"><\/span><a href=\"https:\/\/eventosrh.selecty.com.br\/vaga\/2198\/vaga-para-almoxarife-em-ribeirao-preto-sp\"><span>1 vaga para <strong>Almoxarife<\/strong> em Ribeir\u00e3o Preto &#8211; SP<\/span><small title=\"10\/09\/2024 08:52:31\">h\u00e1 8 horas<\/small><\/a><\/div>\n<div class=\"box\"><span class=\"marker\"><\/span><a href=\"https:\/\/eventosrh.selecty.com.br\/vaga\/2197\/vaga-para-operador-de-empilhadeira-em-ribeirao-preto\"><span>Vaga para <strong>Operador de Empilhadeira<\/strong> em Ribeir\u00e3o Preto<\/span><\/a><\/div>\n<div class=\"box\"><span class=\"marker\"><\/span><a href=\"https:\/\/eventosrh.selecty.com.br\/vaga\/2189\/vaga-para-balconista-em-ribeirao-preto-sp\"><span>Vaga para <strong>Balconista<\/strong> em Ribeir\u00e3o Preto &#8211; SP<\/span><small title=\"09\/09\/2024 13:47:15\">h\u00e1 1 dia<\/small><\/a><\/div>\n<div class=\"box\"><span class=\"marker\"><\/span><a href=\"https:\/\/eventosrh.selecty.com.br\/vaga\/2195\/vaga-para-assistente-administrativo-financeiro-em-ribeirao-preto\"><span>Vaga para <strong>Assistente Administrativo\/Financeiro<\/strong> em Ribeir\u00e3o Preto<\/span><\/a><\/div>\n<div class=\"box\"><span class=\"marker\"><\/span><a href=\"https:\/\/eventosrh.selecty.com.br\/vaga\/2194\/vaga-para-servicos-gerais-i-em-monte-alto-sp\"><span>2 vagas para <strong>Servi\u00e7os Gerais I<\/strong> em Monte Alto &#8211; SP<\/span><small title=\"09\/09\/2024 10:11:06\">h\u00e1 1 dia<\/small><\/a><\/div>\n<div class='code-block code-block-4' style='margin: 8px auto 8px 0; text-align: left; display: block; clear: both;'>\n\ud83d\udce2 Aviso Legal\n\nO site ismaelcolosi.com.br atua apenas como um canal de divulga\u00e7\u00e3o de oportunidades de emprego e n\u00e3o se responsabiliza pelo processo seletivo, contrata\u00e7\u00e3o ou qualquer outra etapa relacionada \u00e0s vagas publicadas. Todas as informa\u00e7\u00f5es s\u00e3o de responsabilidade dos anunciantes.\n\n\u26a0\ufe0f Aten\u00e7\u00e3o! Nunca pague por promessas de emprego nem compre cursos que garantam contrata\u00e7\u00e3o. Desconfie de qualquer cobran\u00e7a para participar de sele\u00e7\u00f5es.\n\n\n\n<\/div>\n<!-- CONTENT END 1 -->\n","protected":false},"excerpt":{"rendered":"<p>Vaga para Auxiliar de Log\u00edstica (tempor\u00e1rio) em Ribeir\u00e3o Preto &#8211; SP Vaga para Vendedor de Produtos Qu\u00edmicos PJ em Ribeir\u00e3o Preto &#8211; SPh\u00e1 2 horas&#8230;<\/p>\n","protected":false},"author":1,"featured_media":0,"comment_status":"open","ping_status":"open","sticky":false,"template":"","format":"standard","meta":{"_uag_custom_page_level_css":"","advanced_seo_description":"","jetpack_seo_html_title":"","jetpack_seo_noindex":false,"jetpack_post_was_ever_published":false,"_jetpack_newsletter_access":"","_jetpack_dont_email_post_to_subs":false,"_jetpack_newsletter_tier_id":0,"_jetpack_memberships_contains_paywalled_content":false,"_jetpack_memberships_contains_paid_content":false,"footnotes":"","jetpack_publicize_message":"","jetpack_publicize_feature_enabled":true,"jetpack_social_post_already_shared":true,"jetpack_social_options":{"image_generator_settings":{"template":"highway","default_image_id":0,"font":"","enabled":false},"version":2}},"categories":[7],"tags":[],"class_list":["post-65078","post","type-post","status-publish","format-standard","hentry","category-vagas-de-empregos-em-ribeirao-preto-regiao-brasil"],"jetpack_publicize_connections":[],"jetpack_featured_media_url":"","uagb_featured_image_src":{"full":false,"thumbnail":false,"medium":false,"medium_large":false,"large":false,"1536x1536":false,"2048x2048":false,"really-simple-thumb":false},"uagb_author_info":{"display_name":"ismaelcolosi.com.br","author_link":"https:\/\/ismaelcolosi.com.br\/index.php\/author\/vidareal-online\/"},"uagb_comment_info":0,"uagb_excerpt":"Vaga para Auxiliar de Log\u00edstica (tempor\u00e1rio) em Ribeir\u00e3o Preto &#8211; SP Vaga para Vendedor de Produtos Qu\u00edmicos PJ em Ribeir\u00e3o Preto &#8211; SPh\u00e1 2 horas...","jetpack-related-posts":[{"id":48229,"url":"https:\/\/ismaelcolosi.com.br\/index.php\/2024\/05\/01\/1-vaga-para-vendedor-de-moveis-em-ribeirao-preto-spha-22-horas\/","url_meta":{"origin":65078,"position":0},"title":"1 vaga para Vendedor de M\u00f3veis em Ribeir\u00e3o Preto &#8211; SPh\u00e1 22 horas","author":"ismaelcolosi.com.br","date":"1 de May de 2024","format":false,"excerpt":"Vaga para Auxiliar de RH em Ribeir\u00e3o Preto - SP 1 vaga para Vendedor de M\u00f3veis em Ribeir\u00e3o Preto - SPh\u00e1 22 horas Vaga para Auxiliar de Serralheiro em Ribeir\u00e3o Preto - SPh\u00e1 1 dia Vaga para Auxiliar de Produ\u00e7\u00e3o (tempor\u00e1rio) em Ribeir\u00e3o Preto - SP Vaga para Eletromec\u00e2nico em\u2026","rel":"","context":"In &quot;Vagas de Emprego em Ribeir\u00e3o Preto-SP&quot;","block_context":{"text":"Vagas de Emprego em Ribeir\u00e3o Preto-SP","link":"https:\/\/ismaelcolosi.com.br\/index.php\/category\/empregos-classificados-vagas-trabalho\/vagas-de-empregos-em-ribeirao-preto-regiao-brasil\/"},"img":{"alt_text":"","src":"","width":0,"height":0},"classes":[]},{"id":28429,"url":"https:\/\/ismaelcolosi.com.br\/index.php\/2024\/01\/15\/1-vaga-para-vendedor-de-servicos-de-estetica-automotiva-em-ribeirao-preto-spha-4-horas\/","url_meta":{"origin":65078,"position":1},"title":"1 vaga para Vendedor de Servi\u00e7os de Est\u00e9tica Automotiva em Ribeir\u00e3o Preto &#8211; SPh\u00e1 4 horas","author":"ismaelcolosi.com.br","date":"15 de January de 2024","format":false,"excerpt":"1 vaga para Vendedor de Servi\u00e7os de Est\u00e9tica Automotiva em Ribeir\u00e3o Preto - SPh\u00e1 4 horas Vaga para Secret\u00e1ria Executiva em Ribeir\u00e3o Preto - SPh\u00e1 6 horas 1 vaga para Operador Moagem I em Mat\u00e3o - SPh\u00e1 3 dias Vaga para Analista Financeiro - Tesouraria em Ribeir\u00e3o Preto Vaga para\u2026","rel":"","context":"In &quot;Vagas de Emprego em Ribeir\u00e3o Preto-SP&quot;","block_context":{"text":"Vagas de Emprego em Ribeir\u00e3o Preto-SP","link":"https:\/\/ismaelcolosi.com.br\/index.php\/category\/empregos-classificados-vagas-trabalho\/vagas-de-empregos-em-ribeirao-preto-regiao-brasil\/"},"img":{"alt_text":"","src":"https:\/\/i0.wp.com\/ismaelcolosi.com.br\/wp-content\/uploads\/2024\/01\/1705358087_8228989.jpg?fit=1200%2C675&ssl=1&resize=350%2C200","width":350,"height":200,"srcset":"https:\/\/i0.wp.com\/ismaelcolosi.com.br\/wp-content\/uploads\/2024\/01\/1705358087_8228989.jpg?fit=1200%2C675&ssl=1&resize=350%2C200 1x, https:\/\/i0.wp.com\/ismaelcolosi.com.br\/wp-content\/uploads\/2024\/01\/1705358087_8228989.jpg?fit=1200%2C675&ssl=1&resize=525%2C300 1.5x, https:\/\/i0.wp.com\/ismaelcolosi.com.br\/wp-content\/uploads\/2024\/01\/1705358087_8228989.jpg?fit=1200%2C675&ssl=1&resize=700%2C400 2x, https:\/\/i0.wp.com\/ismaelcolosi.com.br\/wp-content\/uploads\/2024\/01\/1705358087_8228989.jpg?fit=1200%2C675&ssl=1&resize=1050%2C600 3x"},"classes":[]},{"id":28834,"url":"https:\/\/ismaelcolosi.com.br\/index.php\/2024\/01\/16\/1-vaga-para-vendedor-de-servicos-de-estetica-automotiva-em-ribeirao-preto-spha-10-horas\/","url_meta":{"origin":65078,"position":2},"title":"1 vaga para Vendedor de Servi\u00e7os de Est\u00e9tica Automotiva em Ribeir\u00e3o Preto &#8211; SPh\u00e1 10 horas","author":"ismaelcolosi.com.br","date":"16 de January de 2024","format":false,"excerpt":"1 vaga para Polidor Automotivo em Ribeir\u00e3o Preto - SPh\u00e1 4 horas 1 vaga para Vendedor de Servi\u00e7os de Est\u00e9tica Automotiva em Ribeir\u00e3o Preto - SPh\u00e1 10 horas Vaga para Secret\u00e1ria Executiva em Ribeir\u00e3o Preto - SPh\u00e1 1 dia 1 vaga para Operador Moagem I em Mat\u00e3o - SPh\u00e1 4\u2026","rel":"","context":"In &quot;Vagas de Emprego em Ribeir\u00e3o Preto-SP&quot;","block_context":{"text":"Vagas de Emprego em Ribeir\u00e3o Preto-SP","link":"https:\/\/ismaelcolosi.com.br\/index.php\/category\/empregos-classificados-vagas-trabalho\/vagas-de-empregos-em-ribeirao-preto-regiao-brasil\/"},"img":{"alt_text":"","src":"","width":0,"height":0},"classes":[]},{"id":27224,"url":"https:\/\/ismaelcolosi.com.br\/index.php\/2024\/01\/11\/1-vaga-para-lavador-automotivo-em-ribeirao-preto-spha-8-horas\/","url_meta":{"origin":65078,"position":3},"title":"1 vaga para Lavador Automotivo em Ribeir\u00e3o Preto &#8211; SPh\u00e1 8 horas","author":"ismaelcolosi.com.br","date":"11 de January de 2024","format":false,"excerpt":"1 vaga para Lavador Automotivo em Ribeir\u00e3o Preto - SPh\u00e1 8 horas Vaga para Assistente Comercial em Ribeir\u00e3o Preto Vaga para Vendedor Interno Vaga para Auxiliar de Expedi\u00e7\u00e3o em Ribeir\u00e3o Preto 1 vaga para T\u00e9cnico em Equipamento Eletr\u00f4nico em Ribeir\u00e3o Preto - SPh\u00e1 1 dia Vaga para Assistente Financeiro em\u2026","rel":"","context":"In &quot;Vagas de Emprego em Ribeir\u00e3o Preto-SP&quot;","block_context":{"text":"Vagas de Emprego em Ribeir\u00e3o Preto-SP","link":"https:\/\/ismaelcolosi.com.br\/index.php\/category\/empregos-classificados-vagas-trabalho\/vagas-de-empregos-em-ribeirao-preto-regiao-brasil\/"},"img":{"alt_text":"","src":"","width":0,"height":0},"classes":[]},{"id":26746,"url":"https:\/\/ismaelcolosi.com.br\/index.php\/2024\/01\/10\/1-vaga-para-tecnico-em-equipamento-eletronico-em-ribeirao-preto-spha-3-horas\/","url_meta":{"origin":65078,"position":4},"title":"1 vaga para T\u00e9cnico em Equipamento Eletr\u00f4nico em Ribeir\u00e3o Preto &#8211; SPh\u00e1 3 horas","author":"ismaelcolosi.com.br","date":"10 de January de 2024","format":false,"excerpt":"Vaga para Vendedor Interno Vaga para Auxiliar de Expedi\u00e7\u00e3o em Ribeir\u00e3o Preto 1 vaga para T\u00e9cnico em Equipamento Eletr\u00f4nico em Ribeir\u00e3o Preto - SPh\u00e1 3 horas 1 vaga para Lavador de Carros em S\u00e3o Paulo - SPh\u00e1 2 dias Vaga para Assistente Financeiro em Ribeir\u00e3o Preto Vaga para Vendedor Externo\u2026","rel":"","context":"In &quot;Vagas de Emprego em Ribeir\u00e3o Preto-SP&quot;","block_context":{"text":"Vagas de Emprego em Ribeir\u00e3o Preto-SP","link":"https:\/\/ismaelcolosi.com.br\/index.php\/category\/empregos-classificados-vagas-trabalho\/vagas-de-empregos-em-ribeirao-preto-regiao-brasil\/"},"img":{"alt_text":"","src":"","width":0,"height":0},"classes":[]},{"id":56570,"url":"https:\/\/ismaelcolosi.com.br\/index.php\/2024\/07\/12\/1-vaga-para-motorista-entregador-em-ribeirao-preto-spha-6-horas\/","url_meta":{"origin":65078,"position":5},"title":"1 vaga para Motorista Entregador em Ribeir\u00e3o Preto &#8211; SPh\u00e1 6 horas","author":"ismaelcolosi.com.br","date":"12 de July de 2024","format":false,"excerpt":"Vaga para Operador de Arrecada\u00e7\u00e3o Vaga para Inspetor de Tr\u00e2nsito 1 vaga para Motorista Entregador em Ribeir\u00e3o Preto - SPh\u00e1 6 horas Vaga para Auxiliar de Produ\u00e7\u00e3o - PCD em Ribeir\u00e3o Preto - SP 1 vaga para Vendedor Externo em Ribeir\u00e3o Preto - SPh\u00e1 3 dias Vaga para Auxiliar de\u2026","rel":"","context":"In &quot;Vagas de Emprego em Ribeir\u00e3o Preto-SP&quot;","block_context":{"text":"Vagas de Emprego em Ribeir\u00e3o Preto-SP","link":"https:\/\/ismaelcolosi.com.br\/index.php\/category\/empregos-classificados-vagas-trabalho\/vagas-de-empregos-em-ribeirao-preto-regiao-brasil\/"},"img":{"alt_text":"","src":"","width":0,"height":0},"classes":[]}],"jetpack_sharing_enabled":true,"jetpack_shortlink":"https:\/\/wp.me\/pfMlyK-gVE","_links":{"self":[{"href":"https:\/\/ismaelcolosi.com.br\/index.php\/wp-json\/wp\/v2\/posts\/65078","targetHints":{"allow":["GET"]}}],"collection":[{"href":"https:\/\/ismaelcolosi.com.br\/index.php\/wp-json\/wp\/v2\/posts"}],"about":[{"href":"https:\/\/ismaelcolosi.com.br\/index.php\/wp-json\/wp\/v2\/types\/post"}],"author":[{"embeddable":true,"href":"https:\/\/ismaelcolosi.com.br\/index.php\/wp-json\/wp\/v2\/users\/1"}],"replies":[{"embeddable":true,"href":"https:\/\/ismaelcolosi.com.br\/index.php\/wp-json\/wp\/v2\/comments?post=65078"}],"version-history":[{"count":0,"href":"https:\/\/ismaelcolosi.com.br\/index.php\/wp-json\/wp\/v2\/posts\/65078\/revisions"}],"wp:attachment":[{"href":"https:\/\/ismaelcolosi.com.br\/index.php\/wp-json\/wp\/v2\/media?parent=65078"}],"wp:term":[{"taxonomy":"category","embeddable":true,"href":"https:\/\/ismaelcolosi.com.br\/index.php\/wp-json\/wp\/v2\/categories?post=65078"},{"taxonomy":"post_tag","embeddable":true,"href":"https:\/\/ismaelcolosi.com.br\/index.php\/wp-json\/wp\/v2\/tags?post=65078"}],"curies":[{"name":"wp","href":"https:\/\/api.w.org\/{rel}","templated":true}]}}