{"id":65061,"date":"2024-09-10T16:01:55","date_gmt":"2024-09-10T19:01:55","guid":{"rendered":"https:\/\/ismaelcolosi.com.br\/index.php\/2024\/09\/10\/ingressos-para-botafogo-x-santos-em-ribeirao-ja-estao-a-venda-veja-os-valores\/"},"modified":"2024-09-10T16:01:55","modified_gmt":"2024-09-10T19:01:55","slug":"ingressos-para-botafogo-x-santos-em-ribeirao-ja-estao-a-venda-veja-os-valores","status":"publish","type":"post","link":"https:\/\/ismaelcolosi.com.br\/index.php\/2024\/09\/10\/ingressos-para-botafogo-x-santos-em-ribeirao-ja-estao-a-venda-veja-os-valores\/","title":{"rendered":"Ingressos para Botafogo x Santos em Ribeir\u00e3o j\u00e1 est\u00e3o \u00e0 venda; Veja os valores"},"content":{"rendered":"<p> <br \/>\n<\/p>\n<div data-td-block-uid=\"tdi_106\">\n<div class=\"tdb-block-inner td-fix-index\">\n<p>O <strong>Botafogo <\/strong>iniciou, nesta ter\u00e7a-feira (10), a <strong>venda de ingressos<\/strong> para a partida contra o <strong>Santos<\/strong>, marcada para a pr\u00f3xima quinta-feira, dia 19 de setembro, pela 27\u00aa rodada do <strong>Campeonato Brasileiro da S\u00e9rie B<\/strong>.<\/p>\n<p>A disputa acontece \u00e0s 21h30, no est\u00e1dio Santa Cruz\/Arena Nicnet, em<strong> Ribeir\u00e3o Preto<\/strong>.<mark style=\"background-color:#fcb900\" class=\"has-inline-color\"> Os valores variam entre<strong> R$ 100<\/strong> e <strong>R$ 250<\/strong> e podem ser adquiridos de <strong>forma on-line<\/strong> (veja abaixo).<\/mark><\/p>\n<p>Crian\u00e7as de at\u00e9 <strong>12 anos<\/strong> incompletos <strong>n\u00e3o pagam e retiram as entradas nas pr\u00f3prias catracas do est\u00e1dio<\/strong> com o staff do clube. Torcedores <strong>menores de 14 anos<\/strong> s\u00f3 podem entrar no est\u00e1dio se <strong>estiverem acompanhados do respons\u00e1vel legal<\/strong>.<\/p>\n<h3 class=\"wp-block-heading\"><strong>Confira os valores e setores:<\/strong><\/h3>\n<ul>\n<li><strong>Propriet\u00e1rio de cadeira cativa<\/strong>: R$ 50<\/li>\n<\/ul>\n<ul>\n<li><strong>Arquibancada<\/strong>: R$ 100 (inteira) | R$ 50 (meia-entrada)<\/li>\n<\/ul>\n<ul>\n<li><strong>Arquibancada visitante<\/strong>: R$ 100 (inteira) | R$ 50 (meia-entrada)<\/li>\n<\/ul>\n<ul>\n<li><strong>Setor bronze<\/strong>: R$ 150 (inteira) | R$ 75 (meia-entrada)<\/li>\n<\/ul>\n<ul>\n<li><strong>Setor bronze visitante<\/strong>: R$ 150 (inteira) | R$ 75 (meia-entrada)<\/li>\n<\/ul>\n<ul>\n<li><strong>Setor prata<\/strong>: R$ 200 (inteira) | R$ 100 (meia-entrada)<\/li>\n<\/ul>\n<ul>\n<li><strong>Setor prata visitante<\/strong>: R$ 200 (inteira) | R$ 100 (meia-entrada)<\/li>\n<\/ul>\n<ul>\n<li><strong>Setor ouro<\/strong>: R$ 250 (inteira) | R$ 175 (meia-entrada)<\/li>\n<\/ul>\n<p>A<strong> venda f\u00edsica<\/strong> ocorre a partir de <strong>sexta-feira (13)<\/strong> e se estende at\u00e9 o dia da partida \u2013 com exce\u00e7\u00e3o do domingo (15).<\/p>\n<p><em>*Torcedores n\u00e3o podem entrar com camisas de outros times. Camiseta do Santos s\u00f3 entra no seu setor, a mesma coisa com a do Botafogo<\/em><\/p>\n<hr class=\"wp-block-separator has-alpha-channel-opacity\"\/>\n<p>SAIBA MAIS<\/p>\n<p>Prefeitura no interior de SP abre concurso p\u00fablico com sal\u00e1rios de R$ 8 mil<\/p>\n<h4 class=\"wp-block-heading\"><strong>FIQUE ON<\/strong><\/h4>\n<p>Fique ligado em tudo que acontece em Ribeir\u00e3o Preto e regi\u00e3o. Siga os perfis do<strong>\u00a0acidade on<\/strong>\u00a0no\u00a0<a href=\"https:\/\/www.instagram.com\/acidadeonribeirao\" target=\"_blank\" rel=\"noreferrer noopener\">Instagram\u00a0<\/a>e no\u00a0<a href=\"https:\/\/www.facebook.com\/acidadeonribeirao\/\" target=\"_blank\" rel=\"noreferrer noopener\">Facebook<\/a>.<\/p>\n<p>Receba not\u00edcias do\u00a0<strong>acidade on<\/strong>\u00a0no WhatsApp.\u00a0<a href=\"https:\/\/chat.whatsapp.com\/Dtv9mxhy6V5BJBotM2OQ5k\" target=\"_blank\" rel=\"noreferrer noopener\">Para entrar no grupo, basta clicar aqui.<\/a><\/p>\n<p>Fa\u00e7a uma den\u00fancia ou sugira uma reportagem sobre Ribeir\u00e3o Preto e regi\u00e3o pelo WhatsApp: 16 99117 7802.<\/p>\n<p>VEJA TAMB\u00c9M<\/p>\n<p>Onde Suzane von Richthofen estuda?<\/p>\n<p><!-- CONTENT END 1 -->\n<\/div>\n<\/div>\n<p><script async src=\"\/\/www.instagram.com\/embed.js\"><\/script><br \/>\n<br \/><br \/>\n<br \/><a href=\"https:\/\/www.acidadeon.com\/ribeiraopreto\/esportes\/ingressos-para-botafogo-x-santos-em-ribeirao-preto-ja-estao-a-venda-veja-os-valores\/\">Source link <\/a><\/p>\n","protected":false},"excerpt":{"rendered":"<p>O Botafogo iniciou, nesta ter\u00e7a-feira (10), a venda de ingressos para a partida contra o Santos, marcada para a pr\u00f3xima quinta-feira, dia 19 de setembro,&#8230;<\/p>\n","protected":false},"author":1,"featured_media":65062,"comment_status":"open","ping_status":"open","sticky":false,"template":"","format":"standard","meta":{"_uag_custom_page_level_css":"","advanced_seo_description":"","jetpack_seo_html_title":"","jetpack_seo_noindex":false,"jetpack_post_was_ever_published":false,"_jetpack_newsletter_access":"","_jetpack_dont_email_post_to_subs":false,"_jetpack_newsletter_tier_id":0,"_jetpack_memberships_contains_paywalled_content":false,"_jetpack_memberships_contains_paid_content":false,"footnotes":"","jetpack_publicize_message":"","jetpack_publicize_feature_enabled":true,"jetpack_social_post_already_shared":true,"jetpack_social_options":{"image_generator_settings":{"template":"highway","default_image_id":0,"font":"","enabled":false},"version":2}},"categories":[11],"tags":[],"class_list":["post-65061","post","type-post","status-publish","format-standard","has-post-thumbnail","hentry","category-noticias-de-ribeirao-preto-sp-e-regiao-ismael-colosi"],"jetpack_publicize_connections":[],"jetpack_featured_media_url":"https:\/\/i0.wp.com\/ismaelcolosi.com.br\/wp-content\/uploads\/2024\/09\/WhatsApp-Image-2024-01-09-at-16.41.38.jpeg?fit=1600%2C900&ssl=1","uagb_featured_image_src":{"full":["https:\/\/i0.wp.com\/ismaelcolosi.com.br\/wp-content\/uploads\/2024\/09\/WhatsApp-Image-2024-01-09-at-16.41.38.jpeg?fit=1600%2C900&ssl=1",1600,900,false],"thumbnail":["https:\/\/i0.wp.com\/ismaelcolosi.com.br\/wp-content\/uploads\/2024\/09\/WhatsApp-Image-2024-01-09-at-16.41.38.jpeg?resize=150%2C150&ssl=1",150,150,true],"medium":["https:\/\/i0.wp.com\/ismaelcolosi.com.br\/wp-content\/uploads\/2024\/09\/WhatsApp-Image-2024-01-09-at-16.41.38.jpeg?fit=300%2C169&ssl=1",300,169,true],"medium_large":["https:\/\/i0.wp.com\/ismaelcolosi.com.br\/wp-content\/uploads\/2024\/09\/WhatsApp-Image-2024-01-09-at-16.41.38.jpeg?fit=768%2C432&ssl=1",768,432,true],"large":["https:\/\/i0.wp.com\/ismaelcolosi.com.br\/wp-content\/uploads\/2024\/09\/WhatsApp-Image-2024-01-09-at-16.41.38.jpeg?fit=1024%2C576&ssl=1",1024,576,true],"1536x1536":["https:\/\/i0.wp.com\/ismaelcolosi.com.br\/wp-content\/uploads\/2024\/09\/WhatsApp-Image-2024-01-09-at-16.41.38.jpeg?fit=1536%2C864&ssl=1",1536,864,true],"2048x2048":["https:\/\/i0.wp.com\/ismaelcolosi.com.br\/wp-content\/uploads\/2024\/09\/WhatsApp-Image-2024-01-09-at-16.41.38.jpeg?fit=1600%2C900&ssl=1",1600,900,true],"really-simple-thumb":["https:\/\/i0.wp.com\/ismaelcolosi.com.br\/wp-content\/uploads\/2024\/09\/WhatsApp-Image-2024-01-09-at-16.41.38.jpeg?resize=370%2C247&ssl=1",370,247,true]},"uagb_author_info":{"display_name":"ismaelcolosi.com.br","author_link":"https:\/\/ismaelcolosi.com.br\/index.php\/author\/vidareal-online\/"},"uagb_comment_info":0,"uagb_excerpt":"O Botafogo iniciou, nesta ter\u00e7a-feira (10), a venda de ingressos para a partida contra o Santos, marcada para a pr\u00f3xima quinta-feira, dia 19 de setembro,...","jetpack-related-posts":[{"id":65602,"url":"https:\/\/ismaelcolosi.com.br\/index.php\/2024\/09\/12\/saiba-quando-o-botafogo-inicia-venda-de-ingressos-nas-bilheterias-para-jogo-contra-o-santos\/","url_meta":{"origin":65061,"position":0},"title":"Saiba quando o Botafogo inicia venda de ingressos nas bilheterias para jogo contra o Santos","author":"ismaelcolosi.com.br","date":"12 de September de 2024","format":false,"excerpt":"O Botafogo inicia nesta sexta-feira (13), a venda de ingressos nas bilheterias para o jogo contra o Santos, pela 27\u00aa rodada do Campeonato Brasileiro da S\u00e9rie B. A disputa acontece na pr\u00f3xima quinta-feira (19), \u00e0s 21h30, no est\u00e1dio Santa Cruz\/Arena Nicnet, em Ribeir\u00e3o Preto. Conforme as informa\u00e7\u00f5es do clube, no\u2026","rel":"","context":"In &quot;Not\u00edcias de Ribeir\u00e3o Preto-SP e Regi\u00e3o&quot;","block_context":{"text":"Not\u00edcias de Ribeir\u00e3o Preto-SP e Regi\u00e3o","link":"https:\/\/ismaelcolosi.com.br\/index.php\/category\/noticias-de-ribeirao-preto-sp-e-regiao-ismael-colosi\/"},"img":{"alt_text":"","src":"https:\/\/i0.wp.com\/ismaelcolosi.com.br\/wp-content\/uploads\/2024\/04\/Botafogo-6.webp.webp?fit=1200%2C800&ssl=1&resize=350%2C200","width":350,"height":200,"srcset":"https:\/\/i0.wp.com\/ismaelcolosi.com.br\/wp-content\/uploads\/2024\/04\/Botafogo-6.webp.webp?fit=1200%2C800&ssl=1&resize=350%2C200 1x, https:\/\/i0.wp.com\/ismaelcolosi.com.br\/wp-content\/uploads\/2024\/04\/Botafogo-6.webp.webp?fit=1200%2C800&ssl=1&resize=525%2C300 1.5x, https:\/\/i0.wp.com\/ismaelcolosi.com.br\/wp-content\/uploads\/2024\/04\/Botafogo-6.webp.webp?fit=1200%2C800&ssl=1&resize=700%2C400 2x, https:\/\/i0.wp.com\/ismaelcolosi.com.br\/wp-content\/uploads\/2024\/04\/Botafogo-6.webp.webp?fit=1200%2C800&ssl=1&resize=1050%2C600 3x"},"classes":[]},{"id":26273,"url":"https:\/\/ismaelcolosi.com.br\/index.php\/2024\/01\/09\/botafogo-abre-venda-de-ingressos-para-jogo-contra-o-santos-em-ribeirao-preto\/","url_meta":{"origin":65061,"position":1},"title":"Botafogo abre venda de ingressos para jogo contra o Santos em Ribeir\u00e3o Preto","author":"ismaelcolosi.com.br","date":"9 de January de 2024","format":false,"excerpt":"O Botafogo iniciou, nesta ter\u00e7a-feira (9), a venda on-line de ingressos para o duelo contra o Santos, marcado para o pr\u00f3ximo 20 de janeiro (s\u00e1bado), \u00e0s 18h, no Est\u00e1dio Santa Cruz, pela primeira rodada do Campeonato Paulista. O valor das entradas para a arquibancada \u00e9 R$ 100 (R$ 50 meia)\u2026","rel":"","context":"In &quot;Not\u00edcias de Ribeir\u00e3o Preto-SP e Regi\u00e3o&quot;","block_context":{"text":"Not\u00edcias de Ribeir\u00e3o Preto-SP e Regi\u00e3o","link":"https:\/\/ismaelcolosi.com.br\/index.php\/category\/noticias-de-ribeirao-preto-sp-e-regiao-ismael-colosi\/"},"img":{"alt_text":"","src":"https:\/\/i0.wp.com\/ismaelcolosi.com.br\/wp-content\/uploads\/2024\/01\/WhatsApp-Image-2024-01-09-at-16.41.38.jpeg?fit=1200%2C675&ssl=1&resize=350%2C200","width":350,"height":200,"srcset":"https:\/\/i0.wp.com\/ismaelcolosi.com.br\/wp-content\/uploads\/2024\/01\/WhatsApp-Image-2024-01-09-at-16.41.38.jpeg?fit=1200%2C675&ssl=1&resize=350%2C200 1x, https:\/\/i0.wp.com\/ismaelcolosi.com.br\/wp-content\/uploads\/2024\/01\/WhatsApp-Image-2024-01-09-at-16.41.38.jpeg?fit=1200%2C675&ssl=1&resize=525%2C300 1.5x, https:\/\/i0.wp.com\/ismaelcolosi.com.br\/wp-content\/uploads\/2024\/01\/WhatsApp-Image-2024-01-09-at-16.41.38.jpeg?fit=1200%2C675&ssl=1&resize=700%2C400 2x, https:\/\/i0.wp.com\/ismaelcolosi.com.br\/wp-content\/uploads\/2024\/01\/WhatsApp-Image-2024-01-09-at-16.41.38.jpeg?fit=1200%2C675&ssl=1&resize=1050%2C600 3x"},"classes":[]},{"id":29172,"url":"https:\/\/ismaelcolosi.com.br\/index.php\/2024\/01\/17\/saiba-tudo-sobre-venda-de-ingresso-para-botafogo-e-santos-em-ribeirao-preto\/","url_meta":{"origin":65061,"position":2},"title":"Saiba tudo sobre venda de ingresso para Botafogo e Santos em Ribeir\u00e3o Preto","author":"ismaelcolosi.com.br","date":"17 de January de 2024","format":false,"excerpt":"A venda de ingressos para o jogo do Botafogo contra o Santos come\u00e7ou nesta quarta-feira (17), nas bilheterias do est\u00e1dio Santa Cruz\/Arena Nicnet, que fica no bairro Ribeir\u00e2nia, em Ribeir\u00e3o Preto. A partida pela 1\u00aa rodada do Campeonato Paulista pela s\u00e9rie A acontece no s\u00e1bado (20). Os pre\u00e7os dos ingressos\u2026","rel":"","context":"In &quot;Not\u00edcias de Ribeir\u00e3o Preto-SP e Regi\u00e3o&quot;","block_context":{"text":"Not\u00edcias de Ribeir\u00e3o Preto-SP e Regi\u00e3o","link":"https:\/\/ismaelcolosi.com.br\/index.php\/category\/noticias-de-ribeirao-preto-sp-e-regiao-ismael-colosi\/"},"img":{"alt_text":"","src":"https:\/\/i0.wp.com\/ismaelcolosi.com.br\/wp-content\/uploads\/2024\/01\/1705520141_WhatsApp-Image-2024-01-09-at-16.41.38.jpeg?fit=1200%2C675&ssl=1&resize=350%2C200","width":350,"height":200,"srcset":"https:\/\/i0.wp.com\/ismaelcolosi.com.br\/wp-content\/uploads\/2024\/01\/1705520141_WhatsApp-Image-2024-01-09-at-16.41.38.jpeg?fit=1200%2C675&ssl=1&resize=350%2C200 1x, https:\/\/i0.wp.com\/ismaelcolosi.com.br\/wp-content\/uploads\/2024\/01\/1705520141_WhatsApp-Image-2024-01-09-at-16.41.38.jpeg?fit=1200%2C675&ssl=1&resize=525%2C300 1.5x, https:\/\/i0.wp.com\/ismaelcolosi.com.br\/wp-content\/uploads\/2024\/01\/1705520141_WhatsApp-Image-2024-01-09-at-16.41.38.jpeg?fit=1200%2C675&ssl=1&resize=700%2C400 2x, https:\/\/i0.wp.com\/ismaelcolosi.com.br\/wp-content\/uploads\/2024\/01\/1705520141_WhatsApp-Image-2024-01-09-at-16.41.38.jpeg?fit=1200%2C675&ssl=1&resize=1050%2C600 3x"},"classes":[]},{"id":55975,"url":"https:\/\/ismaelcolosi.com.br\/index.php\/2024\/07\/08\/saiba-como-comprar-ingressos-para-o-classico-come-fogo-em-ribeirao-preto\/","url_meta":{"origin":65061,"position":3},"title":"Saiba como comprar ingressos para o cl\u00e1ssico Come-Fogo em Ribeir\u00e3o Preto","author":"ismaelcolosi.com.br","date":"8 de July de 2024","format":false,"excerpt":"Os torcedores do Botafogo podem adquirir os ingressos para o cl\u00e1ssico Come-Fogo, que acontece nesta ter\u00e7a-feira (9), na bilheteria do est\u00e1dio Santa Cruz\/Arena Nicnet, na zona Leste de Ribeir\u00e3o Preto ou de forma on-line (clique aqui). O jogo pela quarta rodada da Copa Paulista est\u00e1 marcado para \u00e0s 19h, no\u2026","rel":"","context":"In &quot;Not\u00edcias de Ribeir\u00e3o Preto-SP e Regi\u00e3o&quot;","block_context":{"text":"Not\u00edcias de Ribeir\u00e3o Preto-SP e Regi\u00e3o","link":"https:\/\/ismaelcolosi.com.br\/index.php\/category\/noticias-de-ribeirao-preto-sp-e-regiao-ismael-colosi\/"},"img":{"alt_text":"","src":"https:\/\/i0.wp.com\/ismaelcolosi.com.br\/wp-content\/uploads\/2024\/07\/come-fogo_2024-07-08_15-21-10.webp.webp?fit=979%2C648&ssl=1&resize=350%2C200","width":350,"height":200,"srcset":"https:\/\/i0.wp.com\/ismaelcolosi.com.br\/wp-content\/uploads\/2024\/07\/come-fogo_2024-07-08_15-21-10.webp.webp?fit=979%2C648&ssl=1&resize=350%2C200 1x, https:\/\/i0.wp.com\/ismaelcolosi.com.br\/wp-content\/uploads\/2024\/07\/come-fogo_2024-07-08_15-21-10.webp.webp?fit=979%2C648&ssl=1&resize=525%2C300 1.5x, https:\/\/i0.wp.com\/ismaelcolosi.com.br\/wp-content\/uploads\/2024\/07\/come-fogo_2024-07-08_15-21-10.webp.webp?fit=979%2C648&ssl=1&resize=700%2C400 2x"},"classes":[]},{"id":48175,"url":"https:\/\/ismaelcolosi.com.br\/index.php\/2024\/05\/01\/veja-como-comprar-ingressos-para-botafogo-e-palmeiras-em-ribeirao-preto\/","url_meta":{"origin":65061,"position":4},"title":"Veja como comprar ingressos para Botafogo e Palmeiras em Ribeir\u00e3o Preto","author":"ismaelcolosi.com.br","date":"1 de May de 2024","format":false,"excerpt":"Come\u00e7ou nesta quarta-feira (1\u00ba de maio) a venda pela internet dos ingressos para Botafogo e Palmeiras, v\u00e1lido pela terceira fase da Copa do Brasil 2024. O confronto de volta est\u00e1 marcado para o dia 23 de maio, \u00e0s 19h, no est\u00e1dio Santa Cruz\/Arena Nicnet. O jogo de ida acontece nesta\u2026","rel":"","context":"In &quot;Not\u00edcias de Ribeir\u00e3o Preto-SP e Regi\u00e3o&quot;","block_context":{"text":"Not\u00edcias de Ribeir\u00e3o Preto-SP e Regi\u00e3o","link":"https:\/\/ismaelcolosi.com.br\/index.php\/category\/noticias-de-ribeirao-preto-sp-e-regiao-ismael-colosi\/"},"img":{"alt_text":"","src":"https:\/\/i0.wp.com\/ismaelcolosi.com.br\/wp-content\/uploads\/2024\/05\/AnyConv.com__botafogo.webp.webp?fit=1200%2C675&ssl=1&resize=350%2C200","width":350,"height":200,"srcset":"https:\/\/i0.wp.com\/ismaelcolosi.com.br\/wp-content\/uploads\/2024\/05\/AnyConv.com__botafogo.webp.webp?fit=1200%2C675&ssl=1&resize=350%2C200 1x, https:\/\/i0.wp.com\/ismaelcolosi.com.br\/wp-content\/uploads\/2024\/05\/AnyConv.com__botafogo.webp.webp?fit=1200%2C675&ssl=1&resize=525%2C300 1.5x, https:\/\/i0.wp.com\/ismaelcolosi.com.br\/wp-content\/uploads\/2024\/05\/AnyConv.com__botafogo.webp.webp?fit=1200%2C675&ssl=1&resize=700%2C400 2x, https:\/\/i0.wp.com\/ismaelcolosi.com.br\/wp-content\/uploads\/2024\/05\/AnyConv.com__botafogo.webp.webp?fit=1200%2C675&ssl=1&resize=1050%2C600 3x"},"classes":[]},{"id":50668,"url":"https:\/\/ismaelcolosi.com.br\/index.php\/2024\/05\/17\/veja-como-comprar-ingressos-para-botafogo-e-palmeiras-em-ribeirao-preto-2\/","url_meta":{"origin":65061,"position":5},"title":"Veja como comprar ingressos para Botafogo e Palmeiras em Ribeir\u00e3o Preto","author":"ismaelcolosi.com.br","date":"17 de May de 2024","format":false,"excerpt":"Come\u00e7a neste s\u00e1bado (18) a venda de ingressos para a partida entre Botafogo e Palmeiras, pela terceira fase da Copa do Brasil 2024, nas bilheterias do Est\u00e1dio Santa Cruz\/Arena Nicnet, em Ribeir\u00e3o Preto. A partida acontece na pr\u00f3xima quinta-feira (23), \u00e0s 19h. No confronto de ida, realizado no Allianz Parque,\u2026","rel":"","context":"In &quot;Not\u00edcias de Ribeir\u00e3o Preto-SP e Regi\u00e3o&quot;","block_context":{"text":"Not\u00edcias de Ribeir\u00e3o Preto-SP e Regi\u00e3o","link":"https:\/\/ismaelcolosi.com.br\/index.php\/category\/noticias-de-ribeirao-preto-sp-e-regiao-ismael-colosi\/"},"img":{"alt_text":"","src":"https:\/\/i0.wp.com\/ismaelcolosi.com.br\/wp-content\/uploads\/2024\/05\/AnyConv.com__botafogo-palmeiras-2_2024-05-17_19-53-13.webp.webp?fit=1200%2C800&ssl=1&resize=350%2C200","width":350,"height":200,"srcset":"https:\/\/i0.wp.com\/ismaelcolosi.com.br\/wp-content\/uploads\/2024\/05\/AnyConv.com__botafogo-palmeiras-2_2024-05-17_19-53-13.webp.webp?fit=1200%2C800&ssl=1&resize=350%2C200 1x, https:\/\/i0.wp.com\/ismaelcolosi.com.br\/wp-content\/uploads\/2024\/05\/AnyConv.com__botafogo-palmeiras-2_2024-05-17_19-53-13.webp.webp?fit=1200%2C800&ssl=1&resize=525%2C300 1.5x, https:\/\/i0.wp.com\/ismaelcolosi.com.br\/wp-content\/uploads\/2024\/05\/AnyConv.com__botafogo-palmeiras-2_2024-05-17_19-53-13.webp.webp?fit=1200%2C800&ssl=1&resize=700%2C400 2x, https:\/\/i0.wp.com\/ismaelcolosi.com.br\/wp-content\/uploads\/2024\/05\/AnyConv.com__botafogo-palmeiras-2_2024-05-17_19-53-13.webp.webp?fit=1200%2C800&ssl=1&resize=1050%2C600 3x"},"classes":[]}],"jetpack_sharing_enabled":true,"jetpack_shortlink":"https:\/\/wp.me\/pfMlyK-gVn","_links":{"self":[{"href":"https:\/\/ismaelcolosi.com.br\/index.php\/wp-json\/wp\/v2\/posts\/65061","targetHints":{"allow":["GET"]}}],"collection":[{"href":"https:\/\/ismaelcolosi.com.br\/index.php\/wp-json\/wp\/v2\/posts"}],"about":[{"href":"https:\/\/ismaelcolosi.com.br\/index.php\/wp-json\/wp\/v2\/types\/post"}],"author":[{"embeddable":true,"href":"https:\/\/ismaelcolosi.com.br\/index.php\/wp-json\/wp\/v2\/users\/1"}],"replies":[{"embeddable":true,"href":"https:\/\/ismaelcolosi.com.br\/index.php\/wp-json\/wp\/v2\/comments?post=65061"}],"version-history":[{"count":0,"href":"https:\/\/ismaelcolosi.com.br\/index.php\/wp-json\/wp\/v2\/posts\/65061\/revisions"}],"wp:featuredmedia":[{"embeddable":true,"href":"https:\/\/ismaelcolosi.com.br\/index.php\/wp-json\/wp\/v2\/media\/65062"}],"wp:attachment":[{"href":"https:\/\/ismaelcolosi.com.br\/index.php\/wp-json\/wp\/v2\/media?parent=65061"}],"wp:term":[{"taxonomy":"category","embeddable":true,"href":"https:\/\/ismaelcolosi.com.br\/index.php\/wp-json\/wp\/v2\/categories?post=65061"},{"taxonomy":"post_tag","embeddable":true,"href":"https:\/\/ismaelcolosi.com.br\/index.php\/wp-json\/wp\/v2\/tags?post=65061"}],"curies":[{"name":"wp","href":"https:\/\/api.w.org\/{rel}","templated":true}]}}