{"id":65048,"date":"2024-09-10T15:12:52","date_gmt":"2024-09-10T18:12:52","guid":{"rendered":"https:\/\/ismaelcolosi.com.br\/index.php\/2024\/09\/10\/prefeitura-no-interior-de-sp-abre-concurso-publico-com-salarios-de-r-8-mil-2\/"},"modified":"2024-09-10T15:12:52","modified_gmt":"2024-09-10T18:12:52","slug":"prefeitura-no-interior-de-sp-abre-concurso-publico-com-salarios-de-r-8-mil-2","status":"publish","type":"post","link":"https:\/\/ismaelcolosi.com.br\/index.php\/2024\/09\/10\/prefeitura-no-interior-de-sp-abre-concurso-publico-com-salarios-de-r-8-mil-2\/","title":{"rendered":"Prefeitura no interior de SP abre concurso p\u00fablico com sal\u00e1rios de R$ 8 mil"},"content":{"rendered":"<p> <br \/>\n<\/p>\n<div data-td-block-uid=\"tdi_106\">\n<div class=\"tdb-block-inner td-fix-index\">\n<p>A<strong><a href=\"https:\/\/barretos.sp.gov.br\/\" target=\"_blank\" rel=\"noreferrer noopener nofollow\"> Prefeitura de Barretos,<\/a><\/strong> no<strong> interior de S\u00e3o Paulo<\/strong>, abriu as inscri\u00e7\u00f5es para<strong> concurso p\u00fablico <\/strong>com sal\u00e1rios que variam entre R$ 2,3 mil e R$ 8,7 mil. Ao todo,<mark style=\"background-color:#fcb900\" class=\"has-inline-color has-black-color\"> s\u00e3o 67 vagas de n\u00edvel fundamental, m\u00e9dio\/t\u00e9cnico e superior, al\u00e9m do cadastro de reserva.<\/mark><\/p>\n<p>As inscri\u00e7\u00f5es devem ser realizadas pela internet (<a href=\"https:\/\/www.avancasp.org.br\/informacoes\/162\/\" target=\"_blank\" rel=\"noreferrer noopener nofollow\">clique aqui<\/a>) at\u00e9 o dia 14 de outubro. O valor taxa de inscri\u00e7\u00e3o custa entre R$ 56 e R$ 90.<\/p>\n<h4 class=\"wp-block-heading\"><strong>N\u00edvel fundamental<\/strong><\/h4>\n<ul>\n<li>Auxiliar administrativo, carpinteiro, eletricista, merendeiro, monitor do Cemup, motorista, motorista de ambul\u00e2ncia, motorista operador de munck, operador de compactadora rolo, operador de m\u00e1quinas, operador de motoniveladora, operador de p\u00e1 carregadeira, operador de retroescavadeira, padeiro, pintor, serralheiro soldador, servente de pedreiro, tratorista.<\/li>\n<\/ul>\n<h4 class=\"wp-block-heading\"><strong>N\u00edvel m\u00e9dio\/t\u00e9cnico<\/strong><\/h4>\n<ul>\n<li>Agente administrativo, agente de opera\u00e7\u00f5es e fiscaliza\u00e7\u00e3o, agente do setor de contas e pagamentos, analista de empenhos, auxiliar de sa\u00fade bucal, auxiliar de cuidados di\u00e1rios, coordenador cultural, cuidador, cuidador de idosos, desenhista, desenhista projetista, educador ambiental, educador de tr\u00e2nsito, entrevistador, inspetor de alunos, merendeiro, musico, nivelador, oficial de fiscaliza\u00e7\u00e3o ambiental, oficial de fiscaliza\u00e7\u00e3o de obras, oficial de fiscaliza\u00e7\u00e3o de posturas, oficial de fiscaliza\u00e7\u00e3o sanit\u00e1ria, orientador social, secret\u00e1rio de escola, t\u00e9cnico de Defesa do Consumidor, t\u00e9cnico de enfermagem, t\u00e9cnico de processamento de dados, t\u00e9cnico de radiologia, t\u00e9cnico de sa\u00fade bucal, t\u00e9cnico em estat\u00edstica, t\u00e9cnico em seguran\u00e7a do trabalho, t\u00e9cnico em turismo, telefonista e top\u00f3grafo.<\/li>\n<\/ul>\n<h4 class=\"wp-block-heading\"><strong>N\u00edvel superior<\/strong><\/h4>\n<ul>\n<li>Administrador, advogado, agente de comunica\u00e7\u00e3o social, analista de tecnologia da informa\u00e7\u00e3o, arquiteto, assistente social, bibliotec\u00e1rio, bi\u00f3logo, biom\u00e9dico, chefe de divis\u00e3o de servi\u00e7o, contador, coordenador do Cemup, coordenador pedag\u00f3gico, dentista (pacientes especiais, endodontia, periodontista), diretor de escola, enfermeiro (aten\u00e7\u00e3o psicossocial, sa\u00fade mental, do trabalho), engenheiro agr\u00f4nomo, engenheiro ambiental, engenheiro civil, engenheiro de alimentos, engenheiro de seguran\u00e7a do trabalho, engenheiro de tr\u00e2nsito, engenheiro eletricista, engenheiro florestal, engenheiro sanitarista, farmac\u00eautico, farmac\u00eautico-bioqu\u00edmico, fiscal tribut\u00e1rio, fisioterapeuta (acupunturista), fonoaudi\u00f3logo, m\u00e9dico (cardiologista, cirurgi\u00e3o vascular, cl\u00ednico geral, dermatologista, endocrinologista, gastroenterologista, geriatra, ginecologista\/obstetra, infectologista, nefrologista, neurocirurgi\u00e3o, neurologista, neuropediatra, nutr\u00f3logo, oftalmologista, ortopedista, otorrinolaringologista, pediatra, psiquiatra, radiologista, reumatologista, urologista, trabalho, ESF, pneumologista), m\u00e9dico veterin\u00e1rio, muse\u00f3logo, nutricionista, professor de educa\u00e7\u00e3o infantil, professor I, professor II (artes, AEE, Braille, ci\u00eancias, educa\u00e7\u00e3o f\u00edsica, geografia, hist\u00f3ria, ingl\u00eas, Libras, matem\u00e1tica, portugu\u00eas), psic\u00f3logo, supervisor de ensino, terapeuta ocupacional, tesoureiro, tradutor e int\u00e9rprete de Libras.<\/li>\n<\/ul>\n<p>O edital completo pode ser conferido<a href=\"https:\/\/www.avancasp.org.br\/informacoes\/162\/\" target=\"_blank\" rel=\"noreferrer noopener nofollow\"> clicando aqui.<\/a><\/p>\n<p>SAIBA MAIS<br \/>Entenda a situa\u00e7\u00e3o das obras do aeroporto de Ribeir\u00e3o Preto<\/p>\n<h4 class=\"wp-block-heading\"><strong>FIQUE ON<\/strong><\/h4>\n<p>Fique ligado em tudo que acontece em Ribeir\u00e3o Preto e regi\u00e3o. Siga os perfis do<strong> acidade on<\/strong> no <a href=\"https:\/\/www.instagram.com\/acidadeonribeirao\" target=\"_blank\" rel=\"noreferrer noopener nofollow\">Instagram <\/a>e no <a href=\"https:\/\/www.facebook.com\/acidadeonribeirao\/\" target=\"_blank\" rel=\"noreferrer noopener nofollow\">Facebook<\/a>.<\/p>\n<p>Receba not\u00edcias do <strong>acidade on<\/strong> no WhatsApp. <a href=\"https:\/\/chat.whatsapp.com\/Dtv9mxhy6V5BJBotM2OQ5k\" target=\"_blank\" rel=\"noreferrer noopener nofollow\">Para entrar no grupo, basta clicar aqui.<\/a><\/p>\n<p>Fa\u00e7a uma den\u00fancia ou sugira uma reportagem sobre Ribeir\u00e3o Preto e regi\u00e3o pelo WhatsApp: 16 99117 7802.<\/p>\n<p>VEJA TAMB\u00c9M<br \/>Quando vai chover em SP? Estado est\u00e1 em \u2018Alerta Vermelho\u2019<\/p>\n<p><!-- CONTENT END 1 -->\n<\/div>\n<\/div>\n<p><script async src=\"\/\/www.instagram.com\/embed.js\"><\/script><br \/>\n<br \/><br \/>\n<br \/><a href=\"https:\/\/www.acidadeon.com\/ribeiraopreto\/economia\/prefeitura-no-interior-de-sp-abre-concurso-publico-com-salarios-de-r-8-mil\/\">Source link <\/a><\/p>\n","protected":false},"excerpt":{"rendered":"<p>A Prefeitura de Barretos, no interior de S\u00e3o Paulo, abriu as inscri\u00e7\u00f5es para concurso p\u00fablico com sal\u00e1rios que variam entre R$ 2,3 mil e R$&#8230;<\/p>\n","protected":false},"author":1,"featured_media":65049,"comment_status":"open","ping_status":"open","sticky":false,"template":"","format":"standard","meta":{"_uag_custom_page_level_css":"","advanced_seo_description":"","jetpack_seo_html_title":"","jetpack_seo_noindex":false,"jetpack_post_was_ever_published":false,"_jetpack_newsletter_access":"","_jetpack_dont_email_post_to_subs":false,"_jetpack_newsletter_tier_id":0,"_jetpack_memberships_contains_paywalled_content":false,"_jetpack_memberships_contains_paid_content":false,"footnotes":"","jetpack_publicize_message":"","jetpack_publicize_feature_enabled":true,"jetpack_social_post_already_shared":true,"jetpack_social_options":{"image_generator_settings":{"template":"highway","default_image_id":0,"font":"","enabled":false},"version":2}},"categories":[11],"tags":[],"class_list":["post-65048","post","type-post","status-publish","format-standard","has-post-thumbnail","hentry","category-noticias-de-ribeirao-preto-sp-e-regiao-ismael-colosi"],"jetpack_publicize_connections":[],"jetpack_featured_media_url":"https:\/\/i0.wp.com\/ismaelcolosi.com.br\/wp-content\/uploads\/2024\/09\/1725991973_prova-concurso-publico-3.jpg?fit=1500%2C1000&ssl=1","uagb_featured_image_src":{"full":["https:\/\/i0.wp.com\/ismaelcolosi.com.br\/wp-content\/uploads\/2024\/09\/1725991973_prova-concurso-publico-3.jpg?fit=1500%2C1000&ssl=1",1500,1000,false],"thumbnail":["https:\/\/i0.wp.com\/ismaelcolosi.com.br\/wp-content\/uploads\/2024\/09\/1725991973_prova-concurso-publico-3.jpg?resize=150%2C150&ssl=1",150,150,true],"medium":["https:\/\/i0.wp.com\/ismaelcolosi.com.br\/wp-content\/uploads\/2024\/09\/1725991973_prova-concurso-publico-3.jpg?fit=300%2C200&ssl=1",300,200,true],"medium_large":["https:\/\/i0.wp.com\/ismaelcolosi.com.br\/wp-content\/uploads\/2024\/09\/1725991973_prova-concurso-publico-3.jpg?fit=768%2C512&ssl=1",768,512,true],"large":["https:\/\/i0.wp.com\/ismaelcolosi.com.br\/wp-content\/uploads\/2024\/09\/1725991973_prova-concurso-publico-3.jpg?fit=1024%2C683&ssl=1",1024,683,true],"1536x1536":["https:\/\/i0.wp.com\/ismaelcolosi.com.br\/wp-content\/uploads\/2024\/09\/1725991973_prova-concurso-publico-3.jpg?fit=1500%2C1000&ssl=1",1500,1000,true],"2048x2048":["https:\/\/i0.wp.com\/ismaelcolosi.com.br\/wp-content\/uploads\/2024\/09\/1725991973_prova-concurso-publico-3.jpg?fit=1500%2C1000&ssl=1",1500,1000,true],"really-simple-thumb":["https:\/\/i0.wp.com\/ismaelcolosi.com.br\/wp-content\/uploads\/2024\/09\/1725991973_prova-concurso-publico-3.jpg?resize=370%2C247&ssl=1",370,247,true]},"uagb_author_info":{"display_name":"ismaelcolosi.com.br","author_link":"https:\/\/ismaelcolosi.com.br\/index.php\/author\/vidareal-online\/"},"uagb_comment_info":0,"uagb_excerpt":"A Prefeitura de Barretos, no interior de S\u00e3o Paulo, abriu as inscri\u00e7\u00f5es para concurso p\u00fablico com sal\u00e1rios que variam entre R$ 2,3 mil e R$...","jetpack-related-posts":[{"id":48970,"url":"https:\/\/ismaelcolosi.com.br\/index.php\/2024\/05\/07\/prefeitura-no-interior-de-sp-abre-concurso-publico-com-salarios-de-r-38-mil\/","url_meta":{"origin":65048,"position":0},"title":"Prefeitura no interior de SP abre concurso p\u00fablico com sal\u00e1rios de R$ 3,8 mil","author":"ismaelcolosi.com.br","date":"7 de May de 2024","format":false,"excerpt":"A Prefeitura de Piracicaba, no interior de S\u00e3o Paulo, abriu concurso p\u00fablico com sal\u00e1rios que variam entre R$ 2,8 mil e R$ 3,8 mil. S\u00e3o dez vagas de n\u00edvel fundamental e m\u00e9dio. As inscri\u00e7\u00f5es devem ser realizadas no per\u00edodo entre 15 de maio e 13 de junho pela internet (clique\u2026","rel":"","context":"In &quot;Not\u00edcias de Ribeir\u00e3o Preto-SP e Regi\u00e3o&quot;","block_context":{"text":"Not\u00edcias de Ribeir\u00e3o Preto-SP e Regi\u00e3o","link":"https:\/\/ismaelcolosi.com.br\/index.php\/category\/noticias-de-ribeirao-preto-sp-e-regiao-ismael-colosi\/"},"img":{"alt_text":"","src":"https:\/\/i0.wp.com\/ismaelcolosi.com.br\/wp-content\/uploads\/2024\/05\/concurso-publico-12.jpg?fit=1200%2C800&ssl=1&resize=350%2C200","width":350,"height":200,"srcset":"https:\/\/i0.wp.com\/ismaelcolosi.com.br\/wp-content\/uploads\/2024\/05\/concurso-publico-12.jpg?fit=1200%2C800&ssl=1&resize=350%2C200 1x, https:\/\/i0.wp.com\/ismaelcolosi.com.br\/wp-content\/uploads\/2024\/05\/concurso-publico-12.jpg?fit=1200%2C800&ssl=1&resize=525%2C300 1.5x, https:\/\/i0.wp.com\/ismaelcolosi.com.br\/wp-content\/uploads\/2024\/05\/concurso-publico-12.jpg?fit=1200%2C800&ssl=1&resize=700%2C400 2x, https:\/\/i0.wp.com\/ismaelcolosi.com.br\/wp-content\/uploads\/2024\/05\/concurso-publico-12.jpg?fit=1200%2C800&ssl=1&resize=1050%2C600 3x"},"classes":[]},{"id":67327,"url":"https:\/\/ismaelcolosi.com.br\/index.php\/2024\/09\/22\/veja-sete-concursos-publicos-com-mais-de-200-vagas-no-interior-de-sp\/","url_meta":{"origin":65048,"position":1},"title":"Veja sete concursos p\u00fablicos com mais de 200 vagas no interior de SP","author":"ismaelcolosi.com.br","date":"22 de September de 2024","format":false,"excerpt":"Voc\u00ea procura por uma oportunidade de emprego no servi\u00e7o p\u00fablico? O acidade on Ribeir\u00e3o separou uma lista com sete concursos p\u00fablico que t\u00eam, somados, mais de 200 vagas dispon\u00edveis no interior de S\u00e3o Paulo. As vagas nos concursos p\u00fablicos s\u00e3o de n\u00edvel fundamental, m\u00e9dio, t\u00e9cnico e superior com sal\u00e1rios de\u2026","rel":"","context":"In &quot;Not\u00edcias de Ribeir\u00e3o Preto-SP e Regi\u00e3o&quot;","block_context":{"text":"Not\u00edcias de Ribeir\u00e3o Preto-SP e Regi\u00e3o","link":"https:\/\/ismaelcolosi.com.br\/index.php\/category\/noticias-de-ribeirao-preto-sp-e-regiao-ismael-colosi\/"},"img":{"alt_text":"","src":"https:\/\/i0.wp.com\/ismaelcolosi.com.br\/wp-content\/uploads\/2024\/05\/Copia-de-Copia-de-TAMANHO-EXATO-PARA-FOTOS-NO-SISTEMA-NOVO-33_2024-05-23_13-39-05_jpg_2024-05-23_13-39-05.webp.webp?fit=1200%2C675&ssl=1&resize=350%2C200","width":350,"height":200,"srcset":"https:\/\/i0.wp.com\/ismaelcolosi.com.br\/wp-content\/uploads\/2024\/05\/Copia-de-Copia-de-TAMANHO-EXATO-PARA-FOTOS-NO-SISTEMA-NOVO-33_2024-05-23_13-39-05_jpg_2024-05-23_13-39-05.webp.webp?fit=1200%2C675&ssl=1&resize=350%2C200 1x, https:\/\/i0.wp.com\/ismaelcolosi.com.br\/wp-content\/uploads\/2024\/05\/Copia-de-Copia-de-TAMANHO-EXATO-PARA-FOTOS-NO-SISTEMA-NOVO-33_2024-05-23_13-39-05_jpg_2024-05-23_13-39-05.webp.webp?fit=1200%2C675&ssl=1&resize=525%2C300 1.5x, https:\/\/i0.wp.com\/ismaelcolosi.com.br\/wp-content\/uploads\/2024\/05\/Copia-de-Copia-de-TAMANHO-EXATO-PARA-FOTOS-NO-SISTEMA-NOVO-33_2024-05-23_13-39-05_jpg_2024-05-23_13-39-05.webp.webp?fit=1200%2C675&ssl=1&resize=700%2C400 2x, https:\/\/i0.wp.com\/ismaelcolosi.com.br\/wp-content\/uploads\/2024\/05\/Copia-de-Copia-de-TAMANHO-EXATO-PARA-FOTOS-NO-SISTEMA-NOVO-33_2024-05-23_13-39-05_jpg_2024-05-23_13-39-05.webp.webp?fit=1200%2C675&ssl=1&resize=1050%2C600 3x"},"classes":[]},{"id":70828,"url":"https:\/\/ismaelcolosi.com.br\/index.php\/2024\/10\/13\/veja-cinco-concursos-publicos-com-mais-de-110-vagas-no-interior-de-sp\/","url_meta":{"origin":65048,"position":2},"title":"Veja cinco concursos p\u00fablicos com mais de 110 vagas no interior de SP","author":"ismaelcolosi.com.br","date":"13 de October de 2024","format":false,"excerpt":"Os interessados em concorrer a uma vaga em concurso p\u00fablico contam com mais de 110 oportunidades em cinco editais dispon\u00edveis no interior de S\u00e3o Paulo. As oportunidades s\u00e3o para cargos de n\u00edvel m\u00e9dio, t\u00e9cnico e superior. Os sal\u00e1rios variam entre R$ 2,1 mil e R$ 12,6 mil. Confira a lista\u2026","rel":"","context":"In &quot;Not\u00edcias de Ribeir\u00e3o Preto-SP e Regi\u00e3o&quot;","block_context":{"text":"Not\u00edcias de Ribeir\u00e3o Preto-SP e Regi\u00e3o","link":"https:\/\/ismaelcolosi.com.br\/index.php\/category\/noticias-de-ribeirao-preto-sp-e-regiao-ismael-colosi\/"},"img":{"alt_text":"","src":"https:\/\/i0.wp.com\/ismaelcolosi.com.br\/wp-content\/uploads\/2024\/07\/Copia-de-Copia-de-TAMANHO-EXATO-PARA-FOTOS-NO-SISTEMA-NOVO-22_2024-07-24_20-00-55_jpg_2024-07-24_20-00-55.webp.webp?fit=1200%2C675&ssl=1&resize=350%2C200","width":350,"height":200,"srcset":"https:\/\/i0.wp.com\/ismaelcolosi.com.br\/wp-content\/uploads\/2024\/07\/Copia-de-Copia-de-TAMANHO-EXATO-PARA-FOTOS-NO-SISTEMA-NOVO-22_2024-07-24_20-00-55_jpg_2024-07-24_20-00-55.webp.webp?fit=1200%2C675&ssl=1&resize=350%2C200 1x, https:\/\/i0.wp.com\/ismaelcolosi.com.br\/wp-content\/uploads\/2024\/07\/Copia-de-Copia-de-TAMANHO-EXATO-PARA-FOTOS-NO-SISTEMA-NOVO-22_2024-07-24_20-00-55_jpg_2024-07-24_20-00-55.webp.webp?fit=1200%2C675&ssl=1&resize=525%2C300 1.5x, https:\/\/i0.wp.com\/ismaelcolosi.com.br\/wp-content\/uploads\/2024\/07\/Copia-de-Copia-de-TAMANHO-EXATO-PARA-FOTOS-NO-SISTEMA-NOVO-22_2024-07-24_20-00-55_jpg_2024-07-24_20-00-55.webp.webp?fit=1200%2C675&ssl=1&resize=700%2C400 2x, https:\/\/i0.wp.com\/ismaelcolosi.com.br\/wp-content\/uploads\/2024\/07\/Copia-de-Copia-de-TAMANHO-EXATO-PARA-FOTOS-NO-SISTEMA-NOVO-22_2024-07-24_20-00-55_jpg_2024-07-24_20-00-55.webp.webp?fit=1200%2C675&ssl=1&resize=1050%2C600 3x"},"classes":[]},{"id":55336,"url":"https:\/\/ismaelcolosi.com.br\/index.php\/2024\/07\/02\/prefeitura-no-interior-de-sp-reabre-inscricoes-para-concurso-publico-com-62-vagas\/","url_meta":{"origin":65048,"position":3},"title":"Prefeitura no interior de SP reabre inscri\u00e7\u00f5es para concurso p\u00fablico com 62 vagas","author":"ismaelcolosi.com.br","date":"2 de July de 2024","format":false,"excerpt":"A Prefeitura de Vista Alegre do Alto, no interior de S\u00e3o Paulo, reabriu as inscri\u00e7\u00f5es de concurso p\u00fablico com 62 vagas e sal\u00e1rios de at\u00e9 R$ 6 mil. As vagas s\u00e3o de n\u00edvel m\u00e9dio, t\u00e9cnico e superior. A inscri\u00e7\u00e3o deve ser realizada no per\u00edodo entre 10h do dia 12 de\u2026","rel":"","context":"In &quot;Not\u00edcias de Ribeir\u00e3o Preto-SP e Regi\u00e3o&quot;","block_context":{"text":"Not\u00edcias de Ribeir\u00e3o Preto-SP e Regi\u00e3o","link":"https:\/\/ismaelcolosi.com.br\/index.php\/category\/noticias-de-ribeirao-preto-sp-e-regiao-ismael-colosi\/"},"img":{"alt_text":"","src":"https:\/\/i0.wp.com\/ismaelcolosi.com.br\/wp-content\/uploads\/2024\/07\/prova-concurso-publico-3.jpg?fit=1200%2C800&ssl=1&resize=350%2C200","width":350,"height":200,"srcset":"https:\/\/i0.wp.com\/ismaelcolosi.com.br\/wp-content\/uploads\/2024\/07\/prova-concurso-publico-3.jpg?fit=1200%2C800&ssl=1&resize=350%2C200 1x, https:\/\/i0.wp.com\/ismaelcolosi.com.br\/wp-content\/uploads\/2024\/07\/prova-concurso-publico-3.jpg?fit=1200%2C800&ssl=1&resize=525%2C300 1.5x, https:\/\/i0.wp.com\/ismaelcolosi.com.br\/wp-content\/uploads\/2024\/07\/prova-concurso-publico-3.jpg?fit=1200%2C800&ssl=1&resize=700%2C400 2x, https:\/\/i0.wp.com\/ismaelcolosi.com.br\/wp-content\/uploads\/2024\/07\/prova-concurso-publico-3.jpg?fit=1200%2C800&ssl=1&resize=1050%2C600 3x"},"classes":[]},{"id":10975,"url":"https:\/\/ismaelcolosi.com.br\/index.php\/2023\/12\/05\/cidade-na-regiao-de-ribeirao-tem-concurso-publico-com-salarios-de-r-5-mil\/","url_meta":{"origin":65048,"position":4},"title":"Cidade na regi\u00e3o de Ribeir\u00e3o tem concurso p\u00fablico com sal\u00e1rios de R$ 5 mil","author":"ismaelcolosi.com.br","date":"5 de December de 2023","format":false,"excerpt":"A Prefeitura de S\u00e3o Sim\u00e3o, na regi\u00e3o de Ribeir\u00e3o Preto, abriu as inscri\u00e7\u00f5es de concurso p\u00fablico com 30 oportunidades para cadastro de reserva e quatro para contrata\u00e7\u00e3o imediata. As vagas s\u00e3o de n\u00edvel fundamental, m\u00e9dio, t\u00e9cnico e superior e os sal\u00e1rios variam entre R$ 1,5 mil e R$ 5,9 mil.\u2026","rel":"","context":"In &quot;Not\u00edcias de Ribeir\u00e3o Preto-SP e Regi\u00e3o&quot;","block_context":{"text":"Not\u00edcias de Ribeir\u00e3o Preto-SP e Regi\u00e3o","link":"https:\/\/ismaelcolosi.com.br\/index.php\/category\/noticias-de-ribeirao-preto-sp-e-regiao-ismael-colosi\/"},"img":{"alt_text":"","src":"https:\/\/i0.wp.com\/ismaelcolosi.com.br\/wp-content\/uploads\/2023\/12\/concurso-publico-5.jpg?fit=1200%2C800&ssl=1&resize=350%2C200","width":350,"height":200,"srcset":"https:\/\/i0.wp.com\/ismaelcolosi.com.br\/wp-content\/uploads\/2023\/12\/concurso-publico-5.jpg?fit=1200%2C800&ssl=1&resize=350%2C200 1x, https:\/\/i0.wp.com\/ismaelcolosi.com.br\/wp-content\/uploads\/2023\/12\/concurso-publico-5.jpg?fit=1200%2C800&ssl=1&resize=525%2C300 1.5x, https:\/\/i0.wp.com\/ismaelcolosi.com.br\/wp-content\/uploads\/2023\/12\/concurso-publico-5.jpg?fit=1200%2C800&ssl=1&resize=700%2C400 2x, https:\/\/i0.wp.com\/ismaelcolosi.com.br\/wp-content\/uploads\/2023\/12\/concurso-publico-5.jpg?fit=1200%2C800&ssl=1&resize=1050%2C600 3x"},"classes":[]},{"id":37070,"url":"https:\/\/ismaelcolosi.com.br\/index.php\/2024\/02\/14\/prefeitura-no-interior-de-sp-tem-concurso-publico-com-53-vagas-e-salarios-de-r-3-mil\/","url_meta":{"origin":65048,"position":5},"title":"Prefeitura no interior de SP tem concurso p\u00fablico com 53 vagas e sal\u00e1rios de R$ 3 mil","author":"ismaelcolosi.com.br","date":"14 de February de 2024","format":false,"excerpt":"A Prefeitura de Terra Roxa, no interior de S\u00e3o Paulo, tem concurso p\u00fablico com 53 vagas e sal\u00e1rios de at\u00e9 R$ 3,2 mil. As oportunidades s\u00e3o de n\u00edvel fundamental, m\u00e9dio e superior. As inscri\u00e7\u00f5es devem ser realizadas at\u00e9 o dia 25 de fevereiro pela internet (clique aqui). O valor da\u2026","rel":"","context":"In &quot;Not\u00edcias de Ribeir\u00e3o Preto-SP e Regi\u00e3o&quot;","block_context":{"text":"Not\u00edcias de Ribeir\u00e3o Preto-SP e Regi\u00e3o","link":"https:\/\/ismaelcolosi.com.br\/index.php\/category\/noticias-de-ribeirao-preto-sp-e-regiao-ismael-colosi\/"},"img":{"alt_text":"","src":"https:\/\/i0.wp.com\/ismaelcolosi.com.br\/wp-content\/uploads\/2024\/02\/1707915946_concurso-publico-13.jpg?fit=1200%2C801&ssl=1&resize=350%2C200","width":350,"height":200,"srcset":"https:\/\/i0.wp.com\/ismaelcolosi.com.br\/wp-content\/uploads\/2024\/02\/1707915946_concurso-publico-13.jpg?fit=1200%2C801&ssl=1&resize=350%2C200 1x, https:\/\/i0.wp.com\/ismaelcolosi.com.br\/wp-content\/uploads\/2024\/02\/1707915946_concurso-publico-13.jpg?fit=1200%2C801&ssl=1&resize=525%2C300 1.5x, https:\/\/i0.wp.com\/ismaelcolosi.com.br\/wp-content\/uploads\/2024\/02\/1707915946_concurso-publico-13.jpg?fit=1200%2C801&ssl=1&resize=700%2C400 2x, https:\/\/i0.wp.com\/ismaelcolosi.com.br\/wp-content\/uploads\/2024\/02\/1707915946_concurso-publico-13.jpg?fit=1200%2C801&ssl=1&resize=1050%2C600 3x"},"classes":[]}],"jetpack_sharing_enabled":true,"jetpack_shortlink":"https:\/\/wp.me\/pfMlyK-gVa","_links":{"self":[{"href":"https:\/\/ismaelcolosi.com.br\/index.php\/wp-json\/wp\/v2\/posts\/65048","targetHints":{"allow":["GET"]}}],"collection":[{"href":"https:\/\/ismaelcolosi.com.br\/index.php\/wp-json\/wp\/v2\/posts"}],"about":[{"href":"https:\/\/ismaelcolosi.com.br\/index.php\/wp-json\/wp\/v2\/types\/post"}],"author":[{"embeddable":true,"href":"https:\/\/ismaelcolosi.com.br\/index.php\/wp-json\/wp\/v2\/users\/1"}],"replies":[{"embeddable":true,"href":"https:\/\/ismaelcolosi.com.br\/index.php\/wp-json\/wp\/v2\/comments?post=65048"}],"version-history":[{"count":0,"href":"https:\/\/ismaelcolosi.com.br\/index.php\/wp-json\/wp\/v2\/posts\/65048\/revisions"}],"wp:featuredmedia":[{"embeddable":true,"href":"https:\/\/ismaelcolosi.com.br\/index.php\/wp-json\/wp\/v2\/media\/65049"}],"wp:attachment":[{"href":"https:\/\/ismaelcolosi.com.br\/index.php\/wp-json\/wp\/v2\/media?parent=65048"}],"wp:term":[{"taxonomy":"category","embeddable":true,"href":"https:\/\/ismaelcolosi.com.br\/index.php\/wp-json\/wp\/v2\/categories?post=65048"},{"taxonomy":"post_tag","embeddable":true,"href":"https:\/\/ismaelcolosi.com.br\/index.php\/wp-json\/wp\/v2\/tags?post=65048"}],"curies":[{"name":"wp","href":"https:\/\/api.w.org\/{rel}","templated":true}]}}