{"id":65046,"date":"2024-09-10T14:59:09","date_gmt":"2024-09-10T17:59:09","guid":{"rendered":"https:\/\/ismaelcolosi.com.br\/index.php\/2024\/09\/10\/enem-dos-concursos-cartoes-de-resposta-ja-estao-disponiveis-veja-calendario\/"},"modified":"2024-09-10T14:59:09","modified_gmt":"2024-09-10T17:59:09","slug":"enem-dos-concursos-cartoes-de-resposta-ja-estao-disponiveis-veja-calendario","status":"publish","type":"post","link":"https:\/\/ismaelcolosi.com.br\/index.php\/2024\/09\/10\/enem-dos-concursos-cartoes-de-resposta-ja-estao-disponiveis-veja-calendario\/","title":{"rendered":"\u2018Enem dos Concursos\u2019: cart\u00f5es de resposta j\u00e1 est\u00e3o dispon\u00edveis; veja calend\u00e1rio"},"content":{"rendered":"<p> <br \/>\n<\/p>\n<div id=\"\">\n<div class=\"content-infos\">\n<div class=\"texts\">\n<p class=\"author tooltip-comp\"> Da reda\u00e7\u00e3o<span class=\"icon-i\">i<\/span><span class=\"tooltiptext\"> <span class=\"author\"><span>Da reda\u00e7\u00e3o<\/span> <\/span><span class=\"desc\"\/> <\/span><\/p>\n<p>10\/09\/2024 &#8211; 14:43<\/p>\n<\/div>\n<div id=\"share-modal\" class=\"share-modal\"> <button class=\"box-close btn-share\"> <img decoding=\"async\" src=\"https:\/\/istoedinheiro.com.br\/wp-content\/themes\/dinheiro-wp-theme\/assets\/img\/svg\/closeIcon.svg?x46096\" alt=\"Close icon\" class=\"close-btn lazy\"\/> <\/button><\/div>\n<\/p><\/div>\n<p>As imagens dos cart\u00f5es de resposta do Concurso P\u00fablico Nacional Unificado (CPNU) foram divulgadas na manh\u00e3 desta ter\u00e7a-feira, 10, os quase um milh\u00e3o de candidatos que fizeram as provas. O cart\u00e3o pode ser acessado na \u00e1rea do candidato, mesma p\u00e1gina onde foi realizada a inscri\u00e7\u00e3o para o concurso.<\/p>\n<p><strong>+ Prova pr\u00e1tica, teste oral e avalia\u00e7\u00e3o online: veja as mudan\u00e7as na Lei dos Concursos P\u00fablicos<\/strong><\/p>\n<p>No dia das provas, os candidatos tinham que fazer a marca\u00e7\u00e3o no cart\u00e3o do tipo de prova que estavam respondedo.<\/p>\n<p>As notas finais das provas objetivas e a nota preliminar da discursiva ser\u00e3o divulgadas dia 08 de outubro, com dois dias para pedidos de revis\u00e3o das notas da discursiva (08 e 09 de outubro).<\/p>\n<p>Tamb\u00e9m no dia 08 de outubro, ser\u00e1 feita a convoca\u00e7\u00e3o para o envio de t\u00edtulos, pela internet (via upload).<\/p>\n<p>A divulga\u00e7\u00e3o do resultado definitivo da sele\u00e7\u00e3o est\u00e1 prevista para 21 de novembro, e a etapa de convoca\u00e7\u00e3o para posse e realiza\u00e7\u00e3o de cursos de forma\u00e7\u00e3o iniciar\u00e1 em janeiro de 2025.<\/p>\n<h3>Veja o cronograma do Concurso P\u00fablico Nacional Unificado<\/h3>\n<p>08\/10 \u2013 Divulga\u00e7\u00e3o das notas finais das provas objetivas e da nota preliminar da discursiva<\/p>\n<p>8 e 9\/10 \u2013 Interposi\u00e7\u00e3o de eventuais pedidos de revis\u00e3o das notas da discursiva<\/p>\n<p>8\/10 \u2013 Convoca\u00e7\u00e3o para o envio de t\u00edtulos (via upload)<\/p>\n<p>9 e 10\/10 \u2013 Envio dos t\u00edtulos<\/p>\n<p>17\/10 \u2013 Divulga\u00e7\u00e3o do resultado dos pedidos de revis\u00e3o das notas da prova discursiva<\/p>\n<p>17\/10 \u2013 Convoca\u00e7\u00e3o para o procedimento de verifica\u00e7\u00e3o da condi\u00e7\u00e3o declarada para concorrer \u00e0s vagas reservadas aos candidatos negros, da condi\u00e7\u00e3o declarada para concorrer \u00e0s vagas reservadas aos candidatos ind\u00edgenas (exclusivamente para os cargos da Funai)<\/p>\n<p>17 a 25\/10 \u2013 Prazo para per\u00edcia m\u00e9dica (avalia\u00e7\u00e3o biopsicossocial) dos candidatos que se declararem com defici\u00eancia, para verificar se efetivamente se trata de pessoas com defici\u00eancia<\/p>\n<p>2 e 3\/11 \u2013 Procedimento de verifica\u00e7\u00e3o da condi\u00e7\u00e3o declarada para concorrer \u00e0s vagas reservadas aos candidatos negros.<\/p>\n<p>2 e 3\/11 \u2013 Procedimento de confirma\u00e7\u00e3o da condi\u00e7\u00e3o declarada para concorrer \u00e0s vagas reservadas aos candidatos ind\u00edgenas<\/p>\n<p>4\/11 \u2013 Resultado preliminar da avalia\u00e7\u00e3o de t\u00edtulos.<\/p>\n<p>4 e 5\/11 \u2013 Prazo para interposi\u00e7\u00e3o de eventuais recursos quanto ao resultado preliminar da avalia\u00e7\u00e3o de t\u00edtulos.<\/p>\n<p>13\/11 \u2013 Divulga\u00e7\u00e3o dos resultados preliminares da avalia\u00e7\u00e3o da veracidade da autodeclara\u00e7\u00e3o prestada por candidatos concorrentes \u00e0s vagas reservadas para negros e ind\u00edgenas e da avalia\u00e7\u00e3o biopsicossocial dos candidatos que se declararem com defici\u00eancia<\/p>\n<p>13 e 14\/11 \u2013 Prazo para interposi\u00e7\u00e3o de eventuais recursos quanto aos resultados preliminares da avalia\u00e7\u00e3o da veracidade da autodeclara\u00e7\u00e3o prestada por candidatos concorrentes \u00e0s vagas reservadas para negros e ind\u00edgenas e da avalia\u00e7\u00e3o biopsicossocial dos candidatos que se declararem com defici\u00eancia<\/p>\n<p>19\/11 \u2013 Divulga\u00e7\u00e3o do resultado dos pedidos de revis\u00e3o das notas dos t\u00edtulos<\/p>\n<p>21\/11 \u2013 Previs\u00e3o de divulga\u00e7\u00e3o dos resultados finais<\/p>\n<div id=\"share-modal\" class=\"share-modal\"> <button class=\"box-close btn-share\"> <img decoding=\"async\" src=\"https:\/\/istoedinheiro.com.br\/wp-content\/themes\/dinheiro-wp-theme\/assets\/img\/svg\/closeIcon.svg?x46096\" alt=\"Close icon\" class=\"close-btn lazy\"\/> <\/button><\/div>\n<\/p><\/div>\n<p><script>!function(f,b,e,v,n,t,s){if(f.fbq)return;n=f.fbq=function(){n.callMethod?n.callMethod.apply(n,arguments):n.queue.push(arguments)};if(!f._fbq)f._fbq=n;n.push=n;n.loaded=!0;n.version='2.0';n.queue=[];t=b.createElement(e);t.async=!0;t.src=v;s=b.getElementsByTagName(e)[0];s.parentNode.insertBefore(t,s)}(window,document,'script','<\/script><br \/>\n<br \/><br \/>\n<br \/><a href=\"https:\/\/istoedinheiro.com.br\/enem-dos-concursos-cartoes-de-resposta-ja-estao-disponiveis-veja-calendario\/\">Source link <\/a><\/p>\n<div class='code-block code-block-4' style='margin: 8px auto 8px 0; text-align: left; display: block; clear: both;'>\n\ud83d\udce2 Aviso Legal\n\nO site ismaelcolosi.com.br atua apenas como um canal de divulga\u00e7\u00e3o de oportunidades de emprego e n\u00e3o se responsabiliza pelo processo seletivo, contrata\u00e7\u00e3o ou qualquer outra etapa relacionada \u00e0s vagas publicadas. Todas as informa\u00e7\u00f5es s\u00e3o de responsabilidade dos anunciantes.\n\n\u26a0\ufe0f Aten\u00e7\u00e3o! Nunca pague por promessas de emprego nem compre cursos que garantam contrata\u00e7\u00e3o. Desconfie de qualquer cobran\u00e7a para participar de sele\u00e7\u00f5es.\n\n\n\n<\/div>\n<!-- CONTENT END 1 -->\n","protected":false},"excerpt":{"rendered":"<p>Da reda\u00e7\u00e3oi Da reda\u00e7\u00e3o 10\/09\/2024 &#8211; 14:43 As imagens dos cart\u00f5es de resposta do Concurso P\u00fablico Nacional Unificado (CPNU) foram divulgadas na manh\u00e3 desta ter\u00e7a-feira,&#8230;<\/p>\n","protected":false},"author":1,"featured_media":65047,"comment_status":"open","ping_status":"open","sticky":false,"template":"","format":"standard","meta":{"_uag_custom_page_level_css":"","advanced_seo_description":"","jetpack_seo_html_title":"","jetpack_seo_noindex":false,"jetpack_post_was_ever_published":false,"_jetpack_newsletter_access":"","_jetpack_dont_email_post_to_subs":false,"_jetpack_newsletter_tier_id":0,"_jetpack_memberships_contains_paywalled_content":false,"_jetpack_memberships_contains_paid_content":false,"footnotes":"","jetpack_publicize_message":"","jetpack_publicize_feature_enabled":true,"jetpack_social_post_already_shared":true,"jetpack_social_options":{"image_generator_settings":{"template":"highway","default_image_id":0,"font":"","enabled":false},"version":2}},"categories":[3598],"tags":[],"class_list":["post-65046","post","type-post","status-publish","format-standard","has-post-thumbnail","hentry","category-empregos-classificados-vagas-trabalho"],"jetpack_publicize_connections":[],"jetpack_featured_media_url":"https:\/\/i0.wp.com\/ismaelcolosi.com.br\/wp-content\/uploads\/2024\/09\/1725991150_prova-1.jpg?fit=1340%2C839&ssl=1","uagb_featured_image_src":{"full":["https:\/\/i0.wp.com\/ismaelcolosi.com.br\/wp-content\/uploads\/2024\/09\/1725991150_prova-1.jpg?fit=1340%2C839&ssl=1",1340,839,false],"thumbnail":["https:\/\/i0.wp.com\/ismaelcolosi.com.br\/wp-content\/uploads\/2024\/09\/1725991150_prova-1.jpg?resize=150%2C150&ssl=1",150,150,true],"medium":["https:\/\/i0.wp.com\/ismaelcolosi.com.br\/wp-content\/uploads\/2024\/09\/1725991150_prova-1.jpg?fit=300%2C188&ssl=1",300,188,true],"medium_large":["https:\/\/i0.wp.com\/ismaelcolosi.com.br\/wp-content\/uploads\/2024\/09\/1725991150_prova-1.jpg?fit=768%2C481&ssl=1",768,481,true],"large":["https:\/\/i0.wp.com\/ismaelcolosi.com.br\/wp-content\/uploads\/2024\/09\/1725991150_prova-1.jpg?fit=1024%2C641&ssl=1",1024,641,true],"1536x1536":["https:\/\/i0.wp.com\/ismaelcolosi.com.br\/wp-content\/uploads\/2024\/09\/1725991150_prova-1.jpg?fit=1340%2C839&ssl=1",1340,839,true],"2048x2048":["https:\/\/i0.wp.com\/ismaelcolosi.com.br\/wp-content\/uploads\/2024\/09\/1725991150_prova-1.jpg?fit=1340%2C839&ssl=1",1340,839,true],"really-simple-thumb":["https:\/\/i0.wp.com\/ismaelcolosi.com.br\/wp-content\/uploads\/2024\/09\/1725991150_prova-1.jpg?resize=370%2C247&ssl=1",370,247,true]},"uagb_author_info":{"display_name":"ismaelcolosi.com.br","author_link":"https:\/\/ismaelcolosi.com.br\/index.php\/author\/vidareal-online\/"},"uagb_comment_info":0,"uagb_excerpt":"Da reda\u00e7\u00e3oi Da reda\u00e7\u00e3o 10\/09\/2024 &#8211; 14:43 As imagens dos cart\u00f5es de resposta do Concurso P\u00fablico Nacional Unificado (CPNU) foram divulgadas na manh\u00e3 desta ter\u00e7a-feira,...","jetpack-related-posts":[{"id":64742,"url":"https:\/\/ismaelcolosi.com.br\/index.php\/2024\/09\/09\/enem-dos-concursos-veja-como-acessar-cartao-de-resposta-e-proximas-etapas\/","url_meta":{"origin":65046,"position":0},"title":"\u2018Enem dos Concursos\u2019: veja como acessar cart\u00e3o de resposta e pr\u00f3ximas etapas","author":"ismaelcolosi.com.br","date":"9 de September de 2024","format":false,"excerpt":"darlanlvarengai darlanlvarenga - 09\/09\/2024 - 8:21 A partir das 10h desta ter\u00e7a-feira, 10, ser\u00e3o disponibilizadas para os quase um milh\u00e3o de candidatos do Concurso P\u00fablico Nacional Unificado (CPNU) as imagens dos cart\u00f5es de resposta. Os candidatos poder\u00e3o acessar o material na \u00e1rea do candidato, mesma p\u00e1gina onde foi realizada a\u2026","rel":"","context":"In &quot;Empregos - Classificados&quot;","block_context":{"text":"Empregos - Classificados","link":"https:\/\/ismaelcolosi.com.br\/index.php\/category\/empregos-classificados-vagas-trabalho\/"},"img":{"alt_text":"","src":"https:\/\/i0.wp.com\/ismaelcolosi.com.br\/wp-content\/uploads\/2024\/09\/prova-1.jpg?fit=1200%2C751&ssl=1&resize=350%2C200","width":350,"height":200,"srcset":"https:\/\/i0.wp.com\/ismaelcolosi.com.br\/wp-content\/uploads\/2024\/09\/prova-1.jpg?fit=1200%2C751&ssl=1&resize=350%2C200 1x, https:\/\/i0.wp.com\/ismaelcolosi.com.br\/wp-content\/uploads\/2024\/09\/prova-1.jpg?fit=1200%2C751&ssl=1&resize=525%2C300 1.5x, https:\/\/i0.wp.com\/ismaelcolosi.com.br\/wp-content\/uploads\/2024\/09\/prova-1.jpg?fit=1200%2C751&ssl=1&resize=700%2C400 2x, https:\/\/i0.wp.com\/ismaelcolosi.com.br\/wp-content\/uploads\/2024\/09\/prova-1.jpg?fit=1200%2C751&ssl=1&resize=1050%2C600 3x"},"classes":[]},{"id":77180,"url":"https:\/\/ismaelcolosi.com.br\/index.php\/2024\/11\/21\/enem-dos-concursos-ministerio-reconhece-que-instrucao-no-cartao-resposta-deixou-duvida\/","url_meta":{"origin":65046,"position":1},"title":"\u2018Enem dos Concursos\u2019: Minist\u00e9rio reconhece que instru\u00e7\u00e3o no cart\u00e3o-resposta deixou d\u00favida","author":"ismaelcolosi.com.br","date":"21 de November de 2024","format":false,"excerpt":"Ag\u00eancia Brasili Ag\u00eancia Brasil 21\/11\/2024 - 16:39 O Minist\u00e9rio da Gest\u00e3o e da Inova\u00e7\u00e3o em Servi\u00e7os P\u00fablicos (MGI) admitiu, nesta quinta-feira (21), que a instru\u00e7\u00e3o na folha de rosto do cart\u00e3o-resposta das provas do Concurso P\u00fablico Nacional Unificado (CPNU) pode ter gerado d\u00favidas e induzido v\u00e1rios candidatos a n\u00e3o marcar\u2026","rel":"","context":"In &quot;Empregos - Classificados&quot;","block_context":{"text":"Empregos - Classificados","link":"https:\/\/ismaelcolosi.com.br\/index.php\/category\/empregos-classificados-vagas-trabalho\/"},"img":{"alt_text":"","src":"https:\/\/i0.wp.com\/ismaelcolosi.com.br\/wp-content\/uploads\/2024\/11\/prova00.jpg?fit=1200%2C748&ssl=1&resize=350%2C200","width":350,"height":200,"srcset":"https:\/\/i0.wp.com\/ismaelcolosi.com.br\/wp-content\/uploads\/2024\/11\/prova00.jpg?fit=1200%2C748&ssl=1&resize=350%2C200 1x, https:\/\/i0.wp.com\/ismaelcolosi.com.br\/wp-content\/uploads\/2024\/11\/prova00.jpg?fit=1200%2C748&ssl=1&resize=525%2C300 1.5x, https:\/\/i0.wp.com\/ismaelcolosi.com.br\/wp-content\/uploads\/2024\/11\/prova00.jpg?fit=1200%2C748&ssl=1&resize=700%2C400 2x, https:\/\/i0.wp.com\/ismaelcolosi.com.br\/wp-content\/uploads\/2024\/11\/prova00.jpg?fit=1200%2C748&ssl=1&resize=1050%2C600 3x"},"classes":[]},{"id":51116,"url":"https:\/\/ismaelcolosi.com.br\/index.php\/2024\/05\/23\/veja-quando-sera-a-nova-data-da-prova-do-enem-dos-concursos\/","url_meta":{"origin":65046,"position":2},"title":"Veja quando ser\u00e1 a nova data da prova do \u2018Enem dos Concursos&#8217;","author":"ismaelcolosi.com.br","date":"23 de May de 2024","format":false,"excerpt":"O Concurso P\u00fablico Nacional Unificado, conhecido como o \u201cEnem dos Concursos\u201d, j\u00e1 tem nova data da prova definida: 18 de agosto. O an\u00fancio foi feito pelo Governo Federal, na manh\u00e3 desta quinta-feira (23). Ao todo, 228 munic\u00edpios receber\u00e3o os candidatos para as avalia\u00e7\u00f5es, entre eles, Ribeir\u00e3o Preto. De acordo com\u2026","rel":"","context":"In &quot;Not\u00edcias de Ribeir\u00e3o Preto-SP e Regi\u00e3o&quot;","block_context":{"text":"Not\u00edcias de Ribeir\u00e3o Preto-SP e Regi\u00e3o","link":"https:\/\/ismaelcolosi.com.br\/index.php\/category\/noticias-de-ribeirao-preto-sp-e-regiao-ismael-colosi\/"},"img":{"alt_text":"","src":"https:\/\/i0.wp.com\/ismaelcolosi.com.br\/wp-content\/uploads\/2024\/05\/Copia-de-Copia-de-TAMANHO-EXATO-PARA-FOTOS-NO-SISTEMA-NOVO-33_2024-05-23_13-39-05_jpg_2024-05-23_13-39-05.webp.webp?fit=1200%2C675&ssl=1&resize=350%2C200","width":350,"height":200,"srcset":"https:\/\/i0.wp.com\/ismaelcolosi.com.br\/wp-content\/uploads\/2024\/05\/Copia-de-Copia-de-TAMANHO-EXATO-PARA-FOTOS-NO-SISTEMA-NOVO-33_2024-05-23_13-39-05_jpg_2024-05-23_13-39-05.webp.webp?fit=1200%2C675&ssl=1&resize=350%2C200 1x, https:\/\/i0.wp.com\/ismaelcolosi.com.br\/wp-content\/uploads\/2024\/05\/Copia-de-Copia-de-TAMANHO-EXATO-PARA-FOTOS-NO-SISTEMA-NOVO-33_2024-05-23_13-39-05_jpg_2024-05-23_13-39-05.webp.webp?fit=1200%2C675&ssl=1&resize=525%2C300 1.5x, https:\/\/i0.wp.com\/ismaelcolosi.com.br\/wp-content\/uploads\/2024\/05\/Copia-de-Copia-de-TAMANHO-EXATO-PARA-FOTOS-NO-SISTEMA-NOVO-33_2024-05-23_13-39-05_jpg_2024-05-23_13-39-05.webp.webp?fit=1200%2C675&ssl=1&resize=700%2C400 2x, https:\/\/i0.wp.com\/ismaelcolosi.com.br\/wp-content\/uploads\/2024\/05\/Copia-de-Copia-de-TAMANHO-EXATO-PARA-FOTOS-NO-SISTEMA-NOVO-33_2024-05-23_13-39-05_jpg_2024-05-23_13-39-05.webp.webp?fit=1200%2C675&ssl=1&resize=1050%2C600 3x"},"classes":[]},{"id":58533,"url":"https:\/\/ismaelcolosi.com.br\/index.php\/2024\/07\/31\/enem-dos-concursos-provas-respeitarao-horario-oficial-de-brasilia-veja-recomendacoes\/","url_meta":{"origin":65046,"position":3},"title":"\u2018Enem dos concursos\u2019: provas respeitar\u00e3o hor\u00e1rio oficial de Bras\u00edlia; veja recomenda\u00e7\u00f5es","author":"ismaelcolosi.com.br","date":"31 de July de 2024","format":false,"excerpt":"Ag\u00eancia Brasili Ag\u00eancia Brasil 31\/07\/2024 - 14:22 Candidatos que v\u00e3o fazer as provas do Concurso P\u00fablico Nacional Unificado (CPNU) e que moram em estados com fuso hor\u00e1rio diferente do de Bras\u00edlia devem ficar atentos ao rel\u00f3gio no pr\u00f3ximo dia 18 de agosto, quando os exames ser\u00e3o aplicados para 2,1 milh\u00f5es\u2026","rel":"","context":"In &quot;Empregos - Classificados&quot;","block_context":{"text":"Empregos - Classificados","link":"https:\/\/ismaelcolosi.com.br\/index.php\/category\/empregos-classificados-vagas-trabalho\/"},"img":{"alt_text":"","src":"https:\/\/i0.wp.com\/ismaelcolosi.com.br\/wp-content\/uploads\/2024\/07\/615-1.jpg?fit=1000%2C667&ssl=1&resize=350%2C200","width":350,"height":200,"srcset":"https:\/\/i0.wp.com\/ismaelcolosi.com.br\/wp-content\/uploads\/2024\/07\/615-1.jpg?fit=1000%2C667&ssl=1&resize=350%2C200 1x, https:\/\/i0.wp.com\/ismaelcolosi.com.br\/wp-content\/uploads\/2024\/07\/615-1.jpg?fit=1000%2C667&ssl=1&resize=525%2C300 1.5x, https:\/\/i0.wp.com\/ismaelcolosi.com.br\/wp-content\/uploads\/2024\/07\/615-1.jpg?fit=1000%2C667&ssl=1&resize=700%2C400 2x"},"classes":[]},{"id":60096,"url":"https:\/\/ismaelcolosi.com.br\/index.php\/2024\/08\/14\/enem-dos-concursos-confira-a-relacao-candidato-vaga-e-o-cronograma-atualizado\/","url_meta":{"origin":65046,"position":4},"title":"\u2018Enem dos concursos\u2019: confira a rela\u00e7\u00e3o candidato\/vaga e o cronograma atualizado","author":"ismaelcolosi.com.br","date":"14 de August de 2024","format":false,"excerpt":"Da reda\u00e7\u00e3oi Da reda\u00e7\u00e3o 14\/08\/2024 - 10:26 O Concurso P\u00fablico Nacional Unificado (CPNU) divulgou na manh\u00e3 desta quarta-feira, 14, uma atualiza\u00e7\u00e3o no cronograma e dados sobre a quantidade de candidatos por vaga. A mudan\u00e7a no calend\u00e1rio impacta todos os inscritos no maior processo seletivo realizado pela administra\u00e7\u00e3o federal, com 6.640\u2026","rel":"","context":"In &quot;Empregos - Classificados&quot;","block_context":{"text":"Empregos - Classificados","link":"https:\/\/ismaelcolosi.com.br\/index.php\/category\/empregos-classificados-vagas-trabalho\/"},"img":{"alt_text":"","src":"https:\/\/i0.wp.com\/ismaelcolosi.com.br\/wp-content\/uploads\/2024\/08\/prova00.jpg?fit=1200%2C748&ssl=1&resize=350%2C200","width":350,"height":200,"srcset":"https:\/\/i0.wp.com\/ismaelcolosi.com.br\/wp-content\/uploads\/2024\/08\/prova00.jpg?fit=1200%2C748&ssl=1&resize=350%2C200 1x, https:\/\/i0.wp.com\/ismaelcolosi.com.br\/wp-content\/uploads\/2024\/08\/prova00.jpg?fit=1200%2C748&ssl=1&resize=525%2C300 1.5x, https:\/\/i0.wp.com\/ismaelcolosi.com.br\/wp-content\/uploads\/2024\/08\/prova00.jpg?fit=1200%2C748&ssl=1&resize=700%2C400 2x, https:\/\/i0.wp.com\/ismaelcolosi.com.br\/wp-content\/uploads\/2024\/08\/prova00.jpg?fit=1200%2C748&ssl=1&resize=1050%2C600 3x"},"classes":[]},{"id":47388,"url":"https:\/\/ismaelcolosi.com.br\/index.php\/2024\/04\/25\/enem-dos-concursos-tera-3-665-locais-de-prova-veja-como-consultar-sala-e-horario\/","url_meta":{"origin":65046,"position":5},"title":"\u2018Enem dos concursos\u2019 ter\u00e1 3.665 locais de prova; veja como consultar sala e hor\u00e1rio","author":"ismaelcolosi.com.br","date":"25 de April de 2024","format":false,"excerpt":"Da reda\u00e7\u00e3oi Da reda\u00e7\u00e3o 25\/04\/2024 - 11:23 O CPNU (Concurso P\u00fablico Nacional Unificado) ou o chamado \u201cEnem dos Concursos\u201d ser\u00e1 realizado no dia 5 de maio. Os candidatos far\u00e3o as provas em 3.665 locais de aplica\u00e7\u00e3o e 75.730 salas, distribu\u00eddas em 228 munic\u00edpios de todos os estados brasileiros.Consulta aos locais\u2026","rel":"","context":"In &quot;Empregos - Classificados&quot;","block_context":{"text":"Empregos - Classificados","link":"https:\/\/ismaelcolosi.com.br\/index.php\/category\/empregos-classificados-vagas-trabalho\/"},"img":{"alt_text":"","src":"https:\/\/i0.wp.com\/ismaelcolosi.com.br\/wp-content\/uploads\/2024\/04\/enemdosconcursos01.jpg?fit=1200%2C721&ssl=1&resize=350%2C200","width":350,"height":200,"srcset":"https:\/\/i0.wp.com\/ismaelcolosi.com.br\/wp-content\/uploads\/2024\/04\/enemdosconcursos01.jpg?fit=1200%2C721&ssl=1&resize=350%2C200 1x, https:\/\/i0.wp.com\/ismaelcolosi.com.br\/wp-content\/uploads\/2024\/04\/enemdosconcursos01.jpg?fit=1200%2C721&ssl=1&resize=525%2C300 1.5x, https:\/\/i0.wp.com\/ismaelcolosi.com.br\/wp-content\/uploads\/2024\/04\/enemdosconcursos01.jpg?fit=1200%2C721&ssl=1&resize=700%2C400 2x, https:\/\/i0.wp.com\/ismaelcolosi.com.br\/wp-content\/uploads\/2024\/04\/enemdosconcursos01.jpg?fit=1200%2C721&ssl=1&resize=1050%2C600 3x"},"classes":[]}],"jetpack_sharing_enabled":true,"jetpack_shortlink":"https:\/\/wp.me\/pfMlyK-gV8","_links":{"self":[{"href":"https:\/\/ismaelcolosi.com.br\/index.php\/wp-json\/wp\/v2\/posts\/65046","targetHints":{"allow":["GET"]}}],"collection":[{"href":"https:\/\/ismaelcolosi.com.br\/index.php\/wp-json\/wp\/v2\/posts"}],"about":[{"href":"https:\/\/ismaelcolosi.com.br\/index.php\/wp-json\/wp\/v2\/types\/post"}],"author":[{"embeddable":true,"href":"https:\/\/ismaelcolosi.com.br\/index.php\/wp-json\/wp\/v2\/users\/1"}],"replies":[{"embeddable":true,"href":"https:\/\/ismaelcolosi.com.br\/index.php\/wp-json\/wp\/v2\/comments?post=65046"}],"version-history":[{"count":0,"href":"https:\/\/ismaelcolosi.com.br\/index.php\/wp-json\/wp\/v2\/posts\/65046\/revisions"}],"wp:featuredmedia":[{"embeddable":true,"href":"https:\/\/ismaelcolosi.com.br\/index.php\/wp-json\/wp\/v2\/media\/65047"}],"wp:attachment":[{"href":"https:\/\/ismaelcolosi.com.br\/index.php\/wp-json\/wp\/v2\/media?parent=65046"}],"wp:term":[{"taxonomy":"category","embeddable":true,"href":"https:\/\/ismaelcolosi.com.br\/index.php\/wp-json\/wp\/v2\/categories?post=65046"},{"taxonomy":"post_tag","embeddable":true,"href":"https:\/\/ismaelcolosi.com.br\/index.php\/wp-json\/wp\/v2\/tags?post=65046"}],"curies":[{"name":"wp","href":"https:\/\/api.w.org\/{rel}","templated":true}]}}