{"id":65034,"date":"2024-09-10T14:23:09","date_gmt":"2024-09-10T17:23:09","guid":{"rendered":"https:\/\/ismaelcolosi.com.br\/index.php\/2024\/09\/10\/carreta-tomba-na-rodovia-anhanguera-apos-pneu-estourar\/"},"modified":"2024-09-10T14:23:09","modified_gmt":"2024-09-10T17:23:09","slug":"carreta-tomba-na-rodovia-anhanguera-apos-pneu-estourar","status":"publish","type":"post","link":"https:\/\/ismaelcolosi.com.br\/index.php\/2024\/09\/10\/carreta-tomba-na-rodovia-anhanguera-apos-pneu-estourar\/","title":{"rendered":"Carreta tomba na rodovia Anhanguera ap\u00f3s pneu estourar"},"content":{"rendered":"<p> <br \/>\n<\/p>\n<div data-td-block-uid=\"tdi_106\">\n<div class=\"tdb-block-inner td-fix-index\">\n<p><mark style=\"background-color:#fcb900\" class=\"has-inline-color\">Uma carreta tombou<\/mark>, no come\u00e7o da tarde desta ter\u00e7a-feira (10), <strong>na rodovia Anhanguera<\/strong>, <strong>pr\u00f3ximo a entrada do aeroporto Leite Lopes<\/strong>, em <strong>Ribeir\u00e3o Preto<\/strong>. O acidente aconteceu <mark style=\"background-color:#fcb900\" class=\"has-inline-color\">ap\u00f3s o pneu dianteiro estourar<\/mark> na altura do quil\u00f4metro 312.<\/p>\n<p>Segundo informa\u00e7\u00f5es apuradas pela <em><strong>EPTV<\/strong><\/em>, o motorista da carreta seguia pela rodovia no sentido Norte (Capital\/Ribeir\u00e3o Preto) quando <strong>o pneu da frente estourou<\/strong>. Ele <strong>perdeu o controle da dire\u00e7\u00e3o<\/strong>, colidiu na barreira de concreto e <strong><mark style=\"background-color:#fcb900\" class=\"has-inline-color\">invadiu a pista sentido Sul (Ribeir\u00e3o Preto\/S\u00e3o Paulo) quando tombou.<\/mark><\/strong><\/p>\n<p>O motorista teve <strong>ferimentos leves<\/strong> e <mark style=\"background-color:#fcb900\" class=\"has-inline-color\">foi socorrido<\/mark>. O tr\u00e2nsito <strong>est\u00e1 lento no local<\/strong>, por\u00e9m n\u00e3o houve interdi\u00e7\u00f5es, <strong>segundo a concession\u00e1ria.<\/strong> <\/p>\n<p>SAIBA MAIS<\/p>\n<p>Bosque de Ribeir\u00e3o recebe tamandu\u00e1 e lobo-guar\u00e1 atingidos por queimadas<\/p>\n<h4 class=\"wp-block-heading\"><strong>FIQUE ON<\/strong><\/h4>\n<p>Fique ligado em tudo que acontece em Ribeir\u00e3o Preto e regi\u00e3o. Siga os perfis do<strong>\u00a0acidade on<\/strong>\u00a0no\u00a0<a href=\"https:\/\/www.instagram.com\/acidadeonribeirao\" target=\"_blank\" rel=\"noreferrer noopener\">Instagram\u00a0<\/a>e no\u00a0<a href=\"https:\/\/www.facebook.com\/acidadeonribeirao\/\" target=\"_blank\" rel=\"noreferrer noopener\">Facebook<\/a>.<\/p>\n<p>Receba not\u00edcias do\u00a0<strong>acidade on<\/strong>\u00a0no WhatsApp.\u00a0<a href=\"https:\/\/chat.whatsapp.com\/Dtv9mxhy6V5BJBotM2OQ5k\" target=\"_blank\" rel=\"noreferrer noopener\">Para entrar no grupo, basta clicar aqui.<\/a><\/p>\n<p>Fa\u00e7a uma den\u00fancia ou sugira uma reportagem sobre Ribeir\u00e3o Preto e regi\u00e3o pelo WhatsApp: 16 99117 7802.<\/p>\n<p>VEJA TAMB\u00c9M<\/p>\n<p>Quanto custam os novos iPhones no Brasil?<\/p>\n<p><!-- CONTENT END 1 -->\n<\/div>\n<\/div>\n<p><script async src=\"\/\/www.instagram.com\/embed.js\"><\/script><br \/>\n<br \/><br \/>\n<br \/><a href=\"https:\/\/www.acidadeon.com\/ribeiraopreto\/cotidiano\/carreta-tomba-na-rodovia-anhanguera-apos-pneu-estourar\/\">Source link <\/a><\/p>\n","protected":false},"excerpt":{"rendered":"<p>Uma carreta tombou, no come\u00e7o da tarde desta ter\u00e7a-feira (10), na rodovia Anhanguera, pr\u00f3ximo a entrada do aeroporto Leite Lopes, em Ribeir\u00e3o Preto. O acidente&#8230;<\/p>\n","protected":false},"author":1,"featured_media":65035,"comment_status":"open","ping_status":"open","sticky":false,"template":"","format":"standard","meta":{"_uag_custom_page_level_css":"","advanced_seo_description":"","jetpack_seo_html_title":"","jetpack_seo_noindex":false,"jetpack_post_was_ever_published":false,"_jetpack_newsletter_access":"","_jetpack_dont_email_post_to_subs":false,"_jetpack_newsletter_tier_id":0,"_jetpack_memberships_contains_paywalled_content":false,"_jetpack_memberships_contains_paid_content":false,"footnotes":"","jetpack_publicize_message":"","jetpack_publicize_feature_enabled":true,"jetpack_social_post_already_shared":true,"jetpack_social_options":{"image_generator_settings":{"template":"highway","default_image_id":0,"font":"","enabled":false},"version":2}},"categories":[11],"tags":[],"class_list":["post-65034","post","type-post","status-publish","format-standard","has-post-thumbnail","hentry","category-noticias-de-ribeirao-preto-sp-e-regiao-ismael-colosi"],"jetpack_publicize_connections":[],"jetpack_featured_media_url":"https:\/\/i0.wp.com\/ismaelcolosi.com.br\/wp-content\/uploads\/2024\/09\/capotamento-anhanguera_2024-09-10_16-19-15_jpg_2024-09-10_16-19-15.webp.webp?fit=1200%2C913&ssl=1","uagb_featured_image_src":{"full":["https:\/\/i0.wp.com\/ismaelcolosi.com.br\/wp-content\/uploads\/2024\/09\/capotamento-anhanguera_2024-09-10_16-19-15_jpg_2024-09-10_16-19-15.webp.webp?fit=1200%2C913&ssl=1",1200,913,false],"thumbnail":["https:\/\/i0.wp.com\/ismaelcolosi.com.br\/wp-content\/uploads\/2024\/09\/capotamento-anhanguera_2024-09-10_16-19-15_jpg_2024-09-10_16-19-15.webp.webp?resize=150%2C150&ssl=1",150,150,true],"medium":["https:\/\/i0.wp.com\/ismaelcolosi.com.br\/wp-content\/uploads\/2024\/09\/capotamento-anhanguera_2024-09-10_16-19-15_jpg_2024-09-10_16-19-15.webp.webp?fit=300%2C228&ssl=1",300,228,true],"medium_large":["https:\/\/i0.wp.com\/ismaelcolosi.com.br\/wp-content\/uploads\/2024\/09\/capotamento-anhanguera_2024-09-10_16-19-15_jpg_2024-09-10_16-19-15.webp.webp?fit=768%2C584&ssl=1",768,584,true],"large":["https:\/\/i0.wp.com\/ismaelcolosi.com.br\/wp-content\/uploads\/2024\/09\/capotamento-anhanguera_2024-09-10_16-19-15_jpg_2024-09-10_16-19-15.webp.webp?fit=1024%2C779&ssl=1",1024,779,true],"1536x1536":["https:\/\/i0.wp.com\/ismaelcolosi.com.br\/wp-content\/uploads\/2024\/09\/capotamento-anhanguera_2024-09-10_16-19-15_jpg_2024-09-10_16-19-15.webp.webp?fit=1200%2C913&ssl=1",1200,913,true],"2048x2048":["https:\/\/i0.wp.com\/ismaelcolosi.com.br\/wp-content\/uploads\/2024\/09\/capotamento-anhanguera_2024-09-10_16-19-15_jpg_2024-09-10_16-19-15.webp.webp?fit=1200%2C913&ssl=1",1200,913,true],"really-simple-thumb":["https:\/\/i0.wp.com\/ismaelcolosi.com.br\/wp-content\/uploads\/2024\/09\/capotamento-anhanguera_2024-09-10_16-19-15_jpg_2024-09-10_16-19-15.webp.webp?resize=370%2C247&ssl=1",370,247,true]},"uagb_author_info":{"display_name":"ismaelcolosi.com.br","author_link":"https:\/\/ismaelcolosi.com.br\/index.php\/author\/vidareal-online\/"},"uagb_comment_info":0,"uagb_excerpt":"Uma carreta tombou, no come\u00e7o da tarde desta ter\u00e7a-feira (10), na rodovia Anhanguera, pr\u00f3ximo a entrada do aeroporto Leite Lopes, em Ribeir\u00e3o Preto. O acidente...","jetpack-related-posts":[{"id":44167,"url":"https:\/\/ismaelcolosi.com.br\/index.php\/2024\/03\/26\/carreta-tomba-no-trevao-da-anhanguera-em-ribeirao-preto-veja-o-video\/","url_meta":{"origin":65034,"position":0},"title":"Carreta tomba no Trev\u00e3o da Anhanguera em Ribeir\u00e3o Preto; Veja o v\u00eddeo","author":"ismaelcolosi.com.br","date":"26 de March de 2024","format":false,"excerpt":"Uma carreta tombou no Trev\u00e3o da rodovia Anhanguera, em Ribeir\u00e3o Preto, na manh\u00e3 desta ter\u00e7a-feira (26) \u2013 veja o v\u00eddeo abaixo. VEJA O V\u00cdDEO Ver essa foto no Instagram Uma publica\u00e7\u00e3o compartilhada por acidade on Ribeir\u00e3o (@acidadeonribeirao) A carga de amendoim transportada pela carreta, que seguia na al\u00e7a sentido da\u2026","rel":"","context":"In &quot;Not\u00edcias de Ribeir\u00e3o Preto-SP e Regi\u00e3o&quot;","block_context":{"text":"Not\u00edcias de Ribeir\u00e3o Preto-SP e Regi\u00e3o","link":"https:\/\/ismaelcolosi.com.br\/index.php\/category\/noticias-de-ribeirao-preto-sp-e-regiao-ismael-colosi\/"},"img":{"alt_text":"","src":"https:\/\/i0.wp.com\/ismaelcolosi.com.br\/wp-content\/uploads\/2024\/03\/AnyConv.com__carreta-tomba.webp.webp?fit=1200%2C696&ssl=1&resize=350%2C200","width":350,"height":200,"srcset":"https:\/\/i0.wp.com\/ismaelcolosi.com.br\/wp-content\/uploads\/2024\/03\/AnyConv.com__carreta-tomba.webp.webp?fit=1200%2C696&ssl=1&resize=350%2C200 1x, https:\/\/i0.wp.com\/ismaelcolosi.com.br\/wp-content\/uploads\/2024\/03\/AnyConv.com__carreta-tomba.webp.webp?fit=1200%2C696&ssl=1&resize=525%2C300 1.5x, https:\/\/i0.wp.com\/ismaelcolosi.com.br\/wp-content\/uploads\/2024\/03\/AnyConv.com__carreta-tomba.webp.webp?fit=1200%2C696&ssl=1&resize=700%2C400 2x, https:\/\/i0.wp.com\/ismaelcolosi.com.br\/wp-content\/uploads\/2024\/03\/AnyConv.com__carreta-tomba.webp.webp?fit=1200%2C696&ssl=1&resize=1050%2C600 3x"},"classes":[]},{"id":33621,"url":"https:\/\/ismaelcolosi.com.br\/index.php\/2024\/01\/30\/carreta-tomba-e-deixa-transito-congestionado-em-saida-da-anhanguera\/","url_meta":{"origin":65034,"position":1},"title":"Carreta tomba e deixa tr\u00e2nsito congestionado em sa\u00edda da Anhanguera","author":"ismaelcolosi.com.br","date":"30 de January de 2024","format":false,"excerpt":"Acidente ocorreu na rotat\u00f3ria de acesso \u00e0 Avenida Thomaz Alberto Whatelly 30 de janeiro de 2024 | 9:39 2Por: Adalberto LuqueUma carreta tombou, no final da madrugada desta ter\u00e7a-feira (30), na rotat\u00f3ria de acesso \u00e0 Avenida Thomas Alberto Whatelly e Aeroporto Leite Lopes, zona Norte de Ribeir\u00e3o Preto. O acidente\u2026","rel":"","context":"In &quot;Not\u00edcias de Ribeir\u00e3o Preto-SP e Regi\u00e3o&quot;","block_context":{"text":"Not\u00edcias de Ribeir\u00e3o Preto-SP e Regi\u00e3o","link":"https:\/\/ismaelcolosi.com.br\/index.php\/category\/noticias-de-ribeirao-preto-sp-e-regiao-ismael-colosi\/"},"img":{"alt_text":"","src":"https:\/\/i0.wp.com\/ismaelcolosi.com.br\/wp-content\/uploads\/2024\/01\/00-30-jan-2024-carreta-tombada-01-foto-max-gallao-mesquita-scaled.jpg?fit=994%2C645&ssl=1&resize=350%2C200","width":350,"height":200,"srcset":"https:\/\/i0.wp.com\/ismaelcolosi.com.br\/wp-content\/uploads\/2024\/01\/00-30-jan-2024-carreta-tombada-01-foto-max-gallao-mesquita-scaled.jpg?fit=994%2C645&ssl=1&resize=350%2C200 1x, https:\/\/i0.wp.com\/ismaelcolosi.com.br\/wp-content\/uploads\/2024\/01\/00-30-jan-2024-carreta-tombada-01-foto-max-gallao-mesquita-scaled.jpg?fit=994%2C645&ssl=1&resize=525%2C300 1.5x, https:\/\/i0.wp.com\/ismaelcolosi.com.br\/wp-content\/uploads\/2024\/01\/00-30-jan-2024-carreta-tombada-01-foto-max-gallao-mesquita-scaled.jpg?fit=994%2C645&ssl=1&resize=700%2C400 2x"},"classes":[]},{"id":55870,"url":"https:\/\/ismaelcolosi.com.br\/index.php\/2024\/07\/06\/motorista-morre-apos-carreta-com-carga-tombar-em-rodovia-na-regiao-de-ribeirao-preto\/","url_meta":{"origin":65034,"position":2},"title":"Motorista morre ap\u00f3s carreta com carga tombar em rodovia na regi\u00e3o de Ribeir\u00e3o Preto","author":"ismaelcolosi.com.br","date":"6 de July de 2024","format":false,"excerpt":"Um motorista morreu ap\u00f3s uma carreta carregada com a\u00e7\u00facar tombar na rodovia Deputado Cunha Bueno (SP 253), pr\u00f3ximo ao quil\u00f4metro 207, entre Prad\u00f3polis e Jaboticabal, na tarde deste s\u00e1bado (6). Segundo a apura\u00e7\u00e3o da EPTV, o ve\u00edculo tombou na rodovia logo ap\u00f3s um dos pneus estourarem. O condutor do ve\u00edculo\u2026","rel":"","context":"In &quot;Not\u00edcias de Ribeir\u00e3o Preto-SP e Regi\u00e3o&quot;","block_context":{"text":"Not\u00edcias de Ribeir\u00e3o Preto-SP e Regi\u00e3o","link":"https:\/\/ismaelcolosi.com.br\/index.php\/category\/noticias-de-ribeirao-preto-sp-e-regiao-ismael-colosi\/"},"img":{"alt_text":"","src":"https:\/\/i0.wp.com\/ismaelcolosi.com.br\/wp-content\/uploads\/2024\/07\/Copia-de-Copia-de-TAMANHO-EXATO-PARA-FOTOS-NO-SISTEMA-NOVO-8_2024-07-06_18-01-10_jpg_2024-07-06_18-01-10.webp.webp?fit=1200%2C675&ssl=1&resize=350%2C200","width":350,"height":200,"srcset":"https:\/\/i0.wp.com\/ismaelcolosi.com.br\/wp-content\/uploads\/2024\/07\/Copia-de-Copia-de-TAMANHO-EXATO-PARA-FOTOS-NO-SISTEMA-NOVO-8_2024-07-06_18-01-10_jpg_2024-07-06_18-01-10.webp.webp?fit=1200%2C675&ssl=1&resize=350%2C200 1x, https:\/\/i0.wp.com\/ismaelcolosi.com.br\/wp-content\/uploads\/2024\/07\/Copia-de-Copia-de-TAMANHO-EXATO-PARA-FOTOS-NO-SISTEMA-NOVO-8_2024-07-06_18-01-10_jpg_2024-07-06_18-01-10.webp.webp?fit=1200%2C675&ssl=1&resize=525%2C300 1.5x, https:\/\/i0.wp.com\/ismaelcolosi.com.br\/wp-content\/uploads\/2024\/07\/Copia-de-Copia-de-TAMANHO-EXATO-PARA-FOTOS-NO-SISTEMA-NOVO-8_2024-07-06_18-01-10_jpg_2024-07-06_18-01-10.webp.webp?fit=1200%2C675&ssl=1&resize=700%2C400 2x, https:\/\/i0.wp.com\/ismaelcolosi.com.br\/wp-content\/uploads\/2024\/07\/Copia-de-Copia-de-TAMANHO-EXATO-PARA-FOTOS-NO-SISTEMA-NOVO-8_2024-07-06_18-01-10_jpg_2024-07-06_18-01-10.webp.webp?fit=1200%2C675&ssl=1&resize=1050%2C600 3x"},"classes":[]},{"id":60199,"url":"https:\/\/ismaelcolosi.com.br\/index.php\/2024\/08\/14\/apos-mais-de-6-horas-carreta-continua-tombada-no-anel-viario-sul-em-ribeirao-preto\/","url_meta":{"origin":65034,"position":3},"title":"Ap\u00f3s mais de 6 horas, carreta continua tombada no Anel Vi\u00e1rio Sul em Ribeir\u00e3o Preto","author":"ismaelcolosi.com.br","date":"14 de August de 2024","format":false,"excerpt":"O caminh\u00e3o carregado com cana-de-a\u00e7\u00facar que tombou na manh\u00e3 desta quarta-(14), no Anel Vi\u00e1rio Sul de Ribeir\u00e3o Preto, virou um desafio para as equipes da concession\u00e1ria que administram o trecho. A carreta est\u00e1 carregada com 60 toneladas, tombou na al\u00e7a de acesso que liga a rodovia Ant\u00f4nio Machado Santana (SP-255)\u2026","rel":"","context":"In &quot;Not\u00edcias de Ribeir\u00e3o Preto-SP e Regi\u00e3o&quot;","block_context":{"text":"Not\u00edcias de Ribeir\u00e3o Preto-SP e Regi\u00e3o","link":"https:\/\/ismaelcolosi.com.br\/index.php\/category\/noticias-de-ribeirao-preto-sp-e-regiao-ismael-colosi\/"},"img":{"alt_text":"","src":"https:\/\/i0.wp.com\/ismaelcolosi.com.br\/wp-content\/uploads\/2024\/08\/Copia-de-Copia-de-Copia-de-TAMANHO-EXATO-PARA-FOTOS-NO-SISTEMA-NOVO-3_2024-08-14_22-22-59_png_2024-08-14_22-22-59.webp.webp?fit=1200%2C675&ssl=1&resize=350%2C200","width":350,"height":200,"srcset":"https:\/\/i0.wp.com\/ismaelcolosi.com.br\/wp-content\/uploads\/2024\/08\/Copia-de-Copia-de-Copia-de-TAMANHO-EXATO-PARA-FOTOS-NO-SISTEMA-NOVO-3_2024-08-14_22-22-59_png_2024-08-14_22-22-59.webp.webp?fit=1200%2C675&ssl=1&resize=350%2C200 1x, https:\/\/i0.wp.com\/ismaelcolosi.com.br\/wp-content\/uploads\/2024\/08\/Copia-de-Copia-de-Copia-de-TAMANHO-EXATO-PARA-FOTOS-NO-SISTEMA-NOVO-3_2024-08-14_22-22-59_png_2024-08-14_22-22-59.webp.webp?fit=1200%2C675&ssl=1&resize=525%2C300 1.5x, https:\/\/i0.wp.com\/ismaelcolosi.com.br\/wp-content\/uploads\/2024\/08\/Copia-de-Copia-de-Copia-de-TAMANHO-EXATO-PARA-FOTOS-NO-SISTEMA-NOVO-3_2024-08-14_22-22-59_png_2024-08-14_22-22-59.webp.webp?fit=1200%2C675&ssl=1&resize=700%2C400 2x, https:\/\/i0.wp.com\/ismaelcolosi.com.br\/wp-content\/uploads\/2024\/08\/Copia-de-Copia-de-Copia-de-TAMANHO-EXATO-PARA-FOTOS-NO-SISTEMA-NOVO-3_2024-08-14_22-22-59_png_2024-08-14_22-22-59.webp.webp?fit=1200%2C675&ssl=1&resize=1050%2C600 3x"},"classes":[]},{"id":47776,"url":"https:\/\/ismaelcolosi.com.br\/index.php\/2024\/04\/28\/carreta-pega-fogo-apos-acidente-na-rodovia-anhanguera-na-regiao-de-ribeirao-preto\/","url_meta":{"origin":65034,"position":4},"title":"Carreta pega fogo ap\u00f3s acidente na rodovia Anhanguera na regi\u00e3o de Ribeir\u00e3o Preto","author":"ismaelcolosi.com.br","date":"28 de April de 2024","format":false,"excerpt":"Um acidente ocorrido no final da manh\u00e3 deste domingo (28) provocou a interdi\u00e7\u00e3o da rodovia Anhanguera (SP-330) pr\u00f3ximo ao km 240, em Santa Rita do Passa Quatro, cidade a aproximadamente 80 quil\u00f4metros de Ribeir\u00e3o Preto. De acordo com a concession\u00e1ria ViaPaulista, equipes foram acionadas para atender uma ocorr\u00eancia de choque\u2026","rel":"","context":"In &quot;Not\u00edcias de Ribeir\u00e3o Preto-SP e Regi\u00e3o&quot;","block_context":{"text":"Not\u00edcias de Ribeir\u00e3o Preto-SP e Regi\u00e3o","link":"https:\/\/ismaelcolosi.com.br\/index.php\/category\/noticias-de-ribeirao-preto-sp-e-regiao-ismael-colosi\/"},"img":{"alt_text":"","src":"https:\/\/i0.wp.com\/ismaelcolosi.com.br\/wp-content\/uploads\/2024\/04\/Copia-de-Copia-de-TAMANHO-EXATO-PARA-FOTOS-NO-SISTEMA-NOVO-16_2024-04-28_17-42-16_png.webp.webp?fit=1200%2C675&ssl=1&resize=350%2C200","width":350,"height":200,"srcset":"https:\/\/i0.wp.com\/ismaelcolosi.com.br\/wp-content\/uploads\/2024\/04\/Copia-de-Copia-de-TAMANHO-EXATO-PARA-FOTOS-NO-SISTEMA-NOVO-16_2024-04-28_17-42-16_png.webp.webp?fit=1200%2C675&ssl=1&resize=350%2C200 1x, https:\/\/i0.wp.com\/ismaelcolosi.com.br\/wp-content\/uploads\/2024\/04\/Copia-de-Copia-de-TAMANHO-EXATO-PARA-FOTOS-NO-SISTEMA-NOVO-16_2024-04-28_17-42-16_png.webp.webp?fit=1200%2C675&ssl=1&resize=525%2C300 1.5x, https:\/\/i0.wp.com\/ismaelcolosi.com.br\/wp-content\/uploads\/2024\/04\/Copia-de-Copia-de-TAMANHO-EXATO-PARA-FOTOS-NO-SISTEMA-NOVO-16_2024-04-28_17-42-16_png.webp.webp?fit=1200%2C675&ssl=1&resize=700%2C400 2x, https:\/\/i0.wp.com\/ismaelcolosi.com.br\/wp-content\/uploads\/2024\/04\/Copia-de-Copia-de-TAMANHO-EXATO-PARA-FOTOS-NO-SISTEMA-NOVO-16_2024-04-28_17-42-16_png.webp.webp?fit=1200%2C675&ssl=1&resize=1050%2C600 3x"},"classes":[]},{"id":57413,"url":"https:\/\/ismaelcolosi.com.br\/index.php\/2024\/07\/21\/carreta-sai-da-pista-arranca-cerca-e-tomba-ao-lado-de-rodovia-em-ribeirao-preto\/","url_meta":{"origin":65034,"position":5},"title":"Carreta sai da pista, arranca cerca e tomba ao lado de rodovia em Ribeir\u00e3o Preto","author":"ismaelcolosi.com.br","date":"21 de July de 2024","format":false,"excerpt":"Um caminh\u00e3o canavieiro tombou na manh\u00e3 desta domingo (21), ap\u00f3s sair da pista da rodovia C\u00e2ndido Portinari (SP-334) no km 324, em Ribeir\u00e3o Preto. Segundo a concession\u00e1ria Via Paulista, o ve\u00edculo atingiu uma cerca e parou em uma \u00e1rea al\u00e9m do acostamento. Ainda conforme a concession\u00e1ria, n\u00e3o h\u00e1 v\u00edtimas e\u2026","rel":"","context":"In &quot;Not\u00edcias de Ribeir\u00e3o Preto-SP e Regi\u00e3o&quot;","block_context":{"text":"Not\u00edcias de Ribeir\u00e3o Preto-SP e Regi\u00e3o","link":"https:\/\/ismaelcolosi.com.br\/index.php\/category\/noticias-de-ribeirao-preto-sp-e-regiao-ismael-colosi\/"},"img":{"alt_text":"","src":"https:\/\/i0.wp.com\/ismaelcolosi.com.br\/wp-content\/uploads\/2024\/07\/ACIDENTE_2024-07-21_14-07-03_jpg_2024-07-21_14-07-03.webp.webp?fit=1200%2C847&ssl=1&resize=350%2C200","width":350,"height":200,"srcset":"https:\/\/i0.wp.com\/ismaelcolosi.com.br\/wp-content\/uploads\/2024\/07\/ACIDENTE_2024-07-21_14-07-03_jpg_2024-07-21_14-07-03.webp.webp?fit=1200%2C847&ssl=1&resize=350%2C200 1x, https:\/\/i0.wp.com\/ismaelcolosi.com.br\/wp-content\/uploads\/2024\/07\/ACIDENTE_2024-07-21_14-07-03_jpg_2024-07-21_14-07-03.webp.webp?fit=1200%2C847&ssl=1&resize=525%2C300 1.5x, https:\/\/i0.wp.com\/ismaelcolosi.com.br\/wp-content\/uploads\/2024\/07\/ACIDENTE_2024-07-21_14-07-03_jpg_2024-07-21_14-07-03.webp.webp?fit=1200%2C847&ssl=1&resize=700%2C400 2x, https:\/\/i0.wp.com\/ismaelcolosi.com.br\/wp-content\/uploads\/2024\/07\/ACIDENTE_2024-07-21_14-07-03_jpg_2024-07-21_14-07-03.webp.webp?fit=1200%2C847&ssl=1&resize=1050%2C600 3x"},"classes":[]}],"jetpack_sharing_enabled":true,"jetpack_shortlink":"https:\/\/wp.me\/pfMlyK-gUW","_links":{"self":[{"href":"https:\/\/ismaelcolosi.com.br\/index.php\/wp-json\/wp\/v2\/posts\/65034","targetHints":{"allow":["GET"]}}],"collection":[{"href":"https:\/\/ismaelcolosi.com.br\/index.php\/wp-json\/wp\/v2\/posts"}],"about":[{"href":"https:\/\/ismaelcolosi.com.br\/index.php\/wp-json\/wp\/v2\/types\/post"}],"author":[{"embeddable":true,"href":"https:\/\/ismaelcolosi.com.br\/index.php\/wp-json\/wp\/v2\/users\/1"}],"replies":[{"embeddable":true,"href":"https:\/\/ismaelcolosi.com.br\/index.php\/wp-json\/wp\/v2\/comments?post=65034"}],"version-history":[{"count":0,"href":"https:\/\/ismaelcolosi.com.br\/index.php\/wp-json\/wp\/v2\/posts\/65034\/revisions"}],"wp:featuredmedia":[{"embeddable":true,"href":"https:\/\/ismaelcolosi.com.br\/index.php\/wp-json\/wp\/v2\/media\/65035"}],"wp:attachment":[{"href":"https:\/\/ismaelcolosi.com.br\/index.php\/wp-json\/wp\/v2\/media?parent=65034"}],"wp:term":[{"taxonomy":"category","embeddable":true,"href":"https:\/\/ismaelcolosi.com.br\/index.php\/wp-json\/wp\/v2\/categories?post=65034"},{"taxonomy":"post_tag","embeddable":true,"href":"https:\/\/ismaelcolosi.com.br\/index.php\/wp-json\/wp\/v2\/tags?post=65034"}],"curies":[{"name":"wp","href":"https:\/\/api.w.org\/{rel}","templated":true}]}}