{"id":65029,"date":"2024-09-10T14:06:15","date_gmt":"2024-09-10T17:06:15","guid":{"rendered":"https:\/\/ismaelcolosi.com.br\/index.php\/2024\/09\/10\/quer-virar-bailarino-companhia-abre-inscricoes-para-contratacao-em-ribeirao-preto\/"},"modified":"2024-09-10T14:06:15","modified_gmt":"2024-09-10T17:06:15","slug":"quer-virar-bailarino-companhia-abre-inscricoes-para-contratacao-em-ribeirao-preto","status":"publish","type":"post","link":"https:\/\/ismaelcolosi.com.br\/index.php\/2024\/09\/10\/quer-virar-bailarino-companhia-abre-inscricoes-para-contratacao-em-ribeirao-preto\/","title":{"rendered":"Quer virar bailarino? Companhia abre inscri\u00e7\u00f5es para contrata\u00e7\u00e3o em Ribeir\u00e3o Preto"},"content":{"rendered":"<p> <br \/>\n<\/p>\n<div data-td-block-uid=\"tdi_106\">\n<div class=\"tdb-block-inner td-fix-index\">\n<p>A<strong> Cia. Usina da Dan\u00e7a<\/strong> est\u00e1 com oportunidades para quem deseja se tornar<strong> bailarino profissional<\/strong>. A companhia oferece vagas em<strong> Ribeir\u00e3o Preto<\/strong>, com conte\u00fados espec\u00edficos do <strong>Bal\u00e9 Cl\u00e1ssico<\/strong> e da <strong>Dan\u00e7a Contempor\u00e2nea<\/strong>. <strong>Inscri\u00e7\u00f5es<\/strong> devem ser feitas at\u00e9 dia <strong>20 de setembro<\/strong>.<\/p>\n<p>A remunera\u00e7\u00e3o por participa\u00e7\u00e3o no projeto \u00e9 de <strong>R$ 2,5 mil mensais<\/strong>, para <strong>20 horas de aulas semanais<\/strong>. Os bailarinos devem ter idade <strong>acima de 18 anos<\/strong> para participarem e se inscreverem pelo site (<a href=\"https:\/\/www.iorm.org.br\/ciadadanca\/\" target=\"_blank\" rel=\"noreferrer noopener\">clique aqui<\/a>).<\/p>\n<p>A sele\u00e7\u00e3o dos bailarinos \u00e9 divida em <strong>duas etapas<\/strong>, sendo a primeira <strong>uma an\u00e1lise de curr\u00edculo<\/strong> e dos v\u00eddeos enviados pelos candidatos. <\/p>\n<p>O programa ter\u00e1 <strong>386 horas de aulas<\/strong> e contemplar\u00e1 a cria\u00e7\u00e3o e produ\u00e7\u00e3o de c\u00e9lula coreogr\u00e1fica que integrar\u00e1 os espet\u00e1culos anuais.<\/p>\n<p>A <strong>Cia. Usina da Dan\u00e7a<\/strong> tem foco em realizar o aperfei\u00e7oamento de bailarinos que n\u00e3o sejam apenas executores de movimento, mas que se tornem capazes de <strong>criar<\/strong>.<\/p>\n<p>SAIBA MAIS<br \/>Ribeir\u00e3o Preto recebe espet\u00e1culo gratuito inspirado em \u2018Alice no Pa\u00eds das Maravilhas\u2019<\/p>\n<h4 class=\"wp-block-heading\"><strong>FIQUE ON<\/strong><\/h4>\n<p>Fique ligado em tudo que acontece em Ribeir\u00e3o Preto e regi\u00e3o. Siga os perfis do <strong>acidade on <\/strong>no <a href=\"https:\/\/www.instagram.com\/acidadeonribeirao\" target=\"_blank\" rel=\"noreferrer noopener\">Instagram<\/a> e no <a href=\"https:\/\/www.facebook.com\/acidadeonribeirao\" target=\"_blank\" rel=\"noreferrer noopener\">Facebook<\/a>.<\/p>\n<p>Receba not\u00edcias do<strong> acidade on <\/strong>no WhatsApp. Para entrar no grupo, basta <a href=\"https:\/\/chat.whatsapp.com\/Dtv9mxhy6V5BJBotM2OQ5k\" target=\"_blank\" rel=\"noreferrer noopener\">clicar aqui<\/a>.<\/p>\n<p>Fa\u00e7a uma den\u00fancia ou sugira uma reportagem sobre Ribeir\u00e3o Preto e regi\u00e3o pelo WhatsApp: 16 99117 7802.<\/p>\n<p>VEJA TAMB\u00c9M<br \/>Onde assistir ao filme \u2018Uma Longa Jornada\u2019?<\/p>\n<p><!-- CONTENT END 1 -->\n<\/div>\n<\/div>\n<p><script async src=\"\/\/www.instagram.com\/embed.js\"><\/script><br \/>\n<br \/><br \/>\n<br \/><a href=\"https:\/\/www.acidadeon.com\/ribeiraopreto\/lazer-e-cultura\/quer-virar-bailarino-companhia-abre-inscricoes-para-contratacao-em-ribeirao-preto\/\">Source link <\/a><\/p>\n","protected":false},"excerpt":{"rendered":"<p>A Cia. Usina da Dan\u00e7a est\u00e1 com oportunidades para quem deseja se tornar bailarino profissional. A companhia oferece vagas em Ribeir\u00e3o Preto, com conte\u00fados espec\u00edficos&#8230;<\/p>\n","protected":false},"author":1,"featured_media":65030,"comment_status":"open","ping_status":"open","sticky":false,"template":"","format":"standard","meta":{"_uag_custom_page_level_css":"","advanced_seo_description":"","jetpack_seo_html_title":"","jetpack_seo_noindex":false,"jetpack_post_was_ever_published":false,"_jetpack_newsletter_access":"","_jetpack_dont_email_post_to_subs":false,"_jetpack_newsletter_tier_id":0,"_jetpack_memberships_contains_paywalled_content":false,"_jetpack_memberships_contains_paid_content":false,"footnotes":"","jetpack_publicize_message":"","jetpack_publicize_feature_enabled":true,"jetpack_social_post_already_shared":true,"jetpack_social_options":{"image_generator_settings":{"template":"highway","default_image_id":0,"font":"","enabled":false},"version":2}},"categories":[11],"tags":[],"class_list":["post-65029","post","type-post","status-publish","format-standard","has-post-thumbnail","hentry","category-noticias-de-ribeirao-preto-sp-e-regiao-ismael-colosi"],"jetpack_publicize_connections":[],"jetpack_featured_media_url":"https:\/\/i0.wp.com\/ismaelcolosi.com.br\/wp-content\/uploads\/2024\/09\/danca-contemporanea_2024-09-10_15-16-35_jpg_2024-09-10_15-16-35.webp.webp?fit=600%2C419&ssl=1","uagb_featured_image_src":{"full":["https:\/\/i0.wp.com\/ismaelcolosi.com.br\/wp-content\/uploads\/2024\/09\/danca-contemporanea_2024-09-10_15-16-35_jpg_2024-09-10_15-16-35.webp.webp?fit=600%2C419&ssl=1",600,419,false],"thumbnail":["https:\/\/i0.wp.com\/ismaelcolosi.com.br\/wp-content\/uploads\/2024\/09\/danca-contemporanea_2024-09-10_15-16-35_jpg_2024-09-10_15-16-35.webp.webp?resize=150%2C150&ssl=1",150,150,true],"medium":["https:\/\/i0.wp.com\/ismaelcolosi.com.br\/wp-content\/uploads\/2024\/09\/danca-contemporanea_2024-09-10_15-16-35_jpg_2024-09-10_15-16-35.webp.webp?fit=300%2C210&ssl=1",300,210,true],"medium_large":["https:\/\/i0.wp.com\/ismaelcolosi.com.br\/wp-content\/uploads\/2024\/09\/danca-contemporanea_2024-09-10_15-16-35_jpg_2024-09-10_15-16-35.webp.webp?fit=600%2C419&ssl=1",600,419,true],"large":["https:\/\/i0.wp.com\/ismaelcolosi.com.br\/wp-content\/uploads\/2024\/09\/danca-contemporanea_2024-09-10_15-16-35_jpg_2024-09-10_15-16-35.webp.webp?fit=600%2C419&ssl=1",600,419,true],"1536x1536":["https:\/\/i0.wp.com\/ismaelcolosi.com.br\/wp-content\/uploads\/2024\/09\/danca-contemporanea_2024-09-10_15-16-35_jpg_2024-09-10_15-16-35.webp.webp?fit=600%2C419&ssl=1",600,419,true],"2048x2048":["https:\/\/i0.wp.com\/ismaelcolosi.com.br\/wp-content\/uploads\/2024\/09\/danca-contemporanea_2024-09-10_15-16-35_jpg_2024-09-10_15-16-35.webp.webp?fit=600%2C419&ssl=1",600,419,true],"really-simple-thumb":["https:\/\/i0.wp.com\/ismaelcolosi.com.br\/wp-content\/uploads\/2024\/09\/danca-contemporanea_2024-09-10_15-16-35_jpg_2024-09-10_15-16-35.webp.webp?resize=370%2C247&ssl=1",370,247,true]},"uagb_author_info":{"display_name":"ismaelcolosi.com.br","author_link":"https:\/\/ismaelcolosi.com.br\/index.php\/author\/vidareal-online\/"},"uagb_comment_info":0,"uagb_excerpt":"A Cia. Usina da Dan\u00e7a est\u00e1 com oportunidades para quem deseja se tornar bailarino profissional. A companhia oferece vagas em Ribeir\u00e3o Preto, com conte\u00fados espec\u00edficos...","jetpack-related-posts":[{"id":6629,"url":"https:\/\/ismaelcolosi.com.br\/index.php\/2023\/11\/26\/duda-quer-ganhar-o-mundo-com-sua-danca\/","url_meta":{"origin":65029,"position":0},"title":"Duda quer ganhar o mundo com sua dan\u00e7a\u00a0","author":"ismaelcolosi.com.br","date":"26 de November de 2023","format":false,"excerpt":"26 de novembro de 2023 | 11:0025 de novembro de 2023 | 19:27 0Por Fabiano Ribeiro\u00a0S\u00e3o 20 horas semanais de dedica\u00e7\u00e3o \u00e0 dan\u00e7a (Alfredo Risk)Se perguntarmos \u00e0 pequena Maria Eduarda Longo, a Duda, de 10 anos, qual o seu maior sonho, a resposta \u00e9 imediata: \u201cser bailarina profissional\u201d. E esse\u2026","rel":"","context":"In &quot;Not\u00edcias de Ribeir\u00e3o Preto-SP e Regi\u00e3o&quot;","block_context":{"text":"Not\u00edcias de Ribeir\u00e3o Preto-SP e Regi\u00e3o","link":"https:\/\/ismaelcolosi.com.br\/index.php\/category\/noticias-de-ribeirao-preto-sp-e-regiao-ismael-colosi\/"},"img":{"alt_text":"","src":"https:\/\/i0.wp.com\/ismaelcolosi.com.br\/wp-content\/uploads\/2023\/11\/duda-scaled.jpg?fit=1200%2C800&ssl=1&resize=350%2C200","width":350,"height":200,"srcset":"https:\/\/i0.wp.com\/ismaelcolosi.com.br\/wp-content\/uploads\/2023\/11\/duda-scaled.jpg?fit=1200%2C800&ssl=1&resize=350%2C200 1x, https:\/\/i0.wp.com\/ismaelcolosi.com.br\/wp-content\/uploads\/2023\/11\/duda-scaled.jpg?fit=1200%2C800&ssl=1&resize=525%2C300 1.5x, https:\/\/i0.wp.com\/ismaelcolosi.com.br\/wp-content\/uploads\/2023\/11\/duda-scaled.jpg?fit=1200%2C800&ssl=1&resize=700%2C400 2x, https:\/\/i0.wp.com\/ismaelcolosi.com.br\/wp-content\/uploads\/2023\/11\/duda-scaled.jpg?fit=1200%2C800&ssl=1&resize=1050%2C600 3x"},"classes":[]},{"id":81956,"url":"https:\/\/ismaelcolosi.com.br\/index.php\/2025\/01\/21\/a-academia-livre-de-musica-e-arte-alma-esta-com-inscricoes-para-cursos-nas-areas-de-musica-e-danca-veja-como-participar\/","url_meta":{"origin":65029,"position":1},"title":"A Academia Livre de M\u00fasica e Arte (ALMA) est\u00e1 com inscri\u00e7\u00f5es para cursos nas \u00e1reas de m\u00fasica e dan\u00e7a; Veja como participar","author":"Arthur Tijolo","date":"21 de January de 2025","format":false,"excerpt":"Est\u00e3o abertas as inscri\u00e7\u00f5es para\u00a0sele\u00e7\u00e3o de novos alunos\u00a0para os\u00a0cursos gratuitos\u00a0nas \u00e1reas de\u00a0m\u00fasica\u00a0e\u00a0dan\u00e7a\u00a0da\u00a0Alma (Academia Livre de M\u00fasica e Artes) de Ribeir\u00e3o Preto. As inscri\u00e7\u00f5es devem ser feitas\u00a0at\u00e9 o dia 31 de janeiro\u00a0pelo site da\u00a0institui\u00e7\u00e3o (clique aqui). Conforme a modalidade escolhida, a\u00a0audi\u00e7\u00e3o\u00a0pode ser\u00a0presencial\u00a0ou\u00a0on-line. Confira: Cursos oferecidos M\u00fasica Para quem pretende\u00a0estudar m\u00fasica, h\u00e1\u2026","rel":"","context":"In &quot;Cursos Gratuitos e Bolsas de Estudos&quot;","block_context":{"text":"Cursos Gratuitos e Bolsas de Estudos","link":"https:\/\/ismaelcolosi.com.br\/index.php\/category\/cursos-gratuitos-e-bolsas-de-estudos-ribeirao-preto\/"},"img":{"alt_text":"","src":"https:\/\/i0.wp.com\/ismaelcolosi.com.br\/wp-content\/uploads\/2025\/01\/789171cb-be15-44cb-a112-71e38b87b85e.png?fit=600%2C400&ssl=1&resize=350%2C200","width":350,"height":200,"srcset":"https:\/\/i0.wp.com\/ismaelcolosi.com.br\/wp-content\/uploads\/2025\/01\/789171cb-be15-44cb-a112-71e38b87b85e.png?fit=600%2C400&ssl=1&resize=350%2C200 1x, https:\/\/i0.wp.com\/ismaelcolosi.com.br\/wp-content\/uploads\/2025\/01\/789171cb-be15-44cb-a112-71e38b87b85e.png?fit=600%2C400&ssl=1&resize=525%2C300 1.5x"},"classes":[]},{"id":30117,"url":"https:\/\/ismaelcolosi.com.br\/index.php\/2024\/01\/20\/banda-da-regiao-de-ribeirao-abre-inscricoes-para-aulas-de-instrumentos\/","url_meta":{"origin":65029,"position":2},"title":"Banda da regi\u00e3o de Ribeir\u00e3o abre inscri\u00e7\u00f5es para aulas de instrumentos","author":"ismaelcolosi.com.br","date":"20 de January de 2024","format":false,"excerpt":"A Banda Marcial da Juventude de Sert\u00e3ozinho vai abrir inscri\u00e7\u00f5es, a partir da segunda-feira (22), para aulas de percuss\u00e3o sinf\u00f4nica, canto coral, dan\u00e7a e instrumentos de sopro (trompete, trombone, tuba, trompa e trombone). A banda oferece aulas de instrumentos musicais, canto coral e dan\u00e7a para pessoas a partir de 10\u2026","rel":"","context":"In &quot;Not\u00edcias de Ribeir\u00e3o Preto-SP e Regi\u00e3o&quot;","block_context":{"text":"Not\u00edcias de Ribeir\u00e3o Preto-SP e Regi\u00e3o","link":"https:\/\/ismaelcolosi.com.br\/index.php\/category\/noticias-de-ribeirao-preto-sp-e-regiao-ismael-colosi\/"},"img":{"alt_text":"","src":"https:\/\/i0.wp.com\/ismaelcolosi.com.br\/wp-content\/uploads\/2024\/01\/thumbnail_IMG_1471.jpg?fit=1200%2C800&ssl=1&resize=350%2C200","width":350,"height":200,"srcset":"https:\/\/i0.wp.com\/ismaelcolosi.com.br\/wp-content\/uploads\/2024\/01\/thumbnail_IMG_1471.jpg?fit=1200%2C800&ssl=1&resize=350%2C200 1x, https:\/\/i0.wp.com\/ismaelcolosi.com.br\/wp-content\/uploads\/2024\/01\/thumbnail_IMG_1471.jpg?fit=1200%2C800&ssl=1&resize=525%2C300 1.5x, https:\/\/i0.wp.com\/ismaelcolosi.com.br\/wp-content\/uploads\/2024\/01\/thumbnail_IMG_1471.jpg?fit=1200%2C800&ssl=1&resize=700%2C400 2x, https:\/\/i0.wp.com\/ismaelcolosi.com.br\/wp-content\/uploads\/2024\/01\/thumbnail_IMG_1471.jpg?fit=1200%2C800&ssl=1&resize=1050%2C600 3x"},"classes":[]},{"id":31962,"url":"https:\/\/ismaelcolosi.com.br\/index.php\/2024\/01\/23\/alma-abre-inscricoes-para-cursos-livres\/","url_meta":{"origin":65029,"position":3},"title":"Alma abre inscri\u00e7\u00f5es para \u2018cursos livres\u2019\u00a0","author":"ismaelcolosi.com.br","date":"23 de January de 2024","format":false,"excerpt":"Est\u00e1 aberto o per\u00edodo de inscri\u00e7\u00f5es para os cursos da Academia Livre de M\u00fasica e Artes de Ribeir\u00e3o Preto (Alma). Para o primeiro semestre do ano, a escola tem vagas para teatro, m\u00fasica, bal\u00e9 e dan\u00e7a inclusiva. As inscri\u00e7\u00f5es s\u00e3o gratuitas e feitas diretamente no site da institui\u00e7\u00e3o: www.almarp.com.br.Artes C\u00eanicas\u2026","rel":"","context":"In &quot;Not\u00edcias de Ribeir\u00e3o Preto-SP e Regi\u00e3o&quot;","block_context":{"text":"Not\u00edcias de Ribeir\u00e3o Preto-SP e Regi\u00e3o","link":"https:\/\/ismaelcolosi.com.br\/index.php\/category\/noticias-de-ribeirao-preto-sp-e-regiao-ismael-colosi\/"},"img":{"alt_text":"","src":"https:\/\/i0.wp.com\/ismaelcolosi.com.br\/wp-content\/uploads\/2024\/01\/Alma-Bat-Fabio-Melo-scaled.jpg?fit=967%2C645&ssl=1&resize=350%2C200","width":350,"height":200,"srcset":"https:\/\/i0.wp.com\/ismaelcolosi.com.br\/wp-content\/uploads\/2024\/01\/Alma-Bat-Fabio-Melo-scaled.jpg?fit=967%2C645&ssl=1&resize=350%2C200 1x, https:\/\/i0.wp.com\/ismaelcolosi.com.br\/wp-content\/uploads\/2024\/01\/Alma-Bat-Fabio-Melo-scaled.jpg?fit=967%2C645&ssl=1&resize=525%2C300 1.5x, https:\/\/i0.wp.com\/ismaelcolosi.com.br\/wp-content\/uploads\/2024\/01\/Alma-Bat-Fabio-Melo-scaled.jpg?fit=967%2C645&ssl=1&resize=700%2C400 2x"},"classes":[]},{"id":25928,"url":"https:\/\/ismaelcolosi.com.br\/index.php\/2024\/01\/08\/projeto-oferece-aulas-gratuitas-de-ballet-para-criancas-de-ribeirao-veja-como-participar\/","url_meta":{"origin":65029,"position":4},"title":"Projeto oferece aulas gratuitas de ballet para crian\u00e7as de Ribeir\u00e3o; Veja como participar","author":"ismaelcolosi.com.br","date":"8 de January de 2024","format":false,"excerpt":"A Secretaria da Cultura e Turismo de Ribeir\u00e3o Preto informou, nesta segunda-feira (8), que est\u00e3o abertas as inscri\u00e7\u00f5es para as aulas do Projeto Educa Ballet. De acordo com a pasta, meninas e meninos de 5 a 12 anos podem se inscrever para participar das aulas gratuitas de ballet. As matr\u00edculas\u2026","rel":"","context":"In &quot;Not\u00edcias de Ribeir\u00e3o Preto-SP e Regi\u00e3o&quot;","block_context":{"text":"Not\u00edcias de Ribeir\u00e3o Preto-SP e Regi\u00e3o","link":"https:\/\/ismaelcolosi.com.br\/index.php\/category\/noticias-de-ribeirao-preto-sp-e-regiao-ismael-colosi\/"},"img":{"alt_text":"","src":"https:\/\/i0.wp.com\/ismaelcolosi.com.br\/wp-content\/uploads\/2024\/01\/1704751903_educa_ballet_0901_capa.png?fit=1000%2C666&ssl=1&resize=350%2C200","width":350,"height":200,"srcset":"https:\/\/i0.wp.com\/ismaelcolosi.com.br\/wp-content\/uploads\/2024\/01\/1704751903_educa_ballet_0901_capa.png?fit=1000%2C666&ssl=1&resize=350%2C200 1x, https:\/\/i0.wp.com\/ismaelcolosi.com.br\/wp-content\/uploads\/2024\/01\/1704751903_educa_ballet_0901_capa.png?fit=1000%2C666&ssl=1&resize=525%2C300 1.5x, https:\/\/i0.wp.com\/ismaelcolosi.com.br\/wp-content\/uploads\/2024\/01\/1704751903_educa_ballet_0901_capa.png?fit=1000%2C666&ssl=1&resize=700%2C400 2x"},"classes":[]},{"id":28336,"url":"https:\/\/ismaelcolosi.com.br\/index.php\/2024\/01\/15\/ribeirao-preto-tem-inscricoes-para-cursos-gratuitos-de-musica-danca-e-teatro\/","url_meta":{"origin":65029,"position":5},"title":"Ribeir\u00e3o Preto tem inscri\u00e7\u00f5es para cursos gratuitos de m\u00fasica, dan\u00e7a e teatro","author":"ismaelcolosi.com.br","date":"15 de January de 2024","format":false,"excerpt":"A Alma (Academia Livre de M\u00fasica e Artes) de Ribeir\u00e3o Preto abriu nesta segunda-feira (18) as inscri\u00e7\u00f5es para cursos gratuitos de dan\u00e7a, m\u00fasica e teatro. As inscri\u00e7\u00f5es podem ser realizadas at\u00e9 o dia 2 de fevereiro pelo site (clique aqui). O processo de audi\u00e7\u00e3o do curso varia conforme a modalidade\u2026","rel":"","context":"In &quot;Not\u00edcias de Ribeir\u00e3o Preto-SP e Regi\u00e3o&quot;","block_context":{"text":"Not\u00edcias de Ribeir\u00e3o Preto-SP e Regi\u00e3o","link":"https:\/\/ismaelcolosi.com.br\/index.php\/category\/noticias-de-ribeirao-preto-sp-e-regiao-ismael-colosi\/"},"img":{"alt_text":"","src":"https:\/\/i0.wp.com\/ismaelcolosi.com.br\/wp-content\/uploads\/2024\/01\/foto_foto-20200511171145img-8965.jpg?fit=900%2C600&ssl=1&resize=350%2C200","width":350,"height":200,"srcset":"https:\/\/i0.wp.com\/ismaelcolosi.com.br\/wp-content\/uploads\/2024\/01\/foto_foto-20200511171145img-8965.jpg?fit=900%2C600&ssl=1&resize=350%2C200 1x, https:\/\/i0.wp.com\/ismaelcolosi.com.br\/wp-content\/uploads\/2024\/01\/foto_foto-20200511171145img-8965.jpg?fit=900%2C600&ssl=1&resize=525%2C300 1.5x, https:\/\/i0.wp.com\/ismaelcolosi.com.br\/wp-content\/uploads\/2024\/01\/foto_foto-20200511171145img-8965.jpg?fit=900%2C600&ssl=1&resize=700%2C400 2x"},"classes":[]}],"jetpack_sharing_enabled":true,"jetpack_shortlink":"https:\/\/wp.me\/pfMlyK-gUR","_links":{"self":[{"href":"https:\/\/ismaelcolosi.com.br\/index.php\/wp-json\/wp\/v2\/posts\/65029","targetHints":{"allow":["GET"]}}],"collection":[{"href":"https:\/\/ismaelcolosi.com.br\/index.php\/wp-json\/wp\/v2\/posts"}],"about":[{"href":"https:\/\/ismaelcolosi.com.br\/index.php\/wp-json\/wp\/v2\/types\/post"}],"author":[{"embeddable":true,"href":"https:\/\/ismaelcolosi.com.br\/index.php\/wp-json\/wp\/v2\/users\/1"}],"replies":[{"embeddable":true,"href":"https:\/\/ismaelcolosi.com.br\/index.php\/wp-json\/wp\/v2\/comments?post=65029"}],"version-history":[{"count":0,"href":"https:\/\/ismaelcolosi.com.br\/index.php\/wp-json\/wp\/v2\/posts\/65029\/revisions"}],"wp:featuredmedia":[{"embeddable":true,"href":"https:\/\/ismaelcolosi.com.br\/index.php\/wp-json\/wp\/v2\/media\/65030"}],"wp:attachment":[{"href":"https:\/\/ismaelcolosi.com.br\/index.php\/wp-json\/wp\/v2\/media?parent=65029"}],"wp:term":[{"taxonomy":"category","embeddable":true,"href":"https:\/\/ismaelcolosi.com.br\/index.php\/wp-json\/wp\/v2\/categories?post=65029"},{"taxonomy":"post_tag","embeddable":true,"href":"https:\/\/ismaelcolosi.com.br\/index.php\/wp-json\/wp\/v2\/tags?post=65029"}],"curies":[{"name":"wp","href":"https:\/\/api.w.org\/{rel}","templated":true}]}}