{"id":65012,"date":"2024-09-10T12:37:49","date_gmt":"2024-09-10T15:37:49","guid":{"rendered":"https:\/\/ismaelcolosi.com.br\/index.php\/2024\/09\/10\/homem-e-preso-durante-operacao-da-pf-de-ribeirao-contra-abuso-sexual-infantil\/"},"modified":"2024-09-10T12:37:49","modified_gmt":"2024-09-10T15:37:49","slug":"homem-e-preso-durante-operacao-da-pf-de-ribeirao-contra-abuso-sexual-infantil","status":"publish","type":"post","link":"https:\/\/ismaelcolosi.com.br\/index.php\/2024\/09\/10\/homem-e-preso-durante-operacao-da-pf-de-ribeirao-contra-abuso-sexual-infantil\/","title":{"rendered":"Homem \u00e9 preso durante opera\u00e7\u00e3o da PF de Ribeir\u00e3o contra abuso sexual infantil"},"content":{"rendered":"<p> <br \/>\n<\/p>\n<div data-td-block-uid=\"tdi_106\">\n<div class=\"tdb-block-inner td-fix-index\">\n<p><strong>Na manh\u00e3 desta ter\u00e7a-feira (10)<\/strong>, a Pol\u00edcia Federal de <strong>Ribeir\u00e3o Preto <\/strong><mark style=\"background-color:#fcb900\" class=\"has-inline-color\">prendeu um homem <\/mark>durante <strong>mais uma fase da Opera\u00e7\u00e3o Leafdown<\/strong>, que tem como objetivo <strong>desarticular <\/strong>um grupo criminoso voltado \u00e0 <strong><mark style=\"background-color:#fcb900\" class=\"has-inline-color\">dissemina\u00e7\u00e3o de arquivos de viol\u00eancia sexual contra crian\u00e7as e adolescentes na internet.<\/mark><\/strong><\/p>\n<p>O suspeito <strong>foi preso em flagrante pelo armazenamento de arquivos de abuso sexual infantil<\/strong>, previstos no Estatuto da Crian\u00e7a e do Adolescente. Ele foi levado para a Delegacia da PF em Ribeir\u00e3o e autuado. <mark style=\"background-color:#fcb900\" class=\"has-inline-color\">Esse crime tem pena m\u00e1xima de quatro anos de pris\u00e3o.<\/mark><\/p>\n<p>A Opera\u00e7\u00e3o cumpriu, no final de julho, <strong>mais de 40 mandados de busca<\/strong> <strong>e apreens\u00e3o <\/strong>nas cinco regi\u00f5es do pa\u00eds, <strong>com mais de 20 pris\u00f5es<\/strong>. As investiga\u00e7\u00f5es seguem\u00a0em\u00a0andamento.<\/p>\n<p>SAIBA MAIS<br \/>Apostadores do interior de SP dividem pr\u00eamio milion\u00e1rio na Lotof\u00e1cil; Veja os n\u00fameros<\/p>\n<h4 class=\"wp-block-heading\"><strong>FIQUE ON<\/strong><\/h4>\n<p>Fique ligado em tudo que acontece em Ribeir\u00e3o Preto e regi\u00e3o. Siga os perfis do <strong>acidade on <\/strong>no <a href=\"https:\/\/www.instagram.com\/acidadeonribeirao\" target=\"_blank\" rel=\"noreferrer noopener\">Instagram<\/a> e no <a href=\"https:\/\/www.facebook.com\/acidadeonribeirao\" target=\"_blank\" rel=\"noreferrer noopener\">Facebook<\/a>.<\/p>\n<p>Receba not\u00edcias do acidade on no WhatsApp. Para entrar no grupo, basta <a href=\"https:\/\/chat.whatsapp.com\/Dtv9mxhy6V5BJBotM2OQ5k\" target=\"_blank\" rel=\"noreferrer noopener\">clicar aqui<\/a>.<\/p>\n<p>Fa\u00e7a uma den\u00fancia ou sugira uma reportagem sobre Ribeir\u00e3o Preto e regi\u00e3o pelo WhatsApp: 16 99117 7802.<\/p>\n<p>VEJA TAMB\u00c9M<br \/>Cristina mata Ivan em \u2018Alma G\u00eamea\u2019?<\/p>\n<p><!-- CONTENT END 1 -->\n<\/div>\n<\/div>\n<p><script async src=\"\/\/www.instagram.com\/embed.js\"><\/script><br \/>\n<br \/><br \/>\n<br \/><a href=\"https:\/\/www.acidadeon.com\/ribeiraopreto\/cotidiano\/homem-e-preso-durante-operacao-da-pf-de-ribeirao-contra-abuso-sexual-infantil\/\">Source link <\/a><\/p>\n","protected":false},"excerpt":{"rendered":"<p>Na manh\u00e3 desta ter\u00e7a-feira (10), a Pol\u00edcia Federal de Ribeir\u00e3o Preto prendeu um homem durante mais uma fase da Opera\u00e7\u00e3o Leafdown, que tem como objetivo&#8230;<\/p>\n","protected":false},"author":1,"featured_media":65013,"comment_status":"open","ping_status":"open","sticky":false,"template":"","format":"standard","meta":{"_uag_custom_page_level_css":"","advanced_seo_description":"","jetpack_seo_html_title":"","jetpack_seo_noindex":false,"jetpack_post_was_ever_published":false,"_jetpack_newsletter_access":"","_jetpack_dont_email_post_to_subs":false,"_jetpack_newsletter_tier_id":0,"_jetpack_memberships_contains_paywalled_content":false,"_jetpack_memberships_contains_paid_content":false,"footnotes":"","jetpack_publicize_message":"","jetpack_publicize_feature_enabled":true,"jetpack_social_post_already_shared":true,"jetpack_social_options":{"image_generator_settings":{"template":"highway","default_image_id":0,"font":"","enabled":false},"version":2}},"categories":[11],"tags":[],"class_list":["post-65012","post","type-post","status-publish","format-standard","has-post-thumbnail","hentry","category-noticias-de-ribeirao-preto-sp-e-regiao-ismael-colosi"],"jetpack_publicize_connections":[],"jetpack_featured_media_url":"https:\/\/i0.wp.com\/ismaelcolosi.com.br\/wp-content\/uploads\/2024\/09\/Copia-de-Copia-de-Copia-de-TAMANHO-EXATO-PARA-FOTOS-NO-SISTEMA-NOVO-10_2024-09-10_15-21-32_png_2024-09-10_15-21-32.webp.webp?fit=1200%2C675&ssl=1","uagb_featured_image_src":{"full":["https:\/\/i0.wp.com\/ismaelcolosi.com.br\/wp-content\/uploads\/2024\/09\/Copia-de-Copia-de-Copia-de-TAMANHO-EXATO-PARA-FOTOS-NO-SISTEMA-NOVO-10_2024-09-10_15-21-32_png_2024-09-10_15-21-32.webp.webp?fit=1200%2C675&ssl=1",1200,675,false],"thumbnail":["https:\/\/i0.wp.com\/ismaelcolosi.com.br\/wp-content\/uploads\/2024\/09\/Copia-de-Copia-de-Copia-de-TAMANHO-EXATO-PARA-FOTOS-NO-SISTEMA-NOVO-10_2024-09-10_15-21-32_png_2024-09-10_15-21-32.webp.webp?resize=150%2C150&ssl=1",150,150,true],"medium":["https:\/\/i0.wp.com\/ismaelcolosi.com.br\/wp-content\/uploads\/2024\/09\/Copia-de-Copia-de-Copia-de-TAMANHO-EXATO-PARA-FOTOS-NO-SISTEMA-NOVO-10_2024-09-10_15-21-32_png_2024-09-10_15-21-32.webp.webp?fit=300%2C169&ssl=1",300,169,true],"medium_large":["https:\/\/i0.wp.com\/ismaelcolosi.com.br\/wp-content\/uploads\/2024\/09\/Copia-de-Copia-de-Copia-de-TAMANHO-EXATO-PARA-FOTOS-NO-SISTEMA-NOVO-10_2024-09-10_15-21-32_png_2024-09-10_15-21-32.webp.webp?fit=768%2C432&ssl=1",768,432,true],"large":["https:\/\/i0.wp.com\/ismaelcolosi.com.br\/wp-content\/uploads\/2024\/09\/Copia-de-Copia-de-Copia-de-TAMANHO-EXATO-PARA-FOTOS-NO-SISTEMA-NOVO-10_2024-09-10_15-21-32_png_2024-09-10_15-21-32.webp.webp?fit=1024%2C576&ssl=1",1024,576,true],"1536x1536":["https:\/\/i0.wp.com\/ismaelcolosi.com.br\/wp-content\/uploads\/2024\/09\/Copia-de-Copia-de-Copia-de-TAMANHO-EXATO-PARA-FOTOS-NO-SISTEMA-NOVO-10_2024-09-10_15-21-32_png_2024-09-10_15-21-32.webp.webp?fit=1200%2C675&ssl=1",1200,675,true],"2048x2048":["https:\/\/i0.wp.com\/ismaelcolosi.com.br\/wp-content\/uploads\/2024\/09\/Copia-de-Copia-de-Copia-de-TAMANHO-EXATO-PARA-FOTOS-NO-SISTEMA-NOVO-10_2024-09-10_15-21-32_png_2024-09-10_15-21-32.webp.webp?fit=1200%2C675&ssl=1",1200,675,true],"really-simple-thumb":["https:\/\/i0.wp.com\/ismaelcolosi.com.br\/wp-content\/uploads\/2024\/09\/Copia-de-Copia-de-Copia-de-TAMANHO-EXATO-PARA-FOTOS-NO-SISTEMA-NOVO-10_2024-09-10_15-21-32_png_2024-09-10_15-21-32.webp.webp?resize=370%2C247&ssl=1",370,247,true]},"uagb_author_info":{"display_name":"ismaelcolosi.com.br","author_link":"https:\/\/ismaelcolosi.com.br\/index.php\/author\/vidareal-online\/"},"uagb_comment_info":0,"uagb_excerpt":"Na manh\u00e3 desta ter\u00e7a-feira (10), a Pol\u00edcia Federal de Ribeir\u00e3o Preto prendeu um homem durante mais uma fase da Opera\u00e7\u00e3o Leafdown, que tem como objetivo...","jetpack-related-posts":[{"id":58351,"url":"https:\/\/ismaelcolosi.com.br\/index.php\/2024\/07\/30\/pf-prende-suspeito-em-ribeirao-preto-durante-operacao-nacional-contra-abuso-sexual-infantil\/","url_meta":{"origin":65012,"position":0},"title":"PF prende suspeito em Ribeir\u00e3o Preto durante opera\u00e7\u00e3o nacional contra abuso sexual infantil","author":"ismaelcolosi.com.br","date":"30 de July de 2024","format":false,"excerpt":"A PF (Pol\u00edcia Federal) prendeu um suspeito em Ribeir\u00e3o Preto durante a opera\u00e7\u00e3o Leafdown, deflagrada nesta nesta ter\u00e7a-feira (30) para combater crimes de armazenamento e difus\u00e3o de material de abuso sexual infantil. Segundo a PF, em Ribeir\u00e3o foi cumprido um mandado de busca e apreens\u00e3o, com a pris\u00e3o de uma\u2026","rel":"","context":"In &quot;Not\u00edcias de Ribeir\u00e3o Preto-SP e Regi\u00e3o&quot;","block_context":{"text":"Not\u00edcias de Ribeir\u00e3o Preto-SP e Regi\u00e3o","link":"https:\/\/ismaelcolosi.com.br\/index.php\/category\/noticias-de-ribeirao-preto-sp-e-regiao-ismael-colosi\/"},"img":{"alt_text":"","src":"https:\/\/i0.wp.com\/ismaelcolosi.com.br\/wp-content\/uploads\/2024\/07\/POLICIA-FEDERAL_2024-07-30_15-02-06_jpg_2024-07-30_15-02-06.webp.webp?fit=1200%2C958&ssl=1&resize=350%2C200","width":350,"height":200,"srcset":"https:\/\/i0.wp.com\/ismaelcolosi.com.br\/wp-content\/uploads\/2024\/07\/POLICIA-FEDERAL_2024-07-30_15-02-06_jpg_2024-07-30_15-02-06.webp.webp?fit=1200%2C958&ssl=1&resize=350%2C200 1x, https:\/\/i0.wp.com\/ismaelcolosi.com.br\/wp-content\/uploads\/2024\/07\/POLICIA-FEDERAL_2024-07-30_15-02-06_jpg_2024-07-30_15-02-06.webp.webp?fit=1200%2C958&ssl=1&resize=525%2C300 1.5x, https:\/\/i0.wp.com\/ismaelcolosi.com.br\/wp-content\/uploads\/2024\/07\/POLICIA-FEDERAL_2024-07-30_15-02-06_jpg_2024-07-30_15-02-06.webp.webp?fit=1200%2C958&ssl=1&resize=700%2C400 2x, https:\/\/i0.wp.com\/ismaelcolosi.com.br\/wp-content\/uploads\/2024\/07\/POLICIA-FEDERAL_2024-07-30_15-02-06_jpg_2024-07-30_15-02-06.webp.webp?fit=1200%2C958&ssl=1&resize=1050%2C600 3x"},"classes":[]},{"id":42498,"url":"https:\/\/ismaelcolosi.com.br\/index.php\/2024\/03\/14\/pf-prende-homem-por-pornografia-infantojuvenil-em-rp\/","url_meta":{"origin":65012,"position":1},"title":"PF prende homem por pornografia infantojuvenil em RP","author":"ismaelcolosi.com.br","date":"14 de March de 2024","format":false,"excerpt":"Opera\u00e7\u00e3o \u00c9lpis, em sua oitava fase, localizou grande quantidade de arquivos com fotos e v\u00eddeos contendo cenas de explora\u00e7\u00e3o sexual infantil 14 de mar\u00e7o de 2024 | 16:10 2Por: Adalberto LuqueUm homem foi preso pela Pol\u00edcia Federal em Ribeir\u00e3o Preto, no \u00e2mbito da Opera\u00e7\u00e3o \u00c9lpis. A pris\u00e3o ocorreu nesta quinta-feira\u2026","rel":"","context":"In &quot;Not\u00edcias de Ribeir\u00e3o Preto-SP e Regi\u00e3o&quot;","block_context":{"text":"Not\u00edcias de Ribeir\u00e3o Preto-SP e Regi\u00e3o","link":"https:\/\/ismaelcolosi.com.br\/index.php\/category\/noticias-de-ribeirao-preto-sp-e-regiao-ismael-colosi\/"},"img":{"alt_text":"","src":"https:\/\/i0.wp.com\/ismaelcolosi.com.br\/wp-content\/uploads\/2024\/03\/00-22-jun-2023-operacao-dark-anime-02-foto-pf-scaled.jpg?fit=587%2C645&ssl=1&resize=350%2C200","width":350,"height":200,"srcset":"https:\/\/i0.wp.com\/ismaelcolosi.com.br\/wp-content\/uploads\/2024\/03\/00-22-jun-2023-operacao-dark-anime-02-foto-pf-scaled.jpg?fit=587%2C645&ssl=1&resize=350%2C200 1x, https:\/\/i0.wp.com\/ismaelcolosi.com.br\/wp-content\/uploads\/2024\/03\/00-22-jun-2023-operacao-dark-anime-02-foto-pf-scaled.jpg?fit=587%2C645&ssl=1&resize=525%2C300 1.5x"},"classes":[]},{"id":42480,"url":"https:\/\/ismaelcolosi.com.br\/index.php\/2024\/03\/14\/pf-prende-acusado-com-imagens-de-abuso-sexual-infantil-em-ribeirao\/","url_meta":{"origin":65012,"position":2},"title":"PF prende acusado com imagens de abuso sexual infantil em Ribeir\u00e3o","author":"ismaelcolosi.com.br","date":"14 de March de 2024","format":false,"excerpt":"A Pol\u00edcia Federal (PF) de Ribeir\u00e3o Preto cumpriu, nesta quinta-feira (14), um mandado de busca e apreens\u00e3o pela 8\u00aa fase da Opera\u00e7\u00e3o \u00c9lpis, que busca combater o compartilhamento e a posse de imagens e v\u00eddeos com conte\u00fado de abuso sexual infantojuvenil na cidade. De acordo com a PF, os policiais\u2026","rel":"","context":"In &quot;Not\u00edcias de Ribeir\u00e3o Preto-SP e Regi\u00e3o&quot;","block_context":{"text":"Not\u00edcias de Ribeir\u00e3o Preto-SP e Regi\u00e3o","link":"https:\/\/ismaelcolosi.com.br\/index.php\/category\/noticias-de-ribeirao-preto-sp-e-regiao-ismael-colosi\/"},"img":{"alt_text":"","src":"https:\/\/i0.wp.com\/ismaelcolosi.com.br\/wp-content\/uploads\/2024\/03\/operacao_da_1024x576_29072020084415.jpg?fit=1024%2C576&ssl=1&resize=350%2C200","width":350,"height":200,"srcset":"https:\/\/i0.wp.com\/ismaelcolosi.com.br\/wp-content\/uploads\/2024\/03\/operacao_da_1024x576_29072020084415.jpg?fit=1024%2C576&ssl=1&resize=350%2C200 1x, https:\/\/i0.wp.com\/ismaelcolosi.com.br\/wp-content\/uploads\/2024\/03\/operacao_da_1024x576_29072020084415.jpg?fit=1024%2C576&ssl=1&resize=525%2C300 1.5x, https:\/\/i0.wp.com\/ismaelcolosi.com.br\/wp-content\/uploads\/2024\/03\/operacao_da_1024x576_29072020084415.jpg?fit=1024%2C576&ssl=1&resize=700%2C400 2x"},"classes":[]},{"id":37468,"url":"https:\/\/ismaelcolosi.com.br\/index.php\/2024\/02\/16\/pf-prende-homem-por-abuso-e-exploracao-sexual-na-regiao-de-ribeirao\/","url_meta":{"origin":65012,"position":3},"title":"PF prende homem por abuso e explora\u00e7\u00e3o sexual na regi\u00e3o de Ribeir\u00e3o","author":"ismaelcolosi.com.br","date":"16 de February de 2024","format":false,"excerpt":"Um homem foi preso na manh\u00e3 desta sexta-feira (16) durante a 12\u00aa fase da Opera\u00e7\u00e3o \u201cCassiel\u201d, que tem como objetivo combater crimes envolvendo abuso e explora\u00e7\u00e3o sexual infantojuvenil pela internet, realizada em Monte Azul Paulista, cerca de 100 quil\u00f4metros de Ribeir\u00e3o Preto. A pris\u00e3o aconteceu durante cumprimento de mandado de\u2026","rel":"","context":"In &quot;Not\u00edcias de Ribeir\u00e3o Preto-SP e Regi\u00e3o&quot;","block_context":{"text":"Not\u00edcias de Ribeir\u00e3o Preto-SP e Regi\u00e3o","link":"https:\/\/ismaelcolosi.com.br\/index.php\/category\/noticias-de-ribeirao-preto-sp-e-regiao-ismael-colosi\/"},"img":{"alt_text":"","src":"https:\/\/i0.wp.com\/ismaelcolosi.com.br\/wp-content\/uploads\/2024\/02\/a6a67fee-32ed-4672-9fa1-0749b8f5eca8.jpg?fit=675%2C1200&ssl=1&resize=350%2C200","width":350,"height":200,"srcset":"https:\/\/i0.wp.com\/ismaelcolosi.com.br\/wp-content\/uploads\/2024\/02\/a6a67fee-32ed-4672-9fa1-0749b8f5eca8.jpg?fit=675%2C1200&ssl=1&resize=350%2C200 1x, https:\/\/i0.wp.com\/ismaelcolosi.com.br\/wp-content\/uploads\/2024\/02\/a6a67fee-32ed-4672-9fa1-0749b8f5eca8.jpg?fit=675%2C1200&ssl=1&resize=525%2C300 1.5x"},"classes":[]},{"id":48087,"url":"https:\/\/ismaelcolosi.com.br\/index.php\/2024\/04\/30\/pf-de-ribeirao-cumpre-mandados-na-regiao-contra-crime-de-abuso-sexual-infantojuvenil\/","url_meta":{"origin":65012,"position":4},"title":"PF de Ribeir\u00e3o cumpre mandados na regi\u00e3o contra crime de abuso sexual infantojuvenil","author":"ismaelcolosi.com.br","date":"30 de April de 2024","format":false,"excerpt":"A Pol\u00edcia Federal de Ribeir\u00e3o Preto cumpriu dois mandados de busca e apreens\u00e3o na casa de um homem investigado de praticar crime de abuso sexual infantojuvenil em Bebedouro. A a\u00e7\u00e3o aconteceu na manh\u00e3 desta ter\u00e7a-feira (30). Segundo a PF, os cumprimentos dos mandados ocorreu durante a Opera\u00e7\u00e3o \u201cHorus\u201d, que investiga\u2026","rel":"","context":"In &quot;Not\u00edcias de Ribeir\u00e3o Preto-SP e Regi\u00e3o&quot;","block_context":{"text":"Not\u00edcias de Ribeir\u00e3o Preto-SP e Regi\u00e3o","link":"https:\/\/ismaelcolosi.com.br\/index.php\/category\/noticias-de-ribeirao-preto-sp-e-regiao-ismael-colosi\/"},"img":{"alt_text":"","src":"https:\/\/i0.wp.com\/ismaelcolosi.com.br\/wp-content\/uploads\/2024\/04\/Copia-de-Copia-de-TAMANHO-EXATO-PARA-FOTOS-NO-SISTEMA-NOVO-3-2_2024-04-30_18-58-07_png.webp.webp?fit=1200%2C675&ssl=1&resize=350%2C200","width":350,"height":200,"srcset":"https:\/\/i0.wp.com\/ismaelcolosi.com.br\/wp-content\/uploads\/2024\/04\/Copia-de-Copia-de-TAMANHO-EXATO-PARA-FOTOS-NO-SISTEMA-NOVO-3-2_2024-04-30_18-58-07_png.webp.webp?fit=1200%2C675&ssl=1&resize=350%2C200 1x, https:\/\/i0.wp.com\/ismaelcolosi.com.br\/wp-content\/uploads\/2024\/04\/Copia-de-Copia-de-TAMANHO-EXATO-PARA-FOTOS-NO-SISTEMA-NOVO-3-2_2024-04-30_18-58-07_png.webp.webp?fit=1200%2C675&ssl=1&resize=525%2C300 1.5x, https:\/\/i0.wp.com\/ismaelcolosi.com.br\/wp-content\/uploads\/2024\/04\/Copia-de-Copia-de-TAMANHO-EXATO-PARA-FOTOS-NO-SISTEMA-NOVO-3-2_2024-04-30_18-58-07_png.webp.webp?fit=1200%2C675&ssl=1&resize=700%2C400 2x, https:\/\/i0.wp.com\/ismaelcolosi.com.br\/wp-content\/uploads\/2024\/04\/Copia-de-Copia-de-TAMANHO-EXATO-PARA-FOTOS-NO-SISTEMA-NOVO-3-2_2024-04-30_18-58-07_png.webp.webp?fit=1200%2C675&ssl=1&resize=1050%2C600 3x"},"classes":[]},{"id":67755,"url":"https:\/\/ismaelcolosi.com.br\/index.php\/2024\/09\/25\/operacao-nacional-da-pf-prende-suspeito-de-abuso-sexual-infantil-em-ribeirao\/","url_meta":{"origin":65012,"position":5},"title":"Opera\u00e7\u00e3o nacional da PF prende suspeito de abuso sexual infantil em Ribeir\u00e3o","author":"ismaelcolosi.com.br","date":"25 de September de 2024","format":false,"excerpt":"A\u00a0Pol\u00edcia Federal\u00a0cumpre, na manh\u00e3 desta quarta-feira (25),\u00a0141 mandados de busca e apreens\u00e3o\u00a0contra suspeitos de armazenar e compartilhar material de abuso sexual infantojuvenil. Em Ribeir\u00e3o Preto, uma pessoa foi presa em flagrante e levada para a delegacia da PF da cidade. De acordo com a corpora\u00e7\u00e3o, a Opera\u00e7\u00e3o Terabyte busca identificar\u2026","rel":"","context":"In &quot;Not\u00edcias de Ribeir\u00e3o Preto-SP e Regi\u00e3o&quot;","block_context":{"text":"Not\u00edcias de Ribeir\u00e3o Preto-SP e Regi\u00e3o","link":"https:\/\/ismaelcolosi.com.br\/index.php\/category\/noticias-de-ribeirao-preto-sp-e-regiao-ismael-colosi\/"},"img":{"alt_text":"","src":"https:\/\/i0.wp.com\/ismaelcolosi.com.br\/wp-content\/uploads\/2024\/09\/WhatsApp-Image-2024-09-25-at-09.53.47_2024-09-25_13-30-43_jpeg_2024-09-25_13-30-43.webp.webp?fit=1200%2C900&ssl=1&resize=350%2C200","width":350,"height":200,"srcset":"https:\/\/i0.wp.com\/ismaelcolosi.com.br\/wp-content\/uploads\/2024\/09\/WhatsApp-Image-2024-09-25-at-09.53.47_2024-09-25_13-30-43_jpeg_2024-09-25_13-30-43.webp.webp?fit=1200%2C900&ssl=1&resize=350%2C200 1x, https:\/\/i0.wp.com\/ismaelcolosi.com.br\/wp-content\/uploads\/2024\/09\/WhatsApp-Image-2024-09-25-at-09.53.47_2024-09-25_13-30-43_jpeg_2024-09-25_13-30-43.webp.webp?fit=1200%2C900&ssl=1&resize=525%2C300 1.5x, https:\/\/i0.wp.com\/ismaelcolosi.com.br\/wp-content\/uploads\/2024\/09\/WhatsApp-Image-2024-09-25-at-09.53.47_2024-09-25_13-30-43_jpeg_2024-09-25_13-30-43.webp.webp?fit=1200%2C900&ssl=1&resize=700%2C400 2x, https:\/\/i0.wp.com\/ismaelcolosi.com.br\/wp-content\/uploads\/2024\/09\/WhatsApp-Image-2024-09-25-at-09.53.47_2024-09-25_13-30-43_jpeg_2024-09-25_13-30-43.webp.webp?fit=1200%2C900&ssl=1&resize=1050%2C600 3x"},"classes":[]}],"jetpack_sharing_enabled":true,"jetpack_shortlink":"https:\/\/wp.me\/pfMlyK-gUA","_links":{"self":[{"href":"https:\/\/ismaelcolosi.com.br\/index.php\/wp-json\/wp\/v2\/posts\/65012","targetHints":{"allow":["GET"]}}],"collection":[{"href":"https:\/\/ismaelcolosi.com.br\/index.php\/wp-json\/wp\/v2\/posts"}],"about":[{"href":"https:\/\/ismaelcolosi.com.br\/index.php\/wp-json\/wp\/v2\/types\/post"}],"author":[{"embeddable":true,"href":"https:\/\/ismaelcolosi.com.br\/index.php\/wp-json\/wp\/v2\/users\/1"}],"replies":[{"embeddable":true,"href":"https:\/\/ismaelcolosi.com.br\/index.php\/wp-json\/wp\/v2\/comments?post=65012"}],"version-history":[{"count":0,"href":"https:\/\/ismaelcolosi.com.br\/index.php\/wp-json\/wp\/v2\/posts\/65012\/revisions"}],"wp:featuredmedia":[{"embeddable":true,"href":"https:\/\/ismaelcolosi.com.br\/index.php\/wp-json\/wp\/v2\/media\/65013"}],"wp:attachment":[{"href":"https:\/\/ismaelcolosi.com.br\/index.php\/wp-json\/wp\/v2\/media?parent=65012"}],"wp:term":[{"taxonomy":"category","embeddable":true,"href":"https:\/\/ismaelcolosi.com.br\/index.php\/wp-json\/wp\/v2\/categories?post=65012"},{"taxonomy":"post_tag","embeddable":true,"href":"https:\/\/ismaelcolosi.com.br\/index.php\/wp-json\/wp\/v2\/tags?post=65012"}],"curies":[{"name":"wp","href":"https:\/\/api.w.org\/{rel}","templated":true}]}}