{"id":65004,"date":"2024-09-10T12:04:19","date_gmt":"2024-09-10T15:04:19","guid":{"rendered":"https:\/\/ismaelcolosi.com.br\/index.php\/2024\/09\/10\/ribeirao-preto-recebe-espetaculo-gratuito-inspirado-em-alice-no-pais-das-maravilhas\/"},"modified":"2024-09-10T12:04:19","modified_gmt":"2024-09-10T15:04:19","slug":"ribeirao-preto-recebe-espetaculo-gratuito-inspirado-em-alice-no-pais-das-maravilhas","status":"publish","type":"post","link":"https:\/\/ismaelcolosi.com.br\/index.php\/2024\/09\/10\/ribeirao-preto-recebe-espetaculo-gratuito-inspirado-em-alice-no-pais-das-maravilhas\/","title":{"rendered":"Ribeir\u00e3o Preto recebe espet\u00e1culo gratuito inspirado em \u2018Alice no Pa\u00eds das Maravilhas\u2019"},"content":{"rendered":"<p> <br \/>\n<\/p>\n<div>\n<p>O espet\u00e1culo \u201c<strong>Mem\u00f3rias de Alice<\/strong>\u201d, inspirado no livro \u201c<strong>Alice no Pa\u00eds das Maravilhas<\/strong>\u201c, chega a <strong>Ribeir\u00e3o Preto<\/strong> neste <strong>domingo (15)<\/strong>. A <strong>entrada<\/strong> \u00e9 <strong>gratuita<\/strong> e a apresenta\u00e7\u00e3o acontece \u00e0s <strong>19h<\/strong>, no <strong>Centro Cultural Cer\u00e2mica S\u00e3o Luiz<\/strong>. <\/p>\n<p>\u201c<strong>Mem\u00f3rias de Alice<\/strong>\u201d, da atriz <strong>Daiane Baumgartner<\/strong>, \u00e9 voltado para o <strong>p\u00fablico adulto<\/strong>. Al\u00e9m de ter como inspira\u00e7\u00e3o o livro de <strong>Lewis Carroll<\/strong>, a pe\u00e7a faz inter-rela\u00e7\u00f5es com a <strong>inf\u00e2ncia da atriz<\/strong>.<\/p>\n<p>A trama passeia por temas como <strong>solid\u00e3o na inf\u00e2ncia<\/strong> e a <strong>anula\u00e7\u00e3o da crian\u00e7a<\/strong> enquanto ela se percebe como indiv\u00edduo e inicia o processo de constru\u00e7\u00e3o de sua individualidade. O espet\u00e1culo traz a reflex\u00e3o sobre o \u201c<strong>educar<\/strong>\u201d que n\u00e3o estimula o crescimento pessoal e a seguran\u00e7a emocional de uma crian\u00e7a.<\/p>\n<h4 class=\"wp-block-heading\"><strong>Oficina<\/strong><\/h4>\n<p>Mais cedo, no <strong>domingo (15)<\/strong>, das <strong>14h \u00e0s 17h<\/strong>, acontece a oficina de costura criativa e reflexiva, na Cer\u00e2mica. As i<strong>nscri\u00e7\u00f5es est\u00e3o abertas<\/strong> e tem <strong>10 vagas<\/strong> para crian\u00e7as <strong>a partir de 6 anos<\/strong> e seus respectivos respons\u00e1veis. Os interessados devem se inscrever atrav\u00e9s do link (<a href=\"https:\/\/docs.google.com\/forms\/d\/e\/1FAIpQLSeKr-qojaWJ87NfrkFTLgInn3m6av4_k4jqAYbdSfwmNb7w4w\/viewform\" target=\"_blank\" rel=\"noreferrer noopener\">clique aqui<\/a>).<\/p>\n<p>O intuito \u00e9 tornar consciente para os adultos como a intera\u00e7\u00e3o com os pais interfere na forma direta de constru\u00e7\u00e3o de personalidade, independ\u00eancia e sucesso na vida. Al\u00e9m dos momentos de divers\u00e3o, na cria\u00e7\u00e3o de um <strong>boneco de tecido<\/strong>, que poder\u00e1 ser levado para casa.<\/p>\n<h4 class=\"wp-block-heading\"><strong>Servi\u00e7o<\/strong><\/h4>\n<p><strong>Mem\u00f3rias de Alice<\/strong><\/p>\n<p><strong>Quando:<\/strong> 15 de setembro, domingo <br \/><strong>Hor\u00e1rio: <\/strong>\u00c0s 19h <br \/><strong>Local:<\/strong> Cer\u00e2mica S\u00e3o Luiz<br \/><strong>Entrada gratuita<\/strong><\/p>\n<p><strong>Oficina<\/strong><\/p>\n<p><strong>Quando:<\/strong> 15 de setembro, domingo <br \/><strong>Hor\u00e1rio: <\/strong>Das 14h \u00e0s 17h<br \/><strong>Local:<\/strong> Cer\u00e2mica S\u00e3o Luiz<br \/><strong>Inscri\u00e7\u00f5es: <\/strong>Atrav\u00e9s do link <strong>(<a href=\"https:\/\/docs.google.com\/forms\/d\/e\/1FAIpQLSeKr-qojaWJ87NfrkFTLgInn3m6av4_k4jqAYbdSfwmNb7w4w\/viewform\" target=\"_blank\" rel=\"noreferrer noopener\">clique aqui<\/a>)<\/strong><\/p>\n<p>SAIBA MAIS<br \/>Apostadores do interior de SP dividem pr\u00eamio milion\u00e1rio na Lotof\u00e1cil; Veja os n\u00fameros<\/p>\n<h4 class=\"wp-block-heading\"><strong>FIQUE ON<\/strong><\/h4>\n<p>Fique ligado em tudo que acontece em Ribeir\u00e3o Preto e regi\u00e3o. Siga os perfis do <strong>acidade on <\/strong>no <a href=\"https:\/\/www.instagram.com\/acidadeonribeirao\" target=\"_blank\" rel=\"noreferrer noopener\">Instagram<\/a> e no <a href=\"https:\/\/www.facebook.com\/acidadeonribeirao\" target=\"_blank\" rel=\"noreferrer noopener\">Facebook<\/a>.<\/p>\n<p>Receba not\u00edcias do acidade on no WhatsApp. Para entrar no grupo, basta <a href=\"https:\/\/chat.whatsapp.com\/Dtv9mxhy6V5BJBotM2OQ5k\" target=\"_blank\" rel=\"noreferrer noopener\">clicar aqui<\/a>.<\/p>\n<p>Fa\u00e7a uma den\u00fancia ou sugira uma reportagem sobre Ribeir\u00e3o Preto e regi\u00e3o pelo WhatsApp: 16 99117 7802.<\/p>\n<p>VEJA TAMB\u00c9M<br \/>Cristina mata Ivan em \u2018Alma G\u00eamea\u2019?<\/p>\n<p><!-- CONTENT END 1 -->\n<\/div>\n<p><script async src=\"\/\/www.instagram.com\/embed.js\"><\/script><br \/>\n<br \/><br \/>\n<br \/><a href=\"https:\/\/www.acidadeon.com\/ribeiraopreto\/lazer-e-cultura\/ribeirao-preto-recebe-espetaculo-gratuito-inspirado-em-alice-no-pais-das-maravilhas\/\">Source link <\/a><\/p>\n","protected":false},"excerpt":{"rendered":"<p>O espet\u00e1culo \u201cMem\u00f3rias de Alice\u201d, inspirado no livro \u201cAlice no Pa\u00eds das Maravilhas\u201c, chega a Ribeir\u00e3o Preto neste domingo (15). A entrada \u00e9 gratuita e&#8230;<\/p>\n","protected":false},"author":1,"featured_media":65005,"comment_status":"open","ping_status":"open","sticky":false,"template":"","format":"standard","meta":{"_uag_custom_page_level_css":"","advanced_seo_description":"","jetpack_seo_html_title":"","jetpack_seo_noindex":false,"jetpack_post_was_ever_published":false,"_jetpack_newsletter_access":"","_jetpack_dont_email_post_to_subs":false,"_jetpack_newsletter_tier_id":0,"_jetpack_memberships_contains_paywalled_content":false,"_jetpack_memberships_contains_paid_content":false,"footnotes":"","jetpack_publicize_message":"","jetpack_publicize_feature_enabled":true,"jetpack_social_post_already_shared":true,"jetpack_social_options":{"image_generator_settings":{"template":"highway","default_image_id":0,"font":"","enabled":false},"version":2}},"categories":[11],"tags":[],"class_list":["post-65004","post","type-post","status-publish","format-standard","has-post-thumbnail","hentry","category-noticias-de-ribeirao-preto-sp-e-regiao-ismael-colosi"],"jetpack_publicize_connections":[],"jetpack_featured_media_url":"https:\/\/i0.wp.com\/ismaelcolosi.com.br\/wp-content\/uploads\/2024\/09\/Gabriel-Rais-9_2024-09-10_12-39-43_jpg_2024-09-10_12-39-46-scaled.webp.webp?fit=2560%2C1707&ssl=1","uagb_featured_image_src":{"full":["https:\/\/i0.wp.com\/ismaelcolosi.com.br\/wp-content\/uploads\/2024\/09\/Gabriel-Rais-9_2024-09-10_12-39-43_jpg_2024-09-10_12-39-46-scaled.webp.webp?fit=2560%2C1707&ssl=1",2560,1707,false],"thumbnail":["https:\/\/i0.wp.com\/ismaelcolosi.com.br\/wp-content\/uploads\/2024\/09\/Gabriel-Rais-9_2024-09-10_12-39-43_jpg_2024-09-10_12-39-46-scaled.webp.webp?resize=150%2C150&ssl=1",150,150,true],"medium":["https:\/\/i0.wp.com\/ismaelcolosi.com.br\/wp-content\/uploads\/2024\/09\/Gabriel-Rais-9_2024-09-10_12-39-43_jpg_2024-09-10_12-39-46-scaled.webp.webp?fit=300%2C200&ssl=1",300,200,true],"medium_large":["https:\/\/i0.wp.com\/ismaelcolosi.com.br\/wp-content\/uploads\/2024\/09\/Gabriel-Rais-9_2024-09-10_12-39-43_jpg_2024-09-10_12-39-46-scaled.webp.webp?fit=768%2C512&ssl=1",768,512,true],"large":["https:\/\/i0.wp.com\/ismaelcolosi.com.br\/wp-content\/uploads\/2024\/09\/Gabriel-Rais-9_2024-09-10_12-39-43_jpg_2024-09-10_12-39-46-scaled.webp.webp?fit=1024%2C683&ssl=1",1024,683,true],"1536x1536":["https:\/\/i0.wp.com\/ismaelcolosi.com.br\/wp-content\/uploads\/2024\/09\/Gabriel-Rais-9_2024-09-10_12-39-43_jpg_2024-09-10_12-39-46-scaled.webp.webp?fit=1536%2C1024&ssl=1",1536,1024,true],"2048x2048":["https:\/\/i0.wp.com\/ismaelcolosi.com.br\/wp-content\/uploads\/2024\/09\/Gabriel-Rais-9_2024-09-10_12-39-43_jpg_2024-09-10_12-39-46-scaled.webp.webp?fit=2048%2C1366&ssl=1",2048,1366,true],"really-simple-thumb":["https:\/\/i0.wp.com\/ismaelcolosi.com.br\/wp-content\/uploads\/2024\/09\/Gabriel-Rais-9_2024-09-10_12-39-43_jpg_2024-09-10_12-39-46-scaled.webp.webp?resize=370%2C247&ssl=1",370,247,true]},"uagb_author_info":{"display_name":"ismaelcolosi.com.br","author_link":"https:\/\/ismaelcolosi.com.br\/index.php\/author\/vidareal-online\/"},"uagb_comment_info":0,"uagb_excerpt":"O espet\u00e1culo \u201cMem\u00f3rias de Alice\u201d, inspirado no livro \u201cAlice no Pa\u00eds das Maravilhas\u201c, chega a Ribeir\u00e3o Preto neste domingo (15). A entrada \u00e9 gratuita e...","jetpack-related-posts":[{"id":65029,"url":"https:\/\/ismaelcolosi.com.br\/index.php\/2024\/09\/10\/quer-virar-bailarino-companhia-abre-inscricoes-para-contratacao-em-ribeirao-preto\/","url_meta":{"origin":65004,"position":0},"title":"Quer virar bailarino? Companhia abre inscri\u00e7\u00f5es para contrata\u00e7\u00e3o em Ribeir\u00e3o Preto","author":"ismaelcolosi.com.br","date":"10 de September de 2024","format":false,"excerpt":"A Cia. Usina da Dan\u00e7a est\u00e1 com oportunidades para quem deseja se tornar bailarino profissional. A companhia oferece vagas em Ribeir\u00e3o Preto, com conte\u00fados espec\u00edficos do Bal\u00e9 Cl\u00e1ssico e da Dan\u00e7a Contempor\u00e2nea. Inscri\u00e7\u00f5es devem ser feitas at\u00e9 dia 20 de setembro. A remunera\u00e7\u00e3o por participa\u00e7\u00e3o no projeto \u00e9 de R$\u2026","rel":"","context":"In &quot;Not\u00edcias de Ribeir\u00e3o Preto-SP e Regi\u00e3o&quot;","block_context":{"text":"Not\u00edcias de Ribeir\u00e3o Preto-SP e Regi\u00e3o","link":"https:\/\/ismaelcolosi.com.br\/index.php\/category\/noticias-de-ribeirao-preto-sp-e-regiao-ismael-colosi\/"},"img":{"alt_text":"","src":"https:\/\/i0.wp.com\/ismaelcolosi.com.br\/wp-content\/uploads\/2024\/09\/danca-contemporanea_2024-09-10_15-16-35_jpg_2024-09-10_15-16-35.webp.webp?fit=600%2C419&ssl=1&resize=350%2C200","width":350,"height":200,"srcset":"https:\/\/i0.wp.com\/ismaelcolosi.com.br\/wp-content\/uploads\/2024\/09\/danca-contemporanea_2024-09-10_15-16-35_jpg_2024-09-10_15-16-35.webp.webp?fit=600%2C419&ssl=1&resize=350%2C200 1x, https:\/\/i0.wp.com\/ismaelcolosi.com.br\/wp-content\/uploads\/2024\/09\/danca-contemporanea_2024-09-10_15-16-35_jpg_2024-09-10_15-16-35.webp.webp?fit=600%2C419&ssl=1&resize=525%2C300 1.5x"},"classes":[]},{"id":35682,"url":"https:\/\/ismaelcolosi.com.br\/index.php\/2024\/02\/07\/musical-infantil-maria-da-luz-estreia-no-sesi-de-rp\/","url_meta":{"origin":65004,"position":1},"title":"Musical infantil &#8220;Maria da Luz&#8221; estreia no SESI de RP","author":"ismaelcolosi.com.br","date":"7 de February de 2024","format":false,"excerpt":"6 de fevereiro de 2024 | 15:51 0De repente, a escurid\u00e3o! E qual o rem\u00e9dio para tirar um pequeno vilarejo localizado nas cordilheiras desse tamanho breu? Apenas um: contar com o apoio de uma menina que emana luz pelos olhos. Mergulhado nesse tom de realismo fant\u00e1stico, recontado em cena a\u2026","rel":"","context":"In &quot;Not\u00edcias de Ribeir\u00e3o Preto-SP e Regi\u00e3o&quot;","block_context":{"text":"Not\u00edcias de Ribeir\u00e3o Preto-SP e Regi\u00e3o","link":"https:\/\/ismaelcolosi.com.br\/index.php\/category\/noticias-de-ribeirao-preto-sp-e-regiao-ismael-colosi\/"},"img":{"alt_text":"","src":"https:\/\/i0.wp.com\/ismaelcolosi.com.br\/wp-content\/uploads\/2024\/02\/maria-da-luz_cia-dos-naufragos_credito-Marcel-Vecchia_divulgacao_2-1-scaled.jpg?fit=967%2C645&ssl=1&resize=350%2C200","width":350,"height":200,"srcset":"https:\/\/i0.wp.com\/ismaelcolosi.com.br\/wp-content\/uploads\/2024\/02\/maria-da-luz_cia-dos-naufragos_credito-Marcel-Vecchia_divulgacao_2-1-scaled.jpg?fit=967%2C645&ssl=1&resize=350%2C200 1x, https:\/\/i0.wp.com\/ismaelcolosi.com.br\/wp-content\/uploads\/2024\/02\/maria-da-luz_cia-dos-naufragos_credito-Marcel-Vecchia_divulgacao_2-1-scaled.jpg?fit=967%2C645&ssl=1&resize=525%2C300 1.5x, https:\/\/i0.wp.com\/ismaelcolosi.com.br\/wp-content\/uploads\/2024\/02\/maria-da-luz_cia-dos-naufragos_credito-Marcel-Vecchia_divulgacao_2-1-scaled.jpg?fit=967%2C645&ssl=1&resize=700%2C400 2x"},"classes":[]},{"id":43267,"url":"https:\/\/ismaelcolosi.com.br\/index.php\/2024\/03\/20\/sesi-ribeirao-recebe-espetaculo-gratuito-inspirado-nas-festas-dos-anos-60\/","url_meta":{"origin":65004,"position":2},"title":"Sesi Ribeir\u00e3o recebe espet\u00e1culo gratuito inspirado nas festas dos anos 60","author":"ismaelcolosi.com.br","date":"20 de March de 2024","format":false,"excerpt":"No pr\u00f3ximo domingo (24), o Teatro Sesi de Ribeir\u00e3o Preto recebe o show gratuito \u201cMundo Negro\u201d, inspirado nos \u2018Bailes Black\u2019, festas do final da d\u00e9cada de 60. Os interessados podem reservar o ingresso pela internet (Clique aqui). A apresenta\u00e7\u00e3o conta com um repert\u00f3rio recheado de grandes nomes da m\u00fasica como:\u2026","rel":"","context":"In &quot;Not\u00edcias de Ribeir\u00e3o Preto-SP e Regi\u00e3o&quot;","block_context":{"text":"Not\u00edcias de Ribeir\u00e3o Preto-SP e Regi\u00e3o","link":"https:\/\/ismaelcolosi.com.br\/index.php\/category\/noticias-de-ribeirao-preto-sp-e-regiao-ismael-colosi\/"},"img":{"alt_text":"","src":"https:\/\/i0.wp.com\/ismaelcolosi.com.br\/wp-content\/uploads\/2024\/03\/52557169734_f918a908aa_o-scaled.jpg?fit=1200%2C800&ssl=1&resize=350%2C200","width":350,"height":200,"srcset":"https:\/\/i0.wp.com\/ismaelcolosi.com.br\/wp-content\/uploads\/2024\/03\/52557169734_f918a908aa_o-scaled.jpg?fit=1200%2C800&ssl=1&resize=350%2C200 1x, https:\/\/i0.wp.com\/ismaelcolosi.com.br\/wp-content\/uploads\/2024\/03\/52557169734_f918a908aa_o-scaled.jpg?fit=1200%2C800&ssl=1&resize=525%2C300 1.5x, https:\/\/i0.wp.com\/ismaelcolosi.com.br\/wp-content\/uploads\/2024\/03\/52557169734_f918a908aa_o-scaled.jpg?fit=1200%2C800&ssl=1&resize=700%2C400 2x, https:\/\/i0.wp.com\/ismaelcolosi.com.br\/wp-content\/uploads\/2024\/03\/52557169734_f918a908aa_o-scaled.jpg?fit=1200%2C800&ssl=1&resize=1050%2C600 3x"},"classes":[]},{"id":59674,"url":"https:\/\/ismaelcolosi.com.br\/index.php\/2024\/08\/11\/confira-a-programacao-do-ultimo-dia-da-feira-do-livro-de-ribeirao-preto\/","url_meta":{"origin":65004,"position":3},"title":"Confira a programa\u00e7\u00e3o do \u00faltimo dia da Feira do Livro de Ribeir\u00e3o Preto","author":"ismaelcolosi.com.br","date":"11 de August de 2024","format":false,"excerpt":"A 23\u00aa Feira Internacional do Livro de Ribeir\u00e3o Preto chega ao seu \u00faltimo dia de atividades no cora\u00e7\u00e3o de Ribeir\u00e3o Preto. Os grandes destaques do encerramento da programa\u00e7\u00e3o s\u00e3o: Parlapat\u00f5es, B\u00e1rbara Krauss e Tiago Valente. O tema central da\u00a0Feira\u00a0este ano \u00e9: \u201cCotidianos po\u00e9ticos: Do \u00e9pico de Cam\u00f5es \u00e0s batalhas de\u2026","rel":"","context":"In &quot;Not\u00edcias de Ribeir\u00e3o Preto-SP e Regi\u00e3o&quot;","block_context":{"text":"Not\u00edcias de Ribeir\u00e3o Preto-SP e Regi\u00e3o","link":"https:\/\/ismaelcolosi.com.br\/index.php\/category\/noticias-de-ribeirao-preto-sp-e-regiao-ismael-colosi\/"},"img":{"alt_text":"","src":"https:\/\/i0.wp.com\/ismaelcolosi.com.br\/wp-content\/uploads\/2024\/08\/Copia-de-Copia-de-TAMANHO-EXATO-PARA-FOTOS-NO-SISTEMA-NOVO-42_2024-08-10_18-01-24_jpg_2024-08-10_18-01-24.webp.webp?fit=1200%2C675&ssl=1&resize=350%2C200","width":350,"height":200,"srcset":"https:\/\/i0.wp.com\/ismaelcolosi.com.br\/wp-content\/uploads\/2024\/08\/Copia-de-Copia-de-TAMANHO-EXATO-PARA-FOTOS-NO-SISTEMA-NOVO-42_2024-08-10_18-01-24_jpg_2024-08-10_18-01-24.webp.webp?fit=1200%2C675&ssl=1&resize=350%2C200 1x, https:\/\/i0.wp.com\/ismaelcolosi.com.br\/wp-content\/uploads\/2024\/08\/Copia-de-Copia-de-TAMANHO-EXATO-PARA-FOTOS-NO-SISTEMA-NOVO-42_2024-08-10_18-01-24_jpg_2024-08-10_18-01-24.webp.webp?fit=1200%2C675&ssl=1&resize=525%2C300 1.5x, https:\/\/i0.wp.com\/ismaelcolosi.com.br\/wp-content\/uploads\/2024\/08\/Copia-de-Copia-de-TAMANHO-EXATO-PARA-FOTOS-NO-SISTEMA-NOVO-42_2024-08-10_18-01-24_jpg_2024-08-10_18-01-24.webp.webp?fit=1200%2C675&ssl=1&resize=700%2C400 2x, https:\/\/i0.wp.com\/ismaelcolosi.com.br\/wp-content\/uploads\/2024\/08\/Copia-de-Copia-de-TAMANHO-EXATO-PARA-FOTOS-NO-SISTEMA-NOVO-42_2024-08-10_18-01-24_jpg_2024-08-10_18-01-24.webp.webp?fit=1200%2C675&ssl=1&resize=1050%2C600 3x"},"classes":[]},{"id":29856,"url":"https:\/\/ismaelcolosi.com.br\/index.php\/2024\/01\/19\/nany-people-se-apresenta-em-ribeirao-com-o-stand-up-como-salvar-um-casamento\/","url_meta":{"origin":65004,"position":4},"title":"Nany People se apresenta em Ribeir\u00e3o com o stand-up &#8216;Como Salvar Um Casamento&#8217;","author":"ismaelcolosi.com.br","date":"19 de January de 2024","format":false,"excerpt":"A atriz e comediante Nany People volta a Ribeir\u00e3o Preto no dia 1\u00ba de mar\u00e7o para apresentar o seu novo espet\u00e1culo \u201cComo Salvar Um Casamento\u201c, no Teatro Municipal. A artista retorna \u00e0s suas ra\u00edzes teatrais num mon\u00f3logo que fez hist\u00f3ria em sua carreira. O espet\u00e1culo ter\u00e1 \u00fanica apresenta\u00e7\u00e3o e as\u2026","rel":"","context":"In &quot;Not\u00edcias de Ribeir\u00e3o Preto-SP e Regi\u00e3o&quot;","block_context":{"text":"Not\u00edcias de Ribeir\u00e3o Preto-SP e Regi\u00e3o","link":"https:\/\/ismaelcolosi.com.br\/index.php\/category\/noticias-de-ribeirao-preto-sp-e-regiao-ismael-colosi\/"},"img":{"alt_text":"","src":"https:\/\/i0.wp.com\/ismaelcolosi.com.br\/wp-content\/uploads\/2024\/01\/FOTO-CARDS-1.jpg?fit=640%2C500&ssl=1&resize=350%2C200","width":350,"height":200,"srcset":"https:\/\/i0.wp.com\/ismaelcolosi.com.br\/wp-content\/uploads\/2024\/01\/FOTO-CARDS-1.jpg?fit=640%2C500&ssl=1&resize=350%2C200 1x, https:\/\/i0.wp.com\/ismaelcolosi.com.br\/wp-content\/uploads\/2024\/01\/FOTO-CARDS-1.jpg?fit=640%2C500&ssl=1&resize=525%2C300 1.5x"},"classes":[]},{"id":51500,"url":"https:\/\/ismaelcolosi.com.br\/index.php\/2024\/05\/28\/musical-infantil-chega-ao-teatro-municipal-de-ribeirao-preto-veja-como-comprar-ingressos\/","url_meta":{"origin":65004,"position":5},"title":"Musical infantil chega ao Teatro Municipal de Ribeir\u00e3o Preto; Veja como comprar ingressos","author":"ismaelcolosi.com.br","date":"28 de May de 2024","format":false,"excerpt":"Produzido pela cantora l\u00edrica e atriz Julianne Daud e o maestro Fabio G. Oliveira, o musical infantil \u201cPetshop, o Music\u00e3o\u201d chega ao palco do Teatro Municipal de Ribeir\u00e3o Preto para tr\u00eas apresenta\u00e7\u00f5es, nesta quarta-feira (29) e na quinta-feira (30). O espet\u00e1culo \u00e9 inspirado nas apresenta\u00e7\u00f5es da Broadway. O tema do\u2026","rel":"","context":"In &quot;Not\u00edcias de Ribeir\u00e3o Preto-SP e Regi\u00e3o&quot;","block_context":{"text":"Not\u00edcias de Ribeir\u00e3o Preto-SP e Regi\u00e3o","link":"https:\/\/ismaelcolosi.com.br\/index.php\/category\/noticias-de-ribeirao-preto-sp-e-regiao-ismael-colosi\/"},"img":{"alt_text":"","src":"https:\/\/i0.wp.com\/ismaelcolosi.com.br\/wp-content\/uploads\/2024\/05\/15_2024-05-28_11-33-11_jpg_2024-05-28_11-33-13-scaled.webp.webp?fit=1200%2C800&ssl=1&resize=350%2C200","width":350,"height":200,"srcset":"https:\/\/i0.wp.com\/ismaelcolosi.com.br\/wp-content\/uploads\/2024\/05\/15_2024-05-28_11-33-11_jpg_2024-05-28_11-33-13-scaled.webp.webp?fit=1200%2C800&ssl=1&resize=350%2C200 1x, https:\/\/i0.wp.com\/ismaelcolosi.com.br\/wp-content\/uploads\/2024\/05\/15_2024-05-28_11-33-11_jpg_2024-05-28_11-33-13-scaled.webp.webp?fit=1200%2C800&ssl=1&resize=525%2C300 1.5x, https:\/\/i0.wp.com\/ismaelcolosi.com.br\/wp-content\/uploads\/2024\/05\/15_2024-05-28_11-33-11_jpg_2024-05-28_11-33-13-scaled.webp.webp?fit=1200%2C800&ssl=1&resize=700%2C400 2x, https:\/\/i0.wp.com\/ismaelcolosi.com.br\/wp-content\/uploads\/2024\/05\/15_2024-05-28_11-33-11_jpg_2024-05-28_11-33-13-scaled.webp.webp?fit=1200%2C800&ssl=1&resize=1050%2C600 3x"},"classes":[]}],"jetpack_sharing_enabled":true,"jetpack_shortlink":"https:\/\/wp.me\/pfMlyK-gUs","_links":{"self":[{"href":"https:\/\/ismaelcolosi.com.br\/index.php\/wp-json\/wp\/v2\/posts\/65004","targetHints":{"allow":["GET"]}}],"collection":[{"href":"https:\/\/ismaelcolosi.com.br\/index.php\/wp-json\/wp\/v2\/posts"}],"about":[{"href":"https:\/\/ismaelcolosi.com.br\/index.php\/wp-json\/wp\/v2\/types\/post"}],"author":[{"embeddable":true,"href":"https:\/\/ismaelcolosi.com.br\/index.php\/wp-json\/wp\/v2\/users\/1"}],"replies":[{"embeddable":true,"href":"https:\/\/ismaelcolosi.com.br\/index.php\/wp-json\/wp\/v2\/comments?post=65004"}],"version-history":[{"count":0,"href":"https:\/\/ismaelcolosi.com.br\/index.php\/wp-json\/wp\/v2\/posts\/65004\/revisions"}],"wp:featuredmedia":[{"embeddable":true,"href":"https:\/\/ismaelcolosi.com.br\/index.php\/wp-json\/wp\/v2\/media\/65005"}],"wp:attachment":[{"href":"https:\/\/ismaelcolosi.com.br\/index.php\/wp-json\/wp\/v2\/media?parent=65004"}],"wp:term":[{"taxonomy":"category","embeddable":true,"href":"https:\/\/ismaelcolosi.com.br\/index.php\/wp-json\/wp\/v2\/categories?post=65004"},{"taxonomy":"post_tag","embeddable":true,"href":"https:\/\/ismaelcolosi.com.br\/index.php\/wp-json\/wp\/v2\/tags?post=65004"}],"curies":[{"name":"wp","href":"https:\/\/api.w.org\/{rel}","templated":true}]}}