{"id":64985,"date":"2024-09-10T10:43:39","date_gmt":"2024-09-10T13:43:39","guid":{"rendered":"https:\/\/ismaelcolosi.com.br\/index.php\/2024\/09\/10\/policia-diz-que-todo-dinheiro-foi-queimado-em-ataque-a-carro-forte-no-interior-de-sp\/"},"modified":"2024-09-10T10:43:39","modified_gmt":"2024-09-10T13:43:39","slug":"policia-diz-que-todo-dinheiro-foi-queimado-em-ataque-a-carro-forte-no-interior-de-sp","status":"publish","type":"post","link":"https:\/\/ismaelcolosi.com.br\/index.php\/2024\/09\/10\/policia-diz-que-todo-dinheiro-foi-queimado-em-ataque-a-carro-forte-no-interior-de-sp\/","title":{"rendered":"Pol\u00edcia diz que todo dinheiro foi queimado em ataque a carro-forte no interior de SP"},"content":{"rendered":"<p> <br \/>\n<\/p>\n<div>\n<p><strong>Os assaltantes que atacaram um carro-forte no in\u00edcio da noite desta segunda-feira (9), na rodovia C\u00e2ndido Portinari (SP-334), em Franca, cidade a aproximadamente 80 quil\u00f4metros de Ribeir\u00e3o Preto, n\u00e3o conseguiram abrir os tr\u00eas cofres do ve\u00edculo de transporte de valores e todo o conte\u00fado foi queimado na a\u00e7\u00e3o com uso de explosivo. Cinco v\u00edtimas <\/strong>foram registradas, entre as quais <strong>tr\u00eas baleadas<\/strong>.<\/p>\n<p>Segundo o <strong>boletim de ocorr\u00eancia (BO)<\/strong>, <mark style=\"background-color:#fcb900\" class=\"has-inline-color has-black-color\">um representante da empresa Protege, respons\u00e1vel pelo carro-forte, n\u00e3o soube informar \u00e0 pol\u00edcia o valor que estava sendo transportado.<\/mark><\/p>\n<h4 class=\"wp-block-heading\"><strong>A a\u00e7\u00e3o<\/strong><\/h4>\n<p>O <strong>motorista <\/strong>do <strong>carro-forte<\/strong> disse \u00e0 pol\u00edcia que <strong>seguia <\/strong>para <strong>Ribeir\u00e3o Preto<\/strong> com o <strong>dinheiro <\/strong>recolhido em <strong>Franca<\/strong>, quando um <strong>caminhonete <\/strong>emparelhou com o ve\u00edculo de transporte de valores e os <strong>criminosos <\/strong>come\u00e7aram a <strong>atirar<\/strong>.<\/p>\n<p>Estima-se que ao menos\u00a0<strong>16 assaltantes participaram do ataque ao carro-forte<\/strong>. At\u00e9 um caminh\u00e3o foi utilizado para bloquear a pista e impedir o acesso de outros ve\u00edculos. <\/p>\n<p>A a\u00e7\u00e3o criminosa deixou cinco v\u00edtimas \u2013 <strong>um vigilante, um policial militar e uma pessoa que passava pr\u00f3ximo ao local do ataque foram baleados<\/strong>. O policial foi atingido provavelmente por estilha\u00e7os na perna esquerda durante uma intensa troca de tiros, j\u00e1 pela <strong>rodovia Abr\u00e3o Assed (SP-333)<\/strong>, em <strong>Serra Azul<\/strong>.<\/p>\n<p>Foram apreendidos <strong>quatro rev\u00f3lveres calibre 38<\/strong> e <strong>duas espingardas calibre 12<\/strong>, que pertencem \u00e0 empresa de transporte de valores e ficaram queimados, al\u00e9m de tr\u00eas carregadores.<\/p>\n<p>A <strong>Pol\u00edcia Cient\u00edfica<\/strong> encontrou dezenas de <strong>estojos de muni\u00e7\u00f5es calibre .50<\/strong> e de <strong>calibres aparentando 5.56 e 7.62<\/strong>.<\/p>\n<p>A <strong>pol\u00edcia <\/strong>segue <strong>mobilizada <\/strong>na ocorr\u00eancia. Nenhum <strong>suspeito <\/strong>foi <strong>preso<\/strong>.<\/p>\n<blockquote class=\"instagram-media\" data-instgrm-permalink=\"https:\/\/www.instagram.com\/reel\/C_vLWaaqve9\/?utm_source=ig_embed&amp;utm_campaign=loading\" data-instgrm-version=\"14\" style=\" background:#FFF; border:0; border-radius:3px; box-shadow:0 0 1px 0 rgba(0,0,0,0.5),0 1px 10px 0 rgba(0,0,0,0.15); margin: 1px; max-width:540px; min-width:326px; padding:0; width:99.375%; width:-webkit-calc(100% - 2px); width:calc(100% - 2px);\"\/>\n<p>SAIBA MAIS<\/p>\n<p>O que se sabe sobre ataque a carro-forte no interior de SP<\/p>\n<h4 class=\"wp-block-heading\"><strong>FIQUE ON<\/strong><\/h4>\n<p>Fique ligado em tudo que acontece em Ribeir\u00e3o Preto e regi\u00e3o. Siga os perfis do<strong>\u00a0acidade on<\/strong>\u00a0no\u00a0<a href=\"https:\/\/www.instagram.com\/acidadeonribeirao\" target=\"_blank\" rel=\"noreferrer noopener\">Instagram\u00a0<\/a>e no\u00a0<a href=\"https:\/\/www.facebook.com\/acidadeonribeirao\/\" target=\"_blank\" rel=\"noreferrer noopener\">Facebook<\/a>.<\/p>\n<p>Receba not\u00edcias do\u00a0<strong>acidade on<\/strong>\u00a0no WhatsApp.\u00a0<a href=\"https:\/\/chat.whatsapp.com\/Dtv9mxhy6V5BJBotM2OQ5k\" target=\"_blank\" rel=\"noreferrer noopener\">Para entrar no grupo, basta clicar aqui.<\/a><\/p>\n<p>Fa\u00e7a uma den\u00fancia ou sugira uma reportagem sobre Ribeir\u00e3o Preto e regi\u00e3o pelo WhatsApp: 16 99117 7802.<\/p>\n<p>VEJA TAMB\u00c9M<\/p>\n<p>Quanto custam os novos iPhones no Brasil?<\/p>\n<p><!-- CONTENT END 1 -->\n<\/div>\n<p><script async src=\"\/\/www.instagram.com\/embed.js\"><\/script><br \/>\n<br \/><br \/>\n<br \/><a href=\"https:\/\/www.acidadeon.com\/ribeiraopreto\/cotidiano\/policia-diz-que-todo-dinheiro-foi-queimado-em-ataque-a-carro-forte-no-interior-de-sp\/\">Source link <\/a><\/p>\n","protected":false},"excerpt":{"rendered":"<p>Os assaltantes que atacaram um carro-forte no in\u00edcio da noite desta segunda-feira (9), na rodovia C\u00e2ndido Portinari (SP-334), em Franca, cidade a aproximadamente 80 quil\u00f4metros&#8230;<\/p>\n","protected":false},"author":1,"featured_media":64986,"comment_status":"open","ping_status":"open","sticky":false,"template":"","format":"standard","meta":{"_uag_custom_page_level_css":"","advanced_seo_description":"","jetpack_seo_html_title":"","jetpack_seo_noindex":false,"jetpack_post_was_ever_published":false,"_jetpack_newsletter_access":"","_jetpack_dont_email_post_to_subs":false,"_jetpack_newsletter_tier_id":0,"_jetpack_memberships_contains_paywalled_content":false,"_jetpack_memberships_contains_paid_content":false,"footnotes":"","jetpack_publicize_message":"","jetpack_publicize_feature_enabled":true,"jetpack_social_post_already_shared":true,"jetpack_social_options":{"image_generator_settings":{"template":"highway","default_image_id":0,"font":"","enabled":false},"version":2}},"categories":[11],"tags":[],"class_list":["post-64985","post","type-post","status-publish","format-standard","has-post-thumbnail","hentry","category-noticias-de-ribeirao-preto-sp-e-regiao-ismael-colosi"],"jetpack_publicize_connections":[],"jetpack_featured_media_url":"https:\/\/i0.wp.com\/ismaelcolosi.com.br\/wp-content\/uploads\/2024\/09\/WhatsApp-Image-2024-09-09-at-21.18.01_2024-09-10_13-04-30_jpeg_2024-09-10_13-04-31-scaled.webp.webp?fit=2560%2C1440&ssl=1","uagb_featured_image_src":{"full":["https:\/\/i0.wp.com\/ismaelcolosi.com.br\/wp-content\/uploads\/2024\/09\/WhatsApp-Image-2024-09-09-at-21.18.01_2024-09-10_13-04-30_jpeg_2024-09-10_13-04-31-scaled.webp.webp?fit=2560%2C1440&ssl=1",2560,1440,false],"thumbnail":["https:\/\/i0.wp.com\/ismaelcolosi.com.br\/wp-content\/uploads\/2024\/09\/WhatsApp-Image-2024-09-09-at-21.18.01_2024-09-10_13-04-30_jpeg_2024-09-10_13-04-31-scaled.webp.webp?resize=150%2C150&ssl=1",150,150,true],"medium":["https:\/\/i0.wp.com\/ismaelcolosi.com.br\/wp-content\/uploads\/2024\/09\/WhatsApp-Image-2024-09-09-at-21.18.01_2024-09-10_13-04-30_jpeg_2024-09-10_13-04-31-scaled.webp.webp?fit=300%2C169&ssl=1",300,169,true],"medium_large":["https:\/\/i0.wp.com\/ismaelcolosi.com.br\/wp-content\/uploads\/2024\/09\/WhatsApp-Image-2024-09-09-at-21.18.01_2024-09-10_13-04-30_jpeg_2024-09-10_13-04-31-scaled.webp.webp?fit=768%2C432&ssl=1",768,432,true],"large":["https:\/\/i0.wp.com\/ismaelcolosi.com.br\/wp-content\/uploads\/2024\/09\/WhatsApp-Image-2024-09-09-at-21.18.01_2024-09-10_13-04-30_jpeg_2024-09-10_13-04-31-scaled.webp.webp?fit=1024%2C576&ssl=1",1024,576,true],"1536x1536":["https:\/\/i0.wp.com\/ismaelcolosi.com.br\/wp-content\/uploads\/2024\/09\/WhatsApp-Image-2024-09-09-at-21.18.01_2024-09-10_13-04-30_jpeg_2024-09-10_13-04-31-scaled.webp.webp?fit=1536%2C864&ssl=1",1536,864,true],"2048x2048":["https:\/\/i0.wp.com\/ismaelcolosi.com.br\/wp-content\/uploads\/2024\/09\/WhatsApp-Image-2024-09-09-at-21.18.01_2024-09-10_13-04-30_jpeg_2024-09-10_13-04-31-scaled.webp.webp?fit=2048%2C1152&ssl=1",2048,1152,true],"really-simple-thumb":["https:\/\/i0.wp.com\/ismaelcolosi.com.br\/wp-content\/uploads\/2024\/09\/WhatsApp-Image-2024-09-09-at-21.18.01_2024-09-10_13-04-30_jpeg_2024-09-10_13-04-31-scaled.webp.webp?resize=370%2C247&ssl=1",370,247,true]},"uagb_author_info":{"display_name":"ismaelcolosi.com.br","author_link":"https:\/\/ismaelcolosi.com.br\/index.php\/author\/vidareal-online\/"},"uagb_comment_info":0,"uagb_excerpt":"Os assaltantes que atacaram um carro-forte no in\u00edcio da noite desta segunda-feira (9), na rodovia C\u00e2ndido Portinari (SP-334), em Franca, cidade a aproximadamente 80 quil\u00f4metros...","jetpack-related-posts":[{"id":65241,"url":"https:\/\/ismaelcolosi.com.br\/index.php\/2024\/09\/11\/policia-detem-suspeito-por-ataque-a-carro-forte-na-regiao-de-ribeirao-preto\/","url_meta":{"origin":64985,"position":0},"title":"Pol\u00edcia det\u00e9m suspeito por ataque a carro-forte na regi\u00e3o de Ribeir\u00e3o Preto","author":"ismaelcolosi.com.br","date":"11 de September de 2024","format":false,"excerpt":"A pol\u00edcia deteve um homem suspeito de envolvimento no ataque a carro-forte na regi\u00e3o de Ribeir\u00e3o Preto. O suspeito \u00e9 Roberto Marques Trov\u00e3o Lafaeff, de 36 anos, que havia procurado atendimento m\u00e9dico na UPA (Unidade de Pronto Atendimento) de Valinhos, na regi\u00e3o de Campinas, na \u00faltima ter\u00e7a-feira (10). Ele apresentava\u2026","rel":"","context":"In &quot;Not\u00edcias de Ribeir\u00e3o Preto-SP e Regi\u00e3o&quot;","block_context":{"text":"Not\u00edcias de Ribeir\u00e3o Preto-SP e Regi\u00e3o","link":"https:\/\/ismaelcolosi.com.br\/index.php\/category\/noticias-de-ribeirao-preto-sp-e-regiao-ismael-colosi\/"},"img":{"alt_text":"","src":"https:\/\/i0.wp.com\/ismaelcolosi.com.br\/wp-content\/uploads\/2024\/09\/roberto_2024-09-11_16-51-22_jpeg_2024-09-11_16-51-22.webp.webp?fit=1200%2C674&ssl=1&resize=350%2C200","width":350,"height":200,"srcset":"https:\/\/i0.wp.com\/ismaelcolosi.com.br\/wp-content\/uploads\/2024\/09\/roberto_2024-09-11_16-51-22_jpeg_2024-09-11_16-51-22.webp.webp?fit=1200%2C674&ssl=1&resize=350%2C200 1x, https:\/\/i0.wp.com\/ismaelcolosi.com.br\/wp-content\/uploads\/2024\/09\/roberto_2024-09-11_16-51-22_jpeg_2024-09-11_16-51-22.webp.webp?fit=1200%2C674&ssl=1&resize=525%2C300 1.5x, https:\/\/i0.wp.com\/ismaelcolosi.com.br\/wp-content\/uploads\/2024\/09\/roberto_2024-09-11_16-51-22_jpeg_2024-09-11_16-51-22.webp.webp?fit=1200%2C674&ssl=1&resize=700%2C400 2x, https:\/\/i0.wp.com\/ismaelcolosi.com.br\/wp-content\/uploads\/2024\/09\/roberto_2024-09-11_16-51-22_jpeg_2024-09-11_16-51-22.webp.webp?fit=1200%2C674&ssl=1&resize=1050%2C600 3x"},"classes":[]},{"id":65343,"url":"https:\/\/ismaelcolosi.com.br\/index.php\/2024\/09\/11\/suspeito-de-ataque-a-carro-forte-ja-foi-preso-com-arsenal-de-guerra\/","url_meta":{"origin":64985,"position":1},"title":"Suspeito de ataque a carro-forte j\u00e1 foi preso com arsenal de guerra","author":"ismaelcolosi.com.br","date":"11 de September de 2024","format":false,"excerpt":"Roberto Marques Trov\u00e3o Lafaeff, preso na ter\u00e7a-feira (10), pela suspeita de envolvimento no ataque a carro-forte na regi\u00e3o de Ribeir\u00e3o Preto, j\u00e1 era conhecido pelos policiais do Departamento Estadual de Investiga\u00e7\u00f5es Criminais (Deic). Conforme a Secretaria de Seguran\u00e7a P\u00fablica de S\u00e3o Paulo (SSP-SP), Lafaeff teria sido preso em flagrante em\u2026","rel":"","context":"In &quot;Not\u00edcias de Ribeir\u00e3o Preto-SP e Regi\u00e3o&quot;","block_context":{"text":"Not\u00edcias de Ribeir\u00e3o Preto-SP e Regi\u00e3o","link":"https:\/\/ismaelcolosi.com.br\/index.php\/category\/noticias-de-ribeirao-preto-sp-e-regiao-ismael-colosi\/"},"img":{"alt_text":"","src":"https:\/\/i0.wp.com\/ismaelcolosi.com.br\/wp-content\/uploads\/2024\/09\/Copia-de-Copia-de-Copia-de-TAMANHO-EXATO-PARA-FOTOS-NO-SISTEMA-NOVO-49_2024-09-11_22-30-14_png_2024-09-11_22-30-15.webp.webp?fit=1200%2C675&ssl=1&resize=350%2C200","width":350,"height":200,"srcset":"https:\/\/i0.wp.com\/ismaelcolosi.com.br\/wp-content\/uploads\/2024\/09\/Copia-de-Copia-de-Copia-de-TAMANHO-EXATO-PARA-FOTOS-NO-SISTEMA-NOVO-49_2024-09-11_22-30-14_png_2024-09-11_22-30-15.webp.webp?fit=1200%2C675&ssl=1&resize=350%2C200 1x, https:\/\/i0.wp.com\/ismaelcolosi.com.br\/wp-content\/uploads\/2024\/09\/Copia-de-Copia-de-Copia-de-TAMANHO-EXATO-PARA-FOTOS-NO-SISTEMA-NOVO-49_2024-09-11_22-30-14_png_2024-09-11_22-30-15.webp.webp?fit=1200%2C675&ssl=1&resize=525%2C300 1.5x, https:\/\/i0.wp.com\/ismaelcolosi.com.br\/wp-content\/uploads\/2024\/09\/Copia-de-Copia-de-Copia-de-TAMANHO-EXATO-PARA-FOTOS-NO-SISTEMA-NOVO-49_2024-09-11_22-30-14_png_2024-09-11_22-30-15.webp.webp?fit=1200%2C675&ssl=1&resize=700%2C400 2x, https:\/\/i0.wp.com\/ismaelcolosi.com.br\/wp-content\/uploads\/2024\/09\/Copia-de-Copia-de-Copia-de-TAMANHO-EXATO-PARA-FOTOS-NO-SISTEMA-NOVO-49_2024-09-11_22-30-14_png_2024-09-11_22-30-15.webp.webp?fit=1200%2C675&ssl=1&resize=1050%2C600 3x"},"classes":[]},{"id":64927,"url":"https:\/\/ismaelcolosi.com.br\/index.php\/2024\/09\/09\/o-que-se-sabe-sobre-ataque-a-carro-forte-no-interior-de-sp\/","url_meta":{"origin":64985,"position":2},"title":"O que se sabe sobre ataque a carro-forte no interior de SP","author":"ismaelcolosi.com.br","date":"9 de September de 2024","format":false,"excerpt":"Uma tentativa de assalto a carro-forte foi registrada no in\u00edcio da noite desta segunda-feira (9), pr\u00f3ximo ao quil\u00f4metro 384 da rodovia C\u00e2ndido Portinari (SP-334), em Restinga, cidade na regi\u00e3o de Ribeir\u00e3o Preto. Os criminosos abordaram um caminh\u00e3o na rodovia e atravessaram o ve\u00edculo na pista. O crime aconteceu por volta\u2026","rel":"","context":"In &quot;Not\u00edcias de Ribeir\u00e3o Preto-SP e Regi\u00e3o&quot;","block_context":{"text":"Not\u00edcias de Ribeir\u00e3o Preto-SP e Regi\u00e3o","link":"https:\/\/ismaelcolosi.com.br\/index.php\/category\/noticias-de-ribeirao-preto-sp-e-regiao-ismael-colosi\/"},"img":{"alt_text":"","src":"https:\/\/i0.wp.com\/ismaelcolosi.com.br\/wp-content\/uploads\/2024\/09\/Copia-de-Copia-de-Copia-de-TAMANHO-EXATO-PARA-FOTOS-NO-SISTEMA-NOVO-43_2024-09-10_01-41-49_png_2024-09-10_01-41-49.webp.webp?fit=1200%2C675&ssl=1&resize=350%2C200","width":350,"height":200,"srcset":"https:\/\/i0.wp.com\/ismaelcolosi.com.br\/wp-content\/uploads\/2024\/09\/Copia-de-Copia-de-Copia-de-TAMANHO-EXATO-PARA-FOTOS-NO-SISTEMA-NOVO-43_2024-09-10_01-41-49_png_2024-09-10_01-41-49.webp.webp?fit=1200%2C675&ssl=1&resize=350%2C200 1x, https:\/\/i0.wp.com\/ismaelcolosi.com.br\/wp-content\/uploads\/2024\/09\/Copia-de-Copia-de-Copia-de-TAMANHO-EXATO-PARA-FOTOS-NO-SISTEMA-NOVO-43_2024-09-10_01-41-49_png_2024-09-10_01-41-49.webp.webp?fit=1200%2C675&ssl=1&resize=525%2C300 1.5x, https:\/\/i0.wp.com\/ismaelcolosi.com.br\/wp-content\/uploads\/2024\/09\/Copia-de-Copia-de-Copia-de-TAMANHO-EXATO-PARA-FOTOS-NO-SISTEMA-NOVO-43_2024-09-10_01-41-49_png_2024-09-10_01-41-49.webp.webp?fit=1200%2C675&ssl=1&resize=700%2C400 2x, https:\/\/i0.wp.com\/ismaelcolosi.com.br\/wp-content\/uploads\/2024\/09\/Copia-de-Copia-de-Copia-de-TAMANHO-EXATO-PARA-FOTOS-NO-SISTEMA-NOVO-43_2024-09-10_01-41-49_png_2024-09-10_01-41-49.webp.webp?fit=1200%2C675&ssl=1&resize=1050%2C600 3x"},"classes":[]},{"id":52796,"url":"https:\/\/ismaelcolosi.com.br\/index.php\/2024\/06\/10\/criminosos-atacam-carro-forte-com-explosivos-e-metralhadora-em-rodovia-no-interior-de-sp\/","url_meta":{"origin":64985,"position":3},"title":"Criminosos atacam carro-forte com explosivos e metralhadora em rodovia no interior de SP","author":"ismaelcolosi.com.br","date":"10 de June de 2024","format":false,"excerpt":"Criminosos tentaram assaltar um carro-forte, na noite desta segunda-feira (10), na rodovia Engenheiro Thales de Lorena Peixoto Junior (SP-318), em um trecho que liga S\u00e3o Carlos a Ribeir\u00e3o Preto. De acordo com a apura\u00e7\u00e3o do portal acidade on S\u00e3o Carlos, a tentativa de assalto aconteceu pr\u00f3ximo ao ped\u00e1gio, no km\u2026","rel":"","context":"In &quot;Not\u00edcias de Ribeir\u00e3o Preto-SP e Regi\u00e3o&quot;","block_context":{"text":"Not\u00edcias de Ribeir\u00e3o Preto-SP e Regi\u00e3o","link":"https:\/\/ismaelcolosi.com.br\/index.php\/category\/noticias-de-ribeirao-preto-sp-e-regiao-ismael-colosi\/"},"img":{"alt_text":"","src":"https:\/\/i0.wp.com\/ismaelcolosi.com.br\/wp-content\/uploads\/2024\/06\/Copia-de-Copia-de-TAMANHO-EXATO-PARA-FOTOS-NO-SISTEMA-NOVO-74_2024-06-11_00-51-29_png_2024-06-11_00-51-29.webp.webp?fit=1200%2C675&ssl=1&resize=350%2C200","width":350,"height":200,"srcset":"https:\/\/i0.wp.com\/ismaelcolosi.com.br\/wp-content\/uploads\/2024\/06\/Copia-de-Copia-de-TAMANHO-EXATO-PARA-FOTOS-NO-SISTEMA-NOVO-74_2024-06-11_00-51-29_png_2024-06-11_00-51-29.webp.webp?fit=1200%2C675&ssl=1&resize=350%2C200 1x, https:\/\/i0.wp.com\/ismaelcolosi.com.br\/wp-content\/uploads\/2024\/06\/Copia-de-Copia-de-TAMANHO-EXATO-PARA-FOTOS-NO-SISTEMA-NOVO-74_2024-06-11_00-51-29_png_2024-06-11_00-51-29.webp.webp?fit=1200%2C675&ssl=1&resize=525%2C300 1.5x, https:\/\/i0.wp.com\/ismaelcolosi.com.br\/wp-content\/uploads\/2024\/06\/Copia-de-Copia-de-TAMANHO-EXATO-PARA-FOTOS-NO-SISTEMA-NOVO-74_2024-06-11_00-51-29_png_2024-06-11_00-51-29.webp.webp?fit=1200%2C675&ssl=1&resize=700%2C400 2x, https:\/\/i0.wp.com\/ismaelcolosi.com.br\/wp-content\/uploads\/2024\/06\/Copia-de-Copia-de-TAMANHO-EXATO-PARA-FOTOS-NO-SISTEMA-NOVO-74_2024-06-11_00-51-29_png_2024-06-11_00-51-29.webp.webp?fit=1200%2C675&ssl=1&resize=1050%2C600 3x"},"classes":[]},{"id":65336,"url":"https:\/\/ismaelcolosi.com.br\/index.php\/2024\/09\/11\/policial-foi-morto-durante-acao-de-criminosos-em-rodovia-na-regiao-de-ribeirao\/","url_meta":{"origin":64985,"position":4},"title":"Policial foi morto durante a\u00e7\u00e3o de criminosos em rodovia na regi\u00e3o de Ribeir\u00e3o","author":"ismaelcolosi.com.br","date":"11 de September de 2024","format":false,"excerpt":"O sargento Marcio Ribeiro, do Baep (Batalh\u00e3o de A\u00e7\u00f5es Especiais de Pol\u00edcia) de Ribeir\u00e3o Preto, morreu durante a a\u00e7\u00e3o de criminosos na tarde desta quarta-feira (11), entre Cajuru e Altin\u00f3polis. De acordo com a SSP-SP (Secretaria de Seguran\u00e7a P\u00fablica de S\u00e3o Paulo), o policial e sua equipe realizavam patrulhamento na\u2026","rel":"","context":"In &quot;Not\u00edcias de Ribeir\u00e3o Preto-SP e Regi\u00e3o&quot;","block_context":{"text":"Not\u00edcias de Ribeir\u00e3o Preto-SP e Regi\u00e3o","link":"https:\/\/ismaelcolosi.com.br\/index.php\/category\/noticias-de-ribeirao-preto-sp-e-regiao-ismael-colosi\/"},"img":{"alt_text":"","src":"https:\/\/i0.wp.com\/ismaelcolosi.com.br\/wp-content\/uploads\/2024\/09\/marcio-carcara_2024-09-11_21-50-59_jpg_2024-09-11_21-50-59.webp.webp?fit=1200%2C864&ssl=1&resize=350%2C200","width":350,"height":200,"srcset":"https:\/\/i0.wp.com\/ismaelcolosi.com.br\/wp-content\/uploads\/2024\/09\/marcio-carcara_2024-09-11_21-50-59_jpg_2024-09-11_21-50-59.webp.webp?fit=1200%2C864&ssl=1&resize=350%2C200 1x, https:\/\/i0.wp.com\/ismaelcolosi.com.br\/wp-content\/uploads\/2024\/09\/marcio-carcara_2024-09-11_21-50-59_jpg_2024-09-11_21-50-59.webp.webp?fit=1200%2C864&ssl=1&resize=525%2C300 1.5x, https:\/\/i0.wp.com\/ismaelcolosi.com.br\/wp-content\/uploads\/2024\/09\/marcio-carcara_2024-09-11_21-50-59_jpg_2024-09-11_21-50-59.webp.webp?fit=1200%2C864&ssl=1&resize=700%2C400 2x, https:\/\/i0.wp.com\/ismaelcolosi.com.br\/wp-content\/uploads\/2024\/09\/marcio-carcara_2024-09-11_21-50-59_jpg_2024-09-11_21-50-59.webp.webp?fit=1200%2C864&ssl=1&resize=1050%2C600 3x"},"classes":[]},{"id":77788,"url":"https:\/\/ismaelcolosi.com.br\/index.php\/2024\/11\/28\/homem-preso-apos-ataque-a-carro-forte-e-denunciado-pelo-mp\/","url_meta":{"origin":64985,"position":5},"title":"Homem preso ap\u00f3s ataque a carro-forte \u00e9 denunciado pelo MP","author":"ismaelcolosi.com.br","date":"28 de November de 2024","format":false,"excerpt":"Por: Adalberto Luque O Minist\u00e9rio P\u00fablico de S\u00e3o Paulo (MPSP) denunciou Roberto Marques Trov\u00e3o Lafaeff, de 36 anos, por roubo e falsidade ideol\u00f3gica, relativos ao ataque a um carro-forte ocorrido na Rodovia C\u00e2ndido Portinari (SP-334) no dia 9 de setembro deste ano. Lafaeff foi preso quando procurou atendimento m\u00e9dico em\u2026","rel":"","context":"In &quot;Not\u00edcias de Ribeir\u00e3o Preto-SP e Regi\u00e3o&quot;","block_context":{"text":"Not\u00edcias de Ribeir\u00e3o Preto-SP e Regi\u00e3o","link":"https:\/\/ismaelcolosi.com.br\/index.php\/category\/noticias-de-ribeirao-preto-sp-e-regiao-ismael-colosi\/"},"img":{"alt_text":"","src":"https:\/\/i0.wp.com\/ismaelcolosi.com.br\/wp-content\/uploads\/2024\/11\/13set2024suspeitovalinhos-scaled.jpg?fit=800%2C400&ssl=1&resize=350%2C200","width":350,"height":200,"srcset":"https:\/\/i0.wp.com\/ismaelcolosi.com.br\/wp-content\/uploads\/2024\/11\/13set2024suspeitovalinhos-scaled.jpg?fit=800%2C400&ssl=1&resize=350%2C200 1x, https:\/\/i0.wp.com\/ismaelcolosi.com.br\/wp-content\/uploads\/2024\/11\/13set2024suspeitovalinhos-scaled.jpg?fit=800%2C400&ssl=1&resize=525%2C300 1.5x, https:\/\/i0.wp.com\/ismaelcolosi.com.br\/wp-content\/uploads\/2024\/11\/13set2024suspeitovalinhos-scaled.jpg?fit=800%2C400&ssl=1&resize=700%2C400 2x"},"classes":[]}],"jetpack_sharing_enabled":true,"jetpack_shortlink":"https:\/\/wp.me\/pfMlyK-gU9","_links":{"self":[{"href":"https:\/\/ismaelcolosi.com.br\/index.php\/wp-json\/wp\/v2\/posts\/64985","targetHints":{"allow":["GET"]}}],"collection":[{"href":"https:\/\/ismaelcolosi.com.br\/index.php\/wp-json\/wp\/v2\/posts"}],"about":[{"href":"https:\/\/ismaelcolosi.com.br\/index.php\/wp-json\/wp\/v2\/types\/post"}],"author":[{"embeddable":true,"href":"https:\/\/ismaelcolosi.com.br\/index.php\/wp-json\/wp\/v2\/users\/1"}],"replies":[{"embeddable":true,"href":"https:\/\/ismaelcolosi.com.br\/index.php\/wp-json\/wp\/v2\/comments?post=64985"}],"version-history":[{"count":0,"href":"https:\/\/ismaelcolosi.com.br\/index.php\/wp-json\/wp\/v2\/posts\/64985\/revisions"}],"wp:featuredmedia":[{"embeddable":true,"href":"https:\/\/ismaelcolosi.com.br\/index.php\/wp-json\/wp\/v2\/media\/64986"}],"wp:attachment":[{"href":"https:\/\/ismaelcolosi.com.br\/index.php\/wp-json\/wp\/v2\/media?parent=64985"}],"wp:term":[{"taxonomy":"category","embeddable":true,"href":"https:\/\/ismaelcolosi.com.br\/index.php\/wp-json\/wp\/v2\/categories?post=64985"},{"taxonomy":"post_tag","embeddable":true,"href":"https:\/\/ismaelcolosi.com.br\/index.php\/wp-json\/wp\/v2\/tags?post=64985"}],"curies":[{"name":"wp","href":"https:\/\/api.w.org\/{rel}","templated":true}]}}