{"id":64981,"date":"2024-09-10T10:27:23","date_gmt":"2024-09-10T13:27:23","guid":{"rendered":"https:\/\/ismaelcolosi.com.br\/index.php\/2024\/09\/10\/entenda-a-situacao-das-obras-do-aeroporto-de-ribeirao-preto\/"},"modified":"2024-09-10T10:27:23","modified_gmt":"2024-09-10T13:27:23","slug":"entenda-a-situacao-das-obras-do-aeroporto-de-ribeirao-preto","status":"publish","type":"post","link":"https:\/\/ismaelcolosi.com.br\/index.php\/2024\/09\/10\/entenda-a-situacao-das-obras-do-aeroporto-de-ribeirao-preto\/","title":{"rendered":"Entenda a situa\u00e7\u00e3o das obras do aeroporto de Ribeir\u00e3o Preto"},"content":{"rendered":"<p> <br \/>\n<\/p>\n<div data-td-block-uid=\"tdi_106\">\n<div class=\"tdb-block-inner td-fix-index\">\n<p>A <strong>Rede Voa<\/strong>, respons\u00e1vel pela administra\u00e7\u00e3o do <strong>aeroporto Leite Lopes<\/strong>, em <strong>Ribeir\u00e3o Preto<\/strong>, informou que est\u00e1 em fase de contrata\u00e7\u00e3o da empresa respons\u00e1vel por fornecer a cobertura do novo Boulevard. <\/p>\n<p>De acordo com a concession\u00e1ria, j\u00e1 foram realizadas as altera\u00e7\u00f5es necess\u00e1rias para a continuidade do acesso vi\u00e1rio<strong>.<\/strong> No entanto, <mark style=\"background-color:#fcb900\" class=\"has-inline-color\">o prazo para conclus\u00e3o <strong>n\u00e3o foi informado. <\/strong><\/mark>A <strong>Rede Voa<\/strong> informou que o projeto passou por readequa\u00e7\u00f5es e altera\u00e7\u00f5es.<\/p>\n<p>Nesta etapa, est\u00e1 sendo realizada a amplia\u00e7\u00e3o do Embarque e Desembarque, constru\u00e7\u00e3o de uma passarela coberta para o tr\u00e1fego de passageiros entre o terminal e o p\u00e1tio de aeronaves, constru\u00e7\u00e3o do novo acesso vi\u00e1rio, al\u00e9m do Boulevard.<\/p>\n<h4 class=\"wp-block-heading\"><strong>Amplia\u00e7\u00e3o<\/strong><\/h4>\n<p>No ano passado, foi feito o<strong> <mark style=\"background-color:#fcb900\" class=\"has-inline-color\">primeiro an\u00fancio<\/mark><\/strong> informando que o local ganharia uma <strong>\u00e1rea com lojas e \u00e1reas de alimenta\u00e7\u00e3o<\/strong>. Na \u00e9poca, a previs\u00e3o de entrega do Boulevard, <strong>segundo a Rede Voa<\/strong>, era no final de 2023. <\/p>\n<p>No entanto, no in\u00edcio deste ano a\u00a0<strong>Rede Voa<\/strong>\u00a0informou que o\u00a0<strong>prazo para a entrega<\/strong>\u00a0do Boulevard,\u00a0desta vez,\u00a0<strong>seria no final de 2024<\/strong>. O investimento previsto \u00e9 de R$ 15 milh\u00f5es.<\/p>\n<p>SAIBA MAIS<\/p>\n<p>Caminh\u00e3o tomba e deixa feridos na zona Norte de Ribeir\u00e3o<\/p>\n<h4 class=\"wp-block-heading\"><strong>FIQUE ON<\/strong><\/h4>\n<p>Fique ligado em tudo que acontece em Ribeir\u00e3o Preto e regi\u00e3o. Siga os perfis do\u00a0<strong>acidade on<\/strong>\u00a0no\u00a0<a href=\"https:\/\/www.instagram.com\/acidadeonribeirao\" target=\"_blank\" rel=\"noreferrer noopener\">Instagram\u00a0<\/a>e no\u00a0<a href=\"https:\/\/www.facebook.com\/acidadeonribeirao\/\" target=\"_blank\" rel=\"noreferrer noopener\">Facebook<\/a>.<\/p>\n<p>Receba not\u00edcias do\u00a0<strong>acidade on<\/strong>\u00a0no WhatsApp.\u00a0<a href=\"https:\/\/chat.whatsapp.com\/Dtv9mxhy6V5BJBotM2OQ5k\" target=\"_blank\" rel=\"noreferrer noopener\">Para entrar no grupo, basta clicar aqui.<\/a><\/p>\n<p>Fa\u00e7a uma den\u00fancia ou sugira uma reportagem sobre Ribeir\u00e3o Preto e regi\u00e3o pelo WhatsApp: 16 99117 7802.<\/p>\n<p>VEJA TAMB\u00c9M<\/p>\n<p>O que acontece quando a umidade relativa do ar chega a 0%?<\/p>\n<p><!-- CONTENT END 1 -->\n<\/div>\n<\/div>\n<p><script async src=\"\/\/www.instagram.com\/embed.js\"><\/script><br \/>\n<br \/><br \/>\n<br \/><a href=\"https:\/\/www.acidadeon.com\/ribeiraopreto\/economia\/entenda-a-situacao-das-obras-do-aeroporto-de-ribeirao-preto\/\">Source link <\/a><\/p>\n","protected":false},"excerpt":{"rendered":"<p>A Rede Voa, respons\u00e1vel pela administra\u00e7\u00e3o do aeroporto Leite Lopes, em Ribeir\u00e3o Preto, informou que est\u00e1 em fase de contrata\u00e7\u00e3o da empresa respons\u00e1vel por fornecer&#8230;<\/p>\n","protected":false},"author":1,"featured_media":46691,"comment_status":"open","ping_status":"open","sticky":false,"template":"","format":"standard","meta":{"_uag_custom_page_level_css":"","advanced_seo_description":"","jetpack_seo_html_title":"","jetpack_seo_noindex":false,"jetpack_post_was_ever_published":false,"_jetpack_newsletter_access":"","_jetpack_dont_email_post_to_subs":false,"_jetpack_newsletter_tier_id":0,"_jetpack_memberships_contains_paywalled_content":false,"_jetpack_memberships_contains_paid_content":false,"footnotes":"","jetpack_publicize_message":"","jetpack_publicize_feature_enabled":true,"jetpack_social_post_already_shared":true,"jetpack_social_options":{"image_generator_settings":{"template":"highway","default_image_id":0,"font":"","enabled":false},"version":2}},"categories":[11],"tags":[],"class_list":["post-64981","post","type-post","status-publish","format-standard","has-post-thumbnail","hentry","category-noticias-de-ribeirao-preto-sp-e-regiao-ismael-colosi"],"jetpack_publicize_connections":[],"jetpack_featured_media_url":"https:\/\/i0.wp.com\/ismaelcolosi.com.br\/wp-content\/uploads\/2024\/04\/AnyConv.com__leite-lopes.webp.webp?fit=1019%2C572&ssl=1","uagb_featured_image_src":{"full":["https:\/\/i0.wp.com\/ismaelcolosi.com.br\/wp-content\/uploads\/2024\/04\/AnyConv.com__leite-lopes.webp.webp?fit=1019%2C572&ssl=1",1019,572,false],"thumbnail":["https:\/\/i0.wp.com\/ismaelcolosi.com.br\/wp-content\/uploads\/2024\/04\/AnyConv.com__leite-lopes.webp.webp?resize=150%2C150&ssl=1",150,150,true],"medium":["https:\/\/i0.wp.com\/ismaelcolosi.com.br\/wp-content\/uploads\/2024\/04\/AnyConv.com__leite-lopes.webp.webp?fit=300%2C168&ssl=1",300,168,true],"medium_large":["https:\/\/i0.wp.com\/ismaelcolosi.com.br\/wp-content\/uploads\/2024\/04\/AnyConv.com__leite-lopes.webp.webp?fit=768%2C431&ssl=1",768,431,true],"large":["https:\/\/i0.wp.com\/ismaelcolosi.com.br\/wp-content\/uploads\/2024\/04\/AnyConv.com__leite-lopes.webp.webp?fit=1019%2C572&ssl=1",1019,572,true],"1536x1536":["https:\/\/i0.wp.com\/ismaelcolosi.com.br\/wp-content\/uploads\/2024\/04\/AnyConv.com__leite-lopes.webp.webp?fit=1019%2C572&ssl=1",1019,572,true],"2048x2048":["https:\/\/i0.wp.com\/ismaelcolosi.com.br\/wp-content\/uploads\/2024\/04\/AnyConv.com__leite-lopes.webp.webp?fit=1019%2C572&ssl=1",1019,572,true],"really-simple-thumb":["https:\/\/i0.wp.com\/ismaelcolosi.com.br\/wp-content\/uploads\/2024\/04\/AnyConv.com__leite-lopes.webp.webp?resize=370%2C247&ssl=1",370,247,true]},"uagb_author_info":{"display_name":"ismaelcolosi.com.br","author_link":"https:\/\/ismaelcolosi.com.br\/index.php\/author\/vidareal-online\/"},"uagb_comment_info":0,"uagb_excerpt":"A Rede Voa, respons\u00e1vel pela administra\u00e7\u00e3o do aeroporto Leite Lopes, em Ribeir\u00e3o Preto, informou que est\u00e1 em fase de contrata\u00e7\u00e3o da empresa respons\u00e1vel por fornecer...","jetpack-related-posts":[{"id":47577,"url":"https:\/\/ismaelcolosi.com.br\/index.php\/2024\/04\/26\/de-olho-em-voos-internacionais-reforma-do-aeroporto-de-ribeirao-preto-e-retomada\/","url_meta":{"origin":64981,"position":0},"title":"De olho em voos internacionais, reforma do aeroporto de Ribeir\u00e3o Preto \u00e9 retomada","author":"ismaelcolosi.com.br","date":"26 de April de 2024","format":false,"excerpt":"J\u00e1 come\u00e7aram as fases 2 e 3 da reforma e revitaliza\u00e7\u00e3o do aeroporto Leite Lopes, em Ribeir\u00e3o Preto. Ser\u00e3o investidos R$ 15 milh\u00f5es nesta etapa do projeto, que deve ser conclu\u00edda at\u00e9 novembro deste ano. O processo inclui a internacionaliza\u00e7\u00e3o do aeroporto, com a constru\u00e7\u00e3o de nova sala de embarque\u2026","rel":"","context":"In &quot;Not\u00edcias de Ribeir\u00e3o Preto-SP e Regi\u00e3o&quot;","block_context":{"text":"Not\u00edcias de Ribeir\u00e3o Preto-SP e Regi\u00e3o","link":"https:\/\/ismaelcolosi.com.br\/index.php\/category\/noticias-de-ribeirao-preto-sp-e-regiao-ismael-colosi\/"},"img":{"alt_text":"","src":"https:\/\/i0.wp.com\/ismaelcolosi.com.br\/wp-content\/uploads\/2024\/04\/AnyConv.com__aeroporto-leite-lopes.webp.webp?fit=1200%2C713&ssl=1&resize=350%2C200","width":350,"height":200,"srcset":"https:\/\/i0.wp.com\/ismaelcolosi.com.br\/wp-content\/uploads\/2024\/04\/AnyConv.com__aeroporto-leite-lopes.webp.webp?fit=1200%2C713&ssl=1&resize=350%2C200 1x, https:\/\/i0.wp.com\/ismaelcolosi.com.br\/wp-content\/uploads\/2024\/04\/AnyConv.com__aeroporto-leite-lopes.webp.webp?fit=1200%2C713&ssl=1&resize=525%2C300 1.5x, https:\/\/i0.wp.com\/ismaelcolosi.com.br\/wp-content\/uploads\/2024\/04\/AnyConv.com__aeroporto-leite-lopes.webp.webp?fit=1200%2C713&ssl=1&resize=700%2C400 2x, https:\/\/i0.wp.com\/ismaelcolosi.com.br\/wp-content\/uploads\/2024\/04\/AnyConv.com__aeroporto-leite-lopes.webp.webp?fit=1200%2C713&ssl=1&resize=1050%2C600 3x"},"classes":[]},{"id":34856,"url":"https:\/\/ismaelcolosi.com.br\/index.php\/2024\/02\/03\/rp-tera-voos-internacionais-em-2025\/","url_meta":{"origin":64981,"position":1},"title":"RP ter\u00e1 voos internacionais em 2025\u00a0","author":"ismaelcolosi.com.br","date":"3 de February de 2024","format":false,"excerpt":"An\u00fancio foi feito pelo CEO da Rede Voa, Marcel Moure, ao prefeito Duarte Nogueira: boulevard do Leite Lopes ser\u00e1 entregue este ano\u00a0 3 de fevereiro de 2024 | 18:002 de fevereiro de 2024 | 20:55 0Em uma reuni\u00e3o realizada no Centro Administrativo Prefeito Jos\u00e9 de Magalh\u00e3es, sede da prefeitura de\u2026","rel":"","context":"In &quot;Not\u00edcias de Ribeir\u00e3o Preto-SP e Regi\u00e3o&quot;","block_context":{"text":"Not\u00edcias de Ribeir\u00e3o Preto-SP e Regi\u00e3o","link":"https:\/\/ismaelcolosi.com.br\/index.php\/category\/noticias-de-ribeirao-preto-sp-e-regiao-ismael-colosi\/"},"img":{"alt_text":"","src":"https:\/\/i0.wp.com\/ismaelcolosi.com.br\/wp-content\/uploads\/2024\/02\/AeroCEE-Fernando-Gonzaga-02-scaled.jpg?fit=967%2C645&ssl=1&resize=350%2C200","width":350,"height":200,"srcset":"https:\/\/i0.wp.com\/ismaelcolosi.com.br\/wp-content\/uploads\/2024\/02\/AeroCEE-Fernando-Gonzaga-02-scaled.jpg?fit=967%2C645&ssl=1&resize=350%2C200 1x, https:\/\/i0.wp.com\/ismaelcolosi.com.br\/wp-content\/uploads\/2024\/02\/AeroCEE-Fernando-Gonzaga-02-scaled.jpg?fit=967%2C645&ssl=1&resize=525%2C300 1.5x, https:\/\/i0.wp.com\/ismaelcolosi.com.br\/wp-content\/uploads\/2024\/02\/AeroCEE-Fernando-Gonzaga-02-scaled.jpg?fit=967%2C645&ssl=1&resize=700%2C400 2x"},"classes":[]},{"id":34646,"url":"https:\/\/ismaelcolosi.com.br\/index.php\/2024\/02\/02\/boulevard-do-aeroporto-de-ribeirao-preto-e-anunciado-pela-2a-vez-em-um-ano\/","url_meta":{"origin":64981,"position":2},"title":"Boulevard do Aeroporto de Ribeir\u00e3o Preto \u00e9 anunciado pela 2\u00aa vez em um ano","author":"ismaelcolosi.com.br","date":"2 de February de 2024","format":false,"excerpt":"Depois de um ano que a Prefeitura de Ribeir\u00e3o Preto e a Rede Voa anunciaram que o Aeroporto Leite Lopes iria ganhar um espa\u00e7o com lojas e \u00e1reas de alimenta\u00e7\u00e3o, a administra\u00e7\u00e3o municipal e a concession\u00e1ria que administra o local, informaram nesta sexta-feira (2), a mesma proposta. \u00a0 A diferen\u00e7a\u2026","rel":"","context":"In &quot;Not\u00edcias de Ribeir\u00e3o Preto-SP e Regi\u00e3o&quot;","block_context":{"text":"Not\u00edcias de Ribeir\u00e3o Preto-SP e Regi\u00e3o","link":"https:\/\/ismaelcolosi.com.br\/index.php\/category\/noticias-de-ribeirao-preto-sp-e-regiao-ismael-colosi\/"},"img":{"alt_text":"","src":"https:\/\/i0.wp.com\/ismaelcolosi.com.br\/wp-content\/uploads\/2024\/02\/aeroporto.jpg?fit=674%2C410&ssl=1&resize=350%2C200","width":350,"height":200,"srcset":"https:\/\/i0.wp.com\/ismaelcolosi.com.br\/wp-content\/uploads\/2024\/02\/aeroporto.jpg?fit=674%2C410&ssl=1&resize=350%2C200 1x, https:\/\/i0.wp.com\/ismaelcolosi.com.br\/wp-content\/uploads\/2024\/02\/aeroporto.jpg?fit=674%2C410&ssl=1&resize=525%2C300 1.5x"},"classes":[]},{"id":62068,"url":"https:\/\/ismaelcolosi.com.br\/index.php\/2024\/08\/25\/aeroporto-de-ribeirao-preto-recebe-aviao-especial-para-combate-a-incendios\/","url_meta":{"origin":64981,"position":3},"title":"Aeroporto de Ribeir\u00e3o Preto recebe avi\u00e3o especial para combate a inc\u00eandios","author":"ismaelcolosi.com.br","date":"25 de August de 2024","format":false,"excerpt":"O aeroporto Leite Lopes, em Ribeir\u00e3o Preto, foi utilizado como base de apoio para as a\u00e7\u00f5es de emergenciais do gabinete de crise, criado pelo Governo de S\u00e3o Paulo e pelas For\u00e7as Armadas para as a\u00e7\u00f5es de combate aos inc\u00eandios. Segundo a Rede Voa, respons\u00e1vel pela administra\u00e7\u00e3o do aeroporto, a a\u00e7\u00e3o\u2026","rel":"","context":"In &quot;Not\u00edcias de Ribeir\u00e3o Preto-SP e Regi\u00e3o&quot;","block_context":{"text":"Not\u00edcias de Ribeir\u00e3o Preto-SP e Regi\u00e3o","link":"https:\/\/ismaelcolosi.com.br\/index.php\/category\/noticias-de-ribeirao-preto-sp-e-regiao-ismael-colosi\/"},"img":{"alt_text":"","src":"https:\/\/i0.wp.com\/ismaelcolosi.com.br\/wp-content\/uploads\/2024\/08\/aviao-incendio_2024-08-25_13-25-59_jpg_2024-08-25_13-25-59.webp.webp?fit=847%2C847&ssl=1&resize=350%2C200","width":350,"height":200,"srcset":"https:\/\/i0.wp.com\/ismaelcolosi.com.br\/wp-content\/uploads\/2024\/08\/aviao-incendio_2024-08-25_13-25-59_jpg_2024-08-25_13-25-59.webp.webp?fit=847%2C847&ssl=1&resize=350%2C200 1x, https:\/\/i0.wp.com\/ismaelcolosi.com.br\/wp-content\/uploads\/2024\/08\/aviao-incendio_2024-08-25_13-25-59_jpg_2024-08-25_13-25-59.webp.webp?fit=847%2C847&ssl=1&resize=525%2C300 1.5x, https:\/\/i0.wp.com\/ismaelcolosi.com.br\/wp-content\/uploads\/2024\/08\/aviao-incendio_2024-08-25_13-25-59_jpg_2024-08-25_13-25-59.webp.webp?fit=847%2C847&ssl=1&resize=700%2C400 2x"},"classes":[]},{"id":8309,"url":"https:\/\/ismaelcolosi.com.br\/index.php\/2023\/11\/29\/viaduto-sera-entregue-em-dezembro\/","url_meta":{"origin":64981,"position":4},"title":"Viaduto ser\u00e1 entregue em dezembro","author":"ismaelcolosi.com.br","date":"29 de November de 2023","format":false,"excerpt":"As obras do viaduto da avenida Brasil no cruzamento com a Mogiana, na Zona Norte de Ribeir\u00e3o Preto, devem ser conclu\u00eddas em dezembro. A prefeitura havia anunciado, em outubro, que o equipamento vi\u00e1rio seria inaugurado em janeiro de 2024 depois de muitos atrasos e pol\u00eamicas. A informa\u00e7\u00e3o foi divulgada pela\u2026","rel":"","context":"In &quot;Not\u00edcias de Ribeir\u00e3o Preto-SP e Regi\u00e3o&quot;","block_context":{"text":"Not\u00edcias de Ribeir\u00e3o Preto-SP e Regi\u00e3o","link":"https:\/\/ismaelcolosi.com.br\/index.php\/category\/noticias-de-ribeirao-preto-sp-e-regiao-ismael-colosi\/"},"img":{"alt_text":"","src":"https:\/\/i0.wp.com\/ismaelcolosi.com.br\/wp-content\/uploads\/2023\/11\/obraviaduto-scaled.jpg?fit=1200%2C800&ssl=1&resize=350%2C200","width":350,"height":200,"srcset":"https:\/\/i0.wp.com\/ismaelcolosi.com.br\/wp-content\/uploads\/2023\/11\/obraviaduto-scaled.jpg?fit=1200%2C800&ssl=1&resize=350%2C200 1x, https:\/\/i0.wp.com\/ismaelcolosi.com.br\/wp-content\/uploads\/2023\/11\/obraviaduto-scaled.jpg?fit=1200%2C800&ssl=1&resize=525%2C300 1.5x, https:\/\/i0.wp.com\/ismaelcolosi.com.br\/wp-content\/uploads\/2023\/11\/obraviaduto-scaled.jpg?fit=1200%2C800&ssl=1&resize=700%2C400 2x, https:\/\/i0.wp.com\/ismaelcolosi.com.br\/wp-content\/uploads\/2023\/11\/obraviaduto-scaled.jpg?fit=1200%2C800&ssl=1&resize=1050%2C600 3x"},"classes":[]},{"id":16124,"url":"https:\/\/ismaelcolosi.com.br\/index.php\/2023\/12\/15\/viaduto-da-mogiana-sera-inaugurado-na-proxima-semana\/","url_meta":{"origin":64981,"position":5},"title":"Viaduto da Mogiana ser\u00e1\u00a0inaugurado na pr\u00f3xima semana","author":"ismaelcolosi.com.br","date":"15 de December de 2023","format":false,"excerpt":"As obras do viaduto da avenida Brasil, sobre a Mogiana e em dire\u00e7\u00e3o \u00e0 Thomaz Alberto Whately, na Zona Norte de Ribeir\u00e3o Preto, est\u00e3o perto do fim. O equipamento deve ser entregue na pr\u00f3xima semana. No local, os trabalhos est\u00e3o concentrados nos \u00faltimos ajustes.Trabalham na capa final do asfalto, conclus\u00e3o\u2026","rel":"","context":"In &quot;Not\u00edcias de Ribeir\u00e3o Preto-SP e Regi\u00e3o&quot;","block_context":{"text":"Not\u00edcias de Ribeir\u00e3o Preto-SP e Regi\u00e3o","link":"https:\/\/ismaelcolosi.com.br\/index.php\/category\/noticias-de-ribeirao-preto-sp-e-regiao-ismael-colosi\/"},"img":{"alt_text":"","src":"https:\/\/i0.wp.com\/ismaelcolosi.com.br\/wp-content\/uploads\/2023\/12\/mogiana-scaled.jpg?fit=967%2C645&ssl=1&resize=350%2C200","width":350,"height":200,"srcset":"https:\/\/i0.wp.com\/ismaelcolosi.com.br\/wp-content\/uploads\/2023\/12\/mogiana-scaled.jpg?fit=967%2C645&ssl=1&resize=350%2C200 1x, https:\/\/i0.wp.com\/ismaelcolosi.com.br\/wp-content\/uploads\/2023\/12\/mogiana-scaled.jpg?fit=967%2C645&ssl=1&resize=525%2C300 1.5x, https:\/\/i0.wp.com\/ismaelcolosi.com.br\/wp-content\/uploads\/2023\/12\/mogiana-scaled.jpg?fit=967%2C645&ssl=1&resize=700%2C400 2x"},"classes":[]}],"jetpack_sharing_enabled":true,"jetpack_shortlink":"https:\/\/wp.me\/pfMlyK-gU5","_links":{"self":[{"href":"https:\/\/ismaelcolosi.com.br\/index.php\/wp-json\/wp\/v2\/posts\/64981","targetHints":{"allow":["GET"]}}],"collection":[{"href":"https:\/\/ismaelcolosi.com.br\/index.php\/wp-json\/wp\/v2\/posts"}],"about":[{"href":"https:\/\/ismaelcolosi.com.br\/index.php\/wp-json\/wp\/v2\/types\/post"}],"author":[{"embeddable":true,"href":"https:\/\/ismaelcolosi.com.br\/index.php\/wp-json\/wp\/v2\/users\/1"}],"replies":[{"embeddable":true,"href":"https:\/\/ismaelcolosi.com.br\/index.php\/wp-json\/wp\/v2\/comments?post=64981"}],"version-history":[{"count":0,"href":"https:\/\/ismaelcolosi.com.br\/index.php\/wp-json\/wp\/v2\/posts\/64981\/revisions"}],"wp:featuredmedia":[{"embeddable":true,"href":"https:\/\/ismaelcolosi.com.br\/index.php\/wp-json\/wp\/v2\/media\/46691"}],"wp:attachment":[{"href":"https:\/\/ismaelcolosi.com.br\/index.php\/wp-json\/wp\/v2\/media?parent=64981"}],"wp:term":[{"taxonomy":"category","embeddable":true,"href":"https:\/\/ismaelcolosi.com.br\/index.php\/wp-json\/wp\/v2\/categories?post=64981"},{"taxonomy":"post_tag","embeddable":true,"href":"https:\/\/ismaelcolosi.com.br\/index.php\/wp-json\/wp\/v2\/tags?post=64981"}],"curies":[{"name":"wp","href":"https:\/\/api.w.org\/{rel}","templated":true}]}}