{"id":64962,"date":"2024-09-10T08:41:38","date_gmt":"2024-09-10T11:41:38","guid":{"rendered":"https:\/\/ismaelcolosi.com.br\/index.php\/2024\/09\/10\/onda-de-calor-veja-as-temperaturas-nos-proximos-dias-no-interior-de-sp\/"},"modified":"2024-09-10T08:41:38","modified_gmt":"2024-09-10T11:41:38","slug":"onda-de-calor-veja-as-temperaturas-nos-proximos-dias-no-interior-de-sp","status":"publish","type":"post","link":"https:\/\/ismaelcolosi.com.br\/index.php\/2024\/09\/10\/onda-de-calor-veja-as-temperaturas-nos-proximos-dias-no-interior-de-sp\/","title":{"rendered":"Onda de calor: Veja as temperaturas nos pr\u00f3ximos dias no interior de SP"},"content":{"rendered":"<p> <br \/>\n<\/p>\n<div data-td-block-uid=\"tdi_106\">\n<div class=\"tdb-block-inner td-fix-index\">\n<p><strong>A onda de calor foi prorrogada e deve persistir at\u00e9 o dia 20 de setembro, segundo a <a href=\"https:\/\/www.climatempo.com.br\/\" target=\"_blank\" rel=\"noreferrer noopener\">Climatempo<\/a>.<\/strong><\/p>\n<p><mark style=\"background-color:#fcb900\" class=\"has-inline-color has-black-color\">As temperaturas seguem elevadas e podem se aproximar de 40\u00b0C no extremo Norte e Oeste do estado de S\u00e3o Paulo.<\/mark><\/p>\n<h4 class=\"wp-block-heading\"><strong>Sem chuva e com fuma\u00e7a<\/strong><\/h4>\n<p>Sem <strong>previs\u00e3o de chuva<\/strong> ao longo da semana, a <strong>fuma\u00e7a <\/strong>ainda <strong>encobre <\/strong>a <strong>regi\u00e3o de Ribeir\u00e3o Preto<\/strong>.<\/p>\n<p>Nesta <strong>ter\u00e7a-feira (10)<\/strong>, a <strong>umidade relativa do ar <\/strong>poder\u00e1 ficar <strong>abaixo de 12%<\/strong> em <strong>Ribeir\u00e3o<\/strong>. Tamb\u00e9m h\u00e1 <strong>previs\u00e3o <\/strong>de <strong>ventos <\/strong>entre <strong>40 km\/h e 50 km\/h<\/strong>.<\/p>\n<h4 class=\"wp-block-heading\"><strong>Confira a previs\u00e3o do tempo para 5 dias em Ribeir\u00e3o Preto:<\/strong><\/h4>\n<p>19\u00b0C \/ 35\u00b0C<\/p>\n<p>Dia de sol com aumento de nuvens a partir da tarde. N\u00e3o chove.<\/p>\n<p>Chuva: 0 mm \/ 0%<\/p>\n<p>Umidade do ar: 16% \/ 51%<\/p>\n<p>20\u00b0C \/ 36\u00b0C<\/p>\n<p>Sol com algumas nuvens ao longo do dia. Noite de c\u00e9u limpo.<\/p>\n<p>Chuva: 0 mm \/ 0%<\/p>\n<p>Umidade do ar: 17% \/ 47%<\/p>\n<p>20\u00b0C \/ 36\u00b0C<\/p>\n<p>Sol o dia todo sem nuvens no c\u00e9u. Noite de tempo aberto ainda sem nuvens.<\/p>\n<p>Chuva: 0 mm \/ 1%<\/p>\n<p>Umidade do ar: 16% \/ 45%<\/p>\n<p>21\u00b0C \/ 37\u00b0C<\/p>\n<p>Sol o dia todo sem nuvens no c\u00e9u. Noite de tempo aberto ainda sem nuvens.<\/p>\n<p>Chuva: 0 mm \/ 0%<\/p>\n<p>Umidade do ar: 15% \/ 41%<\/p>\n<p>22\u00b0C \/ 38\u00b0C<\/p>\n<p>Sol com muitas nuvens durante o dia e per\u00edodos de c\u00e9u nublado. Noite com muitas nuvens.<\/p>\n<p>Chuva: 0 mm \/ 0%<\/p>\n<p>Umidade do ar: 15% \/ 40%<\/p>\n<p>Fonte: Climatempo<\/p>\n<p>SAIBA MAIS<\/p>\n<p>Bosque de Ribeir\u00e3o recebe tamandu\u00e1 e lobo-guar\u00e1 atingidos por queimadas<\/p>\n<h4 class=\"wp-block-heading\"><strong>FIQUE ON<\/strong><\/h4>\n<p>Fique ligado em tudo que acontece em Ribeir\u00e3o Preto e regi\u00e3o. Siga os perfis do<strong>\u00a0acidade on<\/strong>\u00a0no\u00a0<a href=\"https:\/\/www.instagram.com\/acidadeonribeirao\" target=\"_blank\" rel=\"noreferrer noopener\">Instagram\u00a0<\/a>e no\u00a0<a href=\"https:\/\/www.facebook.com\/acidadeonribeirao\/\" target=\"_blank\" rel=\"noreferrer noopener\">Facebook<\/a>.<\/p>\n<p>Receba not\u00edcias do\u00a0<strong>acidade on<\/strong>\u00a0no WhatsApp.\u00a0<a href=\"https:\/\/chat.whatsapp.com\/Dtv9mxhy6V5BJBotM2OQ5k\" target=\"_blank\" rel=\"noreferrer noopener\">Para entrar no grupo, basta clicar aqui.<\/a><\/p>\n<p>Fa\u00e7a uma den\u00fancia ou sugira uma reportagem sobre Ribeir\u00e3o Preto e regi\u00e3o pelo WhatsApp: 16 99117 7802.<\/p>\n<p>VEJA TAMB\u00c9M<\/p>\n<p>Quanto custam os novos iPhones no Brasil?<\/p>\n<p><!-- CONTENT END 1 -->\n<\/div>\n<\/div>\n<p><script async src=\"\/\/www.instagram.com\/embed.js\"><\/script><br \/>\n<br \/><br \/>\n<br \/><a href=\"https:\/\/www.acidadeon.com\/ribeiraopreto\/cotidiano\/onda-de-calor-veja-as-temperaturas-nos-proximos-dias-no-interior-de-sp\/\">Source link <\/a><\/p>\n","protected":false},"excerpt":{"rendered":"<p>A onda de calor foi prorrogada e deve persistir at\u00e9 o dia 20 de setembro, segundo a Climatempo. As temperaturas seguem elevadas e podem se&#8230;<\/p>\n","protected":false},"author":1,"featured_media":55423,"comment_status":"open","ping_status":"open","sticky":false,"template":"","format":"standard","meta":{"_uag_custom_page_level_css":"","advanced_seo_description":"","jetpack_seo_html_title":"","jetpack_seo_noindex":false,"jetpack_post_was_ever_published":false,"_jetpack_newsletter_access":"","_jetpack_dont_email_post_to_subs":false,"_jetpack_newsletter_tier_id":0,"_jetpack_memberships_contains_paywalled_content":false,"_jetpack_memberships_contains_paid_content":false,"footnotes":"","jetpack_publicize_message":"","jetpack_publicize_feature_enabled":true,"jetpack_social_post_already_shared":true,"jetpack_social_options":{"image_generator_settings":{"template":"highway","default_image_id":0,"font":"","enabled":false},"version":2}},"categories":[11],"tags":[],"class_list":["post-64962","post","type-post","status-publish","format-standard","has-post-thumbnail","hentry","category-noticias-de-ribeirao-preto-sp-e-regiao-ismael-colosi"],"jetpack_publicize_connections":[],"jetpack_featured_media_url":"https:\/\/i0.wp.com\/ismaelcolosi.com.br\/wp-content\/uploads\/2024\/07\/WhatsApp-Image-2024-07-03-at-07.08.43_2024-07-03_10-10-21_jpeg_2024-07-03_10-10-21.webp.webp?fit=1600%2C1335&ssl=1","uagb_featured_image_src":{"full":["https:\/\/i0.wp.com\/ismaelcolosi.com.br\/wp-content\/uploads\/2024\/07\/WhatsApp-Image-2024-07-03-at-07.08.43_2024-07-03_10-10-21_jpeg_2024-07-03_10-10-21.webp.webp?fit=1600%2C1335&ssl=1",1600,1335,false],"thumbnail":["https:\/\/i0.wp.com\/ismaelcolosi.com.br\/wp-content\/uploads\/2024\/07\/WhatsApp-Image-2024-07-03-at-07.08.43_2024-07-03_10-10-21_jpeg_2024-07-03_10-10-21.webp.webp?resize=150%2C150&ssl=1",150,150,true],"medium":["https:\/\/i0.wp.com\/ismaelcolosi.com.br\/wp-content\/uploads\/2024\/07\/WhatsApp-Image-2024-07-03-at-07.08.43_2024-07-03_10-10-21_jpeg_2024-07-03_10-10-21.webp.webp?fit=300%2C250&ssl=1",300,250,true],"medium_large":["https:\/\/i0.wp.com\/ismaelcolosi.com.br\/wp-content\/uploads\/2024\/07\/WhatsApp-Image-2024-07-03-at-07.08.43_2024-07-03_10-10-21_jpeg_2024-07-03_10-10-21.webp.webp?fit=768%2C641&ssl=1",768,641,true],"large":["https:\/\/i0.wp.com\/ismaelcolosi.com.br\/wp-content\/uploads\/2024\/07\/WhatsApp-Image-2024-07-03-at-07.08.43_2024-07-03_10-10-21_jpeg_2024-07-03_10-10-21.webp.webp?fit=1024%2C854&ssl=1",1024,854,true],"1536x1536":["https:\/\/i0.wp.com\/ismaelcolosi.com.br\/wp-content\/uploads\/2024\/07\/WhatsApp-Image-2024-07-03-at-07.08.43_2024-07-03_10-10-21_jpeg_2024-07-03_10-10-21.webp.webp?fit=1536%2C1282&ssl=1",1536,1282,true],"2048x2048":["https:\/\/i0.wp.com\/ismaelcolosi.com.br\/wp-content\/uploads\/2024\/07\/WhatsApp-Image-2024-07-03-at-07.08.43_2024-07-03_10-10-21_jpeg_2024-07-03_10-10-21.webp.webp?fit=1600%2C1335&ssl=1",1600,1335,true],"really-simple-thumb":["https:\/\/i0.wp.com\/ismaelcolosi.com.br\/wp-content\/uploads\/2024\/07\/WhatsApp-Image-2024-07-03-at-07.08.43_2024-07-03_10-10-21_jpeg_2024-07-03_10-10-21.webp.webp?resize=370%2C247&ssl=1",370,247,true]},"uagb_author_info":{"display_name":"ismaelcolosi.com.br","author_link":"https:\/\/ismaelcolosi.com.br\/index.php\/author\/vidareal-online\/"},"uagb_comment_info":0,"uagb_excerpt":"A onda de calor foi prorrogada e deve persistir at\u00e9 o dia 20 de setembro, segundo a Climatempo. As temperaturas seguem elevadas e podem se...","jetpack-related-posts":[{"id":65097,"url":"https:\/\/ismaelcolosi.com.br\/index.php\/2024\/09\/10\/frente-fria-se-aproxima-e-deve-trazer-chuva-preta-ao-interior-de-sp-veja-previsao\/","url_meta":{"origin":64962,"position":0},"title":"Frente fria se aproxima e deve trazer chuva preta ao interior de SP; Veja previs\u00e3o","author":"ismaelcolosi.com.br","date":"10 de September de 2024","format":false,"excerpt":"Uma nova frente fria se desloca em dire\u00e7\u00e3o \u00e0 regi\u00e3o central do pa\u00eds nesta semana e pode provocar chuva preta em diversas regi\u00f5es do interior de S\u00e3o Paulo. Conforme a meteorologia, esse sistema pode trazer um al\u00edvio tempor\u00e1rio para algumas regi\u00f5es afetadas pelo calor extremo e fuma\u00e7a densa, contudo, n\u00e3o\u2026","rel":"","context":"In &quot;Not\u00edcias de Ribeir\u00e3o Preto-SP e Regi\u00e3o&quot;","block_context":{"text":"Not\u00edcias de Ribeir\u00e3o Preto-SP e Regi\u00e3o","link":"https:\/\/ismaelcolosi.com.br\/index.php\/category\/noticias-de-ribeirao-preto-sp-e-regiao-ismael-colosi\/"},"img":{"alt_text":"","src":"https:\/\/i0.wp.com\/ismaelcolosi.com.br\/wp-content\/uploads\/2024\/08\/NUVEM-POEIRA_2024-08-24_20-57-24_jpg_2024-08-24_20-57-24.webp.webp?fit=1200%2C913&ssl=1&resize=350%2C200","width":350,"height":200,"srcset":"https:\/\/i0.wp.com\/ismaelcolosi.com.br\/wp-content\/uploads\/2024\/08\/NUVEM-POEIRA_2024-08-24_20-57-24_jpg_2024-08-24_20-57-24.webp.webp?fit=1200%2C913&ssl=1&resize=350%2C200 1x, https:\/\/i0.wp.com\/ismaelcolosi.com.br\/wp-content\/uploads\/2024\/08\/NUVEM-POEIRA_2024-08-24_20-57-24_jpg_2024-08-24_20-57-24.webp.webp?fit=1200%2C913&ssl=1&resize=525%2C300 1.5x, https:\/\/i0.wp.com\/ismaelcolosi.com.br\/wp-content\/uploads\/2024\/08\/NUVEM-POEIRA_2024-08-24_20-57-24_jpg_2024-08-24_20-57-24.webp.webp?fit=1200%2C913&ssl=1&resize=700%2C400 2x, https:\/\/i0.wp.com\/ismaelcolosi.com.br\/wp-content\/uploads\/2024\/08\/NUVEM-POEIRA_2024-08-24_20-57-24_jpg_2024-08-24_20-57-24.webp.webp?fit=1200%2C913&ssl=1&resize=1050%2C600 3x"},"classes":[]},{"id":47988,"url":"https:\/\/ismaelcolosi.com.br\/index.php\/2024\/04\/30\/veja-ate-quando-vai-a-onda-de-calor-e-confira-as-temperaturas-no-interior-de-sp\/","url_meta":{"origin":64962,"position":1},"title":"Veja at\u00e9 quando vai a onda de calor e confira as temperaturas no interior de SP","author":"ismaelcolosi.com.br","date":"30 de April de 2024","format":false,"excerpt":"A quarta onda de calor deve ser intensificar ainda mais e atuar at\u00e9 o dia 10 de maio. A previs\u00e3o indica temperaturas superiores a 5\u00b0C acima da m\u00e9dia em todo estado de S\u00e3o Paulo. Segundo a Climatempo, o calor fora do comum estava previsto para acabar no dia 2 de\u2026","rel":"","context":"In &quot;Not\u00edcias de Ribeir\u00e3o Preto-SP e Regi\u00e3o&quot;","block_context":{"text":"Not\u00edcias de Ribeir\u00e3o Preto-SP e Regi\u00e3o","link":"https:\/\/ismaelcolosi.com.br\/index.php\/category\/noticias-de-ribeirao-preto-sp-e-regiao-ismael-colosi\/"},"img":{"alt_text":"","src":"https:\/\/i0.wp.com\/ismaelcolosi.com.br\/wp-content\/uploads\/2024\/04\/ribeirao_preto_1024x576_16102020221204.jpg?fit=1024%2C576&ssl=1&resize=350%2C200","width":350,"height":200,"srcset":"https:\/\/i0.wp.com\/ismaelcolosi.com.br\/wp-content\/uploads\/2024\/04\/ribeirao_preto_1024x576_16102020221204.jpg?fit=1024%2C576&ssl=1&resize=350%2C200 1x, https:\/\/i0.wp.com\/ismaelcolosi.com.br\/wp-content\/uploads\/2024\/04\/ribeirao_preto_1024x576_16102020221204.jpg?fit=1024%2C576&ssl=1&resize=525%2C300 1.5x, https:\/\/i0.wp.com\/ismaelcolosi.com.br\/wp-content\/uploads\/2024\/04\/ribeirao_preto_1024x576_16102020221204.jpg?fit=1024%2C576&ssl=1&resize=700%2C400 2x"},"classes":[]},{"id":14254,"url":"https:\/\/ismaelcolosi.com.br\/index.php\/2023\/12\/11\/com-onda-de-calor-veja-a-previsao-para-os-proximos-5-dias-em-ribeirao-preto\/","url_meta":{"origin":64962,"position":2},"title":"Com onda de calor, veja a previs\u00e3o para os pr\u00f3ximos 5 dias em Ribeir\u00e3o Preto","author":"ismaelcolosi.com.br","date":"11 de December de 2023","format":false,"excerpt":"Uma nova onda de calor deve atingir Ribeir\u00e3o Preto e regi\u00e3o, a partir de quinta-feira (14), e deve fazer com que os term\u00f4metros se aproximem dos 40\u00baC na reta final da primavera. O fen\u00f4meno, que tamb\u00e9m acontece em grande parte do Brasil, far\u00e1 com que a as temperaturas voltem a\u2026","rel":"","context":"In &quot;Not\u00edcias de Ribeir\u00e3o Preto-SP e Regi\u00e3o&quot;","block_context":{"text":"Not\u00edcias de Ribeir\u00e3o Preto-SP e Regi\u00e3o","link":"https:\/\/ismaelcolosi.com.br\/index.php\/category\/noticias-de-ribeirao-preto-sp-e-regiao-ismael-colosi\/"},"img":{"alt_text":"","src":"https:\/\/ismaelcolosi.com.br\/wp-content\/uploads\/2023\/12\/whatsapp_image_2023-03-18_at_09_01_45.jpe","width":350,"height":200,"srcset":"https:\/\/ismaelcolosi.com.br\/wp-content\/uploads\/2023\/12\/whatsapp_image_2023-03-18_at_09_01_45.jpe 1x, https:\/\/ismaelcolosi.com.br\/wp-content\/uploads\/2023\/12\/whatsapp_image_2023-03-18_at_09_01_45.jpe 1.5x, https:\/\/ismaelcolosi.com.br\/wp-content\/uploads\/2023\/12\/whatsapp_image_2023-03-18_at_09_01_45.jpe 2x, https:\/\/ismaelcolosi.com.br\/wp-content\/uploads\/2023\/12\/whatsapp_image_2023-03-18_at_09_01_45.jpe 3x"},"classes":[]},{"id":63405,"url":"https:\/\/ismaelcolosi.com.br\/index.php\/2024\/09\/02\/onda-de-calor-veja-as-temperaturas-durante-a-semana-no-interior-de-sp\/","url_meta":{"origin":64962,"position":3},"title":"Onda de calor: Veja as temperaturas durante a semana no interior de SP","author":"ismaelcolosi.com.br","date":"2 de September de 2024","format":false,"excerpt":"Uma massa de ar quente e seco se estabelece sobre o Brasil no decorrer desta primeira semana de setembro e causa uma onda de calor a partir desta segunda-feira (2). Segundo a Climatempo, a previs\u00e3o \u00e9 que este sistema se estenda at\u00e9 ao menos o dia 12 de setembro. Por\u00e9m,\u2026","rel":"","context":"In &quot;Not\u00edcias de Ribeir\u00e3o Preto-SP e Regi\u00e3o&quot;","block_context":{"text":"Not\u00edcias de Ribeir\u00e3o Preto-SP e Regi\u00e3o","link":"https:\/\/ismaelcolosi.com.br\/index.php\/category\/noticias-de-ribeirao-preto-sp-e-regiao-ismael-colosi\/"},"img":{"alt_text":"","src":"https:\/\/i0.wp.com\/ismaelcolosi.com.br\/wp-content\/uploads\/2024\/06\/WhatsApp-Image-2024-06-14-at-09.30.18-1_2024-06-14_12-31-08_jpeg_2024-06-14_12-31-08.webp.webp?fit=1200%2C553&ssl=1&resize=350%2C200","width":350,"height":200,"srcset":"https:\/\/i0.wp.com\/ismaelcolosi.com.br\/wp-content\/uploads\/2024\/06\/WhatsApp-Image-2024-06-14-at-09.30.18-1_2024-06-14_12-31-08_jpeg_2024-06-14_12-31-08.webp.webp?fit=1200%2C553&ssl=1&resize=350%2C200 1x, https:\/\/i0.wp.com\/ismaelcolosi.com.br\/wp-content\/uploads\/2024\/06\/WhatsApp-Image-2024-06-14-at-09.30.18-1_2024-06-14_12-31-08_jpeg_2024-06-14_12-31-08.webp.webp?fit=1200%2C553&ssl=1&resize=525%2C300 1.5x, https:\/\/i0.wp.com\/ismaelcolosi.com.br\/wp-content\/uploads\/2024\/06\/WhatsApp-Image-2024-06-14-at-09.30.18-1_2024-06-14_12-31-08_jpeg_2024-06-14_12-31-08.webp.webp?fit=1200%2C553&ssl=1&resize=700%2C400 2x, https:\/\/i0.wp.com\/ismaelcolosi.com.br\/wp-content\/uploads\/2024\/06\/WhatsApp-Image-2024-06-14-at-09.30.18-1_2024-06-14_12-31-08_jpeg_2024-06-14_12-31-08.webp.webp?fit=1200%2C553&ssl=1&resize=1050%2C600 3x"},"classes":[]},{"id":17008,"url":"https:\/\/ismaelcolosi.com.br\/index.php\/2023\/12\/17\/onda-de-calor-vai-continuar-veja-a-previsao-para-os-proximos-dias-em-ribeirao\/","url_meta":{"origin":64962,"position":4},"title":"Onda de calor vai continuar? Veja a previs\u00e3o para os pr\u00f3ximos dias em Ribeir\u00e3o","author":"ismaelcolosi.com.br","date":"17 de December de 2023","format":false,"excerpt":"Ribeir\u00e3o Preto tem mais um dia de onda de calor, neste domingo (17). Os term\u00f4metros devem atingir os 37\u00baC, de acordo com a Climatempo. A CETESB (Companhia Ambiental do Estado de S\u00e3o Paulo) registrou m\u00ednima de 23,5\u00baC, durante a madrugada. A meteorologia prev\u00ea um dia de sol com aumento de\u2026","rel":"","context":"In &quot;Not\u00edcias de Ribeir\u00e3o Preto-SP e Regi\u00e3o&quot;","block_context":{"text":"Not\u00edcias de Ribeir\u00e3o Preto-SP e Regi\u00e3o","link":"https:\/\/ismaelcolosi.com.br\/index.php\/category\/noticias-de-ribeirao-preto-sp-e-regiao-ismael-colosi\/"},"img":{"alt_text":"","src":"https:\/\/i0.wp.com\/ismaelcolosi.com.br\/wp-content\/uploads\/2023\/12\/WhatsApp-Image-2023-11-26-at-17.35.53.jpeg?fit=1200%2C675&ssl=1&resize=350%2C200","width":350,"height":200,"srcset":"https:\/\/i0.wp.com\/ismaelcolosi.com.br\/wp-content\/uploads\/2023\/12\/WhatsApp-Image-2023-11-26-at-17.35.53.jpeg?fit=1200%2C675&ssl=1&resize=350%2C200 1x, https:\/\/i0.wp.com\/ismaelcolosi.com.br\/wp-content\/uploads\/2023\/12\/WhatsApp-Image-2023-11-26-at-17.35.53.jpeg?fit=1200%2C675&ssl=1&resize=525%2C300 1.5x, https:\/\/i0.wp.com\/ismaelcolosi.com.br\/wp-content\/uploads\/2023\/12\/WhatsApp-Image-2023-11-26-at-17.35.53.jpeg?fit=1200%2C675&ssl=1&resize=700%2C400 2x, https:\/\/i0.wp.com\/ismaelcolosi.com.br\/wp-content\/uploads\/2023\/12\/WhatsApp-Image-2023-11-26-at-17.35.53.jpeg?fit=1200%2C675&ssl=1&resize=1050%2C600 3x"},"classes":[]},{"id":48750,"url":"https:\/\/ismaelcolosi.com.br\/index.php\/2024\/05\/06\/onda-de-calor-vai-acabar-veja-se-ha-previsao-de-chuva-nos-proximos-10-dias-no-interior-de-sp\/","url_meta":{"origin":64962,"position":5},"title":"Onda de calor vai acabar? Veja se h\u00e1 previs\u00e3o de chuva nos pr\u00f3ximos 10 dias no interior de SP","author":"ismaelcolosi.com.br","date":"6 de May de 2024","format":false,"excerpt":"O interior de S\u00e3o Paulo est\u00e1 sob uma onda de calor desde o \u00faltimo dia 22 de abril, em que as temperaturas podem ficar 5\u00b0C acima da m\u00e9dia. O per\u00edodo inicial de dura\u00e7\u00e3o deste sistema havia sido previsto at\u00e9 o dia 2 de maio, mas foi estendido at\u00e9 pelo menos\u2026","rel":"","context":"In &quot;Not\u00edcias de Ribeir\u00e3o Preto-SP e Regi\u00e3o&quot;","block_context":{"text":"Not\u00edcias de Ribeir\u00e3o Preto-SP e Regi\u00e3o","link":"https:\/\/ismaelcolosi.com.br\/index.php\/category\/noticias-de-ribeirao-preto-sp-e-regiao-ismael-colosi\/"},"img":{"alt_text":"","src":"https:\/\/i0.wp.com\/ismaelcolosi.com.br\/wp-content\/uploads\/2024\/04\/RIBEIRAO-1_2024-04-25_17-33-23_jpg.webp.webp?fit=1200%2C617&ssl=1&resize=350%2C200","width":350,"height":200,"srcset":"https:\/\/i0.wp.com\/ismaelcolosi.com.br\/wp-content\/uploads\/2024\/04\/RIBEIRAO-1_2024-04-25_17-33-23_jpg.webp.webp?fit=1200%2C617&ssl=1&resize=350%2C200 1x, https:\/\/i0.wp.com\/ismaelcolosi.com.br\/wp-content\/uploads\/2024\/04\/RIBEIRAO-1_2024-04-25_17-33-23_jpg.webp.webp?fit=1200%2C617&ssl=1&resize=525%2C300 1.5x, https:\/\/i0.wp.com\/ismaelcolosi.com.br\/wp-content\/uploads\/2024\/04\/RIBEIRAO-1_2024-04-25_17-33-23_jpg.webp.webp?fit=1200%2C617&ssl=1&resize=700%2C400 2x, https:\/\/i0.wp.com\/ismaelcolosi.com.br\/wp-content\/uploads\/2024\/04\/RIBEIRAO-1_2024-04-25_17-33-23_jpg.webp.webp?fit=1200%2C617&ssl=1&resize=1050%2C600 3x"},"classes":[]}],"jetpack_sharing_enabled":true,"jetpack_shortlink":"https:\/\/wp.me\/pfMlyK-gTM","_links":{"self":[{"href":"https:\/\/ismaelcolosi.com.br\/index.php\/wp-json\/wp\/v2\/posts\/64962","targetHints":{"allow":["GET"]}}],"collection":[{"href":"https:\/\/ismaelcolosi.com.br\/index.php\/wp-json\/wp\/v2\/posts"}],"about":[{"href":"https:\/\/ismaelcolosi.com.br\/index.php\/wp-json\/wp\/v2\/types\/post"}],"author":[{"embeddable":true,"href":"https:\/\/ismaelcolosi.com.br\/index.php\/wp-json\/wp\/v2\/users\/1"}],"replies":[{"embeddable":true,"href":"https:\/\/ismaelcolosi.com.br\/index.php\/wp-json\/wp\/v2\/comments?post=64962"}],"version-history":[{"count":0,"href":"https:\/\/ismaelcolosi.com.br\/index.php\/wp-json\/wp\/v2\/posts\/64962\/revisions"}],"wp:featuredmedia":[{"embeddable":true,"href":"https:\/\/ismaelcolosi.com.br\/index.php\/wp-json\/wp\/v2\/media\/55423"}],"wp:attachment":[{"href":"https:\/\/ismaelcolosi.com.br\/index.php\/wp-json\/wp\/v2\/media?parent=64962"}],"wp:term":[{"taxonomy":"category","embeddable":true,"href":"https:\/\/ismaelcolosi.com.br\/index.php\/wp-json\/wp\/v2\/categories?post=64962"},{"taxonomy":"post_tag","embeddable":true,"href":"https:\/\/ismaelcolosi.com.br\/index.php\/wp-json\/wp\/v2\/tags?post=64962"}],"curies":[{"name":"wp","href":"https:\/\/api.w.org\/{rel}","templated":true}]}}