{"id":64953,"date":"2024-09-10T06:34:24","date_gmt":"2024-09-10T09:34:24","guid":{"rendered":"https:\/\/ismaelcolosi.com.br\/index.php\/2024\/09\/10\/como-era-a-remuneracao-do-piloto-da-formula-1\/"},"modified":"2024-09-10T06:34:24","modified_gmt":"2024-09-10T09:34:24","slug":"como-era-a-remuneracao-do-piloto-da-formula-1","status":"publish","type":"post","link":"https:\/\/ismaelcolosi.com.br\/index.php\/2024\/09\/10\/como-era-a-remuneracao-do-piloto-da-formula-1\/","title":{"rendered":"como era a remunera\u00e7\u00e3o do piloto da F\u00f3rmula 1"},"content":{"rendered":"<p> <br \/>\n<\/p>\n<div>\n<div id=\"attachment_633563\" class=\"wp-caption alignnone style=\" max-width:=\"\"><img data-recalc-dims=\"1\" fetchpriority=\"high\" decoding=\"async\" class=\"alignnone wp-image-633563 size-medium\" src=\"https:\/\/i0.wp.com\/forbes.com.br\/wp-content\/uploads\/2024\/09\/ayrton-senna-768x512.jpg?resize=678%2C452&#038;ssl=1\" http:=\"\" alt=\"Ayrton Senna\u00a0\" width=\"678\" height=\"452\" data-lazy-src=\"https:\/\/forbes.com.br\/wp-content\/uploads\/2024\/09\/ayrton-senna-768x512.jpg\"\/><img data-recalc-dims=\"1\" fetchpriority=\"high\" decoding=\"async\" class=\"alignnone wp-image-633563 size-medium\" src=\"https:\/\/i0.wp.com\/forbes.com.br\/wp-content\/uploads\/2024\/09\/ayrton-senna-768x512.jpg?resize=678%2C452&#038;ssl=1\" alt=\"Ayrton Senna\u00a0\" width=\"678\" height=\"452\"\/><\/p>\n<p>Getty Images<\/p>\n<p class=\"wp-caption-text\">Morte de Ayrton Senna completou 30 anos em 2024<\/p>\n<\/div>\n<div class=\"accessibility\">\n<p>Acessibilidade<\/p>\n<p>\n<button onclick=\"alterFont1()\" id=\"btn1\" class=\"btn\">L<\/button><br \/>\n<button onclick=\"alterFont2()\" id=\"btn2\" class=\"btn\" style=\"font-family: Merriweather\">L<\/button><br \/>\n<button onclick=\"alterFontSmallerSize()\" id=\"btn3\" class=\"btn\">A-<\/button><br \/>\n<button onclick=\"alterFontBiggerSize()\" id=\"btn4\" class=\"btn\">A+<\/button><\/p>\n<p><button onclick=\"alterBackground()\" id=\"btn6\" class=\"btn\">\u25d0<\/button><\/p>\n<\/div>\n<p>Se eu tivesse que eleger uma figura que ser\u00e1 sempre lembrada, admirada e perpetuada entre os brasileiros, eu colocaria <strong>Ayrton Senna<\/strong> no primeiro lugar do p\u00f3dio. E esta refer\u00eancia n\u00e3o se limita \u00e0s vit\u00f3rias que enchiam de alegria as nossas manh\u00e3s de domingo, mas tamb\u00e9m se estende ao seu car\u00e1ter, garra e carisma.<\/p>\n<p>O Museu Nacional do Autom\u00f3vel em Turim, na It\u00e1lia, est\u00e1 realizando a exposi\u00e7\u00e3o \u201cAyrton Senna para sempre\u201d, em homenagem aos 30 anos da morte do piloto. L\u00e1 \u00e9 poss\u00edvel ver de perto diferentes modelos de carros pilotados pelo brasileiro, al\u00e9m de objetos pessoais e documentos, dentre os quais destacamos um contrato com a DAP para a participa\u00e7\u00e3o em 4 campeonatos de Kart no in\u00edcio de sua carreira na Europa. O contrato previa:<\/p>\n<ul>\n<li>Valores fixos a serem pagos por competi\u00e7\u00e3o<\/li>\n<li>Valores adicionais em caso de vit\u00f3ria<\/li>\n<li>Valores relativos a despesas com traslados<\/li>\n<\/ul>\n<h2>Leia tamb\u00e9m<\/h2>\n<p>Estamos falando de uma negocia\u00e7\u00e3o feita h\u00e1 mais de 40 anos, mas que mant\u00e9m a ess\u00eancia do que consideramos importante numa estrat\u00e9gia de remunera\u00e7\u00e3o: pagar pelo trabalho a ser executado, premiar pelo sucesso e dar condi\u00e7\u00f5es para sua execu\u00e7\u00e3o.<\/p>\n<p>Trata-se de um contrato de produtividade bastante simples, com m\u00e9tricas objetivas e redigido em uma s\u00f3 p\u00e1gina, mas que passa todas as mensagens necess\u00e1rias. Ayrton Senna receberia pagamentos fixos pela participa\u00e7\u00e3o em cada um dos campeonatos e poderia dobrar este montante em caso de vit\u00f3ria. Os valores seriam maiores pela participa\u00e7\u00e3o e pela vit\u00f3ria no campeonato mais importante, o World Champion. Ou seja, ele tinha 50% de sua remunera\u00e7\u00e3o em risco e sabia exatamente qual era seu principal foco.<\/p>\n<p>Para quem recebe ou concede planos de remunera\u00e7\u00e3o vari\u00e1vel, essa equa\u00e7\u00e3o parece bastante familiar. O mundo da remunera\u00e7\u00e3o n\u00e3o mudou tanto assim ao longo dos anos. Mas, por vezes, sinto que tentamos resolver outros elementos de gest\u00e3o por meio dos programas de incentivos, o que pode torn\u00e1-los muito mais complexos e menos engajadores. As pessoas perdem o foco e se perdem nas mensagens. Problemas de gest\u00e3o se resolvem com acompanhamento e atua\u00e7\u00e3o pr\u00f3xima da lideran\u00e7a, e n\u00e3o necessariamente com premia\u00e7\u00f5es incrementais e puni\u00e7\u00f5es financeiras.<\/p>\n<p>Na contram\u00e3o deste aumento de complexidade dos planos de incentivos, temos tamb\u00e9m acompanhado empresas discutindo a potencial retirada da remunera\u00e7\u00e3o vari\u00e1vel de times comerciais e at\u00e9 de executivos, migrando grande parte ou a integralidade dos pagamentos para uma base fixa mensal. Afinal, a palavra de ordem nos RHs \u00e9 \u201cinova\u00e7\u00e3o\u201d, e se ela vier acompanhada de menos press\u00e3o e mais felicidade, melhor ainda!<\/p>\n<p>O mundo corporativo est\u00e1 mudando e pode mesmo ser necess\u00e1rio buscar alternativas a ferramentas de gest\u00e3o menos eficazes, mas n\u00e3o acredito que a resposta esteja pautada na completa disrup\u00e7\u00e3o do que vem sendo constru\u00eddo, testado e lapidado na remunera\u00e7\u00e3o. Existe uma l\u00f3gica estruturante que garante a viabilidade das opera\u00e7\u00f5es e que contempla tamb\u00e9m os custos de pessoal. Talvez esta seja uma solu\u00e7\u00e3o poss\u00edvel para empresas de maior rentabilidade, sem grandes desafios de crescimento, com contratos mais est\u00e1veis e de longo prazo com os clientes e que n\u00e3o precisassem equalizar resultados com a gest\u00e3o de custos. Mas este n\u00e3o \u00e9 um cen\u00e1rio muito comum\u2026 O incremento do custo fixo sem a contrapartida do resultado n\u00e3o me parece sustent\u00e1vel para a maioria dos neg\u00f3cios.<\/p>\n<p>Senna n\u00e3o ganhou os campeonatos relativos a este contrato do qual falamos. Os regulamentos de competi\u00e7\u00f5es mudaram e os demais pilotos passaram a correr com motores mais potentes exatamente naquele ano, o que n\u00e3o o impediu de fazer o seu melhor e ter uma performance bastante positiva comparativamente aos demais oponentes.<\/p>\n<p>Nem sempre se tem o equipamento mais moderno ou as melhores condi\u00e7\u00f5es para alcan\u00e7ar a performance esperada, mas cada corrida foi um degrau fundamental para a constru\u00e7\u00e3o do piloto que ele se tornou. E n\u00e3o \u00e9 assim tamb\u00e9m nas empresas? Uma carreira de sucesso n\u00e3o se constr\u00f3i somente em voo de cruzeiro. \u00c0s vezes \u00e9 debaixo de chuva forte e nas piores condi\u00e7\u00f5es que os melhores profissionais s\u00e3o formados.<\/p>\n<ul>\n<li>\n<h3>Siga a <a href=\"https:\/\/whatsapp.com\/channel\/0029Va9gQKwBFLgM96cJnu0u\" target=\"_blank\" rel=\"noopener\">Forbes<\/a> no WhatsApp e receba as principais not\u00edcias sobre neg\u00f3cios, carreira, tecnologia e estilo de vida<\/h3>\n<\/li>\n<\/ul>\n<p><em>Fernanda Abilel \u00e9 professora na FGV e s\u00f3cia-fundadora da How2Pay, consultoria focada no desenho de estrat\u00e9gias de remunera\u00e7\u00e3o.<\/em><\/p>\n<p><em>Os artigos assinados s\u00e3o de responsabilidade exclusiva dos autores e n\u00e3o refletem, necessariamente, a opini\u00e3o de Forbes Brasil e de seus editores.<\/em><\/p>\n<h2>Escolhas do editor<\/h2>\n<\/div>\n<p><script type=\"rocketlazyloadscript\">\n\t\t\t\t(function(d, s, id){\n\t\t\t\t\tvar js, fjs = d.getElementsByTagName(s)[0];\n\t\t\t\t\tif (d.getElementById(id)) return;\n\t\t\t\t\tjs = d.createElement(s); js.id = id;\n\t\t\t\t\tjs.src = \"\/\/connect.facebook.net\/pt_BR\/sdk.js#xfbml=1&version=v2.9\";\n\t\t\t\t\tfjs.parentNode.insertBefore(js, fjs);\n\t\t\t\t}(document, 'script', 'facebook-jssdk'));\n\t\t\t<\/script><br \/>\n<br \/><br \/>\n<br \/><a href=\"https:\/\/forbes.com.br\/carreira\/2024\/09\/fernanda-abilel-ayrton-senna-como-era-a-remuneracao-do-maior-piloto-da-formula-1\/\">Source link <\/a><\/p>\n<div class='code-block code-block-4' style='margin: 8px auto 8px 0; text-align: left; display: block; clear: both;'>\n\ud83d\udce2 Aviso Legal\n\nO site ismaelcolosi.com.br atua apenas como um canal de divulga\u00e7\u00e3o de oportunidades de emprego e n\u00e3o se responsabiliza pelo processo seletivo, contrata\u00e7\u00e3o ou qualquer outra etapa relacionada \u00e0s vagas publicadas. Todas as informa\u00e7\u00f5es s\u00e3o de responsabilidade dos anunciantes.\n\n\u26a0\ufe0f Aten\u00e7\u00e3o! Nunca pague por promessas de emprego nem compre cursos que garantam contrata\u00e7\u00e3o. Desconfie de qualquer cobran\u00e7a para participar de sele\u00e7\u00f5es.\n\n\n\n<\/div>\n<!-- CONTENT END 1 -->\n","protected":false},"excerpt":{"rendered":"<p>Getty Images Morte de Ayrton Senna completou 30 anos em 2024 Acessibilidade L L A- A+ \u25d0 Se eu tivesse que eleger uma figura que&#8230;<\/p>\n","protected":false},"author":1,"featured_media":64954,"comment_status":"open","ping_status":"open","sticky":false,"template":"","format":"standard","meta":{"_uag_custom_page_level_css":"","advanced_seo_description":"","jetpack_seo_html_title":"","jetpack_seo_noindex":false,"jetpack_post_was_ever_published":false,"_jetpack_newsletter_access":"","_jetpack_dont_email_post_to_subs":false,"_jetpack_newsletter_tier_id":0,"_jetpack_memberships_contains_paywalled_content":false,"_jetpack_memberships_contains_paid_content":false,"footnotes":"","jetpack_publicize_message":"","jetpack_publicize_feature_enabled":true,"jetpack_social_post_already_shared":true,"jetpack_social_options":{"image_generator_settings":{"template":"highway","default_image_id":0,"font":"","enabled":false},"version":2}},"categories":[1964],"tags":[],"class_list":["post-64953","post","type-post","status-publish","format-standard","has-post-thumbnail","hentry","category-carreira-e-sucesso-dicas-para-carreira"],"jetpack_publicize_connections":[],"jetpack_featured_media_url":"https:\/\/i0.wp.com\/ismaelcolosi.com.br\/wp-content\/uploads\/2024\/09\/ayrton-senna-1024x683.jpg?fit=1024%2C683&ssl=1","uagb_featured_image_src":{"full":["https:\/\/i0.wp.com\/ismaelcolosi.com.br\/wp-content\/uploads\/2024\/09\/ayrton-senna-1024x683.jpg?fit=1024%2C683&ssl=1",1024,683,false],"thumbnail":["https:\/\/i0.wp.com\/ismaelcolosi.com.br\/wp-content\/uploads\/2024\/09\/ayrton-senna-1024x683.jpg?resize=150%2C150&ssl=1",150,150,true],"medium":["https:\/\/i0.wp.com\/ismaelcolosi.com.br\/wp-content\/uploads\/2024\/09\/ayrton-senna-1024x683.jpg?fit=300%2C200&ssl=1",300,200,true],"medium_large":["https:\/\/i0.wp.com\/ismaelcolosi.com.br\/wp-content\/uploads\/2024\/09\/ayrton-senna-1024x683.jpg?fit=768%2C512&ssl=1",768,512,true],"large":["https:\/\/i0.wp.com\/ismaelcolosi.com.br\/wp-content\/uploads\/2024\/09\/ayrton-senna-1024x683.jpg?fit=1024%2C683&ssl=1",1024,683,true],"1536x1536":["https:\/\/i0.wp.com\/ismaelcolosi.com.br\/wp-content\/uploads\/2024\/09\/ayrton-senna-1024x683.jpg?fit=1024%2C683&ssl=1",1024,683,true],"2048x2048":["https:\/\/i0.wp.com\/ismaelcolosi.com.br\/wp-content\/uploads\/2024\/09\/ayrton-senna-1024x683.jpg?fit=1024%2C683&ssl=1",1024,683,true],"really-simple-thumb":["https:\/\/i0.wp.com\/ismaelcolosi.com.br\/wp-content\/uploads\/2024\/09\/ayrton-senna-1024x683.jpg?resize=370%2C247&ssl=1",370,247,true]},"uagb_author_info":{"display_name":"ismaelcolosi.com.br","author_link":"https:\/\/ismaelcolosi.com.br\/index.php\/author\/vidareal-online\/"},"uagb_comment_info":0,"uagb_excerpt":"Getty Images Morte de Ayrton Senna completou 30 anos em 2024 Acessibilidade L L A- A+ \u25d0 Se eu tivesse que eleger uma figura que...","jetpack-related-posts":[{"id":71983,"url":"https:\/\/ismaelcolosi.com.br\/index.php\/2024\/10\/18\/vagas-de-empregos-na-microset-tecnologia-para-trabalhar-em-ribeirao-preto-sp-16\/","url_meta":{"origin":64953,"position":0},"title":"Vagas de empregos na Microset Tecnologia  para trabalhar em Ribeir\u00e3o Preto-SP","author":"ismaelcolosi.com.br","date":"18 de October de 2024","format":false,"excerpt":"Assistente de Service Desk lRibeir\u00e3o Preto - SPEfetivo Microset Tecnologia Assistente de Service Desk lRibeir\u00e3o Preto - SPEfetivo V\u00eddeos","rel":"","context":"In &quot;Vagas de Emprego em Ribeir\u00e3o Preto-SP&quot;","block_context":{"text":"Vagas de Emprego em Ribeir\u00e3o Preto-SP","link":"https:\/\/ismaelcolosi.com.br\/index.php\/category\/empregos-classificados-vagas-trabalho\/vagas-de-empregos-em-ribeirao-preto-regiao-brasil\/"},"img":{"alt_text":"","src":"https:\/\/i0.wp.com\/ismaelcolosi.com.br\/wp-content\/uploads\/2024\/10\/1729282097_2023-03-15_13-45_bannerUrl.png?fit=1080%2C327&ssl=1&resize=350%2C200","width":350,"height":200,"srcset":"https:\/\/i0.wp.com\/ismaelcolosi.com.br\/wp-content\/uploads\/2024\/10\/1729282097_2023-03-15_13-45_bannerUrl.png?fit=1080%2C327&ssl=1&resize=350%2C200 1x, https:\/\/i0.wp.com\/ismaelcolosi.com.br\/wp-content\/uploads\/2024\/10\/1729282097_2023-03-15_13-45_bannerUrl.png?fit=1080%2C327&ssl=1&resize=525%2C300 1.5x, https:\/\/i0.wp.com\/ismaelcolosi.com.br\/wp-content\/uploads\/2024\/10\/1729282097_2023-03-15_13-45_bannerUrl.png?fit=1080%2C327&ssl=1&resize=700%2C400 2x, https:\/\/i0.wp.com\/ismaelcolosi.com.br\/wp-content\/uploads\/2024\/10\/1729282097_2023-03-15_13-45_bannerUrl.png?fit=1080%2C327&ssl=1&resize=1050%2C600 3x"},"classes":[]},{"id":74915,"url":"https:\/\/ismaelcolosi.com.br\/index.php\/2024\/11\/03\/vagas-de-empregos-na-microset-tecnologia-para-trabalhar-em-ribeirao-preto-sp-17\/","url_meta":{"origin":64953,"position":1},"title":"Vagas de empregos na Microset Tecnologia  para trabalhar em Ribeir\u00e3o Preto-SP","author":"ismaelcolosi.com.br","date":"3 de November de 2024","format":false,"excerpt":"Assistente de Service Desk lRibeir\u00e3o Preto - SPEfetivo Microset Tecnologia Assistente de Service Desk lRibeir\u00e3o Preto - SPEfetivo V\u00eddeos","rel":"","context":"In &quot;Vagas de Emprego em Ribeir\u00e3o Preto-SP&quot;","block_context":{"text":"Vagas de Emprego em Ribeir\u00e3o Preto-SP","link":"https:\/\/ismaelcolosi.com.br\/index.php\/category\/empregos-classificados-vagas-trabalho\/vagas-de-empregos-em-ribeirao-preto-regiao-brasil\/"},"img":{"alt_text":"","src":"https:\/\/i0.wp.com\/ismaelcolosi.com.br\/wp-content\/uploads\/2024\/11\/2023-03-15_13-45_bannerUrl.png?fit=1080%2C327&ssl=1&resize=350%2C200","width":350,"height":200,"srcset":"https:\/\/i0.wp.com\/ismaelcolosi.com.br\/wp-content\/uploads\/2024\/11\/2023-03-15_13-45_bannerUrl.png?fit=1080%2C327&ssl=1&resize=350%2C200 1x, https:\/\/i0.wp.com\/ismaelcolosi.com.br\/wp-content\/uploads\/2024\/11\/2023-03-15_13-45_bannerUrl.png?fit=1080%2C327&ssl=1&resize=525%2C300 1.5x, https:\/\/i0.wp.com\/ismaelcolosi.com.br\/wp-content\/uploads\/2024\/11\/2023-03-15_13-45_bannerUrl.png?fit=1080%2C327&ssl=1&resize=700%2C400 2x, https:\/\/i0.wp.com\/ismaelcolosi.com.br\/wp-content\/uploads\/2024\/11\/2023-03-15_13-45_bannerUrl.png?fit=1080%2C327&ssl=1&resize=1050%2C600 3x"},"classes":[]},{"id":82676,"url":"https:\/\/ismaelcolosi.com.br\/index.php\/2025\/02\/07\/vagas-de-empregos-na-microset-tecnologia-para-trabalhar-em-ribeirao-preto-sp-23\/","url_meta":{"origin":64953,"position":2},"title":"Vagas de empregos na Microset Tecnologia  para trabalhar em Ribeir\u00e3o Preto-SP","author":"ismaelcolosi.com.br","date":"7 de February de 2025","format":false,"excerpt":"Assistente de Service Desk l Ribeir\u00e3o Preto - SPEfetivo Auxiliar T\u00e9cnico de Redes Ribeir\u00e3o Preto - SPEfetivo Gerente de Neg\u00f3cios - Campinas e regi\u00e3o Ribeir\u00e3o Preto - SPPessoa jur\u00eddica Microset Tecnologia Assistente de Service Desk l Ribeir\u00e3o Preto - SPEfetivo V\u00eddeos","rel":"","context":"In &quot;Vagas de Emprego em Ribeir\u00e3o Preto-SP&quot;","block_context":{"text":"Vagas de Emprego em Ribeir\u00e3o Preto-SP","link":"https:\/\/ismaelcolosi.com.br\/index.php\/category\/empregos-classificados-vagas-trabalho\/vagas-de-empregos-em-ribeirao-preto-regiao-brasil\/"},"img":{"alt_text":"","src":"https:\/\/i0.wp.com\/ismaelcolosi.com.br\/wp-content\/uploads\/2025\/02\/2023-03-15_13-45_bannerUrl.png?fit=1080%2C327&ssl=1&resize=350%2C200","width":350,"height":200,"srcset":"https:\/\/i0.wp.com\/ismaelcolosi.com.br\/wp-content\/uploads\/2025\/02\/2023-03-15_13-45_bannerUrl.png?fit=1080%2C327&ssl=1&resize=350%2C200 1x, https:\/\/i0.wp.com\/ismaelcolosi.com.br\/wp-content\/uploads\/2025\/02\/2023-03-15_13-45_bannerUrl.png?fit=1080%2C327&ssl=1&resize=525%2C300 1.5x, https:\/\/i0.wp.com\/ismaelcolosi.com.br\/wp-content\/uploads\/2025\/02\/2023-03-15_13-45_bannerUrl.png?fit=1080%2C327&ssl=1&resize=700%2C400 2x, https:\/\/i0.wp.com\/ismaelcolosi.com.br\/wp-content\/uploads\/2025\/02\/2023-03-15_13-45_bannerUrl.png?fit=1080%2C327&ssl=1&resize=1050%2C600 3x"},"classes":[]},{"id":76947,"url":"https:\/\/ismaelcolosi.com.br\/index.php\/2024\/11\/19\/vagas-de-empregos-na-microset-tecnologia-para-trabalhar-em-ribeirao-preto-sp-18\/","url_meta":{"origin":64953,"position":3},"title":"Vagas de empregos na Microset Tecnologia  para trabalhar em Ribeir\u00e3o Preto-SP","author":"ismaelcolosi.com.br","date":"19 de November de 2024","format":false,"excerpt":"Assistente de Service Desk lRibeir\u00e3o Preto - SPEfetivo Auxiliar Administrativo Ribeir\u00e3o Preto - SPEfetivo Auxiliar T\u00e9cnico de RedesRibeir\u00e3o Preto - SPEfetivo Microset Tecnologia Assistente de Service Desk lRibeir\u00e3o Preto - SPEfetivo V\u00eddeos","rel":"","context":"In &quot;Vagas de Emprego em Ribeir\u00e3o Preto-SP&quot;","block_context":{"text":"Vagas de Emprego em Ribeir\u00e3o Preto-SP","link":"https:\/\/ismaelcolosi.com.br\/index.php\/category\/empregos-classificados-vagas-trabalho\/vagas-de-empregos-em-ribeirao-preto-regiao-brasil\/"},"img":{"alt_text":"","src":"https:\/\/i0.wp.com\/ismaelcolosi.com.br\/wp-content\/uploads\/2024\/11\/1732047822_2023-03-15_13-45_bannerUrl.png?fit=1080%2C327&ssl=1&resize=350%2C200","width":350,"height":200,"srcset":"https:\/\/i0.wp.com\/ismaelcolosi.com.br\/wp-content\/uploads\/2024\/11\/1732047822_2023-03-15_13-45_bannerUrl.png?fit=1080%2C327&ssl=1&resize=350%2C200 1x, https:\/\/i0.wp.com\/ismaelcolosi.com.br\/wp-content\/uploads\/2024\/11\/1732047822_2023-03-15_13-45_bannerUrl.png?fit=1080%2C327&ssl=1&resize=525%2C300 1.5x, https:\/\/i0.wp.com\/ismaelcolosi.com.br\/wp-content\/uploads\/2024\/11\/1732047822_2023-03-15_13-45_bannerUrl.png?fit=1080%2C327&ssl=1&resize=700%2C400 2x, https:\/\/i0.wp.com\/ismaelcolosi.com.br\/wp-content\/uploads\/2024\/11\/1732047822_2023-03-15_13-45_bannerUrl.png?fit=1080%2C327&ssl=1&resize=1050%2C600 3x"},"classes":[]},{"id":51227,"url":"https:\/\/ismaelcolosi.com.br\/index.php\/2024\/05\/24\/conselho-da-petrobras-aprova-magda-chambriard-como-ceo\/","url_meta":{"origin":64953,"position":4},"title":"Conselho da Petrobras aprova Magda Chambriard como CEO","author":"ismaelcolosi.com.br","date":"24 de May de 2024","format":false,"excerpt":"\u00a0 Acessibilidade L L A- A+ \u25d0 A Petrobras informou que seu conselho de administra\u00e7\u00e3o aprovou nesta sexta-feira (24) Magda Chambriard como nova presidente-executiva e conselheira da companhia. Segundo fato relevante, Chambriard tomou posse em ambos os cargos nesta sexta-feira e passou a integrar o conselho imediatamente, n\u00e3o sendo necess\u00e1ria\u2026","rel":"","context":"In &quot;Carreira e Sucesso&quot;","block_context":{"text":"Carreira e Sucesso","link":"https:\/\/ismaelcolosi.com.br\/index.php\/category\/carreira-e-sucesso-dicas-para-carreira\/"},"img":{"alt_text":"","src":"https:\/\/i0.wp.com\/ismaelcolosi.com.br\/wp-content\/uploads\/2024\/05\/Money_Magda-Chambriard_AgenciaBrasil-1024x683.jpg?fit=1024%2C683&ssl=1&resize=350%2C200","width":350,"height":200,"srcset":"https:\/\/i0.wp.com\/ismaelcolosi.com.br\/wp-content\/uploads\/2024\/05\/Money_Magda-Chambriard_AgenciaBrasil-1024x683.jpg?fit=1024%2C683&ssl=1&resize=350%2C200 1x, https:\/\/i0.wp.com\/ismaelcolosi.com.br\/wp-content\/uploads\/2024\/05\/Money_Magda-Chambriard_AgenciaBrasil-1024x683.jpg?fit=1024%2C683&ssl=1&resize=525%2C300 1.5x, https:\/\/i0.wp.com\/ismaelcolosi.com.br\/wp-content\/uploads\/2024\/05\/Money_Magda-Chambriard_AgenciaBrasil-1024x683.jpg?fit=1024%2C683&ssl=1&resize=700%2C400 2x"},"classes":[]},{"id":55226,"url":"https:\/\/ismaelcolosi.com.br\/index.php\/2024\/07\/01\/conselheira-da-vale-vera-marie-inkster-renuncia-ao-cargo\/","url_meta":{"origin":64953,"position":5},"title":"Conselheira da Vale Vera Marie Inkster renuncia ao cargo","author":"ismaelcolosi.com.br","date":"1 de July de 2024","format":false,"excerpt":"A mineradora Vale informou ao mercado em nota que Vera Marie Inkster apresentou sua ren\u00fancia ao cargo de membro do conselho de administra\u00e7\u00e3o da companhia nesta segunda-feira. Acessibilidade L L A- A+ \u25d0 Diante disso, a companhia afirmou que o colegiado \u201cest\u00e1 trabalhando em sua recomposi\u00e7\u00e3o e que, em momento\u2026","rel":"","context":"In &quot;Carreira e Sucesso&quot;","block_context":{"text":"Carreira e Sucesso","link":"https:\/\/ismaelcolosi.com.br\/index.php\/category\/carreira-e-sucesso-dicas-para-carreira\/"},"img":{"alt_text":"","src":"https:\/\/i0.wp.com\/ismaelcolosi.com.br\/wp-content\/uploads\/2024\/07\/Totem-com-logo-da-Vale-Foto-Washington-Alves-Reuters-1024x683.png?fit=1024%2C683&ssl=1&resize=350%2C200","width":350,"height":200,"srcset":"https:\/\/i0.wp.com\/ismaelcolosi.com.br\/wp-content\/uploads\/2024\/07\/Totem-com-logo-da-Vale-Foto-Washington-Alves-Reuters-1024x683.png?fit=1024%2C683&ssl=1&resize=350%2C200 1x, https:\/\/i0.wp.com\/ismaelcolosi.com.br\/wp-content\/uploads\/2024\/07\/Totem-com-logo-da-Vale-Foto-Washington-Alves-Reuters-1024x683.png?fit=1024%2C683&ssl=1&resize=525%2C300 1.5x, https:\/\/i0.wp.com\/ismaelcolosi.com.br\/wp-content\/uploads\/2024\/07\/Totem-com-logo-da-Vale-Foto-Washington-Alves-Reuters-1024x683.png?fit=1024%2C683&ssl=1&resize=700%2C400 2x"},"classes":[]}],"jetpack_sharing_enabled":true,"jetpack_shortlink":"https:\/\/wp.me\/pfMlyK-gTD","_links":{"self":[{"href":"https:\/\/ismaelcolosi.com.br\/index.php\/wp-json\/wp\/v2\/posts\/64953","targetHints":{"allow":["GET"]}}],"collection":[{"href":"https:\/\/ismaelcolosi.com.br\/index.php\/wp-json\/wp\/v2\/posts"}],"about":[{"href":"https:\/\/ismaelcolosi.com.br\/index.php\/wp-json\/wp\/v2\/types\/post"}],"author":[{"embeddable":true,"href":"https:\/\/ismaelcolosi.com.br\/index.php\/wp-json\/wp\/v2\/users\/1"}],"replies":[{"embeddable":true,"href":"https:\/\/ismaelcolosi.com.br\/index.php\/wp-json\/wp\/v2\/comments?post=64953"}],"version-history":[{"count":0,"href":"https:\/\/ismaelcolosi.com.br\/index.php\/wp-json\/wp\/v2\/posts\/64953\/revisions"}],"wp:featuredmedia":[{"embeddable":true,"href":"https:\/\/ismaelcolosi.com.br\/index.php\/wp-json\/wp\/v2\/media\/64954"}],"wp:attachment":[{"href":"https:\/\/ismaelcolosi.com.br\/index.php\/wp-json\/wp\/v2\/media?parent=64953"}],"wp:term":[{"taxonomy":"category","embeddable":true,"href":"https:\/\/ismaelcolosi.com.br\/index.php\/wp-json\/wp\/v2\/categories?post=64953"},{"taxonomy":"post_tag","embeddable":true,"href":"https:\/\/ismaelcolosi.com.br\/index.php\/wp-json\/wp\/v2\/tags?post=64953"}],"curies":[{"name":"wp","href":"https:\/\/api.w.org\/{rel}","templated":true}]}}