{"id":64951,"date":"2024-09-10T06:33:09","date_gmt":"2024-09-10T09:33:09","guid":{"rendered":"https:\/\/ismaelcolosi.com.br\/index.php\/2024\/09\/10\/prova-pratica-teste-oral-e-avaliacao-online-veja-as-mudancas-na-lei-dos-concursos-publicos\/"},"modified":"2024-09-10T06:33:09","modified_gmt":"2024-09-10T09:33:09","slug":"prova-pratica-teste-oral-e-avaliacao-online-veja-as-mudancas-na-lei-dos-concursos-publicos","status":"publish","type":"post","link":"https:\/\/ismaelcolosi.com.br\/index.php\/2024\/09\/10\/prova-pratica-teste-oral-e-avaliacao-online-veja-as-mudancas-na-lei-dos-concursos-publicos\/","title":{"rendered":"Prova pr\u00e1tica, teste oral e avalia\u00e7\u00e3o online: veja as mudan\u00e7as na Lei dos Concursos P\u00fablicos"},"content":{"rendered":"<p> <br \/>\n<\/p>\n<div id=\"\">\n<div class=\"content-infos\">\n<div class=\"texts classe-teste\">\n<p class=\"author tooltip-comp\"> Da reda\u00e7\u00e3o<span class=\"icon-i\" style=\"display:none;\">i<\/span><span class=\"tooltiptext\" style=\"display:none\"> <span class=\"author\"><span>Da reda\u00e7\u00e3o<\/span> <\/span><span class=\"desc\"\/> <\/span><\/p>\n<p>10\/09\/2024 &#8211; 6:30<\/p>\n<\/div>\n<div id=\"share-modal\" class=\"share-modal\"> <button class=\"box-close btn-share\"> <img decoding=\"async\" src=\"https:\/\/istoedinheiro.com.br\/wp-content\/themes\/dinheiro-wp-theme\/assets\/img\/svg\/closeIcon.svg?x46096\" alt=\"Close icon\" class=\"close-btn lazy\"\/> <\/button><\/div>\n<\/p><\/div>\n<p>A nova Lei dos Concursos foi sancionada pelo presidente Luiz In\u00e1cio Lula da Silva na segunda-feira, 9, com mudan\u00e7as como a possibilidade de prova a dist\u00e2ncia e novas modalidades de avalia\u00e7\u00e3o, incluindo teste pr\u00e1tico de habilidades e avalia\u00e7\u00e3o oral.<\/p>\n<p><strong>+ \u2018Enem dos Concursos\u2019: veja como acessar cart\u00e3o de resposta e pr\u00f3ximas etapas<\/strong><\/p>\n<p>Segundo a ministra da Gest\u00e3o e Inova\u00e7\u00e3o, Esther Dweck, as mudan\u00e7as s\u00e3o para uniformizar e modernizar procedimentos, tornar mais claras as regras dos concursos p\u00fablicos e, assim, reduzir a judicializa\u00e7\u00e3o. \u201cA medida estabelece diretrizes para maior seguran\u00e7a jur\u00eddica e harmoniza\u00e7\u00e3o das normas m\u00ednimas nos processos de sele\u00e7\u00e3o p\u00fablica do Executivo e Judici\u00e1rio federais\u201d, diz a nota do minist\u00e9rio.<\/p>\n<p>A nova lei, que tramitou por 20 anos no Senado Federal, e foi aprovada em agosto pelo plen\u00e1rio da casa, tem um per\u00edodo de transi\u00e7\u00e3o, tornando-se obrigat\u00f3ria em 1\u00ba de janeiro de 2028, mas sua aplica\u00e7\u00e3o pode ser antecipada por meio de ato que autorizar a abertura de cada concurso p\u00fablico, informa o minist\u00e9rio.<\/p>\n<p>Embora a lei se aplique principalmente aos concursos federais, ela tamb\u00e9m permite que estados, Distrito Federal e munic\u00edpios atualizem suas normas de sele\u00e7\u00e3o.\u00a0A nova legisla\u00e7\u00e3o, contudo, n\u00e3o se aplica a concursos para ju\u00edzes, membros do Minist\u00e9rio P\u00fablico, ou empresas p\u00fablicas e sociedades de economia mista que n\u00e3o recebem recursos governamentais para despesas de pessoal ou custeio.<\/p>\n<p>A nova lei ainda estabelece requisitos m\u00ednimos para os editais, para assegurar isonomia e seguran\u00e7a jur\u00eddica nos concursos. Tamb\u00e9m pro\u00edbe qualquer forma de discrimina\u00e7\u00e3o dos candidatos, devendo ser respeitadas as pol\u00edticas afirmativas de diversidade em vigor. Outro ponto \u00e9 a possibilidade de colabora\u00e7\u00e3o entre \u00f3rg\u00e3os e entidades durante o planejamento e a execu\u00e7\u00e3o do concurso.<\/p>\n<h3>Veja as principais mudan\u00e7as<\/h3>\n<ul>\n<li><strong>Possibilidade de tr\u00eas modalidades de provas<\/strong><\/li>\n<\/ul>\n<p><strong>Conhecimentos:<\/strong> incluindo provas escritas, objetivas ou dissertativas e provas orais, que podem abranger conte\u00fados gerais ou espec\u00edficos;<\/p>\n<p><strong>Habilidades:<\/strong> como elabora\u00e7\u00e3o de documentos, simula\u00e7\u00e3o de tarefas pr\u00f3prias do cargo e testes f\u00edsicos;<\/p>\n<p><strong>Compet\u00eancias:<\/strong> avalia\u00e7\u00e3o psicol\u00f3gica, exame de sa\u00fade mental ou teste psicot\u00e9cnico.<\/p>\n<p>Tamb\u00e9m poder\u00e1 haver avalia\u00e7\u00e3o por t\u00edtulos e a realiza\u00e7\u00e3o de cursos ou programas de forma\u00e7\u00e3o, que podem ser eliminat\u00f3rios ou classificat\u00f3rios.<\/p>\n<p>Outra mudan\u00e7a institu\u00edda pela lei \u00e9 a possibilidade do candidato realizar o concurso p\u00fablico totalmente ou parcialmente a dist\u00e2ncia, por meio da internet ou de plataformas eletr\u00f4nicas seguras e controladas, desde que garantido o acesso igualit\u00e1rio \u00e0s ferramentas e aos dispositivos necess\u00e1rios \u2013 observados os padr\u00f5es legais de seguran\u00e7a da informa\u00e7\u00e3o.<\/p>\n<p>A aplica\u00e7\u00e3o dessa modalidade depender\u00e1 de regulamenta\u00e7\u00e3o espec\u00edfica, assegurando que o processo seja inclusivo e seguro, com prote\u00e7\u00e3o contra fraudes por meio dos requisitos tecnol\u00f3gicos adequados.<\/p>\n<div id=\"share-modal\" class=\"share-modal\"> <button class=\"box-close btn-share\"> <img decoding=\"async\" src=\"https:\/\/istoedinheiro.com.br\/wp-content\/themes\/dinheiro-wp-theme\/assets\/img\/svg\/closeIcon.svg?x46096\" alt=\"Close icon\" class=\"close-btn lazy\"\/> <\/button><\/div>\n<\/p><\/div>\n<p><script>!function(f,b,e,v,n,t,s){if(f.fbq)return;n=f.fbq=function(){n.callMethod?n.callMethod.apply(n,arguments):n.queue.push(arguments)};if(!f._fbq)f._fbq=n;n.push=n;n.loaded=!0;n.version='2.0';n.queue=[];t=b.createElement(e);t.async=!0;t.src=v;s=b.getElementsByTagName(e)[0];s.parentNode.insertBefore(t,s)}(window,document,'script','<\/script><br \/>\n<br \/><br \/>\n<br \/><a href=\"https:\/\/istoedinheiro.com.br\/prova-pratica-teste-oral-e-avaliacao-online-veja-as-mudancas-na-lei-dos-concursos-publicos\/\">Source link <\/a><\/p>\n<div class='code-block code-block-4' style='margin: 8px auto 8px 0; text-align: left; display: block; clear: both;'>\n\ud83d\udce2 Aviso Legal\n\nO site ismaelcolosi.com.br atua apenas como um canal de divulga\u00e7\u00e3o de oportunidades de emprego e n\u00e3o se responsabiliza pelo processo seletivo, contrata\u00e7\u00e3o ou qualquer outra etapa relacionada \u00e0s vagas publicadas. Todas as informa\u00e7\u00f5es s\u00e3o de responsabilidade dos anunciantes.\n\n\u26a0\ufe0f Aten\u00e7\u00e3o! Nunca pague por promessas de emprego nem compre cursos que garantam contrata\u00e7\u00e3o. Desconfie de qualquer cobran\u00e7a para participar de sele\u00e7\u00f5es.\n\n\n\n<\/div>\n<!-- CONTENT END 1 -->\n","protected":false},"excerpt":{"rendered":"<p>Da reda\u00e7\u00e3oi Da reda\u00e7\u00e3o 10\/09\/2024 &#8211; 6:30 A nova Lei dos Concursos foi sancionada pelo presidente Luiz In\u00e1cio Lula da Silva na segunda-feira, 9, com&#8230;<\/p>\n","protected":false},"author":1,"featured_media":64952,"comment_status":"open","ping_status":"open","sticky":false,"template":"","format":"standard","meta":{"_uag_custom_page_level_css":"","advanced_seo_description":"","jetpack_seo_html_title":"","jetpack_seo_noindex":false,"jetpack_post_was_ever_published":false,"_jetpack_newsletter_access":"","_jetpack_dont_email_post_to_subs":false,"_jetpack_newsletter_tier_id":0,"_jetpack_memberships_contains_paywalled_content":false,"_jetpack_memberships_contains_paid_content":false,"footnotes":"","jetpack_publicize_message":"","jetpack_publicize_feature_enabled":true,"jetpack_social_post_already_shared":true,"jetpack_social_options":{"image_generator_settings":{"template":"highway","default_image_id":0,"font":"","enabled":false},"version":2}},"categories":[3598],"tags":[],"class_list":["post-64951","post","type-post","status-publish","format-standard","has-post-thumbnail","hentry","category-empregos-classificados-vagas-trabalho"],"jetpack_publicize_connections":[],"jetpack_featured_media_url":"https:\/\/i0.wp.com\/ismaelcolosi.com.br\/wp-content\/uploads\/2024\/09\/motorista-profissional-de-alto-angulo-em-caminhao-1.jpg?fit=1000%2C667&ssl=1","uagb_featured_image_src":{"full":["https:\/\/i0.wp.com\/ismaelcolosi.com.br\/wp-content\/uploads\/2024\/09\/motorista-profissional-de-alto-angulo-em-caminhao-1.jpg?fit=1000%2C667&ssl=1",1000,667,false],"thumbnail":["https:\/\/i0.wp.com\/ismaelcolosi.com.br\/wp-content\/uploads\/2024\/09\/motorista-profissional-de-alto-angulo-em-caminhao-1.jpg?resize=150%2C150&ssl=1",150,150,true],"medium":["https:\/\/i0.wp.com\/ismaelcolosi.com.br\/wp-content\/uploads\/2024\/09\/motorista-profissional-de-alto-angulo-em-caminhao-1.jpg?fit=300%2C200&ssl=1",300,200,true],"medium_large":["https:\/\/i0.wp.com\/ismaelcolosi.com.br\/wp-content\/uploads\/2024\/09\/motorista-profissional-de-alto-angulo-em-caminhao-1.jpg?fit=768%2C512&ssl=1",768,512,true],"large":["https:\/\/i0.wp.com\/ismaelcolosi.com.br\/wp-content\/uploads\/2024\/09\/motorista-profissional-de-alto-angulo-em-caminhao-1.jpg?fit=1000%2C667&ssl=1",1000,667,true],"1536x1536":["https:\/\/i0.wp.com\/ismaelcolosi.com.br\/wp-content\/uploads\/2024\/09\/motorista-profissional-de-alto-angulo-em-caminhao-1.jpg?fit=1000%2C667&ssl=1",1000,667,true],"2048x2048":["https:\/\/i0.wp.com\/ismaelcolosi.com.br\/wp-content\/uploads\/2024\/09\/motorista-profissional-de-alto-angulo-em-caminhao-1.jpg?fit=1000%2C667&ssl=1",1000,667,true],"really-simple-thumb":["https:\/\/i0.wp.com\/ismaelcolosi.com.br\/wp-content\/uploads\/2024\/09\/motorista-profissional-de-alto-angulo-em-caminhao-1.jpg?resize=370%2C247&ssl=1",370,247,true]},"uagb_author_info":{"display_name":"ismaelcolosi.com.br","author_link":"https:\/\/ismaelcolosi.com.br\/index.php\/author\/vidareal-online\/"},"uagb_comment_info":0,"uagb_excerpt":"Da reda\u00e7\u00e3oi Da reda\u00e7\u00e3o 10\/09\/2024 &#8211; 6:30 A nova Lei dos Concursos foi sancionada pelo presidente Luiz In\u00e1cio Lula da Silva na segunda-feira, 9, com...","jetpack-related-posts":[{"id":69684,"url":"https:\/\/ismaelcolosi.com.br\/index.php\/2024\/10\/07\/enem-dos-concursos-notas-do-cpnu-saem-nesta-terca-saiba-como-conferir\/","url_meta":{"origin":64951,"position":0},"title":"Enem dos Concursos: notas do CPNU saem nesta ter\u00e7a; saiba como conferir","author":"ismaelcolosi.com.br","date":"7 de October de 2024","format":false,"excerpt":"Da reda\u00e7\u00e3oi Da reda\u00e7\u00e3o 07\/10\/2024 - 13:04 O Concurso P\u00fablico Nacional Unificado (CPNU), apelidado de \u201cEnem dos Concursos\u201d, divulgou nesta segunda-feira,\u00a0 7, as notas finais das provas objetivas e preliminares das provas discursivas. Para conferir seu resultado, basta fazer login na \u00e1rea do candidato no site oficial do certame, neste\u2026","rel":"","context":"In &quot;Empregos - Classificados&quot;","block_context":{"text":"Empregos - Classificados","link":"https:\/\/ismaelcolosi.com.br\/index.php\/category\/empregos-classificados-vagas-trabalho\/"},"img":{"alt_text":"","src":"https:\/\/i0.wp.com\/ismaelcolosi.com.br\/wp-content\/uploads\/2024\/10\/prova-1.jpg?fit=1200%2C751&ssl=1&resize=350%2C200","width":350,"height":200,"srcset":"https:\/\/i0.wp.com\/ismaelcolosi.com.br\/wp-content\/uploads\/2024\/10\/prova-1.jpg?fit=1200%2C751&ssl=1&resize=350%2C200 1x, https:\/\/i0.wp.com\/ismaelcolosi.com.br\/wp-content\/uploads\/2024\/10\/prova-1.jpg?fit=1200%2C751&ssl=1&resize=525%2C300 1.5x, https:\/\/i0.wp.com\/ismaelcolosi.com.br\/wp-content\/uploads\/2024\/10\/prova-1.jpg?fit=1200%2C751&ssl=1&resize=700%2C400 2x, https:\/\/i0.wp.com\/ismaelcolosi.com.br\/wp-content\/uploads\/2024\/10\/prova-1.jpg?fit=1200%2C751&ssl=1&resize=1050%2C600 3x"},"classes":[]},{"id":65046,"url":"https:\/\/ismaelcolosi.com.br\/index.php\/2024\/09\/10\/enem-dos-concursos-cartoes-de-resposta-ja-estao-disponiveis-veja-calendario\/","url_meta":{"origin":64951,"position":1},"title":"\u2018Enem dos Concursos\u2019: cart\u00f5es de resposta j\u00e1 est\u00e3o dispon\u00edveis; veja calend\u00e1rio","author":"ismaelcolosi.com.br","date":"10 de September de 2024","format":false,"excerpt":"Da reda\u00e7\u00e3oi Da reda\u00e7\u00e3o 10\/09\/2024 - 14:43 As imagens dos cart\u00f5es de resposta do Concurso P\u00fablico Nacional Unificado (CPNU) foram divulgadas na manh\u00e3 desta ter\u00e7a-feira, 10, os quase um milh\u00e3o de candidatos que fizeram as provas. O cart\u00e3o pode ser acessado na \u00e1rea do candidato, mesma p\u00e1gina onde foi realizada\u2026","rel":"","context":"In &quot;Empregos - Classificados&quot;","block_context":{"text":"Empregos - Classificados","link":"https:\/\/ismaelcolosi.com.br\/index.php\/category\/empregos-classificados-vagas-trabalho\/"},"img":{"alt_text":"","src":"https:\/\/i0.wp.com\/ismaelcolosi.com.br\/wp-content\/uploads\/2024\/09\/1725991150_prova-1.jpg?fit=1200%2C751&ssl=1&resize=350%2C200","width":350,"height":200,"srcset":"https:\/\/i0.wp.com\/ismaelcolosi.com.br\/wp-content\/uploads\/2024\/09\/1725991150_prova-1.jpg?fit=1200%2C751&ssl=1&resize=350%2C200 1x, https:\/\/i0.wp.com\/ismaelcolosi.com.br\/wp-content\/uploads\/2024\/09\/1725991150_prova-1.jpg?fit=1200%2C751&ssl=1&resize=525%2C300 1.5x, https:\/\/i0.wp.com\/ismaelcolosi.com.br\/wp-content\/uploads\/2024\/09\/1725991150_prova-1.jpg?fit=1200%2C751&ssl=1&resize=700%2C400 2x, https:\/\/i0.wp.com\/ismaelcolosi.com.br\/wp-content\/uploads\/2024\/09\/1725991150_prova-1.jpg?fit=1200%2C751&ssl=1&resize=1050%2C600 3x"},"classes":[]},{"id":69941,"url":"https:\/\/ismaelcolosi.com.br\/index.php\/2024\/10\/08\/enem-dos-concursos-justica-suspende-liminar-e-candidatos-do-bloco-4-podem-conferir-gabaritos-e-resultados\/","url_meta":{"origin":64951,"position":2},"title":"\u2018Enem dos Concursos\u2019: justi\u00e7a suspende liminar e candidatos do Bloco 4 podem conferir gabaritos e resultados","author":"ismaelcolosi.com.br","date":"8 de October de 2024","format":false,"excerpt":"Da reda\u00e7\u00e3oi Da reda\u00e7\u00e3o 08\/10\/2024 - 18:35 O Minist\u00e9rio da Gest\u00e3o e da Inova\u00e7\u00e3o anunciou no in\u00edcio da noite desta ter\u00e7a-feira, 8, que os candidatos que concorrem \u00e0s 971 vagas do Bloco 4 \u2013 Trabalho e Sa\u00fade do Servidor \u2013 do Concurso P\u00fablico Nacional Unificado (CPNU), apelidado de \u201cEnem dos\u2026","rel":"","context":"In &quot;Empregos - Classificados&quot;","block_context":{"text":"Empregos - Classificados","link":"https:\/\/ismaelcolosi.com.br\/index.php\/category\/empregos-classificados-vagas-trabalho\/"},"img":{"alt_text":"","src":"https:\/\/i0.wp.com\/ismaelcolosi.com.br\/wp-content\/uploads\/2024\/10\/prova.jpg?fit=1200%2C704&ssl=1&resize=350%2C200","width":350,"height":200,"srcset":"https:\/\/i0.wp.com\/ismaelcolosi.com.br\/wp-content\/uploads\/2024\/10\/prova.jpg?fit=1200%2C704&ssl=1&resize=350%2C200 1x, https:\/\/i0.wp.com\/ismaelcolosi.com.br\/wp-content\/uploads\/2024\/10\/prova.jpg?fit=1200%2C704&ssl=1&resize=525%2C300 1.5x, https:\/\/i0.wp.com\/ismaelcolosi.com.br\/wp-content\/uploads\/2024\/10\/prova.jpg?fit=1200%2C704&ssl=1&resize=700%2C400 2x, https:\/\/i0.wp.com\/ismaelcolosi.com.br\/wp-content\/uploads\/2024\/10\/prova.jpg?fit=1200%2C704&ssl=1&resize=1050%2C600 3x"},"classes":[]},{"id":66587,"url":"https:\/\/ismaelcolosi.com.br\/index.php\/2024\/09\/18\/inscricoes-para-concurso-do-stj-com-salarios-de-ate-r-139-mil-terminam-nesta-sexta\/","url_meta":{"origin":64951,"position":3},"title":"Inscri\u00e7\u00f5es para concurso do STJ com sal\u00e1rios de at\u00e9 R$ 13,9 mil terminam\u00a0nesta\u00a0sexta","author":"ismaelcolosi.com.br","date":"18 de September de 2024","format":false,"excerpt":"Da reda\u00e7\u00e3oi Da reda\u00e7\u00e3o 18\/09\/2024 - 11:57 As inscri\u00e7\u00f5es do concurso para o cargo de analista jur\u00eddico do Supremo Tribunal de Justi\u00e7a (STJ) encerram-se na sexta-feira, 20. Tamb\u00e9m \u00e9 o \u00faltimo dia para quem quer pedir isen\u00e7\u00e3o da taxa de inscri\u00e7\u00e3o no valor de R$ 120.O concurso destina-se a forma\u00e7\u00e3o\u2026","rel":"","context":"In &quot;Empregos - Classificados&quot;","block_context":{"text":"Empregos - Classificados","link":"https:\/\/ismaelcolosi.com.br\/index.php\/category\/empregos-classificados-vagas-trabalho\/"},"img":{"alt_text":"","src":"https:\/\/i0.wp.com\/ismaelcolosi.com.br\/wp-content\/uploads\/2024\/09\/stj-1908200979-0.jpg?fit=1024%2C768&ssl=1&resize=350%2C200","width":350,"height":200,"srcset":"https:\/\/i0.wp.com\/ismaelcolosi.com.br\/wp-content\/uploads\/2024\/09\/stj-1908200979-0.jpg?fit=1024%2C768&ssl=1&resize=350%2C200 1x, https:\/\/i0.wp.com\/ismaelcolosi.com.br\/wp-content\/uploads\/2024\/09\/stj-1908200979-0.jpg?fit=1024%2C768&ssl=1&resize=525%2C300 1.5x, https:\/\/i0.wp.com\/ismaelcolosi.com.br\/wp-content\/uploads\/2024\/09\/stj-1908200979-0.jpg?fit=1024%2C768&ssl=1&resize=700%2C400 2x"},"classes":[]},{"id":36378,"url":"https:\/\/ismaelcolosi.com.br\/index.php\/2024\/02\/09\/ultimo-dia-para-se-inscrever-no-enem-dos-concursos\/","url_meta":{"origin":64951,"position":4},"title":"\u00daltimo dia para se inscrever no \u2018Enem dos Concursos\u2019","author":"ismaelcolosi.com.br","date":"9 de February de 2024","format":false,"excerpt":"Termina \u00e0s 23h59 desta sexta-feira (9), o prazo para os candidatos se inscreverem no Concurso P\u00fablico Nacional Unificado, o \u201cEnem dos Concursos\u201d.\u00a0 At\u00e9 o momento, cerca de dois milh\u00f5es de pessoas j\u00e1 se inscreveram. A prova do concurso p\u00fablico acontece no dia 5 de maio, em 220 cidades de todos\u2026","rel":"","context":"In &quot;Not\u00edcias de Ribeir\u00e3o Preto-SP e Regi\u00e3o&quot;","block_context":{"text":"Not\u00edcias de Ribeir\u00e3o Preto-SP e Regi\u00e3o","link":"https:\/\/ismaelcolosi.com.br\/index.php\/category\/noticias-de-ribeirao-preto-sp-e-regiao-ismael-colosi\/"},"img":{"alt_text":"","src":"https:\/\/i0.wp.com\/ismaelcolosi.com.br\/wp-content\/uploads\/2024\/02\/1707495149_enem.jpeg?fit=768%2C420&ssl=1&resize=350%2C200","width":350,"height":200,"srcset":"https:\/\/i0.wp.com\/ismaelcolosi.com.br\/wp-content\/uploads\/2024\/02\/1707495149_enem.jpeg?fit=768%2C420&ssl=1&resize=350%2C200 1x, https:\/\/i0.wp.com\/ismaelcolosi.com.br\/wp-content\/uploads\/2024\/02\/1707495149_enem.jpeg?fit=768%2C420&ssl=1&resize=525%2C300 1.5x, https:\/\/i0.wp.com\/ismaelcolosi.com.br\/wp-content\/uploads\/2024\/02\/1707495149_enem.jpeg?fit=768%2C420&ssl=1&resize=700%2C400 2x"},"classes":[]},{"id":37178,"url":"https:\/\/ismaelcolosi.com.br\/index.php\/2024\/02\/14\/prazo-para-pagamento-de-inscricoes-do-enem-dos-concursos-termina-na-sexta\/","url_meta":{"origin":64951,"position":5},"title":"Prazo para pagamento de inscri\u00e7\u00f5es do \u2018Enem dos Concursos\u2019 termina na sexta","author":"ismaelcolosi.com.br","date":"14 de February de 2024","format":false,"excerpt":"O prazo para o pagamento das inscri\u00e7\u00f5es do Concurso P\u00fablico Nacional Unificado (CPNU), chamado de \u201cEnem dos Concursos\u201d termina nesta sexta-feira (16). Segundo o Minist\u00e9rio da Gest\u00e3o e da Inova\u00e7\u00e3o em Servi\u00e7os P\u00fablicos, ao todo 2,65 milh\u00f5es de pessoas se inscreveram. Desse total, faltam 1,28 milh\u00e3o de candidatos pagarem a\u2026","rel":"","context":"In &quot;Not\u00edcias de Ribeir\u00e3o Preto-SP e Regi\u00e3o&quot;","block_context":{"text":"Not\u00edcias de Ribeir\u00e3o Preto-SP e Regi\u00e3o","link":"https:\/\/ismaelcolosi.com.br\/index.php\/category\/noticias-de-ribeirao-preto-sp-e-regiao-ismael-colosi\/"},"img":{"alt_text":"","src":"https:\/\/i0.wp.com\/ismaelcolosi.com.br\/wp-content\/uploads\/2024\/02\/65d0940e-7db2-4d9b-9336-735005991b79.jpeg?fit=768%2C512&ssl=1&resize=350%2C200","width":350,"height":200,"srcset":"https:\/\/i0.wp.com\/ismaelcolosi.com.br\/wp-content\/uploads\/2024\/02\/65d0940e-7db2-4d9b-9336-735005991b79.jpeg?fit=768%2C512&ssl=1&resize=350%2C200 1x, https:\/\/i0.wp.com\/ismaelcolosi.com.br\/wp-content\/uploads\/2024\/02\/65d0940e-7db2-4d9b-9336-735005991b79.jpeg?fit=768%2C512&ssl=1&resize=525%2C300 1.5x, https:\/\/i0.wp.com\/ismaelcolosi.com.br\/wp-content\/uploads\/2024\/02\/65d0940e-7db2-4d9b-9336-735005991b79.jpeg?fit=768%2C512&ssl=1&resize=700%2C400 2x"},"classes":[]}],"jetpack_sharing_enabled":true,"jetpack_shortlink":"https:\/\/wp.me\/pfMlyK-gTB","_links":{"self":[{"href":"https:\/\/ismaelcolosi.com.br\/index.php\/wp-json\/wp\/v2\/posts\/64951","targetHints":{"allow":["GET"]}}],"collection":[{"href":"https:\/\/ismaelcolosi.com.br\/index.php\/wp-json\/wp\/v2\/posts"}],"about":[{"href":"https:\/\/ismaelcolosi.com.br\/index.php\/wp-json\/wp\/v2\/types\/post"}],"author":[{"embeddable":true,"href":"https:\/\/ismaelcolosi.com.br\/index.php\/wp-json\/wp\/v2\/users\/1"}],"replies":[{"embeddable":true,"href":"https:\/\/ismaelcolosi.com.br\/index.php\/wp-json\/wp\/v2\/comments?post=64951"}],"version-history":[{"count":0,"href":"https:\/\/ismaelcolosi.com.br\/index.php\/wp-json\/wp\/v2\/posts\/64951\/revisions"}],"wp:featuredmedia":[{"embeddable":true,"href":"https:\/\/ismaelcolosi.com.br\/index.php\/wp-json\/wp\/v2\/media\/64952"}],"wp:attachment":[{"href":"https:\/\/ismaelcolosi.com.br\/index.php\/wp-json\/wp\/v2\/media?parent=64951"}],"wp:term":[{"taxonomy":"category","embeddable":true,"href":"https:\/\/ismaelcolosi.com.br\/index.php\/wp-json\/wp\/v2\/categories?post=64951"},{"taxonomy":"post_tag","embeddable":true,"href":"https:\/\/ismaelcolosi.com.br\/index.php\/wp-json\/wp\/v2\/tags?post=64951"}],"curies":[{"name":"wp","href":"https:\/\/api.w.org\/{rel}","templated":true}]}}