{"id":64892,"date":"2024-09-09T18:53:13","date_gmt":"2024-09-09T21:53:13","guid":{"rendered":"https:\/\/ismaelcolosi.com.br\/index.php\/2024\/09\/09\/me-senti-desvalorizado-diz-goleiro-vitima-de-racismo-em-ribeirao\/"},"modified":"2024-09-09T18:53:13","modified_gmt":"2024-09-09T21:53:13","slug":"me-senti-desvalorizado-diz-goleiro-vitima-de-racismo-em-ribeirao","status":"publish","type":"post","link":"https:\/\/ismaelcolosi.com.br\/index.php\/2024\/09\/09\/me-senti-desvalorizado-diz-goleiro-vitima-de-racismo-em-ribeirao\/","title":{"rendered":"&#8220;Me senti desvalorizado&#8221; diz goleiro v\u00edtima de racismo em Ribeir\u00e3o"},"content":{"rendered":"<p> <br \/>\n<\/p>\n<div data-td-block-uid=\"tdi_106\">\n<div class=\"tdb-block-inner td-fix-index\">\n<p><strong>Vinicius Santos<\/strong>, <strong>goleiro do Atl\u00e9tico Monte Azul<\/strong>, <mark style=\"background-color:#fcb900\" class=\"has-inline-color\">foi alvo de ofensas racistas por parte de um torcedor no final da partida contra o Comercial que aconteceu no s\u00e1bado (7), no est\u00e1dio Palma Travassos, em Ribeir\u00e3o Preto. <\/mark><\/p>\n<p><strong>O atleta gravou um v\u00eddeo<\/strong>, na tarde desta <strong>segunda-feira (9<\/strong>), onde contou um pouco e de forma breve <strong>o que aconteceu e como se sentiu<\/strong>. <\/p>\n<h4 class=\"wp-block-heading\">Assista<\/h4>\n<blockquote class=\"instagram-media\" data-instgrm-permalink=\"https:\/\/www.instagram.com\/reel\/C_tfAh_u9cZ\/?utm_source=ig_embed&amp;utm_campaign=loading\" data-instgrm-version=\"14\" style=\" background:#FFF; border:0; border-radius:3px; box-shadow:0 0 1px 0 rgba(0,0,0,0.5),0 1px 10px 0 rgba(0,0,0,0.15); margin: 1px; max-width:540px; min-width:326px; padding:0; width:99.375%; width:-webkit-calc(100% - 2px); width:calc(100% - 2px);\"\/>\n<p>Em conversa com a equipe do <strong>a cidade on<\/strong>, Vinicius contou mais um pouco sobre o sentimento na situa\u00e7\u00e3o.<\/p>\n<blockquote class=\"wp-block-quote\">\n<p>\u201c\u00c9 doloroso pra mim falar sobre isso, nunca passei por essa situa\u00e7\u00e3o. Me desrespeitaram no meu trabalho. \u00c9 uma sensa\u00e7\u00e3o de impot\u00eancia, de n\u00e3o poder fazer nada.\u201d desabafou.<\/p>\n<\/blockquote>\n<p><strong>Ap\u00f3s a partida<\/strong>, o jovem de 19 anos registrou um<strong> Boletim de Ocorr\u00eancia.<\/strong><\/p>\n<p>SAIBA MAIS<br \/>Entenda autoriza\u00e7\u00e3o para compra de rede com loja em Ribeir\u00e3o Preto por concorrente<\/p>\n<h4 class=\"wp-block-heading\"><strong>FIQUE ON<\/strong><\/h4>\n<p>Fique ligado em tudo que acontece em Ribeir\u00e3o Preto e regi\u00e3o. Siga os perfis do<strong>\u00a0acidade on\u00a0<\/strong>no\u00a0<a href=\"https:\/\/www.instagram.com\/acidadeonribeirao\" target=\"_blank\" rel=\"noreferrer noopener\">Instagram<\/a>\u00a0e no\u00a0<a href=\"https:\/\/www.facebook.com\/acidadeonribeirao\/\" target=\"_blank\" rel=\"noreferrer noopener\">Facebook<\/a>.<\/p>\n<p>Receba not\u00edcias do<strong>\u00a0acidade on<\/strong>\u00a0no WhatsApp.<a href=\"https:\/\/chat.whatsapp.com\/Dtv9mxhy6V5BJBotM2OQ5k\" target=\"_blank\" rel=\"noreferrer noopener\">\u00a0Para entrar no grupo, basta clicar aqui.<\/a><\/p>\n<p>Fa\u00e7a uma den\u00fancia ou sugira uma reportagem sobre Ribeir\u00e3o Preto e regi\u00e3o pelo WhatsApp: 16 99117 7802.<\/p>\n<p>VEJA TAMB\u00c9M<br \/>Quando vai ter concurso para a Sanepar?<\/p>\n<p><!-- CONTENT END 1 -->\n<\/div>\n<\/div>\n<p><script async src=\"\/\/www.instagram.com\/embed.js\"><\/script><br \/>\n<br \/><br \/>\n<br \/><a href=\"https:\/\/www.acidadeon.com\/ribeiraopreto\/cotidiano\/me-senti-desvalorizado-diz-goleiro-vitima-de-racismo-em-ribeirao\/\">Source link <\/a><\/p>\n","protected":false},"excerpt":{"rendered":"<p>Vinicius Santos, goleiro do Atl\u00e9tico Monte Azul, foi alvo de ofensas racistas por parte de um torcedor no final da partida contra o Comercial que&#8230;<\/p>\n","protected":false},"author":1,"featured_media":64893,"comment_status":"open","ping_status":"open","sticky":false,"template":"","format":"standard","meta":{"_uag_custom_page_level_css":"","advanced_seo_description":"","jetpack_seo_html_title":"","jetpack_seo_noindex":false,"jetpack_post_was_ever_published":false,"_jetpack_newsletter_access":"","_jetpack_dont_email_post_to_subs":false,"_jetpack_newsletter_tier_id":0,"_jetpack_memberships_contains_paywalled_content":false,"_jetpack_memberships_contains_paid_content":false,"footnotes":"","jetpack_publicize_message":"","jetpack_publicize_feature_enabled":true,"jetpack_social_post_already_shared":true,"jetpack_social_options":{"image_generator_settings":{"template":"highway","default_image_id":0,"font":"","enabled":false},"version":2}},"categories":[11],"tags":[],"class_list":["post-64892","post","type-post","status-publish","format-standard","has-post-thumbnail","hentry","category-noticias-de-ribeirao-preto-sp-e-regiao-ismael-colosi"],"jetpack_publicize_connections":[],"jetpack_featured_media_url":"https:\/\/i0.wp.com\/ismaelcolosi.com.br\/wp-content\/uploads\/2024\/09\/Copia-de-Copia-de-Copia-de-TAMANHO-EXATO-PARA-FOTOS-NO-SISTEMA-NOVO-9_2024-09-09_21-24-04_png_2024-09-09_21-24-04.webp.webp?fit=1200%2C675&ssl=1","uagb_featured_image_src":{"full":["https:\/\/i0.wp.com\/ismaelcolosi.com.br\/wp-content\/uploads\/2024\/09\/Copia-de-Copia-de-Copia-de-TAMANHO-EXATO-PARA-FOTOS-NO-SISTEMA-NOVO-9_2024-09-09_21-24-04_png_2024-09-09_21-24-04.webp.webp?fit=1200%2C675&ssl=1",1200,675,false],"thumbnail":["https:\/\/i0.wp.com\/ismaelcolosi.com.br\/wp-content\/uploads\/2024\/09\/Copia-de-Copia-de-Copia-de-TAMANHO-EXATO-PARA-FOTOS-NO-SISTEMA-NOVO-9_2024-09-09_21-24-04_png_2024-09-09_21-24-04.webp.webp?resize=150%2C150&ssl=1",150,150,true],"medium":["https:\/\/i0.wp.com\/ismaelcolosi.com.br\/wp-content\/uploads\/2024\/09\/Copia-de-Copia-de-Copia-de-TAMANHO-EXATO-PARA-FOTOS-NO-SISTEMA-NOVO-9_2024-09-09_21-24-04_png_2024-09-09_21-24-04.webp.webp?fit=300%2C169&ssl=1",300,169,true],"medium_large":["https:\/\/i0.wp.com\/ismaelcolosi.com.br\/wp-content\/uploads\/2024\/09\/Copia-de-Copia-de-Copia-de-TAMANHO-EXATO-PARA-FOTOS-NO-SISTEMA-NOVO-9_2024-09-09_21-24-04_png_2024-09-09_21-24-04.webp.webp?fit=768%2C432&ssl=1",768,432,true],"large":["https:\/\/i0.wp.com\/ismaelcolosi.com.br\/wp-content\/uploads\/2024\/09\/Copia-de-Copia-de-Copia-de-TAMANHO-EXATO-PARA-FOTOS-NO-SISTEMA-NOVO-9_2024-09-09_21-24-04_png_2024-09-09_21-24-04.webp.webp?fit=1024%2C576&ssl=1",1024,576,true],"1536x1536":["https:\/\/i0.wp.com\/ismaelcolosi.com.br\/wp-content\/uploads\/2024\/09\/Copia-de-Copia-de-Copia-de-TAMANHO-EXATO-PARA-FOTOS-NO-SISTEMA-NOVO-9_2024-09-09_21-24-04_png_2024-09-09_21-24-04.webp.webp?fit=1200%2C675&ssl=1",1200,675,true],"2048x2048":["https:\/\/i0.wp.com\/ismaelcolosi.com.br\/wp-content\/uploads\/2024\/09\/Copia-de-Copia-de-Copia-de-TAMANHO-EXATO-PARA-FOTOS-NO-SISTEMA-NOVO-9_2024-09-09_21-24-04_png_2024-09-09_21-24-04.webp.webp?fit=1200%2C675&ssl=1",1200,675,true],"really-simple-thumb":["https:\/\/i0.wp.com\/ismaelcolosi.com.br\/wp-content\/uploads\/2024\/09\/Copia-de-Copia-de-Copia-de-TAMANHO-EXATO-PARA-FOTOS-NO-SISTEMA-NOVO-9_2024-09-09_21-24-04_png_2024-09-09_21-24-04.webp.webp?resize=370%2C247&ssl=1",370,247,true]},"uagb_author_info":{"display_name":"ismaelcolosi.com.br","author_link":"https:\/\/ismaelcolosi.com.br\/index.php\/author\/vidareal-online\/"},"uagb_comment_info":0,"uagb_excerpt":"Vinicius Santos, goleiro do Atl\u00e9tico Monte Azul, foi alvo de ofensas racistas por parte de um torcedor no final da partida contra o Comercial que...","jetpack-related-posts":[{"id":64930,"url":"https:\/\/ismaelcolosi.com.br\/index.php\/2024\/09\/09\/me-senti-desvalorizado-diz-goleiro-vitima-de-racismo-em-ribeirao-2\/","url_meta":{"origin":64892,"position":0},"title":"&#8216;Me senti desvalorizado&#8217;, diz goleiro v\u00edtima de racismo em Ribeir\u00e3o","author":"ismaelcolosi.com.br","date":"9 de September de 2024","format":false,"excerpt":"Vinicius Santos, goleiro do Atl\u00e9tico Monte Azul, foi alvo de ofensas racistas por parte de um torcedor no final da partida contra o Comercial que aconteceu no s\u00e1bado (7), no est\u00e1dio Palma Travassos, em Ribeir\u00e3o Preto. O atleta gravou um v\u00eddeo, na tarde desta segunda-feira (9), onde contou um pouco\u2026","rel":"","context":"In &quot;Not\u00edcias de Ribeir\u00e3o Preto-SP e Regi\u00e3o&quot;","block_context":{"text":"Not\u00edcias de Ribeir\u00e3o Preto-SP e Regi\u00e3o","link":"https:\/\/ismaelcolosi.com.br\/index.php\/category\/noticias-de-ribeirao-preto-sp-e-regiao-ismael-colosi\/"},"img":{"alt_text":"","src":"https:\/\/i0.wp.com\/ismaelcolosi.com.br\/wp-content\/uploads\/2024\/09\/Copia-de-Copia-de-Copia-de-TAMANHO-EXATO-PARA-FOTOS-NO-SISTEMA-NOVO-9_2024-09-09_21-24-04_png_2024-09-09_21-24-04.webp.webp?fit=1200%2C675&ssl=1&resize=350%2C200","width":350,"height":200,"srcset":"https:\/\/i0.wp.com\/ismaelcolosi.com.br\/wp-content\/uploads\/2024\/09\/Copia-de-Copia-de-Copia-de-TAMANHO-EXATO-PARA-FOTOS-NO-SISTEMA-NOVO-9_2024-09-09_21-24-04_png_2024-09-09_21-24-04.webp.webp?fit=1200%2C675&ssl=1&resize=350%2C200 1x, https:\/\/i0.wp.com\/ismaelcolosi.com.br\/wp-content\/uploads\/2024\/09\/Copia-de-Copia-de-Copia-de-TAMANHO-EXATO-PARA-FOTOS-NO-SISTEMA-NOVO-9_2024-09-09_21-24-04_png_2024-09-09_21-24-04.webp.webp?fit=1200%2C675&ssl=1&resize=525%2C300 1.5x, https:\/\/i0.wp.com\/ismaelcolosi.com.br\/wp-content\/uploads\/2024\/09\/Copia-de-Copia-de-Copia-de-TAMANHO-EXATO-PARA-FOTOS-NO-SISTEMA-NOVO-9_2024-09-09_21-24-04_png_2024-09-09_21-24-04.webp.webp?fit=1200%2C675&ssl=1&resize=700%2C400 2x, https:\/\/i0.wp.com\/ismaelcolosi.com.br\/wp-content\/uploads\/2024\/09\/Copia-de-Copia-de-Copia-de-TAMANHO-EXATO-PARA-FOTOS-NO-SISTEMA-NOVO-9_2024-09-09_21-24-04_png_2024-09-09_21-24-04.webp.webp?fit=1200%2C675&ssl=1&resize=1050%2C600 3x"},"classes":[]},{"id":54208,"url":"https:\/\/ismaelcolosi.com.br\/index.php\/2024\/06\/22\/com-um-a-menos-botafogo-vence-operario-fora-de-casa-pela-serie-b\/","url_meta":{"origin":64892,"position":1},"title":"Com um a menos, Botafogo vence Oper\u00e1rio fora de casa pela S\u00e9rie B","author":"ismaelcolosi.com.br","date":"22 de June de 2024","format":false,"excerpt":"Com gol no final, o Botafogo derrotou o Oper\u00e1rio-PR por 1 a 0 no est\u00e1dio Germano Kr\u00fcger, em Ponta Grossa-PR, pelo Campeonato Brasileiro da S\u00e9rie B. A equipe de Ribeir\u00e3o Preto chega a quarta vit\u00f3ria consecutiva na disputa. Antes do gol, a melhor oportunidade de gol do Botafogo aconteceu aos\u2026","rel":"","context":"In &quot;Not\u00edcias de Ribeir\u00e3o Preto-SP e Regi\u00e3o&quot;","block_context":{"text":"Not\u00edcias de Ribeir\u00e3o Preto-SP e Regi\u00e3o","link":"https:\/\/ismaelcolosi.com.br\/index.php\/category\/noticias-de-ribeirao-preto-sp-e-regiao-ismael-colosi\/"},"img":{"alt_text":"","src":"https:\/\/i0.wp.com\/ismaelcolosi.com.br\/wp-content\/uploads\/2024\/06\/AnyConv.com__BOTAFOGO-OPERARIO-SERIE-B_2024-06-22_21-42-47.webp.webp?fit=1200%2C800&ssl=1&resize=350%2C200","width":350,"height":200,"srcset":"https:\/\/i0.wp.com\/ismaelcolosi.com.br\/wp-content\/uploads\/2024\/06\/AnyConv.com__BOTAFOGO-OPERARIO-SERIE-B_2024-06-22_21-42-47.webp.webp?fit=1200%2C800&ssl=1&resize=350%2C200 1x, https:\/\/i0.wp.com\/ismaelcolosi.com.br\/wp-content\/uploads\/2024\/06\/AnyConv.com__BOTAFOGO-OPERARIO-SERIE-B_2024-06-22_21-42-47.webp.webp?fit=1200%2C800&ssl=1&resize=525%2C300 1.5x, https:\/\/i0.wp.com\/ismaelcolosi.com.br\/wp-content\/uploads\/2024\/06\/AnyConv.com__BOTAFOGO-OPERARIO-SERIE-B_2024-06-22_21-42-47.webp.webp?fit=1200%2C800&ssl=1&resize=700%2C400 2x, https:\/\/i0.wp.com\/ismaelcolosi.com.br\/wp-content\/uploads\/2024\/06\/AnyConv.com__BOTAFOGO-OPERARIO-SERIE-B_2024-06-22_21-42-47.webp.webp?fit=1200%2C800&ssl=1&resize=1050%2C600 3x"},"classes":[]},{"id":64477,"url":"https:\/\/ismaelcolosi.com.br\/index.php\/2024\/09\/07\/goleiro-do-monte-azul-denuncia-racismo-apos-jogo-contra-comercial-em-ribeirao-preto\/","url_meta":{"origin":64892,"position":2},"title":"Goleiro do Monte Azul denuncia racismo ap\u00f3s jogo contra Comercial em Ribeir\u00e3o Preto","author":"ismaelcolosi.com.br","date":"7 de September de 2024","format":false,"excerpt":"O goleiro reserva do Monte Azul, que enfrentou o Comercial, em Ribeir\u00e3o Preto, na tarde deste s\u00e1bado (7), denunciou que foi alvo de ofensas racistas por parte de um torcedor ao t\u00e9rmino da partida, disputada no est\u00e1dio Palma Travassos. Outros jogadores do Monte Azul e, tamb\u00e9m do Comercial, afirmaram que\u2026","rel":"","context":"In &quot;Not\u00edcias de Ribeir\u00e3o Preto-SP e Regi\u00e3o&quot;","block_context":{"text":"Not\u00edcias de Ribeir\u00e3o Preto-SP e Regi\u00e3o","link":"https:\/\/ismaelcolosi.com.br\/index.php\/category\/noticias-de-ribeirao-preto-sp-e-regiao-ismael-colosi\/"},"img":{"alt_text":"","src":"https:\/\/i0.wp.com\/ismaelcolosi.com.br\/wp-content\/uploads\/2024\/09\/jogador-monte-azul_2024-09-07_22-19-11_jpg_2024-09-07_22-19-11.webp.webp?fit=1200%2C696&ssl=1&resize=350%2C200","width":350,"height":200,"srcset":"https:\/\/i0.wp.com\/ismaelcolosi.com.br\/wp-content\/uploads\/2024\/09\/jogador-monte-azul_2024-09-07_22-19-11_jpg_2024-09-07_22-19-11.webp.webp?fit=1200%2C696&ssl=1&resize=350%2C200 1x, https:\/\/i0.wp.com\/ismaelcolosi.com.br\/wp-content\/uploads\/2024\/09\/jogador-monte-azul_2024-09-07_22-19-11_jpg_2024-09-07_22-19-11.webp.webp?fit=1200%2C696&ssl=1&resize=525%2C300 1.5x, https:\/\/i0.wp.com\/ismaelcolosi.com.br\/wp-content\/uploads\/2024\/09\/jogador-monte-azul_2024-09-07_22-19-11_jpg_2024-09-07_22-19-11.webp.webp?fit=1200%2C696&ssl=1&resize=700%2C400 2x, https:\/\/i0.wp.com\/ismaelcolosi.com.br\/wp-content\/uploads\/2024\/09\/jogador-monte-azul_2024-09-07_22-19-11_jpg_2024-09-07_22-19-11.webp.webp?fit=1200%2C696&ssl=1&resize=1050%2C600 3x"},"classes":[]},{"id":64468,"url":"https:\/\/ismaelcolosi.com.br\/index.php\/2024\/09\/07\/comercial-empata-com-o-monte-azul-pela-copa-paulista-em-ribeirao-preto\/","url_meta":{"origin":64892,"position":3},"title":"Comercial empata com o Monte Azul pela Copa Paulista em Ribeir\u00e3o Preto","author":"ismaelcolosi.com.br","date":"7 de September de 2024","format":false,"excerpt":"O Comercial empatou em 0 a 0 com o Monte Azul na tarde deste s\u00e1bado (7), no est\u00e1dio Palma Travassos, em Ribeir\u00e3o Preto. O confronto foi v\u00e1lido pelas quartas de final da Copa Paulista. O Le\u00e3o do Norte chegou a pressionar o Monte Azul, dono da melhor campanha na primeira\u2026","rel":"","context":"In &quot;Not\u00edcias de Ribeir\u00e3o Preto-SP e Regi\u00e3o&quot;","block_context":{"text":"Not\u00edcias de Ribeir\u00e3o Preto-SP e Regi\u00e3o","link":"https:\/\/ismaelcolosi.com.br\/index.php\/category\/noticias-de-ribeirao-preto-sp-e-regiao-ismael-colosi\/"},"img":{"alt_text":"","src":"https:\/\/i0.wp.com\/ismaelcolosi.com.br\/wp-content\/uploads\/2024\/09\/comercial-monte-azul_2024-09-07_20-36-30_jpg_2024-09-07_20-36-30.webp.webp?fit=1200%2C799&ssl=1&resize=350%2C200","width":350,"height":200,"srcset":"https:\/\/i0.wp.com\/ismaelcolosi.com.br\/wp-content\/uploads\/2024\/09\/comercial-monte-azul_2024-09-07_20-36-30_jpg_2024-09-07_20-36-30.webp.webp?fit=1200%2C799&ssl=1&resize=350%2C200 1x, https:\/\/i0.wp.com\/ismaelcolosi.com.br\/wp-content\/uploads\/2024\/09\/comercial-monte-azul_2024-09-07_20-36-30_jpg_2024-09-07_20-36-30.webp.webp?fit=1200%2C799&ssl=1&resize=525%2C300 1.5x, https:\/\/i0.wp.com\/ismaelcolosi.com.br\/wp-content\/uploads\/2024\/09\/comercial-monte-azul_2024-09-07_20-36-30_jpg_2024-09-07_20-36-30.webp.webp?fit=1200%2C799&ssl=1&resize=700%2C400 2x, https:\/\/i0.wp.com\/ismaelcolosi.com.br\/wp-content\/uploads\/2024\/09\/comercial-monte-azul_2024-09-07_20-36-30_jpg_2024-09-07_20-36-30.webp.webp?fit=1200%2C799&ssl=1&resize=1050%2C600 3x"},"classes":[]},{"id":41907,"url":"https:\/\/ismaelcolosi.com.br\/index.php\/2024\/03\/11\/goleiro-nascido-em-ribeirao-preto-e-convocado-para-a-selecao-brasileira\/","url_meta":{"origin":64892,"position":4},"title":"Goleiro nascido em Ribeir\u00e3o Preto \u00e9 convocado para a Sele\u00e7\u00e3o Brasileira","author":"ismaelcolosi.com.br","date":"11 de March de 2024","format":false,"excerpt":"O t\u00e9cnico Dorival J\u00fanior, da Sele\u00e7\u00e3o Brasileira, anunciou nesta segunda-feira (11), a convoca\u00e7\u00e3o do goleiro L\u00e9o Jardim, do Vasco, natural de Ribeir\u00e3o Preto. Al\u00e9m dele, o zagueiro Fabr\u00edcio Bruno, do Flamengo, e o atacante Galeno, do Porto, tamb\u00e9m foram chamados. Os tr\u00eas jogadores v\u00e3o substituir Ederson, goleiro do Manchester City\u2026","rel":"","context":"In &quot;Not\u00edcias de Ribeir\u00e3o Preto-SP e Regi\u00e3o&quot;","block_context":{"text":"Not\u00edcias de Ribeir\u00e3o Preto-SP e Regi\u00e3o","link":"https:\/\/ismaelcolosi.com.br\/index.php\/category\/noticias-de-ribeirao-preto-sp-e-regiao-ismael-colosi\/"},"img":{"alt_text":"","src":"https:\/\/i0.wp.com\/ismaelcolosi.com.br\/wp-content\/uploads\/2024\/03\/53316077893_9132faf2fd_h-1024x683-1.webp.webp?fit=1024%2C683&ssl=1&resize=350%2C200","width":350,"height":200,"srcset":"https:\/\/i0.wp.com\/ismaelcolosi.com.br\/wp-content\/uploads\/2024\/03\/53316077893_9132faf2fd_h-1024x683-1.webp.webp?fit=1024%2C683&ssl=1&resize=350%2C200 1x, https:\/\/i0.wp.com\/ismaelcolosi.com.br\/wp-content\/uploads\/2024\/03\/53316077893_9132faf2fd_h-1024x683-1.webp.webp?fit=1024%2C683&ssl=1&resize=525%2C300 1.5x, https:\/\/i0.wp.com\/ismaelcolosi.com.br\/wp-content\/uploads\/2024\/03\/53316077893_9132faf2fd_h-1024x683-1.webp.webp?fit=1024%2C683&ssl=1&resize=700%2C400 2x"},"classes":[]},{"id":63077,"url":"https:\/\/ismaelcolosi.com.br\/index.php\/2024\/08\/30\/venda-do-ze-goleiro-pede-doacoes-de-frutas-para-animais-apos-incendios\/","url_meta":{"origin":64892,"position":5},"title":"Venda do Z\u00e9 Goleiro pede doa\u00e7\u00f5es de frutas para animais ap\u00f3s inc\u00eandios","author":"ismaelcolosi.com.br","date":"30 de August de 2024","format":false,"excerpt":"O bar Venda do Z\u00e9 Goleiro, localizado na estrada velha de Guatapar\u00e1, km 20, na regi\u00e3o de Ribeir\u00e3o Preto, est\u00e1 pedindo doa\u00e7\u00e3o de frutas para os animais v\u00edtimas dos inc\u00eandios da semana passada. Na p\u00e1gina oficial da Venda, no Facebook, os propriet\u00e1rios pedem que amigos e clientes que forem at\u00e9\u2026","rel":"","context":"In &quot;Not\u00edcias de Ribeir\u00e3o Preto-SP e Regi\u00e3o&quot;","block_context":{"text":"Not\u00edcias de Ribeir\u00e3o Preto-SP e Regi\u00e3o","link":"https:\/\/ismaelcolosi.com.br\/index.php\/category\/noticias-de-ribeirao-preto-sp-e-regiao-ismael-colosi\/"},"img":{"alt_text":"","src":"https:\/\/i0.wp.com\/ismaelcolosi.com.br\/wp-content\/uploads\/2024\/08\/zegoleiro_2024-08-30_19-11-15_png_2024-08-30_19-11-15.webp.webp?fit=860%2C488&ssl=1&resize=350%2C200","width":350,"height":200,"srcset":"https:\/\/i0.wp.com\/ismaelcolosi.com.br\/wp-content\/uploads\/2024\/08\/zegoleiro_2024-08-30_19-11-15_png_2024-08-30_19-11-15.webp.webp?fit=860%2C488&ssl=1&resize=350%2C200 1x, https:\/\/i0.wp.com\/ismaelcolosi.com.br\/wp-content\/uploads\/2024\/08\/zegoleiro_2024-08-30_19-11-15_png_2024-08-30_19-11-15.webp.webp?fit=860%2C488&ssl=1&resize=525%2C300 1.5x, https:\/\/i0.wp.com\/ismaelcolosi.com.br\/wp-content\/uploads\/2024\/08\/zegoleiro_2024-08-30_19-11-15_png_2024-08-30_19-11-15.webp.webp?fit=860%2C488&ssl=1&resize=700%2C400 2x"},"classes":[]}],"jetpack_sharing_enabled":true,"jetpack_shortlink":"https:\/\/wp.me\/pfMlyK-gSE","_links":{"self":[{"href":"https:\/\/ismaelcolosi.com.br\/index.php\/wp-json\/wp\/v2\/posts\/64892","targetHints":{"allow":["GET"]}}],"collection":[{"href":"https:\/\/ismaelcolosi.com.br\/index.php\/wp-json\/wp\/v2\/posts"}],"about":[{"href":"https:\/\/ismaelcolosi.com.br\/index.php\/wp-json\/wp\/v2\/types\/post"}],"author":[{"embeddable":true,"href":"https:\/\/ismaelcolosi.com.br\/index.php\/wp-json\/wp\/v2\/users\/1"}],"replies":[{"embeddable":true,"href":"https:\/\/ismaelcolosi.com.br\/index.php\/wp-json\/wp\/v2\/comments?post=64892"}],"version-history":[{"count":0,"href":"https:\/\/ismaelcolosi.com.br\/index.php\/wp-json\/wp\/v2\/posts\/64892\/revisions"}],"wp:featuredmedia":[{"embeddable":true,"href":"https:\/\/ismaelcolosi.com.br\/index.php\/wp-json\/wp\/v2\/media\/64893"}],"wp:attachment":[{"href":"https:\/\/ismaelcolosi.com.br\/index.php\/wp-json\/wp\/v2\/media?parent=64892"}],"wp:term":[{"taxonomy":"category","embeddable":true,"href":"https:\/\/ismaelcolosi.com.br\/index.php\/wp-json\/wp\/v2\/categories?post=64892"},{"taxonomy":"post_tag","embeddable":true,"href":"https:\/\/ismaelcolosi.com.br\/index.php\/wp-json\/wp\/v2\/tags?post=64892"}],"curies":[{"name":"wp","href":"https:\/\/api.w.org\/{rel}","templated":true}]}}