{"id":64857,"date":"2024-09-09T16:27:43","date_gmt":"2024-09-09T19:27:43","guid":{"rendered":"https:\/\/ismaelcolosi.com.br\/index.php\/2024\/09\/09\/dicas-de-curriculo-e-entrevista-emprego-2\/"},"modified":"2024-09-09T16:27:43","modified_gmt":"2024-09-09T19:27:43","slug":"dicas-de-curriculo-e-entrevista-emprego-2","status":"publish","type":"post","link":"https:\/\/ismaelcolosi.com.br\/index.php\/2024\/09\/09\/dicas-de-curriculo-e-entrevista-emprego-2\/","title":{"rendered":"dicas de curr\u00edculo e entrevista- emprego"},"content":{"rendered":"<p> <br \/>\n<\/p>\n<div>\n<p><strong>Construir um curr\u00edculo eficaz<\/strong> e se preparar para a <strong>entrevista de emprego<\/strong> s\u00e3o etapas fundamentais para conquistar uma oportunidade de trabalho, por\u00e9m podem gerar muitas d\u00favidas, especialmente para quem busca o seu <strong>primeiro emprego<\/strong>.<\/p>\n<p>Neste artigo, abordaremos dicas valiosas para aprimorar seu curr\u00edculo e aumentar suas chances de se destacar durante a entrevista de emprego, especialmente se voc\u00ea est\u00e1 buscando vagas no projeto BORA Empregar, iniciativa de parceria entre a Catho e a Ambev. Vamos conferir?<\/p>\n<nav class=\"toc-container  active\">\n<hr\/>\n<\/nav>\n<h2 class=\"wp-block-heading\" id=\"Dicas_para_elaborar_um_curriculo_de_destaque\"><strong>Dicas para elaborar um curr\u00edculo de destaque<\/strong><br \/><\/h2>\n<p>Ter um curr\u00edculo bem estruturado e informativo ser\u00e1 essencial na busca por emprego, pois essa ser\u00e1 a primeira impress\u00e3o sobre voc\u00ea para o recrutador ou empregador. Confira algumas dicas pr\u00e1ticas:<\/p>\n<ul class=\"wp-block-list\">\n<li>Crie um curr\u00edculo com layout simples e organizado, com informa\u00e7\u00f5es relevantes e f\u00e1ceis de entender. Para isso, use se\u00e7\u00f5es como informa\u00e7\u00f5es pessoais, objetivo profissional, forma\u00e7\u00e3o acad\u00eamica, experi\u00eancia profissional e habilidades \u2013 baixe gr\u00e1tis os modelos de curr\u00edculo da Catho;<\/li>\n<li>Seja conciso e objetivo, evitando informa\u00e7\u00f5es irrelevantes ou excessivas \u2013 o ideal \u00e9 que seu curr\u00edculo n\u00e3o ultrapasse uma ou duas p\u00e1ginas;<\/li>\n<li>Inclua palavras-chave relacionadas \u00e0 sua \u00e1rea de atua\u00e7\u00e3o, pois muitas empresas utilizam sistemas de rastreamento de candidatos e isso pode ampliar suas chances do seu curr\u00edculo ser selecionado para uma an\u00e1lise mais detalhada. \u2b50DICA PROFISSIONAL: confira as principais vagas da sua \u00e1rea e identifique as principais palavras \/ express\u00f5es em comum utilizadas nas descri\u00e7\u00f5es;<\/li>\n<li>Revise seu curr\u00edculo para evitar erros de digita\u00e7\u00e3o ou inconsist\u00eancias. Se for o caso, pe\u00e7a a outra pessoa para revis\u00e1-lo tamb\u00e9m.<\/li>\n<\/ul>\n<p>Quer dicas ainda mais aprofundadas sobre curr\u00edculo? Confira nossa se\u00e7\u00e3o especial no blog sobre o tema \u2013 acessar dicas pro curr\u00edculo.\u00a0<\/p>\n<h2 class=\"wp-block-heading\" id=\"Modelos_de_Curriculo_Gratis\"><strong>Modelos de Curr\u00edculo Gr\u00e1tis<\/strong><\/h2>\n<p>Para facilitar, a Catho oferece, gratuitamente, mais de 50 op\u00e7\u00f5es de <strong>modelo de curr\u00edculo pronto<\/strong> para voc\u00ea incluir apenas as suas informa\u00e7\u00f5es pessoais e experi\u00eancias espec\u00edficas. Temos curr\u00edculo para \u00e1rea de Log\u00edstica, curr\u00edculo para Gar\u00e7om e modelo de curr\u00edculo para Balconista e muito mais!<\/p>\n<h3 class=\"wp-block-heading\" id=\"Confira_como_utilizar_um_modelo_de_curriculo_pronto_da_Catho\"><strong>Confira como utilizar um modelo de curr\u00edculo pronto da Catho:<\/strong><\/h3>\n<ol class=\"wp-block-list\">\n<li>Acesse a p\u00e1gina com todos os modelos dispon\u00edveis clicando aqui;<\/li>\n<li>Utilize a busca para encontrar seu cargo e \u00e1rea de interesse;<\/li>\n<li>Fa\u00e7a o download gratuito do curr\u00edculo do seu perfil;<\/li>\n<li>Edite as informa\u00e7\u00f5es com seus dados pessoais e profissionais;<\/li>\n<li>Salve o arquivo no formato .doc ou PDF.<\/li>\n<\/ol>\n<p><strong>Saiba mais: <\/strong>Curr\u00edculo: guia completo para se destacar no processo seletivo<strong><br \/><\/strong><\/p>\n<h2 class=\"wp-block-heading\" id=\"Dicas_para_Entrevista_de_Emprego\"><strong>Dicas para Entrevista de Emprego<\/strong><strong><br \/><\/strong><\/h2>\n<p>A entrevista de emprego \u00e9, sem d\u00favida, a principal oportunidade de demonstrar suas qualifica\u00e7\u00f5es (seja pessoalmente ou por entrevista online). Confira algumas dicas para se preparar:<\/p>\n<ul class=\"wp-block-list\">\n<li>Pesquise sobre a empresa e o cargo para o qual est\u00e1 se candidatando \u2013 busque essas informa\u00e7\u00f5es no site da pr\u00f3pria companhia, em reportagens no Google e tamb\u00e9m nas redes sociais da empresa;<\/li>\n<li>Pratique respostas para perguntas comuns, como \u201cFale sobre voc\u00ea\u201d e \u201cPor que devemos te contratar?\u201d;<\/li>\n<li>Prepare perguntas relevantes para fazer ao entrevistador, demonstrando seu interesse e curiosidade sobre a empresa e sobre a vaga;<\/li>\n<li>Pratique sua postura, tom de voz e contato visual para transmitir confian\u00e7a e profissionalismo.<\/li>\n<\/ul>\n<p><strong>Saiba mais:<\/strong> Guia entrevista de emprego: principais dicas para se sair muito bem!<\/p>\n<p>Ao combinar um <strong>curr\u00edculo bem elaborado<\/strong> com uma boa <strong>prepara\u00e7\u00e3o para a entrevista<\/strong>, voc\u00ea estar\u00e1 no caminho certo para impressionar os recrutadores e aumentar suas chances de conquistar a vaga dos seus sonhos.\u00a0<\/p>\n<h3 class=\"wp-block-heading\" id=\"Conquiste_sua_vaga_de_emprego_com_a_ajuda_da_Ambev_e_da_Catho\"><strong>Conquiste sua vaga de emprego com a ajuda da Ambev e da Catho<\/strong><\/h3>\n<p>O BORA Empregar \u00e9 uma iniciativa de<strong> inclus\u00e3o produtiva<\/strong> da Ambev, em parceria com a Catho, com o objetivo de conectar pessoas em busca de <strong>vagas de emprego<\/strong> com as <strong>empresas parceiras da Ambev <\/strong>que est\u00e3o buscando profissionais para suas equipes.<\/p>\n<h3 class=\"wp-block-heading\" id=\"Passo_a_passo_para_se_inscrever\"><strong>Passo a passo para se inscrever<\/strong><\/h3>\n<ol class=\"wp-block-list\">\n<li>Acesse o site do Bora Empregar Ambev e Catho;\u00a0<\/li>\n<li>Clique no bot\u00e3o \u201cQuero buscar um emprego\u201d;<\/li>\n<li>Preencha o seu cadastro e curr\u00edculo online no site da Catho;<\/li>\n<li>Confira as vagas abertas na sua regi\u00e3o;<\/li>\n<li>Envie seu curr\u00edculo para quantas oportunidades quiser.<\/li>\n<\/ol>\n<p>\ud83d\udcf2 Conhece algu\u00e9m em busca de emprego? Aproveite e compartilhe esta boa not\u00edcia!<\/p>\n<\/p><\/div>\n<p><br \/>\n<br \/><a href=\"https:\/\/www.catho.com.br\/carreira-sucesso\/especial-bora-empregar-dicas-curriculo-entrevista\/\">Source link <\/a><\/p>\n<div class='code-block code-block-4' style='margin: 8px auto 8px 0; text-align: left; display: block; clear: both;'>\n\ud83d\udce2 Aviso Legal\n\nO site ismaelcolosi.com.br atua apenas como um canal de divulga\u00e7\u00e3o de oportunidades de emprego e n\u00e3o se responsabiliza pelo processo seletivo, contrata\u00e7\u00e3o ou qualquer outra etapa relacionada \u00e0s vagas publicadas. Todas as informa\u00e7\u00f5es s\u00e3o de responsabilidade dos anunciantes.\n\n\u26a0\ufe0f Aten\u00e7\u00e3o! Nunca pague por promessas de emprego nem compre cursos que garantam contrata\u00e7\u00e3o. Desconfie de qualquer cobran\u00e7a para participar de sele\u00e7\u00f5es.\n\n\n\n<\/div>\n<!-- CONTENT END 1 -->\n","protected":false},"excerpt":{"rendered":"<p>Construir um curr\u00edculo eficaz e se preparar para a entrevista de emprego s\u00e3o etapas fundamentais para conquistar uma oportunidade de trabalho, por\u00e9m podem gerar muitas&#8230;<\/p>\n","protected":false},"author":1,"featured_media":64858,"comment_status":"open","ping_status":"open","sticky":false,"template":"","format":"standard","meta":{"_uag_custom_page_level_css":"","advanced_seo_description":"","jetpack_seo_html_title":"","jetpack_seo_noindex":false,"jetpack_post_was_ever_published":false,"_jetpack_newsletter_access":"","_jetpack_dont_email_post_to_subs":false,"_jetpack_newsletter_tier_id":0,"_jetpack_memberships_contains_paywalled_content":false,"_jetpack_memberships_contains_paid_content":false,"footnotes":"","jetpack_publicize_message":"","jetpack_publicize_feature_enabled":true,"jetpack_social_post_already_shared":true,"jetpack_social_options":{"image_generator_settings":{"template":"highway","default_image_id":0,"font":"","enabled":false},"version":2}},"categories":[1964],"tags":[],"class_list":["post-64857","post","type-post","status-publish","format-standard","has-post-thumbnail","hentry","category-carreira-e-sucesso-dicas-para-carreira"],"jetpack_publicize_connections":[],"jetpack_featured_media_url":"https:\/\/i0.wp.com\/ismaelcolosi.com.br\/wp-content\/uploads\/2024\/09\/1725910063_CATHO0001CR015-BLOG2_V1.png?fit=1200%2C627&ssl=1","uagb_featured_image_src":{"full":["https:\/\/i0.wp.com\/ismaelcolosi.com.br\/wp-content\/uploads\/2024\/09\/1725910063_CATHO0001CR015-BLOG2_V1.png?fit=1200%2C627&ssl=1",1200,627,false],"thumbnail":["https:\/\/i0.wp.com\/ismaelcolosi.com.br\/wp-content\/uploads\/2024\/09\/1725910063_CATHO0001CR015-BLOG2_V1.png?resize=150%2C150&ssl=1",150,150,true],"medium":["https:\/\/i0.wp.com\/ismaelcolosi.com.br\/wp-content\/uploads\/2024\/09\/1725910063_CATHO0001CR015-BLOG2_V1.png?fit=300%2C157&ssl=1",300,157,true],"medium_large":["https:\/\/i0.wp.com\/ismaelcolosi.com.br\/wp-content\/uploads\/2024\/09\/1725910063_CATHO0001CR015-BLOG2_V1.png?fit=768%2C401&ssl=1",768,401,true],"large":["https:\/\/i0.wp.com\/ismaelcolosi.com.br\/wp-content\/uploads\/2024\/09\/1725910063_CATHO0001CR015-BLOG2_V1.png?fit=1024%2C535&ssl=1",1024,535,true],"1536x1536":["https:\/\/i0.wp.com\/ismaelcolosi.com.br\/wp-content\/uploads\/2024\/09\/1725910063_CATHO0001CR015-BLOG2_V1.png?fit=1200%2C627&ssl=1",1200,627,true],"2048x2048":["https:\/\/i0.wp.com\/ismaelcolosi.com.br\/wp-content\/uploads\/2024\/09\/1725910063_CATHO0001CR015-BLOG2_V1.png?fit=1200%2C627&ssl=1",1200,627,true],"really-simple-thumb":["https:\/\/i0.wp.com\/ismaelcolosi.com.br\/wp-content\/uploads\/2024\/09\/1725910063_CATHO0001CR015-BLOG2_V1.png?resize=370%2C247&ssl=1",370,247,true]},"uagb_author_info":{"display_name":"ismaelcolosi.com.br","author_link":"https:\/\/ismaelcolosi.com.br\/index.php\/author\/vidareal-online\/"},"uagb_comment_info":0,"uagb_excerpt":"Construir um curr\u00edculo eficaz e se preparar para a entrevista de emprego s\u00e3o etapas fundamentais para conquistar uma oportunidade de trabalho, por\u00e9m podem gerar muitas...","jetpack-related-posts":[{"id":64780,"url":"https:\/\/ismaelcolosi.com.br\/index.php\/2024\/09\/09\/dicas-de-curriculo-e-entrevista-emprego\/","url_meta":{"origin":64857,"position":0},"title":"dicas de curr\u00edculo e entrevista- emprego","author":"ismaelcolosi.com.br","date":"9 de September de 2024","format":false,"excerpt":"Construir um curr\u00edculo eficaz e se preparar para a entrevista de emprego s\u00e3o etapas fundamentais para conquistar uma oportunidade de trabalho, por\u00e9m podem gerar muitas d\u00favidas, especialmente para quem busca o seu primeiro emprego. Neste artigo, abordaremos dicas valiosas para aprimorar seu curr\u00edculo e aumentar suas chances de se destacar\u2026","rel":"","context":"In &quot;Carreira e Sucesso&quot;","block_context":{"text":"Carreira e Sucesso","link":"https:\/\/ismaelcolosi.com.br\/index.php\/category\/carreira-e-sucesso-dicas-para-carreira\/"},"img":{"alt_text":"","src":"https:\/\/i0.wp.com\/ismaelcolosi.com.br\/wp-content\/uploads\/2024\/09\/CATHO0001CR015-BLOG2_V1.png?fit=1200%2C627&ssl=1&resize=350%2C200","width":350,"height":200,"srcset":"https:\/\/i0.wp.com\/ismaelcolosi.com.br\/wp-content\/uploads\/2024\/09\/CATHO0001CR015-BLOG2_V1.png?fit=1200%2C627&ssl=1&resize=350%2C200 1x, https:\/\/i0.wp.com\/ismaelcolosi.com.br\/wp-content\/uploads\/2024\/09\/CATHO0001CR015-BLOG2_V1.png?fit=1200%2C627&ssl=1&resize=525%2C300 1.5x, https:\/\/i0.wp.com\/ismaelcolosi.com.br\/wp-content\/uploads\/2024\/09\/CATHO0001CR015-BLOG2_V1.png?fit=1200%2C627&ssl=1&resize=700%2C400 2x, https:\/\/i0.wp.com\/ismaelcolosi.com.br\/wp-content\/uploads\/2024\/09\/CATHO0001CR015-BLOG2_V1.png?fit=1200%2C627&ssl=1&resize=1050%2C600 3x"},"classes":[]},{"id":13983,"url":"https:\/\/ismaelcolosi.com.br\/index.php\/2023\/12\/11\/confira-9-dicas-para-conseguir-emprego-sem-experiencia-em-2024\/","url_meta":{"origin":64857,"position":1},"title":"Confira 9 dicas para conseguir emprego sem experi\u00eancia em 2024","author":"ismaelcolosi.com.br","date":"11 de December de 2023","format":false,"excerpt":"Procurar um emprego sem experi\u00eancia profissional pode ser um desafio, mas saiba que \u00e9 poss\u00edvel conquistar a t\u00e3o sonhada vaga de trabalho! Por isso, selecionamos nove dicas para voc\u00ea se preparar e ter um perfil profissional competitivo que o mercado espera. Se deseja saber mais sobre o assunto, confira como\u2026","rel":"","context":"In &quot;Carreira e Sucesso&quot;","block_context":{"text":"Carreira e Sucesso","link":"https:\/\/ismaelcolosi.com.br\/index.php\/category\/carreira-e-sucesso-dicas-para-carreira\/"},"img":{"alt_text":"","src":"https:\/\/i0.wp.com\/ismaelcolosi.com.br\/wp-content\/uploads\/2023\/12\/emprego-sem-experiencia.jpg?fit=1200%2C675&ssl=1&resize=350%2C200","width":350,"height":200,"srcset":"https:\/\/i0.wp.com\/ismaelcolosi.com.br\/wp-content\/uploads\/2023\/12\/emprego-sem-experiencia.jpg?fit=1200%2C675&ssl=1&resize=350%2C200 1x, https:\/\/i0.wp.com\/ismaelcolosi.com.br\/wp-content\/uploads\/2023\/12\/emprego-sem-experiencia.jpg?fit=1200%2C675&ssl=1&resize=525%2C300 1.5x, https:\/\/i0.wp.com\/ismaelcolosi.com.br\/wp-content\/uploads\/2023\/12\/emprego-sem-experiencia.jpg?fit=1200%2C675&ssl=1&resize=700%2C400 2x, https:\/\/i0.wp.com\/ismaelcolosi.com.br\/wp-content\/uploads\/2023\/12\/emprego-sem-experiencia.jpg?fit=1200%2C675&ssl=1&resize=1050%2C600 3x"},"classes":[]},{"id":57224,"url":"https:\/\/ismaelcolosi.com.br\/index.php\/2024\/07\/18\/planos-da-catho-para-quem-busca-um-emprego\/","url_meta":{"origin":64857,"position":2},"title":"Planos da Catho para quem busca um emprego","author":"ismaelcolosi.com.br","date":"18 de July de 2024","format":false,"excerpt":"Com mais de 20 anos de mercado e em constante inova\u00e7\u00e3o, a plataforma de vagas de emprego Catho busca sempre trazer solu\u00e7\u00f5es tecnol\u00f3gicas e novos planos para auxiliar, efetivamente, os profissionais que est\u00e3o em busca de oportunidades de trabalho. Descubra os benef\u00edcios e vantagens dos planos da Catho, qual escolher\u2026","rel":"","context":"In &quot;Carreira e Sucesso&quot;","block_context":{"text":"Carreira e Sucesso","link":"https:\/\/ismaelcolosi.com.br\/index.php\/category\/carreira-e-sucesso-dicas-para-carreira\/"},"img":{"alt_text":"","src":"https:\/\/i0.wp.com\/ismaelcolosi.com.br\/wp-content\/uploads\/2024\/07\/planos-catho.jpg?fit=1200%2C675&ssl=1&resize=350%2C200","width":350,"height":200,"srcset":"https:\/\/i0.wp.com\/ismaelcolosi.com.br\/wp-content\/uploads\/2024\/07\/planos-catho.jpg?fit=1200%2C675&ssl=1&resize=350%2C200 1x, https:\/\/i0.wp.com\/ismaelcolosi.com.br\/wp-content\/uploads\/2024\/07\/planos-catho.jpg?fit=1200%2C675&ssl=1&resize=525%2C300 1.5x, https:\/\/i0.wp.com\/ismaelcolosi.com.br\/wp-content\/uploads\/2024\/07\/planos-catho.jpg?fit=1200%2C675&ssl=1&resize=700%2C400 2x, https:\/\/i0.wp.com\/ismaelcolosi.com.br\/wp-content\/uploads\/2024\/07\/planos-catho.jpg?fit=1200%2C675&ssl=1&resize=1050%2C600 3x"},"classes":[]},{"id":43296,"url":"https:\/\/ismaelcolosi.com.br\/index.php\/2024\/03\/20\/objetivo-para-primeiro-emprego-confira-7-dicas-valiosas\/","url_meta":{"origin":64857,"position":3},"title":"Objetivo para primeiro emprego: confira 7 dicas valiosas!","author":"ismaelcolosi.com.br","date":"20 de March de 2024","format":false,"excerpt":"O seu curr\u00edculo pode ser o primeiro contato com a empresa que deseja trabalhar, por isso, \u00e9 importante que o objetivo seja claro e se destaque, principalmente se busca pelo primeiro emprego. Para te auxiliar, selecionamos sete dicas valiosas para escrever um objetivo profissional direto, personalizado e com as informa\u00e7\u00f5es\u2026","rel":"","context":"In &quot;Carreira e Sucesso&quot;","block_context":{"text":"Carreira e Sucesso","link":"https:\/\/ismaelcolosi.com.br\/index.php\/category\/carreira-e-sucesso-dicas-para-carreira\/"},"img":{"alt_text":"","src":"https:\/\/i0.wp.com\/ismaelcolosi.com.br\/wp-content\/uploads\/2024\/03\/objetivo-para-primeiro-emprego.jpg?fit=1200%2C675&ssl=1&resize=350%2C200","width":350,"height":200,"srcset":"https:\/\/i0.wp.com\/ismaelcolosi.com.br\/wp-content\/uploads\/2024\/03\/objetivo-para-primeiro-emprego.jpg?fit=1200%2C675&ssl=1&resize=350%2C200 1x, https:\/\/i0.wp.com\/ismaelcolosi.com.br\/wp-content\/uploads\/2024\/03\/objetivo-para-primeiro-emprego.jpg?fit=1200%2C675&ssl=1&resize=525%2C300 1.5x, https:\/\/i0.wp.com\/ismaelcolosi.com.br\/wp-content\/uploads\/2024\/03\/objetivo-para-primeiro-emprego.jpg?fit=1200%2C675&ssl=1&resize=700%2C400 2x, https:\/\/i0.wp.com\/ismaelcolosi.com.br\/wp-content\/uploads\/2024\/03\/objetivo-para-primeiro-emprego.jpg?fit=1200%2C675&ssl=1&resize=1050%2C600 3x"},"classes":[]},{"id":86027,"url":"https:\/\/ismaelcolosi.com.br\/index.php\/2025\/06\/09\/veja-7-dicas-para-se-dar-bem-na-entrevista-de-emprego\/","url_meta":{"origin":64857,"position":4},"title":"Veja 7 dicas para se dar bem na entrevista de emprego","author":"ismaelcolosi.com.br","date":"9 de June de 2025","format":false,"excerpt":"Conseguir um trabalho no mercado competitivo de hoje exige mais do que um bom curr\u00edculo \u2014 \u00e9 preciso se destacar na entrevista de emprego. Para ajudar voc\u00ea a se preparar, reunimos 10 dicas listadas pela Raquel Carvalho, analista s\u00eanior de recrutamento e sele\u00e7\u00e3o na Companhia de Est\u00e1gios, para aumentar suas\u2026","rel":"","context":"In &quot;Empregos - Classificados&quot;","block_context":{"text":"Empregos - Classificados","link":"https:\/\/ismaelcolosi.com.br\/index.php\/category\/empregos-classificados-vagas-trabalho\/"},"img":{"alt_text":"","src":"","width":0,"height":0},"classes":[]},{"id":47204,"url":"https:\/\/ismaelcolosi.com.br\/index.php\/2024\/04\/25\/saiba-o-porque-voce-nao-e-chamado-para-entrevista-de-emprego\/","url_meta":{"origin":64857,"position":5},"title":"Saiba o porqu\u00ea voc\u00ea n\u00e3o \u00e9 chamado para entrevista de emprego","author":"ismaelcolosi.com.br","date":"25 de April de 2024","format":false,"excerpt":"A busca por um novo cargo pode ser cansativa e, em alguns casos, frustrante. Muitas pessoas se questionam \u201cPor que n\u00e3o sou chamado para\u00a0uma entrevista de emprego?\u201d\u00a0e a falta de feedbacks claros potencializa essa ang\u00fastia. Para auxiliar voc\u00ea nessa jornada, o artigo a seguir explica\u00a0quais s\u00e3o os motivos mais comuns\u2026","rel":"","context":"In &quot;Carreira e Sucesso&quot;","block_context":{"text":"Carreira e Sucesso","link":"https:\/\/ismaelcolosi.com.br\/index.php\/category\/carreira-e-sucesso-dicas-para-carreira\/"},"img":{"alt_text":"","src":"https:\/\/i0.wp.com\/ismaelcolosi.com.br\/wp-content\/uploads\/2024\/04\/Por-que-nao-sou-chamado.png?fit=1201%2C628&ssl=1&resize=350%2C200","width":350,"height":200,"srcset":"https:\/\/i0.wp.com\/ismaelcolosi.com.br\/wp-content\/uploads\/2024\/04\/Por-que-nao-sou-chamado.png?fit=1201%2C628&ssl=1&resize=350%2C200 1x, https:\/\/i0.wp.com\/ismaelcolosi.com.br\/wp-content\/uploads\/2024\/04\/Por-que-nao-sou-chamado.png?fit=1201%2C628&ssl=1&resize=525%2C300 1.5x, https:\/\/i0.wp.com\/ismaelcolosi.com.br\/wp-content\/uploads\/2024\/04\/Por-que-nao-sou-chamado.png?fit=1201%2C628&ssl=1&resize=700%2C400 2x, https:\/\/i0.wp.com\/ismaelcolosi.com.br\/wp-content\/uploads\/2024\/04\/Por-que-nao-sou-chamado.png?fit=1201%2C628&ssl=1&resize=1050%2C600 3x"},"classes":[]}],"jetpack_sharing_enabled":true,"jetpack_shortlink":"https:\/\/wp.me\/pfMlyK-gS5","_links":{"self":[{"href":"https:\/\/ismaelcolosi.com.br\/index.php\/wp-json\/wp\/v2\/posts\/64857","targetHints":{"allow":["GET"]}}],"collection":[{"href":"https:\/\/ismaelcolosi.com.br\/index.php\/wp-json\/wp\/v2\/posts"}],"about":[{"href":"https:\/\/ismaelcolosi.com.br\/index.php\/wp-json\/wp\/v2\/types\/post"}],"author":[{"embeddable":true,"href":"https:\/\/ismaelcolosi.com.br\/index.php\/wp-json\/wp\/v2\/users\/1"}],"replies":[{"embeddable":true,"href":"https:\/\/ismaelcolosi.com.br\/index.php\/wp-json\/wp\/v2\/comments?post=64857"}],"version-history":[{"count":0,"href":"https:\/\/ismaelcolosi.com.br\/index.php\/wp-json\/wp\/v2\/posts\/64857\/revisions"}],"wp:featuredmedia":[{"embeddable":true,"href":"https:\/\/ismaelcolosi.com.br\/index.php\/wp-json\/wp\/v2\/media\/64858"}],"wp:attachment":[{"href":"https:\/\/ismaelcolosi.com.br\/index.php\/wp-json\/wp\/v2\/media?parent=64857"}],"wp:term":[{"taxonomy":"category","embeddable":true,"href":"https:\/\/ismaelcolosi.com.br\/index.php\/wp-json\/wp\/v2\/categories?post=64857"},{"taxonomy":"post_tag","embeddable":true,"href":"https:\/\/ismaelcolosi.com.br\/index.php\/wp-json\/wp\/v2\/tags?post=64857"}],"curies":[{"name":"wp","href":"https:\/\/api.w.org\/{rel}","templated":true}]}}